{"id":26893,"date":"2026-01-25T16:42:19","date_gmt":"2026-01-25T16:42:19","guid":{"rendered":"https:\/\/www.latribunedufaso.net\/?p=26893"},"modified":"2026-01-25T16:42:19","modified_gmt":"2026-01-25T16:42:19","slug":"salon-des-mines-et-des-hydrocarbures-du-tchad-le-burkina-faso-recoit-un-trophee-de-reconnaissance","status":"publish","type":"post","link":"https:\/\/www.latribunedufaso.net\/?p=26893","title":{"rendered":"Salon des mines et des hydrocarbures du Tchad : Le Burkina Faso re\u00e7oit un troph\u00e9e de reconnaissance"},"content":{"rendered":"<p><span style=\"font-size: 1.0625rem;\">\u200e<\/span><strong>La premi\u00e8re \u00e9dition du Salon international des mines, des carri\u00e8res et des hydrocarbures du Tchad s\u2019est tenue du 21 au 23 janvier 2026 \u00e0 N\u2019Djamena, sous le th\u00e8me <em>\u00ab Industries extractives : relever les d\u00e9fis de la Vision 2030 \u00bb<\/em>. Cet \u00e9v\u00e9nement a connu la participation du Burkina Faso, qui a partag\u00e9 son exp\u00e9rience lors des panels th\u00e9matiques, des tables rondes et des sessions techniques, confirmant son engagement en faveur d\u2019un secteur extractif africain int\u00e9gr\u00e9 et innovant.<\/strong><!--more--><\/p>\n<p>\u200eLe Burkina Faso repr\u00e9sent\u00e9 par une d\u00e9l\u00e9gation du Minist\u00e8re de l\u2019\u00c9nergie, des Mines et des Carri\u00e8res, a pris part aux diff\u00e9rentes activit\u00e9s du Salon des mines, des carri\u00e8res et des hydrocarbures (SEMICA Tchad 2026), notamment aux sessions techniques et aux rencontres de haut niveau consacr\u00e9es \u00e0 l\u2019avenir des industries extractives en Afrique. Les \u00e9changes ont port\u00e9 sur les d\u00e9fis r\u00e9glementaires, financiers et technologiques, ainsi que sur les perspectives de coop\u00e9ration r\u00e9gionale et continentale entre \u00c9tats et acteurs du secteur priv\u00e9.<\/p>\n<figure id=\"attachment_26901\" aria-describedby=\"caption-attachment-26901\" style=\"width: 2048px\" class=\"wp-caption aligncenter\"><a href=\"https:\/\/www.latribunedufaso.net\/wp-content\/uploads\/2026\/01\/FB_IMG_1769357660569.jpg\"><img loading=\"lazy\" decoding=\"async\" class=\"size-full wp-image-26901\" src=\"https:\/\/www.latribunedufaso.net\/wp-content\/uploads\/2026\/01\/FB_IMG_1769357660569.jpg\" alt=\"Le Burkina Faso a particip\u00e9 \u00e0 la premi\u00e8re \u00e9dition du Salon international des mines, des carri\u00e8res et des hydrocarbures du Tchad s\u2019est tenue du 21 au 23 janvier 2026\" width=\"2048\" height=\"1365\" srcset=\"https:\/\/www.latribunedufaso.net\/wp-content\/uploads\/2026\/01\/FB_IMG_1769357660569.jpg 2048w, https:\/\/www.latribunedufaso.net\/wp-content\/uploads\/2026\/01\/FB_IMG_1769357660569-300x200.jpg 300w, https:\/\/www.latribunedufaso.net\/wp-content\/uploads\/2026\/01\/FB_IMG_1769357660569-1024x683.jpg 1024w, https:\/\/www.latribunedufaso.net\/wp-content\/uploads\/2026\/01\/FB_IMG_1769357660569-768x512.jpg 768w, https:\/\/www.latribunedufaso.net\/wp-content\/uploads\/2026\/01\/FB_IMG_1769357660569-1536x1024.jpg 1536w, https:\/\/www.latribunedufaso.net\/wp-content\/uploads\/2026\/01\/FB_IMG_1769357660569-840x560.jpg 840w, https:\/\/www.latribunedufaso.net\/wp-content\/uploads\/2026\/01\/FB_IMG_1769357660569-120x80.jpg 120w, https:\/\/www.latribunedufaso.net\/wp-content\/uploads\/2026\/01\/FB_IMG_1769357660569-360x240.jpg 360w, https:\/\/www.latribunedufaso.net\/wp-content\/uploads\/2026\/01\/FB_IMG_1769357660569-600x400.jpg 600w\" sizes=\"auto, (max-width: 2048px) 100vw, 2048px\" \/><\/a><figcaption id=\"caption-attachment-26901\" class=\"wp-caption-text\">Une vue de la d\u00e9l\u00e9gation burkinab\u00e8 lors de la c\u00e9r\u00e9monie de cl\u00f4ture du SEMICA Tchad &#8211; Ph. DR<\/figcaption><\/figure>\n<p>\u200eAu cours des discussions, la d\u00e9l\u00e9gation burkinab\u00e8 a mis en avant la n\u00e9cessit\u00e9 d\u2019une harmonisation des cadres juridiques et du renforcement de la coop\u00e9ration r\u00e9gionale. Les sessions techniques ont \u00e9galement permis d\u2019aborder des th\u00e9matiques li\u00e9es \u00e0 la recherche, \u00e0 la formation, \u00e0 la l\u00e9gislation, \u00e0 l\u2019employabilit\u00e9 des jeunes et \u00e0 l\u2019ad\u00e9quation entre les formations acad\u00e9miques et les besoins du secteur extractif.<\/p>\n<figure id=\"attachment_26899\" aria-describedby=\"caption-attachment-26899\" style=\"width: 2048px\" class=\"wp-caption aligncenter\"><a href=\"https:\/\/www.latribunedufaso.net\/wp-content\/uploads\/2026\/01\/FB_IMG_1769357746704.jpg\"><img loading=\"lazy\" decoding=\"async\" class=\"size-full wp-image-26899\" src=\"https:\/\/www.latribunedufaso.net\/wp-content\/uploads\/2026\/01\/FB_IMG_1769357746704.jpg\" alt=\"Le Burkina Faso a particip\u00e9 \u00e0 la premi\u00e8re \u00e9dition du Salon international des mines, des carri\u00e8res et des hydrocarbures du Tchad s\u2019est tenue du 21 au 23 janvier 2026\" width=\"2048\" height=\"1217\" srcset=\"https:\/\/www.latribunedufaso.net\/wp-content\/uploads\/2026\/01\/FB_IMG_1769357746704.jpg 2048w, https:\/\/www.latribunedufaso.net\/wp-content\/uploads\/2026\/01\/FB_IMG_1769357746704-300x178.jpg 300w, https:\/\/www.latribunedufaso.net\/wp-content\/uploads\/2026\/01\/FB_IMG_1769357746704-1024x609.jpg 1024w, https:\/\/www.latribunedufaso.net\/wp-content\/uploads\/2026\/01\/FB_IMG_1769357746704-768x456.jpg 768w, https:\/\/www.latribunedufaso.net\/wp-content\/uploads\/2026\/01\/FB_IMG_1769357746704-1536x913.jpg 1536w\" sizes=\"auto, (max-width: 2048px) 100vw, 2048px\" \/><\/a><figcaption id=\"caption-attachment-26899\" class=\"wp-caption-text\">La c\u00e9r\u00e9monie de cl\u00f4ture a \u00e9t\u00e9 pr\u00e9sid\u00e9 par le ministre du P\u00e9trole, des Mines et de la G\u00e9ologie, Ndolenodji Alixe Naimbaye (centre) &#8211; Ph. DR<\/figcaption><\/figure>\n<p>\u200eLes activit\u00e9s du SEMICA Tchad 2026 ont pris fin le jeudi 22 janvier 2026. Dans son discours de cl\u00f4ture, la ministre du P\u00e9trole, des Mines et de la G\u00e9ologie, Ndolenodji Alixe Naimbaye, a r\u00e9affirm\u00e9 la volont\u00e9 des autorit\u00e9s tchadiennes de faire des industries extractives un levier de d\u00e9veloppement durable, conform\u00e9ment aux objectifs de la Vision 2030.<\/p>\n<blockquote>\n<p>Lire aussi &gt;&gt; <a href=\"https:\/\/www.latribunedufaso.net\/?p=23871\">SAMAO 2025 : Plus d\u2019une trentaine de participants d\u00e9couvrent la r\u00e9habilitation des sites miniers \u00e0 Sanbrado<\/a><\/p>\n<\/blockquote>\n<p>\u200eLa soir\u00e9e de distinction a permis de reconna\u00eetre l\u2019engagement des partenaires, investisseurs et d\u00e9l\u00e9gations ayant contribu\u00e9 aux \u00e9changes du salon. \u00c0 cette occasion, le Burkina Faso a re\u00e7u un troph\u00e9e en reconnaissance de la qualit\u00e9 de sa participation. Le ministre Conseiller sp\u00e9cial du Pr\u00e9sident du Faso, charg\u00e9 des questions mini\u00e8res et des ressources naturelles, Nicolas Kagambega, a exprim\u00e9 sa reconnaissance et indiqu\u00e9 qu\u2019il transmettrait cette distinction aux autorit\u00e9s comp\u00e9tentes.<\/p>\n<p><strong>Latribunedufaso.net<\/strong><\/p>\n<p><strong>\u200eSource : Direction de la Communication et des Relations Presse<\/strong><\/p>\n<figure id=\"attachment_26898\" aria-describedby=\"caption-attachment-26898\" style=\"width: 2048px\" class=\"wp-caption aligncenter\"><a href=\"https:\/\/www.latribunedufaso.net\/wp-content\/uploads\/2026\/01\/FB_IMG_1769357800115.jpg\"><img loading=\"lazy\" decoding=\"async\" class=\"size-full wp-image-26898\" src=\"https:\/\/www.latribunedufaso.net\/wp-content\/uploads\/2026\/01\/FB_IMG_1769357800115.jpg\" alt=\"Le Burkina Faso a particip\u00e9 \u00e0 la premi\u00e8re \u00e9dition du Salon international des mines, des carri\u00e8res et des hydrocarbures du Tchad s\u2019est tenue du 21 au 23 janvier 2026\" width=\"2048\" height=\"1365\" srcset=\"https:\/\/www.latribunedufaso.net\/wp-content\/uploads\/2026\/01\/FB_IMG_1769357800115.jpg 2048w, https:\/\/www.latribunedufaso.net\/wp-content\/uploads\/2026\/01\/FB_IMG_1769357800115-300x200.jpg 300w, https:\/\/www.latribunedufaso.net\/wp-content\/uploads\/2026\/01\/FB_IMG_1769357800115-1024x683.jpg 1024w, https:\/\/www.latribunedufaso.net\/wp-content\/uploads\/2026\/01\/FB_IMG_1769357800115-768x512.jpg 768w, https:\/\/www.latribunedufaso.net\/wp-content\/uploads\/2026\/01\/FB_IMG_1769357800115-1536x1024.jpg 1536w, https:\/\/www.latribunedufaso.net\/wp-content\/uploads\/2026\/01\/FB_IMG_1769357800115-840x560.jpg 840w, https:\/\/www.latribunedufaso.net\/wp-content\/uploads\/2026\/01\/FB_IMG_1769357800115-120x80.jpg 120w, https:\/\/www.latribunedufaso.net\/wp-content\/uploads\/2026\/01\/FB_IMG_1769357800115-360x240.jpg 360w, https:\/\/www.latribunedufaso.net\/wp-content\/uploads\/2026\/01\/FB_IMG_1769357800115-600x400.jpg 600w\" sizes=\"auto, (max-width: 2048px) 100vw, 2048px\" \/><\/a><figcaption id=\"caption-attachment-26898\" class=\"wp-caption-text\">Photo de la d\u00e9l\u00e9gation burkinab\u00e8 avec le troph\u00e9e de reconnaissance &#8211; Ph. DR<\/figcaption><\/figure>\n<p><a href=\"https:\/\/www.latribunedufaso.net\/wp-content\/uploads\/2026\/01\/FB_IMG_1769357685922.jpg\"><img loading=\"lazy\" decoding=\"async\" class=\"aligncenter size-full wp-image-26900\" src=\"https:\/\/www.latribunedufaso.net\/wp-content\/uploads\/2026\/01\/FB_IMG_1769357685922.jpg\" alt=\"Le Burkina Faso a particip\u00e9 \u00e0 la premi\u00e8re \u00e9dition du Salon international des mines, des carri\u00e8res et des hydrocarbures du Tchad s\u2019est tenue du 21 au 23 janvier 2026\" width=\"2048\" height=\"1365\" srcset=\"https:\/\/www.latribunedufaso.net\/wp-content\/uploads\/2026\/01\/FB_IMG_1769357685922.jpg 2048w, https:\/\/www.latribunedufaso.net\/wp-content\/uploads\/2026\/01\/FB_IMG_1769357685922-300x200.jpg 300w, https:\/\/www.latribunedufaso.net\/wp-content\/uploads\/2026\/01\/FB_IMG_1769357685922-1024x683.jpg 1024w, https:\/\/www.latribunedufaso.net\/wp-content\/uploads\/2026\/01\/FB_IMG_1769357685922-768x512.jpg 768w, https:\/\/www.latribunedufaso.net\/wp-content\/uploads\/2026\/01\/FB_IMG_1769357685922-1536x1024.jpg 1536w, https:\/\/www.latribunedufaso.net\/wp-content\/uploads\/2026\/01\/FB_IMG_1769357685922-840x560.jpg 840w, https:\/\/www.latribunedufaso.net\/wp-content\/uploads\/2026\/01\/FB_IMG_1769357685922-120x80.jpg 120w, https:\/\/www.latribunedufaso.net\/wp-content\/uploads\/2026\/01\/FB_IMG_1769357685922-360x240.jpg 360w, https:\/\/www.latribunedufaso.net\/wp-content\/uploads\/2026\/01\/FB_IMG_1769357685922-600x400.jpg 600w\" sizes=\"auto, (max-width: 2048px) 100vw, 2048px\" \/><\/a><\/p>\n","protected":false},"excerpt":{"rendered":"<p>\u200eLa premi\u00e8re \u00e9dition du Salon international des mines, des carri\u00e8res et des hydrocarbures du Tchad s\u2019est tenue du 21 au 23 janvier 2026 \u00e0 N\u2019Djamena, sous le th\u00e8me \u00ab Industries extractives : relever les d\u00e9fis de la Vision 2030 \u00bb. Cet \u00e9v\u00e9nement a connu la participation du Burkina Faso, qui a partag\u00e9 son exp\u00e9rience lors des panels th\u00e9matiques, des tables rondes et des sessions techniques, confirmant son engagement en faveur d\u2019un secteur extractif africain int\u00e9gr\u00e9 et innovant.<\/p>\n","protected":false},"author":5,"featured_media":26897,"comment_status":"open","ping_status":"open","sticky":false,"template":"","format":"standard","meta":{"footnotes":""},"categories":[13,1,20,19],"tags":[39,52,1945,1946],"class_list":["post-26893","post","type-post","status-publish","format-standard","has-post-thumbnail","hentry","category-une","category-actu","category-energie","category-mines-et-carrieres","tag-latribunedufaso-net","tag-mines-et-carrieres","tag-salon-des-mines-et-des-hydrocarbures-du-tchad","tag-semica-tchad"],"yoast_head":"<!-- This site is optimized with the Yoast SEO plugin v27.5 - https:\/\/yoast.com\/product\/yoast-seo-wordpress\/ -->\n<title>Salon des mines et des hydrocarbures du Tchad : Le Burkina Faso re\u00e7oit un troph\u00e9e de reconnaissance - La Tribune du Faso<\/title>\n<meta name=\"robots\" content=\"index, follow, max-snippet:-1, max-image-preview:large, max-video-preview:-1\" \/>\n<link rel=\"canonical\" href=\"https:\/\/www.latribunedufaso.net\/?p=26893\" \/>\n<meta property=\"og:locale\" content=\"fr_FR\" \/>\n<meta property=\"og:type\" content=\"article\" \/>\n<meta property=\"og:title\" content=\"Salon des mines et des hydrocarbures du Tchad : Le Burkina Faso re\u00e7oit un troph\u00e9e de reconnaissance - La Tribune du Faso\" \/>\n<meta property=\"og:description\" content=\"\u200eLa premi\u00e8re \u00e9dition du Salon international des mines, des carri\u00e8res et des hydrocarbures du Tchad s\u2019est tenue du 21 au 23 janvier 2026 \u00e0 N\u2019Djamena, sous le th\u00e8me \u00ab Industries extractives : relever les d\u00e9fis de la Vision 2030 \u00bb. Cet \u00e9v\u00e9nement a connu la participation du Burkina Faso, qui a partag\u00e9 son exp\u00e9rience lors des panels th\u00e9matiques, des tables rondes et des sessions techniques, confirmant son engagement en faveur d\u2019un secteur extractif africain int\u00e9gr\u00e9 et innovant.\" \/>\n<meta property=\"og:url\" content=\"https:\/\/www.latribunedufaso.net\/?p=26893\" \/>\n<meta property=\"og:site_name\" content=\"La Tribune du Faso\" \/>\n<meta property=\"article:publisher\" content=\"https:\/\/www.facebook.com\/LatribuneduFaso\/\" \/>\n<meta property=\"article:published_time\" content=\"2026-01-25T16:42:19+00:00\" \/>\n<meta property=\"og:image\" content=\"https:\/\/www.latribunedufaso.net\/wp-content\/uploads\/2026\/01\/FB_IMG_1769357773903.jpg\" \/>\n\t<meta property=\"og:image:width\" content=\"2048\" \/>\n\t<meta property=\"og:image:height\" content=\"1503\" \/>\n\t<meta property=\"og:image:type\" content=\"image\/jpeg\" \/>\n<meta name=\"author\" content=\"Issouf Tapsoba\" \/>\n<meta name=\"twitter:label1\" content=\"\u00c9crit par\" \/>\n\t<meta name=\"twitter:data1\" content=\"Issouf Tapsoba\" \/>\n\t<meta name=\"twitter:label2\" content=\"Dur\u00e9e de lecture estim\u00e9e\" \/>\n\t<meta name=\"twitter:data2\" content=\"4 minutes\" \/>\n<script type=\"application\/ld+json\" class=\"yoast-schema-graph\">{\"@context\":\"https:\\\/\\\/schema.org\",\"@graph\":[{\"@type\":\"Article\",\"@id\":\"https:\\\/\\\/www.latribunedufaso.net\\\/?p=26893#article\",\"isPartOf\":{\"@id\":\"https:\\\/\\\/www.latribunedufaso.net\\\/?p=26893\"},\"author\":{\"name\":\"Issouf Tapsoba\",\"@id\":\"https:\\\/\\\/www.latribunedufaso.net\\\/#\\\/schema\\\/person\\\/e54e64c5778a7e72cf80a318b7a622b0\"},\"headline\":\"Salon des mines et des hydrocarbures du Tchad : Le Burkina Faso re\u00e7oit un troph\u00e9e de reconnaissance\",\"datePublished\":\"2026-01-25T16:42:19+00:00\",\"mainEntityOfPage\":{\"@id\":\"https:\\\/\\\/www.latribunedufaso.net\\\/?p=26893\"},\"wordCount\":524,\"commentCount\":0,\"publisher\":{\"@id\":\"https:\\\/\\\/www.latribunedufaso.net\\\/#organization\"},\"image\":{\"@id\":\"https:\\\/\\\/www.latribunedufaso.net\\\/?p=26893#primaryimage\"},\"thumbnailUrl\":\"https:\\\/\\\/www.latribunedufaso.net\\\/wp-content\\\/uploads\\\/2026\\\/01\\\/FB_IMG_1769357773903.jpg\",\"keywords\":[\"latribunedufaso.net\",\"mines et carri\u00e8res\",\"Salon des mines et des hydrocarbures du Tchad\",\"SEMICA Tchad\"],\"articleSection\":[\"A la une\",\"Actualit\u00e9\",\"Energie\",\"Mines et Carri\u00e8res\"],\"inLanguage\":\"fr-FR\",\"potentialAction\":[{\"@type\":\"CommentAction\",\"name\":\"Comment\",\"target\":[\"https:\\\/\\\/www.latribunedufaso.net\\\/?p=26893#respond\"]}]},{\"@type\":\"WebPage\",\"@id\":\"https:\\\/\\\/www.latribunedufaso.net\\\/?p=26893\",\"url\":\"https:\\\/\\\/www.latribunedufaso.net\\\/?p=26893\",\"name\":\"Salon des mines et des hydrocarbures du Tchad : Le Burkina Faso re\u00e7oit un troph\u00e9e de reconnaissance - La Tribune du Faso\",\"isPartOf\":{\"@id\":\"https:\\\/\\\/www.latribunedufaso.net\\\/#website\"},\"primaryImageOfPage\":{\"@id\":\"https:\\\/\\\/www.latribunedufaso.net\\\/?p=26893#primaryimage\"},\"image\":{\"@id\":\"https:\\\/\\\/www.latribunedufaso.net\\\/?p=26893#primaryimage\"},\"thumbnailUrl\":\"https:\\\/\\\/www.latribunedufaso.net\\\/wp-content\\\/uploads\\\/2026\\\/01\\\/FB_IMG_1769357773903.jpg\",\"datePublished\":\"2026-01-25T16:42:19+00:00\",\"breadcrumb\":{\"@id\":\"https:\\\/\\\/www.latribunedufaso.net\\\/?p=26893#breadcrumb\"},\"inLanguage\":\"fr-FR\",\"potentialAction\":[{\"@type\":\"ReadAction\",\"target\":[\"https:\\\/\\\/www.latribunedufaso.net\\\/?p=26893\"]}]},{\"@type\":\"ImageObject\",\"inLanguage\":\"fr-FR\",\"@id\":\"https:\\\/\\\/www.latribunedufaso.net\\\/?p=26893#primaryimage\",\"url\":\"https:\\\/\\\/www.latribunedufaso.net\\\/wp-content\\\/uploads\\\/2026\\\/01\\\/FB_IMG_1769357773903.jpg\",\"contentUrl\":\"https:\\\/\\\/www.latribunedufaso.net\\\/wp-content\\\/uploads\\\/2026\\\/01\\\/FB_IMG_1769357773903.jpg\",\"width\":2048,\"height\":1503,\"caption\":\"Le Burkina Faso a particip\u00e9 \u00e0 la premi\u00e8re \u00e9dition du Salon international des mines, des carri\u00e8res et des hydrocarbures du Tchad s\u2019est tenue du 21 au 23 janvier 2026\"},{\"@type\":\"BreadcrumbList\",\"@id\":\"https:\\\/\\\/www.latribunedufaso.net\\\/?p=26893#breadcrumb\",\"itemListElement\":[{\"@type\":\"ListItem\",\"position\":1,\"name\":\"Accueil\",\"item\":\"https:\\\/\\\/www.latribunedufaso.net\\\/\"},{\"@type\":\"ListItem\",\"position\":2,\"name\":\"Salon des mines et des hydrocarbures du Tchad : Le Burkina Faso re\u00e7oit un troph\u00e9e de reconnaissance\"}]},{\"@type\":\"WebSite\",\"@id\":\"https:\\\/\\\/www.latribunedufaso.net\\\/#website\",\"url\":\"https:\\\/\\\/www.latribunedufaso.net\\\/\",\"name\":\"La Tribune du Faso\",\"description\":\"L&#039;information du monde rural en un clic\",\"publisher\":{\"@id\":\"https:\\\/\\\/www.latribunedufaso.net\\\/#organization\"},\"potentialAction\":[{\"@type\":\"SearchAction\",\"target\":{\"@type\":\"EntryPoint\",\"urlTemplate\":\"https:\\\/\\\/www.latribunedufaso.net\\\/?s={search_term_string}\"},\"query-input\":{\"@type\":\"PropertyValueSpecification\",\"valueRequired\":true,\"valueName\":\"search_term_string\"}}],\"inLanguage\":\"fr-FR\"},{\"@type\":\"Organization\",\"@id\":\"https:\\\/\\\/www.latribunedufaso.net\\\/#organization\",\"name\":\"La Tribune du Faso\",\"url\":\"https:\\\/\\\/www.latribunedufaso.net\\\/\",\"logo\":{\"@type\":\"ImageObject\",\"inLanguage\":\"fr-FR\",\"@id\":\"https:\\\/\\\/www.latribunedufaso.net\\\/#\\\/schema\\\/logo\\\/image\\\/\",\"url\":\"https:\\\/\\\/www.latribunedufaso.net\\\/wp-content\\\/uploads\\\/2020\\\/08\\\/Logo-Tribune-du-Faso-final-scaled.jpg\",\"contentUrl\":\"https:\\\/\\\/www.latribunedufaso.net\\\/wp-content\\\/uploads\\\/2020\\\/08\\\/Logo-Tribune-du-Faso-final-scaled.jpg\",\"width\":2560,\"height\":1856,\"caption\":\"La Tribune du Faso\"},\"image\":{\"@id\":\"https:\\\/\\\/www.latribunedufaso.net\\\/#\\\/schema\\\/logo\\\/image\\\/\"},\"sameAs\":[\"https:\\\/\\\/www.facebook.com\\\/LatribuneduFaso\\\/\"]},{\"@type\":\"Person\",\"@id\":\"https:\\\/\\\/www.latribunedufaso.net\\\/#\\\/schema\\\/person\\\/e54e64c5778a7e72cf80a318b7a622b0\",\"name\":\"Issouf Tapsoba\",\"image\":{\"@type\":\"ImageObject\",\"inLanguage\":\"fr-FR\",\"@id\":\"https:\\\/\\\/secure.gravatar.com\\\/avatar\\\/5e6c05150ce3230247d167f5b94d678eb05936197436d69b7921e3a95c9107ac?s=96&d=mm&r=g\",\"url\":\"https:\\\/\\\/secure.gravatar.com\\\/avatar\\\/5e6c05150ce3230247d167f5b94d678eb05936197436d69b7921e3a95c9107ac?s=96&d=mm&r=g\",\"contentUrl\":\"https:\\\/\\\/secure.gravatar.com\\\/avatar\\\/5e6c05150ce3230247d167f5b94d678eb05936197436d69b7921e3a95c9107ac?s=96&d=mm&r=g\",\"caption\":\"Issouf Tapsoba\"},\"url\":\"https:\\\/\\\/www.latribunedufaso.net\\\/?author=5\"}]}<\/script>\n<!-- \/ Yoast SEO plugin. -->","yoast_head_json":{"title":"Salon des mines et des hydrocarbures du Tchad : Le Burkina Faso re\u00e7oit un troph\u00e9e de reconnaissance - La Tribune du Faso","robots":{"index":"index","follow":"follow","max-snippet":"max-snippet:-1","max-image-preview":"max-image-preview:large","max-video-preview":"max-video-preview:-1"},"canonical":"https:\/\/www.latribunedufaso.net\/?p=26893","og_locale":"fr_FR","og_type":"article","og_title":"Salon des mines et des hydrocarbures du Tchad : Le Burkina Faso re\u00e7oit un troph\u00e9e de reconnaissance - La Tribune du Faso","og_description":"\u200eLa premi\u00e8re \u00e9dition du Salon international des mines, des carri\u00e8res et des hydrocarbures du Tchad s\u2019est tenue du 21 au 23 janvier 2026 \u00e0 N\u2019Djamena, sous le th\u00e8me \u00ab Industries extractives : relever les d\u00e9fis de la Vision 2030 \u00bb. Cet \u00e9v\u00e9nement a connu la participation du Burkina Faso, qui a partag\u00e9 son exp\u00e9rience lors des panels th\u00e9matiques, des tables rondes et des sessions techniques, confirmant son engagement en faveur d\u2019un secteur extractif africain int\u00e9gr\u00e9 et innovant.","og_url":"https:\/\/www.latribunedufaso.net\/?p=26893","og_site_name":"La Tribune du Faso","article_publisher":"https:\/\/www.facebook.com\/LatribuneduFaso\/","article_published_time":"2026-01-25T16:42:19+00:00","og_image":[{"width":2048,"height":1503,"url":"https:\/\/www.latribunedufaso.net\/wp-content\/uploads\/2026\/01\/FB_IMG_1769357773903.jpg","type":"image\/jpeg"}],"author":"Issouf Tapsoba","twitter_misc":{"\u00c9crit par":"Issouf Tapsoba","Dur\u00e9e de lecture estim\u00e9e":"4 minutes"},"schema":{"@context":"https:\/\/schema.org","@graph":[{"@type":"Article","@id":"https:\/\/www.latribunedufaso.net\/?p=26893#article","isPartOf":{"@id":"https:\/\/www.latribunedufaso.net\/?p=26893"},"author":{"name":"Issouf Tapsoba","@id":"https:\/\/www.latribunedufaso.net\/#\/schema\/person\/e54e64c5778a7e72cf80a318b7a622b0"},"headline":"Salon des mines et des hydrocarbures du Tchad : Le Burkina Faso re\u00e7oit un troph\u00e9e de reconnaissance","datePublished":"2026-01-25T16:42:19+00:00","mainEntityOfPage":{"@id":"https:\/\/www.latribunedufaso.net\/?p=26893"},"wordCount":524,"commentCount":0,"publisher":{"@id":"https:\/\/www.latribunedufaso.net\/#organization"},"image":{"@id":"https:\/\/www.latribunedufaso.net\/?p=26893#primaryimage"},"thumbnailUrl":"https:\/\/www.latribunedufaso.net\/wp-content\/uploads\/2026\/01\/FB_IMG_1769357773903.jpg","keywords":["latribunedufaso.net","mines et carri\u00e8res","Salon des mines et des hydrocarbures du Tchad","SEMICA Tchad"],"articleSection":["A la une","Actualit\u00e9","Energie","Mines et Carri\u00e8res"],"inLanguage":"fr-FR","potentialAction":[{"@type":"CommentAction","name":"Comment","target":["https:\/\/www.latribunedufaso.net\/?p=26893#respond"]}]},{"@type":"WebPage","@id":"https:\/\/www.latribunedufaso.net\/?p=26893","url":"https:\/\/www.latribunedufaso.net\/?p=26893","name":"Salon des mines et des hydrocarbures du Tchad : Le Burkina Faso re\u00e7oit un troph\u00e9e de reconnaissance - La Tribune du Faso","isPartOf":{"@id":"https:\/\/www.latribunedufaso.net\/#website"},"primaryImageOfPage":{"@id":"https:\/\/www.latribunedufaso.net\/?p=26893#primaryimage"},"image":{"@id":"https:\/\/www.latribunedufaso.net\/?p=26893#primaryimage"},"thumbnailUrl":"https:\/\/www.latribunedufaso.net\/wp-content\/uploads\/2026\/01\/FB_IMG_1769357773903.jpg","datePublished":"2026-01-25T16:42:19+00:00","breadcrumb":{"@id":"https:\/\/www.latribunedufaso.net\/?p=26893#breadcrumb"},"inLanguage":"fr-FR","potentialAction":[{"@type":"ReadAction","target":["https:\/\/www.latribunedufaso.net\/?p=26893"]}]},{"@type":"ImageObject","inLanguage":"fr-FR","@id":"https:\/\/www.latribunedufaso.net\/?p=26893#primaryimage","url":"https:\/\/www.latribunedufaso.net\/wp-content\/uploads\/2026\/01\/FB_IMG_1769357773903.jpg","contentUrl":"https:\/\/www.latribunedufaso.net\/wp-content\/uploads\/2026\/01\/FB_IMG_1769357773903.jpg","width":2048,"height":1503,"caption":"Le Burkina Faso a particip\u00e9 \u00e0 la premi\u00e8re \u00e9dition du Salon international des mines, des carri\u00e8res et des hydrocarbures du Tchad s\u2019est tenue du 21 au 23 janvier 2026"},{"@type":"BreadcrumbList","@id":"https:\/\/www.latribunedufaso.net\/?p=26893#breadcrumb","itemListElement":[{"@type":"ListItem","position":1,"name":"Accueil","item":"https:\/\/www.latribunedufaso.net\/"},{"@type":"ListItem","position":2,"name":"Salon des mines et des hydrocarbures du Tchad : Le Burkina Faso re\u00e7oit un troph\u00e9e de reconnaissance"}]},{"@type":"WebSite","@id":"https:\/\/www.latribunedufaso.net\/#website","url":"https:\/\/www.latribunedufaso.net\/","name":"La Tribune du Faso","description":"L&#039;information du monde rural en un clic","publisher":{"@id":"https:\/\/www.latribunedufaso.net\/#organization"},"potentialAction":[{"@type":"SearchAction","target":{"@type":"EntryPoint","urlTemplate":"https:\/\/www.latribunedufaso.net\/?s={search_term_string}"},"query-input":{"@type":"PropertyValueSpecification","valueRequired":true,"valueName":"search_term_string"}}],"inLanguage":"fr-FR"},{"@type":"Organization","@id":"https:\/\/www.latribunedufaso.net\/#organization","name":"La Tribune du Faso","url":"https:\/\/www.latribunedufaso.net\/","logo":{"@type":"ImageObject","inLanguage":"fr-FR","@id":"https:\/\/www.latribunedufaso.net\/#\/schema\/logo\/image\/","url":"https:\/\/www.latribunedufaso.net\/wp-content\/uploads\/2020\/08\/Logo-Tribune-du-Faso-final-scaled.jpg","contentUrl":"https:\/\/www.latribunedufaso.net\/wp-content\/uploads\/2020\/08\/Logo-Tribune-du-Faso-final-scaled.jpg","width":2560,"height":1856,"caption":"La Tribune du Faso"},"image":{"@id":"https:\/\/www.latribunedufaso.net\/#\/schema\/logo\/image\/"},"sameAs":["https:\/\/www.facebook.com\/LatribuneduFaso\/"]},{"@type":"Person","@id":"https:\/\/www.latribunedufaso.net\/#\/schema\/person\/e54e64c5778a7e72cf80a318b7a622b0","name":"Issouf Tapsoba","image":{"@type":"ImageObject","inLanguage":"fr-FR","@id":"https:\/\/secure.gravatar.com\/avatar\/5e6c05150ce3230247d167f5b94d678eb05936197436d69b7921e3a95c9107ac?s=96&d=mm&r=g","url":"https:\/\/secure.gravatar.com\/avatar\/5e6c05150ce3230247d167f5b94d678eb05936197436d69b7921e3a95c9107ac?s=96&d=mm&r=g","contentUrl":"https:\/\/secure.gravatar.com\/avatar\/5e6c05150ce3230247d167f5b94d678eb05936197436d69b7921e3a95c9107ac?s=96&d=mm&r=g","caption":"Issouf Tapsoba"},"url":"https:\/\/www.latribunedufaso.net\/?author=5"}]}},"_links":{"self":[{"href":"https:\/\/www.latribunedufaso.net\/index.php?rest_route=\/wp\/v2\/posts\/26893","targetHints":{"allow":["GET"]}}],"collection":[{"href":"https:\/\/www.latribunedufaso.net\/index.php?rest_route=\/wp\/v2\/posts"}],"about":[{"href":"https:\/\/www.latribunedufaso.net\/index.php?rest_route=\/wp\/v2\/types\/post"}],"author":[{"embeddable":true,"href":"https:\/\/www.latribunedufaso.net\/index.php?rest_route=\/wp\/v2\/users\/5"}],"replies":[{"embeddable":true,"href":"https:\/\/www.latribunedufaso.net\/index.php?rest_route=%2Fwp%2Fv2%2Fcomments&post=26893"}],"version-history":[{"count":4,"href":"https:\/\/www.latribunedufaso.net\/index.php?rest_route=\/wp\/v2\/posts\/26893\/revisions"}],"predecessor-version":[{"id":26903,"href":"https:\/\/www.latribunedufaso.net\/index.php?rest_route=\/wp\/v2\/posts\/26893\/revisions\/26903"}],"wp:featuredmedia":[{"embeddable":true,"href":"https:\/\/www.latribunedufaso.net\/index.php?rest_route=\/wp\/v2\/media\/26897"}],"wp:attachment":[{"href":"https:\/\/www.latribunedufaso.net\/index.php?rest_route=%2Fwp%2Fv2%2Fmedia&parent=26893"}],"wp:term":[{"taxonomy":"category","embeddable":true,"href":"https:\/\/www.latribunedufaso.net\/index.php?rest_route=%2Fwp%2Fv2%2Fcategories&post=26893"},{"taxonomy":"post_tag","embeddable":true,"href":"https:\/\/www.latribunedufaso.net\/index.php?rest_route=%2Fwp%2Fv2%2Ftags&post=26893"}],"curies":[{"name":"wp","href":"https:\/\/api.w.org\/{rel}","templated":true}]}}