{"id":2685,"date":"2021-02-24T15:38:27","date_gmt":"2021-02-24T15:38:27","guid":{"rendered":"https:\/\/www.latribunedufaso.net\/?p=2685"},"modified":"2021-02-24T15:42:41","modified_gmt":"2021-02-24T15:42:41","slug":"2685","status":"publish","type":"post","link":"https:\/\/www.latribunedufaso.net\/?p=2685","title":{"rendered":"S\u00e9curit\u00e9 alimentaire : Le combat du CORAF depuis 34 ans"},"content":{"rendered":"<p><span style=\"font-size: 1.0625rem;\"><strong>1987- 2021. Cela fait 34 ans que le Conseil ouest et centre africain pour la recherche et le d\u00e9veloppement agricoles (CORAF) se bat pour la s\u00e9curit\u00e9 alimentaire en Afrique de l\u2019Ouest et du Centre. Que retenir de cette organisation, de ses actions, de ses missions et de son impact dans ces parties de l\u2019Afrique ?<\/strong><\/span><br \/>\n<!--more--><\/p>\n<p><a href=\"https:\/\/latribunedufaso.net\/wp-content\/uploads\/2021\/02\/cc0006.jpg\"><img loading=\"lazy\" decoding=\"async\" class=\"size-medium wp-image-2688 aligncenter\" src=\"https:\/\/latribunedufaso.net\/wp-content\/uploads\/2021\/02\/cc0006-300x200.jpg\" alt=\"\" width=\"300\" height=\"200\" srcset=\"https:\/\/www.latribunedufaso.net\/wp-content\/uploads\/2021\/02\/cc0006-300x200.jpg 300w, https:\/\/www.latribunedufaso.net\/wp-content\/uploads\/2021\/02\/cc0006-1024x683.jpg 1024w, https:\/\/www.latribunedufaso.net\/wp-content\/uploads\/2021\/02\/cc0006-768x512.jpg 768w, https:\/\/www.latribunedufaso.net\/wp-content\/uploads\/2021\/02\/cc0006-840x560.jpg 840w, https:\/\/www.latribunedufaso.net\/wp-content\/uploads\/2021\/02\/cc0006-120x80.jpg 120w, https:\/\/www.latribunedufaso.net\/wp-content\/uploads\/2021\/02\/cc0006-360x240.jpg 360w, https:\/\/www.latribunedufaso.net\/wp-content\/uploads\/2021\/02\/cc0006-600x400.jpg 600w, https:\/\/www.latribunedufaso.net\/wp-content\/uploads\/2021\/02\/cc0006.jpg 1200w\" sizes=\"auto, (max-width: 300px) 100vw, 300px\" \/><\/a>Le Conseil ouest et centre africain pour la recherche et le d\u00e9veloppement agricoles (CORAF) est une association internationale \u00e0 but non lucratif des Syst\u00e8mes nationaux de recherche agricole (SNRA) de 23 pays d\u2019Afrique de l\u2019Ouest et du Centre, soit 12 300 000 Km2 de couverture et plus de 40% de la population africaine. Cr\u00e9\u00e9 en 1987 avec la responsabilit\u00e9 de coordonner et de faciliter la recherche ax\u00e9e sur la demande n\u00e9cessaire pour lib\u00e9rer le potentiel agricole de l\u2019Afrique de l\u2019Ouest et du Centre, il est la plus grande des quatre organisations sous-r\u00e9gionales du Forum pour la recherche agricole en Afrique (FARA). Au niveau national, le CORAF travaille avec les Syst\u00e8mes nationaux de recherche agricole (SNRA), compos\u00e9s d\u2019instituts publics de recherche agricole, d\u2019universit\u00e9s et autres institutions tertiaires, de groupes d\u2019agriculteurs, d\u2019organisations de la soci\u00e9t\u00e9 civile, du secteur priv\u00e9 et d\u2019autres entit\u00e9s engag\u00e9es dans la fourniture de services de recherche agricole.<\/p>\n<p>Envisager un avenir o\u00f9 les peuples et communaut\u00e9s de l\u2019Afrique de l\u2019Ouest et du Centre auront atteint la s\u00e9curit\u00e9 alimentaire et nutritionnelle et seront prosp\u00e8res, telle est la vision de l\u2019organisation. Sa mission, am\u00e9liorer durablement la productivit\u00e9, la comp\u00e9titivit\u00e9 et les march\u00e9s du syst\u00e8me agricole en Afrique de l\u2019Ouest et du Centre. L\u2019objectif principal du CORAF est d\u2019am\u00e9liorer les moyens de subsistance en Afrique de l\u2019Ouest et du Centre gr\u00e2ce \u00e0 des augmentations durables de la production et de la productivit\u00e9 agricole, en favorisant la comp\u00e9titivit\u00e9 et les march\u00e9s.<\/p>\n<p><a href=\"https:\/\/latribunedufaso.net\/wp-content\/uploads\/2021\/02\/IMG_9562-copie-1024x683-1.jpg\"><img loading=\"lazy\" decoding=\"async\" class=\"size-medium wp-image-2686 aligncenter\" src=\"https:\/\/latribunedufaso.net\/wp-content\/uploads\/2021\/02\/IMG_9562-copie-1024x683-1-300x200.jpg\" alt=\"\" width=\"300\" height=\"200\" srcset=\"https:\/\/www.latribunedufaso.net\/wp-content\/uploads\/2021\/02\/IMG_9562-copie-1024x683-1-300x200.jpg 300w, https:\/\/www.latribunedufaso.net\/wp-content\/uploads\/2021\/02\/IMG_9562-copie-1024x683-1-768x512.jpg 768w, https:\/\/www.latribunedufaso.net\/wp-content\/uploads\/2021\/02\/IMG_9562-copie-1024x683-1-840x560.jpg 840w, https:\/\/www.latribunedufaso.net\/wp-content\/uploads\/2021\/02\/IMG_9562-copie-1024x683-1-120x80.jpg 120w, https:\/\/www.latribunedufaso.net\/wp-content\/uploads\/2021\/02\/IMG_9562-copie-1024x683-1-360x240.jpg 360w, https:\/\/www.latribunedufaso.net\/wp-content\/uploads\/2021\/02\/IMG_9562-copie-1024x683-1-600x400.jpg 600w, https:\/\/www.latribunedufaso.net\/wp-content\/uploads\/2021\/02\/IMG_9562-copie-1024x683-1.jpg 1024w\" sizes=\"auto, (max-width: 300px) 100vw, 300px\" \/><\/a><\/p>\n<p>Le CORAF, qui fait de l\u2019innovation de pointe dans le secteur agricole son activit\u00e9 principale, enregistre des performances dans la productivit\u00e9 et la s\u00e9curit\u00e9 alimentaire, et l\u2019am\u00e9lioration des cultures. En effet, l\u2019intervention du CORAF a contribu\u00e9 de mani\u00e8re significative \u00e0 l\u2019am\u00e9lioration de la s\u00e9curit\u00e9 alimentaire et nutritionnelle en Afrique de l\u2019Ouest et du Centre. Intervention qui a \u00e9galement permis de g\u00e9n\u00e9rer et de mettre \u00e0 disposition des agriculteurs au B\u00e9nin, en Guin\u00e9e, au Niger et au Togo 56 technologies dont au moins une a \u00e9t\u00e9 adopt\u00e9e par 1 608 984 producteurs\/ transformateurs pour faire une diff\u00e9rence dans leur vie. En ce qui concerne l\u2019am\u00e9lioration des cultures, il est \u00e0 relever qu\u2019au fil des ann\u00e9es, le travail du CORAF a consist\u00e9 \u00e0 effectuer des essais sur des vari\u00e9t\u00e9s de ma\u00efs \u00e0 haut rendement, en menant des \u00e9tudes de base, des recherches post-r\u00e9colte sur la chaine de valeur du ma\u00efs, l\u2019impact de l\u2019adoption de vari\u00e9t\u00e9s de ma\u00efs am\u00e9lior\u00e9es, etc.<\/p>\n<p><span style=\"font-size: 1.0625rem;\">En 2019, le CORAF a d\u00e9ploy\u00e9 des initiatives novatrices et mis en place des syst\u00e8mes pour la mise en \u0153uvre des nouveaux plans strat\u00e9giques 2018-2027 et op\u00e9rationnels 2018-2022. Dans son rapport annuel 2019, rendu public, il revient sur ses principales activit\u00e9s men\u00e9es au cours de ladite ann\u00e9e, ses d\u00e9fis et prospectives d\u2019avenir. Les principales activit\u00e9s men\u00e9es au cours de l\u2019ann\u00e9e 2019 ont \u00e9t\u00e9 le renforcement des partenariats existants et la cr\u00e9ation de nouveaux ; la mobilisation de ressources ; la coordination de la recherche et du renforcement des capacit\u00e9s ainsi que de la diffusion des connaissances et des informations n\u00e9cessaires \u00e0 divers partenaires. Les jalons atteints se sont concentr\u00e9s sur l\u2019am\u00e9lioration du bien-\u00eatre des agriculteurs, des \u00e9leveurs, des p\u00eacheurs et d\u2019autres acteurs le long des chaines de valeur respectives gr\u00e2ce \u00e0 la recherche agricole pour le d\u00e9veloppement. Les principaux impacts obtenus sont visibles sur des millions de b\u00e9n\u00e9ficiaires directs et indirects, des millions d\u2019hectares couverts par des projets de syst\u00e8mes innovants agroalimentaires.<\/span><\/p>\n<p><a href=\"https:\/\/latribunedufaso.net\/wp-content\/uploads\/2021\/02\/IMG-20210223-WA0004.jpg\"><img loading=\"lazy\" decoding=\"async\" class=\"size-medium wp-image-2680 aligncenter\" src=\"https:\/\/latribunedufaso.net\/wp-content\/uploads\/2021\/02\/IMG-20210223-WA0004-300x169.jpg\" alt=\"\" width=\"300\" height=\"169\" srcset=\"https:\/\/www.latribunedufaso.net\/wp-content\/uploads\/2021\/02\/IMG-20210223-WA0004-300x169.jpg 300w, https:\/\/www.latribunedufaso.net\/wp-content\/uploads\/2021\/02\/IMG-20210223-WA0004.jpg 720w\" sizes=\"auto, (max-width: 300px) 100vw, 300px\" \/><\/a><\/p>\n<p>Engag\u00e9 pour parvenir \u00e0 une s\u00e9curit\u00e9 alimentaire en Afrique de l\u2019Ouest et du Centre, le CORAF d\u00e9veloppe une recherche de pointe pour relever les d\u00e9fis du syst\u00e8me agroalimentaire dans lesdites r\u00e9gions. Ainsi, avec un financement de l\u2019Union \u00e9conomique et mon\u00e9taire ouest-africaine (UEMOA), de la Communaut\u00e9 \u00e9conomique des Etats de l\u2019Afrique de l\u2019Ouest (CEDEAO), de l\u2019Union europ\u00e9enne (UE) et de nombreux autres partenaires au d\u00e9veloppement, et en utilisant l\u2019approche de la lutte int\u00e9gr\u00e9e contre les ravageurs (IPM), plusieurs app\u00e2ts alimentaires locaux naturels et bien d\u2019autres m\u00e9thodes, le Conseil est arriv\u00e9 \u00e0 une augmentation de 45% des exportations globales de mangues d\u2019Afrique de l\u2019Ouest vers le march\u00e9 europ\u00e9en. Par exemple, au Burkina Faso, les producteurs de mangues ont repris un contr\u00f4le significatif du petit insecte emb\u00eatant avec une histoire de d\u00e9cimation des vergers de manguiers. Avec une surveillance et un contr\u00f4le am\u00e9lior\u00e9 des mouches des fruits, le Burkina Faso est pass\u00e9 de 90 000 tonnes de mangues en 2017 \u00e0 200 000 tonnes en 2018, selon l\u2019Association des producteurs de mangues du Burkina Faso connue en fran\u00e7ais sous le nom d\u2019APROMAB. Pendant ce temps, environ 8 500 tonnes de mangues s\u00e9ch\u00e9es et fra\u00eeches ont \u00e9t\u00e9 export\u00e9es en 2018 contre 7 000 tonnes en 2017.<\/p>\n<p>Le principal d\u00e9fi reste la mobilisation des ressources pour financer efficacement le d\u00e9ficit de 27 593 847dollars US n\u00e9cessaire \u00e0 la bonne mise en \u0153uvre des plans strat\u00e9gique et op\u00e9rationnel pour 2018-2027 et 2018-2022. Pour l\u2019avenir, le CORAF s\u2019est engag\u00e9 \u00e0 l\u2019utilisation accrue des technologies et innovations appropri\u00e9es en Afrique de l\u2019ouest et du centre (AOC) ; en l\u2019adoption accrue des options strat\u00e9giques de prise de d\u00e9cision pour les politiques, les institutions et les march\u00e9s ; au renforcement des capacit\u00e9s institutionnelles et humaines en recherche agricole pour le d\u00e9veloppement.<\/p>\n<p><strong>Tambi Serge Pac\u00f4me Zongo<\/strong><br \/>\n<strong>Latribunedufaso.net<\/strong><\/p>\n","protected":false},"excerpt":{"rendered":"<p>1987- 2021. Cela fait 34 ans que le Conseil ouest et centre africain pour la recherche et le d\u00e9veloppement agricoles (CORAF) se bat pour la s\u00e9curit\u00e9 alimentaire en Afrique de l\u2019Ouest et du Centre. Que retenir de cette organisation, de ses actions, de ses missions et de son impact dans ces parties de l\u2019Afrique ?<\/p>\n","protected":false},"author":2,"featured_media":2687,"comment_status":"open","ping_status":"open","sticky":false,"template":"","format":"standard","meta":{"footnotes":""},"categories":[13,1,3],"tags":[],"class_list":["post-2685","post","type-post","status-publish","format-standard","has-post-thumbnail","hentry","category-une","category-actu","category-agri"],"yoast_head":"<!-- This site is optimized with the Yoast SEO plugin v27.5 - https:\/\/yoast.com\/product\/yoast-seo-wordpress\/ -->\n<title>S\u00e9curit\u00e9 alimentaire : Le combat du CORAF depuis 34 ans - La Tribune du Faso<\/title>\n<meta name=\"robots\" content=\"index, follow, max-snippet:-1, max-image-preview:large, max-video-preview:-1\" \/>\n<link rel=\"canonical\" href=\"https:\/\/www.latribunedufaso.net\/?p=2685\" \/>\n<meta property=\"og:locale\" content=\"fr_FR\" \/>\n<meta property=\"og:type\" content=\"article\" \/>\n<meta property=\"og:title\" content=\"S\u00e9curit\u00e9 alimentaire : Le combat du CORAF depuis 34 ans - La Tribune du Faso\" \/>\n<meta property=\"og:description\" content=\"1987- 2021. Cela fait 34 ans que le Conseil ouest et centre africain pour la recherche et le d\u00e9veloppement agricoles (CORAF) se bat pour la s\u00e9curit\u00e9 alimentaire en Afrique de l\u2019Ouest et du Centre. Que retenir de cette organisation, de ses actions, de ses missions et de son impact dans ces parties de l\u2019Afrique ?\" \/>\n<meta property=\"og:url\" content=\"https:\/\/www.latribunedufaso.net\/?p=2685\" \/>\n<meta property=\"og:site_name\" content=\"La Tribune du Faso\" \/>\n<meta property=\"article:publisher\" content=\"https:\/\/www.facebook.com\/LatribuneduFaso\/\" \/>\n<meta property=\"article:published_time\" content=\"2021-02-24T15:38:27+00:00\" \/>\n<meta property=\"article:modified_time\" content=\"2021-02-24T15:42:41+00:00\" \/>\n<meta property=\"og:image\" content=\"https:\/\/latribunedufaso.net\/wp-content\/uploads\/2021\/02\/IMG_6637-copie-1024x683-1.jpg\" \/>\n\t<meta property=\"og:image:width\" content=\"1024\" \/>\n\t<meta property=\"og:image:height\" content=\"683\" \/>\n\t<meta property=\"og:image:type\" content=\"image\/jpeg\" \/>\n<meta name=\"author\" content=\"Administrateur\" \/>\n<meta name=\"twitter:label1\" content=\"\u00c9crit par\" \/>\n\t<meta name=\"twitter:data1\" content=\"Administrateur\" \/>\n\t<meta name=\"twitter:label2\" content=\"Dur\u00e9e de lecture estim\u00e9e\" \/>\n\t<meta name=\"twitter:data2\" content=\"5 minutes\" \/>\n<script type=\"application\/ld+json\" class=\"yoast-schema-graph\">{\"@context\":\"https:\\\/\\\/schema.org\",\"@graph\":[{\"@type\":\"Article\",\"@id\":\"https:\\\/\\\/www.latribunedufaso.net\\\/?p=2685#article\",\"isPartOf\":{\"@id\":\"https:\\\/\\\/www.latribunedufaso.net\\\/?p=2685\"},\"author\":{\"name\":\"Administrateur\",\"@id\":\"https:\\\/\\\/www.latribunedufaso.net\\\/#\\\/schema\\\/person\\\/a380782d0605bb8aae27c40ea93b35b1\"},\"headline\":\"S\u00e9curit\u00e9 alimentaire : Le combat du CORAF depuis 34 ans\",\"datePublished\":\"2021-02-24T15:38:27+00:00\",\"dateModified\":\"2021-02-24T15:42:41+00:00\",\"mainEntityOfPage\":{\"@id\":\"https:\\\/\\\/www.latribunedufaso.net\\\/?p=2685\"},\"wordCount\":1023,\"commentCount\":0,\"publisher\":{\"@id\":\"https:\\\/\\\/www.latribunedufaso.net\\\/#organization\"},\"image\":{\"@id\":\"https:\\\/\\\/www.latribunedufaso.net\\\/?p=2685#primaryimage\"},\"thumbnailUrl\":\"https:\\\/\\\/www.latribunedufaso.net\\\/wp-content\\\/uploads\\\/2021\\\/02\\\/IMG_6637-copie-1024x683-1.jpg\",\"articleSection\":[\"A la une\",\"Actualit\u00e9\",\"Agriculture\"],\"inLanguage\":\"fr-FR\",\"potentialAction\":[{\"@type\":\"CommentAction\",\"name\":\"Comment\",\"target\":[\"https:\\\/\\\/www.latribunedufaso.net\\\/?p=2685#respond\"]}]},{\"@type\":\"WebPage\",\"@id\":\"https:\\\/\\\/www.latribunedufaso.net\\\/?p=2685\",\"url\":\"https:\\\/\\\/www.latribunedufaso.net\\\/?p=2685\",\"name\":\"S\u00e9curit\u00e9 alimentaire : Le combat du CORAF depuis 34 ans - La Tribune du Faso\",\"isPartOf\":{\"@id\":\"https:\\\/\\\/www.latribunedufaso.net\\\/#website\"},\"primaryImageOfPage\":{\"@id\":\"https:\\\/\\\/www.latribunedufaso.net\\\/?p=2685#primaryimage\"},\"image\":{\"@id\":\"https:\\\/\\\/www.latribunedufaso.net\\\/?p=2685#primaryimage\"},\"thumbnailUrl\":\"https:\\\/\\\/www.latribunedufaso.net\\\/wp-content\\\/uploads\\\/2021\\\/02\\\/IMG_6637-copie-1024x683-1.jpg\",\"datePublished\":\"2021-02-24T15:38:27+00:00\",\"dateModified\":\"2021-02-24T15:42:41+00:00\",\"breadcrumb\":{\"@id\":\"https:\\\/\\\/www.latribunedufaso.net\\\/?p=2685#breadcrumb\"},\"inLanguage\":\"fr-FR\",\"potentialAction\":[{\"@type\":\"ReadAction\",\"target\":[\"https:\\\/\\\/www.latribunedufaso.net\\\/?p=2685\"]}]},{\"@type\":\"ImageObject\",\"inLanguage\":\"fr-FR\",\"@id\":\"https:\\\/\\\/www.latribunedufaso.net\\\/?p=2685#primaryimage\",\"url\":\"https:\\\/\\\/www.latribunedufaso.net\\\/wp-content\\\/uploads\\\/2021\\\/02\\\/IMG_6637-copie-1024x683-1.jpg\",\"contentUrl\":\"https:\\\/\\\/www.latribunedufaso.net\\\/wp-content\\\/uploads\\\/2021\\\/02\\\/IMG_6637-copie-1024x683-1.jpg\",\"width\":1024,\"height\":683},{\"@type\":\"BreadcrumbList\",\"@id\":\"https:\\\/\\\/www.latribunedufaso.net\\\/?p=2685#breadcrumb\",\"itemListElement\":[{\"@type\":\"ListItem\",\"position\":1,\"name\":\"Accueil\",\"item\":\"https:\\\/\\\/www.latribunedufaso.net\\\/\"},{\"@type\":\"ListItem\",\"position\":2,\"name\":\"S\u00e9curit\u00e9 alimentaire : Le combat du CORAF depuis 34 ans\"}]},{\"@type\":\"WebSite\",\"@id\":\"https:\\\/\\\/www.latribunedufaso.net\\\/#website\",\"url\":\"https:\\\/\\\/www.latribunedufaso.net\\\/\",\"name\":\"La Tribune du Faso\",\"description\":\"L&#039;information du monde rural en un clic\",\"publisher\":{\"@id\":\"https:\\\/\\\/www.latribunedufaso.net\\\/#organization\"},\"potentialAction\":[{\"@type\":\"SearchAction\",\"target\":{\"@type\":\"EntryPoint\",\"urlTemplate\":\"https:\\\/\\\/www.latribunedufaso.net\\\/?s={search_term_string}\"},\"query-input\":{\"@type\":\"PropertyValueSpecification\",\"valueRequired\":true,\"valueName\":\"search_term_string\"}}],\"inLanguage\":\"fr-FR\"},{\"@type\":\"Organization\",\"@id\":\"https:\\\/\\\/www.latribunedufaso.net\\\/#organization\",\"name\":\"La Tribune du Faso\",\"url\":\"https:\\\/\\\/www.latribunedufaso.net\\\/\",\"logo\":{\"@type\":\"ImageObject\",\"inLanguage\":\"fr-FR\",\"@id\":\"https:\\\/\\\/www.latribunedufaso.net\\\/#\\\/schema\\\/logo\\\/image\\\/\",\"url\":\"https:\\\/\\\/www.latribunedufaso.net\\\/wp-content\\\/uploads\\\/2020\\\/08\\\/Logo-Tribune-du-Faso-final-scaled.jpg\",\"contentUrl\":\"https:\\\/\\\/www.latribunedufaso.net\\\/wp-content\\\/uploads\\\/2020\\\/08\\\/Logo-Tribune-du-Faso-final-scaled.jpg\",\"width\":2560,\"height\":1856,\"caption\":\"La Tribune du Faso\"},\"image\":{\"@id\":\"https:\\\/\\\/www.latribunedufaso.net\\\/#\\\/schema\\\/logo\\\/image\\\/\"},\"sameAs\":[\"https:\\\/\\\/www.facebook.com\\\/LatribuneduFaso\\\/\"]},{\"@type\":\"Person\",\"@id\":\"https:\\\/\\\/www.latribunedufaso.net\\\/#\\\/schema\\\/person\\\/a380782d0605bb8aae27c40ea93b35b1\",\"name\":\"Administrateur\",\"image\":{\"@type\":\"ImageObject\",\"inLanguage\":\"fr-FR\",\"@id\":\"https:\\\/\\\/secure.gravatar.com\\\/avatar\\\/e20266f97d741f0e80ba1f60283074a9b3317fd7bfb727e0d95b51dafbf854a1?s=96&d=mm&r=g\",\"url\":\"https:\\\/\\\/secure.gravatar.com\\\/avatar\\\/e20266f97d741f0e80ba1f60283074a9b3317fd7bfb727e0d95b51dafbf854a1?s=96&d=mm&r=g\",\"contentUrl\":\"https:\\\/\\\/secure.gravatar.com\\\/avatar\\\/e20266f97d741f0e80ba1f60283074a9b3317fd7bfb727e0d95b51dafbf854a1?s=96&d=mm&r=g\",\"caption\":\"Administrateur\"},\"url\":\"https:\\\/\\\/www.latribunedufaso.net\\\/?author=2\"}]}<\/script>\n<!-- \/ Yoast SEO plugin. -->","yoast_head_json":{"title":"S\u00e9curit\u00e9 alimentaire : Le combat du CORAF depuis 34 ans - La Tribune du Faso","robots":{"index":"index","follow":"follow","max-snippet":"max-snippet:-1","max-image-preview":"max-image-preview:large","max-video-preview":"max-video-preview:-1"},"canonical":"https:\/\/www.latribunedufaso.net\/?p=2685","og_locale":"fr_FR","og_type":"article","og_title":"S\u00e9curit\u00e9 alimentaire : Le combat du CORAF depuis 34 ans - La Tribune du Faso","og_description":"1987- 2021. Cela fait 34 ans que le Conseil ouest et centre africain pour la recherche et le d\u00e9veloppement agricoles (CORAF) se bat pour la s\u00e9curit\u00e9 alimentaire en Afrique de l\u2019Ouest et du Centre. Que retenir de cette organisation, de ses actions, de ses missions et de son impact dans ces parties de l\u2019Afrique ?","og_url":"https:\/\/www.latribunedufaso.net\/?p=2685","og_site_name":"La Tribune du Faso","article_publisher":"https:\/\/www.facebook.com\/LatribuneduFaso\/","article_published_time":"2021-02-24T15:38:27+00:00","article_modified_time":"2021-02-24T15:42:41+00:00","og_image":[{"width":1024,"height":683,"url":"https:\/\/latribunedufaso.net\/wp-content\/uploads\/2021\/02\/IMG_6637-copie-1024x683-1.jpg","type":"image\/jpeg"}],"author":"Administrateur","twitter_misc":{"\u00c9crit par":"Administrateur","Dur\u00e9e de lecture estim\u00e9e":"5 minutes"},"schema":{"@context":"https:\/\/schema.org","@graph":[{"@type":"Article","@id":"https:\/\/www.latribunedufaso.net\/?p=2685#article","isPartOf":{"@id":"https:\/\/www.latribunedufaso.net\/?p=2685"},"author":{"name":"Administrateur","@id":"https:\/\/www.latribunedufaso.net\/#\/schema\/person\/a380782d0605bb8aae27c40ea93b35b1"},"headline":"S\u00e9curit\u00e9 alimentaire : Le combat du CORAF depuis 34 ans","datePublished":"2021-02-24T15:38:27+00:00","dateModified":"2021-02-24T15:42:41+00:00","mainEntityOfPage":{"@id":"https:\/\/www.latribunedufaso.net\/?p=2685"},"wordCount":1023,"commentCount":0,"publisher":{"@id":"https:\/\/www.latribunedufaso.net\/#organization"},"image":{"@id":"https:\/\/www.latribunedufaso.net\/?p=2685#primaryimage"},"thumbnailUrl":"https:\/\/www.latribunedufaso.net\/wp-content\/uploads\/2021\/02\/IMG_6637-copie-1024x683-1.jpg","articleSection":["A la une","Actualit\u00e9","Agriculture"],"inLanguage":"fr-FR","potentialAction":[{"@type":"CommentAction","name":"Comment","target":["https:\/\/www.latribunedufaso.net\/?p=2685#respond"]}]},{"@type":"WebPage","@id":"https:\/\/www.latribunedufaso.net\/?p=2685","url":"https:\/\/www.latribunedufaso.net\/?p=2685","name":"S\u00e9curit\u00e9 alimentaire : Le combat du CORAF depuis 34 ans - La Tribune du Faso","isPartOf":{"@id":"https:\/\/www.latribunedufaso.net\/#website"},"primaryImageOfPage":{"@id":"https:\/\/www.latribunedufaso.net\/?p=2685#primaryimage"},"image":{"@id":"https:\/\/www.latribunedufaso.net\/?p=2685#primaryimage"},"thumbnailUrl":"https:\/\/www.latribunedufaso.net\/wp-content\/uploads\/2021\/02\/IMG_6637-copie-1024x683-1.jpg","datePublished":"2021-02-24T15:38:27+00:00","dateModified":"2021-02-24T15:42:41+00:00","breadcrumb":{"@id":"https:\/\/www.latribunedufaso.net\/?p=2685#breadcrumb"},"inLanguage":"fr-FR","potentialAction":[{"@type":"ReadAction","target":["https:\/\/www.latribunedufaso.net\/?p=2685"]}]},{"@type":"ImageObject","inLanguage":"fr-FR","@id":"https:\/\/www.latribunedufaso.net\/?p=2685#primaryimage","url":"https:\/\/www.latribunedufaso.net\/wp-content\/uploads\/2021\/02\/IMG_6637-copie-1024x683-1.jpg","contentUrl":"https:\/\/www.latribunedufaso.net\/wp-content\/uploads\/2021\/02\/IMG_6637-copie-1024x683-1.jpg","width":1024,"height":683},{"@type":"BreadcrumbList","@id":"https:\/\/www.latribunedufaso.net\/?p=2685#breadcrumb","itemListElement":[{"@type":"ListItem","position":1,"name":"Accueil","item":"https:\/\/www.latribunedufaso.net\/"},{"@type":"ListItem","position":2,"name":"S\u00e9curit\u00e9 alimentaire : Le combat du CORAF depuis 34 ans"}]},{"@type":"WebSite","@id":"https:\/\/www.latribunedufaso.net\/#website","url":"https:\/\/www.latribunedufaso.net\/","name":"La Tribune du Faso","description":"L&#039;information du monde rural en un clic","publisher":{"@id":"https:\/\/www.latribunedufaso.net\/#organization"},"potentialAction":[{"@type":"SearchAction","target":{"@type":"EntryPoint","urlTemplate":"https:\/\/www.latribunedufaso.net\/?s={search_term_string}"},"query-input":{"@type":"PropertyValueSpecification","valueRequired":true,"valueName":"search_term_string"}}],"inLanguage":"fr-FR"},{"@type":"Organization","@id":"https:\/\/www.latribunedufaso.net\/#organization","name":"La Tribune du Faso","url":"https:\/\/www.latribunedufaso.net\/","logo":{"@type":"ImageObject","inLanguage":"fr-FR","@id":"https:\/\/www.latribunedufaso.net\/#\/schema\/logo\/image\/","url":"https:\/\/www.latribunedufaso.net\/wp-content\/uploads\/2020\/08\/Logo-Tribune-du-Faso-final-scaled.jpg","contentUrl":"https:\/\/www.latribunedufaso.net\/wp-content\/uploads\/2020\/08\/Logo-Tribune-du-Faso-final-scaled.jpg","width":2560,"height":1856,"caption":"La Tribune du Faso"},"image":{"@id":"https:\/\/www.latribunedufaso.net\/#\/schema\/logo\/image\/"},"sameAs":["https:\/\/www.facebook.com\/LatribuneduFaso\/"]},{"@type":"Person","@id":"https:\/\/www.latribunedufaso.net\/#\/schema\/person\/a380782d0605bb8aae27c40ea93b35b1","name":"Administrateur","image":{"@type":"ImageObject","inLanguage":"fr-FR","@id":"https:\/\/secure.gravatar.com\/avatar\/e20266f97d741f0e80ba1f60283074a9b3317fd7bfb727e0d95b51dafbf854a1?s=96&d=mm&r=g","url":"https:\/\/secure.gravatar.com\/avatar\/e20266f97d741f0e80ba1f60283074a9b3317fd7bfb727e0d95b51dafbf854a1?s=96&d=mm&r=g","contentUrl":"https:\/\/secure.gravatar.com\/avatar\/e20266f97d741f0e80ba1f60283074a9b3317fd7bfb727e0d95b51dafbf854a1?s=96&d=mm&r=g","caption":"Administrateur"},"url":"https:\/\/www.latribunedufaso.net\/?author=2"}]}},"_links":{"self":[{"href":"https:\/\/www.latribunedufaso.net\/index.php?rest_route=\/wp\/v2\/posts\/2685","targetHints":{"allow":["GET"]}}],"collection":[{"href":"https:\/\/www.latribunedufaso.net\/index.php?rest_route=\/wp\/v2\/posts"}],"about":[{"href":"https:\/\/www.latribunedufaso.net\/index.php?rest_route=\/wp\/v2\/types\/post"}],"author":[{"embeddable":true,"href":"https:\/\/www.latribunedufaso.net\/index.php?rest_route=\/wp\/v2\/users\/2"}],"replies":[{"embeddable":true,"href":"https:\/\/www.latribunedufaso.net\/index.php?rest_route=%2Fwp%2Fv2%2Fcomments&post=2685"}],"version-history":[{"count":3,"href":"https:\/\/www.latribunedufaso.net\/index.php?rest_route=\/wp\/v2\/posts\/2685\/revisions"}],"predecessor-version":[{"id":2691,"href":"https:\/\/www.latribunedufaso.net\/index.php?rest_route=\/wp\/v2\/posts\/2685\/revisions\/2691"}],"wp:featuredmedia":[{"embeddable":true,"href":"https:\/\/www.latribunedufaso.net\/index.php?rest_route=\/wp\/v2\/media\/2687"}],"wp:attachment":[{"href":"https:\/\/www.latribunedufaso.net\/index.php?rest_route=%2Fwp%2Fv2%2Fmedia&parent=2685"}],"wp:term":[{"taxonomy":"category","embeddable":true,"href":"https:\/\/www.latribunedufaso.net\/index.php?rest_route=%2Fwp%2Fv2%2Fcategories&post=2685"},{"taxonomy":"post_tag","embeddable":true,"href":"https:\/\/www.latribunedufaso.net\/index.php?rest_route=%2Fwp%2Fv2%2Ftags&post=2685"}],"curies":[{"name":"wp","href":"https:\/\/api.w.org\/{rel}","templated":true}]}}