{"id":26826,"date":"2026-01-22T18:55:50","date_gmt":"2026-01-22T18:55:50","guid":{"rendered":"https:\/\/www.latribunedufaso.net\/?p=26826"},"modified":"2026-01-22T18:55:50","modified_gmt":"2026-01-22T18:55:50","slug":"conseil-des-ministres-plus-de-110-milliards-fcfa-dinvestissements-structurants-pour-accelerer-le-developpement-economique-et-social-en-2026","status":"publish","type":"post","link":"https:\/\/www.latribunedufaso.net\/?p=26826","title":{"rendered":"Conseil des ministres : Plus de 110 milliards FCFA d\u2019investissements structurants pour acc\u00e9l\u00e9rer le d\u00e9veloppement \u00e9conomique et social en 2026"},"content":{"rendered":"<p><strong>Le Pr\u00e9sident du Faso, Chef de l\u2019\u00c9tat, le Capitaine Ibrahim Traor\u00e9, a pr\u00e9sid\u00e9, le 22 janvier 2026, le Conseil des ministres du Gouvernement RIMTALBA 2, issu du remaniement du 12 janvier dernier. Cette session ordinaire a examin\u00e9 et adopt\u00e9 plusieurs dossiers et a pris d\u2019importantes d\u00e9cisions pour r\u00e9pondre aux aspirations profondes du Peuple, selon le Ministre Porte-parole du Gouvernement, Gilbert Ou\u00e9draogo.<\/strong><!--more--><\/p>\n<p>Pour le compte du minist\u00e8re de l\u2019\u00c9conomie et des Finances, le Conseil a adopt\u00e9 un d\u00e9cret portant cr\u00e9ation de l\u2019Agence Faso M\u00eabo r\u00e9sultant d\u2019une transformation de l\u2019Initiative pr\u00e9sidentielle Faso M\u00eabo.\u00a0<\/p>\n<figure id=\"attachment_26829\" aria-describedby=\"caption-attachment-26829\" style=\"width: 2048px\" class=\"wp-caption aligncenter\"><a href=\"https:\/\/www.latribunedufaso.net\/wp-content\/uploads\/2026\/01\/FB_IMG_1769106872840.jpg\"><img loading=\"lazy\" decoding=\"async\" class=\"size-full wp-image-26829\" src=\"https:\/\/www.latribunedufaso.net\/wp-content\/uploads\/2026\/01\/FB_IMG_1769106872840.jpg\" alt=\"Conseil des ministres du 22 janvier 2026\" width=\"2048\" height=\"1618\" srcset=\"https:\/\/www.latribunedufaso.net\/wp-content\/uploads\/2026\/01\/FB_IMG_1769106872840.jpg 2048w, https:\/\/www.latribunedufaso.net\/wp-content\/uploads\/2026\/01\/FB_IMG_1769106872840-300x237.jpg 300w, https:\/\/www.latribunedufaso.net\/wp-content\/uploads\/2026\/01\/FB_IMG_1769106872840-1024x809.jpg 1024w, https:\/\/www.latribunedufaso.net\/wp-content\/uploads\/2026\/01\/FB_IMG_1769106872840-768x607.jpg 768w, https:\/\/www.latribunedufaso.net\/wp-content\/uploads\/2026\/01\/FB_IMG_1769106872840-1536x1214.jpg 1536w\" sizes=\"auto, (max-width: 2048px) 100vw, 2048px\" \/><\/a><figcaption id=\"caption-attachment-26829\" class=\"wp-caption-text\">Le ministre de l&rsquo;Economie et des Finances, Dr Aboubakar Nacanabo &#8211; Ph. DR<\/figcaption><\/figure>\n<p>Selon le ministre de l\u2019\u00c9conomie et des Finances, Dr Aboubakar Nacanabo, cette agence est un \u00e9tablissement public de l\u2019\u00c9tat et aura pour fonction d\u2019assumer les missions qui sont aujourd\u2019hui ex\u00e9cut\u00e9es par l\u2019Initiative pr\u00e9sidentielle Faso M\u00eabo. L\u2019Agence Faso M\u00eabo sera dot\u00e9e de tous les moyens institutionnels, mat\u00e9riels et humains n\u00e9cessaires pour lui permettre de r\u00e9aliser les grandes ambitions d\u2019infrastructures port\u00e9es par le Pr\u00e9sident du Faso.<\/p>\n<figure id=\"attachment_26830\" aria-describedby=\"caption-attachment-26830\" style=\"width: 1632px\" class=\"wp-caption aligncenter\"><a href=\"https:\/\/www.latribunedufaso.net\/wp-content\/uploads\/2026\/01\/FB_IMG_1769106868719.jpg\"><img loading=\"lazy\" decoding=\"async\" class=\"size-full wp-image-26830\" src=\"https:\/\/www.latribunedufaso.net\/wp-content\/uploads\/2026\/01\/FB_IMG_1769106868719.jpg\" alt=\"Conseil des ministres du 22 janvier 2026\" width=\"1632\" height=\"2048\" srcset=\"https:\/\/www.latribunedufaso.net\/wp-content\/uploads\/2026\/01\/FB_IMG_1769106868719.jpg 1632w, https:\/\/www.latribunedufaso.net\/wp-content\/uploads\/2026\/01\/FB_IMG_1769106868719-239x300.jpg 239w, https:\/\/www.latribunedufaso.net\/wp-content\/uploads\/2026\/01\/FB_IMG_1769106868719-816x1024.jpg 816w, https:\/\/www.latribunedufaso.net\/wp-content\/uploads\/2026\/01\/FB_IMG_1769106868719-768x964.jpg 768w, https:\/\/www.latribunedufaso.net\/wp-content\/uploads\/2026\/01\/FB_IMG_1769106868719-1224x1536.jpg 1224w\" sizes=\"auto, (max-width: 1632px) 100vw, 1632px\" \/><\/a><figcaption id=\"caption-attachment-26830\" class=\"wp-caption-text\">Le ministre d&rsquo;\u00c9tat, ministre de la Guerre et de la D\u00e9fense patriotique, le G\u00e9n\u00e9ral de division C\u00e9lestin Simpor\u00e9 &#8211; Ph. DR<\/figcaption><\/figure>\n<p>Au titre du minist\u00e8re de la Guerre et de la D\u00e9fense patriotique, le Conseil a adopt\u00e9 un projet d\u2019ordonnance portant r\u00e9gime juridique applicable aux Volontaires pour la D\u00e9fense de la Patrie (VDP). Selon le ministre d\u2019\u00c9tat, ministre de la Guerre et de la D\u00e9fense patriotique, le G\u00e9n\u00e9ral de division C\u00e9lestin Simpor\u00e9, l\u2019adoption de cette ordonnance permet de corriger les limites du r\u00e9gime juridique en vigueur. Le projet d\u2019ordonnance comporte donc des innovations majeures. Entre autres, l\u2019adaptation des modalit\u00e9s de l\u2019emploi des VDP par l\u2019introduction du niveau de recrutement et d\u2019emploi r\u00e9gional, la facilitation de la mobilit\u00e9 des VDP en fonction des besoins op\u00e9rationnels, la s\u00e9curisation juridique du VDP en cas de disparition ou de captivit\u00e9 et la prise en compte de ses ayants droit.<\/p>\n<h3>Des investissements de plus de 110 milliards Fcfa pour les Initiatives pr\u00e9sidentielles<\/h3>\n<p>Pour le compte de la Pr\u00e9sidence du Faso, le Conseil a adopt\u00e9 un d\u00e9cret relatif \u00e0 une s\u00e9rie d\u2019investissements structurants et prioritaires \u00e0 r\u00e9aliser durant l\u2019ann\u00e9e 2026 en vue de consolider et d\u2019acc\u00e9l\u00e9rer le d\u00e9veloppement \u00e9conomique et social de notre pays. Selon le ministre Porte-parole du Gouvernement, Gilbert Ou\u00e9draogo, les investissements envisag\u00e9s s\u2019inscrivent dans le cadre des initiatives pr\u00e9sidentielles.<\/p>\n<p>Au titre de l\u2019Initiative pr\u00e9sidentielle pour une \u00e9ducation de qualit\u00e9 pour tous (IPEQ), il est pr\u00e9vu l\u2019ach\u00e8vement des travaux de la premi\u00e8re phase de 12 amphith\u00e9\u00e2tres de 500 et 1000 places \u00e0 Ouagadougou, Bobo-Dioulasso, Manga, Ouahigouya, D\u00e9dougou, Banfora, Kaya, Ziniar\u00e9, Fada N\u2019Gourma et Gaoua. Il y a \u00e9galement la construction de deux amphith\u00e9\u00e2tres de 1000 places \u00e0 Ouagadougou et Koudougou et de 4 amphith\u00e9\u00e2tres de 500 places \u00e0 Bobo-Dioulasso, Ouahigouya, Fada N\u2019Gourma et Tenkodogo. On note \u00e9galement la construction de 4 lyc\u00e9es techniques professionnels \u00e0 Bagr\u00e9, Samand\u00e9ni, Yako et Kaya.<\/p>\n<figure id=\"attachment_26831\" aria-describedby=\"caption-attachment-26831\" style=\"width: 1549px\" class=\"wp-caption aligncenter\"><a href=\"https:\/\/www.latribunedufaso.net\/wp-content\/uploads\/2026\/01\/FB_IMG_1769106862509.jpg\"><img loading=\"lazy\" decoding=\"async\" class=\"size-full wp-image-26831\" src=\"https:\/\/www.latribunedufaso.net\/wp-content\/uploads\/2026\/01\/FB_IMG_1769106862509.jpg\" alt=\"Conseil des ministres du 22 janvier 2026\" width=\"1549\" height=\"2048\" srcset=\"https:\/\/www.latribunedufaso.net\/wp-content\/uploads\/2026\/01\/FB_IMG_1769106862509.jpg 1549w, https:\/\/www.latribunedufaso.net\/wp-content\/uploads\/2026\/01\/FB_IMG_1769106862509-227x300.jpg 227w, https:\/\/www.latribunedufaso.net\/wp-content\/uploads\/2026\/01\/FB_IMG_1769106862509-775x1024.jpg 775w, https:\/\/www.latribunedufaso.net\/wp-content\/uploads\/2026\/01\/FB_IMG_1769106862509-768x1015.jpg 768w, https:\/\/www.latribunedufaso.net\/wp-content\/uploads\/2026\/01\/FB_IMG_1769106862509-1162x1536.jpg 1162w\" sizes=\"auto, (max-width: 1549px) 100vw, 1549px\" \/><\/a><figcaption id=\"caption-attachment-26831\" class=\"wp-caption-text\">Le ministre Porte parole du Gouvernement, Gilbert Ou\u00e9draogo &#8211; Ph. DR<\/figcaption><\/figure>\n<p>Au sujet de l\u2019Initiative pr\u00e9sidentielle pour la sant\u00e9 (IPS), il est pr\u00e9vu la construction de 5 services d\u2019anesth\u00e9sie-r\u00e9animation au CHR de Tenkodogo, \u00e0 l\u2019H\u00f4pital militaire Capitaine Halassane-Coulibaly de Ouagadougou, au CHU r\u00e9gional de D\u00e9dougou, au CHU r\u00e9gional de Ouahigouya et au CHU de Bogodogo. Des acquisitions d\u2019\u00e9quipements m\u00e9dicaux techniques au profit des centres m\u00e9dicaux sanitaires communaux et des services de r\u00e9animation de plus de 30 communes sont pr\u00e9vues cette ann\u00e9e.\u00a0<\/p>\n<p>Il est \u00e9galement envisag\u00e9 l\u2019acquisition, l\u2019installation et la maintenance des centrales de distribution d\u2019oxyg\u00e8ne et de r\u00e9seaux de fluides m\u00e9dicaux au CHR de Tenkodogo, au CHU-R de D\u00e9dougou et Ouahigouya, au CHU de Bogodogo et \u00e0 l\u2019H\u00f4pital militaire Capitaine Halassane-Coulibaly de Ouagadougou.<\/p>\n<blockquote>\n<p>Lire aussi &gt;&gt; <a href=\"https:\/\/www.latribunedufaso.net\/?p=23471\">Initiative presidentielle Faso M\u00eabo : Le Capitaine Ibrahim TRAOR\u00c9 remet plus 700 engins<\/a><\/p>\n<\/blockquote>\n<p>L\u2019Initiative pr\u00e9sidentielle pour la production agricole et l\u2019autosuffisance alimentaire (IP-3A) quant \u00e0 elle, pr\u00e9voit l\u2019acquisition de 6 foreuses de grande capacit\u00e9 avec \u00e9quipements complets, 100 tracteurs de 40 chevaux, 80 semoirs, 120 petites moissonneuses, 120 motoculteurs, 250 v\u00e9hicules \u00e0 deux roues, huit camions, 400 motopompes, deux tracteurs multifonctionnels, 12 \u00e9graineuses et 12 botteleuses.<\/p>\n<p>Pour le compte de l\u2019Initiative pr\u00e9sidentielle pour le d\u00e9veloppement communautaire (IPDC), il est pr\u00e9vu l\u2019acquisition d\u2019outils et de petits mat\u00e9riels pour la r\u00e9alisation des activit\u00e9s.<\/p>\n<p>A propos de l\u2019Initiative pr\u00e9sidentielle pour la rel\u00e8ve et la promotion de l\u2019\u00e9lite sportive (IP-RELIS), l\u2019ann\u00e9e 2026 conna\u00eetra l\u2019am\u00e9nagement de l\u2019esplanade du stade et des terrains d\u2019entrainement du complexe footballistique de Bobo-Dioulasso.\u00a0<\/p>\n<p>Selon le ministre Porte-parole du Gouvernement, ces investissements sont \u00e9valu\u00e9s \u00e0 plus de 110 milliards FCFA et se feront sur fonds propres au profit de toutes les r\u00e9gions du pays.<\/p>\n<p><strong>Latribunedufaso.net<\/strong><\/p>\n<p><strong>Source : Direction de la communication de la Pr\u00e9sidence du Faso<\/strong><\/p>\n","protected":false},"excerpt":{"rendered":"<p>Le Pr\u00e9sident du Faso, Chef de l\u2019\u00c9tat, le Capitaine Ibrahim Traor\u00e9, a pr\u00e9sid\u00e9, le 22 janvier 2026, le Conseil des ministres du Gouvernement RIMTALBA 2, issu du remaniement du 12 janvier dernier. Cette session ordinaire a examin\u00e9 et adopt\u00e9 plusieurs dossiers et a pris d\u2019importantes d\u00e9cisions pour r\u00e9pondre aux aspirations profondes du Peuple, selon le Ministre Porte-parole du Gouvernement, Gilbert Ou\u00e9draogo.<\/p>\n","protected":false},"author":5,"featured_media":26832,"comment_status":"open","ping_status":"open","sticky":false,"template":"","format":"standard","meta":{"footnotes":""},"categories":[13,1,21],"tags":[1937,602,39],"class_list":["post-26826","post","type-post","status-publish","format-standard","has-post-thumbnail","hentry","category-une","category-actu","category-conseil-des-ministres","tag-faso-mebo-devient-agence-faso-mebo","tag-initiative-presidentielle","tag-latribunedufaso-net"],"yoast_head":"<!-- This site is optimized with the Yoast SEO plugin v27.4 - https:\/\/yoast.com\/product\/yoast-seo-wordpress\/ -->\n<title>Conseil des ministres : Plus de 110 milliards FCFA d\u2019investissements structurants pour acc\u00e9l\u00e9rer le d\u00e9veloppement \u00e9conomique et social en 2026 - La Tribune du Faso<\/title>\n<meta name=\"robots\" content=\"index, follow, max-snippet:-1, max-image-preview:large, max-video-preview:-1\" \/>\n<link rel=\"canonical\" href=\"https:\/\/www.latribunedufaso.net\/?p=26826\" \/>\n<meta property=\"og:locale\" content=\"fr_FR\" \/>\n<meta property=\"og:type\" content=\"article\" \/>\n<meta property=\"og:title\" content=\"Conseil des ministres : Plus de 110 milliards FCFA d\u2019investissements structurants pour acc\u00e9l\u00e9rer le d\u00e9veloppement \u00e9conomique et social en 2026 - La Tribune du Faso\" \/>\n<meta property=\"og:description\" content=\"Le Pr\u00e9sident du Faso, Chef de l\u2019\u00c9tat, le Capitaine Ibrahim Traor\u00e9, a pr\u00e9sid\u00e9, le 22 janvier 2026, le Conseil des ministres du Gouvernement RIMTALBA 2, issu du remaniement du 12 janvier dernier. Cette session ordinaire a examin\u00e9 et adopt\u00e9 plusieurs dossiers et a pris d\u2019importantes d\u00e9cisions pour r\u00e9pondre aux aspirations profondes du Peuple, selon le Ministre Porte-parole du Gouvernement, Gilbert Ou\u00e9draogo.\" \/>\n<meta property=\"og:url\" content=\"https:\/\/www.latribunedufaso.net\/?p=26826\" \/>\n<meta property=\"og:site_name\" content=\"La Tribune du Faso\" \/>\n<meta property=\"article:publisher\" content=\"https:\/\/www.facebook.com\/LatribuneduFaso\/\" \/>\n<meta property=\"article:published_time\" content=\"2026-01-22T18:55:50+00:00\" \/>\n<meta property=\"og:image\" content=\"https:\/\/www.latribunedufaso.net\/wp-content\/uploads\/2026\/01\/FB_IMG_1769106859557.jpg\" \/>\n\t<meta property=\"og:image:width\" content=\"2048\" \/>\n\t<meta property=\"og:image:height\" content=\"1371\" \/>\n\t<meta property=\"og:image:type\" content=\"image\/jpeg\" \/>\n<meta name=\"author\" content=\"Issouf Tapsoba\" \/>\n<meta name=\"twitter:label1\" content=\"\u00c9crit par\" \/>\n\t<meta name=\"twitter:data1\" content=\"Issouf Tapsoba\" \/>\n\t<meta name=\"twitter:label2\" content=\"Dur\u00e9e de lecture estim\u00e9e\" \/>\n\t<meta name=\"twitter:data2\" content=\"5 minutes\" \/>\n<script type=\"application\/ld+json\" class=\"yoast-schema-graph\">{\"@context\":\"https:\\\/\\\/schema.org\",\"@graph\":[{\"@type\":\"Article\",\"@id\":\"https:\\\/\\\/www.latribunedufaso.net\\\/?p=26826#article\",\"isPartOf\":{\"@id\":\"https:\\\/\\\/www.latribunedufaso.net\\\/?p=26826\"},\"author\":{\"name\":\"Issouf Tapsoba\",\"@id\":\"https:\\\/\\\/www.latribunedufaso.net\\\/#\\\/schema\\\/person\\\/e54e64c5778a7e72cf80a318b7a622b0\"},\"headline\":\"Conseil des ministres : Plus de 110 milliards FCFA d\u2019investissements structurants pour acc\u00e9l\u00e9rer le d\u00e9veloppement \u00e9conomique et social en 2026\",\"datePublished\":\"2026-01-22T18:55:50+00:00\",\"mainEntityOfPage\":{\"@id\":\"https:\\\/\\\/www.latribunedufaso.net\\\/?p=26826\"},\"wordCount\":919,\"commentCount\":0,\"publisher\":{\"@id\":\"https:\\\/\\\/www.latribunedufaso.net\\\/#organization\"},\"image\":{\"@id\":\"https:\\\/\\\/www.latribunedufaso.net\\\/?p=26826#primaryimage\"},\"thumbnailUrl\":\"https:\\\/\\\/www.latribunedufaso.net\\\/wp-content\\\/uploads\\\/2026\\\/01\\\/FB_IMG_1769106859557.jpg\",\"keywords\":[\"Faso M\u00eabo devient agence Faso M\u00eabo\",\"initiative pr\u00e9sidentielle\",\"latribunedufaso.net\"],\"articleSection\":[\"A la une\",\"Actualit\u00e9\",\"Conseil des ministres\"],\"inLanguage\":\"fr-FR\",\"potentialAction\":[{\"@type\":\"CommentAction\",\"name\":\"Comment\",\"target\":[\"https:\\\/\\\/www.latribunedufaso.net\\\/?p=26826#respond\"]}]},{\"@type\":\"WebPage\",\"@id\":\"https:\\\/\\\/www.latribunedufaso.net\\\/?p=26826\",\"url\":\"https:\\\/\\\/www.latribunedufaso.net\\\/?p=26826\",\"name\":\"Conseil des ministres : Plus de 110 milliards FCFA d\u2019investissements structurants pour acc\u00e9l\u00e9rer le d\u00e9veloppement \u00e9conomique et social en 2026 - La Tribune du Faso\",\"isPartOf\":{\"@id\":\"https:\\\/\\\/www.latribunedufaso.net\\\/#website\"},\"primaryImageOfPage\":{\"@id\":\"https:\\\/\\\/www.latribunedufaso.net\\\/?p=26826#primaryimage\"},\"image\":{\"@id\":\"https:\\\/\\\/www.latribunedufaso.net\\\/?p=26826#primaryimage\"},\"thumbnailUrl\":\"https:\\\/\\\/www.latribunedufaso.net\\\/wp-content\\\/uploads\\\/2026\\\/01\\\/FB_IMG_1769106859557.jpg\",\"datePublished\":\"2026-01-22T18:55:50+00:00\",\"breadcrumb\":{\"@id\":\"https:\\\/\\\/www.latribunedufaso.net\\\/?p=26826#breadcrumb\"},\"inLanguage\":\"fr-FR\",\"potentialAction\":[{\"@type\":\"ReadAction\",\"target\":[\"https:\\\/\\\/www.latribunedufaso.net\\\/?p=26826\"]}]},{\"@type\":\"ImageObject\",\"inLanguage\":\"fr-FR\",\"@id\":\"https:\\\/\\\/www.latribunedufaso.net\\\/?p=26826#primaryimage\",\"url\":\"https:\\\/\\\/www.latribunedufaso.net\\\/wp-content\\\/uploads\\\/2026\\\/01\\\/FB_IMG_1769106859557.jpg\",\"contentUrl\":\"https:\\\/\\\/www.latribunedufaso.net\\\/wp-content\\\/uploads\\\/2026\\\/01\\\/FB_IMG_1769106859557.jpg\",\"width\":2048,\"height\":1371,\"caption\":\"Conseil des ministres du 22 janvier 2026\"},{\"@type\":\"BreadcrumbList\",\"@id\":\"https:\\\/\\\/www.latribunedufaso.net\\\/?p=26826#breadcrumb\",\"itemListElement\":[{\"@type\":\"ListItem\",\"position\":1,\"name\":\"Accueil\",\"item\":\"https:\\\/\\\/www.latribunedufaso.net\\\/\"},{\"@type\":\"ListItem\",\"position\":2,\"name\":\"Conseil des ministres : Plus de 110 milliards FCFA d\u2019investissements structurants pour acc\u00e9l\u00e9rer le d\u00e9veloppement \u00e9conomique et social en 2026\"}]},{\"@type\":\"WebSite\",\"@id\":\"https:\\\/\\\/www.latribunedufaso.net\\\/#website\",\"url\":\"https:\\\/\\\/www.latribunedufaso.net\\\/\",\"name\":\"La Tribune du Faso\",\"description\":\"L&#039;information du monde rural en un clic\",\"publisher\":{\"@id\":\"https:\\\/\\\/www.latribunedufaso.net\\\/#organization\"},\"potentialAction\":[{\"@type\":\"SearchAction\",\"target\":{\"@type\":\"EntryPoint\",\"urlTemplate\":\"https:\\\/\\\/www.latribunedufaso.net\\\/?s={search_term_string}\"},\"query-input\":{\"@type\":\"PropertyValueSpecification\",\"valueRequired\":true,\"valueName\":\"search_term_string\"}}],\"inLanguage\":\"fr-FR\"},{\"@type\":\"Organization\",\"@id\":\"https:\\\/\\\/www.latribunedufaso.net\\\/#organization\",\"name\":\"La Tribune du Faso\",\"url\":\"https:\\\/\\\/www.latribunedufaso.net\\\/\",\"logo\":{\"@type\":\"ImageObject\",\"inLanguage\":\"fr-FR\",\"@id\":\"https:\\\/\\\/www.latribunedufaso.net\\\/#\\\/schema\\\/logo\\\/image\\\/\",\"url\":\"https:\\\/\\\/www.latribunedufaso.net\\\/wp-content\\\/uploads\\\/2020\\\/08\\\/Logo-Tribune-du-Faso-final-scaled.jpg\",\"contentUrl\":\"https:\\\/\\\/www.latribunedufaso.net\\\/wp-content\\\/uploads\\\/2020\\\/08\\\/Logo-Tribune-du-Faso-final-scaled.jpg\",\"width\":2560,\"height\":1856,\"caption\":\"La Tribune du Faso\"},\"image\":{\"@id\":\"https:\\\/\\\/www.latribunedufaso.net\\\/#\\\/schema\\\/logo\\\/image\\\/\"},\"sameAs\":[\"https:\\\/\\\/www.facebook.com\\\/LatribuneduFaso\\\/\"]},{\"@type\":\"Person\",\"@id\":\"https:\\\/\\\/www.latribunedufaso.net\\\/#\\\/schema\\\/person\\\/e54e64c5778a7e72cf80a318b7a622b0\",\"name\":\"Issouf Tapsoba\",\"image\":{\"@type\":\"ImageObject\",\"inLanguage\":\"fr-FR\",\"@id\":\"https:\\\/\\\/secure.gravatar.com\\\/avatar\\\/5e6c05150ce3230247d167f5b94d678eb05936197436d69b7921e3a95c9107ac?s=96&d=mm&r=g\",\"url\":\"https:\\\/\\\/secure.gravatar.com\\\/avatar\\\/5e6c05150ce3230247d167f5b94d678eb05936197436d69b7921e3a95c9107ac?s=96&d=mm&r=g\",\"contentUrl\":\"https:\\\/\\\/secure.gravatar.com\\\/avatar\\\/5e6c05150ce3230247d167f5b94d678eb05936197436d69b7921e3a95c9107ac?s=96&d=mm&r=g\",\"caption\":\"Issouf Tapsoba\"},\"url\":\"https:\\\/\\\/www.latribunedufaso.net\\\/?author=5\"}]}<\/script>\n<!-- \/ Yoast SEO plugin. -->","yoast_head_json":{"title":"Conseil des ministres : Plus de 110 milliards FCFA d\u2019investissements structurants pour acc\u00e9l\u00e9rer le d\u00e9veloppement \u00e9conomique et social en 2026 - La Tribune du Faso","robots":{"index":"index","follow":"follow","max-snippet":"max-snippet:-1","max-image-preview":"max-image-preview:large","max-video-preview":"max-video-preview:-1"},"canonical":"https:\/\/www.latribunedufaso.net\/?p=26826","og_locale":"fr_FR","og_type":"article","og_title":"Conseil des ministres : Plus de 110 milliards FCFA d\u2019investissements structurants pour acc\u00e9l\u00e9rer le d\u00e9veloppement \u00e9conomique et social en 2026 - La Tribune du Faso","og_description":"Le Pr\u00e9sident du Faso, Chef de l\u2019\u00c9tat, le Capitaine Ibrahim Traor\u00e9, a pr\u00e9sid\u00e9, le 22 janvier 2026, le Conseil des ministres du Gouvernement RIMTALBA 2, issu du remaniement du 12 janvier dernier. Cette session ordinaire a examin\u00e9 et adopt\u00e9 plusieurs dossiers et a pris d\u2019importantes d\u00e9cisions pour r\u00e9pondre aux aspirations profondes du Peuple, selon le Ministre Porte-parole du Gouvernement, Gilbert Ou\u00e9draogo.","og_url":"https:\/\/www.latribunedufaso.net\/?p=26826","og_site_name":"La Tribune du Faso","article_publisher":"https:\/\/www.facebook.com\/LatribuneduFaso\/","article_published_time":"2026-01-22T18:55:50+00:00","og_image":[{"width":2048,"height":1371,"url":"https:\/\/www.latribunedufaso.net\/wp-content\/uploads\/2026\/01\/FB_IMG_1769106859557.jpg","type":"image\/jpeg"}],"author":"Issouf Tapsoba","twitter_misc":{"\u00c9crit par":"Issouf Tapsoba","Dur\u00e9e de lecture estim\u00e9e":"5 minutes"},"schema":{"@context":"https:\/\/schema.org","@graph":[{"@type":"Article","@id":"https:\/\/www.latribunedufaso.net\/?p=26826#article","isPartOf":{"@id":"https:\/\/www.latribunedufaso.net\/?p=26826"},"author":{"name":"Issouf Tapsoba","@id":"https:\/\/www.latribunedufaso.net\/#\/schema\/person\/e54e64c5778a7e72cf80a318b7a622b0"},"headline":"Conseil des ministres : Plus de 110 milliards FCFA d\u2019investissements structurants pour acc\u00e9l\u00e9rer le d\u00e9veloppement \u00e9conomique et social en 2026","datePublished":"2026-01-22T18:55:50+00:00","mainEntityOfPage":{"@id":"https:\/\/www.latribunedufaso.net\/?p=26826"},"wordCount":919,"commentCount":0,"publisher":{"@id":"https:\/\/www.latribunedufaso.net\/#organization"},"image":{"@id":"https:\/\/www.latribunedufaso.net\/?p=26826#primaryimage"},"thumbnailUrl":"https:\/\/www.latribunedufaso.net\/wp-content\/uploads\/2026\/01\/FB_IMG_1769106859557.jpg","keywords":["Faso M\u00eabo devient agence Faso M\u00eabo","initiative pr\u00e9sidentielle","latribunedufaso.net"],"articleSection":["A la une","Actualit\u00e9","Conseil des ministres"],"inLanguage":"fr-FR","potentialAction":[{"@type":"CommentAction","name":"Comment","target":["https:\/\/www.latribunedufaso.net\/?p=26826#respond"]}]},{"@type":"WebPage","@id":"https:\/\/www.latribunedufaso.net\/?p=26826","url":"https:\/\/www.latribunedufaso.net\/?p=26826","name":"Conseil des ministres : Plus de 110 milliards FCFA d\u2019investissements structurants pour acc\u00e9l\u00e9rer le d\u00e9veloppement \u00e9conomique et social en 2026 - La Tribune du Faso","isPartOf":{"@id":"https:\/\/www.latribunedufaso.net\/#website"},"primaryImageOfPage":{"@id":"https:\/\/www.latribunedufaso.net\/?p=26826#primaryimage"},"image":{"@id":"https:\/\/www.latribunedufaso.net\/?p=26826#primaryimage"},"thumbnailUrl":"https:\/\/www.latribunedufaso.net\/wp-content\/uploads\/2026\/01\/FB_IMG_1769106859557.jpg","datePublished":"2026-01-22T18:55:50+00:00","breadcrumb":{"@id":"https:\/\/www.latribunedufaso.net\/?p=26826#breadcrumb"},"inLanguage":"fr-FR","potentialAction":[{"@type":"ReadAction","target":["https:\/\/www.latribunedufaso.net\/?p=26826"]}]},{"@type":"ImageObject","inLanguage":"fr-FR","@id":"https:\/\/www.latribunedufaso.net\/?p=26826#primaryimage","url":"https:\/\/www.latribunedufaso.net\/wp-content\/uploads\/2026\/01\/FB_IMG_1769106859557.jpg","contentUrl":"https:\/\/www.latribunedufaso.net\/wp-content\/uploads\/2026\/01\/FB_IMG_1769106859557.jpg","width":2048,"height":1371,"caption":"Conseil des ministres du 22 janvier 2026"},{"@type":"BreadcrumbList","@id":"https:\/\/www.latribunedufaso.net\/?p=26826#breadcrumb","itemListElement":[{"@type":"ListItem","position":1,"name":"Accueil","item":"https:\/\/www.latribunedufaso.net\/"},{"@type":"ListItem","position":2,"name":"Conseil des ministres : Plus de 110 milliards FCFA d\u2019investissements structurants pour acc\u00e9l\u00e9rer le d\u00e9veloppement \u00e9conomique et social en 2026"}]},{"@type":"WebSite","@id":"https:\/\/www.latribunedufaso.net\/#website","url":"https:\/\/www.latribunedufaso.net\/","name":"La Tribune du Faso","description":"L&#039;information du monde rural en un clic","publisher":{"@id":"https:\/\/www.latribunedufaso.net\/#organization"},"potentialAction":[{"@type":"SearchAction","target":{"@type":"EntryPoint","urlTemplate":"https:\/\/www.latribunedufaso.net\/?s={search_term_string}"},"query-input":{"@type":"PropertyValueSpecification","valueRequired":true,"valueName":"search_term_string"}}],"inLanguage":"fr-FR"},{"@type":"Organization","@id":"https:\/\/www.latribunedufaso.net\/#organization","name":"La Tribune du Faso","url":"https:\/\/www.latribunedufaso.net\/","logo":{"@type":"ImageObject","inLanguage":"fr-FR","@id":"https:\/\/www.latribunedufaso.net\/#\/schema\/logo\/image\/","url":"https:\/\/www.latribunedufaso.net\/wp-content\/uploads\/2020\/08\/Logo-Tribune-du-Faso-final-scaled.jpg","contentUrl":"https:\/\/www.latribunedufaso.net\/wp-content\/uploads\/2020\/08\/Logo-Tribune-du-Faso-final-scaled.jpg","width":2560,"height":1856,"caption":"La Tribune du Faso"},"image":{"@id":"https:\/\/www.latribunedufaso.net\/#\/schema\/logo\/image\/"},"sameAs":["https:\/\/www.facebook.com\/LatribuneduFaso\/"]},{"@type":"Person","@id":"https:\/\/www.latribunedufaso.net\/#\/schema\/person\/e54e64c5778a7e72cf80a318b7a622b0","name":"Issouf Tapsoba","image":{"@type":"ImageObject","inLanguage":"fr-FR","@id":"https:\/\/secure.gravatar.com\/avatar\/5e6c05150ce3230247d167f5b94d678eb05936197436d69b7921e3a95c9107ac?s=96&d=mm&r=g","url":"https:\/\/secure.gravatar.com\/avatar\/5e6c05150ce3230247d167f5b94d678eb05936197436d69b7921e3a95c9107ac?s=96&d=mm&r=g","contentUrl":"https:\/\/secure.gravatar.com\/avatar\/5e6c05150ce3230247d167f5b94d678eb05936197436d69b7921e3a95c9107ac?s=96&d=mm&r=g","caption":"Issouf Tapsoba"},"url":"https:\/\/www.latribunedufaso.net\/?author=5"}]}},"_links":{"self":[{"href":"https:\/\/www.latribunedufaso.net\/index.php?rest_route=\/wp\/v2\/posts\/26826","targetHints":{"allow":["GET"]}}],"collection":[{"href":"https:\/\/www.latribunedufaso.net\/index.php?rest_route=\/wp\/v2\/posts"}],"about":[{"href":"https:\/\/www.latribunedufaso.net\/index.php?rest_route=\/wp\/v2\/types\/post"}],"author":[{"embeddable":true,"href":"https:\/\/www.latribunedufaso.net\/index.php?rest_route=\/wp\/v2\/users\/5"}],"replies":[{"embeddable":true,"href":"https:\/\/www.latribunedufaso.net\/index.php?rest_route=%2Fwp%2Fv2%2Fcomments&post=26826"}],"version-history":[{"count":3,"href":"https:\/\/www.latribunedufaso.net\/index.php?rest_route=\/wp\/v2\/posts\/26826\/revisions"}],"predecessor-version":[{"id":26834,"href":"https:\/\/www.latribunedufaso.net\/index.php?rest_route=\/wp\/v2\/posts\/26826\/revisions\/26834"}],"wp:featuredmedia":[{"embeddable":true,"href":"https:\/\/www.latribunedufaso.net\/index.php?rest_route=\/wp\/v2\/media\/26832"}],"wp:attachment":[{"href":"https:\/\/www.latribunedufaso.net\/index.php?rest_route=%2Fwp%2Fv2%2Fmedia&parent=26826"}],"wp:term":[{"taxonomy":"category","embeddable":true,"href":"https:\/\/www.latribunedufaso.net\/index.php?rest_route=%2Fwp%2Fv2%2Fcategories&post=26826"},{"taxonomy":"post_tag","embeddable":true,"href":"https:\/\/www.latribunedufaso.net\/index.php?rest_route=%2Fwp%2Fv2%2Ftags&post=26826"}],"curies":[{"name":"wp","href":"https:\/\/api.w.org\/{rel}","templated":true}]}}