{"id":26784,"date":"2026-01-22T13:28:14","date_gmt":"2026-01-22T13:28:14","guid":{"rendered":"https:\/\/www.latribunedufaso.net\/?p=26784"},"modified":"2026-01-22T17:58:13","modified_gmt":"2026-01-22T17:58:13","slug":"celebration-de-lexcellence-leconomiste-du-faso-distingue-ses-14-personnalites-de-lannee-2025","status":"publish","type":"post","link":"https:\/\/www.latribunedufaso.net\/?p=26784","title":{"rendered":"C\u00e9l\u00e9bration de l&rsquo;excellence : L&rsquo;\u00c9conomiste du Faso distingue ses 14 \u00ab Personnalit\u00e9s de l&rsquo;ann\u00e9e 2025 \u00bb"},"content":{"rendered":"<p><strong>Le journal L&rsquo;\u00c9conomiste du Faso a tenu, le 20 janvier 2026 \u00e0 Ouagadougou, la 2e \u00e9dition de sa prestigieuse c\u00e9r\u00e9monie de distinction des <em>\u00ab Personnalit\u00e9s de l\u2019ann\u00e9e \u00bb<\/em>. Sous le th\u00e8me \u00e9vocateur<em> \u00ab Rythmes et saveurs du terroir \u00bb<\/em>, l&rsquo;\u00e9v\u00e9nement a mis aux en lumi\u00e8re 14 acteurs majeurs de la vie socio-\u00e9conomique du Burkina Faso. La soir\u00e9e a \u00e9t\u00e9 plac\u00e9e sous le patronage du Pr\u00e9sident de l\u2019Assembl\u00e9e l\u00e9gislative de Transition (ALT), le Dr Ousmane Bougouma, repr\u00e9sent\u00e9 par le 4e vice-pr\u00e9sident de l&rsquo;institution, Daouda Diallo.<\/strong><!--more--><\/p>\n<p>L&rsquo;\u00c9conomiste du Faso a honor\u00e9 14 personnes physiques et morales qui se sont illustr\u00e9es par leur impact en 2025. C&rsquo;\u00e9tait au cours d&rsquo;une c\u00e9r\u00e9monie de distinction d\u00e9nomm\u00e9e <em><strong>\u00ab Les Personnalit\u00e9s de l&rsquo;ann\u00e9e \u00bb, <\/strong><\/em>tenue le 20 janvier 2026 \u00e0 Ouagadougou.<\/p>\n<figure id=\"attachment_26796\" aria-describedby=\"caption-attachment-26796\" style=\"width: 2560px\" class=\"wp-caption aligncenter\"><a href=\"https:\/\/www.latribunedufaso.net\/wp-content\/uploads\/2026\/01\/IMG_20260120_224205-scaled.jpg\"><img loading=\"lazy\" decoding=\"async\" class=\"size-full wp-image-26796\" src=\"https:\/\/www.latribunedufaso.net\/wp-content\/uploads\/2026\/01\/IMG_20260120_224205-scaled.jpg\" alt=\"C\u00e9r\u00e9monie de distinction des Personnalit\u00e9s de l'ann\u00e9e 2025 de l'Economiste du Faso, 20 janvier 2026\" width=\"2560\" height=\"1928\" srcset=\"https:\/\/www.latribunedufaso.net\/wp-content\/uploads\/2026\/01\/IMG_20260120_224205-scaled.jpg 2560w, https:\/\/www.latribunedufaso.net\/wp-content\/uploads\/2026\/01\/IMG_20260120_224205-300x226.jpg 300w, https:\/\/www.latribunedufaso.net\/wp-content\/uploads\/2026\/01\/IMG_20260120_224205-1024x771.jpg 1024w, https:\/\/www.latribunedufaso.net\/wp-content\/uploads\/2026\/01\/IMG_20260120_224205-768x578.jpg 768w, https:\/\/www.latribunedufaso.net\/wp-content\/uploads\/2026\/01\/IMG_20260120_224205-1536x1157.jpg 1536w, https:\/\/www.latribunedufaso.net\/wp-content\/uploads\/2026\/01\/IMG_20260120_224205-2048x1542.jpg 2048w\" sizes=\"auto, (max-width: 2560px) 100vw, 2560px\" \/><\/a><figcaption id=\"caption-attachment-26796\" class=\"wp-caption-text\">La Directrice de publication de l&rsquo;Economiste du Faso, Elza Sandrine H\u00e9bi\u00e9 &#8211; Ph. I. Tapsoba<\/figcaption><\/figure>\n<p>Pour la Directrice de publication, Elza Sandrine H\u00e9bi\u00e9, cette initiative d\u00e9passe le simple cadre de l&rsquo;information : <em><strong>\u00ab Notre conviction est simple : le journalisme ne doit pas se limiter \u00e0 informer ou \u00e0 classer des performances. Il doit raconter les efforts, parfois les sacrifices consentis pour b\u00e2tir une \u00e9conomie plus solide et une soci\u00e9t\u00e9 plus r\u00e9siliente. \u00bb<\/strong><\/em><\/p>\n<figure id=\"attachment_26793\" aria-describedby=\"caption-attachment-26793\" style=\"width: 1600px\" class=\"wp-caption aligncenter\"><a href=\"https:\/\/www.latribunedufaso.net\/wp-content\/uploads\/2026\/01\/IMG-20260121-WA0023.jpg\"><img loading=\"lazy\" decoding=\"async\" class=\"size-full wp-image-26793\" src=\"https:\/\/www.latribunedufaso.net\/wp-content\/uploads\/2026\/01\/IMG-20260121-WA0023.jpg\" alt=\"C\u00e9r\u00e9monie de distinction des Personnalit\u00e9s de l'ann\u00e9e 2025 de l'Economiste du Faso, 20 janvier 2026\" width=\"1600\" height=\"1066\" srcset=\"https:\/\/www.latribunedufaso.net\/wp-content\/uploads\/2026\/01\/IMG-20260121-WA0023.jpg 1600w, https:\/\/www.latribunedufaso.net\/wp-content\/uploads\/2026\/01\/IMG-20260121-WA0023-300x200.jpg 300w, https:\/\/www.latribunedufaso.net\/wp-content\/uploads\/2026\/01\/IMG-20260121-WA0023-1024x682.jpg 1024w, https:\/\/www.latribunedufaso.net\/wp-content\/uploads\/2026\/01\/IMG-20260121-WA0023-768x512.jpg 768w, https:\/\/www.latribunedufaso.net\/wp-content\/uploads\/2026\/01\/IMG-20260121-WA0023-1536x1023.jpg 1536w, https:\/\/www.latribunedufaso.net\/wp-content\/uploads\/2026\/01\/IMG-20260121-WA0023-840x560.jpg 840w, https:\/\/www.latribunedufaso.net\/wp-content\/uploads\/2026\/01\/IMG-20260121-WA0023-120x80.jpg 120w, https:\/\/www.latribunedufaso.net\/wp-content\/uploads\/2026\/01\/IMG-20260121-WA0023-360x240.jpg 360w, https:\/\/www.latribunedufaso.net\/wp-content\/uploads\/2026\/01\/IMG-20260121-WA0023-600x400.jpg 600w\" sizes=\"auto, (max-width: 1600px) 100vw, 1600px\" \/><\/a><figcaption id=\"caption-attachment-26793\" class=\"wp-caption-text\">Une vue des participants \u00e0 la c\u00e9r\u00e9monie &#8211; Ph. DR<\/figcaption><\/figure>\n<p>L&rsquo;innovation majeure de cette ann\u00e9e r\u00e9side dans l&rsquo;ancrage culturel de l&rsquo;\u00e9v\u00e9nement. Le th\u00e8me <em><strong>\u00ab Rythmes et saveurs du terroir \u00bb<\/strong><\/em> a impr\u00e9gn\u00e9 la soir\u00e9e, de la gastronomie locale aux tenues traditionnelles, en passant par les prestations artistiques. Sur le plan institutionnel, deux nouvelles cat\u00e9gories ont \u00e9t\u00e9 int\u00e9gr\u00e9es, portant le total \u00e0 14 distinctions.<\/p>\n<h3><strong>Le palmar\u00e8s complet par cat\u00e9gorie :<\/strong><\/h3>\n<ol>\n<li><strong>Culture<\/strong> : Dany Kouyat\u00e9 (pour son sacre au FESPACO 2025)<\/li>\n<li><strong>Sport<\/strong> : Iron Biby<\/li>\n<li><strong>Sant\u00e9<\/strong> : Direction centrale du service de sant\u00e9 des Arm\u00e9es<\/li>\n<li><strong>\u00c9ducation<\/strong> : Dr Kadidiatou Guibweogo\/Sor\u00e9<\/li>\n<li><strong>Soci\u00e9t\u00e9<\/strong> : Tinkuilga Nana (contribution au Faso M\u00eabo)<\/li>\n<li><strong>Agriculture<\/strong> : Inoussa Ou\u00e9draogo (Producteurs semenciers)<\/li>\n<li><strong>Services<\/strong> : Direction G\u00e9n\u00e9rale des Douanes<\/li>\n<li><strong>Commerce<\/strong> : SONABHY<\/li>\n<li><strong>BTP<\/strong> : Maxime Sawadogo (PDG ACME)<\/li>\n<li><strong>Mines<\/strong> : Soleil Ressources International<\/li>\n<li><strong>Industrie<\/strong> : Complexe industriel de d\u00e9tergent FASSI<\/li>\n<li><strong>Assurances<\/strong> : SUNU Assurances<\/li>\n<li><strong>Finances et Bourse<\/strong> : Fidelis Finance<\/li>\n<li><strong>Banque<\/strong> : Banque Postale du Burkina Faso (BPBF).<\/li>\n<\/ol>\n<figure id=\"attachment_26791\" aria-describedby=\"caption-attachment-26791\" style=\"width: 1401px\" class=\"wp-caption aligncenter\"><a href=\"https:\/\/www.latribunedufaso.net\/wp-content\/uploads\/2026\/01\/IMG-20260121-WA0028.jpg\"><img loading=\"lazy\" decoding=\"async\" class=\"size-full wp-image-26791\" src=\"https:\/\/www.latribunedufaso.net\/wp-content\/uploads\/2026\/01\/IMG-20260121-WA0028.jpg\" alt=\"C\u00e9r\u00e9monie de distinction des Personnalit\u00e9s de l'ann\u00e9e 2025 de l'Economiste du Faso, 20 janvier 2026\" width=\"1401\" height=\"1600\" srcset=\"https:\/\/www.latribunedufaso.net\/wp-content\/uploads\/2026\/01\/IMG-20260121-WA0028.jpg 1401w, https:\/\/www.latribunedufaso.net\/wp-content\/uploads\/2026\/01\/IMG-20260121-WA0028-263x300.jpg 263w, https:\/\/www.latribunedufaso.net\/wp-content\/uploads\/2026\/01\/IMG-20260121-WA0028-897x1024.jpg 897w, https:\/\/www.latribunedufaso.net\/wp-content\/uploads\/2026\/01\/IMG-20260121-WA0028-768x877.jpg 768w, https:\/\/www.latribunedufaso.net\/wp-content\/uploads\/2026\/01\/IMG-20260121-WA0028-1345x1536.jpg 1345w\" sizes=\"auto, (max-width: 1401px) 100vw, 1401px\" \/><\/a><figcaption id=\"caption-attachment-26791\" class=\"wp-caption-text\">Le 4e vice-pr\u00e9sident de l&rsquo;ALT, Daouda Diallo, repr\u00e9sentant le pr\u00e9sident de l&rsquo;institution &#8211; Ph. DR<\/figcaption><\/figure>\n<p>Dans son discours lu par Daouda Diallo, le Pr\u00e9sident de l\u2019ALT a salu\u00e9 des <em><strong>\u00ab exemples vivants \u00bb<\/strong><\/em> pour la jeunesse burkinab\u00e8 : <em><strong>\u00ab Vous \u00eates des rep\u00e8res pour notre soci\u00e9t\u00e9, des t\u00e9moins que l&rsquo;engagement sinc\u00e8re et le sens du devoir restent des valeurs fondamentales au Burkina. \u00bb<\/strong><\/em><\/p>\n<figure id=\"attachment_26794\" aria-describedby=\"caption-attachment-26794\" style=\"width: 1261px\" class=\"wp-caption aligncenter\"><a href=\"https:\/\/www.latribunedufaso.net\/wp-content\/uploads\/2026\/01\/IMG-20260121-WA0021.jpg\"><img loading=\"lazy\" decoding=\"async\" class=\"size-full wp-image-26794\" src=\"https:\/\/www.latribunedufaso.net\/wp-content\/uploads\/2026\/01\/IMG-20260121-WA0021.jpg\" alt=\"C\u00e9r\u00e9monie de distinction des Personnalit\u00e9s de l'ann\u00e9e 2025 de l'Economiste du Faso, 20 janvier 2026\" width=\"1261\" height=\"1600\" srcset=\"https:\/\/www.latribunedufaso.net\/wp-content\/uploads\/2026\/01\/IMG-20260121-WA0021.jpg 1261w, https:\/\/www.latribunedufaso.net\/wp-content\/uploads\/2026\/01\/IMG-20260121-WA0021-236x300.jpg 236w, https:\/\/www.latribunedufaso.net\/wp-content\/uploads\/2026\/01\/IMG-20260121-WA0021-807x1024.jpg 807w, https:\/\/www.latribunedufaso.net\/wp-content\/uploads\/2026\/01\/IMG-20260121-WA0021-768x974.jpg 768w, https:\/\/www.latribunedufaso.net\/wp-content\/uploads\/2026\/01\/IMG-20260121-WA0021-1211x1536.jpg 1211w\" sizes=\"auto, (max-width: 1261px) 100vw, 1261px\" \/><\/a><figcaption id=\"caption-attachment-26794\" class=\"wp-caption-text\">La DG de Coris Bank international Burkina Faso, Gis\u00e8le Gumedzoe &#8211; Ph. DR<\/figcaption><\/figure>\n<p>De son c\u00f4t\u00e9, la marraine de la c\u00e9r\u00e9monie, la Directrice g\u00e9n\u00e9rale de Coris Bank International Burkina Faso, Gis\u00e8le Gumedzoe, a r\u00e9affirm\u00e9 l&rsquo;engagement de son institution envers l&rsquo;excellence. <em><strong>\u00ab En soutenant cette initiative, nous affirmons notre attachement \u00e0 une information \u00e9conomique rigoureuse et \u00e0 la mise en lumi\u00e8re des initiatives qui fa\u00e7onnent l&rsquo;avenir de notre pays. \u00bb<\/strong><\/em><\/p>\n<blockquote>\n<p>Lire aussi &gt;&gt; <a href=\"https:\/\/www.latribunedufaso.net\/?p=18316\">C\u00e9r\u00e9monie de distinction des Personnalit\u00e9s de l\u2019ann\u00e9e 2024 : l\u2019Economiste du Faso honore 13 personnes<\/a><\/p>\n<\/blockquote>\n<p>Le ministre charg\u00e9 de la Communication, Gilbert Ou\u00e9draogo, a \u00e9galement tenu \u00e0 f\u00e9liciter L&rsquo;\u00c9conomiste du Faso pour cette contribution essentielle \u00e0 la valorisation de l&rsquo;engagement citoyen.<\/p>\n<p><strong>Issouf TAPSOBA\u00a0<\/strong><\/p>\n<p><strong>Latribunedufaso.net<\/strong><\/p>\n<figure id=\"attachment_26795\" aria-describedby=\"caption-attachment-26795\" style=\"width: 1293px\" class=\"wp-caption aligncenter\"><a href=\"https:\/\/www.latribunedufaso.net\/wp-content\/uploads\/2026\/01\/IMG-20260121-WA0016.jpg\"><img loading=\"lazy\" decoding=\"async\" class=\"size-full wp-image-26795\" src=\"https:\/\/www.latribunedufaso.net\/wp-content\/uploads\/2026\/01\/IMG-20260121-WA0016.jpg\" alt=\"C\u00e9r\u00e9monie de distinction des Personnalit\u00e9s de l'ann\u00e9e 2025 de l'Economiste du Faso, 20 janvier 2026\" width=\"1293\" height=\"1600\" srcset=\"https:\/\/www.latribunedufaso.net\/wp-content\/uploads\/2026\/01\/IMG-20260121-WA0016.jpg 1293w, https:\/\/www.latribunedufaso.net\/wp-content\/uploads\/2026\/01\/IMG-20260121-WA0016-242x300.jpg 242w, https:\/\/www.latribunedufaso.net\/wp-content\/uploads\/2026\/01\/IMG-20260121-WA0016-828x1024.jpg 828w, https:\/\/www.latribunedufaso.net\/wp-content\/uploads\/2026\/01\/IMG-20260121-WA0016-768x950.jpg 768w, https:\/\/www.latribunedufaso.net\/wp-content\/uploads\/2026\/01\/IMG-20260121-WA0016-1241x1536.jpg 1241w\" sizes=\"auto, (max-width: 1293px) 100vw, 1293px\" \/><\/a><figcaption id=\"caption-attachment-26795\" class=\"wp-caption-text\">Le ministre charg\u00e9 de la Communication, Gilbert Ou\u00e9draogo &#8211; Ph. DR<\/figcaption><\/figure>\n<p><a href=\"https:\/\/www.latribunedufaso.net\/wp-content\/uploads\/2026\/01\/IMG-20260121-WA0030.jpg\"><img loading=\"lazy\" decoding=\"async\" class=\"aligncenter size-full wp-image-26790\" src=\"https:\/\/www.latribunedufaso.net\/wp-content\/uploads\/2026\/01\/IMG-20260121-WA0030.jpg\" alt=\"C\u00e9r\u00e9monie de distinction des Personnalit\u00e9s de l'ann\u00e9e 2025 de l'Economiste du Faso, 20 janvier 2026\" width=\"1600\" height=\"1066\" srcset=\"https:\/\/www.latribunedufaso.net\/wp-content\/uploads\/2026\/01\/IMG-20260121-WA0030.jpg 1600w, https:\/\/www.latribunedufaso.net\/wp-content\/uploads\/2026\/01\/IMG-20260121-WA0030-300x200.jpg 300w, https:\/\/www.latribunedufaso.net\/wp-content\/uploads\/2026\/01\/IMG-20260121-WA0030-1024x682.jpg 1024w, https:\/\/www.latribunedufaso.net\/wp-content\/uploads\/2026\/01\/IMG-20260121-WA0030-768x512.jpg 768w, https:\/\/www.latribunedufaso.net\/wp-content\/uploads\/2026\/01\/IMG-20260121-WA0030-1536x1023.jpg 1536w, https:\/\/www.latribunedufaso.net\/wp-content\/uploads\/2026\/01\/IMG-20260121-WA0030-840x560.jpg 840w, https:\/\/www.latribunedufaso.net\/wp-content\/uploads\/2026\/01\/IMG-20260121-WA0030-120x80.jpg 120w, https:\/\/www.latribunedufaso.net\/wp-content\/uploads\/2026\/01\/IMG-20260121-WA0030-360x240.jpg 360w, https:\/\/www.latribunedufaso.net\/wp-content\/uploads\/2026\/01\/IMG-20260121-WA0030-600x400.jpg 600w\" sizes=\"auto, (max-width: 1600px) 100vw, 1600px\" \/><\/a><\/p>\n","protected":false},"excerpt":{"rendered":"<p>Le journal L&rsquo;\u00c9conomiste du Faso a tenu, le 20 janvier 2026 \u00e0 Ouagadougou, la 2e \u00e9dition de sa prestigieuse c\u00e9r\u00e9monie de distinction des \u00ab Personnalit\u00e9s de l\u2019ann\u00e9e \u00bb. Sous le th\u00e8me \u00e9vocateur \u00ab Rythmes et saveurs du terroir \u00bb, l&rsquo;\u00e9v\u00e9nement a mis aux en lumi\u00e8re 14 acteurs majeurs de la vie socio-\u00e9conomique du Burkina Faso. La soir\u00e9e a \u00e9t\u00e9 plac\u00e9e sous le patronage du Pr\u00e9sident de l\u2019Assembl\u00e9e l\u00e9gislative de Transition (ALT), le Dr Ousmane Bougouma, repr\u00e9sent\u00e9 par le 4e vice-pr\u00e9sident de l&rsquo;institution, Daouda Diallo.<\/p>\n","protected":false},"author":5,"featured_media":26792,"comment_status":"open","ping_status":"open","sticky":false,"template":"","format":"standard","meta":{"footnotes":""},"categories":[13,1,8],"tags":[478,39,639],"class_list":["post-26784","post","type-post","status-publish","format-standard","has-post-thumbnail","hentry","category-une","category-actu","category-societe","tag-leconomiste-du-faso","tag-latribunedufaso-net","tag-personnalite-de-lannee-leconomiste-du-faso"],"yoast_head":"<!-- This site is optimized with the Yoast SEO plugin v27.4 - https:\/\/yoast.com\/product\/yoast-seo-wordpress\/ -->\n<title>C\u00e9l\u00e9bration de l&#039;excellence : L&#039;\u00c9conomiste du Faso distingue ses 14 \u00ab Personnalit\u00e9s de l&#039;ann\u00e9e 2025 \u00bb - La Tribune du Faso<\/title>\n<meta name=\"robots\" content=\"index, follow, max-snippet:-1, max-image-preview:large, max-video-preview:-1\" \/>\n<link rel=\"canonical\" href=\"https:\/\/www.latribunedufaso.net\/?p=26784\" \/>\n<meta property=\"og:locale\" content=\"fr_FR\" \/>\n<meta property=\"og:type\" content=\"article\" \/>\n<meta property=\"og:title\" content=\"C\u00e9l\u00e9bration de l&#039;excellence : L&#039;\u00c9conomiste du Faso distingue ses 14 \u00ab Personnalit\u00e9s de l&#039;ann\u00e9e 2025 \u00bb - La Tribune du Faso\" \/>\n<meta property=\"og:description\" content=\"Le journal L&rsquo;\u00c9conomiste du Faso a tenu, le 20 janvier 2026 \u00e0 Ouagadougou, la 2e \u00e9dition de sa prestigieuse c\u00e9r\u00e9monie de distinction des \u00ab Personnalit\u00e9s de l\u2019ann\u00e9e \u00bb. Sous le th\u00e8me \u00e9vocateur \u00ab Rythmes et saveurs du terroir \u00bb, l&rsquo;\u00e9v\u00e9nement a mis aux en lumi\u00e8re 14 acteurs majeurs de la vie socio-\u00e9conomique du Burkina Faso. La soir\u00e9e a \u00e9t\u00e9 plac\u00e9e sous le patronage du Pr\u00e9sident de l\u2019Assembl\u00e9e l\u00e9gislative de Transition (ALT), le Dr Ousmane Bougouma, repr\u00e9sent\u00e9 par le 4e vice-pr\u00e9sident de l&rsquo;institution, Daouda Diallo.\" \/>\n<meta property=\"og:url\" content=\"https:\/\/www.latribunedufaso.net\/?p=26784\" \/>\n<meta property=\"og:site_name\" content=\"La Tribune du Faso\" \/>\n<meta property=\"article:publisher\" content=\"https:\/\/www.facebook.com\/LatribuneduFaso\/\" \/>\n<meta property=\"article:published_time\" content=\"2026-01-22T13:28:14+00:00\" \/>\n<meta property=\"article:modified_time\" content=\"2026-01-22T17:58:13+00:00\" \/>\n<meta property=\"og:image\" content=\"https:\/\/www.latribunedufaso.net\/wp-content\/uploads\/2026\/01\/IMG-20260121-WA0025.jpg\" \/>\n\t<meta property=\"og:image:width\" content=\"1600\" \/>\n\t<meta property=\"og:image:height\" content=\"1066\" \/>\n\t<meta property=\"og:image:type\" content=\"image\/jpeg\" \/>\n<meta name=\"author\" content=\"Issouf Tapsoba\" \/>\n<meta name=\"twitter:label1\" content=\"\u00c9crit par\" \/>\n\t<meta name=\"twitter:data1\" content=\"Issouf Tapsoba\" \/>\n\t<meta name=\"twitter:label2\" content=\"Dur\u00e9e de lecture estim\u00e9e\" \/>\n\t<meta name=\"twitter:data2\" content=\"4 minutes\" \/>\n<script type=\"application\/ld+json\" class=\"yoast-schema-graph\">{\"@context\":\"https:\\\/\\\/schema.org\",\"@graph\":[{\"@type\":\"Article\",\"@id\":\"https:\\\/\\\/www.latribunedufaso.net\\\/?p=26784#article\",\"isPartOf\":{\"@id\":\"https:\\\/\\\/www.latribunedufaso.net\\\/?p=26784\"},\"author\":{\"name\":\"Issouf Tapsoba\",\"@id\":\"https:\\\/\\\/www.latribunedufaso.net\\\/#\\\/schema\\\/person\\\/e54e64c5778a7e72cf80a318b7a622b0\"},\"headline\":\"C\u00e9l\u00e9bration de l&rsquo;excellence : L&rsquo;\u00c9conomiste du Faso distingue ses 14 \u00ab Personnalit\u00e9s de l&rsquo;ann\u00e9e 2025 \u00bb\",\"datePublished\":\"2026-01-22T13:28:14+00:00\",\"dateModified\":\"2026-01-22T17:58:13+00:00\",\"mainEntityOfPage\":{\"@id\":\"https:\\\/\\\/www.latribunedufaso.net\\\/?p=26784\"},\"wordCount\":642,\"commentCount\":0,\"publisher\":{\"@id\":\"https:\\\/\\\/www.latribunedufaso.net\\\/#organization\"},\"image\":{\"@id\":\"https:\\\/\\\/www.latribunedufaso.net\\\/?p=26784#primaryimage\"},\"thumbnailUrl\":\"https:\\\/\\\/www.latribunedufaso.net\\\/wp-content\\\/uploads\\\/2026\\\/01\\\/IMG-20260121-WA0025.jpg\",\"keywords\":[\"l'Economiste du Faso\",\"latribunedufaso.net\",\"Personnalit\u00e9 de l'ann\u00e9e l'Economiste du Faso\"],\"articleSection\":[\"A la une\",\"Actualit\u00e9\",\"Soci\u00e9t\u00e9\"],\"inLanguage\":\"fr-FR\",\"potentialAction\":[{\"@type\":\"CommentAction\",\"name\":\"Comment\",\"target\":[\"https:\\\/\\\/www.latribunedufaso.net\\\/?p=26784#respond\"]}]},{\"@type\":\"WebPage\",\"@id\":\"https:\\\/\\\/www.latribunedufaso.net\\\/?p=26784\",\"url\":\"https:\\\/\\\/www.latribunedufaso.net\\\/?p=26784\",\"name\":\"C\u00e9l\u00e9bration de l'excellence : L'\u00c9conomiste du Faso distingue ses 14 \u00ab Personnalit\u00e9s de l'ann\u00e9e 2025 \u00bb - La Tribune du Faso\",\"isPartOf\":{\"@id\":\"https:\\\/\\\/www.latribunedufaso.net\\\/#website\"},\"primaryImageOfPage\":{\"@id\":\"https:\\\/\\\/www.latribunedufaso.net\\\/?p=26784#primaryimage\"},\"image\":{\"@id\":\"https:\\\/\\\/www.latribunedufaso.net\\\/?p=26784#primaryimage\"},\"thumbnailUrl\":\"https:\\\/\\\/www.latribunedufaso.net\\\/wp-content\\\/uploads\\\/2026\\\/01\\\/IMG-20260121-WA0025.jpg\",\"datePublished\":\"2026-01-22T13:28:14+00:00\",\"dateModified\":\"2026-01-22T17:58:13+00:00\",\"breadcrumb\":{\"@id\":\"https:\\\/\\\/www.latribunedufaso.net\\\/?p=26784#breadcrumb\"},\"inLanguage\":\"fr-FR\",\"potentialAction\":[{\"@type\":\"ReadAction\",\"target\":[\"https:\\\/\\\/www.latribunedufaso.net\\\/?p=26784\"]}]},{\"@type\":\"ImageObject\",\"inLanguage\":\"fr-FR\",\"@id\":\"https:\\\/\\\/www.latribunedufaso.net\\\/?p=26784#primaryimage\",\"url\":\"https:\\\/\\\/www.latribunedufaso.net\\\/wp-content\\\/uploads\\\/2026\\\/01\\\/IMG-20260121-WA0025.jpg\",\"contentUrl\":\"https:\\\/\\\/www.latribunedufaso.net\\\/wp-content\\\/uploads\\\/2026\\\/01\\\/IMG-20260121-WA0025.jpg\",\"width\":1600,\"height\":1066,\"caption\":\"C\u00e9r\u00e9monie de distinction des Personnalit\u00e9s de l'ann\u00e9e 2025 de l'Economiste du Faso, 20 janvier 2026\"},{\"@type\":\"BreadcrumbList\",\"@id\":\"https:\\\/\\\/www.latribunedufaso.net\\\/?p=26784#breadcrumb\",\"itemListElement\":[{\"@type\":\"ListItem\",\"position\":1,\"name\":\"Accueil\",\"item\":\"https:\\\/\\\/www.latribunedufaso.net\\\/\"},{\"@type\":\"ListItem\",\"position\":2,\"name\":\"C\u00e9l\u00e9bration de l&rsquo;excellence : L&rsquo;\u00c9conomiste du Faso distingue ses 14 \u00ab Personnalit\u00e9s de l&rsquo;ann\u00e9e 2025 \u00bb\"}]},{\"@type\":\"WebSite\",\"@id\":\"https:\\\/\\\/www.latribunedufaso.net\\\/#website\",\"url\":\"https:\\\/\\\/www.latribunedufaso.net\\\/\",\"name\":\"La Tribune du Faso\",\"description\":\"L&#039;information du monde rural en un clic\",\"publisher\":{\"@id\":\"https:\\\/\\\/www.latribunedufaso.net\\\/#organization\"},\"potentialAction\":[{\"@type\":\"SearchAction\",\"target\":{\"@type\":\"EntryPoint\",\"urlTemplate\":\"https:\\\/\\\/www.latribunedufaso.net\\\/?s={search_term_string}\"},\"query-input\":{\"@type\":\"PropertyValueSpecification\",\"valueRequired\":true,\"valueName\":\"search_term_string\"}}],\"inLanguage\":\"fr-FR\"},{\"@type\":\"Organization\",\"@id\":\"https:\\\/\\\/www.latribunedufaso.net\\\/#organization\",\"name\":\"La Tribune du Faso\",\"url\":\"https:\\\/\\\/www.latribunedufaso.net\\\/\",\"logo\":{\"@type\":\"ImageObject\",\"inLanguage\":\"fr-FR\",\"@id\":\"https:\\\/\\\/www.latribunedufaso.net\\\/#\\\/schema\\\/logo\\\/image\\\/\",\"url\":\"https:\\\/\\\/www.latribunedufaso.net\\\/wp-content\\\/uploads\\\/2020\\\/08\\\/Logo-Tribune-du-Faso-final-scaled.jpg\",\"contentUrl\":\"https:\\\/\\\/www.latribunedufaso.net\\\/wp-content\\\/uploads\\\/2020\\\/08\\\/Logo-Tribune-du-Faso-final-scaled.jpg\",\"width\":2560,\"height\":1856,\"caption\":\"La Tribune du Faso\"},\"image\":{\"@id\":\"https:\\\/\\\/www.latribunedufaso.net\\\/#\\\/schema\\\/logo\\\/image\\\/\"},\"sameAs\":[\"https:\\\/\\\/www.facebook.com\\\/LatribuneduFaso\\\/\"]},{\"@type\":\"Person\",\"@id\":\"https:\\\/\\\/www.latribunedufaso.net\\\/#\\\/schema\\\/person\\\/e54e64c5778a7e72cf80a318b7a622b0\",\"name\":\"Issouf Tapsoba\",\"image\":{\"@type\":\"ImageObject\",\"inLanguage\":\"fr-FR\",\"@id\":\"https:\\\/\\\/secure.gravatar.com\\\/avatar\\\/5e6c05150ce3230247d167f5b94d678eb05936197436d69b7921e3a95c9107ac?s=96&d=mm&r=g\",\"url\":\"https:\\\/\\\/secure.gravatar.com\\\/avatar\\\/5e6c05150ce3230247d167f5b94d678eb05936197436d69b7921e3a95c9107ac?s=96&d=mm&r=g\",\"contentUrl\":\"https:\\\/\\\/secure.gravatar.com\\\/avatar\\\/5e6c05150ce3230247d167f5b94d678eb05936197436d69b7921e3a95c9107ac?s=96&d=mm&r=g\",\"caption\":\"Issouf Tapsoba\"},\"url\":\"https:\\\/\\\/www.latribunedufaso.net\\\/?author=5\"}]}<\/script>\n<!-- \/ Yoast SEO plugin. -->","yoast_head_json":{"title":"C\u00e9l\u00e9bration de l'excellence : L'\u00c9conomiste du Faso distingue ses 14 \u00ab Personnalit\u00e9s de l'ann\u00e9e 2025 \u00bb - La Tribune du Faso","robots":{"index":"index","follow":"follow","max-snippet":"max-snippet:-1","max-image-preview":"max-image-preview:large","max-video-preview":"max-video-preview:-1"},"canonical":"https:\/\/www.latribunedufaso.net\/?p=26784","og_locale":"fr_FR","og_type":"article","og_title":"C\u00e9l\u00e9bration de l'excellence : L'\u00c9conomiste du Faso distingue ses 14 \u00ab Personnalit\u00e9s de l'ann\u00e9e 2025 \u00bb - La Tribune du Faso","og_description":"Le journal L&rsquo;\u00c9conomiste du Faso a tenu, le 20 janvier 2026 \u00e0 Ouagadougou, la 2e \u00e9dition de sa prestigieuse c\u00e9r\u00e9monie de distinction des \u00ab Personnalit\u00e9s de l\u2019ann\u00e9e \u00bb. Sous le th\u00e8me \u00e9vocateur \u00ab Rythmes et saveurs du terroir \u00bb, l&rsquo;\u00e9v\u00e9nement a mis aux en lumi\u00e8re 14 acteurs majeurs de la vie socio-\u00e9conomique du Burkina Faso. La soir\u00e9e a \u00e9t\u00e9 plac\u00e9e sous le patronage du Pr\u00e9sident de l\u2019Assembl\u00e9e l\u00e9gislative de Transition (ALT), le Dr Ousmane Bougouma, repr\u00e9sent\u00e9 par le 4e vice-pr\u00e9sident de l&rsquo;institution, Daouda Diallo.","og_url":"https:\/\/www.latribunedufaso.net\/?p=26784","og_site_name":"La Tribune du Faso","article_publisher":"https:\/\/www.facebook.com\/LatribuneduFaso\/","article_published_time":"2026-01-22T13:28:14+00:00","article_modified_time":"2026-01-22T17:58:13+00:00","og_image":[{"width":1600,"height":1066,"url":"https:\/\/www.latribunedufaso.net\/wp-content\/uploads\/2026\/01\/IMG-20260121-WA0025.jpg","type":"image\/jpeg"}],"author":"Issouf Tapsoba","twitter_misc":{"\u00c9crit par":"Issouf Tapsoba","Dur\u00e9e de lecture estim\u00e9e":"4 minutes"},"schema":{"@context":"https:\/\/schema.org","@graph":[{"@type":"Article","@id":"https:\/\/www.latribunedufaso.net\/?p=26784#article","isPartOf":{"@id":"https:\/\/www.latribunedufaso.net\/?p=26784"},"author":{"name":"Issouf Tapsoba","@id":"https:\/\/www.latribunedufaso.net\/#\/schema\/person\/e54e64c5778a7e72cf80a318b7a622b0"},"headline":"C\u00e9l\u00e9bration de l&rsquo;excellence : L&rsquo;\u00c9conomiste du Faso distingue ses 14 \u00ab Personnalit\u00e9s de l&rsquo;ann\u00e9e 2025 \u00bb","datePublished":"2026-01-22T13:28:14+00:00","dateModified":"2026-01-22T17:58:13+00:00","mainEntityOfPage":{"@id":"https:\/\/www.latribunedufaso.net\/?p=26784"},"wordCount":642,"commentCount":0,"publisher":{"@id":"https:\/\/www.latribunedufaso.net\/#organization"},"image":{"@id":"https:\/\/www.latribunedufaso.net\/?p=26784#primaryimage"},"thumbnailUrl":"https:\/\/www.latribunedufaso.net\/wp-content\/uploads\/2026\/01\/IMG-20260121-WA0025.jpg","keywords":["l'Economiste du Faso","latribunedufaso.net","Personnalit\u00e9 de l'ann\u00e9e l'Economiste du Faso"],"articleSection":["A la une","Actualit\u00e9","Soci\u00e9t\u00e9"],"inLanguage":"fr-FR","potentialAction":[{"@type":"CommentAction","name":"Comment","target":["https:\/\/www.latribunedufaso.net\/?p=26784#respond"]}]},{"@type":"WebPage","@id":"https:\/\/www.latribunedufaso.net\/?p=26784","url":"https:\/\/www.latribunedufaso.net\/?p=26784","name":"C\u00e9l\u00e9bration de l'excellence : L'\u00c9conomiste du Faso distingue ses 14 \u00ab Personnalit\u00e9s de l'ann\u00e9e 2025 \u00bb - La Tribune du Faso","isPartOf":{"@id":"https:\/\/www.latribunedufaso.net\/#website"},"primaryImageOfPage":{"@id":"https:\/\/www.latribunedufaso.net\/?p=26784#primaryimage"},"image":{"@id":"https:\/\/www.latribunedufaso.net\/?p=26784#primaryimage"},"thumbnailUrl":"https:\/\/www.latribunedufaso.net\/wp-content\/uploads\/2026\/01\/IMG-20260121-WA0025.jpg","datePublished":"2026-01-22T13:28:14+00:00","dateModified":"2026-01-22T17:58:13+00:00","breadcrumb":{"@id":"https:\/\/www.latribunedufaso.net\/?p=26784#breadcrumb"},"inLanguage":"fr-FR","potentialAction":[{"@type":"ReadAction","target":["https:\/\/www.latribunedufaso.net\/?p=26784"]}]},{"@type":"ImageObject","inLanguage":"fr-FR","@id":"https:\/\/www.latribunedufaso.net\/?p=26784#primaryimage","url":"https:\/\/www.latribunedufaso.net\/wp-content\/uploads\/2026\/01\/IMG-20260121-WA0025.jpg","contentUrl":"https:\/\/www.latribunedufaso.net\/wp-content\/uploads\/2026\/01\/IMG-20260121-WA0025.jpg","width":1600,"height":1066,"caption":"C\u00e9r\u00e9monie de distinction des Personnalit\u00e9s de l'ann\u00e9e 2025 de l'Economiste du Faso, 20 janvier 2026"},{"@type":"BreadcrumbList","@id":"https:\/\/www.latribunedufaso.net\/?p=26784#breadcrumb","itemListElement":[{"@type":"ListItem","position":1,"name":"Accueil","item":"https:\/\/www.latribunedufaso.net\/"},{"@type":"ListItem","position":2,"name":"C\u00e9l\u00e9bration de l&rsquo;excellence : L&rsquo;\u00c9conomiste du Faso distingue ses 14 \u00ab Personnalit\u00e9s de l&rsquo;ann\u00e9e 2025 \u00bb"}]},{"@type":"WebSite","@id":"https:\/\/www.latribunedufaso.net\/#website","url":"https:\/\/www.latribunedufaso.net\/","name":"La Tribune du Faso","description":"L&#039;information du monde rural en un clic","publisher":{"@id":"https:\/\/www.latribunedufaso.net\/#organization"},"potentialAction":[{"@type":"SearchAction","target":{"@type":"EntryPoint","urlTemplate":"https:\/\/www.latribunedufaso.net\/?s={search_term_string}"},"query-input":{"@type":"PropertyValueSpecification","valueRequired":true,"valueName":"search_term_string"}}],"inLanguage":"fr-FR"},{"@type":"Organization","@id":"https:\/\/www.latribunedufaso.net\/#organization","name":"La Tribune du Faso","url":"https:\/\/www.latribunedufaso.net\/","logo":{"@type":"ImageObject","inLanguage":"fr-FR","@id":"https:\/\/www.latribunedufaso.net\/#\/schema\/logo\/image\/","url":"https:\/\/www.latribunedufaso.net\/wp-content\/uploads\/2020\/08\/Logo-Tribune-du-Faso-final-scaled.jpg","contentUrl":"https:\/\/www.latribunedufaso.net\/wp-content\/uploads\/2020\/08\/Logo-Tribune-du-Faso-final-scaled.jpg","width":2560,"height":1856,"caption":"La Tribune du Faso"},"image":{"@id":"https:\/\/www.latribunedufaso.net\/#\/schema\/logo\/image\/"},"sameAs":["https:\/\/www.facebook.com\/LatribuneduFaso\/"]},{"@type":"Person","@id":"https:\/\/www.latribunedufaso.net\/#\/schema\/person\/e54e64c5778a7e72cf80a318b7a622b0","name":"Issouf Tapsoba","image":{"@type":"ImageObject","inLanguage":"fr-FR","@id":"https:\/\/secure.gravatar.com\/avatar\/5e6c05150ce3230247d167f5b94d678eb05936197436d69b7921e3a95c9107ac?s=96&d=mm&r=g","url":"https:\/\/secure.gravatar.com\/avatar\/5e6c05150ce3230247d167f5b94d678eb05936197436d69b7921e3a95c9107ac?s=96&d=mm&r=g","contentUrl":"https:\/\/secure.gravatar.com\/avatar\/5e6c05150ce3230247d167f5b94d678eb05936197436d69b7921e3a95c9107ac?s=96&d=mm&r=g","caption":"Issouf Tapsoba"},"url":"https:\/\/www.latribunedufaso.net\/?author=5"}]}},"_links":{"self":[{"href":"https:\/\/www.latribunedufaso.net\/index.php?rest_route=\/wp\/v2\/posts\/26784","targetHints":{"allow":["GET"]}}],"collection":[{"href":"https:\/\/www.latribunedufaso.net\/index.php?rest_route=\/wp\/v2\/posts"}],"about":[{"href":"https:\/\/www.latribunedufaso.net\/index.php?rest_route=\/wp\/v2\/types\/post"}],"author":[{"embeddable":true,"href":"https:\/\/www.latribunedufaso.net\/index.php?rest_route=\/wp\/v2\/users\/5"}],"replies":[{"embeddable":true,"href":"https:\/\/www.latribunedufaso.net\/index.php?rest_route=%2Fwp%2Fv2%2Fcomments&post=26784"}],"version-history":[{"count":5,"href":"https:\/\/www.latribunedufaso.net\/index.php?rest_route=\/wp\/v2\/posts\/26784\/revisions"}],"predecessor-version":[{"id":26814,"href":"https:\/\/www.latribunedufaso.net\/index.php?rest_route=\/wp\/v2\/posts\/26784\/revisions\/26814"}],"wp:featuredmedia":[{"embeddable":true,"href":"https:\/\/www.latribunedufaso.net\/index.php?rest_route=\/wp\/v2\/media\/26792"}],"wp:attachment":[{"href":"https:\/\/www.latribunedufaso.net\/index.php?rest_route=%2Fwp%2Fv2%2Fmedia&parent=26784"}],"wp:term":[{"taxonomy":"category","embeddable":true,"href":"https:\/\/www.latribunedufaso.net\/index.php?rest_route=%2Fwp%2Fv2%2Fcategories&post=26784"},{"taxonomy":"post_tag","embeddable":true,"href":"https:\/\/www.latribunedufaso.net\/index.php?rest_route=%2Fwp%2Fv2%2Ftags&post=26784"}],"curies":[{"name":"wp","href":"https:\/\/api.w.org\/{rel}","templated":true}]}}