{"id":26774,"date":"2026-01-21T14:10:46","date_gmt":"2026-01-21T14:10:46","guid":{"rendered":"https:\/\/www.latribunedufaso.net\/?p=26774"},"modified":"2026-01-21T14:10:46","modified_gmt":"2026-01-21T14:10:46","slug":"dialogue-institutionnel-le-ministre-de-la-justice-et-les-premiers-responsables-de-la-cour-de-cassation-en-tandem-pour-renforcer-le-systeme-judiciaire","status":"publish","type":"post","link":"https:\/\/www.latribunedufaso.net\/?p=26774","title":{"rendered":"Dialogue institutionnel : Le ministre de la Justice et les premiers responsables de la Cour de Cassation en tandem pour renforcer le syst\u00e8me judiciaire\u00a0"},"content":{"rendered":"<p><strong>Le ministre de la Justice, Me Edasso Rodrigue Bayala, accompagn\u00e9 de ses proches collaborateurs, a rendu une visite de courtoisie, le 21 janvier 2026, aux premiers responsables et au personnel de la Cour de Cassation. Cette visite s&rsquo;inscrit dans le cadre des rencontres d&rsquo;\u00e9coute, de dialogue et pr\u00e9sentation de voeux de sant\u00e9, de paix au Faso, et de prosp\u00e9rit\u00e9 du ministre de la Justice aux pr\u00e9sidents des hautes juridictions dont la Cour de Cassation. Le Premier Pr\u00e9sident de la Cour de Cassation, Pascal Bamouni \u00e9tait entour\u00e9 de ses proches collaborateurs pour la circonstance. <\/strong><!--more--><\/p>\n<p>Cette rencontre, empreinte de cordialit\u00e9 et de respect institutionnel, a offert l\u2019occasion au Premier Pr\u00e9sident d\u2019\u00e9voquer, en toute franchise, les difficult\u00e9s qui entravent le bon fonctionnement de la Cour de cassation. Il a \u00e9galement exprim\u00e9 sa profonde satisfaction face \u00e0 cette d\u00e9marche, qu\u2019il qualifie de premi\u00e8re depuis le d\u00e9but de son mandat, se disant honor\u00e9 par cette marque d\u2019attention.<\/p>\n<p>Insistant sur l\u2019importance d\u2019une collaboration \u00e9troite entre le minist\u00e8re de tutelle et les institutions judiciaires, le Premier Pr\u00e9sident a soulign\u00e9 que cette synergie est indispensable \u00e0 la pr\u00e9servation de la s\u00e9r\u00e9nit\u00e9 judiciaire. Au nom de l\u2019ensemble des Conseillers et du personnel de la Cour de Cassation, il a remerci\u00e9 le ministre pour la confiance plac\u00e9e en l\u2019institution ainsi que pour les encouragements constants.<\/p>\n<figure id=\"attachment_26779\" aria-describedby=\"caption-attachment-26779\" style=\"width: 1600px\" class=\"wp-caption aligncenter\"><a href=\"https:\/\/www.latribunedufaso.net\/wp-content\/uploads\/2026\/01\/FB_IMG_1769004195589.jpg\"><img loading=\"lazy\" decoding=\"async\" class=\"size-full wp-image-26779\" src=\"https:\/\/www.latribunedufaso.net\/wp-content\/uploads\/2026\/01\/FB_IMG_1769004195589.jpg\" alt=\"Visite du ministre de la Justice \u00e0 la Cour de Cassation, 21 janvier 2026\" width=\"1600\" height=\"919\" srcset=\"https:\/\/www.latribunedufaso.net\/wp-content\/uploads\/2026\/01\/FB_IMG_1769004195589.jpg 1600w, https:\/\/www.latribunedufaso.net\/wp-content\/uploads\/2026\/01\/FB_IMG_1769004195589-300x172.jpg 300w, https:\/\/www.latribunedufaso.net\/wp-content\/uploads\/2026\/01\/FB_IMG_1769004195589-1024x588.jpg 1024w, https:\/\/www.latribunedufaso.net\/wp-content\/uploads\/2026\/01\/FB_IMG_1769004195589-768x441.jpg 768w, https:\/\/www.latribunedufaso.net\/wp-content\/uploads\/2026\/01\/FB_IMG_1769004195589-1536x882.jpg 1536w\" sizes=\"auto, (max-width: 1600px) 100vw, 1600px\" \/><\/a><figcaption id=\"caption-attachment-26779\" class=\"wp-caption-text\">Une vue des participants \u00e0 la rencontre &#8211; Ph. DR<\/figcaption><\/figure>\n<p>Sans langue de bois, les \u00e9changes ont \u00e9galement port\u00e9 sur les projets en cours ainsi que sur les d\u00e9fis majeurs auxquels la Cour de Cassation est confront\u00e9e. Prenant la parole, le ministre de la Justice a rassur\u00e9 son h\u00f4te quant \u00e0 la prise en compte effective des pr\u00e9occupations soulev\u00e9es.<\/p>\n<p><em><strong>\u00ab En ce qui concerne les difficult\u00e9s que vous rencontrez, nous allons y rem\u00e9dier par \u00e9tape \u00bb<\/strong><\/em>, a-t-il affirm\u00e9.<\/p>\n<blockquote>\n<p>Lire aussi &gt;&gt; <a href=\"https:\/\/www.latribunedufaso.net\/?p=26512\">Justice : Le Pr\u00e9sident Ibrahim Traor\u00e9 accorde une remise de peines \u00e0 963 d\u00e9tenus<\/a><\/p>\n<\/blockquote>\n<p>La visite s\u2019est achev\u00e9e dans un climat de satisfaction mutuelle, t\u00e9moignant de la volont\u00e9 commune de renforcer le fonctionnement de la justice et de consolider l\u2019\u00c9tat de droit.<\/p>\n<p><strong>Latribunedufaso.net<\/strong><\/p>\n<p><strong>Source : DCRP-MJ<\/strong><\/p>\n<p><a href=\"https:\/\/www.latribunedufaso.net\/wp-content\/uploads\/2026\/01\/FB_IMG_1769004212243.jpg\"><img loading=\"lazy\" decoding=\"async\" class=\"aligncenter size-full wp-image-26781\" src=\"https:\/\/www.latribunedufaso.net\/wp-content\/uploads\/2026\/01\/FB_IMG_1769004212243.jpg\" alt=\"Visite du ministre de la Justice \u00e0 la Cour de Cassation, 21 janvier 2026\" width=\"1600\" height=\"1166\" srcset=\"https:\/\/www.latribunedufaso.net\/wp-content\/uploads\/2026\/01\/FB_IMG_1769004212243.jpg 1600w, https:\/\/www.latribunedufaso.net\/wp-content\/uploads\/2026\/01\/FB_IMG_1769004212243-300x219.jpg 300w, https:\/\/www.latribunedufaso.net\/wp-content\/uploads\/2026\/01\/FB_IMG_1769004212243-1024x746.jpg 1024w, https:\/\/www.latribunedufaso.net\/wp-content\/uploads\/2026\/01\/FB_IMG_1769004212243-768x560.jpg 768w, https:\/\/www.latribunedufaso.net\/wp-content\/uploads\/2026\/01\/FB_IMG_1769004212243-1536x1119.jpg 1536w, https:\/\/www.latribunedufaso.net\/wp-content\/uploads\/2026\/01\/FB_IMG_1769004212243-90x65.jpg 90w\" sizes=\"auto, (max-width: 1600px) 100vw, 1600px\" \/><\/a><\/p>\n","protected":false},"excerpt":{"rendered":"<p>Le ministre de la Justice, Me Edasso Rodrigue Bayala, accompagn\u00e9 de ses proches collaborateurs, a rendu une visite de courtoisie, le 21 janvier 2026, aux premiers responsables et au personnel de la Cour de Cassation. Cette visite s&rsquo;inscrit dans le cadre des rencontres d&rsquo;\u00e9coute, de dialogue et pr\u00e9sentation de voeux de sant\u00e9, de paix au Faso, et de prosp\u00e9rit\u00e9 du ministre de la Justice aux pr\u00e9sidents des hautes juridictions dont la Cour de Cassation. Le Premier Pr\u00e9sident de la Cour de Cassation, Pascal Bamouni \u00e9tait entour\u00e9 de ses proches collaborateurs pour la circonstance.<\/p>\n","protected":false},"author":5,"featured_media":26780,"comment_status":"open","ping_status":"open","sticky":false,"template":"","format":"standard","meta":{"footnotes":""},"categories":[13,1,8],"tags":[],"class_list":["post-26774","post","type-post","status-publish","format-standard","has-post-thumbnail","hentry","category-une","category-actu","category-societe"],"yoast_head":"<!-- This site is optimized with the Yoast SEO plugin v27.4 - https:\/\/yoast.com\/product\/yoast-seo-wordpress\/ -->\n<title>Dialogue institutionnel : Le ministre de la Justice et les premiers responsables de la Cour de Cassation en tandem pour renforcer le syst\u00e8me judiciaire\u00a0 - La Tribune du Faso<\/title>\n<meta name=\"robots\" content=\"index, follow, max-snippet:-1, max-image-preview:large, max-video-preview:-1\" \/>\n<link rel=\"canonical\" href=\"https:\/\/www.latribunedufaso.net\/?p=26774\" \/>\n<meta property=\"og:locale\" content=\"fr_FR\" \/>\n<meta property=\"og:type\" content=\"article\" \/>\n<meta property=\"og:title\" content=\"Dialogue institutionnel : Le ministre de la Justice et les premiers responsables de la Cour de Cassation en tandem pour renforcer le syst\u00e8me judiciaire\u00a0 - La Tribune du Faso\" \/>\n<meta property=\"og:description\" content=\"Le ministre de la Justice, Me Edasso Rodrigue Bayala, accompagn\u00e9 de ses proches collaborateurs, a rendu une visite de courtoisie, le 21 janvier 2026, aux premiers responsables et au personnel de la Cour de Cassation. Cette visite s&rsquo;inscrit dans le cadre des rencontres d&rsquo;\u00e9coute, de dialogue et pr\u00e9sentation de voeux de sant\u00e9, de paix au Faso, et de prosp\u00e9rit\u00e9 du ministre de la Justice aux pr\u00e9sidents des hautes juridictions dont la Cour de Cassation. Le Premier Pr\u00e9sident de la Cour de Cassation, Pascal Bamouni \u00e9tait entour\u00e9 de ses proches collaborateurs pour la circonstance.\" \/>\n<meta property=\"og:url\" content=\"https:\/\/www.latribunedufaso.net\/?p=26774\" \/>\n<meta property=\"og:site_name\" content=\"La Tribune du Faso\" \/>\n<meta property=\"article:publisher\" content=\"https:\/\/www.facebook.com\/LatribuneduFaso\/\" \/>\n<meta property=\"article:published_time\" content=\"2026-01-21T14:10:46+00:00\" \/>\n<meta property=\"og:image\" content=\"https:\/\/www.latribunedufaso.net\/wp-content\/uploads\/2026\/01\/IMG_20260121_140441.jpg\" \/>\n\t<meta property=\"og:image:width\" content=\"806\" \/>\n\t<meta property=\"og:image:height\" content=\"604\" \/>\n\t<meta property=\"og:image:type\" content=\"image\/jpeg\" \/>\n<meta name=\"author\" content=\"Issouf Tapsoba\" \/>\n<meta name=\"twitter:label1\" content=\"\u00c9crit par\" \/>\n\t<meta name=\"twitter:data1\" content=\"Issouf Tapsoba\" \/>\n\t<meta name=\"twitter:label2\" content=\"Dur\u00e9e de lecture estim\u00e9e\" \/>\n\t<meta name=\"twitter:data2\" content=\"3 minutes\" \/>\n<script type=\"application\/ld+json\" class=\"yoast-schema-graph\">{\"@context\":\"https:\\\/\\\/schema.org\",\"@graph\":[{\"@type\":\"Article\",\"@id\":\"https:\\\/\\\/www.latribunedufaso.net\\\/?p=26774#article\",\"isPartOf\":{\"@id\":\"https:\\\/\\\/www.latribunedufaso.net\\\/?p=26774\"},\"author\":{\"name\":\"Issouf Tapsoba\",\"@id\":\"https:\\\/\\\/www.latribunedufaso.net\\\/#\\\/schema\\\/person\\\/e54e64c5778a7e72cf80a318b7a622b0\"},\"headline\":\"Dialogue institutionnel : Le ministre de la Justice et les premiers responsables de la Cour de Cassation en tandem pour renforcer le syst\u00e8me judiciaire\u00a0\",\"datePublished\":\"2026-01-21T14:10:46+00:00\",\"mainEntityOfPage\":{\"@id\":\"https:\\\/\\\/www.latribunedufaso.net\\\/?p=26774\"},\"wordCount\":401,\"commentCount\":0,\"publisher\":{\"@id\":\"https:\\\/\\\/www.latribunedufaso.net\\\/#organization\"},\"image\":{\"@id\":\"https:\\\/\\\/www.latribunedufaso.net\\\/?p=26774#primaryimage\"},\"thumbnailUrl\":\"https:\\\/\\\/www.latribunedufaso.net\\\/wp-content\\\/uploads\\\/2026\\\/01\\\/IMG_20260121_140441.jpg\",\"articleSection\":[\"A la une\",\"Actualit\u00e9\",\"Soci\u00e9t\u00e9\"],\"inLanguage\":\"fr-FR\",\"potentialAction\":[{\"@type\":\"CommentAction\",\"name\":\"Comment\",\"target\":[\"https:\\\/\\\/www.latribunedufaso.net\\\/?p=26774#respond\"]}]},{\"@type\":\"WebPage\",\"@id\":\"https:\\\/\\\/www.latribunedufaso.net\\\/?p=26774\",\"url\":\"https:\\\/\\\/www.latribunedufaso.net\\\/?p=26774\",\"name\":\"Dialogue institutionnel : Le ministre de la Justice et les premiers responsables de la Cour de Cassation en tandem pour renforcer le syst\u00e8me judiciaire\u00a0 - La Tribune du Faso\",\"isPartOf\":{\"@id\":\"https:\\\/\\\/www.latribunedufaso.net\\\/#website\"},\"primaryImageOfPage\":{\"@id\":\"https:\\\/\\\/www.latribunedufaso.net\\\/?p=26774#primaryimage\"},\"image\":{\"@id\":\"https:\\\/\\\/www.latribunedufaso.net\\\/?p=26774#primaryimage\"},\"thumbnailUrl\":\"https:\\\/\\\/www.latribunedufaso.net\\\/wp-content\\\/uploads\\\/2026\\\/01\\\/IMG_20260121_140441.jpg\",\"datePublished\":\"2026-01-21T14:10:46+00:00\",\"breadcrumb\":{\"@id\":\"https:\\\/\\\/www.latribunedufaso.net\\\/?p=26774#breadcrumb\"},\"inLanguage\":\"fr-FR\",\"potentialAction\":[{\"@type\":\"ReadAction\",\"target\":[\"https:\\\/\\\/www.latribunedufaso.net\\\/?p=26774\"]}]},{\"@type\":\"ImageObject\",\"inLanguage\":\"fr-FR\",\"@id\":\"https:\\\/\\\/www.latribunedufaso.net\\\/?p=26774#primaryimage\",\"url\":\"https:\\\/\\\/www.latribunedufaso.net\\\/wp-content\\\/uploads\\\/2026\\\/01\\\/IMG_20260121_140441.jpg\",\"contentUrl\":\"https:\\\/\\\/www.latribunedufaso.net\\\/wp-content\\\/uploads\\\/2026\\\/01\\\/IMG_20260121_140441.jpg\",\"width\":806,\"height\":604,\"caption\":\"Visite du ministre de la Justice \u00e0 la Cour de Cassation, 21 janvier 2026\"},{\"@type\":\"BreadcrumbList\",\"@id\":\"https:\\\/\\\/www.latribunedufaso.net\\\/?p=26774#breadcrumb\",\"itemListElement\":[{\"@type\":\"ListItem\",\"position\":1,\"name\":\"Accueil\",\"item\":\"https:\\\/\\\/www.latribunedufaso.net\\\/\"},{\"@type\":\"ListItem\",\"position\":2,\"name\":\"Dialogue institutionnel : Le ministre de la Justice et les premiers responsables de la Cour de Cassation en tandem pour renforcer le syst\u00e8me judiciaire\u00a0\"}]},{\"@type\":\"WebSite\",\"@id\":\"https:\\\/\\\/www.latribunedufaso.net\\\/#website\",\"url\":\"https:\\\/\\\/www.latribunedufaso.net\\\/\",\"name\":\"La Tribune du Faso\",\"description\":\"L&#039;information du monde rural en un clic\",\"publisher\":{\"@id\":\"https:\\\/\\\/www.latribunedufaso.net\\\/#organization\"},\"potentialAction\":[{\"@type\":\"SearchAction\",\"target\":{\"@type\":\"EntryPoint\",\"urlTemplate\":\"https:\\\/\\\/www.latribunedufaso.net\\\/?s={search_term_string}\"},\"query-input\":{\"@type\":\"PropertyValueSpecification\",\"valueRequired\":true,\"valueName\":\"search_term_string\"}}],\"inLanguage\":\"fr-FR\"},{\"@type\":\"Organization\",\"@id\":\"https:\\\/\\\/www.latribunedufaso.net\\\/#organization\",\"name\":\"La Tribune du Faso\",\"url\":\"https:\\\/\\\/www.latribunedufaso.net\\\/\",\"logo\":{\"@type\":\"ImageObject\",\"inLanguage\":\"fr-FR\",\"@id\":\"https:\\\/\\\/www.latribunedufaso.net\\\/#\\\/schema\\\/logo\\\/image\\\/\",\"url\":\"https:\\\/\\\/www.latribunedufaso.net\\\/wp-content\\\/uploads\\\/2020\\\/08\\\/Logo-Tribune-du-Faso-final-scaled.jpg\",\"contentUrl\":\"https:\\\/\\\/www.latribunedufaso.net\\\/wp-content\\\/uploads\\\/2020\\\/08\\\/Logo-Tribune-du-Faso-final-scaled.jpg\",\"width\":2560,\"height\":1856,\"caption\":\"La Tribune du Faso\"},\"image\":{\"@id\":\"https:\\\/\\\/www.latribunedufaso.net\\\/#\\\/schema\\\/logo\\\/image\\\/\"},\"sameAs\":[\"https:\\\/\\\/www.facebook.com\\\/LatribuneduFaso\\\/\"]},{\"@type\":\"Person\",\"@id\":\"https:\\\/\\\/www.latribunedufaso.net\\\/#\\\/schema\\\/person\\\/e54e64c5778a7e72cf80a318b7a622b0\",\"name\":\"Issouf Tapsoba\",\"image\":{\"@type\":\"ImageObject\",\"inLanguage\":\"fr-FR\",\"@id\":\"https:\\\/\\\/secure.gravatar.com\\\/avatar\\\/5e6c05150ce3230247d167f5b94d678eb05936197436d69b7921e3a95c9107ac?s=96&d=mm&r=g\",\"url\":\"https:\\\/\\\/secure.gravatar.com\\\/avatar\\\/5e6c05150ce3230247d167f5b94d678eb05936197436d69b7921e3a95c9107ac?s=96&d=mm&r=g\",\"contentUrl\":\"https:\\\/\\\/secure.gravatar.com\\\/avatar\\\/5e6c05150ce3230247d167f5b94d678eb05936197436d69b7921e3a95c9107ac?s=96&d=mm&r=g\",\"caption\":\"Issouf Tapsoba\"},\"url\":\"https:\\\/\\\/www.latribunedufaso.net\\\/?author=5\"}]}<\/script>\n<!-- \/ Yoast SEO plugin. -->","yoast_head_json":{"title":"Dialogue institutionnel : Le ministre de la Justice et les premiers responsables de la Cour de Cassation en tandem pour renforcer le syst\u00e8me judiciaire\u00a0 - La Tribune du Faso","robots":{"index":"index","follow":"follow","max-snippet":"max-snippet:-1","max-image-preview":"max-image-preview:large","max-video-preview":"max-video-preview:-1"},"canonical":"https:\/\/www.latribunedufaso.net\/?p=26774","og_locale":"fr_FR","og_type":"article","og_title":"Dialogue institutionnel : Le ministre de la Justice et les premiers responsables de la Cour de Cassation en tandem pour renforcer le syst\u00e8me judiciaire\u00a0 - La Tribune du Faso","og_description":"Le ministre de la Justice, Me Edasso Rodrigue Bayala, accompagn\u00e9 de ses proches collaborateurs, a rendu une visite de courtoisie, le 21 janvier 2026, aux premiers responsables et au personnel de la Cour de Cassation. Cette visite s&rsquo;inscrit dans le cadre des rencontres d&rsquo;\u00e9coute, de dialogue et pr\u00e9sentation de voeux de sant\u00e9, de paix au Faso, et de prosp\u00e9rit\u00e9 du ministre de la Justice aux pr\u00e9sidents des hautes juridictions dont la Cour de Cassation. Le Premier Pr\u00e9sident de la Cour de Cassation, Pascal Bamouni \u00e9tait entour\u00e9 de ses proches collaborateurs pour la circonstance.","og_url":"https:\/\/www.latribunedufaso.net\/?p=26774","og_site_name":"La Tribune du Faso","article_publisher":"https:\/\/www.facebook.com\/LatribuneduFaso\/","article_published_time":"2026-01-21T14:10:46+00:00","og_image":[{"width":806,"height":604,"url":"https:\/\/www.latribunedufaso.net\/wp-content\/uploads\/2026\/01\/IMG_20260121_140441.jpg","type":"image\/jpeg"}],"author":"Issouf Tapsoba","twitter_misc":{"\u00c9crit par":"Issouf Tapsoba","Dur\u00e9e de lecture estim\u00e9e":"3 minutes"},"schema":{"@context":"https:\/\/schema.org","@graph":[{"@type":"Article","@id":"https:\/\/www.latribunedufaso.net\/?p=26774#article","isPartOf":{"@id":"https:\/\/www.latribunedufaso.net\/?p=26774"},"author":{"name":"Issouf Tapsoba","@id":"https:\/\/www.latribunedufaso.net\/#\/schema\/person\/e54e64c5778a7e72cf80a318b7a622b0"},"headline":"Dialogue institutionnel : Le ministre de la Justice et les premiers responsables de la Cour de Cassation en tandem pour renforcer le syst\u00e8me judiciaire\u00a0","datePublished":"2026-01-21T14:10:46+00:00","mainEntityOfPage":{"@id":"https:\/\/www.latribunedufaso.net\/?p=26774"},"wordCount":401,"commentCount":0,"publisher":{"@id":"https:\/\/www.latribunedufaso.net\/#organization"},"image":{"@id":"https:\/\/www.latribunedufaso.net\/?p=26774#primaryimage"},"thumbnailUrl":"https:\/\/www.latribunedufaso.net\/wp-content\/uploads\/2026\/01\/IMG_20260121_140441.jpg","articleSection":["A la une","Actualit\u00e9","Soci\u00e9t\u00e9"],"inLanguage":"fr-FR","potentialAction":[{"@type":"CommentAction","name":"Comment","target":["https:\/\/www.latribunedufaso.net\/?p=26774#respond"]}]},{"@type":"WebPage","@id":"https:\/\/www.latribunedufaso.net\/?p=26774","url":"https:\/\/www.latribunedufaso.net\/?p=26774","name":"Dialogue institutionnel : Le ministre de la Justice et les premiers responsables de la Cour de Cassation en tandem pour renforcer le syst\u00e8me judiciaire\u00a0 - La Tribune du Faso","isPartOf":{"@id":"https:\/\/www.latribunedufaso.net\/#website"},"primaryImageOfPage":{"@id":"https:\/\/www.latribunedufaso.net\/?p=26774#primaryimage"},"image":{"@id":"https:\/\/www.latribunedufaso.net\/?p=26774#primaryimage"},"thumbnailUrl":"https:\/\/www.latribunedufaso.net\/wp-content\/uploads\/2026\/01\/IMG_20260121_140441.jpg","datePublished":"2026-01-21T14:10:46+00:00","breadcrumb":{"@id":"https:\/\/www.latribunedufaso.net\/?p=26774#breadcrumb"},"inLanguage":"fr-FR","potentialAction":[{"@type":"ReadAction","target":["https:\/\/www.latribunedufaso.net\/?p=26774"]}]},{"@type":"ImageObject","inLanguage":"fr-FR","@id":"https:\/\/www.latribunedufaso.net\/?p=26774#primaryimage","url":"https:\/\/www.latribunedufaso.net\/wp-content\/uploads\/2026\/01\/IMG_20260121_140441.jpg","contentUrl":"https:\/\/www.latribunedufaso.net\/wp-content\/uploads\/2026\/01\/IMG_20260121_140441.jpg","width":806,"height":604,"caption":"Visite du ministre de la Justice \u00e0 la Cour de Cassation, 21 janvier 2026"},{"@type":"BreadcrumbList","@id":"https:\/\/www.latribunedufaso.net\/?p=26774#breadcrumb","itemListElement":[{"@type":"ListItem","position":1,"name":"Accueil","item":"https:\/\/www.latribunedufaso.net\/"},{"@type":"ListItem","position":2,"name":"Dialogue institutionnel : Le ministre de la Justice et les premiers responsables de la Cour de Cassation en tandem pour renforcer le syst\u00e8me judiciaire\u00a0"}]},{"@type":"WebSite","@id":"https:\/\/www.latribunedufaso.net\/#website","url":"https:\/\/www.latribunedufaso.net\/","name":"La Tribune du Faso","description":"L&#039;information du monde rural en un clic","publisher":{"@id":"https:\/\/www.latribunedufaso.net\/#organization"},"potentialAction":[{"@type":"SearchAction","target":{"@type":"EntryPoint","urlTemplate":"https:\/\/www.latribunedufaso.net\/?s={search_term_string}"},"query-input":{"@type":"PropertyValueSpecification","valueRequired":true,"valueName":"search_term_string"}}],"inLanguage":"fr-FR"},{"@type":"Organization","@id":"https:\/\/www.latribunedufaso.net\/#organization","name":"La Tribune du Faso","url":"https:\/\/www.latribunedufaso.net\/","logo":{"@type":"ImageObject","inLanguage":"fr-FR","@id":"https:\/\/www.latribunedufaso.net\/#\/schema\/logo\/image\/","url":"https:\/\/www.latribunedufaso.net\/wp-content\/uploads\/2020\/08\/Logo-Tribune-du-Faso-final-scaled.jpg","contentUrl":"https:\/\/www.latribunedufaso.net\/wp-content\/uploads\/2020\/08\/Logo-Tribune-du-Faso-final-scaled.jpg","width":2560,"height":1856,"caption":"La Tribune du Faso"},"image":{"@id":"https:\/\/www.latribunedufaso.net\/#\/schema\/logo\/image\/"},"sameAs":["https:\/\/www.facebook.com\/LatribuneduFaso\/"]},{"@type":"Person","@id":"https:\/\/www.latribunedufaso.net\/#\/schema\/person\/e54e64c5778a7e72cf80a318b7a622b0","name":"Issouf Tapsoba","image":{"@type":"ImageObject","inLanguage":"fr-FR","@id":"https:\/\/secure.gravatar.com\/avatar\/5e6c05150ce3230247d167f5b94d678eb05936197436d69b7921e3a95c9107ac?s=96&d=mm&r=g","url":"https:\/\/secure.gravatar.com\/avatar\/5e6c05150ce3230247d167f5b94d678eb05936197436d69b7921e3a95c9107ac?s=96&d=mm&r=g","contentUrl":"https:\/\/secure.gravatar.com\/avatar\/5e6c05150ce3230247d167f5b94d678eb05936197436d69b7921e3a95c9107ac?s=96&d=mm&r=g","caption":"Issouf Tapsoba"},"url":"https:\/\/www.latribunedufaso.net\/?author=5"}]}},"_links":{"self":[{"href":"https:\/\/www.latribunedufaso.net\/index.php?rest_route=\/wp\/v2\/posts\/26774","targetHints":{"allow":["GET"]}}],"collection":[{"href":"https:\/\/www.latribunedufaso.net\/index.php?rest_route=\/wp\/v2\/posts"}],"about":[{"href":"https:\/\/www.latribunedufaso.net\/index.php?rest_route=\/wp\/v2\/types\/post"}],"author":[{"embeddable":true,"href":"https:\/\/www.latribunedufaso.net\/index.php?rest_route=\/wp\/v2\/users\/5"}],"replies":[{"embeddable":true,"href":"https:\/\/www.latribunedufaso.net\/index.php?rest_route=%2Fwp%2Fv2%2Fcomments&post=26774"}],"version-history":[{"count":4,"href":"https:\/\/www.latribunedufaso.net\/index.php?rest_route=\/wp\/v2\/posts\/26774\/revisions"}],"predecessor-version":[{"id":26783,"href":"https:\/\/www.latribunedufaso.net\/index.php?rest_route=\/wp\/v2\/posts\/26774\/revisions\/26783"}],"wp:featuredmedia":[{"embeddable":true,"href":"https:\/\/www.latribunedufaso.net\/index.php?rest_route=\/wp\/v2\/media\/26780"}],"wp:attachment":[{"href":"https:\/\/www.latribunedufaso.net\/index.php?rest_route=%2Fwp%2Fv2%2Fmedia&parent=26774"}],"wp:term":[{"taxonomy":"category","embeddable":true,"href":"https:\/\/www.latribunedufaso.net\/index.php?rest_route=%2Fwp%2Fv2%2Fcategories&post=26774"},{"taxonomy":"post_tag","embeddable":true,"href":"https:\/\/www.latribunedufaso.net\/index.php?rest_route=%2Fwp%2Fv2%2Ftags&post=26774"}],"curies":[{"name":"wp","href":"https:\/\/api.w.org\/{rel}","templated":true}]}}