{"id":26757,"date":"2026-01-21T12:53:42","date_gmt":"2026-01-21T12:53:42","guid":{"rendered":"https:\/\/www.latribunedufaso.net\/?p=26757"},"modified":"2026-01-21T12:53:42","modified_gmt":"2026-01-21T12:53:42","slug":"cooperation-burkina-russie-des-perspectives-prometteuses-pour-2026","status":"publish","type":"post","link":"https:\/\/www.latribunedufaso.net\/?p=26757","title":{"rendered":"Coop\u00e9ration Burkina-Russie : Des perspectives prometteuses pour 2026"},"content":{"rendered":"<p><strong>Le ministre des Affaires \u00e9trang\u00e8res, de la Coop\u00e9ration r\u00e9gionale et des Burkinab\u00e8 de l\u2019ext\u00e9rieur, Karamoko Jean Marie Traor\u00e9, a accord\u00e9 une audience, en fin de journ\u00e9e du mardi 20 janvier 2026, \u00e0 l\u2019Ambassadeur de la F\u00e9d\u00e9ration de Russie au Burkina Faso, Igor Alexandrovitch Martynov.<\/strong><!--more--><\/p>\n<p>Cette premi\u00e8re rencontre de l\u2019ann\u00e9e 2026 entre le chef de la diplomatie burkinab\u00e8 et le diplomate russe a permis d\u2019aborder deux axes majeurs de la coop\u00e9ration bilat\u00e9rale. Il s\u2019agit, d\u2019une part, du renforcement de la base juridique des relations entre le Burkina Faso et la F\u00e9d\u00e9ration de Russie, et d\u2019autre part, des perspectives de coop\u00e9ration entre Moscou et la Conf\u00e9d\u00e9ration des \u00c9tats du Sahel (AES), dont la pr\u00e9sidence est assur\u00e9e par le Burkina Faso.<\/p>\n<figure id=\"attachment_26762\" aria-describedby=\"caption-attachment-26762\" style=\"width: 2048px\" class=\"wp-caption aligncenter\"><a href=\"https:\/\/www.latribunedufaso.net\/wp-content\/uploads\/2026\/01\/FB_IMG_1768999215328.jpg\"><img loading=\"lazy\" decoding=\"async\" class=\"size-full wp-image-26762\" src=\"https:\/\/www.latribunedufaso.net\/wp-content\/uploads\/2026\/01\/FB_IMG_1768999215328.jpg\" alt=\"Le ministre des Affaires \u00e9trang\u00e8res, Jean Marie Traor\u00e9 a accord\u00e9 une audience l'ambassadeur de la Russie, 20 janvier 2026\" width=\"2048\" height=\"1327\" srcset=\"https:\/\/www.latribunedufaso.net\/wp-content\/uploads\/2026\/01\/FB_IMG_1768999215328.jpg 2048w, https:\/\/www.latribunedufaso.net\/wp-content\/uploads\/2026\/01\/FB_IMG_1768999215328-300x194.jpg 300w, https:\/\/www.latribunedufaso.net\/wp-content\/uploads\/2026\/01\/FB_IMG_1768999215328-1024x664.jpg 1024w, https:\/\/www.latribunedufaso.net\/wp-content\/uploads\/2026\/01\/FB_IMG_1768999215328-768x498.jpg 768w, https:\/\/www.latribunedufaso.net\/wp-content\/uploads\/2026\/01\/FB_IMG_1768999215328-1536x995.jpg 1536w\" sizes=\"auto, (max-width: 2048px) 100vw, 2048px\" \/><\/a><figcaption id=\"caption-attachment-26762\" class=\"wp-caption-text\">Le ministre charg\u00e9 des Affaires \u00e9trang\u00e8res, Karamoko Jean Marie Traor\u00e9 &#8211; Ph. DR<\/figcaption><\/figure>\n<p>Le renforcement du cadre juridique des relations bilat\u00e9rales devrait se concr\u00e9tiser par la signature prochaine de deux accords structurants. Le premier porte sur les fondements des relations entre le Burkina Faso et la F\u00e9d\u00e9ration de Russie, tandis que le second pr\u00e9voit la cr\u00e9ation d\u2019une commission intergouvernementale russo-burkinab\u00e8 destin\u00e9e \u00e0 dynamiser la coop\u00e9ration \u00e9conomique et commerciale entre les deux pays.<\/p>\n<p>Au cours des \u00e9changes, l\u2019ambassadeur de la F\u00e9d\u00e9ration de Russie a \u00e9galement r\u00e9affirm\u00e9 la volont\u00e9 de son pays d\u2019accompagner le Burkina Faso durant son mandat \u00e0 la t\u00eate de la conf\u00e9d\u00e9ration AES, notamment dans la lutte contre le terrorisme. Il a, par ailleurs, insist\u00e9 sur l\u2019importance du dialogue entre la CEDEAO et la conf\u00e9d\u00e9ration AES, estimant que <em><strong>\u00ab le dialogue entre ces deux organisations est n\u00e9cessaire pour garantir la s\u00e9curit\u00e9 dans la sous-r\u00e9gion \u00bb.<\/strong><\/em><\/p>\n<figure id=\"attachment_26763\" aria-describedby=\"caption-attachment-26763\" style=\"width: 2048px\" class=\"wp-caption aligncenter\"><a href=\"https:\/\/www.latribunedufaso.net\/wp-content\/uploads\/2026\/01\/FB_IMG_1768999218982.jpg\"><img loading=\"lazy\" decoding=\"async\" class=\"size-full wp-image-26763\" src=\"https:\/\/www.latribunedufaso.net\/wp-content\/uploads\/2026\/01\/FB_IMG_1768999218982.jpg\" alt=\"Le ministre des Affaires \u00e9trang\u00e8res, Jean Marie Traor\u00e9 a accord\u00e9 une audience l'ambassadeur de la Russie, 20 janvier 2026\" width=\"2048\" height=\"1402\" srcset=\"https:\/\/www.latribunedufaso.net\/wp-content\/uploads\/2026\/01\/FB_IMG_1768999218982.jpg 2048w, https:\/\/www.latribunedufaso.net\/wp-content\/uploads\/2026\/01\/FB_IMG_1768999218982-300x205.jpg 300w, https:\/\/www.latribunedufaso.net\/wp-content\/uploads\/2026\/01\/FB_IMG_1768999218982-1024x701.jpg 1024w, https:\/\/www.latribunedufaso.net\/wp-content\/uploads\/2026\/01\/FB_IMG_1768999218982-768x526.jpg 768w, https:\/\/www.latribunedufaso.net\/wp-content\/uploads\/2026\/01\/FB_IMG_1768999218982-1536x1052.jpg 1536w\" sizes=\"auto, (max-width: 2048px) 100vw, 2048px\" \/><\/a><figcaption id=\"caption-attachment-26763\" class=\"wp-caption-text\">L&rsquo;Ambassadeur de la F\u00e9d\u00e9ration de Russie au Burkina Faso, Igor Alexandrovitch Martynov &#8211; Ph. DR<\/figcaption><\/figure>\n<p>En r\u00e9ponse, le ministre des Affaires \u00e9trang\u00e8res a assur\u00e9 son h\u00f4te de l\u2019ouverture des pays membres de la conf\u00e9d\u00e9ration AES au dialogue avec l\u2019ensemble de leurs partenaires, y compris la CEDEAO. Il a pr\u00e9cis\u00e9 qu\u2019en sa qualit\u00e9 de pays pr\u00e9sident de la Conf\u00e9d\u00e9ration, le Burkina Faso travaille actuellement \u00e0 l\u2019\u00e9laboration d\u2019une feuille de route d\u00e9finissant les grandes orientations de son mandat. Ce document, a-t-il indiqu\u00e9, sera soumis \u00e0 l\u2019appr\u00e9ciation des deux autres \u00c9tats membres de la conf\u00e9d\u00e9ration et servira de cadre pour les relations avec la CEDEAO.<\/p>\n<figure id=\"attachment_26764\" aria-describedby=\"caption-attachment-26764\" style=\"width: 2048px\" class=\"wp-caption aligncenter\"><a href=\"https:\/\/www.latribunedufaso.net\/wp-content\/uploads\/2026\/01\/FB_IMG_1768999225904.jpg\"><img loading=\"lazy\" decoding=\"async\" class=\"size-full wp-image-26764\" src=\"https:\/\/www.latribunedufaso.net\/wp-content\/uploads\/2026\/01\/FB_IMG_1768999225904.jpg\" alt=\"Le ministre des Affaires \u00e9trang\u00e8res, Jean Marie Traor\u00e9 a accord\u00e9 une audience l'ambassadeur de la Russie, 20 janvier 2026\" width=\"2048\" height=\"1365\" srcset=\"https:\/\/www.latribunedufaso.net\/wp-content\/uploads\/2026\/01\/FB_IMG_1768999225904.jpg 2048w, https:\/\/www.latribunedufaso.net\/wp-content\/uploads\/2026\/01\/FB_IMG_1768999225904-300x200.jpg 300w, https:\/\/www.latribunedufaso.net\/wp-content\/uploads\/2026\/01\/FB_IMG_1768999225904-1024x683.jpg 1024w, https:\/\/www.latribunedufaso.net\/wp-content\/uploads\/2026\/01\/FB_IMG_1768999225904-768x512.jpg 768w, https:\/\/www.latribunedufaso.net\/wp-content\/uploads\/2026\/01\/FB_IMG_1768999225904-1536x1024.jpg 1536w, https:\/\/www.latribunedufaso.net\/wp-content\/uploads\/2026\/01\/FB_IMG_1768999225904-840x560.jpg 840w, https:\/\/www.latribunedufaso.net\/wp-content\/uploads\/2026\/01\/FB_IMG_1768999225904-120x80.jpg 120w, https:\/\/www.latribunedufaso.net\/wp-content\/uploads\/2026\/01\/FB_IMG_1768999225904-360x240.jpg 360w, https:\/\/www.latribunedufaso.net\/wp-content\/uploads\/2026\/01\/FB_IMG_1768999225904-600x400.jpg 600w\" sizes=\"auto, (max-width: 2048px) 100vw, 2048px\" \/><\/a><figcaption id=\"caption-attachment-26764\" class=\"wp-caption-text\">Photo de famille apr\u00e8s l&rsquo;audience &#8211; Ph. DR<\/figcaption><\/figure>\n<p>Moscou s\u2019est \u00e9galement engag\u00e9 \u00e0 soutenir les positions des d\u00e9cideurs de l\u2019espace conf\u00e9d\u00e9ral au sein des instances internationales, a soulign\u00e9 l\u2019ambassadeur Martynov.<\/p>\n<p>Le ministre Karamoko Jean Marie Traor\u00e9 a salu\u00e9 cet engagement de la F\u00e9d\u00e9ration de Russie, mettant en exergue une coop\u00e9ration en constante consolidation, aussi bien entre le Burkina Faso et la Russie qu\u2019entre Moscou et la conf\u00e9d\u00e9ration AES.<\/p>\n<blockquote>\n<p>Lire aussi &gt;&gt; <a href=\"https:\/\/www.latribunedufaso.net\/?p=25066\">Souverainet\u00e9 \u00e9nerg\u00e9tique : L\u2019ALT autorise la ratification de l\u2019accord de coop\u00e9ration nucl\u00e9aire avec la Russie<\/a><\/p>\n<\/blockquote>\n<p>L\u2019audience a enfin permis d\u2019\u00e9voquer l\u2019organisation, au cours de l\u2019ann\u00e9e 2026, de la prochaine rencontre AES\u2013Russie, dans la perspective de renforcer davantage les liens de coop\u00e9ration entre les deux entit\u00e9s.<\/p>\n<p><strong>Latribunedufaso.net<\/strong><\/p>\n<p><strong>Source : DCRP\/MAE<\/strong><\/p>\n","protected":false},"excerpt":{"rendered":"<p>Le ministre des Affaires \u00e9trang\u00e8res, de la Coop\u00e9ration r\u00e9gionale et des Burkinab\u00e8 de l\u2019ext\u00e9rieur, Karamoko Jean Marie Traor\u00e9, a accord\u00e9 une audience, en fin de journ\u00e9e du mardi 20 janvier 2026, \u00e0 l\u2019Ambassadeur de la F\u00e9d\u00e9ration de Russie au Burkina Faso, Igor Alexandrovitch Martynov.<\/p>\n","protected":false},"author":5,"featured_media":26761,"comment_status":"open","ping_status":"open","sticky":false,"template":"","format":"standard","meta":{"footnotes":""},"categories":[13,1,8],"tags":[240,39],"class_list":["post-26757","post","type-post","status-publish","format-standard","has-post-thumbnail","hentry","category-une","category-actu","category-societe","tag-cooperation-russie-et-burkina","tag-latribunedufaso-net"],"yoast_head":"<!-- This site is optimized with the Yoast SEO plugin v27.4 - https:\/\/yoast.com\/product\/yoast-seo-wordpress\/ -->\n<title>Coop\u00e9ration Burkina-Russie : Des perspectives prometteuses pour 2026 - La Tribune du Faso<\/title>\n<meta name=\"robots\" content=\"index, follow, max-snippet:-1, max-image-preview:large, max-video-preview:-1\" \/>\n<link rel=\"canonical\" href=\"https:\/\/www.latribunedufaso.net\/?p=26757\" \/>\n<meta property=\"og:locale\" content=\"fr_FR\" \/>\n<meta property=\"og:type\" content=\"article\" \/>\n<meta property=\"og:title\" content=\"Coop\u00e9ration Burkina-Russie : Des perspectives prometteuses pour 2026 - La Tribune du Faso\" \/>\n<meta property=\"og:description\" content=\"Le ministre des Affaires \u00e9trang\u00e8res, de la Coop\u00e9ration r\u00e9gionale et des Burkinab\u00e8 de l\u2019ext\u00e9rieur, Karamoko Jean Marie Traor\u00e9, a accord\u00e9 une audience, en fin de journ\u00e9e du mardi 20 janvier 2026, \u00e0 l\u2019Ambassadeur de la F\u00e9d\u00e9ration de Russie au Burkina Faso, Igor Alexandrovitch Martynov.\" \/>\n<meta property=\"og:url\" content=\"https:\/\/www.latribunedufaso.net\/?p=26757\" \/>\n<meta property=\"og:site_name\" content=\"La Tribune du Faso\" \/>\n<meta property=\"article:publisher\" content=\"https:\/\/www.facebook.com\/LatribuneduFaso\/\" \/>\n<meta property=\"article:published_time\" content=\"2026-01-21T12:53:42+00:00\" \/>\n<meta property=\"og:image\" content=\"https:\/\/www.latribunedufaso.net\/wp-content\/uploads\/2026\/01\/FB_IMG_1768999209370.jpg\" \/>\n\t<meta property=\"og:image:width\" content=\"2048\" \/>\n\t<meta property=\"og:image:height\" content=\"1401\" \/>\n\t<meta property=\"og:image:type\" content=\"image\/jpeg\" \/>\n<meta name=\"author\" content=\"Issouf Tapsoba\" \/>\n<meta name=\"twitter:label1\" content=\"\u00c9crit par\" \/>\n\t<meta name=\"twitter:data1\" content=\"Issouf Tapsoba\" \/>\n\t<meta name=\"twitter:label2\" content=\"Dur\u00e9e de lecture estim\u00e9e\" \/>\n\t<meta name=\"twitter:data2\" content=\"4 minutes\" \/>\n<script type=\"application\/ld+json\" class=\"yoast-schema-graph\">{\"@context\":\"https:\\\/\\\/schema.org\",\"@graph\":[{\"@type\":\"Article\",\"@id\":\"https:\\\/\\\/www.latribunedufaso.net\\\/?p=26757#article\",\"isPartOf\":{\"@id\":\"https:\\\/\\\/www.latribunedufaso.net\\\/?p=26757\"},\"author\":{\"name\":\"Issouf Tapsoba\",\"@id\":\"https:\\\/\\\/www.latribunedufaso.net\\\/#\\\/schema\\\/person\\\/e54e64c5778a7e72cf80a318b7a622b0\"},\"headline\":\"Coop\u00e9ration Burkina-Russie : Des perspectives prometteuses pour 2026\",\"datePublished\":\"2026-01-21T12:53:42+00:00\",\"mainEntityOfPage\":{\"@id\":\"https:\\\/\\\/www.latribunedufaso.net\\\/?p=26757\"},\"wordCount\":601,\"commentCount\":0,\"publisher\":{\"@id\":\"https:\\\/\\\/www.latribunedufaso.net\\\/#organization\"},\"image\":{\"@id\":\"https:\\\/\\\/www.latribunedufaso.net\\\/?p=26757#primaryimage\"},\"thumbnailUrl\":\"https:\\\/\\\/www.latribunedufaso.net\\\/wp-content\\\/uploads\\\/2026\\\/01\\\/FB_IMG_1768999209370.jpg\",\"keywords\":[\"coop\u00e9ration Russie et Burkina\",\"latribunedufaso.net\"],\"articleSection\":[\"A la une\",\"Actualit\u00e9\",\"Soci\u00e9t\u00e9\"],\"inLanguage\":\"fr-FR\",\"potentialAction\":[{\"@type\":\"CommentAction\",\"name\":\"Comment\",\"target\":[\"https:\\\/\\\/www.latribunedufaso.net\\\/?p=26757#respond\"]}]},{\"@type\":\"WebPage\",\"@id\":\"https:\\\/\\\/www.latribunedufaso.net\\\/?p=26757\",\"url\":\"https:\\\/\\\/www.latribunedufaso.net\\\/?p=26757\",\"name\":\"Coop\u00e9ration Burkina-Russie : Des perspectives prometteuses pour 2026 - La Tribune du Faso\",\"isPartOf\":{\"@id\":\"https:\\\/\\\/www.latribunedufaso.net\\\/#website\"},\"primaryImageOfPage\":{\"@id\":\"https:\\\/\\\/www.latribunedufaso.net\\\/?p=26757#primaryimage\"},\"image\":{\"@id\":\"https:\\\/\\\/www.latribunedufaso.net\\\/?p=26757#primaryimage\"},\"thumbnailUrl\":\"https:\\\/\\\/www.latribunedufaso.net\\\/wp-content\\\/uploads\\\/2026\\\/01\\\/FB_IMG_1768999209370.jpg\",\"datePublished\":\"2026-01-21T12:53:42+00:00\",\"breadcrumb\":{\"@id\":\"https:\\\/\\\/www.latribunedufaso.net\\\/?p=26757#breadcrumb\"},\"inLanguage\":\"fr-FR\",\"potentialAction\":[{\"@type\":\"ReadAction\",\"target\":[\"https:\\\/\\\/www.latribunedufaso.net\\\/?p=26757\"]}]},{\"@type\":\"ImageObject\",\"inLanguage\":\"fr-FR\",\"@id\":\"https:\\\/\\\/www.latribunedufaso.net\\\/?p=26757#primaryimage\",\"url\":\"https:\\\/\\\/www.latribunedufaso.net\\\/wp-content\\\/uploads\\\/2026\\\/01\\\/FB_IMG_1768999209370.jpg\",\"contentUrl\":\"https:\\\/\\\/www.latribunedufaso.net\\\/wp-content\\\/uploads\\\/2026\\\/01\\\/FB_IMG_1768999209370.jpg\",\"width\":2048,\"height\":1401,\"caption\":\"Le ministre des Affaires \u00e9trang\u00e8res, Jean Marie Traor\u00e9 a accord\u00e9 une audience l'ambassadeur de la Russie, 20 janvier 2026\"},{\"@type\":\"BreadcrumbList\",\"@id\":\"https:\\\/\\\/www.latribunedufaso.net\\\/?p=26757#breadcrumb\",\"itemListElement\":[{\"@type\":\"ListItem\",\"position\":1,\"name\":\"Accueil\",\"item\":\"https:\\\/\\\/www.latribunedufaso.net\\\/\"},{\"@type\":\"ListItem\",\"position\":2,\"name\":\"Coop\u00e9ration Burkina-Russie : Des perspectives prometteuses pour 2026\"}]},{\"@type\":\"WebSite\",\"@id\":\"https:\\\/\\\/www.latribunedufaso.net\\\/#website\",\"url\":\"https:\\\/\\\/www.latribunedufaso.net\\\/\",\"name\":\"La Tribune du Faso\",\"description\":\"L&#039;information du monde rural en un clic\",\"publisher\":{\"@id\":\"https:\\\/\\\/www.latribunedufaso.net\\\/#organization\"},\"potentialAction\":[{\"@type\":\"SearchAction\",\"target\":{\"@type\":\"EntryPoint\",\"urlTemplate\":\"https:\\\/\\\/www.latribunedufaso.net\\\/?s={search_term_string}\"},\"query-input\":{\"@type\":\"PropertyValueSpecification\",\"valueRequired\":true,\"valueName\":\"search_term_string\"}}],\"inLanguage\":\"fr-FR\"},{\"@type\":\"Organization\",\"@id\":\"https:\\\/\\\/www.latribunedufaso.net\\\/#organization\",\"name\":\"La Tribune du Faso\",\"url\":\"https:\\\/\\\/www.latribunedufaso.net\\\/\",\"logo\":{\"@type\":\"ImageObject\",\"inLanguage\":\"fr-FR\",\"@id\":\"https:\\\/\\\/www.latribunedufaso.net\\\/#\\\/schema\\\/logo\\\/image\\\/\",\"url\":\"https:\\\/\\\/www.latribunedufaso.net\\\/wp-content\\\/uploads\\\/2020\\\/08\\\/Logo-Tribune-du-Faso-final-scaled.jpg\",\"contentUrl\":\"https:\\\/\\\/www.latribunedufaso.net\\\/wp-content\\\/uploads\\\/2020\\\/08\\\/Logo-Tribune-du-Faso-final-scaled.jpg\",\"width\":2560,\"height\":1856,\"caption\":\"La Tribune du Faso\"},\"image\":{\"@id\":\"https:\\\/\\\/www.latribunedufaso.net\\\/#\\\/schema\\\/logo\\\/image\\\/\"},\"sameAs\":[\"https:\\\/\\\/www.facebook.com\\\/LatribuneduFaso\\\/\"]},{\"@type\":\"Person\",\"@id\":\"https:\\\/\\\/www.latribunedufaso.net\\\/#\\\/schema\\\/person\\\/e54e64c5778a7e72cf80a318b7a622b0\",\"name\":\"Issouf Tapsoba\",\"image\":{\"@type\":\"ImageObject\",\"inLanguage\":\"fr-FR\",\"@id\":\"https:\\\/\\\/secure.gravatar.com\\\/avatar\\\/5e6c05150ce3230247d167f5b94d678eb05936197436d69b7921e3a95c9107ac?s=96&d=mm&r=g\",\"url\":\"https:\\\/\\\/secure.gravatar.com\\\/avatar\\\/5e6c05150ce3230247d167f5b94d678eb05936197436d69b7921e3a95c9107ac?s=96&d=mm&r=g\",\"contentUrl\":\"https:\\\/\\\/secure.gravatar.com\\\/avatar\\\/5e6c05150ce3230247d167f5b94d678eb05936197436d69b7921e3a95c9107ac?s=96&d=mm&r=g\",\"caption\":\"Issouf Tapsoba\"},\"url\":\"https:\\\/\\\/www.latribunedufaso.net\\\/?author=5\"}]}<\/script>\n<!-- \/ Yoast SEO plugin. -->","yoast_head_json":{"title":"Coop\u00e9ration Burkina-Russie : Des perspectives prometteuses pour 2026 - La Tribune du Faso","robots":{"index":"index","follow":"follow","max-snippet":"max-snippet:-1","max-image-preview":"max-image-preview:large","max-video-preview":"max-video-preview:-1"},"canonical":"https:\/\/www.latribunedufaso.net\/?p=26757","og_locale":"fr_FR","og_type":"article","og_title":"Coop\u00e9ration Burkina-Russie : Des perspectives prometteuses pour 2026 - La Tribune du Faso","og_description":"Le ministre des Affaires \u00e9trang\u00e8res, de la Coop\u00e9ration r\u00e9gionale et des Burkinab\u00e8 de l\u2019ext\u00e9rieur, Karamoko Jean Marie Traor\u00e9, a accord\u00e9 une audience, en fin de journ\u00e9e du mardi 20 janvier 2026, \u00e0 l\u2019Ambassadeur de la F\u00e9d\u00e9ration de Russie au Burkina Faso, Igor Alexandrovitch Martynov.","og_url":"https:\/\/www.latribunedufaso.net\/?p=26757","og_site_name":"La Tribune du Faso","article_publisher":"https:\/\/www.facebook.com\/LatribuneduFaso\/","article_published_time":"2026-01-21T12:53:42+00:00","og_image":[{"width":2048,"height":1401,"url":"https:\/\/www.latribunedufaso.net\/wp-content\/uploads\/2026\/01\/FB_IMG_1768999209370.jpg","type":"image\/jpeg"}],"author":"Issouf Tapsoba","twitter_misc":{"\u00c9crit par":"Issouf Tapsoba","Dur\u00e9e de lecture estim\u00e9e":"4 minutes"},"schema":{"@context":"https:\/\/schema.org","@graph":[{"@type":"Article","@id":"https:\/\/www.latribunedufaso.net\/?p=26757#article","isPartOf":{"@id":"https:\/\/www.latribunedufaso.net\/?p=26757"},"author":{"name":"Issouf Tapsoba","@id":"https:\/\/www.latribunedufaso.net\/#\/schema\/person\/e54e64c5778a7e72cf80a318b7a622b0"},"headline":"Coop\u00e9ration Burkina-Russie : Des perspectives prometteuses pour 2026","datePublished":"2026-01-21T12:53:42+00:00","mainEntityOfPage":{"@id":"https:\/\/www.latribunedufaso.net\/?p=26757"},"wordCount":601,"commentCount":0,"publisher":{"@id":"https:\/\/www.latribunedufaso.net\/#organization"},"image":{"@id":"https:\/\/www.latribunedufaso.net\/?p=26757#primaryimage"},"thumbnailUrl":"https:\/\/www.latribunedufaso.net\/wp-content\/uploads\/2026\/01\/FB_IMG_1768999209370.jpg","keywords":["coop\u00e9ration Russie et Burkina","latribunedufaso.net"],"articleSection":["A la une","Actualit\u00e9","Soci\u00e9t\u00e9"],"inLanguage":"fr-FR","potentialAction":[{"@type":"CommentAction","name":"Comment","target":["https:\/\/www.latribunedufaso.net\/?p=26757#respond"]}]},{"@type":"WebPage","@id":"https:\/\/www.latribunedufaso.net\/?p=26757","url":"https:\/\/www.latribunedufaso.net\/?p=26757","name":"Coop\u00e9ration Burkina-Russie : Des perspectives prometteuses pour 2026 - La Tribune du Faso","isPartOf":{"@id":"https:\/\/www.latribunedufaso.net\/#website"},"primaryImageOfPage":{"@id":"https:\/\/www.latribunedufaso.net\/?p=26757#primaryimage"},"image":{"@id":"https:\/\/www.latribunedufaso.net\/?p=26757#primaryimage"},"thumbnailUrl":"https:\/\/www.latribunedufaso.net\/wp-content\/uploads\/2026\/01\/FB_IMG_1768999209370.jpg","datePublished":"2026-01-21T12:53:42+00:00","breadcrumb":{"@id":"https:\/\/www.latribunedufaso.net\/?p=26757#breadcrumb"},"inLanguage":"fr-FR","potentialAction":[{"@type":"ReadAction","target":["https:\/\/www.latribunedufaso.net\/?p=26757"]}]},{"@type":"ImageObject","inLanguage":"fr-FR","@id":"https:\/\/www.latribunedufaso.net\/?p=26757#primaryimage","url":"https:\/\/www.latribunedufaso.net\/wp-content\/uploads\/2026\/01\/FB_IMG_1768999209370.jpg","contentUrl":"https:\/\/www.latribunedufaso.net\/wp-content\/uploads\/2026\/01\/FB_IMG_1768999209370.jpg","width":2048,"height":1401,"caption":"Le ministre des Affaires \u00e9trang\u00e8res, Jean Marie Traor\u00e9 a accord\u00e9 une audience l'ambassadeur de la Russie, 20 janvier 2026"},{"@type":"BreadcrumbList","@id":"https:\/\/www.latribunedufaso.net\/?p=26757#breadcrumb","itemListElement":[{"@type":"ListItem","position":1,"name":"Accueil","item":"https:\/\/www.latribunedufaso.net\/"},{"@type":"ListItem","position":2,"name":"Coop\u00e9ration Burkina-Russie : Des perspectives prometteuses pour 2026"}]},{"@type":"WebSite","@id":"https:\/\/www.latribunedufaso.net\/#website","url":"https:\/\/www.latribunedufaso.net\/","name":"La Tribune du Faso","description":"L&#039;information du monde rural en un clic","publisher":{"@id":"https:\/\/www.latribunedufaso.net\/#organization"},"potentialAction":[{"@type":"SearchAction","target":{"@type":"EntryPoint","urlTemplate":"https:\/\/www.latribunedufaso.net\/?s={search_term_string}"},"query-input":{"@type":"PropertyValueSpecification","valueRequired":true,"valueName":"search_term_string"}}],"inLanguage":"fr-FR"},{"@type":"Organization","@id":"https:\/\/www.latribunedufaso.net\/#organization","name":"La Tribune du Faso","url":"https:\/\/www.latribunedufaso.net\/","logo":{"@type":"ImageObject","inLanguage":"fr-FR","@id":"https:\/\/www.latribunedufaso.net\/#\/schema\/logo\/image\/","url":"https:\/\/www.latribunedufaso.net\/wp-content\/uploads\/2020\/08\/Logo-Tribune-du-Faso-final-scaled.jpg","contentUrl":"https:\/\/www.latribunedufaso.net\/wp-content\/uploads\/2020\/08\/Logo-Tribune-du-Faso-final-scaled.jpg","width":2560,"height":1856,"caption":"La Tribune du Faso"},"image":{"@id":"https:\/\/www.latribunedufaso.net\/#\/schema\/logo\/image\/"},"sameAs":["https:\/\/www.facebook.com\/LatribuneduFaso\/"]},{"@type":"Person","@id":"https:\/\/www.latribunedufaso.net\/#\/schema\/person\/e54e64c5778a7e72cf80a318b7a622b0","name":"Issouf Tapsoba","image":{"@type":"ImageObject","inLanguage":"fr-FR","@id":"https:\/\/secure.gravatar.com\/avatar\/5e6c05150ce3230247d167f5b94d678eb05936197436d69b7921e3a95c9107ac?s=96&d=mm&r=g","url":"https:\/\/secure.gravatar.com\/avatar\/5e6c05150ce3230247d167f5b94d678eb05936197436d69b7921e3a95c9107ac?s=96&d=mm&r=g","contentUrl":"https:\/\/secure.gravatar.com\/avatar\/5e6c05150ce3230247d167f5b94d678eb05936197436d69b7921e3a95c9107ac?s=96&d=mm&r=g","caption":"Issouf Tapsoba"},"url":"https:\/\/www.latribunedufaso.net\/?author=5"}]}},"_links":{"self":[{"href":"https:\/\/www.latribunedufaso.net\/index.php?rest_route=\/wp\/v2\/posts\/26757","targetHints":{"allow":["GET"]}}],"collection":[{"href":"https:\/\/www.latribunedufaso.net\/index.php?rest_route=\/wp\/v2\/posts"}],"about":[{"href":"https:\/\/www.latribunedufaso.net\/index.php?rest_route=\/wp\/v2\/types\/post"}],"author":[{"embeddable":true,"href":"https:\/\/www.latribunedufaso.net\/index.php?rest_route=\/wp\/v2\/users\/5"}],"replies":[{"embeddable":true,"href":"https:\/\/www.latribunedufaso.net\/index.php?rest_route=%2Fwp%2Fv2%2Fcomments&post=26757"}],"version-history":[{"count":4,"href":"https:\/\/www.latribunedufaso.net\/index.php?rest_route=\/wp\/v2\/posts\/26757\/revisions"}],"predecessor-version":[{"id":26766,"href":"https:\/\/www.latribunedufaso.net\/index.php?rest_route=\/wp\/v2\/posts\/26757\/revisions\/26766"}],"wp:featuredmedia":[{"embeddable":true,"href":"https:\/\/www.latribunedufaso.net\/index.php?rest_route=\/wp\/v2\/media\/26761"}],"wp:attachment":[{"href":"https:\/\/www.latribunedufaso.net\/index.php?rest_route=%2Fwp%2Fv2%2Fmedia&parent=26757"}],"wp:term":[{"taxonomy":"category","embeddable":true,"href":"https:\/\/www.latribunedufaso.net\/index.php?rest_route=%2Fwp%2Fv2%2Fcategories&post=26757"},{"taxonomy":"post_tag","embeddable":true,"href":"https:\/\/www.latribunedufaso.net\/index.php?rest_route=%2Fwp%2Fv2%2Ftags&post=26757"}],"curies":[{"name":"wp","href":"https:\/\/api.w.org\/{rel}","templated":true}]}}