{"id":26746,"date":"2026-01-21T12:27:28","date_gmt":"2026-01-21T12:27:28","guid":{"rendered":"https:\/\/www.latribunedufaso.net\/?p=26746"},"modified":"2026-01-21T12:27:28","modified_gmt":"2026-01-21T12:27:28","slug":"developpement-de-la-filiere-betail-viande-un-abattoir-moderne-de-pres-de-3-milliards-fcfa-en-construction-a-banfora","status":"publish","type":"post","link":"https:\/\/www.latribunedufaso.net\/?p=26746","title":{"rendered":"D\u00e9veloppement de la fili\u00e8re b\u00e9tail-viande : Un abattoir moderne de pr\u00e8s de 3 milliards FCFA en construction \u00e0 Banfora\u00a0"},"content":{"rendered":"<p><strong>La fili\u00e8re b\u00e9tail-viande conna\u00eetra un essor significatif \u00e0 l\u2019horizon 2026 gr\u00e2ce \u00e0 la construction et \u00e0 la r\u00e9habilitation de plusieurs abattoirs modernes \u00e0 travers le pays. Dans ce cadre, le ministre d\u2019\u00c9tat, ministre de l\u2019Agriculture, de l\u2019Eau et des Ressources animales et halieutiques, le Commandant Isma\u00ebl Sombi\u00e9, a effectu\u00e9, le lundi 19 janvier 2026, une visite du chantier de l\u2019abattoir moderne de Banfora.<\/strong><!--more--><\/p>\n<p>D\u2019un co\u00fbt global estim\u00e9 \u00e0 plus de 2,7 milliards de FCFA, cette infrastructure est r\u00e9alis\u00e9e sur une superficie de 4 hectares, avec un d\u00e9lai d\u2019ex\u00e9cution de 18 mois. Elle comprendra notamment une unit\u00e9 d\u2019abattage \u00e9quip\u00e9e de deux lignes compl\u00e8tes permettant le traitement quotidien de 50 bovins et de 100 petits ruminants, ainsi qu\u2019une autre unit\u00e9 dot\u00e9e d\u2019une ligne compl\u00e8te destin\u00e9e \u00e0 l\u2019abattage de 25 porcs par jour.<\/p>\n<figure id=\"attachment_26753\" aria-describedby=\"caption-attachment-26753\" style=\"width: 1280px\" class=\"wp-caption aligncenter\"><a href=\"https:\/\/www.latribunedufaso.net\/wp-content\/uploads\/2026\/01\/FB_IMG_1768997844977.jpg\"><img loading=\"lazy\" decoding=\"async\" class=\"size-full wp-image-26753\" src=\"https:\/\/www.latribunedufaso.net\/wp-content\/uploads\/2026\/01\/FB_IMG_1768997844977.jpg\" alt=\"Construction de l'abattoir de Banfora, 19 janvier 2026\" width=\"1280\" height=\"853\" srcset=\"https:\/\/www.latribunedufaso.net\/wp-content\/uploads\/2026\/01\/FB_IMG_1768997844977.jpg 1280w, https:\/\/www.latribunedufaso.net\/wp-content\/uploads\/2026\/01\/FB_IMG_1768997844977-300x200.jpg 300w, https:\/\/www.latribunedufaso.net\/wp-content\/uploads\/2026\/01\/FB_IMG_1768997844977-1024x682.jpg 1024w, https:\/\/www.latribunedufaso.net\/wp-content\/uploads\/2026\/01\/FB_IMG_1768997844977-768x512.jpg 768w, https:\/\/www.latribunedufaso.net\/wp-content\/uploads\/2026\/01\/FB_IMG_1768997844977-840x560.jpg 840w, https:\/\/www.latribunedufaso.net\/wp-content\/uploads\/2026\/01\/FB_IMG_1768997844977-120x80.jpg 120w, https:\/\/www.latribunedufaso.net\/wp-content\/uploads\/2026\/01\/FB_IMG_1768997844977-360x240.jpg 360w, https:\/\/www.latribunedufaso.net\/wp-content\/uploads\/2026\/01\/FB_IMG_1768997844977-600x400.jpg 600w\" sizes=\"auto, (max-width: 1280px) 100vw, 1280px\" \/><\/a><figcaption id=\"caption-attachment-26753\" class=\"wp-caption-text\">Le ministre a exhort\u00e9 l\u2019ensemble des acteurs de la r\u00e9gion \u00e0 l\u2019engagement, \u00e0 la synergie d\u2019actions et \u00e0 l\u2019unit\u00e9 &#8211; Ph. DR<\/figcaption><\/figure>\n<p>Le complexe int\u00e9grera \u00e9galement un dispositif d\u2019incin\u00e9ration, une lagune d\u2019\u00e9puration des eaux us\u00e9es, des parcs de stabulation pour bovins, petits ruminants et porcins, ainsi que d\u2019autres \u00e9quipements modernes r\u00e9pondant aux normes sanitaires en vigueur.<\/p>\n<p>La r\u00e9alisation de ces infrastructures traduit la volont\u00e9 du Gouvernement d\u2019insuffler une nouvelle dynamique \u00e0 la fili\u00e8re b\u00e9tail-viande, notamment \u00e0 travers la cr\u00e9ation de l\u2019Agence Faso Abattoir (AFA), d\u00e9di\u00e9e \u00e0 la modernisation du secteur et \u00e0 la valorisation des sous-produits de l\u2019\u00e9levage.<\/p>\n<figure id=\"attachment_26752\" aria-describedby=\"caption-attachment-26752\" style=\"width: 1280px\" class=\"wp-caption aligncenter\"><a href=\"https:\/\/www.latribunedufaso.net\/wp-content\/uploads\/2026\/01\/FB_IMG_1768997839068.jpg\"><img loading=\"lazy\" decoding=\"async\" class=\"size-full wp-image-26752\" src=\"https:\/\/www.latribunedufaso.net\/wp-content\/uploads\/2026\/01\/FB_IMG_1768997839068.jpg\" alt=\"Construction de l'abattoir de Banfora, 19 janvier 2026\" width=\"1280\" height=\"853\" srcset=\"https:\/\/www.latribunedufaso.net\/wp-content\/uploads\/2026\/01\/FB_IMG_1768997839068.jpg 1280w, https:\/\/www.latribunedufaso.net\/wp-content\/uploads\/2026\/01\/FB_IMG_1768997839068-300x200.jpg 300w, https:\/\/www.latribunedufaso.net\/wp-content\/uploads\/2026\/01\/FB_IMG_1768997839068-1024x682.jpg 1024w, https:\/\/www.latribunedufaso.net\/wp-content\/uploads\/2026\/01\/FB_IMG_1768997839068-768x512.jpg 768w, https:\/\/www.latribunedufaso.net\/wp-content\/uploads\/2026\/01\/FB_IMG_1768997839068-840x560.jpg 840w, https:\/\/www.latribunedufaso.net\/wp-content\/uploads\/2026\/01\/FB_IMG_1768997839068-120x80.jpg 120w, https:\/\/www.latribunedufaso.net\/wp-content\/uploads\/2026\/01\/FB_IMG_1768997839068-360x240.jpg 360w, https:\/\/www.latribunedufaso.net\/wp-content\/uploads\/2026\/01\/FB_IMG_1768997839068-600x400.jpg 600w\" sizes=\"auto, (max-width: 1280px) 100vw, 1280px\" \/><\/a><figcaption id=\"caption-attachment-26752\" class=\"wp-caption-text\">Cette infrastructure est r\u00e9alis\u00e9e sur une superficie de 4 hectares, avec un d\u00e9lai d\u2019ex\u00e9cution de 18 mois &#8211; Ph. DR<\/figcaption><\/figure>\n<p>Au cours de la visite, le ministre d\u2019\u00c9tat Isma\u00ebl Sombi\u00e9 a exhort\u00e9 l\u2019ensemble des acteurs de la r\u00e9gion \u00e0 l\u2019engagement, \u00e0 la synergie d\u2019actions et \u00e0 l\u2019unit\u00e9, rappelant que le d\u00e9veloppement de l\u2019\u00e9levage et la valorisation de ses sous-produits occupent une place centrale dans les priorit\u00e9s du Gouvernement.<\/p>\n<blockquote>\n<p>Lire aussi &gt;&gt; <a href=\"https:\/\/www.latribunedufaso.net\/?p=8838\">Fili\u00e8re viande : Les acteurs r\u00e9fl\u00e9chissent sur les solutions aux probl\u00e8mes li\u00e9s au fonctionnement des abattoirs et des aires d\u2019abattage<\/a><\/p>\n<\/blockquote>\n<p>Au total, trois abattoirs modernes de ce type sont pr\u00e9vus sur le territoire national, notamment \u00e0 Banfora, Fada N\u2019Gourma et Bobo-Dioulasso. \u00c0 cela s\u2019ajoutent la r\u00e9habilitation des abattoirs de Tenkodogo et de D\u00e9dougou, ainsi que l\u2019installation d\u2019une ligne suppl\u00e9mentaire d\u2019abattage \u00e0 Pouytenga.<\/p>\n<p><strong>Latribunedufaso.net<\/strong><\/p>\n<p><strong>Source : DCRP\/MAERAH<\/strong><\/p>\n<p><a href=\"https:\/\/www.latribunedufaso.net\/wp-content\/uploads\/2026\/01\/FB_IMG_1768997810883.jpg\"><img loading=\"lazy\" decoding=\"async\" class=\"aligncenter size-full wp-image-26750\" src=\"https:\/\/www.latribunedufaso.net\/wp-content\/uploads\/2026\/01\/FB_IMG_1768997810883.jpg\" alt=\"Construction de l'abattoir de Banfora, 19 janvier 2026\" width=\"1280\" height=\"853\" srcset=\"https:\/\/www.latribunedufaso.net\/wp-content\/uploads\/2026\/01\/FB_IMG_1768997810883.jpg 1280w, https:\/\/www.latribunedufaso.net\/wp-content\/uploads\/2026\/01\/FB_IMG_1768997810883-300x200.jpg 300w, https:\/\/www.latribunedufaso.net\/wp-content\/uploads\/2026\/01\/FB_IMG_1768997810883-1024x682.jpg 1024w, https:\/\/www.latribunedufaso.net\/wp-content\/uploads\/2026\/01\/FB_IMG_1768997810883-768x512.jpg 768w, https:\/\/www.latribunedufaso.net\/wp-content\/uploads\/2026\/01\/FB_IMG_1768997810883-840x560.jpg 840w, https:\/\/www.latribunedufaso.net\/wp-content\/uploads\/2026\/01\/FB_IMG_1768997810883-120x80.jpg 120w, https:\/\/www.latribunedufaso.net\/wp-content\/uploads\/2026\/01\/FB_IMG_1768997810883-360x240.jpg 360w, https:\/\/www.latribunedufaso.net\/wp-content\/uploads\/2026\/01\/FB_IMG_1768997810883-600x400.jpg 600w\" sizes=\"auto, (max-width: 1280px) 100vw, 1280px\" \/><\/a><a href=\"https:\/\/www.latribunedufaso.net\/wp-content\/uploads\/2026\/01\/FB_IMG_1768997815315.jpg\"><img loading=\"lazy\" decoding=\"async\" class=\"aligncenter size-full wp-image-26751\" src=\"https:\/\/www.latribunedufaso.net\/wp-content\/uploads\/2026\/01\/FB_IMG_1768997815315.jpg\" alt=\"Construction de l'abattoir de Banfora, 19 janvier 2026\" width=\"1280\" height=\"776\" srcset=\"https:\/\/www.latribunedufaso.net\/wp-content\/uploads\/2026\/01\/FB_IMG_1768997815315.jpg 1280w, https:\/\/www.latribunedufaso.net\/wp-content\/uploads\/2026\/01\/FB_IMG_1768997815315-300x182.jpg 300w, https:\/\/www.latribunedufaso.net\/wp-content\/uploads\/2026\/01\/FB_IMG_1768997815315-1024x621.jpg 1024w, https:\/\/www.latribunedufaso.net\/wp-content\/uploads\/2026\/01\/FB_IMG_1768997815315-768x466.jpg 768w\" sizes=\"auto, (max-width: 1280px) 100vw, 1280px\" \/><\/a><\/p>\n","protected":false},"excerpt":{"rendered":"<p>La fili\u00e8re b\u00e9tail-viande conna\u00eetra un essor significatif \u00e0 l\u2019horizon 2026 gr\u00e2ce \u00e0 la construction et \u00e0 la r\u00e9habilitation de plusieurs abattoirs modernes \u00e0 travers le pays. Dans ce cadre, le ministre d\u2019\u00c9tat, ministre de l\u2019Agriculture, de l\u2019Eau et des Ressources animales et halieutiques, le Commandant Isma\u00ebl Sombi\u00e9, a effectu\u00e9, le lundi 19 janvier 2026, une visite du chantier de l\u2019abattoir moderne de Banfora.<\/p>\n","protected":false},"author":5,"featured_media":26749,"comment_status":"open","ping_status":"open","sticky":false,"template":"","format":"standard","meta":{"footnotes":""},"categories":[13,1,4],"tags":[1934,1360,39],"class_list":["post-26746","post","type-post","status-publish","format-standard","has-post-thumbnail","hentry","category-une","category-actu","category-elevage","tag-construction-abattoir-banfora","tag-filiere-viande-burkina","tag-latribunedufaso-net"],"yoast_head":"<!-- This site is optimized with the Yoast SEO plugin v27.4 - https:\/\/yoast.com\/product\/yoast-seo-wordpress\/ -->\n<title>D\u00e9veloppement de la fili\u00e8re b\u00e9tail-viande : Un abattoir moderne de pr\u00e8s de 3 milliards FCFA en construction \u00e0 Banfora\u00a0 - La Tribune du Faso<\/title>\n<meta name=\"robots\" content=\"index, follow, max-snippet:-1, max-image-preview:large, max-video-preview:-1\" \/>\n<link rel=\"canonical\" href=\"https:\/\/www.latribunedufaso.net\/?p=26746\" \/>\n<meta property=\"og:locale\" content=\"fr_FR\" \/>\n<meta property=\"og:type\" content=\"article\" \/>\n<meta property=\"og:title\" content=\"D\u00e9veloppement de la fili\u00e8re b\u00e9tail-viande : Un abattoir moderne de pr\u00e8s de 3 milliards FCFA en construction \u00e0 Banfora\u00a0 - La Tribune du Faso\" \/>\n<meta property=\"og:description\" content=\"La fili\u00e8re b\u00e9tail-viande conna\u00eetra un essor significatif \u00e0 l\u2019horizon 2026 gr\u00e2ce \u00e0 la construction et \u00e0 la r\u00e9habilitation de plusieurs abattoirs modernes \u00e0 travers le pays. Dans ce cadre, le ministre d\u2019\u00c9tat, ministre de l\u2019Agriculture, de l\u2019Eau et des Ressources animales et halieutiques, le Commandant Isma\u00ebl Sombi\u00e9, a effectu\u00e9, le lundi 19 janvier 2026, une visite du chantier de l\u2019abattoir moderne de Banfora.\" \/>\n<meta property=\"og:url\" content=\"https:\/\/www.latribunedufaso.net\/?p=26746\" \/>\n<meta property=\"og:site_name\" content=\"La Tribune du Faso\" \/>\n<meta property=\"article:publisher\" content=\"https:\/\/www.facebook.com\/LatribuneduFaso\/\" \/>\n<meta property=\"article:published_time\" content=\"2026-01-21T12:27:28+00:00\" \/>\n<meta property=\"og:image\" content=\"https:\/\/www.latribunedufaso.net\/wp-content\/uploads\/2026\/01\/FB_IMG_1768997806219.jpg\" \/>\n\t<meta property=\"og:image:width\" content=\"1280\" \/>\n\t<meta property=\"og:image:height\" content=\"853\" \/>\n\t<meta property=\"og:image:type\" content=\"image\/jpeg\" \/>\n<meta name=\"author\" content=\"Issouf Tapsoba\" \/>\n<meta name=\"twitter:label1\" content=\"\u00c9crit par\" \/>\n\t<meta name=\"twitter:data1\" content=\"Issouf Tapsoba\" \/>\n\t<meta name=\"twitter:label2\" content=\"Dur\u00e9e de lecture estim\u00e9e\" \/>\n\t<meta name=\"twitter:data2\" content=\"3 minutes\" \/>\n<script type=\"application\/ld+json\" class=\"yoast-schema-graph\">{\"@context\":\"https:\\\/\\\/schema.org\",\"@graph\":[{\"@type\":\"Article\",\"@id\":\"https:\\\/\\\/www.latribunedufaso.net\\\/?p=26746#article\",\"isPartOf\":{\"@id\":\"https:\\\/\\\/www.latribunedufaso.net\\\/?p=26746\"},\"author\":{\"name\":\"Issouf Tapsoba\",\"@id\":\"https:\\\/\\\/www.latribunedufaso.net\\\/#\\\/schema\\\/person\\\/e54e64c5778a7e72cf80a318b7a622b0\"},\"headline\":\"D\u00e9veloppement de la fili\u00e8re b\u00e9tail-viande : Un abattoir moderne de pr\u00e8s de 3 milliards FCFA en construction \u00e0 Banfora\u00a0\",\"datePublished\":\"2026-01-21T12:27:28+00:00\",\"mainEntityOfPage\":{\"@id\":\"https:\\\/\\\/www.latribunedufaso.net\\\/?p=26746\"},\"wordCount\":448,\"commentCount\":0,\"publisher\":{\"@id\":\"https:\\\/\\\/www.latribunedufaso.net\\\/#organization\"},\"image\":{\"@id\":\"https:\\\/\\\/www.latribunedufaso.net\\\/?p=26746#primaryimage\"},\"thumbnailUrl\":\"https:\\\/\\\/www.latribunedufaso.net\\\/wp-content\\\/uploads\\\/2026\\\/01\\\/FB_IMG_1768997806219.jpg\",\"keywords\":[\"Construction abattoir Banfora\",\"Fili\u00e8re viande Burkina\",\"latribunedufaso.net\"],\"articleSection\":[\"A la une\",\"Actualit\u00e9\",\"\u00c9levage\"],\"inLanguage\":\"fr-FR\",\"potentialAction\":[{\"@type\":\"CommentAction\",\"name\":\"Comment\",\"target\":[\"https:\\\/\\\/www.latribunedufaso.net\\\/?p=26746#respond\"]}]},{\"@type\":\"WebPage\",\"@id\":\"https:\\\/\\\/www.latribunedufaso.net\\\/?p=26746\",\"url\":\"https:\\\/\\\/www.latribunedufaso.net\\\/?p=26746\",\"name\":\"D\u00e9veloppement de la fili\u00e8re b\u00e9tail-viande : Un abattoir moderne de pr\u00e8s de 3 milliards FCFA en construction \u00e0 Banfora\u00a0 - La Tribune du Faso\",\"isPartOf\":{\"@id\":\"https:\\\/\\\/www.latribunedufaso.net\\\/#website\"},\"primaryImageOfPage\":{\"@id\":\"https:\\\/\\\/www.latribunedufaso.net\\\/?p=26746#primaryimage\"},\"image\":{\"@id\":\"https:\\\/\\\/www.latribunedufaso.net\\\/?p=26746#primaryimage\"},\"thumbnailUrl\":\"https:\\\/\\\/www.latribunedufaso.net\\\/wp-content\\\/uploads\\\/2026\\\/01\\\/FB_IMG_1768997806219.jpg\",\"datePublished\":\"2026-01-21T12:27:28+00:00\",\"breadcrumb\":{\"@id\":\"https:\\\/\\\/www.latribunedufaso.net\\\/?p=26746#breadcrumb\"},\"inLanguage\":\"fr-FR\",\"potentialAction\":[{\"@type\":\"ReadAction\",\"target\":[\"https:\\\/\\\/www.latribunedufaso.net\\\/?p=26746\"]}]},{\"@type\":\"ImageObject\",\"inLanguage\":\"fr-FR\",\"@id\":\"https:\\\/\\\/www.latribunedufaso.net\\\/?p=26746#primaryimage\",\"url\":\"https:\\\/\\\/www.latribunedufaso.net\\\/wp-content\\\/uploads\\\/2026\\\/01\\\/FB_IMG_1768997806219.jpg\",\"contentUrl\":\"https:\\\/\\\/www.latribunedufaso.net\\\/wp-content\\\/uploads\\\/2026\\\/01\\\/FB_IMG_1768997806219.jpg\",\"width\":1280,\"height\":853,\"caption\":\"Construction de l'abattoir de Banfora, 19 janvier 2026\"},{\"@type\":\"BreadcrumbList\",\"@id\":\"https:\\\/\\\/www.latribunedufaso.net\\\/?p=26746#breadcrumb\",\"itemListElement\":[{\"@type\":\"ListItem\",\"position\":1,\"name\":\"Accueil\",\"item\":\"https:\\\/\\\/www.latribunedufaso.net\\\/\"},{\"@type\":\"ListItem\",\"position\":2,\"name\":\"D\u00e9veloppement de la fili\u00e8re b\u00e9tail-viande : Un abattoir moderne de pr\u00e8s de 3 milliards FCFA en construction \u00e0 Banfora\u00a0\"}]},{\"@type\":\"WebSite\",\"@id\":\"https:\\\/\\\/www.latribunedufaso.net\\\/#website\",\"url\":\"https:\\\/\\\/www.latribunedufaso.net\\\/\",\"name\":\"La Tribune du Faso\",\"description\":\"L&#039;information du monde rural en un clic\",\"publisher\":{\"@id\":\"https:\\\/\\\/www.latribunedufaso.net\\\/#organization\"},\"potentialAction\":[{\"@type\":\"SearchAction\",\"target\":{\"@type\":\"EntryPoint\",\"urlTemplate\":\"https:\\\/\\\/www.latribunedufaso.net\\\/?s={search_term_string}\"},\"query-input\":{\"@type\":\"PropertyValueSpecification\",\"valueRequired\":true,\"valueName\":\"search_term_string\"}}],\"inLanguage\":\"fr-FR\"},{\"@type\":\"Organization\",\"@id\":\"https:\\\/\\\/www.latribunedufaso.net\\\/#organization\",\"name\":\"La Tribune du Faso\",\"url\":\"https:\\\/\\\/www.latribunedufaso.net\\\/\",\"logo\":{\"@type\":\"ImageObject\",\"inLanguage\":\"fr-FR\",\"@id\":\"https:\\\/\\\/www.latribunedufaso.net\\\/#\\\/schema\\\/logo\\\/image\\\/\",\"url\":\"https:\\\/\\\/www.latribunedufaso.net\\\/wp-content\\\/uploads\\\/2020\\\/08\\\/Logo-Tribune-du-Faso-final-scaled.jpg\",\"contentUrl\":\"https:\\\/\\\/www.latribunedufaso.net\\\/wp-content\\\/uploads\\\/2020\\\/08\\\/Logo-Tribune-du-Faso-final-scaled.jpg\",\"width\":2560,\"height\":1856,\"caption\":\"La Tribune du Faso\"},\"image\":{\"@id\":\"https:\\\/\\\/www.latribunedufaso.net\\\/#\\\/schema\\\/logo\\\/image\\\/\"},\"sameAs\":[\"https:\\\/\\\/www.facebook.com\\\/LatribuneduFaso\\\/\"]},{\"@type\":\"Person\",\"@id\":\"https:\\\/\\\/www.latribunedufaso.net\\\/#\\\/schema\\\/person\\\/e54e64c5778a7e72cf80a318b7a622b0\",\"name\":\"Issouf Tapsoba\",\"image\":{\"@type\":\"ImageObject\",\"inLanguage\":\"fr-FR\",\"@id\":\"https:\\\/\\\/secure.gravatar.com\\\/avatar\\\/5e6c05150ce3230247d167f5b94d678eb05936197436d69b7921e3a95c9107ac?s=96&d=mm&r=g\",\"url\":\"https:\\\/\\\/secure.gravatar.com\\\/avatar\\\/5e6c05150ce3230247d167f5b94d678eb05936197436d69b7921e3a95c9107ac?s=96&d=mm&r=g\",\"contentUrl\":\"https:\\\/\\\/secure.gravatar.com\\\/avatar\\\/5e6c05150ce3230247d167f5b94d678eb05936197436d69b7921e3a95c9107ac?s=96&d=mm&r=g\",\"caption\":\"Issouf Tapsoba\"},\"url\":\"https:\\\/\\\/www.latribunedufaso.net\\\/?author=5\"}]}<\/script>\n<!-- \/ Yoast SEO plugin. -->","yoast_head_json":{"title":"D\u00e9veloppement de la fili\u00e8re b\u00e9tail-viande : Un abattoir moderne de pr\u00e8s de 3 milliards FCFA en construction \u00e0 Banfora\u00a0 - La Tribune du Faso","robots":{"index":"index","follow":"follow","max-snippet":"max-snippet:-1","max-image-preview":"max-image-preview:large","max-video-preview":"max-video-preview:-1"},"canonical":"https:\/\/www.latribunedufaso.net\/?p=26746","og_locale":"fr_FR","og_type":"article","og_title":"D\u00e9veloppement de la fili\u00e8re b\u00e9tail-viande : Un abattoir moderne de pr\u00e8s de 3 milliards FCFA en construction \u00e0 Banfora\u00a0 - La Tribune du Faso","og_description":"La fili\u00e8re b\u00e9tail-viande conna\u00eetra un essor significatif \u00e0 l\u2019horizon 2026 gr\u00e2ce \u00e0 la construction et \u00e0 la r\u00e9habilitation de plusieurs abattoirs modernes \u00e0 travers le pays. Dans ce cadre, le ministre d\u2019\u00c9tat, ministre de l\u2019Agriculture, de l\u2019Eau et des Ressources animales et halieutiques, le Commandant Isma\u00ebl Sombi\u00e9, a effectu\u00e9, le lundi 19 janvier 2026, une visite du chantier de l\u2019abattoir moderne de Banfora.","og_url":"https:\/\/www.latribunedufaso.net\/?p=26746","og_site_name":"La Tribune du Faso","article_publisher":"https:\/\/www.facebook.com\/LatribuneduFaso\/","article_published_time":"2026-01-21T12:27:28+00:00","og_image":[{"width":1280,"height":853,"url":"https:\/\/www.latribunedufaso.net\/wp-content\/uploads\/2026\/01\/FB_IMG_1768997806219.jpg","type":"image\/jpeg"}],"author":"Issouf Tapsoba","twitter_misc":{"\u00c9crit par":"Issouf Tapsoba","Dur\u00e9e de lecture estim\u00e9e":"3 minutes"},"schema":{"@context":"https:\/\/schema.org","@graph":[{"@type":"Article","@id":"https:\/\/www.latribunedufaso.net\/?p=26746#article","isPartOf":{"@id":"https:\/\/www.latribunedufaso.net\/?p=26746"},"author":{"name":"Issouf Tapsoba","@id":"https:\/\/www.latribunedufaso.net\/#\/schema\/person\/e54e64c5778a7e72cf80a318b7a622b0"},"headline":"D\u00e9veloppement de la fili\u00e8re b\u00e9tail-viande : Un abattoir moderne de pr\u00e8s de 3 milliards FCFA en construction \u00e0 Banfora\u00a0","datePublished":"2026-01-21T12:27:28+00:00","mainEntityOfPage":{"@id":"https:\/\/www.latribunedufaso.net\/?p=26746"},"wordCount":448,"commentCount":0,"publisher":{"@id":"https:\/\/www.latribunedufaso.net\/#organization"},"image":{"@id":"https:\/\/www.latribunedufaso.net\/?p=26746#primaryimage"},"thumbnailUrl":"https:\/\/www.latribunedufaso.net\/wp-content\/uploads\/2026\/01\/FB_IMG_1768997806219.jpg","keywords":["Construction abattoir Banfora","Fili\u00e8re viande Burkina","latribunedufaso.net"],"articleSection":["A la une","Actualit\u00e9","\u00c9levage"],"inLanguage":"fr-FR","potentialAction":[{"@type":"CommentAction","name":"Comment","target":["https:\/\/www.latribunedufaso.net\/?p=26746#respond"]}]},{"@type":"WebPage","@id":"https:\/\/www.latribunedufaso.net\/?p=26746","url":"https:\/\/www.latribunedufaso.net\/?p=26746","name":"D\u00e9veloppement de la fili\u00e8re b\u00e9tail-viande : Un abattoir moderne de pr\u00e8s de 3 milliards FCFA en construction \u00e0 Banfora\u00a0 - La Tribune du Faso","isPartOf":{"@id":"https:\/\/www.latribunedufaso.net\/#website"},"primaryImageOfPage":{"@id":"https:\/\/www.latribunedufaso.net\/?p=26746#primaryimage"},"image":{"@id":"https:\/\/www.latribunedufaso.net\/?p=26746#primaryimage"},"thumbnailUrl":"https:\/\/www.latribunedufaso.net\/wp-content\/uploads\/2026\/01\/FB_IMG_1768997806219.jpg","datePublished":"2026-01-21T12:27:28+00:00","breadcrumb":{"@id":"https:\/\/www.latribunedufaso.net\/?p=26746#breadcrumb"},"inLanguage":"fr-FR","potentialAction":[{"@type":"ReadAction","target":["https:\/\/www.latribunedufaso.net\/?p=26746"]}]},{"@type":"ImageObject","inLanguage":"fr-FR","@id":"https:\/\/www.latribunedufaso.net\/?p=26746#primaryimage","url":"https:\/\/www.latribunedufaso.net\/wp-content\/uploads\/2026\/01\/FB_IMG_1768997806219.jpg","contentUrl":"https:\/\/www.latribunedufaso.net\/wp-content\/uploads\/2026\/01\/FB_IMG_1768997806219.jpg","width":1280,"height":853,"caption":"Construction de l'abattoir de Banfora, 19 janvier 2026"},{"@type":"BreadcrumbList","@id":"https:\/\/www.latribunedufaso.net\/?p=26746#breadcrumb","itemListElement":[{"@type":"ListItem","position":1,"name":"Accueil","item":"https:\/\/www.latribunedufaso.net\/"},{"@type":"ListItem","position":2,"name":"D\u00e9veloppement de la fili\u00e8re b\u00e9tail-viande : Un abattoir moderne de pr\u00e8s de 3 milliards FCFA en construction \u00e0 Banfora\u00a0"}]},{"@type":"WebSite","@id":"https:\/\/www.latribunedufaso.net\/#website","url":"https:\/\/www.latribunedufaso.net\/","name":"La Tribune du Faso","description":"L&#039;information du monde rural en un clic","publisher":{"@id":"https:\/\/www.latribunedufaso.net\/#organization"},"potentialAction":[{"@type":"SearchAction","target":{"@type":"EntryPoint","urlTemplate":"https:\/\/www.latribunedufaso.net\/?s={search_term_string}"},"query-input":{"@type":"PropertyValueSpecification","valueRequired":true,"valueName":"search_term_string"}}],"inLanguage":"fr-FR"},{"@type":"Organization","@id":"https:\/\/www.latribunedufaso.net\/#organization","name":"La Tribune du Faso","url":"https:\/\/www.latribunedufaso.net\/","logo":{"@type":"ImageObject","inLanguage":"fr-FR","@id":"https:\/\/www.latribunedufaso.net\/#\/schema\/logo\/image\/","url":"https:\/\/www.latribunedufaso.net\/wp-content\/uploads\/2020\/08\/Logo-Tribune-du-Faso-final-scaled.jpg","contentUrl":"https:\/\/www.latribunedufaso.net\/wp-content\/uploads\/2020\/08\/Logo-Tribune-du-Faso-final-scaled.jpg","width":2560,"height":1856,"caption":"La Tribune du Faso"},"image":{"@id":"https:\/\/www.latribunedufaso.net\/#\/schema\/logo\/image\/"},"sameAs":["https:\/\/www.facebook.com\/LatribuneduFaso\/"]},{"@type":"Person","@id":"https:\/\/www.latribunedufaso.net\/#\/schema\/person\/e54e64c5778a7e72cf80a318b7a622b0","name":"Issouf Tapsoba","image":{"@type":"ImageObject","inLanguage":"fr-FR","@id":"https:\/\/secure.gravatar.com\/avatar\/5e6c05150ce3230247d167f5b94d678eb05936197436d69b7921e3a95c9107ac?s=96&d=mm&r=g","url":"https:\/\/secure.gravatar.com\/avatar\/5e6c05150ce3230247d167f5b94d678eb05936197436d69b7921e3a95c9107ac?s=96&d=mm&r=g","contentUrl":"https:\/\/secure.gravatar.com\/avatar\/5e6c05150ce3230247d167f5b94d678eb05936197436d69b7921e3a95c9107ac?s=96&d=mm&r=g","caption":"Issouf Tapsoba"},"url":"https:\/\/www.latribunedufaso.net\/?author=5"}]}},"_links":{"self":[{"href":"https:\/\/www.latribunedufaso.net\/index.php?rest_route=\/wp\/v2\/posts\/26746","targetHints":{"allow":["GET"]}}],"collection":[{"href":"https:\/\/www.latribunedufaso.net\/index.php?rest_route=\/wp\/v2\/posts"}],"about":[{"href":"https:\/\/www.latribunedufaso.net\/index.php?rest_route=\/wp\/v2\/types\/post"}],"author":[{"embeddable":true,"href":"https:\/\/www.latribunedufaso.net\/index.php?rest_route=\/wp\/v2\/users\/5"}],"replies":[{"embeddable":true,"href":"https:\/\/www.latribunedufaso.net\/index.php?rest_route=%2Fwp%2Fv2%2Fcomments&post=26746"}],"version-history":[{"count":3,"href":"https:\/\/www.latribunedufaso.net\/index.php?rest_route=\/wp\/v2\/posts\/26746\/revisions"}],"predecessor-version":[{"id":26755,"href":"https:\/\/www.latribunedufaso.net\/index.php?rest_route=\/wp\/v2\/posts\/26746\/revisions\/26755"}],"wp:featuredmedia":[{"embeddable":true,"href":"https:\/\/www.latribunedufaso.net\/index.php?rest_route=\/wp\/v2\/media\/26749"}],"wp:attachment":[{"href":"https:\/\/www.latribunedufaso.net\/index.php?rest_route=%2Fwp%2Fv2%2Fmedia&parent=26746"}],"wp:term":[{"taxonomy":"category","embeddable":true,"href":"https:\/\/www.latribunedufaso.net\/index.php?rest_route=%2Fwp%2Fv2%2Fcategories&post=26746"},{"taxonomy":"post_tag","embeddable":true,"href":"https:\/\/www.latribunedufaso.net\/index.php?rest_route=%2Fwp%2Fv2%2Ftags&post=26746"}],"curies":[{"name":"wp","href":"https:\/\/api.w.org\/{rel}","templated":true}]}}