{"id":26728,"date":"2026-01-19T17:09:20","date_gmt":"2026-01-19T17:09:20","guid":{"rendered":"https:\/\/www.latribunedufaso.net\/?p=26728"},"modified":"2026-01-19T17:11:19","modified_gmt":"2026-01-19T17:11:19","slug":"audience-du-president-du-faso-luemoa-salue-les-performances-economiques-du-burkina-faso","status":"publish","type":"post","link":"https:\/\/www.latribunedufaso.net\/?p=26728","title":{"rendered":"Audience du Pr\u00e9sident du Faso : L\u2019UEMOA salue les performances \u00e9conomiques du Burkina Faso"},"content":{"rendered":"<p style=\"text-align: left;\"><strong>Le Pr\u00e9sident du Faso, Chef de l\u2019\u00c9tat, le Capitaine Ibrahim Traor\u00e9, a re\u00e7u ce lundi 19 Janvier 2026 en audience, le pr\u00e9sident de la Commission de l&rsquo;Union \u00e9conomique et Mon\u00e9taire Ouest Africaine (UEMOA), Abdoulaye Diop.\u00a0<\/strong><!--more--><\/p>\n<p>Le pr\u00e9sident de la Commission a dress\u00e9 un bilan positif de la vie de l&rsquo;UEMOA au Pr\u00e9sident du Faso. <em><strong>\u00ab Les agr\u00e9gats macro\u00e9conomiques se comportent bien dans l&rsquo;ensemble. Il y a une dynamique \u00e9conomique qui est \u00e9tablie. Il y a une r\u00e9silience \u00e9conomique aussi qui est affich\u00e9e \u00bb,<\/strong> <\/em>souligne-t-il.\u00a0<\/p>\n<figure id=\"attachment_26732\" aria-describedby=\"caption-attachment-26732\" style=\"width: 1916px\" class=\"wp-caption aligncenter\"><a href=\"https:\/\/www.latribunedufaso.net\/wp-content\/uploads\/2026\/01\/IMG-20260119-WA0064-scaled.jpg\"><img loading=\"lazy\" decoding=\"async\" class=\"size-full wp-image-26732\" src=\"https:\/\/www.latribunedufaso.net\/wp-content\/uploads\/2026\/01\/IMG-20260119-WA0064-scaled.jpg\" alt=\"Le Pr\u00e9sident du Faso a re\u00e7u ce lundi 19 Janvier 2026 en audience, le pr\u00e9sident de la Commission de l'Union \u00e9conomique et Mon\u00e9taire Ouest Africaine (UEMOA), Abdoulaye Diop\" width=\"1916\" height=\"2560\" srcset=\"https:\/\/www.latribunedufaso.net\/wp-content\/uploads\/2026\/01\/IMG-20260119-WA0064-scaled.jpg 1916w, https:\/\/www.latribunedufaso.net\/wp-content\/uploads\/2026\/01\/IMG-20260119-WA0064-224x300.jpg 224w, https:\/\/www.latribunedufaso.net\/wp-content\/uploads\/2026\/01\/IMG-20260119-WA0064-766x1024.jpg 766w, https:\/\/www.latribunedufaso.net\/wp-content\/uploads\/2026\/01\/IMG-20260119-WA0064-768x1026.jpg 768w, https:\/\/www.latribunedufaso.net\/wp-content\/uploads\/2026\/01\/IMG-20260119-WA0064-1149x1536.jpg 1149w, https:\/\/www.latribunedufaso.net\/wp-content\/uploads\/2026\/01\/IMG-20260119-WA0064-1533x2048.jpg 1533w\" sizes=\"auto, (max-width: 1916px) 100vw, 1916px\" \/><\/a><figcaption id=\"caption-attachment-26732\" class=\"wp-caption-text\">Le Pr\u00e9sident de la Commission de l\u2019UEMOA, Abdoulaye Diop s&rsquo;engage \u00e0 propulser les chantiers pour am\u00e9liorer significativement les conditions de vie des populations de l\u2019Union &#8211; Ph. DR<\/figcaption><\/figure>\n<p>Selon le pr\u00e9sident de la Commission de l\u2019UEMOA, le Burkina Faso se distingue particuli\u00e8rement par ses performances dans la croissance \u00e9conomique, la ma\u00eetrise de l\u2019inflation, la gestion de la dette, l\u2019\u00e9quilibre des comptes ext\u00e9rieurs et la consolidation du solde budg\u00e9taire. M. Diop a lou\u00e9 la forte capacit\u00e9 de mobilisation des ressources publiques, ces deux derni\u00e8res ann\u00e9es par le pays des Hommes int\u00e8gres. <em><strong>\u00ab C&rsquo;est une exp\u00e9rience que nous avons not\u00e9e et qui doit \u00eatre partag\u00e9e. Cette capacit\u00e9 \u00e0 mobiliser des ressources qui permettent de consolider les comptes publics et de donner plus d&rsquo;espace budg\u00e9taire pour faire face aux besoins des populations et aux diff\u00e9rents engagements \u00bb,<\/strong><\/em> soutient-il.<\/p>\n<p>Parmi les bonnes pratiques \u00e9voqu\u00e9es et mises en exergue, figurent les Initiatives pr\u00e9sidentielles que M. Diop trouve align\u00e9es sur le plan strat\u00e9gique Impact 2030 de l&rsquo;UEMOA.\u00a0<\/p>\n<blockquote>\n<p>Lire aussi &gt;&gt; <a href=\"https:\/\/www.latribunedufaso.net\/?p=26221\">Cl\u00f4ture de la 4e session ordinaire du Conseil des ministres UEMOA : Des conclusions pour consolider la stabilit\u00e9 macro\u00e9conomique de l\u2019Union<\/a><\/p>\n<\/blockquote>\n<p>Cette audience a \u00e9t\u00e9 \u00e9galement une occasion pour M. Diop d&rsquo;exprimer la solidarit\u00e9 de l&rsquo;Union face \u00e0 la situation s\u00e9curitaire dans l&rsquo;espace communautaire et de saluer les efforts du gouvernement et du Peuple burkinab\u00e8 pour sortir victorieux.<\/p>\n<p><strong>Latribunedufaso.net<\/strong><\/p>\n<p><strong>Source : Direction de la communication de la Pr\u00e9sidence du Faso<\/strong><\/p>\n","protected":false},"excerpt":{"rendered":"<p>Le Pr\u00e9sident du Faso, Chef de l\u2019\u00c9tat, le Capitaine Ibrahim Traor\u00e9, a re\u00e7u ce lundi 19 Janvier 2026 en audience, le pr\u00e9sident de la Commission de l&rsquo;Union \u00e9conomique et Mon\u00e9taire Ouest Africaine (UEMOA), Abdoulaye Diop.\u00a0<\/p>\n","protected":false},"author":5,"featured_media":26731,"comment_status":"open","ping_status":"open","sticky":false,"template":"","format":"standard","meta":{"footnotes":""},"categories":[13,1,10],"tags":[39,37],"class_list":["post-26728","post","type-post","status-publish","format-standard","has-post-thumbnail","hentry","category-une","category-actu","category-eco","tag-latribunedufaso-net","tag-uemoa"],"yoast_head":"<!-- This site is optimized with the Yoast SEO plugin v27.4 - https:\/\/yoast.com\/product\/yoast-seo-wordpress\/ -->\n<title>Audience du Pr\u00e9sident du Faso : L\u2019UEMOA salue les performances \u00e9conomiques du Burkina Faso - La Tribune du Faso<\/title>\n<meta name=\"robots\" content=\"index, follow, max-snippet:-1, max-image-preview:large, max-video-preview:-1\" \/>\n<link rel=\"canonical\" href=\"https:\/\/www.latribunedufaso.net\/?p=26728\" \/>\n<meta property=\"og:locale\" content=\"fr_FR\" \/>\n<meta property=\"og:type\" content=\"article\" \/>\n<meta property=\"og:title\" content=\"Audience du Pr\u00e9sident du Faso : L\u2019UEMOA salue les performances \u00e9conomiques du Burkina Faso - La Tribune du Faso\" \/>\n<meta property=\"og:description\" content=\"Le Pr\u00e9sident du Faso, Chef de l\u2019\u00c9tat, le Capitaine Ibrahim Traor\u00e9, a re\u00e7u ce lundi 19 Janvier 2026 en audience, le pr\u00e9sident de la Commission de l&rsquo;Union \u00e9conomique et Mon\u00e9taire Ouest Africaine (UEMOA), Abdoulaye Diop.\u00a0\" \/>\n<meta property=\"og:url\" content=\"https:\/\/www.latribunedufaso.net\/?p=26728\" \/>\n<meta property=\"og:site_name\" content=\"La Tribune du Faso\" \/>\n<meta property=\"article:publisher\" content=\"https:\/\/www.facebook.com\/LatribuneduFaso\/\" \/>\n<meta property=\"article:published_time\" content=\"2026-01-19T17:09:20+00:00\" \/>\n<meta property=\"article:modified_time\" content=\"2026-01-19T17:11:19+00:00\" \/>\n<meta property=\"og:image\" content=\"https:\/\/www.latribunedufaso.net\/wp-content\/uploads\/2026\/01\/IMG-20260119-WA0067-scaled.jpg\" \/>\n\t<meta property=\"og:image:width\" content=\"2560\" \/>\n\t<meta property=\"og:image:height\" content=\"1732\" \/>\n\t<meta property=\"og:image:type\" content=\"image\/jpeg\" \/>\n<meta name=\"author\" content=\"Issouf Tapsoba\" \/>\n<meta name=\"twitter:label1\" content=\"\u00c9crit par\" \/>\n\t<meta name=\"twitter:data1\" content=\"Issouf Tapsoba\" \/>\n\t<meta name=\"twitter:label2\" content=\"Dur\u00e9e de lecture estim\u00e9e\" \/>\n\t<meta name=\"twitter:data2\" content=\"2 minutes\" \/>\n<script type=\"application\/ld+json\" class=\"yoast-schema-graph\">{\"@context\":\"https:\\\/\\\/schema.org\",\"@graph\":[{\"@type\":\"Article\",\"@id\":\"https:\\\/\\\/www.latribunedufaso.net\\\/?p=26728#article\",\"isPartOf\":{\"@id\":\"https:\\\/\\\/www.latribunedufaso.net\\\/?p=26728\"},\"author\":{\"name\":\"Issouf Tapsoba\",\"@id\":\"https:\\\/\\\/www.latribunedufaso.net\\\/#\\\/schema\\\/person\\\/e54e64c5778a7e72cf80a318b7a622b0\"},\"headline\":\"Audience du Pr\u00e9sident du Faso : L\u2019UEMOA salue les performances \u00e9conomiques du Burkina Faso\",\"datePublished\":\"2026-01-19T17:09:20+00:00\",\"dateModified\":\"2026-01-19T17:11:19+00:00\",\"mainEntityOfPage\":{\"@id\":\"https:\\\/\\\/www.latribunedufaso.net\\\/?p=26728\"},\"wordCount\":380,\"commentCount\":0,\"publisher\":{\"@id\":\"https:\\\/\\\/www.latribunedufaso.net\\\/#organization\"},\"image\":{\"@id\":\"https:\\\/\\\/www.latribunedufaso.net\\\/?p=26728#primaryimage\"},\"thumbnailUrl\":\"https:\\\/\\\/www.latribunedufaso.net\\\/wp-content\\\/uploads\\\/2026\\\/01\\\/IMG-20260119-WA0067-scaled.jpg\",\"keywords\":[\"latribunedufaso.net\",\"UEMOA\"],\"articleSection\":[\"A la une\",\"Actualit\u00e9\",\"Economie\"],\"inLanguage\":\"fr-FR\",\"potentialAction\":[{\"@type\":\"CommentAction\",\"name\":\"Comment\",\"target\":[\"https:\\\/\\\/www.latribunedufaso.net\\\/?p=26728#respond\"]}]},{\"@type\":\"WebPage\",\"@id\":\"https:\\\/\\\/www.latribunedufaso.net\\\/?p=26728\",\"url\":\"https:\\\/\\\/www.latribunedufaso.net\\\/?p=26728\",\"name\":\"Audience du Pr\u00e9sident du Faso : L\u2019UEMOA salue les performances \u00e9conomiques du Burkina Faso - La Tribune du Faso\",\"isPartOf\":{\"@id\":\"https:\\\/\\\/www.latribunedufaso.net\\\/#website\"},\"primaryImageOfPage\":{\"@id\":\"https:\\\/\\\/www.latribunedufaso.net\\\/?p=26728#primaryimage\"},\"image\":{\"@id\":\"https:\\\/\\\/www.latribunedufaso.net\\\/?p=26728#primaryimage\"},\"thumbnailUrl\":\"https:\\\/\\\/www.latribunedufaso.net\\\/wp-content\\\/uploads\\\/2026\\\/01\\\/IMG-20260119-WA0067-scaled.jpg\",\"datePublished\":\"2026-01-19T17:09:20+00:00\",\"dateModified\":\"2026-01-19T17:11:19+00:00\",\"breadcrumb\":{\"@id\":\"https:\\\/\\\/www.latribunedufaso.net\\\/?p=26728#breadcrumb\"},\"inLanguage\":\"fr-FR\",\"potentialAction\":[{\"@type\":\"ReadAction\",\"target\":[\"https:\\\/\\\/www.latribunedufaso.net\\\/?p=26728\"]}]},{\"@type\":\"ImageObject\",\"inLanguage\":\"fr-FR\",\"@id\":\"https:\\\/\\\/www.latribunedufaso.net\\\/?p=26728#primaryimage\",\"url\":\"https:\\\/\\\/www.latribunedufaso.net\\\/wp-content\\\/uploads\\\/2026\\\/01\\\/IMG-20260119-WA0067-scaled.jpg\",\"contentUrl\":\"https:\\\/\\\/www.latribunedufaso.net\\\/wp-content\\\/uploads\\\/2026\\\/01\\\/IMG-20260119-WA0067-scaled.jpg\",\"width\":2560,\"height\":1732,\"caption\":\"Le Pr\u00e9sident du Faso a re\u00e7u ce lundi 19 Janvier 2026 en audience, le pr\u00e9sident de la Commission de l'Union \u00e9conomique et Mon\u00e9taire Ouest Africaine (UEMOA), Abdoulaye Diop\"},{\"@type\":\"BreadcrumbList\",\"@id\":\"https:\\\/\\\/www.latribunedufaso.net\\\/?p=26728#breadcrumb\",\"itemListElement\":[{\"@type\":\"ListItem\",\"position\":1,\"name\":\"Accueil\",\"item\":\"https:\\\/\\\/www.latribunedufaso.net\\\/\"},{\"@type\":\"ListItem\",\"position\":2,\"name\":\"Audience du Pr\u00e9sident du Faso : L\u2019UEMOA salue les performances \u00e9conomiques du Burkina Faso\"}]},{\"@type\":\"WebSite\",\"@id\":\"https:\\\/\\\/www.latribunedufaso.net\\\/#website\",\"url\":\"https:\\\/\\\/www.latribunedufaso.net\\\/\",\"name\":\"La Tribune du Faso\",\"description\":\"L&#039;information du monde rural en un clic\",\"publisher\":{\"@id\":\"https:\\\/\\\/www.latribunedufaso.net\\\/#organization\"},\"potentialAction\":[{\"@type\":\"SearchAction\",\"target\":{\"@type\":\"EntryPoint\",\"urlTemplate\":\"https:\\\/\\\/www.latribunedufaso.net\\\/?s={search_term_string}\"},\"query-input\":{\"@type\":\"PropertyValueSpecification\",\"valueRequired\":true,\"valueName\":\"search_term_string\"}}],\"inLanguage\":\"fr-FR\"},{\"@type\":\"Organization\",\"@id\":\"https:\\\/\\\/www.latribunedufaso.net\\\/#organization\",\"name\":\"La Tribune du Faso\",\"url\":\"https:\\\/\\\/www.latribunedufaso.net\\\/\",\"logo\":{\"@type\":\"ImageObject\",\"inLanguage\":\"fr-FR\",\"@id\":\"https:\\\/\\\/www.latribunedufaso.net\\\/#\\\/schema\\\/logo\\\/image\\\/\",\"url\":\"https:\\\/\\\/www.latribunedufaso.net\\\/wp-content\\\/uploads\\\/2020\\\/08\\\/Logo-Tribune-du-Faso-final-scaled.jpg\",\"contentUrl\":\"https:\\\/\\\/www.latribunedufaso.net\\\/wp-content\\\/uploads\\\/2020\\\/08\\\/Logo-Tribune-du-Faso-final-scaled.jpg\",\"width\":2560,\"height\":1856,\"caption\":\"La Tribune du Faso\"},\"image\":{\"@id\":\"https:\\\/\\\/www.latribunedufaso.net\\\/#\\\/schema\\\/logo\\\/image\\\/\"},\"sameAs\":[\"https:\\\/\\\/www.facebook.com\\\/LatribuneduFaso\\\/\"]},{\"@type\":\"Person\",\"@id\":\"https:\\\/\\\/www.latribunedufaso.net\\\/#\\\/schema\\\/person\\\/e54e64c5778a7e72cf80a318b7a622b0\",\"name\":\"Issouf Tapsoba\",\"image\":{\"@type\":\"ImageObject\",\"inLanguage\":\"fr-FR\",\"@id\":\"https:\\\/\\\/secure.gravatar.com\\\/avatar\\\/5e6c05150ce3230247d167f5b94d678eb05936197436d69b7921e3a95c9107ac?s=96&d=mm&r=g\",\"url\":\"https:\\\/\\\/secure.gravatar.com\\\/avatar\\\/5e6c05150ce3230247d167f5b94d678eb05936197436d69b7921e3a95c9107ac?s=96&d=mm&r=g\",\"contentUrl\":\"https:\\\/\\\/secure.gravatar.com\\\/avatar\\\/5e6c05150ce3230247d167f5b94d678eb05936197436d69b7921e3a95c9107ac?s=96&d=mm&r=g\",\"caption\":\"Issouf Tapsoba\"},\"url\":\"https:\\\/\\\/www.latribunedufaso.net\\\/?author=5\"}]}<\/script>\n<!-- \/ Yoast SEO plugin. -->","yoast_head_json":{"title":"Audience du Pr\u00e9sident du Faso : L\u2019UEMOA salue les performances \u00e9conomiques du Burkina Faso - La Tribune du Faso","robots":{"index":"index","follow":"follow","max-snippet":"max-snippet:-1","max-image-preview":"max-image-preview:large","max-video-preview":"max-video-preview:-1"},"canonical":"https:\/\/www.latribunedufaso.net\/?p=26728","og_locale":"fr_FR","og_type":"article","og_title":"Audience du Pr\u00e9sident du Faso : L\u2019UEMOA salue les performances \u00e9conomiques du Burkina Faso - La Tribune du Faso","og_description":"Le Pr\u00e9sident du Faso, Chef de l\u2019\u00c9tat, le Capitaine Ibrahim Traor\u00e9, a re\u00e7u ce lundi 19 Janvier 2026 en audience, le pr\u00e9sident de la Commission de l&rsquo;Union \u00e9conomique et Mon\u00e9taire Ouest Africaine (UEMOA), Abdoulaye Diop.\u00a0","og_url":"https:\/\/www.latribunedufaso.net\/?p=26728","og_site_name":"La Tribune du Faso","article_publisher":"https:\/\/www.facebook.com\/LatribuneduFaso\/","article_published_time":"2026-01-19T17:09:20+00:00","article_modified_time":"2026-01-19T17:11:19+00:00","og_image":[{"width":2560,"height":1732,"url":"https:\/\/www.latribunedufaso.net\/wp-content\/uploads\/2026\/01\/IMG-20260119-WA0067-scaled.jpg","type":"image\/jpeg"}],"author":"Issouf Tapsoba","twitter_misc":{"\u00c9crit par":"Issouf Tapsoba","Dur\u00e9e de lecture estim\u00e9e":"2 minutes"},"schema":{"@context":"https:\/\/schema.org","@graph":[{"@type":"Article","@id":"https:\/\/www.latribunedufaso.net\/?p=26728#article","isPartOf":{"@id":"https:\/\/www.latribunedufaso.net\/?p=26728"},"author":{"name":"Issouf Tapsoba","@id":"https:\/\/www.latribunedufaso.net\/#\/schema\/person\/e54e64c5778a7e72cf80a318b7a622b0"},"headline":"Audience du Pr\u00e9sident du Faso : L\u2019UEMOA salue les performances \u00e9conomiques du Burkina Faso","datePublished":"2026-01-19T17:09:20+00:00","dateModified":"2026-01-19T17:11:19+00:00","mainEntityOfPage":{"@id":"https:\/\/www.latribunedufaso.net\/?p=26728"},"wordCount":380,"commentCount":0,"publisher":{"@id":"https:\/\/www.latribunedufaso.net\/#organization"},"image":{"@id":"https:\/\/www.latribunedufaso.net\/?p=26728#primaryimage"},"thumbnailUrl":"https:\/\/www.latribunedufaso.net\/wp-content\/uploads\/2026\/01\/IMG-20260119-WA0067-scaled.jpg","keywords":["latribunedufaso.net","UEMOA"],"articleSection":["A la une","Actualit\u00e9","Economie"],"inLanguage":"fr-FR","potentialAction":[{"@type":"CommentAction","name":"Comment","target":["https:\/\/www.latribunedufaso.net\/?p=26728#respond"]}]},{"@type":"WebPage","@id":"https:\/\/www.latribunedufaso.net\/?p=26728","url":"https:\/\/www.latribunedufaso.net\/?p=26728","name":"Audience du Pr\u00e9sident du Faso : L\u2019UEMOA salue les performances \u00e9conomiques du Burkina Faso - La Tribune du Faso","isPartOf":{"@id":"https:\/\/www.latribunedufaso.net\/#website"},"primaryImageOfPage":{"@id":"https:\/\/www.latribunedufaso.net\/?p=26728#primaryimage"},"image":{"@id":"https:\/\/www.latribunedufaso.net\/?p=26728#primaryimage"},"thumbnailUrl":"https:\/\/www.latribunedufaso.net\/wp-content\/uploads\/2026\/01\/IMG-20260119-WA0067-scaled.jpg","datePublished":"2026-01-19T17:09:20+00:00","dateModified":"2026-01-19T17:11:19+00:00","breadcrumb":{"@id":"https:\/\/www.latribunedufaso.net\/?p=26728#breadcrumb"},"inLanguage":"fr-FR","potentialAction":[{"@type":"ReadAction","target":["https:\/\/www.latribunedufaso.net\/?p=26728"]}]},{"@type":"ImageObject","inLanguage":"fr-FR","@id":"https:\/\/www.latribunedufaso.net\/?p=26728#primaryimage","url":"https:\/\/www.latribunedufaso.net\/wp-content\/uploads\/2026\/01\/IMG-20260119-WA0067-scaled.jpg","contentUrl":"https:\/\/www.latribunedufaso.net\/wp-content\/uploads\/2026\/01\/IMG-20260119-WA0067-scaled.jpg","width":2560,"height":1732,"caption":"Le Pr\u00e9sident du Faso a re\u00e7u ce lundi 19 Janvier 2026 en audience, le pr\u00e9sident de la Commission de l'Union \u00e9conomique et Mon\u00e9taire Ouest Africaine (UEMOA), Abdoulaye Diop"},{"@type":"BreadcrumbList","@id":"https:\/\/www.latribunedufaso.net\/?p=26728#breadcrumb","itemListElement":[{"@type":"ListItem","position":1,"name":"Accueil","item":"https:\/\/www.latribunedufaso.net\/"},{"@type":"ListItem","position":2,"name":"Audience du Pr\u00e9sident du Faso : L\u2019UEMOA salue les performances \u00e9conomiques du Burkina Faso"}]},{"@type":"WebSite","@id":"https:\/\/www.latribunedufaso.net\/#website","url":"https:\/\/www.latribunedufaso.net\/","name":"La Tribune du Faso","description":"L&#039;information du monde rural en un clic","publisher":{"@id":"https:\/\/www.latribunedufaso.net\/#organization"},"potentialAction":[{"@type":"SearchAction","target":{"@type":"EntryPoint","urlTemplate":"https:\/\/www.latribunedufaso.net\/?s={search_term_string}"},"query-input":{"@type":"PropertyValueSpecification","valueRequired":true,"valueName":"search_term_string"}}],"inLanguage":"fr-FR"},{"@type":"Organization","@id":"https:\/\/www.latribunedufaso.net\/#organization","name":"La Tribune du Faso","url":"https:\/\/www.latribunedufaso.net\/","logo":{"@type":"ImageObject","inLanguage":"fr-FR","@id":"https:\/\/www.latribunedufaso.net\/#\/schema\/logo\/image\/","url":"https:\/\/www.latribunedufaso.net\/wp-content\/uploads\/2020\/08\/Logo-Tribune-du-Faso-final-scaled.jpg","contentUrl":"https:\/\/www.latribunedufaso.net\/wp-content\/uploads\/2020\/08\/Logo-Tribune-du-Faso-final-scaled.jpg","width":2560,"height":1856,"caption":"La Tribune du Faso"},"image":{"@id":"https:\/\/www.latribunedufaso.net\/#\/schema\/logo\/image\/"},"sameAs":["https:\/\/www.facebook.com\/LatribuneduFaso\/"]},{"@type":"Person","@id":"https:\/\/www.latribunedufaso.net\/#\/schema\/person\/e54e64c5778a7e72cf80a318b7a622b0","name":"Issouf Tapsoba","image":{"@type":"ImageObject","inLanguage":"fr-FR","@id":"https:\/\/secure.gravatar.com\/avatar\/5e6c05150ce3230247d167f5b94d678eb05936197436d69b7921e3a95c9107ac?s=96&d=mm&r=g","url":"https:\/\/secure.gravatar.com\/avatar\/5e6c05150ce3230247d167f5b94d678eb05936197436d69b7921e3a95c9107ac?s=96&d=mm&r=g","contentUrl":"https:\/\/secure.gravatar.com\/avatar\/5e6c05150ce3230247d167f5b94d678eb05936197436d69b7921e3a95c9107ac?s=96&d=mm&r=g","caption":"Issouf Tapsoba"},"url":"https:\/\/www.latribunedufaso.net\/?author=5"}]}},"_links":{"self":[{"href":"https:\/\/www.latribunedufaso.net\/index.php?rest_route=\/wp\/v2\/posts\/26728","targetHints":{"allow":["GET"]}}],"collection":[{"href":"https:\/\/www.latribunedufaso.net\/index.php?rest_route=\/wp\/v2\/posts"}],"about":[{"href":"https:\/\/www.latribunedufaso.net\/index.php?rest_route=\/wp\/v2\/types\/post"}],"author":[{"embeddable":true,"href":"https:\/\/www.latribunedufaso.net\/index.php?rest_route=\/wp\/v2\/users\/5"}],"replies":[{"embeddable":true,"href":"https:\/\/www.latribunedufaso.net\/index.php?rest_route=%2Fwp%2Fv2%2Fcomments&post=26728"}],"version-history":[{"count":3,"href":"https:\/\/www.latribunedufaso.net\/index.php?rest_route=\/wp\/v2\/posts\/26728\/revisions"}],"predecessor-version":[{"id":26734,"href":"https:\/\/www.latribunedufaso.net\/index.php?rest_route=\/wp\/v2\/posts\/26728\/revisions\/26734"}],"wp:featuredmedia":[{"embeddable":true,"href":"https:\/\/www.latribunedufaso.net\/index.php?rest_route=\/wp\/v2\/media\/26731"}],"wp:attachment":[{"href":"https:\/\/www.latribunedufaso.net\/index.php?rest_route=%2Fwp%2Fv2%2Fmedia&parent=26728"}],"wp:term":[{"taxonomy":"category","embeddable":true,"href":"https:\/\/www.latribunedufaso.net\/index.php?rest_route=%2Fwp%2Fv2%2Fcategories&post=26728"},{"taxonomy":"post_tag","embeddable":true,"href":"https:\/\/www.latribunedufaso.net\/index.php?rest_route=%2Fwp%2Fv2%2Ftags&post=26728"}],"curies":[{"name":"wp","href":"https:\/\/api.w.org\/{rel}","templated":true}]}}