{"id":26697,"date":"2026-01-19T15:04:13","date_gmt":"2026-01-19T15:04:13","guid":{"rendered":"https:\/\/www.latribunedufaso.net\/?p=26697"},"modified":"2026-01-19T15:04:13","modified_gmt":"2026-01-19T15:04:13","slug":"assassinat-de-viviane-yolande-compaore-ouedraogo-un-suspect-interpelle","status":"publish","type":"post","link":"https:\/\/www.latribunedufaso.net\/?p=26697","title":{"rendered":"Assassinat de Viviane Yolande Compaor\u00e9\/Ou\u00e9draogo : Un suspect interpell\u00e9"},"content":{"rendered":"<p><strong>Dans le cadre de l\u2019enqu\u00eate de flagrant crime ouverte apr\u00e8s l\u2019assassinat, le 10 janvier 2026, de Viviane Yolande Compaor\u00e9\/Ou\u00e9draogo, ancienne ministre des Transports et ex-gouverneur de la r\u00e9gion du Yadega, la police a proc\u00e9d\u00e9 \u00e0 l\u2019interpellation d\u2019un suspect. C\u2019est l\u2019annonce qui a \u00e9t\u00e9 faite ce 19 janvier 2025 lors d\u2019une conf\u00e9rence de presse pr\u00e9sid\u00e9e par le Procureur du Faso pr\u00e8s le tribunal de grande instance de Ouaga II, Prosper Thombiano.<\/strong><!--more--><\/p>\n<p>Le commissariat de police de l\u2019arrondissement n\u00b012 de Ouagadougou a appr\u00e9hend\u00e9, le 13 janvier 2026, un individu \u00e0 la gare de la Soci\u00e9t\u00e9 de transport aor\u00e9ma et fr\u00e8res (STAF), situ\u00e9e \u00e0 Gounghin. Il s\u2019agit de Bougouma Wendpanga Yanick, \u00e2g\u00e9 de 26 ans, employ\u00e9 de commerce et sans domicile fixe.<\/p>\n<p>Selon les d\u00e9clarations du Procureur du Faso pr\u00e8s le Tribunal de grande instance Ouaga II, Prosper Thombiano, le mis en cause a reconnu les faits. Il a confi\u00e9 aux enqu\u00eateurs s\u2019\u00eatre introduit au domicile de la victime dans la nuit du samedi 10 janvier 2026, aux environs de 3 heures du matin, apr\u00e8s avoir escalad\u00e9 le mur de la concession. Il se serait dissimul\u00e9 \u00e0 l\u2019int\u00e9rieur des lieux en attendant l\u2019arriv\u00e9e de la fille de m\u00e9nage pour profiter de l\u2019ouverture des portes et acc\u00e9der au b\u00e2timent.<\/p>\n<figure id=\"attachment_26701\" aria-describedby=\"caption-attachment-26701\" style=\"width: 1280px\" class=\"wp-caption aligncenter\"><a href=\"https:\/\/www.latribunedufaso.net\/wp-content\/uploads\/2026\/01\/IMG-20260119-WA0051.jpg\"><img loading=\"lazy\" decoding=\"async\" class=\"size-full wp-image-26701\" src=\"https:\/\/www.latribunedufaso.net\/wp-content\/uploads\/2026\/01\/IMG-20260119-WA0051.jpg\" alt=\"Conf\u00e9rence de presse de pr\u00e9sentation d'un suspect arr\u00eat\u00e9 pour assassinat deViviane Yolande Compaor\u00e9\/Ou\u00e9draogo, ancienne ministre des Transports et ex-gouverneur de la r\u00e9gion du Yadega, 19 janvier 2026\" width=\"1280\" height=\"960\" srcset=\"https:\/\/www.latribunedufaso.net\/wp-content\/uploads\/2026\/01\/IMG-20260119-WA0051.jpg 1280w, https:\/\/www.latribunedufaso.net\/wp-content\/uploads\/2026\/01\/IMG-20260119-WA0051-300x225.jpg 300w, https:\/\/www.latribunedufaso.net\/wp-content\/uploads\/2026\/01\/IMG-20260119-WA0051-1024x768.jpg 1024w, https:\/\/www.latribunedufaso.net\/wp-content\/uploads\/2026\/01\/IMG-20260119-WA0051-768x576.jpg 768w\" sizes=\"auto, (max-width: 1280px) 100vw, 1280px\" \/><\/a><figcaption id=\"caption-attachment-26701\" class=\"wp-caption-text\">Le Procureur du Faso pr\u00e8s le tribunal de grande instance de Ouaga II, Prosper Thombiano (centre) &#8211; Ph. I. Tougma<\/figcaption><\/figure>\n<p>Le suspect affirme avoir attendu le d\u00e9part de cette derni\u00e8re ainsi que le retour de la victime apr\u00e8s la pri\u00e8re matinale pour passer \u00e0 l\u2019acte. Il d\u00e9clare avoir surpris Viviane Compaor\u00e9\/Ou\u00e9draogo dans sa chambre, puis l\u2019avoir ma\u00eetris\u00e9e \u00e0 l\u2019aide d\u2019une technique d\u2019\u00e9tranglement appel\u00e9e, <em><strong>\u00ab cl\u00e9 de cou \u00bb<\/strong><\/em>, qu\u2019il qualifie de <em><strong>\u00ab cadenas \u00bb<\/strong><\/em>, l\u2019emp\u00eachant ainsi d\u2019alerter le voisinage.<\/p>\n<p>Toujours selon ses aveux, il aurait adress\u00e9 ces paroles \u00e0 la victime au moment des faits : <em><strong>\u00ab Tu es \u00e0 la base de ma mis\u00e8re et de ma souffrance. Aujourd\u2019hui, c\u2019est la fin d\u2019une longue \u00e9poque. Tu as g\u00e2ch\u00e9 ma vie par tes mensonges occasionnant mon licenciement \u00bb.<\/strong><\/em><\/p>\n<figure id=\"attachment_26700\" aria-describedby=\"caption-attachment-26700\" style=\"width: 1280px\" class=\"wp-caption aligncenter\"><a href=\"https:\/\/www.latribunedufaso.net\/wp-content\/uploads\/2026\/01\/IMG-20260119-WA0052.jpg\"><img loading=\"lazy\" decoding=\"async\" class=\"size-full wp-image-26700\" src=\"https:\/\/www.latribunedufaso.net\/wp-content\/uploads\/2026\/01\/IMG-20260119-WA0052.jpg\" alt=\"Conf\u00e9rence de presse de pr\u00e9sentation d'un suspect arr\u00eat\u00e9 pour assassinat deViviane Yolande Compaor\u00e9\/Ou\u00e9draogo, ancienne ministre des Transports et ex-gouverneur de la r\u00e9gion du Yadega, 19 janvier 2026\" width=\"1280\" height=\"960\" srcset=\"https:\/\/www.latribunedufaso.net\/wp-content\/uploads\/2026\/01\/IMG-20260119-WA0052.jpg 1280w, https:\/\/www.latribunedufaso.net\/wp-content\/uploads\/2026\/01\/IMG-20260119-WA0052-300x225.jpg 300w, https:\/\/www.latribunedufaso.net\/wp-content\/uploads\/2026\/01\/IMG-20260119-WA0052-1024x768.jpg 1024w, https:\/\/www.latribunedufaso.net\/wp-content\/uploads\/2026\/01\/IMG-20260119-WA0052-768x576.jpg 768w\" sizes=\"auto, (max-width: 1280px) 100vw, 1280px\" \/><\/a><figcaption id=\"caption-attachment-26700\" class=\"wp-caption-text\">Une vue des journalistes \u00e0 la conf\u00e9rence de presse &#8211; Ph. I. Tougma<\/figcaption><\/figure>\n<p>S\u2019agissant du mobile du crime, Bougouma Wendpanga Yanick soutient que la victime serait \u00e0 l\u2019origine de son licenciement de la soci\u00e9t\u00e9 de transport STAF, o\u00f9 il exer\u00e7ait comme apprenti-chauffeur quelques mois auparavant.<\/p>\n<p>Il convient de noter que le suspect entretient un lien de parent\u00e9 avec la victime. Son p\u00e8re est le neveu de Viviane Compaor\u00e9\/Ou\u00e9draogo, la grand-m\u00e8re paternelle du mis en cause \u00e9tant la s\u0153ur ut\u00e9rine de cette derni\u00e8re.<\/p>\n<p>Le suspect affirme \u00e9galement avoir subi \u00e0 plusieurs reprises des d\u00e9nigrements, des calomnies, ainsi que des accusations de vols et d\u2019actes de d\u00e9linquance de la part de la victime, ce qui l\u2019aurait profond\u00e9ment traumatis\u00e9.<\/p>\n<blockquote>\n<p>Lire aussi &gt;&gt; <a href=\"https:\/\/www.latribunedufaso.net\/?p=25974\">Lutte contre la criminalit\u00e9 : 3 r\u00e9seaux criminels sp\u00e9cialis\u00e9s dans le braquage, la contrefa\u00e7on et le recyclage ill\u00e9gal d\u00e9mantel\u00e9s \u00e0 Ouagadougou\u00a0<\/a><\/p>\n<\/blockquote>\n<p>Lors de son interpellation, les forces de s\u00e9curit\u00e9 ont saisi plusieurs objets appartenant \u00e0 la victime et constituant des indices mat\u00e9riels corroborant les aveux du suspect. Il s\u2019agit d\u2019un t\u00e9l\u00e9phone android de marque motorola ; de 02 t\u00e9l\u00e9phones android de marque samsung, d\u2019une tablette de marque ONN, d\u2019un sac \u00e0 main dame de couleur bleue.<\/p>\n<p>Une proc\u00e9dure judiciaire sera ouverte a rassur\u00e9 le Procureur du Faso.<\/p>\n<p><strong>In\u00e8s TOUGMA\u00a0<\/strong><\/p>\n<p><strong>Latribunedufaso.net<\/strong><\/p>\n","protected":false},"excerpt":{"rendered":"<p>Dans le cadre de l\u2019enqu\u00eate de flagrant crime ouverte apr\u00e8s l\u2019assassinat, le 10 janvier 2026, de Viviane Yolande Compaor\u00e9\/Ou\u00e9draogo, ancienne ministre des Transports et ex-gouverneur de la r\u00e9gion du Yadega, la police a proc\u00e9d\u00e9 \u00e0 l\u2019interpellation d\u2019un suspect. C\u2019est l\u2019annonce qui a \u00e9t\u00e9 faite ce 19 janvier 2025 lors d\u2019une conf\u00e9rence de presse pr\u00e9sid\u00e9e par le Procureur du Faso pr\u00e8s le tribunal de grande instance de Ouaga II, Prosper Thombiano.<\/p>\n","protected":false},"author":5,"featured_media":26701,"comment_status":"open","ping_status":"open","sticky":false,"template":"","format":"standard","meta":{"footnotes":""},"categories":[13,1,8],"tags":[1931,39,554],"class_list":["post-26697","post","type-post","status-publish","format-standard","has-post-thumbnail","hentry","category-une","category-actu","category-societe","tag-assistant-viviane-yolande-compaore","tag-latribunedufaso-net","tag-lutte-contre-la-criminalite"],"yoast_head":"<!-- This site is optimized with the Yoast SEO plugin v27.4 - https:\/\/yoast.com\/product\/yoast-seo-wordpress\/ -->\n<title>Assassinat de Viviane Yolande Compaor\u00e9\/Ou\u00e9draogo : Un suspect interpell\u00e9 - La Tribune du Faso<\/title>\n<meta name=\"robots\" content=\"index, follow, max-snippet:-1, max-image-preview:large, max-video-preview:-1\" \/>\n<link rel=\"canonical\" href=\"https:\/\/www.latribunedufaso.net\/?p=26697\" \/>\n<meta property=\"og:locale\" content=\"fr_FR\" \/>\n<meta property=\"og:type\" content=\"article\" \/>\n<meta property=\"og:title\" content=\"Assassinat de Viviane Yolande Compaor\u00e9\/Ou\u00e9draogo : Un suspect interpell\u00e9 - La Tribune du Faso\" \/>\n<meta property=\"og:description\" content=\"Dans le cadre de l\u2019enqu\u00eate de flagrant crime ouverte apr\u00e8s l\u2019assassinat, le 10 janvier 2026, de Viviane Yolande Compaor\u00e9\/Ou\u00e9draogo, ancienne ministre des Transports et ex-gouverneur de la r\u00e9gion du Yadega, la police a proc\u00e9d\u00e9 \u00e0 l\u2019interpellation d\u2019un suspect. C\u2019est l\u2019annonce qui a \u00e9t\u00e9 faite ce 19 janvier 2025 lors d\u2019une conf\u00e9rence de presse pr\u00e9sid\u00e9e par le Procureur du Faso pr\u00e8s le tribunal de grande instance de Ouaga II, Prosper Thombiano.\" \/>\n<meta property=\"og:url\" content=\"https:\/\/www.latribunedufaso.net\/?p=26697\" \/>\n<meta property=\"og:site_name\" content=\"La Tribune du Faso\" \/>\n<meta property=\"article:publisher\" content=\"https:\/\/www.facebook.com\/LatribuneduFaso\/\" \/>\n<meta property=\"article:published_time\" content=\"2026-01-19T15:04:13+00:00\" \/>\n<meta property=\"og:image\" content=\"https:\/\/www.latribunedufaso.net\/wp-content\/uploads\/2026\/01\/IMG-20260119-WA0051.jpg\" \/>\n\t<meta property=\"og:image:width\" content=\"1280\" \/>\n\t<meta property=\"og:image:height\" content=\"960\" \/>\n\t<meta property=\"og:image:type\" content=\"image\/jpeg\" \/>\n<meta name=\"author\" content=\"Issouf Tapsoba\" \/>\n<meta name=\"twitter:label1\" content=\"\u00c9crit par\" \/>\n\t<meta name=\"twitter:data1\" content=\"Issouf Tapsoba\" \/>\n\t<meta name=\"twitter:label2\" content=\"Dur\u00e9e de lecture estim\u00e9e\" \/>\n\t<meta name=\"twitter:data2\" content=\"4 minutes\" \/>\n<script type=\"application\/ld+json\" class=\"yoast-schema-graph\">{\"@context\":\"https:\\\/\\\/schema.org\",\"@graph\":[{\"@type\":\"Article\",\"@id\":\"https:\\\/\\\/www.latribunedufaso.net\\\/?p=26697#article\",\"isPartOf\":{\"@id\":\"https:\\\/\\\/www.latribunedufaso.net\\\/?p=26697\"},\"author\":{\"name\":\"Issouf Tapsoba\",\"@id\":\"https:\\\/\\\/www.latribunedufaso.net\\\/#\\\/schema\\\/person\\\/e54e64c5778a7e72cf80a318b7a622b0\"},\"headline\":\"Assassinat de Viviane Yolande Compaor\u00e9\\\/Ou\u00e9draogo : Un suspect interpell\u00e9\",\"datePublished\":\"2026-01-19T15:04:13+00:00\",\"mainEntityOfPage\":{\"@id\":\"https:\\\/\\\/www.latribunedufaso.net\\\/?p=26697\"},\"wordCount\":631,\"commentCount\":0,\"publisher\":{\"@id\":\"https:\\\/\\\/www.latribunedufaso.net\\\/#organization\"},\"image\":{\"@id\":\"https:\\\/\\\/www.latribunedufaso.net\\\/?p=26697#primaryimage\"},\"thumbnailUrl\":\"https:\\\/\\\/www.latribunedufaso.net\\\/wp-content\\\/uploads\\\/2026\\\/01\\\/IMG-20260119-WA0051.jpg\",\"keywords\":[\"Assistant Viviane Yolande Compaor\u00e9\",\"latribunedufaso.net\",\"Lutte contre la criminalit\u00e9\"],\"articleSection\":[\"A la une\",\"Actualit\u00e9\",\"Soci\u00e9t\u00e9\"],\"inLanguage\":\"fr-FR\",\"potentialAction\":[{\"@type\":\"CommentAction\",\"name\":\"Comment\",\"target\":[\"https:\\\/\\\/www.latribunedufaso.net\\\/?p=26697#respond\"]}]},{\"@type\":\"WebPage\",\"@id\":\"https:\\\/\\\/www.latribunedufaso.net\\\/?p=26697\",\"url\":\"https:\\\/\\\/www.latribunedufaso.net\\\/?p=26697\",\"name\":\"Assassinat de Viviane Yolande Compaor\u00e9\\\/Ou\u00e9draogo : Un suspect interpell\u00e9 - La Tribune du Faso\",\"isPartOf\":{\"@id\":\"https:\\\/\\\/www.latribunedufaso.net\\\/#website\"},\"primaryImageOfPage\":{\"@id\":\"https:\\\/\\\/www.latribunedufaso.net\\\/?p=26697#primaryimage\"},\"image\":{\"@id\":\"https:\\\/\\\/www.latribunedufaso.net\\\/?p=26697#primaryimage\"},\"thumbnailUrl\":\"https:\\\/\\\/www.latribunedufaso.net\\\/wp-content\\\/uploads\\\/2026\\\/01\\\/IMG-20260119-WA0051.jpg\",\"datePublished\":\"2026-01-19T15:04:13+00:00\",\"breadcrumb\":{\"@id\":\"https:\\\/\\\/www.latribunedufaso.net\\\/?p=26697#breadcrumb\"},\"inLanguage\":\"fr-FR\",\"potentialAction\":[{\"@type\":\"ReadAction\",\"target\":[\"https:\\\/\\\/www.latribunedufaso.net\\\/?p=26697\"]}]},{\"@type\":\"ImageObject\",\"inLanguage\":\"fr-FR\",\"@id\":\"https:\\\/\\\/www.latribunedufaso.net\\\/?p=26697#primaryimage\",\"url\":\"https:\\\/\\\/www.latribunedufaso.net\\\/wp-content\\\/uploads\\\/2026\\\/01\\\/IMG-20260119-WA0051.jpg\",\"contentUrl\":\"https:\\\/\\\/www.latribunedufaso.net\\\/wp-content\\\/uploads\\\/2026\\\/01\\\/IMG-20260119-WA0051.jpg\",\"width\":1280,\"height\":960,\"caption\":\"Le Procureur du Faso pr\u00e8s le tribunal de grande instance de Ouaga II, Prosper Thombiano (centre) - Ph. I. Tougma\"},{\"@type\":\"BreadcrumbList\",\"@id\":\"https:\\\/\\\/www.latribunedufaso.net\\\/?p=26697#breadcrumb\",\"itemListElement\":[{\"@type\":\"ListItem\",\"position\":1,\"name\":\"Accueil\",\"item\":\"https:\\\/\\\/www.latribunedufaso.net\\\/\"},{\"@type\":\"ListItem\",\"position\":2,\"name\":\"Assassinat de Viviane Yolande Compaor\u00e9\\\/Ou\u00e9draogo : Un suspect interpell\u00e9\"}]},{\"@type\":\"WebSite\",\"@id\":\"https:\\\/\\\/www.latribunedufaso.net\\\/#website\",\"url\":\"https:\\\/\\\/www.latribunedufaso.net\\\/\",\"name\":\"La Tribune du Faso\",\"description\":\"L&#039;information du monde rural en un clic\",\"publisher\":{\"@id\":\"https:\\\/\\\/www.latribunedufaso.net\\\/#organization\"},\"potentialAction\":[{\"@type\":\"SearchAction\",\"target\":{\"@type\":\"EntryPoint\",\"urlTemplate\":\"https:\\\/\\\/www.latribunedufaso.net\\\/?s={search_term_string}\"},\"query-input\":{\"@type\":\"PropertyValueSpecification\",\"valueRequired\":true,\"valueName\":\"search_term_string\"}}],\"inLanguage\":\"fr-FR\"},{\"@type\":\"Organization\",\"@id\":\"https:\\\/\\\/www.latribunedufaso.net\\\/#organization\",\"name\":\"La Tribune du Faso\",\"url\":\"https:\\\/\\\/www.latribunedufaso.net\\\/\",\"logo\":{\"@type\":\"ImageObject\",\"inLanguage\":\"fr-FR\",\"@id\":\"https:\\\/\\\/www.latribunedufaso.net\\\/#\\\/schema\\\/logo\\\/image\\\/\",\"url\":\"https:\\\/\\\/www.latribunedufaso.net\\\/wp-content\\\/uploads\\\/2020\\\/08\\\/Logo-Tribune-du-Faso-final-scaled.jpg\",\"contentUrl\":\"https:\\\/\\\/www.latribunedufaso.net\\\/wp-content\\\/uploads\\\/2020\\\/08\\\/Logo-Tribune-du-Faso-final-scaled.jpg\",\"width\":2560,\"height\":1856,\"caption\":\"La Tribune du Faso\"},\"image\":{\"@id\":\"https:\\\/\\\/www.latribunedufaso.net\\\/#\\\/schema\\\/logo\\\/image\\\/\"},\"sameAs\":[\"https:\\\/\\\/www.facebook.com\\\/LatribuneduFaso\\\/\"]},{\"@type\":\"Person\",\"@id\":\"https:\\\/\\\/www.latribunedufaso.net\\\/#\\\/schema\\\/person\\\/e54e64c5778a7e72cf80a318b7a622b0\",\"name\":\"Issouf Tapsoba\",\"image\":{\"@type\":\"ImageObject\",\"inLanguage\":\"fr-FR\",\"@id\":\"https:\\\/\\\/secure.gravatar.com\\\/avatar\\\/5e6c05150ce3230247d167f5b94d678eb05936197436d69b7921e3a95c9107ac?s=96&d=mm&r=g\",\"url\":\"https:\\\/\\\/secure.gravatar.com\\\/avatar\\\/5e6c05150ce3230247d167f5b94d678eb05936197436d69b7921e3a95c9107ac?s=96&d=mm&r=g\",\"contentUrl\":\"https:\\\/\\\/secure.gravatar.com\\\/avatar\\\/5e6c05150ce3230247d167f5b94d678eb05936197436d69b7921e3a95c9107ac?s=96&d=mm&r=g\",\"caption\":\"Issouf Tapsoba\"},\"url\":\"https:\\\/\\\/www.latribunedufaso.net\\\/?author=5\"}]}<\/script>\n<!-- \/ Yoast SEO plugin. -->","yoast_head_json":{"title":"Assassinat de Viviane Yolande Compaor\u00e9\/Ou\u00e9draogo : Un suspect interpell\u00e9 - La Tribune du Faso","robots":{"index":"index","follow":"follow","max-snippet":"max-snippet:-1","max-image-preview":"max-image-preview:large","max-video-preview":"max-video-preview:-1"},"canonical":"https:\/\/www.latribunedufaso.net\/?p=26697","og_locale":"fr_FR","og_type":"article","og_title":"Assassinat de Viviane Yolande Compaor\u00e9\/Ou\u00e9draogo : Un suspect interpell\u00e9 - La Tribune du Faso","og_description":"Dans le cadre de l\u2019enqu\u00eate de flagrant crime ouverte apr\u00e8s l\u2019assassinat, le 10 janvier 2026, de Viviane Yolande Compaor\u00e9\/Ou\u00e9draogo, ancienne ministre des Transports et ex-gouverneur de la r\u00e9gion du Yadega, la police a proc\u00e9d\u00e9 \u00e0 l\u2019interpellation d\u2019un suspect. C\u2019est l\u2019annonce qui a \u00e9t\u00e9 faite ce 19 janvier 2025 lors d\u2019une conf\u00e9rence de presse pr\u00e9sid\u00e9e par le Procureur du Faso pr\u00e8s le tribunal de grande instance de Ouaga II, Prosper Thombiano.","og_url":"https:\/\/www.latribunedufaso.net\/?p=26697","og_site_name":"La Tribune du Faso","article_publisher":"https:\/\/www.facebook.com\/LatribuneduFaso\/","article_published_time":"2026-01-19T15:04:13+00:00","og_image":[{"width":1280,"height":960,"url":"https:\/\/www.latribunedufaso.net\/wp-content\/uploads\/2026\/01\/IMG-20260119-WA0051.jpg","type":"image\/jpeg"}],"author":"Issouf Tapsoba","twitter_misc":{"\u00c9crit par":"Issouf Tapsoba","Dur\u00e9e de lecture estim\u00e9e":"4 minutes"},"schema":{"@context":"https:\/\/schema.org","@graph":[{"@type":"Article","@id":"https:\/\/www.latribunedufaso.net\/?p=26697#article","isPartOf":{"@id":"https:\/\/www.latribunedufaso.net\/?p=26697"},"author":{"name":"Issouf Tapsoba","@id":"https:\/\/www.latribunedufaso.net\/#\/schema\/person\/e54e64c5778a7e72cf80a318b7a622b0"},"headline":"Assassinat de Viviane Yolande Compaor\u00e9\/Ou\u00e9draogo : Un suspect interpell\u00e9","datePublished":"2026-01-19T15:04:13+00:00","mainEntityOfPage":{"@id":"https:\/\/www.latribunedufaso.net\/?p=26697"},"wordCount":631,"commentCount":0,"publisher":{"@id":"https:\/\/www.latribunedufaso.net\/#organization"},"image":{"@id":"https:\/\/www.latribunedufaso.net\/?p=26697#primaryimage"},"thumbnailUrl":"https:\/\/www.latribunedufaso.net\/wp-content\/uploads\/2026\/01\/IMG-20260119-WA0051.jpg","keywords":["Assistant Viviane Yolande Compaor\u00e9","latribunedufaso.net","Lutte contre la criminalit\u00e9"],"articleSection":["A la une","Actualit\u00e9","Soci\u00e9t\u00e9"],"inLanguage":"fr-FR","potentialAction":[{"@type":"CommentAction","name":"Comment","target":["https:\/\/www.latribunedufaso.net\/?p=26697#respond"]}]},{"@type":"WebPage","@id":"https:\/\/www.latribunedufaso.net\/?p=26697","url":"https:\/\/www.latribunedufaso.net\/?p=26697","name":"Assassinat de Viviane Yolande Compaor\u00e9\/Ou\u00e9draogo : Un suspect interpell\u00e9 - La Tribune du Faso","isPartOf":{"@id":"https:\/\/www.latribunedufaso.net\/#website"},"primaryImageOfPage":{"@id":"https:\/\/www.latribunedufaso.net\/?p=26697#primaryimage"},"image":{"@id":"https:\/\/www.latribunedufaso.net\/?p=26697#primaryimage"},"thumbnailUrl":"https:\/\/www.latribunedufaso.net\/wp-content\/uploads\/2026\/01\/IMG-20260119-WA0051.jpg","datePublished":"2026-01-19T15:04:13+00:00","breadcrumb":{"@id":"https:\/\/www.latribunedufaso.net\/?p=26697#breadcrumb"},"inLanguage":"fr-FR","potentialAction":[{"@type":"ReadAction","target":["https:\/\/www.latribunedufaso.net\/?p=26697"]}]},{"@type":"ImageObject","inLanguage":"fr-FR","@id":"https:\/\/www.latribunedufaso.net\/?p=26697#primaryimage","url":"https:\/\/www.latribunedufaso.net\/wp-content\/uploads\/2026\/01\/IMG-20260119-WA0051.jpg","contentUrl":"https:\/\/www.latribunedufaso.net\/wp-content\/uploads\/2026\/01\/IMG-20260119-WA0051.jpg","width":1280,"height":960,"caption":"Le Procureur du Faso pr\u00e8s le tribunal de grande instance de Ouaga II, Prosper Thombiano (centre) - Ph. I. Tougma"},{"@type":"BreadcrumbList","@id":"https:\/\/www.latribunedufaso.net\/?p=26697#breadcrumb","itemListElement":[{"@type":"ListItem","position":1,"name":"Accueil","item":"https:\/\/www.latribunedufaso.net\/"},{"@type":"ListItem","position":2,"name":"Assassinat de Viviane Yolande Compaor\u00e9\/Ou\u00e9draogo : Un suspect interpell\u00e9"}]},{"@type":"WebSite","@id":"https:\/\/www.latribunedufaso.net\/#website","url":"https:\/\/www.latribunedufaso.net\/","name":"La Tribune du Faso","description":"L&#039;information du monde rural en un clic","publisher":{"@id":"https:\/\/www.latribunedufaso.net\/#organization"},"potentialAction":[{"@type":"SearchAction","target":{"@type":"EntryPoint","urlTemplate":"https:\/\/www.latribunedufaso.net\/?s={search_term_string}"},"query-input":{"@type":"PropertyValueSpecification","valueRequired":true,"valueName":"search_term_string"}}],"inLanguage":"fr-FR"},{"@type":"Organization","@id":"https:\/\/www.latribunedufaso.net\/#organization","name":"La Tribune du Faso","url":"https:\/\/www.latribunedufaso.net\/","logo":{"@type":"ImageObject","inLanguage":"fr-FR","@id":"https:\/\/www.latribunedufaso.net\/#\/schema\/logo\/image\/","url":"https:\/\/www.latribunedufaso.net\/wp-content\/uploads\/2020\/08\/Logo-Tribune-du-Faso-final-scaled.jpg","contentUrl":"https:\/\/www.latribunedufaso.net\/wp-content\/uploads\/2020\/08\/Logo-Tribune-du-Faso-final-scaled.jpg","width":2560,"height":1856,"caption":"La Tribune du Faso"},"image":{"@id":"https:\/\/www.latribunedufaso.net\/#\/schema\/logo\/image\/"},"sameAs":["https:\/\/www.facebook.com\/LatribuneduFaso\/"]},{"@type":"Person","@id":"https:\/\/www.latribunedufaso.net\/#\/schema\/person\/e54e64c5778a7e72cf80a318b7a622b0","name":"Issouf Tapsoba","image":{"@type":"ImageObject","inLanguage":"fr-FR","@id":"https:\/\/secure.gravatar.com\/avatar\/5e6c05150ce3230247d167f5b94d678eb05936197436d69b7921e3a95c9107ac?s=96&d=mm&r=g","url":"https:\/\/secure.gravatar.com\/avatar\/5e6c05150ce3230247d167f5b94d678eb05936197436d69b7921e3a95c9107ac?s=96&d=mm&r=g","contentUrl":"https:\/\/secure.gravatar.com\/avatar\/5e6c05150ce3230247d167f5b94d678eb05936197436d69b7921e3a95c9107ac?s=96&d=mm&r=g","caption":"Issouf Tapsoba"},"url":"https:\/\/www.latribunedufaso.net\/?author=5"}]}},"_links":{"self":[{"href":"https:\/\/www.latribunedufaso.net\/index.php?rest_route=\/wp\/v2\/posts\/26697","targetHints":{"allow":["GET"]}}],"collection":[{"href":"https:\/\/www.latribunedufaso.net\/index.php?rest_route=\/wp\/v2\/posts"}],"about":[{"href":"https:\/\/www.latribunedufaso.net\/index.php?rest_route=\/wp\/v2\/types\/post"}],"author":[{"embeddable":true,"href":"https:\/\/www.latribunedufaso.net\/index.php?rest_route=\/wp\/v2\/users\/5"}],"replies":[{"embeddable":true,"href":"https:\/\/www.latribunedufaso.net\/index.php?rest_route=%2Fwp%2Fv2%2Fcomments&post=26697"}],"version-history":[{"count":3,"href":"https:\/\/www.latribunedufaso.net\/index.php?rest_route=\/wp\/v2\/posts\/26697\/revisions"}],"predecessor-version":[{"id":26703,"href":"https:\/\/www.latribunedufaso.net\/index.php?rest_route=\/wp\/v2\/posts\/26697\/revisions\/26703"}],"wp:featuredmedia":[{"embeddable":true,"href":"https:\/\/www.latribunedufaso.net\/index.php?rest_route=\/wp\/v2\/media\/26701"}],"wp:attachment":[{"href":"https:\/\/www.latribunedufaso.net\/index.php?rest_route=%2Fwp%2Fv2%2Fmedia&parent=26697"}],"wp:term":[{"taxonomy":"category","embeddable":true,"href":"https:\/\/www.latribunedufaso.net\/index.php?rest_route=%2Fwp%2Fv2%2Fcategories&post=26697"},{"taxonomy":"post_tag","embeddable":true,"href":"https:\/\/www.latribunedufaso.net\/index.php?rest_route=%2Fwp%2Fv2%2Ftags&post=26697"}],"curies":[{"name":"wp","href":"https:\/\/api.w.org\/{rel}","templated":true}]}}