{"id":26685,"date":"2026-01-18T22:34:12","date_gmt":"2026-01-18T22:34:12","guid":{"rendered":"https:\/\/www.latribunedufaso.net\/?p=26685"},"modified":"2026-01-19T02:39:48","modified_gmt":"2026-01-19T02:39:48","slug":"can-2025-le-senegal-sacre-champion-dafrique-apres-une-finale-epique-contre-le-maroc-1-0","status":"publish","type":"post","link":"https:\/\/www.latribunedufaso.net\/?p=26685","title":{"rendered":"CAN 2025 : Le S\u00e9n\u00e9gal sacr\u00e9 champion d&rsquo;Afrique apr\u00e8s une finale \u00e9pique contre le Maroc (1-0)"},"content":{"rendered":"<p><strong>Les Lions de la Teranga du S\u00e9n\u00e9gal sont de nouveau sur le toit de l&rsquo;Afrique. Au terme d&rsquo;une finale anthologique disput\u00e9e ce dimanche 18 janvier 2026 au Stade Prince Moulay El Hassan, le S\u00e9n\u00e9gal a remport\u00e9 la 35e \u00e9dition de la Coupe d&rsquo;Afrique des Nations en s&rsquo;imposant 1 but \u00e0 0 face au Maroc, pays h\u00f4te.<\/strong><!--more--><\/p>\n<p>La premi\u00e8re mi-temps a \u00e9t\u00e9 globalement domin\u00e9e par les hommes de Pape Thiaw. Plus conqu\u00e9rants dans les duels et techniquement justes, les S\u00e9n\u00e9galais se sont cr\u00e9\u00e9 plusieurs situations franches sans toutefois parvenir \u00e0 tromper la vigilance de Yassine Bounou. \u00c0 la pause, les deux \u00e9quipes se sont s\u00e9par\u00e9es sur un score nul et vierge (0-0).<\/p>\n<h3>Un penalty manqu\u00e9 et un imbroglio arbitral<\/h3>\n<p>Le second acte est mont\u00e9 d&rsquo;un cran en intensit\u00e9. Alors que le S\u00e9n\u00e9gal continuait de dicter le tempo, le Maroc a opt\u00e9 pour un bloc bas compact, misant sur des contre-attaques rapides. Cette strat\u00e9gie a failli payer \u00e0 la 58e minute, lorsque El Kaabi, id\u00e9alement servi dans la surface, a manqu\u00e9 le cadre de peu.<\/p>\n<p>Le match a bascul\u00e9 dans l&rsquo;irrationnel en fin de rencontre lorsqu&rsquo;un penalty tr\u00e8s controvers\u00e9 a \u00e9t\u00e9 accord\u00e9 au Maroc. En signe de protestation contre cette d\u00e9cision arbitrale, le s\u00e9lectionneur s\u00e9n\u00e9galais, Pape Thiaw a demand\u00e9 \u00e0 ses joueurs de quitter la pelouse. Apr\u00e8s de longues minutes de discussions tendues, les Lions de la Teranga sont finalement revenus pour faire face \u00e0 leur destin.<\/p>\n<figure id=\"attachment_26690\" aria-describedby=\"caption-attachment-26690\" style=\"width: 1440px\" class=\"wp-caption aligncenter\"><a href=\"https:\/\/www.latribunedufaso.net\/wp-content\/uploads\/2026\/01\/FB_IMG_1768789388919.jpg\"><img loading=\"lazy\" decoding=\"async\" class=\"size-full wp-image-26690\" src=\"https:\/\/www.latribunedufaso.net\/wp-content\/uploads\/2026\/01\/FB_IMG_1768789388919.jpg\" alt=\"Le S\u00e9n\u00e9gal remporte la CAN 2025 en battant le Maroc 1 but \u00e0 0, 18 janvier 2026\" width=\"1440\" height=\"1152\" srcset=\"https:\/\/www.latribunedufaso.net\/wp-content\/uploads\/2026\/01\/FB_IMG_1768789388919.jpg 1440w, https:\/\/www.latribunedufaso.net\/wp-content\/uploads\/2026\/01\/FB_IMG_1768789388919-300x240.jpg 300w, https:\/\/www.latribunedufaso.net\/wp-content\/uploads\/2026\/01\/FB_IMG_1768789388919-1024x819.jpg 1024w, https:\/\/www.latribunedufaso.net\/wp-content\/uploads\/2026\/01\/FB_IMG_1768789388919-768x614.jpg 768w\" sizes=\"auto, (max-width: 1440px) 100vw, 1440px\" \/><\/a><figcaption id=\"caption-attachment-26690\" class=\"wp-caption-text\">Idrissa Gana Gueye (gauche) et Sadio Man\u00e9 (droite) avec le troph\u00e9e &#8211; Ph. DR<\/figcaption><\/figure>\n<p>Dans les ultimes secondes du temps additionnel, Brahim Diaz tire le penalty controvers\u00e9 en tentant un panenka. Sa tentative a \u00e9t\u00e9 stopp\u00e9e par un Edouard Mendy imp\u00e9rial. Un arr\u00eat d\u00e9cisif qui a envoy\u00e9 les deux s\u00e9lections en prolongations.<\/p>\n<h3>Pape Gueye, le lib\u00e9rateur<\/h3>\n<p>La physionomie de la rencontre laissait pr\u00e9sager une d\u00e9cision imminente. D\u00e8s l&rsquo;entame des prolongations, \u00e0 la 94e minute, Pape Gueye a d\u00e9livr\u00e9 tout un peuple en inscrivant l&rsquo;unique but du match d&rsquo;une frappe pr\u00e9cise. Malgr\u00e9 la pression marocaine jusqu&rsquo;au coup de sifflet final, le score n&rsquo;\u00e9voluera plus.<\/p>\n<figure id=\"attachment_26689\" aria-describedby=\"caption-attachment-26689\" style=\"width: 1440px\" class=\"wp-caption aligncenter\"><a href=\"https:\/\/www.latribunedufaso.net\/wp-content\/uploads\/2026\/01\/FB_IMG_1768789404262.jpg\"><img loading=\"lazy\" decoding=\"async\" class=\"size-full wp-image-26689\" src=\"https:\/\/www.latribunedufaso.net\/wp-content\/uploads\/2026\/01\/FB_IMG_1768789404262.jpg\" alt=\"Le S\u00e9n\u00e9gal remporte la CAN 2025 en battant le Maroc 1 but \u00e0 0, 18 janvier 2026\" width=\"1440\" height=\"1154\" srcset=\"https:\/\/www.latribunedufaso.net\/wp-content\/uploads\/2026\/01\/FB_IMG_1768789404262.jpg 1440w, https:\/\/www.latribunedufaso.net\/wp-content\/uploads\/2026\/01\/FB_IMG_1768789404262-300x240.jpg 300w, https:\/\/www.latribunedufaso.net\/wp-content\/uploads\/2026\/01\/FB_IMG_1768789404262-1024x821.jpg 1024w, https:\/\/www.latribunedufaso.net\/wp-content\/uploads\/2026\/01\/FB_IMG_1768789404262-768x615.jpg 768w\" sizes=\"auto, (max-width: 1440px) 100vw, 1440px\" \/><\/a><figcaption id=\"caption-attachment-26689\" class=\"wp-caption-text\">Le S\u00e9n\u00e9gal remporte la deuxi\u00e8me CAN de son histoire &#8211; Ph. DR<\/figcaption><\/figure>\n<p><em><strong>\u00ab Depuis le d\u00e9but de la comp\u00e9tition, on s&rsquo;est donn\u00e9 tous les moyens pour y arriver. On a su s&rsquo;adapter au jeu de l&rsquo;adversaire jusqu&rsquo;\u00e0 la finale et cela a port\u00e9 ses fruits \u00bb<\/strong><\/em>, a d\u00e9clar\u00e9 Edouard Mendy, \u00e9mu, \u00e0 l&rsquo;issue de la rencontre.<\/p>\n<h3>Palmar\u00e8s individuel<\/h3>\n<p><strong>\u00c9quipe Fair-play <\/strong><\/p>\n<p>Maroc\u00a0<\/p>\n<p><strong>Meilleur Gardien<\/strong><\/p>\n<p>Yassine Bounou (Maroc)<\/p>\n<p><strong>Meilleur Buteur <\/strong><\/p>\n<p>Brahim Diaz (Maroc) avec 5 buts<\/p>\n<p><strong>Meilleur Joueur (MVP)<\/strong><\/p>\n<p>Sadio Man\u00e9 (S\u00e9n\u00e9gal)<\/p>\n<p>&nbsp;<\/p>\n<p><strong>Issouf TAPSOBA\u00a0<\/strong><\/p>\n<p><strong>Latribunedufaso.net<\/strong><\/p>\n","protected":false},"excerpt":{"rendered":"<p>Les Lions de la Teranga du S\u00e9n\u00e9gal sont de nouveau sur le toit de l&rsquo;Afrique. Au terme d&rsquo;une finale anthologique disput\u00e9e ce dimanche 18 janvier 2026 au Stade Prince Moulay El Hassan, le S\u00e9n\u00e9gal a remport\u00e9 la 35e \u00e9dition de la Coupe d&rsquo;Afrique des Nations en s&rsquo;imposant 1 but \u00e0 0 face au Maroc, pays h\u00f4te.<\/p>\n","protected":false},"author":5,"featured_media":26692,"comment_status":"open","ping_status":"open","sticky":false,"template":"","format":"standard","meta":{"footnotes":""},"categories":[13,1,17],"tags":[1834,39,1930],"class_list":["post-26685","post","type-post","status-publish","format-standard","has-post-thumbnail","hentry","category-une","category-actu","category-sport","tag-can-maroc-2025","tag-latribunedufaso-net","tag-senegal-vainqueur-can-2025"],"yoast_head":"<!-- This site is optimized with the Yoast SEO plugin v27.4 - https:\/\/yoast.com\/product\/yoast-seo-wordpress\/ -->\n<title>CAN 2025 : Le S\u00e9n\u00e9gal sacr\u00e9 champion d&#039;Afrique apr\u00e8s une finale \u00e9pique contre le Maroc (1-0) - La Tribune du Faso<\/title>\n<meta name=\"robots\" content=\"index, follow, max-snippet:-1, max-image-preview:large, max-video-preview:-1\" \/>\n<link rel=\"canonical\" href=\"https:\/\/www.latribunedufaso.net\/?p=26685\" \/>\n<meta property=\"og:locale\" content=\"fr_FR\" \/>\n<meta property=\"og:type\" content=\"article\" \/>\n<meta property=\"og:title\" content=\"CAN 2025 : Le S\u00e9n\u00e9gal sacr\u00e9 champion d&#039;Afrique apr\u00e8s une finale \u00e9pique contre le Maroc (1-0) - La Tribune du Faso\" \/>\n<meta property=\"og:description\" content=\"Les Lions de la Teranga du S\u00e9n\u00e9gal sont de nouveau sur le toit de l&rsquo;Afrique. Au terme d&rsquo;une finale anthologique disput\u00e9e ce dimanche 18 janvier 2026 au Stade Prince Moulay El Hassan, le S\u00e9n\u00e9gal a remport\u00e9 la 35e \u00e9dition de la Coupe d&rsquo;Afrique des Nations en s&rsquo;imposant 1 but \u00e0 0 face au Maroc, pays h\u00f4te.\" \/>\n<meta property=\"og:url\" content=\"https:\/\/www.latribunedufaso.net\/?p=26685\" \/>\n<meta property=\"og:site_name\" content=\"La Tribune du Faso\" \/>\n<meta property=\"article:publisher\" content=\"https:\/\/www.facebook.com\/LatribuneduFaso\/\" \/>\n<meta property=\"article:published_time\" content=\"2026-01-18T22:34:12+00:00\" \/>\n<meta property=\"article:modified_time\" content=\"2026-01-19T02:39:48+00:00\" \/>\n<meta property=\"og:image\" content=\"https:\/\/www.latribunedufaso.net\/wp-content\/uploads\/2026\/01\/FB_IMG_1768789375330-1.jpg\" \/>\n\t<meta property=\"og:image:width\" content=\"1440\" \/>\n\t<meta property=\"og:image:height\" content=\"960\" \/>\n\t<meta property=\"og:image:type\" content=\"image\/jpeg\" \/>\n<meta name=\"author\" content=\"Issouf Tapsoba\" \/>\n<meta name=\"twitter:label1\" content=\"\u00c9crit par\" \/>\n\t<meta name=\"twitter:data1\" content=\"Issouf Tapsoba\" \/>\n\t<meta name=\"twitter:label2\" content=\"Dur\u00e9e de lecture estim\u00e9e\" \/>\n\t<meta name=\"twitter:data2\" content=\"3 minutes\" \/>\n<script type=\"application\/ld+json\" class=\"yoast-schema-graph\">{\"@context\":\"https:\\\/\\\/schema.org\",\"@graph\":[{\"@type\":\"Article\",\"@id\":\"https:\\\/\\\/www.latribunedufaso.net\\\/?p=26685#article\",\"isPartOf\":{\"@id\":\"https:\\\/\\\/www.latribunedufaso.net\\\/?p=26685\"},\"author\":{\"name\":\"Issouf Tapsoba\",\"@id\":\"https:\\\/\\\/www.latribunedufaso.net\\\/#\\\/schema\\\/person\\\/e54e64c5778a7e72cf80a318b7a622b0\"},\"headline\":\"CAN 2025 : Le S\u00e9n\u00e9gal sacr\u00e9 champion d&rsquo;Afrique apr\u00e8s une finale \u00e9pique contre le Maroc (1-0)\",\"datePublished\":\"2026-01-18T22:34:12+00:00\",\"dateModified\":\"2026-01-19T02:39:48+00:00\",\"mainEntityOfPage\":{\"@id\":\"https:\\\/\\\/www.latribunedufaso.net\\\/?p=26685\"},\"wordCount\":500,\"commentCount\":0,\"publisher\":{\"@id\":\"https:\\\/\\\/www.latribunedufaso.net\\\/#organization\"},\"image\":{\"@id\":\"https:\\\/\\\/www.latribunedufaso.net\\\/?p=26685#primaryimage\"},\"thumbnailUrl\":\"https:\\\/\\\/www.latribunedufaso.net\\\/wp-content\\\/uploads\\\/2026\\\/01\\\/FB_IMG_1768789375330-1.jpg\",\"keywords\":[\"CAN Maroc 2025\",\"latribunedufaso.net\",\"S\u00e9n\u00e9gal vainqueur CAN 2025\"],\"articleSection\":[\"A la une\",\"Actualit\u00e9\",\"Sport\"],\"inLanguage\":\"fr-FR\",\"potentialAction\":[{\"@type\":\"CommentAction\",\"name\":\"Comment\",\"target\":[\"https:\\\/\\\/www.latribunedufaso.net\\\/?p=26685#respond\"]}]},{\"@type\":\"WebPage\",\"@id\":\"https:\\\/\\\/www.latribunedufaso.net\\\/?p=26685\",\"url\":\"https:\\\/\\\/www.latribunedufaso.net\\\/?p=26685\",\"name\":\"CAN 2025 : Le S\u00e9n\u00e9gal sacr\u00e9 champion d'Afrique apr\u00e8s une finale \u00e9pique contre le Maroc (1-0) - La Tribune du Faso\",\"isPartOf\":{\"@id\":\"https:\\\/\\\/www.latribunedufaso.net\\\/#website\"},\"primaryImageOfPage\":{\"@id\":\"https:\\\/\\\/www.latribunedufaso.net\\\/?p=26685#primaryimage\"},\"image\":{\"@id\":\"https:\\\/\\\/www.latribunedufaso.net\\\/?p=26685#primaryimage\"},\"thumbnailUrl\":\"https:\\\/\\\/www.latribunedufaso.net\\\/wp-content\\\/uploads\\\/2026\\\/01\\\/FB_IMG_1768789375330-1.jpg\",\"datePublished\":\"2026-01-18T22:34:12+00:00\",\"dateModified\":\"2026-01-19T02:39:48+00:00\",\"breadcrumb\":{\"@id\":\"https:\\\/\\\/www.latribunedufaso.net\\\/?p=26685#breadcrumb\"},\"inLanguage\":\"fr-FR\",\"potentialAction\":[{\"@type\":\"ReadAction\",\"target\":[\"https:\\\/\\\/www.latribunedufaso.net\\\/?p=26685\"]}]},{\"@type\":\"ImageObject\",\"inLanguage\":\"fr-FR\",\"@id\":\"https:\\\/\\\/www.latribunedufaso.net\\\/?p=26685#primaryimage\",\"url\":\"https:\\\/\\\/www.latribunedufaso.net\\\/wp-content\\\/uploads\\\/2026\\\/01\\\/FB_IMG_1768789375330-1.jpg\",\"contentUrl\":\"https:\\\/\\\/www.latribunedufaso.net\\\/wp-content\\\/uploads\\\/2026\\\/01\\\/FB_IMG_1768789375330-1.jpg\",\"width\":1440,\"height\":960,\"caption\":\"Le S\u00e9n\u00e9gal remporte la CAN 2025 en battant le Maroc 1 but \u00e0 0, 18 janvier 2026\"},{\"@type\":\"BreadcrumbList\",\"@id\":\"https:\\\/\\\/www.latribunedufaso.net\\\/?p=26685#breadcrumb\",\"itemListElement\":[{\"@type\":\"ListItem\",\"position\":1,\"name\":\"Accueil\",\"item\":\"https:\\\/\\\/www.latribunedufaso.net\\\/\"},{\"@type\":\"ListItem\",\"position\":2,\"name\":\"CAN 2025 : Le S\u00e9n\u00e9gal sacr\u00e9 champion d&rsquo;Afrique apr\u00e8s une finale \u00e9pique contre le Maroc (1-0)\"}]},{\"@type\":\"WebSite\",\"@id\":\"https:\\\/\\\/www.latribunedufaso.net\\\/#website\",\"url\":\"https:\\\/\\\/www.latribunedufaso.net\\\/\",\"name\":\"La Tribune du Faso\",\"description\":\"L&#039;information du monde rural en un clic\",\"publisher\":{\"@id\":\"https:\\\/\\\/www.latribunedufaso.net\\\/#organization\"},\"potentialAction\":[{\"@type\":\"SearchAction\",\"target\":{\"@type\":\"EntryPoint\",\"urlTemplate\":\"https:\\\/\\\/www.latribunedufaso.net\\\/?s={search_term_string}\"},\"query-input\":{\"@type\":\"PropertyValueSpecification\",\"valueRequired\":true,\"valueName\":\"search_term_string\"}}],\"inLanguage\":\"fr-FR\"},{\"@type\":\"Organization\",\"@id\":\"https:\\\/\\\/www.latribunedufaso.net\\\/#organization\",\"name\":\"La Tribune du Faso\",\"url\":\"https:\\\/\\\/www.latribunedufaso.net\\\/\",\"logo\":{\"@type\":\"ImageObject\",\"inLanguage\":\"fr-FR\",\"@id\":\"https:\\\/\\\/www.latribunedufaso.net\\\/#\\\/schema\\\/logo\\\/image\\\/\",\"url\":\"https:\\\/\\\/www.latribunedufaso.net\\\/wp-content\\\/uploads\\\/2020\\\/08\\\/Logo-Tribune-du-Faso-final-scaled.jpg\",\"contentUrl\":\"https:\\\/\\\/www.latribunedufaso.net\\\/wp-content\\\/uploads\\\/2020\\\/08\\\/Logo-Tribune-du-Faso-final-scaled.jpg\",\"width\":2560,\"height\":1856,\"caption\":\"La Tribune du Faso\"},\"image\":{\"@id\":\"https:\\\/\\\/www.latribunedufaso.net\\\/#\\\/schema\\\/logo\\\/image\\\/\"},\"sameAs\":[\"https:\\\/\\\/www.facebook.com\\\/LatribuneduFaso\\\/\"]},{\"@type\":\"Person\",\"@id\":\"https:\\\/\\\/www.latribunedufaso.net\\\/#\\\/schema\\\/person\\\/e54e64c5778a7e72cf80a318b7a622b0\",\"name\":\"Issouf Tapsoba\",\"image\":{\"@type\":\"ImageObject\",\"inLanguage\":\"fr-FR\",\"@id\":\"https:\\\/\\\/secure.gravatar.com\\\/avatar\\\/5e6c05150ce3230247d167f5b94d678eb05936197436d69b7921e3a95c9107ac?s=96&d=mm&r=g\",\"url\":\"https:\\\/\\\/secure.gravatar.com\\\/avatar\\\/5e6c05150ce3230247d167f5b94d678eb05936197436d69b7921e3a95c9107ac?s=96&d=mm&r=g\",\"contentUrl\":\"https:\\\/\\\/secure.gravatar.com\\\/avatar\\\/5e6c05150ce3230247d167f5b94d678eb05936197436d69b7921e3a95c9107ac?s=96&d=mm&r=g\",\"caption\":\"Issouf Tapsoba\"},\"url\":\"https:\\\/\\\/www.latribunedufaso.net\\\/?author=5\"}]}<\/script>\n<!-- \/ Yoast SEO plugin. -->","yoast_head_json":{"title":"CAN 2025 : Le S\u00e9n\u00e9gal sacr\u00e9 champion d'Afrique apr\u00e8s une finale \u00e9pique contre le Maroc (1-0) - La Tribune du Faso","robots":{"index":"index","follow":"follow","max-snippet":"max-snippet:-1","max-image-preview":"max-image-preview:large","max-video-preview":"max-video-preview:-1"},"canonical":"https:\/\/www.latribunedufaso.net\/?p=26685","og_locale":"fr_FR","og_type":"article","og_title":"CAN 2025 : Le S\u00e9n\u00e9gal sacr\u00e9 champion d'Afrique apr\u00e8s une finale \u00e9pique contre le Maroc (1-0) - La Tribune du Faso","og_description":"Les Lions de la Teranga du S\u00e9n\u00e9gal sont de nouveau sur le toit de l&rsquo;Afrique. Au terme d&rsquo;une finale anthologique disput\u00e9e ce dimanche 18 janvier 2026 au Stade Prince Moulay El Hassan, le S\u00e9n\u00e9gal a remport\u00e9 la 35e \u00e9dition de la Coupe d&rsquo;Afrique des Nations en s&rsquo;imposant 1 but \u00e0 0 face au Maroc, pays h\u00f4te.","og_url":"https:\/\/www.latribunedufaso.net\/?p=26685","og_site_name":"La Tribune du Faso","article_publisher":"https:\/\/www.facebook.com\/LatribuneduFaso\/","article_published_time":"2026-01-18T22:34:12+00:00","article_modified_time":"2026-01-19T02:39:48+00:00","og_image":[{"width":1440,"height":960,"url":"https:\/\/www.latribunedufaso.net\/wp-content\/uploads\/2026\/01\/FB_IMG_1768789375330-1.jpg","type":"image\/jpeg"}],"author":"Issouf Tapsoba","twitter_misc":{"\u00c9crit par":"Issouf Tapsoba","Dur\u00e9e de lecture estim\u00e9e":"3 minutes"},"schema":{"@context":"https:\/\/schema.org","@graph":[{"@type":"Article","@id":"https:\/\/www.latribunedufaso.net\/?p=26685#article","isPartOf":{"@id":"https:\/\/www.latribunedufaso.net\/?p=26685"},"author":{"name":"Issouf Tapsoba","@id":"https:\/\/www.latribunedufaso.net\/#\/schema\/person\/e54e64c5778a7e72cf80a318b7a622b0"},"headline":"CAN 2025 : Le S\u00e9n\u00e9gal sacr\u00e9 champion d&rsquo;Afrique apr\u00e8s une finale \u00e9pique contre le Maroc (1-0)","datePublished":"2026-01-18T22:34:12+00:00","dateModified":"2026-01-19T02:39:48+00:00","mainEntityOfPage":{"@id":"https:\/\/www.latribunedufaso.net\/?p=26685"},"wordCount":500,"commentCount":0,"publisher":{"@id":"https:\/\/www.latribunedufaso.net\/#organization"},"image":{"@id":"https:\/\/www.latribunedufaso.net\/?p=26685#primaryimage"},"thumbnailUrl":"https:\/\/www.latribunedufaso.net\/wp-content\/uploads\/2026\/01\/FB_IMG_1768789375330-1.jpg","keywords":["CAN Maroc 2025","latribunedufaso.net","S\u00e9n\u00e9gal vainqueur CAN 2025"],"articleSection":["A la une","Actualit\u00e9","Sport"],"inLanguage":"fr-FR","potentialAction":[{"@type":"CommentAction","name":"Comment","target":["https:\/\/www.latribunedufaso.net\/?p=26685#respond"]}]},{"@type":"WebPage","@id":"https:\/\/www.latribunedufaso.net\/?p=26685","url":"https:\/\/www.latribunedufaso.net\/?p=26685","name":"CAN 2025 : Le S\u00e9n\u00e9gal sacr\u00e9 champion d'Afrique apr\u00e8s une finale \u00e9pique contre le Maroc (1-0) - La Tribune du Faso","isPartOf":{"@id":"https:\/\/www.latribunedufaso.net\/#website"},"primaryImageOfPage":{"@id":"https:\/\/www.latribunedufaso.net\/?p=26685#primaryimage"},"image":{"@id":"https:\/\/www.latribunedufaso.net\/?p=26685#primaryimage"},"thumbnailUrl":"https:\/\/www.latribunedufaso.net\/wp-content\/uploads\/2026\/01\/FB_IMG_1768789375330-1.jpg","datePublished":"2026-01-18T22:34:12+00:00","dateModified":"2026-01-19T02:39:48+00:00","breadcrumb":{"@id":"https:\/\/www.latribunedufaso.net\/?p=26685#breadcrumb"},"inLanguage":"fr-FR","potentialAction":[{"@type":"ReadAction","target":["https:\/\/www.latribunedufaso.net\/?p=26685"]}]},{"@type":"ImageObject","inLanguage":"fr-FR","@id":"https:\/\/www.latribunedufaso.net\/?p=26685#primaryimage","url":"https:\/\/www.latribunedufaso.net\/wp-content\/uploads\/2026\/01\/FB_IMG_1768789375330-1.jpg","contentUrl":"https:\/\/www.latribunedufaso.net\/wp-content\/uploads\/2026\/01\/FB_IMG_1768789375330-1.jpg","width":1440,"height":960,"caption":"Le S\u00e9n\u00e9gal remporte la CAN 2025 en battant le Maroc 1 but \u00e0 0, 18 janvier 2026"},{"@type":"BreadcrumbList","@id":"https:\/\/www.latribunedufaso.net\/?p=26685#breadcrumb","itemListElement":[{"@type":"ListItem","position":1,"name":"Accueil","item":"https:\/\/www.latribunedufaso.net\/"},{"@type":"ListItem","position":2,"name":"CAN 2025 : Le S\u00e9n\u00e9gal sacr\u00e9 champion d&rsquo;Afrique apr\u00e8s une finale \u00e9pique contre le Maroc (1-0)"}]},{"@type":"WebSite","@id":"https:\/\/www.latribunedufaso.net\/#website","url":"https:\/\/www.latribunedufaso.net\/","name":"La Tribune du Faso","description":"L&#039;information du monde rural en un clic","publisher":{"@id":"https:\/\/www.latribunedufaso.net\/#organization"},"potentialAction":[{"@type":"SearchAction","target":{"@type":"EntryPoint","urlTemplate":"https:\/\/www.latribunedufaso.net\/?s={search_term_string}"},"query-input":{"@type":"PropertyValueSpecification","valueRequired":true,"valueName":"search_term_string"}}],"inLanguage":"fr-FR"},{"@type":"Organization","@id":"https:\/\/www.latribunedufaso.net\/#organization","name":"La Tribune du Faso","url":"https:\/\/www.latribunedufaso.net\/","logo":{"@type":"ImageObject","inLanguage":"fr-FR","@id":"https:\/\/www.latribunedufaso.net\/#\/schema\/logo\/image\/","url":"https:\/\/www.latribunedufaso.net\/wp-content\/uploads\/2020\/08\/Logo-Tribune-du-Faso-final-scaled.jpg","contentUrl":"https:\/\/www.latribunedufaso.net\/wp-content\/uploads\/2020\/08\/Logo-Tribune-du-Faso-final-scaled.jpg","width":2560,"height":1856,"caption":"La Tribune du Faso"},"image":{"@id":"https:\/\/www.latribunedufaso.net\/#\/schema\/logo\/image\/"},"sameAs":["https:\/\/www.facebook.com\/LatribuneduFaso\/"]},{"@type":"Person","@id":"https:\/\/www.latribunedufaso.net\/#\/schema\/person\/e54e64c5778a7e72cf80a318b7a622b0","name":"Issouf Tapsoba","image":{"@type":"ImageObject","inLanguage":"fr-FR","@id":"https:\/\/secure.gravatar.com\/avatar\/5e6c05150ce3230247d167f5b94d678eb05936197436d69b7921e3a95c9107ac?s=96&d=mm&r=g","url":"https:\/\/secure.gravatar.com\/avatar\/5e6c05150ce3230247d167f5b94d678eb05936197436d69b7921e3a95c9107ac?s=96&d=mm&r=g","contentUrl":"https:\/\/secure.gravatar.com\/avatar\/5e6c05150ce3230247d167f5b94d678eb05936197436d69b7921e3a95c9107ac?s=96&d=mm&r=g","caption":"Issouf Tapsoba"},"url":"https:\/\/www.latribunedufaso.net\/?author=5"}]}},"_links":{"self":[{"href":"https:\/\/www.latribunedufaso.net\/index.php?rest_route=\/wp\/v2\/posts\/26685","targetHints":{"allow":["GET"]}}],"collection":[{"href":"https:\/\/www.latribunedufaso.net\/index.php?rest_route=\/wp\/v2\/posts"}],"about":[{"href":"https:\/\/www.latribunedufaso.net\/index.php?rest_route=\/wp\/v2\/types\/post"}],"author":[{"embeddable":true,"href":"https:\/\/www.latribunedufaso.net\/index.php?rest_route=\/wp\/v2\/users\/5"}],"replies":[{"embeddable":true,"href":"https:\/\/www.latribunedufaso.net\/index.php?rest_route=%2Fwp%2Fv2%2Fcomments&post=26685"}],"version-history":[{"count":3,"href":"https:\/\/www.latribunedufaso.net\/index.php?rest_route=\/wp\/v2\/posts\/26685\/revisions"}],"predecessor-version":[{"id":26694,"href":"https:\/\/www.latribunedufaso.net\/index.php?rest_route=\/wp\/v2\/posts\/26685\/revisions\/26694"}],"wp:featuredmedia":[{"embeddable":true,"href":"https:\/\/www.latribunedufaso.net\/index.php?rest_route=\/wp\/v2\/media\/26692"}],"wp:attachment":[{"href":"https:\/\/www.latribunedufaso.net\/index.php?rest_route=%2Fwp%2Fv2%2Fmedia&parent=26685"}],"wp:term":[{"taxonomy":"category","embeddable":true,"href":"https:\/\/www.latribunedufaso.net\/index.php?rest_route=%2Fwp%2Fv2%2Fcategories&post=26685"},{"taxonomy":"post_tag","embeddable":true,"href":"https:\/\/www.latribunedufaso.net\/index.php?rest_route=%2Fwp%2Fv2%2Ftags&post=26685"}],"curies":[{"name":"wp","href":"https:\/\/api.w.org\/{rel}","templated":true}]}}