{"id":26659,"date":"2026-01-16T19:53:53","date_gmt":"2026-01-16T19:53:53","guid":{"rendered":"https:\/\/www.latribunedufaso.net\/?p=26659"},"modified":"2026-01-16T19:53:53","modified_gmt":"2026-01-16T19:53:53","slug":"gendarmerie-nationale-le-merite-de-77-gendarmes-reconnu-et-celebre","status":"publish","type":"post","link":"https:\/\/www.latribunedufaso.net\/?p=26659","title":{"rendered":"Gendarmerie nationale : Le m\u00e9rite de 77 gendarmes reconnu et c\u00e9l\u00e9br\u00e9"},"content":{"rendered":"<p><strong>Le Chef d\u2019\u00c9tat-Major de la Gendarmerie nationale, le Colonel Kouagri Natama, a pr\u00e9sid\u00e9 16 janvier 2026 \u00e0 Ouagadougou, une c\u00e9r\u00e9monie solennelle de d\u00e9coration en l&rsquo;honneur de 77 gendarmes. Cet \u00e9v\u00e9nement, marqu\u00e9 par la pr\u00e9sence de la haute hi\u00e9rarchie militaire et des familles, a \u00e9t\u00e9 l&rsquo;occasion pour la Nation de saluer le d\u00e9vouement de ses fils et filles en uniforme.<\/strong><!--more--><\/p>\n<p>Ce 16 janvier 2026 \u00e0 Ouagadougou, la Nation a marqu\u00e9 une halte pour c\u00e9l\u00e9brer le m\u00e9rite de 77 membres du personnel de la Gendarmerie nationale. Ils\u00a0ont \u00e9t\u00e9 distingu\u00e9s dans plusieurs ordres, t\u00e9moignant de la vari\u00e9t\u00e9 des m\u00e9rites accomplis :<\/p>\n<ul>\n<li>1 Officier de l\u2019Ordre de l\u2019\u00c9talon<\/li>\n<li>4 M\u00e9dailles d\u2019honneur militaire<\/li>\n<li>66 M\u00e9dailles militaires<\/li>\n<li>3 Croix du Combattant<\/li>\n<li>1 Officier de l\u2019Ordre du M\u00e9rite Burkinab\u00e8<\/li>\n<li>2 Chevaliers de l\u2019Ordre du M\u00e9rite Burkinab\u00e8.<\/li>\n<\/ul>\n<figure id=\"attachment_26666\" aria-describedby=\"caption-attachment-26666\" style=\"width: 2560px\" class=\"wp-caption aligncenter\"><a href=\"https:\/\/www.latribunedufaso.net\/wp-content\/uploads\/2026\/01\/IMG_20260116_093709-scaled.jpg\"><img loading=\"lazy\" decoding=\"async\" class=\"size-full wp-image-26666\" src=\"https:\/\/www.latribunedufaso.net\/wp-content\/uploads\/2026\/01\/IMG_20260116_093709-scaled.jpg\" alt=\"C\u00e9r\u00e9monie de distinction \u00e0 la Gendarmerie nationale, 16 janvier 2026\" width=\"2560\" height=\"1928\" srcset=\"https:\/\/www.latribunedufaso.net\/wp-content\/uploads\/2026\/01\/IMG_20260116_093709-scaled.jpg 2560w, https:\/\/www.latribunedufaso.net\/wp-content\/uploads\/2026\/01\/IMG_20260116_093709-300x226.jpg 300w, https:\/\/www.latribunedufaso.net\/wp-content\/uploads\/2026\/01\/IMG_20260116_093709-1024x771.jpg 1024w, https:\/\/www.latribunedufaso.net\/wp-content\/uploads\/2026\/01\/IMG_20260116_093709-768x578.jpg 768w, https:\/\/www.latribunedufaso.net\/wp-content\/uploads\/2026\/01\/IMG_20260116_093709-1536x1157.jpg 1536w, https:\/\/www.latribunedufaso.net\/wp-content\/uploads\/2026\/01\/IMG_20260116_093709-2048x1542.jpg 2048w\" sizes=\"auto, (max-width: 2560px) 100vw, 2560px\" \/><\/a><figcaption id=\"caption-attachment-26666\" class=\"wp-caption-text\">Le Chef d\u2019\u00c9tat-Major de la Gendarmerie nationale, le Colonel Kouagri Natama &#8211; Ph. I. Tapsoba<\/figcaption><\/figure>\n<p>Ces distinctions s\u2019ajoutent \u00e0 celles d\u00e9j\u00e0 remises au cours de l\u2019ann\u00e9e 2025, portant \u00e0 127 le nombre total de gendarmes d\u00e9cor\u00e9s pour le compte de cette promotion.<\/p>\n<p>Dans son allocution, le Chef d\u2019\u00c9tat-Major de la Gendarmerie nationale, le Colonel Kouagri Natama, a adress\u00e9 ses vives f\u00e9licitations aux r\u00e9cipiendaires. Il les a invit\u00e9s \u00e0 redoubler d&rsquo;efforts pour consolider les acquis et servir de mod\u00e8les \u00e0 leurs fr\u00e8res d&rsquo;armes. <em><strong>\u00ab Travaillez encore pour m\u00e9riter davantage de reconnaissance. Je vous invite \u00e0 poursuivre sur cette lanc\u00e9e<\/strong> <\/em>\u00bb, a-t-il exhort\u00e9.<\/p>\n<figure id=\"attachment_26665\" aria-describedby=\"caption-attachment-26665\" style=\"width: 2560px\" class=\"wp-caption aligncenter\"><a href=\"https:\/\/www.latribunedufaso.net\/wp-content\/uploads\/2026\/01\/IMG_20260116_095141-scaled.jpg\"><img loading=\"lazy\" decoding=\"async\" class=\"size-full wp-image-26665\" src=\"https:\/\/www.latribunedufaso.net\/wp-content\/uploads\/2026\/01\/IMG_20260116_095141-scaled.jpg\" alt=\"C\u00e9r\u00e9monie de distinction \u00e0 la Gendarmerie nationale, 16 janvier 2026\" width=\"2560\" height=\"1928\" srcset=\"https:\/\/www.latribunedufaso.net\/wp-content\/uploads\/2026\/01\/IMG_20260116_095141-scaled.jpg 2560w, https:\/\/www.latribunedufaso.net\/wp-content\/uploads\/2026\/01\/IMG_20260116_095141-300x226.jpg 300w, https:\/\/www.latribunedufaso.net\/wp-content\/uploads\/2026\/01\/IMG_20260116_095141-1024x771.jpg 1024w, https:\/\/www.latribunedufaso.net\/wp-content\/uploads\/2026\/01\/IMG_20260116_095141-768x578.jpg 768w, https:\/\/www.latribunedufaso.net\/wp-content\/uploads\/2026\/01\/IMG_20260116_095141-1536x1157.jpg 1536w, https:\/\/www.latribunedufaso.net\/wp-content\/uploads\/2026\/01\/IMG_20260116_095141-2048x1542.jpg 2048w\" sizes=\"auto, (max-width: 2560px) 100vw, 2560px\" \/><\/a><figcaption id=\"caption-attachment-26665\" class=\"wp-caption-text\">L\u2019Adjudant Rachidatou Sanfo, d\u00e9cor\u00e9e de la M\u00e9daille militaire &#8211; Ph. I. Tapsoba<\/figcaption><\/figure>\n<p>L&rsquo;\u00e9motion et la fiert\u00e9 \u00e9taient palpables dans les rangs. Pour l\u2019Adjudant Rachidatou Sanfo, d\u00e9cor\u00e9e de la M\u00e9daille militaire, cette distinction est le couronnement d\u2019un travail accompli avec professionnalisme. Elle y voit \u00e9galement une valorisation du r\u00f4le des femmes au sein des Forces arm\u00e9es nationales. Son souhait est d\u00e9sormais d\u2019inspirer les jeunes filles \u00e0 rejoindre les rangs pour contribuer \u00e0 la d\u00e9fense de la Patrie.<\/p>\n<figure id=\"attachment_26664\" aria-describedby=\"caption-attachment-26664\" style=\"width: 2560px\" class=\"wp-caption aligncenter\"><a href=\"https:\/\/www.latribunedufaso.net\/wp-content\/uploads\/2026\/01\/IMG_20260116_095412-scaled.jpg\"><img loading=\"lazy\" decoding=\"async\" class=\"size-full wp-image-26664\" src=\"https:\/\/www.latribunedufaso.net\/wp-content\/uploads\/2026\/01\/IMG_20260116_095412-scaled.jpg\" alt=\"C\u00e9r\u00e9monie de distinction \u00e0 la Gendarmerie nationale, 16 janvier 2026\" width=\"2560\" height=\"1928\" srcset=\"https:\/\/www.latribunedufaso.net\/wp-content\/uploads\/2026\/01\/IMG_20260116_095412-scaled.jpg 2560w, https:\/\/www.latribunedufaso.net\/wp-content\/uploads\/2026\/01\/IMG_20260116_095412-300x226.jpg 300w, https:\/\/www.latribunedufaso.net\/wp-content\/uploads\/2026\/01\/IMG_20260116_095412-1024x771.jpg 1024w, https:\/\/www.latribunedufaso.net\/wp-content\/uploads\/2026\/01\/IMG_20260116_095412-768x578.jpg 768w, https:\/\/www.latribunedufaso.net\/wp-content\/uploads\/2026\/01\/IMG_20260116_095412-1536x1157.jpg 1536w, https:\/\/www.latribunedufaso.net\/wp-content\/uploads\/2026\/01\/IMG_20260116_095412-2048x1542.jpg 2048w\" sizes=\"auto, (max-width: 2560px) 100vw, 2560px\" \/><\/a><figcaption id=\"caption-attachment-26664\" class=\"wp-caption-text\">Le Commandant du Groupement d\u00e9partemental de Ouahigouya, Chef d\u2019escadron Albert Sanduidi &#8211; Ph. I. Tapsoba<\/figcaption><\/figure>\n<p>De son c\u00f4t\u00e9, le Chef d\u2019escadron Albert Sanduidi, Commandant du Groupement d\u00e9partemental de Ouahigouya, a \u00e9t\u00e9 fait Officier de l\u2019Ordre de l\u2019\u00c9talon. Tout en remerciant la hi\u00e9rarchie pour sa confiance et sa famille pour son soutien, il a d\u00e9di\u00e9 cette m\u00e9daille \u00e0 ses \u00e9quipes. <em><strong>\u00ab Je re\u00e7ois cette d\u00e9coration avec une grande humilit\u00e9, en ayant une pens\u00e9e particuli\u00e8re pour mes collaborateurs avec qui j\u2019ai servi jusqu\u2019\u00e0 aujourd\u2019hui \u00bb,<\/strong><\/em> a-t-il conclu.<\/p>\n<p><strong>Issouf TAPSOBA\u00a0<\/strong><\/p>\n<p><strong>Latribunedufaso.net<\/strong><\/p>\n<blockquote>\n<p>Lire aussi &gt;&gt; <a href=\"https:\/\/www.latribunedufaso.net\/?p=26649\">Gendarmerie nationale : L\u2019hommage de la Nation au sacrifice du Mar\u00e9chal des Logis-Chef Koumbagnou Som\u00e9<\/a><\/p>\n<\/blockquote>\n<figure id=\"attachment_26667\" aria-describedby=\"caption-attachment-26667\" style=\"width: 2560px\" class=\"wp-caption aligncenter\"><a href=\"https:\/\/www.latribunedufaso.net\/wp-content\/uploads\/2026\/01\/IMG_20260116_091536-scaled.jpg\"><img loading=\"lazy\" decoding=\"async\" class=\"size-full wp-image-26667\" src=\"https:\/\/www.latribunedufaso.net\/wp-content\/uploads\/2026\/01\/IMG_20260116_091536-scaled.jpg\" alt=\"C\u00e9r\u00e9monie de distinction \u00e0 la Gendarmerie nationale, 16 janvier 2026\" width=\"2560\" height=\"1928\" srcset=\"https:\/\/www.latribunedufaso.net\/wp-content\/uploads\/2026\/01\/IMG_20260116_091536-scaled.jpg 2560w, https:\/\/www.latribunedufaso.net\/wp-content\/uploads\/2026\/01\/IMG_20260116_091536-300x226.jpg 300w, https:\/\/www.latribunedufaso.net\/wp-content\/uploads\/2026\/01\/IMG_20260116_091536-1024x771.jpg 1024w, https:\/\/www.latribunedufaso.net\/wp-content\/uploads\/2026\/01\/IMG_20260116_091536-768x578.jpg 768w, https:\/\/www.latribunedufaso.net\/wp-content\/uploads\/2026\/01\/IMG_20260116_091536-1536x1157.jpg 1536w, https:\/\/www.latribunedufaso.net\/wp-content\/uploads\/2026\/01\/IMG_20260116_091536-2048x1542.jpg 2048w\" sizes=\"auto, (max-width: 2560px) 100vw, 2560px\" \/><\/a><figcaption id=\"caption-attachment-26667\" class=\"wp-caption-text\">Une vue des r\u00e9cipiendaires &#8211; Ph. I. Tapsoba<\/figcaption><\/figure>\n<p>&nbsp;<\/p>\n","protected":false},"excerpt":{"rendered":"<p>Le Chef d\u2019\u00c9tat-Major de la Gendarmerie nationale, le Colonel Kouagri Natama, a pr\u00e9sid\u00e9 16 janvier 2026 \u00e0 Ouagadougou, une c\u00e9r\u00e9monie solennelle de d\u00e9coration en l&rsquo;honneur de 77 gendarmes. Cet \u00e9v\u00e9nement, marqu\u00e9 par la pr\u00e9sence de la haute hi\u00e9rarchie militaire et des familles, a \u00e9t\u00e9 l&rsquo;occasion pour la Nation de saluer le d\u00e9vouement de ses fils et filles en uniforme.<\/p>\n","protected":false},"author":5,"featured_media":26668,"comment_status":"open","ping_status":"open","sticky":false,"template":"","format":"standard","meta":{"footnotes":""},"categories":[13,1,8],"tags":[1927,230,39,138],"class_list":["post-26659","post","type-post","status-publish","format-standard","has-post-thumbnail","hentry","category-une","category-actu","category-societe","tag-distinction-gendarmerie-nationale","tag-gendarmerie-nationale","tag-latribunedufaso-net","tag-lutte-contre-le-terrorisme"],"yoast_head":"<!-- This site is optimized with the Yoast SEO plugin v27.4 - https:\/\/yoast.com\/product\/yoast-seo-wordpress\/ -->\n<title>Gendarmerie nationale : Le m\u00e9rite de 77 gendarmes reconnu et c\u00e9l\u00e9br\u00e9 - La Tribune du Faso<\/title>\n<meta name=\"robots\" content=\"index, follow, max-snippet:-1, max-image-preview:large, max-video-preview:-1\" \/>\n<link rel=\"canonical\" href=\"https:\/\/www.latribunedufaso.net\/?p=26659\" \/>\n<meta property=\"og:locale\" content=\"fr_FR\" \/>\n<meta property=\"og:type\" content=\"article\" \/>\n<meta property=\"og:title\" content=\"Gendarmerie nationale : Le m\u00e9rite de 77 gendarmes reconnu et c\u00e9l\u00e9br\u00e9 - La Tribune du Faso\" \/>\n<meta property=\"og:description\" content=\"Le Chef d\u2019\u00c9tat-Major de la Gendarmerie nationale, le Colonel Kouagri Natama, a pr\u00e9sid\u00e9 16 janvier 2026 \u00e0 Ouagadougou, une c\u00e9r\u00e9monie solennelle de d\u00e9coration en l&rsquo;honneur de 77 gendarmes. Cet \u00e9v\u00e9nement, marqu\u00e9 par la pr\u00e9sence de la haute hi\u00e9rarchie militaire et des familles, a \u00e9t\u00e9 l&rsquo;occasion pour la Nation de saluer le d\u00e9vouement de ses fils et filles en uniforme.\" \/>\n<meta property=\"og:url\" content=\"https:\/\/www.latribunedufaso.net\/?p=26659\" \/>\n<meta property=\"og:site_name\" content=\"La Tribune du Faso\" \/>\n<meta property=\"article:publisher\" content=\"https:\/\/www.facebook.com\/LatribuneduFaso\/\" \/>\n<meta property=\"article:published_time\" content=\"2026-01-16T19:53:53+00:00\" \/>\n<meta property=\"og:image\" content=\"https:\/\/www.latribunedufaso.net\/wp-content\/uploads\/2026\/01\/IMG_20260116_084438-scaled.jpg\" \/>\n\t<meta property=\"og:image:width\" content=\"2560\" \/>\n\t<meta property=\"og:image:height\" content=\"1928\" \/>\n\t<meta property=\"og:image:type\" content=\"image\/jpeg\" \/>\n<meta name=\"author\" content=\"Issouf Tapsoba\" \/>\n<meta name=\"twitter:label1\" content=\"\u00c9crit par\" \/>\n\t<meta name=\"twitter:data1\" content=\"Issouf Tapsoba\" \/>\n\t<meta name=\"twitter:label2\" content=\"Dur\u00e9e de lecture estim\u00e9e\" \/>\n\t<meta name=\"twitter:data2\" content=\"4 minutes\" \/>\n<script type=\"application\/ld+json\" class=\"yoast-schema-graph\">{\"@context\":\"https:\\\/\\\/schema.org\",\"@graph\":[{\"@type\":\"Article\",\"@id\":\"https:\\\/\\\/www.latribunedufaso.net\\\/?p=26659#article\",\"isPartOf\":{\"@id\":\"https:\\\/\\\/www.latribunedufaso.net\\\/?p=26659\"},\"author\":{\"name\":\"Issouf Tapsoba\",\"@id\":\"https:\\\/\\\/www.latribunedufaso.net\\\/#\\\/schema\\\/person\\\/e54e64c5778a7e72cf80a318b7a622b0\"},\"headline\":\"Gendarmerie nationale : Le m\u00e9rite de 77 gendarmes reconnu et c\u00e9l\u00e9br\u00e9\",\"datePublished\":\"2026-01-16T19:53:53+00:00\",\"mainEntityOfPage\":{\"@id\":\"https:\\\/\\\/www.latribunedufaso.net\\\/?p=26659\"},\"wordCount\":512,\"commentCount\":0,\"publisher\":{\"@id\":\"https:\\\/\\\/www.latribunedufaso.net\\\/#organization\"},\"image\":{\"@id\":\"https:\\\/\\\/www.latribunedufaso.net\\\/?p=26659#primaryimage\"},\"thumbnailUrl\":\"https:\\\/\\\/www.latribunedufaso.net\\\/wp-content\\\/uploads\\\/2026\\\/01\\\/IMG_20260116_084438-scaled.jpg\",\"keywords\":[\"Distinction gendarmerie nationale\",\"Gendarmerie nationale\",\"latribunedufaso.net\",\"lutte contre le terrorisme\"],\"articleSection\":[\"A la une\",\"Actualit\u00e9\",\"Soci\u00e9t\u00e9\"],\"inLanguage\":\"fr-FR\",\"potentialAction\":[{\"@type\":\"CommentAction\",\"name\":\"Comment\",\"target\":[\"https:\\\/\\\/www.latribunedufaso.net\\\/?p=26659#respond\"]}]},{\"@type\":\"WebPage\",\"@id\":\"https:\\\/\\\/www.latribunedufaso.net\\\/?p=26659\",\"url\":\"https:\\\/\\\/www.latribunedufaso.net\\\/?p=26659\",\"name\":\"Gendarmerie nationale : Le m\u00e9rite de 77 gendarmes reconnu et c\u00e9l\u00e9br\u00e9 - La Tribune du Faso\",\"isPartOf\":{\"@id\":\"https:\\\/\\\/www.latribunedufaso.net\\\/#website\"},\"primaryImageOfPage\":{\"@id\":\"https:\\\/\\\/www.latribunedufaso.net\\\/?p=26659#primaryimage\"},\"image\":{\"@id\":\"https:\\\/\\\/www.latribunedufaso.net\\\/?p=26659#primaryimage\"},\"thumbnailUrl\":\"https:\\\/\\\/www.latribunedufaso.net\\\/wp-content\\\/uploads\\\/2026\\\/01\\\/IMG_20260116_084438-scaled.jpg\",\"datePublished\":\"2026-01-16T19:53:53+00:00\",\"breadcrumb\":{\"@id\":\"https:\\\/\\\/www.latribunedufaso.net\\\/?p=26659#breadcrumb\"},\"inLanguage\":\"fr-FR\",\"potentialAction\":[{\"@type\":\"ReadAction\",\"target\":[\"https:\\\/\\\/www.latribunedufaso.net\\\/?p=26659\"]}]},{\"@type\":\"ImageObject\",\"inLanguage\":\"fr-FR\",\"@id\":\"https:\\\/\\\/www.latribunedufaso.net\\\/?p=26659#primaryimage\",\"url\":\"https:\\\/\\\/www.latribunedufaso.net\\\/wp-content\\\/uploads\\\/2026\\\/01\\\/IMG_20260116_084438-scaled.jpg\",\"contentUrl\":\"https:\\\/\\\/www.latribunedufaso.net\\\/wp-content\\\/uploads\\\/2026\\\/01\\\/IMG_20260116_084438-scaled.jpg\",\"width\":2560,\"height\":1928,\"caption\":\"C\u00e9r\u00e9monie de distinction \u00e0 la Gendarmerie nationale, 16 janvier 2026\"},{\"@type\":\"BreadcrumbList\",\"@id\":\"https:\\\/\\\/www.latribunedufaso.net\\\/?p=26659#breadcrumb\",\"itemListElement\":[{\"@type\":\"ListItem\",\"position\":1,\"name\":\"Accueil\",\"item\":\"https:\\\/\\\/www.latribunedufaso.net\\\/\"},{\"@type\":\"ListItem\",\"position\":2,\"name\":\"Gendarmerie nationale : Le m\u00e9rite de 77 gendarmes reconnu et c\u00e9l\u00e9br\u00e9\"}]},{\"@type\":\"WebSite\",\"@id\":\"https:\\\/\\\/www.latribunedufaso.net\\\/#website\",\"url\":\"https:\\\/\\\/www.latribunedufaso.net\\\/\",\"name\":\"La Tribune du Faso\",\"description\":\"L&#039;information du monde rural en un clic\",\"publisher\":{\"@id\":\"https:\\\/\\\/www.latribunedufaso.net\\\/#organization\"},\"potentialAction\":[{\"@type\":\"SearchAction\",\"target\":{\"@type\":\"EntryPoint\",\"urlTemplate\":\"https:\\\/\\\/www.latribunedufaso.net\\\/?s={search_term_string}\"},\"query-input\":{\"@type\":\"PropertyValueSpecification\",\"valueRequired\":true,\"valueName\":\"search_term_string\"}}],\"inLanguage\":\"fr-FR\"},{\"@type\":\"Organization\",\"@id\":\"https:\\\/\\\/www.latribunedufaso.net\\\/#organization\",\"name\":\"La Tribune du Faso\",\"url\":\"https:\\\/\\\/www.latribunedufaso.net\\\/\",\"logo\":{\"@type\":\"ImageObject\",\"inLanguage\":\"fr-FR\",\"@id\":\"https:\\\/\\\/www.latribunedufaso.net\\\/#\\\/schema\\\/logo\\\/image\\\/\",\"url\":\"https:\\\/\\\/www.latribunedufaso.net\\\/wp-content\\\/uploads\\\/2020\\\/08\\\/Logo-Tribune-du-Faso-final-scaled.jpg\",\"contentUrl\":\"https:\\\/\\\/www.latribunedufaso.net\\\/wp-content\\\/uploads\\\/2020\\\/08\\\/Logo-Tribune-du-Faso-final-scaled.jpg\",\"width\":2560,\"height\":1856,\"caption\":\"La Tribune du Faso\"},\"image\":{\"@id\":\"https:\\\/\\\/www.latribunedufaso.net\\\/#\\\/schema\\\/logo\\\/image\\\/\"},\"sameAs\":[\"https:\\\/\\\/www.facebook.com\\\/LatribuneduFaso\\\/\"]},{\"@type\":\"Person\",\"@id\":\"https:\\\/\\\/www.latribunedufaso.net\\\/#\\\/schema\\\/person\\\/e54e64c5778a7e72cf80a318b7a622b0\",\"name\":\"Issouf Tapsoba\",\"image\":{\"@type\":\"ImageObject\",\"inLanguage\":\"fr-FR\",\"@id\":\"https:\\\/\\\/secure.gravatar.com\\\/avatar\\\/5e6c05150ce3230247d167f5b94d678eb05936197436d69b7921e3a95c9107ac?s=96&d=mm&r=g\",\"url\":\"https:\\\/\\\/secure.gravatar.com\\\/avatar\\\/5e6c05150ce3230247d167f5b94d678eb05936197436d69b7921e3a95c9107ac?s=96&d=mm&r=g\",\"contentUrl\":\"https:\\\/\\\/secure.gravatar.com\\\/avatar\\\/5e6c05150ce3230247d167f5b94d678eb05936197436d69b7921e3a95c9107ac?s=96&d=mm&r=g\",\"caption\":\"Issouf Tapsoba\"},\"url\":\"https:\\\/\\\/www.latribunedufaso.net\\\/?author=5\"}]}<\/script>\n<!-- \/ Yoast SEO plugin. -->","yoast_head_json":{"title":"Gendarmerie nationale : Le m\u00e9rite de 77 gendarmes reconnu et c\u00e9l\u00e9br\u00e9 - La Tribune du Faso","robots":{"index":"index","follow":"follow","max-snippet":"max-snippet:-1","max-image-preview":"max-image-preview:large","max-video-preview":"max-video-preview:-1"},"canonical":"https:\/\/www.latribunedufaso.net\/?p=26659","og_locale":"fr_FR","og_type":"article","og_title":"Gendarmerie nationale : Le m\u00e9rite de 77 gendarmes reconnu et c\u00e9l\u00e9br\u00e9 - La Tribune du Faso","og_description":"Le Chef d\u2019\u00c9tat-Major de la Gendarmerie nationale, le Colonel Kouagri Natama, a pr\u00e9sid\u00e9 16 janvier 2026 \u00e0 Ouagadougou, une c\u00e9r\u00e9monie solennelle de d\u00e9coration en l&rsquo;honneur de 77 gendarmes. Cet \u00e9v\u00e9nement, marqu\u00e9 par la pr\u00e9sence de la haute hi\u00e9rarchie militaire et des familles, a \u00e9t\u00e9 l&rsquo;occasion pour la Nation de saluer le d\u00e9vouement de ses fils et filles en uniforme.","og_url":"https:\/\/www.latribunedufaso.net\/?p=26659","og_site_name":"La Tribune du Faso","article_publisher":"https:\/\/www.facebook.com\/LatribuneduFaso\/","article_published_time":"2026-01-16T19:53:53+00:00","og_image":[{"width":2560,"height":1928,"url":"https:\/\/www.latribunedufaso.net\/wp-content\/uploads\/2026\/01\/IMG_20260116_084438-scaled.jpg","type":"image\/jpeg"}],"author":"Issouf Tapsoba","twitter_misc":{"\u00c9crit par":"Issouf Tapsoba","Dur\u00e9e de lecture estim\u00e9e":"4 minutes"},"schema":{"@context":"https:\/\/schema.org","@graph":[{"@type":"Article","@id":"https:\/\/www.latribunedufaso.net\/?p=26659#article","isPartOf":{"@id":"https:\/\/www.latribunedufaso.net\/?p=26659"},"author":{"name":"Issouf Tapsoba","@id":"https:\/\/www.latribunedufaso.net\/#\/schema\/person\/e54e64c5778a7e72cf80a318b7a622b0"},"headline":"Gendarmerie nationale : Le m\u00e9rite de 77 gendarmes reconnu et c\u00e9l\u00e9br\u00e9","datePublished":"2026-01-16T19:53:53+00:00","mainEntityOfPage":{"@id":"https:\/\/www.latribunedufaso.net\/?p=26659"},"wordCount":512,"commentCount":0,"publisher":{"@id":"https:\/\/www.latribunedufaso.net\/#organization"},"image":{"@id":"https:\/\/www.latribunedufaso.net\/?p=26659#primaryimage"},"thumbnailUrl":"https:\/\/www.latribunedufaso.net\/wp-content\/uploads\/2026\/01\/IMG_20260116_084438-scaled.jpg","keywords":["Distinction gendarmerie nationale","Gendarmerie nationale","latribunedufaso.net","lutte contre le terrorisme"],"articleSection":["A la une","Actualit\u00e9","Soci\u00e9t\u00e9"],"inLanguage":"fr-FR","potentialAction":[{"@type":"CommentAction","name":"Comment","target":["https:\/\/www.latribunedufaso.net\/?p=26659#respond"]}]},{"@type":"WebPage","@id":"https:\/\/www.latribunedufaso.net\/?p=26659","url":"https:\/\/www.latribunedufaso.net\/?p=26659","name":"Gendarmerie nationale : Le m\u00e9rite de 77 gendarmes reconnu et c\u00e9l\u00e9br\u00e9 - La Tribune du Faso","isPartOf":{"@id":"https:\/\/www.latribunedufaso.net\/#website"},"primaryImageOfPage":{"@id":"https:\/\/www.latribunedufaso.net\/?p=26659#primaryimage"},"image":{"@id":"https:\/\/www.latribunedufaso.net\/?p=26659#primaryimage"},"thumbnailUrl":"https:\/\/www.latribunedufaso.net\/wp-content\/uploads\/2026\/01\/IMG_20260116_084438-scaled.jpg","datePublished":"2026-01-16T19:53:53+00:00","breadcrumb":{"@id":"https:\/\/www.latribunedufaso.net\/?p=26659#breadcrumb"},"inLanguage":"fr-FR","potentialAction":[{"@type":"ReadAction","target":["https:\/\/www.latribunedufaso.net\/?p=26659"]}]},{"@type":"ImageObject","inLanguage":"fr-FR","@id":"https:\/\/www.latribunedufaso.net\/?p=26659#primaryimage","url":"https:\/\/www.latribunedufaso.net\/wp-content\/uploads\/2026\/01\/IMG_20260116_084438-scaled.jpg","contentUrl":"https:\/\/www.latribunedufaso.net\/wp-content\/uploads\/2026\/01\/IMG_20260116_084438-scaled.jpg","width":2560,"height":1928,"caption":"C\u00e9r\u00e9monie de distinction \u00e0 la Gendarmerie nationale, 16 janvier 2026"},{"@type":"BreadcrumbList","@id":"https:\/\/www.latribunedufaso.net\/?p=26659#breadcrumb","itemListElement":[{"@type":"ListItem","position":1,"name":"Accueil","item":"https:\/\/www.latribunedufaso.net\/"},{"@type":"ListItem","position":2,"name":"Gendarmerie nationale : Le m\u00e9rite de 77 gendarmes reconnu et c\u00e9l\u00e9br\u00e9"}]},{"@type":"WebSite","@id":"https:\/\/www.latribunedufaso.net\/#website","url":"https:\/\/www.latribunedufaso.net\/","name":"La Tribune du Faso","description":"L&#039;information du monde rural en un clic","publisher":{"@id":"https:\/\/www.latribunedufaso.net\/#organization"},"potentialAction":[{"@type":"SearchAction","target":{"@type":"EntryPoint","urlTemplate":"https:\/\/www.latribunedufaso.net\/?s={search_term_string}"},"query-input":{"@type":"PropertyValueSpecification","valueRequired":true,"valueName":"search_term_string"}}],"inLanguage":"fr-FR"},{"@type":"Organization","@id":"https:\/\/www.latribunedufaso.net\/#organization","name":"La Tribune du Faso","url":"https:\/\/www.latribunedufaso.net\/","logo":{"@type":"ImageObject","inLanguage":"fr-FR","@id":"https:\/\/www.latribunedufaso.net\/#\/schema\/logo\/image\/","url":"https:\/\/www.latribunedufaso.net\/wp-content\/uploads\/2020\/08\/Logo-Tribune-du-Faso-final-scaled.jpg","contentUrl":"https:\/\/www.latribunedufaso.net\/wp-content\/uploads\/2020\/08\/Logo-Tribune-du-Faso-final-scaled.jpg","width":2560,"height":1856,"caption":"La Tribune du Faso"},"image":{"@id":"https:\/\/www.latribunedufaso.net\/#\/schema\/logo\/image\/"},"sameAs":["https:\/\/www.facebook.com\/LatribuneduFaso\/"]},{"@type":"Person","@id":"https:\/\/www.latribunedufaso.net\/#\/schema\/person\/e54e64c5778a7e72cf80a318b7a622b0","name":"Issouf Tapsoba","image":{"@type":"ImageObject","inLanguage":"fr-FR","@id":"https:\/\/secure.gravatar.com\/avatar\/5e6c05150ce3230247d167f5b94d678eb05936197436d69b7921e3a95c9107ac?s=96&d=mm&r=g","url":"https:\/\/secure.gravatar.com\/avatar\/5e6c05150ce3230247d167f5b94d678eb05936197436d69b7921e3a95c9107ac?s=96&d=mm&r=g","contentUrl":"https:\/\/secure.gravatar.com\/avatar\/5e6c05150ce3230247d167f5b94d678eb05936197436d69b7921e3a95c9107ac?s=96&d=mm&r=g","caption":"Issouf Tapsoba"},"url":"https:\/\/www.latribunedufaso.net\/?author=5"}]}},"_links":{"self":[{"href":"https:\/\/www.latribunedufaso.net\/index.php?rest_route=\/wp\/v2\/posts\/26659","targetHints":{"allow":["GET"]}}],"collection":[{"href":"https:\/\/www.latribunedufaso.net\/index.php?rest_route=\/wp\/v2\/posts"}],"about":[{"href":"https:\/\/www.latribunedufaso.net\/index.php?rest_route=\/wp\/v2\/types\/post"}],"author":[{"embeddable":true,"href":"https:\/\/www.latribunedufaso.net\/index.php?rest_route=\/wp\/v2\/users\/5"}],"replies":[{"embeddable":true,"href":"https:\/\/www.latribunedufaso.net\/index.php?rest_route=%2Fwp%2Fv2%2Fcomments&post=26659"}],"version-history":[{"count":5,"href":"https:\/\/www.latribunedufaso.net\/index.php?rest_route=\/wp\/v2\/posts\/26659\/revisions"}],"predecessor-version":[{"id":26669,"href":"https:\/\/www.latribunedufaso.net\/index.php?rest_route=\/wp\/v2\/posts\/26659\/revisions\/26669"}],"wp:featuredmedia":[{"embeddable":true,"href":"https:\/\/www.latribunedufaso.net\/index.php?rest_route=\/wp\/v2\/media\/26668"}],"wp:attachment":[{"href":"https:\/\/www.latribunedufaso.net\/index.php?rest_route=%2Fwp%2Fv2%2Fmedia&parent=26659"}],"wp:term":[{"taxonomy":"category","embeddable":true,"href":"https:\/\/www.latribunedufaso.net\/index.php?rest_route=%2Fwp%2Fv2%2Fcategories&post=26659"},{"taxonomy":"post_tag","embeddable":true,"href":"https:\/\/www.latribunedufaso.net\/index.php?rest_route=%2Fwp%2Fv2%2Ftags&post=26659"}],"curies":[{"name":"wp","href":"https:\/\/api.w.org\/{rel}","templated":true}]}}