{"id":26649,"date":"2026-01-16T12:53:47","date_gmt":"2026-01-16T12:53:47","guid":{"rendered":"https:\/\/www.latribunedufaso.net\/?p=26649"},"modified":"2026-01-16T15:48:36","modified_gmt":"2026-01-16T15:48:36","slug":"gendarmerie-nationale-lhommage-de-la-nation-au-sacrifice-du-marechal-des-logis-chef-koumbagnou-some","status":"publish","type":"post","link":"https:\/\/www.latribunedufaso.net\/?p=26649","title":{"rendered":"Gendarmerie nationale : L&rsquo;hommage de la Nation au sacrifice du Mar\u00e9chal des Logis-Chef Koumbagnou Som\u00e9"},"content":{"rendered":"<p><strong>La Gendarmerie nationale a c\u00e9l\u00e9br\u00e9 le m\u00e9rite et la bravoure de ses rangs en d\u00e9corant 77 gendarmes, ce 16 janvier 2026 \u00e0 Ouagadougou. Au c\u0153ur de cette c\u00e9r\u00e9monie empreinte de solennit\u00e9, le parcours du Mar\u00e9chal des Logis (MDL)-Chef Koumbagnou Som\u00e9 a particuli\u00e8rement \u00e9mu l&rsquo;assistance. D\u00e9cor\u00e9 de la Croix du Combattant, ce il incarne le don de soi pour la Patrie.<\/strong><!--more--><\/p>\n<p>Son histoire nous ram\u00e8ne en 2022, \u00e0 Nadiagou, dans la r\u00e9gion de l&rsquo;Est (territoire aujourd&rsquo;hui r\u00e9organis\u00e9 administrativement entre le Goulmou, la Sirba et la Tapoa).<\/p>\n<p>\u00c0 la suite d&rsquo;une violente attaque terroriste, les forces combattantes avaient r\u00e9ussi une riposte vigoureuse. Le MDL-Chef Som\u00e9 faisait alors partie de la mission de ratissage lanc\u00e9e pour traquer les assaillants en fuite. C\u2019est au cours de cette progression que son unit\u00e9 est tomb\u00e9e dans une embuscade tendue avec un engin explosif improvis\u00e9 (IED).<\/p>\n<p>Trois bless\u00e9s graves sont enregistr\u00e9s et \u00e9vacu\u00e9s vers Ouagadougou. Parmi eux, le MDL-Chef Koumbagnou Som\u00e9 a pay\u00e9 le prix fort : il a perdu l&rsquo;usage de ses deux yeux ainsi qu&rsquo;une oreille.<\/p>\n<figure id=\"attachment_26655\" aria-describedby=\"caption-attachment-26655\" style=\"width: 2560px\" class=\"wp-caption aligncenter\"><a href=\"https:\/\/www.latribunedufaso.net\/wp-content\/uploads\/2026\/01\/IMG_20260116_091034-scaled.jpg\"><img loading=\"lazy\" decoding=\"async\" class=\"size-full wp-image-26655\" src=\"https:\/\/www.latribunedufaso.net\/wp-content\/uploads\/2026\/01\/IMG_20260116_091034-scaled.jpg\" alt=\"Distinction du MDL Chef Koumbagnou Som\u00e9 \u00e0 la Croix du Combattant, 16 janvier 2026\" width=\"2560\" height=\"1928\" srcset=\"https:\/\/www.latribunedufaso.net\/wp-content\/uploads\/2026\/01\/IMG_20260116_091034-scaled.jpg 2560w, https:\/\/www.latribunedufaso.net\/wp-content\/uploads\/2026\/01\/IMG_20260116_091034-300x226.jpg 300w, https:\/\/www.latribunedufaso.net\/wp-content\/uploads\/2026\/01\/IMG_20260116_091034-1024x771.jpg 1024w, https:\/\/www.latribunedufaso.net\/wp-content\/uploads\/2026\/01\/IMG_20260116_091034-768x578.jpg 768w, https:\/\/www.latribunedufaso.net\/wp-content\/uploads\/2026\/01\/IMG_20260116_091034-1536x1157.jpg 1536w, https:\/\/www.latribunedufaso.net\/wp-content\/uploads\/2026\/01\/IMG_20260116_091034-2048x1542.jpg 2048w\" sizes=\"auto, (max-width: 2560px) 100vw, 2560px\" \/><\/a><figcaption id=\"caption-attachment-26655\" class=\"wp-caption-text\">Une vue du MDL-Chef Koumbagnou Som\u00e9 (\u00e0 droite) recevant les f\u00e9licitations du Chef d&rsquo;\u00c9tat-Major de la Gendarmerie nationale, le Colonel Kouagri Natama (\u00e0 gauche) &#8211; Ph. I. Tapsoba<\/figcaption><\/figure>\n<h3>La reconnaissance du sacrifice<\/h3>\n<p>C\u2019est des mains du Chef d&rsquo;\u00c9tat-Major de la Gendarmerie nationale, le Colonel Kouagri Natama que le r\u00e9cipiendaire a re\u00e7u sa distinction. \u00c0 travers cette m\u00e9daille, c&rsquo;est toute la Nation qui s&rsquo;incline devant le sacrifice consenti par ce gendarme.<\/p>\n<p><em><strong>\u00ab C&rsquo;est un sentiment de joie et de fiert\u00e9 qui m&rsquo;anime aujourd&rsquo;hui. Je remercie les autorit\u00e9s pour cette distinction qui me touche profond\u00e9ment \u00bb<\/strong><\/em>, a confi\u00e9 le MDL-Chef Som\u00e9.<\/p>\n<p>Malgr\u00e9 ses blessures irr\u00e9versibles, le h\u00e9ros du jour n&rsquo;a rien perdu de sa combativit\u00e9. Il a tenu \u00e0 lancer un message d&rsquo;espoir et de fermet\u00e9 \u00e0 ses camarades toujours engag\u00e9s sur le front : <em><strong>\u00ab On a l&rsquo;habitude de dire que lorsqu&rsquo;un militaire tombe, un autre le remplace. J&rsquo;exhorte mes fr\u00e8res d&rsquo;armes \u00e0 continuer la lutte et \u00e0 ne pas perdre courage<\/strong> <\/em>\u00bb, a-t-il martel\u00e9.<\/p>\n<blockquote>\n<p>Lire aussi &gt;&gt; <a href=\"https:\/\/www.latribunedufaso.net\/?p=25995\">Distinctions honorifiques : 138 r\u00e9cipiendaires du secteur des Mines, de l\u2019Energie et des Carri\u00e8res d\u00e9cor\u00e9s<\/a><\/p>\n<\/blockquote>\n<h3>Qu&rsquo;est-ce que la Croix du Combattant ?<\/h3>\n<p style=\"text-align: left;\">La Croix du Combattant est une distinction de haut rang qui r\u00e9compense les personnels militaires engag\u00e9s dans la s\u00e9curisation du territoire national sur une p\u00e9riode d\u00e9termin\u00e9e. Elle honore ceux qui se sont particuli\u00e8rement illustr\u00e9s par leur bravoure, ou qui ont \u00e9t\u00e9 gri\u00e8vement bless\u00e9s, port\u00e9s disparus ou sont morts au combat pour la d\u00e9fense de la Patrie. Elle peut \u00e9galement \u00eatre d\u00e9cern\u00e9e, \u00e0 titre collectif, \u00e0 des unit\u00e9s s&rsquo;\u00e9tant distingu\u00e9es au combat.<\/p>\n<p><strong>Issouf TAPSOBA\u00a0<\/strong><\/p>\n<p><strong>Latribunedufaso.net<\/strong><\/p>\n","protected":false},"excerpt":{"rendered":"<p>La Gendarmerie nationale a c\u00e9l\u00e9br\u00e9 le m\u00e9rite et la bravoure de ses rangs en d\u00e9corant 77 gendarmes, ce 16 janvier 2026 \u00e0 Ouagadougou. Au c\u0153ur de cette c\u00e9r\u00e9monie empreinte de solennit\u00e9, le parcours du Mar\u00e9chal des Logis (MDL)-Chef Koumbagnou Som\u00e9 a particuli\u00e8rement \u00e9mu l&rsquo;assistance. D\u00e9cor\u00e9 de la Croix du Combattant, ce il incarne le don de soi pour la Patrie.<\/p>\n","protected":false},"author":5,"featured_media":26656,"comment_status":"open","ping_status":"open","sticky":false,"template":"","format":"standard","meta":{"footnotes":""},"categories":[13,1,8],"tags":[1925,1926,39,138],"class_list":["post-26649","post","type-post","status-publish","format-standard","has-post-thumbnail","hentry","category-une","category-actu","category-societe","tag-distinction-fds","tag-distinction-mdl-chef-koumbagnou-some","tag-latribunedufaso-net","tag-lutte-contre-le-terrorisme"],"yoast_head":"<!-- This site is optimized with the Yoast SEO plugin v27.4 - https:\/\/yoast.com\/product\/yoast-seo-wordpress\/ -->\n<title>Gendarmerie nationale : L&#039;hommage de la Nation au sacrifice du Mar\u00e9chal des Logis-Chef Koumbagnou Som\u00e9 - La Tribune du Faso<\/title>\n<meta name=\"robots\" content=\"index, follow, max-snippet:-1, max-image-preview:large, max-video-preview:-1\" \/>\n<link rel=\"canonical\" href=\"https:\/\/www.latribunedufaso.net\/?p=26649\" \/>\n<meta property=\"og:locale\" content=\"fr_FR\" \/>\n<meta property=\"og:type\" content=\"article\" \/>\n<meta property=\"og:title\" content=\"Gendarmerie nationale : L&#039;hommage de la Nation au sacrifice du Mar\u00e9chal des Logis-Chef Koumbagnou Som\u00e9 - La Tribune du Faso\" \/>\n<meta property=\"og:description\" content=\"La Gendarmerie nationale a c\u00e9l\u00e9br\u00e9 le m\u00e9rite et la bravoure de ses rangs en d\u00e9corant 77 gendarmes, ce 16 janvier 2026 \u00e0 Ouagadougou. Au c\u0153ur de cette c\u00e9r\u00e9monie empreinte de solennit\u00e9, le parcours du Mar\u00e9chal des Logis (MDL)-Chef Koumbagnou Som\u00e9 a particuli\u00e8rement \u00e9mu l&rsquo;assistance. D\u00e9cor\u00e9 de la Croix du Combattant, ce il incarne le don de soi pour la Patrie.\" \/>\n<meta property=\"og:url\" content=\"https:\/\/www.latribunedufaso.net\/?p=26649\" \/>\n<meta property=\"og:site_name\" content=\"La Tribune du Faso\" \/>\n<meta property=\"article:publisher\" content=\"https:\/\/www.facebook.com\/LatribuneduFaso\/\" \/>\n<meta property=\"article:published_time\" content=\"2026-01-16T12:53:47+00:00\" \/>\n<meta property=\"article:modified_time\" content=\"2026-01-16T15:48:36+00:00\" \/>\n<meta property=\"og:image\" content=\"https:\/\/www.latribunedufaso.net\/wp-content\/uploads\/2026\/01\/IMG_20260116_091023-scaled.jpg\" \/>\n\t<meta property=\"og:image:width\" content=\"2560\" \/>\n\t<meta property=\"og:image:height\" content=\"1928\" \/>\n\t<meta property=\"og:image:type\" content=\"image\/jpeg\" \/>\n<meta name=\"author\" content=\"Issouf Tapsoba\" \/>\n<meta name=\"twitter:label1\" content=\"\u00c9crit par\" \/>\n\t<meta name=\"twitter:data1\" content=\"Issouf Tapsoba\" \/>\n\t<meta name=\"twitter:label2\" content=\"Dur\u00e9e de lecture estim\u00e9e\" \/>\n\t<meta name=\"twitter:data2\" content=\"3 minutes\" \/>\n<script type=\"application\/ld+json\" class=\"yoast-schema-graph\">{\"@context\":\"https:\\\/\\\/schema.org\",\"@graph\":[{\"@type\":\"Article\",\"@id\":\"https:\\\/\\\/www.latribunedufaso.net\\\/?p=26649#article\",\"isPartOf\":{\"@id\":\"https:\\\/\\\/www.latribunedufaso.net\\\/?p=26649\"},\"author\":{\"name\":\"Issouf Tapsoba\",\"@id\":\"https:\\\/\\\/www.latribunedufaso.net\\\/#\\\/schema\\\/person\\\/e54e64c5778a7e72cf80a318b7a622b0\"},\"headline\":\"Gendarmerie nationale : L&rsquo;hommage de la Nation au sacrifice du Mar\u00e9chal des Logis-Chef Koumbagnou Som\u00e9\",\"datePublished\":\"2026-01-16T12:53:47+00:00\",\"dateModified\":\"2026-01-16T15:48:36+00:00\",\"mainEntityOfPage\":{\"@id\":\"https:\\\/\\\/www.latribunedufaso.net\\\/?p=26649\"},\"wordCount\":508,\"commentCount\":0,\"publisher\":{\"@id\":\"https:\\\/\\\/www.latribunedufaso.net\\\/#organization\"},\"image\":{\"@id\":\"https:\\\/\\\/www.latribunedufaso.net\\\/?p=26649#primaryimage\"},\"thumbnailUrl\":\"https:\\\/\\\/www.latribunedufaso.net\\\/wp-content\\\/uploads\\\/2026\\\/01\\\/IMG_20260116_091023-scaled.jpg\",\"keywords\":[\"Distinction FDS\",\"Distinction MDL-Chef Koumbagnou Som\u00e9\",\"latribunedufaso.net\",\"lutte contre le terrorisme\"],\"articleSection\":[\"A la une\",\"Actualit\u00e9\",\"Soci\u00e9t\u00e9\"],\"inLanguage\":\"fr-FR\",\"potentialAction\":[{\"@type\":\"CommentAction\",\"name\":\"Comment\",\"target\":[\"https:\\\/\\\/www.latribunedufaso.net\\\/?p=26649#respond\"]}]},{\"@type\":\"WebPage\",\"@id\":\"https:\\\/\\\/www.latribunedufaso.net\\\/?p=26649\",\"url\":\"https:\\\/\\\/www.latribunedufaso.net\\\/?p=26649\",\"name\":\"Gendarmerie nationale : L'hommage de la Nation au sacrifice du Mar\u00e9chal des Logis-Chef Koumbagnou Som\u00e9 - La Tribune du Faso\",\"isPartOf\":{\"@id\":\"https:\\\/\\\/www.latribunedufaso.net\\\/#website\"},\"primaryImageOfPage\":{\"@id\":\"https:\\\/\\\/www.latribunedufaso.net\\\/?p=26649#primaryimage\"},\"image\":{\"@id\":\"https:\\\/\\\/www.latribunedufaso.net\\\/?p=26649#primaryimage\"},\"thumbnailUrl\":\"https:\\\/\\\/www.latribunedufaso.net\\\/wp-content\\\/uploads\\\/2026\\\/01\\\/IMG_20260116_091023-scaled.jpg\",\"datePublished\":\"2026-01-16T12:53:47+00:00\",\"dateModified\":\"2026-01-16T15:48:36+00:00\",\"breadcrumb\":{\"@id\":\"https:\\\/\\\/www.latribunedufaso.net\\\/?p=26649#breadcrumb\"},\"inLanguage\":\"fr-FR\",\"potentialAction\":[{\"@type\":\"ReadAction\",\"target\":[\"https:\\\/\\\/www.latribunedufaso.net\\\/?p=26649\"]}]},{\"@type\":\"ImageObject\",\"inLanguage\":\"fr-FR\",\"@id\":\"https:\\\/\\\/www.latribunedufaso.net\\\/?p=26649#primaryimage\",\"url\":\"https:\\\/\\\/www.latribunedufaso.net\\\/wp-content\\\/uploads\\\/2026\\\/01\\\/IMG_20260116_091023-scaled.jpg\",\"contentUrl\":\"https:\\\/\\\/www.latribunedufaso.net\\\/wp-content\\\/uploads\\\/2026\\\/01\\\/IMG_20260116_091023-scaled.jpg\",\"width\":2560,\"height\":1928,\"caption\":\"Distinction du MDL Chef Koumbagnou Som\u00e9 \u00e0 la Croix du Combattant, 16 janvier 2026\"},{\"@type\":\"BreadcrumbList\",\"@id\":\"https:\\\/\\\/www.latribunedufaso.net\\\/?p=26649#breadcrumb\",\"itemListElement\":[{\"@type\":\"ListItem\",\"position\":1,\"name\":\"Accueil\",\"item\":\"https:\\\/\\\/www.latribunedufaso.net\\\/\"},{\"@type\":\"ListItem\",\"position\":2,\"name\":\"Gendarmerie nationale : L&rsquo;hommage de la Nation au sacrifice du Mar\u00e9chal des Logis-Chef Koumbagnou Som\u00e9\"}]},{\"@type\":\"WebSite\",\"@id\":\"https:\\\/\\\/www.latribunedufaso.net\\\/#website\",\"url\":\"https:\\\/\\\/www.latribunedufaso.net\\\/\",\"name\":\"La Tribune du Faso\",\"description\":\"L&#039;information du monde rural en un clic\",\"publisher\":{\"@id\":\"https:\\\/\\\/www.latribunedufaso.net\\\/#organization\"},\"potentialAction\":[{\"@type\":\"SearchAction\",\"target\":{\"@type\":\"EntryPoint\",\"urlTemplate\":\"https:\\\/\\\/www.latribunedufaso.net\\\/?s={search_term_string}\"},\"query-input\":{\"@type\":\"PropertyValueSpecification\",\"valueRequired\":true,\"valueName\":\"search_term_string\"}}],\"inLanguage\":\"fr-FR\"},{\"@type\":\"Organization\",\"@id\":\"https:\\\/\\\/www.latribunedufaso.net\\\/#organization\",\"name\":\"La Tribune du Faso\",\"url\":\"https:\\\/\\\/www.latribunedufaso.net\\\/\",\"logo\":{\"@type\":\"ImageObject\",\"inLanguage\":\"fr-FR\",\"@id\":\"https:\\\/\\\/www.latribunedufaso.net\\\/#\\\/schema\\\/logo\\\/image\\\/\",\"url\":\"https:\\\/\\\/www.latribunedufaso.net\\\/wp-content\\\/uploads\\\/2020\\\/08\\\/Logo-Tribune-du-Faso-final-scaled.jpg\",\"contentUrl\":\"https:\\\/\\\/www.latribunedufaso.net\\\/wp-content\\\/uploads\\\/2020\\\/08\\\/Logo-Tribune-du-Faso-final-scaled.jpg\",\"width\":2560,\"height\":1856,\"caption\":\"La Tribune du Faso\"},\"image\":{\"@id\":\"https:\\\/\\\/www.latribunedufaso.net\\\/#\\\/schema\\\/logo\\\/image\\\/\"},\"sameAs\":[\"https:\\\/\\\/www.facebook.com\\\/LatribuneduFaso\\\/\"]},{\"@type\":\"Person\",\"@id\":\"https:\\\/\\\/www.latribunedufaso.net\\\/#\\\/schema\\\/person\\\/e54e64c5778a7e72cf80a318b7a622b0\",\"name\":\"Issouf Tapsoba\",\"image\":{\"@type\":\"ImageObject\",\"inLanguage\":\"fr-FR\",\"@id\":\"https:\\\/\\\/secure.gravatar.com\\\/avatar\\\/5e6c05150ce3230247d167f5b94d678eb05936197436d69b7921e3a95c9107ac?s=96&d=mm&r=g\",\"url\":\"https:\\\/\\\/secure.gravatar.com\\\/avatar\\\/5e6c05150ce3230247d167f5b94d678eb05936197436d69b7921e3a95c9107ac?s=96&d=mm&r=g\",\"contentUrl\":\"https:\\\/\\\/secure.gravatar.com\\\/avatar\\\/5e6c05150ce3230247d167f5b94d678eb05936197436d69b7921e3a95c9107ac?s=96&d=mm&r=g\",\"caption\":\"Issouf Tapsoba\"},\"url\":\"https:\\\/\\\/www.latribunedufaso.net\\\/?author=5\"}]}<\/script>\n<!-- \/ Yoast SEO plugin. -->","yoast_head_json":{"title":"Gendarmerie nationale : L'hommage de la Nation au sacrifice du Mar\u00e9chal des Logis-Chef Koumbagnou Som\u00e9 - La Tribune du Faso","robots":{"index":"index","follow":"follow","max-snippet":"max-snippet:-1","max-image-preview":"max-image-preview:large","max-video-preview":"max-video-preview:-1"},"canonical":"https:\/\/www.latribunedufaso.net\/?p=26649","og_locale":"fr_FR","og_type":"article","og_title":"Gendarmerie nationale : L'hommage de la Nation au sacrifice du Mar\u00e9chal des Logis-Chef Koumbagnou Som\u00e9 - La Tribune du Faso","og_description":"La Gendarmerie nationale a c\u00e9l\u00e9br\u00e9 le m\u00e9rite et la bravoure de ses rangs en d\u00e9corant 77 gendarmes, ce 16 janvier 2026 \u00e0 Ouagadougou. Au c\u0153ur de cette c\u00e9r\u00e9monie empreinte de solennit\u00e9, le parcours du Mar\u00e9chal des Logis (MDL)-Chef Koumbagnou Som\u00e9 a particuli\u00e8rement \u00e9mu l&rsquo;assistance. D\u00e9cor\u00e9 de la Croix du Combattant, ce il incarne le don de soi pour la Patrie.","og_url":"https:\/\/www.latribunedufaso.net\/?p=26649","og_site_name":"La Tribune du Faso","article_publisher":"https:\/\/www.facebook.com\/LatribuneduFaso\/","article_published_time":"2026-01-16T12:53:47+00:00","article_modified_time":"2026-01-16T15:48:36+00:00","og_image":[{"width":2560,"height":1928,"url":"https:\/\/www.latribunedufaso.net\/wp-content\/uploads\/2026\/01\/IMG_20260116_091023-scaled.jpg","type":"image\/jpeg"}],"author":"Issouf Tapsoba","twitter_misc":{"\u00c9crit par":"Issouf Tapsoba","Dur\u00e9e de lecture estim\u00e9e":"3 minutes"},"schema":{"@context":"https:\/\/schema.org","@graph":[{"@type":"Article","@id":"https:\/\/www.latribunedufaso.net\/?p=26649#article","isPartOf":{"@id":"https:\/\/www.latribunedufaso.net\/?p=26649"},"author":{"name":"Issouf Tapsoba","@id":"https:\/\/www.latribunedufaso.net\/#\/schema\/person\/e54e64c5778a7e72cf80a318b7a622b0"},"headline":"Gendarmerie nationale : L&rsquo;hommage de la Nation au sacrifice du Mar\u00e9chal des Logis-Chef Koumbagnou Som\u00e9","datePublished":"2026-01-16T12:53:47+00:00","dateModified":"2026-01-16T15:48:36+00:00","mainEntityOfPage":{"@id":"https:\/\/www.latribunedufaso.net\/?p=26649"},"wordCount":508,"commentCount":0,"publisher":{"@id":"https:\/\/www.latribunedufaso.net\/#organization"},"image":{"@id":"https:\/\/www.latribunedufaso.net\/?p=26649#primaryimage"},"thumbnailUrl":"https:\/\/www.latribunedufaso.net\/wp-content\/uploads\/2026\/01\/IMG_20260116_091023-scaled.jpg","keywords":["Distinction FDS","Distinction MDL-Chef Koumbagnou Som\u00e9","latribunedufaso.net","lutte contre le terrorisme"],"articleSection":["A la une","Actualit\u00e9","Soci\u00e9t\u00e9"],"inLanguage":"fr-FR","potentialAction":[{"@type":"CommentAction","name":"Comment","target":["https:\/\/www.latribunedufaso.net\/?p=26649#respond"]}]},{"@type":"WebPage","@id":"https:\/\/www.latribunedufaso.net\/?p=26649","url":"https:\/\/www.latribunedufaso.net\/?p=26649","name":"Gendarmerie nationale : L'hommage de la Nation au sacrifice du Mar\u00e9chal des Logis-Chef Koumbagnou Som\u00e9 - La Tribune du Faso","isPartOf":{"@id":"https:\/\/www.latribunedufaso.net\/#website"},"primaryImageOfPage":{"@id":"https:\/\/www.latribunedufaso.net\/?p=26649#primaryimage"},"image":{"@id":"https:\/\/www.latribunedufaso.net\/?p=26649#primaryimage"},"thumbnailUrl":"https:\/\/www.latribunedufaso.net\/wp-content\/uploads\/2026\/01\/IMG_20260116_091023-scaled.jpg","datePublished":"2026-01-16T12:53:47+00:00","dateModified":"2026-01-16T15:48:36+00:00","breadcrumb":{"@id":"https:\/\/www.latribunedufaso.net\/?p=26649#breadcrumb"},"inLanguage":"fr-FR","potentialAction":[{"@type":"ReadAction","target":["https:\/\/www.latribunedufaso.net\/?p=26649"]}]},{"@type":"ImageObject","inLanguage":"fr-FR","@id":"https:\/\/www.latribunedufaso.net\/?p=26649#primaryimage","url":"https:\/\/www.latribunedufaso.net\/wp-content\/uploads\/2026\/01\/IMG_20260116_091023-scaled.jpg","contentUrl":"https:\/\/www.latribunedufaso.net\/wp-content\/uploads\/2026\/01\/IMG_20260116_091023-scaled.jpg","width":2560,"height":1928,"caption":"Distinction du MDL Chef Koumbagnou Som\u00e9 \u00e0 la Croix du Combattant, 16 janvier 2026"},{"@type":"BreadcrumbList","@id":"https:\/\/www.latribunedufaso.net\/?p=26649#breadcrumb","itemListElement":[{"@type":"ListItem","position":1,"name":"Accueil","item":"https:\/\/www.latribunedufaso.net\/"},{"@type":"ListItem","position":2,"name":"Gendarmerie nationale : L&rsquo;hommage de la Nation au sacrifice du Mar\u00e9chal des Logis-Chef Koumbagnou Som\u00e9"}]},{"@type":"WebSite","@id":"https:\/\/www.latribunedufaso.net\/#website","url":"https:\/\/www.latribunedufaso.net\/","name":"La Tribune du Faso","description":"L&#039;information du monde rural en un clic","publisher":{"@id":"https:\/\/www.latribunedufaso.net\/#organization"},"potentialAction":[{"@type":"SearchAction","target":{"@type":"EntryPoint","urlTemplate":"https:\/\/www.latribunedufaso.net\/?s={search_term_string}"},"query-input":{"@type":"PropertyValueSpecification","valueRequired":true,"valueName":"search_term_string"}}],"inLanguage":"fr-FR"},{"@type":"Organization","@id":"https:\/\/www.latribunedufaso.net\/#organization","name":"La Tribune du Faso","url":"https:\/\/www.latribunedufaso.net\/","logo":{"@type":"ImageObject","inLanguage":"fr-FR","@id":"https:\/\/www.latribunedufaso.net\/#\/schema\/logo\/image\/","url":"https:\/\/www.latribunedufaso.net\/wp-content\/uploads\/2020\/08\/Logo-Tribune-du-Faso-final-scaled.jpg","contentUrl":"https:\/\/www.latribunedufaso.net\/wp-content\/uploads\/2020\/08\/Logo-Tribune-du-Faso-final-scaled.jpg","width":2560,"height":1856,"caption":"La Tribune du Faso"},"image":{"@id":"https:\/\/www.latribunedufaso.net\/#\/schema\/logo\/image\/"},"sameAs":["https:\/\/www.facebook.com\/LatribuneduFaso\/"]},{"@type":"Person","@id":"https:\/\/www.latribunedufaso.net\/#\/schema\/person\/e54e64c5778a7e72cf80a318b7a622b0","name":"Issouf Tapsoba","image":{"@type":"ImageObject","inLanguage":"fr-FR","@id":"https:\/\/secure.gravatar.com\/avatar\/5e6c05150ce3230247d167f5b94d678eb05936197436d69b7921e3a95c9107ac?s=96&d=mm&r=g","url":"https:\/\/secure.gravatar.com\/avatar\/5e6c05150ce3230247d167f5b94d678eb05936197436d69b7921e3a95c9107ac?s=96&d=mm&r=g","contentUrl":"https:\/\/secure.gravatar.com\/avatar\/5e6c05150ce3230247d167f5b94d678eb05936197436d69b7921e3a95c9107ac?s=96&d=mm&r=g","caption":"Issouf Tapsoba"},"url":"https:\/\/www.latribunedufaso.net\/?author=5"}]}},"_links":{"self":[{"href":"https:\/\/www.latribunedufaso.net\/index.php?rest_route=\/wp\/v2\/posts\/26649","targetHints":{"allow":["GET"]}}],"collection":[{"href":"https:\/\/www.latribunedufaso.net\/index.php?rest_route=\/wp\/v2\/posts"}],"about":[{"href":"https:\/\/www.latribunedufaso.net\/index.php?rest_route=\/wp\/v2\/types\/post"}],"author":[{"embeddable":true,"href":"https:\/\/www.latribunedufaso.net\/index.php?rest_route=\/wp\/v2\/users\/5"}],"replies":[{"embeddable":true,"href":"https:\/\/www.latribunedufaso.net\/index.php?rest_route=%2Fwp%2Fv2%2Fcomments&post=26649"}],"version-history":[{"count":6,"href":"https:\/\/www.latribunedufaso.net\/index.php?rest_route=\/wp\/v2\/posts\/26649\/revisions"}],"predecessor-version":[{"id":26658,"href":"https:\/\/www.latribunedufaso.net\/index.php?rest_route=\/wp\/v2\/posts\/26649\/revisions\/26658"}],"wp:featuredmedia":[{"embeddable":true,"href":"https:\/\/www.latribunedufaso.net\/index.php?rest_route=\/wp\/v2\/media\/26656"}],"wp:attachment":[{"href":"https:\/\/www.latribunedufaso.net\/index.php?rest_route=%2Fwp%2Fv2%2Fmedia&parent=26649"}],"wp:term":[{"taxonomy":"category","embeddable":true,"href":"https:\/\/www.latribunedufaso.net\/index.php?rest_route=%2Fwp%2Fv2%2Fcategories&post=26649"},{"taxonomy":"post_tag","embeddable":true,"href":"https:\/\/www.latribunedufaso.net\/index.php?rest_route=%2Fwp%2Fv2%2Ftags&post=26649"}],"curies":[{"name":"wp","href":"https:\/\/api.w.org\/{rel}","templated":true}]}}