{"id":26627,"date":"2026-01-15T17:52:32","date_gmt":"2026-01-15T17:52:32","guid":{"rendered":"https:\/\/www.latribunedufaso.net\/?p=26627"},"modified":"2026-01-15T17:52:32","modified_gmt":"2026-01-15T17:52:32","slug":"ministere-de-la-construction-de-la-patrie-mikailou-sidibe-officiellement-installe-dans-ses-fonctions-de-ministre","status":"publish","type":"post","link":"https:\/\/www.latribunedufaso.net\/?p=26627","title":{"rendered":"Minist\u00e8re de la Construction de la patrie : Mika\u00eflou Sidib\u00e9 officiellement install\u00e9 dans ses fonctions de ministre"},"content":{"rendered":"<p><strong>Le ministre secr\u00e9taire g\u00e9n\u00e9ral du gouvernement et du conseil des ministres, Ousmane Ouattara, a officiellement install\u00e9 ce 15 janvier 2026 Mika\u00eflou Sidib\u00e9 dans sa nouvelle fonction de Ministre de la construction de la patrie (MCP).\u00a0<\/strong><!--more--><\/p>\n<p>Une nouvelle mission qu&rsquo;il dit assumer avec beaucoup de responsabilit\u00e9 et de rigueur, \u00e0 la t\u00eate d&rsquo;un d\u00e9partement qui fusionne d\u00e9sormais les deux d\u00e9partements en charge de l&rsquo;Urbanisme et des Infrastructures.\u00a0<\/p>\n<figure id=\"attachment_26636\" aria-describedby=\"caption-attachment-26636\" style=\"width: 2048px\" class=\"wp-caption aligncenter\"><a href=\"https:\/\/www.latribunedufaso.net\/wp-content\/uploads\/2026\/01\/FB_IMG_1768495567676.jpg\"><img loading=\"lazy\" decoding=\"async\" class=\"size-full wp-image-26636\" src=\"https:\/\/www.latribunedufaso.net\/wp-content\/uploads\/2026\/01\/FB_IMG_1768495567676.jpg\" alt=\"Installation du nouveau ministre de la Construction de la Patrie, Mika\u00eflou Sidib\u00e9, (fusion du minist\u00e8re de l'Urbanisme et des Infrastructures), 15 janvier 2026\" width=\"2048\" height=\"1365\" srcset=\"https:\/\/www.latribunedufaso.net\/wp-content\/uploads\/2026\/01\/FB_IMG_1768495567676.jpg 2048w, https:\/\/www.latribunedufaso.net\/wp-content\/uploads\/2026\/01\/FB_IMG_1768495567676-300x200.jpg 300w, https:\/\/www.latribunedufaso.net\/wp-content\/uploads\/2026\/01\/FB_IMG_1768495567676-1024x683.jpg 1024w, https:\/\/www.latribunedufaso.net\/wp-content\/uploads\/2026\/01\/FB_IMG_1768495567676-768x512.jpg 768w, https:\/\/www.latribunedufaso.net\/wp-content\/uploads\/2026\/01\/FB_IMG_1768495567676-1536x1024.jpg 1536w, https:\/\/www.latribunedufaso.net\/wp-content\/uploads\/2026\/01\/FB_IMG_1768495567676-840x560.jpg 840w, https:\/\/www.latribunedufaso.net\/wp-content\/uploads\/2026\/01\/FB_IMG_1768495567676-120x80.jpg 120w, https:\/\/www.latribunedufaso.net\/wp-content\/uploads\/2026\/01\/FB_IMG_1768495567676-360x240.jpg 360w, https:\/\/www.latribunedufaso.net\/wp-content\/uploads\/2026\/01\/FB_IMG_1768495567676-600x400.jpg 600w\" sizes=\"auto, (max-width: 2048px) 100vw, 2048px\" \/><\/a><figcaption id=\"caption-attachment-26636\" class=\"wp-caption-text\">Le nouveau ministre de la Construction de la Patrie, Mika\u00eflou Sidib\u00e9 &#8211; Ph. DR<\/figcaption><\/figure>\n<p>Tout en traduisant sa reconnaissance aux plus hautes autorit\u00e9s du pays, il s&rsquo;engage \u00e0 relever les d\u00e9fis auxquels il fait d\u00e9sormais face.\u00a0<\/p>\n<p>Avec ses <em><strong>\u00ab hommes \u00bb<\/strong><\/em>, le <em><strong>\u00ab soldat \u00bb<\/strong><\/em> de la Construction dit s&rsquo;engager pour une urbanisation ma\u00eetris\u00e9e de des villes, un d\u00e9veloppement harmonieux des infrastructures et la promotion du logement d\u00e9cent pour tous.\u00a0<\/p>\n<figure id=\"attachment_26633\" aria-describedby=\"caption-attachment-26633\" style=\"width: 2048px\" class=\"wp-caption aligncenter\"><a href=\"https:\/\/www.latribunedufaso.net\/wp-content\/uploads\/2026\/01\/FB_IMG_1768495397297.jpg\"><img loading=\"lazy\" decoding=\"async\" class=\"size-full wp-image-26633\" src=\"https:\/\/www.latribunedufaso.net\/wp-content\/uploads\/2026\/01\/FB_IMG_1768495397297.jpg\" alt=\"Installation du nouveau ministre de la Construction de la Patrie, Mika\u00eflou Sidib\u00e9, (fusion du minist\u00e8re de l'Urbanisme et des Infrastructures), 15 janvier 2026\" width=\"2048\" height=\"1365\" srcset=\"https:\/\/www.latribunedufaso.net\/wp-content\/uploads\/2026\/01\/FB_IMG_1768495397297.jpg 2048w, https:\/\/www.latribunedufaso.net\/wp-content\/uploads\/2026\/01\/FB_IMG_1768495397297-300x200.jpg 300w, https:\/\/www.latribunedufaso.net\/wp-content\/uploads\/2026\/01\/FB_IMG_1768495397297-1024x683.jpg 1024w, https:\/\/www.latribunedufaso.net\/wp-content\/uploads\/2026\/01\/FB_IMG_1768495397297-768x512.jpg 768w, https:\/\/www.latribunedufaso.net\/wp-content\/uploads\/2026\/01\/FB_IMG_1768495397297-1536x1024.jpg 1536w, https:\/\/www.latribunedufaso.net\/wp-content\/uploads\/2026\/01\/FB_IMG_1768495397297-840x560.jpg 840w, https:\/\/www.latribunedufaso.net\/wp-content\/uploads\/2026\/01\/FB_IMG_1768495397297-120x80.jpg 120w, https:\/\/www.latribunedufaso.net\/wp-content\/uploads\/2026\/01\/FB_IMG_1768495397297-360x240.jpg 360w, https:\/\/www.latribunedufaso.net\/wp-content\/uploads\/2026\/01\/FB_IMG_1768495397297-600x400.jpg 600w\" sizes=\"auto, (max-width: 2048px) 100vw, 2048px\" \/><\/a><figcaption id=\"caption-attachment-26633\" class=\"wp-caption-text\">Le ministre sortant charg\u00e9 des Infrastructures, Adama Luc Sorgho &#8211; Ph. DR<\/figcaption><\/figure>\n<p>Au regard de l&rsquo;urgence que commande la construction de la Patrie, il a appel\u00e9 l&rsquo;ensemble des diff\u00e9rents ordres professionnels \u00e0 se mettre en ordre de bataille, dans un esprit de<em><strong> \u00ab Labaal \u00bb.<\/strong><\/em><\/p>\n<blockquote>\n<p>Lire aussi &gt;&gt; <a href=\"https:\/\/www.latribunedufaso.net\/?p=26618\">Enseignement secondaire : Le Pr Moumouni Zoungrana officiellement install\u00e9 dans ses fonctions de ministre<\/a><\/p>\n<\/blockquote>\n<p>Pionnier d&rsquo;un tout nouveau d\u00e9partement, il a re\u00e7u les f\u00e9licitations et les encouragements du ministre secr\u00e9taire g\u00e9n\u00e9ral du gouvernement et du Conseil des ministres mais aussi ceux de son <em><strong>\u00ab a\u00een\u00e9 \u00bb<\/strong><\/em> , Adama Luc Sorgho dont il a salu\u00e9 le formidable travail abattu \u00e0 la t\u00eate du d\u00e9sormais ex-minist\u00e8re des infrastructures.\u00a0<\/p>\n<p><strong>Latribunedufaso.net<\/strong><\/p>\n<p><strong>Source : DCRP\/MCP<\/strong><\/p>\n<p><a href=\"https:\/\/www.latribunedufaso.net\/wp-content\/uploads\/2026\/01\/FB_IMG_1768495431776.jpg\"><img loading=\"lazy\" decoding=\"async\" class=\"aligncenter size-full wp-image-26632\" src=\"https:\/\/www.latribunedufaso.net\/wp-content\/uploads\/2026\/01\/FB_IMG_1768495431776.jpg\" alt=\"Installation du nouveau ministre de la Construction de la Patrie, Mika\u00eflou Sidib\u00e9, (fusion du minist\u00e8re de l'Urbanisme et des Infrastructures), 15 janvier 2026\" width=\"1080\" height=\"720\" srcset=\"https:\/\/www.latribunedufaso.net\/wp-content\/uploads\/2026\/01\/FB_IMG_1768495431776.jpg 1080w, https:\/\/www.latribunedufaso.net\/wp-content\/uploads\/2026\/01\/FB_IMG_1768495431776-300x200.jpg 300w, https:\/\/www.latribunedufaso.net\/wp-content\/uploads\/2026\/01\/FB_IMG_1768495431776-1024x683.jpg 1024w, https:\/\/www.latribunedufaso.net\/wp-content\/uploads\/2026\/01\/FB_IMG_1768495431776-768x512.jpg 768w, https:\/\/www.latribunedufaso.net\/wp-content\/uploads\/2026\/01\/FB_IMG_1768495431776-840x560.jpg 840w, https:\/\/www.latribunedufaso.net\/wp-content\/uploads\/2026\/01\/FB_IMG_1768495431776-120x80.jpg 120w, https:\/\/www.latribunedufaso.net\/wp-content\/uploads\/2026\/01\/FB_IMG_1768495431776-360x240.jpg 360w, https:\/\/www.latribunedufaso.net\/wp-content\/uploads\/2026\/01\/FB_IMG_1768495431776-600x400.jpg 600w\" sizes=\"auto, (max-width: 1080px) 100vw, 1080px\" \/><\/a><a href=\"https:\/\/www.latribunedufaso.net\/wp-content\/uploads\/2026\/01\/FB_IMG_1768495425010.jpg\"><img loading=\"lazy\" decoding=\"async\" class=\"aligncenter size-full wp-image-26634\" src=\"https:\/\/www.latribunedufaso.net\/wp-content\/uploads\/2026\/01\/FB_IMG_1768495425010.jpg\" alt=\"Installation du nouveau ministre de la Construction de la Patrie, Mika\u00eflou Sidib\u00e9, (fusion du minist\u00e8re de l'Urbanisme et des Infrastructures), 15 janvier 2026\" width=\"2048\" height=\"1284\" srcset=\"https:\/\/www.latribunedufaso.net\/wp-content\/uploads\/2026\/01\/FB_IMG_1768495425010.jpg 2048w, https:\/\/www.latribunedufaso.net\/wp-content\/uploads\/2026\/01\/FB_IMG_1768495425010-300x188.jpg 300w, https:\/\/www.latribunedufaso.net\/wp-content\/uploads\/2026\/01\/FB_IMG_1768495425010-1024x642.jpg 1024w, https:\/\/www.latribunedufaso.net\/wp-content\/uploads\/2026\/01\/FB_IMG_1768495425010-768x482.jpg 768w, https:\/\/www.latribunedufaso.net\/wp-content\/uploads\/2026\/01\/FB_IMG_1768495425010-1536x963.jpg 1536w\" sizes=\"auto, (max-width: 2048px) 100vw, 2048px\" \/><\/a><\/p>\n","protected":false},"excerpt":{"rendered":"<p>Le ministre secr\u00e9taire g\u00e9n\u00e9ral du gouvernement et du conseil des ministres, Ousmane Ouattara, a officiellement install\u00e9 ce 15 janvier 2026 Mika\u00eflou Sidib\u00e9 dans sa nouvelle fonction de Ministre de la construction de la patrie (MCP).\u00a0<\/p>\n","protected":false},"author":5,"featured_media":26631,"comment_status":"open","ping_status":"open","sticky":false,"template":"","format":"standard","meta":{"footnotes":""},"categories":[13,1,8],"tags":[1923,39],"class_list":["post-26627","post","type-post","status-publish","format-standard","has-post-thumbnail","hentry","category-une","category-actu","category-societe","tag-installation-ministre-de-la-construction-de-la-patrie","tag-latribunedufaso-net"],"yoast_head":"<!-- This site is optimized with the Yoast SEO plugin v27.5 - https:\/\/yoast.com\/product\/yoast-seo-wordpress\/ -->\n<title>Minist\u00e8re de la Construction de la patrie : Mika\u00eflou Sidib\u00e9 officiellement install\u00e9 dans ses fonctions de ministre - La Tribune du Faso<\/title>\n<meta name=\"robots\" content=\"index, follow, max-snippet:-1, max-image-preview:large, max-video-preview:-1\" \/>\n<link rel=\"canonical\" href=\"https:\/\/www.latribunedufaso.net\/?p=26627\" \/>\n<meta property=\"og:locale\" content=\"fr_FR\" \/>\n<meta property=\"og:type\" content=\"article\" \/>\n<meta property=\"og:title\" content=\"Minist\u00e8re de la Construction de la patrie : Mika\u00eflou Sidib\u00e9 officiellement install\u00e9 dans ses fonctions de ministre - La Tribune du Faso\" \/>\n<meta property=\"og:description\" content=\"Le ministre secr\u00e9taire g\u00e9n\u00e9ral du gouvernement et du conseil des ministres, Ousmane Ouattara, a officiellement install\u00e9 ce 15 janvier 2026 Mika\u00eflou Sidib\u00e9 dans sa nouvelle fonction de Ministre de la construction de la patrie (MCP).\u00a0\" \/>\n<meta property=\"og:url\" content=\"https:\/\/www.latribunedufaso.net\/?p=26627\" \/>\n<meta property=\"og:site_name\" content=\"La Tribune du Faso\" \/>\n<meta property=\"article:publisher\" content=\"https:\/\/www.facebook.com\/LatribuneduFaso\/\" \/>\n<meta property=\"article:published_time\" content=\"2026-01-15T17:52:32+00:00\" \/>\n<meta property=\"og:image\" content=\"https:\/\/www.latribunedufaso.net\/wp-content\/uploads\/2026\/01\/FB_IMG_1768495451575.jpg\" \/>\n\t<meta property=\"og:image:width\" content=\"2048\" \/>\n\t<meta property=\"og:image:height\" content=\"1365\" \/>\n\t<meta property=\"og:image:type\" content=\"image\/jpeg\" \/>\n<meta name=\"author\" content=\"Issouf Tapsoba\" \/>\n<meta name=\"twitter:label1\" content=\"\u00c9crit par\" \/>\n\t<meta name=\"twitter:data1\" content=\"Issouf Tapsoba\" \/>\n\t<meta name=\"twitter:label2\" content=\"Dur\u00e9e de lecture estim\u00e9e\" \/>\n\t<meta name=\"twitter:data2\" content=\"3 minutes\" \/>\n<script type=\"application\/ld+json\" class=\"yoast-schema-graph\">{\"@context\":\"https:\\\/\\\/schema.org\",\"@graph\":[{\"@type\":\"Article\",\"@id\":\"https:\\\/\\\/www.latribunedufaso.net\\\/?p=26627#article\",\"isPartOf\":{\"@id\":\"https:\\\/\\\/www.latribunedufaso.net\\\/?p=26627\"},\"author\":{\"name\":\"Issouf Tapsoba\",\"@id\":\"https:\\\/\\\/www.latribunedufaso.net\\\/#\\\/schema\\\/person\\\/e54e64c5778a7e72cf80a318b7a622b0\"},\"headline\":\"Minist\u00e8re de la Construction de la patrie : Mika\u00eflou Sidib\u00e9 officiellement install\u00e9 dans ses fonctions de ministre\",\"datePublished\":\"2026-01-15T17:52:32+00:00\",\"mainEntityOfPage\":{\"@id\":\"https:\\\/\\\/www.latribunedufaso.net\\\/?p=26627\"},\"wordCount\":307,\"commentCount\":0,\"publisher\":{\"@id\":\"https:\\\/\\\/www.latribunedufaso.net\\\/#organization\"},\"image\":{\"@id\":\"https:\\\/\\\/www.latribunedufaso.net\\\/?p=26627#primaryimage\"},\"thumbnailUrl\":\"https:\\\/\\\/www.latribunedufaso.net\\\/wp-content\\\/uploads\\\/2026\\\/01\\\/FB_IMG_1768495451575.jpg\",\"keywords\":[\"Installation ministre de la Construction de la Patrie\",\"latribunedufaso.net\"],\"articleSection\":[\"A la une\",\"Actualit\u00e9\",\"Soci\u00e9t\u00e9\"],\"inLanguage\":\"fr-FR\",\"potentialAction\":[{\"@type\":\"CommentAction\",\"name\":\"Comment\",\"target\":[\"https:\\\/\\\/www.latribunedufaso.net\\\/?p=26627#respond\"]}]},{\"@type\":\"WebPage\",\"@id\":\"https:\\\/\\\/www.latribunedufaso.net\\\/?p=26627\",\"url\":\"https:\\\/\\\/www.latribunedufaso.net\\\/?p=26627\",\"name\":\"Minist\u00e8re de la Construction de la patrie : Mika\u00eflou Sidib\u00e9 officiellement install\u00e9 dans ses fonctions de ministre - La Tribune du Faso\",\"isPartOf\":{\"@id\":\"https:\\\/\\\/www.latribunedufaso.net\\\/#website\"},\"primaryImageOfPage\":{\"@id\":\"https:\\\/\\\/www.latribunedufaso.net\\\/?p=26627#primaryimage\"},\"image\":{\"@id\":\"https:\\\/\\\/www.latribunedufaso.net\\\/?p=26627#primaryimage\"},\"thumbnailUrl\":\"https:\\\/\\\/www.latribunedufaso.net\\\/wp-content\\\/uploads\\\/2026\\\/01\\\/FB_IMG_1768495451575.jpg\",\"datePublished\":\"2026-01-15T17:52:32+00:00\",\"breadcrumb\":{\"@id\":\"https:\\\/\\\/www.latribunedufaso.net\\\/?p=26627#breadcrumb\"},\"inLanguage\":\"fr-FR\",\"potentialAction\":[{\"@type\":\"ReadAction\",\"target\":[\"https:\\\/\\\/www.latribunedufaso.net\\\/?p=26627\"]}]},{\"@type\":\"ImageObject\",\"inLanguage\":\"fr-FR\",\"@id\":\"https:\\\/\\\/www.latribunedufaso.net\\\/?p=26627#primaryimage\",\"url\":\"https:\\\/\\\/www.latribunedufaso.net\\\/wp-content\\\/uploads\\\/2026\\\/01\\\/FB_IMG_1768495451575.jpg\",\"contentUrl\":\"https:\\\/\\\/www.latribunedufaso.net\\\/wp-content\\\/uploads\\\/2026\\\/01\\\/FB_IMG_1768495451575.jpg\",\"width\":2048,\"height\":1365,\"caption\":\"Installation du nouveau ministre de la Construction de la Patrie, Mika\u00eflou Sidib\u00e9, (fusion du minist\u00e8re de l'Urbanisme et des Infrastructures), 15 janvier 2026\"},{\"@type\":\"BreadcrumbList\",\"@id\":\"https:\\\/\\\/www.latribunedufaso.net\\\/?p=26627#breadcrumb\",\"itemListElement\":[{\"@type\":\"ListItem\",\"position\":1,\"name\":\"Accueil\",\"item\":\"https:\\\/\\\/www.latribunedufaso.net\\\/\"},{\"@type\":\"ListItem\",\"position\":2,\"name\":\"Minist\u00e8re de la Construction de la patrie : Mika\u00eflou Sidib\u00e9 officiellement install\u00e9 dans ses fonctions de ministre\"}]},{\"@type\":\"WebSite\",\"@id\":\"https:\\\/\\\/www.latribunedufaso.net\\\/#website\",\"url\":\"https:\\\/\\\/www.latribunedufaso.net\\\/\",\"name\":\"La Tribune du Faso\",\"description\":\"L&#039;information du monde rural en un clic\",\"publisher\":{\"@id\":\"https:\\\/\\\/www.latribunedufaso.net\\\/#organization\"},\"potentialAction\":[{\"@type\":\"SearchAction\",\"target\":{\"@type\":\"EntryPoint\",\"urlTemplate\":\"https:\\\/\\\/www.latribunedufaso.net\\\/?s={search_term_string}\"},\"query-input\":{\"@type\":\"PropertyValueSpecification\",\"valueRequired\":true,\"valueName\":\"search_term_string\"}}],\"inLanguage\":\"fr-FR\"},{\"@type\":\"Organization\",\"@id\":\"https:\\\/\\\/www.latribunedufaso.net\\\/#organization\",\"name\":\"La Tribune du Faso\",\"url\":\"https:\\\/\\\/www.latribunedufaso.net\\\/\",\"logo\":{\"@type\":\"ImageObject\",\"inLanguage\":\"fr-FR\",\"@id\":\"https:\\\/\\\/www.latribunedufaso.net\\\/#\\\/schema\\\/logo\\\/image\\\/\",\"url\":\"https:\\\/\\\/www.latribunedufaso.net\\\/wp-content\\\/uploads\\\/2020\\\/08\\\/Logo-Tribune-du-Faso-final-scaled.jpg\",\"contentUrl\":\"https:\\\/\\\/www.latribunedufaso.net\\\/wp-content\\\/uploads\\\/2020\\\/08\\\/Logo-Tribune-du-Faso-final-scaled.jpg\",\"width\":2560,\"height\":1856,\"caption\":\"La Tribune du Faso\"},\"image\":{\"@id\":\"https:\\\/\\\/www.latribunedufaso.net\\\/#\\\/schema\\\/logo\\\/image\\\/\"},\"sameAs\":[\"https:\\\/\\\/www.facebook.com\\\/LatribuneduFaso\\\/\"]},{\"@type\":\"Person\",\"@id\":\"https:\\\/\\\/www.latribunedufaso.net\\\/#\\\/schema\\\/person\\\/e54e64c5778a7e72cf80a318b7a622b0\",\"name\":\"Issouf Tapsoba\",\"image\":{\"@type\":\"ImageObject\",\"inLanguage\":\"fr-FR\",\"@id\":\"https:\\\/\\\/secure.gravatar.com\\\/avatar\\\/5e6c05150ce3230247d167f5b94d678eb05936197436d69b7921e3a95c9107ac?s=96&d=mm&r=g\",\"url\":\"https:\\\/\\\/secure.gravatar.com\\\/avatar\\\/5e6c05150ce3230247d167f5b94d678eb05936197436d69b7921e3a95c9107ac?s=96&d=mm&r=g\",\"contentUrl\":\"https:\\\/\\\/secure.gravatar.com\\\/avatar\\\/5e6c05150ce3230247d167f5b94d678eb05936197436d69b7921e3a95c9107ac?s=96&d=mm&r=g\",\"caption\":\"Issouf Tapsoba\"},\"url\":\"https:\\\/\\\/www.latribunedufaso.net\\\/?author=5\"}]}<\/script>\n<!-- \/ Yoast SEO plugin. -->","yoast_head_json":{"title":"Minist\u00e8re de la Construction de la patrie : Mika\u00eflou Sidib\u00e9 officiellement install\u00e9 dans ses fonctions de ministre - La Tribune du Faso","robots":{"index":"index","follow":"follow","max-snippet":"max-snippet:-1","max-image-preview":"max-image-preview:large","max-video-preview":"max-video-preview:-1"},"canonical":"https:\/\/www.latribunedufaso.net\/?p=26627","og_locale":"fr_FR","og_type":"article","og_title":"Minist\u00e8re de la Construction de la patrie : Mika\u00eflou Sidib\u00e9 officiellement install\u00e9 dans ses fonctions de ministre - La Tribune du Faso","og_description":"Le ministre secr\u00e9taire g\u00e9n\u00e9ral du gouvernement et du conseil des ministres, Ousmane Ouattara, a officiellement install\u00e9 ce 15 janvier 2026 Mika\u00eflou Sidib\u00e9 dans sa nouvelle fonction de Ministre de la construction de la patrie (MCP).\u00a0","og_url":"https:\/\/www.latribunedufaso.net\/?p=26627","og_site_name":"La Tribune du Faso","article_publisher":"https:\/\/www.facebook.com\/LatribuneduFaso\/","article_published_time":"2026-01-15T17:52:32+00:00","og_image":[{"width":2048,"height":1365,"url":"https:\/\/www.latribunedufaso.net\/wp-content\/uploads\/2026\/01\/FB_IMG_1768495451575.jpg","type":"image\/jpeg"}],"author":"Issouf Tapsoba","twitter_misc":{"\u00c9crit par":"Issouf Tapsoba","Dur\u00e9e de lecture estim\u00e9e":"3 minutes"},"schema":{"@context":"https:\/\/schema.org","@graph":[{"@type":"Article","@id":"https:\/\/www.latribunedufaso.net\/?p=26627#article","isPartOf":{"@id":"https:\/\/www.latribunedufaso.net\/?p=26627"},"author":{"name":"Issouf Tapsoba","@id":"https:\/\/www.latribunedufaso.net\/#\/schema\/person\/e54e64c5778a7e72cf80a318b7a622b0"},"headline":"Minist\u00e8re de la Construction de la patrie : Mika\u00eflou Sidib\u00e9 officiellement install\u00e9 dans ses fonctions de ministre","datePublished":"2026-01-15T17:52:32+00:00","mainEntityOfPage":{"@id":"https:\/\/www.latribunedufaso.net\/?p=26627"},"wordCount":307,"commentCount":0,"publisher":{"@id":"https:\/\/www.latribunedufaso.net\/#organization"},"image":{"@id":"https:\/\/www.latribunedufaso.net\/?p=26627#primaryimage"},"thumbnailUrl":"https:\/\/www.latribunedufaso.net\/wp-content\/uploads\/2026\/01\/FB_IMG_1768495451575.jpg","keywords":["Installation ministre de la Construction de la Patrie","latribunedufaso.net"],"articleSection":["A la une","Actualit\u00e9","Soci\u00e9t\u00e9"],"inLanguage":"fr-FR","potentialAction":[{"@type":"CommentAction","name":"Comment","target":["https:\/\/www.latribunedufaso.net\/?p=26627#respond"]}]},{"@type":"WebPage","@id":"https:\/\/www.latribunedufaso.net\/?p=26627","url":"https:\/\/www.latribunedufaso.net\/?p=26627","name":"Minist\u00e8re de la Construction de la patrie : Mika\u00eflou Sidib\u00e9 officiellement install\u00e9 dans ses fonctions de ministre - La Tribune du Faso","isPartOf":{"@id":"https:\/\/www.latribunedufaso.net\/#website"},"primaryImageOfPage":{"@id":"https:\/\/www.latribunedufaso.net\/?p=26627#primaryimage"},"image":{"@id":"https:\/\/www.latribunedufaso.net\/?p=26627#primaryimage"},"thumbnailUrl":"https:\/\/www.latribunedufaso.net\/wp-content\/uploads\/2026\/01\/FB_IMG_1768495451575.jpg","datePublished":"2026-01-15T17:52:32+00:00","breadcrumb":{"@id":"https:\/\/www.latribunedufaso.net\/?p=26627#breadcrumb"},"inLanguage":"fr-FR","potentialAction":[{"@type":"ReadAction","target":["https:\/\/www.latribunedufaso.net\/?p=26627"]}]},{"@type":"ImageObject","inLanguage":"fr-FR","@id":"https:\/\/www.latribunedufaso.net\/?p=26627#primaryimage","url":"https:\/\/www.latribunedufaso.net\/wp-content\/uploads\/2026\/01\/FB_IMG_1768495451575.jpg","contentUrl":"https:\/\/www.latribunedufaso.net\/wp-content\/uploads\/2026\/01\/FB_IMG_1768495451575.jpg","width":2048,"height":1365,"caption":"Installation du nouveau ministre de la Construction de la Patrie, Mika\u00eflou Sidib\u00e9, (fusion du minist\u00e8re de l'Urbanisme et des Infrastructures), 15 janvier 2026"},{"@type":"BreadcrumbList","@id":"https:\/\/www.latribunedufaso.net\/?p=26627#breadcrumb","itemListElement":[{"@type":"ListItem","position":1,"name":"Accueil","item":"https:\/\/www.latribunedufaso.net\/"},{"@type":"ListItem","position":2,"name":"Minist\u00e8re de la Construction de la patrie : Mika\u00eflou Sidib\u00e9 officiellement install\u00e9 dans ses fonctions de ministre"}]},{"@type":"WebSite","@id":"https:\/\/www.latribunedufaso.net\/#website","url":"https:\/\/www.latribunedufaso.net\/","name":"La Tribune du Faso","description":"L&#039;information du monde rural en un clic","publisher":{"@id":"https:\/\/www.latribunedufaso.net\/#organization"},"potentialAction":[{"@type":"SearchAction","target":{"@type":"EntryPoint","urlTemplate":"https:\/\/www.latribunedufaso.net\/?s={search_term_string}"},"query-input":{"@type":"PropertyValueSpecification","valueRequired":true,"valueName":"search_term_string"}}],"inLanguage":"fr-FR"},{"@type":"Organization","@id":"https:\/\/www.latribunedufaso.net\/#organization","name":"La Tribune du Faso","url":"https:\/\/www.latribunedufaso.net\/","logo":{"@type":"ImageObject","inLanguage":"fr-FR","@id":"https:\/\/www.latribunedufaso.net\/#\/schema\/logo\/image\/","url":"https:\/\/www.latribunedufaso.net\/wp-content\/uploads\/2020\/08\/Logo-Tribune-du-Faso-final-scaled.jpg","contentUrl":"https:\/\/www.latribunedufaso.net\/wp-content\/uploads\/2020\/08\/Logo-Tribune-du-Faso-final-scaled.jpg","width":2560,"height":1856,"caption":"La Tribune du Faso"},"image":{"@id":"https:\/\/www.latribunedufaso.net\/#\/schema\/logo\/image\/"},"sameAs":["https:\/\/www.facebook.com\/LatribuneduFaso\/"]},{"@type":"Person","@id":"https:\/\/www.latribunedufaso.net\/#\/schema\/person\/e54e64c5778a7e72cf80a318b7a622b0","name":"Issouf Tapsoba","image":{"@type":"ImageObject","inLanguage":"fr-FR","@id":"https:\/\/secure.gravatar.com\/avatar\/5e6c05150ce3230247d167f5b94d678eb05936197436d69b7921e3a95c9107ac?s=96&d=mm&r=g","url":"https:\/\/secure.gravatar.com\/avatar\/5e6c05150ce3230247d167f5b94d678eb05936197436d69b7921e3a95c9107ac?s=96&d=mm&r=g","contentUrl":"https:\/\/secure.gravatar.com\/avatar\/5e6c05150ce3230247d167f5b94d678eb05936197436d69b7921e3a95c9107ac?s=96&d=mm&r=g","caption":"Issouf Tapsoba"},"url":"https:\/\/www.latribunedufaso.net\/?author=5"}]}},"_links":{"self":[{"href":"https:\/\/www.latribunedufaso.net\/index.php?rest_route=\/wp\/v2\/posts\/26627","targetHints":{"allow":["GET"]}}],"collection":[{"href":"https:\/\/www.latribunedufaso.net\/index.php?rest_route=\/wp\/v2\/posts"}],"about":[{"href":"https:\/\/www.latribunedufaso.net\/index.php?rest_route=\/wp\/v2\/types\/post"}],"author":[{"embeddable":true,"href":"https:\/\/www.latribunedufaso.net\/index.php?rest_route=\/wp\/v2\/users\/5"}],"replies":[{"embeddable":true,"href":"https:\/\/www.latribunedufaso.net\/index.php?rest_route=%2Fwp%2Fv2%2Fcomments&post=26627"}],"version-history":[{"count":3,"href":"https:\/\/www.latribunedufaso.net\/index.php?rest_route=\/wp\/v2\/posts\/26627\/revisions"}],"predecessor-version":[{"id":26637,"href":"https:\/\/www.latribunedufaso.net\/index.php?rest_route=\/wp\/v2\/posts\/26627\/revisions\/26637"}],"wp:featuredmedia":[{"embeddable":true,"href":"https:\/\/www.latribunedufaso.net\/index.php?rest_route=\/wp\/v2\/media\/26631"}],"wp:attachment":[{"href":"https:\/\/www.latribunedufaso.net\/index.php?rest_route=%2Fwp%2Fv2%2Fmedia&parent=26627"}],"wp:term":[{"taxonomy":"category","embeddable":true,"href":"https:\/\/www.latribunedufaso.net\/index.php?rest_route=%2Fwp%2Fv2%2Fcategories&post=26627"},{"taxonomy":"post_tag","embeddable":true,"href":"https:\/\/www.latribunedufaso.net\/index.php?rest_route=%2Fwp%2Fv2%2Ftags&post=26627"}],"curies":[{"name":"wp","href":"https:\/\/api.w.org\/{rel}","templated":true}]}}