{"id":26612,"date":"2026-01-14T21:35:28","date_gmt":"2026-01-14T21:35:28","guid":{"rendered":"https:\/\/www.latribunedufaso.net\/?p=26612"},"modified":"2026-01-14T21:35:28","modified_gmt":"2026-01-14T21:35:28","slug":"solidarite-georgi-minoungou-fait-un-don-aux-orphelins-de-larmee-de-lair","status":"publish","type":"post","link":"https:\/\/www.latribunedufaso.net\/?p=26612","title":{"rendered":"Solidarit\u00e9 : Georgi Minoungou fait un don aux orphelins de l\u2019Arm\u00e9e de l\u2019Air"},"content":{"rendered":"<p><strong>Le footballeur international burkinab\u00e8 Georgi Minoungou a remis, ce 13 janvier 2026 \u00e0 l\u2019\u00c9tat-Major de l\u2019Arm\u00e9e de l\u2019Air, un don en nature et en num\u00e9raire destin\u00e9 aux orphelins de l\u2019institution.<\/strong><!--more--><\/p>\n<p>L&rsquo;\u00c9tat-Major de l\u2019Arm\u00e9e de l\u2019Air a re\u00e7u ce 13 janvier 2026, la visite de l\u2019international burkinab\u00e8 Georgi Minoungou.<\/p>\n<figure id=\"attachment_26614\" aria-describedby=\"caption-attachment-26614\" style=\"width: 1496px\" class=\"wp-caption aligncenter\"><a href=\"https:\/\/www.latribunedufaso.net\/wp-content\/uploads\/2026\/01\/FB_IMG_1768426082335.jpg\"><img loading=\"lazy\" decoding=\"async\" class=\"size-full wp-image-26614\" src=\"https:\/\/www.latribunedufaso.net\/wp-content\/uploads\/2026\/01\/FB_IMG_1768426082335.jpg\" alt=\"Le joueur des \u00c9talons Georgi Minoungou a fait un don aux orphelins de l\u2019\u00c9tat-Major de l\u2019Arm\u00e9e de l\u2019Air, 13 janvier 2026\" width=\"1496\" height=\"888\" srcset=\"https:\/\/www.latribunedufaso.net\/wp-content\/uploads\/2026\/01\/FB_IMG_1768426082335.jpg 1496w, https:\/\/www.latribunedufaso.net\/wp-content\/uploads\/2026\/01\/FB_IMG_1768426082335-300x178.jpg 300w, https:\/\/www.latribunedufaso.net\/wp-content\/uploads\/2026\/01\/FB_IMG_1768426082335-1024x608.jpg 1024w, https:\/\/www.latribunedufaso.net\/wp-content\/uploads\/2026\/01\/FB_IMG_1768426082335-768x456.jpg 768w\" sizes=\"auto, (max-width: 1496px) 100vw, 1496px\" \/><\/a><figcaption id=\"caption-attachment-26614\" class=\"wp-caption-text\">Le don est compos\u00e9 de fournitures scolaires et d\u2019une contribution financi\u00e8re &#8211; Ph. DR<\/figcaption><\/figure>\n<p>&nbsp;<\/p>\n<p>Accompagn\u00e9 de son staff, le joueur s\u2019est rendu \u00e0 l\u2019\u00c9tat-Major dans le cadre d\u2019une remise de don au profit des orphelins de l\u2019Arm\u00e9e de l\u2019Air. Ce don, compos\u00e9 de fournitures scolaires et d\u2019une contribution financi\u00e8re, vise \u00e0 soutenir les enfants des personnels disparus. Un geste qui t\u00e9moigne de l\u2019attachement du donateur \u00e0 la Nation ainsi qu\u2019aux Forces de D\u00e9fense et de S\u00e9curit\u00e9.<\/p>\n<blockquote>\n<p>Lire aussi &gt;&gt; <a href=\"https:\/\/www.latribunedufaso.net\/?p=12395\">S\u00e9curit\u00e9 : La R\u00e9publique populaire de Chine fait un don de 81 v\u00e9hicules aux Forces arm\u00e9es nationales<\/a><\/p>\n<\/blockquote>\n<p>La c\u00e9r\u00e9monie s\u2019est d\u00e9roul\u00e9e en pr\u00e9sence du Chef d\u2019\u00c9tat-Major Adjoint de l\u2019Arm\u00e9e de l\u2019Air, qui a r\u00e9ceptionn\u00e9 le don au nom de l\u2019institution. \u00c0 cette occasion, des mots de gratitude et de reconnaissance ont \u00e9t\u00e9 adress\u00e9s au donateur pour son engagement en faveur des familles des militaires et pour le soutien apport\u00e9 aux enfants b\u00e9n\u00e9ficiaires.<\/p>\n<p><strong>Latribunedufaso.net<\/strong><\/p>\n<p><strong>Source : Arm\u00e9e de l&rsquo;air du Burkina<\/strong><\/p>\n","protected":false},"excerpt":{"rendered":"<p>Le footballeur international burkinab\u00e8 Georgi Minoungou a remis, ce 13 janvier 2026 \u00e0 l\u2019\u00c9tat-Major de l\u2019Arm\u00e9e de l\u2019Air, un don en nature et en num\u00e9raire destin\u00e9 aux orphelins de l\u2019institution.<\/p>\n","protected":false},"author":5,"featured_media":26615,"comment_status":"open","ping_status":"open","sticky":false,"template":"","format":"standard","meta":{"footnotes":""},"categories":[13,1,8,17],"tags":[1921,39],"class_list":["post-26612","post","type-post","status-publish","format-standard","has-post-thumbnail","hentry","category-une","category-actu","category-societe","category-sport","tag-don-georgi-minoungou","tag-latribunedufaso-net"],"yoast_head":"<!-- This site is optimized with the Yoast SEO plugin v27.4 - https:\/\/yoast.com\/product\/yoast-seo-wordpress\/ -->\n<title>Solidarit\u00e9 : Georgi Minoungou fait un don aux orphelins de l\u2019Arm\u00e9e de l\u2019Air - La Tribune du Faso<\/title>\n<meta name=\"robots\" content=\"index, follow, max-snippet:-1, max-image-preview:large, max-video-preview:-1\" \/>\n<link rel=\"canonical\" href=\"https:\/\/www.latribunedufaso.net\/?p=26612\" \/>\n<meta property=\"og:locale\" content=\"fr_FR\" \/>\n<meta property=\"og:type\" content=\"article\" \/>\n<meta property=\"og:title\" content=\"Solidarit\u00e9 : Georgi Minoungou fait un don aux orphelins de l\u2019Arm\u00e9e de l\u2019Air - La Tribune du Faso\" \/>\n<meta property=\"og:description\" content=\"Le footballeur international burkinab\u00e8 Georgi Minoungou a remis, ce 13 janvier 2026 \u00e0 l\u2019\u00c9tat-Major de l\u2019Arm\u00e9e de l\u2019Air, un don en nature et en num\u00e9raire destin\u00e9 aux orphelins de l\u2019institution.\" \/>\n<meta property=\"og:url\" content=\"https:\/\/www.latribunedufaso.net\/?p=26612\" \/>\n<meta property=\"og:site_name\" content=\"La Tribune du Faso\" \/>\n<meta property=\"article:publisher\" content=\"https:\/\/www.facebook.com\/LatribuneduFaso\/\" \/>\n<meta property=\"article:published_time\" content=\"2026-01-14T21:35:28+00:00\" \/>\n<meta property=\"og:image\" content=\"https:\/\/www.latribunedufaso.net\/wp-content\/uploads\/2026\/01\/FB_IMG_1768426067358.jpg\" \/>\n\t<meta property=\"og:image:width\" content=\"1475\" \/>\n\t<meta property=\"og:image:height\" content=\"960\" \/>\n\t<meta property=\"og:image:type\" content=\"image\/jpeg\" \/>\n<meta name=\"author\" content=\"Issouf Tapsoba\" \/>\n<meta name=\"twitter:label1\" content=\"\u00c9crit par\" \/>\n\t<meta name=\"twitter:data1\" content=\"Issouf Tapsoba\" \/>\n\t<meta name=\"twitter:label2\" content=\"Dur\u00e9e de lecture estim\u00e9e\" \/>\n\t<meta name=\"twitter:data2\" content=\"2 minutes\" \/>\n<script type=\"application\/ld+json\" class=\"yoast-schema-graph\">{\"@context\":\"https:\\\/\\\/schema.org\",\"@graph\":[{\"@type\":\"Article\",\"@id\":\"https:\\\/\\\/www.latribunedufaso.net\\\/?p=26612#article\",\"isPartOf\":{\"@id\":\"https:\\\/\\\/www.latribunedufaso.net\\\/?p=26612\"},\"author\":{\"name\":\"Issouf Tapsoba\",\"@id\":\"https:\\\/\\\/www.latribunedufaso.net\\\/#\\\/schema\\\/person\\\/e54e64c5778a7e72cf80a318b7a622b0\"},\"headline\":\"Solidarit\u00e9 : Georgi Minoungou fait un don aux orphelins de l\u2019Arm\u00e9e de l\u2019Air\",\"datePublished\":\"2026-01-14T21:35:28+00:00\",\"mainEntityOfPage\":{\"@id\":\"https:\\\/\\\/www.latribunedufaso.net\\\/?p=26612\"},\"wordCount\":268,\"commentCount\":0,\"publisher\":{\"@id\":\"https:\\\/\\\/www.latribunedufaso.net\\\/#organization\"},\"image\":{\"@id\":\"https:\\\/\\\/www.latribunedufaso.net\\\/?p=26612#primaryimage\"},\"thumbnailUrl\":\"https:\\\/\\\/www.latribunedufaso.net\\\/wp-content\\\/uploads\\\/2026\\\/01\\\/FB_IMG_1768426067358.jpg\",\"keywords\":[\"Don Georgi Minoungou\",\"latribunedufaso.net\"],\"articleSection\":[\"A la une\",\"Actualit\u00e9\",\"Soci\u00e9t\u00e9\",\"Sport\"],\"inLanguage\":\"fr-FR\",\"potentialAction\":[{\"@type\":\"CommentAction\",\"name\":\"Comment\",\"target\":[\"https:\\\/\\\/www.latribunedufaso.net\\\/?p=26612#respond\"]}]},{\"@type\":\"WebPage\",\"@id\":\"https:\\\/\\\/www.latribunedufaso.net\\\/?p=26612\",\"url\":\"https:\\\/\\\/www.latribunedufaso.net\\\/?p=26612\",\"name\":\"Solidarit\u00e9 : Georgi Minoungou fait un don aux orphelins de l\u2019Arm\u00e9e de l\u2019Air - La Tribune du Faso\",\"isPartOf\":{\"@id\":\"https:\\\/\\\/www.latribunedufaso.net\\\/#website\"},\"primaryImageOfPage\":{\"@id\":\"https:\\\/\\\/www.latribunedufaso.net\\\/?p=26612#primaryimage\"},\"image\":{\"@id\":\"https:\\\/\\\/www.latribunedufaso.net\\\/?p=26612#primaryimage\"},\"thumbnailUrl\":\"https:\\\/\\\/www.latribunedufaso.net\\\/wp-content\\\/uploads\\\/2026\\\/01\\\/FB_IMG_1768426067358.jpg\",\"datePublished\":\"2026-01-14T21:35:28+00:00\",\"breadcrumb\":{\"@id\":\"https:\\\/\\\/www.latribunedufaso.net\\\/?p=26612#breadcrumb\"},\"inLanguage\":\"fr-FR\",\"potentialAction\":[{\"@type\":\"ReadAction\",\"target\":[\"https:\\\/\\\/www.latribunedufaso.net\\\/?p=26612\"]}]},{\"@type\":\"ImageObject\",\"inLanguage\":\"fr-FR\",\"@id\":\"https:\\\/\\\/www.latribunedufaso.net\\\/?p=26612#primaryimage\",\"url\":\"https:\\\/\\\/www.latribunedufaso.net\\\/wp-content\\\/uploads\\\/2026\\\/01\\\/FB_IMG_1768426067358.jpg\",\"contentUrl\":\"https:\\\/\\\/www.latribunedufaso.net\\\/wp-content\\\/uploads\\\/2026\\\/01\\\/FB_IMG_1768426067358.jpg\",\"width\":1475,\"height\":960,\"caption\":\"Le joueur des \u00c9talons Georgi Minoungou a fait un don aux orphelins de l\u2019\u00c9tat-Major de l\u2019Arm\u00e9e de l\u2019Air, 13 janvier 2026\"},{\"@type\":\"BreadcrumbList\",\"@id\":\"https:\\\/\\\/www.latribunedufaso.net\\\/?p=26612#breadcrumb\",\"itemListElement\":[{\"@type\":\"ListItem\",\"position\":1,\"name\":\"Accueil\",\"item\":\"https:\\\/\\\/www.latribunedufaso.net\\\/\"},{\"@type\":\"ListItem\",\"position\":2,\"name\":\"Solidarit\u00e9 : Georgi Minoungou fait un don aux orphelins de l\u2019Arm\u00e9e de l\u2019Air\"}]},{\"@type\":\"WebSite\",\"@id\":\"https:\\\/\\\/www.latribunedufaso.net\\\/#website\",\"url\":\"https:\\\/\\\/www.latribunedufaso.net\\\/\",\"name\":\"La Tribune du Faso\",\"description\":\"L&#039;information du monde rural en un clic\",\"publisher\":{\"@id\":\"https:\\\/\\\/www.latribunedufaso.net\\\/#organization\"},\"potentialAction\":[{\"@type\":\"SearchAction\",\"target\":{\"@type\":\"EntryPoint\",\"urlTemplate\":\"https:\\\/\\\/www.latribunedufaso.net\\\/?s={search_term_string}\"},\"query-input\":{\"@type\":\"PropertyValueSpecification\",\"valueRequired\":true,\"valueName\":\"search_term_string\"}}],\"inLanguage\":\"fr-FR\"},{\"@type\":\"Organization\",\"@id\":\"https:\\\/\\\/www.latribunedufaso.net\\\/#organization\",\"name\":\"La Tribune du Faso\",\"url\":\"https:\\\/\\\/www.latribunedufaso.net\\\/\",\"logo\":{\"@type\":\"ImageObject\",\"inLanguage\":\"fr-FR\",\"@id\":\"https:\\\/\\\/www.latribunedufaso.net\\\/#\\\/schema\\\/logo\\\/image\\\/\",\"url\":\"https:\\\/\\\/www.latribunedufaso.net\\\/wp-content\\\/uploads\\\/2020\\\/08\\\/Logo-Tribune-du-Faso-final-scaled.jpg\",\"contentUrl\":\"https:\\\/\\\/www.latribunedufaso.net\\\/wp-content\\\/uploads\\\/2020\\\/08\\\/Logo-Tribune-du-Faso-final-scaled.jpg\",\"width\":2560,\"height\":1856,\"caption\":\"La Tribune du Faso\"},\"image\":{\"@id\":\"https:\\\/\\\/www.latribunedufaso.net\\\/#\\\/schema\\\/logo\\\/image\\\/\"},\"sameAs\":[\"https:\\\/\\\/www.facebook.com\\\/LatribuneduFaso\\\/\"]},{\"@type\":\"Person\",\"@id\":\"https:\\\/\\\/www.latribunedufaso.net\\\/#\\\/schema\\\/person\\\/e54e64c5778a7e72cf80a318b7a622b0\",\"name\":\"Issouf Tapsoba\",\"image\":{\"@type\":\"ImageObject\",\"inLanguage\":\"fr-FR\",\"@id\":\"https:\\\/\\\/secure.gravatar.com\\\/avatar\\\/5e6c05150ce3230247d167f5b94d678eb05936197436d69b7921e3a95c9107ac?s=96&d=mm&r=g\",\"url\":\"https:\\\/\\\/secure.gravatar.com\\\/avatar\\\/5e6c05150ce3230247d167f5b94d678eb05936197436d69b7921e3a95c9107ac?s=96&d=mm&r=g\",\"contentUrl\":\"https:\\\/\\\/secure.gravatar.com\\\/avatar\\\/5e6c05150ce3230247d167f5b94d678eb05936197436d69b7921e3a95c9107ac?s=96&d=mm&r=g\",\"caption\":\"Issouf Tapsoba\"},\"url\":\"https:\\\/\\\/www.latribunedufaso.net\\\/?author=5\"}]}<\/script>\n<!-- \/ Yoast SEO plugin. -->","yoast_head_json":{"title":"Solidarit\u00e9 : Georgi Minoungou fait un don aux orphelins de l\u2019Arm\u00e9e de l\u2019Air - La Tribune du Faso","robots":{"index":"index","follow":"follow","max-snippet":"max-snippet:-1","max-image-preview":"max-image-preview:large","max-video-preview":"max-video-preview:-1"},"canonical":"https:\/\/www.latribunedufaso.net\/?p=26612","og_locale":"fr_FR","og_type":"article","og_title":"Solidarit\u00e9 : Georgi Minoungou fait un don aux orphelins de l\u2019Arm\u00e9e de l\u2019Air - La Tribune du Faso","og_description":"Le footballeur international burkinab\u00e8 Georgi Minoungou a remis, ce 13 janvier 2026 \u00e0 l\u2019\u00c9tat-Major de l\u2019Arm\u00e9e de l\u2019Air, un don en nature et en num\u00e9raire destin\u00e9 aux orphelins de l\u2019institution.","og_url":"https:\/\/www.latribunedufaso.net\/?p=26612","og_site_name":"La Tribune du Faso","article_publisher":"https:\/\/www.facebook.com\/LatribuneduFaso\/","article_published_time":"2026-01-14T21:35:28+00:00","og_image":[{"width":1475,"height":960,"url":"https:\/\/www.latribunedufaso.net\/wp-content\/uploads\/2026\/01\/FB_IMG_1768426067358.jpg","type":"image\/jpeg"}],"author":"Issouf Tapsoba","twitter_misc":{"\u00c9crit par":"Issouf Tapsoba","Dur\u00e9e de lecture estim\u00e9e":"2 minutes"},"schema":{"@context":"https:\/\/schema.org","@graph":[{"@type":"Article","@id":"https:\/\/www.latribunedufaso.net\/?p=26612#article","isPartOf":{"@id":"https:\/\/www.latribunedufaso.net\/?p=26612"},"author":{"name":"Issouf Tapsoba","@id":"https:\/\/www.latribunedufaso.net\/#\/schema\/person\/e54e64c5778a7e72cf80a318b7a622b0"},"headline":"Solidarit\u00e9 : Georgi Minoungou fait un don aux orphelins de l\u2019Arm\u00e9e de l\u2019Air","datePublished":"2026-01-14T21:35:28+00:00","mainEntityOfPage":{"@id":"https:\/\/www.latribunedufaso.net\/?p=26612"},"wordCount":268,"commentCount":0,"publisher":{"@id":"https:\/\/www.latribunedufaso.net\/#organization"},"image":{"@id":"https:\/\/www.latribunedufaso.net\/?p=26612#primaryimage"},"thumbnailUrl":"https:\/\/www.latribunedufaso.net\/wp-content\/uploads\/2026\/01\/FB_IMG_1768426067358.jpg","keywords":["Don Georgi Minoungou","latribunedufaso.net"],"articleSection":["A la une","Actualit\u00e9","Soci\u00e9t\u00e9","Sport"],"inLanguage":"fr-FR","potentialAction":[{"@type":"CommentAction","name":"Comment","target":["https:\/\/www.latribunedufaso.net\/?p=26612#respond"]}]},{"@type":"WebPage","@id":"https:\/\/www.latribunedufaso.net\/?p=26612","url":"https:\/\/www.latribunedufaso.net\/?p=26612","name":"Solidarit\u00e9 : Georgi Minoungou fait un don aux orphelins de l\u2019Arm\u00e9e de l\u2019Air - La Tribune du Faso","isPartOf":{"@id":"https:\/\/www.latribunedufaso.net\/#website"},"primaryImageOfPage":{"@id":"https:\/\/www.latribunedufaso.net\/?p=26612#primaryimage"},"image":{"@id":"https:\/\/www.latribunedufaso.net\/?p=26612#primaryimage"},"thumbnailUrl":"https:\/\/www.latribunedufaso.net\/wp-content\/uploads\/2026\/01\/FB_IMG_1768426067358.jpg","datePublished":"2026-01-14T21:35:28+00:00","breadcrumb":{"@id":"https:\/\/www.latribunedufaso.net\/?p=26612#breadcrumb"},"inLanguage":"fr-FR","potentialAction":[{"@type":"ReadAction","target":["https:\/\/www.latribunedufaso.net\/?p=26612"]}]},{"@type":"ImageObject","inLanguage":"fr-FR","@id":"https:\/\/www.latribunedufaso.net\/?p=26612#primaryimage","url":"https:\/\/www.latribunedufaso.net\/wp-content\/uploads\/2026\/01\/FB_IMG_1768426067358.jpg","contentUrl":"https:\/\/www.latribunedufaso.net\/wp-content\/uploads\/2026\/01\/FB_IMG_1768426067358.jpg","width":1475,"height":960,"caption":"Le joueur des \u00c9talons Georgi Minoungou a fait un don aux orphelins de l\u2019\u00c9tat-Major de l\u2019Arm\u00e9e de l\u2019Air, 13 janvier 2026"},{"@type":"BreadcrumbList","@id":"https:\/\/www.latribunedufaso.net\/?p=26612#breadcrumb","itemListElement":[{"@type":"ListItem","position":1,"name":"Accueil","item":"https:\/\/www.latribunedufaso.net\/"},{"@type":"ListItem","position":2,"name":"Solidarit\u00e9 : Georgi Minoungou fait un don aux orphelins de l\u2019Arm\u00e9e de l\u2019Air"}]},{"@type":"WebSite","@id":"https:\/\/www.latribunedufaso.net\/#website","url":"https:\/\/www.latribunedufaso.net\/","name":"La Tribune du Faso","description":"L&#039;information du monde rural en un clic","publisher":{"@id":"https:\/\/www.latribunedufaso.net\/#organization"},"potentialAction":[{"@type":"SearchAction","target":{"@type":"EntryPoint","urlTemplate":"https:\/\/www.latribunedufaso.net\/?s={search_term_string}"},"query-input":{"@type":"PropertyValueSpecification","valueRequired":true,"valueName":"search_term_string"}}],"inLanguage":"fr-FR"},{"@type":"Organization","@id":"https:\/\/www.latribunedufaso.net\/#organization","name":"La Tribune du Faso","url":"https:\/\/www.latribunedufaso.net\/","logo":{"@type":"ImageObject","inLanguage":"fr-FR","@id":"https:\/\/www.latribunedufaso.net\/#\/schema\/logo\/image\/","url":"https:\/\/www.latribunedufaso.net\/wp-content\/uploads\/2020\/08\/Logo-Tribune-du-Faso-final-scaled.jpg","contentUrl":"https:\/\/www.latribunedufaso.net\/wp-content\/uploads\/2020\/08\/Logo-Tribune-du-Faso-final-scaled.jpg","width":2560,"height":1856,"caption":"La Tribune du Faso"},"image":{"@id":"https:\/\/www.latribunedufaso.net\/#\/schema\/logo\/image\/"},"sameAs":["https:\/\/www.facebook.com\/LatribuneduFaso\/"]},{"@type":"Person","@id":"https:\/\/www.latribunedufaso.net\/#\/schema\/person\/e54e64c5778a7e72cf80a318b7a622b0","name":"Issouf Tapsoba","image":{"@type":"ImageObject","inLanguage":"fr-FR","@id":"https:\/\/secure.gravatar.com\/avatar\/5e6c05150ce3230247d167f5b94d678eb05936197436d69b7921e3a95c9107ac?s=96&d=mm&r=g","url":"https:\/\/secure.gravatar.com\/avatar\/5e6c05150ce3230247d167f5b94d678eb05936197436d69b7921e3a95c9107ac?s=96&d=mm&r=g","contentUrl":"https:\/\/secure.gravatar.com\/avatar\/5e6c05150ce3230247d167f5b94d678eb05936197436d69b7921e3a95c9107ac?s=96&d=mm&r=g","caption":"Issouf Tapsoba"},"url":"https:\/\/www.latribunedufaso.net\/?author=5"}]}},"_links":{"self":[{"href":"https:\/\/www.latribunedufaso.net\/index.php?rest_route=\/wp\/v2\/posts\/26612","targetHints":{"allow":["GET"]}}],"collection":[{"href":"https:\/\/www.latribunedufaso.net\/index.php?rest_route=\/wp\/v2\/posts"}],"about":[{"href":"https:\/\/www.latribunedufaso.net\/index.php?rest_route=\/wp\/v2\/types\/post"}],"author":[{"embeddable":true,"href":"https:\/\/www.latribunedufaso.net\/index.php?rest_route=\/wp\/v2\/users\/5"}],"replies":[{"embeddable":true,"href":"https:\/\/www.latribunedufaso.net\/index.php?rest_route=%2Fwp%2Fv2%2Fcomments&post=26612"}],"version-history":[{"count":2,"href":"https:\/\/www.latribunedufaso.net\/index.php?rest_route=\/wp\/v2\/posts\/26612\/revisions"}],"predecessor-version":[{"id":26617,"href":"https:\/\/www.latribunedufaso.net\/index.php?rest_route=\/wp\/v2\/posts\/26612\/revisions\/26617"}],"wp:featuredmedia":[{"embeddable":true,"href":"https:\/\/www.latribunedufaso.net\/index.php?rest_route=\/wp\/v2\/media\/26615"}],"wp:attachment":[{"href":"https:\/\/www.latribunedufaso.net\/index.php?rest_route=%2Fwp%2Fv2%2Fmedia&parent=26612"}],"wp:term":[{"taxonomy":"category","embeddable":true,"href":"https:\/\/www.latribunedufaso.net\/index.php?rest_route=%2Fwp%2Fv2%2Fcategories&post=26612"},{"taxonomy":"post_tag","embeddable":true,"href":"https:\/\/www.latribunedufaso.net\/index.php?rest_route=%2Fwp%2Fv2%2Ftags&post=26612"}],"curies":[{"name":"wp","href":"https:\/\/api.w.org\/{rel}","templated":true}]}}