{"id":26602,"date":"2026-01-14T21:08:46","date_gmt":"2026-01-14T21:08:46","guid":{"rendered":"https:\/\/www.latribunedufaso.net\/?p=26602"},"modified":"2026-01-14T21:08:46","modified_gmt":"2026-01-14T21:08:46","slug":"presse-catholique-au-burkina-faso-lucap-burkina-recue-par-le-doyen-edouard-ouedraogo","status":"publish","type":"post","link":"https:\/\/www.latribunedufaso.net\/?p=26602","title":{"rendered":"Presse catholique au Burkina Faso : l\u2019UCAP-Burkina re\u00e7ue par le doyen \u00c9douard Ou\u00e9draogo"},"content":{"rendered":"<p><strong>Une d\u00e9l\u00e9gation du Bureau de l\u2019Union Catholique Africaine de la Presse, section Burkina Faso (UCAP-Burkina), a \u00e9t\u00e9 re\u00e7ue en audience, le lundi 12 janvier 2026 \u00e0 Ouagadougou, par le doyen \u00c9douard Ou\u00e9draogo, fondateur du quotidien L\u2019Observateur Paalga. La rencontre s\u2019est tenue au si\u00e8ge du journal.<\/strong><!--more--><\/p>\n<p>Conduite par le pr\u00e9sident de l\u2019UCAP-Burkina, Romaric Ou\u00e9draogo, la d\u00e9l\u00e9gation est all\u00e9e pr\u00e9senter ses v\u0153ux de nouvel An au directeur de publication de l\u2019Observateur Paalga et lui pr\u00e9senter le nouveau Bureau issu de l\u2019Assembl\u00e9e g\u00e9n\u00e9rale extraordinaire du 5 juillet 2025. La d\u00e9marche visait \u00e9galement \u00e0 recueillir les conseils et orientations de l\u2019un des p\u00e8res fondateurs de l\u2019Union.<\/p>\n<p>Au cours de l\u2019audience, le pr\u00e9sident Romaric Ou\u00e9draogo a pr\u00e9sent\u00e9 les membres de sa d\u00e9l\u00e9gation et fait le point sur les activit\u00e9s men\u00e9es ainsi que celles en cours. Il a indiqu\u00e9 que le nouveau Bureau entend poursuivre l\u2019\u0153uvre des fondateurs et renforcer la collaboration entre les acteurs engag\u00e9s dans la promotion de la foi chr\u00e9tienne et des valeurs humaines \u00e0 travers les m\u00e9dias, dans un esprit de professionnalisme.<\/p>\n<figure id=\"attachment_26605\" aria-describedby=\"caption-attachment-26605\" style=\"width: 1024px\" class=\"wp-caption aligncenter\"><a href=\"https:\/\/www.latribunedufaso.net\/wp-content\/uploads\/2026\/01\/FB_IMG_1768424601233.jpg\"><img loading=\"lazy\" decoding=\"async\" class=\"size-full wp-image-26605\" src=\"https:\/\/www.latribunedufaso.net\/wp-content\/uploads\/2026\/01\/FB_IMG_1768424601233.jpg\" alt=\"Visite du bureau de l'UCAP Burkina chez le DP de L'Observateur Paalga, 12 janvier 2026\" width=\"1024\" height=\"576\" srcset=\"https:\/\/www.latribunedufaso.net\/wp-content\/uploads\/2026\/01\/FB_IMG_1768424601233.jpg 1024w, https:\/\/www.latribunedufaso.net\/wp-content\/uploads\/2026\/01\/FB_IMG_1768424601233-300x169.jpg 300w, https:\/\/www.latribunedufaso.net\/wp-content\/uploads\/2026\/01\/FB_IMG_1768424601233-768x432.jpg 768w\" sizes=\"auto, (max-width: 1024px) 100vw, 1024px\" \/><\/a><figcaption id=\"caption-attachment-26605\" class=\"wp-caption-text\">\u00c9douard Ou\u00e9draogo a f\u00e9licit\u00e9 le nouveau bureau et l&rsquo;invit\u00e9 de faire preuve de coh\u00e9sion, de solidarit\u00e9 et de pers\u00e9v\u00e9rance dans l\u2019animation de l\u2019Union &#8211; Ph. DR<\/figcaption><\/figure>\n<p>Prenant la parole, le doyen \u00c9douard Ou\u00e9draogo a f\u00e9licit\u00e9 le nouveau pr\u00e9sident pour son \u00e9lection et encourag\u00e9 les membres du Bureau \u00e0 faire preuve de coh\u00e9sion, de solidarit\u00e9 et de pers\u00e9v\u00e9rance dans l\u2019animation de l\u2019Union. Il a soulign\u00e9 l\u2019importance de l\u2019engagement et de la rigueur dans la conduite des organisations associatives, tout en invitant les responsables \u00e0 rester \u00e0 l\u2019\u00e9coute des devanciers.<\/p>\n<p>Le fondateur de l\u2019Observateur Paalga a par ailleurs r\u00e9affirm\u00e9 sa disponibilit\u00e9 \u00e0 accompagner l\u2019UCAP-Burkina dans ses actions. \u00c0 cette occasion, il s\u2019est acquitt\u00e9 de sa cotisation annuelle au titre de l\u2019ann\u00e9e 2026.<\/p>\n<blockquote>\n<p>Lire aussi &gt;&gt; <a href=\"https:\/\/www.latribunedufaso.net\/?p=26554\">Burkina : L\u2019UCAP pr\u00e9sente son nouveau bureau \u00e0 l\u2019Archev\u00eaque de Ouagadougou<\/a><\/p>\n<\/blockquote>\n<p>\u00c0 l\u2019issue des \u00e9changes, le pr\u00e9sident de l\u2019UCAP-Burkina a remerci\u00e9 son h\u00f4te pour l\u2019accueil et les orientations re\u00e7ues, r\u00e9affirmant l\u2019engagement du bureau \u00e0 \u0153uvrer pour une Union active et structur\u00e9e au service de la presse catholique au Burkina Faso.<\/p>\n<p><strong>Latribunedufaso.net<\/strong><\/p>\n<p><strong>Source : UCAP-B<\/strong><\/p>\n","protected":false},"excerpt":{"rendered":"<p>Une d\u00e9l\u00e9gation du Bureau de l\u2019Union Catholique Africaine de la Presse, section Burkina Faso (UCAP-Burkina), a \u00e9t\u00e9 re\u00e7ue en audience, le lundi 12 janvier 2026 \u00e0 Ouagadougou, par le doyen \u00c9douard Ou\u00e9draogo, fondateur du quotidien L\u2019Observateur Paalga. La rencontre s\u2019est tenue au si\u00e8ge du journal.<\/p>\n","protected":false},"author":5,"featured_media":26604,"comment_status":"open","ping_status":"open","sticky":false,"template":"","format":"standard","meta":{"footnotes":""},"categories":[13,1,8],"tags":[39,64],"class_list":["post-26602","post","type-post","status-publish","format-standard","has-post-thumbnail","hentry","category-une","category-actu","category-societe","tag-latribunedufaso-net","tag-ucap-burkina"],"yoast_head":"<!-- This site is optimized with the Yoast SEO plugin v27.4 - https:\/\/yoast.com\/product\/yoast-seo-wordpress\/ -->\n<title>Presse catholique au Burkina Faso : l\u2019UCAP-Burkina re\u00e7ue par le doyen \u00c9douard Ou\u00e9draogo - La Tribune du Faso<\/title>\n<meta name=\"robots\" content=\"index, follow, max-snippet:-1, max-image-preview:large, max-video-preview:-1\" \/>\n<link rel=\"canonical\" href=\"https:\/\/www.latribunedufaso.net\/?p=26602\" \/>\n<meta property=\"og:locale\" content=\"fr_FR\" \/>\n<meta property=\"og:type\" content=\"article\" \/>\n<meta property=\"og:title\" content=\"Presse catholique au Burkina Faso : l\u2019UCAP-Burkina re\u00e7ue par le doyen \u00c9douard Ou\u00e9draogo - La Tribune du Faso\" \/>\n<meta property=\"og:description\" content=\"Une d\u00e9l\u00e9gation du Bureau de l\u2019Union Catholique Africaine de la Presse, section Burkina Faso (UCAP-Burkina), a \u00e9t\u00e9 re\u00e7ue en audience, le lundi 12 janvier 2026 \u00e0 Ouagadougou, par le doyen \u00c9douard Ou\u00e9draogo, fondateur du quotidien L\u2019Observateur Paalga. La rencontre s\u2019est tenue au si\u00e8ge du journal.\" \/>\n<meta property=\"og:url\" content=\"https:\/\/www.latribunedufaso.net\/?p=26602\" \/>\n<meta property=\"og:site_name\" content=\"La Tribune du Faso\" \/>\n<meta property=\"article:publisher\" content=\"https:\/\/www.facebook.com\/LatribuneduFaso\/\" \/>\n<meta property=\"article:published_time\" content=\"2026-01-14T21:08:46+00:00\" \/>\n<meta property=\"og:image\" content=\"https:\/\/www.latribunedufaso.net\/wp-content\/uploads\/2026\/01\/FB_IMG_1768424606678.jpg\" \/>\n\t<meta property=\"og:image:width\" content=\"1024\" \/>\n\t<meta property=\"og:image:height\" content=\"576\" \/>\n\t<meta property=\"og:image:type\" content=\"image\/jpeg\" \/>\n<meta name=\"author\" content=\"Issouf Tapsoba\" \/>\n<meta name=\"twitter:label1\" content=\"\u00c9crit par\" \/>\n\t<meta name=\"twitter:data1\" content=\"Issouf Tapsoba\" \/>\n\t<meta name=\"twitter:label2\" content=\"Dur\u00e9e de lecture estim\u00e9e\" \/>\n\t<meta name=\"twitter:data2\" content=\"3 minutes\" \/>\n<script type=\"application\/ld+json\" class=\"yoast-schema-graph\">{\"@context\":\"https:\\\/\\\/schema.org\",\"@graph\":[{\"@type\":\"Article\",\"@id\":\"https:\\\/\\\/www.latribunedufaso.net\\\/?p=26602#article\",\"isPartOf\":{\"@id\":\"https:\\\/\\\/www.latribunedufaso.net\\\/?p=26602\"},\"author\":{\"name\":\"Issouf Tapsoba\",\"@id\":\"https:\\\/\\\/www.latribunedufaso.net\\\/#\\\/schema\\\/person\\\/e54e64c5778a7e72cf80a318b7a622b0\"},\"headline\":\"Presse catholique au Burkina Faso : l\u2019UCAP-Burkina re\u00e7ue par le doyen \u00c9douard Ou\u00e9draogo\",\"datePublished\":\"2026-01-14T21:08:46+00:00\",\"mainEntityOfPage\":{\"@id\":\"https:\\\/\\\/www.latribunedufaso.net\\\/?p=26602\"},\"wordCount\":429,\"commentCount\":0,\"publisher\":{\"@id\":\"https:\\\/\\\/www.latribunedufaso.net\\\/#organization\"},\"image\":{\"@id\":\"https:\\\/\\\/www.latribunedufaso.net\\\/?p=26602#primaryimage\"},\"thumbnailUrl\":\"https:\\\/\\\/www.latribunedufaso.net\\\/wp-content\\\/uploads\\\/2026\\\/01\\\/FB_IMG_1768424606678.jpg\",\"keywords\":[\"latribunedufaso.net\",\"UCAP-BURKINA\"],\"articleSection\":[\"A la une\",\"Actualit\u00e9\",\"Soci\u00e9t\u00e9\"],\"inLanguage\":\"fr-FR\",\"potentialAction\":[{\"@type\":\"CommentAction\",\"name\":\"Comment\",\"target\":[\"https:\\\/\\\/www.latribunedufaso.net\\\/?p=26602#respond\"]}]},{\"@type\":\"WebPage\",\"@id\":\"https:\\\/\\\/www.latribunedufaso.net\\\/?p=26602\",\"url\":\"https:\\\/\\\/www.latribunedufaso.net\\\/?p=26602\",\"name\":\"Presse catholique au Burkina Faso : l\u2019UCAP-Burkina re\u00e7ue par le doyen \u00c9douard Ou\u00e9draogo - La Tribune du Faso\",\"isPartOf\":{\"@id\":\"https:\\\/\\\/www.latribunedufaso.net\\\/#website\"},\"primaryImageOfPage\":{\"@id\":\"https:\\\/\\\/www.latribunedufaso.net\\\/?p=26602#primaryimage\"},\"image\":{\"@id\":\"https:\\\/\\\/www.latribunedufaso.net\\\/?p=26602#primaryimage\"},\"thumbnailUrl\":\"https:\\\/\\\/www.latribunedufaso.net\\\/wp-content\\\/uploads\\\/2026\\\/01\\\/FB_IMG_1768424606678.jpg\",\"datePublished\":\"2026-01-14T21:08:46+00:00\",\"breadcrumb\":{\"@id\":\"https:\\\/\\\/www.latribunedufaso.net\\\/?p=26602#breadcrumb\"},\"inLanguage\":\"fr-FR\",\"potentialAction\":[{\"@type\":\"ReadAction\",\"target\":[\"https:\\\/\\\/www.latribunedufaso.net\\\/?p=26602\"]}]},{\"@type\":\"ImageObject\",\"inLanguage\":\"fr-FR\",\"@id\":\"https:\\\/\\\/www.latribunedufaso.net\\\/?p=26602#primaryimage\",\"url\":\"https:\\\/\\\/www.latribunedufaso.net\\\/wp-content\\\/uploads\\\/2026\\\/01\\\/FB_IMG_1768424606678.jpg\",\"contentUrl\":\"https:\\\/\\\/www.latribunedufaso.net\\\/wp-content\\\/uploads\\\/2026\\\/01\\\/FB_IMG_1768424606678.jpg\",\"width\":1024,\"height\":576,\"caption\":\"Visite du bureau de l'UCAP Burkina chez le DP de L'Observateur Paalga, 12 janvier 2026\"},{\"@type\":\"BreadcrumbList\",\"@id\":\"https:\\\/\\\/www.latribunedufaso.net\\\/?p=26602#breadcrumb\",\"itemListElement\":[{\"@type\":\"ListItem\",\"position\":1,\"name\":\"Accueil\",\"item\":\"https:\\\/\\\/www.latribunedufaso.net\\\/\"},{\"@type\":\"ListItem\",\"position\":2,\"name\":\"Presse catholique au Burkina Faso : l\u2019UCAP-Burkina re\u00e7ue par le doyen \u00c9douard Ou\u00e9draogo\"}]},{\"@type\":\"WebSite\",\"@id\":\"https:\\\/\\\/www.latribunedufaso.net\\\/#website\",\"url\":\"https:\\\/\\\/www.latribunedufaso.net\\\/\",\"name\":\"La Tribune du Faso\",\"description\":\"L&#039;information du monde rural en un clic\",\"publisher\":{\"@id\":\"https:\\\/\\\/www.latribunedufaso.net\\\/#organization\"},\"potentialAction\":[{\"@type\":\"SearchAction\",\"target\":{\"@type\":\"EntryPoint\",\"urlTemplate\":\"https:\\\/\\\/www.latribunedufaso.net\\\/?s={search_term_string}\"},\"query-input\":{\"@type\":\"PropertyValueSpecification\",\"valueRequired\":true,\"valueName\":\"search_term_string\"}}],\"inLanguage\":\"fr-FR\"},{\"@type\":\"Organization\",\"@id\":\"https:\\\/\\\/www.latribunedufaso.net\\\/#organization\",\"name\":\"La Tribune du Faso\",\"url\":\"https:\\\/\\\/www.latribunedufaso.net\\\/\",\"logo\":{\"@type\":\"ImageObject\",\"inLanguage\":\"fr-FR\",\"@id\":\"https:\\\/\\\/www.latribunedufaso.net\\\/#\\\/schema\\\/logo\\\/image\\\/\",\"url\":\"https:\\\/\\\/www.latribunedufaso.net\\\/wp-content\\\/uploads\\\/2020\\\/08\\\/Logo-Tribune-du-Faso-final-scaled.jpg\",\"contentUrl\":\"https:\\\/\\\/www.latribunedufaso.net\\\/wp-content\\\/uploads\\\/2020\\\/08\\\/Logo-Tribune-du-Faso-final-scaled.jpg\",\"width\":2560,\"height\":1856,\"caption\":\"La Tribune du Faso\"},\"image\":{\"@id\":\"https:\\\/\\\/www.latribunedufaso.net\\\/#\\\/schema\\\/logo\\\/image\\\/\"},\"sameAs\":[\"https:\\\/\\\/www.facebook.com\\\/LatribuneduFaso\\\/\"]},{\"@type\":\"Person\",\"@id\":\"https:\\\/\\\/www.latribunedufaso.net\\\/#\\\/schema\\\/person\\\/e54e64c5778a7e72cf80a318b7a622b0\",\"name\":\"Issouf Tapsoba\",\"image\":{\"@type\":\"ImageObject\",\"inLanguage\":\"fr-FR\",\"@id\":\"https:\\\/\\\/secure.gravatar.com\\\/avatar\\\/5e6c05150ce3230247d167f5b94d678eb05936197436d69b7921e3a95c9107ac?s=96&d=mm&r=g\",\"url\":\"https:\\\/\\\/secure.gravatar.com\\\/avatar\\\/5e6c05150ce3230247d167f5b94d678eb05936197436d69b7921e3a95c9107ac?s=96&d=mm&r=g\",\"contentUrl\":\"https:\\\/\\\/secure.gravatar.com\\\/avatar\\\/5e6c05150ce3230247d167f5b94d678eb05936197436d69b7921e3a95c9107ac?s=96&d=mm&r=g\",\"caption\":\"Issouf Tapsoba\"},\"url\":\"https:\\\/\\\/www.latribunedufaso.net\\\/?author=5\"}]}<\/script>\n<!-- \/ Yoast SEO plugin. -->","yoast_head_json":{"title":"Presse catholique au Burkina Faso : l\u2019UCAP-Burkina re\u00e7ue par le doyen \u00c9douard Ou\u00e9draogo - La Tribune du Faso","robots":{"index":"index","follow":"follow","max-snippet":"max-snippet:-1","max-image-preview":"max-image-preview:large","max-video-preview":"max-video-preview:-1"},"canonical":"https:\/\/www.latribunedufaso.net\/?p=26602","og_locale":"fr_FR","og_type":"article","og_title":"Presse catholique au Burkina Faso : l\u2019UCAP-Burkina re\u00e7ue par le doyen \u00c9douard Ou\u00e9draogo - La Tribune du Faso","og_description":"Une d\u00e9l\u00e9gation du Bureau de l\u2019Union Catholique Africaine de la Presse, section Burkina Faso (UCAP-Burkina), a \u00e9t\u00e9 re\u00e7ue en audience, le lundi 12 janvier 2026 \u00e0 Ouagadougou, par le doyen \u00c9douard Ou\u00e9draogo, fondateur du quotidien L\u2019Observateur Paalga. La rencontre s\u2019est tenue au si\u00e8ge du journal.","og_url":"https:\/\/www.latribunedufaso.net\/?p=26602","og_site_name":"La Tribune du Faso","article_publisher":"https:\/\/www.facebook.com\/LatribuneduFaso\/","article_published_time":"2026-01-14T21:08:46+00:00","og_image":[{"width":1024,"height":576,"url":"https:\/\/www.latribunedufaso.net\/wp-content\/uploads\/2026\/01\/FB_IMG_1768424606678.jpg","type":"image\/jpeg"}],"author":"Issouf Tapsoba","twitter_misc":{"\u00c9crit par":"Issouf Tapsoba","Dur\u00e9e de lecture estim\u00e9e":"3 minutes"},"schema":{"@context":"https:\/\/schema.org","@graph":[{"@type":"Article","@id":"https:\/\/www.latribunedufaso.net\/?p=26602#article","isPartOf":{"@id":"https:\/\/www.latribunedufaso.net\/?p=26602"},"author":{"name":"Issouf Tapsoba","@id":"https:\/\/www.latribunedufaso.net\/#\/schema\/person\/e54e64c5778a7e72cf80a318b7a622b0"},"headline":"Presse catholique au Burkina Faso : l\u2019UCAP-Burkina re\u00e7ue par le doyen \u00c9douard Ou\u00e9draogo","datePublished":"2026-01-14T21:08:46+00:00","mainEntityOfPage":{"@id":"https:\/\/www.latribunedufaso.net\/?p=26602"},"wordCount":429,"commentCount":0,"publisher":{"@id":"https:\/\/www.latribunedufaso.net\/#organization"},"image":{"@id":"https:\/\/www.latribunedufaso.net\/?p=26602#primaryimage"},"thumbnailUrl":"https:\/\/www.latribunedufaso.net\/wp-content\/uploads\/2026\/01\/FB_IMG_1768424606678.jpg","keywords":["latribunedufaso.net","UCAP-BURKINA"],"articleSection":["A la une","Actualit\u00e9","Soci\u00e9t\u00e9"],"inLanguage":"fr-FR","potentialAction":[{"@type":"CommentAction","name":"Comment","target":["https:\/\/www.latribunedufaso.net\/?p=26602#respond"]}]},{"@type":"WebPage","@id":"https:\/\/www.latribunedufaso.net\/?p=26602","url":"https:\/\/www.latribunedufaso.net\/?p=26602","name":"Presse catholique au Burkina Faso : l\u2019UCAP-Burkina re\u00e7ue par le doyen \u00c9douard Ou\u00e9draogo - La Tribune du Faso","isPartOf":{"@id":"https:\/\/www.latribunedufaso.net\/#website"},"primaryImageOfPage":{"@id":"https:\/\/www.latribunedufaso.net\/?p=26602#primaryimage"},"image":{"@id":"https:\/\/www.latribunedufaso.net\/?p=26602#primaryimage"},"thumbnailUrl":"https:\/\/www.latribunedufaso.net\/wp-content\/uploads\/2026\/01\/FB_IMG_1768424606678.jpg","datePublished":"2026-01-14T21:08:46+00:00","breadcrumb":{"@id":"https:\/\/www.latribunedufaso.net\/?p=26602#breadcrumb"},"inLanguage":"fr-FR","potentialAction":[{"@type":"ReadAction","target":["https:\/\/www.latribunedufaso.net\/?p=26602"]}]},{"@type":"ImageObject","inLanguage":"fr-FR","@id":"https:\/\/www.latribunedufaso.net\/?p=26602#primaryimage","url":"https:\/\/www.latribunedufaso.net\/wp-content\/uploads\/2026\/01\/FB_IMG_1768424606678.jpg","contentUrl":"https:\/\/www.latribunedufaso.net\/wp-content\/uploads\/2026\/01\/FB_IMG_1768424606678.jpg","width":1024,"height":576,"caption":"Visite du bureau de l'UCAP Burkina chez le DP de L'Observateur Paalga, 12 janvier 2026"},{"@type":"BreadcrumbList","@id":"https:\/\/www.latribunedufaso.net\/?p=26602#breadcrumb","itemListElement":[{"@type":"ListItem","position":1,"name":"Accueil","item":"https:\/\/www.latribunedufaso.net\/"},{"@type":"ListItem","position":2,"name":"Presse catholique au Burkina Faso : l\u2019UCAP-Burkina re\u00e7ue par le doyen \u00c9douard Ou\u00e9draogo"}]},{"@type":"WebSite","@id":"https:\/\/www.latribunedufaso.net\/#website","url":"https:\/\/www.latribunedufaso.net\/","name":"La Tribune du Faso","description":"L&#039;information du monde rural en un clic","publisher":{"@id":"https:\/\/www.latribunedufaso.net\/#organization"},"potentialAction":[{"@type":"SearchAction","target":{"@type":"EntryPoint","urlTemplate":"https:\/\/www.latribunedufaso.net\/?s={search_term_string}"},"query-input":{"@type":"PropertyValueSpecification","valueRequired":true,"valueName":"search_term_string"}}],"inLanguage":"fr-FR"},{"@type":"Organization","@id":"https:\/\/www.latribunedufaso.net\/#organization","name":"La Tribune du Faso","url":"https:\/\/www.latribunedufaso.net\/","logo":{"@type":"ImageObject","inLanguage":"fr-FR","@id":"https:\/\/www.latribunedufaso.net\/#\/schema\/logo\/image\/","url":"https:\/\/www.latribunedufaso.net\/wp-content\/uploads\/2020\/08\/Logo-Tribune-du-Faso-final-scaled.jpg","contentUrl":"https:\/\/www.latribunedufaso.net\/wp-content\/uploads\/2020\/08\/Logo-Tribune-du-Faso-final-scaled.jpg","width":2560,"height":1856,"caption":"La Tribune du Faso"},"image":{"@id":"https:\/\/www.latribunedufaso.net\/#\/schema\/logo\/image\/"},"sameAs":["https:\/\/www.facebook.com\/LatribuneduFaso\/"]},{"@type":"Person","@id":"https:\/\/www.latribunedufaso.net\/#\/schema\/person\/e54e64c5778a7e72cf80a318b7a622b0","name":"Issouf Tapsoba","image":{"@type":"ImageObject","inLanguage":"fr-FR","@id":"https:\/\/secure.gravatar.com\/avatar\/5e6c05150ce3230247d167f5b94d678eb05936197436d69b7921e3a95c9107ac?s=96&d=mm&r=g","url":"https:\/\/secure.gravatar.com\/avatar\/5e6c05150ce3230247d167f5b94d678eb05936197436d69b7921e3a95c9107ac?s=96&d=mm&r=g","contentUrl":"https:\/\/secure.gravatar.com\/avatar\/5e6c05150ce3230247d167f5b94d678eb05936197436d69b7921e3a95c9107ac?s=96&d=mm&r=g","caption":"Issouf Tapsoba"},"url":"https:\/\/www.latribunedufaso.net\/?author=5"}]}},"_links":{"self":[{"href":"https:\/\/www.latribunedufaso.net\/index.php?rest_route=\/wp\/v2\/posts\/26602","targetHints":{"allow":["GET"]}}],"collection":[{"href":"https:\/\/www.latribunedufaso.net\/index.php?rest_route=\/wp\/v2\/posts"}],"about":[{"href":"https:\/\/www.latribunedufaso.net\/index.php?rest_route=\/wp\/v2\/types\/post"}],"author":[{"embeddable":true,"href":"https:\/\/www.latribunedufaso.net\/index.php?rest_route=\/wp\/v2\/users\/5"}],"replies":[{"embeddable":true,"href":"https:\/\/www.latribunedufaso.net\/index.php?rest_route=%2Fwp%2Fv2%2Fcomments&post=26602"}],"version-history":[{"count":2,"href":"https:\/\/www.latribunedufaso.net\/index.php?rest_route=\/wp\/v2\/posts\/26602\/revisions"}],"predecessor-version":[{"id":26606,"href":"https:\/\/www.latribunedufaso.net\/index.php?rest_route=\/wp\/v2\/posts\/26602\/revisions\/26606"}],"wp:featuredmedia":[{"embeddable":true,"href":"https:\/\/www.latribunedufaso.net\/index.php?rest_route=\/wp\/v2\/media\/26604"}],"wp:attachment":[{"href":"https:\/\/www.latribunedufaso.net\/index.php?rest_route=%2Fwp%2Fv2%2Fmedia&parent=26602"}],"wp:term":[{"taxonomy":"category","embeddable":true,"href":"https:\/\/www.latribunedufaso.net\/index.php?rest_route=%2Fwp%2Fv2%2Fcategories&post=26602"},{"taxonomy":"post_tag","embeddable":true,"href":"https:\/\/www.latribunedufaso.net\/index.php?rest_route=%2Fwp%2Fv2%2Ftags&post=26602"}],"curies":[{"name":"wp","href":"https:\/\/api.w.org\/{rel}","templated":true}]}}