{"id":26574,"date":"2026-01-13T10:03:16","date_gmt":"2026-01-13T10:03:16","guid":{"rendered":"https:\/\/www.latribunedufaso.net\/?p=26574"},"modified":"2026-01-13T18:14:20","modified_gmt":"2026-01-13T18:14:20","slug":"formation-patriotique-199-chercheurs-et-enseignants-chercheurs-desormais-engages-au-service-de-la-nation","status":"publish","type":"post","link":"https:\/\/www.latribunedufaso.net\/?p=26574","title":{"rendered":"Formation patriotique : 199 chercheurs et enseignants-chercheurs d\u00e9sormais engag\u00e9s au service de la Nation"},"content":{"rendered":"<p><strong>Apr\u00e8s un mois de formation et d\u2019immersion patriotique, 199 chercheurs et enseignants-chercheurs ont effectu\u00e9 leur sortie officielle ce 12 janvier 2026 \u00e0 Loumbila, marquant ainsi la fin d\u2019une exp\u00e9rience premi\u00e8re initi\u00e9e par les plus hautes autorit\u00e9s du Burkina Faso.<\/strong><!--more--><\/p>\n<p>Le contingent est compos\u00e9 de 13 attach\u00e9s de recherche, 19 assistants hospitalo-universitaires et 167 enseignants-chercheurs. La formation, conduite avec l\u2019appui du Service national pour le d\u00e9veloppement (SND), visait \u00e0 renforcer chez les b\u00e9n\u00e9ficiaires les valeurs de civisme, de discipline et de patriotisme, en compl\u00e9ment de la formation universitaire classique.<\/p>\n<figure id=\"attachment_26582\" aria-describedby=\"caption-attachment-26582\" style=\"width: 1020px\" class=\"wp-caption aligncenter\"><a href=\"https:\/\/www.latribunedufaso.net\/wp-content\/uploads\/2026\/01\/IMG-20260113-WA0016.jpg\"><img loading=\"lazy\" decoding=\"async\" class=\"size-full wp-image-26582\" src=\"https:\/\/www.latribunedufaso.net\/wp-content\/uploads\/2026\/01\/IMG-20260113-WA0016.jpg\" alt=\"Fin de formation d'immersion patriotique des enseignants et enseignants chercheurs, 12 janvier 2026\" width=\"1020\" height=\"768\" srcset=\"https:\/\/www.latribunedufaso.net\/wp-content\/uploads\/2026\/01\/IMG-20260113-WA0016.jpg 1020w, https:\/\/www.latribunedufaso.net\/wp-content\/uploads\/2026\/01\/IMG-20260113-WA0016-300x226.jpg 300w, https:\/\/www.latribunedufaso.net\/wp-content\/uploads\/2026\/01\/IMG-20260113-WA0016-768x578.jpg 768w\" sizes=\"auto, (max-width: 1020px) 100vw, 1020px\" \/><\/a><figcaption id=\"caption-attachment-26582\" class=\"wp-caption-text\">Le ministre en charge de l\u2019Enseignement sup\u00e9rieur, le Pr Adjima Thiombiano &#8211; Ph. A. Kiendrebeogo<\/figcaption><\/figure>\n<p>Pr\u00e9sidant la c\u00e9r\u00e9monie de sortie tenue le 12 janvier 2026 \u00e0 Loupbila, le ministre en charge de l\u2019Enseignement sup\u00e9rieur, le Pr Adjima Thiombiano, a salu\u00e9 une initiative r\u00e9ussie et f\u00e9licit\u00e9 l\u2019ensemble des acteurs impliqu\u00e9s, notamment le Directeur g\u00e9n\u00e9ral du SND, le Colonel Ha\u00efdara Moctar Tabor\u00e9, pour la qualit\u00e9 de l\u2019encadrement assur\u00e9.<\/p>\n<p>S\u2019adressant aux b\u00e9n\u00e9ficiaires, le ministre les a baptis\u00e9s <em><strong>\u00ab Mi B\u00e4nma Djakoanda \u00bb<\/strong><\/em>, une expression qui signifie combattants du savoir. Il les a invit\u00e9s \u00e0 \u00eatre des mod\u00e8les, des r\u00e9f\u00e9rences dans la soci\u00e9t\u00e9 et \u00e0 faire de la devise \u00ab Aimer et servir avec loyaut\u00e9 sa patrie \u00bb leur stimulus quotidien.<\/p>\n<figure id=\"attachment_26581\" aria-describedby=\"caption-attachment-26581\" style=\"width: 1020px\" class=\"wp-caption aligncenter\"><a href=\"https:\/\/www.latribunedufaso.net\/wp-content\/uploads\/2026\/01\/IMG-20260113-WA0015.jpg\"><img loading=\"lazy\" decoding=\"async\" class=\"size-full wp-image-26581\" src=\"https:\/\/www.latribunedufaso.net\/wp-content\/uploads\/2026\/01\/IMG-20260113-WA0015.jpg\" alt=\"Fin de formation d'immersion patriotique des enseignants et enseignants chercheurs, 12 janvier 2026\" width=\"1020\" height=\"768\" srcset=\"https:\/\/www.latribunedufaso.net\/wp-content\/uploads\/2026\/01\/IMG-20260113-WA0015.jpg 1020w, https:\/\/www.latribunedufaso.net\/wp-content\/uploads\/2026\/01\/IMG-20260113-WA0015-300x226.jpg 300w, https:\/\/www.latribunedufaso.net\/wp-content\/uploads\/2026\/01\/IMG-20260113-WA0015-768x578.jpg 768w\" sizes=\"auto, (max-width: 1020px) 100vw, 1020px\" \/><\/a><figcaption id=\"caption-attachment-26581\" class=\"wp-caption-text\">Dr Somk\u00e8ta Francis Ou\u00e9draogo, d\u00e9l\u00e9gu\u00e9 de la promotion &#8211; Ph. A. Kiendrebeogo<\/figcaption><\/figure>\n<p>Au nom de ses camarades, Dr Somk\u00e8ta Francis Ou\u00e9draogo, d\u00e9l\u00e9gu\u00e9 de la promotion, s\u2019est r\u00e9joui de cette exp\u00e9rience qu\u2019il qualifie <em><strong>\u00ab d\u2019historique \u00bb.<\/strong><\/em><\/p>\n<p><em><strong>\u00ab On a accept\u00e9 avec beaucoup de joie de venir se soumettre \u00e0 cette exp\u00e9rience qui est une premi\u00e8re en la mati\u00e8re. \u00c0 la fin de cette formation, je retiens beaucoup de choses. Je retiens d\u2019abord l\u2019amiti\u00e9, celle d\u2019avoir \u00e9t\u00e9 avec d\u2019autres coll\u00e8gues. Trente jours ici nous ont permis de nous c\u00f4toyer tous les jours. Nous avons aussi connu l\u2019amiti\u00e9 de nos fr\u00e8res militaires qui ont \u00e9t\u00e9 avec nous avec un regard de bienveillance. Nous les remercions pour leur accueil, pour tout le temps qu\u2019ils ont pass\u00e9 avec nous, malgr\u00e9 les d\u00e9rangements. \u00bb<\/strong><\/em><\/p>\n<figure id=\"attachment_26579\" aria-describedby=\"caption-attachment-26579\" style=\"width: 954px\" class=\"wp-caption aligncenter\"><a href=\"https:\/\/www.latribunedufaso.net\/wp-content\/uploads\/2026\/01\/IMG-20260113-WA0037.jpg\"><img loading=\"lazy\" decoding=\"async\" class=\"size-full wp-image-26579\" src=\"https:\/\/www.latribunedufaso.net\/wp-content\/uploads\/2026\/01\/IMG-20260113-WA0037.jpg\" alt=\"Fin de formation d'immersion patriotique des enseignants et enseignants chercheurs, 12 janvier 2026\" width=\"954\" height=\"552\" srcset=\"https:\/\/www.latribunedufaso.net\/wp-content\/uploads\/2026\/01\/IMG-20260113-WA0037.jpg 954w, https:\/\/www.latribunedufaso.net\/wp-content\/uploads\/2026\/01\/IMG-20260113-WA0037-300x174.jpg 300w, https:\/\/www.latribunedufaso.net\/wp-content\/uploads\/2026\/01\/IMG-20260113-WA0037-768x444.jpg 768w\" sizes=\"auto, (max-width: 954px) 100vw, 954px\" \/><\/a><figcaption id=\"caption-attachment-26579\" class=\"wp-caption-text\">La formation a permis aux participants d\u2019acqu\u00e9rir des connaissances pratiques et strat\u00e9giques &#8211; Ph. A. Kiendrebeogo<\/figcaption><\/figure>\n<p>Selon lui, au-del\u00e0 de la coh\u00e9sion humaine, la formation a permis aux participants d\u2019acqu\u00e9rir des connaissances pratiques et strat\u00e9giques.<\/p>\n<blockquote>\n<p>Lire aussi &gt;&gt; <a href=\"https:\/\/www.latribunedufaso.net\/?p=23404\">Immersion patriotique des bacheliers 2025 : Des membres du gouvernement en visite au lyc\u00e9e V\u00e9n\u00e9gr\u00e9 \u00e0 Ouagadougou\u00a0<\/a><\/p>\n<\/blockquote>\n<p><em><strong>\u00ab Au cours des 30 jours de formation, nous avons beaucoup appris. Hormis les modules de p\u00e9dagogie universitaire, nous avons \u00e9t\u00e9 entretenus sur la s\u00e9curit\u00e9, le renseignement et d\u2019autres modules militaires. Nous sommes tr\u00e8s satisfaits de cette formation \u00bb<\/strong><\/em>, a t-il affirm\u00e9.<\/p>\n<p><strong>Rosana Astride KIENDREBEOGO\u00a0<\/strong><\/p>\n<p><strong>Latribunedufaso.net<\/strong><\/p>\n<p><a href=\"https:\/\/www.latribunedufaso.net\/wp-content\/uploads\/2026\/01\/IMG-20260113-WA0038.jpg\"><img loading=\"lazy\" decoding=\"async\" class=\"aligncenter size-full wp-image-26578\" src=\"https:\/\/www.latribunedufaso.net\/wp-content\/uploads\/2026\/01\/IMG-20260113-WA0038.jpg\" alt=\"Fin de formation d'immersion patriotique des enseignants et enseignants chercheurs, 12 janvier 2026\" width=\"1009\" height=\"517\" srcset=\"https:\/\/www.latribunedufaso.net\/wp-content\/uploads\/2026\/01\/IMG-20260113-WA0038.jpg 1009w, https:\/\/www.latribunedufaso.net\/wp-content\/uploads\/2026\/01\/IMG-20260113-WA0038-300x154.jpg 300w, https:\/\/www.latribunedufaso.net\/wp-content\/uploads\/2026\/01\/IMG-20260113-WA0038-768x394.jpg 768w\" sizes=\"auto, (max-width: 1009px) 100vw, 1009px\" \/><\/a><\/p>\n","protected":false},"excerpt":{"rendered":"<p>Apr\u00e8s un mois de formation et d\u2019immersion patriotique, 199 chercheurs et enseignants-chercheurs ont effectu\u00e9 leur sortie officielle ce 12 janvier 2026 \u00e0 Loumbila, marquant ainsi la fin d\u2019une exp\u00e9rience premi\u00e8re initi\u00e9e par les plus hautes autorit\u00e9s du Burkina Faso.<\/p>\n","protected":false},"author":5,"featured_media":26580,"comment_status":"open","ping_status":"open","sticky":false,"template":"","format":"standard","meta":{"footnotes":""},"categories":[13,1,8],"tags":[54,1918,1919,39],"class_list":["post-26574","post","type-post","status-publish","format-standard","has-post-thumbnail","hentry","category-une","category-actu","category-societe","tag-enseignement-superieur","tag-formation-patriotique","tag-formation-patriotique-enseignant-chercheur","tag-latribunedufaso-net"],"yoast_head":"<!-- This site is optimized with the Yoast SEO plugin v27.4 - https:\/\/yoast.com\/product\/yoast-seo-wordpress\/ -->\n<title>Formation patriotique : 199 chercheurs et enseignants-chercheurs d\u00e9sormais engag\u00e9s au service de la Nation - La Tribune du Faso<\/title>\n<meta name=\"robots\" content=\"index, follow, max-snippet:-1, max-image-preview:large, max-video-preview:-1\" \/>\n<link rel=\"canonical\" href=\"https:\/\/www.latribunedufaso.net\/?p=26574\" \/>\n<meta property=\"og:locale\" content=\"fr_FR\" \/>\n<meta property=\"og:type\" content=\"article\" \/>\n<meta property=\"og:title\" content=\"Formation patriotique : 199 chercheurs et enseignants-chercheurs d\u00e9sormais engag\u00e9s au service de la Nation - La Tribune du Faso\" \/>\n<meta property=\"og:description\" content=\"Apr\u00e8s un mois de formation et d\u2019immersion patriotique, 199 chercheurs et enseignants-chercheurs ont effectu\u00e9 leur sortie officielle ce 12 janvier 2026 \u00e0 Loumbila, marquant ainsi la fin d\u2019une exp\u00e9rience premi\u00e8re initi\u00e9e par les plus hautes autorit\u00e9s du Burkina Faso.\" \/>\n<meta property=\"og:url\" content=\"https:\/\/www.latribunedufaso.net\/?p=26574\" \/>\n<meta property=\"og:site_name\" content=\"La Tribune du Faso\" \/>\n<meta property=\"article:publisher\" content=\"https:\/\/www.facebook.com\/LatribuneduFaso\/\" \/>\n<meta property=\"article:published_time\" content=\"2026-01-13T10:03:16+00:00\" \/>\n<meta property=\"article:modified_time\" content=\"2026-01-13T18:14:20+00:00\" \/>\n<meta property=\"og:image\" content=\"https:\/\/www.latribunedufaso.net\/wp-content\/uploads\/2026\/01\/IMG-20260113-WA0036.jpg\" \/>\n\t<meta property=\"og:image:width\" content=\"902\" \/>\n\t<meta property=\"og:image:height\" content=\"626\" \/>\n\t<meta property=\"og:image:type\" content=\"image\/jpeg\" \/>\n<meta name=\"author\" content=\"Issouf Tapsoba\" \/>\n<meta name=\"twitter:label1\" content=\"\u00c9crit par\" \/>\n\t<meta name=\"twitter:data1\" content=\"Issouf Tapsoba\" \/>\n\t<meta name=\"twitter:label2\" content=\"Dur\u00e9e de lecture estim\u00e9e\" \/>\n\t<meta name=\"twitter:data2\" content=\"4 minutes\" \/>\n<script type=\"application\/ld+json\" class=\"yoast-schema-graph\">{\"@context\":\"https:\\\/\\\/schema.org\",\"@graph\":[{\"@type\":\"Article\",\"@id\":\"https:\\\/\\\/www.latribunedufaso.net\\\/?p=26574#article\",\"isPartOf\":{\"@id\":\"https:\\\/\\\/www.latribunedufaso.net\\\/?p=26574\"},\"author\":{\"name\":\"Issouf Tapsoba\",\"@id\":\"https:\\\/\\\/www.latribunedufaso.net\\\/#\\\/schema\\\/person\\\/e54e64c5778a7e72cf80a318b7a622b0\"},\"headline\":\"Formation patriotique : 199 chercheurs et enseignants-chercheurs d\u00e9sormais engag\u00e9s au service de la Nation\",\"datePublished\":\"2026-01-13T10:03:16+00:00\",\"dateModified\":\"2026-01-13T18:14:20+00:00\",\"mainEntityOfPage\":{\"@id\":\"https:\\\/\\\/www.latribunedufaso.net\\\/?p=26574\"},\"wordCount\":520,\"commentCount\":0,\"publisher\":{\"@id\":\"https:\\\/\\\/www.latribunedufaso.net\\\/#organization\"},\"image\":{\"@id\":\"https:\\\/\\\/www.latribunedufaso.net\\\/?p=26574#primaryimage\"},\"thumbnailUrl\":\"https:\\\/\\\/www.latribunedufaso.net\\\/wp-content\\\/uploads\\\/2026\\\/01\\\/IMG-20260113-WA0036.jpg\",\"keywords\":[\"Enseignement sup\u00e9rieur\",\"Formation patriotique\",\"Formation patriotique enseignant chercheur\",\"latribunedufaso.net\"],\"articleSection\":[\"A la une\",\"Actualit\u00e9\",\"Soci\u00e9t\u00e9\"],\"inLanguage\":\"fr-FR\",\"potentialAction\":[{\"@type\":\"CommentAction\",\"name\":\"Comment\",\"target\":[\"https:\\\/\\\/www.latribunedufaso.net\\\/?p=26574#respond\"]}]},{\"@type\":\"WebPage\",\"@id\":\"https:\\\/\\\/www.latribunedufaso.net\\\/?p=26574\",\"url\":\"https:\\\/\\\/www.latribunedufaso.net\\\/?p=26574\",\"name\":\"Formation patriotique : 199 chercheurs et enseignants-chercheurs d\u00e9sormais engag\u00e9s au service de la Nation - La Tribune du Faso\",\"isPartOf\":{\"@id\":\"https:\\\/\\\/www.latribunedufaso.net\\\/#website\"},\"primaryImageOfPage\":{\"@id\":\"https:\\\/\\\/www.latribunedufaso.net\\\/?p=26574#primaryimage\"},\"image\":{\"@id\":\"https:\\\/\\\/www.latribunedufaso.net\\\/?p=26574#primaryimage\"},\"thumbnailUrl\":\"https:\\\/\\\/www.latribunedufaso.net\\\/wp-content\\\/uploads\\\/2026\\\/01\\\/IMG-20260113-WA0036.jpg\",\"datePublished\":\"2026-01-13T10:03:16+00:00\",\"dateModified\":\"2026-01-13T18:14:20+00:00\",\"breadcrumb\":{\"@id\":\"https:\\\/\\\/www.latribunedufaso.net\\\/?p=26574#breadcrumb\"},\"inLanguage\":\"fr-FR\",\"potentialAction\":[{\"@type\":\"ReadAction\",\"target\":[\"https:\\\/\\\/www.latribunedufaso.net\\\/?p=26574\"]}]},{\"@type\":\"ImageObject\",\"inLanguage\":\"fr-FR\",\"@id\":\"https:\\\/\\\/www.latribunedufaso.net\\\/?p=26574#primaryimage\",\"url\":\"https:\\\/\\\/www.latribunedufaso.net\\\/wp-content\\\/uploads\\\/2026\\\/01\\\/IMG-20260113-WA0036.jpg\",\"contentUrl\":\"https:\\\/\\\/www.latribunedufaso.net\\\/wp-content\\\/uploads\\\/2026\\\/01\\\/IMG-20260113-WA0036.jpg\",\"width\":902,\"height\":626,\"caption\":\"Fin de formation d'immersion patriotique des enseignants et enseignants chercheurs, 12 janvier 2026\"},{\"@type\":\"BreadcrumbList\",\"@id\":\"https:\\\/\\\/www.latribunedufaso.net\\\/?p=26574#breadcrumb\",\"itemListElement\":[{\"@type\":\"ListItem\",\"position\":1,\"name\":\"Accueil\",\"item\":\"https:\\\/\\\/www.latribunedufaso.net\\\/\"},{\"@type\":\"ListItem\",\"position\":2,\"name\":\"Formation patriotique : 199 chercheurs et enseignants-chercheurs d\u00e9sormais engag\u00e9s au service de la Nation\"}]},{\"@type\":\"WebSite\",\"@id\":\"https:\\\/\\\/www.latribunedufaso.net\\\/#website\",\"url\":\"https:\\\/\\\/www.latribunedufaso.net\\\/\",\"name\":\"La Tribune du Faso\",\"description\":\"L&#039;information du monde rural en un clic\",\"publisher\":{\"@id\":\"https:\\\/\\\/www.latribunedufaso.net\\\/#organization\"},\"potentialAction\":[{\"@type\":\"SearchAction\",\"target\":{\"@type\":\"EntryPoint\",\"urlTemplate\":\"https:\\\/\\\/www.latribunedufaso.net\\\/?s={search_term_string}\"},\"query-input\":{\"@type\":\"PropertyValueSpecification\",\"valueRequired\":true,\"valueName\":\"search_term_string\"}}],\"inLanguage\":\"fr-FR\"},{\"@type\":\"Organization\",\"@id\":\"https:\\\/\\\/www.latribunedufaso.net\\\/#organization\",\"name\":\"La Tribune du Faso\",\"url\":\"https:\\\/\\\/www.latribunedufaso.net\\\/\",\"logo\":{\"@type\":\"ImageObject\",\"inLanguage\":\"fr-FR\",\"@id\":\"https:\\\/\\\/www.latribunedufaso.net\\\/#\\\/schema\\\/logo\\\/image\\\/\",\"url\":\"https:\\\/\\\/www.latribunedufaso.net\\\/wp-content\\\/uploads\\\/2020\\\/08\\\/Logo-Tribune-du-Faso-final-scaled.jpg\",\"contentUrl\":\"https:\\\/\\\/www.latribunedufaso.net\\\/wp-content\\\/uploads\\\/2020\\\/08\\\/Logo-Tribune-du-Faso-final-scaled.jpg\",\"width\":2560,\"height\":1856,\"caption\":\"La Tribune du Faso\"},\"image\":{\"@id\":\"https:\\\/\\\/www.latribunedufaso.net\\\/#\\\/schema\\\/logo\\\/image\\\/\"},\"sameAs\":[\"https:\\\/\\\/www.facebook.com\\\/LatribuneduFaso\\\/\"]},{\"@type\":\"Person\",\"@id\":\"https:\\\/\\\/www.latribunedufaso.net\\\/#\\\/schema\\\/person\\\/e54e64c5778a7e72cf80a318b7a622b0\",\"name\":\"Issouf Tapsoba\",\"image\":{\"@type\":\"ImageObject\",\"inLanguage\":\"fr-FR\",\"@id\":\"https:\\\/\\\/secure.gravatar.com\\\/avatar\\\/5e6c05150ce3230247d167f5b94d678eb05936197436d69b7921e3a95c9107ac?s=96&d=mm&r=g\",\"url\":\"https:\\\/\\\/secure.gravatar.com\\\/avatar\\\/5e6c05150ce3230247d167f5b94d678eb05936197436d69b7921e3a95c9107ac?s=96&d=mm&r=g\",\"contentUrl\":\"https:\\\/\\\/secure.gravatar.com\\\/avatar\\\/5e6c05150ce3230247d167f5b94d678eb05936197436d69b7921e3a95c9107ac?s=96&d=mm&r=g\",\"caption\":\"Issouf Tapsoba\"},\"url\":\"https:\\\/\\\/www.latribunedufaso.net\\\/?author=5\"}]}<\/script>\n<!-- \/ Yoast SEO plugin. -->","yoast_head_json":{"title":"Formation patriotique : 199 chercheurs et enseignants-chercheurs d\u00e9sormais engag\u00e9s au service de la Nation - La Tribune du Faso","robots":{"index":"index","follow":"follow","max-snippet":"max-snippet:-1","max-image-preview":"max-image-preview:large","max-video-preview":"max-video-preview:-1"},"canonical":"https:\/\/www.latribunedufaso.net\/?p=26574","og_locale":"fr_FR","og_type":"article","og_title":"Formation patriotique : 199 chercheurs et enseignants-chercheurs d\u00e9sormais engag\u00e9s au service de la Nation - La Tribune du Faso","og_description":"Apr\u00e8s un mois de formation et d\u2019immersion patriotique, 199 chercheurs et enseignants-chercheurs ont effectu\u00e9 leur sortie officielle ce 12 janvier 2026 \u00e0 Loumbila, marquant ainsi la fin d\u2019une exp\u00e9rience premi\u00e8re initi\u00e9e par les plus hautes autorit\u00e9s du Burkina Faso.","og_url":"https:\/\/www.latribunedufaso.net\/?p=26574","og_site_name":"La Tribune du Faso","article_publisher":"https:\/\/www.facebook.com\/LatribuneduFaso\/","article_published_time":"2026-01-13T10:03:16+00:00","article_modified_time":"2026-01-13T18:14:20+00:00","og_image":[{"width":902,"height":626,"url":"https:\/\/www.latribunedufaso.net\/wp-content\/uploads\/2026\/01\/IMG-20260113-WA0036.jpg","type":"image\/jpeg"}],"author":"Issouf Tapsoba","twitter_misc":{"\u00c9crit par":"Issouf Tapsoba","Dur\u00e9e de lecture estim\u00e9e":"4 minutes"},"schema":{"@context":"https:\/\/schema.org","@graph":[{"@type":"Article","@id":"https:\/\/www.latribunedufaso.net\/?p=26574#article","isPartOf":{"@id":"https:\/\/www.latribunedufaso.net\/?p=26574"},"author":{"name":"Issouf Tapsoba","@id":"https:\/\/www.latribunedufaso.net\/#\/schema\/person\/e54e64c5778a7e72cf80a318b7a622b0"},"headline":"Formation patriotique : 199 chercheurs et enseignants-chercheurs d\u00e9sormais engag\u00e9s au service de la Nation","datePublished":"2026-01-13T10:03:16+00:00","dateModified":"2026-01-13T18:14:20+00:00","mainEntityOfPage":{"@id":"https:\/\/www.latribunedufaso.net\/?p=26574"},"wordCount":520,"commentCount":0,"publisher":{"@id":"https:\/\/www.latribunedufaso.net\/#organization"},"image":{"@id":"https:\/\/www.latribunedufaso.net\/?p=26574#primaryimage"},"thumbnailUrl":"https:\/\/www.latribunedufaso.net\/wp-content\/uploads\/2026\/01\/IMG-20260113-WA0036.jpg","keywords":["Enseignement sup\u00e9rieur","Formation patriotique","Formation patriotique enseignant chercheur","latribunedufaso.net"],"articleSection":["A la une","Actualit\u00e9","Soci\u00e9t\u00e9"],"inLanguage":"fr-FR","potentialAction":[{"@type":"CommentAction","name":"Comment","target":["https:\/\/www.latribunedufaso.net\/?p=26574#respond"]}]},{"@type":"WebPage","@id":"https:\/\/www.latribunedufaso.net\/?p=26574","url":"https:\/\/www.latribunedufaso.net\/?p=26574","name":"Formation patriotique : 199 chercheurs et enseignants-chercheurs d\u00e9sormais engag\u00e9s au service de la Nation - La Tribune du Faso","isPartOf":{"@id":"https:\/\/www.latribunedufaso.net\/#website"},"primaryImageOfPage":{"@id":"https:\/\/www.latribunedufaso.net\/?p=26574#primaryimage"},"image":{"@id":"https:\/\/www.latribunedufaso.net\/?p=26574#primaryimage"},"thumbnailUrl":"https:\/\/www.latribunedufaso.net\/wp-content\/uploads\/2026\/01\/IMG-20260113-WA0036.jpg","datePublished":"2026-01-13T10:03:16+00:00","dateModified":"2026-01-13T18:14:20+00:00","breadcrumb":{"@id":"https:\/\/www.latribunedufaso.net\/?p=26574#breadcrumb"},"inLanguage":"fr-FR","potentialAction":[{"@type":"ReadAction","target":["https:\/\/www.latribunedufaso.net\/?p=26574"]}]},{"@type":"ImageObject","inLanguage":"fr-FR","@id":"https:\/\/www.latribunedufaso.net\/?p=26574#primaryimage","url":"https:\/\/www.latribunedufaso.net\/wp-content\/uploads\/2026\/01\/IMG-20260113-WA0036.jpg","contentUrl":"https:\/\/www.latribunedufaso.net\/wp-content\/uploads\/2026\/01\/IMG-20260113-WA0036.jpg","width":902,"height":626,"caption":"Fin de formation d'immersion patriotique des enseignants et enseignants chercheurs, 12 janvier 2026"},{"@type":"BreadcrumbList","@id":"https:\/\/www.latribunedufaso.net\/?p=26574#breadcrumb","itemListElement":[{"@type":"ListItem","position":1,"name":"Accueil","item":"https:\/\/www.latribunedufaso.net\/"},{"@type":"ListItem","position":2,"name":"Formation patriotique : 199 chercheurs et enseignants-chercheurs d\u00e9sormais engag\u00e9s au service de la Nation"}]},{"@type":"WebSite","@id":"https:\/\/www.latribunedufaso.net\/#website","url":"https:\/\/www.latribunedufaso.net\/","name":"La Tribune du Faso","description":"L&#039;information du monde rural en un clic","publisher":{"@id":"https:\/\/www.latribunedufaso.net\/#organization"},"potentialAction":[{"@type":"SearchAction","target":{"@type":"EntryPoint","urlTemplate":"https:\/\/www.latribunedufaso.net\/?s={search_term_string}"},"query-input":{"@type":"PropertyValueSpecification","valueRequired":true,"valueName":"search_term_string"}}],"inLanguage":"fr-FR"},{"@type":"Organization","@id":"https:\/\/www.latribunedufaso.net\/#organization","name":"La Tribune du Faso","url":"https:\/\/www.latribunedufaso.net\/","logo":{"@type":"ImageObject","inLanguage":"fr-FR","@id":"https:\/\/www.latribunedufaso.net\/#\/schema\/logo\/image\/","url":"https:\/\/www.latribunedufaso.net\/wp-content\/uploads\/2020\/08\/Logo-Tribune-du-Faso-final-scaled.jpg","contentUrl":"https:\/\/www.latribunedufaso.net\/wp-content\/uploads\/2020\/08\/Logo-Tribune-du-Faso-final-scaled.jpg","width":2560,"height":1856,"caption":"La Tribune du Faso"},"image":{"@id":"https:\/\/www.latribunedufaso.net\/#\/schema\/logo\/image\/"},"sameAs":["https:\/\/www.facebook.com\/LatribuneduFaso\/"]},{"@type":"Person","@id":"https:\/\/www.latribunedufaso.net\/#\/schema\/person\/e54e64c5778a7e72cf80a318b7a622b0","name":"Issouf Tapsoba","image":{"@type":"ImageObject","inLanguage":"fr-FR","@id":"https:\/\/secure.gravatar.com\/avatar\/5e6c05150ce3230247d167f5b94d678eb05936197436d69b7921e3a95c9107ac?s=96&d=mm&r=g","url":"https:\/\/secure.gravatar.com\/avatar\/5e6c05150ce3230247d167f5b94d678eb05936197436d69b7921e3a95c9107ac?s=96&d=mm&r=g","contentUrl":"https:\/\/secure.gravatar.com\/avatar\/5e6c05150ce3230247d167f5b94d678eb05936197436d69b7921e3a95c9107ac?s=96&d=mm&r=g","caption":"Issouf Tapsoba"},"url":"https:\/\/www.latribunedufaso.net\/?author=5"}]}},"_links":{"self":[{"href":"https:\/\/www.latribunedufaso.net\/index.php?rest_route=\/wp\/v2\/posts\/26574","targetHints":{"allow":["GET"]}}],"collection":[{"href":"https:\/\/www.latribunedufaso.net\/index.php?rest_route=\/wp\/v2\/posts"}],"about":[{"href":"https:\/\/www.latribunedufaso.net\/index.php?rest_route=\/wp\/v2\/types\/post"}],"author":[{"embeddable":true,"href":"https:\/\/www.latribunedufaso.net\/index.php?rest_route=\/wp\/v2\/users\/5"}],"replies":[{"embeddable":true,"href":"https:\/\/www.latribunedufaso.net\/index.php?rest_route=%2Fwp%2Fv2%2Fcomments&post=26574"}],"version-history":[{"count":4,"href":"https:\/\/www.latribunedufaso.net\/index.php?rest_route=\/wp\/v2\/posts\/26574\/revisions"}],"predecessor-version":[{"id":26583,"href":"https:\/\/www.latribunedufaso.net\/index.php?rest_route=\/wp\/v2\/posts\/26574\/revisions\/26583"}],"wp:featuredmedia":[{"embeddable":true,"href":"https:\/\/www.latribunedufaso.net\/index.php?rest_route=\/wp\/v2\/media\/26580"}],"wp:attachment":[{"href":"https:\/\/www.latribunedufaso.net\/index.php?rest_route=%2Fwp%2Fv2%2Fmedia&parent=26574"}],"wp:term":[{"taxonomy":"category","embeddable":true,"href":"https:\/\/www.latribunedufaso.net\/index.php?rest_route=%2Fwp%2Fv2%2Fcategories&post=26574"},{"taxonomy":"post_tag","embeddable":true,"href":"https:\/\/www.latribunedufaso.net\/index.php?rest_route=%2Fwp%2Fv2%2Ftags&post=26574"}],"curies":[{"name":"wp","href":"https:\/\/api.w.org\/{rel}","templated":true}]}}