{"id":26554,"date":"2026-01-12T11:13:44","date_gmt":"2026-01-12T11:13:44","guid":{"rendered":"https:\/\/www.latribunedufaso.net\/?p=26554"},"modified":"2026-01-12T11:18:01","modified_gmt":"2026-01-12T11:18:01","slug":"burkina-lucap-presente-son-nouveau-bureau-a-larcheveque-de-ouagadougou","status":"publish","type":"post","link":"https:\/\/www.latribunedufaso.net\/?p=26554","title":{"rendered":"Burkina : L\u2019UCAP pr\u00e9sente son nouveau bureau \u00e0 l\u2019Archev\u00eaque de Ouagadougou"},"content":{"rendered":"<p><strong>Le Bureau de l\u2019Union catholique africaine de la presse, section Burkina Faso (UCAP-Burkina), a \u00e9t\u00e9 re\u00e7u en audience, le vendredi 9 janvier 2026, par monseigneur Prosper Kontiebo, archev\u00eaque m\u00e9tropolitain de Ouagadougou. Conduite par son pr\u00e9sident Romaric Ou\u00e9draogo, la d\u00e9l\u00e9gation est venue pr\u00e9senter ses v\u0153ux de nouvel an et officialiser la pr\u00e9sentation de la nouvelle \u00e9quipe dirigeante.<\/strong><!--more--><\/p>\n<p>L\u2019occasion a permis au pr\u00e9sident de dresser un bref bilan des activit\u00e9s d\u00e9j\u00e0 men\u00e9es et d\u2019esquisser les perspectives d\u2019action. Il a r\u00e9affirm\u00e9 la volont\u00e9 du Bureau de mettre la communication au service de l\u2019\u00e9glise-famille de Dieu, dans un esprit de professionnalisme et d\u2019\u00e9thique.<\/p>\n<figure id=\"attachment_26559\" aria-describedby=\"caption-attachment-26559\" style=\"width: 1024px\" class=\"wp-caption aligncenter\"><a href=\"https:\/\/www.latribunedufaso.net\/wp-content\/uploads\/2026\/01\/FB_IMG_1768214846325.jpg\"><img loading=\"lazy\" decoding=\"async\" class=\"size-full wp-image-26559\" src=\"https:\/\/www.latribunedufaso.net\/wp-content\/uploads\/2026\/01\/FB_IMG_1768214846325.jpg\" alt=\"Le Bureau de l'UCAP Burkina a \u00e9t\u00e9 re\u00e7u en audience par monseigneur Prosper Kontiebo, archev\u00eaque m\u00e9tropolitain de Ouagadougou, 9 janvier 2026\" width=\"1024\" height=\"464\" srcset=\"https:\/\/www.latribunedufaso.net\/wp-content\/uploads\/2026\/01\/FB_IMG_1768214846325.jpg 1024w, https:\/\/www.latribunedufaso.net\/wp-content\/uploads\/2026\/01\/FB_IMG_1768214846325-300x136.jpg 300w, https:\/\/www.latribunedufaso.net\/wp-content\/uploads\/2026\/01\/FB_IMG_1768214846325-768x348.jpg 768w\" sizes=\"auto, (max-width: 1024px) 100vw, 1024px\" \/><\/a><figcaption id=\"caption-attachment-26559\" class=\"wp-caption-text\">monseigneur Prosper Kontiebo a salu\u00e9 l&rsquo;initiative et adress\u00e9 ses encouragements \u00e0 l\u2019\u00e9quipe &#8211; Ph. DR<\/figcaption><\/figure>\n<p>En retour, monseigneur Kontiebo a salu\u00e9 l\u2019initiative et adress\u00e9 ses encouragements \u00e0 l\u2019\u00e9quipe, en insistant sur l\u2019importance de l\u2019unit\u00e9, de la communion et d\u2019une gouvernance fid\u00e8le aux valeurs de l\u2019\u00c9glise. Il a \u00e9galement invit\u00e9 le Bureau \u00e0 f\u00e9d\u00e9rer les acteurs de la communication catholique pour mieux valoriser les actions pastorales et sociales de l\u2019\u00c9glise.<\/p>\n<blockquote>\n<p>Lire aussi &gt;&gt; <a href=\"https:\/\/www.latribunedufaso.net\/?p=26081\">F\u00eate de No\u00ebl : Message de voeux du Pr\u00e9sident de l\u2019UCAP Burkina<\/a><\/p>\n<\/blockquote>\n<p>L\u2019audience s\u2019est achev\u00e9e sur une note de reconnaissance mutuelle et d\u2019engagement renouvel\u00e9 \u00e0 \u0153uvrer pour une communication eccl\u00e9siale dynamique et coh\u00e9rente.<\/p>\n<p><strong>Latribunedufaso.net <\/strong><\/p>\n<p><strong>Source : UCAP-Burkina<\/strong><\/p>\n<p><a href=\"https:\/\/www.latribunedufaso.net\/wp-content\/uploads\/2026\/01\/FB_IMG_1768214865454.jpg\"><img loading=\"lazy\" decoding=\"async\" class=\"aligncenter size-full wp-image-26558\" src=\"https:\/\/www.latribunedufaso.net\/wp-content\/uploads\/2026\/01\/FB_IMG_1768214865454.jpg\" alt=\"Le Bureau de l'UCAP Burkina a \u00e9t\u00e9 re\u00e7u en audience par monseigneur Prosper Kontiebo, archev\u00eaque m\u00e9tropolitain de Ouagadougou, 9 janvier 2026\" width=\"960\" height=\"1280\" srcset=\"https:\/\/www.latribunedufaso.net\/wp-content\/uploads\/2026\/01\/FB_IMG_1768214865454.jpg 960w, https:\/\/www.latribunedufaso.net\/wp-content\/uploads\/2026\/01\/FB_IMG_1768214865454-225x300.jpg 225w, https:\/\/www.latribunedufaso.net\/wp-content\/uploads\/2026\/01\/FB_IMG_1768214865454-768x1024.jpg 768w\" sizes=\"auto, (max-width: 960px) 100vw, 960px\" \/><\/a><\/p>\n","protected":false},"excerpt":{"rendered":"<p>Le Bureau de l\u2019Union catholique africaine de la presse, section Burkina Faso (UCAP-Burkina), a \u00e9t\u00e9 re\u00e7u en audience, le vendredi 9 janvier 2026, par monseigneur Prosper Kontiebo, archev\u00eaque m\u00e9tropolitain de Ouagadougou. Conduite par son pr\u00e9sident Romaric Ou\u00e9draogo, la d\u00e9l\u00e9gation est venue pr\u00e9senter ses v\u0153ux de nouvel an et officialiser la pr\u00e9sentation de la nouvelle \u00e9quipe dirigeante.<\/p>\n","protected":false},"author":5,"featured_media":26563,"comment_status":"open","ping_status":"open","sticky":false,"template":"","format":"standard","meta":{"footnotes":""},"categories":[13,1,8],"tags":[39,64],"class_list":["post-26554","post","type-post","status-publish","format-standard","has-post-thumbnail","hentry","category-une","category-actu","category-societe","tag-latribunedufaso-net","tag-ucap-burkina"],"yoast_head":"<!-- This site is optimized with the Yoast SEO plugin v27.5 - https:\/\/yoast.com\/product\/yoast-seo-wordpress\/ -->\n<title>Burkina : L\u2019UCAP pr\u00e9sente son nouveau bureau \u00e0 l\u2019Archev\u00eaque de Ouagadougou - La Tribune du Faso<\/title>\n<meta name=\"robots\" content=\"index, follow, max-snippet:-1, max-image-preview:large, max-video-preview:-1\" \/>\n<link rel=\"canonical\" href=\"https:\/\/www.latribunedufaso.net\/?p=26554\" \/>\n<meta property=\"og:locale\" content=\"fr_FR\" \/>\n<meta property=\"og:type\" content=\"article\" \/>\n<meta property=\"og:title\" content=\"Burkina : L\u2019UCAP pr\u00e9sente son nouveau bureau \u00e0 l\u2019Archev\u00eaque de Ouagadougou - La Tribune du Faso\" \/>\n<meta property=\"og:description\" content=\"Le Bureau de l\u2019Union catholique africaine de la presse, section Burkina Faso (UCAP-Burkina), a \u00e9t\u00e9 re\u00e7u en audience, le vendredi 9 janvier 2026, par monseigneur Prosper Kontiebo, archev\u00eaque m\u00e9tropolitain de Ouagadougou. Conduite par son pr\u00e9sident Romaric Ou\u00e9draogo, la d\u00e9l\u00e9gation est venue pr\u00e9senter ses v\u0153ux de nouvel an et officialiser la pr\u00e9sentation de la nouvelle \u00e9quipe dirigeante.\" \/>\n<meta property=\"og:url\" content=\"https:\/\/www.latribunedufaso.net\/?p=26554\" \/>\n<meta property=\"og:site_name\" content=\"La Tribune du Faso\" \/>\n<meta property=\"article:publisher\" content=\"https:\/\/www.facebook.com\/LatribuneduFaso\/\" \/>\n<meta property=\"article:published_time\" content=\"2026-01-12T11:13:44+00:00\" \/>\n<meta property=\"article:modified_time\" content=\"2026-01-12T11:18:01+00:00\" \/>\n<meta property=\"og:image\" content=\"https:\/\/www.latribunedufaso.net\/wp-content\/uploads\/2026\/01\/IMG-20260112-WA0007.jpg\" \/>\n\t<meta property=\"og:image:width\" content=\"960\" \/>\n\t<meta property=\"og:image:height\" content=\"819\" \/>\n\t<meta property=\"og:image:type\" content=\"image\/jpeg\" \/>\n<meta name=\"author\" content=\"Issouf Tapsoba\" \/>\n<meta name=\"twitter:label1\" content=\"\u00c9crit par\" \/>\n\t<meta name=\"twitter:data1\" content=\"Issouf Tapsoba\" \/>\n\t<meta name=\"twitter:label2\" content=\"Dur\u00e9e de lecture estim\u00e9e\" \/>\n\t<meta name=\"twitter:data2\" content=\"2 minutes\" \/>\n<script type=\"application\/ld+json\" class=\"yoast-schema-graph\">{\"@context\":\"https:\\\/\\\/schema.org\",\"@graph\":[{\"@type\":\"Article\",\"@id\":\"https:\\\/\\\/www.latribunedufaso.net\\\/?p=26554#article\",\"isPartOf\":{\"@id\":\"https:\\\/\\\/www.latribunedufaso.net\\\/?p=26554\"},\"author\":{\"name\":\"Issouf Tapsoba\",\"@id\":\"https:\\\/\\\/www.latribunedufaso.net\\\/#\\\/schema\\\/person\\\/e54e64c5778a7e72cf80a318b7a622b0\"},\"headline\":\"Burkina : L\u2019UCAP pr\u00e9sente son nouveau bureau \u00e0 l\u2019Archev\u00eaque de Ouagadougou\",\"datePublished\":\"2026-01-12T11:13:44+00:00\",\"dateModified\":\"2026-01-12T11:18:01+00:00\",\"mainEntityOfPage\":{\"@id\":\"https:\\\/\\\/www.latribunedufaso.net\\\/?p=26554\"},\"wordCount\":265,\"commentCount\":0,\"publisher\":{\"@id\":\"https:\\\/\\\/www.latribunedufaso.net\\\/#organization\"},\"image\":{\"@id\":\"https:\\\/\\\/www.latribunedufaso.net\\\/?p=26554#primaryimage\"},\"thumbnailUrl\":\"https:\\\/\\\/www.latribunedufaso.net\\\/wp-content\\\/uploads\\\/2026\\\/01\\\/IMG-20260112-WA0007.jpg\",\"keywords\":[\"latribunedufaso.net\",\"UCAP-BURKINA\"],\"articleSection\":[\"A la une\",\"Actualit\u00e9\",\"Soci\u00e9t\u00e9\"],\"inLanguage\":\"fr-FR\",\"potentialAction\":[{\"@type\":\"CommentAction\",\"name\":\"Comment\",\"target\":[\"https:\\\/\\\/www.latribunedufaso.net\\\/?p=26554#respond\"]}]},{\"@type\":\"WebPage\",\"@id\":\"https:\\\/\\\/www.latribunedufaso.net\\\/?p=26554\",\"url\":\"https:\\\/\\\/www.latribunedufaso.net\\\/?p=26554\",\"name\":\"Burkina : L\u2019UCAP pr\u00e9sente son nouveau bureau \u00e0 l\u2019Archev\u00eaque de Ouagadougou - La Tribune du Faso\",\"isPartOf\":{\"@id\":\"https:\\\/\\\/www.latribunedufaso.net\\\/#website\"},\"primaryImageOfPage\":{\"@id\":\"https:\\\/\\\/www.latribunedufaso.net\\\/?p=26554#primaryimage\"},\"image\":{\"@id\":\"https:\\\/\\\/www.latribunedufaso.net\\\/?p=26554#primaryimage\"},\"thumbnailUrl\":\"https:\\\/\\\/www.latribunedufaso.net\\\/wp-content\\\/uploads\\\/2026\\\/01\\\/IMG-20260112-WA0007.jpg\",\"datePublished\":\"2026-01-12T11:13:44+00:00\",\"dateModified\":\"2026-01-12T11:18:01+00:00\",\"breadcrumb\":{\"@id\":\"https:\\\/\\\/www.latribunedufaso.net\\\/?p=26554#breadcrumb\"},\"inLanguage\":\"fr-FR\",\"potentialAction\":[{\"@type\":\"ReadAction\",\"target\":[\"https:\\\/\\\/www.latribunedufaso.net\\\/?p=26554\"]}]},{\"@type\":\"ImageObject\",\"inLanguage\":\"fr-FR\",\"@id\":\"https:\\\/\\\/www.latribunedufaso.net\\\/?p=26554#primaryimage\",\"url\":\"https:\\\/\\\/www.latribunedufaso.net\\\/wp-content\\\/uploads\\\/2026\\\/01\\\/IMG-20260112-WA0007.jpg\",\"contentUrl\":\"https:\\\/\\\/www.latribunedufaso.net\\\/wp-content\\\/uploads\\\/2026\\\/01\\\/IMG-20260112-WA0007.jpg\",\"width\":960,\"height\":819,\"caption\":\"Le Bureau de l'UCAP Burkina a \u00e9t\u00e9 re\u00e7u en audience par monseigneur Prosper Kontiebo, archev\u00eaque m\u00e9tropolitain de Ouagadougou, 9 janvier 2026\"},{\"@type\":\"BreadcrumbList\",\"@id\":\"https:\\\/\\\/www.latribunedufaso.net\\\/?p=26554#breadcrumb\",\"itemListElement\":[{\"@type\":\"ListItem\",\"position\":1,\"name\":\"Accueil\",\"item\":\"https:\\\/\\\/www.latribunedufaso.net\\\/\"},{\"@type\":\"ListItem\",\"position\":2,\"name\":\"Burkina : L\u2019UCAP pr\u00e9sente son nouveau bureau \u00e0 l\u2019Archev\u00eaque de Ouagadougou\"}]},{\"@type\":\"WebSite\",\"@id\":\"https:\\\/\\\/www.latribunedufaso.net\\\/#website\",\"url\":\"https:\\\/\\\/www.latribunedufaso.net\\\/\",\"name\":\"La Tribune du Faso\",\"description\":\"L&#039;information du monde rural en un clic\",\"publisher\":{\"@id\":\"https:\\\/\\\/www.latribunedufaso.net\\\/#organization\"},\"potentialAction\":[{\"@type\":\"SearchAction\",\"target\":{\"@type\":\"EntryPoint\",\"urlTemplate\":\"https:\\\/\\\/www.latribunedufaso.net\\\/?s={search_term_string}\"},\"query-input\":{\"@type\":\"PropertyValueSpecification\",\"valueRequired\":true,\"valueName\":\"search_term_string\"}}],\"inLanguage\":\"fr-FR\"},{\"@type\":\"Organization\",\"@id\":\"https:\\\/\\\/www.latribunedufaso.net\\\/#organization\",\"name\":\"La Tribune du Faso\",\"url\":\"https:\\\/\\\/www.latribunedufaso.net\\\/\",\"logo\":{\"@type\":\"ImageObject\",\"inLanguage\":\"fr-FR\",\"@id\":\"https:\\\/\\\/www.latribunedufaso.net\\\/#\\\/schema\\\/logo\\\/image\\\/\",\"url\":\"https:\\\/\\\/www.latribunedufaso.net\\\/wp-content\\\/uploads\\\/2020\\\/08\\\/Logo-Tribune-du-Faso-final-scaled.jpg\",\"contentUrl\":\"https:\\\/\\\/www.latribunedufaso.net\\\/wp-content\\\/uploads\\\/2020\\\/08\\\/Logo-Tribune-du-Faso-final-scaled.jpg\",\"width\":2560,\"height\":1856,\"caption\":\"La Tribune du Faso\"},\"image\":{\"@id\":\"https:\\\/\\\/www.latribunedufaso.net\\\/#\\\/schema\\\/logo\\\/image\\\/\"},\"sameAs\":[\"https:\\\/\\\/www.facebook.com\\\/LatribuneduFaso\\\/\"]},{\"@type\":\"Person\",\"@id\":\"https:\\\/\\\/www.latribunedufaso.net\\\/#\\\/schema\\\/person\\\/e54e64c5778a7e72cf80a318b7a622b0\",\"name\":\"Issouf Tapsoba\",\"image\":{\"@type\":\"ImageObject\",\"inLanguage\":\"fr-FR\",\"@id\":\"https:\\\/\\\/secure.gravatar.com\\\/avatar\\\/5e6c05150ce3230247d167f5b94d678eb05936197436d69b7921e3a95c9107ac?s=96&d=mm&r=g\",\"url\":\"https:\\\/\\\/secure.gravatar.com\\\/avatar\\\/5e6c05150ce3230247d167f5b94d678eb05936197436d69b7921e3a95c9107ac?s=96&d=mm&r=g\",\"contentUrl\":\"https:\\\/\\\/secure.gravatar.com\\\/avatar\\\/5e6c05150ce3230247d167f5b94d678eb05936197436d69b7921e3a95c9107ac?s=96&d=mm&r=g\",\"caption\":\"Issouf Tapsoba\"},\"url\":\"https:\\\/\\\/www.latribunedufaso.net\\\/?author=5\"}]}<\/script>\n<!-- \/ Yoast SEO plugin. -->","yoast_head_json":{"title":"Burkina : L\u2019UCAP pr\u00e9sente son nouveau bureau \u00e0 l\u2019Archev\u00eaque de Ouagadougou - La Tribune du Faso","robots":{"index":"index","follow":"follow","max-snippet":"max-snippet:-1","max-image-preview":"max-image-preview:large","max-video-preview":"max-video-preview:-1"},"canonical":"https:\/\/www.latribunedufaso.net\/?p=26554","og_locale":"fr_FR","og_type":"article","og_title":"Burkina : L\u2019UCAP pr\u00e9sente son nouveau bureau \u00e0 l\u2019Archev\u00eaque de Ouagadougou - La Tribune du Faso","og_description":"Le Bureau de l\u2019Union catholique africaine de la presse, section Burkina Faso (UCAP-Burkina), a \u00e9t\u00e9 re\u00e7u en audience, le vendredi 9 janvier 2026, par monseigneur Prosper Kontiebo, archev\u00eaque m\u00e9tropolitain de Ouagadougou. Conduite par son pr\u00e9sident Romaric Ou\u00e9draogo, la d\u00e9l\u00e9gation est venue pr\u00e9senter ses v\u0153ux de nouvel an et officialiser la pr\u00e9sentation de la nouvelle \u00e9quipe dirigeante.","og_url":"https:\/\/www.latribunedufaso.net\/?p=26554","og_site_name":"La Tribune du Faso","article_publisher":"https:\/\/www.facebook.com\/LatribuneduFaso\/","article_published_time":"2026-01-12T11:13:44+00:00","article_modified_time":"2026-01-12T11:18:01+00:00","og_image":[{"width":960,"height":819,"url":"https:\/\/www.latribunedufaso.net\/wp-content\/uploads\/2026\/01\/IMG-20260112-WA0007.jpg","type":"image\/jpeg"}],"author":"Issouf Tapsoba","twitter_misc":{"\u00c9crit par":"Issouf Tapsoba","Dur\u00e9e de lecture estim\u00e9e":"2 minutes"},"schema":{"@context":"https:\/\/schema.org","@graph":[{"@type":"Article","@id":"https:\/\/www.latribunedufaso.net\/?p=26554#article","isPartOf":{"@id":"https:\/\/www.latribunedufaso.net\/?p=26554"},"author":{"name":"Issouf Tapsoba","@id":"https:\/\/www.latribunedufaso.net\/#\/schema\/person\/e54e64c5778a7e72cf80a318b7a622b0"},"headline":"Burkina : L\u2019UCAP pr\u00e9sente son nouveau bureau \u00e0 l\u2019Archev\u00eaque de Ouagadougou","datePublished":"2026-01-12T11:13:44+00:00","dateModified":"2026-01-12T11:18:01+00:00","mainEntityOfPage":{"@id":"https:\/\/www.latribunedufaso.net\/?p=26554"},"wordCount":265,"commentCount":0,"publisher":{"@id":"https:\/\/www.latribunedufaso.net\/#organization"},"image":{"@id":"https:\/\/www.latribunedufaso.net\/?p=26554#primaryimage"},"thumbnailUrl":"https:\/\/www.latribunedufaso.net\/wp-content\/uploads\/2026\/01\/IMG-20260112-WA0007.jpg","keywords":["latribunedufaso.net","UCAP-BURKINA"],"articleSection":["A la une","Actualit\u00e9","Soci\u00e9t\u00e9"],"inLanguage":"fr-FR","potentialAction":[{"@type":"CommentAction","name":"Comment","target":["https:\/\/www.latribunedufaso.net\/?p=26554#respond"]}]},{"@type":"WebPage","@id":"https:\/\/www.latribunedufaso.net\/?p=26554","url":"https:\/\/www.latribunedufaso.net\/?p=26554","name":"Burkina : L\u2019UCAP pr\u00e9sente son nouveau bureau \u00e0 l\u2019Archev\u00eaque de Ouagadougou - La Tribune du Faso","isPartOf":{"@id":"https:\/\/www.latribunedufaso.net\/#website"},"primaryImageOfPage":{"@id":"https:\/\/www.latribunedufaso.net\/?p=26554#primaryimage"},"image":{"@id":"https:\/\/www.latribunedufaso.net\/?p=26554#primaryimage"},"thumbnailUrl":"https:\/\/www.latribunedufaso.net\/wp-content\/uploads\/2026\/01\/IMG-20260112-WA0007.jpg","datePublished":"2026-01-12T11:13:44+00:00","dateModified":"2026-01-12T11:18:01+00:00","breadcrumb":{"@id":"https:\/\/www.latribunedufaso.net\/?p=26554#breadcrumb"},"inLanguage":"fr-FR","potentialAction":[{"@type":"ReadAction","target":["https:\/\/www.latribunedufaso.net\/?p=26554"]}]},{"@type":"ImageObject","inLanguage":"fr-FR","@id":"https:\/\/www.latribunedufaso.net\/?p=26554#primaryimage","url":"https:\/\/www.latribunedufaso.net\/wp-content\/uploads\/2026\/01\/IMG-20260112-WA0007.jpg","contentUrl":"https:\/\/www.latribunedufaso.net\/wp-content\/uploads\/2026\/01\/IMG-20260112-WA0007.jpg","width":960,"height":819,"caption":"Le Bureau de l'UCAP Burkina a \u00e9t\u00e9 re\u00e7u en audience par monseigneur Prosper Kontiebo, archev\u00eaque m\u00e9tropolitain de Ouagadougou, 9 janvier 2026"},{"@type":"BreadcrumbList","@id":"https:\/\/www.latribunedufaso.net\/?p=26554#breadcrumb","itemListElement":[{"@type":"ListItem","position":1,"name":"Accueil","item":"https:\/\/www.latribunedufaso.net\/"},{"@type":"ListItem","position":2,"name":"Burkina : L\u2019UCAP pr\u00e9sente son nouveau bureau \u00e0 l\u2019Archev\u00eaque de Ouagadougou"}]},{"@type":"WebSite","@id":"https:\/\/www.latribunedufaso.net\/#website","url":"https:\/\/www.latribunedufaso.net\/","name":"La Tribune du Faso","description":"L&#039;information du monde rural en un clic","publisher":{"@id":"https:\/\/www.latribunedufaso.net\/#organization"},"potentialAction":[{"@type":"SearchAction","target":{"@type":"EntryPoint","urlTemplate":"https:\/\/www.latribunedufaso.net\/?s={search_term_string}"},"query-input":{"@type":"PropertyValueSpecification","valueRequired":true,"valueName":"search_term_string"}}],"inLanguage":"fr-FR"},{"@type":"Organization","@id":"https:\/\/www.latribunedufaso.net\/#organization","name":"La Tribune du Faso","url":"https:\/\/www.latribunedufaso.net\/","logo":{"@type":"ImageObject","inLanguage":"fr-FR","@id":"https:\/\/www.latribunedufaso.net\/#\/schema\/logo\/image\/","url":"https:\/\/www.latribunedufaso.net\/wp-content\/uploads\/2020\/08\/Logo-Tribune-du-Faso-final-scaled.jpg","contentUrl":"https:\/\/www.latribunedufaso.net\/wp-content\/uploads\/2020\/08\/Logo-Tribune-du-Faso-final-scaled.jpg","width":2560,"height":1856,"caption":"La Tribune du Faso"},"image":{"@id":"https:\/\/www.latribunedufaso.net\/#\/schema\/logo\/image\/"},"sameAs":["https:\/\/www.facebook.com\/LatribuneduFaso\/"]},{"@type":"Person","@id":"https:\/\/www.latribunedufaso.net\/#\/schema\/person\/e54e64c5778a7e72cf80a318b7a622b0","name":"Issouf Tapsoba","image":{"@type":"ImageObject","inLanguage":"fr-FR","@id":"https:\/\/secure.gravatar.com\/avatar\/5e6c05150ce3230247d167f5b94d678eb05936197436d69b7921e3a95c9107ac?s=96&d=mm&r=g","url":"https:\/\/secure.gravatar.com\/avatar\/5e6c05150ce3230247d167f5b94d678eb05936197436d69b7921e3a95c9107ac?s=96&d=mm&r=g","contentUrl":"https:\/\/secure.gravatar.com\/avatar\/5e6c05150ce3230247d167f5b94d678eb05936197436d69b7921e3a95c9107ac?s=96&d=mm&r=g","caption":"Issouf Tapsoba"},"url":"https:\/\/www.latribunedufaso.net\/?author=5"}]}},"_links":{"self":[{"href":"https:\/\/www.latribunedufaso.net\/index.php?rest_route=\/wp\/v2\/posts\/26554","targetHints":{"allow":["GET"]}}],"collection":[{"href":"https:\/\/www.latribunedufaso.net\/index.php?rest_route=\/wp\/v2\/posts"}],"about":[{"href":"https:\/\/www.latribunedufaso.net\/index.php?rest_route=\/wp\/v2\/types\/post"}],"author":[{"embeddable":true,"href":"https:\/\/www.latribunedufaso.net\/index.php?rest_route=\/wp\/v2\/users\/5"}],"replies":[{"embeddable":true,"href":"https:\/\/www.latribunedufaso.net\/index.php?rest_route=%2Fwp%2Fv2%2Fcomments&post=26554"}],"version-history":[{"count":4,"href":"https:\/\/www.latribunedufaso.net\/index.php?rest_route=\/wp\/v2\/posts\/26554\/revisions"}],"predecessor-version":[{"id":26562,"href":"https:\/\/www.latribunedufaso.net\/index.php?rest_route=\/wp\/v2\/posts\/26554\/revisions\/26562"}],"wp:featuredmedia":[{"embeddable":true,"href":"https:\/\/www.latribunedufaso.net\/index.php?rest_route=\/wp\/v2\/media\/26563"}],"wp:attachment":[{"href":"https:\/\/www.latribunedufaso.net\/index.php?rest_route=%2Fwp%2Fv2%2Fmedia&parent=26554"}],"wp:term":[{"taxonomy":"category","embeddable":true,"href":"https:\/\/www.latribunedufaso.net\/index.php?rest_route=%2Fwp%2Fv2%2Fcategories&post=26554"},{"taxonomy":"post_tag","embeddable":true,"href":"https:\/\/www.latribunedufaso.net\/index.php?rest_route=%2Fwp%2Fv2%2Ftags&post=26554"}],"curies":[{"name":"wp","href":"https:\/\/api.w.org\/{rel}","templated":true}]}}