{"id":26516,"date":"2026-01-09T17:55:09","date_gmt":"2026-01-09T17:55:09","guid":{"rendered":"https:\/\/www.latribunedufaso.net\/?p=26516"},"modified":"2026-01-09T17:55:09","modified_gmt":"2026-01-09T17:55:09","slug":"reforme-des-jours-feries-le-burkina-faso-passe-de-15-a-11-jours-chomes-et-payes","status":"publish","type":"post","link":"https:\/\/www.latribunedufaso.net\/?p=26516","title":{"rendered":"R\u00e9forme des jours f\u00e9ri\u00e9s : Le Burkina Faso passe de 15 \u00e0 11 jours ch\u00f4m\u00e9s et pay\u00e9s"},"content":{"rendered":"<p><strong>R\u00e9unis en pl\u00e9ni\u00e8re, les d\u00e9put\u00e9s de l&rsquo;Assembl\u00e9e l\u00e9gislative de Transition (ALT) ont vot\u00e9 (69 pour et 1 abstention) la loi portant institution de jours ch\u00f4m\u00e9s et pay\u00e9s et de journ\u00e9es de comm\u00e9moration et de recueillement au Burkina Faso. Le gouvernement \u00e9tait repr\u00e9sent\u00e9 par le ministre de la Fonction publique, du Travail et de la Protection sociale, Mathias Traor\u00e9.<\/strong><!--more--><\/p>\n<p>Cette nouvelle loi abroge celle de 2015. Le changement le plus notable est la r\u00e9duction du nombre de jours ch\u00f4m\u00e9s et pay\u00e9s, qui passe de 15 \u00e0 11 jours. Une autre innovation majeure concerne les f\u00eates tombant un dimanche. D\u00e9sormais, le principe de la r\u00e9cup\u00e9ration est supprim\u00e9. <em><strong>\u00ab Il ne sera plus question de dire que lorsqu\u2019une f\u00eate l\u00e9gale tombe un dimanche, le lendemain est ch\u00f4m\u00e9. On ne parle plus de \u00ab\u00a0f\u00eates\u00a0\u00bb, mais de journ\u00e9es \u00bb<\/strong><\/em>, a pr\u00e9cis\u00e9 le ministre Mathias Traor\u00e9.<\/p>\n<figure id=\"attachment_26524\" aria-describedby=\"caption-attachment-26524\" style=\"width: 2560px\" class=\"wp-caption aligncenter\"><a href=\"https:\/\/www.latribunedufaso.net\/wp-content\/uploads\/2026\/01\/IMG_20260109_113829-1-scaled.jpg\"><img loading=\"lazy\" decoding=\"async\" class=\"size-full wp-image-26524\" src=\"https:\/\/www.latribunedufaso.net\/wp-content\/uploads\/2026\/01\/IMG_20260109_113829-1-scaled.jpg\" alt=\"L'ALT a adopt\u00e9 la loi portant institution de jours ch\u00f4m\u00e9s et pay\u00e9s et de journ\u00e9es de comm\u00e9moration et de recueillement au Burkina Faso, 9 janvier 2026\" width=\"2560\" height=\"1928\" srcset=\"https:\/\/www.latribunedufaso.net\/wp-content\/uploads\/2026\/01\/IMG_20260109_113829-1-scaled.jpg 2560w, https:\/\/www.latribunedufaso.net\/wp-content\/uploads\/2026\/01\/IMG_20260109_113829-1-300x226.jpg 300w, https:\/\/www.latribunedufaso.net\/wp-content\/uploads\/2026\/01\/IMG_20260109_113829-1-1024x771.jpg 1024w, https:\/\/www.latribunedufaso.net\/wp-content\/uploads\/2026\/01\/IMG_20260109_113829-1-768x578.jpg 768w, https:\/\/www.latribunedufaso.net\/wp-content\/uploads\/2026\/01\/IMG_20260109_113829-1-1536x1157.jpg 1536w, https:\/\/www.latribunedufaso.net\/wp-content\/uploads\/2026\/01\/IMG_20260109_113829-1-2048x1542.jpg 2048w\" sizes=\"auto, (max-width: 2560px) 100vw, 2560px\" \/><\/a><figcaption id=\"caption-attachment-26524\" class=\"wp-caption-text\">Le ministre de la Fonction publique, du Travail et de la Protection sociale, Mathias Traor\u00e9 &#8211; Ph. I. Tapsoba<\/figcaption><\/figure>\n<h3>La nouvelle liste des 11 jours ch\u00f4m\u00e9s et pay\u00e9s<\/h3>\n<p>Avec l&rsquo;adoption de cette loi, voici les dates qui restent officiellement ch\u00f4m\u00e9es et pay\u00e9es sur l\u2019ensemble du territoire :<\/p>\n<ol>\n<li>1er janvier : Jour de l&rsquo;an<\/li>\n<li>8 mars : Journ\u00e9e de la femme<\/li>\n<li>1er mai : F\u00eate du Travail<\/li>\n<li>15 mai : Journ\u00e9e des coutumes et traditions<\/li>\n<li>15 ao\u00fbt : Assomption<\/li>\n<li>11 d\u00e9cembre : F\u00eate nationale<\/li>\n<li>25 d\u00e9cembre : No\u00ebl<\/li>\n<li>Ascension<\/li>\n<li>Maouloud<\/li>\n<li>Ramadan<\/li>\n<li>Tabaski<\/li>\n<\/ol>\n<h3>Six journ\u00e9es de comm\u00e9moration et de recueillement (jours travaill\u00e9s)<\/h3>\n<p>Contrairement aux jours ch\u00f4m\u00e9s, ces journ\u00e9es sont d\u00e9di\u00e9es au souvenir mais restent ouvr\u00e9es (travaill\u00e9es). Il s&rsquo;agit :<\/p>\n<ol>\n<li>3 janvier : Soul\u00e8vement populaire<\/li>\n<li>4 ao\u00fbt : Av\u00e8nement de la R\u00e9volution<\/li>\n<li>5 ao\u00fbt : Proclamation de l&rsquo;ind\u00e9pendance<\/li>\n<li>15 octobre : Hommage au Capitaine Thomas Sankara<\/li>\n<li>31 octobre : Journ\u00e9e des martyrs<\/li>\n<li>1er novembre : F\u00eate de l&rsquo;Arm\u00e9e et Toussaint<\/li>\n<\/ol>\n<figure id=\"attachment_26526\" aria-describedby=\"caption-attachment-26526\" style=\"width: 2560px\" class=\"wp-caption aligncenter\"><a href=\"https:\/\/www.latribunedufaso.net\/wp-content\/uploads\/2026\/01\/IMG_20260109_112724-scaled.jpg\"><img loading=\"lazy\" decoding=\"async\" class=\"size-full wp-image-26526\" src=\"https:\/\/www.latribunedufaso.net\/wp-content\/uploads\/2026\/01\/IMG_20260109_112724-scaled.jpg\" alt=\"L'ALT a adopt\u00e9 la loi portant institution de jours ch\u00f4m\u00e9s et pay\u00e9s et de journ\u00e9es de comm\u00e9moration et de recueillement au Burkina Faso, 9 janvier 2026\" width=\"2560\" height=\"1928\" srcset=\"https:\/\/www.latribunedufaso.net\/wp-content\/uploads\/2026\/01\/IMG_20260109_112724-scaled.jpg 2560w, https:\/\/www.latribunedufaso.net\/wp-content\/uploads\/2026\/01\/IMG_20260109_112724-300x226.jpg 300w, https:\/\/www.latribunedufaso.net\/wp-content\/uploads\/2026\/01\/IMG_20260109_112724-1024x771.jpg 1024w, https:\/\/www.latribunedufaso.net\/wp-content\/uploads\/2026\/01\/IMG_20260109_112724-768x578.jpg 768w, https:\/\/www.latribunedufaso.net\/wp-content\/uploads\/2026\/01\/IMG_20260109_112724-1536x1157.jpg 1536w, https:\/\/www.latribunedufaso.net\/wp-content\/uploads\/2026\/01\/IMG_20260109_112724-2048x1542.jpg 2048w\" sizes=\"auto, (max-width: 2560px) 100vw, 2560px\" \/><\/a><figcaption id=\"caption-attachment-26526\" class=\"wp-caption-text\">Au nombre de 70 votants, 69 d\u00e9put\u00e9s ont vot\u00e9 pour, contre 1 abstention &#8211; Ph. I. Tapsoba<\/figcaption><\/figure>\n<h3>Un enjeu \u00e9conomique de 4,22 milliards FCFA par jour<\/h3>\n<p>Cette r\u00e9forme est avant tout motiv\u00e9e par des imp\u00e9ratifs \u00e9conomiques. Selon une \u00e9tude du minist\u00e8re de l&rsquo;Economie et des Finances, chaque jour ch\u00f4m\u00e9 co\u00fbte en moyenne 4,22 milliards FCFA \u00e0 l&rsquo;\u00c9tat burkinab\u00e8. En 2025, les 15 jours f\u00e9ri\u00e9s avaient engendr\u00e9 un manque \u00e0 gagner total de 67,5 milliards FCFA.<\/p>\n<p>En supprimant quatre jours ch\u00f4m\u00e9s, le Burkina Faso esp\u00e8re r\u00e9aliser une \u00e9conomie annuelle de 16,88 milliards FCFA, tout en boostant la productivit\u00e9 nationale.<\/p>\n<blockquote>\n<p>Lire aussi &gt;&gt; <a href=\"https:\/\/www.latribunedufaso.net\/?p=26194\">R\u00e9formes \u00e9conomiques : L\u2019ALT adopte \u00e0 l\u2019unanimit\u00e9 une loi obligeant les grandes entreprises \u00e0 installer un si\u00e8ge au Burkina Faso<\/a><\/p>\n<\/blockquote>\n<p>Le ministre a toutefois pr\u00e9cis\u00e9 que la loi accorde une certaine flexibilit\u00e9. <em><strong>\u00ab Lorsque les circonstances l&rsquo;exigent, le ministre de la Fonction publique peut d\u00e9clarer, par voie de communiqu\u00e9, une journ\u00e9e ch\u00f4m\u00e9e et pay\u00e9e \u00bb<\/strong><\/em>. L&rsquo;objectif final reste d&rsquo;assurer la continuit\u00e9 du service public et d&rsquo;am\u00e9liorer les prestations de l&rsquo;administration en augmentant le temps de travail effectif des Burkinab\u00e8.<\/p>\n<p><strong>Issouf TAPSOBA\u00a0<\/strong><\/p>\n<p><strong>Latribunedufaso.net<\/strong><\/p>\n","protected":false},"excerpt":{"rendered":"<p>R\u00e9unis en pl\u00e9ni\u00e8re, les d\u00e9put\u00e9s de l&rsquo;Assembl\u00e9e l\u00e9gislative de Transition (ALT) ont vot\u00e9 (69 pour et 1 abstention) la loi portant institution de jours ch\u00f4m\u00e9s et pay\u00e9s et de journ\u00e9es de comm\u00e9moration et de recueillement au Burkina Faso. Le gouvernement \u00e9tait repr\u00e9sent\u00e9 par le ministre de la Fonction publique, du Travail et de la Protection sociale, Mathias Traor\u00e9.<\/p>\n","protected":false},"author":5,"featured_media":26525,"comment_status":"open","ping_status":"open","sticky":false,"template":"","format":"standard","meta":{"footnotes":""},"categories":[13,1,8],"tags":[153,39,1916],"class_list":["post-26516","post","type-post","status-publish","format-standard","has-post-thumbnail","hentry","category-une","category-actu","category-societe","tag-alt","tag-latribunedufaso-net","tag-reforme-jours-chomes-et-payes"],"yoast_head":"<!-- This site is optimized with the Yoast SEO plugin v27.5 - https:\/\/yoast.com\/product\/yoast-seo-wordpress\/ -->\n<title>R\u00e9forme des jours f\u00e9ri\u00e9s : Le Burkina Faso passe de 15 \u00e0 11 jours ch\u00f4m\u00e9s et pay\u00e9s - La Tribune du Faso<\/title>\n<meta name=\"robots\" content=\"index, follow, max-snippet:-1, max-image-preview:large, max-video-preview:-1\" \/>\n<link rel=\"canonical\" href=\"https:\/\/www.latribunedufaso.net\/?p=26516\" \/>\n<meta property=\"og:locale\" content=\"fr_FR\" \/>\n<meta property=\"og:type\" content=\"article\" \/>\n<meta property=\"og:title\" content=\"R\u00e9forme des jours f\u00e9ri\u00e9s : Le Burkina Faso passe de 15 \u00e0 11 jours ch\u00f4m\u00e9s et pay\u00e9s - La Tribune du Faso\" \/>\n<meta property=\"og:description\" content=\"R\u00e9unis en pl\u00e9ni\u00e8re, les d\u00e9put\u00e9s de l&rsquo;Assembl\u00e9e l\u00e9gislative de Transition (ALT) ont vot\u00e9 (69 pour et 1 abstention) la loi portant institution de jours ch\u00f4m\u00e9s et pay\u00e9s et de journ\u00e9es de comm\u00e9moration et de recueillement au Burkina Faso. Le gouvernement \u00e9tait repr\u00e9sent\u00e9 par le ministre de la Fonction publique, du Travail et de la Protection sociale, Mathias Traor\u00e9.\" \/>\n<meta property=\"og:url\" content=\"https:\/\/www.latribunedufaso.net\/?p=26516\" \/>\n<meta property=\"og:site_name\" content=\"La Tribune du Faso\" \/>\n<meta property=\"article:publisher\" content=\"https:\/\/www.facebook.com\/LatribuneduFaso\/\" \/>\n<meta property=\"article:published_time\" content=\"2026-01-09T17:55:09+00:00\" \/>\n<meta property=\"og:image\" content=\"https:\/\/www.latribunedufaso.net\/wp-content\/uploads\/2026\/01\/IMG_20260109_111725-scaled.jpg\" \/>\n\t<meta property=\"og:image:width\" content=\"2560\" \/>\n\t<meta property=\"og:image:height\" content=\"1928\" \/>\n\t<meta property=\"og:image:type\" content=\"image\/jpeg\" \/>\n<meta name=\"author\" content=\"Issouf Tapsoba\" \/>\n<meta name=\"twitter:label1\" content=\"\u00c9crit par\" \/>\n\t<meta name=\"twitter:data1\" content=\"Issouf Tapsoba\" \/>\n\t<meta name=\"twitter:label2\" content=\"Dur\u00e9e de lecture estim\u00e9e\" \/>\n\t<meta name=\"twitter:data2\" content=\"3 minutes\" \/>\n<script type=\"application\/ld+json\" class=\"yoast-schema-graph\">{\"@context\":\"https:\\\/\\\/schema.org\",\"@graph\":[{\"@type\":\"Article\",\"@id\":\"https:\\\/\\\/www.latribunedufaso.net\\\/?p=26516#article\",\"isPartOf\":{\"@id\":\"https:\\\/\\\/www.latribunedufaso.net\\\/?p=26516\"},\"author\":{\"name\":\"Issouf Tapsoba\",\"@id\":\"https:\\\/\\\/www.latribunedufaso.net\\\/#\\\/schema\\\/person\\\/e54e64c5778a7e72cf80a318b7a622b0\"},\"headline\":\"R\u00e9forme des jours f\u00e9ri\u00e9s : Le Burkina Faso passe de 15 \u00e0 11 jours ch\u00f4m\u00e9s et pay\u00e9s\",\"datePublished\":\"2026-01-09T17:55:09+00:00\",\"mainEntityOfPage\":{\"@id\":\"https:\\\/\\\/www.latribunedufaso.net\\\/?p=26516\"},\"wordCount\":565,\"commentCount\":0,\"publisher\":{\"@id\":\"https:\\\/\\\/www.latribunedufaso.net\\\/#organization\"},\"image\":{\"@id\":\"https:\\\/\\\/www.latribunedufaso.net\\\/?p=26516#primaryimage\"},\"thumbnailUrl\":\"https:\\\/\\\/www.latribunedufaso.net\\\/wp-content\\\/uploads\\\/2026\\\/01\\\/IMG_20260109_111725-scaled.jpg\",\"keywords\":[\"ALT\",\"latribunedufaso.net\",\"R\u00e9forme jours ch\u00f4m\u00e9s et pay\u00e9s\"],\"articleSection\":[\"A la une\",\"Actualit\u00e9\",\"Soci\u00e9t\u00e9\"],\"inLanguage\":\"fr-FR\",\"potentialAction\":[{\"@type\":\"CommentAction\",\"name\":\"Comment\",\"target\":[\"https:\\\/\\\/www.latribunedufaso.net\\\/?p=26516#respond\"]}]},{\"@type\":\"WebPage\",\"@id\":\"https:\\\/\\\/www.latribunedufaso.net\\\/?p=26516\",\"url\":\"https:\\\/\\\/www.latribunedufaso.net\\\/?p=26516\",\"name\":\"R\u00e9forme des jours f\u00e9ri\u00e9s : Le Burkina Faso passe de 15 \u00e0 11 jours ch\u00f4m\u00e9s et pay\u00e9s - La Tribune du Faso\",\"isPartOf\":{\"@id\":\"https:\\\/\\\/www.latribunedufaso.net\\\/#website\"},\"primaryImageOfPage\":{\"@id\":\"https:\\\/\\\/www.latribunedufaso.net\\\/?p=26516#primaryimage\"},\"image\":{\"@id\":\"https:\\\/\\\/www.latribunedufaso.net\\\/?p=26516#primaryimage\"},\"thumbnailUrl\":\"https:\\\/\\\/www.latribunedufaso.net\\\/wp-content\\\/uploads\\\/2026\\\/01\\\/IMG_20260109_111725-scaled.jpg\",\"datePublished\":\"2026-01-09T17:55:09+00:00\",\"breadcrumb\":{\"@id\":\"https:\\\/\\\/www.latribunedufaso.net\\\/?p=26516#breadcrumb\"},\"inLanguage\":\"fr-FR\",\"potentialAction\":[{\"@type\":\"ReadAction\",\"target\":[\"https:\\\/\\\/www.latribunedufaso.net\\\/?p=26516\"]}]},{\"@type\":\"ImageObject\",\"inLanguage\":\"fr-FR\",\"@id\":\"https:\\\/\\\/www.latribunedufaso.net\\\/?p=26516#primaryimage\",\"url\":\"https:\\\/\\\/www.latribunedufaso.net\\\/wp-content\\\/uploads\\\/2026\\\/01\\\/IMG_20260109_111725-scaled.jpg\",\"contentUrl\":\"https:\\\/\\\/www.latribunedufaso.net\\\/wp-content\\\/uploads\\\/2026\\\/01\\\/IMG_20260109_111725-scaled.jpg\",\"width\":2560,\"height\":1928,\"caption\":\"L'ALT a adopt\u00e9 la loi portant institution de jours ch\u00f4m\u00e9s et pay\u00e9s et de journ\u00e9es de comm\u00e9moration et de recueillement au Burkina Faso, 9 janvier 2026\"},{\"@type\":\"BreadcrumbList\",\"@id\":\"https:\\\/\\\/www.latribunedufaso.net\\\/?p=26516#breadcrumb\",\"itemListElement\":[{\"@type\":\"ListItem\",\"position\":1,\"name\":\"Accueil\",\"item\":\"https:\\\/\\\/www.latribunedufaso.net\\\/\"},{\"@type\":\"ListItem\",\"position\":2,\"name\":\"R\u00e9forme des jours f\u00e9ri\u00e9s : Le Burkina Faso passe de 15 \u00e0 11 jours ch\u00f4m\u00e9s et pay\u00e9s\"}]},{\"@type\":\"WebSite\",\"@id\":\"https:\\\/\\\/www.latribunedufaso.net\\\/#website\",\"url\":\"https:\\\/\\\/www.latribunedufaso.net\\\/\",\"name\":\"La Tribune du Faso\",\"description\":\"L&#039;information du monde rural en un clic\",\"publisher\":{\"@id\":\"https:\\\/\\\/www.latribunedufaso.net\\\/#organization\"},\"potentialAction\":[{\"@type\":\"SearchAction\",\"target\":{\"@type\":\"EntryPoint\",\"urlTemplate\":\"https:\\\/\\\/www.latribunedufaso.net\\\/?s={search_term_string}\"},\"query-input\":{\"@type\":\"PropertyValueSpecification\",\"valueRequired\":true,\"valueName\":\"search_term_string\"}}],\"inLanguage\":\"fr-FR\"},{\"@type\":\"Organization\",\"@id\":\"https:\\\/\\\/www.latribunedufaso.net\\\/#organization\",\"name\":\"La Tribune du Faso\",\"url\":\"https:\\\/\\\/www.latribunedufaso.net\\\/\",\"logo\":{\"@type\":\"ImageObject\",\"inLanguage\":\"fr-FR\",\"@id\":\"https:\\\/\\\/www.latribunedufaso.net\\\/#\\\/schema\\\/logo\\\/image\\\/\",\"url\":\"https:\\\/\\\/www.latribunedufaso.net\\\/wp-content\\\/uploads\\\/2020\\\/08\\\/Logo-Tribune-du-Faso-final-scaled.jpg\",\"contentUrl\":\"https:\\\/\\\/www.latribunedufaso.net\\\/wp-content\\\/uploads\\\/2020\\\/08\\\/Logo-Tribune-du-Faso-final-scaled.jpg\",\"width\":2560,\"height\":1856,\"caption\":\"La Tribune du Faso\"},\"image\":{\"@id\":\"https:\\\/\\\/www.latribunedufaso.net\\\/#\\\/schema\\\/logo\\\/image\\\/\"},\"sameAs\":[\"https:\\\/\\\/www.facebook.com\\\/LatribuneduFaso\\\/\"]},{\"@type\":\"Person\",\"@id\":\"https:\\\/\\\/www.latribunedufaso.net\\\/#\\\/schema\\\/person\\\/e54e64c5778a7e72cf80a318b7a622b0\",\"name\":\"Issouf Tapsoba\",\"image\":{\"@type\":\"ImageObject\",\"inLanguage\":\"fr-FR\",\"@id\":\"https:\\\/\\\/secure.gravatar.com\\\/avatar\\\/5e6c05150ce3230247d167f5b94d678eb05936197436d69b7921e3a95c9107ac?s=96&d=mm&r=g\",\"url\":\"https:\\\/\\\/secure.gravatar.com\\\/avatar\\\/5e6c05150ce3230247d167f5b94d678eb05936197436d69b7921e3a95c9107ac?s=96&d=mm&r=g\",\"contentUrl\":\"https:\\\/\\\/secure.gravatar.com\\\/avatar\\\/5e6c05150ce3230247d167f5b94d678eb05936197436d69b7921e3a95c9107ac?s=96&d=mm&r=g\",\"caption\":\"Issouf Tapsoba\"},\"url\":\"https:\\\/\\\/www.latribunedufaso.net\\\/?author=5\"}]}<\/script>\n<!-- \/ Yoast SEO plugin. -->","yoast_head_json":{"title":"R\u00e9forme des jours f\u00e9ri\u00e9s : Le Burkina Faso passe de 15 \u00e0 11 jours ch\u00f4m\u00e9s et pay\u00e9s - La Tribune du Faso","robots":{"index":"index","follow":"follow","max-snippet":"max-snippet:-1","max-image-preview":"max-image-preview:large","max-video-preview":"max-video-preview:-1"},"canonical":"https:\/\/www.latribunedufaso.net\/?p=26516","og_locale":"fr_FR","og_type":"article","og_title":"R\u00e9forme des jours f\u00e9ri\u00e9s : Le Burkina Faso passe de 15 \u00e0 11 jours ch\u00f4m\u00e9s et pay\u00e9s - La Tribune du Faso","og_description":"R\u00e9unis en pl\u00e9ni\u00e8re, les d\u00e9put\u00e9s de l&rsquo;Assembl\u00e9e l\u00e9gislative de Transition (ALT) ont vot\u00e9 (69 pour et 1 abstention) la loi portant institution de jours ch\u00f4m\u00e9s et pay\u00e9s et de journ\u00e9es de comm\u00e9moration et de recueillement au Burkina Faso. Le gouvernement \u00e9tait repr\u00e9sent\u00e9 par le ministre de la Fonction publique, du Travail et de la Protection sociale, Mathias Traor\u00e9.","og_url":"https:\/\/www.latribunedufaso.net\/?p=26516","og_site_name":"La Tribune du Faso","article_publisher":"https:\/\/www.facebook.com\/LatribuneduFaso\/","article_published_time":"2026-01-09T17:55:09+00:00","og_image":[{"width":2560,"height":1928,"url":"https:\/\/www.latribunedufaso.net\/wp-content\/uploads\/2026\/01\/IMG_20260109_111725-scaled.jpg","type":"image\/jpeg"}],"author":"Issouf Tapsoba","twitter_misc":{"\u00c9crit par":"Issouf Tapsoba","Dur\u00e9e de lecture estim\u00e9e":"3 minutes"},"schema":{"@context":"https:\/\/schema.org","@graph":[{"@type":"Article","@id":"https:\/\/www.latribunedufaso.net\/?p=26516#article","isPartOf":{"@id":"https:\/\/www.latribunedufaso.net\/?p=26516"},"author":{"name":"Issouf Tapsoba","@id":"https:\/\/www.latribunedufaso.net\/#\/schema\/person\/e54e64c5778a7e72cf80a318b7a622b0"},"headline":"R\u00e9forme des jours f\u00e9ri\u00e9s : Le Burkina Faso passe de 15 \u00e0 11 jours ch\u00f4m\u00e9s et pay\u00e9s","datePublished":"2026-01-09T17:55:09+00:00","mainEntityOfPage":{"@id":"https:\/\/www.latribunedufaso.net\/?p=26516"},"wordCount":565,"commentCount":0,"publisher":{"@id":"https:\/\/www.latribunedufaso.net\/#organization"},"image":{"@id":"https:\/\/www.latribunedufaso.net\/?p=26516#primaryimage"},"thumbnailUrl":"https:\/\/www.latribunedufaso.net\/wp-content\/uploads\/2026\/01\/IMG_20260109_111725-scaled.jpg","keywords":["ALT","latribunedufaso.net","R\u00e9forme jours ch\u00f4m\u00e9s et pay\u00e9s"],"articleSection":["A la une","Actualit\u00e9","Soci\u00e9t\u00e9"],"inLanguage":"fr-FR","potentialAction":[{"@type":"CommentAction","name":"Comment","target":["https:\/\/www.latribunedufaso.net\/?p=26516#respond"]}]},{"@type":"WebPage","@id":"https:\/\/www.latribunedufaso.net\/?p=26516","url":"https:\/\/www.latribunedufaso.net\/?p=26516","name":"R\u00e9forme des jours f\u00e9ri\u00e9s : Le Burkina Faso passe de 15 \u00e0 11 jours ch\u00f4m\u00e9s et pay\u00e9s - La Tribune du Faso","isPartOf":{"@id":"https:\/\/www.latribunedufaso.net\/#website"},"primaryImageOfPage":{"@id":"https:\/\/www.latribunedufaso.net\/?p=26516#primaryimage"},"image":{"@id":"https:\/\/www.latribunedufaso.net\/?p=26516#primaryimage"},"thumbnailUrl":"https:\/\/www.latribunedufaso.net\/wp-content\/uploads\/2026\/01\/IMG_20260109_111725-scaled.jpg","datePublished":"2026-01-09T17:55:09+00:00","breadcrumb":{"@id":"https:\/\/www.latribunedufaso.net\/?p=26516#breadcrumb"},"inLanguage":"fr-FR","potentialAction":[{"@type":"ReadAction","target":["https:\/\/www.latribunedufaso.net\/?p=26516"]}]},{"@type":"ImageObject","inLanguage":"fr-FR","@id":"https:\/\/www.latribunedufaso.net\/?p=26516#primaryimage","url":"https:\/\/www.latribunedufaso.net\/wp-content\/uploads\/2026\/01\/IMG_20260109_111725-scaled.jpg","contentUrl":"https:\/\/www.latribunedufaso.net\/wp-content\/uploads\/2026\/01\/IMG_20260109_111725-scaled.jpg","width":2560,"height":1928,"caption":"L'ALT a adopt\u00e9 la loi portant institution de jours ch\u00f4m\u00e9s et pay\u00e9s et de journ\u00e9es de comm\u00e9moration et de recueillement au Burkina Faso, 9 janvier 2026"},{"@type":"BreadcrumbList","@id":"https:\/\/www.latribunedufaso.net\/?p=26516#breadcrumb","itemListElement":[{"@type":"ListItem","position":1,"name":"Accueil","item":"https:\/\/www.latribunedufaso.net\/"},{"@type":"ListItem","position":2,"name":"R\u00e9forme des jours f\u00e9ri\u00e9s : Le Burkina Faso passe de 15 \u00e0 11 jours ch\u00f4m\u00e9s et pay\u00e9s"}]},{"@type":"WebSite","@id":"https:\/\/www.latribunedufaso.net\/#website","url":"https:\/\/www.latribunedufaso.net\/","name":"La Tribune du Faso","description":"L&#039;information du monde rural en un clic","publisher":{"@id":"https:\/\/www.latribunedufaso.net\/#organization"},"potentialAction":[{"@type":"SearchAction","target":{"@type":"EntryPoint","urlTemplate":"https:\/\/www.latribunedufaso.net\/?s={search_term_string}"},"query-input":{"@type":"PropertyValueSpecification","valueRequired":true,"valueName":"search_term_string"}}],"inLanguage":"fr-FR"},{"@type":"Organization","@id":"https:\/\/www.latribunedufaso.net\/#organization","name":"La Tribune du Faso","url":"https:\/\/www.latribunedufaso.net\/","logo":{"@type":"ImageObject","inLanguage":"fr-FR","@id":"https:\/\/www.latribunedufaso.net\/#\/schema\/logo\/image\/","url":"https:\/\/www.latribunedufaso.net\/wp-content\/uploads\/2020\/08\/Logo-Tribune-du-Faso-final-scaled.jpg","contentUrl":"https:\/\/www.latribunedufaso.net\/wp-content\/uploads\/2020\/08\/Logo-Tribune-du-Faso-final-scaled.jpg","width":2560,"height":1856,"caption":"La Tribune du Faso"},"image":{"@id":"https:\/\/www.latribunedufaso.net\/#\/schema\/logo\/image\/"},"sameAs":["https:\/\/www.facebook.com\/LatribuneduFaso\/"]},{"@type":"Person","@id":"https:\/\/www.latribunedufaso.net\/#\/schema\/person\/e54e64c5778a7e72cf80a318b7a622b0","name":"Issouf Tapsoba","image":{"@type":"ImageObject","inLanguage":"fr-FR","@id":"https:\/\/secure.gravatar.com\/avatar\/5e6c05150ce3230247d167f5b94d678eb05936197436d69b7921e3a95c9107ac?s=96&d=mm&r=g","url":"https:\/\/secure.gravatar.com\/avatar\/5e6c05150ce3230247d167f5b94d678eb05936197436d69b7921e3a95c9107ac?s=96&d=mm&r=g","contentUrl":"https:\/\/secure.gravatar.com\/avatar\/5e6c05150ce3230247d167f5b94d678eb05936197436d69b7921e3a95c9107ac?s=96&d=mm&r=g","caption":"Issouf Tapsoba"},"url":"https:\/\/www.latribunedufaso.net\/?author=5"}]}},"_links":{"self":[{"href":"https:\/\/www.latribunedufaso.net\/index.php?rest_route=\/wp\/v2\/posts\/26516","targetHints":{"allow":["GET"]}}],"collection":[{"href":"https:\/\/www.latribunedufaso.net\/index.php?rest_route=\/wp\/v2\/posts"}],"about":[{"href":"https:\/\/www.latribunedufaso.net\/index.php?rest_route=\/wp\/v2\/types\/post"}],"author":[{"embeddable":true,"href":"https:\/\/www.latribunedufaso.net\/index.php?rest_route=\/wp\/v2\/users\/5"}],"replies":[{"embeddable":true,"href":"https:\/\/www.latribunedufaso.net\/index.php?rest_route=%2Fwp%2Fv2%2Fcomments&post=26516"}],"version-history":[{"count":7,"href":"https:\/\/www.latribunedufaso.net\/index.php?rest_route=\/wp\/v2\/posts\/26516\/revisions"}],"predecessor-version":[{"id":26527,"href":"https:\/\/www.latribunedufaso.net\/index.php?rest_route=\/wp\/v2\/posts\/26516\/revisions\/26527"}],"wp:featuredmedia":[{"embeddable":true,"href":"https:\/\/www.latribunedufaso.net\/index.php?rest_route=\/wp\/v2\/media\/26525"}],"wp:attachment":[{"href":"https:\/\/www.latribunedufaso.net\/index.php?rest_route=%2Fwp%2Fv2%2Fmedia&parent=26516"}],"wp:term":[{"taxonomy":"category","embeddable":true,"href":"https:\/\/www.latribunedufaso.net\/index.php?rest_route=%2Fwp%2Fv2%2Fcategories&post=26516"},{"taxonomy":"post_tag","embeddable":true,"href":"https:\/\/www.latribunedufaso.net\/index.php?rest_route=%2Fwp%2Fv2%2Ftags&post=26516"}],"curies":[{"name":"wp","href":"https:\/\/api.w.org\/{rel}","templated":true}]}}