{"id":26431,"date":"2026-01-06T18:34:38","date_gmt":"2026-01-06T18:34:38","guid":{"rendered":"https:\/\/www.latribunedufaso.net\/?p=26431"},"modified":"2026-01-07T18:38:50","modified_gmt":"2026-01-07T18:38:50","slug":"modernisation-fiscale-le-burkina-faso-lance-officiellement-la-facture-electronique-certifiee-fec","status":"publish","type":"post","link":"https:\/\/www.latribunedufaso.net\/?p=26431","title":{"rendered":"Modernisation fiscale : Le Burkina Faso lance officiellement la Facture \u00e9lectronique certifi\u00e9e (FEC)"},"content":{"rendered":"<p><strong>Le ministre de l\u2019Economie et des Finances, Dr Aboubakar Nacanabo, a proc\u00e9d\u00e9 au lancement de la Facture \u00e9lectronique certifi\u00e9e (FEC). Il \u00e9tait en compagnie des ministres charg\u00e9s de la Transition digitale (Aminata Zerbo\/Saban\u00e9) et du Commerce (Serge Poda). C\u2019\u00e9tait \u00e0 l\u2019occasion d\u2019une c\u00e9r\u00e9monie organis\u00e9e, le 6 janvier 2026 \u00e0 Ouagadougou, par la Direction g\u00e9n\u00e9rale des imp\u00f4ts (DGI).\u00a0<\/strong><!--more--><\/p>\n<p>Destin\u00e9e \u00e0 moderniser les transactions commerciales et \u00e0 intensifier la lutte contre la fraude, la Facture \u00e9lectronique certifi\u00e9e marque un tournant dans le syst\u00e8me de facturation au Burkina Faso. Pour le ministre Nacanabo, cet outil va au-del\u00e0 de la simple technique : <em><strong>\u00ab La FEC permettra d\u2019organiser l\u2019\u00e9conomie nationale, de mieux s\u00e9curiser les recettes propres et d\u2019assurer la souverainet\u00e9 \u00e9conomique et financi\u00e8re du pays \u00bb. <\/strong><\/em>Il a exhort\u00e9 le secteur priv\u00e9 \u00e0 voir en cette r\u00e9forme non pas une contrainte, mais un levier de modernit\u00e9, de cr\u00e9dibilit\u00e9 et de comp\u00e9titivit\u00e9.<\/p>\n<figure id=\"attachment_26437\" aria-describedby=\"caption-attachment-26437\" style=\"width: 2560px\" class=\"wp-caption aligncenter\"><a href=\"https:\/\/www.latribunedufaso.net\/wp-content\/uploads\/2026\/01\/IMG_20260106_095126-scaled.jpg\"><img loading=\"lazy\" decoding=\"async\" class=\"size-full wp-image-26437\" src=\"https:\/\/www.latribunedufaso.net\/wp-content\/uploads\/2026\/01\/IMG_20260106_095126-scaled.jpg\" alt=\"Lancement officiel de la Facture \u00e9lectronique certifi\u00e9e (FEC), 6 janvier 2026\" width=\"2560\" height=\"1928\" srcset=\"https:\/\/www.latribunedufaso.net\/wp-content\/uploads\/2026\/01\/IMG_20260106_095126-scaled.jpg 2560w, https:\/\/www.latribunedufaso.net\/wp-content\/uploads\/2026\/01\/IMG_20260106_095126-300x226.jpg 300w, https:\/\/www.latribunedufaso.net\/wp-content\/uploads\/2026\/01\/IMG_20260106_095126-1024x771.jpg 1024w, https:\/\/www.latribunedufaso.net\/wp-content\/uploads\/2026\/01\/IMG_20260106_095126-768x578.jpg 768w, https:\/\/www.latribunedufaso.net\/wp-content\/uploads\/2026\/01\/IMG_20260106_095126-1536x1157.jpg 1536w, https:\/\/www.latribunedufaso.net\/wp-content\/uploads\/2026\/01\/IMG_20260106_095126-2048x1542.jpg 2048w\" sizes=\"auto, (max-width: 2560px) 100vw, 2560px\" \/><\/a><figcaption id=\"caption-attachment-26437\" class=\"wp-caption-text\">Pour le ministre de l&rsquo;Economie et des Finances, Dr Aboubacar Nacanabo, la FEC va permettre de mieux organiser l&rsquo;\u00e9conomie nationale et de s\u00e9curiser les recettes &#8211; Ph. DR<\/figcaption><\/figure>\n<h3>Les avantages de la FEC pour les entreprises<\/h3>\n<p>La Facture \u00e9lectronique certifi\u00e9e est pr\u00e9sent\u00e9e comme un outil de s\u00e9curisation et de simplification. Parmi ses nombreux avantages pour les entreprises, on retient :<\/p>\n<ul>\n<li>Conformit\u00e9 fiscale accrue pour les entreprises ;<\/li>\n<li>R\u00e9duction des erreurs de calcul pour les contribuables ;<\/li>\n<li>Optimisation des co\u00fbts gr\u00e2ce \u00e0 la d\u00e9mat\u00e9rialisation ;<\/li>\n<li>Transparence et \u00e9quit\u00e9 dans la concurrence ;<\/li>\n<li>Facilitation des \u00e9changes internationaux par l&rsquo;alignement sur les standards mondiaux.<\/li>\n<\/ul>\n<figure id=\"attachment_26439\" aria-describedby=\"caption-attachment-26439\" style=\"width: 2560px\" class=\"wp-caption aligncenter\"><a href=\"https:\/\/www.latribunedufaso.net\/wp-content\/uploads\/2026\/01\/IMG_20260106_093928-scaled.jpg\"><img loading=\"lazy\" decoding=\"async\" class=\"size-full wp-image-26439\" src=\"https:\/\/www.latribunedufaso.net\/wp-content\/uploads\/2026\/01\/IMG_20260106_093928-scaled.jpg\" alt=\"Lancement officiel de la Facture \u00e9lectronique certifi\u00e9e (FEC), 6 janvier 2026\" width=\"2560\" height=\"1928\" srcset=\"https:\/\/www.latribunedufaso.net\/wp-content\/uploads\/2026\/01\/IMG_20260106_093928-scaled.jpg 2560w, https:\/\/www.latribunedufaso.net\/wp-content\/uploads\/2026\/01\/IMG_20260106_093928-300x226.jpg 300w, https:\/\/www.latribunedufaso.net\/wp-content\/uploads\/2026\/01\/IMG_20260106_093928-1024x771.jpg 1024w, https:\/\/www.latribunedufaso.net\/wp-content\/uploads\/2026\/01\/IMG_20260106_093928-768x578.jpg 768w, https:\/\/www.latribunedufaso.net\/wp-content\/uploads\/2026\/01\/IMG_20260106_093928-1536x1157.jpg 1536w, https:\/\/www.latribunedufaso.net\/wp-content\/uploads\/2026\/01\/IMG_20260106_093928-2048x1542.jpg 2048w\" sizes=\"auto, (max-width: 2560px) 100vw, 2560px\" \/><\/a><figcaption id=\"caption-attachment-26439\" class=\"wp-caption-text\">Le pr\u00e9sident de la d\u00e9l\u00e9gation consulaire sp\u00e9ciale de la Chambre de Commerce et d\u2019Industrie du Burkina Faso (CCI-BF), Roland Achille Sow a exprim\u00e9 l&rsquo;engagement du secteur priv\u00e9 \u00e0 accompagner la mise en \u0153uvre de la r\u00e9forme &#8211; Ph. DR<\/figcaption><\/figure>\n<h3>L&rsquo;engagement ferme du secteur priv\u00e9<\/h3>\n<p>Le secteur priv\u00e9, repr\u00e9sent\u00e9 par Roland Achille Sow, pr\u00e9sident de la d\u00e9l\u00e9gation consulaire sp\u00e9ciale de la Chambre de Commerce et d\u2019Industrie du Burkina Faso (CCI-BF), a exprim\u00e9 un soutien total \u00e0 la r\u00e9forme. Il a pris plusieurs engagements, notamment :<\/p>\n<ul>\n<li>La mise en \u0153uvre d\u2019une \u00e9troite collaboration entre la DGI et les op\u00e9rateurs priv\u00e9s;<\/li>\n<li>\u200eL&rsquo;organisation des programmes de formation certifi\u00e9s et adapt\u00e9s \u00e0 chaque cat\u00e9gorie d\u2019entreprise et d\u2019artisant<\/li>\n<li>\u200eUne assistance technique et un accompagnement op\u00e9rationnel continu de concert avec la DGI afin de permettre une transition sans rupture<\/li>\n<li>\u200eVeiller \u00e0 une int\u00e9gration harmonieuse des outils de facturation \u00e9lectroniques dans les \u00e9cosyst\u00e8mes existants et \u00e0 leur comptabilit\u00e9 avec des logiciels homologu\u00e9s par l\u2019administration<\/li>\n<li>\u200e La promotion d&rsquo;une culture de l\u2019\u00e9thique et de la transparence des affaires, conditions indispensables pour une comp\u00e9titivit\u00e9 durable.<\/li>\n<\/ul>\n<figure id=\"attachment_26436\" aria-describedby=\"caption-attachment-26436\" style=\"width: 2048px\" class=\"wp-caption aligncenter\"><a href=\"https:\/\/www.latribunedufaso.net\/wp-content\/uploads\/2026\/01\/FB_IMG_1767810340155.jpg\"><img loading=\"lazy\" decoding=\"async\" class=\"size-full wp-image-26436\" src=\"https:\/\/www.latribunedufaso.net\/wp-content\/uploads\/2026\/01\/FB_IMG_1767810340155.jpg\" alt=\"Lancement officiel de la Facture \u00e9lectronique certifi\u00e9e (FEC), 6 janvier 2026\" width=\"2048\" height=\"1359\" srcset=\"https:\/\/www.latribunedufaso.net\/wp-content\/uploads\/2026\/01\/FB_IMG_1767810340155.jpg 2048w, https:\/\/www.latribunedufaso.net\/wp-content\/uploads\/2026\/01\/FB_IMG_1767810340155-300x199.jpg 300w, https:\/\/www.latribunedufaso.net\/wp-content\/uploads\/2026\/01\/FB_IMG_1767810340155-1024x680.jpg 1024w, https:\/\/www.latribunedufaso.net\/wp-content\/uploads\/2026\/01\/FB_IMG_1767810340155-768x510.jpg 768w, https:\/\/www.latribunedufaso.net\/wp-content\/uploads\/2026\/01\/FB_IMG_1767810340155-1536x1019.jpg 1536w, https:\/\/www.latribunedufaso.net\/wp-content\/uploads\/2026\/01\/FB_IMG_1767810340155-120x80.jpg 120w, https:\/\/www.latribunedufaso.net\/wp-content\/uploads\/2026\/01\/FB_IMG_1767810340155-360x240.jpg 360w\" sizes=\"auto, (max-width: 2048px) 100vw, 2048px\" \/><\/a><figcaption id=\"caption-attachment-26436\" class=\"wp-caption-text\">Une vue de l&rsquo;\u00e9dition de la facture z\u00e9ro marquant le lancement du syst\u00e8me &#8211; Ph. DR<\/figcaption><\/figure>\n<p>Pour la Directrice g\u00e9n\u00e9rale des imp\u00f4ts, Talato Eliane Djiguemd\u00e9\/Ou\u00e9draogo, cette r\u00e9forme s&rsquo;inscrit dans une volont\u00e9 politique de simplifier la vie des entreprises.<em><strong> \u00ab Elle traduit une volont\u00e9 d&rsquo;am\u00e9liorer le climat des affaires tout en s\u00e9curisant les op\u00e9rations \u00e9conomiques \u00bb,<\/strong><\/em> a-t-elle soulign\u00e9.<\/p>\n<blockquote>\n<p>Lire aussi &gt;&gt; <a href=\"https:\/\/www.latribunedufaso.net\/?p=25344\">D\u00e9mat\u00e9rialisation des services publiques : Le minist\u00e8re des Mines lance \u00ab SebenDiSira \u00bb, un portail de gestion des agr\u00e9ments techniques<\/a><\/p>\n<\/blockquote>\n<p>La c\u00e9r\u00e9monie s\u2019est achev\u00e9e symboliquement par l\u2019\u00e9dition de la <em><strong>\u00ab facture z\u00e9ro \u00bb<\/strong><\/em>, marquant le top d\u00e9part officiel du syst\u00e8me. D\u00e8s \u00e0 pr\u00e9sent, des \u00e9quipes seront d\u00e9ploy\u00e9es pour des campagnes de sensibilisation et de formation. Notons que l&rsquo;utilisation de la Facture \u00e9lectronique certifi\u00e9e deviendra obligatoire pour l&rsquo;ensemble des entreprises \u00e0 compter du 1er juillet 2026.<\/p>\n<p><strong>Issouf Tapsoba\u00a0<\/strong><\/p>\n<p><strong>Latribunedufaso.net<\/strong><\/p>\n<figure id=\"attachment_26438\" aria-describedby=\"caption-attachment-26438\" style=\"width: 2560px\" class=\"wp-caption aligncenter\"><a href=\"https:\/\/www.latribunedufaso.net\/wp-content\/uploads\/2026\/01\/IMG_20260106_095204-scaled.jpg\"><img loading=\"lazy\" decoding=\"async\" class=\"size-full wp-image-26438\" src=\"https:\/\/www.latribunedufaso.net\/wp-content\/uploads\/2026\/01\/IMG_20260106_095204-scaled.jpg\" alt=\"Lancement officiel de la Facture \u00e9lectronique certifi\u00e9e (FEC), 6 janvier 2026\" width=\"2560\" height=\"1928\" srcset=\"https:\/\/www.latribunedufaso.net\/wp-content\/uploads\/2026\/01\/IMG_20260106_095204-scaled.jpg 2560w, https:\/\/www.latribunedufaso.net\/wp-content\/uploads\/2026\/01\/IMG_20260106_095204-300x226.jpg 300w, https:\/\/www.latribunedufaso.net\/wp-content\/uploads\/2026\/01\/IMG_20260106_095204-1024x771.jpg 1024w, https:\/\/www.latribunedufaso.net\/wp-content\/uploads\/2026\/01\/IMG_20260106_095204-768x578.jpg 768w, https:\/\/www.latribunedufaso.net\/wp-content\/uploads\/2026\/01\/IMG_20260106_095204-1536x1157.jpg 1536w, https:\/\/www.latribunedufaso.net\/wp-content\/uploads\/2026\/01\/IMG_20260106_095204-2048x1542.jpg 2048w\" sizes=\"auto, (max-width: 2560px) 100vw, 2560px\" \/><\/a><figcaption id=\"caption-attachment-26438\" class=\"wp-caption-text\">Les acteurs du secteur priv\u00e9 ont particip\u00e9 massivement \u00e0 la c\u00e9r\u00e9monie &#8211; Ph. DR<\/figcaption><\/figure>\n<p><a href=\"https:\/\/www.latribunedufaso.net\/wp-content\/uploads\/2026\/01\/IMG_20260106_094445-scaled.jpg\"><img loading=\"lazy\" decoding=\"async\" class=\"aligncenter size-full wp-image-26440\" src=\"https:\/\/www.latribunedufaso.net\/wp-content\/uploads\/2026\/01\/IMG_20260106_094445-scaled.jpg\" alt=\"Lancement officiel de la Facture \u00e9lectronique certifi\u00e9e (FEC), 6 janvier 2026\" width=\"2560\" height=\"1928\" srcset=\"https:\/\/www.latribunedufaso.net\/wp-content\/uploads\/2026\/01\/IMG_20260106_094445-scaled.jpg 2560w, https:\/\/www.latribunedufaso.net\/wp-content\/uploads\/2026\/01\/IMG_20260106_094445-300x226.jpg 300w, https:\/\/www.latribunedufaso.net\/wp-content\/uploads\/2026\/01\/IMG_20260106_094445-1024x771.jpg 1024w, https:\/\/www.latribunedufaso.net\/wp-content\/uploads\/2026\/01\/IMG_20260106_094445-768x578.jpg 768w, https:\/\/www.latribunedufaso.net\/wp-content\/uploads\/2026\/01\/IMG_20260106_094445-1536x1157.jpg 1536w, https:\/\/www.latribunedufaso.net\/wp-content\/uploads\/2026\/01\/IMG_20260106_094445-2048x1542.jpg 2048w\" sizes=\"auto, (max-width: 2560px) 100vw, 2560px\" \/><\/a><\/p>\n","protected":false},"excerpt":{"rendered":"<p>Le ministre de l\u2019Economie et des Finances, Dr Aboubakar Nacanabo, a proc\u00e9d\u00e9 au lancement de la Facture \u00e9lectronique certifi\u00e9e (FEC). Il \u00e9tait en compagnie des ministres charg\u00e9s de la Transition digitale (Aminata Zerbo\/Saban\u00e9) et du Commerce (Serge Poda). C\u2019\u00e9tait \u00e0 l\u2019occasion d\u2019une c\u00e9r\u00e9monie organis\u00e9e, le 6 janvier 2026 \u00e0 Ouagadougou, par la Direction g\u00e9n\u00e9rale des imp\u00f4ts (DGI).\u00a0<\/p>\n","protected":false},"author":5,"featured_media":26435,"comment_status":"open","ping_status":"open","sticky":false,"template":"","format":"standard","meta":{"footnotes":""},"categories":[13,1,10],"tags":[1909,39],"class_list":["post-26431","post","type-post","status-publish","format-standard","has-post-thumbnail","hentry","category-une","category-actu","category-eco","tag-lancement-facture-electronique-certifiee-fec","tag-latribunedufaso-net"],"yoast_head":"<!-- This site is optimized with the Yoast SEO plugin v27.4 - https:\/\/yoast.com\/product\/yoast-seo-wordpress\/ -->\n<title>Modernisation fiscale : Le Burkina Faso lance officiellement la Facture \u00e9lectronique certifi\u00e9e (FEC) - La Tribune du Faso<\/title>\n<meta name=\"robots\" content=\"index, follow, max-snippet:-1, max-image-preview:large, max-video-preview:-1\" \/>\n<link rel=\"canonical\" href=\"https:\/\/www.latribunedufaso.net\/?p=26431\" \/>\n<meta property=\"og:locale\" content=\"fr_FR\" \/>\n<meta property=\"og:type\" content=\"article\" \/>\n<meta property=\"og:title\" content=\"Modernisation fiscale : Le Burkina Faso lance officiellement la Facture \u00e9lectronique certifi\u00e9e (FEC) - La Tribune du Faso\" \/>\n<meta property=\"og:description\" content=\"Le ministre de l\u2019Economie et des Finances, Dr Aboubakar Nacanabo, a proc\u00e9d\u00e9 au lancement de la Facture \u00e9lectronique certifi\u00e9e (FEC). Il \u00e9tait en compagnie des ministres charg\u00e9s de la Transition digitale (Aminata Zerbo\/Saban\u00e9) et du Commerce (Serge Poda). C\u2019\u00e9tait \u00e0 l\u2019occasion d\u2019une c\u00e9r\u00e9monie organis\u00e9e, le 6 janvier 2026 \u00e0 Ouagadougou, par la Direction g\u00e9n\u00e9rale des imp\u00f4ts (DGI).\u00a0\" \/>\n<meta property=\"og:url\" content=\"https:\/\/www.latribunedufaso.net\/?p=26431\" \/>\n<meta property=\"og:site_name\" content=\"La Tribune du Faso\" \/>\n<meta property=\"article:publisher\" content=\"https:\/\/www.facebook.com\/LatribuneduFaso\/\" \/>\n<meta property=\"article:published_time\" content=\"2026-01-06T18:34:38+00:00\" \/>\n<meta property=\"article:modified_time\" content=\"2026-01-07T18:38:50+00:00\" \/>\n<meta property=\"og:image\" content=\"https:\/\/www.latribunedufaso.net\/wp-content\/uploads\/2026\/01\/FB_IMG_1767810344096.jpg\" \/>\n\t<meta property=\"og:image:width\" content=\"2048\" \/>\n\t<meta property=\"og:image:height\" content=\"1439\" \/>\n\t<meta property=\"og:image:type\" content=\"image\/jpeg\" \/>\n<meta name=\"author\" content=\"Issouf Tapsoba\" \/>\n<meta name=\"twitter:label1\" content=\"\u00c9crit par\" \/>\n\t<meta name=\"twitter:data1\" content=\"Issouf Tapsoba\" \/>\n\t<meta name=\"twitter:label2\" content=\"Dur\u00e9e de lecture estim\u00e9e\" \/>\n\t<meta name=\"twitter:data2\" content=\"5 minutes\" \/>\n<script type=\"application\/ld+json\" class=\"yoast-schema-graph\">{\"@context\":\"https:\\\/\\\/schema.org\",\"@graph\":[{\"@type\":\"Article\",\"@id\":\"https:\\\/\\\/www.latribunedufaso.net\\\/?p=26431#article\",\"isPartOf\":{\"@id\":\"https:\\\/\\\/www.latribunedufaso.net\\\/?p=26431\"},\"author\":{\"name\":\"Issouf Tapsoba\",\"@id\":\"https:\\\/\\\/www.latribunedufaso.net\\\/#\\\/schema\\\/person\\\/e54e64c5778a7e72cf80a318b7a622b0\"},\"headline\":\"Modernisation fiscale : Le Burkina Faso lance officiellement la Facture \u00e9lectronique certifi\u00e9e (FEC)\",\"datePublished\":\"2026-01-06T18:34:38+00:00\",\"dateModified\":\"2026-01-07T18:38:50+00:00\",\"mainEntityOfPage\":{\"@id\":\"https:\\\/\\\/www.latribunedufaso.net\\\/?p=26431\"},\"wordCount\":689,\"commentCount\":0,\"publisher\":{\"@id\":\"https:\\\/\\\/www.latribunedufaso.net\\\/#organization\"},\"image\":{\"@id\":\"https:\\\/\\\/www.latribunedufaso.net\\\/?p=26431#primaryimage\"},\"thumbnailUrl\":\"https:\\\/\\\/www.latribunedufaso.net\\\/wp-content\\\/uploads\\\/2026\\\/01\\\/FB_IMG_1767810344096.jpg\",\"keywords\":[\"Lancement Facture \u00e9lectronique certifi\u00e9e (FEC)\",\"latribunedufaso.net\"],\"articleSection\":[\"A la une\",\"Actualit\u00e9\",\"Economie\"],\"inLanguage\":\"fr-FR\",\"potentialAction\":[{\"@type\":\"CommentAction\",\"name\":\"Comment\",\"target\":[\"https:\\\/\\\/www.latribunedufaso.net\\\/?p=26431#respond\"]}]},{\"@type\":\"WebPage\",\"@id\":\"https:\\\/\\\/www.latribunedufaso.net\\\/?p=26431\",\"url\":\"https:\\\/\\\/www.latribunedufaso.net\\\/?p=26431\",\"name\":\"Modernisation fiscale : Le Burkina Faso lance officiellement la Facture \u00e9lectronique certifi\u00e9e (FEC) - La Tribune du Faso\",\"isPartOf\":{\"@id\":\"https:\\\/\\\/www.latribunedufaso.net\\\/#website\"},\"primaryImageOfPage\":{\"@id\":\"https:\\\/\\\/www.latribunedufaso.net\\\/?p=26431#primaryimage\"},\"image\":{\"@id\":\"https:\\\/\\\/www.latribunedufaso.net\\\/?p=26431#primaryimage\"},\"thumbnailUrl\":\"https:\\\/\\\/www.latribunedufaso.net\\\/wp-content\\\/uploads\\\/2026\\\/01\\\/FB_IMG_1767810344096.jpg\",\"datePublished\":\"2026-01-06T18:34:38+00:00\",\"dateModified\":\"2026-01-07T18:38:50+00:00\",\"breadcrumb\":{\"@id\":\"https:\\\/\\\/www.latribunedufaso.net\\\/?p=26431#breadcrumb\"},\"inLanguage\":\"fr-FR\",\"potentialAction\":[{\"@type\":\"ReadAction\",\"target\":[\"https:\\\/\\\/www.latribunedufaso.net\\\/?p=26431\"]}]},{\"@type\":\"ImageObject\",\"inLanguage\":\"fr-FR\",\"@id\":\"https:\\\/\\\/www.latribunedufaso.net\\\/?p=26431#primaryimage\",\"url\":\"https:\\\/\\\/www.latribunedufaso.net\\\/wp-content\\\/uploads\\\/2026\\\/01\\\/FB_IMG_1767810344096.jpg\",\"contentUrl\":\"https:\\\/\\\/www.latribunedufaso.net\\\/wp-content\\\/uploads\\\/2026\\\/01\\\/FB_IMG_1767810344096.jpg\",\"width\":2048,\"height\":1439,\"caption\":\"Lancement officiel de la Facture \u00e9lectronique certifi\u00e9e (FEC), 6 janvier 2026\"},{\"@type\":\"BreadcrumbList\",\"@id\":\"https:\\\/\\\/www.latribunedufaso.net\\\/?p=26431#breadcrumb\",\"itemListElement\":[{\"@type\":\"ListItem\",\"position\":1,\"name\":\"Accueil\",\"item\":\"https:\\\/\\\/www.latribunedufaso.net\\\/\"},{\"@type\":\"ListItem\",\"position\":2,\"name\":\"Modernisation fiscale : Le Burkina Faso lance officiellement la Facture \u00e9lectronique certifi\u00e9e (FEC)\"}]},{\"@type\":\"WebSite\",\"@id\":\"https:\\\/\\\/www.latribunedufaso.net\\\/#website\",\"url\":\"https:\\\/\\\/www.latribunedufaso.net\\\/\",\"name\":\"La Tribune du Faso\",\"description\":\"L&#039;information du monde rural en un clic\",\"publisher\":{\"@id\":\"https:\\\/\\\/www.latribunedufaso.net\\\/#organization\"},\"potentialAction\":[{\"@type\":\"SearchAction\",\"target\":{\"@type\":\"EntryPoint\",\"urlTemplate\":\"https:\\\/\\\/www.latribunedufaso.net\\\/?s={search_term_string}\"},\"query-input\":{\"@type\":\"PropertyValueSpecification\",\"valueRequired\":true,\"valueName\":\"search_term_string\"}}],\"inLanguage\":\"fr-FR\"},{\"@type\":\"Organization\",\"@id\":\"https:\\\/\\\/www.latribunedufaso.net\\\/#organization\",\"name\":\"La Tribune du Faso\",\"url\":\"https:\\\/\\\/www.latribunedufaso.net\\\/\",\"logo\":{\"@type\":\"ImageObject\",\"inLanguage\":\"fr-FR\",\"@id\":\"https:\\\/\\\/www.latribunedufaso.net\\\/#\\\/schema\\\/logo\\\/image\\\/\",\"url\":\"https:\\\/\\\/www.latribunedufaso.net\\\/wp-content\\\/uploads\\\/2020\\\/08\\\/Logo-Tribune-du-Faso-final-scaled.jpg\",\"contentUrl\":\"https:\\\/\\\/www.latribunedufaso.net\\\/wp-content\\\/uploads\\\/2020\\\/08\\\/Logo-Tribune-du-Faso-final-scaled.jpg\",\"width\":2560,\"height\":1856,\"caption\":\"La Tribune du Faso\"},\"image\":{\"@id\":\"https:\\\/\\\/www.latribunedufaso.net\\\/#\\\/schema\\\/logo\\\/image\\\/\"},\"sameAs\":[\"https:\\\/\\\/www.facebook.com\\\/LatribuneduFaso\\\/\"]},{\"@type\":\"Person\",\"@id\":\"https:\\\/\\\/www.latribunedufaso.net\\\/#\\\/schema\\\/person\\\/e54e64c5778a7e72cf80a318b7a622b0\",\"name\":\"Issouf Tapsoba\",\"image\":{\"@type\":\"ImageObject\",\"inLanguage\":\"fr-FR\",\"@id\":\"https:\\\/\\\/secure.gravatar.com\\\/avatar\\\/5e6c05150ce3230247d167f5b94d678eb05936197436d69b7921e3a95c9107ac?s=96&d=mm&r=g\",\"url\":\"https:\\\/\\\/secure.gravatar.com\\\/avatar\\\/5e6c05150ce3230247d167f5b94d678eb05936197436d69b7921e3a95c9107ac?s=96&d=mm&r=g\",\"contentUrl\":\"https:\\\/\\\/secure.gravatar.com\\\/avatar\\\/5e6c05150ce3230247d167f5b94d678eb05936197436d69b7921e3a95c9107ac?s=96&d=mm&r=g\",\"caption\":\"Issouf Tapsoba\"},\"url\":\"https:\\\/\\\/www.latribunedufaso.net\\\/?author=5\"}]}<\/script>\n<!-- \/ Yoast SEO plugin. -->","yoast_head_json":{"title":"Modernisation fiscale : Le Burkina Faso lance officiellement la Facture \u00e9lectronique certifi\u00e9e (FEC) - La Tribune du Faso","robots":{"index":"index","follow":"follow","max-snippet":"max-snippet:-1","max-image-preview":"max-image-preview:large","max-video-preview":"max-video-preview:-1"},"canonical":"https:\/\/www.latribunedufaso.net\/?p=26431","og_locale":"fr_FR","og_type":"article","og_title":"Modernisation fiscale : Le Burkina Faso lance officiellement la Facture \u00e9lectronique certifi\u00e9e (FEC) - La Tribune du Faso","og_description":"Le ministre de l\u2019Economie et des Finances, Dr Aboubakar Nacanabo, a proc\u00e9d\u00e9 au lancement de la Facture \u00e9lectronique certifi\u00e9e (FEC). Il \u00e9tait en compagnie des ministres charg\u00e9s de la Transition digitale (Aminata Zerbo\/Saban\u00e9) et du Commerce (Serge Poda). C\u2019\u00e9tait \u00e0 l\u2019occasion d\u2019une c\u00e9r\u00e9monie organis\u00e9e, le 6 janvier 2026 \u00e0 Ouagadougou, par la Direction g\u00e9n\u00e9rale des imp\u00f4ts (DGI).\u00a0","og_url":"https:\/\/www.latribunedufaso.net\/?p=26431","og_site_name":"La Tribune du Faso","article_publisher":"https:\/\/www.facebook.com\/LatribuneduFaso\/","article_published_time":"2026-01-06T18:34:38+00:00","article_modified_time":"2026-01-07T18:38:50+00:00","og_image":[{"width":2048,"height":1439,"url":"https:\/\/www.latribunedufaso.net\/wp-content\/uploads\/2026\/01\/FB_IMG_1767810344096.jpg","type":"image\/jpeg"}],"author":"Issouf Tapsoba","twitter_misc":{"\u00c9crit par":"Issouf Tapsoba","Dur\u00e9e de lecture estim\u00e9e":"5 minutes"},"schema":{"@context":"https:\/\/schema.org","@graph":[{"@type":"Article","@id":"https:\/\/www.latribunedufaso.net\/?p=26431#article","isPartOf":{"@id":"https:\/\/www.latribunedufaso.net\/?p=26431"},"author":{"name":"Issouf Tapsoba","@id":"https:\/\/www.latribunedufaso.net\/#\/schema\/person\/e54e64c5778a7e72cf80a318b7a622b0"},"headline":"Modernisation fiscale : Le Burkina Faso lance officiellement la Facture \u00e9lectronique certifi\u00e9e (FEC)","datePublished":"2026-01-06T18:34:38+00:00","dateModified":"2026-01-07T18:38:50+00:00","mainEntityOfPage":{"@id":"https:\/\/www.latribunedufaso.net\/?p=26431"},"wordCount":689,"commentCount":0,"publisher":{"@id":"https:\/\/www.latribunedufaso.net\/#organization"},"image":{"@id":"https:\/\/www.latribunedufaso.net\/?p=26431#primaryimage"},"thumbnailUrl":"https:\/\/www.latribunedufaso.net\/wp-content\/uploads\/2026\/01\/FB_IMG_1767810344096.jpg","keywords":["Lancement Facture \u00e9lectronique certifi\u00e9e (FEC)","latribunedufaso.net"],"articleSection":["A la une","Actualit\u00e9","Economie"],"inLanguage":"fr-FR","potentialAction":[{"@type":"CommentAction","name":"Comment","target":["https:\/\/www.latribunedufaso.net\/?p=26431#respond"]}]},{"@type":"WebPage","@id":"https:\/\/www.latribunedufaso.net\/?p=26431","url":"https:\/\/www.latribunedufaso.net\/?p=26431","name":"Modernisation fiscale : Le Burkina Faso lance officiellement la Facture \u00e9lectronique certifi\u00e9e (FEC) - La Tribune du Faso","isPartOf":{"@id":"https:\/\/www.latribunedufaso.net\/#website"},"primaryImageOfPage":{"@id":"https:\/\/www.latribunedufaso.net\/?p=26431#primaryimage"},"image":{"@id":"https:\/\/www.latribunedufaso.net\/?p=26431#primaryimage"},"thumbnailUrl":"https:\/\/www.latribunedufaso.net\/wp-content\/uploads\/2026\/01\/FB_IMG_1767810344096.jpg","datePublished":"2026-01-06T18:34:38+00:00","dateModified":"2026-01-07T18:38:50+00:00","breadcrumb":{"@id":"https:\/\/www.latribunedufaso.net\/?p=26431#breadcrumb"},"inLanguage":"fr-FR","potentialAction":[{"@type":"ReadAction","target":["https:\/\/www.latribunedufaso.net\/?p=26431"]}]},{"@type":"ImageObject","inLanguage":"fr-FR","@id":"https:\/\/www.latribunedufaso.net\/?p=26431#primaryimage","url":"https:\/\/www.latribunedufaso.net\/wp-content\/uploads\/2026\/01\/FB_IMG_1767810344096.jpg","contentUrl":"https:\/\/www.latribunedufaso.net\/wp-content\/uploads\/2026\/01\/FB_IMG_1767810344096.jpg","width":2048,"height":1439,"caption":"Lancement officiel de la Facture \u00e9lectronique certifi\u00e9e (FEC), 6 janvier 2026"},{"@type":"BreadcrumbList","@id":"https:\/\/www.latribunedufaso.net\/?p=26431#breadcrumb","itemListElement":[{"@type":"ListItem","position":1,"name":"Accueil","item":"https:\/\/www.latribunedufaso.net\/"},{"@type":"ListItem","position":2,"name":"Modernisation fiscale : Le Burkina Faso lance officiellement la Facture \u00e9lectronique certifi\u00e9e (FEC)"}]},{"@type":"WebSite","@id":"https:\/\/www.latribunedufaso.net\/#website","url":"https:\/\/www.latribunedufaso.net\/","name":"La Tribune du Faso","description":"L&#039;information du monde rural en un clic","publisher":{"@id":"https:\/\/www.latribunedufaso.net\/#organization"},"potentialAction":[{"@type":"SearchAction","target":{"@type":"EntryPoint","urlTemplate":"https:\/\/www.latribunedufaso.net\/?s={search_term_string}"},"query-input":{"@type":"PropertyValueSpecification","valueRequired":true,"valueName":"search_term_string"}}],"inLanguage":"fr-FR"},{"@type":"Organization","@id":"https:\/\/www.latribunedufaso.net\/#organization","name":"La Tribune du Faso","url":"https:\/\/www.latribunedufaso.net\/","logo":{"@type":"ImageObject","inLanguage":"fr-FR","@id":"https:\/\/www.latribunedufaso.net\/#\/schema\/logo\/image\/","url":"https:\/\/www.latribunedufaso.net\/wp-content\/uploads\/2020\/08\/Logo-Tribune-du-Faso-final-scaled.jpg","contentUrl":"https:\/\/www.latribunedufaso.net\/wp-content\/uploads\/2020\/08\/Logo-Tribune-du-Faso-final-scaled.jpg","width":2560,"height":1856,"caption":"La Tribune du Faso"},"image":{"@id":"https:\/\/www.latribunedufaso.net\/#\/schema\/logo\/image\/"},"sameAs":["https:\/\/www.facebook.com\/LatribuneduFaso\/"]},{"@type":"Person","@id":"https:\/\/www.latribunedufaso.net\/#\/schema\/person\/e54e64c5778a7e72cf80a318b7a622b0","name":"Issouf Tapsoba","image":{"@type":"ImageObject","inLanguage":"fr-FR","@id":"https:\/\/secure.gravatar.com\/avatar\/5e6c05150ce3230247d167f5b94d678eb05936197436d69b7921e3a95c9107ac?s=96&d=mm&r=g","url":"https:\/\/secure.gravatar.com\/avatar\/5e6c05150ce3230247d167f5b94d678eb05936197436d69b7921e3a95c9107ac?s=96&d=mm&r=g","contentUrl":"https:\/\/secure.gravatar.com\/avatar\/5e6c05150ce3230247d167f5b94d678eb05936197436d69b7921e3a95c9107ac?s=96&d=mm&r=g","caption":"Issouf Tapsoba"},"url":"https:\/\/www.latribunedufaso.net\/?author=5"}]}},"_links":{"self":[{"href":"https:\/\/www.latribunedufaso.net\/index.php?rest_route=\/wp\/v2\/posts\/26431","targetHints":{"allow":["GET"]}}],"collection":[{"href":"https:\/\/www.latribunedufaso.net\/index.php?rest_route=\/wp\/v2\/posts"}],"about":[{"href":"https:\/\/www.latribunedufaso.net\/index.php?rest_route=\/wp\/v2\/types\/post"}],"author":[{"embeddable":true,"href":"https:\/\/www.latribunedufaso.net\/index.php?rest_route=\/wp\/v2\/users\/5"}],"replies":[{"embeddable":true,"href":"https:\/\/www.latribunedufaso.net\/index.php?rest_route=%2Fwp%2Fv2%2Fcomments&post=26431"}],"version-history":[{"count":4,"href":"https:\/\/www.latribunedufaso.net\/index.php?rest_route=\/wp\/v2\/posts\/26431\/revisions"}],"predecessor-version":[{"id":26442,"href":"https:\/\/www.latribunedufaso.net\/index.php?rest_route=\/wp\/v2\/posts\/26431\/revisions\/26442"}],"wp:featuredmedia":[{"embeddable":true,"href":"https:\/\/www.latribunedufaso.net\/index.php?rest_route=\/wp\/v2\/media\/26435"}],"wp:attachment":[{"href":"https:\/\/www.latribunedufaso.net\/index.php?rest_route=%2Fwp%2Fv2%2Fmedia&parent=26431"}],"wp:term":[{"taxonomy":"category","embeddable":true,"href":"https:\/\/www.latribunedufaso.net\/index.php?rest_route=%2Fwp%2Fv2%2Fcategories&post=26431"},{"taxonomy":"post_tag","embeddable":true,"href":"https:\/\/www.latribunedufaso.net\/index.php?rest_route=%2Fwp%2Fv2%2Ftags&post=26431"}],"curies":[{"name":"wp","href":"https:\/\/api.w.org\/{rel}","templated":true}]}}