{"id":26344,"date":"2026-01-02T12:51:41","date_gmt":"2026-01-02T12:51:41","guid":{"rendered":"https:\/\/www.latribunedufaso.net\/?p=26344"},"modified":"2026-01-02T12:51:41","modified_gmt":"2026-01-02T12:51:41","slug":"sejour-statutaire-du-pca-a-lanptic-cap-sur-la-performance-et-la-transformation-digitale","status":"publish","type":"post","link":"https:\/\/www.latribunedufaso.net\/?p=26344","title":{"rendered":"S\u00e9jour statutaire du PCA \u00e0 l\u2019ANPTIC : Cap sur la performance et la transformation digitale"},"content":{"rendered":"<p><strong>Le Pr\u00e9sident du Conseil d\u2019Administration (PCA) de l\u2019Agence Nationale de Promotion des Technologies de l\u2019Information et de la Communication (ANPTIC), Dr Yaya Traor\u00e9, a effectu\u00e9 son s\u00e9jour statutaire du second semestre 2025 du 30 au 31 d\u00e9cembre 2025 \u00e0 Ouagadougou. Un s\u00e9jour marqu\u00e9 par l\u2019\u00e9valuation strat\u00e9gique des activit\u00e9s de l\u2019agence et la formulation d\u2019orientations pour renforcer son positionnement dans le domaine du num\u00e9rique au Burkina Faso.<\/strong><!--more--><\/p>\n<p>Ce s\u00e9jour a \u00e9t\u00e9 consacr\u00e9 \u00e0 l\u2019examen m\u00e9thodique de la mise en \u0153uvre des recommandations issues des sessions pr\u00e9c\u00e9dentes, \u00e0 l\u2019analyse de la situation technique, financi\u00e8re et organisationnelle de l\u2019ANPTIC, ainsi qu\u2019\u00e0 l\u2019\u00e9valuation du climat social.<\/p>\n<p>Dans une dynamique de dialogue interne responsable, Dr Yaya Traor\u00e9 a tenu une rencontre d\u2019\u00e9changes avec le Repr\u00e9sentant du Personnel, Ganda Judica\u00ebl Wanr\u00e9. Cette s\u00e9ance visait \u00e0 recueillir les pr\u00e9occupations des agents et \u00e0 identifier des pistes d\u2019am\u00e9lioration pour le bien-\u00eatre social au sein de l&rsquo;institution.<\/p>\n<figure id=\"attachment_26348\" aria-describedby=\"caption-attachment-26348\" style=\"width: 2048px\" class=\"wp-caption aligncenter\"><a href=\"https:\/\/www.latribunedufaso.net\/wp-content\/uploads\/2026\/01\/FB_IMG_1767357467926.jpg\"><img loading=\"lazy\" decoding=\"async\" class=\"size-full wp-image-26348\" src=\"https:\/\/www.latribunedufaso.net\/wp-content\/uploads\/2026\/01\/FB_IMG_1767357467926.jpg\" alt=\"S\u00e9jour statutaire du PCA de l'ANPTIC \u00e0 l'agence, 30 au 31 d\u00e9cembre 2025\" width=\"2048\" height=\"1365\" srcset=\"https:\/\/www.latribunedufaso.net\/wp-content\/uploads\/2026\/01\/FB_IMG_1767357467926.jpg 2048w, https:\/\/www.latribunedufaso.net\/wp-content\/uploads\/2026\/01\/FB_IMG_1767357467926-300x200.jpg 300w, https:\/\/www.latribunedufaso.net\/wp-content\/uploads\/2026\/01\/FB_IMG_1767357467926-1024x683.jpg 1024w, https:\/\/www.latribunedufaso.net\/wp-content\/uploads\/2026\/01\/FB_IMG_1767357467926-768x512.jpg 768w, https:\/\/www.latribunedufaso.net\/wp-content\/uploads\/2026\/01\/FB_IMG_1767357467926-1536x1024.jpg 1536w, https:\/\/www.latribunedufaso.net\/wp-content\/uploads\/2026\/01\/FB_IMG_1767357467926-840x560.jpg 840w, https:\/\/www.latribunedufaso.net\/wp-content\/uploads\/2026\/01\/FB_IMG_1767357467926-120x80.jpg 120w, https:\/\/www.latribunedufaso.net\/wp-content\/uploads\/2026\/01\/FB_IMG_1767357467926-360x240.jpg 360w, https:\/\/www.latribunedufaso.net\/wp-content\/uploads\/2026\/01\/FB_IMG_1767357467926-600x400.jpg 600w\" sizes=\"auto, (max-width: 2048px) 100vw, 2048px\" \/><\/a><figcaption id=\"caption-attachment-26348\" class=\"wp-caption-text\">Le s\u00e9jour a \u00e9t\u00e9 marqu\u00e9 par l\u2019\u00e9valuation strat\u00e9gique des activit\u00e9s de l\u2019agence et la formulation d\u2019orientations pour renforcer son positionnement dans le domaine du num\u00e9rique au Burkina Faso &#8211; Ph. DR<\/figcaption><\/figure>\n<p>Le s\u00e9jour s\u2019est achev\u00e9 par un d\u00e9briefing strat\u00e9gique. Au cours de celui-ci, le PCA a formul\u00e9 des orientations claires et op\u00e9rationnelles \u00e0 l\u2019endroit du Comit\u00e9 de Direction, en vue d\u2019une ex\u00e9cution plus efficiente des missions de l\u2019ANPTIC. L&rsquo;objectif final est d&rsquo;assurer un positionnement renforc\u00e9 de l\u2019Agence dans l\u2019\u00e9cosyst\u00e8me de la transformation digitale au Burkina Faso.<\/p>\n<blockquote>\n<p>Lire aussi &gt;&gt; <a href=\"https:\/\/www.latribunedufaso.net\/?p=23009\">Transformation digitale : Les 12 chantiers du Burkina pour se mettre \u00e0 niveau de l\u2019\u00e9volution d\u2019ici 2030<\/a><\/p>\n<\/blockquote>\n<p>Par ailleurs, le PCA a renouvel\u00e9 ses f\u00e9licitations pour le travail accompli au quotidien par les \u00e9quipes de l\u2019ANPTIC, notamment sur le RESINA et les diff\u00e9rentes applications de d\u00e9mat\u00e9rialisation de l\u2019Administration. Il a encourag\u00e9 l\u2019ensemble du personnel \u00e0 redoubler d\u2019efforts pour l\u2019atteinte des objectifs fix\u00e9s pour 2026, tout en formulant ses v\u0153ux de sant\u00e9, de paix et de stabilit\u00e9 pour le Burkina Faso, avec l\u2019espoir que 2026 soit une ann\u00e9e de reconqu\u00eate et de consolidation de l\u2019int\u00e9grit\u00e9 du territoire national.<\/p>\n<p><strong>Latribunedufaso.net<\/strong><\/p>\n<p><strong>Source : DCRP\/ANPTIC<\/strong><\/p>\n<p><a href=\"https:\/\/www.latribunedufaso.net\/wp-content\/uploads\/2026\/01\/FB_IMG_1767357442183.jpg\"><img loading=\"lazy\" decoding=\"async\" class=\"aligncenter size-full wp-image-26349\" src=\"https:\/\/www.latribunedufaso.net\/wp-content\/uploads\/2026\/01\/FB_IMG_1767357442183.jpg\" alt=\"S\u00e9jour statutaire du PCA de l'ANPTIC \u00e0 l'agence, 30 au 31 d\u00e9cembre 2025\" width=\"2030\" height=\"2048\" srcset=\"https:\/\/www.latribunedufaso.net\/wp-content\/uploads\/2026\/01\/FB_IMG_1767357442183.jpg 2030w, https:\/\/www.latribunedufaso.net\/wp-content\/uploads\/2026\/01\/FB_IMG_1767357442183-297x300.jpg 297w, https:\/\/www.latribunedufaso.net\/wp-content\/uploads\/2026\/01\/FB_IMG_1767357442183-1015x1024.jpg 1015w, https:\/\/www.latribunedufaso.net\/wp-content\/uploads\/2026\/01\/FB_IMG_1767357442183-150x150.jpg 150w, https:\/\/www.latribunedufaso.net\/wp-content\/uploads\/2026\/01\/FB_IMG_1767357442183-768x775.jpg 768w, https:\/\/www.latribunedufaso.net\/wp-content\/uploads\/2026\/01\/FB_IMG_1767357442183-1523x1536.jpg 1523w\" sizes=\"auto, (max-width: 2030px) 100vw, 2030px\" \/><\/a><\/p>\n","protected":false},"excerpt":{"rendered":"<p>Le Pr\u00e9sident du Conseil d\u2019Administration (PCA) de l\u2019Agence Nationale de Promotion des Technologies de l\u2019Information et de la Communication (ANPTIC), Dr Yaya Traor\u00e9, a effectu\u00e9 son s\u00e9jour statutaire du second semestre 2025 du 30 au 31 d\u00e9cembre 2025 \u00e0 Ouagadougou. Un s\u00e9jour marqu\u00e9 par l\u2019\u00e9valuation strat\u00e9gique des activit\u00e9s de l\u2019agence et la formulation d\u2019orientations pour renforcer son positionnement dans le domaine du num\u00e9rique au Burkina Faso.<\/p>\n","protected":false},"author":5,"featured_media":26350,"comment_status":"open","ping_status":"open","sticky":false,"template":"","format":"standard","meta":{"footnotes":""},"categories":[13,1,8],"tags":[766,174,220],"class_list":["post-26344","post","type-post","status-publish","format-standard","has-post-thumbnail","hentry","category-une","category-actu","category-societe","tag-anptic","tag-dematerialisation-des-procedures-administratives","tag-transition-digitale"],"yoast_head":"<!-- This site is optimized with the Yoast SEO plugin v27.4 - https:\/\/yoast.com\/product\/yoast-seo-wordpress\/ -->\n<title>S\u00e9jour statutaire du PCA \u00e0 l\u2019ANPTIC : Cap sur la performance et la transformation digitale - La Tribune du Faso<\/title>\n<meta name=\"robots\" content=\"index, follow, max-snippet:-1, max-image-preview:large, max-video-preview:-1\" \/>\n<link rel=\"canonical\" href=\"https:\/\/www.latribunedufaso.net\/?p=26344\" \/>\n<meta property=\"og:locale\" content=\"fr_FR\" \/>\n<meta property=\"og:type\" content=\"article\" \/>\n<meta property=\"og:title\" content=\"S\u00e9jour statutaire du PCA \u00e0 l\u2019ANPTIC : Cap sur la performance et la transformation digitale - La Tribune du Faso\" \/>\n<meta property=\"og:description\" content=\"Le Pr\u00e9sident du Conseil d\u2019Administration (PCA) de l\u2019Agence Nationale de Promotion des Technologies de l\u2019Information et de la Communication (ANPTIC), Dr Yaya Traor\u00e9, a effectu\u00e9 son s\u00e9jour statutaire du second semestre 2025 du 30 au 31 d\u00e9cembre 2025 \u00e0 Ouagadougou. Un s\u00e9jour marqu\u00e9 par l\u2019\u00e9valuation strat\u00e9gique des activit\u00e9s de l\u2019agence et la formulation d\u2019orientations pour renforcer son positionnement dans le domaine du num\u00e9rique au Burkina Faso.\" \/>\n<meta property=\"og:url\" content=\"https:\/\/www.latribunedufaso.net\/?p=26344\" \/>\n<meta property=\"og:site_name\" content=\"La Tribune du Faso\" \/>\n<meta property=\"article:publisher\" content=\"https:\/\/www.facebook.com\/LatribuneduFaso\/\" \/>\n<meta property=\"article:published_time\" content=\"2026-01-02T12:51:41+00:00\" \/>\n<meta property=\"og:image\" content=\"https:\/\/www.latribunedufaso.net\/wp-content\/uploads\/2026\/01\/FB_IMG_1767357437553.jpg\" \/>\n\t<meta property=\"og:image:width\" content=\"2048\" \/>\n\t<meta property=\"og:image:height\" content=\"1365\" \/>\n\t<meta property=\"og:image:type\" content=\"image\/jpeg\" \/>\n<meta name=\"author\" content=\"Issouf Tapsoba\" \/>\n<meta name=\"twitter:label1\" content=\"\u00c9crit par\" \/>\n\t<meta name=\"twitter:data1\" content=\"Issouf Tapsoba\" \/>\n\t<meta name=\"twitter:label2\" content=\"Dur\u00e9e de lecture estim\u00e9e\" \/>\n\t<meta name=\"twitter:data2\" content=\"3 minutes\" \/>\n<script type=\"application\/ld+json\" class=\"yoast-schema-graph\">{\"@context\":\"https:\\\/\\\/schema.org\",\"@graph\":[{\"@type\":\"Article\",\"@id\":\"https:\\\/\\\/www.latribunedufaso.net\\\/?p=26344#article\",\"isPartOf\":{\"@id\":\"https:\\\/\\\/www.latribunedufaso.net\\\/?p=26344\"},\"author\":{\"name\":\"Issouf Tapsoba\",\"@id\":\"https:\\\/\\\/www.latribunedufaso.net\\\/#\\\/schema\\\/person\\\/e54e64c5778a7e72cf80a318b7a622b0\"},\"headline\":\"S\u00e9jour statutaire du PCA \u00e0 l\u2019ANPTIC : Cap sur la performance et la transformation digitale\",\"datePublished\":\"2026-01-02T12:51:41+00:00\",\"mainEntityOfPage\":{\"@id\":\"https:\\\/\\\/www.latribunedufaso.net\\\/?p=26344\"},\"wordCount\":415,\"commentCount\":0,\"publisher\":{\"@id\":\"https:\\\/\\\/www.latribunedufaso.net\\\/#organization\"},\"image\":{\"@id\":\"https:\\\/\\\/www.latribunedufaso.net\\\/?p=26344#primaryimage\"},\"thumbnailUrl\":\"https:\\\/\\\/www.latribunedufaso.net\\\/wp-content\\\/uploads\\\/2026\\\/01\\\/FB_IMG_1767357437553.jpg\",\"keywords\":[\"ANPTIC\",\"d\u00e9mat\u00e9rialisation des proc\u00e9dures administratives\",\"transition digitale\"],\"articleSection\":[\"A la une\",\"Actualit\u00e9\",\"Soci\u00e9t\u00e9\"],\"inLanguage\":\"fr-FR\",\"potentialAction\":[{\"@type\":\"CommentAction\",\"name\":\"Comment\",\"target\":[\"https:\\\/\\\/www.latribunedufaso.net\\\/?p=26344#respond\"]}]},{\"@type\":\"WebPage\",\"@id\":\"https:\\\/\\\/www.latribunedufaso.net\\\/?p=26344\",\"url\":\"https:\\\/\\\/www.latribunedufaso.net\\\/?p=26344\",\"name\":\"S\u00e9jour statutaire du PCA \u00e0 l\u2019ANPTIC : Cap sur la performance et la transformation digitale - La Tribune du Faso\",\"isPartOf\":{\"@id\":\"https:\\\/\\\/www.latribunedufaso.net\\\/#website\"},\"primaryImageOfPage\":{\"@id\":\"https:\\\/\\\/www.latribunedufaso.net\\\/?p=26344#primaryimage\"},\"image\":{\"@id\":\"https:\\\/\\\/www.latribunedufaso.net\\\/?p=26344#primaryimage\"},\"thumbnailUrl\":\"https:\\\/\\\/www.latribunedufaso.net\\\/wp-content\\\/uploads\\\/2026\\\/01\\\/FB_IMG_1767357437553.jpg\",\"datePublished\":\"2026-01-02T12:51:41+00:00\",\"breadcrumb\":{\"@id\":\"https:\\\/\\\/www.latribunedufaso.net\\\/?p=26344#breadcrumb\"},\"inLanguage\":\"fr-FR\",\"potentialAction\":[{\"@type\":\"ReadAction\",\"target\":[\"https:\\\/\\\/www.latribunedufaso.net\\\/?p=26344\"]}]},{\"@type\":\"ImageObject\",\"inLanguage\":\"fr-FR\",\"@id\":\"https:\\\/\\\/www.latribunedufaso.net\\\/?p=26344#primaryimage\",\"url\":\"https:\\\/\\\/www.latribunedufaso.net\\\/wp-content\\\/uploads\\\/2026\\\/01\\\/FB_IMG_1767357437553.jpg\",\"contentUrl\":\"https:\\\/\\\/www.latribunedufaso.net\\\/wp-content\\\/uploads\\\/2026\\\/01\\\/FB_IMG_1767357437553.jpg\",\"width\":2048,\"height\":1365,\"caption\":\"S\u00e9jour statutaire du PCA de l'ANPTIC \u00e0 l'agence, 30 au 31 d\u00e9cembre 2025\"},{\"@type\":\"BreadcrumbList\",\"@id\":\"https:\\\/\\\/www.latribunedufaso.net\\\/?p=26344#breadcrumb\",\"itemListElement\":[{\"@type\":\"ListItem\",\"position\":1,\"name\":\"Accueil\",\"item\":\"https:\\\/\\\/www.latribunedufaso.net\\\/\"},{\"@type\":\"ListItem\",\"position\":2,\"name\":\"S\u00e9jour statutaire du PCA \u00e0 l\u2019ANPTIC : Cap sur la performance et la transformation digitale\"}]},{\"@type\":\"WebSite\",\"@id\":\"https:\\\/\\\/www.latribunedufaso.net\\\/#website\",\"url\":\"https:\\\/\\\/www.latribunedufaso.net\\\/\",\"name\":\"La Tribune du Faso\",\"description\":\"L&#039;information du monde rural en un clic\",\"publisher\":{\"@id\":\"https:\\\/\\\/www.latribunedufaso.net\\\/#organization\"},\"potentialAction\":[{\"@type\":\"SearchAction\",\"target\":{\"@type\":\"EntryPoint\",\"urlTemplate\":\"https:\\\/\\\/www.latribunedufaso.net\\\/?s={search_term_string}\"},\"query-input\":{\"@type\":\"PropertyValueSpecification\",\"valueRequired\":true,\"valueName\":\"search_term_string\"}}],\"inLanguage\":\"fr-FR\"},{\"@type\":\"Organization\",\"@id\":\"https:\\\/\\\/www.latribunedufaso.net\\\/#organization\",\"name\":\"La Tribune du Faso\",\"url\":\"https:\\\/\\\/www.latribunedufaso.net\\\/\",\"logo\":{\"@type\":\"ImageObject\",\"inLanguage\":\"fr-FR\",\"@id\":\"https:\\\/\\\/www.latribunedufaso.net\\\/#\\\/schema\\\/logo\\\/image\\\/\",\"url\":\"https:\\\/\\\/www.latribunedufaso.net\\\/wp-content\\\/uploads\\\/2020\\\/08\\\/Logo-Tribune-du-Faso-final-scaled.jpg\",\"contentUrl\":\"https:\\\/\\\/www.latribunedufaso.net\\\/wp-content\\\/uploads\\\/2020\\\/08\\\/Logo-Tribune-du-Faso-final-scaled.jpg\",\"width\":2560,\"height\":1856,\"caption\":\"La Tribune du Faso\"},\"image\":{\"@id\":\"https:\\\/\\\/www.latribunedufaso.net\\\/#\\\/schema\\\/logo\\\/image\\\/\"},\"sameAs\":[\"https:\\\/\\\/www.facebook.com\\\/LatribuneduFaso\\\/\"]},{\"@type\":\"Person\",\"@id\":\"https:\\\/\\\/www.latribunedufaso.net\\\/#\\\/schema\\\/person\\\/e54e64c5778a7e72cf80a318b7a622b0\",\"name\":\"Issouf Tapsoba\",\"image\":{\"@type\":\"ImageObject\",\"inLanguage\":\"fr-FR\",\"@id\":\"https:\\\/\\\/secure.gravatar.com\\\/avatar\\\/5e6c05150ce3230247d167f5b94d678eb05936197436d69b7921e3a95c9107ac?s=96&d=mm&r=g\",\"url\":\"https:\\\/\\\/secure.gravatar.com\\\/avatar\\\/5e6c05150ce3230247d167f5b94d678eb05936197436d69b7921e3a95c9107ac?s=96&d=mm&r=g\",\"contentUrl\":\"https:\\\/\\\/secure.gravatar.com\\\/avatar\\\/5e6c05150ce3230247d167f5b94d678eb05936197436d69b7921e3a95c9107ac?s=96&d=mm&r=g\",\"caption\":\"Issouf Tapsoba\"},\"url\":\"https:\\\/\\\/www.latribunedufaso.net\\\/?author=5\"}]}<\/script>\n<!-- \/ Yoast SEO plugin. -->","yoast_head_json":{"title":"S\u00e9jour statutaire du PCA \u00e0 l\u2019ANPTIC : Cap sur la performance et la transformation digitale - La Tribune du Faso","robots":{"index":"index","follow":"follow","max-snippet":"max-snippet:-1","max-image-preview":"max-image-preview:large","max-video-preview":"max-video-preview:-1"},"canonical":"https:\/\/www.latribunedufaso.net\/?p=26344","og_locale":"fr_FR","og_type":"article","og_title":"S\u00e9jour statutaire du PCA \u00e0 l\u2019ANPTIC : Cap sur la performance et la transformation digitale - La Tribune du Faso","og_description":"Le Pr\u00e9sident du Conseil d\u2019Administration (PCA) de l\u2019Agence Nationale de Promotion des Technologies de l\u2019Information et de la Communication (ANPTIC), Dr Yaya Traor\u00e9, a effectu\u00e9 son s\u00e9jour statutaire du second semestre 2025 du 30 au 31 d\u00e9cembre 2025 \u00e0 Ouagadougou. Un s\u00e9jour marqu\u00e9 par l\u2019\u00e9valuation strat\u00e9gique des activit\u00e9s de l\u2019agence et la formulation d\u2019orientations pour renforcer son positionnement dans le domaine du num\u00e9rique au Burkina Faso.","og_url":"https:\/\/www.latribunedufaso.net\/?p=26344","og_site_name":"La Tribune du Faso","article_publisher":"https:\/\/www.facebook.com\/LatribuneduFaso\/","article_published_time":"2026-01-02T12:51:41+00:00","og_image":[{"width":2048,"height":1365,"url":"https:\/\/www.latribunedufaso.net\/wp-content\/uploads\/2026\/01\/FB_IMG_1767357437553.jpg","type":"image\/jpeg"}],"author":"Issouf Tapsoba","twitter_misc":{"\u00c9crit par":"Issouf Tapsoba","Dur\u00e9e de lecture estim\u00e9e":"3 minutes"},"schema":{"@context":"https:\/\/schema.org","@graph":[{"@type":"Article","@id":"https:\/\/www.latribunedufaso.net\/?p=26344#article","isPartOf":{"@id":"https:\/\/www.latribunedufaso.net\/?p=26344"},"author":{"name":"Issouf Tapsoba","@id":"https:\/\/www.latribunedufaso.net\/#\/schema\/person\/e54e64c5778a7e72cf80a318b7a622b0"},"headline":"S\u00e9jour statutaire du PCA \u00e0 l\u2019ANPTIC : Cap sur la performance et la transformation digitale","datePublished":"2026-01-02T12:51:41+00:00","mainEntityOfPage":{"@id":"https:\/\/www.latribunedufaso.net\/?p=26344"},"wordCount":415,"commentCount":0,"publisher":{"@id":"https:\/\/www.latribunedufaso.net\/#organization"},"image":{"@id":"https:\/\/www.latribunedufaso.net\/?p=26344#primaryimage"},"thumbnailUrl":"https:\/\/www.latribunedufaso.net\/wp-content\/uploads\/2026\/01\/FB_IMG_1767357437553.jpg","keywords":["ANPTIC","d\u00e9mat\u00e9rialisation des proc\u00e9dures administratives","transition digitale"],"articleSection":["A la une","Actualit\u00e9","Soci\u00e9t\u00e9"],"inLanguage":"fr-FR","potentialAction":[{"@type":"CommentAction","name":"Comment","target":["https:\/\/www.latribunedufaso.net\/?p=26344#respond"]}]},{"@type":"WebPage","@id":"https:\/\/www.latribunedufaso.net\/?p=26344","url":"https:\/\/www.latribunedufaso.net\/?p=26344","name":"S\u00e9jour statutaire du PCA \u00e0 l\u2019ANPTIC : Cap sur la performance et la transformation digitale - La Tribune du Faso","isPartOf":{"@id":"https:\/\/www.latribunedufaso.net\/#website"},"primaryImageOfPage":{"@id":"https:\/\/www.latribunedufaso.net\/?p=26344#primaryimage"},"image":{"@id":"https:\/\/www.latribunedufaso.net\/?p=26344#primaryimage"},"thumbnailUrl":"https:\/\/www.latribunedufaso.net\/wp-content\/uploads\/2026\/01\/FB_IMG_1767357437553.jpg","datePublished":"2026-01-02T12:51:41+00:00","breadcrumb":{"@id":"https:\/\/www.latribunedufaso.net\/?p=26344#breadcrumb"},"inLanguage":"fr-FR","potentialAction":[{"@type":"ReadAction","target":["https:\/\/www.latribunedufaso.net\/?p=26344"]}]},{"@type":"ImageObject","inLanguage":"fr-FR","@id":"https:\/\/www.latribunedufaso.net\/?p=26344#primaryimage","url":"https:\/\/www.latribunedufaso.net\/wp-content\/uploads\/2026\/01\/FB_IMG_1767357437553.jpg","contentUrl":"https:\/\/www.latribunedufaso.net\/wp-content\/uploads\/2026\/01\/FB_IMG_1767357437553.jpg","width":2048,"height":1365,"caption":"S\u00e9jour statutaire du PCA de l'ANPTIC \u00e0 l'agence, 30 au 31 d\u00e9cembre 2025"},{"@type":"BreadcrumbList","@id":"https:\/\/www.latribunedufaso.net\/?p=26344#breadcrumb","itemListElement":[{"@type":"ListItem","position":1,"name":"Accueil","item":"https:\/\/www.latribunedufaso.net\/"},{"@type":"ListItem","position":2,"name":"S\u00e9jour statutaire du PCA \u00e0 l\u2019ANPTIC : Cap sur la performance et la transformation digitale"}]},{"@type":"WebSite","@id":"https:\/\/www.latribunedufaso.net\/#website","url":"https:\/\/www.latribunedufaso.net\/","name":"La Tribune du Faso","description":"L&#039;information du monde rural en un clic","publisher":{"@id":"https:\/\/www.latribunedufaso.net\/#organization"},"potentialAction":[{"@type":"SearchAction","target":{"@type":"EntryPoint","urlTemplate":"https:\/\/www.latribunedufaso.net\/?s={search_term_string}"},"query-input":{"@type":"PropertyValueSpecification","valueRequired":true,"valueName":"search_term_string"}}],"inLanguage":"fr-FR"},{"@type":"Organization","@id":"https:\/\/www.latribunedufaso.net\/#organization","name":"La Tribune du Faso","url":"https:\/\/www.latribunedufaso.net\/","logo":{"@type":"ImageObject","inLanguage":"fr-FR","@id":"https:\/\/www.latribunedufaso.net\/#\/schema\/logo\/image\/","url":"https:\/\/www.latribunedufaso.net\/wp-content\/uploads\/2020\/08\/Logo-Tribune-du-Faso-final-scaled.jpg","contentUrl":"https:\/\/www.latribunedufaso.net\/wp-content\/uploads\/2020\/08\/Logo-Tribune-du-Faso-final-scaled.jpg","width":2560,"height":1856,"caption":"La Tribune du Faso"},"image":{"@id":"https:\/\/www.latribunedufaso.net\/#\/schema\/logo\/image\/"},"sameAs":["https:\/\/www.facebook.com\/LatribuneduFaso\/"]},{"@type":"Person","@id":"https:\/\/www.latribunedufaso.net\/#\/schema\/person\/e54e64c5778a7e72cf80a318b7a622b0","name":"Issouf Tapsoba","image":{"@type":"ImageObject","inLanguage":"fr-FR","@id":"https:\/\/secure.gravatar.com\/avatar\/5e6c05150ce3230247d167f5b94d678eb05936197436d69b7921e3a95c9107ac?s=96&d=mm&r=g","url":"https:\/\/secure.gravatar.com\/avatar\/5e6c05150ce3230247d167f5b94d678eb05936197436d69b7921e3a95c9107ac?s=96&d=mm&r=g","contentUrl":"https:\/\/secure.gravatar.com\/avatar\/5e6c05150ce3230247d167f5b94d678eb05936197436d69b7921e3a95c9107ac?s=96&d=mm&r=g","caption":"Issouf Tapsoba"},"url":"https:\/\/www.latribunedufaso.net\/?author=5"}]}},"_links":{"self":[{"href":"https:\/\/www.latribunedufaso.net\/index.php?rest_route=\/wp\/v2\/posts\/26344","targetHints":{"allow":["GET"]}}],"collection":[{"href":"https:\/\/www.latribunedufaso.net\/index.php?rest_route=\/wp\/v2\/posts"}],"about":[{"href":"https:\/\/www.latribunedufaso.net\/index.php?rest_route=\/wp\/v2\/types\/post"}],"author":[{"embeddable":true,"href":"https:\/\/www.latribunedufaso.net\/index.php?rest_route=\/wp\/v2\/users\/5"}],"replies":[{"embeddable":true,"href":"https:\/\/www.latribunedufaso.net\/index.php?rest_route=%2Fwp%2Fv2%2Fcomments&post=26344"}],"version-history":[{"count":3,"href":"https:\/\/www.latribunedufaso.net\/index.php?rest_route=\/wp\/v2\/posts\/26344\/revisions"}],"predecessor-version":[{"id":26352,"href":"https:\/\/www.latribunedufaso.net\/index.php?rest_route=\/wp\/v2\/posts\/26344\/revisions\/26352"}],"wp:featuredmedia":[{"embeddable":true,"href":"https:\/\/www.latribunedufaso.net\/index.php?rest_route=\/wp\/v2\/media\/26350"}],"wp:attachment":[{"href":"https:\/\/www.latribunedufaso.net\/index.php?rest_route=%2Fwp%2Fv2%2Fmedia&parent=26344"}],"wp:term":[{"taxonomy":"category","embeddable":true,"href":"https:\/\/www.latribunedufaso.net\/index.php?rest_route=%2Fwp%2Fv2%2Fcategories&post=26344"},{"taxonomy":"post_tag","embeddable":true,"href":"https:\/\/www.latribunedufaso.net\/index.php?rest_route=%2Fwp%2Fv2%2Ftags&post=26344"}],"curies":[{"name":"wp","href":"https:\/\/api.w.org\/{rel}","templated":true}]}}