{"id":26337,"date":"2026-01-01T21:00:02","date_gmt":"2026-01-01T21:00:02","guid":{"rendered":"https:\/\/www.latribunedufaso.net\/?p=26337"},"modified":"2026-01-01T21:00:02","modified_gmt":"2026-01-01T21:00:02","slug":"lutte-contre-le-terrorisme-le-ministre-de-la-securite-encourage-le-gsipn","status":"publish","type":"post","link":"https:\/\/www.latribunedufaso.net\/?p=26337","title":{"rendered":"Lutte contre le terrorisme : Le ministre de la s\u00e9curit\u00e9 encourage le GSIPN"},"content":{"rendered":"<p><strong>Le Ministre de la S\u00e9curit\u00e9, Mahamadou Sana a effectu\u00e9, ce 1er janvier 2026, une visite d\u2019encouragement au Groupe Sp\u00e9cial d\u2019Intervention de la Police Nationale (GSIPN), unit\u00e9 d\u2019\u00e9lite engag\u00e9e en premi\u00e8re ligne dans la lutte contre le terrorisme et les menaces multiformes \u00e0 la s\u00e9curit\u00e9 nationale.<\/strong><!--more--><\/p>\n<p>\u00c0 travers cette visite symbolique en ce d\u00e9but de nouvelle ann\u00e9e, le ministre a tenu \u00e0 saluer le professionnalisme, la vigilance et la d\u00e9termination des hommes du GSIPN qui, jour et nuit, unissent leurs efforts pour scruter, anticiper et neutraliser les menaces, au service de la paix et de la protection des populations.<\/p>\n<p>Le ministre de la S\u00e9curit\u00e9 a particuli\u00e8rement mis en exergue la synergie d\u2019action entre les Forces de d\u00e9fense et de s\u00e9curit\u00e9, notamment la Police nationale et la Gendarmerie nationale, qu\u2019il a qualifi\u00e9e de levier essentiel de l\u2019efficacit\u00e9 op\u00e9rationnelle dans le contexte s\u00e9curitaire actuel.\u00a0<\/p>\n<figure id=\"attachment_26340\" aria-describedby=\"caption-attachment-26340\" style=\"width: 1080px\" class=\"wp-caption aligncenter\"><a href=\"https:\/\/www.latribunedufaso.net\/wp-content\/uploads\/2026\/01\/FB_IMG_1767300749731.jpg\"><img loading=\"lazy\" decoding=\"async\" class=\"size-full wp-image-26340\" src=\"https:\/\/www.latribunedufaso.net\/wp-content\/uploads\/2026\/01\/FB_IMG_1767300749731.jpg\" alt=\"En premi\u00e8re ligne dans la lutte contre le terrorisme, le ministre de la S\u00e9curit\u00e9 est all\u00e9 encourager le GSIPN, 1er janvier 2026\" width=\"1080\" height=\"720\" srcset=\"https:\/\/www.latribunedufaso.net\/wp-content\/uploads\/2026\/01\/FB_IMG_1767300749731.jpg 1080w, https:\/\/www.latribunedufaso.net\/wp-content\/uploads\/2026\/01\/FB_IMG_1767300749731-300x200.jpg 300w, https:\/\/www.latribunedufaso.net\/wp-content\/uploads\/2026\/01\/FB_IMG_1767300749731-1024x683.jpg 1024w, https:\/\/www.latribunedufaso.net\/wp-content\/uploads\/2026\/01\/FB_IMG_1767300749731-768x512.jpg 768w, https:\/\/www.latribunedufaso.net\/wp-content\/uploads\/2026\/01\/FB_IMG_1767300749731-840x560.jpg 840w, https:\/\/www.latribunedufaso.net\/wp-content\/uploads\/2026\/01\/FB_IMG_1767300749731-120x80.jpg 120w, https:\/\/www.latribunedufaso.net\/wp-content\/uploads\/2026\/01\/FB_IMG_1767300749731-360x240.jpg 360w, https:\/\/www.latribunedufaso.net\/wp-content\/uploads\/2026\/01\/FB_IMG_1767300749731-600x400.jpg 600w\" sizes=\"auto, (max-width: 1080px) 100vw, 1080px\" \/><\/a><figcaption id=\"caption-attachment-26340\" class=\"wp-caption-text\">Le ministre a salu\u00e9 le professionnalisme, la vigilance et la d\u00e9termination des hommes du GSIPN &#8211; Ph. DR<\/figcaption><\/figure>\n<p>Cette coop\u00e9ration renforc\u00e9e traduit, selon lui, l\u2019esprit de l\u2019Union sacr\u00e9e pr\u00f4n\u00e9e par les plus hautes autorit\u00e9s du pays.<\/p>\n<blockquote>\n<p>Lire aussi &gt;&gt; <a href=\"https:\/\/www.latribunedufaso.net\/?p=26281\">Reconqu\u00eate du territoire : Le Premier ministre au front moral dans le Bankui<\/a><\/p>\n<\/blockquote>\n<p>R\u00e9affirmant l\u2019engagement constant du Gouvernement \u00e0 soutenir les Forces de d\u00e9fense et de s\u00e9curit\u00e9, le Ministre a encourag\u00e9 les \u00e9l\u00e9ments du GSIPN \u00e0 maintenir leur niveau d\u2019exigence, de discipline et de loyaut\u00e9, gages d\u2019une s\u00e9curit\u00e9 durable et d\u2019une r\u00e9silience nationale renforc\u00e9e.<\/p>\n<p><strong>Latribunedufaso.net<\/strong><\/p>\n<p><strong>Source : DCRP\u2013MSECU<\/strong><\/p>\n<p><a href=\"https:\/\/www.latribunedufaso.net\/wp-content\/uploads\/2026\/01\/FB_IMG_1767300560089.jpg\"><img loading=\"lazy\" decoding=\"async\" class=\"aligncenter size-full wp-image-26341\" src=\"https:\/\/www.latribunedufaso.net\/wp-content\/uploads\/2026\/01\/FB_IMG_1767300560089.jpg\" alt=\"En premi\u00e8re ligne dans la lutte contre le terrorisme, le ministre de la S\u00e9curit\u00e9 est all\u00e9 encourager le GSIPN, 1er janvier 2026\" width=\"1032\" height=\"688\" srcset=\"https:\/\/www.latribunedufaso.net\/wp-content\/uploads\/2026\/01\/FB_IMG_1767300560089.jpg 1032w, https:\/\/www.latribunedufaso.net\/wp-content\/uploads\/2026\/01\/FB_IMG_1767300560089-300x200.jpg 300w, https:\/\/www.latribunedufaso.net\/wp-content\/uploads\/2026\/01\/FB_IMG_1767300560089-1024x683.jpg 1024w, https:\/\/www.latribunedufaso.net\/wp-content\/uploads\/2026\/01\/FB_IMG_1767300560089-768x512.jpg 768w, https:\/\/www.latribunedufaso.net\/wp-content\/uploads\/2026\/01\/FB_IMG_1767300560089-840x560.jpg 840w, https:\/\/www.latribunedufaso.net\/wp-content\/uploads\/2026\/01\/FB_IMG_1767300560089-120x80.jpg 120w, https:\/\/www.latribunedufaso.net\/wp-content\/uploads\/2026\/01\/FB_IMG_1767300560089-360x240.jpg 360w, https:\/\/www.latribunedufaso.net\/wp-content\/uploads\/2026\/01\/FB_IMG_1767300560089-600x400.jpg 600w\" sizes=\"auto, (max-width: 1032px) 100vw, 1032px\" \/><\/a><\/p>\n<p><a href=\"https:\/\/www.latribunedufaso.net\/wp-content\/uploads\/2026\/01\/FB_IMG_1767300582922.jpg\"><img loading=\"lazy\" decoding=\"async\" class=\"aligncenter size-full wp-image-26342\" src=\"https:\/\/www.latribunedufaso.net\/wp-content\/uploads\/2026\/01\/FB_IMG_1767300582922.jpg\" alt=\"En premi\u00e8re ligne dans la lutte contre le terrorisme, le ministre de la S\u00e9curit\u00e9 est all\u00e9 encourager le GSIPN, 1er janvier 2026\" width=\"1032\" height=\"688\" srcset=\"https:\/\/www.latribunedufaso.net\/wp-content\/uploads\/2026\/01\/FB_IMG_1767300582922.jpg 1032w, https:\/\/www.latribunedufaso.net\/wp-content\/uploads\/2026\/01\/FB_IMG_1767300582922-300x200.jpg 300w, https:\/\/www.latribunedufaso.net\/wp-content\/uploads\/2026\/01\/FB_IMG_1767300582922-1024x683.jpg 1024w, https:\/\/www.latribunedufaso.net\/wp-content\/uploads\/2026\/01\/FB_IMG_1767300582922-768x512.jpg 768w, https:\/\/www.latribunedufaso.net\/wp-content\/uploads\/2026\/01\/FB_IMG_1767300582922-840x560.jpg 840w, https:\/\/www.latribunedufaso.net\/wp-content\/uploads\/2026\/01\/FB_IMG_1767300582922-120x80.jpg 120w, https:\/\/www.latribunedufaso.net\/wp-content\/uploads\/2026\/01\/FB_IMG_1767300582922-360x240.jpg 360w, https:\/\/www.latribunedufaso.net\/wp-content\/uploads\/2026\/01\/FB_IMG_1767300582922-600x400.jpg 600w\" sizes=\"auto, (max-width: 1032px) 100vw, 1032px\" \/><\/a><\/p>\n","protected":false},"excerpt":{"rendered":"<p>Le Ministre de la S\u00e9curit\u00e9, Mahamadou Sana a effectu\u00e9, ce 1er janvier 2026, une visite d\u2019encouragement au Groupe Sp\u00e9cial d\u2019Intervention de la Police Nationale (GSIPN), unit\u00e9 d\u2019\u00e9lite engag\u00e9e en premi\u00e8re ligne dans la lutte contre le terrorisme et les menaces multiformes \u00e0 la s\u00e9curit\u00e9 nationale.<\/p>\n","protected":false},"author":5,"featured_media":26339,"comment_status":"open","ping_status":"open","sticky":false,"template":"","format":"standard","meta":{"footnotes":""},"categories":[13,1,8],"tags":[39,138],"class_list":["post-26337","post","type-post","status-publish","format-standard","has-post-thumbnail","hentry","category-une","category-actu","category-societe","tag-latribunedufaso-net","tag-lutte-contre-le-terrorisme"],"yoast_head":"<!-- This site is optimized with the Yoast SEO plugin v27.4 - https:\/\/yoast.com\/product\/yoast-seo-wordpress\/ -->\n<title>Lutte contre le terrorisme : Le ministre de la s\u00e9curit\u00e9 encourage le GSIPN - La Tribune du Faso<\/title>\n<meta name=\"robots\" content=\"index, follow, max-snippet:-1, max-image-preview:large, max-video-preview:-1\" \/>\n<link rel=\"canonical\" href=\"https:\/\/www.latribunedufaso.net\/?p=26337\" \/>\n<meta property=\"og:locale\" content=\"fr_FR\" \/>\n<meta property=\"og:type\" content=\"article\" \/>\n<meta property=\"og:title\" content=\"Lutte contre le terrorisme : Le ministre de la s\u00e9curit\u00e9 encourage le GSIPN - La Tribune du Faso\" \/>\n<meta property=\"og:description\" content=\"Le Ministre de la S\u00e9curit\u00e9, Mahamadou Sana a effectu\u00e9, ce 1er janvier 2026, une visite d\u2019encouragement au Groupe Sp\u00e9cial d\u2019Intervention de la Police Nationale (GSIPN), unit\u00e9 d\u2019\u00e9lite engag\u00e9e en premi\u00e8re ligne dans la lutte contre le terrorisme et les menaces multiformes \u00e0 la s\u00e9curit\u00e9 nationale.\" \/>\n<meta property=\"og:url\" content=\"https:\/\/www.latribunedufaso.net\/?p=26337\" \/>\n<meta property=\"og:site_name\" content=\"La Tribune du Faso\" \/>\n<meta property=\"article:publisher\" content=\"https:\/\/www.facebook.com\/LatribuneduFaso\/\" \/>\n<meta property=\"article:published_time\" content=\"2026-01-01T21:00:02+00:00\" \/>\n<meta property=\"og:image\" content=\"https:\/\/www.latribunedufaso.net\/wp-content\/uploads\/2026\/01\/FB_IMG_1767300754503.jpg\" \/>\n\t<meta property=\"og:image:width\" content=\"1032\" \/>\n\t<meta property=\"og:image:height\" content=\"688\" \/>\n\t<meta property=\"og:image:type\" content=\"image\/jpeg\" \/>\n<meta name=\"author\" content=\"Issouf Tapsoba\" \/>\n<meta name=\"twitter:label1\" content=\"\u00c9crit par\" \/>\n\t<meta name=\"twitter:data1\" content=\"Issouf Tapsoba\" \/>\n\t<meta name=\"twitter:label2\" content=\"Dur\u00e9e de lecture estim\u00e9e\" \/>\n\t<meta name=\"twitter:data2\" content=\"2 minutes\" \/>\n<script type=\"application\/ld+json\" class=\"yoast-schema-graph\">{\"@context\":\"https:\\\/\\\/schema.org\",\"@graph\":[{\"@type\":\"Article\",\"@id\":\"https:\\\/\\\/www.latribunedufaso.net\\\/?p=26337#article\",\"isPartOf\":{\"@id\":\"https:\\\/\\\/www.latribunedufaso.net\\\/?p=26337\"},\"author\":{\"name\":\"Issouf Tapsoba\",\"@id\":\"https:\\\/\\\/www.latribunedufaso.net\\\/#\\\/schema\\\/person\\\/e54e64c5778a7e72cf80a318b7a622b0\"},\"headline\":\"Lutte contre le terrorisme : Le ministre de la s\u00e9curit\u00e9 encourage le GSIPN\",\"datePublished\":\"2026-01-01T21:00:02+00:00\",\"mainEntityOfPage\":{\"@id\":\"https:\\\/\\\/www.latribunedufaso.net\\\/?p=26337\"},\"wordCount\":295,\"commentCount\":0,\"publisher\":{\"@id\":\"https:\\\/\\\/www.latribunedufaso.net\\\/#organization\"},\"image\":{\"@id\":\"https:\\\/\\\/www.latribunedufaso.net\\\/?p=26337#primaryimage\"},\"thumbnailUrl\":\"https:\\\/\\\/www.latribunedufaso.net\\\/wp-content\\\/uploads\\\/2026\\\/01\\\/FB_IMG_1767300754503.jpg\",\"keywords\":[\"latribunedufaso.net\",\"lutte contre le terrorisme\"],\"articleSection\":[\"A la une\",\"Actualit\u00e9\",\"Soci\u00e9t\u00e9\"],\"inLanguage\":\"fr-FR\",\"potentialAction\":[{\"@type\":\"CommentAction\",\"name\":\"Comment\",\"target\":[\"https:\\\/\\\/www.latribunedufaso.net\\\/?p=26337#respond\"]}]},{\"@type\":\"WebPage\",\"@id\":\"https:\\\/\\\/www.latribunedufaso.net\\\/?p=26337\",\"url\":\"https:\\\/\\\/www.latribunedufaso.net\\\/?p=26337\",\"name\":\"Lutte contre le terrorisme : Le ministre de la s\u00e9curit\u00e9 encourage le GSIPN - La Tribune du Faso\",\"isPartOf\":{\"@id\":\"https:\\\/\\\/www.latribunedufaso.net\\\/#website\"},\"primaryImageOfPage\":{\"@id\":\"https:\\\/\\\/www.latribunedufaso.net\\\/?p=26337#primaryimage\"},\"image\":{\"@id\":\"https:\\\/\\\/www.latribunedufaso.net\\\/?p=26337#primaryimage\"},\"thumbnailUrl\":\"https:\\\/\\\/www.latribunedufaso.net\\\/wp-content\\\/uploads\\\/2026\\\/01\\\/FB_IMG_1767300754503.jpg\",\"datePublished\":\"2026-01-01T21:00:02+00:00\",\"breadcrumb\":{\"@id\":\"https:\\\/\\\/www.latribunedufaso.net\\\/?p=26337#breadcrumb\"},\"inLanguage\":\"fr-FR\",\"potentialAction\":[{\"@type\":\"ReadAction\",\"target\":[\"https:\\\/\\\/www.latribunedufaso.net\\\/?p=26337\"]}]},{\"@type\":\"ImageObject\",\"inLanguage\":\"fr-FR\",\"@id\":\"https:\\\/\\\/www.latribunedufaso.net\\\/?p=26337#primaryimage\",\"url\":\"https:\\\/\\\/www.latribunedufaso.net\\\/wp-content\\\/uploads\\\/2026\\\/01\\\/FB_IMG_1767300754503.jpg\",\"contentUrl\":\"https:\\\/\\\/www.latribunedufaso.net\\\/wp-content\\\/uploads\\\/2026\\\/01\\\/FB_IMG_1767300754503.jpg\",\"width\":1032,\"height\":688,\"caption\":\"En premi\u00e8re ligne dans la lutte contre le terrorisme, le ministre de la S\u00e9curit\u00e9 est all\u00e9 encourager le GSIPN, 1er janvier 2026\"},{\"@type\":\"BreadcrumbList\",\"@id\":\"https:\\\/\\\/www.latribunedufaso.net\\\/?p=26337#breadcrumb\",\"itemListElement\":[{\"@type\":\"ListItem\",\"position\":1,\"name\":\"Accueil\",\"item\":\"https:\\\/\\\/www.latribunedufaso.net\\\/\"},{\"@type\":\"ListItem\",\"position\":2,\"name\":\"Lutte contre le terrorisme : Le ministre de la s\u00e9curit\u00e9 encourage le GSIPN\"}]},{\"@type\":\"WebSite\",\"@id\":\"https:\\\/\\\/www.latribunedufaso.net\\\/#website\",\"url\":\"https:\\\/\\\/www.latribunedufaso.net\\\/\",\"name\":\"La Tribune du Faso\",\"description\":\"L&#039;information du monde rural en un clic\",\"publisher\":{\"@id\":\"https:\\\/\\\/www.latribunedufaso.net\\\/#organization\"},\"potentialAction\":[{\"@type\":\"SearchAction\",\"target\":{\"@type\":\"EntryPoint\",\"urlTemplate\":\"https:\\\/\\\/www.latribunedufaso.net\\\/?s={search_term_string}\"},\"query-input\":{\"@type\":\"PropertyValueSpecification\",\"valueRequired\":true,\"valueName\":\"search_term_string\"}}],\"inLanguage\":\"fr-FR\"},{\"@type\":\"Organization\",\"@id\":\"https:\\\/\\\/www.latribunedufaso.net\\\/#organization\",\"name\":\"La Tribune du Faso\",\"url\":\"https:\\\/\\\/www.latribunedufaso.net\\\/\",\"logo\":{\"@type\":\"ImageObject\",\"inLanguage\":\"fr-FR\",\"@id\":\"https:\\\/\\\/www.latribunedufaso.net\\\/#\\\/schema\\\/logo\\\/image\\\/\",\"url\":\"https:\\\/\\\/www.latribunedufaso.net\\\/wp-content\\\/uploads\\\/2020\\\/08\\\/Logo-Tribune-du-Faso-final-scaled.jpg\",\"contentUrl\":\"https:\\\/\\\/www.latribunedufaso.net\\\/wp-content\\\/uploads\\\/2020\\\/08\\\/Logo-Tribune-du-Faso-final-scaled.jpg\",\"width\":2560,\"height\":1856,\"caption\":\"La Tribune du Faso\"},\"image\":{\"@id\":\"https:\\\/\\\/www.latribunedufaso.net\\\/#\\\/schema\\\/logo\\\/image\\\/\"},\"sameAs\":[\"https:\\\/\\\/www.facebook.com\\\/LatribuneduFaso\\\/\"]},{\"@type\":\"Person\",\"@id\":\"https:\\\/\\\/www.latribunedufaso.net\\\/#\\\/schema\\\/person\\\/e54e64c5778a7e72cf80a318b7a622b0\",\"name\":\"Issouf Tapsoba\",\"image\":{\"@type\":\"ImageObject\",\"inLanguage\":\"fr-FR\",\"@id\":\"https:\\\/\\\/secure.gravatar.com\\\/avatar\\\/5e6c05150ce3230247d167f5b94d678eb05936197436d69b7921e3a95c9107ac?s=96&d=mm&r=g\",\"url\":\"https:\\\/\\\/secure.gravatar.com\\\/avatar\\\/5e6c05150ce3230247d167f5b94d678eb05936197436d69b7921e3a95c9107ac?s=96&d=mm&r=g\",\"contentUrl\":\"https:\\\/\\\/secure.gravatar.com\\\/avatar\\\/5e6c05150ce3230247d167f5b94d678eb05936197436d69b7921e3a95c9107ac?s=96&d=mm&r=g\",\"caption\":\"Issouf Tapsoba\"},\"url\":\"https:\\\/\\\/www.latribunedufaso.net\\\/?author=5\"}]}<\/script>\n<!-- \/ Yoast SEO plugin. -->","yoast_head_json":{"title":"Lutte contre le terrorisme : Le ministre de la s\u00e9curit\u00e9 encourage le GSIPN - La Tribune du Faso","robots":{"index":"index","follow":"follow","max-snippet":"max-snippet:-1","max-image-preview":"max-image-preview:large","max-video-preview":"max-video-preview:-1"},"canonical":"https:\/\/www.latribunedufaso.net\/?p=26337","og_locale":"fr_FR","og_type":"article","og_title":"Lutte contre le terrorisme : Le ministre de la s\u00e9curit\u00e9 encourage le GSIPN - La Tribune du Faso","og_description":"Le Ministre de la S\u00e9curit\u00e9, Mahamadou Sana a effectu\u00e9, ce 1er janvier 2026, une visite d\u2019encouragement au Groupe Sp\u00e9cial d\u2019Intervention de la Police Nationale (GSIPN), unit\u00e9 d\u2019\u00e9lite engag\u00e9e en premi\u00e8re ligne dans la lutte contre le terrorisme et les menaces multiformes \u00e0 la s\u00e9curit\u00e9 nationale.","og_url":"https:\/\/www.latribunedufaso.net\/?p=26337","og_site_name":"La Tribune du Faso","article_publisher":"https:\/\/www.facebook.com\/LatribuneduFaso\/","article_published_time":"2026-01-01T21:00:02+00:00","og_image":[{"width":1032,"height":688,"url":"https:\/\/www.latribunedufaso.net\/wp-content\/uploads\/2026\/01\/FB_IMG_1767300754503.jpg","type":"image\/jpeg"}],"author":"Issouf Tapsoba","twitter_misc":{"\u00c9crit par":"Issouf Tapsoba","Dur\u00e9e de lecture estim\u00e9e":"2 minutes"},"schema":{"@context":"https:\/\/schema.org","@graph":[{"@type":"Article","@id":"https:\/\/www.latribunedufaso.net\/?p=26337#article","isPartOf":{"@id":"https:\/\/www.latribunedufaso.net\/?p=26337"},"author":{"name":"Issouf Tapsoba","@id":"https:\/\/www.latribunedufaso.net\/#\/schema\/person\/e54e64c5778a7e72cf80a318b7a622b0"},"headline":"Lutte contre le terrorisme : Le ministre de la s\u00e9curit\u00e9 encourage le GSIPN","datePublished":"2026-01-01T21:00:02+00:00","mainEntityOfPage":{"@id":"https:\/\/www.latribunedufaso.net\/?p=26337"},"wordCount":295,"commentCount":0,"publisher":{"@id":"https:\/\/www.latribunedufaso.net\/#organization"},"image":{"@id":"https:\/\/www.latribunedufaso.net\/?p=26337#primaryimage"},"thumbnailUrl":"https:\/\/www.latribunedufaso.net\/wp-content\/uploads\/2026\/01\/FB_IMG_1767300754503.jpg","keywords":["latribunedufaso.net","lutte contre le terrorisme"],"articleSection":["A la une","Actualit\u00e9","Soci\u00e9t\u00e9"],"inLanguage":"fr-FR","potentialAction":[{"@type":"CommentAction","name":"Comment","target":["https:\/\/www.latribunedufaso.net\/?p=26337#respond"]}]},{"@type":"WebPage","@id":"https:\/\/www.latribunedufaso.net\/?p=26337","url":"https:\/\/www.latribunedufaso.net\/?p=26337","name":"Lutte contre le terrorisme : Le ministre de la s\u00e9curit\u00e9 encourage le GSIPN - La Tribune du Faso","isPartOf":{"@id":"https:\/\/www.latribunedufaso.net\/#website"},"primaryImageOfPage":{"@id":"https:\/\/www.latribunedufaso.net\/?p=26337#primaryimage"},"image":{"@id":"https:\/\/www.latribunedufaso.net\/?p=26337#primaryimage"},"thumbnailUrl":"https:\/\/www.latribunedufaso.net\/wp-content\/uploads\/2026\/01\/FB_IMG_1767300754503.jpg","datePublished":"2026-01-01T21:00:02+00:00","breadcrumb":{"@id":"https:\/\/www.latribunedufaso.net\/?p=26337#breadcrumb"},"inLanguage":"fr-FR","potentialAction":[{"@type":"ReadAction","target":["https:\/\/www.latribunedufaso.net\/?p=26337"]}]},{"@type":"ImageObject","inLanguage":"fr-FR","@id":"https:\/\/www.latribunedufaso.net\/?p=26337#primaryimage","url":"https:\/\/www.latribunedufaso.net\/wp-content\/uploads\/2026\/01\/FB_IMG_1767300754503.jpg","contentUrl":"https:\/\/www.latribunedufaso.net\/wp-content\/uploads\/2026\/01\/FB_IMG_1767300754503.jpg","width":1032,"height":688,"caption":"En premi\u00e8re ligne dans la lutte contre le terrorisme, le ministre de la S\u00e9curit\u00e9 est all\u00e9 encourager le GSIPN, 1er janvier 2026"},{"@type":"BreadcrumbList","@id":"https:\/\/www.latribunedufaso.net\/?p=26337#breadcrumb","itemListElement":[{"@type":"ListItem","position":1,"name":"Accueil","item":"https:\/\/www.latribunedufaso.net\/"},{"@type":"ListItem","position":2,"name":"Lutte contre le terrorisme : Le ministre de la s\u00e9curit\u00e9 encourage le GSIPN"}]},{"@type":"WebSite","@id":"https:\/\/www.latribunedufaso.net\/#website","url":"https:\/\/www.latribunedufaso.net\/","name":"La Tribune du Faso","description":"L&#039;information du monde rural en un clic","publisher":{"@id":"https:\/\/www.latribunedufaso.net\/#organization"},"potentialAction":[{"@type":"SearchAction","target":{"@type":"EntryPoint","urlTemplate":"https:\/\/www.latribunedufaso.net\/?s={search_term_string}"},"query-input":{"@type":"PropertyValueSpecification","valueRequired":true,"valueName":"search_term_string"}}],"inLanguage":"fr-FR"},{"@type":"Organization","@id":"https:\/\/www.latribunedufaso.net\/#organization","name":"La Tribune du Faso","url":"https:\/\/www.latribunedufaso.net\/","logo":{"@type":"ImageObject","inLanguage":"fr-FR","@id":"https:\/\/www.latribunedufaso.net\/#\/schema\/logo\/image\/","url":"https:\/\/www.latribunedufaso.net\/wp-content\/uploads\/2020\/08\/Logo-Tribune-du-Faso-final-scaled.jpg","contentUrl":"https:\/\/www.latribunedufaso.net\/wp-content\/uploads\/2020\/08\/Logo-Tribune-du-Faso-final-scaled.jpg","width":2560,"height":1856,"caption":"La Tribune du Faso"},"image":{"@id":"https:\/\/www.latribunedufaso.net\/#\/schema\/logo\/image\/"},"sameAs":["https:\/\/www.facebook.com\/LatribuneduFaso\/"]},{"@type":"Person","@id":"https:\/\/www.latribunedufaso.net\/#\/schema\/person\/e54e64c5778a7e72cf80a318b7a622b0","name":"Issouf Tapsoba","image":{"@type":"ImageObject","inLanguage":"fr-FR","@id":"https:\/\/secure.gravatar.com\/avatar\/5e6c05150ce3230247d167f5b94d678eb05936197436d69b7921e3a95c9107ac?s=96&d=mm&r=g","url":"https:\/\/secure.gravatar.com\/avatar\/5e6c05150ce3230247d167f5b94d678eb05936197436d69b7921e3a95c9107ac?s=96&d=mm&r=g","contentUrl":"https:\/\/secure.gravatar.com\/avatar\/5e6c05150ce3230247d167f5b94d678eb05936197436d69b7921e3a95c9107ac?s=96&d=mm&r=g","caption":"Issouf Tapsoba"},"url":"https:\/\/www.latribunedufaso.net\/?author=5"}]}},"_links":{"self":[{"href":"https:\/\/www.latribunedufaso.net\/index.php?rest_route=\/wp\/v2\/posts\/26337","targetHints":{"allow":["GET"]}}],"collection":[{"href":"https:\/\/www.latribunedufaso.net\/index.php?rest_route=\/wp\/v2\/posts"}],"about":[{"href":"https:\/\/www.latribunedufaso.net\/index.php?rest_route=\/wp\/v2\/types\/post"}],"author":[{"embeddable":true,"href":"https:\/\/www.latribunedufaso.net\/index.php?rest_route=\/wp\/v2\/users\/5"}],"replies":[{"embeddable":true,"href":"https:\/\/www.latribunedufaso.net\/index.php?rest_route=%2Fwp%2Fv2%2Fcomments&post=26337"}],"version-history":[{"count":2,"href":"https:\/\/www.latribunedufaso.net\/index.php?rest_route=\/wp\/v2\/posts\/26337\/revisions"}],"predecessor-version":[{"id":26343,"href":"https:\/\/www.latribunedufaso.net\/index.php?rest_route=\/wp\/v2\/posts\/26337\/revisions\/26343"}],"wp:featuredmedia":[{"embeddable":true,"href":"https:\/\/www.latribunedufaso.net\/index.php?rest_route=\/wp\/v2\/media\/26339"}],"wp:attachment":[{"href":"https:\/\/www.latribunedufaso.net\/index.php?rest_route=%2Fwp%2Fv2%2Fmedia&parent=26337"}],"wp:term":[{"taxonomy":"category","embeddable":true,"href":"https:\/\/www.latribunedufaso.net\/index.php?rest_route=%2Fwp%2Fv2%2Fcategories&post=26337"},{"taxonomy":"post_tag","embeddable":true,"href":"https:\/\/www.latribunedufaso.net\/index.php?rest_route=%2Fwp%2Fv2%2Ftags&post=26337"}],"curies":[{"name":"wp","href":"https:\/\/api.w.org\/{rel}","templated":true}]}}