{"id":26284,"date":"2025-12-31T13:37:40","date_gmt":"2025-12-31T13:37:40","guid":{"rendered":"https:\/\/www.latribunedufaso.net\/?p=26284"},"modified":"2025-12-31T13:37:40","modified_gmt":"2025-12-31T13:37:40","slug":"voeux-2026-mgr-gabriel-sayaogo-appelle-a-la-paix-a-la-cohesion-et-a-un-engagement-patriotique","status":"publish","type":"post","link":"https:\/\/www.latribunedufaso.net\/?p=26284","title":{"rendered":"V\u0153ux 2026 : Mgr Gabriel Sayaogo appelle \u00e0 la paix, \u00e0 la coh\u00e9sion et \u00e0 un engagement patriotique"},"content":{"rendered":"<p><strong>\u00c0 l\u2019or\u00e9e de la nouvelle ann\u00e9e, le pr\u00e9sident de la Conf\u00e9rence \u00e9piscopale Burkina-Niger (CEB-N), Mgr Gabriel Sayaogo, a livr\u00e9, ce 31 d\u00e9cembre 2025 lors d\u2019une conf\u00e9rence de presse, un message fort \u00e0 la nation. Entre reconnaissance, gratitude et appels \u00e0 la responsabilit\u00e9 individuelle et collective, l\u2019homme de foi invite les Burkinab\u00e8 \u00e0 b\u00e2tir une paix durable, condition essentielle au d\u00e9veloppement.<\/strong><!--more--><\/p>\n<p>Il a d\u2019abord exprim\u00e9 sa gratitude \u00e0 Dieu pour les b\u00e9n\u00e9dictions re\u00e7ues en 2025, tout en rendant hommage \u00e0 ceux qui ont perdu la vie, notamment les forces de d\u00e9fense et de s\u00e9curit\u00e9 ainsi que les Volontaires pour la d\u00e9fense de la patrie (VDP), morts en assurant la s\u00e9curit\u00e9 des citoyens.<\/p>\n<p>Mgr Sayaogo a salu\u00e9 le changement d\u2019attitude de la jeunesse burkinab\u00e8, autrefois associ\u00e9e \u00e0 des actes de violence en fin d\u2019ann\u00e9e. Il a f\u00e9licit\u00e9 cette g\u00e9n\u00e9ration pour avoir compris que la r\u00e9ussite passe par l\u2019id\u00e9al et la construction, et non par la destruction des acquis.<\/p>\n<p>Aussi, il a lou\u00e9 l\u2019\u00e9lan patriotique qui anime de plus en plus de burkinab\u00e8 convaincus que le d\u00e9veloppement est entre leurs mains. Selon lui, l\u2019ann\u00e9e 2026 sera une ann\u00e9e de d\u00e9fis \u00e0 relever collectivement.<\/p>\n<figure id=\"attachment_26286\" aria-describedby=\"caption-attachment-26286\" style=\"width: 1280px\" class=\"wp-caption aligncenter\"><a href=\"https:\/\/www.latribunedufaso.net\/wp-content\/uploads\/2025\/12\/IMG-20251231-WA0036.jpg\"><img loading=\"lazy\" decoding=\"async\" class=\"size-full wp-image-26286\" src=\"https:\/\/www.latribunedufaso.net\/wp-content\/uploads\/2025\/12\/IMG-20251231-WA0036.jpg\" alt=\"Voeux de nouvel an de la Conf\u00e9rence \u00e9piscopale Burkina-Niger (CEB-N), Mgr Gabriel Sayaogo, 31 d\u00e9cembre 2025\" width=\"1280\" height=\"960\" srcset=\"https:\/\/www.latribunedufaso.net\/wp-content\/uploads\/2025\/12\/IMG-20251231-WA0036.jpg 1280w, https:\/\/www.latribunedufaso.net\/wp-content\/uploads\/2025\/12\/IMG-20251231-WA0036-300x225.jpg 300w, https:\/\/www.latribunedufaso.net\/wp-content\/uploads\/2025\/12\/IMG-20251231-WA0036-1024x768.jpg 1024w, https:\/\/www.latribunedufaso.net\/wp-content\/uploads\/2025\/12\/IMG-20251231-WA0036-768x576.jpg 768w\" sizes=\"auto, (max-width: 1280px) 100vw, 1280px\" \/><\/a><figcaption id=\"caption-attachment-26286\" class=\"wp-caption-text\">Une vue des journalistes \u00e0 la conf\u00e9rence &#8211; Ph. I. Tapsoba<\/figcaption><\/figure>\n<p>Le premier v\u0153u formul\u00e9 \u00e0 l\u2019endroit du peuple burkinab\u00e8 est celui de la paix, <em><strong>\u00ab la paix avec soi-m\u00eame, la paix avec l\u2019autre et la paix pour la nation enti\u00e8re \u00bb<\/strong><\/em>, a-t-il insist\u00e9.\u00a0<\/p>\n<p>Mgr Sayaogo a aussi souhait\u00e9 une bonne sant\u00e9 pour tous, une gouvernance \u00e9clair\u00e9e guid\u00e9e par le bien commun, ainsi que l\u2019acceptation des diff\u00e9rences, condition indispensable \u00e0 la coh\u00e9sion sociale.\u00a0<\/p>\n<p><em><strong>\u00ab Nous ne pouvons vivre la coh\u00e9sion sociale que lorsque nous sommes d\u2019abord pacifi\u00e9s entre nous \u00bb<\/strong><\/em>, a-t-il soulign\u00e9, tout en appelant \u00e0 l\u2019ach\u00e8vement des nombreux chantiers de d\u00e9veloppement entam\u00e9s \u00e0 travers le pays.<\/p>\n<blockquote>\n<p>Lire aussi &gt;&gt;\u00a0 <a href=\"https:\/\/www.latribunedufaso.net\/?p=13747\">Transition : La conf\u00e9rence \u00e9piscopale Burkina-Niger veut apporter \u00ab sa pri\u00e8re \u00bb<\/a><\/p>\n<\/blockquote>\n<p>Le message s\u2019est achev\u00e9 sur une b\u00e9n\u00e9diction pour le Burkina Faso et un souhait ardent de voir l\u2019ann\u00e9e 2026 marqu\u00e9e par la paix et la r\u00e9alisation des v\u0153ux les plus chers des citoyens.<\/p>\n<p><strong>In\u00e8s TOUGMA\u00a0<\/strong><\/p>\n<p><strong>Latribunedufaso.net<\/strong><\/p>\n","protected":false},"excerpt":{"rendered":"<p>\u00c0 l\u2019or\u00e9e de la nouvelle ann\u00e9e, le pr\u00e9sident de la Conf\u00e9rence \u00e9piscopale Burkina-Niger (CEB-N), Mgr Gabriel Sayaogo, a livr\u00e9, ce 31 d\u00e9cembre 2025 lors d\u2019une conf\u00e9rence de presse, un message fort \u00e0 la nation. Entre reconnaissance, gratitude et appels \u00e0 la responsabilit\u00e9 individuelle et collective, l\u2019homme de foi invite les Burkinab\u00e8 \u00e0 b\u00e2tir une paix durable, condition essentielle au d\u00e9veloppement.<\/p>\n","protected":false},"author":5,"featured_media":26287,"comment_status":"open","ping_status":"open","sticky":false,"template":"","format":"standard","meta":{"footnotes":""},"categories":[13,1,8],"tags":[39,1902],"class_list":["post-26284","post","type-post","status-publish","format-standard","has-post-thumbnail","hentry","category-une","category-actu","category-societe","tag-latribunedufaso-net","tag-voeux-de-nouvel-an"],"yoast_head":"<!-- This site is optimized with the Yoast SEO plugin v27.4 - https:\/\/yoast.com\/product\/yoast-seo-wordpress\/ -->\n<title>V\u0153ux 2026 : Mgr Gabriel Sayaogo appelle \u00e0 la paix, \u00e0 la coh\u00e9sion et \u00e0 un engagement patriotique - La Tribune du Faso<\/title>\n<meta name=\"robots\" content=\"index, follow, max-snippet:-1, max-image-preview:large, max-video-preview:-1\" \/>\n<link rel=\"canonical\" href=\"https:\/\/www.latribunedufaso.net\/?p=26284\" \/>\n<meta property=\"og:locale\" content=\"fr_FR\" \/>\n<meta property=\"og:type\" content=\"article\" \/>\n<meta property=\"og:title\" content=\"V\u0153ux 2026 : Mgr Gabriel Sayaogo appelle \u00e0 la paix, \u00e0 la coh\u00e9sion et \u00e0 un engagement patriotique - La Tribune du Faso\" \/>\n<meta property=\"og:description\" content=\"\u00c0 l\u2019or\u00e9e de la nouvelle ann\u00e9e, le pr\u00e9sident de la Conf\u00e9rence \u00e9piscopale Burkina-Niger (CEB-N), Mgr Gabriel Sayaogo, a livr\u00e9, ce 31 d\u00e9cembre 2025 lors d\u2019une conf\u00e9rence de presse, un message fort \u00e0 la nation. Entre reconnaissance, gratitude et appels \u00e0 la responsabilit\u00e9 individuelle et collective, l\u2019homme de foi invite les Burkinab\u00e8 \u00e0 b\u00e2tir une paix durable, condition essentielle au d\u00e9veloppement.\" \/>\n<meta property=\"og:url\" content=\"https:\/\/www.latribunedufaso.net\/?p=26284\" \/>\n<meta property=\"og:site_name\" content=\"La Tribune du Faso\" \/>\n<meta property=\"article:publisher\" content=\"https:\/\/www.facebook.com\/LatribuneduFaso\/\" \/>\n<meta property=\"article:published_time\" content=\"2025-12-31T13:37:40+00:00\" \/>\n<meta property=\"og:image\" content=\"https:\/\/www.latribunedufaso.net\/wp-content\/uploads\/2025\/12\/IMG-20251231-WA0035.jpg\" \/>\n\t<meta property=\"og:image:width\" content=\"2560\" \/>\n\t<meta property=\"og:image:height\" content=\"1920\" \/>\n\t<meta property=\"og:image:type\" content=\"image\/jpeg\" \/>\n<meta name=\"author\" content=\"Issouf Tapsoba\" \/>\n<meta name=\"twitter:label1\" content=\"\u00c9crit par\" \/>\n\t<meta name=\"twitter:data1\" content=\"Issouf Tapsoba\" \/>\n\t<meta name=\"twitter:label2\" content=\"Dur\u00e9e de lecture estim\u00e9e\" \/>\n\t<meta name=\"twitter:data2\" content=\"3 minutes\" \/>\n<script type=\"application\/ld+json\" class=\"yoast-schema-graph\">{\"@context\":\"https:\\\/\\\/schema.org\",\"@graph\":[{\"@type\":\"Article\",\"@id\":\"https:\\\/\\\/www.latribunedufaso.net\\\/?p=26284#article\",\"isPartOf\":{\"@id\":\"https:\\\/\\\/www.latribunedufaso.net\\\/?p=26284\"},\"author\":{\"name\":\"Issouf Tapsoba\",\"@id\":\"https:\\\/\\\/www.latribunedufaso.net\\\/#\\\/schema\\\/person\\\/e54e64c5778a7e72cf80a318b7a622b0\"},\"headline\":\"V\u0153ux 2026 : Mgr Gabriel Sayaogo appelle \u00e0 la paix, \u00e0 la coh\u00e9sion et \u00e0 un engagement patriotique\",\"datePublished\":\"2025-12-31T13:37:40+00:00\",\"mainEntityOfPage\":{\"@id\":\"https:\\\/\\\/www.latribunedufaso.net\\\/?p=26284\"},\"wordCount\":411,\"commentCount\":0,\"publisher\":{\"@id\":\"https:\\\/\\\/www.latribunedufaso.net\\\/#organization\"},\"image\":{\"@id\":\"https:\\\/\\\/www.latribunedufaso.net\\\/?p=26284#primaryimage\"},\"thumbnailUrl\":\"https:\\\/\\\/www.latribunedufaso.net\\\/wp-content\\\/uploads\\\/2025\\\/12\\\/IMG-20251231-WA0035.jpg\",\"keywords\":[\"latribunedufaso.net\",\"Voeux de nouvel an\"],\"articleSection\":[\"A la une\",\"Actualit\u00e9\",\"Soci\u00e9t\u00e9\"],\"inLanguage\":\"fr-FR\",\"potentialAction\":[{\"@type\":\"CommentAction\",\"name\":\"Comment\",\"target\":[\"https:\\\/\\\/www.latribunedufaso.net\\\/?p=26284#respond\"]}]},{\"@type\":\"WebPage\",\"@id\":\"https:\\\/\\\/www.latribunedufaso.net\\\/?p=26284\",\"url\":\"https:\\\/\\\/www.latribunedufaso.net\\\/?p=26284\",\"name\":\"V\u0153ux 2026 : Mgr Gabriel Sayaogo appelle \u00e0 la paix, \u00e0 la coh\u00e9sion et \u00e0 un engagement patriotique - La Tribune du Faso\",\"isPartOf\":{\"@id\":\"https:\\\/\\\/www.latribunedufaso.net\\\/#website\"},\"primaryImageOfPage\":{\"@id\":\"https:\\\/\\\/www.latribunedufaso.net\\\/?p=26284#primaryimage\"},\"image\":{\"@id\":\"https:\\\/\\\/www.latribunedufaso.net\\\/?p=26284#primaryimage\"},\"thumbnailUrl\":\"https:\\\/\\\/www.latribunedufaso.net\\\/wp-content\\\/uploads\\\/2025\\\/12\\\/IMG-20251231-WA0035.jpg\",\"datePublished\":\"2025-12-31T13:37:40+00:00\",\"breadcrumb\":{\"@id\":\"https:\\\/\\\/www.latribunedufaso.net\\\/?p=26284#breadcrumb\"},\"inLanguage\":\"fr-FR\",\"potentialAction\":[{\"@type\":\"ReadAction\",\"target\":[\"https:\\\/\\\/www.latribunedufaso.net\\\/?p=26284\"]}]},{\"@type\":\"ImageObject\",\"inLanguage\":\"fr-FR\",\"@id\":\"https:\\\/\\\/www.latribunedufaso.net\\\/?p=26284#primaryimage\",\"url\":\"https:\\\/\\\/www.latribunedufaso.net\\\/wp-content\\\/uploads\\\/2025\\\/12\\\/IMG-20251231-WA0035.jpg\",\"contentUrl\":\"https:\\\/\\\/www.latribunedufaso.net\\\/wp-content\\\/uploads\\\/2025\\\/12\\\/IMG-20251231-WA0035.jpg\",\"width\":2560,\"height\":1920,\"caption\":\"Voeux de nouvel an de la Conf\u00e9rence \u00e9piscopale Burkina-Niger (CEB-N), Mgr Gabriel Sayaogo, 31 d\u00e9cembre 2025\"},{\"@type\":\"BreadcrumbList\",\"@id\":\"https:\\\/\\\/www.latribunedufaso.net\\\/?p=26284#breadcrumb\",\"itemListElement\":[{\"@type\":\"ListItem\",\"position\":1,\"name\":\"Accueil\",\"item\":\"https:\\\/\\\/www.latribunedufaso.net\\\/\"},{\"@type\":\"ListItem\",\"position\":2,\"name\":\"V\u0153ux 2026 : Mgr Gabriel Sayaogo appelle \u00e0 la paix, \u00e0 la coh\u00e9sion et \u00e0 un engagement patriotique\"}]},{\"@type\":\"WebSite\",\"@id\":\"https:\\\/\\\/www.latribunedufaso.net\\\/#website\",\"url\":\"https:\\\/\\\/www.latribunedufaso.net\\\/\",\"name\":\"La Tribune du Faso\",\"description\":\"L&#039;information du monde rural en un clic\",\"publisher\":{\"@id\":\"https:\\\/\\\/www.latribunedufaso.net\\\/#organization\"},\"potentialAction\":[{\"@type\":\"SearchAction\",\"target\":{\"@type\":\"EntryPoint\",\"urlTemplate\":\"https:\\\/\\\/www.latribunedufaso.net\\\/?s={search_term_string}\"},\"query-input\":{\"@type\":\"PropertyValueSpecification\",\"valueRequired\":true,\"valueName\":\"search_term_string\"}}],\"inLanguage\":\"fr-FR\"},{\"@type\":\"Organization\",\"@id\":\"https:\\\/\\\/www.latribunedufaso.net\\\/#organization\",\"name\":\"La Tribune du Faso\",\"url\":\"https:\\\/\\\/www.latribunedufaso.net\\\/\",\"logo\":{\"@type\":\"ImageObject\",\"inLanguage\":\"fr-FR\",\"@id\":\"https:\\\/\\\/www.latribunedufaso.net\\\/#\\\/schema\\\/logo\\\/image\\\/\",\"url\":\"https:\\\/\\\/www.latribunedufaso.net\\\/wp-content\\\/uploads\\\/2020\\\/08\\\/Logo-Tribune-du-Faso-final-scaled.jpg\",\"contentUrl\":\"https:\\\/\\\/www.latribunedufaso.net\\\/wp-content\\\/uploads\\\/2020\\\/08\\\/Logo-Tribune-du-Faso-final-scaled.jpg\",\"width\":2560,\"height\":1856,\"caption\":\"La Tribune du Faso\"},\"image\":{\"@id\":\"https:\\\/\\\/www.latribunedufaso.net\\\/#\\\/schema\\\/logo\\\/image\\\/\"},\"sameAs\":[\"https:\\\/\\\/www.facebook.com\\\/LatribuneduFaso\\\/\"]},{\"@type\":\"Person\",\"@id\":\"https:\\\/\\\/www.latribunedufaso.net\\\/#\\\/schema\\\/person\\\/e54e64c5778a7e72cf80a318b7a622b0\",\"name\":\"Issouf Tapsoba\",\"image\":{\"@type\":\"ImageObject\",\"inLanguage\":\"fr-FR\",\"@id\":\"https:\\\/\\\/secure.gravatar.com\\\/avatar\\\/5e6c05150ce3230247d167f5b94d678eb05936197436d69b7921e3a95c9107ac?s=96&d=mm&r=g\",\"url\":\"https:\\\/\\\/secure.gravatar.com\\\/avatar\\\/5e6c05150ce3230247d167f5b94d678eb05936197436d69b7921e3a95c9107ac?s=96&d=mm&r=g\",\"contentUrl\":\"https:\\\/\\\/secure.gravatar.com\\\/avatar\\\/5e6c05150ce3230247d167f5b94d678eb05936197436d69b7921e3a95c9107ac?s=96&d=mm&r=g\",\"caption\":\"Issouf Tapsoba\"},\"url\":\"https:\\\/\\\/www.latribunedufaso.net\\\/?author=5\"}]}<\/script>\n<!-- \/ Yoast SEO plugin. -->","yoast_head_json":{"title":"V\u0153ux 2026 : Mgr Gabriel Sayaogo appelle \u00e0 la paix, \u00e0 la coh\u00e9sion et \u00e0 un engagement patriotique - La Tribune du Faso","robots":{"index":"index","follow":"follow","max-snippet":"max-snippet:-1","max-image-preview":"max-image-preview:large","max-video-preview":"max-video-preview:-1"},"canonical":"https:\/\/www.latribunedufaso.net\/?p=26284","og_locale":"fr_FR","og_type":"article","og_title":"V\u0153ux 2026 : Mgr Gabriel Sayaogo appelle \u00e0 la paix, \u00e0 la coh\u00e9sion et \u00e0 un engagement patriotique - La Tribune du Faso","og_description":"\u00c0 l\u2019or\u00e9e de la nouvelle ann\u00e9e, le pr\u00e9sident de la Conf\u00e9rence \u00e9piscopale Burkina-Niger (CEB-N), Mgr Gabriel Sayaogo, a livr\u00e9, ce 31 d\u00e9cembre 2025 lors d\u2019une conf\u00e9rence de presse, un message fort \u00e0 la nation. Entre reconnaissance, gratitude et appels \u00e0 la responsabilit\u00e9 individuelle et collective, l\u2019homme de foi invite les Burkinab\u00e8 \u00e0 b\u00e2tir une paix durable, condition essentielle au d\u00e9veloppement.","og_url":"https:\/\/www.latribunedufaso.net\/?p=26284","og_site_name":"La Tribune du Faso","article_publisher":"https:\/\/www.facebook.com\/LatribuneduFaso\/","article_published_time":"2025-12-31T13:37:40+00:00","og_image":[{"width":2560,"height":1920,"url":"https:\/\/www.latribunedufaso.net\/wp-content\/uploads\/2025\/12\/IMG-20251231-WA0035.jpg","type":"image\/jpeg"}],"author":"Issouf Tapsoba","twitter_misc":{"\u00c9crit par":"Issouf Tapsoba","Dur\u00e9e de lecture estim\u00e9e":"3 minutes"},"schema":{"@context":"https:\/\/schema.org","@graph":[{"@type":"Article","@id":"https:\/\/www.latribunedufaso.net\/?p=26284#article","isPartOf":{"@id":"https:\/\/www.latribunedufaso.net\/?p=26284"},"author":{"name":"Issouf Tapsoba","@id":"https:\/\/www.latribunedufaso.net\/#\/schema\/person\/e54e64c5778a7e72cf80a318b7a622b0"},"headline":"V\u0153ux 2026 : Mgr Gabriel Sayaogo appelle \u00e0 la paix, \u00e0 la coh\u00e9sion et \u00e0 un engagement patriotique","datePublished":"2025-12-31T13:37:40+00:00","mainEntityOfPage":{"@id":"https:\/\/www.latribunedufaso.net\/?p=26284"},"wordCount":411,"commentCount":0,"publisher":{"@id":"https:\/\/www.latribunedufaso.net\/#organization"},"image":{"@id":"https:\/\/www.latribunedufaso.net\/?p=26284#primaryimage"},"thumbnailUrl":"https:\/\/www.latribunedufaso.net\/wp-content\/uploads\/2025\/12\/IMG-20251231-WA0035.jpg","keywords":["latribunedufaso.net","Voeux de nouvel an"],"articleSection":["A la une","Actualit\u00e9","Soci\u00e9t\u00e9"],"inLanguage":"fr-FR","potentialAction":[{"@type":"CommentAction","name":"Comment","target":["https:\/\/www.latribunedufaso.net\/?p=26284#respond"]}]},{"@type":"WebPage","@id":"https:\/\/www.latribunedufaso.net\/?p=26284","url":"https:\/\/www.latribunedufaso.net\/?p=26284","name":"V\u0153ux 2026 : Mgr Gabriel Sayaogo appelle \u00e0 la paix, \u00e0 la coh\u00e9sion et \u00e0 un engagement patriotique - La Tribune du Faso","isPartOf":{"@id":"https:\/\/www.latribunedufaso.net\/#website"},"primaryImageOfPage":{"@id":"https:\/\/www.latribunedufaso.net\/?p=26284#primaryimage"},"image":{"@id":"https:\/\/www.latribunedufaso.net\/?p=26284#primaryimage"},"thumbnailUrl":"https:\/\/www.latribunedufaso.net\/wp-content\/uploads\/2025\/12\/IMG-20251231-WA0035.jpg","datePublished":"2025-12-31T13:37:40+00:00","breadcrumb":{"@id":"https:\/\/www.latribunedufaso.net\/?p=26284#breadcrumb"},"inLanguage":"fr-FR","potentialAction":[{"@type":"ReadAction","target":["https:\/\/www.latribunedufaso.net\/?p=26284"]}]},{"@type":"ImageObject","inLanguage":"fr-FR","@id":"https:\/\/www.latribunedufaso.net\/?p=26284#primaryimage","url":"https:\/\/www.latribunedufaso.net\/wp-content\/uploads\/2025\/12\/IMG-20251231-WA0035.jpg","contentUrl":"https:\/\/www.latribunedufaso.net\/wp-content\/uploads\/2025\/12\/IMG-20251231-WA0035.jpg","width":2560,"height":1920,"caption":"Voeux de nouvel an de la Conf\u00e9rence \u00e9piscopale Burkina-Niger (CEB-N), Mgr Gabriel Sayaogo, 31 d\u00e9cembre 2025"},{"@type":"BreadcrumbList","@id":"https:\/\/www.latribunedufaso.net\/?p=26284#breadcrumb","itemListElement":[{"@type":"ListItem","position":1,"name":"Accueil","item":"https:\/\/www.latribunedufaso.net\/"},{"@type":"ListItem","position":2,"name":"V\u0153ux 2026 : Mgr Gabriel Sayaogo appelle \u00e0 la paix, \u00e0 la coh\u00e9sion et \u00e0 un engagement patriotique"}]},{"@type":"WebSite","@id":"https:\/\/www.latribunedufaso.net\/#website","url":"https:\/\/www.latribunedufaso.net\/","name":"La Tribune du Faso","description":"L&#039;information du monde rural en un clic","publisher":{"@id":"https:\/\/www.latribunedufaso.net\/#organization"},"potentialAction":[{"@type":"SearchAction","target":{"@type":"EntryPoint","urlTemplate":"https:\/\/www.latribunedufaso.net\/?s={search_term_string}"},"query-input":{"@type":"PropertyValueSpecification","valueRequired":true,"valueName":"search_term_string"}}],"inLanguage":"fr-FR"},{"@type":"Organization","@id":"https:\/\/www.latribunedufaso.net\/#organization","name":"La Tribune du Faso","url":"https:\/\/www.latribunedufaso.net\/","logo":{"@type":"ImageObject","inLanguage":"fr-FR","@id":"https:\/\/www.latribunedufaso.net\/#\/schema\/logo\/image\/","url":"https:\/\/www.latribunedufaso.net\/wp-content\/uploads\/2020\/08\/Logo-Tribune-du-Faso-final-scaled.jpg","contentUrl":"https:\/\/www.latribunedufaso.net\/wp-content\/uploads\/2020\/08\/Logo-Tribune-du-Faso-final-scaled.jpg","width":2560,"height":1856,"caption":"La Tribune du Faso"},"image":{"@id":"https:\/\/www.latribunedufaso.net\/#\/schema\/logo\/image\/"},"sameAs":["https:\/\/www.facebook.com\/LatribuneduFaso\/"]},{"@type":"Person","@id":"https:\/\/www.latribunedufaso.net\/#\/schema\/person\/e54e64c5778a7e72cf80a318b7a622b0","name":"Issouf Tapsoba","image":{"@type":"ImageObject","inLanguage":"fr-FR","@id":"https:\/\/secure.gravatar.com\/avatar\/5e6c05150ce3230247d167f5b94d678eb05936197436d69b7921e3a95c9107ac?s=96&d=mm&r=g","url":"https:\/\/secure.gravatar.com\/avatar\/5e6c05150ce3230247d167f5b94d678eb05936197436d69b7921e3a95c9107ac?s=96&d=mm&r=g","contentUrl":"https:\/\/secure.gravatar.com\/avatar\/5e6c05150ce3230247d167f5b94d678eb05936197436d69b7921e3a95c9107ac?s=96&d=mm&r=g","caption":"Issouf Tapsoba"},"url":"https:\/\/www.latribunedufaso.net\/?author=5"}]}},"_links":{"self":[{"href":"https:\/\/www.latribunedufaso.net\/index.php?rest_route=\/wp\/v2\/posts\/26284","targetHints":{"allow":["GET"]}}],"collection":[{"href":"https:\/\/www.latribunedufaso.net\/index.php?rest_route=\/wp\/v2\/posts"}],"about":[{"href":"https:\/\/www.latribunedufaso.net\/index.php?rest_route=\/wp\/v2\/types\/post"}],"author":[{"embeddable":true,"href":"https:\/\/www.latribunedufaso.net\/index.php?rest_route=\/wp\/v2\/users\/5"}],"replies":[{"embeddable":true,"href":"https:\/\/www.latribunedufaso.net\/index.php?rest_route=%2Fwp%2Fv2%2Fcomments&post=26284"}],"version-history":[{"count":2,"href":"https:\/\/www.latribunedufaso.net\/index.php?rest_route=\/wp\/v2\/posts\/26284\/revisions"}],"predecessor-version":[{"id":26288,"href":"https:\/\/www.latribunedufaso.net\/index.php?rest_route=\/wp\/v2\/posts\/26284\/revisions\/26288"}],"wp:featuredmedia":[{"embeddable":true,"href":"https:\/\/www.latribunedufaso.net\/index.php?rest_route=\/wp\/v2\/media\/26287"}],"wp:attachment":[{"href":"https:\/\/www.latribunedufaso.net\/index.php?rest_route=%2Fwp%2Fv2%2Fmedia&parent=26284"}],"wp:term":[{"taxonomy":"category","embeddable":true,"href":"https:\/\/www.latribunedufaso.net\/index.php?rest_route=%2Fwp%2Fv2%2Fcategories&post=26284"},{"taxonomy":"post_tag","embeddable":true,"href":"https:\/\/www.latribunedufaso.net\/index.php?rest_route=%2Fwp%2Fv2%2Ftags&post=26284"}],"curies":[{"name":"wp","href":"https:\/\/api.w.org\/{rel}","templated":true}]}}