{"id":26240,"date":"2025-12-31T01:40:09","date_gmt":"2025-12-31T01:40:09","guid":{"rendered":"https:\/\/www.latribunedufaso.net\/?p=26240"},"modified":"2025-12-31T01:40:09","modified_gmt":"2025-12-31T01:40:09","slug":"3e-edition-des-journees-culturelles-et-sportives-le-quartier-nagrin-de-ouagadougou-vibre-au-rythme-de-la-cohesion-sociale-avec-les-forces-armees","status":"publish","type":"post","link":"https:\/\/www.latribunedufaso.net\/?p=26240","title":{"rendered":"3e \u00e9dition des Journ\u00e9es culturelles et sportives : Le quartier Nagrin de Ouagadougou vibre au rythme de la coh\u00e9sion sociale avec les Forces arm\u00e9es"},"content":{"rendered":"<p><strong>Renforcer la coh\u00e9sion sociale et cultiver le\u00a0 vivre-ensemble entre les Forces de d\u00e9fense et de s\u00e9curit\u00e9 (FDS) et les civils : tel \u00e9tait l&rsquo;objectif de la 3e \u00e9dition des Journ\u00e9es culturelles et sportives organis\u00e9e par le minist\u00e8re de la D\u00e9fense et des Anciens Combattants. Le 30 d\u00e9cembre 2025 \u00e0 Ouagadougou, les populations du quartier Nagrin se sont mobilis\u00e9es massivement pour participer \u00e0 ce moment de communion.<\/strong><!--more--><\/p>\n<p>Le clou de la 3e \u00e9dition des Journ\u00e9es culturelles a \u00e9t\u00e9 la course cycliste f\u00e9minine (37 participantes), disput\u00e9e sur une distance de 4,5 km. Cette comp\u00e9tition a r\u00e9uni les femmes du minist\u00e8re et celles du quartier. Malgr\u00e9 un d\u00e9part laborieux, Karijatou Millogo <span style=\"font-size: 1.0625rem;\">a su s&rsquo;imposer avec d\u00e9termination. Elle remporte le premier prix compos\u00e9 d&rsquo;un v\u00e9lo et d&rsquo;une enveloppe de 60 000 FCFA.<\/span><\/p>\n<figure id=\"attachment_26244\" aria-describedby=\"caption-attachment-26244\" style=\"width: 1080px\" class=\"wp-caption aligncenter\"><a href=\"https:\/\/www.latribunedufaso.net\/wp-content\/uploads\/2025\/12\/IMG-20251230-WA0075.jpg\"><img loading=\"lazy\" decoding=\"async\" class=\"size-full wp-image-26244\" src=\"https:\/\/www.latribunedufaso.net\/wp-content\/uploads\/2025\/12\/IMG-20251230-WA0075.jpg\" alt=\"Journ\u00e9es culturelles et sportives du minist\u00e8re de la D\u00e9fense\" width=\"1080\" height=\"628\" srcset=\"https:\/\/www.latribunedufaso.net\/wp-content\/uploads\/2025\/12\/IMG-20251230-WA0075.jpg 1080w, https:\/\/www.latribunedufaso.net\/wp-content\/uploads\/2025\/12\/IMG-20251230-WA0075-300x174.jpg 300w, https:\/\/www.latribunedufaso.net\/wp-content\/uploads\/2025\/12\/IMG-20251230-WA0075-1024x595.jpg 1024w, https:\/\/www.latribunedufaso.net\/wp-content\/uploads\/2025\/12\/IMG-20251230-WA0075-768x447.jpg 768w\" sizes=\"auto, (max-width: 1080px) 100vw, 1080px\" \/><\/a><figcaption id=\"caption-attachment-26244\" class=\"wp-caption-text\">Karijatou Millogo, vainqueur de la course cycliste &#8211; Ph. DR<\/figcaption><\/figure>\n<p><em><strong>\u00ab Je n&rsquo;avais jamais particip\u00e9 \u00e0 une course cycliste. Arriver premi\u00e8re est une immense joie. Je remercie les organisateurs et que Dieu b\u00e9nisse leur travail \u00bb<\/strong><\/em>, s&rsquo;est-elle r\u00e9jouie, tout en affirmant sa volont\u00e9 de d\u00e9fendre son titre lors des prochaines \u00e9ditions.<\/p>\n<p>L&rsquo;esprit d&rsquo;inclusion \u00e9tait \u00e9galement \u00e0 l&rsquo;honneur avec deux prix sp\u00e9ciaux : celui de la doyenne, d\u00e9cern\u00e9 \u00e0 Mme Nikiema (65 ans), et celui de la plus jeune coureuse, attribu\u00e9 \u00e0 Rachinatou Kabor\u00e9 (15 ans). Par ailleurs, toutes les participantes ont re\u00e7u une prime d&rsquo;encouragement de 2 000 FCFA.<\/p>\n<figure id=\"attachment_26248\" aria-describedby=\"caption-attachment-26248\" style=\"width: 872px\" class=\"wp-caption aligncenter\"><a href=\"https:\/\/www.latribunedufaso.net\/wp-content\/uploads\/2025\/12\/IMG-20251230-WA0078.jpg\"><img loading=\"lazy\" decoding=\"async\" class=\"size-full wp-image-26248\" src=\"https:\/\/www.latribunedufaso.net\/wp-content\/uploads\/2025\/12\/IMG-20251230-WA0078.jpg\" alt=\"3e \u00e9dition des Journ\u00e9es culturelles et sportives du minist\u00e8re de la D\u00e9fense, 30 d\u00e9cembre 2025\" width=\"872\" height=\"436\" srcset=\"https:\/\/www.latribunedufaso.net\/wp-content\/uploads\/2025\/12\/IMG-20251230-WA0078.jpg 872w, https:\/\/www.latribunedufaso.net\/wp-content\/uploads\/2025\/12\/IMG-20251230-WA0078-300x150.jpg 300w, https:\/\/www.latribunedufaso.net\/wp-content\/uploads\/2025\/12\/IMG-20251230-WA0078-768x384.jpg 768w, https:\/\/www.latribunedufaso.net\/wp-content\/uploads\/2025\/12\/IMG-20251230-WA0078-840x420.jpg 840w\" sizes=\"auto, (max-width: 872px) 100vw, 872px\" \/><\/a><figcaption id=\"caption-attachment-26248\" class=\"wp-caption-text\">Une vue des participants \u00e0 la c\u00e9r\u00e9monie &#8211; Ph. DR<\/figcaption><\/figure>\n<h3 style=\"text-align: left;\">Une diversit\u00e9 de disciplines pour une coh\u00e9sion renforc\u00e9e<\/h3>\n<p>Au-del\u00e0 du cyclisme, ces journ\u00e9es ont \u00e9t\u00e9 rythm\u00e9es par diverses comp\u00e9titions : scrabble, jeu de dames, cartes et p\u00e9tanque. Les vainqueurs ont re\u00e7u leurs r\u00e9compenses lors d&rsquo;une c\u00e9r\u00e9monie solennelle pr\u00e9sid\u00e9e par l&rsquo;Inspecteur g\u00e9n\u00e9ral des Forces arm\u00e9es nationales, le G\u00e9n\u00e9ral de Brigade Mady Sawadogo, repr\u00e9sentant le ministre d&rsquo;\u00c9tat, ministre de la D\u00e9fense et des Anciens combattants, le G\u00e9n\u00e9ral de Brigade C\u00e9lestin Simpor\u00e9.<\/p>\n<figure id=\"attachment_26245\" aria-describedby=\"caption-attachment-26245\" style=\"width: 1080px\" class=\"wp-caption aligncenter\"><a href=\"https:\/\/www.latribunedufaso.net\/wp-content\/uploads\/2025\/12\/IMG-20251230-WA0079.jpg\"><img loading=\"lazy\" decoding=\"async\" class=\"size-full wp-image-26245\" src=\"https:\/\/www.latribunedufaso.net\/wp-content\/uploads\/2025\/12\/IMG-20251230-WA0079.jpg\" alt=\"3e \u00e9dition des Journ\u00e9es culturelles et sportives du minist\u00e8re de la D\u00e9fense, 30 d\u00e9cembre 2025\" width=\"1080\" height=\"571\" srcset=\"https:\/\/www.latribunedufaso.net\/wp-content\/uploads\/2025\/12\/IMG-20251230-WA0079.jpg 1080w, https:\/\/www.latribunedufaso.net\/wp-content\/uploads\/2025\/12\/IMG-20251230-WA0079-300x159.jpg 300w, https:\/\/www.latribunedufaso.net\/wp-content\/uploads\/2025\/12\/IMG-20251230-WA0079-1024x541.jpg 1024w, https:\/\/www.latribunedufaso.net\/wp-content\/uploads\/2025\/12\/IMG-20251230-WA0079-768x406.jpg 768w\" sizes=\"auto, (max-width: 1080px) 100vw, 1080px\" \/><\/a><figcaption id=\"caption-attachment-26245\" class=\"wp-caption-text\">37 femmes ont particip\u00e9 \u00e0 la course cycliste &#8211; Ph. DR<\/figcaption><\/figure>\n<p>Pour les organisateurs, cette \u00e9dition est une r\u00e9ussite totale. <em><strong>\u00ab Tous les programmes ont \u00e9t\u00e9 conduits \u00e0 terme. L\u2019objectif est atteint gr\u00e2ce \u00e0 des innovations notables, un fort engouement des populations et l\u2019appui de nos partenaires \u00bb<\/strong><\/em>, a soulign\u00e9 le repr\u00e9sentant du ministre.<\/p>\n<blockquote>\n<p>Lire aussi &gt;&gt; <a href=\"https:\/\/www.latribunedufaso.net\/?p=25229\">Jeux miniers sportifs : Les acteurs misent sur le sport pour renforcer la coh\u00e9sion sociale\u00a0<\/a><\/p>\n<\/blockquote>\n<p>En associant sport et culture, le minist\u00e8re de la D\u00e9fense r\u00e9affirme sa volont\u00e9 de b\u00e2tir une s\u00e9curit\u00e9 de proximit\u00e9 fond\u00e9e sur la confiance mutuelle entre les porteurs de tenue et les citoyens.<\/p>\n<p><strong>Issouf Tapsoba\u00a0<\/strong><\/p>\n<p><strong>Latribunedufaso.net<\/strong><\/p>\n<p><a href=\"https:\/\/www.latribunedufaso.net\/wp-content\/uploads\/2025\/12\/IMG-20251230-WA0073.jpg\"><img loading=\"lazy\" decoding=\"async\" class=\"aligncenter size-full wp-image-26246\" src=\"https:\/\/www.latribunedufaso.net\/wp-content\/uploads\/2025\/12\/IMG-20251230-WA0073.jpg\" alt=\"3e \u00e9dition des Journ\u00e9es culturelles et sportives du minist\u00e8re de la D\u00e9fense, 30 d\u00e9cembre 2025\" width=\"1006\" height=\"446\" srcset=\"https:\/\/www.latribunedufaso.net\/wp-content\/uploads\/2025\/12\/IMG-20251230-WA0073.jpg 1006w, https:\/\/www.latribunedufaso.net\/wp-content\/uploads\/2025\/12\/IMG-20251230-WA0073-300x133.jpg 300w, https:\/\/www.latribunedufaso.net\/wp-content\/uploads\/2025\/12\/IMG-20251230-WA0073-768x340.jpg 768w\" sizes=\"auto, (max-width: 1006px) 100vw, 1006px\" \/><\/a><\/p>\n","protected":false},"excerpt":{"rendered":"<p>Renforcer la coh\u00e9sion sociale et cultiver le\u00a0 vivre-ensemble entre les Forces de d\u00e9fense et de s\u00e9curit\u00e9 (FDS) et les civils : tel \u00e9tait l&rsquo;objectif de la 3e \u00e9dition des Journ\u00e9es culturelles et sportives organis\u00e9e par le minist\u00e8re de la D\u00e9fense et des Anciens Combattants. Le 30 d\u00e9cembre 2025 \u00e0 Ouagadougou, les populations du quartier Nagrin se sont mobilis\u00e9es massivement pour participer \u00e0 ce moment de communion.<\/p>\n","protected":false},"author":5,"featured_media":26247,"comment_status":"open","ping_status":"open","sticky":false,"template":"","format":"standard","meta":{"footnotes":""},"categories":[13,1,8],"tags":[149,1898,39],"class_list":["post-26240","post","type-post","status-publish","format-standard","has-post-thumbnail","hentry","category-une","category-actu","category-societe","tag-cohesion-sociale","tag-journees-sportives-et-culturelles-du-ministere-de-la-defense","tag-latribunedufaso-net"],"yoast_head":"<!-- This site is optimized with the Yoast SEO plugin v27.4 - https:\/\/yoast.com\/product\/yoast-seo-wordpress\/ -->\n<title>3e \u00e9dition des Journ\u00e9es culturelles et sportives : Le quartier Nagrin de Ouagadougou vibre au rythme de la coh\u00e9sion sociale avec les Forces arm\u00e9es - La Tribune du Faso<\/title>\n<meta name=\"robots\" content=\"index, follow, max-snippet:-1, max-image-preview:large, max-video-preview:-1\" \/>\n<link rel=\"canonical\" href=\"https:\/\/www.latribunedufaso.net\/?p=26240\" \/>\n<meta property=\"og:locale\" content=\"fr_FR\" \/>\n<meta property=\"og:type\" content=\"article\" \/>\n<meta property=\"og:title\" content=\"3e \u00e9dition des Journ\u00e9es culturelles et sportives : Le quartier Nagrin de Ouagadougou vibre au rythme de la coh\u00e9sion sociale avec les Forces arm\u00e9es - La Tribune du Faso\" \/>\n<meta property=\"og:description\" content=\"Renforcer la coh\u00e9sion sociale et cultiver le\u00a0 vivre-ensemble entre les Forces de d\u00e9fense et de s\u00e9curit\u00e9 (FDS) et les civils : tel \u00e9tait l&rsquo;objectif de la 3e \u00e9dition des Journ\u00e9es culturelles et sportives organis\u00e9e par le minist\u00e8re de la D\u00e9fense et des Anciens Combattants. Le 30 d\u00e9cembre 2025 \u00e0 Ouagadougou, les populations du quartier Nagrin se sont mobilis\u00e9es massivement pour participer \u00e0 ce moment de communion.\" \/>\n<meta property=\"og:url\" content=\"https:\/\/www.latribunedufaso.net\/?p=26240\" \/>\n<meta property=\"og:site_name\" content=\"La Tribune du Faso\" \/>\n<meta property=\"article:publisher\" content=\"https:\/\/www.facebook.com\/LatribuneduFaso\/\" \/>\n<meta property=\"article:published_time\" content=\"2025-12-31T01:40:09+00:00\" \/>\n<meta property=\"og:image\" content=\"https:\/\/www.latribunedufaso.net\/wp-content\/uploads\/2025\/12\/IMG-20251230-WA0077.jpg\" \/>\n\t<meta property=\"og:image:width\" content=\"975\" \/>\n\t<meta property=\"og:image:height\" content=\"589\" \/>\n\t<meta property=\"og:image:type\" content=\"image\/jpeg\" \/>\n<meta name=\"author\" content=\"Issouf Tapsoba\" \/>\n<meta name=\"twitter:label1\" content=\"\u00c9crit par\" \/>\n\t<meta name=\"twitter:data1\" content=\"Issouf Tapsoba\" \/>\n\t<meta name=\"twitter:label2\" content=\"Dur\u00e9e de lecture estim\u00e9e\" \/>\n\t<meta name=\"twitter:data2\" content=\"4 minutes\" \/>\n<script type=\"application\/ld+json\" class=\"yoast-schema-graph\">{\"@context\":\"https:\\\/\\\/schema.org\",\"@graph\":[{\"@type\":\"Article\",\"@id\":\"https:\\\/\\\/www.latribunedufaso.net\\\/?p=26240#article\",\"isPartOf\":{\"@id\":\"https:\\\/\\\/www.latribunedufaso.net\\\/?p=26240\"},\"author\":{\"name\":\"Issouf Tapsoba\",\"@id\":\"https:\\\/\\\/www.latribunedufaso.net\\\/#\\\/schema\\\/person\\\/e54e64c5778a7e72cf80a318b7a622b0\"},\"headline\":\"3e \u00e9dition des Journ\u00e9es culturelles et sportives : Le quartier Nagrin de Ouagadougou vibre au rythme de la coh\u00e9sion sociale avec les Forces arm\u00e9es\",\"datePublished\":\"2025-12-31T01:40:09+00:00\",\"mainEntityOfPage\":{\"@id\":\"https:\\\/\\\/www.latribunedufaso.net\\\/?p=26240\"},\"wordCount\":507,\"commentCount\":0,\"publisher\":{\"@id\":\"https:\\\/\\\/www.latribunedufaso.net\\\/#organization\"},\"image\":{\"@id\":\"https:\\\/\\\/www.latribunedufaso.net\\\/?p=26240#primaryimage\"},\"thumbnailUrl\":\"https:\\\/\\\/www.latribunedufaso.net\\\/wp-content\\\/uploads\\\/2025\\\/12\\\/IMG-20251230-WA0077.jpg\",\"keywords\":[\"coh\u00e9sion sociale\",\"Journ\u00e9es sportives et culturelles du minist\u00e8re de la D\u00e9fense\",\"latribunedufaso.net\"],\"articleSection\":[\"A la une\",\"Actualit\u00e9\",\"Soci\u00e9t\u00e9\"],\"inLanguage\":\"fr-FR\",\"potentialAction\":[{\"@type\":\"CommentAction\",\"name\":\"Comment\",\"target\":[\"https:\\\/\\\/www.latribunedufaso.net\\\/?p=26240#respond\"]}]},{\"@type\":\"WebPage\",\"@id\":\"https:\\\/\\\/www.latribunedufaso.net\\\/?p=26240\",\"url\":\"https:\\\/\\\/www.latribunedufaso.net\\\/?p=26240\",\"name\":\"3e \u00e9dition des Journ\u00e9es culturelles et sportives : Le quartier Nagrin de Ouagadougou vibre au rythme de la coh\u00e9sion sociale avec les Forces arm\u00e9es - La Tribune du Faso\",\"isPartOf\":{\"@id\":\"https:\\\/\\\/www.latribunedufaso.net\\\/#website\"},\"primaryImageOfPage\":{\"@id\":\"https:\\\/\\\/www.latribunedufaso.net\\\/?p=26240#primaryimage\"},\"image\":{\"@id\":\"https:\\\/\\\/www.latribunedufaso.net\\\/?p=26240#primaryimage\"},\"thumbnailUrl\":\"https:\\\/\\\/www.latribunedufaso.net\\\/wp-content\\\/uploads\\\/2025\\\/12\\\/IMG-20251230-WA0077.jpg\",\"datePublished\":\"2025-12-31T01:40:09+00:00\",\"breadcrumb\":{\"@id\":\"https:\\\/\\\/www.latribunedufaso.net\\\/?p=26240#breadcrumb\"},\"inLanguage\":\"fr-FR\",\"potentialAction\":[{\"@type\":\"ReadAction\",\"target\":[\"https:\\\/\\\/www.latribunedufaso.net\\\/?p=26240\"]}]},{\"@type\":\"ImageObject\",\"inLanguage\":\"fr-FR\",\"@id\":\"https:\\\/\\\/www.latribunedufaso.net\\\/?p=26240#primaryimage\",\"url\":\"https:\\\/\\\/www.latribunedufaso.net\\\/wp-content\\\/uploads\\\/2025\\\/12\\\/IMG-20251230-WA0077.jpg\",\"contentUrl\":\"https:\\\/\\\/www.latribunedufaso.net\\\/wp-content\\\/uploads\\\/2025\\\/12\\\/IMG-20251230-WA0077.jpg\",\"width\":975,\"height\":589,\"caption\":\"3e \u00e9dition des Journ\u00e9es culturelles et sportives du minist\u00e8re de la D\u00e9fense, 30 d\u00e9cembre 2025\"},{\"@type\":\"BreadcrumbList\",\"@id\":\"https:\\\/\\\/www.latribunedufaso.net\\\/?p=26240#breadcrumb\",\"itemListElement\":[{\"@type\":\"ListItem\",\"position\":1,\"name\":\"Accueil\",\"item\":\"https:\\\/\\\/www.latribunedufaso.net\\\/\"},{\"@type\":\"ListItem\",\"position\":2,\"name\":\"3e \u00e9dition des Journ\u00e9es culturelles et sportives : Le quartier Nagrin de Ouagadougou vibre au rythme de la coh\u00e9sion sociale avec les Forces arm\u00e9es\"}]},{\"@type\":\"WebSite\",\"@id\":\"https:\\\/\\\/www.latribunedufaso.net\\\/#website\",\"url\":\"https:\\\/\\\/www.latribunedufaso.net\\\/\",\"name\":\"La Tribune du Faso\",\"description\":\"L&#039;information du monde rural en un clic\",\"publisher\":{\"@id\":\"https:\\\/\\\/www.latribunedufaso.net\\\/#organization\"},\"potentialAction\":[{\"@type\":\"SearchAction\",\"target\":{\"@type\":\"EntryPoint\",\"urlTemplate\":\"https:\\\/\\\/www.latribunedufaso.net\\\/?s={search_term_string}\"},\"query-input\":{\"@type\":\"PropertyValueSpecification\",\"valueRequired\":true,\"valueName\":\"search_term_string\"}}],\"inLanguage\":\"fr-FR\"},{\"@type\":\"Organization\",\"@id\":\"https:\\\/\\\/www.latribunedufaso.net\\\/#organization\",\"name\":\"La Tribune du Faso\",\"url\":\"https:\\\/\\\/www.latribunedufaso.net\\\/\",\"logo\":{\"@type\":\"ImageObject\",\"inLanguage\":\"fr-FR\",\"@id\":\"https:\\\/\\\/www.latribunedufaso.net\\\/#\\\/schema\\\/logo\\\/image\\\/\",\"url\":\"https:\\\/\\\/www.latribunedufaso.net\\\/wp-content\\\/uploads\\\/2020\\\/08\\\/Logo-Tribune-du-Faso-final-scaled.jpg\",\"contentUrl\":\"https:\\\/\\\/www.latribunedufaso.net\\\/wp-content\\\/uploads\\\/2020\\\/08\\\/Logo-Tribune-du-Faso-final-scaled.jpg\",\"width\":2560,\"height\":1856,\"caption\":\"La Tribune du Faso\"},\"image\":{\"@id\":\"https:\\\/\\\/www.latribunedufaso.net\\\/#\\\/schema\\\/logo\\\/image\\\/\"},\"sameAs\":[\"https:\\\/\\\/www.facebook.com\\\/LatribuneduFaso\\\/\"]},{\"@type\":\"Person\",\"@id\":\"https:\\\/\\\/www.latribunedufaso.net\\\/#\\\/schema\\\/person\\\/e54e64c5778a7e72cf80a318b7a622b0\",\"name\":\"Issouf Tapsoba\",\"image\":{\"@type\":\"ImageObject\",\"inLanguage\":\"fr-FR\",\"@id\":\"https:\\\/\\\/secure.gravatar.com\\\/avatar\\\/5e6c05150ce3230247d167f5b94d678eb05936197436d69b7921e3a95c9107ac?s=96&d=mm&r=g\",\"url\":\"https:\\\/\\\/secure.gravatar.com\\\/avatar\\\/5e6c05150ce3230247d167f5b94d678eb05936197436d69b7921e3a95c9107ac?s=96&d=mm&r=g\",\"contentUrl\":\"https:\\\/\\\/secure.gravatar.com\\\/avatar\\\/5e6c05150ce3230247d167f5b94d678eb05936197436d69b7921e3a95c9107ac?s=96&d=mm&r=g\",\"caption\":\"Issouf Tapsoba\"},\"url\":\"https:\\\/\\\/www.latribunedufaso.net\\\/?author=5\"}]}<\/script>\n<!-- \/ Yoast SEO plugin. -->","yoast_head_json":{"title":"3e \u00e9dition des Journ\u00e9es culturelles et sportives : Le quartier Nagrin de Ouagadougou vibre au rythme de la coh\u00e9sion sociale avec les Forces arm\u00e9es - La Tribune du Faso","robots":{"index":"index","follow":"follow","max-snippet":"max-snippet:-1","max-image-preview":"max-image-preview:large","max-video-preview":"max-video-preview:-1"},"canonical":"https:\/\/www.latribunedufaso.net\/?p=26240","og_locale":"fr_FR","og_type":"article","og_title":"3e \u00e9dition des Journ\u00e9es culturelles et sportives : Le quartier Nagrin de Ouagadougou vibre au rythme de la coh\u00e9sion sociale avec les Forces arm\u00e9es - La Tribune du Faso","og_description":"Renforcer la coh\u00e9sion sociale et cultiver le\u00a0 vivre-ensemble entre les Forces de d\u00e9fense et de s\u00e9curit\u00e9 (FDS) et les civils : tel \u00e9tait l&rsquo;objectif de la 3e \u00e9dition des Journ\u00e9es culturelles et sportives organis\u00e9e par le minist\u00e8re de la D\u00e9fense et des Anciens Combattants. Le 30 d\u00e9cembre 2025 \u00e0 Ouagadougou, les populations du quartier Nagrin se sont mobilis\u00e9es massivement pour participer \u00e0 ce moment de communion.","og_url":"https:\/\/www.latribunedufaso.net\/?p=26240","og_site_name":"La Tribune du Faso","article_publisher":"https:\/\/www.facebook.com\/LatribuneduFaso\/","article_published_time":"2025-12-31T01:40:09+00:00","og_image":[{"width":975,"height":589,"url":"https:\/\/www.latribunedufaso.net\/wp-content\/uploads\/2025\/12\/IMG-20251230-WA0077.jpg","type":"image\/jpeg"}],"author":"Issouf Tapsoba","twitter_misc":{"\u00c9crit par":"Issouf Tapsoba","Dur\u00e9e de lecture estim\u00e9e":"4 minutes"},"schema":{"@context":"https:\/\/schema.org","@graph":[{"@type":"Article","@id":"https:\/\/www.latribunedufaso.net\/?p=26240#article","isPartOf":{"@id":"https:\/\/www.latribunedufaso.net\/?p=26240"},"author":{"name":"Issouf Tapsoba","@id":"https:\/\/www.latribunedufaso.net\/#\/schema\/person\/e54e64c5778a7e72cf80a318b7a622b0"},"headline":"3e \u00e9dition des Journ\u00e9es culturelles et sportives : Le quartier Nagrin de Ouagadougou vibre au rythme de la coh\u00e9sion sociale avec les Forces arm\u00e9es","datePublished":"2025-12-31T01:40:09+00:00","mainEntityOfPage":{"@id":"https:\/\/www.latribunedufaso.net\/?p=26240"},"wordCount":507,"commentCount":0,"publisher":{"@id":"https:\/\/www.latribunedufaso.net\/#organization"},"image":{"@id":"https:\/\/www.latribunedufaso.net\/?p=26240#primaryimage"},"thumbnailUrl":"https:\/\/www.latribunedufaso.net\/wp-content\/uploads\/2025\/12\/IMG-20251230-WA0077.jpg","keywords":["coh\u00e9sion sociale","Journ\u00e9es sportives et culturelles du minist\u00e8re de la D\u00e9fense","latribunedufaso.net"],"articleSection":["A la une","Actualit\u00e9","Soci\u00e9t\u00e9"],"inLanguage":"fr-FR","potentialAction":[{"@type":"CommentAction","name":"Comment","target":["https:\/\/www.latribunedufaso.net\/?p=26240#respond"]}]},{"@type":"WebPage","@id":"https:\/\/www.latribunedufaso.net\/?p=26240","url":"https:\/\/www.latribunedufaso.net\/?p=26240","name":"3e \u00e9dition des Journ\u00e9es culturelles et sportives : Le quartier Nagrin de Ouagadougou vibre au rythme de la coh\u00e9sion sociale avec les Forces arm\u00e9es - La Tribune du Faso","isPartOf":{"@id":"https:\/\/www.latribunedufaso.net\/#website"},"primaryImageOfPage":{"@id":"https:\/\/www.latribunedufaso.net\/?p=26240#primaryimage"},"image":{"@id":"https:\/\/www.latribunedufaso.net\/?p=26240#primaryimage"},"thumbnailUrl":"https:\/\/www.latribunedufaso.net\/wp-content\/uploads\/2025\/12\/IMG-20251230-WA0077.jpg","datePublished":"2025-12-31T01:40:09+00:00","breadcrumb":{"@id":"https:\/\/www.latribunedufaso.net\/?p=26240#breadcrumb"},"inLanguage":"fr-FR","potentialAction":[{"@type":"ReadAction","target":["https:\/\/www.latribunedufaso.net\/?p=26240"]}]},{"@type":"ImageObject","inLanguage":"fr-FR","@id":"https:\/\/www.latribunedufaso.net\/?p=26240#primaryimage","url":"https:\/\/www.latribunedufaso.net\/wp-content\/uploads\/2025\/12\/IMG-20251230-WA0077.jpg","contentUrl":"https:\/\/www.latribunedufaso.net\/wp-content\/uploads\/2025\/12\/IMG-20251230-WA0077.jpg","width":975,"height":589,"caption":"3e \u00e9dition des Journ\u00e9es culturelles et sportives du minist\u00e8re de la D\u00e9fense, 30 d\u00e9cembre 2025"},{"@type":"BreadcrumbList","@id":"https:\/\/www.latribunedufaso.net\/?p=26240#breadcrumb","itemListElement":[{"@type":"ListItem","position":1,"name":"Accueil","item":"https:\/\/www.latribunedufaso.net\/"},{"@type":"ListItem","position":2,"name":"3e \u00e9dition des Journ\u00e9es culturelles et sportives : Le quartier Nagrin de Ouagadougou vibre au rythme de la coh\u00e9sion sociale avec les Forces arm\u00e9es"}]},{"@type":"WebSite","@id":"https:\/\/www.latribunedufaso.net\/#website","url":"https:\/\/www.latribunedufaso.net\/","name":"La Tribune du Faso","description":"L&#039;information du monde rural en un clic","publisher":{"@id":"https:\/\/www.latribunedufaso.net\/#organization"},"potentialAction":[{"@type":"SearchAction","target":{"@type":"EntryPoint","urlTemplate":"https:\/\/www.latribunedufaso.net\/?s={search_term_string}"},"query-input":{"@type":"PropertyValueSpecification","valueRequired":true,"valueName":"search_term_string"}}],"inLanguage":"fr-FR"},{"@type":"Organization","@id":"https:\/\/www.latribunedufaso.net\/#organization","name":"La Tribune du Faso","url":"https:\/\/www.latribunedufaso.net\/","logo":{"@type":"ImageObject","inLanguage":"fr-FR","@id":"https:\/\/www.latribunedufaso.net\/#\/schema\/logo\/image\/","url":"https:\/\/www.latribunedufaso.net\/wp-content\/uploads\/2020\/08\/Logo-Tribune-du-Faso-final-scaled.jpg","contentUrl":"https:\/\/www.latribunedufaso.net\/wp-content\/uploads\/2020\/08\/Logo-Tribune-du-Faso-final-scaled.jpg","width":2560,"height":1856,"caption":"La Tribune du Faso"},"image":{"@id":"https:\/\/www.latribunedufaso.net\/#\/schema\/logo\/image\/"},"sameAs":["https:\/\/www.facebook.com\/LatribuneduFaso\/"]},{"@type":"Person","@id":"https:\/\/www.latribunedufaso.net\/#\/schema\/person\/e54e64c5778a7e72cf80a318b7a622b0","name":"Issouf Tapsoba","image":{"@type":"ImageObject","inLanguage":"fr-FR","@id":"https:\/\/secure.gravatar.com\/avatar\/5e6c05150ce3230247d167f5b94d678eb05936197436d69b7921e3a95c9107ac?s=96&d=mm&r=g","url":"https:\/\/secure.gravatar.com\/avatar\/5e6c05150ce3230247d167f5b94d678eb05936197436d69b7921e3a95c9107ac?s=96&d=mm&r=g","contentUrl":"https:\/\/secure.gravatar.com\/avatar\/5e6c05150ce3230247d167f5b94d678eb05936197436d69b7921e3a95c9107ac?s=96&d=mm&r=g","caption":"Issouf Tapsoba"},"url":"https:\/\/www.latribunedufaso.net\/?author=5"}]}},"_links":{"self":[{"href":"https:\/\/www.latribunedufaso.net\/index.php?rest_route=\/wp\/v2\/posts\/26240","targetHints":{"allow":["GET"]}}],"collection":[{"href":"https:\/\/www.latribunedufaso.net\/index.php?rest_route=\/wp\/v2\/posts"}],"about":[{"href":"https:\/\/www.latribunedufaso.net\/index.php?rest_route=\/wp\/v2\/types\/post"}],"author":[{"embeddable":true,"href":"https:\/\/www.latribunedufaso.net\/index.php?rest_route=\/wp\/v2\/users\/5"}],"replies":[{"embeddable":true,"href":"https:\/\/www.latribunedufaso.net\/index.php?rest_route=%2Fwp%2Fv2%2Fcomments&post=26240"}],"version-history":[{"count":4,"href":"https:\/\/www.latribunedufaso.net\/index.php?rest_route=\/wp\/v2\/posts\/26240\/revisions"}],"predecessor-version":[{"id":26250,"href":"https:\/\/www.latribunedufaso.net\/index.php?rest_route=\/wp\/v2\/posts\/26240\/revisions\/26250"}],"wp:featuredmedia":[{"embeddable":true,"href":"https:\/\/www.latribunedufaso.net\/index.php?rest_route=\/wp\/v2\/media\/26247"}],"wp:attachment":[{"href":"https:\/\/www.latribunedufaso.net\/index.php?rest_route=%2Fwp%2Fv2%2Fmedia&parent=26240"}],"wp:term":[{"taxonomy":"category","embeddable":true,"href":"https:\/\/www.latribunedufaso.net\/index.php?rest_route=%2Fwp%2Fv2%2Fcategories&post=26240"},{"taxonomy":"post_tag","embeddable":true,"href":"https:\/\/www.latribunedufaso.net\/index.php?rest_route=%2Fwp%2Fv2%2Ftags&post=26240"}],"curies":[{"name":"wp","href":"https:\/\/api.w.org\/{rel}","templated":true}]}}