{"id":26232,"date":"2025-12-30T13:55:49","date_gmt":"2025-12-30T13:55:49","guid":{"rendered":"https:\/\/www.latribunedufaso.net\/?p=26232"},"modified":"2025-12-30T13:55:49","modified_gmt":"2025-12-30T13:55:49","slug":"can-maroc-2025-unite-et-determination-dans-le-camp-des-etalons-avant-le-duel-face-au-soudan","status":"publish","type":"post","link":"https:\/\/www.latribunedufaso.net\/?p=26232","title":{"rendered":"CAN Maroc 2025 : Unit\u00e9 et d\u00e9termination dans le camp des \u00c9talons avant le duel face au Soudan"},"content":{"rendered":"<p><strong>\u00c0 la veille du troisi\u00e8me et dernier match de la phase de groupes, le s\u00e9lectionneur des \u00c9talons du Burkina Faso, Brama Traor\u00e9, s\u2019est pr\u00e9sent\u00e9, ce 30 d\u00e9cembre 2025, face \u00e0 la presse avec un message d&rsquo;unit\u00e9, d&rsquo;engagement et de victoire.<\/strong><!--more--><\/p>\n<p>Le s\u00e9lectionneur des \u00c9talons, Brama Traor\u00e9 a exprim\u00e9 la d\u00e9termination et l&rsquo;\u00e9tat d&rsquo;esprit du groupe.<em><strong> \u00ab Nous sommes ici comme des VDP. Il n\u2019y a pas de place pour l\u2019isolement. Nous allons nous battre jusqu\u2019au bout pour arracher cette deuxi\u00e8me place \u00bb,<\/strong><\/em> a-t-il martel\u00e9, convaincu que les attentes du peuple burkinab\u00e8 seront combl\u00e9es.<\/p>\n<p>Au-del\u00e0 de l\u2019enjeu sportif, Brama Traor\u00e9 a rappel\u00e9 la port\u00e9e symbolique de cette rencontre qui sera disput\u00e9e le 31 d\u00e9cembre 2025 au stade Mohamed V de Casablanca. <em><strong>\u00ab Nous avons le devoir d\u2019offrir \u00e0 notre population un r\u00e9veillon dans la joie et la ferveur. Chaque joueur est confiant et conscient de sa responsabilit\u00e9 \u00bb,<\/strong><\/em> a-t-il soulign\u00e9.<\/p>\n<figure id=\"attachment_26237\" aria-describedby=\"caption-attachment-26237\" style=\"width: 1280px\" class=\"wp-caption aligncenter\"><a href=\"https:\/\/www.latribunedufaso.net\/wp-content\/uploads\/2025\/12\/FB_IMG_1767101819944.jpg\"><img loading=\"lazy\" decoding=\"async\" class=\"size-full wp-image-26237\" src=\"https:\/\/www.latribunedufaso.net\/wp-content\/uploads\/2025\/12\/FB_IMG_1767101819944.jpg\" alt=\"Conf\u00e9rence de presse d'avant match des \u00c9talons contre le Soudan, 30 d\u00e9cembre 2025\" width=\"1280\" height=\"954\" srcset=\"https:\/\/www.latribunedufaso.net\/wp-content\/uploads\/2025\/12\/FB_IMG_1767101819944.jpg 1280w, https:\/\/www.latribunedufaso.net\/wp-content\/uploads\/2025\/12\/FB_IMG_1767101819944-300x224.jpg 300w, https:\/\/www.latribunedufaso.net\/wp-content\/uploads\/2025\/12\/FB_IMG_1767101819944-1024x763.jpg 1024w, https:\/\/www.latribunedufaso.net\/wp-content\/uploads\/2025\/12\/FB_IMG_1767101819944-768x572.jpg 768w\" sizes=\"auto, (max-width: 1280px) 100vw, 1280px\" \/><\/a><figcaption id=\"caption-attachment-26237\" class=\"wp-caption-text\">A travers une victoire, les \u00c9talons veulent offrir aux Burkinab\u00e8 un r\u00e9veillon dans la joie et la ferveur, selon Brama Traor\u00e9 &#8211; Ph. DR<\/figcaption><\/figure>\n<p>Le s\u00e9lectionneur n\u2019a toutefois pas sous-estim\u00e9 l\u2019adversaire, qualifiant la rencontre de match pi\u00e8ge.\u00a0<\/p>\n<p>Concernant Issa Kabor\u00e9, Brama Traor\u00e9 a temp\u00e9r\u00e9 : le joueur n\u2019est pas encore \u00e0 100 %, et sa participation d\u00e9pendra de l\u2019\u00e9volution de son \u00e9tat physique.<\/p>\n<p>Pr\u00e9sent aux c\u00f4t\u00e9s du s\u00e9lectionneur, Cyriaque Iri\u00e9 a affich\u00e9 un \u00e9tat d\u2019esprit exemplaire. <em><strong>\u00ab Le coach fait ses choix et je les respecte. Je suis pr\u00eat \u00e0 d\u00e9buter comme titulaire ou \u00e0 entrer en jeu. Le plus important reste le collectif \u00bb<\/strong><\/em>, a d\u00e9clar\u00e9 le joueur.<\/p>\n<blockquote>\n<p>Lire aussi &gt;&gt; <a href=\"https:\/\/www.latribunedufaso.net\/?p=26105\">CAN Maroc 2025 : Sc\u00e9nario fou \u00e0 Casablanca, les \u00c9talons battent la Guin\u00e9e \u00c9quatoriale au bout du suspense (2-1)<\/a><\/p>\n<\/blockquote>\n<p>\u00c0 la veille du rendez-vous d\u00e9cisif, les \u00c9talons affichent une volont\u00e9 commune qui est de tout donner pour \u00e9viter les calculs et \u00e9crire une nouvelle page de leur parcours \u00e0 la CAN Maroc 2025.<\/p>\n<p><strong>Latribunedufaso.net<\/strong><\/p>\n<p><strong>Source : COM_FBF<\/strong><\/p>\n<p><a href=\"https:\/\/www.latribunedufaso.net\/wp-content\/uploads\/2025\/12\/FB_IMG_1767101827055.jpg\"><img loading=\"lazy\" decoding=\"async\" class=\"aligncenter size-full wp-image-26238\" src=\"https:\/\/www.latribunedufaso.net\/wp-content\/uploads\/2025\/12\/FB_IMG_1767101827055.jpg\" alt=\"Conf\u00e9rence de presse d'avant match des \u00c9talons contre le Soudan, 30 d\u00e9cembre 2025\" width=\"1040\" height=\"715\" srcset=\"https:\/\/www.latribunedufaso.net\/wp-content\/uploads\/2025\/12\/FB_IMG_1767101827055.jpg 1040w, https:\/\/www.latribunedufaso.net\/wp-content\/uploads\/2025\/12\/FB_IMG_1767101827055-300x206.jpg 300w, https:\/\/www.latribunedufaso.net\/wp-content\/uploads\/2025\/12\/FB_IMG_1767101827055-1024x704.jpg 1024w, https:\/\/www.latribunedufaso.net\/wp-content\/uploads\/2025\/12\/FB_IMG_1767101827055-768x528.jpg 768w\" sizes=\"auto, (max-width: 1040px) 100vw, 1040px\" \/><\/a><\/p>\n","protected":false},"excerpt":{"rendered":"<p>\u00c0 la veille du troisi\u00e8me et dernier match de la phase de groupes, le s\u00e9lectionneur des \u00c9talons du Burkina Faso, Brama Traor\u00e9, s\u2019est pr\u00e9sent\u00e9, ce 30 d\u00e9cembre 2025, face \u00e0 la presse avec un message d&rsquo;unit\u00e9, d&rsquo;engagement et de victoire.<\/p>\n","protected":false},"author":5,"featured_media":26236,"comment_status":"open","ping_status":"open","sticky":false,"template":"","format":"standard","meta":{"footnotes":""},"categories":[13,1,17],"tags":[1834,39],"class_list":["post-26232","post","type-post","status-publish","format-standard","has-post-thumbnail","hentry","category-une","category-actu","category-sport","tag-can-maroc-2025","tag-latribunedufaso-net"],"yoast_head":"<!-- This site is optimized with the Yoast SEO plugin v27.5 - https:\/\/yoast.com\/product\/yoast-seo-wordpress\/ -->\n<title>CAN Maroc 2025 : Unit\u00e9 et d\u00e9termination dans le camp des \u00c9talons avant le duel face au Soudan - La Tribune du Faso<\/title>\n<meta name=\"robots\" content=\"index, follow, max-snippet:-1, max-image-preview:large, max-video-preview:-1\" \/>\n<link rel=\"canonical\" href=\"https:\/\/www.latribunedufaso.net\/?p=26232\" \/>\n<meta property=\"og:locale\" content=\"fr_FR\" \/>\n<meta property=\"og:type\" content=\"article\" \/>\n<meta property=\"og:title\" content=\"CAN Maroc 2025 : Unit\u00e9 et d\u00e9termination dans le camp des \u00c9talons avant le duel face au Soudan - La Tribune du Faso\" \/>\n<meta property=\"og:description\" content=\"\u00c0 la veille du troisi\u00e8me et dernier match de la phase de groupes, le s\u00e9lectionneur des \u00c9talons du Burkina Faso, Brama Traor\u00e9, s\u2019est pr\u00e9sent\u00e9, ce 30 d\u00e9cembre 2025, face \u00e0 la presse avec un message d&rsquo;unit\u00e9, d&rsquo;engagement et de victoire.\" \/>\n<meta property=\"og:url\" content=\"https:\/\/www.latribunedufaso.net\/?p=26232\" \/>\n<meta property=\"og:site_name\" content=\"La Tribune du Faso\" \/>\n<meta property=\"article:publisher\" content=\"https:\/\/www.facebook.com\/LatribuneduFaso\/\" \/>\n<meta property=\"article:published_time\" content=\"2025-12-30T13:55:49+00:00\" \/>\n<meta property=\"og:image\" content=\"https:\/\/www.latribunedufaso.net\/wp-content\/uploads\/2025\/12\/FB_IMG_1767101836479.jpg\" \/>\n\t<meta property=\"og:image:width\" content=\"1040\" \/>\n\t<meta property=\"og:image:height\" content=\"608\" \/>\n\t<meta property=\"og:image:type\" content=\"image\/jpeg\" \/>\n<meta name=\"author\" content=\"Issouf Tapsoba\" \/>\n<meta name=\"twitter:label1\" content=\"\u00c9crit par\" \/>\n\t<meta name=\"twitter:data1\" content=\"Issouf Tapsoba\" \/>\n\t<meta name=\"twitter:label2\" content=\"Dur\u00e9e de lecture estim\u00e9e\" \/>\n\t<meta name=\"twitter:data2\" content=\"3 minutes\" \/>\n<script type=\"application\/ld+json\" class=\"yoast-schema-graph\">{\"@context\":\"https:\\\/\\\/schema.org\",\"@graph\":[{\"@type\":\"Article\",\"@id\":\"https:\\\/\\\/www.latribunedufaso.net\\\/?p=26232#article\",\"isPartOf\":{\"@id\":\"https:\\\/\\\/www.latribunedufaso.net\\\/?p=26232\"},\"author\":{\"name\":\"Issouf Tapsoba\",\"@id\":\"https:\\\/\\\/www.latribunedufaso.net\\\/#\\\/schema\\\/person\\\/e54e64c5778a7e72cf80a318b7a622b0\"},\"headline\":\"CAN Maroc 2025 : Unit\u00e9 et d\u00e9termination dans le camp des \u00c9talons avant le duel face au Soudan\",\"datePublished\":\"2025-12-30T13:55:49+00:00\",\"mainEntityOfPage\":{\"@id\":\"https:\\\/\\\/www.latribunedufaso.net\\\/?p=26232\"},\"wordCount\":361,\"commentCount\":0,\"publisher\":{\"@id\":\"https:\\\/\\\/www.latribunedufaso.net\\\/#organization\"},\"image\":{\"@id\":\"https:\\\/\\\/www.latribunedufaso.net\\\/?p=26232#primaryimage\"},\"thumbnailUrl\":\"https:\\\/\\\/www.latribunedufaso.net\\\/wp-content\\\/uploads\\\/2025\\\/12\\\/FB_IMG_1767101836479.jpg\",\"keywords\":[\"CAN Maroc 2025\",\"latribunedufaso.net\"],\"articleSection\":[\"A la une\",\"Actualit\u00e9\",\"Sport\"],\"inLanguage\":\"fr-FR\",\"potentialAction\":[{\"@type\":\"CommentAction\",\"name\":\"Comment\",\"target\":[\"https:\\\/\\\/www.latribunedufaso.net\\\/?p=26232#respond\"]}]},{\"@type\":\"WebPage\",\"@id\":\"https:\\\/\\\/www.latribunedufaso.net\\\/?p=26232\",\"url\":\"https:\\\/\\\/www.latribunedufaso.net\\\/?p=26232\",\"name\":\"CAN Maroc 2025 : Unit\u00e9 et d\u00e9termination dans le camp des \u00c9talons avant le duel face au Soudan - La Tribune du Faso\",\"isPartOf\":{\"@id\":\"https:\\\/\\\/www.latribunedufaso.net\\\/#website\"},\"primaryImageOfPage\":{\"@id\":\"https:\\\/\\\/www.latribunedufaso.net\\\/?p=26232#primaryimage\"},\"image\":{\"@id\":\"https:\\\/\\\/www.latribunedufaso.net\\\/?p=26232#primaryimage\"},\"thumbnailUrl\":\"https:\\\/\\\/www.latribunedufaso.net\\\/wp-content\\\/uploads\\\/2025\\\/12\\\/FB_IMG_1767101836479.jpg\",\"datePublished\":\"2025-12-30T13:55:49+00:00\",\"breadcrumb\":{\"@id\":\"https:\\\/\\\/www.latribunedufaso.net\\\/?p=26232#breadcrumb\"},\"inLanguage\":\"fr-FR\",\"potentialAction\":[{\"@type\":\"ReadAction\",\"target\":[\"https:\\\/\\\/www.latribunedufaso.net\\\/?p=26232\"]}]},{\"@type\":\"ImageObject\",\"inLanguage\":\"fr-FR\",\"@id\":\"https:\\\/\\\/www.latribunedufaso.net\\\/?p=26232#primaryimage\",\"url\":\"https:\\\/\\\/www.latribunedufaso.net\\\/wp-content\\\/uploads\\\/2025\\\/12\\\/FB_IMG_1767101836479.jpg\",\"contentUrl\":\"https:\\\/\\\/www.latribunedufaso.net\\\/wp-content\\\/uploads\\\/2025\\\/12\\\/FB_IMG_1767101836479.jpg\",\"width\":1040,\"height\":608,\"caption\":\"Conf\u00e9rence de presse d'avant match des \u00c9talons contre le Soudan, 30 d\u00e9cembre 2025\"},{\"@type\":\"BreadcrumbList\",\"@id\":\"https:\\\/\\\/www.latribunedufaso.net\\\/?p=26232#breadcrumb\",\"itemListElement\":[{\"@type\":\"ListItem\",\"position\":1,\"name\":\"Accueil\",\"item\":\"https:\\\/\\\/www.latribunedufaso.net\\\/\"},{\"@type\":\"ListItem\",\"position\":2,\"name\":\"CAN Maroc 2025 : Unit\u00e9 et d\u00e9termination dans le camp des \u00c9talons avant le duel face au Soudan\"}]},{\"@type\":\"WebSite\",\"@id\":\"https:\\\/\\\/www.latribunedufaso.net\\\/#website\",\"url\":\"https:\\\/\\\/www.latribunedufaso.net\\\/\",\"name\":\"La Tribune du Faso\",\"description\":\"L&#039;information du monde rural en un clic\",\"publisher\":{\"@id\":\"https:\\\/\\\/www.latribunedufaso.net\\\/#organization\"},\"potentialAction\":[{\"@type\":\"SearchAction\",\"target\":{\"@type\":\"EntryPoint\",\"urlTemplate\":\"https:\\\/\\\/www.latribunedufaso.net\\\/?s={search_term_string}\"},\"query-input\":{\"@type\":\"PropertyValueSpecification\",\"valueRequired\":true,\"valueName\":\"search_term_string\"}}],\"inLanguage\":\"fr-FR\"},{\"@type\":\"Organization\",\"@id\":\"https:\\\/\\\/www.latribunedufaso.net\\\/#organization\",\"name\":\"La Tribune du Faso\",\"url\":\"https:\\\/\\\/www.latribunedufaso.net\\\/\",\"logo\":{\"@type\":\"ImageObject\",\"inLanguage\":\"fr-FR\",\"@id\":\"https:\\\/\\\/www.latribunedufaso.net\\\/#\\\/schema\\\/logo\\\/image\\\/\",\"url\":\"https:\\\/\\\/www.latribunedufaso.net\\\/wp-content\\\/uploads\\\/2020\\\/08\\\/Logo-Tribune-du-Faso-final-scaled.jpg\",\"contentUrl\":\"https:\\\/\\\/www.latribunedufaso.net\\\/wp-content\\\/uploads\\\/2020\\\/08\\\/Logo-Tribune-du-Faso-final-scaled.jpg\",\"width\":2560,\"height\":1856,\"caption\":\"La Tribune du Faso\"},\"image\":{\"@id\":\"https:\\\/\\\/www.latribunedufaso.net\\\/#\\\/schema\\\/logo\\\/image\\\/\"},\"sameAs\":[\"https:\\\/\\\/www.facebook.com\\\/LatribuneduFaso\\\/\"]},{\"@type\":\"Person\",\"@id\":\"https:\\\/\\\/www.latribunedufaso.net\\\/#\\\/schema\\\/person\\\/e54e64c5778a7e72cf80a318b7a622b0\",\"name\":\"Issouf Tapsoba\",\"image\":{\"@type\":\"ImageObject\",\"inLanguage\":\"fr-FR\",\"@id\":\"https:\\\/\\\/secure.gravatar.com\\\/avatar\\\/5e6c05150ce3230247d167f5b94d678eb05936197436d69b7921e3a95c9107ac?s=96&d=mm&r=g\",\"url\":\"https:\\\/\\\/secure.gravatar.com\\\/avatar\\\/5e6c05150ce3230247d167f5b94d678eb05936197436d69b7921e3a95c9107ac?s=96&d=mm&r=g\",\"contentUrl\":\"https:\\\/\\\/secure.gravatar.com\\\/avatar\\\/5e6c05150ce3230247d167f5b94d678eb05936197436d69b7921e3a95c9107ac?s=96&d=mm&r=g\",\"caption\":\"Issouf Tapsoba\"},\"url\":\"https:\\\/\\\/www.latribunedufaso.net\\\/?author=5\"}]}<\/script>\n<!-- \/ Yoast SEO plugin. -->","yoast_head_json":{"title":"CAN Maroc 2025 : Unit\u00e9 et d\u00e9termination dans le camp des \u00c9talons avant le duel face au Soudan - La Tribune du Faso","robots":{"index":"index","follow":"follow","max-snippet":"max-snippet:-1","max-image-preview":"max-image-preview:large","max-video-preview":"max-video-preview:-1"},"canonical":"https:\/\/www.latribunedufaso.net\/?p=26232","og_locale":"fr_FR","og_type":"article","og_title":"CAN Maroc 2025 : Unit\u00e9 et d\u00e9termination dans le camp des \u00c9talons avant le duel face au Soudan - La Tribune du Faso","og_description":"\u00c0 la veille du troisi\u00e8me et dernier match de la phase de groupes, le s\u00e9lectionneur des \u00c9talons du Burkina Faso, Brama Traor\u00e9, s\u2019est pr\u00e9sent\u00e9, ce 30 d\u00e9cembre 2025, face \u00e0 la presse avec un message d&rsquo;unit\u00e9, d&rsquo;engagement et de victoire.","og_url":"https:\/\/www.latribunedufaso.net\/?p=26232","og_site_name":"La Tribune du Faso","article_publisher":"https:\/\/www.facebook.com\/LatribuneduFaso\/","article_published_time":"2025-12-30T13:55:49+00:00","og_image":[{"width":1040,"height":608,"url":"https:\/\/www.latribunedufaso.net\/wp-content\/uploads\/2025\/12\/FB_IMG_1767101836479.jpg","type":"image\/jpeg"}],"author":"Issouf Tapsoba","twitter_misc":{"\u00c9crit par":"Issouf Tapsoba","Dur\u00e9e de lecture estim\u00e9e":"3 minutes"},"schema":{"@context":"https:\/\/schema.org","@graph":[{"@type":"Article","@id":"https:\/\/www.latribunedufaso.net\/?p=26232#article","isPartOf":{"@id":"https:\/\/www.latribunedufaso.net\/?p=26232"},"author":{"name":"Issouf Tapsoba","@id":"https:\/\/www.latribunedufaso.net\/#\/schema\/person\/e54e64c5778a7e72cf80a318b7a622b0"},"headline":"CAN Maroc 2025 : Unit\u00e9 et d\u00e9termination dans le camp des \u00c9talons avant le duel face au Soudan","datePublished":"2025-12-30T13:55:49+00:00","mainEntityOfPage":{"@id":"https:\/\/www.latribunedufaso.net\/?p=26232"},"wordCount":361,"commentCount":0,"publisher":{"@id":"https:\/\/www.latribunedufaso.net\/#organization"},"image":{"@id":"https:\/\/www.latribunedufaso.net\/?p=26232#primaryimage"},"thumbnailUrl":"https:\/\/www.latribunedufaso.net\/wp-content\/uploads\/2025\/12\/FB_IMG_1767101836479.jpg","keywords":["CAN Maroc 2025","latribunedufaso.net"],"articleSection":["A la une","Actualit\u00e9","Sport"],"inLanguage":"fr-FR","potentialAction":[{"@type":"CommentAction","name":"Comment","target":["https:\/\/www.latribunedufaso.net\/?p=26232#respond"]}]},{"@type":"WebPage","@id":"https:\/\/www.latribunedufaso.net\/?p=26232","url":"https:\/\/www.latribunedufaso.net\/?p=26232","name":"CAN Maroc 2025 : Unit\u00e9 et d\u00e9termination dans le camp des \u00c9talons avant le duel face au Soudan - La Tribune du Faso","isPartOf":{"@id":"https:\/\/www.latribunedufaso.net\/#website"},"primaryImageOfPage":{"@id":"https:\/\/www.latribunedufaso.net\/?p=26232#primaryimage"},"image":{"@id":"https:\/\/www.latribunedufaso.net\/?p=26232#primaryimage"},"thumbnailUrl":"https:\/\/www.latribunedufaso.net\/wp-content\/uploads\/2025\/12\/FB_IMG_1767101836479.jpg","datePublished":"2025-12-30T13:55:49+00:00","breadcrumb":{"@id":"https:\/\/www.latribunedufaso.net\/?p=26232#breadcrumb"},"inLanguage":"fr-FR","potentialAction":[{"@type":"ReadAction","target":["https:\/\/www.latribunedufaso.net\/?p=26232"]}]},{"@type":"ImageObject","inLanguage":"fr-FR","@id":"https:\/\/www.latribunedufaso.net\/?p=26232#primaryimage","url":"https:\/\/www.latribunedufaso.net\/wp-content\/uploads\/2025\/12\/FB_IMG_1767101836479.jpg","contentUrl":"https:\/\/www.latribunedufaso.net\/wp-content\/uploads\/2025\/12\/FB_IMG_1767101836479.jpg","width":1040,"height":608,"caption":"Conf\u00e9rence de presse d'avant match des \u00c9talons contre le Soudan, 30 d\u00e9cembre 2025"},{"@type":"BreadcrumbList","@id":"https:\/\/www.latribunedufaso.net\/?p=26232#breadcrumb","itemListElement":[{"@type":"ListItem","position":1,"name":"Accueil","item":"https:\/\/www.latribunedufaso.net\/"},{"@type":"ListItem","position":2,"name":"CAN Maroc 2025 : Unit\u00e9 et d\u00e9termination dans le camp des \u00c9talons avant le duel face au Soudan"}]},{"@type":"WebSite","@id":"https:\/\/www.latribunedufaso.net\/#website","url":"https:\/\/www.latribunedufaso.net\/","name":"La Tribune du Faso","description":"L&#039;information du monde rural en un clic","publisher":{"@id":"https:\/\/www.latribunedufaso.net\/#organization"},"potentialAction":[{"@type":"SearchAction","target":{"@type":"EntryPoint","urlTemplate":"https:\/\/www.latribunedufaso.net\/?s={search_term_string}"},"query-input":{"@type":"PropertyValueSpecification","valueRequired":true,"valueName":"search_term_string"}}],"inLanguage":"fr-FR"},{"@type":"Organization","@id":"https:\/\/www.latribunedufaso.net\/#organization","name":"La Tribune du Faso","url":"https:\/\/www.latribunedufaso.net\/","logo":{"@type":"ImageObject","inLanguage":"fr-FR","@id":"https:\/\/www.latribunedufaso.net\/#\/schema\/logo\/image\/","url":"https:\/\/www.latribunedufaso.net\/wp-content\/uploads\/2020\/08\/Logo-Tribune-du-Faso-final-scaled.jpg","contentUrl":"https:\/\/www.latribunedufaso.net\/wp-content\/uploads\/2020\/08\/Logo-Tribune-du-Faso-final-scaled.jpg","width":2560,"height":1856,"caption":"La Tribune du Faso"},"image":{"@id":"https:\/\/www.latribunedufaso.net\/#\/schema\/logo\/image\/"},"sameAs":["https:\/\/www.facebook.com\/LatribuneduFaso\/"]},{"@type":"Person","@id":"https:\/\/www.latribunedufaso.net\/#\/schema\/person\/e54e64c5778a7e72cf80a318b7a622b0","name":"Issouf Tapsoba","image":{"@type":"ImageObject","inLanguage":"fr-FR","@id":"https:\/\/secure.gravatar.com\/avatar\/5e6c05150ce3230247d167f5b94d678eb05936197436d69b7921e3a95c9107ac?s=96&d=mm&r=g","url":"https:\/\/secure.gravatar.com\/avatar\/5e6c05150ce3230247d167f5b94d678eb05936197436d69b7921e3a95c9107ac?s=96&d=mm&r=g","contentUrl":"https:\/\/secure.gravatar.com\/avatar\/5e6c05150ce3230247d167f5b94d678eb05936197436d69b7921e3a95c9107ac?s=96&d=mm&r=g","caption":"Issouf Tapsoba"},"url":"https:\/\/www.latribunedufaso.net\/?author=5"}]}},"_links":{"self":[{"href":"https:\/\/www.latribunedufaso.net\/index.php?rest_route=\/wp\/v2\/posts\/26232","targetHints":{"allow":["GET"]}}],"collection":[{"href":"https:\/\/www.latribunedufaso.net\/index.php?rest_route=\/wp\/v2\/posts"}],"about":[{"href":"https:\/\/www.latribunedufaso.net\/index.php?rest_route=\/wp\/v2\/types\/post"}],"author":[{"embeddable":true,"href":"https:\/\/www.latribunedufaso.net\/index.php?rest_route=\/wp\/v2\/users\/5"}],"replies":[{"embeddable":true,"href":"https:\/\/www.latribunedufaso.net\/index.php?rest_route=%2Fwp%2Fv2%2Fcomments&post=26232"}],"version-history":[{"count":4,"href":"https:\/\/www.latribunedufaso.net\/index.php?rest_route=\/wp\/v2\/posts\/26232\/revisions"}],"predecessor-version":[{"id":26239,"href":"https:\/\/www.latribunedufaso.net\/index.php?rest_route=\/wp\/v2\/posts\/26232\/revisions\/26239"}],"wp:featuredmedia":[{"embeddable":true,"href":"https:\/\/www.latribunedufaso.net\/index.php?rest_route=\/wp\/v2\/media\/26236"}],"wp:attachment":[{"href":"https:\/\/www.latribunedufaso.net\/index.php?rest_route=%2Fwp%2Fv2%2Fmedia&parent=26232"}],"wp:term":[{"taxonomy":"category","embeddable":true,"href":"https:\/\/www.latribunedufaso.net\/index.php?rest_route=%2Fwp%2Fv2%2Fcategories&post=26232"},{"taxonomy":"post_tag","embeddable":true,"href":"https:\/\/www.latribunedufaso.net\/index.php?rest_route=%2Fwp%2Fv2%2Ftags&post=26232"}],"curies":[{"name":"wp","href":"https:\/\/api.w.org\/{rel}","templated":true}]}}