{"id":26219,"date":"2025-12-30T13:24:20","date_gmt":"2025-12-30T13:24:20","guid":{"rendered":"https:\/\/www.latribunedufaso.net\/?p=26219"},"modified":"2025-12-30T13:24:20","modified_gmt":"2025-12-30T13:24:20","slug":"irregularites-dans-la-gestion-des-marches-publics-deux-cadres-du-ministere-des-droits-humains-sanctionnes-par-la-cour-des-comptes","status":"publish","type":"post","link":"https:\/\/www.latribunedufaso.net\/?p=26219","title":{"rendered":"Irr\u00e9gularit\u00e9s dans la gestion des march\u00e9s publics : Deux cadres du minist\u00e8re des Droits Humains sanctionn\u00e9s par la Cour des Comptes"},"content":{"rendered":"<p><strong>Dans un troisi\u00e8me arr\u00eat rendu ce 30 janvier 2025, la Cour des Comptes du Burkina Faso a sanctionn\u00e9 deux anciens directeurs du minist\u00e8re des Droits Humains et de la Promotion Civique (MDHPC) pour des manquements graves dans la gestion des march\u00e9s publics durant l&rsquo;exercice 2019.\u00a0<\/strong><!--more--><\/p>\n<p>Cette affaire <em><strong>\u00ab illustre une fois de plus la vigilance de l\u2019ASCE-LC \u00bb<\/strong><\/em>, qui, conform\u00e9ment aux articles 6 et 9 de la loi organique N\u00b0082-2015\/CNT, re\u00e7oit copie des rapports de contr\u00f4le interne et saisit la justice en cas de violations av\u00e9r\u00e9es.<\/p>\n<p>A la suite du rapport d\u00e9finitif d\u2019audit de d\u00e9cembre 2020 relatif \u00e0 la gestion financi\u00e8re et comptable du MDHPC, l\u2019ASCE-LC a men\u00e9 une analyse approfondie et conclu \u00e0 l\u2019existence de fautes de gestion. Fid\u00e8le \u00e0 sa mission de d\u00e9tection et de r\u00e9pression, elle a transmis le dossier au Procureur g\u00e9n\u00e9ral pr\u00e8s la Cour des Comptes, d\u00e9montrant son r\u00f4le moteur dans la protection des finances publiques.<\/p>\n<p>M. P S, ancien Directeur de l\u2019Administration et des Finances, a \u00e9t\u00e9 reconnu coupable de plusieurs irr\u00e9gularit\u00e9s. Il n\u2019avait pas constitu\u00e9 de garanties dans six march\u00e9s \u00e0 commande, avait ex\u00e9cut\u00e9 des d\u00e9penses sans ordre de service ou avec des ordres non sign\u00e9s dans sept march\u00e9s, et avait valid\u00e9 des certifications de services faits sans commission de r\u00e9ception, en utilisant des bordereaux de livraison non sign\u00e9s.\u00a0<\/p>\n<p>Il avait \u00e9galement \u00e9mis des ch\u00e8ques sans contrat et omis d\u2019appliquer les retenues \u00e0 la source. L\u2019int\u00e9ress\u00e9 a reconnu la plupart des faits, invoquant son inexp\u00e9rience, la pression des agents et le contexte particulier d\u2019un minist\u00e8re nouvellement cr\u00e9\u00e9.<\/p>\n<p>Son coll\u00e8gue, M. K P, ancien Directeur des March\u00e9s Publics, a \u00e9t\u00e9 sanctionn\u00e9 pour des manquements li\u00e9s \u00e0 la planification et \u00e0 la passation des march\u00e9s. Il avait engag\u00e9 trente et un march\u00e9s sans planification pr\u00e9visionnelle, \u00e9labor\u00e9 deux plans de passation irr\u00e9guliers et fractionn\u00e9 plusieurs commandes afin d\u2019\u00e9viter les proc\u00e9dures l\u00e9gales.\u00a0<\/p>\n<p>Ces pratiques concernaient notamment des prestations de pause-caf\u00e9 pour un montant de 12,8 millions FCFA, des reproductions de documents pour 17,2 millions FCFA et l\u2019acquisition d\u2019un logiciel pour 39,2 millions FCFA. Le mis en cause a reconnu les faits, expliquant que les structures techniques n\u2019avaient pas fourni les donn\u00e9es n\u00e9cessaires \u00e0 une planification correcte.<\/p>\n<p>Au terme de la proc\u00e9dure, la Cour a condamn\u00e9 M. P S \u00e0 une amende de 400 000 FCFA et M. K P \u00e0 une amende de 300 000 FCFA.<\/p>\n<blockquote>\n<p>Lire aussi &gt;&gt; <a href=\"https:\/\/www.latribunedufaso.net\/?p=21866\">Audit de AIR BURKINA : L\u2019ASCE-LC r\u00e9v\u00e8le plus de 1,2 milliard de FCFA d\u2019irr\u00e9gularit\u00e9s financi\u00e8res<\/a><\/p>\n<\/blockquote>\n<p>Cet arr\u00eat, notifi\u00e9 au Contr\u00f4leur G\u00e9n\u00e9ral d\u2019Etat le 13 novembre 2025,<em><strong> \u00ab illustre la capacit\u00e9 de l\u2019ASCE-LC \u00e0 transformer les constats d\u2019irr\u00e9gularit\u00e9s en d\u00e9cisions judiciaires concr\u00e8tes \u00bb.\u00a0<\/strong><\/em><\/p>\n<p>Au-del\u00e0 des sanctions, il met en \u00e9vidence l\u2019importance d\u2019une gestion pr\u00e9visionnelle et d\u2019une discipline administrative rigoureuse dans les march\u00e9s publics. En rappelant que l\u2019improvisation et le fractionnement des proc\u00e9dures fragilisent la cr\u00e9dibilit\u00e9 de l\u2019action publique, cette d\u00e9cision contribue \u00e0 instaurer une culture de planification et de responsabilit\u00e9, indispensable \u00e0 la consolidation de la gouvernance.<\/p>\n<p><strong>Latribunedufaso.net<\/strong><\/p>\n<p><strong>Source : DCP \/ ASCE-LC<\/strong><\/p>\n","protected":false},"excerpt":{"rendered":"<p>Dans un troisi\u00e8me arr\u00eat rendu ce 30 janvier 2025, la Cour des Comptes du Burkina Faso a sanctionn\u00e9 deux anciens directeurs du minist\u00e8re des Droits Humains et de la Promotion Civique (MDHPC) pour des manquements graves dans la gestion des march\u00e9s publics durant l&rsquo;exercice 2019.\u00a0<\/p>\n","protected":false},"author":5,"featured_media":17042,"comment_status":"open","ping_status":"open","sticky":false,"template":"","format":"standard","meta":{"footnotes":""},"categories":[13,1,8],"tags":[485,717,1633,39],"class_list":["post-26219","post","type-post","status-publish","format-standard","has-post-thumbnail","hentry","category-une","category-actu","category-societe","tag-asce-lc","tag-cour-des-comptes","tag-gestion-des-finances-publiques","tag-latribunedufaso-net"],"yoast_head":"<!-- This site is optimized with the Yoast SEO plugin v27.4 - https:\/\/yoast.com\/product\/yoast-seo-wordpress\/ -->\n<title>Irr\u00e9gularit\u00e9s dans la gestion des march\u00e9s publics : Deux cadres du minist\u00e8re des Droits Humains sanctionn\u00e9s par la Cour des Comptes - La Tribune du Faso<\/title>\n<meta name=\"robots\" content=\"index, follow, max-snippet:-1, max-image-preview:large, max-video-preview:-1\" \/>\n<link rel=\"canonical\" href=\"https:\/\/www.latribunedufaso.net\/?p=26219\" \/>\n<meta property=\"og:locale\" content=\"fr_FR\" \/>\n<meta property=\"og:type\" content=\"article\" \/>\n<meta property=\"og:title\" content=\"Irr\u00e9gularit\u00e9s dans la gestion des march\u00e9s publics : Deux cadres du minist\u00e8re des Droits Humains sanctionn\u00e9s par la Cour des Comptes - La Tribune du Faso\" \/>\n<meta property=\"og:description\" content=\"Dans un troisi\u00e8me arr\u00eat rendu ce 30 janvier 2025, la Cour des Comptes du Burkina Faso a sanctionn\u00e9 deux anciens directeurs du minist\u00e8re des Droits Humains et de la Promotion Civique (MDHPC) pour des manquements graves dans la gestion des march\u00e9s publics durant l&rsquo;exercice 2019.\u00a0\" \/>\n<meta property=\"og:url\" content=\"https:\/\/www.latribunedufaso.net\/?p=26219\" \/>\n<meta property=\"og:site_name\" content=\"La Tribune du Faso\" \/>\n<meta property=\"article:publisher\" content=\"https:\/\/www.facebook.com\/LatribuneduFaso\/\" \/>\n<meta property=\"article:published_time\" content=\"2025-12-30T13:24:20+00:00\" \/>\n<meta property=\"og:image\" content=\"https:\/\/www.latribunedufaso.net\/wp-content\/uploads\/2024\/11\/FB_IMG_1732141482469.jpg\" \/>\n\t<meta property=\"og:image:width\" content=\"720\" \/>\n\t<meta property=\"og:image:height\" content=\"440\" \/>\n\t<meta property=\"og:image:type\" content=\"image\/jpeg\" \/>\n<meta name=\"author\" content=\"Issouf Tapsoba\" \/>\n<meta name=\"twitter:label1\" content=\"\u00c9crit par\" \/>\n\t<meta name=\"twitter:data1\" content=\"Issouf Tapsoba\" \/>\n\t<meta name=\"twitter:label2\" content=\"Dur\u00e9e de lecture estim\u00e9e\" \/>\n\t<meta name=\"twitter:data2\" content=\"3 minutes\" \/>\n<script type=\"application\/ld+json\" class=\"yoast-schema-graph\">{\"@context\":\"https:\\\/\\\/schema.org\",\"@graph\":[{\"@type\":\"Article\",\"@id\":\"https:\\\/\\\/www.latribunedufaso.net\\\/?p=26219#article\",\"isPartOf\":{\"@id\":\"https:\\\/\\\/www.latribunedufaso.net\\\/?p=26219\"},\"author\":{\"name\":\"Issouf Tapsoba\",\"@id\":\"https:\\\/\\\/www.latribunedufaso.net\\\/#\\\/schema\\\/person\\\/e54e64c5778a7e72cf80a318b7a622b0\"},\"headline\":\"Irr\u00e9gularit\u00e9s dans la gestion des march\u00e9s publics : Deux cadres du minist\u00e8re des Droits Humains sanctionn\u00e9s par la Cour des Comptes\",\"datePublished\":\"2025-12-30T13:24:20+00:00\",\"mainEntityOfPage\":{\"@id\":\"https:\\\/\\\/www.latribunedufaso.net\\\/?p=26219\"},\"wordCount\":574,\"commentCount\":0,\"publisher\":{\"@id\":\"https:\\\/\\\/www.latribunedufaso.net\\\/#organization\"},\"image\":{\"@id\":\"https:\\\/\\\/www.latribunedufaso.net\\\/?p=26219#primaryimage\"},\"thumbnailUrl\":\"https:\\\/\\\/www.latribunedufaso.net\\\/wp-content\\\/uploads\\\/2024\\\/11\\\/FB_IMG_1732141482469.jpg\",\"keywords\":[\"ASCE-LC\",\"Cour des comptes\",\"gestion des finances publiques\",\"latribunedufaso.net\"],\"articleSection\":[\"A la une\",\"Actualit\u00e9\",\"Soci\u00e9t\u00e9\"],\"inLanguage\":\"fr-FR\",\"potentialAction\":[{\"@type\":\"CommentAction\",\"name\":\"Comment\",\"target\":[\"https:\\\/\\\/www.latribunedufaso.net\\\/?p=26219#respond\"]}]},{\"@type\":\"WebPage\",\"@id\":\"https:\\\/\\\/www.latribunedufaso.net\\\/?p=26219\",\"url\":\"https:\\\/\\\/www.latribunedufaso.net\\\/?p=26219\",\"name\":\"Irr\u00e9gularit\u00e9s dans la gestion des march\u00e9s publics : Deux cadres du minist\u00e8re des Droits Humains sanctionn\u00e9s par la Cour des Comptes - La Tribune du Faso\",\"isPartOf\":{\"@id\":\"https:\\\/\\\/www.latribunedufaso.net\\\/#website\"},\"primaryImageOfPage\":{\"@id\":\"https:\\\/\\\/www.latribunedufaso.net\\\/?p=26219#primaryimage\"},\"image\":{\"@id\":\"https:\\\/\\\/www.latribunedufaso.net\\\/?p=26219#primaryimage\"},\"thumbnailUrl\":\"https:\\\/\\\/www.latribunedufaso.net\\\/wp-content\\\/uploads\\\/2024\\\/11\\\/FB_IMG_1732141482469.jpg\",\"datePublished\":\"2025-12-30T13:24:20+00:00\",\"breadcrumb\":{\"@id\":\"https:\\\/\\\/www.latribunedufaso.net\\\/?p=26219#breadcrumb\"},\"inLanguage\":\"fr-FR\",\"potentialAction\":[{\"@type\":\"ReadAction\",\"target\":[\"https:\\\/\\\/www.latribunedufaso.net\\\/?p=26219\"]}]},{\"@type\":\"ImageObject\",\"inLanguage\":\"fr-FR\",\"@id\":\"https:\\\/\\\/www.latribunedufaso.net\\\/?p=26219#primaryimage\",\"url\":\"https:\\\/\\\/www.latribunedufaso.net\\\/wp-content\\\/uploads\\\/2024\\\/11\\\/FB_IMG_1732141482469.jpg\",\"contentUrl\":\"https:\\\/\\\/www.latribunedufaso.net\\\/wp-content\\\/uploads\\\/2024\\\/11\\\/FB_IMG_1732141482469.jpg\",\"width\":720,\"height\":440,\"caption\":\"Image illustrative ASCE-LC\"},{\"@type\":\"BreadcrumbList\",\"@id\":\"https:\\\/\\\/www.latribunedufaso.net\\\/?p=26219#breadcrumb\",\"itemListElement\":[{\"@type\":\"ListItem\",\"position\":1,\"name\":\"Accueil\",\"item\":\"https:\\\/\\\/www.latribunedufaso.net\\\/\"},{\"@type\":\"ListItem\",\"position\":2,\"name\":\"Irr\u00e9gularit\u00e9s dans la gestion des march\u00e9s publics : Deux cadres du minist\u00e8re des Droits Humains sanctionn\u00e9s par la Cour des Comptes\"}]},{\"@type\":\"WebSite\",\"@id\":\"https:\\\/\\\/www.latribunedufaso.net\\\/#website\",\"url\":\"https:\\\/\\\/www.latribunedufaso.net\\\/\",\"name\":\"La Tribune du Faso\",\"description\":\"L&#039;information du monde rural en un clic\",\"publisher\":{\"@id\":\"https:\\\/\\\/www.latribunedufaso.net\\\/#organization\"},\"potentialAction\":[{\"@type\":\"SearchAction\",\"target\":{\"@type\":\"EntryPoint\",\"urlTemplate\":\"https:\\\/\\\/www.latribunedufaso.net\\\/?s={search_term_string}\"},\"query-input\":{\"@type\":\"PropertyValueSpecification\",\"valueRequired\":true,\"valueName\":\"search_term_string\"}}],\"inLanguage\":\"fr-FR\"},{\"@type\":\"Organization\",\"@id\":\"https:\\\/\\\/www.latribunedufaso.net\\\/#organization\",\"name\":\"La Tribune du Faso\",\"url\":\"https:\\\/\\\/www.latribunedufaso.net\\\/\",\"logo\":{\"@type\":\"ImageObject\",\"inLanguage\":\"fr-FR\",\"@id\":\"https:\\\/\\\/www.latribunedufaso.net\\\/#\\\/schema\\\/logo\\\/image\\\/\",\"url\":\"https:\\\/\\\/www.latribunedufaso.net\\\/wp-content\\\/uploads\\\/2020\\\/08\\\/Logo-Tribune-du-Faso-final-scaled.jpg\",\"contentUrl\":\"https:\\\/\\\/www.latribunedufaso.net\\\/wp-content\\\/uploads\\\/2020\\\/08\\\/Logo-Tribune-du-Faso-final-scaled.jpg\",\"width\":2560,\"height\":1856,\"caption\":\"La Tribune du Faso\"},\"image\":{\"@id\":\"https:\\\/\\\/www.latribunedufaso.net\\\/#\\\/schema\\\/logo\\\/image\\\/\"},\"sameAs\":[\"https:\\\/\\\/www.facebook.com\\\/LatribuneduFaso\\\/\"]},{\"@type\":\"Person\",\"@id\":\"https:\\\/\\\/www.latribunedufaso.net\\\/#\\\/schema\\\/person\\\/e54e64c5778a7e72cf80a318b7a622b0\",\"name\":\"Issouf Tapsoba\",\"image\":{\"@type\":\"ImageObject\",\"inLanguage\":\"fr-FR\",\"@id\":\"https:\\\/\\\/secure.gravatar.com\\\/avatar\\\/5e6c05150ce3230247d167f5b94d678eb05936197436d69b7921e3a95c9107ac?s=96&d=mm&r=g\",\"url\":\"https:\\\/\\\/secure.gravatar.com\\\/avatar\\\/5e6c05150ce3230247d167f5b94d678eb05936197436d69b7921e3a95c9107ac?s=96&d=mm&r=g\",\"contentUrl\":\"https:\\\/\\\/secure.gravatar.com\\\/avatar\\\/5e6c05150ce3230247d167f5b94d678eb05936197436d69b7921e3a95c9107ac?s=96&d=mm&r=g\",\"caption\":\"Issouf Tapsoba\"},\"url\":\"https:\\\/\\\/www.latribunedufaso.net\\\/?author=5\"}]}<\/script>\n<!-- \/ Yoast SEO plugin. -->","yoast_head_json":{"title":"Irr\u00e9gularit\u00e9s dans la gestion des march\u00e9s publics : Deux cadres du minist\u00e8re des Droits Humains sanctionn\u00e9s par la Cour des Comptes - La Tribune du Faso","robots":{"index":"index","follow":"follow","max-snippet":"max-snippet:-1","max-image-preview":"max-image-preview:large","max-video-preview":"max-video-preview:-1"},"canonical":"https:\/\/www.latribunedufaso.net\/?p=26219","og_locale":"fr_FR","og_type":"article","og_title":"Irr\u00e9gularit\u00e9s dans la gestion des march\u00e9s publics : Deux cadres du minist\u00e8re des Droits Humains sanctionn\u00e9s par la Cour des Comptes - La Tribune du Faso","og_description":"Dans un troisi\u00e8me arr\u00eat rendu ce 30 janvier 2025, la Cour des Comptes du Burkina Faso a sanctionn\u00e9 deux anciens directeurs du minist\u00e8re des Droits Humains et de la Promotion Civique (MDHPC) pour des manquements graves dans la gestion des march\u00e9s publics durant l&rsquo;exercice 2019.\u00a0","og_url":"https:\/\/www.latribunedufaso.net\/?p=26219","og_site_name":"La Tribune du Faso","article_publisher":"https:\/\/www.facebook.com\/LatribuneduFaso\/","article_published_time":"2025-12-30T13:24:20+00:00","og_image":[{"width":720,"height":440,"url":"https:\/\/www.latribunedufaso.net\/wp-content\/uploads\/2024\/11\/FB_IMG_1732141482469.jpg","type":"image\/jpeg"}],"author":"Issouf Tapsoba","twitter_misc":{"\u00c9crit par":"Issouf Tapsoba","Dur\u00e9e de lecture estim\u00e9e":"3 minutes"},"schema":{"@context":"https:\/\/schema.org","@graph":[{"@type":"Article","@id":"https:\/\/www.latribunedufaso.net\/?p=26219#article","isPartOf":{"@id":"https:\/\/www.latribunedufaso.net\/?p=26219"},"author":{"name":"Issouf Tapsoba","@id":"https:\/\/www.latribunedufaso.net\/#\/schema\/person\/e54e64c5778a7e72cf80a318b7a622b0"},"headline":"Irr\u00e9gularit\u00e9s dans la gestion des march\u00e9s publics : Deux cadres du minist\u00e8re des Droits Humains sanctionn\u00e9s par la Cour des Comptes","datePublished":"2025-12-30T13:24:20+00:00","mainEntityOfPage":{"@id":"https:\/\/www.latribunedufaso.net\/?p=26219"},"wordCount":574,"commentCount":0,"publisher":{"@id":"https:\/\/www.latribunedufaso.net\/#organization"},"image":{"@id":"https:\/\/www.latribunedufaso.net\/?p=26219#primaryimage"},"thumbnailUrl":"https:\/\/www.latribunedufaso.net\/wp-content\/uploads\/2024\/11\/FB_IMG_1732141482469.jpg","keywords":["ASCE-LC","Cour des comptes","gestion des finances publiques","latribunedufaso.net"],"articleSection":["A la une","Actualit\u00e9","Soci\u00e9t\u00e9"],"inLanguage":"fr-FR","potentialAction":[{"@type":"CommentAction","name":"Comment","target":["https:\/\/www.latribunedufaso.net\/?p=26219#respond"]}]},{"@type":"WebPage","@id":"https:\/\/www.latribunedufaso.net\/?p=26219","url":"https:\/\/www.latribunedufaso.net\/?p=26219","name":"Irr\u00e9gularit\u00e9s dans la gestion des march\u00e9s publics : Deux cadres du minist\u00e8re des Droits Humains sanctionn\u00e9s par la Cour des Comptes - La Tribune du Faso","isPartOf":{"@id":"https:\/\/www.latribunedufaso.net\/#website"},"primaryImageOfPage":{"@id":"https:\/\/www.latribunedufaso.net\/?p=26219#primaryimage"},"image":{"@id":"https:\/\/www.latribunedufaso.net\/?p=26219#primaryimage"},"thumbnailUrl":"https:\/\/www.latribunedufaso.net\/wp-content\/uploads\/2024\/11\/FB_IMG_1732141482469.jpg","datePublished":"2025-12-30T13:24:20+00:00","breadcrumb":{"@id":"https:\/\/www.latribunedufaso.net\/?p=26219#breadcrumb"},"inLanguage":"fr-FR","potentialAction":[{"@type":"ReadAction","target":["https:\/\/www.latribunedufaso.net\/?p=26219"]}]},{"@type":"ImageObject","inLanguage":"fr-FR","@id":"https:\/\/www.latribunedufaso.net\/?p=26219#primaryimage","url":"https:\/\/www.latribunedufaso.net\/wp-content\/uploads\/2024\/11\/FB_IMG_1732141482469.jpg","contentUrl":"https:\/\/www.latribunedufaso.net\/wp-content\/uploads\/2024\/11\/FB_IMG_1732141482469.jpg","width":720,"height":440,"caption":"Image illustrative ASCE-LC"},{"@type":"BreadcrumbList","@id":"https:\/\/www.latribunedufaso.net\/?p=26219#breadcrumb","itemListElement":[{"@type":"ListItem","position":1,"name":"Accueil","item":"https:\/\/www.latribunedufaso.net\/"},{"@type":"ListItem","position":2,"name":"Irr\u00e9gularit\u00e9s dans la gestion des march\u00e9s publics : Deux cadres du minist\u00e8re des Droits Humains sanctionn\u00e9s par la Cour des Comptes"}]},{"@type":"WebSite","@id":"https:\/\/www.latribunedufaso.net\/#website","url":"https:\/\/www.latribunedufaso.net\/","name":"La Tribune du Faso","description":"L&#039;information du monde rural en un clic","publisher":{"@id":"https:\/\/www.latribunedufaso.net\/#organization"},"potentialAction":[{"@type":"SearchAction","target":{"@type":"EntryPoint","urlTemplate":"https:\/\/www.latribunedufaso.net\/?s={search_term_string}"},"query-input":{"@type":"PropertyValueSpecification","valueRequired":true,"valueName":"search_term_string"}}],"inLanguage":"fr-FR"},{"@type":"Organization","@id":"https:\/\/www.latribunedufaso.net\/#organization","name":"La Tribune du Faso","url":"https:\/\/www.latribunedufaso.net\/","logo":{"@type":"ImageObject","inLanguage":"fr-FR","@id":"https:\/\/www.latribunedufaso.net\/#\/schema\/logo\/image\/","url":"https:\/\/www.latribunedufaso.net\/wp-content\/uploads\/2020\/08\/Logo-Tribune-du-Faso-final-scaled.jpg","contentUrl":"https:\/\/www.latribunedufaso.net\/wp-content\/uploads\/2020\/08\/Logo-Tribune-du-Faso-final-scaled.jpg","width":2560,"height":1856,"caption":"La Tribune du Faso"},"image":{"@id":"https:\/\/www.latribunedufaso.net\/#\/schema\/logo\/image\/"},"sameAs":["https:\/\/www.facebook.com\/LatribuneduFaso\/"]},{"@type":"Person","@id":"https:\/\/www.latribunedufaso.net\/#\/schema\/person\/e54e64c5778a7e72cf80a318b7a622b0","name":"Issouf Tapsoba","image":{"@type":"ImageObject","inLanguage":"fr-FR","@id":"https:\/\/secure.gravatar.com\/avatar\/5e6c05150ce3230247d167f5b94d678eb05936197436d69b7921e3a95c9107ac?s=96&d=mm&r=g","url":"https:\/\/secure.gravatar.com\/avatar\/5e6c05150ce3230247d167f5b94d678eb05936197436d69b7921e3a95c9107ac?s=96&d=mm&r=g","contentUrl":"https:\/\/secure.gravatar.com\/avatar\/5e6c05150ce3230247d167f5b94d678eb05936197436d69b7921e3a95c9107ac?s=96&d=mm&r=g","caption":"Issouf Tapsoba"},"url":"https:\/\/www.latribunedufaso.net\/?author=5"}]}},"_links":{"self":[{"href":"https:\/\/www.latribunedufaso.net\/index.php?rest_route=\/wp\/v2\/posts\/26219","targetHints":{"allow":["GET"]}}],"collection":[{"href":"https:\/\/www.latribunedufaso.net\/index.php?rest_route=\/wp\/v2\/posts"}],"about":[{"href":"https:\/\/www.latribunedufaso.net\/index.php?rest_route=\/wp\/v2\/types\/post"}],"author":[{"embeddable":true,"href":"https:\/\/www.latribunedufaso.net\/index.php?rest_route=\/wp\/v2\/users\/5"}],"replies":[{"embeddable":true,"href":"https:\/\/www.latribunedufaso.net\/index.php?rest_route=%2Fwp%2Fv2%2Fcomments&post=26219"}],"version-history":[{"count":4,"href":"https:\/\/www.latribunedufaso.net\/index.php?rest_route=\/wp\/v2\/posts\/26219\/revisions"}],"predecessor-version":[{"id":26231,"href":"https:\/\/www.latribunedufaso.net\/index.php?rest_route=\/wp\/v2\/posts\/26219\/revisions\/26231"}],"wp:featuredmedia":[{"embeddable":true,"href":"https:\/\/www.latribunedufaso.net\/index.php?rest_route=\/wp\/v2\/media\/17042"}],"wp:attachment":[{"href":"https:\/\/www.latribunedufaso.net\/index.php?rest_route=%2Fwp%2Fv2%2Fmedia&parent=26219"}],"wp:term":[{"taxonomy":"category","embeddable":true,"href":"https:\/\/www.latribunedufaso.net\/index.php?rest_route=%2Fwp%2Fv2%2Fcategories&post=26219"},{"taxonomy":"post_tag","embeddable":true,"href":"https:\/\/www.latribunedufaso.net\/index.php?rest_route=%2Fwp%2Fv2%2Ftags&post=26219"}],"curies":[{"name":"wp","href":"https:\/\/api.w.org\/{rel}","templated":true}]}}