{"id":26202,"date":"2025-12-30T11:13:57","date_gmt":"2025-12-30T11:13:57","guid":{"rendered":"https:\/\/www.latribunedufaso.net\/?p=26202"},"modified":"2025-12-30T11:23:10","modified_gmt":"2025-12-30T11:23:10","slug":"powerlifting-le-champion-du-monde-zan-alfred-bady-alias-le-caterpillar-presente-ses-trophees-au-groupe-neemba","status":"publish","type":"post","link":"https:\/\/www.latribunedufaso.net\/?p=26202","title":{"rendered":"Powerlifting\u00a0: Le champion du monde Zan Alfred Bady, alias \u00ab Le Caterpillar \u00bb, pr\u00e9sente ses troph\u00e9es au groupe Neemba\u00a0"},"content":{"rendered":"<p><strong>Ambassadeur du Groupe Neemba, l&rsquo;athl\u00e8te Zan Alfred Bady, surnomm\u00e9<em> \u00ab Le Caterpillar \u00bb<\/em>, a officiellement pr\u00e9sent\u00e9 ses m\u00e9dailles de champion du monde de powerlifting \u00e0 son partenaire, \u00e0 l\u2019occasion d\u2019une c\u00e9r\u00e9monie qui s\u2019est tenue, le 23 d\u00e9cembre 2025 dans les locaux de Neemba Burkina \u00e0 Ouagadougou.\u00a0<\/strong><!--more--><\/p>\n<p>L\u2019ambiance \u00e9tait festive cet apr\u00e8s-midi du 23 d\u00e9cembre 2025 dans les locaux de Neemba Burkina. Les employ\u00e9s du groupe industriel se sont mobilis\u00e9s pour accueillir leur ambassadeur, Zan Alfred Bady, alias <em><strong>\u00ab Le Caterpillar\u00a0\u00bb<\/strong><\/em>. Ce dernier venait pr\u00e9senter officiellement ses m\u00e9dailles remport\u00e9es au 9e Championnat du monde de Powerlifting, tenus du 4 au 7 d\u00e9cembre 2025 \u00e0 Moscou (Russie).<\/p>\n<figure id=\"attachment_26214\" aria-describedby=\"caption-attachment-26214\" style=\"width: 1080px\" class=\"wp-caption aligncenter\"><a href=\"https:\/\/www.latribunedufaso.net\/wp-content\/uploads\/2025\/12\/20251230105709.jpg\"><img loading=\"lazy\" decoding=\"async\" class=\"size-full wp-image-26214\" src=\"https:\/\/www.latribunedufaso.net\/wp-content\/uploads\/2025\/12\/20251230105709.jpg\" alt=\"Zan Alfred Bady, alias \u00ab Le Caterpillar\u00a0\u00bb pr\u00e9sente ses m\u00e9dailles \u00e0 son partenaire Neemba Burkina, 23 d\u00e9cembre 2025\" width=\"1080\" height=\"607\" srcset=\"https:\/\/www.latribunedufaso.net\/wp-content\/uploads\/2025\/12\/20251230105709.jpg 1080w, https:\/\/www.latribunedufaso.net\/wp-content\/uploads\/2025\/12\/20251230105709-300x169.jpg 300w, https:\/\/www.latribunedufaso.net\/wp-content\/uploads\/2025\/12\/20251230105709-1024x576.jpg 1024w, https:\/\/www.latribunedufaso.net\/wp-content\/uploads\/2025\/12\/20251230105709-768x432.jpg 768w\" sizes=\"auto, (max-width: 1080px) 100vw, 1080px\" \/><\/a><figcaption id=\"caption-attachment-26214\" class=\"wp-caption-text\">Zan Alfred Bady, alias \u00ab Le Caterpillar\u00a0\u00bb partage son succ\u00e8s avec son sponsor Neemba Burkina &#8211; Ph. I. Tapsoba<\/figcaption><\/figure>\n<p>Zan Alfred Bady alias <em><strong>\u00ab Le Caterpillar \u00bb<\/strong><\/em> a marqu\u00e9 les esprits en soulevant une charge de 240 kg au d\u00e9velopp\u00e9-couch\u00e9, d\u00e9crochant ainsi la m\u00e9daille d\u2019or et \u00e9tablissant un nouveau record du monde dans sa cat\u00e9gorie. En plus de cet exploit, il a remport\u00e9 deux autres m\u00e9dailles d\u2019or en curl biceps (90 kg) et Dips (142,5 kg), signant un tripl\u00e9 historique. Soutenu par le Groupe Neemba dans sa pr\u00e9paration, le champion a tenu \u00e0 partager ce succ\u00e8s avec son sponsor.<\/p>\n<h3>Une convergence de valeurs : puissance et dur\u00e9e<\/h3>\n<p>Pour <em><strong>\u00ab Le Caterpillar \u00bb<\/strong><\/em>, ce r\u00e9sultat est l&rsquo;aboutissement de plusieurs ann\u00e9es de travail acharn\u00e9. Selon lui, la performance de haut niveau se construit sur la dur\u00e9e, avec rigueur, constance et humilit\u00e9. Cette philosophie de vie fait directement \u00e9cho \u00e0 l&rsquo;identit\u00e9 de son partenaire.<\/p>\n<figure id=\"attachment_26209\" aria-describedby=\"caption-attachment-26209\" style=\"width: 2560px\" class=\"wp-caption aligncenter\"><a href=\"https:\/\/www.latribunedufaso.net\/wp-content\/uploads\/2025\/12\/IMG_20251223_171150-scaled.jpg\"><img loading=\"lazy\" decoding=\"async\" class=\"size-full wp-image-26209\" src=\"https:\/\/www.latribunedufaso.net\/wp-content\/uploads\/2025\/12\/IMG_20251223_171150-scaled.jpg\" alt=\"Zan Alfred Bady, alias \u00ab Le Caterpillar\u00a0\u00bb pr\u00e9sente ses m\u00e9dailles \u00e0 son partenaire Neemba Burkina, 23 d\u00e9cembre 2025\" width=\"2560\" height=\"1928\" srcset=\"https:\/\/www.latribunedufaso.net\/wp-content\/uploads\/2025\/12\/IMG_20251223_171150-scaled.jpg 2560w, https:\/\/www.latribunedufaso.net\/wp-content\/uploads\/2025\/12\/IMG_20251223_171150-300x226.jpg 300w, https:\/\/www.latribunedufaso.net\/wp-content\/uploads\/2025\/12\/IMG_20251223_171150-1024x771.jpg 1024w, https:\/\/www.latribunedufaso.net\/wp-content\/uploads\/2025\/12\/IMG_20251223_171150-768x578.jpg 768w, https:\/\/www.latribunedufaso.net\/wp-content\/uploads\/2025\/12\/IMG_20251223_171150-1536x1157.jpg 1536w, https:\/\/www.latribunedufaso.net\/wp-content\/uploads\/2025\/12\/IMG_20251223_171150-2048x1542.jpg 2048w\" sizes=\"auto, (max-width: 2560px) 100vw, 2560px\" \/><\/a><figcaption id=\"caption-attachment-26209\" class=\"wp-caption-text\">Le Directeur Pays de Neemba Burkina, Eric Jean No\u00ebl Zour\u00e9 &#8211; Ph. I. Tapsoba<\/figcaption><\/figure>\n<p><em><strong>\u00ab Notre triple m\u00e9daill\u00e9 d&rsquo;or et recordman, Zan Alfred Bady, porte le surnom de Caterpillar. Cette marque incarne une puissance construite dans la dur\u00e9e, avec plus de 100 ans d&rsquo;existence, mais aussi une puissance ma\u00eetris\u00e9e. En lui, nous reconnaissons notre ADN \u00bb<\/strong><\/em>, a d\u00e9clar\u00e9 le Directeur Pays de Neemba Burkina, Eric Jean No\u00ebl Zour\u00e9.<\/p>\n<p>En accompagnant l&rsquo;athl\u00e8te, le Groupe Neemba r\u00e9affirme son engagement en faveur de la performance humaine durable, soutenant des talents qui incarnent les m\u00eames standards d\u2019excellence que ceux port\u00e9s par le groupe dans ses activit\u00e9s industrielles.<\/p>\n<figure id=\"attachment_26210\" aria-describedby=\"caption-attachment-26210\" style=\"width: 2560px\" class=\"wp-caption aligncenter\"><a href=\"https:\/\/www.latribunedufaso.net\/wp-content\/uploads\/2025\/12\/IMG_20251223_170523-scaled.jpg\"><img loading=\"lazy\" decoding=\"async\" class=\"size-full wp-image-26210\" src=\"https:\/\/www.latribunedufaso.net\/wp-content\/uploads\/2025\/12\/IMG_20251223_170523-scaled.jpg\" alt=\"Zan Alfred Bady, alias \u00ab Le Caterpillar\u00a0\u00bb pr\u00e9sente ses m\u00e9dailles \u00e0 son partenaire Neemba Burkina, 23 d\u00e9cembre 2025\" width=\"2560\" height=\"1928\" srcset=\"https:\/\/www.latribunedufaso.net\/wp-content\/uploads\/2025\/12\/IMG_20251223_170523-scaled.jpg 2560w, https:\/\/www.latribunedufaso.net\/wp-content\/uploads\/2025\/12\/IMG_20251223_170523-300x226.jpg 300w, https:\/\/www.latribunedufaso.net\/wp-content\/uploads\/2025\/12\/IMG_20251223_170523-1024x771.jpg 1024w, https:\/\/www.latribunedufaso.net\/wp-content\/uploads\/2025\/12\/IMG_20251223_170523-768x578.jpg 768w, https:\/\/www.latribunedufaso.net\/wp-content\/uploads\/2025\/12\/IMG_20251223_170523-1536x1157.jpg 1536w, https:\/\/www.latribunedufaso.net\/wp-content\/uploads\/2025\/12\/IMG_20251223_170523-2048x1542.jpg 2048w\" sizes=\"auto, (max-width: 2560px) 100vw, 2560px\" \/><\/a><figcaption id=\"caption-attachment-26210\" class=\"wp-caption-text\">Une vue des collaborateurs de Neemba Burkina sortis nombreux pour c\u00e9l\u00e9brer le succ\u00e8s de leur ambassadeur &#8211; Ph. I. Tapsoba<\/figcaption><\/figure>\n<p>La c\u00e9r\u00e9monie s\u2019est d\u00e9roul\u00e9e dans une ambiance conviviale et riche en \u00e9motions. Apr\u00e8s la remise de pr\u00e9sents, les collaborateurs de Neemba Burkina ont r\u00e9serv\u00e9 une haie d\u2019honneur et une ovation vibrante \u00e0 leur ambassadeur. La rencontre s\u2019est achev\u00e9e par une visite guid\u00e9e des installations et des nouveaux \u00e9quipements de l\u2019entreprise, soulignant le lien entre la force de l\u2019athl\u00e8te et la puissance des machines qu&rsquo;il repr\u00e9sente.<\/p>\n<h3>\u00c0 propos de Neemba<\/h3>\n<p>Neemba est un groupe industriel panafricain, concessionnaire officiel Caterpillar depuis 1932. Op\u00e9rant dans 11 pays d\u2019Afrique de l\u2019Ouest, dont le Burkina Faso, le groupe poss\u00e8de un h\u00e9ritage de plus de 90 ans. Il s\u2019est impos\u00e9 comme un acteur de r\u00e9f\u00e9rence dans les secteurs des mines, de la construction, de l\u2019\u00e9nergie et des \u00e9quipements industriels.<\/p>\n<p><strong>Issouf TAPSOBA\u00a0<\/strong><\/p>\n<p><strong>Latribunedufaso.net<\/strong><\/p>\n<p><a href=\"https:\/\/www.latribunedufaso.net\/wp-content\/uploads\/2025\/12\/IMG_20251223_170300-scaled.jpg\"><img loading=\"lazy\" decoding=\"async\" class=\"aligncenter size-full wp-image-26212\" src=\"https:\/\/www.latribunedufaso.net\/wp-content\/uploads\/2025\/12\/IMG_20251223_170300-scaled.jpg\" alt=\"Zan Alfred Bady, alias \u00ab Le Caterpillar\u00a0\u00bb pr\u00e9sente ses m\u00e9dailles \u00e0 son partenaire Neemba Burkina, 23 d\u00e9cembre 2025\" width=\"2560\" height=\"1928\" srcset=\"https:\/\/www.latribunedufaso.net\/wp-content\/uploads\/2025\/12\/IMG_20251223_170300-scaled.jpg 2560w, https:\/\/www.latribunedufaso.net\/wp-content\/uploads\/2025\/12\/IMG_20251223_170300-300x226.jpg 300w, https:\/\/www.latribunedufaso.net\/wp-content\/uploads\/2025\/12\/IMG_20251223_170300-1024x771.jpg 1024w, https:\/\/www.latribunedufaso.net\/wp-content\/uploads\/2025\/12\/IMG_20251223_170300-768x578.jpg 768w, https:\/\/www.latribunedufaso.net\/wp-content\/uploads\/2025\/12\/IMG_20251223_170300-1536x1157.jpg 1536w, https:\/\/www.latribunedufaso.net\/wp-content\/uploads\/2025\/12\/IMG_20251223_170300-2048x1542.jpg 2048w\" sizes=\"auto, (max-width: 2560px) 100vw, 2560px\" \/><\/a><a href=\"https:\/\/www.latribunedufaso.net\/wp-content\/uploads\/2025\/12\/IMG_20251223_170422-scaled.jpg\"><img loading=\"lazy\" decoding=\"async\" class=\"aligncenter size-full wp-image-26211\" src=\"https:\/\/www.latribunedufaso.net\/wp-content\/uploads\/2025\/12\/IMG_20251223_170422-scaled.jpg\" alt=\"Zan Alfred Bady, alias \u00ab Le Caterpillar\u00a0\u00bb pr\u00e9sente ses m\u00e9dailles \u00e0 son partenaire Neemba Burkina, 23 d\u00e9cembre 2025\" width=\"2560\" height=\"1928\" srcset=\"https:\/\/www.latribunedufaso.net\/wp-content\/uploads\/2025\/12\/IMG_20251223_170422-scaled.jpg 2560w, https:\/\/www.latribunedufaso.net\/wp-content\/uploads\/2025\/12\/IMG_20251223_170422-300x226.jpg 300w, https:\/\/www.latribunedufaso.net\/wp-content\/uploads\/2025\/12\/IMG_20251223_170422-1024x771.jpg 1024w, https:\/\/www.latribunedufaso.net\/wp-content\/uploads\/2025\/12\/IMG_20251223_170422-768x578.jpg 768w, https:\/\/www.latribunedufaso.net\/wp-content\/uploads\/2025\/12\/IMG_20251223_170422-1536x1157.jpg 1536w, https:\/\/www.latribunedufaso.net\/wp-content\/uploads\/2025\/12\/IMG_20251223_170422-2048x1542.jpg 2048w\" sizes=\"auto, (max-width: 2560px) 100vw, 2560px\" \/><\/a><a href=\"https:\/\/www.latribunedufaso.net\/wp-content\/uploads\/2025\/12\/IMG_20251223_171909-scaled.jpg\"><img loading=\"lazy\" decoding=\"async\" class=\"aligncenter size-full wp-image-26208\" src=\"https:\/\/www.latribunedufaso.net\/wp-content\/uploads\/2025\/12\/IMG_20251223_171909-scaled.jpg\" alt=\"Zan Alfred Bady, alias \u00ab Le Caterpillar\u00a0\u00bb pr\u00e9sente ses m\u00e9dailles \u00e0 son partenaire Neemba Burkina, 23 d\u00e9cembre 2025\" width=\"2560\" height=\"1928\" srcset=\"https:\/\/www.latribunedufaso.net\/wp-content\/uploads\/2025\/12\/IMG_20251223_171909-scaled.jpg 2560w, https:\/\/www.latribunedufaso.net\/wp-content\/uploads\/2025\/12\/IMG_20251223_171909-300x226.jpg 300w, https:\/\/www.latribunedufaso.net\/wp-content\/uploads\/2025\/12\/IMG_20251223_171909-1024x771.jpg 1024w, https:\/\/www.latribunedufaso.net\/wp-content\/uploads\/2025\/12\/IMG_20251223_171909-768x578.jpg 768w, https:\/\/www.latribunedufaso.net\/wp-content\/uploads\/2025\/12\/IMG_20251223_171909-1536x1157.jpg 1536w, https:\/\/www.latribunedufaso.net\/wp-content\/uploads\/2025\/12\/IMG_20251223_171909-2048x1542.jpg 2048w\" sizes=\"auto, (max-width: 2560px) 100vw, 2560px\" \/><\/a><a href=\"https:\/\/www.latribunedufaso.net\/wp-content\/uploads\/2025\/12\/IMG_20251223_175354-scaled.jpg\"><img loading=\"lazy\" decoding=\"async\" class=\"aligncenter size-full wp-image-26205\" src=\"https:\/\/www.latribunedufaso.net\/wp-content\/uploads\/2025\/12\/IMG_20251223_175354-scaled.jpg\" alt=\"Zan Alfred Bady, alias \u00ab Le Caterpillar\u00a0\u00bb pr\u00e9sente ses m\u00e9dailles \u00e0 son partenaire Neemba Burkina, 23 d\u00e9cembre 2025\" width=\"2560\" height=\"1928\" srcset=\"https:\/\/www.latribunedufaso.net\/wp-content\/uploads\/2025\/12\/IMG_20251223_175354-scaled.jpg 2560w, https:\/\/www.latribunedufaso.net\/wp-content\/uploads\/2025\/12\/IMG_20251223_175354-300x226.jpg 300w, https:\/\/www.latribunedufaso.net\/wp-content\/uploads\/2025\/12\/IMG_20251223_175354-1024x771.jpg 1024w, https:\/\/www.latribunedufaso.net\/wp-content\/uploads\/2025\/12\/IMG_20251223_175354-768x578.jpg 768w, https:\/\/www.latribunedufaso.net\/wp-content\/uploads\/2025\/12\/IMG_20251223_175354-1536x1157.jpg 1536w, https:\/\/www.latribunedufaso.net\/wp-content\/uploads\/2025\/12\/IMG_20251223_175354-2048x1542.jpg 2048w\" sizes=\"auto, (max-width: 2560px) 100vw, 2560px\" \/><\/a><a href=\"https:\/\/www.latribunedufaso.net\/wp-content\/uploads\/2025\/12\/IMG_20251223_173934-scaled.jpg\"><img loading=\"lazy\" decoding=\"async\" class=\"aligncenter size-full wp-image-26206\" src=\"https:\/\/www.latribunedufaso.net\/wp-content\/uploads\/2025\/12\/IMG_20251223_173934-scaled.jpg\" alt=\"Zan Alfred Bady, alias \u00ab Le Caterpillar\u00a0\u00bb pr\u00e9sente ses m\u00e9dailles \u00e0 son partenaire Neemba Burkina, 23 d\u00e9cembre 2025\" width=\"2560\" height=\"1928\" srcset=\"https:\/\/www.latribunedufaso.net\/wp-content\/uploads\/2025\/12\/IMG_20251223_173934-scaled.jpg 2560w, https:\/\/www.latribunedufaso.net\/wp-content\/uploads\/2025\/12\/IMG_20251223_173934-300x226.jpg 300w, https:\/\/www.latribunedufaso.net\/wp-content\/uploads\/2025\/12\/IMG_20251223_173934-1024x771.jpg 1024w, https:\/\/www.latribunedufaso.net\/wp-content\/uploads\/2025\/12\/IMG_20251223_173934-768x578.jpg 768w, https:\/\/www.latribunedufaso.net\/wp-content\/uploads\/2025\/12\/IMG_20251223_173934-1536x1157.jpg 1536w, https:\/\/www.latribunedufaso.net\/wp-content\/uploads\/2025\/12\/IMG_20251223_173934-2048x1542.jpg 2048w\" sizes=\"auto, (max-width: 2560px) 100vw, 2560px\" \/><\/a><a href=\"https:\/\/www.latribunedufaso.net\/wp-content\/uploads\/2025\/12\/IMG_20251223_173925-scaled.jpg\"><img loading=\"lazy\" decoding=\"async\" class=\"aligncenter size-full wp-image-26207\" src=\"https:\/\/www.latribunedufaso.net\/wp-content\/uploads\/2025\/12\/IMG_20251223_173925-scaled.jpg\" alt=\"Zan Alfred Bady, alias \u00ab Le Caterpillar\u00a0\u00bb pr\u00e9sente ses m\u00e9dailles \u00e0 son partenaire Neemba Burkina, 23 d\u00e9cembre 2025\" width=\"2560\" height=\"1928\" srcset=\"https:\/\/www.latribunedufaso.net\/wp-content\/uploads\/2025\/12\/IMG_20251223_173925-scaled.jpg 2560w, https:\/\/www.latribunedufaso.net\/wp-content\/uploads\/2025\/12\/IMG_20251223_173925-300x226.jpg 300w, https:\/\/www.latribunedufaso.net\/wp-content\/uploads\/2025\/12\/IMG_20251223_173925-1024x771.jpg 1024w, https:\/\/www.latribunedufaso.net\/wp-content\/uploads\/2025\/12\/IMG_20251223_173925-768x578.jpg 768w, https:\/\/www.latribunedufaso.net\/wp-content\/uploads\/2025\/12\/IMG_20251223_173925-1536x1157.jpg 1536w, https:\/\/www.latribunedufaso.net\/wp-content\/uploads\/2025\/12\/IMG_20251223_173925-2048x1542.jpg 2048w\" sizes=\"auto, (max-width: 2560px) 100vw, 2560px\" \/><\/a><\/p>\n","protected":false},"excerpt":{"rendered":"<p>Ambassadeur du Groupe Neemba, l&rsquo;athl\u00e8te Zan Alfred Bady, surnomm\u00e9 \u00ab Le Caterpillar \u00bb, a officiellement pr\u00e9sent\u00e9 ses m\u00e9dailles de champion du monde de powerlifting \u00e0 son partenaire, \u00e0 l\u2019occasion d\u2019une c\u00e9r\u00e9monie qui s\u2019est tenue, le 23 d\u00e9cembre 2025 dans les locaux de Neemba Burkina \u00e0 Ouagadougou.\u00a0<\/p>\n","protected":false},"author":5,"featured_media":26215,"comment_status":"open","ping_status":"open","sticky":false,"template":"","format":"standard","meta":{"footnotes":""},"categories":[13,1,17],"tags":[1896,39,1894,1893,1895,1897],"class_list":["post-26202","post","type-post","status-publish","format-standard","has-post-thumbnail","hentry","category-une","category-actu","category-sport","tag-alias-le-caterpillar","tag-latribunedufaso-net","tag-neemba-burkina","tag-powerlifting","tag-zan-alfred-bady","tag-zan-alfred-bady-presente-ses-trophees-a-neemba"],"yoast_head":"<!-- This site is optimized with the Yoast SEO plugin v27.5 - https:\/\/yoast.com\/product\/yoast-seo-wordpress\/ -->\n<title>Powerlifting\u00a0: Le champion du monde Zan Alfred Bady, alias \u00ab Le Caterpillar \u00bb, pr\u00e9sente ses troph\u00e9es au groupe Neemba\u00a0 - La Tribune du Faso<\/title>\n<meta name=\"robots\" content=\"index, follow, max-snippet:-1, max-image-preview:large, max-video-preview:-1\" \/>\n<link rel=\"canonical\" href=\"https:\/\/www.latribunedufaso.net\/?p=26202\" \/>\n<meta property=\"og:locale\" content=\"fr_FR\" \/>\n<meta property=\"og:type\" content=\"article\" \/>\n<meta property=\"og:title\" content=\"Powerlifting\u00a0: Le champion du monde Zan Alfred Bady, alias \u00ab Le Caterpillar \u00bb, pr\u00e9sente ses troph\u00e9es au groupe Neemba\u00a0 - La Tribune du Faso\" \/>\n<meta property=\"og:description\" content=\"Ambassadeur du Groupe Neemba, l&rsquo;athl\u00e8te Zan Alfred Bady, surnomm\u00e9 \u00ab Le Caterpillar \u00bb, a officiellement pr\u00e9sent\u00e9 ses m\u00e9dailles de champion du monde de powerlifting \u00e0 son partenaire, \u00e0 l\u2019occasion d\u2019une c\u00e9r\u00e9monie qui s\u2019est tenue, le 23 d\u00e9cembre 2025 dans les locaux de Neemba Burkina \u00e0 Ouagadougou.\u00a0\" \/>\n<meta property=\"og:url\" content=\"https:\/\/www.latribunedufaso.net\/?p=26202\" \/>\n<meta property=\"og:site_name\" content=\"La Tribune du Faso\" \/>\n<meta property=\"article:publisher\" content=\"https:\/\/www.facebook.com\/LatribuneduFaso\/\" \/>\n<meta property=\"article:published_time\" content=\"2025-12-30T11:13:57+00:00\" \/>\n<meta property=\"article:modified_time\" content=\"2025-12-30T11:23:10+00:00\" \/>\n<meta property=\"og:image\" content=\"https:\/\/www.latribunedufaso.net\/wp-content\/uploads\/2025\/12\/IMG_20251223_172129-scaled.jpg\" \/>\n\t<meta property=\"og:image:width\" content=\"2560\" \/>\n\t<meta property=\"og:image:height\" content=\"1928\" \/>\n\t<meta property=\"og:image:type\" content=\"image\/jpeg\" \/>\n<meta name=\"author\" content=\"Issouf Tapsoba\" \/>\n<meta name=\"twitter:label1\" content=\"\u00c9crit par\" \/>\n\t<meta name=\"twitter:data1\" content=\"Issouf Tapsoba\" \/>\n\t<meta name=\"twitter:label2\" content=\"Dur\u00e9e de lecture estim\u00e9e\" \/>\n\t<meta name=\"twitter:data2\" content=\"5 minutes\" \/>\n<script type=\"application\/ld+json\" class=\"yoast-schema-graph\">{\"@context\":\"https:\\\/\\\/schema.org\",\"@graph\":[{\"@type\":\"Article\",\"@id\":\"https:\\\/\\\/www.latribunedufaso.net\\\/?p=26202#article\",\"isPartOf\":{\"@id\":\"https:\\\/\\\/www.latribunedufaso.net\\\/?p=26202\"},\"author\":{\"name\":\"Issouf Tapsoba\",\"@id\":\"https:\\\/\\\/www.latribunedufaso.net\\\/#\\\/schema\\\/person\\\/e54e64c5778a7e72cf80a318b7a622b0\"},\"headline\":\"Powerlifting\u00a0: Le champion du monde Zan Alfred Bady, alias \u00ab Le Caterpillar \u00bb, pr\u00e9sente ses troph\u00e9es au groupe Neemba\u00a0\",\"datePublished\":\"2025-12-30T11:13:57+00:00\",\"dateModified\":\"2025-12-30T11:23:10+00:00\",\"mainEntityOfPage\":{\"@id\":\"https:\\\/\\\/www.latribunedufaso.net\\\/?p=26202\"},\"wordCount\":594,\"commentCount\":0,\"publisher\":{\"@id\":\"https:\\\/\\\/www.latribunedufaso.net\\\/#organization\"},\"image\":{\"@id\":\"https:\\\/\\\/www.latribunedufaso.net\\\/?p=26202#primaryimage\"},\"thumbnailUrl\":\"https:\\\/\\\/www.latribunedufaso.net\\\/wp-content\\\/uploads\\\/2025\\\/12\\\/IMG_20251223_172129-scaled.jpg\",\"keywords\":[\"alias \u00ab Le Caterpillar\u00a0\u00bb\",\"latribunedufaso.net\",\"Neemba Burkina\",\"Powerlifting\",\"Zan Alfred Bady\",\"Zan Alfred Bady pr\u00e9sente ses troph\u00e9es \u00e0 Neemba\"],\"articleSection\":[\"A la une\",\"Actualit\u00e9\",\"Sport\"],\"inLanguage\":\"fr-FR\",\"potentialAction\":[{\"@type\":\"CommentAction\",\"name\":\"Comment\",\"target\":[\"https:\\\/\\\/www.latribunedufaso.net\\\/?p=26202#respond\"]}]},{\"@type\":\"WebPage\",\"@id\":\"https:\\\/\\\/www.latribunedufaso.net\\\/?p=26202\",\"url\":\"https:\\\/\\\/www.latribunedufaso.net\\\/?p=26202\",\"name\":\"Powerlifting\u00a0: Le champion du monde Zan Alfred Bady, alias \u00ab Le Caterpillar \u00bb, pr\u00e9sente ses troph\u00e9es au groupe Neemba\u00a0 - La Tribune du Faso\",\"isPartOf\":{\"@id\":\"https:\\\/\\\/www.latribunedufaso.net\\\/#website\"},\"primaryImageOfPage\":{\"@id\":\"https:\\\/\\\/www.latribunedufaso.net\\\/?p=26202#primaryimage\"},\"image\":{\"@id\":\"https:\\\/\\\/www.latribunedufaso.net\\\/?p=26202#primaryimage\"},\"thumbnailUrl\":\"https:\\\/\\\/www.latribunedufaso.net\\\/wp-content\\\/uploads\\\/2025\\\/12\\\/IMG_20251223_172129-scaled.jpg\",\"datePublished\":\"2025-12-30T11:13:57+00:00\",\"dateModified\":\"2025-12-30T11:23:10+00:00\",\"breadcrumb\":{\"@id\":\"https:\\\/\\\/www.latribunedufaso.net\\\/?p=26202#breadcrumb\"},\"inLanguage\":\"fr-FR\",\"potentialAction\":[{\"@type\":\"ReadAction\",\"target\":[\"https:\\\/\\\/www.latribunedufaso.net\\\/?p=26202\"]}]},{\"@type\":\"ImageObject\",\"inLanguage\":\"fr-FR\",\"@id\":\"https:\\\/\\\/www.latribunedufaso.net\\\/?p=26202#primaryimage\",\"url\":\"https:\\\/\\\/www.latribunedufaso.net\\\/wp-content\\\/uploads\\\/2025\\\/12\\\/IMG_20251223_172129-scaled.jpg\",\"contentUrl\":\"https:\\\/\\\/www.latribunedufaso.net\\\/wp-content\\\/uploads\\\/2025\\\/12\\\/IMG_20251223_172129-scaled.jpg\",\"width\":2560,\"height\":1928,\"caption\":\"Zan Alfred Bady, alias \u00ab Le Caterpillar\u00a0\u00bb pr\u00e9sente ses m\u00e9dailles \u00e0 son partenaire Neemba Burkina, 23 d\u00e9cembre 2025\"},{\"@type\":\"BreadcrumbList\",\"@id\":\"https:\\\/\\\/www.latribunedufaso.net\\\/?p=26202#breadcrumb\",\"itemListElement\":[{\"@type\":\"ListItem\",\"position\":1,\"name\":\"Accueil\",\"item\":\"https:\\\/\\\/www.latribunedufaso.net\\\/\"},{\"@type\":\"ListItem\",\"position\":2,\"name\":\"Powerlifting\u00a0: Le champion du monde Zan Alfred Bady, alias \u00ab Le Caterpillar \u00bb, pr\u00e9sente ses troph\u00e9es au groupe Neemba\u00a0\"}]},{\"@type\":\"WebSite\",\"@id\":\"https:\\\/\\\/www.latribunedufaso.net\\\/#website\",\"url\":\"https:\\\/\\\/www.latribunedufaso.net\\\/\",\"name\":\"La Tribune du Faso\",\"description\":\"L&#039;information du monde rural en un clic\",\"publisher\":{\"@id\":\"https:\\\/\\\/www.latribunedufaso.net\\\/#organization\"},\"potentialAction\":[{\"@type\":\"SearchAction\",\"target\":{\"@type\":\"EntryPoint\",\"urlTemplate\":\"https:\\\/\\\/www.latribunedufaso.net\\\/?s={search_term_string}\"},\"query-input\":{\"@type\":\"PropertyValueSpecification\",\"valueRequired\":true,\"valueName\":\"search_term_string\"}}],\"inLanguage\":\"fr-FR\"},{\"@type\":\"Organization\",\"@id\":\"https:\\\/\\\/www.latribunedufaso.net\\\/#organization\",\"name\":\"La Tribune du Faso\",\"url\":\"https:\\\/\\\/www.latribunedufaso.net\\\/\",\"logo\":{\"@type\":\"ImageObject\",\"inLanguage\":\"fr-FR\",\"@id\":\"https:\\\/\\\/www.latribunedufaso.net\\\/#\\\/schema\\\/logo\\\/image\\\/\",\"url\":\"https:\\\/\\\/www.latribunedufaso.net\\\/wp-content\\\/uploads\\\/2020\\\/08\\\/Logo-Tribune-du-Faso-final-scaled.jpg\",\"contentUrl\":\"https:\\\/\\\/www.latribunedufaso.net\\\/wp-content\\\/uploads\\\/2020\\\/08\\\/Logo-Tribune-du-Faso-final-scaled.jpg\",\"width\":2560,\"height\":1856,\"caption\":\"La Tribune du Faso\"},\"image\":{\"@id\":\"https:\\\/\\\/www.latribunedufaso.net\\\/#\\\/schema\\\/logo\\\/image\\\/\"},\"sameAs\":[\"https:\\\/\\\/www.facebook.com\\\/LatribuneduFaso\\\/\"]},{\"@type\":\"Person\",\"@id\":\"https:\\\/\\\/www.latribunedufaso.net\\\/#\\\/schema\\\/person\\\/e54e64c5778a7e72cf80a318b7a622b0\",\"name\":\"Issouf Tapsoba\",\"image\":{\"@type\":\"ImageObject\",\"inLanguage\":\"fr-FR\",\"@id\":\"https:\\\/\\\/secure.gravatar.com\\\/avatar\\\/5e6c05150ce3230247d167f5b94d678eb05936197436d69b7921e3a95c9107ac?s=96&d=mm&r=g\",\"url\":\"https:\\\/\\\/secure.gravatar.com\\\/avatar\\\/5e6c05150ce3230247d167f5b94d678eb05936197436d69b7921e3a95c9107ac?s=96&d=mm&r=g\",\"contentUrl\":\"https:\\\/\\\/secure.gravatar.com\\\/avatar\\\/5e6c05150ce3230247d167f5b94d678eb05936197436d69b7921e3a95c9107ac?s=96&d=mm&r=g\",\"caption\":\"Issouf Tapsoba\"},\"url\":\"https:\\\/\\\/www.latribunedufaso.net\\\/?author=5\"}]}<\/script>\n<!-- \/ Yoast SEO plugin. -->","yoast_head_json":{"title":"Powerlifting\u00a0: Le champion du monde Zan Alfred Bady, alias \u00ab Le Caterpillar \u00bb, pr\u00e9sente ses troph\u00e9es au groupe Neemba\u00a0 - La Tribune du Faso","robots":{"index":"index","follow":"follow","max-snippet":"max-snippet:-1","max-image-preview":"max-image-preview:large","max-video-preview":"max-video-preview:-1"},"canonical":"https:\/\/www.latribunedufaso.net\/?p=26202","og_locale":"fr_FR","og_type":"article","og_title":"Powerlifting\u00a0: Le champion du monde Zan Alfred Bady, alias \u00ab Le Caterpillar \u00bb, pr\u00e9sente ses troph\u00e9es au groupe Neemba\u00a0 - La Tribune du Faso","og_description":"Ambassadeur du Groupe Neemba, l&rsquo;athl\u00e8te Zan Alfred Bady, surnomm\u00e9 \u00ab Le Caterpillar \u00bb, a officiellement pr\u00e9sent\u00e9 ses m\u00e9dailles de champion du monde de powerlifting \u00e0 son partenaire, \u00e0 l\u2019occasion d\u2019une c\u00e9r\u00e9monie qui s\u2019est tenue, le 23 d\u00e9cembre 2025 dans les locaux de Neemba Burkina \u00e0 Ouagadougou.\u00a0","og_url":"https:\/\/www.latribunedufaso.net\/?p=26202","og_site_name":"La Tribune du Faso","article_publisher":"https:\/\/www.facebook.com\/LatribuneduFaso\/","article_published_time":"2025-12-30T11:13:57+00:00","article_modified_time":"2025-12-30T11:23:10+00:00","og_image":[{"width":2560,"height":1928,"url":"https:\/\/www.latribunedufaso.net\/wp-content\/uploads\/2025\/12\/IMG_20251223_172129-scaled.jpg","type":"image\/jpeg"}],"author":"Issouf Tapsoba","twitter_misc":{"\u00c9crit par":"Issouf Tapsoba","Dur\u00e9e de lecture estim\u00e9e":"5 minutes"},"schema":{"@context":"https:\/\/schema.org","@graph":[{"@type":"Article","@id":"https:\/\/www.latribunedufaso.net\/?p=26202#article","isPartOf":{"@id":"https:\/\/www.latribunedufaso.net\/?p=26202"},"author":{"name":"Issouf Tapsoba","@id":"https:\/\/www.latribunedufaso.net\/#\/schema\/person\/e54e64c5778a7e72cf80a318b7a622b0"},"headline":"Powerlifting\u00a0: Le champion du monde Zan Alfred Bady, alias \u00ab Le Caterpillar \u00bb, pr\u00e9sente ses troph\u00e9es au groupe Neemba\u00a0","datePublished":"2025-12-30T11:13:57+00:00","dateModified":"2025-12-30T11:23:10+00:00","mainEntityOfPage":{"@id":"https:\/\/www.latribunedufaso.net\/?p=26202"},"wordCount":594,"commentCount":0,"publisher":{"@id":"https:\/\/www.latribunedufaso.net\/#organization"},"image":{"@id":"https:\/\/www.latribunedufaso.net\/?p=26202#primaryimage"},"thumbnailUrl":"https:\/\/www.latribunedufaso.net\/wp-content\/uploads\/2025\/12\/IMG_20251223_172129-scaled.jpg","keywords":["alias \u00ab Le Caterpillar\u00a0\u00bb","latribunedufaso.net","Neemba Burkina","Powerlifting","Zan Alfred Bady","Zan Alfred Bady pr\u00e9sente ses troph\u00e9es \u00e0 Neemba"],"articleSection":["A la une","Actualit\u00e9","Sport"],"inLanguage":"fr-FR","potentialAction":[{"@type":"CommentAction","name":"Comment","target":["https:\/\/www.latribunedufaso.net\/?p=26202#respond"]}]},{"@type":"WebPage","@id":"https:\/\/www.latribunedufaso.net\/?p=26202","url":"https:\/\/www.latribunedufaso.net\/?p=26202","name":"Powerlifting\u00a0: Le champion du monde Zan Alfred Bady, alias \u00ab Le Caterpillar \u00bb, pr\u00e9sente ses troph\u00e9es au groupe Neemba\u00a0 - La Tribune du Faso","isPartOf":{"@id":"https:\/\/www.latribunedufaso.net\/#website"},"primaryImageOfPage":{"@id":"https:\/\/www.latribunedufaso.net\/?p=26202#primaryimage"},"image":{"@id":"https:\/\/www.latribunedufaso.net\/?p=26202#primaryimage"},"thumbnailUrl":"https:\/\/www.latribunedufaso.net\/wp-content\/uploads\/2025\/12\/IMG_20251223_172129-scaled.jpg","datePublished":"2025-12-30T11:13:57+00:00","dateModified":"2025-12-30T11:23:10+00:00","breadcrumb":{"@id":"https:\/\/www.latribunedufaso.net\/?p=26202#breadcrumb"},"inLanguage":"fr-FR","potentialAction":[{"@type":"ReadAction","target":["https:\/\/www.latribunedufaso.net\/?p=26202"]}]},{"@type":"ImageObject","inLanguage":"fr-FR","@id":"https:\/\/www.latribunedufaso.net\/?p=26202#primaryimage","url":"https:\/\/www.latribunedufaso.net\/wp-content\/uploads\/2025\/12\/IMG_20251223_172129-scaled.jpg","contentUrl":"https:\/\/www.latribunedufaso.net\/wp-content\/uploads\/2025\/12\/IMG_20251223_172129-scaled.jpg","width":2560,"height":1928,"caption":"Zan Alfred Bady, alias \u00ab Le Caterpillar\u00a0\u00bb pr\u00e9sente ses m\u00e9dailles \u00e0 son partenaire Neemba Burkina, 23 d\u00e9cembre 2025"},{"@type":"BreadcrumbList","@id":"https:\/\/www.latribunedufaso.net\/?p=26202#breadcrumb","itemListElement":[{"@type":"ListItem","position":1,"name":"Accueil","item":"https:\/\/www.latribunedufaso.net\/"},{"@type":"ListItem","position":2,"name":"Powerlifting\u00a0: Le champion du monde Zan Alfred Bady, alias \u00ab Le Caterpillar \u00bb, pr\u00e9sente ses troph\u00e9es au groupe Neemba\u00a0"}]},{"@type":"WebSite","@id":"https:\/\/www.latribunedufaso.net\/#website","url":"https:\/\/www.latribunedufaso.net\/","name":"La Tribune du Faso","description":"L&#039;information du monde rural en un clic","publisher":{"@id":"https:\/\/www.latribunedufaso.net\/#organization"},"potentialAction":[{"@type":"SearchAction","target":{"@type":"EntryPoint","urlTemplate":"https:\/\/www.latribunedufaso.net\/?s={search_term_string}"},"query-input":{"@type":"PropertyValueSpecification","valueRequired":true,"valueName":"search_term_string"}}],"inLanguage":"fr-FR"},{"@type":"Organization","@id":"https:\/\/www.latribunedufaso.net\/#organization","name":"La Tribune du Faso","url":"https:\/\/www.latribunedufaso.net\/","logo":{"@type":"ImageObject","inLanguage":"fr-FR","@id":"https:\/\/www.latribunedufaso.net\/#\/schema\/logo\/image\/","url":"https:\/\/www.latribunedufaso.net\/wp-content\/uploads\/2020\/08\/Logo-Tribune-du-Faso-final-scaled.jpg","contentUrl":"https:\/\/www.latribunedufaso.net\/wp-content\/uploads\/2020\/08\/Logo-Tribune-du-Faso-final-scaled.jpg","width":2560,"height":1856,"caption":"La Tribune du Faso"},"image":{"@id":"https:\/\/www.latribunedufaso.net\/#\/schema\/logo\/image\/"},"sameAs":["https:\/\/www.facebook.com\/LatribuneduFaso\/"]},{"@type":"Person","@id":"https:\/\/www.latribunedufaso.net\/#\/schema\/person\/e54e64c5778a7e72cf80a318b7a622b0","name":"Issouf Tapsoba","image":{"@type":"ImageObject","inLanguage":"fr-FR","@id":"https:\/\/secure.gravatar.com\/avatar\/5e6c05150ce3230247d167f5b94d678eb05936197436d69b7921e3a95c9107ac?s=96&d=mm&r=g","url":"https:\/\/secure.gravatar.com\/avatar\/5e6c05150ce3230247d167f5b94d678eb05936197436d69b7921e3a95c9107ac?s=96&d=mm&r=g","contentUrl":"https:\/\/secure.gravatar.com\/avatar\/5e6c05150ce3230247d167f5b94d678eb05936197436d69b7921e3a95c9107ac?s=96&d=mm&r=g","caption":"Issouf Tapsoba"},"url":"https:\/\/www.latribunedufaso.net\/?author=5"}]}},"_links":{"self":[{"href":"https:\/\/www.latribunedufaso.net\/index.php?rest_route=\/wp\/v2\/posts\/26202","targetHints":{"allow":["GET"]}}],"collection":[{"href":"https:\/\/www.latribunedufaso.net\/index.php?rest_route=\/wp\/v2\/posts"}],"about":[{"href":"https:\/\/www.latribunedufaso.net\/index.php?rest_route=\/wp\/v2\/types\/post"}],"author":[{"embeddable":true,"href":"https:\/\/www.latribunedufaso.net\/index.php?rest_route=\/wp\/v2\/users\/5"}],"replies":[{"embeddable":true,"href":"https:\/\/www.latribunedufaso.net\/index.php?rest_route=%2Fwp%2Fv2%2Fcomments&post=26202"}],"version-history":[{"count":4,"href":"https:\/\/www.latribunedufaso.net\/index.php?rest_route=\/wp\/v2\/posts\/26202\/revisions"}],"predecessor-version":[{"id":26218,"href":"https:\/\/www.latribunedufaso.net\/index.php?rest_route=\/wp\/v2\/posts\/26202\/revisions\/26218"}],"wp:featuredmedia":[{"embeddable":true,"href":"https:\/\/www.latribunedufaso.net\/index.php?rest_route=\/wp\/v2\/media\/26215"}],"wp:attachment":[{"href":"https:\/\/www.latribunedufaso.net\/index.php?rest_route=%2Fwp%2Fv2%2Fmedia&parent=26202"}],"wp:term":[{"taxonomy":"category","embeddable":true,"href":"https:\/\/www.latribunedufaso.net\/index.php?rest_route=%2Fwp%2Fv2%2Fcategories&post=26202"},{"taxonomy":"post_tag","embeddable":true,"href":"https:\/\/www.latribunedufaso.net\/index.php?rest_route=%2Fwp%2Fv2%2Ftags&post=26202"}],"curies":[{"name":"wp","href":"https:\/\/api.w.org\/{rel}","templated":true}]}}