{"id":26185,"date":"2025-12-29T17:08:13","date_gmt":"2025-12-29T17:08:13","guid":{"rendered":"https:\/\/www.latribunedufaso.net\/?p=26185"},"modified":"2025-12-29T17:08:13","modified_gmt":"2025-12-29T17:08:13","slug":"2e-casem-2025-le-meea-engagee-dans-la-mise-en-oeuvre-de-la-vision-de-la-rpp","status":"publish","type":"post","link":"https:\/\/www.latribunedufaso.net\/?p=26185","title":{"rendered":"2e CASEM 2025 : Le MEEA engag\u00e9e dans la mise en \u0153uvre de la vision de la RPP"},"content":{"rendered":"<p style=\"text-align: left;\">\u200e<strong>Le minist\u00e8re de l&rsquo;Environnement, de l&rsquo;Eau et de l&rsquo;Assainissement a tenu, le 29 d\u00e9cembre 2025 \u00e0 Ouagadougou, le deuxi\u00e8me Conseil d&rsquo;administration du secteur minist\u00e9riel (CASEM) de l&rsquo;ann\u00e9e sous la pr\u00e9sidence du ministre Roger Baro.<\/strong><!--more--><\/p>\n<p>\u200ePlac\u00e9e sous le th\u00e8me : <em><strong>\u00ab Contribution du MEEA \u00e0 la R\u00e9volution Progressiste Populaire : Quelles strat\u00e9gies pour acc\u00e9l\u00e9rer et renforcer l\u2019efficacit\u00e9 des interventions ? \u00bb,<\/strong><\/em> cette session r\u00e9unit les structures du MEEA, les partenaires techniques et financiers avec la participation de l\u2019ensemble des structures d\u00e9concentr\u00e9es en visioconf\u00e9rence.\u00a0<\/p>\n<p>\u200eCe cadre hautement strat\u00e9gique qui est un outil d\u2019orientation politique et un espace de red\u00e9vabilit\u00e9, se tient dans un contexte historique de la reconqu\u00eate progressive du territoire, de la r\u00e9silience h\u00e9ro\u00efque du peuple Burkinab\u00e9 et de la marche de la R\u00e9volution Progressiste Populaire (RPP) sous la conduite du Pr\u00e9sident du Faso, Chef de l\u2019Etat, le Capitaine Ibrahim Traor\u00e9.<\/p>\n<figure id=\"attachment_26190\" aria-describedby=\"caption-attachment-26190\" style=\"width: 1080px\" class=\"wp-caption aligncenter\"><a href=\"https:\/\/www.latribunedufaso.net\/wp-content\/uploads\/2025\/12\/FB_IMG_1767027256570.jpg\"><img loading=\"lazy\" decoding=\"async\" class=\"size-full wp-image-26190\" src=\"https:\/\/www.latribunedufaso.net\/wp-content\/uploads\/2025\/12\/FB_IMG_1767027256570.jpg\" alt=\"2e CASEM 2025 du minist\u00e8re de l'environnement, 29 d\u00e9cembre 2025\" width=\"1080\" height=\"720\" srcset=\"https:\/\/www.latribunedufaso.net\/wp-content\/uploads\/2025\/12\/FB_IMG_1767027256570.jpg 1080w, https:\/\/www.latribunedufaso.net\/wp-content\/uploads\/2025\/12\/FB_IMG_1767027256570-300x200.jpg 300w, https:\/\/www.latribunedufaso.net\/wp-content\/uploads\/2025\/12\/FB_IMG_1767027256570-1024x683.jpg 1024w, https:\/\/www.latribunedufaso.net\/wp-content\/uploads\/2025\/12\/FB_IMG_1767027256570-768x512.jpg 768w, https:\/\/www.latribunedufaso.net\/wp-content\/uploads\/2025\/12\/FB_IMG_1767027256570-840x560.jpg 840w, https:\/\/www.latribunedufaso.net\/wp-content\/uploads\/2025\/12\/FB_IMG_1767027256570-120x80.jpg 120w, https:\/\/www.latribunedufaso.net\/wp-content\/uploads\/2025\/12\/FB_IMG_1767027256570-360x240.jpg 360w, https:\/\/www.latribunedufaso.net\/wp-content\/uploads\/2025\/12\/FB_IMG_1767027256570-600x400.jpg 600w\" sizes=\"auto, (max-width: 1080px) 100vw, 1080px\" \/><\/a><figcaption id=\"caption-attachment-26190\" class=\"wp-caption-text\">Une vue des participants \u00e0 la rencontre &#8211; Ph. DR<\/figcaption><\/figure>\n<p>Cette deuxi\u00e8me session du CASEM est consacr\u00e9e \u00e0 cet effet \u00e0 la validation du Projet Annuel de Performance 2026 afin d&rsquo;inscrire pleinement les actions du minist\u00e8re en mati\u00e8re d&rsquo;environnement d&rsquo;eau et d&rsquo;assainissement dans la vision de la RPP.<\/p>\n<h3>Les acquis engrang\u00e9s\u00a0<\/h3>\n<p>L\u2019ann\u00e9e 2025 bien qu&rsquo;ayant \u00e9t\u00e9 jalonn\u00e9e de nombreux d\u00e9fis, a \u00e9t\u00e9 une ann\u00e9e d\u2019actions et de r\u00e9sultats au sein du MEEA. En mati\u00e8re de protection de l\u2019environnement, pr\u00e8s de 2 000 agents ont \u00e9t\u00e9 d\u00e9ploy\u00e9s, avec 5 unit\u00e9s combattantes des eaux et for\u00eats rendues op\u00e9rationnelles et 7 for\u00eats class\u00e9es apur\u00e9es, renfor\u00e7ant ainsi la reconqu\u00eate et la s\u00e9curisation du patrimoine forestier national; la restauration des \u00e9cosyst\u00e8mes s\u2019est traduite par la cr\u00e9ation de 198 espaces de conservation, dont 65 bosquets, la mise en terre de plus de 12 millions de plants et la r\u00e9cup\u00e9ration de plus de 6 000 hectares de terres d\u00e9grad\u00e9es.<\/p>\n<p>La valorisation durable des ressources nationales a \u00e9t\u00e9 soutenue par la mise en place de 9 fermes fauniques, de 3 unit\u00e9s de transformation des PFNL et la mise en \u0153uvre de 25 PDIC\/REDD+.<\/p>\n<h3>En mati\u00e8re d&rsquo;assainissement\u00a0<\/h3>\n<p>\u200eEn mati\u00e8re d\u2019assainissement, plus de 12 000 latrines ont \u00e9t\u00e9 r\u00e9alis\u00e9es, offrant \u00e0 environ 244 000 personnes un acc\u00e8s \u00e0 des services ad\u00e9quats. Les actions d\u2019am\u00e9nagement urbain, de plantations d\u2019alignement et d\u2019\u00e9limination de d\u00e9charges sauvages ont am\u00e9lior\u00e9 durablement le cadre de vie des populations, y compris des personnes d\u00e9plac\u00e9es internes.<\/p>\n<p>Aussi 1313 avis de faisabilit\u00e9 environnementale ont \u00e9t\u00e9 d\u00e9livr\u00e9s permettant l\u2019acc\u00e9l\u00e9ration de la mise en \u0153uvre de projets et programmes et la conformit\u00e9 environnementale de 958 autres.<\/p>\n<h3>Domaine de l&rsquo;eau<\/h3>\n<p>Dans le domaine de l\u2019eau, l\u2019entretien courant de 60 barrages, la r\u00e9alisation de 852 ouvrages d\u2019approvisionnement en eau potable, l\u2019extension de 465 kilom\u00e8tres de r\u00e9seau et la mise en service de 29 000 branchements ont permis \u00e0 plus de 500 000 personnes suppl\u00e9mentaires d\u2019acc\u00e9der \u00e0 l\u2019eau potable et \u00e0 bien d\u2019autres usages. Pour le financement des actions sur ressources propres, le MEEA a mobilis\u00e9 6,8 milliards de FCFA pour la r\u00e9silience climatique et le recouvrement de 4,131 milliards de FCFA au titre de la CFE.<\/p>\n<figure id=\"attachment_26187\" aria-describedby=\"caption-attachment-26187\" style=\"width: 964px\" class=\"wp-caption aligncenter\"><a href=\"https:\/\/www.latribunedufaso.net\/wp-content\/uploads\/2025\/12\/FB_IMG_1767027244080.jpg\"><img loading=\"lazy\" decoding=\"async\" class=\"size-full wp-image-26187\" src=\"https:\/\/www.latribunedufaso.net\/wp-content\/uploads\/2025\/12\/FB_IMG_1767027244080.jpg\" alt=\"2e CASEM 2025 du minist\u00e8re de l'environnement, 29 d\u00e9cembre 2025\" width=\"964\" height=\"928\" srcset=\"https:\/\/www.latribunedufaso.net\/wp-content\/uploads\/2025\/12\/FB_IMG_1767027244080.jpg 964w, https:\/\/www.latribunedufaso.net\/wp-content\/uploads\/2025\/12\/FB_IMG_1767027244080-300x289.jpg 300w, https:\/\/www.latribunedufaso.net\/wp-content\/uploads\/2025\/12\/FB_IMG_1767027244080-768x739.jpg 768w\" sizes=\"auto, (max-width: 964px) 100vw, 964px\" \/><\/a><figcaption id=\"caption-attachment-26187\" class=\"wp-caption-text\">Le ministre de l&rsquo;Environnement, de l&rsquo;Eau et de l&rsquo;Assainissement, Roger Baro &#8211; Ph. DR<\/figcaption><\/figure>\n<p><em><strong>\u00ab Les regards pour 2026 est r\u00e9volutionnaire parce que nous voulons faire les choses autrement. c&rsquo;est comment acc\u00e9l\u00e9rer la mise en \u0153uvre de la r\u00e9volution progressiste populaire. Donc au minist\u00e8re de l&rsquo;environnement, de l&rsquo;eau, de l&rsquo;assainissement. Nous allons acc\u00e9l\u00e9rer la cadence. Nous allons \u00e9galement casser la routine pour \u00eatre plus efficace et plus efficient pour que tout ce qui est donn\u00e9 comme orientation, pas le camarade President du Faso soit effective dans notre d\u00e9partement afin que l&rsquo;eau, la verdure, la s\u00e9curisation des airs prot\u00e9g\u00e9es et l&rsquo;assainissement soit une r\u00e9alit\u00e9 \u00bb,<\/strong><\/em> \u00e0 indiqu\u00e9 le Ministre Roger Baro.<\/p>\n<p>\u200eLe budget pr\u00e9visionnel de l&rsquo;ann\u00e9e 2026 s\u2019\u00e9l\u00e8ve \u00e0 107 531 598 000 FCFA, dont plus de 75 %, soit environ 81,3 milliards de FCFA, sont consacr\u00e9s aux investissements structurants. Deux initiatives majeures sont en ligne de mire du MEEA pour le renforcement des actions endog\u00e8nes et de l\u2019acc\u00e9l\u00e9ration des investissements structurants au profit de la population. Conform\u00e9ment aux orientations du Pr\u00e9sident du Faso et \u00e0 la D\u00e9claration de Politique G\u00e9n\u00e9rale du Premier Ministre, le d\u00e9partement de Roger BARO s\u2019engage pleinement en 2026 dans la mise en \u0153uvre de l\u2019Initiative Pr\u00e9sidentielle pour la Bataille de l\u2019Eau et de l\u2019Initiative pour le Renforcement de la Couverture V\u00e9g\u00e9tale. Des initiatives qui visent fondamentalement \u00e0 donner l\u2019eau au peuple, reverdir le Faso et asseoir d\u00e9finitivement la souverainet\u00e9 \u00e9cologique du Burkina Faso.<\/p>\n<blockquote>\n<p>Lire aussi &gt;&gt; <a href=\"https:\/\/www.latribunedufaso.net\/?p=22552\">Protection de l\u2019environnement : Une usine de production des emballages et sachets plastique ferm\u00e9e<\/a><\/p>\n<\/blockquote>\n<p>Le minist\u00e8re veut donc garantir un acc\u00e8s souverain, \u00e9quitable et durable \u00e0 l\u2019eau, en particulier pour les populations vuln\u00e9rables ;s\u00e9curiser et valoriser le patrimoine naturel national comme levier de stabilisation territoriale et de d\u00e9veloppement endog\u00e8ne ; lutter sans rel\u00e2che contre la d\u00e9gradation de l\u2019environnement par des solutions nationales port\u00e9es par nos communaut\u00e9s ; renforcer la gestion int\u00e9gr\u00e9e des d\u00e9chets et des eaux us\u00e9es, y compris la s\u00fbret\u00e9 radiologique et nucl\u00e9aire, \u00e0 travers des initiatives communautaires.<\/p>\n<p><strong>Latribunedufaso.net<\/strong><\/p>\n<p><strong>Source :\u200e DCRP\/ MEEA<\/strong><\/p>\n<p><a href=\"https:\/\/www.latribunedufaso.net\/wp-content\/uploads\/2025\/12\/FB_IMG_1767027313575.jpg\"><img loading=\"lazy\" decoding=\"async\" class=\"aligncenter size-full wp-image-26189\" src=\"https:\/\/www.latribunedufaso.net\/wp-content\/uploads\/2025\/12\/FB_IMG_1767027313575.jpg\" alt=\"2e CASEM 2025 du minist\u00e8re de l'environnement, 29 d\u00e9cembre 2025\" width=\"1080\" height=\"744\" srcset=\"https:\/\/www.latribunedufaso.net\/wp-content\/uploads\/2025\/12\/FB_IMG_1767027313575.jpg 1080w, https:\/\/www.latribunedufaso.net\/wp-content\/uploads\/2025\/12\/FB_IMG_1767027313575-300x207.jpg 300w, https:\/\/www.latribunedufaso.net\/wp-content\/uploads\/2025\/12\/FB_IMG_1767027313575-1024x705.jpg 1024w, https:\/\/www.latribunedufaso.net\/wp-content\/uploads\/2025\/12\/FB_IMG_1767027313575-768x529.jpg 768w\" sizes=\"auto, (max-width: 1080px) 100vw, 1080px\" \/><\/a><\/p>\n","protected":false},"excerpt":{"rendered":"<p>\u200eLe minist\u00e8re de l&rsquo;Environnement, de l&rsquo;Eau et de l&rsquo;Assainissement a tenu, le 29 d\u00e9cembre 2025 \u00e0 Ouagadougou, le deuxi\u00e8me Conseil d&rsquo;administration du secteur minist\u00e9riel (CASEM) de l&rsquo;ann\u00e9e sous la pr\u00e9sidence du ministre Roger Baro.<\/p>\n","protected":false},"author":5,"featured_media":26188,"comment_status":"open","ping_status":"open","sticky":false,"template":"","format":"standard","meta":{"footnotes":""},"categories":[13,1,5],"tags":[621,39,484],"class_list":["post-26185","post","type-post","status-publish","format-standard","has-post-thumbnail","hentry","category-une","category-actu","category-envir","tag-acces-a-leau-potable","tag-latribunedufaso-net","tag-protection-de-lenvironnement"],"yoast_head":"<!-- This site is optimized with the Yoast SEO plugin v27.4 - https:\/\/yoast.com\/product\/yoast-seo-wordpress\/ -->\n<title>2e CASEM 2025 : Le MEEA engag\u00e9e dans la mise en \u0153uvre de la vision de la RPP - La Tribune du Faso<\/title>\n<meta name=\"robots\" content=\"index, follow, max-snippet:-1, max-image-preview:large, max-video-preview:-1\" \/>\n<link rel=\"canonical\" href=\"https:\/\/www.latribunedufaso.net\/?p=26185\" \/>\n<meta property=\"og:locale\" content=\"fr_FR\" \/>\n<meta property=\"og:type\" content=\"article\" \/>\n<meta property=\"og:title\" content=\"2e CASEM 2025 : Le MEEA engag\u00e9e dans la mise en \u0153uvre de la vision de la RPP - La Tribune du Faso\" \/>\n<meta property=\"og:description\" content=\"\u200eLe minist\u00e8re de l&rsquo;Environnement, de l&rsquo;Eau et de l&rsquo;Assainissement a tenu, le 29 d\u00e9cembre 2025 \u00e0 Ouagadougou, le deuxi\u00e8me Conseil d&rsquo;administration du secteur minist\u00e9riel (CASEM) de l&rsquo;ann\u00e9e sous la pr\u00e9sidence du ministre Roger Baro.\" \/>\n<meta property=\"og:url\" content=\"https:\/\/www.latribunedufaso.net\/?p=26185\" \/>\n<meta property=\"og:site_name\" content=\"La Tribune du Faso\" \/>\n<meta property=\"article:publisher\" content=\"https:\/\/www.facebook.com\/LatribuneduFaso\/\" \/>\n<meta property=\"article:published_time\" content=\"2025-12-29T17:08:13+00:00\" \/>\n<meta property=\"og:image\" content=\"https:\/\/www.latribunedufaso.net\/wp-content\/uploads\/2025\/12\/FB_IMG_1767027247998.jpg\" \/>\n\t<meta property=\"og:image:width\" content=\"1080\" \/>\n\t<meta property=\"og:image:height\" content=\"494\" \/>\n\t<meta property=\"og:image:type\" content=\"image\/jpeg\" \/>\n<meta name=\"author\" content=\"Issouf Tapsoba\" \/>\n<meta name=\"twitter:label1\" content=\"\u00c9crit par\" \/>\n\t<meta name=\"twitter:data1\" content=\"Issouf Tapsoba\" \/>\n\t<meta name=\"twitter:label2\" content=\"Dur\u00e9e de lecture estim\u00e9e\" \/>\n\t<meta name=\"twitter:data2\" content=\"5 minutes\" \/>\n<script type=\"application\/ld+json\" class=\"yoast-schema-graph\">{\"@context\":\"https:\\\/\\\/schema.org\",\"@graph\":[{\"@type\":\"Article\",\"@id\":\"https:\\\/\\\/www.latribunedufaso.net\\\/?p=26185#article\",\"isPartOf\":{\"@id\":\"https:\\\/\\\/www.latribunedufaso.net\\\/?p=26185\"},\"author\":{\"name\":\"Issouf Tapsoba\",\"@id\":\"https:\\\/\\\/www.latribunedufaso.net\\\/#\\\/schema\\\/person\\\/e54e64c5778a7e72cf80a318b7a622b0\"},\"headline\":\"2e CASEM 2025 : Le MEEA engag\u00e9e dans la mise en \u0153uvre de la vision de la RPP\",\"datePublished\":\"2025-12-29T17:08:13+00:00\",\"mainEntityOfPage\":{\"@id\":\"https:\\\/\\\/www.latribunedufaso.net\\\/?p=26185\"},\"wordCount\":966,\"commentCount\":0,\"publisher\":{\"@id\":\"https:\\\/\\\/www.latribunedufaso.net\\\/#organization\"},\"image\":{\"@id\":\"https:\\\/\\\/www.latribunedufaso.net\\\/?p=26185#primaryimage\"},\"thumbnailUrl\":\"https:\\\/\\\/www.latribunedufaso.net\\\/wp-content\\\/uploads\\\/2025\\\/12\\\/FB_IMG_1767027247998.jpg\",\"keywords\":[\"Acc\u00e8s \u00e0 l'eau potable\",\"latribunedufaso.net\",\"Protection de l'environnement\"],\"articleSection\":[\"A la une\",\"Actualit\u00e9\",\"Environnement\"],\"inLanguage\":\"fr-FR\",\"potentialAction\":[{\"@type\":\"CommentAction\",\"name\":\"Comment\",\"target\":[\"https:\\\/\\\/www.latribunedufaso.net\\\/?p=26185#respond\"]}]},{\"@type\":\"WebPage\",\"@id\":\"https:\\\/\\\/www.latribunedufaso.net\\\/?p=26185\",\"url\":\"https:\\\/\\\/www.latribunedufaso.net\\\/?p=26185\",\"name\":\"2e CASEM 2025 : Le MEEA engag\u00e9e dans la mise en \u0153uvre de la vision de la RPP - La Tribune du Faso\",\"isPartOf\":{\"@id\":\"https:\\\/\\\/www.latribunedufaso.net\\\/#website\"},\"primaryImageOfPage\":{\"@id\":\"https:\\\/\\\/www.latribunedufaso.net\\\/?p=26185#primaryimage\"},\"image\":{\"@id\":\"https:\\\/\\\/www.latribunedufaso.net\\\/?p=26185#primaryimage\"},\"thumbnailUrl\":\"https:\\\/\\\/www.latribunedufaso.net\\\/wp-content\\\/uploads\\\/2025\\\/12\\\/FB_IMG_1767027247998.jpg\",\"datePublished\":\"2025-12-29T17:08:13+00:00\",\"breadcrumb\":{\"@id\":\"https:\\\/\\\/www.latribunedufaso.net\\\/?p=26185#breadcrumb\"},\"inLanguage\":\"fr-FR\",\"potentialAction\":[{\"@type\":\"ReadAction\",\"target\":[\"https:\\\/\\\/www.latribunedufaso.net\\\/?p=26185\"]}]},{\"@type\":\"ImageObject\",\"inLanguage\":\"fr-FR\",\"@id\":\"https:\\\/\\\/www.latribunedufaso.net\\\/?p=26185#primaryimage\",\"url\":\"https:\\\/\\\/www.latribunedufaso.net\\\/wp-content\\\/uploads\\\/2025\\\/12\\\/FB_IMG_1767027247998.jpg\",\"contentUrl\":\"https:\\\/\\\/www.latribunedufaso.net\\\/wp-content\\\/uploads\\\/2025\\\/12\\\/FB_IMG_1767027247998.jpg\",\"width\":1080,\"height\":494,\"caption\":\"2e CASEM 2025 du minist\u00e8re de l'environnement, 29 d\u00e9cembre 2025\"},{\"@type\":\"BreadcrumbList\",\"@id\":\"https:\\\/\\\/www.latribunedufaso.net\\\/?p=26185#breadcrumb\",\"itemListElement\":[{\"@type\":\"ListItem\",\"position\":1,\"name\":\"Accueil\",\"item\":\"https:\\\/\\\/www.latribunedufaso.net\\\/\"},{\"@type\":\"ListItem\",\"position\":2,\"name\":\"2e CASEM 2025 : Le MEEA engag\u00e9e dans la mise en \u0153uvre de la vision de la RPP\"}]},{\"@type\":\"WebSite\",\"@id\":\"https:\\\/\\\/www.latribunedufaso.net\\\/#website\",\"url\":\"https:\\\/\\\/www.latribunedufaso.net\\\/\",\"name\":\"La Tribune du Faso\",\"description\":\"L&#039;information du monde rural en un clic\",\"publisher\":{\"@id\":\"https:\\\/\\\/www.latribunedufaso.net\\\/#organization\"},\"potentialAction\":[{\"@type\":\"SearchAction\",\"target\":{\"@type\":\"EntryPoint\",\"urlTemplate\":\"https:\\\/\\\/www.latribunedufaso.net\\\/?s={search_term_string}\"},\"query-input\":{\"@type\":\"PropertyValueSpecification\",\"valueRequired\":true,\"valueName\":\"search_term_string\"}}],\"inLanguage\":\"fr-FR\"},{\"@type\":\"Organization\",\"@id\":\"https:\\\/\\\/www.latribunedufaso.net\\\/#organization\",\"name\":\"La Tribune du Faso\",\"url\":\"https:\\\/\\\/www.latribunedufaso.net\\\/\",\"logo\":{\"@type\":\"ImageObject\",\"inLanguage\":\"fr-FR\",\"@id\":\"https:\\\/\\\/www.latribunedufaso.net\\\/#\\\/schema\\\/logo\\\/image\\\/\",\"url\":\"https:\\\/\\\/www.latribunedufaso.net\\\/wp-content\\\/uploads\\\/2020\\\/08\\\/Logo-Tribune-du-Faso-final-scaled.jpg\",\"contentUrl\":\"https:\\\/\\\/www.latribunedufaso.net\\\/wp-content\\\/uploads\\\/2020\\\/08\\\/Logo-Tribune-du-Faso-final-scaled.jpg\",\"width\":2560,\"height\":1856,\"caption\":\"La Tribune du Faso\"},\"image\":{\"@id\":\"https:\\\/\\\/www.latribunedufaso.net\\\/#\\\/schema\\\/logo\\\/image\\\/\"},\"sameAs\":[\"https:\\\/\\\/www.facebook.com\\\/LatribuneduFaso\\\/\"]},{\"@type\":\"Person\",\"@id\":\"https:\\\/\\\/www.latribunedufaso.net\\\/#\\\/schema\\\/person\\\/e54e64c5778a7e72cf80a318b7a622b0\",\"name\":\"Issouf Tapsoba\",\"image\":{\"@type\":\"ImageObject\",\"inLanguage\":\"fr-FR\",\"@id\":\"https:\\\/\\\/secure.gravatar.com\\\/avatar\\\/5e6c05150ce3230247d167f5b94d678eb05936197436d69b7921e3a95c9107ac?s=96&d=mm&r=g\",\"url\":\"https:\\\/\\\/secure.gravatar.com\\\/avatar\\\/5e6c05150ce3230247d167f5b94d678eb05936197436d69b7921e3a95c9107ac?s=96&d=mm&r=g\",\"contentUrl\":\"https:\\\/\\\/secure.gravatar.com\\\/avatar\\\/5e6c05150ce3230247d167f5b94d678eb05936197436d69b7921e3a95c9107ac?s=96&d=mm&r=g\",\"caption\":\"Issouf Tapsoba\"},\"url\":\"https:\\\/\\\/www.latribunedufaso.net\\\/?author=5\"}]}<\/script>\n<!-- \/ Yoast SEO plugin. -->","yoast_head_json":{"title":"2e CASEM 2025 : Le MEEA engag\u00e9e dans la mise en \u0153uvre de la vision de la RPP - La Tribune du Faso","robots":{"index":"index","follow":"follow","max-snippet":"max-snippet:-1","max-image-preview":"max-image-preview:large","max-video-preview":"max-video-preview:-1"},"canonical":"https:\/\/www.latribunedufaso.net\/?p=26185","og_locale":"fr_FR","og_type":"article","og_title":"2e CASEM 2025 : Le MEEA engag\u00e9e dans la mise en \u0153uvre de la vision de la RPP - La Tribune du Faso","og_description":"\u200eLe minist\u00e8re de l&rsquo;Environnement, de l&rsquo;Eau et de l&rsquo;Assainissement a tenu, le 29 d\u00e9cembre 2025 \u00e0 Ouagadougou, le deuxi\u00e8me Conseil d&rsquo;administration du secteur minist\u00e9riel (CASEM) de l&rsquo;ann\u00e9e sous la pr\u00e9sidence du ministre Roger Baro.","og_url":"https:\/\/www.latribunedufaso.net\/?p=26185","og_site_name":"La Tribune du Faso","article_publisher":"https:\/\/www.facebook.com\/LatribuneduFaso\/","article_published_time":"2025-12-29T17:08:13+00:00","og_image":[{"width":1080,"height":494,"url":"https:\/\/www.latribunedufaso.net\/wp-content\/uploads\/2025\/12\/FB_IMG_1767027247998.jpg","type":"image\/jpeg"}],"author":"Issouf Tapsoba","twitter_misc":{"\u00c9crit par":"Issouf Tapsoba","Dur\u00e9e de lecture estim\u00e9e":"5 minutes"},"schema":{"@context":"https:\/\/schema.org","@graph":[{"@type":"Article","@id":"https:\/\/www.latribunedufaso.net\/?p=26185#article","isPartOf":{"@id":"https:\/\/www.latribunedufaso.net\/?p=26185"},"author":{"name":"Issouf Tapsoba","@id":"https:\/\/www.latribunedufaso.net\/#\/schema\/person\/e54e64c5778a7e72cf80a318b7a622b0"},"headline":"2e CASEM 2025 : Le MEEA engag\u00e9e dans la mise en \u0153uvre de la vision de la RPP","datePublished":"2025-12-29T17:08:13+00:00","mainEntityOfPage":{"@id":"https:\/\/www.latribunedufaso.net\/?p=26185"},"wordCount":966,"commentCount":0,"publisher":{"@id":"https:\/\/www.latribunedufaso.net\/#organization"},"image":{"@id":"https:\/\/www.latribunedufaso.net\/?p=26185#primaryimage"},"thumbnailUrl":"https:\/\/www.latribunedufaso.net\/wp-content\/uploads\/2025\/12\/FB_IMG_1767027247998.jpg","keywords":["Acc\u00e8s \u00e0 l'eau potable","latribunedufaso.net","Protection de l'environnement"],"articleSection":["A la une","Actualit\u00e9","Environnement"],"inLanguage":"fr-FR","potentialAction":[{"@type":"CommentAction","name":"Comment","target":["https:\/\/www.latribunedufaso.net\/?p=26185#respond"]}]},{"@type":"WebPage","@id":"https:\/\/www.latribunedufaso.net\/?p=26185","url":"https:\/\/www.latribunedufaso.net\/?p=26185","name":"2e CASEM 2025 : Le MEEA engag\u00e9e dans la mise en \u0153uvre de la vision de la RPP - La Tribune du Faso","isPartOf":{"@id":"https:\/\/www.latribunedufaso.net\/#website"},"primaryImageOfPage":{"@id":"https:\/\/www.latribunedufaso.net\/?p=26185#primaryimage"},"image":{"@id":"https:\/\/www.latribunedufaso.net\/?p=26185#primaryimage"},"thumbnailUrl":"https:\/\/www.latribunedufaso.net\/wp-content\/uploads\/2025\/12\/FB_IMG_1767027247998.jpg","datePublished":"2025-12-29T17:08:13+00:00","breadcrumb":{"@id":"https:\/\/www.latribunedufaso.net\/?p=26185#breadcrumb"},"inLanguage":"fr-FR","potentialAction":[{"@type":"ReadAction","target":["https:\/\/www.latribunedufaso.net\/?p=26185"]}]},{"@type":"ImageObject","inLanguage":"fr-FR","@id":"https:\/\/www.latribunedufaso.net\/?p=26185#primaryimage","url":"https:\/\/www.latribunedufaso.net\/wp-content\/uploads\/2025\/12\/FB_IMG_1767027247998.jpg","contentUrl":"https:\/\/www.latribunedufaso.net\/wp-content\/uploads\/2025\/12\/FB_IMG_1767027247998.jpg","width":1080,"height":494,"caption":"2e CASEM 2025 du minist\u00e8re de l'environnement, 29 d\u00e9cembre 2025"},{"@type":"BreadcrumbList","@id":"https:\/\/www.latribunedufaso.net\/?p=26185#breadcrumb","itemListElement":[{"@type":"ListItem","position":1,"name":"Accueil","item":"https:\/\/www.latribunedufaso.net\/"},{"@type":"ListItem","position":2,"name":"2e CASEM 2025 : Le MEEA engag\u00e9e dans la mise en \u0153uvre de la vision de la RPP"}]},{"@type":"WebSite","@id":"https:\/\/www.latribunedufaso.net\/#website","url":"https:\/\/www.latribunedufaso.net\/","name":"La Tribune du Faso","description":"L&#039;information du monde rural en un clic","publisher":{"@id":"https:\/\/www.latribunedufaso.net\/#organization"},"potentialAction":[{"@type":"SearchAction","target":{"@type":"EntryPoint","urlTemplate":"https:\/\/www.latribunedufaso.net\/?s={search_term_string}"},"query-input":{"@type":"PropertyValueSpecification","valueRequired":true,"valueName":"search_term_string"}}],"inLanguage":"fr-FR"},{"@type":"Organization","@id":"https:\/\/www.latribunedufaso.net\/#organization","name":"La Tribune du Faso","url":"https:\/\/www.latribunedufaso.net\/","logo":{"@type":"ImageObject","inLanguage":"fr-FR","@id":"https:\/\/www.latribunedufaso.net\/#\/schema\/logo\/image\/","url":"https:\/\/www.latribunedufaso.net\/wp-content\/uploads\/2020\/08\/Logo-Tribune-du-Faso-final-scaled.jpg","contentUrl":"https:\/\/www.latribunedufaso.net\/wp-content\/uploads\/2020\/08\/Logo-Tribune-du-Faso-final-scaled.jpg","width":2560,"height":1856,"caption":"La Tribune du Faso"},"image":{"@id":"https:\/\/www.latribunedufaso.net\/#\/schema\/logo\/image\/"},"sameAs":["https:\/\/www.facebook.com\/LatribuneduFaso\/"]},{"@type":"Person","@id":"https:\/\/www.latribunedufaso.net\/#\/schema\/person\/e54e64c5778a7e72cf80a318b7a622b0","name":"Issouf Tapsoba","image":{"@type":"ImageObject","inLanguage":"fr-FR","@id":"https:\/\/secure.gravatar.com\/avatar\/5e6c05150ce3230247d167f5b94d678eb05936197436d69b7921e3a95c9107ac?s=96&d=mm&r=g","url":"https:\/\/secure.gravatar.com\/avatar\/5e6c05150ce3230247d167f5b94d678eb05936197436d69b7921e3a95c9107ac?s=96&d=mm&r=g","contentUrl":"https:\/\/secure.gravatar.com\/avatar\/5e6c05150ce3230247d167f5b94d678eb05936197436d69b7921e3a95c9107ac?s=96&d=mm&r=g","caption":"Issouf Tapsoba"},"url":"https:\/\/www.latribunedufaso.net\/?author=5"}]}},"_links":{"self":[{"href":"https:\/\/www.latribunedufaso.net\/index.php?rest_route=\/wp\/v2\/posts\/26185","targetHints":{"allow":["GET"]}}],"collection":[{"href":"https:\/\/www.latribunedufaso.net\/index.php?rest_route=\/wp\/v2\/posts"}],"about":[{"href":"https:\/\/www.latribunedufaso.net\/index.php?rest_route=\/wp\/v2\/types\/post"}],"author":[{"embeddable":true,"href":"https:\/\/www.latribunedufaso.net\/index.php?rest_route=\/wp\/v2\/users\/5"}],"replies":[{"embeddable":true,"href":"https:\/\/www.latribunedufaso.net\/index.php?rest_route=%2Fwp%2Fv2%2Fcomments&post=26185"}],"version-history":[{"count":3,"href":"https:\/\/www.latribunedufaso.net\/index.php?rest_route=\/wp\/v2\/posts\/26185\/revisions"}],"predecessor-version":[{"id":26193,"href":"https:\/\/www.latribunedufaso.net\/index.php?rest_route=\/wp\/v2\/posts\/26185\/revisions\/26193"}],"wp:featuredmedia":[{"embeddable":true,"href":"https:\/\/www.latribunedufaso.net\/index.php?rest_route=\/wp\/v2\/media\/26188"}],"wp:attachment":[{"href":"https:\/\/www.latribunedufaso.net\/index.php?rest_route=%2Fwp%2Fv2%2Fmedia&parent=26185"}],"wp:term":[{"taxonomy":"category","embeddable":true,"href":"https:\/\/www.latribunedufaso.net\/index.php?rest_route=%2Fwp%2Fv2%2Fcategories&post=26185"},{"taxonomy":"post_tag","embeddable":true,"href":"https:\/\/www.latribunedufaso.net\/index.php?rest_route=%2Fwp%2Fv2%2Ftags&post=26185"}],"curies":[{"name":"wp","href":"https:\/\/api.w.org\/{rel}","templated":true}]}}