{"id":26176,"date":"2025-12-29T15:55:00","date_gmt":"2025-12-29T15:55:00","guid":{"rendered":"https:\/\/www.latribunedufaso.net\/?p=26176"},"modified":"2025-12-29T15:55:00","modified_gmt":"2025-12-29T15:55:00","slug":"ministere-de-education-un-taux-global-de-94-de-traitement-des-dossiers-de-carriere-enregistre-bilan-2025","status":"publish","type":"post","link":"https:\/\/www.latribunedufaso.net\/?p=26176","title":{"rendered":"Minist\u00e8re de Education : Un taux global de 94% de traitement des dossiers de carri\u00e8re enregistr\u00e9 (bilan 2025)"},"content":{"rendered":"<p><strong>Le minist\u00e8re de l\u2019Enseignement de Base, de l\u2019Alphab\u00e9tisation et de la Promotion des Langues Nationales (MEBAPLN) a tenu, le 29 d\u00e9cembre 2025 \u00e0 Ouagadougou, la deuxi\u00e8me session du Cadre national de concertation des acteurs de gestion des ressources humaines (CNC-GRH). Cette rencontre a permis de r\u00e9fl\u00e9chir sur la gestion des ressources humaines, notamment la r\u00e9sorption de la dette sociale du d\u00e9partement.<\/strong><!--more--><\/p>\n<p>Le MEBAPLN affiche un taux global de traitement des dossiers de carri\u00e8re de 94 %. C&rsquo;est ce qui ressort de la deuxi\u00e8me session de son Cadre national de concertation des acteurs de gestion des ressources humaines (CNC-GRH). Pr\u00e9sid\u00e9 par le chef du d\u00e9partement, Jacques Sosth\u00e8ne Dingara, il s&rsquo;est tenu le 29 d\u00e9cembre 2025 \u00e0 Ouagadougou.\u00a0<\/p>\n<p>Cette rencontre strat\u00e9gique a permis de faire le point de la mise en \u0153uvre des recommandations issues de la premi\u00e8re session, d\u2019analyser les r\u00e9sultats obtenus et de d\u00e9gager des pistes op\u00e9rationnelles en vue d\u2019une gestion plus transparente, harmonis\u00e9e et efficace des carri\u00e8res des agents du MEBAPLN. En ouvrant les travaux par une s\u00e9ance r\u00e9solument technique, le ministre a affich\u00e9 sa volont\u00e9 de rompre avec les approches formelles pour se concentrer sur la performance administrative.<\/p>\n<figure id=\"attachment_26182\" aria-describedby=\"caption-attachment-26182\" style=\"width: 1920px\" class=\"wp-caption aligncenter\"><a href=\"https:\/\/www.latribunedufaso.net\/wp-content\/uploads\/2025\/12\/FB_IMG_1767023151017.jpg\"><img loading=\"lazy\" decoding=\"async\" class=\"size-full wp-image-26182\" src=\"https:\/\/www.latribunedufaso.net\/wp-content\/uploads\/2025\/12\/FB_IMG_1767023151017.jpg\" alt=\"La deuxi\u00e8me session du Cadre national de concertation des acteurs de gestion des ressources humaines du MEBAPLN, 29 d\u00e9cembre 2025\" width=\"1920\" height=\"1080\" srcset=\"https:\/\/www.latribunedufaso.net\/wp-content\/uploads\/2025\/12\/FB_IMG_1767023151017.jpg 1920w, https:\/\/www.latribunedufaso.net\/wp-content\/uploads\/2025\/12\/FB_IMG_1767023151017-300x169.jpg 300w, https:\/\/www.latribunedufaso.net\/wp-content\/uploads\/2025\/12\/FB_IMG_1767023151017-1024x576.jpg 1024w, https:\/\/www.latribunedufaso.net\/wp-content\/uploads\/2025\/12\/FB_IMG_1767023151017-768x432.jpg 768w, https:\/\/www.latribunedufaso.net\/wp-content\/uploads\/2025\/12\/FB_IMG_1767023151017-1536x864.jpg 1536w\" sizes=\"auto, (max-width: 1920px) 100vw, 1920px\" \/><\/a><figcaption id=\"caption-attachment-26182\" class=\"wp-caption-text\">Le ministre de l\u2019Enseignement de Base, de l\u2019Alphab\u00e9tisation et de la Promotion des Langues Nationales, Jacques Sosth\u00e8ne Dingara &#8211; Ph. DR<\/figcaption><\/figure>\n<p>Le bilan de l\u2019ann\u00e9e 2025 met en \u00e9vidence une avanc\u00e9e majeure dans le traitement des dossiers de carri\u00e8re et des actes financiers. Sur l\u2019ensemble des dossiers re\u00e7us, le taux global de traitement atteint 94 %, un niveau de performance <em><strong>\u00ab in\u00e9dit \u00bb<\/strong><\/em> pour le d\u00e9partement.\u00a0<\/p>\n<p>Cette dynamique <em><strong>\u00ab positive \u00bb<\/strong> <\/em>se refl\u00e8te \u00e9galement au niveau d\u00e9concentr\u00e9, avec des taux compris entre 100% et 70 % des dossiers trait\u00e9s au niveau r\u00e9gional, malgr\u00e9 un contexte de travail exigeant. Le ministre a salu\u00e9 l\u2019engagement et la disponibilit\u00e9 des \u00e9quipes centrales et r\u00e9gionales, qui ont su maintenir l\u2019accueil et le traitement des dossiers des agents.<\/p>\n<figure id=\"attachment_26180\" aria-describedby=\"caption-attachment-26180\" style=\"width: 1829px\" class=\"wp-caption aligncenter\"><a href=\"https:\/\/www.latribunedufaso.net\/wp-content\/uploads\/2025\/12\/FB_IMG_1767023185174.jpg\"><img loading=\"lazy\" decoding=\"async\" class=\"size-full wp-image-26180\" src=\"https:\/\/www.latribunedufaso.net\/wp-content\/uploads\/2025\/12\/FB_IMG_1767023185174.jpg\" alt=\"La deuxi\u00e8me session du Cadre national de concertation des acteurs de gestion des ressources humaines du MEBAPLN, 29 d\u00e9cembre 2025\" width=\"1829\" height=\"1029\" srcset=\"https:\/\/www.latribunedufaso.net\/wp-content\/uploads\/2025\/12\/FB_IMG_1767023185174.jpg 1829w, https:\/\/www.latribunedufaso.net\/wp-content\/uploads\/2025\/12\/FB_IMG_1767023185174-300x169.jpg 300w, https:\/\/www.latribunedufaso.net\/wp-content\/uploads\/2025\/12\/FB_IMG_1767023185174-1024x576.jpg 1024w, https:\/\/www.latribunedufaso.net\/wp-content\/uploads\/2025\/12\/FB_IMG_1767023185174-768x432.jpg 768w, https:\/\/www.latribunedufaso.net\/wp-content\/uploads\/2025\/12\/FB_IMG_1767023185174-1536x864.jpg 1536w\" sizes=\"auto, (max-width: 1829px) 100vw, 1829px\" \/><\/a><figcaption id=\"caption-attachment-26180\" class=\"wp-caption-text\">Le MEBAPLN affiche un taux global de traitement des dossiers de carri\u00e8re de 94 % en 2025 &#8211; Ph. DR<\/figcaption><\/figure>\n<p>L\u2019exercice 2025 marque, par ailleurs, un tournant d\u00e9cisif avec la r\u00e9sorption quasi compl\u00e8te de la dette sociale li\u00e9e \u00e0 la correction des Indemnit\u00e9s de sp\u00e9cificit\u00e9, notamment les dossiers CSAP\u00e9 et CAPECPE. Longtemps consid\u00e9r\u00e9e comme un fardeau pour la gestion des ressources humaines, cette op\u00e9ration affiche un taux de correction compris entre 96 et 97 %. Si ce chantier d\u2019envergure a pu ralentir temporairement le traitement d\u2019autres actes administratifs, <em><strong>\u00ab son aboutissement ouvre d\u00e9sormais la perspective d\u2019une gestion plus fluide et plus r\u00e9active \u00e0 partir de 2026, avec un recentrage accru sur les dossiers courants \u00bb.<\/strong><\/em><\/p>\n<blockquote>\n<p>Lire aussi &gt;&gt; <a href=\"https:\/\/www.latribunedufaso.net\/?p=22524\">\u00c9ducation : L\u2019IPEQ, un programme ambitieux pour une \u00e9ducation de qualit\u00e9 pour tous<\/a><\/p>\n<\/blockquote>\n<p>Tout en saluant les progr\u00e8s accomplis, le ministre a rappel\u00e9 que les performances globales ne sauraient occulter les situations. individuelles. Au MEBAPLN, un reliquat de 4 \u00e0 6 % de dossiers non trait\u00e9s repr\u00e9sente pr\u00e8s de 4 000 agents. Pour Jacques Sosth\u00e8ne Dingara, ces cas doivent constituer une priorit\u00e9 absolue en 2026, avec un objectif clairement affich\u00e9 : parvenir \u00e0 une prise en charge compl\u00e8te, \u00e9quitable et diligente de tous les agents du d\u00e9partement.<\/p>\n<p><strong>Latribunedufaso.net<\/strong><\/p>\n<p><strong>Source : DCRP\/MEBAPLN<\/strong><\/p>\n<p><a href=\"https:\/\/www.latribunedufaso.net\/wp-content\/uploads\/2025\/12\/FB_IMG_1767023161016.jpg\"><img loading=\"lazy\" decoding=\"async\" class=\"aligncenter size-full wp-image-26183\" src=\"https:\/\/www.latribunedufaso.net\/wp-content\/uploads\/2025\/12\/FB_IMG_1767023161016.jpg\" alt=\"La deuxi\u00e8me session du Cadre national de concertation des acteurs de gestion des ressources humaines du MEBAPLN, 29 d\u00e9cembre 2025\" width=\"1920\" height=\"1080\" srcset=\"https:\/\/www.latribunedufaso.net\/wp-content\/uploads\/2025\/12\/FB_IMG_1767023161016.jpg 1920w, https:\/\/www.latribunedufaso.net\/wp-content\/uploads\/2025\/12\/FB_IMG_1767023161016-300x169.jpg 300w, https:\/\/www.latribunedufaso.net\/wp-content\/uploads\/2025\/12\/FB_IMG_1767023161016-1024x576.jpg 1024w, https:\/\/www.latribunedufaso.net\/wp-content\/uploads\/2025\/12\/FB_IMG_1767023161016-768x432.jpg 768w, https:\/\/www.latribunedufaso.net\/wp-content\/uploads\/2025\/12\/FB_IMG_1767023161016-1536x864.jpg 1536w\" sizes=\"auto, (max-width: 1920px) 100vw, 1920px\" \/><\/a><\/p>\n","protected":false},"excerpt":{"rendered":"<p>Le minist\u00e8re de l\u2019Enseignement de Base, de l\u2019Alphab\u00e9tisation et de la Promotion des Langues Nationales (MEBAPLN) a tenu, le 29 d\u00e9cembre 2025 \u00e0 Ouagadougou, la deuxi\u00e8me session du Cadre national de concertation des acteurs de gestion des ressources humaines (CNC-GRH). Cette rencontre a permis de r\u00e9fl\u00e9chir sur la gestion des ressources humaines, notamment la r\u00e9sorption de la dette sociale du d\u00e9partement.<\/p>\n","protected":false},"author":5,"featured_media":26181,"comment_status":"open","ping_status":"open","sticky":false,"template":"","format":"standard","meta":{"footnotes":""},"categories":[13,1,31],"tags":[1892,258,1891],"class_list":["post-26176","post","type-post","status-publish","format-standard","has-post-thumbnail","hentry","category-une","category-actu","category-education","tag-dette-sociale-ministere-education","tag-education","tag-gestion-des-grh-ministere-education"],"yoast_head":"<!-- This site is optimized with the Yoast SEO plugin v27.4 - https:\/\/yoast.com\/product\/yoast-seo-wordpress\/ -->\n<title>Minist\u00e8re de Education : Un taux global de 94% de traitement des dossiers de carri\u00e8re enregistr\u00e9 (bilan 2025) - La Tribune du Faso<\/title>\n<meta name=\"robots\" content=\"index, follow, max-snippet:-1, max-image-preview:large, max-video-preview:-1\" \/>\n<link rel=\"canonical\" href=\"https:\/\/www.latribunedufaso.net\/?p=26176\" \/>\n<meta property=\"og:locale\" content=\"fr_FR\" \/>\n<meta property=\"og:type\" content=\"article\" \/>\n<meta property=\"og:title\" content=\"Minist\u00e8re de Education : Un taux global de 94% de traitement des dossiers de carri\u00e8re enregistr\u00e9 (bilan 2025) - La Tribune du Faso\" \/>\n<meta property=\"og:description\" content=\"Le minist\u00e8re de l\u2019Enseignement de Base, de l\u2019Alphab\u00e9tisation et de la Promotion des Langues Nationales (MEBAPLN) a tenu, le 29 d\u00e9cembre 2025 \u00e0 Ouagadougou, la deuxi\u00e8me session du Cadre national de concertation des acteurs de gestion des ressources humaines (CNC-GRH). Cette rencontre a permis de r\u00e9fl\u00e9chir sur la gestion des ressources humaines, notamment la r\u00e9sorption de la dette sociale du d\u00e9partement.\" \/>\n<meta property=\"og:url\" content=\"https:\/\/www.latribunedufaso.net\/?p=26176\" \/>\n<meta property=\"og:site_name\" content=\"La Tribune du Faso\" \/>\n<meta property=\"article:publisher\" content=\"https:\/\/www.facebook.com\/LatribuneduFaso\/\" \/>\n<meta property=\"article:published_time\" content=\"2025-12-29T15:55:00+00:00\" \/>\n<meta property=\"og:image\" content=\"https:\/\/www.latribunedufaso.net\/wp-content\/uploads\/2025\/12\/FB_IMG_1767023165495.jpg\" \/>\n\t<meta property=\"og:image:width\" content=\"1868\" \/>\n\t<meta property=\"og:image:height\" content=\"1050\" \/>\n\t<meta property=\"og:image:type\" content=\"image\/jpeg\" \/>\n<meta name=\"author\" content=\"Issouf Tapsoba\" \/>\n<meta name=\"twitter:label1\" content=\"\u00c9crit par\" \/>\n\t<meta name=\"twitter:data1\" content=\"Issouf Tapsoba\" \/>\n\t<meta name=\"twitter:label2\" content=\"Dur\u00e9e de lecture estim\u00e9e\" \/>\n\t<meta name=\"twitter:data2\" content=\"4 minutes\" \/>\n<script type=\"application\/ld+json\" class=\"yoast-schema-graph\">{\"@context\":\"https:\\\/\\\/schema.org\",\"@graph\":[{\"@type\":\"Article\",\"@id\":\"https:\\\/\\\/www.latribunedufaso.net\\\/?p=26176#article\",\"isPartOf\":{\"@id\":\"https:\\\/\\\/www.latribunedufaso.net\\\/?p=26176\"},\"author\":{\"name\":\"Issouf Tapsoba\",\"@id\":\"https:\\\/\\\/www.latribunedufaso.net\\\/#\\\/schema\\\/person\\\/e54e64c5778a7e72cf80a318b7a622b0\"},\"headline\":\"Minist\u00e8re de Education : Un taux global de 94% de traitement des dossiers de carri\u00e8re enregistr\u00e9 (bilan 2025)\",\"datePublished\":\"2025-12-29T15:55:00+00:00\",\"mainEntityOfPage\":{\"@id\":\"https:\\\/\\\/www.latribunedufaso.net\\\/?p=26176\"},\"wordCount\":587,\"commentCount\":0,\"publisher\":{\"@id\":\"https:\\\/\\\/www.latribunedufaso.net\\\/#organization\"},\"image\":{\"@id\":\"https:\\\/\\\/www.latribunedufaso.net\\\/?p=26176#primaryimage\"},\"thumbnailUrl\":\"https:\\\/\\\/www.latribunedufaso.net\\\/wp-content\\\/uploads\\\/2025\\\/12\\\/FB_IMG_1767023165495.jpg\",\"keywords\":[\"Dette sociale minist\u00e8re \u00e9ducation\",\"\u00e9ducation\",\"Gestion des GRH minist\u00e8re \u00e9ducation\"],\"articleSection\":[\"A la une\",\"Actualit\u00e9\",\"\u00c9ducation\"],\"inLanguage\":\"fr-FR\",\"potentialAction\":[{\"@type\":\"CommentAction\",\"name\":\"Comment\",\"target\":[\"https:\\\/\\\/www.latribunedufaso.net\\\/?p=26176#respond\"]}]},{\"@type\":\"WebPage\",\"@id\":\"https:\\\/\\\/www.latribunedufaso.net\\\/?p=26176\",\"url\":\"https:\\\/\\\/www.latribunedufaso.net\\\/?p=26176\",\"name\":\"Minist\u00e8re de Education : Un taux global de 94% de traitement des dossiers de carri\u00e8re enregistr\u00e9 (bilan 2025) - La Tribune du Faso\",\"isPartOf\":{\"@id\":\"https:\\\/\\\/www.latribunedufaso.net\\\/#website\"},\"primaryImageOfPage\":{\"@id\":\"https:\\\/\\\/www.latribunedufaso.net\\\/?p=26176#primaryimage\"},\"image\":{\"@id\":\"https:\\\/\\\/www.latribunedufaso.net\\\/?p=26176#primaryimage\"},\"thumbnailUrl\":\"https:\\\/\\\/www.latribunedufaso.net\\\/wp-content\\\/uploads\\\/2025\\\/12\\\/FB_IMG_1767023165495.jpg\",\"datePublished\":\"2025-12-29T15:55:00+00:00\",\"breadcrumb\":{\"@id\":\"https:\\\/\\\/www.latribunedufaso.net\\\/?p=26176#breadcrumb\"},\"inLanguage\":\"fr-FR\",\"potentialAction\":[{\"@type\":\"ReadAction\",\"target\":[\"https:\\\/\\\/www.latribunedufaso.net\\\/?p=26176\"]}]},{\"@type\":\"ImageObject\",\"inLanguage\":\"fr-FR\",\"@id\":\"https:\\\/\\\/www.latribunedufaso.net\\\/?p=26176#primaryimage\",\"url\":\"https:\\\/\\\/www.latribunedufaso.net\\\/wp-content\\\/uploads\\\/2025\\\/12\\\/FB_IMG_1767023165495.jpg\",\"contentUrl\":\"https:\\\/\\\/www.latribunedufaso.net\\\/wp-content\\\/uploads\\\/2025\\\/12\\\/FB_IMG_1767023165495.jpg\",\"width\":1868,\"height\":1050,\"caption\":\"La deuxi\u00e8me session du Cadre national de concertation des acteurs de gestion des ressources humaines du MEBAPLN, 29 d\u00e9cembre 2025\"},{\"@type\":\"BreadcrumbList\",\"@id\":\"https:\\\/\\\/www.latribunedufaso.net\\\/?p=26176#breadcrumb\",\"itemListElement\":[{\"@type\":\"ListItem\",\"position\":1,\"name\":\"Accueil\",\"item\":\"https:\\\/\\\/www.latribunedufaso.net\\\/\"},{\"@type\":\"ListItem\",\"position\":2,\"name\":\"Minist\u00e8re de Education : Un taux global de 94% de traitement des dossiers de carri\u00e8re enregistr\u00e9 (bilan 2025)\"}]},{\"@type\":\"WebSite\",\"@id\":\"https:\\\/\\\/www.latribunedufaso.net\\\/#website\",\"url\":\"https:\\\/\\\/www.latribunedufaso.net\\\/\",\"name\":\"La Tribune du Faso\",\"description\":\"L&#039;information du monde rural en un clic\",\"publisher\":{\"@id\":\"https:\\\/\\\/www.latribunedufaso.net\\\/#organization\"},\"potentialAction\":[{\"@type\":\"SearchAction\",\"target\":{\"@type\":\"EntryPoint\",\"urlTemplate\":\"https:\\\/\\\/www.latribunedufaso.net\\\/?s={search_term_string}\"},\"query-input\":{\"@type\":\"PropertyValueSpecification\",\"valueRequired\":true,\"valueName\":\"search_term_string\"}}],\"inLanguage\":\"fr-FR\"},{\"@type\":\"Organization\",\"@id\":\"https:\\\/\\\/www.latribunedufaso.net\\\/#organization\",\"name\":\"La Tribune du Faso\",\"url\":\"https:\\\/\\\/www.latribunedufaso.net\\\/\",\"logo\":{\"@type\":\"ImageObject\",\"inLanguage\":\"fr-FR\",\"@id\":\"https:\\\/\\\/www.latribunedufaso.net\\\/#\\\/schema\\\/logo\\\/image\\\/\",\"url\":\"https:\\\/\\\/www.latribunedufaso.net\\\/wp-content\\\/uploads\\\/2020\\\/08\\\/Logo-Tribune-du-Faso-final-scaled.jpg\",\"contentUrl\":\"https:\\\/\\\/www.latribunedufaso.net\\\/wp-content\\\/uploads\\\/2020\\\/08\\\/Logo-Tribune-du-Faso-final-scaled.jpg\",\"width\":2560,\"height\":1856,\"caption\":\"La Tribune du Faso\"},\"image\":{\"@id\":\"https:\\\/\\\/www.latribunedufaso.net\\\/#\\\/schema\\\/logo\\\/image\\\/\"},\"sameAs\":[\"https:\\\/\\\/www.facebook.com\\\/LatribuneduFaso\\\/\"]},{\"@type\":\"Person\",\"@id\":\"https:\\\/\\\/www.latribunedufaso.net\\\/#\\\/schema\\\/person\\\/e54e64c5778a7e72cf80a318b7a622b0\",\"name\":\"Issouf Tapsoba\",\"image\":{\"@type\":\"ImageObject\",\"inLanguage\":\"fr-FR\",\"@id\":\"https:\\\/\\\/secure.gravatar.com\\\/avatar\\\/5e6c05150ce3230247d167f5b94d678eb05936197436d69b7921e3a95c9107ac?s=96&d=mm&r=g\",\"url\":\"https:\\\/\\\/secure.gravatar.com\\\/avatar\\\/5e6c05150ce3230247d167f5b94d678eb05936197436d69b7921e3a95c9107ac?s=96&d=mm&r=g\",\"contentUrl\":\"https:\\\/\\\/secure.gravatar.com\\\/avatar\\\/5e6c05150ce3230247d167f5b94d678eb05936197436d69b7921e3a95c9107ac?s=96&d=mm&r=g\",\"caption\":\"Issouf Tapsoba\"},\"url\":\"https:\\\/\\\/www.latribunedufaso.net\\\/?author=5\"}]}<\/script>\n<!-- \/ Yoast SEO plugin. -->","yoast_head_json":{"title":"Minist\u00e8re de Education : Un taux global de 94% de traitement des dossiers de carri\u00e8re enregistr\u00e9 (bilan 2025) - La Tribune du Faso","robots":{"index":"index","follow":"follow","max-snippet":"max-snippet:-1","max-image-preview":"max-image-preview:large","max-video-preview":"max-video-preview:-1"},"canonical":"https:\/\/www.latribunedufaso.net\/?p=26176","og_locale":"fr_FR","og_type":"article","og_title":"Minist\u00e8re de Education : Un taux global de 94% de traitement des dossiers de carri\u00e8re enregistr\u00e9 (bilan 2025) - La Tribune du Faso","og_description":"Le minist\u00e8re de l\u2019Enseignement de Base, de l\u2019Alphab\u00e9tisation et de la Promotion des Langues Nationales (MEBAPLN) a tenu, le 29 d\u00e9cembre 2025 \u00e0 Ouagadougou, la deuxi\u00e8me session du Cadre national de concertation des acteurs de gestion des ressources humaines (CNC-GRH). Cette rencontre a permis de r\u00e9fl\u00e9chir sur la gestion des ressources humaines, notamment la r\u00e9sorption de la dette sociale du d\u00e9partement.","og_url":"https:\/\/www.latribunedufaso.net\/?p=26176","og_site_name":"La Tribune du Faso","article_publisher":"https:\/\/www.facebook.com\/LatribuneduFaso\/","article_published_time":"2025-12-29T15:55:00+00:00","og_image":[{"width":1868,"height":1050,"url":"https:\/\/www.latribunedufaso.net\/wp-content\/uploads\/2025\/12\/FB_IMG_1767023165495.jpg","type":"image\/jpeg"}],"author":"Issouf Tapsoba","twitter_misc":{"\u00c9crit par":"Issouf Tapsoba","Dur\u00e9e de lecture estim\u00e9e":"4 minutes"},"schema":{"@context":"https:\/\/schema.org","@graph":[{"@type":"Article","@id":"https:\/\/www.latribunedufaso.net\/?p=26176#article","isPartOf":{"@id":"https:\/\/www.latribunedufaso.net\/?p=26176"},"author":{"name":"Issouf Tapsoba","@id":"https:\/\/www.latribunedufaso.net\/#\/schema\/person\/e54e64c5778a7e72cf80a318b7a622b0"},"headline":"Minist\u00e8re de Education : Un taux global de 94% de traitement des dossiers de carri\u00e8re enregistr\u00e9 (bilan 2025)","datePublished":"2025-12-29T15:55:00+00:00","mainEntityOfPage":{"@id":"https:\/\/www.latribunedufaso.net\/?p=26176"},"wordCount":587,"commentCount":0,"publisher":{"@id":"https:\/\/www.latribunedufaso.net\/#organization"},"image":{"@id":"https:\/\/www.latribunedufaso.net\/?p=26176#primaryimage"},"thumbnailUrl":"https:\/\/www.latribunedufaso.net\/wp-content\/uploads\/2025\/12\/FB_IMG_1767023165495.jpg","keywords":["Dette sociale minist\u00e8re \u00e9ducation","\u00e9ducation","Gestion des GRH minist\u00e8re \u00e9ducation"],"articleSection":["A la une","Actualit\u00e9","\u00c9ducation"],"inLanguage":"fr-FR","potentialAction":[{"@type":"CommentAction","name":"Comment","target":["https:\/\/www.latribunedufaso.net\/?p=26176#respond"]}]},{"@type":"WebPage","@id":"https:\/\/www.latribunedufaso.net\/?p=26176","url":"https:\/\/www.latribunedufaso.net\/?p=26176","name":"Minist\u00e8re de Education : Un taux global de 94% de traitement des dossiers de carri\u00e8re enregistr\u00e9 (bilan 2025) - La Tribune du Faso","isPartOf":{"@id":"https:\/\/www.latribunedufaso.net\/#website"},"primaryImageOfPage":{"@id":"https:\/\/www.latribunedufaso.net\/?p=26176#primaryimage"},"image":{"@id":"https:\/\/www.latribunedufaso.net\/?p=26176#primaryimage"},"thumbnailUrl":"https:\/\/www.latribunedufaso.net\/wp-content\/uploads\/2025\/12\/FB_IMG_1767023165495.jpg","datePublished":"2025-12-29T15:55:00+00:00","breadcrumb":{"@id":"https:\/\/www.latribunedufaso.net\/?p=26176#breadcrumb"},"inLanguage":"fr-FR","potentialAction":[{"@type":"ReadAction","target":["https:\/\/www.latribunedufaso.net\/?p=26176"]}]},{"@type":"ImageObject","inLanguage":"fr-FR","@id":"https:\/\/www.latribunedufaso.net\/?p=26176#primaryimage","url":"https:\/\/www.latribunedufaso.net\/wp-content\/uploads\/2025\/12\/FB_IMG_1767023165495.jpg","contentUrl":"https:\/\/www.latribunedufaso.net\/wp-content\/uploads\/2025\/12\/FB_IMG_1767023165495.jpg","width":1868,"height":1050,"caption":"La deuxi\u00e8me session du Cadre national de concertation des acteurs de gestion des ressources humaines du MEBAPLN, 29 d\u00e9cembre 2025"},{"@type":"BreadcrumbList","@id":"https:\/\/www.latribunedufaso.net\/?p=26176#breadcrumb","itemListElement":[{"@type":"ListItem","position":1,"name":"Accueil","item":"https:\/\/www.latribunedufaso.net\/"},{"@type":"ListItem","position":2,"name":"Minist\u00e8re de Education : Un taux global de 94% de traitement des dossiers de carri\u00e8re enregistr\u00e9 (bilan 2025)"}]},{"@type":"WebSite","@id":"https:\/\/www.latribunedufaso.net\/#website","url":"https:\/\/www.latribunedufaso.net\/","name":"La Tribune du Faso","description":"L&#039;information du monde rural en un clic","publisher":{"@id":"https:\/\/www.latribunedufaso.net\/#organization"},"potentialAction":[{"@type":"SearchAction","target":{"@type":"EntryPoint","urlTemplate":"https:\/\/www.latribunedufaso.net\/?s={search_term_string}"},"query-input":{"@type":"PropertyValueSpecification","valueRequired":true,"valueName":"search_term_string"}}],"inLanguage":"fr-FR"},{"@type":"Organization","@id":"https:\/\/www.latribunedufaso.net\/#organization","name":"La Tribune du Faso","url":"https:\/\/www.latribunedufaso.net\/","logo":{"@type":"ImageObject","inLanguage":"fr-FR","@id":"https:\/\/www.latribunedufaso.net\/#\/schema\/logo\/image\/","url":"https:\/\/www.latribunedufaso.net\/wp-content\/uploads\/2020\/08\/Logo-Tribune-du-Faso-final-scaled.jpg","contentUrl":"https:\/\/www.latribunedufaso.net\/wp-content\/uploads\/2020\/08\/Logo-Tribune-du-Faso-final-scaled.jpg","width":2560,"height":1856,"caption":"La Tribune du Faso"},"image":{"@id":"https:\/\/www.latribunedufaso.net\/#\/schema\/logo\/image\/"},"sameAs":["https:\/\/www.facebook.com\/LatribuneduFaso\/"]},{"@type":"Person","@id":"https:\/\/www.latribunedufaso.net\/#\/schema\/person\/e54e64c5778a7e72cf80a318b7a622b0","name":"Issouf Tapsoba","image":{"@type":"ImageObject","inLanguage":"fr-FR","@id":"https:\/\/secure.gravatar.com\/avatar\/5e6c05150ce3230247d167f5b94d678eb05936197436d69b7921e3a95c9107ac?s=96&d=mm&r=g","url":"https:\/\/secure.gravatar.com\/avatar\/5e6c05150ce3230247d167f5b94d678eb05936197436d69b7921e3a95c9107ac?s=96&d=mm&r=g","contentUrl":"https:\/\/secure.gravatar.com\/avatar\/5e6c05150ce3230247d167f5b94d678eb05936197436d69b7921e3a95c9107ac?s=96&d=mm&r=g","caption":"Issouf Tapsoba"},"url":"https:\/\/www.latribunedufaso.net\/?author=5"}]}},"_links":{"self":[{"href":"https:\/\/www.latribunedufaso.net\/index.php?rest_route=\/wp\/v2\/posts\/26176","targetHints":{"allow":["GET"]}}],"collection":[{"href":"https:\/\/www.latribunedufaso.net\/index.php?rest_route=\/wp\/v2\/posts"}],"about":[{"href":"https:\/\/www.latribunedufaso.net\/index.php?rest_route=\/wp\/v2\/types\/post"}],"author":[{"embeddable":true,"href":"https:\/\/www.latribunedufaso.net\/index.php?rest_route=\/wp\/v2\/users\/5"}],"replies":[{"embeddable":true,"href":"https:\/\/www.latribunedufaso.net\/index.php?rest_route=%2Fwp%2Fv2%2Fcomments&post=26176"}],"version-history":[{"count":4,"href":"https:\/\/www.latribunedufaso.net\/index.php?rest_route=\/wp\/v2\/posts\/26176\/revisions"}],"predecessor-version":[{"id":26184,"href":"https:\/\/www.latribunedufaso.net\/index.php?rest_route=\/wp\/v2\/posts\/26176\/revisions\/26184"}],"wp:featuredmedia":[{"embeddable":true,"href":"https:\/\/www.latribunedufaso.net\/index.php?rest_route=\/wp\/v2\/media\/26181"}],"wp:attachment":[{"href":"https:\/\/www.latribunedufaso.net\/index.php?rest_route=%2Fwp%2Fv2%2Fmedia&parent=26176"}],"wp:term":[{"taxonomy":"category","embeddable":true,"href":"https:\/\/www.latribunedufaso.net\/index.php?rest_route=%2Fwp%2Fv2%2Fcategories&post=26176"},{"taxonomy":"post_tag","embeddable":true,"href":"https:\/\/www.latribunedufaso.net\/index.php?rest_route=%2Fwp%2Fv2%2Ftags&post=26176"}],"curies":[{"name":"wp","href":"https:\/\/api.w.org\/{rel}","templated":true}]}}