{"id":26130,"date":"2025-12-26T17:03:12","date_gmt":"2025-12-26T17:03:12","guid":{"rendered":"https:\/\/www.latribunedufaso.net\/?p=26130"},"modified":"2025-12-26T17:03:12","modified_gmt":"2025-12-26T17:03:12","slug":"immobilier-la-commercialisation-des-appartements-du-projet-zafara-plazza-officiellement-lancee","status":"publish","type":"post","link":"https:\/\/www.latribunedufaso.net\/?p=26130","title":{"rendered":"Immobilier : La commercialisation des appartements du projet ZAFARA PLAZZA officiellement lanc\u00e9e"},"content":{"rendered":"<p><strong>Le lancement officiel de la commercialisation des appartements du projet <em>\u00ab ZAFARA PLAZZA \u00bb<\/em> a eu lieu le 26 d\u00e9cembre 2025 \u00e0 Ouagadougou. C&rsquo;\u00e9tait \u00e0 l\u2019occasion d\u2019une conf\u00e9rence de presse organis\u00e9e par la SONATUR, en collaboration avec Reliance West Africa. Ce projet s\u2019inscrit dans la dynamique de transformation urbaine de la capitale burkinab\u00e8, avec l\u2019ambition d\u2019offrir un cadre de vie moderne, fonctionnel et int\u00e9gr\u00e9 aux populations.<\/strong><!--more--><\/p>\n<p>Fruit d\u2019un partenariat strat\u00e9gique entre la Soci\u00e9t\u00e9 nationale d\u2019am\u00e9nagement des terrains urbains (SONATUR) et son partenaire, Reliance West Africa, ZAFARA PLAZZA <em><strong>\u00ab ambitionne de repositionner Ouagadougou comme une ville moderne et attractive \u00bb.<\/strong><\/em><\/p>\n<p>Avec plus de 40 000 m\u00b2 de surface construite, le complexe abritera, le futur si\u00e8ge de la SONATUR, 225 appartements haut standing, une tour de bureaux et d\u2019h\u00f4tel, des galeries commerciales modernes, et une salle polyvalente de 400 places.<\/p>\n<figure id=\"attachment_26137\" aria-describedby=\"caption-attachment-26137\" style=\"width: 1600px\" class=\"wp-caption aligncenter\"><a href=\"https:\/\/www.latribunedufaso.net\/wp-content\/uploads\/2025\/12\/IMG-20251226-WA0029.jpg\"><img loading=\"lazy\" decoding=\"async\" class=\"size-full wp-image-26137\" src=\"https:\/\/www.latribunedufaso.net\/wp-content\/uploads\/2025\/12\/IMG-20251226-WA0029.jpg\" alt=\"Lancement de la commercialisation des appartements du projet immobilier ZAFARA PLAZZA, 26 d\u00e9cembre 2025\" width=\"1600\" height=\"900\" srcset=\"https:\/\/www.latribunedufaso.net\/wp-content\/uploads\/2025\/12\/IMG-20251226-WA0029.jpg 1600w, https:\/\/www.latribunedufaso.net\/wp-content\/uploads\/2025\/12\/IMG-20251226-WA0029-300x169.jpg 300w, https:\/\/www.latribunedufaso.net\/wp-content\/uploads\/2025\/12\/IMG-20251226-WA0029-1024x576.jpg 1024w, https:\/\/www.latribunedufaso.net\/wp-content\/uploads\/2025\/12\/IMG-20251226-WA0029-768x432.jpg 768w, https:\/\/www.latribunedufaso.net\/wp-content\/uploads\/2025\/12\/IMG-20251226-WA0029-1536x864.jpg 1536w\" sizes=\"auto, (max-width: 1600px) 100vw, 1600px\" \/><\/a><figcaption id=\"caption-attachment-26137\" class=\"wp-caption-text\">Une vue de la maquette du projet &#8211; Ph. DR<\/figcaption><\/figure>\n<p>Notons qu\u2019\u00e0 travers ce lancement, il est d\u00e9sormais possible de devenir propri\u00e9taire d\u2019un appartement en proc\u00e9dant \u00e0 une souscription. Les paiements peuvent se faire selon plusieurs modalit\u00e9s, offrant ainsi une certaine flexibilit\u00e9 aux futurs acqu\u00e9reurs.<\/p>\n<p>Les promoteurs ont \u00e9galement soulign\u00e9s les enjeux \u00e9conomiques et sociaux du projet, qui vise \u00e0 accompagner l\u2019expansion urbaine de Ouagadougou tout en r\u00e9pondant aux besoins en infrastructures modernes.<\/p>\n<blockquote>\n<p>Lire aussi &gt;&gt; <a href=\"https:\/\/www.latribunedufaso.net\/?p=16622\">Burkindi business center : Pose de la premi\u00e8re pierre d\u2019un important projet immobilier de 320 milliards FCFA\u00a0<\/a><\/p>\n<\/blockquote>\n<p>Selon le Directeur commercial et marketing de la SONATUR, Nikiema Dominique, plusieurs activit\u00e9s sont au programme de ce lancement. Il s&rsquo;agit, entre autres, de la tenue, le 30 d\u00e9cembre 2025, d\u2019un colloque scientifique de haut niveau, suivi d\u2019un d\u00eener d\u2019\u00e9changes \u00e0 l\u2019h\u00f4tel Lancaster. Ce rendez-vous r\u00e9unira acteurs publics et priv\u00e9s, experts, d\u00e9cideurs et partenaires autour du th\u00e8me, <em><strong>\u00ab Immobilier et transformation urbaine : b\u00e2tir aujourd\u2019hui les villes africaines de demain \u00bb.<\/strong><\/em><\/p>\n<p><strong>In\u00e8s TOUGMA\u00a0<\/strong><\/p>\n<p><strong>Latribunedufaso.net<\/strong><\/p>\n<p><a href=\"https:\/\/www.latribunedufaso.net\/wp-content\/uploads\/2025\/12\/IMG-20251226-WA0025.jpg\"><img loading=\"lazy\" decoding=\"async\" class=\"aligncenter size-full wp-image-26141\" src=\"https:\/\/www.latribunedufaso.net\/wp-content\/uploads\/2025\/12\/IMG-20251226-WA0025.jpg\" alt=\"Lancement de la commercialisation des appartements du projet immobilier ZAFARA PLAZZA, 26 d\u00e9cembre 2025\" width=\"1600\" height=\"900\" srcset=\"https:\/\/www.latribunedufaso.net\/wp-content\/uploads\/2025\/12\/IMG-20251226-WA0025.jpg 1600w, https:\/\/www.latribunedufaso.net\/wp-content\/uploads\/2025\/12\/IMG-20251226-WA0025-300x169.jpg 300w, https:\/\/www.latribunedufaso.net\/wp-content\/uploads\/2025\/12\/IMG-20251226-WA0025-1024x576.jpg 1024w, https:\/\/www.latribunedufaso.net\/wp-content\/uploads\/2025\/12\/IMG-20251226-WA0025-768x432.jpg 768w, https:\/\/www.latribunedufaso.net\/wp-content\/uploads\/2025\/12\/IMG-20251226-WA0025-1536x864.jpg 1536w\" sizes=\"auto, (max-width: 1600px) 100vw, 1600px\" \/><\/a><a href=\"https:\/\/www.latribunedufaso.net\/wp-content\/uploads\/2025\/12\/IMG-20251226-WA0027.jpg\"><img loading=\"lazy\" decoding=\"async\" class=\"aligncenter size-full wp-image-26140\" src=\"https:\/\/www.latribunedufaso.net\/wp-content\/uploads\/2025\/12\/IMG-20251226-WA0027.jpg\" alt=\"Lancement de la commercialisation des appartements du projet immobilier ZAFARA PLAZZA, 26 d\u00e9cembre 2025\" width=\"1080\" height=\"658\" srcset=\"https:\/\/www.latribunedufaso.net\/wp-content\/uploads\/2025\/12\/IMG-20251226-WA0027.jpg 1080w, https:\/\/www.latribunedufaso.net\/wp-content\/uploads\/2025\/12\/IMG-20251226-WA0027-300x183.jpg 300w, https:\/\/www.latribunedufaso.net\/wp-content\/uploads\/2025\/12\/IMG-20251226-WA0027-1024x624.jpg 1024w, https:\/\/www.latribunedufaso.net\/wp-content\/uploads\/2025\/12\/IMG-20251226-WA0027-768x468.jpg 768w\" sizes=\"auto, (max-width: 1080px) 100vw, 1080px\" \/><\/a><a href=\"https:\/\/www.latribunedufaso.net\/wp-content\/uploads\/2025\/12\/IMG-20251226-WA0026.jpg\"><img loading=\"lazy\" decoding=\"async\" class=\"aligncenter size-full wp-image-26139\" src=\"https:\/\/www.latribunedufaso.net\/wp-content\/uploads\/2025\/12\/IMG-20251226-WA0026.jpg\" alt=\"Lancement de la commercialisation des appartements du projet immobilier ZAFARA PLAZZA, 26 d\u00e9cembre 2025\" width=\"1080\" height=\"644\" srcset=\"https:\/\/www.latribunedufaso.net\/wp-content\/uploads\/2025\/12\/IMG-20251226-WA0026.jpg 1080w, https:\/\/www.latribunedufaso.net\/wp-content\/uploads\/2025\/12\/IMG-20251226-WA0026-300x179.jpg 300w, https:\/\/www.latribunedufaso.net\/wp-content\/uploads\/2025\/12\/IMG-20251226-WA0026-1024x611.jpg 1024w, https:\/\/www.latribunedufaso.net\/wp-content\/uploads\/2025\/12\/IMG-20251226-WA0026-768x458.jpg 768w\" sizes=\"auto, (max-width: 1080px) 100vw, 1080px\" \/><\/a><a href=\"https:\/\/www.latribunedufaso.net\/wp-content\/uploads\/2025\/12\/IMG-20251226-WA0028.jpg\"><img loading=\"lazy\" decoding=\"async\" class=\"aligncenter size-full wp-image-26138\" src=\"https:\/\/www.latribunedufaso.net\/wp-content\/uploads\/2025\/12\/IMG-20251226-WA0028.jpg\" alt=\"Lancement de la commercialisation des appartements du projet immobilier ZAFARA PLAZZA, 26 d\u00e9cembre 2025\" width=\"1078\" height=\"1077\" srcset=\"https:\/\/www.latribunedufaso.net\/wp-content\/uploads\/2025\/12\/IMG-20251226-WA0028.jpg 1078w, https:\/\/www.latribunedufaso.net\/wp-content\/uploads\/2025\/12\/IMG-20251226-WA0028-300x300.jpg 300w, https:\/\/www.latribunedufaso.net\/wp-content\/uploads\/2025\/12\/IMG-20251226-WA0028-1024x1024.jpg 1024w, https:\/\/www.latribunedufaso.net\/wp-content\/uploads\/2025\/12\/IMG-20251226-WA0028-150x150.jpg 150w, https:\/\/www.latribunedufaso.net\/wp-content\/uploads\/2025\/12\/IMG-20251226-WA0028-768x767.jpg 768w\" sizes=\"auto, (max-width: 1078px) 100vw, 1078px\" \/><\/a><\/p>\n","protected":false},"excerpt":{"rendered":"<p>Le lancement officiel de la commercialisation des appartements du projet \u00ab ZAFARA PLAZZA \u00bb a eu lieu le 26 d\u00e9cembre 2025 \u00e0 Ouagadougou. C&rsquo;\u00e9tait \u00e0 l\u2019occasion d\u2019une conf\u00e9rence de presse organis\u00e9e par la SONATUR, en collaboration avec Reliance West Africa. Ce projet s\u2019inscrit dans la dynamique de transformation urbaine de la capitale burkinab\u00e8, avec l\u2019ambition d\u2019offrir un cadre de vie moderne, fonctionnel et int\u00e9gr\u00e9 aux populations.<\/p>\n","protected":false},"author":5,"featured_media":26136,"comment_status":"open","ping_status":"open","sticky":false,"template":"","format":"standard","meta":{"footnotes":""},"categories":[13,1,8],"tags":[39,382,839,1888],"class_list":["post-26130","post","type-post","status-publish","format-standard","has-post-thumbnail","hentry","category-une","category-actu","category-societe","tag-latribunedufaso-net","tag-promotion-immobiliere","tag-sonatur","tag-zafara-plazza"],"yoast_head":"<!-- This site is optimized with the Yoast SEO plugin v27.4 - https:\/\/yoast.com\/product\/yoast-seo-wordpress\/ -->\n<title>Immobilier : La commercialisation des appartements du projet ZAFARA PLAZZA officiellement lanc\u00e9e - La Tribune du Faso<\/title>\n<meta name=\"robots\" content=\"index, follow, max-snippet:-1, max-image-preview:large, max-video-preview:-1\" \/>\n<link rel=\"canonical\" href=\"https:\/\/www.latribunedufaso.net\/?p=26130\" \/>\n<meta property=\"og:locale\" content=\"fr_FR\" \/>\n<meta property=\"og:type\" content=\"article\" \/>\n<meta property=\"og:title\" content=\"Immobilier : La commercialisation des appartements du projet ZAFARA PLAZZA officiellement lanc\u00e9e - La Tribune du Faso\" \/>\n<meta property=\"og:description\" content=\"Le lancement officiel de la commercialisation des appartements du projet \u00ab ZAFARA PLAZZA \u00bb a eu lieu le 26 d\u00e9cembre 2025 \u00e0 Ouagadougou. C&rsquo;\u00e9tait \u00e0 l\u2019occasion d\u2019une conf\u00e9rence de presse organis\u00e9e par la SONATUR, en collaboration avec Reliance West Africa. Ce projet s\u2019inscrit dans la dynamique de transformation urbaine de la capitale burkinab\u00e8, avec l\u2019ambition d\u2019offrir un cadre de vie moderne, fonctionnel et int\u00e9gr\u00e9 aux populations.\" \/>\n<meta property=\"og:url\" content=\"https:\/\/www.latribunedufaso.net\/?p=26130\" \/>\n<meta property=\"og:site_name\" content=\"La Tribune du Faso\" \/>\n<meta property=\"article:publisher\" content=\"https:\/\/www.facebook.com\/LatribuneduFaso\/\" \/>\n<meta property=\"article:published_time\" content=\"2025-12-26T17:03:12+00:00\" \/>\n<meta property=\"og:image\" content=\"https:\/\/www.latribunedufaso.net\/wp-content\/uploads\/2025\/12\/IMG-20251226-WA0024.jpg\" \/>\n\t<meta property=\"og:image:width\" content=\"1000\" \/>\n\t<meta property=\"og:image:height\" content=\"750\" \/>\n\t<meta property=\"og:image:type\" content=\"image\/jpeg\" \/>\n<meta name=\"author\" content=\"Issouf Tapsoba\" \/>\n<meta name=\"twitter:label1\" content=\"\u00c9crit par\" \/>\n\t<meta name=\"twitter:data1\" content=\"Issouf Tapsoba\" \/>\n\t<meta name=\"twitter:label2\" content=\"Dur\u00e9e de lecture estim\u00e9e\" \/>\n\t<meta name=\"twitter:data2\" content=\"3 minutes\" \/>\n<script type=\"application\/ld+json\" class=\"yoast-schema-graph\">{\"@context\":\"https:\\\/\\\/schema.org\",\"@graph\":[{\"@type\":\"Article\",\"@id\":\"https:\\\/\\\/www.latribunedufaso.net\\\/?p=26130#article\",\"isPartOf\":{\"@id\":\"https:\\\/\\\/www.latribunedufaso.net\\\/?p=26130\"},\"author\":{\"name\":\"Issouf Tapsoba\",\"@id\":\"https:\\\/\\\/www.latribunedufaso.net\\\/#\\\/schema\\\/person\\\/e54e64c5778a7e72cf80a318b7a622b0\"},\"headline\":\"Immobilier : La commercialisation des appartements du projet ZAFARA PLAZZA officiellement lanc\u00e9e\",\"datePublished\":\"2025-12-26T17:03:12+00:00\",\"mainEntityOfPage\":{\"@id\":\"https:\\\/\\\/www.latribunedufaso.net\\\/?p=26130\"},\"wordCount\":349,\"commentCount\":0,\"publisher\":{\"@id\":\"https:\\\/\\\/www.latribunedufaso.net\\\/#organization\"},\"image\":{\"@id\":\"https:\\\/\\\/www.latribunedufaso.net\\\/?p=26130#primaryimage\"},\"thumbnailUrl\":\"https:\\\/\\\/www.latribunedufaso.net\\\/wp-content\\\/uploads\\\/2025\\\/12\\\/IMG-20251226-WA0024.jpg\",\"keywords\":[\"latribunedufaso.net\",\"Promotion immobili\u00e8re\",\"SONATUR\",\"ZAFARA PLAZZA\"],\"articleSection\":[\"A la une\",\"Actualit\u00e9\",\"Soci\u00e9t\u00e9\"],\"inLanguage\":\"fr-FR\",\"potentialAction\":[{\"@type\":\"CommentAction\",\"name\":\"Comment\",\"target\":[\"https:\\\/\\\/www.latribunedufaso.net\\\/?p=26130#respond\"]}]},{\"@type\":\"WebPage\",\"@id\":\"https:\\\/\\\/www.latribunedufaso.net\\\/?p=26130\",\"url\":\"https:\\\/\\\/www.latribunedufaso.net\\\/?p=26130\",\"name\":\"Immobilier : La commercialisation des appartements du projet ZAFARA PLAZZA officiellement lanc\u00e9e - La Tribune du Faso\",\"isPartOf\":{\"@id\":\"https:\\\/\\\/www.latribunedufaso.net\\\/#website\"},\"primaryImageOfPage\":{\"@id\":\"https:\\\/\\\/www.latribunedufaso.net\\\/?p=26130#primaryimage\"},\"image\":{\"@id\":\"https:\\\/\\\/www.latribunedufaso.net\\\/?p=26130#primaryimage\"},\"thumbnailUrl\":\"https:\\\/\\\/www.latribunedufaso.net\\\/wp-content\\\/uploads\\\/2025\\\/12\\\/IMG-20251226-WA0024.jpg\",\"datePublished\":\"2025-12-26T17:03:12+00:00\",\"breadcrumb\":{\"@id\":\"https:\\\/\\\/www.latribunedufaso.net\\\/?p=26130#breadcrumb\"},\"inLanguage\":\"fr-FR\",\"potentialAction\":[{\"@type\":\"ReadAction\",\"target\":[\"https:\\\/\\\/www.latribunedufaso.net\\\/?p=26130\"]}]},{\"@type\":\"ImageObject\",\"inLanguage\":\"fr-FR\",\"@id\":\"https:\\\/\\\/www.latribunedufaso.net\\\/?p=26130#primaryimage\",\"url\":\"https:\\\/\\\/www.latribunedufaso.net\\\/wp-content\\\/uploads\\\/2025\\\/12\\\/IMG-20251226-WA0024.jpg\",\"contentUrl\":\"https:\\\/\\\/www.latribunedufaso.net\\\/wp-content\\\/uploads\\\/2025\\\/12\\\/IMG-20251226-WA0024.jpg\",\"width\":1000,\"height\":750,\"caption\":\"Lancement de la commercialisation des appartements du projet immobilier ZAFARA PLAZZA, 26 d\u00e9cembre 2025\"},{\"@type\":\"BreadcrumbList\",\"@id\":\"https:\\\/\\\/www.latribunedufaso.net\\\/?p=26130#breadcrumb\",\"itemListElement\":[{\"@type\":\"ListItem\",\"position\":1,\"name\":\"Accueil\",\"item\":\"https:\\\/\\\/www.latribunedufaso.net\\\/\"},{\"@type\":\"ListItem\",\"position\":2,\"name\":\"Immobilier : La commercialisation des appartements du projet ZAFARA PLAZZA officiellement lanc\u00e9e\"}]},{\"@type\":\"WebSite\",\"@id\":\"https:\\\/\\\/www.latribunedufaso.net\\\/#website\",\"url\":\"https:\\\/\\\/www.latribunedufaso.net\\\/\",\"name\":\"La Tribune du Faso\",\"description\":\"L&#039;information du monde rural en un clic\",\"publisher\":{\"@id\":\"https:\\\/\\\/www.latribunedufaso.net\\\/#organization\"},\"potentialAction\":[{\"@type\":\"SearchAction\",\"target\":{\"@type\":\"EntryPoint\",\"urlTemplate\":\"https:\\\/\\\/www.latribunedufaso.net\\\/?s={search_term_string}\"},\"query-input\":{\"@type\":\"PropertyValueSpecification\",\"valueRequired\":true,\"valueName\":\"search_term_string\"}}],\"inLanguage\":\"fr-FR\"},{\"@type\":\"Organization\",\"@id\":\"https:\\\/\\\/www.latribunedufaso.net\\\/#organization\",\"name\":\"La Tribune du Faso\",\"url\":\"https:\\\/\\\/www.latribunedufaso.net\\\/\",\"logo\":{\"@type\":\"ImageObject\",\"inLanguage\":\"fr-FR\",\"@id\":\"https:\\\/\\\/www.latribunedufaso.net\\\/#\\\/schema\\\/logo\\\/image\\\/\",\"url\":\"https:\\\/\\\/www.latribunedufaso.net\\\/wp-content\\\/uploads\\\/2020\\\/08\\\/Logo-Tribune-du-Faso-final-scaled.jpg\",\"contentUrl\":\"https:\\\/\\\/www.latribunedufaso.net\\\/wp-content\\\/uploads\\\/2020\\\/08\\\/Logo-Tribune-du-Faso-final-scaled.jpg\",\"width\":2560,\"height\":1856,\"caption\":\"La Tribune du Faso\"},\"image\":{\"@id\":\"https:\\\/\\\/www.latribunedufaso.net\\\/#\\\/schema\\\/logo\\\/image\\\/\"},\"sameAs\":[\"https:\\\/\\\/www.facebook.com\\\/LatribuneduFaso\\\/\"]},{\"@type\":\"Person\",\"@id\":\"https:\\\/\\\/www.latribunedufaso.net\\\/#\\\/schema\\\/person\\\/e54e64c5778a7e72cf80a318b7a622b0\",\"name\":\"Issouf Tapsoba\",\"image\":{\"@type\":\"ImageObject\",\"inLanguage\":\"fr-FR\",\"@id\":\"https:\\\/\\\/secure.gravatar.com\\\/avatar\\\/5e6c05150ce3230247d167f5b94d678eb05936197436d69b7921e3a95c9107ac?s=96&d=mm&r=g\",\"url\":\"https:\\\/\\\/secure.gravatar.com\\\/avatar\\\/5e6c05150ce3230247d167f5b94d678eb05936197436d69b7921e3a95c9107ac?s=96&d=mm&r=g\",\"contentUrl\":\"https:\\\/\\\/secure.gravatar.com\\\/avatar\\\/5e6c05150ce3230247d167f5b94d678eb05936197436d69b7921e3a95c9107ac?s=96&d=mm&r=g\",\"caption\":\"Issouf Tapsoba\"},\"url\":\"https:\\\/\\\/www.latribunedufaso.net\\\/?author=5\"}]}<\/script>\n<!-- \/ Yoast SEO plugin. -->","yoast_head_json":{"title":"Immobilier : La commercialisation des appartements du projet ZAFARA PLAZZA officiellement lanc\u00e9e - La Tribune du Faso","robots":{"index":"index","follow":"follow","max-snippet":"max-snippet:-1","max-image-preview":"max-image-preview:large","max-video-preview":"max-video-preview:-1"},"canonical":"https:\/\/www.latribunedufaso.net\/?p=26130","og_locale":"fr_FR","og_type":"article","og_title":"Immobilier : La commercialisation des appartements du projet ZAFARA PLAZZA officiellement lanc\u00e9e - La Tribune du Faso","og_description":"Le lancement officiel de la commercialisation des appartements du projet \u00ab ZAFARA PLAZZA \u00bb a eu lieu le 26 d\u00e9cembre 2025 \u00e0 Ouagadougou. C&rsquo;\u00e9tait \u00e0 l\u2019occasion d\u2019une conf\u00e9rence de presse organis\u00e9e par la SONATUR, en collaboration avec Reliance West Africa. Ce projet s\u2019inscrit dans la dynamique de transformation urbaine de la capitale burkinab\u00e8, avec l\u2019ambition d\u2019offrir un cadre de vie moderne, fonctionnel et int\u00e9gr\u00e9 aux populations.","og_url":"https:\/\/www.latribunedufaso.net\/?p=26130","og_site_name":"La Tribune du Faso","article_publisher":"https:\/\/www.facebook.com\/LatribuneduFaso\/","article_published_time":"2025-12-26T17:03:12+00:00","og_image":[{"width":1000,"height":750,"url":"https:\/\/www.latribunedufaso.net\/wp-content\/uploads\/2025\/12\/IMG-20251226-WA0024.jpg","type":"image\/jpeg"}],"author":"Issouf Tapsoba","twitter_misc":{"\u00c9crit par":"Issouf Tapsoba","Dur\u00e9e de lecture estim\u00e9e":"3 minutes"},"schema":{"@context":"https:\/\/schema.org","@graph":[{"@type":"Article","@id":"https:\/\/www.latribunedufaso.net\/?p=26130#article","isPartOf":{"@id":"https:\/\/www.latribunedufaso.net\/?p=26130"},"author":{"name":"Issouf Tapsoba","@id":"https:\/\/www.latribunedufaso.net\/#\/schema\/person\/e54e64c5778a7e72cf80a318b7a622b0"},"headline":"Immobilier : La commercialisation des appartements du projet ZAFARA PLAZZA officiellement lanc\u00e9e","datePublished":"2025-12-26T17:03:12+00:00","mainEntityOfPage":{"@id":"https:\/\/www.latribunedufaso.net\/?p=26130"},"wordCount":349,"commentCount":0,"publisher":{"@id":"https:\/\/www.latribunedufaso.net\/#organization"},"image":{"@id":"https:\/\/www.latribunedufaso.net\/?p=26130#primaryimage"},"thumbnailUrl":"https:\/\/www.latribunedufaso.net\/wp-content\/uploads\/2025\/12\/IMG-20251226-WA0024.jpg","keywords":["latribunedufaso.net","Promotion immobili\u00e8re","SONATUR","ZAFARA PLAZZA"],"articleSection":["A la une","Actualit\u00e9","Soci\u00e9t\u00e9"],"inLanguage":"fr-FR","potentialAction":[{"@type":"CommentAction","name":"Comment","target":["https:\/\/www.latribunedufaso.net\/?p=26130#respond"]}]},{"@type":"WebPage","@id":"https:\/\/www.latribunedufaso.net\/?p=26130","url":"https:\/\/www.latribunedufaso.net\/?p=26130","name":"Immobilier : La commercialisation des appartements du projet ZAFARA PLAZZA officiellement lanc\u00e9e - La Tribune du Faso","isPartOf":{"@id":"https:\/\/www.latribunedufaso.net\/#website"},"primaryImageOfPage":{"@id":"https:\/\/www.latribunedufaso.net\/?p=26130#primaryimage"},"image":{"@id":"https:\/\/www.latribunedufaso.net\/?p=26130#primaryimage"},"thumbnailUrl":"https:\/\/www.latribunedufaso.net\/wp-content\/uploads\/2025\/12\/IMG-20251226-WA0024.jpg","datePublished":"2025-12-26T17:03:12+00:00","breadcrumb":{"@id":"https:\/\/www.latribunedufaso.net\/?p=26130#breadcrumb"},"inLanguage":"fr-FR","potentialAction":[{"@type":"ReadAction","target":["https:\/\/www.latribunedufaso.net\/?p=26130"]}]},{"@type":"ImageObject","inLanguage":"fr-FR","@id":"https:\/\/www.latribunedufaso.net\/?p=26130#primaryimage","url":"https:\/\/www.latribunedufaso.net\/wp-content\/uploads\/2025\/12\/IMG-20251226-WA0024.jpg","contentUrl":"https:\/\/www.latribunedufaso.net\/wp-content\/uploads\/2025\/12\/IMG-20251226-WA0024.jpg","width":1000,"height":750,"caption":"Lancement de la commercialisation des appartements du projet immobilier ZAFARA PLAZZA, 26 d\u00e9cembre 2025"},{"@type":"BreadcrumbList","@id":"https:\/\/www.latribunedufaso.net\/?p=26130#breadcrumb","itemListElement":[{"@type":"ListItem","position":1,"name":"Accueil","item":"https:\/\/www.latribunedufaso.net\/"},{"@type":"ListItem","position":2,"name":"Immobilier : La commercialisation des appartements du projet ZAFARA PLAZZA officiellement lanc\u00e9e"}]},{"@type":"WebSite","@id":"https:\/\/www.latribunedufaso.net\/#website","url":"https:\/\/www.latribunedufaso.net\/","name":"La Tribune du Faso","description":"L&#039;information du monde rural en un clic","publisher":{"@id":"https:\/\/www.latribunedufaso.net\/#organization"},"potentialAction":[{"@type":"SearchAction","target":{"@type":"EntryPoint","urlTemplate":"https:\/\/www.latribunedufaso.net\/?s={search_term_string}"},"query-input":{"@type":"PropertyValueSpecification","valueRequired":true,"valueName":"search_term_string"}}],"inLanguage":"fr-FR"},{"@type":"Organization","@id":"https:\/\/www.latribunedufaso.net\/#organization","name":"La Tribune du Faso","url":"https:\/\/www.latribunedufaso.net\/","logo":{"@type":"ImageObject","inLanguage":"fr-FR","@id":"https:\/\/www.latribunedufaso.net\/#\/schema\/logo\/image\/","url":"https:\/\/www.latribunedufaso.net\/wp-content\/uploads\/2020\/08\/Logo-Tribune-du-Faso-final-scaled.jpg","contentUrl":"https:\/\/www.latribunedufaso.net\/wp-content\/uploads\/2020\/08\/Logo-Tribune-du-Faso-final-scaled.jpg","width":2560,"height":1856,"caption":"La Tribune du Faso"},"image":{"@id":"https:\/\/www.latribunedufaso.net\/#\/schema\/logo\/image\/"},"sameAs":["https:\/\/www.facebook.com\/LatribuneduFaso\/"]},{"@type":"Person","@id":"https:\/\/www.latribunedufaso.net\/#\/schema\/person\/e54e64c5778a7e72cf80a318b7a622b0","name":"Issouf Tapsoba","image":{"@type":"ImageObject","inLanguage":"fr-FR","@id":"https:\/\/secure.gravatar.com\/avatar\/5e6c05150ce3230247d167f5b94d678eb05936197436d69b7921e3a95c9107ac?s=96&d=mm&r=g","url":"https:\/\/secure.gravatar.com\/avatar\/5e6c05150ce3230247d167f5b94d678eb05936197436d69b7921e3a95c9107ac?s=96&d=mm&r=g","contentUrl":"https:\/\/secure.gravatar.com\/avatar\/5e6c05150ce3230247d167f5b94d678eb05936197436d69b7921e3a95c9107ac?s=96&d=mm&r=g","caption":"Issouf Tapsoba"},"url":"https:\/\/www.latribunedufaso.net\/?author=5"}]}},"_links":{"self":[{"href":"https:\/\/www.latribunedufaso.net\/index.php?rest_route=\/wp\/v2\/posts\/26130","targetHints":{"allow":["GET"]}}],"collection":[{"href":"https:\/\/www.latribunedufaso.net\/index.php?rest_route=\/wp\/v2\/posts"}],"about":[{"href":"https:\/\/www.latribunedufaso.net\/index.php?rest_route=\/wp\/v2\/types\/post"}],"author":[{"embeddable":true,"href":"https:\/\/www.latribunedufaso.net\/index.php?rest_route=\/wp\/v2\/users\/5"}],"replies":[{"embeddable":true,"href":"https:\/\/www.latribunedufaso.net\/index.php?rest_route=%2Fwp%2Fv2%2Fcomments&post=26130"}],"version-history":[{"count":6,"href":"https:\/\/www.latribunedufaso.net\/index.php?rest_route=\/wp\/v2\/posts\/26130\/revisions"}],"predecessor-version":[{"id":26144,"href":"https:\/\/www.latribunedufaso.net\/index.php?rest_route=\/wp\/v2\/posts\/26130\/revisions\/26144"}],"wp:featuredmedia":[{"embeddable":true,"href":"https:\/\/www.latribunedufaso.net\/index.php?rest_route=\/wp\/v2\/media\/26136"}],"wp:attachment":[{"href":"https:\/\/www.latribunedufaso.net\/index.php?rest_route=%2Fwp%2Fv2%2Fmedia&parent=26130"}],"wp:term":[{"taxonomy":"category","embeddable":true,"href":"https:\/\/www.latribunedufaso.net\/index.php?rest_route=%2Fwp%2Fv2%2Fcategories&post=26130"},{"taxonomy":"post_tag","embeddable":true,"href":"https:\/\/www.latribunedufaso.net\/index.php?rest_route=%2Fwp%2Fv2%2Ftags&post=26130"}],"curies":[{"name":"wp","href":"https:\/\/api.w.org\/{rel}","templated":true}]}}