{"id":26071,"date":"2025-12-23T20:58:04","date_gmt":"2025-12-23T20:58:04","guid":{"rendered":"https:\/\/www.latribunedufaso.net\/?p=26071"},"modified":"2025-12-23T21:02:00","modified_gmt":"2025-12-23T21:02:00","slug":"2e-session-du-college-des-chefs-detat-de-laes-la-banque-confederale-pour-linvestissement-et-le-developpement-operationnalisee-avec-un-capital-de-500-milliards-fcfa","status":"publish","type":"post","link":"https:\/\/www.latribunedufaso.net\/?p=26071","title":{"rendered":"2e session du Coll\u00e8ge des Chefs d&rsquo;\u00c9tat de l&rsquo;AES : La Banque conf\u00e9d\u00e9rale pour l\u2019investissement et le d\u00e9veloppement op\u00e9rationnalis\u00e9e avec un capital de 500 milliards FCFA"},"content":{"rendered":"<p><strong>Leurs Excellences le G\u00e9n\u00e9ral d\u2019Arm\u00e9e Assimi GO\u00cfTA, Pr\u00e9sident de la Transition du Mali, Pr\u00e9sident en exercice de la Conf\u00e9d\u00e9ration des \u00c9tats du Sahel, le Capitaine Ibrahim TRAOR\u00c9, Pr\u00e9sident du Faso, et le G\u00e9n\u00e9ral d\u2019Arm\u00e9e Abdourahamane TIANI, Pr\u00e9sident de la R\u00e9publique du Niger, ont inaugur\u00e9 ce mardi, la Banque Conf\u00e9d\u00e9rale pour l\u2019Investissement et le D\u00e9veloppement de la Conf\u00e9d\u00e9ration des \u00c9tats du Sahel (BCID-AES).<\/strong><!--more--><\/p>\n<p>La coupure symbolique de ruban par les trois Chefs d\u2019\u00c9tat de la Conf\u00e9d\u00e9ration marque le d\u00e9marrage officiel des activit\u00e9s de cet instrument financier de souverainet\u00e9 et de financement endog\u00e8ne, cr\u00e9\u00e9 pour soutenir les projets \u00e9conomiques et infrastructurels majeurs au sein de l\u2019espace conf\u00e9d\u00e9ral.\u00a0<\/p>\n<figure id=\"attachment_26074\" aria-describedby=\"caption-attachment-26074\" style=\"width: 882px\" class=\"wp-caption aligncenter\"><a href=\"https:\/\/www.latribunedufaso.net\/wp-content\/uploads\/2025\/12\/IMG-20251223-WA0145.jpg\"><img loading=\"lazy\" decoding=\"async\" class=\"size-full wp-image-26074\" src=\"https:\/\/www.latribunedufaso.net\/wp-content\/uploads\/2025\/12\/IMG-20251223-WA0145.jpg\" alt=\"Lancement de la Banque conf\u00e9d\u00e9rale AES, 23 d\u00e9cembre 2025\" width=\"882\" height=\"662\" srcset=\"https:\/\/www.latribunedufaso.net\/wp-content\/uploads\/2025\/12\/IMG-20251223-WA0145.jpg 882w, https:\/\/www.latribunedufaso.net\/wp-content\/uploads\/2025\/12\/IMG-20251223-WA0145-300x225.jpg 300w, https:\/\/www.latribunedufaso.net\/wp-content\/uploads\/2025\/12\/IMG-20251223-WA0145-768x576.jpg 768w\" sizes=\"auto, (max-width: 882px) 100vw, 882px\" \/><\/a><figcaption id=\"caption-attachment-26074\" class=\"wp-caption-text\">Une vue du b\u00e2timent de la banque &#8211; Ph. DR<\/figcaption><\/figure>\n<p>Cette banque sous-r\u00e9gionale d&rsquo;investissement, dot\u00e9e d\u2019un capital initial de 500 milliards FCFA, a pour mission de mobiliser les ressources souveraines et de financer des projets prioritaires dans les trois \u00c9tats membres de l&rsquo;AES.\u00a0<\/p>\n<blockquote>\n<p>Lire aussi &gt;&gt; <a href=\"https:\/\/www.latribunedufaso.net\/?p=26038\">Lutte contre le terrorisme : La Force Unifi\u00e9e de l\u2019AES (FU-AES) entre officiellement en activit\u00e9\u00a0<\/a><\/p>\n<\/blockquote>\n<p>Ces projets couvrent plusieurs secteurs structurants, notamment les infrastructures routi\u00e8res et le d\u00e9senclavement, l\u2019agriculture et la s\u00e9curit\u00e9 alimentaire, l\u2019\u00e9nergie et les interconnexions r\u00e9gionales, ainsi que l\u2019appui aux entreprises priv\u00e9es.<\/p>\n<p><strong>Latribunedufaso.net<\/strong><\/p>\n<p><strong>Source : Direction de la Communication de la Pr\u00e9sidence du Faso<\/strong><\/p>\n<p><a href=\"https:\/\/www.latribunedufaso.net\/wp-content\/uploads\/2025\/12\/IMG-20251223-WA0146.jpg\"><img loading=\"lazy\" decoding=\"async\" class=\"aligncenter size-full wp-image-26077\" src=\"https:\/\/www.latribunedufaso.net\/wp-content\/uploads\/2025\/12\/IMG-20251223-WA0146.jpg\" alt=\"Lancement de la Banque conf\u00e9d\u00e9rale AES, 23 d\u00e9cembre 2025\" width=\"1024\" height=\"683\" srcset=\"https:\/\/www.latribunedufaso.net\/wp-content\/uploads\/2025\/12\/IMG-20251223-WA0146.jpg 1024w, https:\/\/www.latribunedufaso.net\/wp-content\/uploads\/2025\/12\/IMG-20251223-WA0146-300x200.jpg 300w, https:\/\/www.latribunedufaso.net\/wp-content\/uploads\/2025\/12\/IMG-20251223-WA0146-768x512.jpg 768w, https:\/\/www.latribunedufaso.net\/wp-content\/uploads\/2025\/12\/IMG-20251223-WA0146-840x560.jpg 840w, https:\/\/www.latribunedufaso.net\/wp-content\/uploads\/2025\/12\/IMG-20251223-WA0146-120x80.jpg 120w, https:\/\/www.latribunedufaso.net\/wp-content\/uploads\/2025\/12\/IMG-20251223-WA0146-360x240.jpg 360w, https:\/\/www.latribunedufaso.net\/wp-content\/uploads\/2025\/12\/IMG-20251223-WA0146-600x400.jpg 600w\" sizes=\"auto, (max-width: 1024px) 100vw, 1024px\" \/><\/a><a href=\"https:\/\/www.latribunedufaso.net\/wp-content\/uploads\/2025\/12\/IMG-20251223-WA0147.jpg\"><img loading=\"lazy\" decoding=\"async\" class=\"aligncenter size-full wp-image-26075\" src=\"https:\/\/www.latribunedufaso.net\/wp-content\/uploads\/2025\/12\/IMG-20251223-WA0147.jpg\" alt=\"Lancement de la Banque conf\u00e9d\u00e9rale AES, 23 d\u00e9cembre 2025\" width=\"927\" height=\"598\" srcset=\"https:\/\/www.latribunedufaso.net\/wp-content\/uploads\/2025\/12\/IMG-20251223-WA0147.jpg 927w, https:\/\/www.latribunedufaso.net\/wp-content\/uploads\/2025\/12\/IMG-20251223-WA0147-300x194.jpg 300w, https:\/\/www.latribunedufaso.net\/wp-content\/uploads\/2025\/12\/IMG-20251223-WA0147-768x495.jpg 768w\" sizes=\"auto, (max-width: 927px) 100vw, 927px\" \/><\/a><\/p>\n","protected":false},"excerpt":{"rendered":"<p>Leurs Excellences le G\u00e9n\u00e9ral d\u2019Arm\u00e9e Assimi GO\u00cfTA, Pr\u00e9sident de la Transition du Mali, Pr\u00e9sident en exercice de la Conf\u00e9d\u00e9ration des \u00c9tats du Sahel, le Capitaine Ibrahim TRAOR\u00c9, Pr\u00e9sident du Faso, et le G\u00e9n\u00e9ral d\u2019Arm\u00e9e Abdourahamane TIANI, Pr\u00e9sident de la R\u00e9publique du Niger, ont inaugur\u00e9 ce mardi, la Banque Conf\u00e9d\u00e9rale pour l\u2019Investissement et le D\u00e9veloppement de la Conf\u00e9d\u00e9ration des \u00c9tats du Sahel (BCID-AES).<\/p>\n","protected":false},"author":5,"featured_media":26076,"comment_status":"open","ping_status":"open","sticky":false,"template":"","format":"standard","meta":{"footnotes":""},"categories":[13,1,10],"tags":[577,1883,1882,39],"class_list":["post-26071","post","type-post","status-publish","format-standard","has-post-thumbnail","hentry","category-une","category-actu","category-eco","tag-alliance-des-etats-du-sahel-aes","tag-banque-confederale-aes","tag-bcid-aes","tag-latribunedufaso-net"],"yoast_head":"<!-- This site is optimized with the Yoast SEO plugin v27.4 - https:\/\/yoast.com\/product\/yoast-seo-wordpress\/ -->\n<title>2e session du Coll\u00e8ge des Chefs d&#039;\u00c9tat de l&#039;AES : La Banque conf\u00e9d\u00e9rale pour l\u2019investissement et le d\u00e9veloppement op\u00e9rationnalis\u00e9e avec un capital de 500 milliards FCFA - La Tribune du Faso<\/title>\n<meta name=\"robots\" content=\"index, follow, max-snippet:-1, max-image-preview:large, max-video-preview:-1\" \/>\n<link rel=\"canonical\" href=\"https:\/\/www.latribunedufaso.net\/?p=26071\" \/>\n<meta property=\"og:locale\" content=\"fr_FR\" \/>\n<meta property=\"og:type\" content=\"article\" \/>\n<meta property=\"og:title\" content=\"2e session du Coll\u00e8ge des Chefs d&#039;\u00c9tat de l&#039;AES : La Banque conf\u00e9d\u00e9rale pour l\u2019investissement et le d\u00e9veloppement op\u00e9rationnalis\u00e9e avec un capital de 500 milliards FCFA - La Tribune du Faso\" \/>\n<meta property=\"og:description\" content=\"Leurs Excellences le G\u00e9n\u00e9ral d\u2019Arm\u00e9e Assimi GO\u00cfTA, Pr\u00e9sident de la Transition du Mali, Pr\u00e9sident en exercice de la Conf\u00e9d\u00e9ration des \u00c9tats du Sahel, le Capitaine Ibrahim TRAOR\u00c9, Pr\u00e9sident du Faso, et le G\u00e9n\u00e9ral d\u2019Arm\u00e9e Abdourahamane TIANI, Pr\u00e9sident de la R\u00e9publique du Niger, ont inaugur\u00e9 ce mardi, la Banque Conf\u00e9d\u00e9rale pour l\u2019Investissement et le D\u00e9veloppement de la Conf\u00e9d\u00e9ration des \u00c9tats du Sahel (BCID-AES).\" \/>\n<meta property=\"og:url\" content=\"https:\/\/www.latribunedufaso.net\/?p=26071\" \/>\n<meta property=\"og:site_name\" content=\"La Tribune du Faso\" \/>\n<meta property=\"article:publisher\" content=\"https:\/\/www.facebook.com\/LatribuneduFaso\/\" \/>\n<meta property=\"article:published_time\" content=\"2025-12-23T20:58:04+00:00\" \/>\n<meta property=\"article:modified_time\" content=\"2025-12-23T21:02:00+00:00\" \/>\n<meta property=\"og:image\" content=\"https:\/\/www.latribunedufaso.net\/wp-content\/uploads\/2025\/12\/IMG-20251223-WA0144.jpg\" \/>\n\t<meta property=\"og:image:width\" content=\"1280\" \/>\n\t<meta property=\"og:image:height\" content=\"853\" \/>\n\t<meta property=\"og:image:type\" content=\"image\/jpeg\" \/>\n<meta name=\"author\" content=\"Issouf Tapsoba\" \/>\n<meta name=\"twitter:label1\" content=\"\u00c9crit par\" \/>\n\t<meta name=\"twitter:data1\" content=\"Issouf Tapsoba\" \/>\n\t<meta name=\"twitter:label2\" content=\"Dur\u00e9e de lecture estim\u00e9e\" \/>\n\t<meta name=\"twitter:data2\" content=\"2 minutes\" \/>\n<script type=\"application\/ld+json\" class=\"yoast-schema-graph\">{\"@context\":\"https:\\\/\\\/schema.org\",\"@graph\":[{\"@type\":\"Article\",\"@id\":\"https:\\\/\\\/www.latribunedufaso.net\\\/?p=26071#article\",\"isPartOf\":{\"@id\":\"https:\\\/\\\/www.latribunedufaso.net\\\/?p=26071\"},\"author\":{\"name\":\"Issouf Tapsoba\",\"@id\":\"https:\\\/\\\/www.latribunedufaso.net\\\/#\\\/schema\\\/person\\\/e54e64c5778a7e72cf80a318b7a622b0\"},\"headline\":\"2e session du Coll\u00e8ge des Chefs d&rsquo;\u00c9tat de l&rsquo;AES : La Banque conf\u00e9d\u00e9rale pour l\u2019investissement et le d\u00e9veloppement op\u00e9rationnalis\u00e9e avec un capital de 500 milliards FCFA\",\"datePublished\":\"2025-12-23T20:58:04+00:00\",\"dateModified\":\"2025-12-23T21:02:00+00:00\",\"mainEntityOfPage\":{\"@id\":\"https:\\\/\\\/www.latribunedufaso.net\\\/?p=26071\"},\"wordCount\":294,\"commentCount\":0,\"publisher\":{\"@id\":\"https:\\\/\\\/www.latribunedufaso.net\\\/#organization\"},\"image\":{\"@id\":\"https:\\\/\\\/www.latribunedufaso.net\\\/?p=26071#primaryimage\"},\"thumbnailUrl\":\"https:\\\/\\\/www.latribunedufaso.net\\\/wp-content\\\/uploads\\\/2025\\\/12\\\/IMG-20251223-WA0144.jpg\",\"keywords\":[\"Alliance des \u00c9tats du Sahel (AES)\",\"Banque conf\u00e9d\u00e9rale AES\",\"BCID-AES\",\"latribunedufaso.net\"],\"articleSection\":[\"A la une\",\"Actualit\u00e9\",\"Economie\"],\"inLanguage\":\"fr-FR\",\"potentialAction\":[{\"@type\":\"CommentAction\",\"name\":\"Comment\",\"target\":[\"https:\\\/\\\/www.latribunedufaso.net\\\/?p=26071#respond\"]}]},{\"@type\":\"WebPage\",\"@id\":\"https:\\\/\\\/www.latribunedufaso.net\\\/?p=26071\",\"url\":\"https:\\\/\\\/www.latribunedufaso.net\\\/?p=26071\",\"name\":\"2e session du Coll\u00e8ge des Chefs d'\u00c9tat de l'AES : La Banque conf\u00e9d\u00e9rale pour l\u2019investissement et le d\u00e9veloppement op\u00e9rationnalis\u00e9e avec un capital de 500 milliards FCFA - La Tribune du Faso\",\"isPartOf\":{\"@id\":\"https:\\\/\\\/www.latribunedufaso.net\\\/#website\"},\"primaryImageOfPage\":{\"@id\":\"https:\\\/\\\/www.latribunedufaso.net\\\/?p=26071#primaryimage\"},\"image\":{\"@id\":\"https:\\\/\\\/www.latribunedufaso.net\\\/?p=26071#primaryimage\"},\"thumbnailUrl\":\"https:\\\/\\\/www.latribunedufaso.net\\\/wp-content\\\/uploads\\\/2025\\\/12\\\/IMG-20251223-WA0144.jpg\",\"datePublished\":\"2025-12-23T20:58:04+00:00\",\"dateModified\":\"2025-12-23T21:02:00+00:00\",\"breadcrumb\":{\"@id\":\"https:\\\/\\\/www.latribunedufaso.net\\\/?p=26071#breadcrumb\"},\"inLanguage\":\"fr-FR\",\"potentialAction\":[{\"@type\":\"ReadAction\",\"target\":[\"https:\\\/\\\/www.latribunedufaso.net\\\/?p=26071\"]}]},{\"@type\":\"ImageObject\",\"inLanguage\":\"fr-FR\",\"@id\":\"https:\\\/\\\/www.latribunedufaso.net\\\/?p=26071#primaryimage\",\"url\":\"https:\\\/\\\/www.latribunedufaso.net\\\/wp-content\\\/uploads\\\/2025\\\/12\\\/IMG-20251223-WA0144.jpg\",\"contentUrl\":\"https:\\\/\\\/www.latribunedufaso.net\\\/wp-content\\\/uploads\\\/2025\\\/12\\\/IMG-20251223-WA0144.jpg\",\"width\":1280,\"height\":853,\"caption\":\"Lancement de la Banque conf\u00e9d\u00e9rale AES, 23 d\u00e9cembre 2025\"},{\"@type\":\"BreadcrumbList\",\"@id\":\"https:\\\/\\\/www.latribunedufaso.net\\\/?p=26071#breadcrumb\",\"itemListElement\":[{\"@type\":\"ListItem\",\"position\":1,\"name\":\"Accueil\",\"item\":\"https:\\\/\\\/www.latribunedufaso.net\\\/\"},{\"@type\":\"ListItem\",\"position\":2,\"name\":\"2e session du Coll\u00e8ge des Chefs d&rsquo;\u00c9tat de l&rsquo;AES : La Banque conf\u00e9d\u00e9rale pour l\u2019investissement et le d\u00e9veloppement op\u00e9rationnalis\u00e9e avec un capital de 500 milliards FCFA\"}]},{\"@type\":\"WebSite\",\"@id\":\"https:\\\/\\\/www.latribunedufaso.net\\\/#website\",\"url\":\"https:\\\/\\\/www.latribunedufaso.net\\\/\",\"name\":\"La Tribune du Faso\",\"description\":\"L&#039;information du monde rural en un clic\",\"publisher\":{\"@id\":\"https:\\\/\\\/www.latribunedufaso.net\\\/#organization\"},\"potentialAction\":[{\"@type\":\"SearchAction\",\"target\":{\"@type\":\"EntryPoint\",\"urlTemplate\":\"https:\\\/\\\/www.latribunedufaso.net\\\/?s={search_term_string}\"},\"query-input\":{\"@type\":\"PropertyValueSpecification\",\"valueRequired\":true,\"valueName\":\"search_term_string\"}}],\"inLanguage\":\"fr-FR\"},{\"@type\":\"Organization\",\"@id\":\"https:\\\/\\\/www.latribunedufaso.net\\\/#organization\",\"name\":\"La Tribune du Faso\",\"url\":\"https:\\\/\\\/www.latribunedufaso.net\\\/\",\"logo\":{\"@type\":\"ImageObject\",\"inLanguage\":\"fr-FR\",\"@id\":\"https:\\\/\\\/www.latribunedufaso.net\\\/#\\\/schema\\\/logo\\\/image\\\/\",\"url\":\"https:\\\/\\\/www.latribunedufaso.net\\\/wp-content\\\/uploads\\\/2020\\\/08\\\/Logo-Tribune-du-Faso-final-scaled.jpg\",\"contentUrl\":\"https:\\\/\\\/www.latribunedufaso.net\\\/wp-content\\\/uploads\\\/2020\\\/08\\\/Logo-Tribune-du-Faso-final-scaled.jpg\",\"width\":2560,\"height\":1856,\"caption\":\"La Tribune du Faso\"},\"image\":{\"@id\":\"https:\\\/\\\/www.latribunedufaso.net\\\/#\\\/schema\\\/logo\\\/image\\\/\"},\"sameAs\":[\"https:\\\/\\\/www.facebook.com\\\/LatribuneduFaso\\\/\"]},{\"@type\":\"Person\",\"@id\":\"https:\\\/\\\/www.latribunedufaso.net\\\/#\\\/schema\\\/person\\\/e54e64c5778a7e72cf80a318b7a622b0\",\"name\":\"Issouf Tapsoba\",\"image\":{\"@type\":\"ImageObject\",\"inLanguage\":\"fr-FR\",\"@id\":\"https:\\\/\\\/secure.gravatar.com\\\/avatar\\\/5e6c05150ce3230247d167f5b94d678eb05936197436d69b7921e3a95c9107ac?s=96&d=mm&r=g\",\"url\":\"https:\\\/\\\/secure.gravatar.com\\\/avatar\\\/5e6c05150ce3230247d167f5b94d678eb05936197436d69b7921e3a95c9107ac?s=96&d=mm&r=g\",\"contentUrl\":\"https:\\\/\\\/secure.gravatar.com\\\/avatar\\\/5e6c05150ce3230247d167f5b94d678eb05936197436d69b7921e3a95c9107ac?s=96&d=mm&r=g\",\"caption\":\"Issouf Tapsoba\"},\"url\":\"https:\\\/\\\/www.latribunedufaso.net\\\/?author=5\"}]}<\/script>\n<!-- \/ Yoast SEO plugin. -->","yoast_head_json":{"title":"2e session du Coll\u00e8ge des Chefs d'\u00c9tat de l'AES : La Banque conf\u00e9d\u00e9rale pour l\u2019investissement et le d\u00e9veloppement op\u00e9rationnalis\u00e9e avec un capital de 500 milliards FCFA - La Tribune du Faso","robots":{"index":"index","follow":"follow","max-snippet":"max-snippet:-1","max-image-preview":"max-image-preview:large","max-video-preview":"max-video-preview:-1"},"canonical":"https:\/\/www.latribunedufaso.net\/?p=26071","og_locale":"fr_FR","og_type":"article","og_title":"2e session du Coll\u00e8ge des Chefs d'\u00c9tat de l'AES : La Banque conf\u00e9d\u00e9rale pour l\u2019investissement et le d\u00e9veloppement op\u00e9rationnalis\u00e9e avec un capital de 500 milliards FCFA - La Tribune du Faso","og_description":"Leurs Excellences le G\u00e9n\u00e9ral d\u2019Arm\u00e9e Assimi GO\u00cfTA, Pr\u00e9sident de la Transition du Mali, Pr\u00e9sident en exercice de la Conf\u00e9d\u00e9ration des \u00c9tats du Sahel, le Capitaine Ibrahim TRAOR\u00c9, Pr\u00e9sident du Faso, et le G\u00e9n\u00e9ral d\u2019Arm\u00e9e Abdourahamane TIANI, Pr\u00e9sident de la R\u00e9publique du Niger, ont inaugur\u00e9 ce mardi, la Banque Conf\u00e9d\u00e9rale pour l\u2019Investissement et le D\u00e9veloppement de la Conf\u00e9d\u00e9ration des \u00c9tats du Sahel (BCID-AES).","og_url":"https:\/\/www.latribunedufaso.net\/?p=26071","og_site_name":"La Tribune du Faso","article_publisher":"https:\/\/www.facebook.com\/LatribuneduFaso\/","article_published_time":"2025-12-23T20:58:04+00:00","article_modified_time":"2025-12-23T21:02:00+00:00","og_image":[{"width":1280,"height":853,"url":"https:\/\/www.latribunedufaso.net\/wp-content\/uploads\/2025\/12\/IMG-20251223-WA0144.jpg","type":"image\/jpeg"}],"author":"Issouf Tapsoba","twitter_misc":{"\u00c9crit par":"Issouf Tapsoba","Dur\u00e9e de lecture estim\u00e9e":"2 minutes"},"schema":{"@context":"https:\/\/schema.org","@graph":[{"@type":"Article","@id":"https:\/\/www.latribunedufaso.net\/?p=26071#article","isPartOf":{"@id":"https:\/\/www.latribunedufaso.net\/?p=26071"},"author":{"name":"Issouf Tapsoba","@id":"https:\/\/www.latribunedufaso.net\/#\/schema\/person\/e54e64c5778a7e72cf80a318b7a622b0"},"headline":"2e session du Coll\u00e8ge des Chefs d&rsquo;\u00c9tat de l&rsquo;AES : La Banque conf\u00e9d\u00e9rale pour l\u2019investissement et le d\u00e9veloppement op\u00e9rationnalis\u00e9e avec un capital de 500 milliards FCFA","datePublished":"2025-12-23T20:58:04+00:00","dateModified":"2025-12-23T21:02:00+00:00","mainEntityOfPage":{"@id":"https:\/\/www.latribunedufaso.net\/?p=26071"},"wordCount":294,"commentCount":0,"publisher":{"@id":"https:\/\/www.latribunedufaso.net\/#organization"},"image":{"@id":"https:\/\/www.latribunedufaso.net\/?p=26071#primaryimage"},"thumbnailUrl":"https:\/\/www.latribunedufaso.net\/wp-content\/uploads\/2025\/12\/IMG-20251223-WA0144.jpg","keywords":["Alliance des \u00c9tats du Sahel (AES)","Banque conf\u00e9d\u00e9rale AES","BCID-AES","latribunedufaso.net"],"articleSection":["A la une","Actualit\u00e9","Economie"],"inLanguage":"fr-FR","potentialAction":[{"@type":"CommentAction","name":"Comment","target":["https:\/\/www.latribunedufaso.net\/?p=26071#respond"]}]},{"@type":"WebPage","@id":"https:\/\/www.latribunedufaso.net\/?p=26071","url":"https:\/\/www.latribunedufaso.net\/?p=26071","name":"2e session du Coll\u00e8ge des Chefs d'\u00c9tat de l'AES : La Banque conf\u00e9d\u00e9rale pour l\u2019investissement et le d\u00e9veloppement op\u00e9rationnalis\u00e9e avec un capital de 500 milliards FCFA - La Tribune du Faso","isPartOf":{"@id":"https:\/\/www.latribunedufaso.net\/#website"},"primaryImageOfPage":{"@id":"https:\/\/www.latribunedufaso.net\/?p=26071#primaryimage"},"image":{"@id":"https:\/\/www.latribunedufaso.net\/?p=26071#primaryimage"},"thumbnailUrl":"https:\/\/www.latribunedufaso.net\/wp-content\/uploads\/2025\/12\/IMG-20251223-WA0144.jpg","datePublished":"2025-12-23T20:58:04+00:00","dateModified":"2025-12-23T21:02:00+00:00","breadcrumb":{"@id":"https:\/\/www.latribunedufaso.net\/?p=26071#breadcrumb"},"inLanguage":"fr-FR","potentialAction":[{"@type":"ReadAction","target":["https:\/\/www.latribunedufaso.net\/?p=26071"]}]},{"@type":"ImageObject","inLanguage":"fr-FR","@id":"https:\/\/www.latribunedufaso.net\/?p=26071#primaryimage","url":"https:\/\/www.latribunedufaso.net\/wp-content\/uploads\/2025\/12\/IMG-20251223-WA0144.jpg","contentUrl":"https:\/\/www.latribunedufaso.net\/wp-content\/uploads\/2025\/12\/IMG-20251223-WA0144.jpg","width":1280,"height":853,"caption":"Lancement de la Banque conf\u00e9d\u00e9rale AES, 23 d\u00e9cembre 2025"},{"@type":"BreadcrumbList","@id":"https:\/\/www.latribunedufaso.net\/?p=26071#breadcrumb","itemListElement":[{"@type":"ListItem","position":1,"name":"Accueil","item":"https:\/\/www.latribunedufaso.net\/"},{"@type":"ListItem","position":2,"name":"2e session du Coll\u00e8ge des Chefs d&rsquo;\u00c9tat de l&rsquo;AES : La Banque conf\u00e9d\u00e9rale pour l\u2019investissement et le d\u00e9veloppement op\u00e9rationnalis\u00e9e avec un capital de 500 milliards FCFA"}]},{"@type":"WebSite","@id":"https:\/\/www.latribunedufaso.net\/#website","url":"https:\/\/www.latribunedufaso.net\/","name":"La Tribune du Faso","description":"L&#039;information du monde rural en un clic","publisher":{"@id":"https:\/\/www.latribunedufaso.net\/#organization"},"potentialAction":[{"@type":"SearchAction","target":{"@type":"EntryPoint","urlTemplate":"https:\/\/www.latribunedufaso.net\/?s={search_term_string}"},"query-input":{"@type":"PropertyValueSpecification","valueRequired":true,"valueName":"search_term_string"}}],"inLanguage":"fr-FR"},{"@type":"Organization","@id":"https:\/\/www.latribunedufaso.net\/#organization","name":"La Tribune du Faso","url":"https:\/\/www.latribunedufaso.net\/","logo":{"@type":"ImageObject","inLanguage":"fr-FR","@id":"https:\/\/www.latribunedufaso.net\/#\/schema\/logo\/image\/","url":"https:\/\/www.latribunedufaso.net\/wp-content\/uploads\/2020\/08\/Logo-Tribune-du-Faso-final-scaled.jpg","contentUrl":"https:\/\/www.latribunedufaso.net\/wp-content\/uploads\/2020\/08\/Logo-Tribune-du-Faso-final-scaled.jpg","width":2560,"height":1856,"caption":"La Tribune du Faso"},"image":{"@id":"https:\/\/www.latribunedufaso.net\/#\/schema\/logo\/image\/"},"sameAs":["https:\/\/www.facebook.com\/LatribuneduFaso\/"]},{"@type":"Person","@id":"https:\/\/www.latribunedufaso.net\/#\/schema\/person\/e54e64c5778a7e72cf80a318b7a622b0","name":"Issouf Tapsoba","image":{"@type":"ImageObject","inLanguage":"fr-FR","@id":"https:\/\/secure.gravatar.com\/avatar\/5e6c05150ce3230247d167f5b94d678eb05936197436d69b7921e3a95c9107ac?s=96&d=mm&r=g","url":"https:\/\/secure.gravatar.com\/avatar\/5e6c05150ce3230247d167f5b94d678eb05936197436d69b7921e3a95c9107ac?s=96&d=mm&r=g","contentUrl":"https:\/\/secure.gravatar.com\/avatar\/5e6c05150ce3230247d167f5b94d678eb05936197436d69b7921e3a95c9107ac?s=96&d=mm&r=g","caption":"Issouf Tapsoba"},"url":"https:\/\/www.latribunedufaso.net\/?author=5"}]}},"_links":{"self":[{"href":"https:\/\/www.latribunedufaso.net\/index.php?rest_route=\/wp\/v2\/posts\/26071","targetHints":{"allow":["GET"]}}],"collection":[{"href":"https:\/\/www.latribunedufaso.net\/index.php?rest_route=\/wp\/v2\/posts"}],"about":[{"href":"https:\/\/www.latribunedufaso.net\/index.php?rest_route=\/wp\/v2\/types\/post"}],"author":[{"embeddable":true,"href":"https:\/\/www.latribunedufaso.net\/index.php?rest_route=\/wp\/v2\/users\/5"}],"replies":[{"embeddable":true,"href":"https:\/\/www.latribunedufaso.net\/index.php?rest_route=%2Fwp%2Fv2%2Fcomments&post=26071"}],"version-history":[{"count":3,"href":"https:\/\/www.latribunedufaso.net\/index.php?rest_route=\/wp\/v2\/posts\/26071\/revisions"}],"predecessor-version":[{"id":26078,"href":"https:\/\/www.latribunedufaso.net\/index.php?rest_route=\/wp\/v2\/posts\/26071\/revisions\/26078"}],"wp:featuredmedia":[{"embeddable":true,"href":"https:\/\/www.latribunedufaso.net\/index.php?rest_route=\/wp\/v2\/media\/26076"}],"wp:attachment":[{"href":"https:\/\/www.latribunedufaso.net\/index.php?rest_route=%2Fwp%2Fv2%2Fmedia&parent=26071"}],"wp:term":[{"taxonomy":"category","embeddable":true,"href":"https:\/\/www.latribunedufaso.net\/index.php?rest_route=%2Fwp%2Fv2%2Fcategories&post=26071"},{"taxonomy":"post_tag","embeddable":true,"href":"https:\/\/www.latribunedufaso.net\/index.php?rest_route=%2Fwp%2Fv2%2Ftags&post=26071"}],"curies":[{"name":"wp","href":"https:\/\/api.w.org\/{rel}","templated":true}]}}