{"id":26026,"date":"2025-12-20T17:19:16","date_gmt":"2025-12-20T17:19:16","guid":{"rendered":"https:\/\/www.latribunedufaso.net\/?p=26026"},"modified":"2025-12-20T17:19:16","modified_gmt":"2025-12-20T17:19:16","slug":"developpement-industriel-le-chef-de-letat-inaugure-burkina-cajou-a-bobo-dioulasso","status":"publish","type":"post","link":"https:\/\/www.latribunedufaso.net\/?p=26026","title":{"rendered":"D\u00e9veloppement industriel : Le Chef de l\u2019\u00c9tat inaugure Burkina Cajou \u00e0 Bobo-Dioulasso"},"content":{"rendered":"<p><strong>Le Pr\u00e9sident du Faso, Chef de l\u2019\u00c9tat, Son Excellence le Capitaine Ibrahim TRAOR\u00c9 a proc\u00e9d\u00e9, ce samedi 20 d\u00e9cembre 2025 \u00e0 Bobo-Dioulasso, \u00e0 l\u2019inauguration de l\u2019usine de transformation de noix d\u2019anacarde, d\u00e9nomm\u00e9e Burkina Cajou.\u00a0<\/strong><!--more--><\/p>\n<p>\u200eSitu\u00e9e dans la zone industrielle de Bobo 2010, Burkina Cajou est la concr\u00e9tisation d\u2019un r\u00eave, celui de Masso SO\/TRAOR\u00c9. Confront\u00e9 \u00e0 des obstacles de plusieurs natures, c\u2019est gr\u00e2ce au soutien du Capitaine Ibrahim TRAOR\u00c9 que ce projet a pu, enfin, se r\u00e9aliser.<\/p>\n<figure id=\"attachment_26035\" aria-describedby=\"caption-attachment-26035\" style=\"width: 2560px\" class=\"wp-caption aligncenter\"><a href=\"https:\/\/www.latribunedufaso.net\/wp-content\/uploads\/2025\/12\/IMG-20251220-WA0088-scaled.jpg\"><img loading=\"lazy\" decoding=\"async\" class=\"size-full wp-image-26035\" src=\"https:\/\/www.latribunedufaso.net\/wp-content\/uploads\/2025\/12\/IMG-20251220-WA0088-scaled.jpg\" alt=\"Le Chef de l'Etat a inaugur\u00e9 l\u2019usine de transformation de noix d\u2019anacarde, d\u00e9nomm\u00e9e Burkina Cajou, 20 d\u00e9cembre \u00e0 Bobo\" width=\"2560\" height=\"1935\" srcset=\"https:\/\/www.latribunedufaso.net\/wp-content\/uploads\/2025\/12\/IMG-20251220-WA0088-scaled.jpg 2560w, https:\/\/www.latribunedufaso.net\/wp-content\/uploads\/2025\/12\/IMG-20251220-WA0088-300x227.jpg 300w, https:\/\/www.latribunedufaso.net\/wp-content\/uploads\/2025\/12\/IMG-20251220-WA0088-1024x774.jpg 1024w, https:\/\/www.latribunedufaso.net\/wp-content\/uploads\/2025\/12\/IMG-20251220-WA0088-768x581.jpg 768w, https:\/\/www.latribunedufaso.net\/wp-content\/uploads\/2025\/12\/IMG-20251220-WA0088-1536x1161.jpg 1536w, https:\/\/www.latribunedufaso.net\/wp-content\/uploads\/2025\/12\/IMG-20251220-WA0088-2048x1548.jpg 2048w\" sizes=\"auto, (max-width: 2560px) 100vw, 2560px\" \/><\/a><figcaption id=\"caption-attachment-26035\" class=\"wp-caption-text\">La promotrice de Burkina Cajou, Masso SO\/TRAOR\u00c9 &#8211; Ph. DR<\/figcaption><\/figure>\n<p>\u200eSelon la promotrice, chaque difficult\u00e9 surmont\u00e9e renfor\u00e7ait sa d\u00e9termination. <em><strong>\u00ab Je savais qu\u2019au-del\u00e0 de mon histoire personnelle, il y avait une conviction plus grande, celle que notre pays m\u00e9rite mieux que d\u2019exporter ses richesses \u00e0 l\u2019\u00e9tat brut \u00bb<\/strong><\/em>, se convainc-t-elle.<\/p>\n<p>\u200e<em><strong>\u00ab Elle nous a approch\u00e9s avec le projet qui avait connu des difficult\u00e9s, et nous avons d\u00e9cid\u00e9 de l\u2019accompagner avec les instruments de l\u2019\u00c9tat \u00bb,<\/strong><\/em> explique le Chef de l\u2019\u00c9tat, le Capitaine Ibrahim TRAOR\u00c9.\u00a0<\/p>\n<figure id=\"attachment_26033\" aria-describedby=\"caption-attachment-26033\" style=\"width: 2560px\" class=\"wp-caption aligncenter\"><a href=\"https:\/\/www.latribunedufaso.net\/wp-content\/uploads\/2025\/12\/IMG-20251220-WA0097-scaled.jpg\"><img loading=\"lazy\" decoding=\"async\" class=\"size-full wp-image-26033\" src=\"https:\/\/www.latribunedufaso.net\/wp-content\/uploads\/2025\/12\/IMG-20251220-WA0097-scaled.jpg\" alt=\"Le Chef de l'Etat a inaugur\u00e9 l\u2019usine de transformation de noix d\u2019anacarde, d\u00e9nomm\u00e9e Burkina Cajou, 20 d\u00e9cembre \u00e0 Bobo\" width=\"2560\" height=\"1706\" srcset=\"https:\/\/www.latribunedufaso.net\/wp-content\/uploads\/2025\/12\/IMG-20251220-WA0097-scaled.jpg 2560w, https:\/\/www.latribunedufaso.net\/wp-content\/uploads\/2025\/12\/IMG-20251220-WA0097-300x200.jpg 300w, https:\/\/www.latribunedufaso.net\/wp-content\/uploads\/2025\/12\/IMG-20251220-WA0097-1024x683.jpg 1024w, https:\/\/www.latribunedufaso.net\/wp-content\/uploads\/2025\/12\/IMG-20251220-WA0097-768x512.jpg 768w, https:\/\/www.latribunedufaso.net\/wp-content\/uploads\/2025\/12\/IMG-20251220-WA0097-1536x1024.jpg 1536w, https:\/\/www.latribunedufaso.net\/wp-content\/uploads\/2025\/12\/IMG-20251220-WA0097-2048x1365.jpg 2048w, https:\/\/www.latribunedufaso.net\/wp-content\/uploads\/2025\/12\/IMG-20251220-WA0097-840x560.jpg 840w, https:\/\/www.latribunedufaso.net\/wp-content\/uploads\/2025\/12\/IMG-20251220-WA0097-120x80.jpg 120w, https:\/\/www.latribunedufaso.net\/wp-content\/uploads\/2025\/12\/IMG-20251220-WA0097-360x240.jpg 360w, https:\/\/www.latribunedufaso.net\/wp-content\/uploads\/2025\/12\/IMG-20251220-WA0097-600x400.jpg 600w\" sizes=\"auto, (max-width: 2560px) 100vw, 2560px\" \/><\/a><figcaption id=\"caption-attachment-26033\" class=\"wp-caption-text\">Le Chef de l&rsquo;Etat, le Capitaine Ibrahim TRAOR\u00c9 &#8211; Ph. DR<\/figcaption><\/figure>\n<p>\u200eLa r\u00e9alisation de Burkina Cajou a donc b\u00e9n\u00e9fici\u00e9, pour un total de 25%, de l\u2019accompagnement d\u00e9cisif du Conseil burkinab\u00e8 des Fili\u00e8res agricoles, du Fonds Dumu Ka Fa, du Fonds burkinab\u00e8 de D\u00e9veloppement \u00e9conomique et social (FBDES) et de la Banque commerciale du Burkina (CBC).\u00a0<\/p>\n<p>\u200eL\u2019usine, selon sa promotrice, incarne une vision industrielle ambitieuse, avec une capacit\u00e9 de transformation de 150 000 tonnes de noix d\u2019anacarde par an gr\u00e2ce \u00e0 des \u00e9quipements de derni\u00e8re g\u00e9n\u00e9ration.\u00a0<\/p>\n<p>\u200eD\u2019un co\u00fbt total de 9 milliards 743 millions francs CFA, l\u2019usine offre une opportunit\u00e9 de 1 700 emplois directs et indirects.<\/p>\n<figure id=\"attachment_26031\" aria-describedby=\"caption-attachment-26031\" style=\"width: 2560px\" class=\"wp-caption aligncenter\"><a href=\"https:\/\/www.latribunedufaso.net\/wp-content\/uploads\/2025\/12\/IMG-20251220-WA0103-scaled.jpg\"><img loading=\"lazy\" decoding=\"async\" class=\"size-full wp-image-26031\" src=\"https:\/\/www.latribunedufaso.net\/wp-content\/uploads\/2025\/12\/IMG-20251220-WA0103-scaled.jpg\" alt=\"Le Chef de l'Etat a inaugur\u00e9 l\u2019usine de transformation de noix d\u2019anacarde, d\u00e9nomm\u00e9e Burkina Cajou, 20 d\u00e9cembre \u00e0 Bobo\" width=\"2560\" height=\"1706\" srcset=\"https:\/\/www.latribunedufaso.net\/wp-content\/uploads\/2025\/12\/IMG-20251220-WA0103-scaled.jpg 2560w, https:\/\/www.latribunedufaso.net\/wp-content\/uploads\/2025\/12\/IMG-20251220-WA0103-300x200.jpg 300w, https:\/\/www.latribunedufaso.net\/wp-content\/uploads\/2025\/12\/IMG-20251220-WA0103-1024x683.jpg 1024w, https:\/\/www.latribunedufaso.net\/wp-content\/uploads\/2025\/12\/IMG-20251220-WA0103-768x512.jpg 768w, https:\/\/www.latribunedufaso.net\/wp-content\/uploads\/2025\/12\/IMG-20251220-WA0103-1536x1024.jpg 1536w, https:\/\/www.latribunedufaso.net\/wp-content\/uploads\/2025\/12\/IMG-20251220-WA0103-2048x1365.jpg 2048w, https:\/\/www.latribunedufaso.net\/wp-content\/uploads\/2025\/12\/IMG-20251220-WA0103-840x560.jpg 840w, https:\/\/www.latribunedufaso.net\/wp-content\/uploads\/2025\/12\/IMG-20251220-WA0103-120x80.jpg 120w, https:\/\/www.latribunedufaso.net\/wp-content\/uploads\/2025\/12\/IMG-20251220-WA0103-360x240.jpg 360w, https:\/\/www.latribunedufaso.net\/wp-content\/uploads\/2025\/12\/IMG-20251220-WA0103-600x400.jpg 600w\" sizes=\"auto, (max-width: 2560px) 100vw, 2560px\" \/><\/a><figcaption id=\"caption-attachment-26031\" class=\"wp-caption-text\">Le Ministre de l\u2019Industrie, du Commerce et de l\u2019Artisanat, Serge Gnaniodem PODA &#8211; Ph. DR<\/figcaption><\/figure>\n<p>\u200eDans son discours, le Ministre de l\u2019Industrie, du Commerce et de l\u2019Artisanat, Serge Gnaniodem PODA a rappel\u00e9 que l\u2019anacarde constitue aujourd\u2019hui l\u2019une des fili\u00e8res strat\u00e9giques du Burkina Faso.\u00a0<\/p>\n<blockquote>\n<p>Lire aussi &gt;&gt; <a href=\"https:\/\/www.latribunedufaso.net\/?p=20766\">Burkina : Ibrahim Traor\u00e9 pose la premi\u00e8re pierre d\u2019une usine de transformation de la pomme de cajou \u00e0 P\u00e9ni<\/a><\/p>\n<\/blockquote>\n<p>\u200eLa dynamique \u00e9tant de valoriser les productions nationales et donner de l\u2019emploi \u00e0 la jeunesse, le Pr\u00e9sident du Faso invite <em><strong>\u00ab tous ceux qui sont dans l\u2019exportation \u00e0 revenir dans la transformation \u00bb<\/strong><\/em>, car l\u2019\u00c9tat est pr\u00eat \u00e0 les accompagner.<\/p>\n<p>\u200e<strong>Latribunedufaso.net<\/strong><\/p>\n<p><strong>\u200eSource : Direction de la communication de la Pr\u00e9sidence du Faso<\/strong><\/p>\n<p><a href=\"https:\/\/www.latribunedufaso.net\/wp-content\/uploads\/2025\/12\/IMG-20251220-WA0094-scaled.jpg\"><img loading=\"lazy\" decoding=\"async\" class=\"aligncenter size-full wp-image-26034\" src=\"https:\/\/www.latribunedufaso.net\/wp-content\/uploads\/2025\/12\/IMG-20251220-WA0094-scaled.jpg\" alt=\"Le Chef de l'Etat a inaugur\u00e9 l\u2019usine de transformation de noix d\u2019anacarde, d\u00e9nomm\u00e9e Burkina Cajou, 20 d\u00e9cembre \u00e0 Bobo\" width=\"2560\" height=\"1706\" srcset=\"https:\/\/www.latribunedufaso.net\/wp-content\/uploads\/2025\/12\/IMG-20251220-WA0094-scaled.jpg 2560w, https:\/\/www.latribunedufaso.net\/wp-content\/uploads\/2025\/12\/IMG-20251220-WA0094-300x200.jpg 300w, https:\/\/www.latribunedufaso.net\/wp-content\/uploads\/2025\/12\/IMG-20251220-WA0094-1024x683.jpg 1024w, https:\/\/www.latribunedufaso.net\/wp-content\/uploads\/2025\/12\/IMG-20251220-WA0094-768x512.jpg 768w, https:\/\/www.latribunedufaso.net\/wp-content\/uploads\/2025\/12\/IMG-20251220-WA0094-1536x1024.jpg 1536w, https:\/\/www.latribunedufaso.net\/wp-content\/uploads\/2025\/12\/IMG-20251220-WA0094-2048x1365.jpg 2048w, https:\/\/www.latribunedufaso.net\/wp-content\/uploads\/2025\/12\/IMG-20251220-WA0094-840x560.jpg 840w, https:\/\/www.latribunedufaso.net\/wp-content\/uploads\/2025\/12\/IMG-20251220-WA0094-120x80.jpg 120w, https:\/\/www.latribunedufaso.net\/wp-content\/uploads\/2025\/12\/IMG-20251220-WA0094-360x240.jpg 360w, https:\/\/www.latribunedufaso.net\/wp-content\/uploads\/2025\/12\/IMG-20251220-WA0094-600x400.jpg 600w\" sizes=\"auto, (max-width: 2560px) 100vw, 2560px\" \/><\/a><\/p>\n","protected":false},"excerpt":{"rendered":"<p>Le Pr\u00e9sident du Faso, Chef de l\u2019\u00c9tat, Son Excellence le Capitaine Ibrahim TRAOR\u00c9 a proc\u00e9d\u00e9, ce samedi 20 d\u00e9cembre 2025 \u00e0 Bobo-Dioulasso, \u00e0 l\u2019inauguration de l\u2019usine de transformation de noix d\u2019anacarde, d\u00e9nomm\u00e9e Burkina Cajou.\u00a0<\/p>\n","protected":false},"author":5,"featured_media":26032,"comment_status":"open","ping_status":"open","sticky":false,"template":"","format":"standard","meta":{"footnotes":""},"categories":[13,1,10],"tags":[250,1878,39],"class_list":["post-26026","post","type-post","status-publish","format-standard","has-post-thumbnail","hentry","category-une","category-actu","category-eco","tag-developpement-industriel","tag-inauguration-burkina-cajou","tag-latribunedufaso-net"],"yoast_head":"<!-- This site is optimized with the Yoast SEO plugin v27.4 - https:\/\/yoast.com\/product\/yoast-seo-wordpress\/ -->\n<title>D\u00e9veloppement industriel : Le Chef de l\u2019\u00c9tat inaugure Burkina Cajou \u00e0 Bobo-Dioulasso - La Tribune du Faso<\/title>\n<meta name=\"robots\" content=\"index, follow, max-snippet:-1, max-image-preview:large, max-video-preview:-1\" \/>\n<link rel=\"canonical\" href=\"https:\/\/www.latribunedufaso.net\/?p=26026\" \/>\n<meta property=\"og:locale\" content=\"fr_FR\" \/>\n<meta property=\"og:type\" content=\"article\" \/>\n<meta property=\"og:title\" content=\"D\u00e9veloppement industriel : Le Chef de l\u2019\u00c9tat inaugure Burkina Cajou \u00e0 Bobo-Dioulasso - La Tribune du Faso\" \/>\n<meta property=\"og:description\" content=\"Le Pr\u00e9sident du Faso, Chef de l\u2019\u00c9tat, Son Excellence le Capitaine Ibrahim TRAOR\u00c9 a proc\u00e9d\u00e9, ce samedi 20 d\u00e9cembre 2025 \u00e0 Bobo-Dioulasso, \u00e0 l\u2019inauguration de l\u2019usine de transformation de noix d\u2019anacarde, d\u00e9nomm\u00e9e Burkina Cajou.\u00a0\" \/>\n<meta property=\"og:url\" content=\"https:\/\/www.latribunedufaso.net\/?p=26026\" \/>\n<meta property=\"og:site_name\" content=\"La Tribune du Faso\" \/>\n<meta property=\"article:publisher\" content=\"https:\/\/www.facebook.com\/LatribuneduFaso\/\" \/>\n<meta property=\"article:published_time\" content=\"2025-12-20T17:19:16+00:00\" \/>\n<meta property=\"og:image\" content=\"https:\/\/www.latribunedufaso.net\/wp-content\/uploads\/2025\/12\/IMG-20251220-WA0100-scaled.jpg\" \/>\n\t<meta property=\"og:image:width\" content=\"2560\" \/>\n\t<meta property=\"og:image:height\" content=\"1690\" \/>\n\t<meta property=\"og:image:type\" content=\"image\/jpeg\" \/>\n<meta name=\"author\" content=\"Issouf Tapsoba\" \/>\n<meta name=\"twitter:label1\" content=\"\u00c9crit par\" \/>\n\t<meta name=\"twitter:data1\" content=\"Issouf Tapsoba\" \/>\n\t<meta name=\"twitter:label2\" content=\"Dur\u00e9e de lecture estim\u00e9e\" \/>\n\t<meta name=\"twitter:data2\" content=\"3 minutes\" \/>\n<script type=\"application\/ld+json\" class=\"yoast-schema-graph\">{\"@context\":\"https:\\\/\\\/schema.org\",\"@graph\":[{\"@type\":\"Article\",\"@id\":\"https:\\\/\\\/www.latribunedufaso.net\\\/?p=26026#article\",\"isPartOf\":{\"@id\":\"https:\\\/\\\/www.latribunedufaso.net\\\/?p=26026\"},\"author\":{\"name\":\"Issouf Tapsoba\",\"@id\":\"https:\\\/\\\/www.latribunedufaso.net\\\/#\\\/schema\\\/person\\\/e54e64c5778a7e72cf80a318b7a622b0\"},\"headline\":\"D\u00e9veloppement industriel : Le Chef de l\u2019\u00c9tat inaugure Burkina Cajou \u00e0 Bobo-Dioulasso\",\"datePublished\":\"2025-12-20T17:19:16+00:00\",\"mainEntityOfPage\":{\"@id\":\"https:\\\/\\\/www.latribunedufaso.net\\\/?p=26026\"},\"wordCount\":457,\"commentCount\":0,\"publisher\":{\"@id\":\"https:\\\/\\\/www.latribunedufaso.net\\\/#organization\"},\"image\":{\"@id\":\"https:\\\/\\\/www.latribunedufaso.net\\\/?p=26026#primaryimage\"},\"thumbnailUrl\":\"https:\\\/\\\/www.latribunedufaso.net\\\/wp-content\\\/uploads\\\/2025\\\/12\\\/IMG-20251220-WA0100-scaled.jpg\",\"keywords\":[\"D\u00e9veloppement industriel\",\"Inauguration Burkina Cajou\",\"latribunedufaso.net\"],\"articleSection\":[\"A la une\",\"Actualit\u00e9\",\"Economie\"],\"inLanguage\":\"fr-FR\",\"potentialAction\":[{\"@type\":\"CommentAction\",\"name\":\"Comment\",\"target\":[\"https:\\\/\\\/www.latribunedufaso.net\\\/?p=26026#respond\"]}]},{\"@type\":\"WebPage\",\"@id\":\"https:\\\/\\\/www.latribunedufaso.net\\\/?p=26026\",\"url\":\"https:\\\/\\\/www.latribunedufaso.net\\\/?p=26026\",\"name\":\"D\u00e9veloppement industriel : Le Chef de l\u2019\u00c9tat inaugure Burkina Cajou \u00e0 Bobo-Dioulasso - La Tribune du Faso\",\"isPartOf\":{\"@id\":\"https:\\\/\\\/www.latribunedufaso.net\\\/#website\"},\"primaryImageOfPage\":{\"@id\":\"https:\\\/\\\/www.latribunedufaso.net\\\/?p=26026#primaryimage\"},\"image\":{\"@id\":\"https:\\\/\\\/www.latribunedufaso.net\\\/?p=26026#primaryimage\"},\"thumbnailUrl\":\"https:\\\/\\\/www.latribunedufaso.net\\\/wp-content\\\/uploads\\\/2025\\\/12\\\/IMG-20251220-WA0100-scaled.jpg\",\"datePublished\":\"2025-12-20T17:19:16+00:00\",\"breadcrumb\":{\"@id\":\"https:\\\/\\\/www.latribunedufaso.net\\\/?p=26026#breadcrumb\"},\"inLanguage\":\"fr-FR\",\"potentialAction\":[{\"@type\":\"ReadAction\",\"target\":[\"https:\\\/\\\/www.latribunedufaso.net\\\/?p=26026\"]}]},{\"@type\":\"ImageObject\",\"inLanguage\":\"fr-FR\",\"@id\":\"https:\\\/\\\/www.latribunedufaso.net\\\/?p=26026#primaryimage\",\"url\":\"https:\\\/\\\/www.latribunedufaso.net\\\/wp-content\\\/uploads\\\/2025\\\/12\\\/IMG-20251220-WA0100-scaled.jpg\",\"contentUrl\":\"https:\\\/\\\/www.latribunedufaso.net\\\/wp-content\\\/uploads\\\/2025\\\/12\\\/IMG-20251220-WA0100-scaled.jpg\",\"width\":2560,\"height\":1690,\"caption\":\"Le Chef de l'Etat a inaugur\u00e9 l\u2019usine de transformation de noix d\u2019anacarde, d\u00e9nomm\u00e9e Burkina Cajou, 20 d\u00e9cembre \u00e0 Bobo\"},{\"@type\":\"BreadcrumbList\",\"@id\":\"https:\\\/\\\/www.latribunedufaso.net\\\/?p=26026#breadcrumb\",\"itemListElement\":[{\"@type\":\"ListItem\",\"position\":1,\"name\":\"Accueil\",\"item\":\"https:\\\/\\\/www.latribunedufaso.net\\\/\"},{\"@type\":\"ListItem\",\"position\":2,\"name\":\"D\u00e9veloppement industriel : Le Chef de l\u2019\u00c9tat inaugure Burkina Cajou \u00e0 Bobo-Dioulasso\"}]},{\"@type\":\"WebSite\",\"@id\":\"https:\\\/\\\/www.latribunedufaso.net\\\/#website\",\"url\":\"https:\\\/\\\/www.latribunedufaso.net\\\/\",\"name\":\"La Tribune du Faso\",\"description\":\"L&#039;information du monde rural en un clic\",\"publisher\":{\"@id\":\"https:\\\/\\\/www.latribunedufaso.net\\\/#organization\"},\"potentialAction\":[{\"@type\":\"SearchAction\",\"target\":{\"@type\":\"EntryPoint\",\"urlTemplate\":\"https:\\\/\\\/www.latribunedufaso.net\\\/?s={search_term_string}\"},\"query-input\":{\"@type\":\"PropertyValueSpecification\",\"valueRequired\":true,\"valueName\":\"search_term_string\"}}],\"inLanguage\":\"fr-FR\"},{\"@type\":\"Organization\",\"@id\":\"https:\\\/\\\/www.latribunedufaso.net\\\/#organization\",\"name\":\"La Tribune du Faso\",\"url\":\"https:\\\/\\\/www.latribunedufaso.net\\\/\",\"logo\":{\"@type\":\"ImageObject\",\"inLanguage\":\"fr-FR\",\"@id\":\"https:\\\/\\\/www.latribunedufaso.net\\\/#\\\/schema\\\/logo\\\/image\\\/\",\"url\":\"https:\\\/\\\/www.latribunedufaso.net\\\/wp-content\\\/uploads\\\/2020\\\/08\\\/Logo-Tribune-du-Faso-final-scaled.jpg\",\"contentUrl\":\"https:\\\/\\\/www.latribunedufaso.net\\\/wp-content\\\/uploads\\\/2020\\\/08\\\/Logo-Tribune-du-Faso-final-scaled.jpg\",\"width\":2560,\"height\":1856,\"caption\":\"La Tribune du Faso\"},\"image\":{\"@id\":\"https:\\\/\\\/www.latribunedufaso.net\\\/#\\\/schema\\\/logo\\\/image\\\/\"},\"sameAs\":[\"https:\\\/\\\/www.facebook.com\\\/LatribuneduFaso\\\/\"]},{\"@type\":\"Person\",\"@id\":\"https:\\\/\\\/www.latribunedufaso.net\\\/#\\\/schema\\\/person\\\/e54e64c5778a7e72cf80a318b7a622b0\",\"name\":\"Issouf Tapsoba\",\"image\":{\"@type\":\"ImageObject\",\"inLanguage\":\"fr-FR\",\"@id\":\"https:\\\/\\\/secure.gravatar.com\\\/avatar\\\/5e6c05150ce3230247d167f5b94d678eb05936197436d69b7921e3a95c9107ac?s=96&d=mm&r=g\",\"url\":\"https:\\\/\\\/secure.gravatar.com\\\/avatar\\\/5e6c05150ce3230247d167f5b94d678eb05936197436d69b7921e3a95c9107ac?s=96&d=mm&r=g\",\"contentUrl\":\"https:\\\/\\\/secure.gravatar.com\\\/avatar\\\/5e6c05150ce3230247d167f5b94d678eb05936197436d69b7921e3a95c9107ac?s=96&d=mm&r=g\",\"caption\":\"Issouf Tapsoba\"},\"url\":\"https:\\\/\\\/www.latribunedufaso.net\\\/?author=5\"}]}<\/script>\n<!-- \/ Yoast SEO plugin. -->","yoast_head_json":{"title":"D\u00e9veloppement industriel : Le Chef de l\u2019\u00c9tat inaugure Burkina Cajou \u00e0 Bobo-Dioulasso - La Tribune du Faso","robots":{"index":"index","follow":"follow","max-snippet":"max-snippet:-1","max-image-preview":"max-image-preview:large","max-video-preview":"max-video-preview:-1"},"canonical":"https:\/\/www.latribunedufaso.net\/?p=26026","og_locale":"fr_FR","og_type":"article","og_title":"D\u00e9veloppement industriel : Le Chef de l\u2019\u00c9tat inaugure Burkina Cajou \u00e0 Bobo-Dioulasso - La Tribune du Faso","og_description":"Le Pr\u00e9sident du Faso, Chef de l\u2019\u00c9tat, Son Excellence le Capitaine Ibrahim TRAOR\u00c9 a proc\u00e9d\u00e9, ce samedi 20 d\u00e9cembre 2025 \u00e0 Bobo-Dioulasso, \u00e0 l\u2019inauguration de l\u2019usine de transformation de noix d\u2019anacarde, d\u00e9nomm\u00e9e Burkina Cajou.\u00a0","og_url":"https:\/\/www.latribunedufaso.net\/?p=26026","og_site_name":"La Tribune du Faso","article_publisher":"https:\/\/www.facebook.com\/LatribuneduFaso\/","article_published_time":"2025-12-20T17:19:16+00:00","og_image":[{"width":2560,"height":1690,"url":"https:\/\/www.latribunedufaso.net\/wp-content\/uploads\/2025\/12\/IMG-20251220-WA0100-scaled.jpg","type":"image\/jpeg"}],"author":"Issouf Tapsoba","twitter_misc":{"\u00c9crit par":"Issouf Tapsoba","Dur\u00e9e de lecture estim\u00e9e":"3 minutes"},"schema":{"@context":"https:\/\/schema.org","@graph":[{"@type":"Article","@id":"https:\/\/www.latribunedufaso.net\/?p=26026#article","isPartOf":{"@id":"https:\/\/www.latribunedufaso.net\/?p=26026"},"author":{"name":"Issouf Tapsoba","@id":"https:\/\/www.latribunedufaso.net\/#\/schema\/person\/e54e64c5778a7e72cf80a318b7a622b0"},"headline":"D\u00e9veloppement industriel : Le Chef de l\u2019\u00c9tat inaugure Burkina Cajou \u00e0 Bobo-Dioulasso","datePublished":"2025-12-20T17:19:16+00:00","mainEntityOfPage":{"@id":"https:\/\/www.latribunedufaso.net\/?p=26026"},"wordCount":457,"commentCount":0,"publisher":{"@id":"https:\/\/www.latribunedufaso.net\/#organization"},"image":{"@id":"https:\/\/www.latribunedufaso.net\/?p=26026#primaryimage"},"thumbnailUrl":"https:\/\/www.latribunedufaso.net\/wp-content\/uploads\/2025\/12\/IMG-20251220-WA0100-scaled.jpg","keywords":["D\u00e9veloppement industriel","Inauguration Burkina Cajou","latribunedufaso.net"],"articleSection":["A la une","Actualit\u00e9","Economie"],"inLanguage":"fr-FR","potentialAction":[{"@type":"CommentAction","name":"Comment","target":["https:\/\/www.latribunedufaso.net\/?p=26026#respond"]}]},{"@type":"WebPage","@id":"https:\/\/www.latribunedufaso.net\/?p=26026","url":"https:\/\/www.latribunedufaso.net\/?p=26026","name":"D\u00e9veloppement industriel : Le Chef de l\u2019\u00c9tat inaugure Burkina Cajou \u00e0 Bobo-Dioulasso - La Tribune du Faso","isPartOf":{"@id":"https:\/\/www.latribunedufaso.net\/#website"},"primaryImageOfPage":{"@id":"https:\/\/www.latribunedufaso.net\/?p=26026#primaryimage"},"image":{"@id":"https:\/\/www.latribunedufaso.net\/?p=26026#primaryimage"},"thumbnailUrl":"https:\/\/www.latribunedufaso.net\/wp-content\/uploads\/2025\/12\/IMG-20251220-WA0100-scaled.jpg","datePublished":"2025-12-20T17:19:16+00:00","breadcrumb":{"@id":"https:\/\/www.latribunedufaso.net\/?p=26026#breadcrumb"},"inLanguage":"fr-FR","potentialAction":[{"@type":"ReadAction","target":["https:\/\/www.latribunedufaso.net\/?p=26026"]}]},{"@type":"ImageObject","inLanguage":"fr-FR","@id":"https:\/\/www.latribunedufaso.net\/?p=26026#primaryimage","url":"https:\/\/www.latribunedufaso.net\/wp-content\/uploads\/2025\/12\/IMG-20251220-WA0100-scaled.jpg","contentUrl":"https:\/\/www.latribunedufaso.net\/wp-content\/uploads\/2025\/12\/IMG-20251220-WA0100-scaled.jpg","width":2560,"height":1690,"caption":"Le Chef de l'Etat a inaugur\u00e9 l\u2019usine de transformation de noix d\u2019anacarde, d\u00e9nomm\u00e9e Burkina Cajou, 20 d\u00e9cembre \u00e0 Bobo"},{"@type":"BreadcrumbList","@id":"https:\/\/www.latribunedufaso.net\/?p=26026#breadcrumb","itemListElement":[{"@type":"ListItem","position":1,"name":"Accueil","item":"https:\/\/www.latribunedufaso.net\/"},{"@type":"ListItem","position":2,"name":"D\u00e9veloppement industriel : Le Chef de l\u2019\u00c9tat inaugure Burkina Cajou \u00e0 Bobo-Dioulasso"}]},{"@type":"WebSite","@id":"https:\/\/www.latribunedufaso.net\/#website","url":"https:\/\/www.latribunedufaso.net\/","name":"La Tribune du Faso","description":"L&#039;information du monde rural en un clic","publisher":{"@id":"https:\/\/www.latribunedufaso.net\/#organization"},"potentialAction":[{"@type":"SearchAction","target":{"@type":"EntryPoint","urlTemplate":"https:\/\/www.latribunedufaso.net\/?s={search_term_string}"},"query-input":{"@type":"PropertyValueSpecification","valueRequired":true,"valueName":"search_term_string"}}],"inLanguage":"fr-FR"},{"@type":"Organization","@id":"https:\/\/www.latribunedufaso.net\/#organization","name":"La Tribune du Faso","url":"https:\/\/www.latribunedufaso.net\/","logo":{"@type":"ImageObject","inLanguage":"fr-FR","@id":"https:\/\/www.latribunedufaso.net\/#\/schema\/logo\/image\/","url":"https:\/\/www.latribunedufaso.net\/wp-content\/uploads\/2020\/08\/Logo-Tribune-du-Faso-final-scaled.jpg","contentUrl":"https:\/\/www.latribunedufaso.net\/wp-content\/uploads\/2020\/08\/Logo-Tribune-du-Faso-final-scaled.jpg","width":2560,"height":1856,"caption":"La Tribune du Faso"},"image":{"@id":"https:\/\/www.latribunedufaso.net\/#\/schema\/logo\/image\/"},"sameAs":["https:\/\/www.facebook.com\/LatribuneduFaso\/"]},{"@type":"Person","@id":"https:\/\/www.latribunedufaso.net\/#\/schema\/person\/e54e64c5778a7e72cf80a318b7a622b0","name":"Issouf Tapsoba","image":{"@type":"ImageObject","inLanguage":"fr-FR","@id":"https:\/\/secure.gravatar.com\/avatar\/5e6c05150ce3230247d167f5b94d678eb05936197436d69b7921e3a95c9107ac?s=96&d=mm&r=g","url":"https:\/\/secure.gravatar.com\/avatar\/5e6c05150ce3230247d167f5b94d678eb05936197436d69b7921e3a95c9107ac?s=96&d=mm&r=g","contentUrl":"https:\/\/secure.gravatar.com\/avatar\/5e6c05150ce3230247d167f5b94d678eb05936197436d69b7921e3a95c9107ac?s=96&d=mm&r=g","caption":"Issouf Tapsoba"},"url":"https:\/\/www.latribunedufaso.net\/?author=5"}]}},"_links":{"self":[{"href":"https:\/\/www.latribunedufaso.net\/index.php?rest_route=\/wp\/v2\/posts\/26026","targetHints":{"allow":["GET"]}}],"collection":[{"href":"https:\/\/www.latribunedufaso.net\/index.php?rest_route=\/wp\/v2\/posts"}],"about":[{"href":"https:\/\/www.latribunedufaso.net\/index.php?rest_route=\/wp\/v2\/types\/post"}],"author":[{"embeddable":true,"href":"https:\/\/www.latribunedufaso.net\/index.php?rest_route=\/wp\/v2\/users\/5"}],"replies":[{"embeddable":true,"href":"https:\/\/www.latribunedufaso.net\/index.php?rest_route=%2Fwp%2Fv2%2Fcomments&post=26026"}],"version-history":[{"count":4,"href":"https:\/\/www.latribunedufaso.net\/index.php?rest_route=\/wp\/v2\/posts\/26026\/revisions"}],"predecessor-version":[{"id":26037,"href":"https:\/\/www.latribunedufaso.net\/index.php?rest_route=\/wp\/v2\/posts\/26026\/revisions\/26037"}],"wp:featuredmedia":[{"embeddable":true,"href":"https:\/\/www.latribunedufaso.net\/index.php?rest_route=\/wp\/v2\/media\/26032"}],"wp:attachment":[{"href":"https:\/\/www.latribunedufaso.net\/index.php?rest_route=%2Fwp%2Fv2%2Fmedia&parent=26026"}],"wp:term":[{"taxonomy":"category","embeddable":true,"href":"https:\/\/www.latribunedufaso.net\/index.php?rest_route=%2Fwp%2Fv2%2Fcategories&post=26026"},{"taxonomy":"post_tag","embeddable":true,"href":"https:\/\/www.latribunedufaso.net\/index.php?rest_route=%2Fwp%2Fv2%2Ftags&post=26026"}],"curies":[{"name":"wp","href":"https:\/\/api.w.org\/{rel}","templated":true}]}}