{"id":25756,"date":"2025-12-16T19:20:37","date_gmt":"2025-12-16T19:20:37","guid":{"rendered":"https:\/\/www.latribunedufaso.net\/?p=25756"},"modified":"2025-12-16T19:20:37","modified_gmt":"2025-12-16T19:20:37","slug":"autoroute-ouagadougou-bobo-dioulasso-le-reve-prend-corps-avec-le-capitaine-ibrahim-traore","status":"publish","type":"post","link":"https:\/\/www.latribunedufaso.net\/?p=25756","title":{"rendered":"Autoroute Ouagadougou-Bobo Dioulasso :\u00a0Le r\u00eave prend corps avec le Capitaine Ibrahim Traor\u00e9"},"content":{"rendered":"<p><strong>Le Pr\u00e9sident du Faso, Chef de l\u2019\u00c9tat, le Capitaine Ibrahim Traor\u00e9 a proc\u00e9d\u00e9, le 16 d\u00e9cembre 2025, au lancement des travaux de construction de l\u2019autoroute Ouagadougou-Bobo Dioulasso.<\/strong><!--more--><\/p>\n<p>Ce r\u00eave longtemps caress\u00e9 par les burkinab\u00e8, pour relier les deux premi\u00e8res villes du pays, est devenu une r\u00e9alit\u00e9 sous le magist\u00e8re du Capitaine Ibrahim Traor\u00e9. L\u2019Initiative pr\u00e9sidentielle Faso M\u00eabo, dont l\u2019un des objectifs majeurs est le d\u00e9senclavement des villes, est le ma\u00eetre d\u2019ouvrage de cette autoroute Ouagadougou-Bobo-Dioulasso en 2 fois 4 voies (2X4), moderne et \u00e9cologique.\u00a0<\/p>\n<figure id=\"attachment_25759\" aria-describedby=\"caption-attachment-25759\" style=\"width: 2560px\" class=\"wp-caption aligncenter\"><a href=\"https:\/\/www.latribunedufaso.net\/wp-content\/uploads\/2025\/12\/IMG-20251216-WA0155-scaled.jpg\"><img loading=\"lazy\" decoding=\"async\" class=\"size-full wp-image-25759\" src=\"https:\/\/www.latribunedufaso.net\/wp-content\/uploads\/2025\/12\/IMG-20251216-WA0155-scaled.jpg\" alt=\"Lancement de la construction de l'autoroute Ouaga-Bobo, 16 d\u00e9cembre 2025\" width=\"2560\" height=\"1706\" srcset=\"https:\/\/www.latribunedufaso.net\/wp-content\/uploads\/2025\/12\/IMG-20251216-WA0155-scaled.jpg 2560w, https:\/\/www.latribunedufaso.net\/wp-content\/uploads\/2025\/12\/IMG-20251216-WA0155-300x200.jpg 300w, https:\/\/www.latribunedufaso.net\/wp-content\/uploads\/2025\/12\/IMG-20251216-WA0155-1024x683.jpg 1024w, https:\/\/www.latribunedufaso.net\/wp-content\/uploads\/2025\/12\/IMG-20251216-WA0155-768x512.jpg 768w, https:\/\/www.latribunedufaso.net\/wp-content\/uploads\/2025\/12\/IMG-20251216-WA0155-1536x1024.jpg 1536w, https:\/\/www.latribunedufaso.net\/wp-content\/uploads\/2025\/12\/IMG-20251216-WA0155-2048x1365.jpg 2048w, https:\/\/www.latribunedufaso.net\/wp-content\/uploads\/2025\/12\/IMG-20251216-WA0155-840x560.jpg 840w, https:\/\/www.latribunedufaso.net\/wp-content\/uploads\/2025\/12\/IMG-20251216-WA0155-120x80.jpg 120w, https:\/\/www.latribunedufaso.net\/wp-content\/uploads\/2025\/12\/IMG-20251216-WA0155-360x240.jpg 360w, https:\/\/www.latribunedufaso.net\/wp-content\/uploads\/2025\/12\/IMG-20251216-WA0155-600x400.jpg 600w\" sizes=\"auto, (max-width: 2560px) 100vw, 2560px\" \/><\/a><figcaption id=\"caption-attachment-25759\" class=\"wp-caption-text\">Apr\u00e8s le lancement de la construction l\u2019autoroute Ouagadougou-Bobo Dioulasso, le Pr\u00e9sident du Faso, le Capitaine Ibrahim Traor\u00e9 a d\u00e9clar\u00e9 que l\u2019ambition est de relier tous les chefs-lieux de r\u00e9gion du Burkina par des autoroutes &#8211; Ph. DR<\/figcaption><\/figure>\n<p>Cet ouvrage ambitieux est financ\u00e9 sur fonds propres et le Chef de l\u2019\u00c9tat veut que les travaux soient ex\u00e9cut\u00e9s sans d\u00e9lai, \u00e0 un rythme acc\u00e9l\u00e9r\u00e9. <em><strong>\u00ab J\u2019ai d\u00e9j\u00e0 dit au Ministre des finances de pr\u00e9voir pour 2026, au minimum 200 milliards FCFA \u00bb,<\/strong><\/em> d\u00e9clare le Pr\u00e9sident du Faso. Il invite les populations des localit\u00e9s travers\u00e9es \u00e0 se mobiliser pour apporter leur contribution \u00e0 la r\u00e9alisation du projet.<\/p>\n<h3>Bient\u00f4t une autoroute Koudougou-Yako\u00a0<\/h3>\n<p>D\u2019autres autoroutes r\u00e9gionales seront bient\u00f4t lanc\u00e9es. <em><strong>\u00ab Nous voulons relier tous les chefs-lieux de r\u00e9gions par des autoroutes \u00bb<\/strong><\/em>, souligne le Pr\u00e9sident du Faso. C\u2019est d\u2019ailleurs une raison qui justifie le report du lancement de la construction de la route Koudougou-Yako, qui devient une autoroute de 2 x 2 voies, explique le Capitaine Ibrahim Traor\u00e9.\u00a0<\/p>\n<figure id=\"attachment_25761\" aria-describedby=\"caption-attachment-25761\" style=\"width: 2560px\" class=\"wp-caption aligncenter\"><a href=\"https:\/\/www.latribunedufaso.net\/wp-content\/uploads\/2025\/12\/IMG-20251216-WA0149-scaled.jpg\"><img loading=\"lazy\" decoding=\"async\" class=\"size-full wp-image-25761\" src=\"https:\/\/www.latribunedufaso.net\/wp-content\/uploads\/2025\/12\/IMG-20251216-WA0149-scaled.jpg\" alt=\"Lancement de la construction de l'autoroute Ouaga-Bobo, 16 d\u00e9cembre 2025\" width=\"2560\" height=\"1706\" srcset=\"https:\/\/www.latribunedufaso.net\/wp-content\/uploads\/2025\/12\/IMG-20251216-WA0149-scaled.jpg 2560w, https:\/\/www.latribunedufaso.net\/wp-content\/uploads\/2025\/12\/IMG-20251216-WA0149-300x200.jpg 300w, https:\/\/www.latribunedufaso.net\/wp-content\/uploads\/2025\/12\/IMG-20251216-WA0149-1024x683.jpg 1024w, https:\/\/www.latribunedufaso.net\/wp-content\/uploads\/2025\/12\/IMG-20251216-WA0149-768x512.jpg 768w, https:\/\/www.latribunedufaso.net\/wp-content\/uploads\/2025\/12\/IMG-20251216-WA0149-1536x1024.jpg 1536w, https:\/\/www.latribunedufaso.net\/wp-content\/uploads\/2025\/12\/IMG-20251216-WA0149-2048x1365.jpg 2048w, https:\/\/www.latribunedufaso.net\/wp-content\/uploads\/2025\/12\/IMG-20251216-WA0149-840x560.jpg 840w, https:\/\/www.latribunedufaso.net\/wp-content\/uploads\/2025\/12\/IMG-20251216-WA0149-120x80.jpg 120w, https:\/\/www.latribunedufaso.net\/wp-content\/uploads\/2025\/12\/IMG-20251216-WA0149-360x240.jpg 360w, https:\/\/www.latribunedufaso.net\/wp-content\/uploads\/2025\/12\/IMG-20251216-WA0149-600x400.jpg 600w\" sizes=\"auto, (max-width: 2560px) 100vw, 2560px\" \/><\/a><figcaption id=\"caption-attachment-25761\" class=\"wp-caption-text\">Une vue de la pr\u00e9sentation du plan de masse de l&rsquo;ouvrage aux autorit\u00e9s &#8211; Ph. DR<\/figcaption><\/figure>\n<p><em><strong>\u00ab L&rsquo;ambition, c&rsquo;est que les chefs-lieux de r\u00e9gion soient reli\u00e9s les uns aux autres par des autoroutes (\u2026) C&rsquo;est \u00e7a l&rsquo;objectif, de Ouagadougou vers les chefs-lieux de r\u00e9gion et les chefs-lieux de r\u00e9gion entre eux \u00bb,<\/strong><\/em> pr\u00e9cise le Pr\u00e9sident du Faso, le Capitaine Ibrahim Traor\u00e9.<\/p>\n<p><strong>Latribunedufaso.net<\/strong><\/p>\n<p><strong>Source : Direction de la communication de la Pr\u00e9sidence du Faso<\/strong><\/p>\n<p>Lire aussi &gt;&gt; <a href=\"https:\/\/www.latribunedufaso.net\/?p=21687\">Burkina\/Infrastructures routi\u00e8res : Les nouveaux p\u00e9ages modernes bient\u00f4t pr\u00eats \u00e0 l\u2019emploi<\/a><\/p>\n<p><a href=\"https:\/\/www.latribunedufaso.net\/wp-content\/uploads\/2025\/12\/IMG-20251216-WA0152-scaled.jpg\"><img loading=\"lazy\" decoding=\"async\" class=\"aligncenter size-full wp-image-25762\" src=\"https:\/\/www.latribunedufaso.net\/wp-content\/uploads\/2025\/12\/IMG-20251216-WA0152-scaled.jpg\" alt=\"Lancement de la construction de l'autoroute Ouaga-Bobo, 16 d\u00e9cembre 2025\" width=\"2560\" height=\"1790\" srcset=\"https:\/\/www.latribunedufaso.net\/wp-content\/uploads\/2025\/12\/IMG-20251216-WA0152-scaled.jpg 2560w, https:\/\/www.latribunedufaso.net\/wp-content\/uploads\/2025\/12\/IMG-20251216-WA0152-300x210.jpg 300w, https:\/\/www.latribunedufaso.net\/wp-content\/uploads\/2025\/12\/IMG-20251216-WA0152-1024x716.jpg 1024w, https:\/\/www.latribunedufaso.net\/wp-content\/uploads\/2025\/12\/IMG-20251216-WA0152-768x537.jpg 768w, https:\/\/www.latribunedufaso.net\/wp-content\/uploads\/2025\/12\/IMG-20251216-WA0152-1536x1074.jpg 1536w, https:\/\/www.latribunedufaso.net\/wp-content\/uploads\/2025\/12\/IMG-20251216-WA0152-2048x1432.jpg 2048w\" sizes=\"auto, (max-width: 2560px) 100vw, 2560px\" \/><\/a><a href=\"https:\/\/www.latribunedufaso.net\/wp-content\/uploads\/2025\/12\/IMG-20251216-WA0158-scaled.jpg\"><img loading=\"lazy\" decoding=\"async\" class=\"aligncenter size-full wp-image-25758\" src=\"https:\/\/www.latribunedufaso.net\/wp-content\/uploads\/2025\/12\/IMG-20251216-WA0158-scaled.jpg\" alt=\"Lancement de la construction de l'autoroute Ouaga-Bobo, 16 d\u00e9cembre 2025\" width=\"2560\" height=\"1706\" srcset=\"https:\/\/www.latribunedufaso.net\/wp-content\/uploads\/2025\/12\/IMG-20251216-WA0158-scaled.jpg 2560w, https:\/\/www.latribunedufaso.net\/wp-content\/uploads\/2025\/12\/IMG-20251216-WA0158-300x200.jpg 300w, https:\/\/www.latribunedufaso.net\/wp-content\/uploads\/2025\/12\/IMG-20251216-WA0158-1024x683.jpg 1024w, https:\/\/www.latribunedufaso.net\/wp-content\/uploads\/2025\/12\/IMG-20251216-WA0158-768x512.jpg 768w, https:\/\/www.latribunedufaso.net\/wp-content\/uploads\/2025\/12\/IMG-20251216-WA0158-1536x1024.jpg 1536w, https:\/\/www.latribunedufaso.net\/wp-content\/uploads\/2025\/12\/IMG-20251216-WA0158-2048x1365.jpg 2048w, https:\/\/www.latribunedufaso.net\/wp-content\/uploads\/2025\/12\/IMG-20251216-WA0158-840x560.jpg 840w, https:\/\/www.latribunedufaso.net\/wp-content\/uploads\/2025\/12\/IMG-20251216-WA0158-120x80.jpg 120w, https:\/\/www.latribunedufaso.net\/wp-content\/uploads\/2025\/12\/IMG-20251216-WA0158-360x240.jpg 360w, https:\/\/www.latribunedufaso.net\/wp-content\/uploads\/2025\/12\/IMG-20251216-WA0158-600x400.jpg 600w\" sizes=\"auto, (max-width: 2560px) 100vw, 2560px\" \/><\/a><\/p>\n","protected":false},"excerpt":{"rendered":"<p>Le Pr\u00e9sident du Faso, Chef de l\u2019\u00c9tat, le Capitaine Ibrahim Traor\u00e9 a proc\u00e9d\u00e9, le 16 d\u00e9cembre 2025, au lancement des travaux de construction de l\u2019autoroute Ouagadougou-Bobo Dioulasso.<\/p>\n","protected":false},"author":5,"featured_media":25760,"comment_status":"open","ping_status":"open","sticky":false,"template":"","format":"standard","meta":{"footnotes":""},"categories":[13,1,8],"tags":[1023,354,1858,39],"class_list":["post-25756","post","type-post","status-publish","format-standard","has-post-thumbnail","hentry","category-une","category-actu","category-societe","tag-capitaine-ibrahim-traore","tag-infrastructures-routieres","tag-lancement-construction-autoroute-ouaga-bobo","tag-latribunedufaso-net"],"yoast_head":"<!-- This site is optimized with the Yoast SEO plugin v27.4 - https:\/\/yoast.com\/product\/yoast-seo-wordpress\/ -->\n<title>Autoroute Ouagadougou-Bobo Dioulasso :\u00a0Le r\u00eave prend corps avec le Capitaine Ibrahim Traor\u00e9 - La Tribune du Faso<\/title>\n<meta name=\"robots\" content=\"index, follow, max-snippet:-1, max-image-preview:large, max-video-preview:-1\" \/>\n<link rel=\"canonical\" href=\"https:\/\/www.latribunedufaso.net\/?p=25756\" \/>\n<meta property=\"og:locale\" content=\"fr_FR\" \/>\n<meta property=\"og:type\" content=\"article\" \/>\n<meta property=\"og:title\" content=\"Autoroute Ouagadougou-Bobo Dioulasso :\u00a0Le r\u00eave prend corps avec le Capitaine Ibrahim Traor\u00e9 - La Tribune du Faso\" \/>\n<meta property=\"og:description\" content=\"Le Pr\u00e9sident du Faso, Chef de l\u2019\u00c9tat, le Capitaine Ibrahim Traor\u00e9 a proc\u00e9d\u00e9, le 16 d\u00e9cembre 2025, au lancement des travaux de construction de l\u2019autoroute Ouagadougou-Bobo Dioulasso.\" \/>\n<meta property=\"og:url\" content=\"https:\/\/www.latribunedufaso.net\/?p=25756\" \/>\n<meta property=\"og:site_name\" content=\"La Tribune du Faso\" \/>\n<meta property=\"article:publisher\" content=\"https:\/\/www.facebook.com\/LatribuneduFaso\/\" \/>\n<meta property=\"article:published_time\" content=\"2025-12-16T19:20:37+00:00\" \/>\n<meta property=\"og:image\" content=\"https:\/\/www.latribunedufaso.net\/wp-content\/uploads\/2025\/12\/IMG-20251216-WA0143-scaled.jpg\" \/>\n\t<meta property=\"og:image:width\" content=\"2560\" \/>\n\t<meta property=\"og:image:height\" content=\"1706\" \/>\n\t<meta property=\"og:image:type\" content=\"image\/jpeg\" \/>\n<meta name=\"author\" content=\"Issouf Tapsoba\" \/>\n<meta name=\"twitter:label1\" content=\"\u00c9crit par\" \/>\n\t<meta name=\"twitter:data1\" content=\"Issouf Tapsoba\" \/>\n\t<meta name=\"twitter:label2\" content=\"Dur\u00e9e de lecture estim\u00e9e\" \/>\n\t<meta name=\"twitter:data2\" content=\"3 minutes\" \/>\n<script type=\"application\/ld+json\" class=\"yoast-schema-graph\">{\"@context\":\"https:\\\/\\\/schema.org\",\"@graph\":[{\"@type\":\"Article\",\"@id\":\"https:\\\/\\\/www.latribunedufaso.net\\\/?p=25756#article\",\"isPartOf\":{\"@id\":\"https:\\\/\\\/www.latribunedufaso.net\\\/?p=25756\"},\"author\":{\"name\":\"Issouf Tapsoba\",\"@id\":\"https:\\\/\\\/www.latribunedufaso.net\\\/#\\\/schema\\\/person\\\/e54e64c5778a7e72cf80a318b7a622b0\"},\"headline\":\"Autoroute Ouagadougou-Bobo Dioulasso :\u00a0Le r\u00eave prend corps avec le Capitaine Ibrahim Traor\u00e9\",\"datePublished\":\"2025-12-16T19:20:37+00:00\",\"mainEntityOfPage\":{\"@id\":\"https:\\\/\\\/www.latribunedufaso.net\\\/?p=25756\"},\"wordCount\":407,\"commentCount\":0,\"publisher\":{\"@id\":\"https:\\\/\\\/www.latribunedufaso.net\\\/#organization\"},\"image\":{\"@id\":\"https:\\\/\\\/www.latribunedufaso.net\\\/?p=25756#primaryimage\"},\"thumbnailUrl\":\"https:\\\/\\\/www.latribunedufaso.net\\\/wp-content\\\/uploads\\\/2025\\\/12\\\/IMG-20251216-WA0143-scaled.jpg\",\"keywords\":[\"Capitaine Ibrahim Traor\u00e9\",\"infrastructures routi\u00e8res\",\"Lancement construction autoroute Ouaga-Bobo\",\"latribunedufaso.net\"],\"articleSection\":[\"A la une\",\"Actualit\u00e9\",\"Soci\u00e9t\u00e9\"],\"inLanguage\":\"fr-FR\",\"potentialAction\":[{\"@type\":\"CommentAction\",\"name\":\"Comment\",\"target\":[\"https:\\\/\\\/www.latribunedufaso.net\\\/?p=25756#respond\"]}]},{\"@type\":\"WebPage\",\"@id\":\"https:\\\/\\\/www.latribunedufaso.net\\\/?p=25756\",\"url\":\"https:\\\/\\\/www.latribunedufaso.net\\\/?p=25756\",\"name\":\"Autoroute Ouagadougou-Bobo Dioulasso :\u00a0Le r\u00eave prend corps avec le Capitaine Ibrahim Traor\u00e9 - La Tribune du Faso\",\"isPartOf\":{\"@id\":\"https:\\\/\\\/www.latribunedufaso.net\\\/#website\"},\"primaryImageOfPage\":{\"@id\":\"https:\\\/\\\/www.latribunedufaso.net\\\/?p=25756#primaryimage\"},\"image\":{\"@id\":\"https:\\\/\\\/www.latribunedufaso.net\\\/?p=25756#primaryimage\"},\"thumbnailUrl\":\"https:\\\/\\\/www.latribunedufaso.net\\\/wp-content\\\/uploads\\\/2025\\\/12\\\/IMG-20251216-WA0143-scaled.jpg\",\"datePublished\":\"2025-12-16T19:20:37+00:00\",\"breadcrumb\":{\"@id\":\"https:\\\/\\\/www.latribunedufaso.net\\\/?p=25756#breadcrumb\"},\"inLanguage\":\"fr-FR\",\"potentialAction\":[{\"@type\":\"ReadAction\",\"target\":[\"https:\\\/\\\/www.latribunedufaso.net\\\/?p=25756\"]}]},{\"@type\":\"ImageObject\",\"inLanguage\":\"fr-FR\",\"@id\":\"https:\\\/\\\/www.latribunedufaso.net\\\/?p=25756#primaryimage\",\"url\":\"https:\\\/\\\/www.latribunedufaso.net\\\/wp-content\\\/uploads\\\/2025\\\/12\\\/IMG-20251216-WA0143-scaled.jpg\",\"contentUrl\":\"https:\\\/\\\/www.latribunedufaso.net\\\/wp-content\\\/uploads\\\/2025\\\/12\\\/IMG-20251216-WA0143-scaled.jpg\",\"width\":2560,\"height\":1706,\"caption\":\"Le Capitaine Ibrahim TRAOR\u00c9 aux commandes de l'engin pour lancer les travaux - Ph. DR\"},{\"@type\":\"BreadcrumbList\",\"@id\":\"https:\\\/\\\/www.latribunedufaso.net\\\/?p=25756#breadcrumb\",\"itemListElement\":[{\"@type\":\"ListItem\",\"position\":1,\"name\":\"Accueil\",\"item\":\"https:\\\/\\\/www.latribunedufaso.net\\\/\"},{\"@type\":\"ListItem\",\"position\":2,\"name\":\"Autoroute Ouagadougou-Bobo Dioulasso :\u00a0Le r\u00eave prend corps avec le Capitaine Ibrahim Traor\u00e9\"}]},{\"@type\":\"WebSite\",\"@id\":\"https:\\\/\\\/www.latribunedufaso.net\\\/#website\",\"url\":\"https:\\\/\\\/www.latribunedufaso.net\\\/\",\"name\":\"La Tribune du Faso\",\"description\":\"L&#039;information du monde rural en un clic\",\"publisher\":{\"@id\":\"https:\\\/\\\/www.latribunedufaso.net\\\/#organization\"},\"potentialAction\":[{\"@type\":\"SearchAction\",\"target\":{\"@type\":\"EntryPoint\",\"urlTemplate\":\"https:\\\/\\\/www.latribunedufaso.net\\\/?s={search_term_string}\"},\"query-input\":{\"@type\":\"PropertyValueSpecification\",\"valueRequired\":true,\"valueName\":\"search_term_string\"}}],\"inLanguage\":\"fr-FR\"},{\"@type\":\"Organization\",\"@id\":\"https:\\\/\\\/www.latribunedufaso.net\\\/#organization\",\"name\":\"La Tribune du Faso\",\"url\":\"https:\\\/\\\/www.latribunedufaso.net\\\/\",\"logo\":{\"@type\":\"ImageObject\",\"inLanguage\":\"fr-FR\",\"@id\":\"https:\\\/\\\/www.latribunedufaso.net\\\/#\\\/schema\\\/logo\\\/image\\\/\",\"url\":\"https:\\\/\\\/www.latribunedufaso.net\\\/wp-content\\\/uploads\\\/2020\\\/08\\\/Logo-Tribune-du-Faso-final-scaled.jpg\",\"contentUrl\":\"https:\\\/\\\/www.latribunedufaso.net\\\/wp-content\\\/uploads\\\/2020\\\/08\\\/Logo-Tribune-du-Faso-final-scaled.jpg\",\"width\":2560,\"height\":1856,\"caption\":\"La Tribune du Faso\"},\"image\":{\"@id\":\"https:\\\/\\\/www.latribunedufaso.net\\\/#\\\/schema\\\/logo\\\/image\\\/\"},\"sameAs\":[\"https:\\\/\\\/www.facebook.com\\\/LatribuneduFaso\\\/\"]},{\"@type\":\"Person\",\"@id\":\"https:\\\/\\\/www.latribunedufaso.net\\\/#\\\/schema\\\/person\\\/e54e64c5778a7e72cf80a318b7a622b0\",\"name\":\"Issouf Tapsoba\",\"image\":{\"@type\":\"ImageObject\",\"inLanguage\":\"fr-FR\",\"@id\":\"https:\\\/\\\/secure.gravatar.com\\\/avatar\\\/5e6c05150ce3230247d167f5b94d678eb05936197436d69b7921e3a95c9107ac?s=96&d=mm&r=g\",\"url\":\"https:\\\/\\\/secure.gravatar.com\\\/avatar\\\/5e6c05150ce3230247d167f5b94d678eb05936197436d69b7921e3a95c9107ac?s=96&d=mm&r=g\",\"contentUrl\":\"https:\\\/\\\/secure.gravatar.com\\\/avatar\\\/5e6c05150ce3230247d167f5b94d678eb05936197436d69b7921e3a95c9107ac?s=96&d=mm&r=g\",\"caption\":\"Issouf Tapsoba\"},\"url\":\"https:\\\/\\\/www.latribunedufaso.net\\\/?author=5\"}]}<\/script>\n<!-- \/ Yoast SEO plugin. -->","yoast_head_json":{"title":"Autoroute Ouagadougou-Bobo Dioulasso :\u00a0Le r\u00eave prend corps avec le Capitaine Ibrahim Traor\u00e9 - La Tribune du Faso","robots":{"index":"index","follow":"follow","max-snippet":"max-snippet:-1","max-image-preview":"max-image-preview:large","max-video-preview":"max-video-preview:-1"},"canonical":"https:\/\/www.latribunedufaso.net\/?p=25756","og_locale":"fr_FR","og_type":"article","og_title":"Autoroute Ouagadougou-Bobo Dioulasso :\u00a0Le r\u00eave prend corps avec le Capitaine Ibrahim Traor\u00e9 - La Tribune du Faso","og_description":"Le Pr\u00e9sident du Faso, Chef de l\u2019\u00c9tat, le Capitaine Ibrahim Traor\u00e9 a proc\u00e9d\u00e9, le 16 d\u00e9cembre 2025, au lancement des travaux de construction de l\u2019autoroute Ouagadougou-Bobo Dioulasso.","og_url":"https:\/\/www.latribunedufaso.net\/?p=25756","og_site_name":"La Tribune du Faso","article_publisher":"https:\/\/www.facebook.com\/LatribuneduFaso\/","article_published_time":"2025-12-16T19:20:37+00:00","og_image":[{"width":2560,"height":1706,"url":"https:\/\/www.latribunedufaso.net\/wp-content\/uploads\/2025\/12\/IMG-20251216-WA0143-scaled.jpg","type":"image\/jpeg"}],"author":"Issouf Tapsoba","twitter_misc":{"\u00c9crit par":"Issouf Tapsoba","Dur\u00e9e de lecture estim\u00e9e":"3 minutes"},"schema":{"@context":"https:\/\/schema.org","@graph":[{"@type":"Article","@id":"https:\/\/www.latribunedufaso.net\/?p=25756#article","isPartOf":{"@id":"https:\/\/www.latribunedufaso.net\/?p=25756"},"author":{"name":"Issouf Tapsoba","@id":"https:\/\/www.latribunedufaso.net\/#\/schema\/person\/e54e64c5778a7e72cf80a318b7a622b0"},"headline":"Autoroute Ouagadougou-Bobo Dioulasso :\u00a0Le r\u00eave prend corps avec le Capitaine Ibrahim Traor\u00e9","datePublished":"2025-12-16T19:20:37+00:00","mainEntityOfPage":{"@id":"https:\/\/www.latribunedufaso.net\/?p=25756"},"wordCount":407,"commentCount":0,"publisher":{"@id":"https:\/\/www.latribunedufaso.net\/#organization"},"image":{"@id":"https:\/\/www.latribunedufaso.net\/?p=25756#primaryimage"},"thumbnailUrl":"https:\/\/www.latribunedufaso.net\/wp-content\/uploads\/2025\/12\/IMG-20251216-WA0143-scaled.jpg","keywords":["Capitaine Ibrahim Traor\u00e9","infrastructures routi\u00e8res","Lancement construction autoroute Ouaga-Bobo","latribunedufaso.net"],"articleSection":["A la une","Actualit\u00e9","Soci\u00e9t\u00e9"],"inLanguage":"fr-FR","potentialAction":[{"@type":"CommentAction","name":"Comment","target":["https:\/\/www.latribunedufaso.net\/?p=25756#respond"]}]},{"@type":"WebPage","@id":"https:\/\/www.latribunedufaso.net\/?p=25756","url":"https:\/\/www.latribunedufaso.net\/?p=25756","name":"Autoroute Ouagadougou-Bobo Dioulasso :\u00a0Le r\u00eave prend corps avec le Capitaine Ibrahim Traor\u00e9 - La Tribune du Faso","isPartOf":{"@id":"https:\/\/www.latribunedufaso.net\/#website"},"primaryImageOfPage":{"@id":"https:\/\/www.latribunedufaso.net\/?p=25756#primaryimage"},"image":{"@id":"https:\/\/www.latribunedufaso.net\/?p=25756#primaryimage"},"thumbnailUrl":"https:\/\/www.latribunedufaso.net\/wp-content\/uploads\/2025\/12\/IMG-20251216-WA0143-scaled.jpg","datePublished":"2025-12-16T19:20:37+00:00","breadcrumb":{"@id":"https:\/\/www.latribunedufaso.net\/?p=25756#breadcrumb"},"inLanguage":"fr-FR","potentialAction":[{"@type":"ReadAction","target":["https:\/\/www.latribunedufaso.net\/?p=25756"]}]},{"@type":"ImageObject","inLanguage":"fr-FR","@id":"https:\/\/www.latribunedufaso.net\/?p=25756#primaryimage","url":"https:\/\/www.latribunedufaso.net\/wp-content\/uploads\/2025\/12\/IMG-20251216-WA0143-scaled.jpg","contentUrl":"https:\/\/www.latribunedufaso.net\/wp-content\/uploads\/2025\/12\/IMG-20251216-WA0143-scaled.jpg","width":2560,"height":1706,"caption":"Le Capitaine Ibrahim TRAOR\u00c9 aux commandes de l'engin pour lancer les travaux - Ph. DR"},{"@type":"BreadcrumbList","@id":"https:\/\/www.latribunedufaso.net\/?p=25756#breadcrumb","itemListElement":[{"@type":"ListItem","position":1,"name":"Accueil","item":"https:\/\/www.latribunedufaso.net\/"},{"@type":"ListItem","position":2,"name":"Autoroute Ouagadougou-Bobo Dioulasso :\u00a0Le r\u00eave prend corps avec le Capitaine Ibrahim Traor\u00e9"}]},{"@type":"WebSite","@id":"https:\/\/www.latribunedufaso.net\/#website","url":"https:\/\/www.latribunedufaso.net\/","name":"La Tribune du Faso","description":"L&#039;information du monde rural en un clic","publisher":{"@id":"https:\/\/www.latribunedufaso.net\/#organization"},"potentialAction":[{"@type":"SearchAction","target":{"@type":"EntryPoint","urlTemplate":"https:\/\/www.latribunedufaso.net\/?s={search_term_string}"},"query-input":{"@type":"PropertyValueSpecification","valueRequired":true,"valueName":"search_term_string"}}],"inLanguage":"fr-FR"},{"@type":"Organization","@id":"https:\/\/www.latribunedufaso.net\/#organization","name":"La Tribune du Faso","url":"https:\/\/www.latribunedufaso.net\/","logo":{"@type":"ImageObject","inLanguage":"fr-FR","@id":"https:\/\/www.latribunedufaso.net\/#\/schema\/logo\/image\/","url":"https:\/\/www.latribunedufaso.net\/wp-content\/uploads\/2020\/08\/Logo-Tribune-du-Faso-final-scaled.jpg","contentUrl":"https:\/\/www.latribunedufaso.net\/wp-content\/uploads\/2020\/08\/Logo-Tribune-du-Faso-final-scaled.jpg","width":2560,"height":1856,"caption":"La Tribune du Faso"},"image":{"@id":"https:\/\/www.latribunedufaso.net\/#\/schema\/logo\/image\/"},"sameAs":["https:\/\/www.facebook.com\/LatribuneduFaso\/"]},{"@type":"Person","@id":"https:\/\/www.latribunedufaso.net\/#\/schema\/person\/e54e64c5778a7e72cf80a318b7a622b0","name":"Issouf Tapsoba","image":{"@type":"ImageObject","inLanguage":"fr-FR","@id":"https:\/\/secure.gravatar.com\/avatar\/5e6c05150ce3230247d167f5b94d678eb05936197436d69b7921e3a95c9107ac?s=96&d=mm&r=g","url":"https:\/\/secure.gravatar.com\/avatar\/5e6c05150ce3230247d167f5b94d678eb05936197436d69b7921e3a95c9107ac?s=96&d=mm&r=g","contentUrl":"https:\/\/secure.gravatar.com\/avatar\/5e6c05150ce3230247d167f5b94d678eb05936197436d69b7921e3a95c9107ac?s=96&d=mm&r=g","caption":"Issouf Tapsoba"},"url":"https:\/\/www.latribunedufaso.net\/?author=5"}]}},"_links":{"self":[{"href":"https:\/\/www.latribunedufaso.net\/index.php?rest_route=\/wp\/v2\/posts\/25756","targetHints":{"allow":["GET"]}}],"collection":[{"href":"https:\/\/www.latribunedufaso.net\/index.php?rest_route=\/wp\/v2\/posts"}],"about":[{"href":"https:\/\/www.latribunedufaso.net\/index.php?rest_route=\/wp\/v2\/types\/post"}],"author":[{"embeddable":true,"href":"https:\/\/www.latribunedufaso.net\/index.php?rest_route=\/wp\/v2\/users\/5"}],"replies":[{"embeddable":true,"href":"https:\/\/www.latribunedufaso.net\/index.php?rest_route=%2Fwp%2Fv2%2Fcomments&post=25756"}],"version-history":[{"count":2,"href":"https:\/\/www.latribunedufaso.net\/index.php?rest_route=\/wp\/v2\/posts\/25756\/revisions"}],"predecessor-version":[{"id":25764,"href":"https:\/\/www.latribunedufaso.net\/index.php?rest_route=\/wp\/v2\/posts\/25756\/revisions\/25764"}],"wp:featuredmedia":[{"embeddable":true,"href":"https:\/\/www.latribunedufaso.net\/index.php?rest_route=\/wp\/v2\/media\/25760"}],"wp:attachment":[{"href":"https:\/\/www.latribunedufaso.net\/index.php?rest_route=%2Fwp%2Fv2%2Fmedia&parent=25756"}],"wp:term":[{"taxonomy":"category","embeddable":true,"href":"https:\/\/www.latribunedufaso.net\/index.php?rest_route=%2Fwp%2Fv2%2Fcategories&post=25756"},{"taxonomy":"post_tag","embeddable":true,"href":"https:\/\/www.latribunedufaso.net\/index.php?rest_route=%2Fwp%2Fv2%2Ftags&post=25756"}],"curies":[{"name":"wp","href":"https:\/\/api.w.org\/{rel}","templated":true}]}}