{"id":25748,"date":"2025-12-16T18:58:15","date_gmt":"2025-12-16T18:58:15","guid":{"rendered":"https:\/\/www.latribunedufaso.net\/?p=25748"},"modified":"2025-12-16T18:58:15","modified_gmt":"2025-12-16T18:58:15","slug":"energie-atomique-au-burkina-faso-16-projets-et-quatre-initiatives-a-la-loupe-des-experts-du-nucleaire","status":"publish","type":"post","link":"https:\/\/www.latribunedufaso.net\/?p=25748","title":{"rendered":"\u00c9nergie atomique au Burkina Faso : 16 projets et quatre initiatives \u00e0 la loupe des experts du nucl\u00e9aire"},"content":{"rendered":"<p style=\"text-align: left;\"><strong>L\u2019Agence burkinab\u00e8 de l\u2019\u00c9nergie atomique (ABEA), structure relevant de la Pr\u00e9sidence du Faso, a ouvert ce lundi 15 d\u00e9cembre 2025 \u00e0 Ouagadougou, un atelier national sur la mise en \u0153uvre des projets de coop\u00e9ration technique entre le Burkina Faso et l\u2019Agence internationale de l\u2019\u00e9nergie atomique (AIEA), l&rsquo;Accord r\u00e9gional de coop\u00e9ration pour l&rsquo;Afrique (AFRA) et les autres partenaires strat\u00e9giques dans l&rsquo;utilisation pacifique des technologies nucl\u00e9aires.\u00a0\u00a0<\/strong><!--more--><\/p>\n<p>Durant 72 heures, les coordonnateurs r\u00e9unis autour du Directeur G\u00e9n\u00e9ral de l\u2019ABEA, Harouna SAWADOGO, vont pr\u00e9senter leurs projets en lien avec les priorit\u00e9s d\u00e9finies par le Chef de l\u2019\u00c9tat, Son Excellence le Capitaine Ibrahim TRAOR\u00c9 pour permettre au Burkina Faso de b\u00e9n\u00e9ficier des avantages li\u00e9s \u00e0 l\u2019\u00e9nergie nucl\u00e9aire.<\/p>\n<figure id=\"attachment_25750\" aria-describedby=\"caption-attachment-25750\" style=\"width: 2560px\" class=\"wp-caption aligncenter\"><a href=\"https:\/\/www.latribunedufaso.net\/wp-content\/uploads\/2025\/12\/IMG-20251216-WA0138-scaled.jpg\"><img loading=\"lazy\" decoding=\"async\" class=\"size-full wp-image-25750\" src=\"https:\/\/www.latribunedufaso.net\/wp-content\/uploads\/2025\/12\/IMG-20251216-WA0138-scaled.jpg\" alt=\"C\u00e9r\u00e9monie d'ouverture de l'atelier national sur la mise en \u0153uvre des projets de coop\u00e9ration technique entre le Burkina Faso et l\u2019Agence internationale de l\u2019\u00e9nergie atomique (AIEA), 15 d\u00e9cembre 2025\" width=\"2560\" height=\"1943\" srcset=\"https:\/\/www.latribunedufaso.net\/wp-content\/uploads\/2025\/12\/IMG-20251216-WA0138-scaled.jpg 2560w, https:\/\/www.latribunedufaso.net\/wp-content\/uploads\/2025\/12\/IMG-20251216-WA0138-300x228.jpg 300w, https:\/\/www.latribunedufaso.net\/wp-content\/uploads\/2025\/12\/IMG-20251216-WA0138-1024x777.jpg 1024w, https:\/\/www.latribunedufaso.net\/wp-content\/uploads\/2025\/12\/IMG-20251216-WA0138-768x583.jpg 768w, https:\/\/www.latribunedufaso.net\/wp-content\/uploads\/2025\/12\/IMG-20251216-WA0138-1536x1166.jpg 1536w, https:\/\/www.latribunedufaso.net\/wp-content\/uploads\/2025\/12\/IMG-20251216-WA0138-2048x1554.jpg 2048w\" sizes=\"auto, (max-width: 2560px) 100vw, 2560px\" \/><\/a><figcaption id=\"caption-attachment-25750\" class=\"wp-caption-text\">Le Directeur G\u00e9n\u00e9ral de l\u2019ABEA, Harouna SAWADOGO a salu\u00e9 la vision \u00e9clair\u00e9e et l&rsquo;engagement de Son Excellence, le Capitaine Ibrahim TRAOR\u00c9, pour un d\u00e9veloppement durable par la diversification des sources d&rsquo;\u00e9nergie &#8211; Ph. DR<\/figcaption><\/figure>\n<p>Cet atelier va, entre autres, permettre d&rsquo;\u00e9valuer les avanc\u00e9es dans la mise en \u0153uvre des projets de coop\u00e9ration technique sur la p\u00e9riode 2023-2025, d&rsquo;identifier les d\u00e9fis en mati\u00e8re de logistique, de mobilisation de ressources et de coordination, de renforcer les synergies entre les diff\u00e9rentes parties prenantes.<\/p>\n<figure id=\"attachment_25752\" aria-describedby=\"caption-attachment-25752\" style=\"width: 2560px\" class=\"wp-caption aligncenter\"><a href=\"https:\/\/www.latribunedufaso.net\/wp-content\/uploads\/2025\/12\/IMG-20251216-WA0131-scaled.jpg\"><img loading=\"lazy\" decoding=\"async\" class=\"size-full wp-image-25752\" src=\"https:\/\/www.latribunedufaso.net\/wp-content\/uploads\/2025\/12\/IMG-20251216-WA0131-scaled.jpg\" alt=\"C\u00e9r\u00e9monie d'ouverture de l'atelier national sur la mise en \u0153uvre des projets de coop\u00e9ration technique entre le Burkina Faso et l\u2019Agence internationale de l\u2019\u00e9nergie atomique (AIEA), 15 d\u00e9cembre 2025\" width=\"2560\" height=\"1706\" srcset=\"https:\/\/www.latribunedufaso.net\/wp-content\/uploads\/2025\/12\/IMG-20251216-WA0131-scaled.jpg 2560w, https:\/\/www.latribunedufaso.net\/wp-content\/uploads\/2025\/12\/IMG-20251216-WA0131-300x200.jpg 300w, https:\/\/www.latribunedufaso.net\/wp-content\/uploads\/2025\/12\/IMG-20251216-WA0131-1024x683.jpg 1024w, https:\/\/www.latribunedufaso.net\/wp-content\/uploads\/2025\/12\/IMG-20251216-WA0131-768x512.jpg 768w, https:\/\/www.latribunedufaso.net\/wp-content\/uploads\/2025\/12\/IMG-20251216-WA0131-1536x1024.jpg 1536w, https:\/\/www.latribunedufaso.net\/wp-content\/uploads\/2025\/12\/IMG-20251216-WA0131-2048x1365.jpg 2048w, https:\/\/www.latribunedufaso.net\/wp-content\/uploads\/2025\/12\/IMG-20251216-WA0131-840x560.jpg 840w, https:\/\/www.latribunedufaso.net\/wp-content\/uploads\/2025\/12\/IMG-20251216-WA0131-120x80.jpg 120w, https:\/\/www.latribunedufaso.net\/wp-content\/uploads\/2025\/12\/IMG-20251216-WA0131-360x240.jpg 360w, https:\/\/www.latribunedufaso.net\/wp-content\/uploads\/2025\/12\/IMG-20251216-WA0131-600x400.jpg 600w\" sizes=\"auto, (max-width: 2560px) 100vw, 2560px\" \/><\/a><figcaption id=\"caption-attachment-25752\" class=\"wp-caption-text\">Les participants \u00e0 cet atelier vont formuler des recommandations pour que le Burkina Faso b\u00e9n\u00e9ficie des avantages du nucl\u00e9aire, dans une synergie d\u2019action de tous les acteurs &#8211; Ph. DR<\/figcaption><\/figure>\n<p>Pour ce faire, Harouna SAWADOGO rappelle que le Burkina Faso d\u00e9roule actuellement son troisi\u00e8me Programme-cadre national 2023-2028 ax\u00e9 sur 5 priorit\u00e9s strat\u00e9giques :<\/p>\n<ul>\n<li>la sant\u00e9 humaine et la nutrition ;<\/li>\n<li>l&rsquo;agriculture, l&rsquo;\u00e9levage et la s\u00e9curit\u00e9 alimentaire ;<\/li>\n<li>la gestion de l&rsquo;eau et de l&rsquo;environnement ;<\/li>\n<li>la s\u00fbret\u00e9, la s\u00e9curit\u00e9 et la radioprotection ;<\/li>\n<li>l&rsquo;\u00e9nergie et le d\u00e9veloppement des infrastructures \u00e9lectronucl\u00e9aires.<\/li>\n<\/ul>\n<p><em><strong>\u00ab En choisissant d&rsquo;analyser les projets nationaux, r\u00e9gionaux, interr\u00e9gionaux et les initiatives sous le prisme de leur impact socio-\u00e9conomique, nous avons opt\u00e9 pour une approche r\u00e9siliente tourn\u00e9e vers l&rsquo;int\u00e9r\u00eat collectif et inclusif dans chacune de nos actions \u00bb<\/strong><\/em>, souligne M. SAWADOGO.<\/p>\n<blockquote>\n<p>Lire aussi &gt;&gt; <a href=\"https:\/\/www.latribunedufaso.net\/?p=25066\">Souverainet\u00e9 \u00e9nerg\u00e9tique : L\u2019ALT autorise la ratification de l\u2019accord de coop\u00e9ration nucl\u00e9aire avec la Russie<\/a><\/p>\n<\/blockquote>\n<p>Des recommandations seront d\u00e9gag\u00e9es pour une meilleure coordination de la coop\u00e9ration technique en lien avec les technologies nucl\u00e9aires.\u00a0<\/p>\n<p><strong>Latribunedufaso.net<\/strong><\/p>\n<p><strong>Source : Direction de la communication de Pr\u00e9sidence du Faso<\/strong><\/p>\n<p><a href=\"https:\/\/www.latribunedufaso.net\/wp-content\/uploads\/2025\/12\/IMG-20251216-WA0135-scaled.jpg\"><img loading=\"lazy\" decoding=\"async\" class=\"aligncenter size-full wp-image-25751\" src=\"https:\/\/www.latribunedufaso.net\/wp-content\/uploads\/2025\/12\/IMG-20251216-WA0135-scaled.jpg\" alt=\"C\u00e9r\u00e9monie d'ouverture de l'atelier national sur la mise en \u0153uvre des projets de coop\u00e9ration technique entre le Burkina Faso et l\u2019Agence internationale de l\u2019\u00e9nergie atomique (AIEA), 15 d\u00e9cembre 2025\" width=\"2560\" height=\"1833\" srcset=\"https:\/\/www.latribunedufaso.net\/wp-content\/uploads\/2025\/12\/IMG-20251216-WA0135-scaled.jpg 2560w, https:\/\/www.latribunedufaso.net\/wp-content\/uploads\/2025\/12\/IMG-20251216-WA0135-300x215.jpg 300w, https:\/\/www.latribunedufaso.net\/wp-content\/uploads\/2025\/12\/IMG-20251216-WA0135-1024x733.jpg 1024w, https:\/\/www.latribunedufaso.net\/wp-content\/uploads\/2025\/12\/IMG-20251216-WA0135-768x550.jpg 768w, https:\/\/www.latribunedufaso.net\/wp-content\/uploads\/2025\/12\/IMG-20251216-WA0135-1536x1100.jpg 1536w, https:\/\/www.latribunedufaso.net\/wp-content\/uploads\/2025\/12\/IMG-20251216-WA0135-2048x1467.jpg 2048w, https:\/\/www.latribunedufaso.net\/wp-content\/uploads\/2025\/12\/IMG-20251216-WA0135-90x65.jpg 90w\" sizes=\"auto, (max-width: 2560px) 100vw, 2560px\" \/><\/a><\/p>\n","protected":false},"excerpt":{"rendered":"<p>L\u2019Agence burkinab\u00e8 de l\u2019\u00c9nergie atomique (ABEA), structure relevant de la Pr\u00e9sidence du Faso, a ouvert ce lundi 15 d\u00e9cembre 2025 \u00e0 Ouagadougou, un atelier national sur la mise en \u0153uvre des projets de coop\u00e9ration technique entre le Burkina Faso et l\u2019Agence internationale de l\u2019\u00e9nergie atomique (AIEA), l&rsquo;Accord r\u00e9gional de coop\u00e9ration pour l&rsquo;Afrique (AFRA) et les autres partenaires strat\u00e9giques dans l&rsquo;utilisation pacifique des technologies nucl\u00e9aires.\u00a0\u00a0<\/p>\n","protected":false},"author":5,"featured_media":25753,"comment_status":"open","ping_status":"open","sticky":false,"template":"","format":"standard","meta":{"footnotes":""},"categories":[13,1,20],"tags":[1569,310,39],"class_list":["post-25748","post","type-post","status-publish","format-standard","has-post-thumbnail","hentry","category-une","category-actu","category-energie","tag-agence-burkinabe-de-lenergie-atomique-abea","tag-energie-nucleaire","tag-latribunedufaso-net"],"yoast_head":"<!-- This site is optimized with the Yoast SEO plugin v27.4 - https:\/\/yoast.com\/product\/yoast-seo-wordpress\/ -->\n<title>\u00c9nergie atomique au Burkina Faso : 16 projets et quatre initiatives \u00e0 la loupe des experts du nucl\u00e9aire - La Tribune du Faso<\/title>\n<meta name=\"robots\" content=\"index, follow, max-snippet:-1, max-image-preview:large, max-video-preview:-1\" \/>\n<link rel=\"canonical\" href=\"https:\/\/www.latribunedufaso.net\/?p=25748\" \/>\n<meta property=\"og:locale\" content=\"fr_FR\" \/>\n<meta property=\"og:type\" content=\"article\" \/>\n<meta property=\"og:title\" content=\"\u00c9nergie atomique au Burkina Faso : 16 projets et quatre initiatives \u00e0 la loupe des experts du nucl\u00e9aire - La Tribune du Faso\" \/>\n<meta property=\"og:description\" content=\"L\u2019Agence burkinab\u00e8 de l\u2019\u00c9nergie atomique (ABEA), structure relevant de la Pr\u00e9sidence du Faso, a ouvert ce lundi 15 d\u00e9cembre 2025 \u00e0 Ouagadougou, un atelier national sur la mise en \u0153uvre des projets de coop\u00e9ration technique entre le Burkina Faso et l\u2019Agence internationale de l\u2019\u00e9nergie atomique (AIEA), l&rsquo;Accord r\u00e9gional de coop\u00e9ration pour l&rsquo;Afrique (AFRA) et les autres partenaires strat\u00e9giques dans l&rsquo;utilisation pacifique des technologies nucl\u00e9aires.\u00a0\u00a0\" \/>\n<meta property=\"og:url\" content=\"https:\/\/www.latribunedufaso.net\/?p=25748\" \/>\n<meta property=\"og:site_name\" content=\"La Tribune du Faso\" \/>\n<meta property=\"article:publisher\" content=\"https:\/\/www.facebook.com\/LatribuneduFaso\/\" \/>\n<meta property=\"article:published_time\" content=\"2025-12-16T18:58:15+00:00\" \/>\n<meta property=\"og:image\" content=\"https:\/\/www.latribunedufaso.net\/wp-content\/uploads\/2025\/12\/IMG-20251216-WA0129-scaled.jpg\" \/>\n\t<meta property=\"og:image:width\" content=\"2560\" \/>\n\t<meta property=\"og:image:height\" content=\"1719\" \/>\n\t<meta property=\"og:image:type\" content=\"image\/jpeg\" \/>\n<meta name=\"author\" content=\"Issouf Tapsoba\" \/>\n<meta name=\"twitter:label1\" content=\"\u00c9crit par\" \/>\n\t<meta name=\"twitter:data1\" content=\"Issouf Tapsoba\" \/>\n\t<meta name=\"twitter:label2\" content=\"Dur\u00e9e de lecture estim\u00e9e\" \/>\n\t<meta name=\"twitter:data2\" content=\"3 minutes\" \/>\n<script type=\"application\/ld+json\" class=\"yoast-schema-graph\">{\"@context\":\"https:\\\/\\\/schema.org\",\"@graph\":[{\"@type\":\"Article\",\"@id\":\"https:\\\/\\\/www.latribunedufaso.net\\\/?p=25748#article\",\"isPartOf\":{\"@id\":\"https:\\\/\\\/www.latribunedufaso.net\\\/?p=25748\"},\"author\":{\"name\":\"Issouf Tapsoba\",\"@id\":\"https:\\\/\\\/www.latribunedufaso.net\\\/#\\\/schema\\\/person\\\/e54e64c5778a7e72cf80a318b7a622b0\"},\"headline\":\"\u00c9nergie atomique au Burkina Faso : 16 projets et quatre initiatives \u00e0 la loupe des experts du nucl\u00e9aire\",\"datePublished\":\"2025-12-16T18:58:15+00:00\",\"mainEntityOfPage\":{\"@id\":\"https:\\\/\\\/www.latribunedufaso.net\\\/?p=25748\"},\"wordCount\":465,\"commentCount\":0,\"publisher\":{\"@id\":\"https:\\\/\\\/www.latribunedufaso.net\\\/#organization\"},\"image\":{\"@id\":\"https:\\\/\\\/www.latribunedufaso.net\\\/?p=25748#primaryimage\"},\"thumbnailUrl\":\"https:\\\/\\\/www.latribunedufaso.net\\\/wp-content\\\/uploads\\\/2025\\\/12\\\/IMG-20251216-WA0129-scaled.jpg\",\"keywords\":[\"Agence burkinab\u00e8 de l'\u00c9nergie atomique (ABEA)\",\"\u00c9nergie nucl\u00e9aire\",\"latribunedufaso.net\"],\"articleSection\":[\"A la une\",\"Actualit\u00e9\",\"Energie\"],\"inLanguage\":\"fr-FR\",\"potentialAction\":[{\"@type\":\"CommentAction\",\"name\":\"Comment\",\"target\":[\"https:\\\/\\\/www.latribunedufaso.net\\\/?p=25748#respond\"]}]},{\"@type\":\"WebPage\",\"@id\":\"https:\\\/\\\/www.latribunedufaso.net\\\/?p=25748\",\"url\":\"https:\\\/\\\/www.latribunedufaso.net\\\/?p=25748\",\"name\":\"\u00c9nergie atomique au Burkina Faso : 16 projets et quatre initiatives \u00e0 la loupe des experts du nucl\u00e9aire - La Tribune du Faso\",\"isPartOf\":{\"@id\":\"https:\\\/\\\/www.latribunedufaso.net\\\/#website\"},\"primaryImageOfPage\":{\"@id\":\"https:\\\/\\\/www.latribunedufaso.net\\\/?p=25748#primaryimage\"},\"image\":{\"@id\":\"https:\\\/\\\/www.latribunedufaso.net\\\/?p=25748#primaryimage\"},\"thumbnailUrl\":\"https:\\\/\\\/www.latribunedufaso.net\\\/wp-content\\\/uploads\\\/2025\\\/12\\\/IMG-20251216-WA0129-scaled.jpg\",\"datePublished\":\"2025-12-16T18:58:15+00:00\",\"breadcrumb\":{\"@id\":\"https:\\\/\\\/www.latribunedufaso.net\\\/?p=25748#breadcrumb\"},\"inLanguage\":\"fr-FR\",\"potentialAction\":[{\"@type\":\"ReadAction\",\"target\":[\"https:\\\/\\\/www.latribunedufaso.net\\\/?p=25748\"]}]},{\"@type\":\"ImageObject\",\"inLanguage\":\"fr-FR\",\"@id\":\"https:\\\/\\\/www.latribunedufaso.net\\\/?p=25748#primaryimage\",\"url\":\"https:\\\/\\\/www.latribunedufaso.net\\\/wp-content\\\/uploads\\\/2025\\\/12\\\/IMG-20251216-WA0129-scaled.jpg\",\"contentUrl\":\"https:\\\/\\\/www.latribunedufaso.net\\\/wp-content\\\/uploads\\\/2025\\\/12\\\/IMG-20251216-WA0129-scaled.jpg\",\"width\":2560,\"height\":1719,\"caption\":\"C\u00e9r\u00e9monie d'ouverture de l'atelier national sur la mise en \u0153uvre des projets de coop\u00e9ration technique entre le Burkina Faso et l\u2019Agence internationale de l\u2019\u00e9nergie atomique (AIEA), 15 d\u00e9cembre 2025\"},{\"@type\":\"BreadcrumbList\",\"@id\":\"https:\\\/\\\/www.latribunedufaso.net\\\/?p=25748#breadcrumb\",\"itemListElement\":[{\"@type\":\"ListItem\",\"position\":1,\"name\":\"Accueil\",\"item\":\"https:\\\/\\\/www.latribunedufaso.net\\\/\"},{\"@type\":\"ListItem\",\"position\":2,\"name\":\"\u00c9nergie atomique au Burkina Faso : 16 projets et quatre initiatives \u00e0 la loupe des experts du nucl\u00e9aire\"}]},{\"@type\":\"WebSite\",\"@id\":\"https:\\\/\\\/www.latribunedufaso.net\\\/#website\",\"url\":\"https:\\\/\\\/www.latribunedufaso.net\\\/\",\"name\":\"La Tribune du Faso\",\"description\":\"L&#039;information du monde rural en un clic\",\"publisher\":{\"@id\":\"https:\\\/\\\/www.latribunedufaso.net\\\/#organization\"},\"potentialAction\":[{\"@type\":\"SearchAction\",\"target\":{\"@type\":\"EntryPoint\",\"urlTemplate\":\"https:\\\/\\\/www.latribunedufaso.net\\\/?s={search_term_string}\"},\"query-input\":{\"@type\":\"PropertyValueSpecification\",\"valueRequired\":true,\"valueName\":\"search_term_string\"}}],\"inLanguage\":\"fr-FR\"},{\"@type\":\"Organization\",\"@id\":\"https:\\\/\\\/www.latribunedufaso.net\\\/#organization\",\"name\":\"La Tribune du Faso\",\"url\":\"https:\\\/\\\/www.latribunedufaso.net\\\/\",\"logo\":{\"@type\":\"ImageObject\",\"inLanguage\":\"fr-FR\",\"@id\":\"https:\\\/\\\/www.latribunedufaso.net\\\/#\\\/schema\\\/logo\\\/image\\\/\",\"url\":\"https:\\\/\\\/www.latribunedufaso.net\\\/wp-content\\\/uploads\\\/2020\\\/08\\\/Logo-Tribune-du-Faso-final-scaled.jpg\",\"contentUrl\":\"https:\\\/\\\/www.latribunedufaso.net\\\/wp-content\\\/uploads\\\/2020\\\/08\\\/Logo-Tribune-du-Faso-final-scaled.jpg\",\"width\":2560,\"height\":1856,\"caption\":\"La Tribune du Faso\"},\"image\":{\"@id\":\"https:\\\/\\\/www.latribunedufaso.net\\\/#\\\/schema\\\/logo\\\/image\\\/\"},\"sameAs\":[\"https:\\\/\\\/www.facebook.com\\\/LatribuneduFaso\\\/\"]},{\"@type\":\"Person\",\"@id\":\"https:\\\/\\\/www.latribunedufaso.net\\\/#\\\/schema\\\/person\\\/e54e64c5778a7e72cf80a318b7a622b0\",\"name\":\"Issouf Tapsoba\",\"image\":{\"@type\":\"ImageObject\",\"inLanguage\":\"fr-FR\",\"@id\":\"https:\\\/\\\/secure.gravatar.com\\\/avatar\\\/5e6c05150ce3230247d167f5b94d678eb05936197436d69b7921e3a95c9107ac?s=96&d=mm&r=g\",\"url\":\"https:\\\/\\\/secure.gravatar.com\\\/avatar\\\/5e6c05150ce3230247d167f5b94d678eb05936197436d69b7921e3a95c9107ac?s=96&d=mm&r=g\",\"contentUrl\":\"https:\\\/\\\/secure.gravatar.com\\\/avatar\\\/5e6c05150ce3230247d167f5b94d678eb05936197436d69b7921e3a95c9107ac?s=96&d=mm&r=g\",\"caption\":\"Issouf Tapsoba\"},\"url\":\"https:\\\/\\\/www.latribunedufaso.net\\\/?author=5\"}]}<\/script>\n<!-- \/ Yoast SEO plugin. -->","yoast_head_json":{"title":"\u00c9nergie atomique au Burkina Faso : 16 projets et quatre initiatives \u00e0 la loupe des experts du nucl\u00e9aire - La Tribune du Faso","robots":{"index":"index","follow":"follow","max-snippet":"max-snippet:-1","max-image-preview":"max-image-preview:large","max-video-preview":"max-video-preview:-1"},"canonical":"https:\/\/www.latribunedufaso.net\/?p=25748","og_locale":"fr_FR","og_type":"article","og_title":"\u00c9nergie atomique au Burkina Faso : 16 projets et quatre initiatives \u00e0 la loupe des experts du nucl\u00e9aire - La Tribune du Faso","og_description":"L\u2019Agence burkinab\u00e8 de l\u2019\u00c9nergie atomique (ABEA), structure relevant de la Pr\u00e9sidence du Faso, a ouvert ce lundi 15 d\u00e9cembre 2025 \u00e0 Ouagadougou, un atelier national sur la mise en \u0153uvre des projets de coop\u00e9ration technique entre le Burkina Faso et l\u2019Agence internationale de l\u2019\u00e9nergie atomique (AIEA), l&rsquo;Accord r\u00e9gional de coop\u00e9ration pour l&rsquo;Afrique (AFRA) et les autres partenaires strat\u00e9giques dans l&rsquo;utilisation pacifique des technologies nucl\u00e9aires.\u00a0\u00a0","og_url":"https:\/\/www.latribunedufaso.net\/?p=25748","og_site_name":"La Tribune du Faso","article_publisher":"https:\/\/www.facebook.com\/LatribuneduFaso\/","article_published_time":"2025-12-16T18:58:15+00:00","og_image":[{"width":2560,"height":1719,"url":"https:\/\/www.latribunedufaso.net\/wp-content\/uploads\/2025\/12\/IMG-20251216-WA0129-scaled.jpg","type":"image\/jpeg"}],"author":"Issouf Tapsoba","twitter_misc":{"\u00c9crit par":"Issouf Tapsoba","Dur\u00e9e de lecture estim\u00e9e":"3 minutes"},"schema":{"@context":"https:\/\/schema.org","@graph":[{"@type":"Article","@id":"https:\/\/www.latribunedufaso.net\/?p=25748#article","isPartOf":{"@id":"https:\/\/www.latribunedufaso.net\/?p=25748"},"author":{"name":"Issouf Tapsoba","@id":"https:\/\/www.latribunedufaso.net\/#\/schema\/person\/e54e64c5778a7e72cf80a318b7a622b0"},"headline":"\u00c9nergie atomique au Burkina Faso : 16 projets et quatre initiatives \u00e0 la loupe des experts du nucl\u00e9aire","datePublished":"2025-12-16T18:58:15+00:00","mainEntityOfPage":{"@id":"https:\/\/www.latribunedufaso.net\/?p=25748"},"wordCount":465,"commentCount":0,"publisher":{"@id":"https:\/\/www.latribunedufaso.net\/#organization"},"image":{"@id":"https:\/\/www.latribunedufaso.net\/?p=25748#primaryimage"},"thumbnailUrl":"https:\/\/www.latribunedufaso.net\/wp-content\/uploads\/2025\/12\/IMG-20251216-WA0129-scaled.jpg","keywords":["Agence burkinab\u00e8 de l'\u00c9nergie atomique (ABEA)","\u00c9nergie nucl\u00e9aire","latribunedufaso.net"],"articleSection":["A la une","Actualit\u00e9","Energie"],"inLanguage":"fr-FR","potentialAction":[{"@type":"CommentAction","name":"Comment","target":["https:\/\/www.latribunedufaso.net\/?p=25748#respond"]}]},{"@type":"WebPage","@id":"https:\/\/www.latribunedufaso.net\/?p=25748","url":"https:\/\/www.latribunedufaso.net\/?p=25748","name":"\u00c9nergie atomique au Burkina Faso : 16 projets et quatre initiatives \u00e0 la loupe des experts du nucl\u00e9aire - La Tribune du Faso","isPartOf":{"@id":"https:\/\/www.latribunedufaso.net\/#website"},"primaryImageOfPage":{"@id":"https:\/\/www.latribunedufaso.net\/?p=25748#primaryimage"},"image":{"@id":"https:\/\/www.latribunedufaso.net\/?p=25748#primaryimage"},"thumbnailUrl":"https:\/\/www.latribunedufaso.net\/wp-content\/uploads\/2025\/12\/IMG-20251216-WA0129-scaled.jpg","datePublished":"2025-12-16T18:58:15+00:00","breadcrumb":{"@id":"https:\/\/www.latribunedufaso.net\/?p=25748#breadcrumb"},"inLanguage":"fr-FR","potentialAction":[{"@type":"ReadAction","target":["https:\/\/www.latribunedufaso.net\/?p=25748"]}]},{"@type":"ImageObject","inLanguage":"fr-FR","@id":"https:\/\/www.latribunedufaso.net\/?p=25748#primaryimage","url":"https:\/\/www.latribunedufaso.net\/wp-content\/uploads\/2025\/12\/IMG-20251216-WA0129-scaled.jpg","contentUrl":"https:\/\/www.latribunedufaso.net\/wp-content\/uploads\/2025\/12\/IMG-20251216-WA0129-scaled.jpg","width":2560,"height":1719,"caption":"C\u00e9r\u00e9monie d'ouverture de l'atelier national sur la mise en \u0153uvre des projets de coop\u00e9ration technique entre le Burkina Faso et l\u2019Agence internationale de l\u2019\u00e9nergie atomique (AIEA), 15 d\u00e9cembre 2025"},{"@type":"BreadcrumbList","@id":"https:\/\/www.latribunedufaso.net\/?p=25748#breadcrumb","itemListElement":[{"@type":"ListItem","position":1,"name":"Accueil","item":"https:\/\/www.latribunedufaso.net\/"},{"@type":"ListItem","position":2,"name":"\u00c9nergie atomique au Burkina Faso : 16 projets et quatre initiatives \u00e0 la loupe des experts du nucl\u00e9aire"}]},{"@type":"WebSite","@id":"https:\/\/www.latribunedufaso.net\/#website","url":"https:\/\/www.latribunedufaso.net\/","name":"La Tribune du Faso","description":"L&#039;information du monde rural en un clic","publisher":{"@id":"https:\/\/www.latribunedufaso.net\/#organization"},"potentialAction":[{"@type":"SearchAction","target":{"@type":"EntryPoint","urlTemplate":"https:\/\/www.latribunedufaso.net\/?s={search_term_string}"},"query-input":{"@type":"PropertyValueSpecification","valueRequired":true,"valueName":"search_term_string"}}],"inLanguage":"fr-FR"},{"@type":"Organization","@id":"https:\/\/www.latribunedufaso.net\/#organization","name":"La Tribune du Faso","url":"https:\/\/www.latribunedufaso.net\/","logo":{"@type":"ImageObject","inLanguage":"fr-FR","@id":"https:\/\/www.latribunedufaso.net\/#\/schema\/logo\/image\/","url":"https:\/\/www.latribunedufaso.net\/wp-content\/uploads\/2020\/08\/Logo-Tribune-du-Faso-final-scaled.jpg","contentUrl":"https:\/\/www.latribunedufaso.net\/wp-content\/uploads\/2020\/08\/Logo-Tribune-du-Faso-final-scaled.jpg","width":2560,"height":1856,"caption":"La Tribune du Faso"},"image":{"@id":"https:\/\/www.latribunedufaso.net\/#\/schema\/logo\/image\/"},"sameAs":["https:\/\/www.facebook.com\/LatribuneduFaso\/"]},{"@type":"Person","@id":"https:\/\/www.latribunedufaso.net\/#\/schema\/person\/e54e64c5778a7e72cf80a318b7a622b0","name":"Issouf Tapsoba","image":{"@type":"ImageObject","inLanguage":"fr-FR","@id":"https:\/\/secure.gravatar.com\/avatar\/5e6c05150ce3230247d167f5b94d678eb05936197436d69b7921e3a95c9107ac?s=96&d=mm&r=g","url":"https:\/\/secure.gravatar.com\/avatar\/5e6c05150ce3230247d167f5b94d678eb05936197436d69b7921e3a95c9107ac?s=96&d=mm&r=g","contentUrl":"https:\/\/secure.gravatar.com\/avatar\/5e6c05150ce3230247d167f5b94d678eb05936197436d69b7921e3a95c9107ac?s=96&d=mm&r=g","caption":"Issouf Tapsoba"},"url":"https:\/\/www.latribunedufaso.net\/?author=5"}]}},"_links":{"self":[{"href":"https:\/\/www.latribunedufaso.net\/index.php?rest_route=\/wp\/v2\/posts\/25748","targetHints":{"allow":["GET"]}}],"collection":[{"href":"https:\/\/www.latribunedufaso.net\/index.php?rest_route=\/wp\/v2\/posts"}],"about":[{"href":"https:\/\/www.latribunedufaso.net\/index.php?rest_route=\/wp\/v2\/types\/post"}],"author":[{"embeddable":true,"href":"https:\/\/www.latribunedufaso.net\/index.php?rest_route=\/wp\/v2\/users\/5"}],"replies":[{"embeddable":true,"href":"https:\/\/www.latribunedufaso.net\/index.php?rest_route=%2Fwp%2Fv2%2Fcomments&post=25748"}],"version-history":[{"count":2,"href":"https:\/\/www.latribunedufaso.net\/index.php?rest_route=\/wp\/v2\/posts\/25748\/revisions"}],"predecessor-version":[{"id":25755,"href":"https:\/\/www.latribunedufaso.net\/index.php?rest_route=\/wp\/v2\/posts\/25748\/revisions\/25755"}],"wp:featuredmedia":[{"embeddable":true,"href":"https:\/\/www.latribunedufaso.net\/index.php?rest_route=\/wp\/v2\/media\/25753"}],"wp:attachment":[{"href":"https:\/\/www.latribunedufaso.net\/index.php?rest_route=%2Fwp%2Fv2%2Fmedia&parent=25748"}],"wp:term":[{"taxonomy":"category","embeddable":true,"href":"https:\/\/www.latribunedufaso.net\/index.php?rest_route=%2Fwp%2Fv2%2Fcategories&post=25748"},{"taxonomy":"post_tag","embeddable":true,"href":"https:\/\/www.latribunedufaso.net\/index.php?rest_route=%2Fwp%2Fv2%2Ftags&post=25748"}],"curies":[{"name":"wp","href":"https:\/\/api.w.org\/{rel}","templated":true}]}}