{"id":25703,"date":"2025-12-16T10:24:40","date_gmt":"2025-12-16T10:24:40","guid":{"rendered":"https:\/\/www.latribunedufaso.net\/?p=25703"},"modified":"2025-12-16T10:24:40","modified_gmt":"2025-12-16T10:24:40","slug":"istic-une-journee-dintegration-pour-renforcer-la-cohesion-entre-etudiants","status":"publish","type":"post","link":"https:\/\/www.latribunedufaso.net\/?p=25703","title":{"rendered":"ISTIC : Une journ\u00e9e d\u2019int\u00e9gration pour renforcer la coh\u00e9sion entre \u00e9tudiants\u00a0"},"content":{"rendered":"<p style=\"text-align: left;\"><strong>Le Bureau des stagiaires de l\u2019Institut des sciences et techniques de l\u2019information et de la communication (ISTIC) a organis\u00e9, le lundi 15 d\u00e9cembre 2025 \u00e0 Ouagadougou, une journ\u00e9e d\u2019int\u00e9gration visant \u00e0 renforcer la coh\u00e9sion, le sentiment d\u2019appartenance et les relations interpromotionnelles entre les \u00e9tudiants.\u00a0<\/strong><!--more--><\/p>\n<p>Selon le d\u00e9l\u00e9gu\u00e9 g\u00e9n\u00e9ral des stagiaires, Claver Mandzaba, cette activit\u00e9 constitue un cadre de brassage et de transmission des valeurs fondamentales de l\u2019institut. Il a soulign\u00e9 que la diversit\u00e9 des profils des stagiaires appelle des actions favorisant l\u2019int\u00e9gration, la solidarit\u00e9 et le vivre-ensemble.\u00a0<\/p>\n<figure id=\"attachment_25711\" aria-describedby=\"caption-attachment-25711\" style=\"width: 2560px\" class=\"wp-caption aligncenter\"><a href=\"https:\/\/www.latribunedufaso.net\/wp-content\/uploads\/2025\/12\/IMG-20251216-WA0038.jpg\"><img loading=\"lazy\" decoding=\"async\" class=\"size-full wp-image-25711\" src=\"https:\/\/www.latribunedufaso.net\/wp-content\/uploads\/2025\/12\/IMG-20251216-WA0038.jpg\" alt=\"Le Bureau des stagiaires de l'ISTIC a organis\u00e9 une journ\u00e9e d\u2019int\u00e9gration visant \u00e0 renforcer la coh\u00e9sio entre les \u00e9tudiants, 15 d\u00e9cembre 2025\" width=\"2560\" height=\"1735\" srcset=\"https:\/\/www.latribunedufaso.net\/wp-content\/uploads\/2025\/12\/IMG-20251216-WA0038.jpg 2560w, https:\/\/www.latribunedufaso.net\/wp-content\/uploads\/2025\/12\/IMG-20251216-WA0038-300x203.jpg 300w, https:\/\/www.latribunedufaso.net\/wp-content\/uploads\/2025\/12\/IMG-20251216-WA0038-1024x694.jpg 1024w, https:\/\/www.latribunedufaso.net\/wp-content\/uploads\/2025\/12\/IMG-20251216-WA0038-768x521.jpg 768w, https:\/\/www.latribunedufaso.net\/wp-content\/uploads\/2025\/12\/IMG-20251216-WA0038-1536x1041.jpg 1536w, https:\/\/www.latribunedufaso.net\/wp-content\/uploads\/2025\/12\/IMG-20251216-WA0038-2048x1388.jpg 2048w, https:\/\/www.latribunedufaso.net\/wp-content\/uploads\/2025\/12\/IMG-20251216-WA0038-120x80.jpg 120w\" sizes=\"auto, (max-width: 2560px) 100vw, 2560px\" \/><\/a><figcaption id=\"caption-attachment-25711\" class=\"wp-caption-text\">Le D\u00e9l\u00e9gu\u00e9 g\u00e9n\u00e9ral des stagiaires, Claver Mandzaba &#8211; Ph. DR<\/figcaption><\/figure>\n<p>Pr\u00e9sid\u00e9e par la Directrice g\u00e9n\u00e9rale de l\u2019ISTIC, Dr Alizeta Ouoba\/Compaor\u00e9, la journ\u00e9e a d\u00e9but\u00e9 par la traditionnelle mont\u00e9e des couleurs nationales dans l\u2019enceinte de l\u2019institut. \u00c0 cette occasion, elle a salu\u00e9 l\u2019engagement civique des stagiaires et f\u00e9licit\u00e9 le nouveau Bureau des stagiaires pour son dynamisme. Elle a \u00e9galement encourag\u00e9 l\u2019ensemble des \u00e9tudiants \u00e0 porter haut les valeurs et l\u2019image de l\u2019ISTIC.\u00a0<\/p>\n<figure id=\"attachment_25713\" aria-describedby=\"caption-attachment-25713\" style=\"width: 2560px\" class=\"wp-caption aligncenter\"><a href=\"https:\/\/www.latribunedufaso.net\/wp-content\/uploads\/2025\/12\/IMG-20251216-WA0081.jpg\"><img loading=\"lazy\" decoding=\"async\" class=\"size-full wp-image-25713\" src=\"https:\/\/www.latribunedufaso.net\/wp-content\/uploads\/2025\/12\/IMG-20251216-WA0081.jpg\" alt=\"Le Bureau des stagiaires de l'ISTIC a organis\u00e9 une journ\u00e9e d\u2019int\u00e9gration visant \u00e0 renforcer la coh\u00e9sio entre les \u00e9tudiants, 15 d\u00e9cembre 2025\" width=\"2560\" height=\"1706\" srcset=\"https:\/\/www.latribunedufaso.net\/wp-content\/uploads\/2025\/12\/IMG-20251216-WA0081.jpg 2560w, https:\/\/www.latribunedufaso.net\/wp-content\/uploads\/2025\/12\/IMG-20251216-WA0081-300x200.jpg 300w, https:\/\/www.latribunedufaso.net\/wp-content\/uploads\/2025\/12\/IMG-20251216-WA0081-1024x682.jpg 1024w, https:\/\/www.latribunedufaso.net\/wp-content\/uploads\/2025\/12\/IMG-20251216-WA0081-768x512.jpg 768w, https:\/\/www.latribunedufaso.net\/wp-content\/uploads\/2025\/12\/IMG-20251216-WA0081-1536x1024.jpg 1536w, https:\/\/www.latribunedufaso.net\/wp-content\/uploads\/2025\/12\/IMG-20251216-WA0081-2048x1365.jpg 2048w, https:\/\/www.latribunedufaso.net\/wp-content\/uploads\/2025\/12\/IMG-20251216-WA0081-840x560.jpg 840w, https:\/\/www.latribunedufaso.net\/wp-content\/uploads\/2025\/12\/IMG-20251216-WA0081-120x80.jpg 120w, https:\/\/www.latribunedufaso.net\/wp-content\/uploads\/2025\/12\/IMG-20251216-WA0081-360x240.jpg 360w, https:\/\/www.latribunedufaso.net\/wp-content\/uploads\/2025\/12\/IMG-20251216-WA0081-600x400.jpg 600w\" sizes=\"auto, (max-width: 2560px) 100vw, 2560px\" \/><\/a><figcaption id=\"caption-attachment-25713\" class=\"wp-caption-text\">La Directrice g\u00e9n\u00e9rale de l\u2019ISTIC, Dr Alizeta Ouoba\/Compaor\u00e9 &#8211; Ph. DR<\/figcaption><\/figure>\n<p>Les activit\u00e9s se sont poursuivies par une s\u00e9ance de pose de pav\u00e9s sur le site de l\u2019initiative pr\u00e9sidentielle Faso M\u00eabo, situ\u00e9 sur l\u2019avenue Thomas Sankara. Le parrain de la journ\u00e9e, Zoumana Traor\u00e9, ancien Directeur g\u00e9n\u00e9ral de l\u2019ISTIC, a indiqu\u00e9 que cette action s\u2019inscrit dans une d\u00e9marche de communication sociale visant \u00e0 promouvoir la mobilisation collective autour des initiatives de d\u00e9veloppement national.\u00a0<\/p>\n<figure id=\"attachment_25708\" aria-describedby=\"caption-attachment-25708\" style=\"width: 2560px\" class=\"wp-caption aligncenter\"><a href=\"https:\/\/www.latribunedufaso.net\/wp-content\/uploads\/2025\/12\/IMG-20251216-WA0075.jpg\"><img loading=\"lazy\" decoding=\"async\" class=\"size-full wp-image-25708\" src=\"https:\/\/www.latribunedufaso.net\/wp-content\/uploads\/2025\/12\/IMG-20251216-WA0075.jpg\" alt=\"Le Bureau des stagiaires de l'ISTIC a organis\u00e9 une journ\u00e9e d\u2019int\u00e9gration visant \u00e0 renforcer la coh\u00e9sio entre les \u00e9tudiants, 15 d\u00e9cembre 2025\" width=\"2560\" height=\"1706\" srcset=\"https:\/\/www.latribunedufaso.net\/wp-content\/uploads\/2025\/12\/IMG-20251216-WA0075.jpg 2560w, https:\/\/www.latribunedufaso.net\/wp-content\/uploads\/2025\/12\/IMG-20251216-WA0075-300x200.jpg 300w, https:\/\/www.latribunedufaso.net\/wp-content\/uploads\/2025\/12\/IMG-20251216-WA0075-1024x682.jpg 1024w, https:\/\/www.latribunedufaso.net\/wp-content\/uploads\/2025\/12\/IMG-20251216-WA0075-768x512.jpg 768w, https:\/\/www.latribunedufaso.net\/wp-content\/uploads\/2025\/12\/IMG-20251216-WA0075-1536x1024.jpg 1536w, https:\/\/www.latribunedufaso.net\/wp-content\/uploads\/2025\/12\/IMG-20251216-WA0075-2048x1365.jpg 2048w, https:\/\/www.latribunedufaso.net\/wp-content\/uploads\/2025\/12\/IMG-20251216-WA0075-840x560.jpg 840w, https:\/\/www.latribunedufaso.net\/wp-content\/uploads\/2025\/12\/IMG-20251216-WA0075-120x80.jpg 120w, https:\/\/www.latribunedufaso.net\/wp-content\/uploads\/2025\/12\/IMG-20251216-WA0075-360x240.jpg 360w, https:\/\/www.latribunedufaso.net\/wp-content\/uploads\/2025\/12\/IMG-20251216-WA0075-600x400.jpg 600w\" sizes=\"auto, (max-width: 2560px) 100vw, 2560px\" \/><\/a><figcaption id=\"caption-attachment-25708\" class=\"wp-caption-text\">Une vue des \u00e9tudiants sur le site de Faso M\u00eabo &#8211; Ph. DR<\/figcaption><\/figure>\n<p>Pour le d\u00e9l\u00e9gu\u00e9 g\u00e9n\u00e9ral des stagiaires, cette initiative cadre pleinement avec l\u2019esprit de la journ\u00e9e d\u2019int\u00e9gration. Il a pr\u00e9cis\u00e9 que la visite du site de Faso M\u00eabo permettra aux stagiaires de mieux appr\u00e9hender une initiative nationale, tout en renfor\u00e7ant leur sentiment d\u2019appartenance \u00e0 la Nation \u00e0 travers une exp\u00e9rience collective.\u00a0<\/p>\n<figure id=\"attachment_25706\" aria-describedby=\"caption-attachment-25706\" style=\"width: 2560px\" class=\"wp-caption aligncenter\"><a href=\"https:\/\/www.latribunedufaso.net\/wp-content\/uploads\/2025\/12\/IMG-20251216-WA0080.jpg\"><img loading=\"lazy\" decoding=\"async\" class=\"size-full wp-image-25706\" src=\"https:\/\/www.latribunedufaso.net\/wp-content\/uploads\/2025\/12\/IMG-20251216-WA0080.jpg\" alt=\"Le Bureau des stagiaires de l'ISTIC a organis\u00e9 une journ\u00e9e d\u2019int\u00e9gration visant \u00e0 renforcer la coh\u00e9sio entre les \u00e9tudiants, 15 d\u00e9cembre 2025\" width=\"2560\" height=\"1254\" srcset=\"https:\/\/www.latribunedufaso.net\/wp-content\/uploads\/2025\/12\/IMG-20251216-WA0080.jpg 2560w, https:\/\/www.latribunedufaso.net\/wp-content\/uploads\/2025\/12\/IMG-20251216-WA0080-300x147.jpg 300w, https:\/\/www.latribunedufaso.net\/wp-content\/uploads\/2025\/12\/IMG-20251216-WA0080-1024x502.jpg 1024w, https:\/\/www.latribunedufaso.net\/wp-content\/uploads\/2025\/12\/IMG-20251216-WA0080-768x376.jpg 768w, https:\/\/www.latribunedufaso.net\/wp-content\/uploads\/2025\/12\/IMG-20251216-WA0080-1536x752.jpg 1536w, https:\/\/www.latribunedufaso.net\/wp-content\/uploads\/2025\/12\/IMG-20251216-WA0080-2048x1003.jpg 2048w\" sizes=\"auto, (max-width: 2560px) 100vw, 2560px\" \/><\/a><figcaption id=\"caption-attachment-25706\" class=\"wp-caption-text\">Une vue des \u00e9changes de partage d&rsquo;exp\u00e9riences entre les \u00e9tudiants &#8211; Ph. DR<\/figcaption><\/figure>\n<p>De retour \u00e0 l\u2019ISTIC, les stagiaires de deuxi\u00e8me ann\u00e9e ont partag\u00e9 leurs exp\u00e9riences acad\u00e9miques avec les \u00e9tudiants de premi\u00e8re ann\u00e9e lors d\u2019\u00e9changes anim\u00e9s par S\u00e9ry Baoula, stagiaire conseiller en journalisme, et Jo\u00ebl Patrick Poukinwilgba Koala, stagiaire assistant en journalisme. Ces \u00e9changes ont \u00e9t\u00e9 suivis d\u2019une s\u00e9ance de parrainage instaurant un syst\u00e8me de mentorat entre les diff\u00e9rentes promotions.\u00a0<\/p>\n<blockquote>\n<p>Lire aussi &gt;&gt; <a href=\"https:\/\/www.latribunedufaso.net\/?p=23776\">Soutenance \u00e0 l\u2019ISTIC : Rachide Zongo analyse les enjeux de la d\u00e9marche marketing territorial du Conseil r\u00e9gional du Guiriko<\/a><\/p>\n<\/blockquote>\n<p>La journ\u00e9e d\u2019int\u00e9gration a b\u00e9n\u00e9fici\u00e9 du coparrainage de trois anciens stagiaires de l\u2019ISTIC : David Ganou, Directeur g\u00e9n\u00e9ral de la Soci\u00e9t\u00e9 burkinab\u00e8 de t\u00e9l\u00e9diffusion (SBT), Yirmal\u00e8 Fr\u00e9d\u00e9ric Som\u00e9, Directeur g\u00e9n\u00e9ral de la Communication et des M\u00e9dias, et Youssouf Sawadogo, Directeur de la Communication et des Relations du minist\u00e8re de l\u2019Agriculture.<\/p>\n<p><strong>Zakaria OU\u00c9DRAOGO<\/strong><\/p>\n<p><strong>Latribunedufaso.net<\/strong><\/p>\n<p><a href=\"https:\/\/www.latribunedufaso.net\/wp-content\/uploads\/2025\/12\/IMG-20251216-WA0037.jpg\"><img loading=\"lazy\" decoding=\"async\" class=\"aligncenter size-full wp-image-25712\" src=\"https:\/\/www.latribunedufaso.net\/wp-content\/uploads\/2025\/12\/IMG-20251216-WA0037.jpg\" alt=\"Le Bureau des stagiaires de l'ISTIC a organis\u00e9 une journ\u00e9e d\u2019int\u00e9gration visant \u00e0 renforcer la coh\u00e9sio entre les \u00e9tudiants, 15 d\u00e9cembre 2025\" width=\"2560\" height=\"1982\" srcset=\"https:\/\/www.latribunedufaso.net\/wp-content\/uploads\/2025\/12\/IMG-20251216-WA0037.jpg 2560w, https:\/\/www.latribunedufaso.net\/wp-content\/uploads\/2025\/12\/IMG-20251216-WA0037-300x232.jpg 300w, https:\/\/www.latribunedufaso.net\/wp-content\/uploads\/2025\/12\/IMG-20251216-WA0037-1024x793.jpg 1024w, https:\/\/www.latribunedufaso.net\/wp-content\/uploads\/2025\/12\/IMG-20251216-WA0037-768x595.jpg 768w, https:\/\/www.latribunedufaso.net\/wp-content\/uploads\/2025\/12\/IMG-20251216-WA0037-1536x1189.jpg 1536w, https:\/\/www.latribunedufaso.net\/wp-content\/uploads\/2025\/12\/IMG-20251216-WA0037-2048x1586.jpg 2048w\" sizes=\"auto, (max-width: 2560px) 100vw, 2560px\" \/><\/a><a href=\"https:\/\/www.latribunedufaso.net\/wp-content\/uploads\/2025\/12\/IMG-20251216-WA0077.jpg\"><img loading=\"lazy\" decoding=\"async\" class=\"aligncenter size-full wp-image-25707\" src=\"https:\/\/www.latribunedufaso.net\/wp-content\/uploads\/2025\/12\/IMG-20251216-WA0077.jpg\" alt=\"Le Bureau des stagiaires de l'ISTIC a organis\u00e9 une journ\u00e9e d\u2019int\u00e9gration visant \u00e0 renforcer la coh\u00e9sio entre les \u00e9tudiants, 15 d\u00e9cembre 2025\" width=\"2560\" height=\"1619\" srcset=\"https:\/\/www.latribunedufaso.net\/wp-content\/uploads\/2025\/12\/IMG-20251216-WA0077.jpg 2560w, https:\/\/www.latribunedufaso.net\/wp-content\/uploads\/2025\/12\/IMG-20251216-WA0077-300x190.jpg 300w, https:\/\/www.latribunedufaso.net\/wp-content\/uploads\/2025\/12\/IMG-20251216-WA0077-1024x648.jpg 1024w, https:\/\/www.latribunedufaso.net\/wp-content\/uploads\/2025\/12\/IMG-20251216-WA0077-768x486.jpg 768w, https:\/\/www.latribunedufaso.net\/wp-content\/uploads\/2025\/12\/IMG-20251216-WA0077-1536x971.jpg 1536w, https:\/\/www.latribunedufaso.net\/wp-content\/uploads\/2025\/12\/IMG-20251216-WA0077-2048x1295.jpg 2048w\" sizes=\"auto, (max-width: 2560px) 100vw, 2560px\" \/><\/a><a href=\"https:\/\/www.latribunedufaso.net\/wp-content\/uploads\/2025\/12\/IMG-20251216-WA0039.jpg\"><img loading=\"lazy\" decoding=\"async\" class=\"aligncenter size-full wp-image-25710\" src=\"https:\/\/www.latribunedufaso.net\/wp-content\/uploads\/2025\/12\/IMG-20251216-WA0039.jpg\" alt=\"Le Bureau des stagiaires de l'ISTIC a organis\u00e9 une journ\u00e9e d\u2019int\u00e9gration visant \u00e0 renforcer la coh\u00e9sio entre les \u00e9tudiants, 15 d\u00e9cembre 2025\" width=\"2560\" height=\"1395\" srcset=\"https:\/\/www.latribunedufaso.net\/wp-content\/uploads\/2025\/12\/IMG-20251216-WA0039.jpg 2560w, https:\/\/www.latribunedufaso.net\/wp-content\/uploads\/2025\/12\/IMG-20251216-WA0039-300x163.jpg 300w, https:\/\/www.latribunedufaso.net\/wp-content\/uploads\/2025\/12\/IMG-20251216-WA0039-1024x558.jpg 1024w, https:\/\/www.latribunedufaso.net\/wp-content\/uploads\/2025\/12\/IMG-20251216-WA0039-768x419.jpg 768w, https:\/\/www.latribunedufaso.net\/wp-content\/uploads\/2025\/12\/IMG-20251216-WA0039-1536x837.jpg 1536w, https:\/\/www.latribunedufaso.net\/wp-content\/uploads\/2025\/12\/IMG-20251216-WA0039-2048x1116.jpg 2048w\" sizes=\"auto, (max-width: 2560px) 100vw, 2560px\" \/><\/a><\/p>\n","protected":false},"excerpt":{"rendered":"<p>Le Bureau des stagiaires de l\u2019Institut des sciences et techniques de l\u2019information et de la communication (ISTIC) a organis\u00e9, le lundi 15 d\u00e9cembre 2025 \u00e0 Ouagadougou, une journ\u00e9e d\u2019int\u00e9gration visant \u00e0 renforcer la coh\u00e9sion, le sentiment d\u2019appartenance et les relations interpromotionnelles entre les \u00e9tudiants.\u00a0<\/p>\n","protected":false},"author":5,"featured_media":25709,"comment_status":"open","ping_status":"open","sticky":false,"template":"","format":"standard","meta":{"footnotes":""},"categories":[13,1,31],"tags":[1853,1854,39],"class_list":["post-25703","post","type-post","status-publish","format-standard","has-post-thumbnail","hentry","category-une","category-actu","category-education","tag-istic","tag-journee-dintegration-istic","tag-latribunedufaso-net"],"yoast_head":"<!-- This site is optimized with the Yoast SEO plugin v27.5 - https:\/\/yoast.com\/product\/yoast-seo-wordpress\/ -->\n<title>ISTIC : Une journ\u00e9e d\u2019int\u00e9gration pour renforcer la coh\u00e9sion entre \u00e9tudiants\u00a0 - La Tribune du Faso<\/title>\n<meta name=\"robots\" content=\"index, follow, max-snippet:-1, max-image-preview:large, max-video-preview:-1\" \/>\n<link rel=\"canonical\" href=\"https:\/\/www.latribunedufaso.net\/?p=25703\" \/>\n<meta property=\"og:locale\" content=\"fr_FR\" \/>\n<meta property=\"og:type\" content=\"article\" \/>\n<meta property=\"og:title\" content=\"ISTIC : Une journ\u00e9e d\u2019int\u00e9gration pour renforcer la coh\u00e9sion entre \u00e9tudiants\u00a0 - La Tribune du Faso\" \/>\n<meta property=\"og:description\" content=\"Le Bureau des stagiaires de l\u2019Institut des sciences et techniques de l\u2019information et de la communication (ISTIC) a organis\u00e9, le lundi 15 d\u00e9cembre 2025 \u00e0 Ouagadougou, une journ\u00e9e d\u2019int\u00e9gration visant \u00e0 renforcer la coh\u00e9sion, le sentiment d\u2019appartenance et les relations interpromotionnelles entre les \u00e9tudiants.\u00a0\" \/>\n<meta property=\"og:url\" content=\"https:\/\/www.latribunedufaso.net\/?p=25703\" \/>\n<meta property=\"og:site_name\" content=\"La Tribune du Faso\" \/>\n<meta property=\"article:publisher\" content=\"https:\/\/www.facebook.com\/LatribuneduFaso\/\" \/>\n<meta property=\"article:published_time\" content=\"2025-12-16T10:24:40+00:00\" \/>\n<meta property=\"og:image\" content=\"https:\/\/www.latribunedufaso.net\/wp-content\/uploads\/2025\/12\/IMG-20251216-WA0064.jpg\" \/>\n\t<meta property=\"og:image:width\" content=\"2560\" \/>\n\t<meta property=\"og:image:height\" content=\"1264\" \/>\n\t<meta property=\"og:image:type\" content=\"image\/jpeg\" \/>\n<meta name=\"author\" content=\"Issouf Tapsoba\" \/>\n<meta name=\"twitter:label1\" content=\"\u00c9crit par\" \/>\n\t<meta name=\"twitter:data1\" content=\"Issouf Tapsoba\" \/>\n\t<meta name=\"twitter:label2\" content=\"Dur\u00e9e de lecture estim\u00e9e\" \/>\n\t<meta name=\"twitter:data2\" content=\"4 minutes\" \/>\n<script type=\"application\/ld+json\" class=\"yoast-schema-graph\">{\"@context\":\"https:\\\/\\\/schema.org\",\"@graph\":[{\"@type\":\"Article\",\"@id\":\"https:\\\/\\\/www.latribunedufaso.net\\\/?p=25703#article\",\"isPartOf\":{\"@id\":\"https:\\\/\\\/www.latribunedufaso.net\\\/?p=25703\"},\"author\":{\"name\":\"Issouf Tapsoba\",\"@id\":\"https:\\\/\\\/www.latribunedufaso.net\\\/#\\\/schema\\\/person\\\/e54e64c5778a7e72cf80a318b7a622b0\"},\"headline\":\"ISTIC : Une journ\u00e9e d\u2019int\u00e9gration pour renforcer la coh\u00e9sion entre \u00e9tudiants\u00a0\",\"datePublished\":\"2025-12-16T10:24:40+00:00\",\"mainEntityOfPage\":{\"@id\":\"https:\\\/\\\/www.latribunedufaso.net\\\/?p=25703\"},\"wordCount\":576,\"commentCount\":0,\"publisher\":{\"@id\":\"https:\\\/\\\/www.latribunedufaso.net\\\/#organization\"},\"image\":{\"@id\":\"https:\\\/\\\/www.latribunedufaso.net\\\/?p=25703#primaryimage\"},\"thumbnailUrl\":\"https:\\\/\\\/www.latribunedufaso.net\\\/wp-content\\\/uploads\\\/2025\\\/12\\\/IMG-20251216-WA0064.jpg\",\"keywords\":[\"ISTIC\",\"Journ\u00e9e d'int\u00e9gration ISTIC\",\"latribunedufaso.net\"],\"articleSection\":[\"A la une\",\"Actualit\u00e9\",\"\u00c9ducation\"],\"inLanguage\":\"fr-FR\",\"potentialAction\":[{\"@type\":\"CommentAction\",\"name\":\"Comment\",\"target\":[\"https:\\\/\\\/www.latribunedufaso.net\\\/?p=25703#respond\"]}]},{\"@type\":\"WebPage\",\"@id\":\"https:\\\/\\\/www.latribunedufaso.net\\\/?p=25703\",\"url\":\"https:\\\/\\\/www.latribunedufaso.net\\\/?p=25703\",\"name\":\"ISTIC : Une journ\u00e9e d\u2019int\u00e9gration pour renforcer la coh\u00e9sion entre \u00e9tudiants\u00a0 - La Tribune du Faso\",\"isPartOf\":{\"@id\":\"https:\\\/\\\/www.latribunedufaso.net\\\/#website\"},\"primaryImageOfPage\":{\"@id\":\"https:\\\/\\\/www.latribunedufaso.net\\\/?p=25703#primaryimage\"},\"image\":{\"@id\":\"https:\\\/\\\/www.latribunedufaso.net\\\/?p=25703#primaryimage\"},\"thumbnailUrl\":\"https:\\\/\\\/www.latribunedufaso.net\\\/wp-content\\\/uploads\\\/2025\\\/12\\\/IMG-20251216-WA0064.jpg\",\"datePublished\":\"2025-12-16T10:24:40+00:00\",\"breadcrumb\":{\"@id\":\"https:\\\/\\\/www.latribunedufaso.net\\\/?p=25703#breadcrumb\"},\"inLanguage\":\"fr-FR\",\"potentialAction\":[{\"@type\":\"ReadAction\",\"target\":[\"https:\\\/\\\/www.latribunedufaso.net\\\/?p=25703\"]}]},{\"@type\":\"ImageObject\",\"inLanguage\":\"fr-FR\",\"@id\":\"https:\\\/\\\/www.latribunedufaso.net\\\/?p=25703#primaryimage\",\"url\":\"https:\\\/\\\/www.latribunedufaso.net\\\/wp-content\\\/uploads\\\/2025\\\/12\\\/IMG-20251216-WA0064.jpg\",\"contentUrl\":\"https:\\\/\\\/www.latribunedufaso.net\\\/wp-content\\\/uploads\\\/2025\\\/12\\\/IMG-20251216-WA0064.jpg\",\"width\":2560,\"height\":1264,\"caption\":\"Le Bureau des stagiaires de l'ISTIC a organis\u00e9 une journ\u00e9e d\u2019int\u00e9gration visant \u00e0 renforcer la coh\u00e9sio entre les \u00e9tudiants, 15 d\u00e9cembre 2025\"},{\"@type\":\"BreadcrumbList\",\"@id\":\"https:\\\/\\\/www.latribunedufaso.net\\\/?p=25703#breadcrumb\",\"itemListElement\":[{\"@type\":\"ListItem\",\"position\":1,\"name\":\"Accueil\",\"item\":\"https:\\\/\\\/www.latribunedufaso.net\\\/\"},{\"@type\":\"ListItem\",\"position\":2,\"name\":\"ISTIC : Une journ\u00e9e d\u2019int\u00e9gration pour renforcer la coh\u00e9sion entre \u00e9tudiants\u00a0\"}]},{\"@type\":\"WebSite\",\"@id\":\"https:\\\/\\\/www.latribunedufaso.net\\\/#website\",\"url\":\"https:\\\/\\\/www.latribunedufaso.net\\\/\",\"name\":\"La Tribune du Faso\",\"description\":\"L&#039;information du monde rural en un clic\",\"publisher\":{\"@id\":\"https:\\\/\\\/www.latribunedufaso.net\\\/#organization\"},\"potentialAction\":[{\"@type\":\"SearchAction\",\"target\":{\"@type\":\"EntryPoint\",\"urlTemplate\":\"https:\\\/\\\/www.latribunedufaso.net\\\/?s={search_term_string}\"},\"query-input\":{\"@type\":\"PropertyValueSpecification\",\"valueRequired\":true,\"valueName\":\"search_term_string\"}}],\"inLanguage\":\"fr-FR\"},{\"@type\":\"Organization\",\"@id\":\"https:\\\/\\\/www.latribunedufaso.net\\\/#organization\",\"name\":\"La Tribune du Faso\",\"url\":\"https:\\\/\\\/www.latribunedufaso.net\\\/\",\"logo\":{\"@type\":\"ImageObject\",\"inLanguage\":\"fr-FR\",\"@id\":\"https:\\\/\\\/www.latribunedufaso.net\\\/#\\\/schema\\\/logo\\\/image\\\/\",\"url\":\"https:\\\/\\\/www.latribunedufaso.net\\\/wp-content\\\/uploads\\\/2020\\\/08\\\/Logo-Tribune-du-Faso-final-scaled.jpg\",\"contentUrl\":\"https:\\\/\\\/www.latribunedufaso.net\\\/wp-content\\\/uploads\\\/2020\\\/08\\\/Logo-Tribune-du-Faso-final-scaled.jpg\",\"width\":2560,\"height\":1856,\"caption\":\"La Tribune du Faso\"},\"image\":{\"@id\":\"https:\\\/\\\/www.latribunedufaso.net\\\/#\\\/schema\\\/logo\\\/image\\\/\"},\"sameAs\":[\"https:\\\/\\\/www.facebook.com\\\/LatribuneduFaso\\\/\"]},{\"@type\":\"Person\",\"@id\":\"https:\\\/\\\/www.latribunedufaso.net\\\/#\\\/schema\\\/person\\\/e54e64c5778a7e72cf80a318b7a622b0\",\"name\":\"Issouf Tapsoba\",\"image\":{\"@type\":\"ImageObject\",\"inLanguage\":\"fr-FR\",\"@id\":\"https:\\\/\\\/secure.gravatar.com\\\/avatar\\\/5e6c05150ce3230247d167f5b94d678eb05936197436d69b7921e3a95c9107ac?s=96&d=mm&r=g\",\"url\":\"https:\\\/\\\/secure.gravatar.com\\\/avatar\\\/5e6c05150ce3230247d167f5b94d678eb05936197436d69b7921e3a95c9107ac?s=96&d=mm&r=g\",\"contentUrl\":\"https:\\\/\\\/secure.gravatar.com\\\/avatar\\\/5e6c05150ce3230247d167f5b94d678eb05936197436d69b7921e3a95c9107ac?s=96&d=mm&r=g\",\"caption\":\"Issouf Tapsoba\"},\"url\":\"https:\\\/\\\/www.latribunedufaso.net\\\/?author=5\"}]}<\/script>\n<!-- \/ Yoast SEO plugin. -->","yoast_head_json":{"title":"ISTIC : Une journ\u00e9e d\u2019int\u00e9gration pour renforcer la coh\u00e9sion entre \u00e9tudiants\u00a0 - La Tribune du Faso","robots":{"index":"index","follow":"follow","max-snippet":"max-snippet:-1","max-image-preview":"max-image-preview:large","max-video-preview":"max-video-preview:-1"},"canonical":"https:\/\/www.latribunedufaso.net\/?p=25703","og_locale":"fr_FR","og_type":"article","og_title":"ISTIC : Une journ\u00e9e d\u2019int\u00e9gration pour renforcer la coh\u00e9sion entre \u00e9tudiants\u00a0 - La Tribune du Faso","og_description":"Le Bureau des stagiaires de l\u2019Institut des sciences et techniques de l\u2019information et de la communication (ISTIC) a organis\u00e9, le lundi 15 d\u00e9cembre 2025 \u00e0 Ouagadougou, une journ\u00e9e d\u2019int\u00e9gration visant \u00e0 renforcer la coh\u00e9sion, le sentiment d\u2019appartenance et les relations interpromotionnelles entre les \u00e9tudiants.\u00a0","og_url":"https:\/\/www.latribunedufaso.net\/?p=25703","og_site_name":"La Tribune du Faso","article_publisher":"https:\/\/www.facebook.com\/LatribuneduFaso\/","article_published_time":"2025-12-16T10:24:40+00:00","og_image":[{"width":2560,"height":1264,"url":"https:\/\/www.latribunedufaso.net\/wp-content\/uploads\/2025\/12\/IMG-20251216-WA0064.jpg","type":"image\/jpeg"}],"author":"Issouf Tapsoba","twitter_misc":{"\u00c9crit par":"Issouf Tapsoba","Dur\u00e9e de lecture estim\u00e9e":"4 minutes"},"schema":{"@context":"https:\/\/schema.org","@graph":[{"@type":"Article","@id":"https:\/\/www.latribunedufaso.net\/?p=25703#article","isPartOf":{"@id":"https:\/\/www.latribunedufaso.net\/?p=25703"},"author":{"name":"Issouf Tapsoba","@id":"https:\/\/www.latribunedufaso.net\/#\/schema\/person\/e54e64c5778a7e72cf80a318b7a622b0"},"headline":"ISTIC : Une journ\u00e9e d\u2019int\u00e9gration pour renforcer la coh\u00e9sion entre \u00e9tudiants\u00a0","datePublished":"2025-12-16T10:24:40+00:00","mainEntityOfPage":{"@id":"https:\/\/www.latribunedufaso.net\/?p=25703"},"wordCount":576,"commentCount":0,"publisher":{"@id":"https:\/\/www.latribunedufaso.net\/#organization"},"image":{"@id":"https:\/\/www.latribunedufaso.net\/?p=25703#primaryimage"},"thumbnailUrl":"https:\/\/www.latribunedufaso.net\/wp-content\/uploads\/2025\/12\/IMG-20251216-WA0064.jpg","keywords":["ISTIC","Journ\u00e9e d'int\u00e9gration ISTIC","latribunedufaso.net"],"articleSection":["A la une","Actualit\u00e9","\u00c9ducation"],"inLanguage":"fr-FR","potentialAction":[{"@type":"CommentAction","name":"Comment","target":["https:\/\/www.latribunedufaso.net\/?p=25703#respond"]}]},{"@type":"WebPage","@id":"https:\/\/www.latribunedufaso.net\/?p=25703","url":"https:\/\/www.latribunedufaso.net\/?p=25703","name":"ISTIC : Une journ\u00e9e d\u2019int\u00e9gration pour renforcer la coh\u00e9sion entre \u00e9tudiants\u00a0 - La Tribune du Faso","isPartOf":{"@id":"https:\/\/www.latribunedufaso.net\/#website"},"primaryImageOfPage":{"@id":"https:\/\/www.latribunedufaso.net\/?p=25703#primaryimage"},"image":{"@id":"https:\/\/www.latribunedufaso.net\/?p=25703#primaryimage"},"thumbnailUrl":"https:\/\/www.latribunedufaso.net\/wp-content\/uploads\/2025\/12\/IMG-20251216-WA0064.jpg","datePublished":"2025-12-16T10:24:40+00:00","breadcrumb":{"@id":"https:\/\/www.latribunedufaso.net\/?p=25703#breadcrumb"},"inLanguage":"fr-FR","potentialAction":[{"@type":"ReadAction","target":["https:\/\/www.latribunedufaso.net\/?p=25703"]}]},{"@type":"ImageObject","inLanguage":"fr-FR","@id":"https:\/\/www.latribunedufaso.net\/?p=25703#primaryimage","url":"https:\/\/www.latribunedufaso.net\/wp-content\/uploads\/2025\/12\/IMG-20251216-WA0064.jpg","contentUrl":"https:\/\/www.latribunedufaso.net\/wp-content\/uploads\/2025\/12\/IMG-20251216-WA0064.jpg","width":2560,"height":1264,"caption":"Le Bureau des stagiaires de l'ISTIC a organis\u00e9 une journ\u00e9e d\u2019int\u00e9gration visant \u00e0 renforcer la coh\u00e9sio entre les \u00e9tudiants, 15 d\u00e9cembre 2025"},{"@type":"BreadcrumbList","@id":"https:\/\/www.latribunedufaso.net\/?p=25703#breadcrumb","itemListElement":[{"@type":"ListItem","position":1,"name":"Accueil","item":"https:\/\/www.latribunedufaso.net\/"},{"@type":"ListItem","position":2,"name":"ISTIC : Une journ\u00e9e d\u2019int\u00e9gration pour renforcer la coh\u00e9sion entre \u00e9tudiants\u00a0"}]},{"@type":"WebSite","@id":"https:\/\/www.latribunedufaso.net\/#website","url":"https:\/\/www.latribunedufaso.net\/","name":"La Tribune du Faso","description":"L&#039;information du monde rural en un clic","publisher":{"@id":"https:\/\/www.latribunedufaso.net\/#organization"},"potentialAction":[{"@type":"SearchAction","target":{"@type":"EntryPoint","urlTemplate":"https:\/\/www.latribunedufaso.net\/?s={search_term_string}"},"query-input":{"@type":"PropertyValueSpecification","valueRequired":true,"valueName":"search_term_string"}}],"inLanguage":"fr-FR"},{"@type":"Organization","@id":"https:\/\/www.latribunedufaso.net\/#organization","name":"La Tribune du Faso","url":"https:\/\/www.latribunedufaso.net\/","logo":{"@type":"ImageObject","inLanguage":"fr-FR","@id":"https:\/\/www.latribunedufaso.net\/#\/schema\/logo\/image\/","url":"https:\/\/www.latribunedufaso.net\/wp-content\/uploads\/2020\/08\/Logo-Tribune-du-Faso-final-scaled.jpg","contentUrl":"https:\/\/www.latribunedufaso.net\/wp-content\/uploads\/2020\/08\/Logo-Tribune-du-Faso-final-scaled.jpg","width":2560,"height":1856,"caption":"La Tribune du Faso"},"image":{"@id":"https:\/\/www.latribunedufaso.net\/#\/schema\/logo\/image\/"},"sameAs":["https:\/\/www.facebook.com\/LatribuneduFaso\/"]},{"@type":"Person","@id":"https:\/\/www.latribunedufaso.net\/#\/schema\/person\/e54e64c5778a7e72cf80a318b7a622b0","name":"Issouf Tapsoba","image":{"@type":"ImageObject","inLanguage":"fr-FR","@id":"https:\/\/secure.gravatar.com\/avatar\/5e6c05150ce3230247d167f5b94d678eb05936197436d69b7921e3a95c9107ac?s=96&d=mm&r=g","url":"https:\/\/secure.gravatar.com\/avatar\/5e6c05150ce3230247d167f5b94d678eb05936197436d69b7921e3a95c9107ac?s=96&d=mm&r=g","contentUrl":"https:\/\/secure.gravatar.com\/avatar\/5e6c05150ce3230247d167f5b94d678eb05936197436d69b7921e3a95c9107ac?s=96&d=mm&r=g","caption":"Issouf Tapsoba"},"url":"https:\/\/www.latribunedufaso.net\/?author=5"}]}},"_links":{"self":[{"href":"https:\/\/www.latribunedufaso.net\/index.php?rest_route=\/wp\/v2\/posts\/25703","targetHints":{"allow":["GET"]}}],"collection":[{"href":"https:\/\/www.latribunedufaso.net\/index.php?rest_route=\/wp\/v2\/posts"}],"about":[{"href":"https:\/\/www.latribunedufaso.net\/index.php?rest_route=\/wp\/v2\/types\/post"}],"author":[{"embeddable":true,"href":"https:\/\/www.latribunedufaso.net\/index.php?rest_route=\/wp\/v2\/users\/5"}],"replies":[{"embeddable":true,"href":"https:\/\/www.latribunedufaso.net\/index.php?rest_route=%2Fwp%2Fv2%2Fcomments&post=25703"}],"version-history":[{"count":3,"href":"https:\/\/www.latribunedufaso.net\/index.php?rest_route=\/wp\/v2\/posts\/25703\/revisions"}],"predecessor-version":[{"id":25715,"href":"https:\/\/www.latribunedufaso.net\/index.php?rest_route=\/wp\/v2\/posts\/25703\/revisions\/25715"}],"wp:featuredmedia":[{"embeddable":true,"href":"https:\/\/www.latribunedufaso.net\/index.php?rest_route=\/wp\/v2\/media\/25709"}],"wp:attachment":[{"href":"https:\/\/www.latribunedufaso.net\/index.php?rest_route=%2Fwp%2Fv2%2Fmedia&parent=25703"}],"wp:term":[{"taxonomy":"category","embeddable":true,"href":"https:\/\/www.latribunedufaso.net\/index.php?rest_route=%2Fwp%2Fv2%2Fcategories&post=25703"},{"taxonomy":"post_tag","embeddable":true,"href":"https:\/\/www.latribunedufaso.net\/index.php?rest_route=%2Fwp%2Fv2%2Ftags&post=25703"}],"curies":[{"name":"wp","href":"https:\/\/api.w.org\/{rel}","templated":true}]}}