{"id":25675,"date":"2025-12-15T19:07:37","date_gmt":"2025-12-15T19:07:37","guid":{"rendered":"https:\/\/www.latribunedufaso.net\/?p=25675"},"modified":"2025-12-15T19:12:23","modified_gmt":"2025-12-15T19:12:23","slug":"visite-du-chef-de-letat-a-linstitut-de-lenseignement-militaire-superieur-tiefo-amoro-une-ecole-symbole-de-souverainete","status":"publish","type":"post","link":"https:\/\/www.latribunedufaso.net\/?p=25675","title":{"rendered":"Visite du Chef de l\u2019Etat \u00e0 l\u2019institut de l&rsquo;enseignement militaire sup\u00e9rieur Tiefo-Amoro : Une \u00e9cole symbole de souverainet\u00e9\u00a0"},"content":{"rendered":"<p><strong>Le Pr\u00e9sident du Faso, Son Excellence le Capitaine Ibrahim TRAOR\u00c9, a visit\u00e9 le 15 d\u00e9cembre 2025,<a href=\"https:\/\/www.latribunedufaso.net\/?p=23551\"> l\u2019Institut de l&rsquo;Enseignement Militaire Sup\u00e9rieur Tiefo-Amoro (IEMS-TA)<\/a>. La premi\u00e8re visite, dans cette \u00e9cole d\u2019\u00c9tat-major, a \u00e9t\u00e9 une occasion pour le Chef supr\u00eame des Forces arm\u00e9es nationales de d\u00e9cliner sa vision pour l\u2019Arm\u00e9e dans le contexte marqu\u00e9 par les vell\u00e9it\u00e9s imp\u00e9rialistes et la guerre contre l\u2019hydre terroriste.<\/strong><!--more--><\/p>\n<p>En v\u00e9ritable chef de guerre, face aux 28 officiers stagiaires de la premi\u00e8re promotion de cette \u00e9cole d\u2019\u00e9lite militaire, le Chef de l\u2019\u00c9tat a soulign\u00e9 <em><strong>\u00ab l\u2019imp\u00e9ratif strat\u00e9gique \u00bb<\/strong><\/em> de l\u2019institut qui r\u00e9pond \u00e0 la volont\u00e9 de souverainet\u00e9 et d\u2019endog\u00e9n\u00e9isation de la formation des cadres de l\u2019Arm\u00e9e burkinab\u00e8.\u00a0<\/p>\n<figure id=\"attachment_25679\" aria-describedby=\"caption-attachment-25679\" style=\"width: 2560px\" class=\"wp-caption aligncenter\"><a href=\"https:\/\/www.latribunedufaso.net\/wp-content\/uploads\/2025\/12\/IMG-20251215-WA0061-scaled.jpg\"><img loading=\"lazy\" decoding=\"async\" class=\"size-full wp-image-25679\" src=\"https:\/\/www.latribunedufaso.net\/wp-content\/uploads\/2025\/12\/IMG-20251215-WA0061-scaled.jpg\" alt=\"Visite du Pr\u00e9sident du Faso, Capitaine Ibrahim Traor\u00e9 \u00e0 l\u2019Institut de l'Enseignement Militaire Sup\u00e9rieur Tiefo-Amoro, 15 d\u00e9cembre 2025\" width=\"2560\" height=\"1706\" srcset=\"https:\/\/www.latribunedufaso.net\/wp-content\/uploads\/2025\/12\/IMG-20251215-WA0061-scaled.jpg 2560w, https:\/\/www.latribunedufaso.net\/wp-content\/uploads\/2025\/12\/IMG-20251215-WA0061-300x200.jpg 300w, https:\/\/www.latribunedufaso.net\/wp-content\/uploads\/2025\/12\/IMG-20251215-WA0061-1024x683.jpg 1024w, https:\/\/www.latribunedufaso.net\/wp-content\/uploads\/2025\/12\/IMG-20251215-WA0061-768x512.jpg 768w, https:\/\/www.latribunedufaso.net\/wp-content\/uploads\/2025\/12\/IMG-20251215-WA0061-1536x1024.jpg 1536w, https:\/\/www.latribunedufaso.net\/wp-content\/uploads\/2025\/12\/IMG-20251215-WA0061-2048x1365.jpg 2048w, https:\/\/www.latribunedufaso.net\/wp-content\/uploads\/2025\/12\/IMG-20251215-WA0061-840x560.jpg 840w, https:\/\/www.latribunedufaso.net\/wp-content\/uploads\/2025\/12\/IMG-20251215-WA0061-120x80.jpg 120w, https:\/\/www.latribunedufaso.net\/wp-content\/uploads\/2025\/12\/IMG-20251215-WA0061-360x240.jpg 360w, https:\/\/www.latribunedufaso.net\/wp-content\/uploads\/2025\/12\/IMG-20251215-WA0061-600x400.jpg 600w\" sizes=\"auto, (max-width: 2560px) 100vw, 2560px\" \/><\/a><figcaption id=\"caption-attachment-25679\" class=\"wp-caption-text\">Selon le Pr\u00e9sident du Faso, le Capitaine Ibrahim TRAOR\u00c9, l&rsquo;Arm\u00e9e du Burkina Faso a les capacit\u00e9s de se prendre en charge elle-m\u00eame &#8211; Ph. DR<\/figcaption><\/figure>\n<p>Selon lui, la situation de guerre que traverse le Burkina Faso devrait permettre \u00e0 l\u2019institut d\u2019axer son offre de formation sur l\u2019exp\u00e9rience du conflit contre les groupes arm\u00e9s.\u00a0<\/p>\n<p><em><strong>\u00ab Nous devons nous servir de la guerre pour d\u00e9velopper notre outil de d\u00e9fense \u00bb,<\/strong><\/em> indique le Capitaine Ibrahim TRAOR\u00c9.\u00a0<\/p>\n<p>Face \u00e0 l\u2019hydre terroriste, le Chef supr\u00eame des Forces arm\u00e9es nationales invite les officiers stagiaires au patriotisme, \u00e0 avoir confiance en eux et \u00e0 d\u00e9velopper des strat\u00e9gies pour \u00e9liminer la menace. Pour ce faire, le Pr\u00e9sident du Faso insiste sur la discr\u00e9tion dans la pr\u00e9paration des op\u00e9rations de reconqu\u00eate du territoire. <em><strong>\u00ab La discr\u00e9tion est un facteur de succ\u00e8s \u00bb,<\/strong><\/em> souligne le Chef de l\u2019\u00c9tat.\u00a0<\/p>\n<figure id=\"attachment_25678\" aria-describedby=\"caption-attachment-25678\" style=\"width: 2560px\" class=\"wp-caption aligncenter\"><a href=\"https:\/\/www.latribunedufaso.net\/wp-content\/uploads\/2025\/12\/IMG-20251215-WA0064-scaled.jpg\"><img loading=\"lazy\" decoding=\"async\" class=\"size-full wp-image-25678\" src=\"https:\/\/www.latribunedufaso.net\/wp-content\/uploads\/2025\/12\/IMG-20251215-WA0064-scaled.jpg\" alt=\"Visite du Pr\u00e9sident du Faso, Capitaine Ibrahim Traor\u00e9 \u00e0 l\u2019Institut de l'Enseignement Militaire Sup\u00e9rieur Tiefo-Amoro, 15 d\u00e9cembre 2025\" width=\"2560\" height=\"1706\" srcset=\"https:\/\/www.latribunedufaso.net\/wp-content\/uploads\/2025\/12\/IMG-20251215-WA0064-scaled.jpg 2560w, https:\/\/www.latribunedufaso.net\/wp-content\/uploads\/2025\/12\/IMG-20251215-WA0064-300x200.jpg 300w, https:\/\/www.latribunedufaso.net\/wp-content\/uploads\/2025\/12\/IMG-20251215-WA0064-1024x683.jpg 1024w, https:\/\/www.latribunedufaso.net\/wp-content\/uploads\/2025\/12\/IMG-20251215-WA0064-768x512.jpg 768w, https:\/\/www.latribunedufaso.net\/wp-content\/uploads\/2025\/12\/IMG-20251215-WA0064-1536x1024.jpg 1536w, https:\/\/www.latribunedufaso.net\/wp-content\/uploads\/2025\/12\/IMG-20251215-WA0064-2048x1365.jpg 2048w, https:\/\/www.latribunedufaso.net\/wp-content\/uploads\/2025\/12\/IMG-20251215-WA0064-840x560.jpg 840w, https:\/\/www.latribunedufaso.net\/wp-content\/uploads\/2025\/12\/IMG-20251215-WA0064-120x80.jpg 120w, https:\/\/www.latribunedufaso.net\/wp-content\/uploads\/2025\/12\/IMG-20251215-WA0064-360x240.jpg 360w, https:\/\/www.latribunedufaso.net\/wp-content\/uploads\/2025\/12\/IMG-20251215-WA0064-600x400.jpg 600w\" sizes=\"auto, (max-width: 2560px) 100vw, 2560px\" \/><\/a><figcaption id=\"caption-attachment-25678\" class=\"wp-caption-text\">Le Chef de l\u2019\u00c9tat a invit\u00e9 le commandement et l\u2019encadrement, ainsi que les stagiaires \u00e0 faire de l\u2019Institut d\u2019enseignement militaire sup\u00e9rieur, une \u00e9cole de r\u00e9f\u00e9rence sur le continent &#8211; Ph. DR<\/figcaption><\/figure>\n<p>Tout en f\u00e9licitant les stagiaires et l\u2019encadrement pour le sacrifice et le don de soi, le Pr\u00e9sident du Faso exhorte le commandement \u00e0 faire de l\u2019institut, une r\u00e9f\u00e9rence en Afrique. Pour le Commandant de l\u2019Institut, le Colonel-Major C\u00e9leste Joseph Moussa COULIBALY, la visite du Chef de l\u2019\u00c9tat est une source de motivation et d\u2019inspiration.\u00a0<\/p>\n<p><strong>Latribunedufaso.net<\/strong><\/p>\n<p><strong>Source : Direction de la communication de la Pr\u00e9sidence du Faso<\/strong><\/p>\n","protected":false},"excerpt":{"rendered":"<p>Le Pr\u00e9sident du Faso, Son Excellence le Capitaine Ibrahim TRAOR\u00c9, a visit\u00e9 le 15 d\u00e9cembre 2025, l\u2019Institut de l&rsquo;Enseignement Militaire Sup\u00e9rieur Tiefo-Amoro (IEMS-TA). La premi\u00e8re visite, dans cette \u00e9cole d\u2019\u00c9tat-major, a \u00e9t\u00e9 une occasion pour le Chef supr\u00eame des Forces arm\u00e9es nationales de d\u00e9cliner sa vision pour l\u2019Arm\u00e9e dans le contexte marqu\u00e9 par les vell\u00e9it\u00e9s imp\u00e9rialistes et la guerre contre l\u2019hydre terroriste.<\/p>\n","protected":false},"author":5,"featured_media":25677,"comment_status":"open","ping_status":"open","sticky":false,"template":"","format":"standard","meta":{"footnotes":""},"categories":[13,1,8],"tags":[1575,39],"class_list":["post-25675","post","type-post","status-publish","format-standard","has-post-thumbnail","hentry","category-une","category-actu","category-societe","tag-institut-de-lenseignement-militaire-superieur-tiefo-amoro-iems-ta","tag-latribunedufaso-net"],"yoast_head":"<!-- This site is optimized with the Yoast SEO plugin v27.4 - https:\/\/yoast.com\/product\/yoast-seo-wordpress\/ -->\n<title>Visite du Chef de l\u2019Etat \u00e0 l\u2019institut de l&#039;enseignement militaire sup\u00e9rieur Tiefo-Amoro : Une \u00e9cole symbole de souverainet\u00e9\u00a0 - La Tribune du Faso<\/title>\n<meta name=\"robots\" content=\"index, follow, max-snippet:-1, max-image-preview:large, max-video-preview:-1\" \/>\n<link rel=\"canonical\" href=\"https:\/\/www.latribunedufaso.net\/?p=25675\" \/>\n<meta property=\"og:locale\" content=\"fr_FR\" \/>\n<meta property=\"og:type\" content=\"article\" \/>\n<meta property=\"og:title\" content=\"Visite du Chef de l\u2019Etat \u00e0 l\u2019institut de l&#039;enseignement militaire sup\u00e9rieur Tiefo-Amoro : Une \u00e9cole symbole de souverainet\u00e9\u00a0 - La Tribune du Faso\" \/>\n<meta property=\"og:description\" content=\"Le Pr\u00e9sident du Faso, Son Excellence le Capitaine Ibrahim TRAOR\u00c9, a visit\u00e9 le 15 d\u00e9cembre 2025, l\u2019Institut de l&rsquo;Enseignement Militaire Sup\u00e9rieur Tiefo-Amoro (IEMS-TA). La premi\u00e8re visite, dans cette \u00e9cole d\u2019\u00c9tat-major, a \u00e9t\u00e9 une occasion pour le Chef supr\u00eame des Forces arm\u00e9es nationales de d\u00e9cliner sa vision pour l\u2019Arm\u00e9e dans le contexte marqu\u00e9 par les vell\u00e9it\u00e9s imp\u00e9rialistes et la guerre contre l\u2019hydre terroriste.\" \/>\n<meta property=\"og:url\" content=\"https:\/\/www.latribunedufaso.net\/?p=25675\" \/>\n<meta property=\"og:site_name\" content=\"La Tribune du Faso\" \/>\n<meta property=\"article:publisher\" content=\"https:\/\/www.facebook.com\/LatribuneduFaso\/\" \/>\n<meta property=\"article:published_time\" content=\"2025-12-15T19:07:37+00:00\" \/>\n<meta property=\"article:modified_time\" content=\"2025-12-15T19:12:23+00:00\" \/>\n<meta property=\"og:image\" content=\"https:\/\/www.latribunedufaso.net\/wp-content\/uploads\/2025\/12\/IMG-20251215-WA0070-scaled.jpg\" \/>\n\t<meta property=\"og:image:width\" content=\"2560\" \/>\n\t<meta property=\"og:image:height\" content=\"1746\" \/>\n\t<meta property=\"og:image:type\" content=\"image\/jpeg\" \/>\n<meta name=\"author\" content=\"Issouf Tapsoba\" \/>\n<meta name=\"twitter:label1\" content=\"\u00c9crit par\" \/>\n\t<meta name=\"twitter:data1\" content=\"Issouf Tapsoba\" \/>\n\t<meta name=\"twitter:label2\" content=\"Dur\u00e9e de lecture estim\u00e9e\" \/>\n\t<meta name=\"twitter:data2\" content=\"3 minutes\" \/>\n<script type=\"application\/ld+json\" class=\"yoast-schema-graph\">{\"@context\":\"https:\\\/\\\/schema.org\",\"@graph\":[{\"@type\":\"Article\",\"@id\":\"https:\\\/\\\/www.latribunedufaso.net\\\/?p=25675#article\",\"isPartOf\":{\"@id\":\"https:\\\/\\\/www.latribunedufaso.net\\\/?p=25675\"},\"author\":{\"name\":\"Issouf Tapsoba\",\"@id\":\"https:\\\/\\\/www.latribunedufaso.net\\\/#\\\/schema\\\/person\\\/e54e64c5778a7e72cf80a318b7a622b0\"},\"headline\":\"Visite du Chef de l\u2019Etat \u00e0 l\u2019institut de l&rsquo;enseignement militaire sup\u00e9rieur Tiefo-Amoro : Une \u00e9cole symbole de souverainet\u00e9\u00a0\",\"datePublished\":\"2025-12-15T19:07:37+00:00\",\"dateModified\":\"2025-12-15T19:12:23+00:00\",\"mainEntityOfPage\":{\"@id\":\"https:\\\/\\\/www.latribunedufaso.net\\\/?p=25675\"},\"wordCount\":436,\"commentCount\":0,\"publisher\":{\"@id\":\"https:\\\/\\\/www.latribunedufaso.net\\\/#organization\"},\"image\":{\"@id\":\"https:\\\/\\\/www.latribunedufaso.net\\\/?p=25675#primaryimage\"},\"thumbnailUrl\":\"https:\\\/\\\/www.latribunedufaso.net\\\/wp-content\\\/uploads\\\/2025\\\/12\\\/IMG-20251215-WA0070-scaled.jpg\",\"keywords\":[\"Institut de l\u2019Enseignement Militaire Sup\u00e9rieur Ti\u00e9fo Amoro (IEMS-TA)\",\"latribunedufaso.net\"],\"articleSection\":[\"A la une\",\"Actualit\u00e9\",\"Soci\u00e9t\u00e9\"],\"inLanguage\":\"fr-FR\",\"potentialAction\":[{\"@type\":\"CommentAction\",\"name\":\"Comment\",\"target\":[\"https:\\\/\\\/www.latribunedufaso.net\\\/?p=25675#respond\"]}]},{\"@type\":\"WebPage\",\"@id\":\"https:\\\/\\\/www.latribunedufaso.net\\\/?p=25675\",\"url\":\"https:\\\/\\\/www.latribunedufaso.net\\\/?p=25675\",\"name\":\"Visite du Chef de l\u2019Etat \u00e0 l\u2019institut de l'enseignement militaire sup\u00e9rieur Tiefo-Amoro : Une \u00e9cole symbole de souverainet\u00e9\u00a0 - La Tribune du Faso\",\"isPartOf\":{\"@id\":\"https:\\\/\\\/www.latribunedufaso.net\\\/#website\"},\"primaryImageOfPage\":{\"@id\":\"https:\\\/\\\/www.latribunedufaso.net\\\/?p=25675#primaryimage\"},\"image\":{\"@id\":\"https:\\\/\\\/www.latribunedufaso.net\\\/?p=25675#primaryimage\"},\"thumbnailUrl\":\"https:\\\/\\\/www.latribunedufaso.net\\\/wp-content\\\/uploads\\\/2025\\\/12\\\/IMG-20251215-WA0070-scaled.jpg\",\"datePublished\":\"2025-12-15T19:07:37+00:00\",\"dateModified\":\"2025-12-15T19:12:23+00:00\",\"breadcrumb\":{\"@id\":\"https:\\\/\\\/www.latribunedufaso.net\\\/?p=25675#breadcrumb\"},\"inLanguage\":\"fr-FR\",\"potentialAction\":[{\"@type\":\"ReadAction\",\"target\":[\"https:\\\/\\\/www.latribunedufaso.net\\\/?p=25675\"]}]},{\"@type\":\"ImageObject\",\"inLanguage\":\"fr-FR\",\"@id\":\"https:\\\/\\\/www.latribunedufaso.net\\\/?p=25675#primaryimage\",\"url\":\"https:\\\/\\\/www.latribunedufaso.net\\\/wp-content\\\/uploads\\\/2025\\\/12\\\/IMG-20251215-WA0070-scaled.jpg\",\"contentUrl\":\"https:\\\/\\\/www.latribunedufaso.net\\\/wp-content\\\/uploads\\\/2025\\\/12\\\/IMG-20251215-WA0070-scaled.jpg\",\"width\":2560,\"height\":1746,\"caption\":\"Visite du Pr\u00e9sident du Faso, Capitaine Ibrahim Traor\u00e9 \u00e0 l\u2019Institut de l'Enseignement Militaire Sup\u00e9rieur Tiefo-Amoro, 15 d\u00e9cembre 2025\"},{\"@type\":\"BreadcrumbList\",\"@id\":\"https:\\\/\\\/www.latribunedufaso.net\\\/?p=25675#breadcrumb\",\"itemListElement\":[{\"@type\":\"ListItem\",\"position\":1,\"name\":\"Accueil\",\"item\":\"https:\\\/\\\/www.latribunedufaso.net\\\/\"},{\"@type\":\"ListItem\",\"position\":2,\"name\":\"Visite du Chef de l\u2019Etat \u00e0 l\u2019institut de l&rsquo;enseignement militaire sup\u00e9rieur Tiefo-Amoro : Une \u00e9cole symbole de souverainet\u00e9\u00a0\"}]},{\"@type\":\"WebSite\",\"@id\":\"https:\\\/\\\/www.latribunedufaso.net\\\/#website\",\"url\":\"https:\\\/\\\/www.latribunedufaso.net\\\/\",\"name\":\"La Tribune du Faso\",\"description\":\"L&#039;information du monde rural en un clic\",\"publisher\":{\"@id\":\"https:\\\/\\\/www.latribunedufaso.net\\\/#organization\"},\"potentialAction\":[{\"@type\":\"SearchAction\",\"target\":{\"@type\":\"EntryPoint\",\"urlTemplate\":\"https:\\\/\\\/www.latribunedufaso.net\\\/?s={search_term_string}\"},\"query-input\":{\"@type\":\"PropertyValueSpecification\",\"valueRequired\":true,\"valueName\":\"search_term_string\"}}],\"inLanguage\":\"fr-FR\"},{\"@type\":\"Organization\",\"@id\":\"https:\\\/\\\/www.latribunedufaso.net\\\/#organization\",\"name\":\"La Tribune du Faso\",\"url\":\"https:\\\/\\\/www.latribunedufaso.net\\\/\",\"logo\":{\"@type\":\"ImageObject\",\"inLanguage\":\"fr-FR\",\"@id\":\"https:\\\/\\\/www.latribunedufaso.net\\\/#\\\/schema\\\/logo\\\/image\\\/\",\"url\":\"https:\\\/\\\/www.latribunedufaso.net\\\/wp-content\\\/uploads\\\/2020\\\/08\\\/Logo-Tribune-du-Faso-final-scaled.jpg\",\"contentUrl\":\"https:\\\/\\\/www.latribunedufaso.net\\\/wp-content\\\/uploads\\\/2020\\\/08\\\/Logo-Tribune-du-Faso-final-scaled.jpg\",\"width\":2560,\"height\":1856,\"caption\":\"La Tribune du Faso\"},\"image\":{\"@id\":\"https:\\\/\\\/www.latribunedufaso.net\\\/#\\\/schema\\\/logo\\\/image\\\/\"},\"sameAs\":[\"https:\\\/\\\/www.facebook.com\\\/LatribuneduFaso\\\/\"]},{\"@type\":\"Person\",\"@id\":\"https:\\\/\\\/www.latribunedufaso.net\\\/#\\\/schema\\\/person\\\/e54e64c5778a7e72cf80a318b7a622b0\",\"name\":\"Issouf Tapsoba\",\"image\":{\"@type\":\"ImageObject\",\"inLanguage\":\"fr-FR\",\"@id\":\"https:\\\/\\\/secure.gravatar.com\\\/avatar\\\/5e6c05150ce3230247d167f5b94d678eb05936197436d69b7921e3a95c9107ac?s=96&d=mm&r=g\",\"url\":\"https:\\\/\\\/secure.gravatar.com\\\/avatar\\\/5e6c05150ce3230247d167f5b94d678eb05936197436d69b7921e3a95c9107ac?s=96&d=mm&r=g\",\"contentUrl\":\"https:\\\/\\\/secure.gravatar.com\\\/avatar\\\/5e6c05150ce3230247d167f5b94d678eb05936197436d69b7921e3a95c9107ac?s=96&d=mm&r=g\",\"caption\":\"Issouf Tapsoba\"},\"url\":\"https:\\\/\\\/www.latribunedufaso.net\\\/?author=5\"}]}<\/script>\n<!-- \/ Yoast SEO plugin. -->","yoast_head_json":{"title":"Visite du Chef de l\u2019Etat \u00e0 l\u2019institut de l'enseignement militaire sup\u00e9rieur Tiefo-Amoro : Une \u00e9cole symbole de souverainet\u00e9\u00a0 - La Tribune du Faso","robots":{"index":"index","follow":"follow","max-snippet":"max-snippet:-1","max-image-preview":"max-image-preview:large","max-video-preview":"max-video-preview:-1"},"canonical":"https:\/\/www.latribunedufaso.net\/?p=25675","og_locale":"fr_FR","og_type":"article","og_title":"Visite du Chef de l\u2019Etat \u00e0 l\u2019institut de l'enseignement militaire sup\u00e9rieur Tiefo-Amoro : Une \u00e9cole symbole de souverainet\u00e9\u00a0 - La Tribune du Faso","og_description":"Le Pr\u00e9sident du Faso, Son Excellence le Capitaine Ibrahim TRAOR\u00c9, a visit\u00e9 le 15 d\u00e9cembre 2025, l\u2019Institut de l&rsquo;Enseignement Militaire Sup\u00e9rieur Tiefo-Amoro (IEMS-TA). La premi\u00e8re visite, dans cette \u00e9cole d\u2019\u00c9tat-major, a \u00e9t\u00e9 une occasion pour le Chef supr\u00eame des Forces arm\u00e9es nationales de d\u00e9cliner sa vision pour l\u2019Arm\u00e9e dans le contexte marqu\u00e9 par les vell\u00e9it\u00e9s imp\u00e9rialistes et la guerre contre l\u2019hydre terroriste.","og_url":"https:\/\/www.latribunedufaso.net\/?p=25675","og_site_name":"La Tribune du Faso","article_publisher":"https:\/\/www.facebook.com\/LatribuneduFaso\/","article_published_time":"2025-12-15T19:07:37+00:00","article_modified_time":"2025-12-15T19:12:23+00:00","og_image":[{"width":2560,"height":1746,"url":"https:\/\/www.latribunedufaso.net\/wp-content\/uploads\/2025\/12\/IMG-20251215-WA0070-scaled.jpg","type":"image\/jpeg"}],"author":"Issouf Tapsoba","twitter_misc":{"\u00c9crit par":"Issouf Tapsoba","Dur\u00e9e de lecture estim\u00e9e":"3 minutes"},"schema":{"@context":"https:\/\/schema.org","@graph":[{"@type":"Article","@id":"https:\/\/www.latribunedufaso.net\/?p=25675#article","isPartOf":{"@id":"https:\/\/www.latribunedufaso.net\/?p=25675"},"author":{"name":"Issouf Tapsoba","@id":"https:\/\/www.latribunedufaso.net\/#\/schema\/person\/e54e64c5778a7e72cf80a318b7a622b0"},"headline":"Visite du Chef de l\u2019Etat \u00e0 l\u2019institut de l&rsquo;enseignement militaire sup\u00e9rieur Tiefo-Amoro : Une \u00e9cole symbole de souverainet\u00e9\u00a0","datePublished":"2025-12-15T19:07:37+00:00","dateModified":"2025-12-15T19:12:23+00:00","mainEntityOfPage":{"@id":"https:\/\/www.latribunedufaso.net\/?p=25675"},"wordCount":436,"commentCount":0,"publisher":{"@id":"https:\/\/www.latribunedufaso.net\/#organization"},"image":{"@id":"https:\/\/www.latribunedufaso.net\/?p=25675#primaryimage"},"thumbnailUrl":"https:\/\/www.latribunedufaso.net\/wp-content\/uploads\/2025\/12\/IMG-20251215-WA0070-scaled.jpg","keywords":["Institut de l\u2019Enseignement Militaire Sup\u00e9rieur Ti\u00e9fo Amoro (IEMS-TA)","latribunedufaso.net"],"articleSection":["A la une","Actualit\u00e9","Soci\u00e9t\u00e9"],"inLanguage":"fr-FR","potentialAction":[{"@type":"CommentAction","name":"Comment","target":["https:\/\/www.latribunedufaso.net\/?p=25675#respond"]}]},{"@type":"WebPage","@id":"https:\/\/www.latribunedufaso.net\/?p=25675","url":"https:\/\/www.latribunedufaso.net\/?p=25675","name":"Visite du Chef de l\u2019Etat \u00e0 l\u2019institut de l'enseignement militaire sup\u00e9rieur Tiefo-Amoro : Une \u00e9cole symbole de souverainet\u00e9\u00a0 - La Tribune du Faso","isPartOf":{"@id":"https:\/\/www.latribunedufaso.net\/#website"},"primaryImageOfPage":{"@id":"https:\/\/www.latribunedufaso.net\/?p=25675#primaryimage"},"image":{"@id":"https:\/\/www.latribunedufaso.net\/?p=25675#primaryimage"},"thumbnailUrl":"https:\/\/www.latribunedufaso.net\/wp-content\/uploads\/2025\/12\/IMG-20251215-WA0070-scaled.jpg","datePublished":"2025-12-15T19:07:37+00:00","dateModified":"2025-12-15T19:12:23+00:00","breadcrumb":{"@id":"https:\/\/www.latribunedufaso.net\/?p=25675#breadcrumb"},"inLanguage":"fr-FR","potentialAction":[{"@type":"ReadAction","target":["https:\/\/www.latribunedufaso.net\/?p=25675"]}]},{"@type":"ImageObject","inLanguage":"fr-FR","@id":"https:\/\/www.latribunedufaso.net\/?p=25675#primaryimage","url":"https:\/\/www.latribunedufaso.net\/wp-content\/uploads\/2025\/12\/IMG-20251215-WA0070-scaled.jpg","contentUrl":"https:\/\/www.latribunedufaso.net\/wp-content\/uploads\/2025\/12\/IMG-20251215-WA0070-scaled.jpg","width":2560,"height":1746,"caption":"Visite du Pr\u00e9sident du Faso, Capitaine Ibrahim Traor\u00e9 \u00e0 l\u2019Institut de l'Enseignement Militaire Sup\u00e9rieur Tiefo-Amoro, 15 d\u00e9cembre 2025"},{"@type":"BreadcrumbList","@id":"https:\/\/www.latribunedufaso.net\/?p=25675#breadcrumb","itemListElement":[{"@type":"ListItem","position":1,"name":"Accueil","item":"https:\/\/www.latribunedufaso.net\/"},{"@type":"ListItem","position":2,"name":"Visite du Chef de l\u2019Etat \u00e0 l\u2019institut de l&rsquo;enseignement militaire sup\u00e9rieur Tiefo-Amoro : Une \u00e9cole symbole de souverainet\u00e9\u00a0"}]},{"@type":"WebSite","@id":"https:\/\/www.latribunedufaso.net\/#website","url":"https:\/\/www.latribunedufaso.net\/","name":"La Tribune du Faso","description":"L&#039;information du monde rural en un clic","publisher":{"@id":"https:\/\/www.latribunedufaso.net\/#organization"},"potentialAction":[{"@type":"SearchAction","target":{"@type":"EntryPoint","urlTemplate":"https:\/\/www.latribunedufaso.net\/?s={search_term_string}"},"query-input":{"@type":"PropertyValueSpecification","valueRequired":true,"valueName":"search_term_string"}}],"inLanguage":"fr-FR"},{"@type":"Organization","@id":"https:\/\/www.latribunedufaso.net\/#organization","name":"La Tribune du Faso","url":"https:\/\/www.latribunedufaso.net\/","logo":{"@type":"ImageObject","inLanguage":"fr-FR","@id":"https:\/\/www.latribunedufaso.net\/#\/schema\/logo\/image\/","url":"https:\/\/www.latribunedufaso.net\/wp-content\/uploads\/2020\/08\/Logo-Tribune-du-Faso-final-scaled.jpg","contentUrl":"https:\/\/www.latribunedufaso.net\/wp-content\/uploads\/2020\/08\/Logo-Tribune-du-Faso-final-scaled.jpg","width":2560,"height":1856,"caption":"La Tribune du Faso"},"image":{"@id":"https:\/\/www.latribunedufaso.net\/#\/schema\/logo\/image\/"},"sameAs":["https:\/\/www.facebook.com\/LatribuneduFaso\/"]},{"@type":"Person","@id":"https:\/\/www.latribunedufaso.net\/#\/schema\/person\/e54e64c5778a7e72cf80a318b7a622b0","name":"Issouf Tapsoba","image":{"@type":"ImageObject","inLanguage":"fr-FR","@id":"https:\/\/secure.gravatar.com\/avatar\/5e6c05150ce3230247d167f5b94d678eb05936197436d69b7921e3a95c9107ac?s=96&d=mm&r=g","url":"https:\/\/secure.gravatar.com\/avatar\/5e6c05150ce3230247d167f5b94d678eb05936197436d69b7921e3a95c9107ac?s=96&d=mm&r=g","contentUrl":"https:\/\/secure.gravatar.com\/avatar\/5e6c05150ce3230247d167f5b94d678eb05936197436d69b7921e3a95c9107ac?s=96&d=mm&r=g","caption":"Issouf Tapsoba"},"url":"https:\/\/www.latribunedufaso.net\/?author=5"}]}},"_links":{"self":[{"href":"https:\/\/www.latribunedufaso.net\/index.php?rest_route=\/wp\/v2\/posts\/25675","targetHints":{"allow":["GET"]}}],"collection":[{"href":"https:\/\/www.latribunedufaso.net\/index.php?rest_route=\/wp\/v2\/posts"}],"about":[{"href":"https:\/\/www.latribunedufaso.net\/index.php?rest_route=\/wp\/v2\/types\/post"}],"author":[{"embeddable":true,"href":"https:\/\/www.latribunedufaso.net\/index.php?rest_route=\/wp\/v2\/users\/5"}],"replies":[{"embeddable":true,"href":"https:\/\/www.latribunedufaso.net\/index.php?rest_route=%2Fwp%2Fv2%2Fcomments&post=25675"}],"version-history":[{"count":2,"href":"https:\/\/www.latribunedufaso.net\/index.php?rest_route=\/wp\/v2\/posts\/25675\/revisions"}],"predecessor-version":[{"id":25681,"href":"https:\/\/www.latribunedufaso.net\/index.php?rest_route=\/wp\/v2\/posts\/25675\/revisions\/25681"}],"wp:featuredmedia":[{"embeddable":true,"href":"https:\/\/www.latribunedufaso.net\/index.php?rest_route=\/wp\/v2\/media\/25677"}],"wp:attachment":[{"href":"https:\/\/www.latribunedufaso.net\/index.php?rest_route=%2Fwp%2Fv2%2Fmedia&parent=25675"}],"wp:term":[{"taxonomy":"category","embeddable":true,"href":"https:\/\/www.latribunedufaso.net\/index.php?rest_route=%2Fwp%2Fv2%2Fcategories&post=25675"},{"taxonomy":"post_tag","embeddable":true,"href":"https:\/\/www.latribunedufaso.net\/index.php?rest_route=%2Fwp%2Fv2%2Ftags&post=25675"}],"curies":[{"name":"wp","href":"https:\/\/api.w.org\/{rel}","templated":true}]}}