{"id":25581,"date":"2025-12-09T16:18:45","date_gmt":"2025-12-09T16:18:45","guid":{"rendered":"https:\/\/www.latribunedufaso.net\/?p=25581"},"modified":"2025-12-17T20:43:44","modified_gmt":"2025-12-17T20:43:44","slug":"conseil-superieur-de-la-magistrature-07-membres-pretent-serment-devant-le-conseil-constitutionnel","status":"publish","type":"post","link":"https:\/\/www.latribunedufaso.net\/?p=25581","title":{"rendered":"Conseil sup\u00e9rieur de la magistrature : 07 membres pr\u00eatent serment devant le Conseil constitutionnel"},"content":{"rendered":"<p><strong>07 nouveaux membres du Conseil sup\u00e9rieur de la magistrature ont pr\u00eat\u00e9 serment devant le Conseil constitutionnel, renfor\u00e7ant ainsi la composition de cette institution garante de l\u2019ind\u00e9pendance judiciaire. L&rsquo;audience solennelle de prestation de serment \u00e9tait plac\u00e9e sous la pr\u00e9sidence du Pr\u00e9sident de l&rsquo;institution, Me Barth\u00e9l\u00e9my K\u00e9r\u00e9.<\/strong><!--more--><\/p>\n<p>Le Conseil constitutionnel a tenu ce 09 d\u00e9cembre 2025 \u00e0 Ouagadougou, une audience solennelle consacr\u00e9e \u00e0 la prestation de serment des membres du Conseil sup\u00e9rieur de la magistrature (CSM) qui n\u2019avaient pas encore accompli cette formalit\u00e9.<\/p>\n<p>Il s&rsquo;agit de 07 membres dont 02 titulaires, 03 suppl\u00e9ants et 02 personnalit\u00e9s d\u00e9sign\u00e9es par le Pr\u00e9sident du Faso.<\/p>\n<figure id=\"attachment_25590\" aria-describedby=\"caption-attachment-25590\" style=\"width: 1280px\" class=\"wp-caption aligncenter\"><a href=\"https:\/\/www.latribunedufaso.net\/wp-content\/uploads\/2025\/12\/IMG-20251210-WA0104.jpg\"><img loading=\"lazy\" decoding=\"async\" class=\"size-full wp-image-25590\" src=\"https:\/\/www.latribunedufaso.net\/wp-content\/uploads\/2025\/12\/IMG-20251210-WA0104.jpg\" alt=\"Audience solennelle de prestation de serment des membres du Conseil sup\u00e9rieur de la magistrature devant le Conseil Constitutionnel, 9 d\u00e9cembre 2025\" width=\"1280\" height=\"724\" srcset=\"https:\/\/www.latribunedufaso.net\/wp-content\/uploads\/2025\/12\/IMG-20251210-WA0104.jpg 1280w, https:\/\/www.latribunedufaso.net\/wp-content\/uploads\/2025\/12\/IMG-20251210-WA0104-300x170.jpg 300w, https:\/\/www.latribunedufaso.net\/wp-content\/uploads\/2025\/12\/IMG-20251210-WA0104-1024x579.jpg 1024w, https:\/\/www.latribunedufaso.net\/wp-content\/uploads\/2025\/12\/IMG-20251210-WA0104-768x434.jpg 768w\" sizes=\"auto, (max-width: 1280px) 100vw, 1280px\" \/><\/a><figcaption id=\"caption-attachment-25590\" class=\"wp-caption-text\">Ils sont au nombre de 7 a avoir pr\u00eat\u00e9 serment &#8211; Ph. A. Kiendrebeogo<\/figcaption><\/figure>\n<p>Dans son allocution, le Pr\u00e9sident du Conseil Constitutionnel, Me Barth\u00e9l\u00e9my K\u00e9r\u00e9, a soulign\u00e9 que la prestation de serment constitue un engagement solennel, irr\u00e9vocable et fondateur, par lequel les membres du CSM s\u2019engagent \u00e0 servir la justice, l\u2019\u00c9tat de droit et l\u2019int\u00e9r\u00eat g\u00e9n\u00e9ral avec int\u00e9grit\u00e9, impartialit\u00e9 et loyaut\u00e9. Cet acte, loin d\u2019\u00eatre une simple formalit\u00e9, symbolise la fid\u00e9lit\u00e9 \u00e0 la Constitution et \u00e0 la d\u00e9mocratie.<\/p>\n<p>Par ailleurs, il a rappel\u00e9 le r\u00f4le essentiel du CSM dans la garantie de l\u2019ind\u00e9pendance du pouvoir judiciaire. Pour lui, la diversit\u00e9 de sa composition, magistrats et personnalit\u00e9s ext\u00e9rieures, renforce la transparence, la l\u00e9gitimit\u00e9 et la capacit\u00e9 de l\u2019institution \u00e0 concilier les int\u00e9r\u00eats des magistrats et ceux des citoyens. La r\u00e9forme constitutionnelle de 2023, qui a ouvert davantage le Conseil \u00e0 des non-magistrats, a \u00e9t\u00e9 salu\u00e9e comme une avanc\u00e9e majeure pour r\u00e9duire le <em><strong>\u00ab corporatisme \u00bb<\/strong> <\/em>et accro\u00eetre la <em><strong>\u00ab cr\u00e9dibilit\u00e9 \u00bb<\/strong><\/em> de l\u2019institution.<\/p>\n<figure id=\"attachment_25588\" aria-describedby=\"caption-attachment-25588\" style=\"width: 1280px\" class=\"wp-caption aligncenter\"><a href=\"https:\/\/www.latribunedufaso.net\/wp-content\/uploads\/2025\/12\/IMG-20251210-WA0103.jpg\"><img loading=\"lazy\" decoding=\"async\" class=\"size-full wp-image-25588\" src=\"https:\/\/www.latribunedufaso.net\/wp-content\/uploads\/2025\/12\/IMG-20251210-WA0103.jpg\" alt=\"Audience solennelle de prestation de serment des membres du Conseil sup\u00e9rieur de la magistrature devant le Conseil Constitutionnel, 9 d\u00e9cembre 2025\" width=\"1280\" height=\"851\" srcset=\"https:\/\/www.latribunedufaso.net\/wp-content\/uploads\/2025\/12\/IMG-20251210-WA0103.jpg 1280w, https:\/\/www.latribunedufaso.net\/wp-content\/uploads\/2025\/12\/IMG-20251210-WA0103-300x199.jpg 300w, https:\/\/www.latribunedufaso.net\/wp-content\/uploads\/2025\/12\/IMG-20251210-WA0103-1024x681.jpg 1024w, https:\/\/www.latribunedufaso.net\/wp-content\/uploads\/2025\/12\/IMG-20251210-WA0103-768x511.jpg 768w, https:\/\/www.latribunedufaso.net\/wp-content\/uploads\/2025\/12\/IMG-20251210-WA0103-120x80.jpg 120w, https:\/\/www.latribunedufaso.net\/wp-content\/uploads\/2025\/12\/IMG-20251210-WA0103-360x240.jpg 360w, https:\/\/www.latribunedufaso.net\/wp-content\/uploads\/2025\/12\/IMG-20251210-WA0103-600x400.jpg 600w\" sizes=\"auto, (max-width: 1280px) 100vw, 1280px\" \/><\/a><figcaption id=\"caption-attachment-25588\" class=\"wp-caption-text\">Le Pr\u00e9sident du Conseil constitutionnel, Me Barth\u00e9l\u00e9my K\u00e9r\u00e9 a pr\u00e9sid\u00e9 l&rsquo;audience solennelle &#8211; Ph. DR<\/figcaption><\/figure>\n<p>Il a insist\u00e9 sur les missions exigeantes du CSM que sont les nominations et affectations des magistrats fond\u00e9es sur la comp\u00e9tence et l\u2019int\u00e9grit\u00e9, la veille \u00e0 l\u2019\u00e9thique judiciaire, le soutien au Pr\u00e9sident du Faso dans sa mission de garant de l\u2019ind\u00e9pendance judiciaire, et la pr\u00e9servation d\u2019une justice impartiale et accessible \u00e0 tous.<\/p>\n<p>Me Barth\u00e9l\u00e9my K\u00e9r\u00e9 a exhort\u00e9 les membres du CSM \u00e0 exercer leurs responsabilit\u00e9s avec rigueur, coll\u00e9gialit\u00e9, transparence et sens du devoir, soulignant que chacune de leurs d\u00e9cisions influence non seulement la carri\u00e8re des magistrats mais aussi la confiance des citoyens dans la justice.<\/p>\n<figure id=\"attachment_25586\" aria-describedby=\"caption-attachment-25586\" style=\"width: 2048px\" class=\"wp-caption aligncenter\"><a href=\"https:\/\/www.latribunedufaso.net\/wp-content\/uploads\/2025\/12\/FB_IMG_1765383514906.jpg\"><img loading=\"lazy\" decoding=\"async\" class=\"size-full wp-image-25586\" src=\"https:\/\/www.latribunedufaso.net\/wp-content\/uploads\/2025\/12\/FB_IMG_1765383514906.jpg\" alt=\"Audience solennelle de prestation de serment des membres du Conseil sup\u00e9rieur de la magistrature devant le Conseil Constitutionnel, 9 d\u00e9cembre 2025\" width=\"2048\" height=\"1153\" srcset=\"https:\/\/www.latribunedufaso.net\/wp-content\/uploads\/2025\/12\/FB_IMG_1765383514906.jpg 2048w, https:\/\/www.latribunedufaso.net\/wp-content\/uploads\/2025\/12\/FB_IMG_1765383514906-300x169.jpg 300w, https:\/\/www.latribunedufaso.net\/wp-content\/uploads\/2025\/12\/FB_IMG_1765383514906-1024x577.jpg 1024w, https:\/\/www.latribunedufaso.net\/wp-content\/uploads\/2025\/12\/FB_IMG_1765383514906-768x432.jpg 768w, https:\/\/www.latribunedufaso.net\/wp-content\/uploads\/2025\/12\/FB_IMG_1765383514906-1536x865.jpg 1536w\" sizes=\"auto, (max-width: 2048px) 100vw, 2048px\" \/><\/a><figcaption id=\"caption-attachment-25586\" class=\"wp-caption-text\">Une vue des membres du Conseil Constitutionnel &#8211; Ph. DR<\/figcaption><\/figure>\n<p>Enfin, il a f\u00e9licit\u00e9 les nouveaux membres pour leur engagement et a exprim\u00e9 sa conviction qu\u2019ils sauront relever les d\u00e9fis avec discernement, contribuant ainsi au renforcement de l\u2019\u00c9tat de droit et \u00e0 la modernisation du syst\u00e8me judiciaire.\u00a0<\/p>\n<blockquote>\n<p>Lire aussi &gt;&gt; Rencontre statutaire du Conseil sup\u00e9rieur de la magistrature : Le Chef de l\u2019Etat pour une justice \u00e9quitable et accessible pour tous<\/p>\n<\/blockquote>\n<p><iframe loading=\"lazy\" width=\"560\" height=\"315\" src=\"https:\/\/www.youtube.com\/embed\/DsNOeQnl9Nk?si=zPlUNVQ6wpj2S0ue\" title=\"YouTube video player\" frameborder=\"0\" allow=\"accelerometer; autoplay; clipboard-write; encrypted-media; gyroscope; picture-in-picture; web-share\" referrerpolicy=\"strict-origin-when-cross-origin\" allowfullscreen><\/iframe><\/p>\n<p>De leur c\u00f4t\u00e9, les magistrats ont reconnu l\u2019importance des responsabilit\u00e9s qui les attendent.<em><strong> \u00ab Nous mesurons la charge qui nous incombe. C\u2019est une mission \u00e0 la fois lourde, mais \u00e9galement exaltante \u00bb<\/strong><\/em>, a d\u00e9clar\u00e9 Barnab\u00e9 Compaor\u00e9, Procureur du Faso pr\u00e8s la Cour d\u2019appel de Fada N\u2019Gourma.<\/p>\n<figure id=\"attachment_25587\" aria-describedby=\"caption-attachment-25587\" style=\"width: 2048px\" class=\"wp-caption aligncenter\"><a href=\"https:\/\/www.latribunedufaso.net\/wp-content\/uploads\/2025\/12\/FB_IMG_1765383500908.jpg\"><img loading=\"lazy\" decoding=\"async\" class=\"size-full wp-image-25587\" src=\"https:\/\/www.latribunedufaso.net\/wp-content\/uploads\/2025\/12\/FB_IMG_1765383500908.jpg\" alt=\"Audience solennelle de prestation de serment des membres du Conseil sup\u00e9rieur de la magistrature devant le Conseil Constitutionnel, 9 d\u00e9cembre 2025\" width=\"2048\" height=\"1365\" srcset=\"https:\/\/www.latribunedufaso.net\/wp-content\/uploads\/2025\/12\/FB_IMG_1765383500908.jpg 2048w, https:\/\/www.latribunedufaso.net\/wp-content\/uploads\/2025\/12\/FB_IMG_1765383500908-300x200.jpg 300w, https:\/\/www.latribunedufaso.net\/wp-content\/uploads\/2025\/12\/FB_IMG_1765383500908-1024x683.jpg 1024w, https:\/\/www.latribunedufaso.net\/wp-content\/uploads\/2025\/12\/FB_IMG_1765383500908-768x512.jpg 768w, https:\/\/www.latribunedufaso.net\/wp-content\/uploads\/2025\/12\/FB_IMG_1765383500908-1536x1024.jpg 1536w, https:\/\/www.latribunedufaso.net\/wp-content\/uploads\/2025\/12\/FB_IMG_1765383500908-840x560.jpg 840w, https:\/\/www.latribunedufaso.net\/wp-content\/uploads\/2025\/12\/FB_IMG_1765383500908-120x80.jpg 120w, https:\/\/www.latribunedufaso.net\/wp-content\/uploads\/2025\/12\/FB_IMG_1765383500908-360x240.jpg 360w, https:\/\/www.latribunedufaso.net\/wp-content\/uploads\/2025\/12\/FB_IMG_1765383500908-600x400.jpg 600w\" sizes=\"auto, (max-width: 2048px) 100vw, 2048px\" \/><\/a><figcaption id=\"caption-attachment-25587\" class=\"wp-caption-text\">Le ministre charg\u00e9 de la Justice, Edassso Rodrigue Bayala a assist\u00e9 \u00e0 l&rsquo;audience &#8211; Ph. DR<\/figcaption><\/figure>\n<p>Il faut noter que l&rsquo;audience s&rsquo;est d\u00e9roul\u00e9e en pr\u00e9sence du ministre en charge de la Justice, Edasso Rodrigue Bayala.<\/p>\n<p><strong>Rosana Astride KIENDREBEOGO\u00a0<\/strong><\/p>\n<p><strong>Latribunedufaso.net<\/strong><\/p>\n","protected":false},"excerpt":{"rendered":"<p>07 nouveaux membres du Conseil sup\u00e9rieur de la magistrature ont pr\u00eat\u00e9 serment devant le Conseil constitutionnel, renfor\u00e7ant ainsi la composition de cette institution garante de l\u2019ind\u00e9pendance judiciaire. L&rsquo;audience solennelle de prestation de serment \u00e9tait plac\u00e9e sous la pr\u00e9sidence du Pr\u00e9sident de l&rsquo;institution, Me Barth\u00e9l\u00e9my K\u00e9r\u00e9.<\/p>\n","protected":false},"author":5,"featured_media":25589,"comment_status":"open","ping_status":"open","sticky":false,"template":"","format":"standard","meta":{"footnotes":""},"categories":[13,1,8],"tags":[501,208,39],"class_list":["post-25581","post","type-post","status-publish","format-standard","has-post-thumbnail","hentry","category-une","category-actu","category-societe","tag-conseil-superieur-de-la-magistrature","tag-justice","tag-latribunedufaso-net"],"yoast_head":"<!-- This site is optimized with the Yoast SEO plugin v27.4 - https:\/\/yoast.com\/product\/yoast-seo-wordpress\/ -->\n<title>Conseil sup\u00e9rieur de la magistrature : 07 membres pr\u00eatent serment devant le Conseil constitutionnel - La Tribune du Faso<\/title>\n<meta name=\"robots\" content=\"index, follow, max-snippet:-1, max-image-preview:large, max-video-preview:-1\" \/>\n<link rel=\"canonical\" href=\"https:\/\/www.latribunedufaso.net\/?p=25581\" \/>\n<meta property=\"og:locale\" content=\"fr_FR\" \/>\n<meta property=\"og:type\" content=\"article\" \/>\n<meta property=\"og:title\" content=\"Conseil sup\u00e9rieur de la magistrature : 07 membres pr\u00eatent serment devant le Conseil constitutionnel - La Tribune du Faso\" \/>\n<meta property=\"og:description\" content=\"07 nouveaux membres du Conseil sup\u00e9rieur de la magistrature ont pr\u00eat\u00e9 serment devant le Conseil constitutionnel, renfor\u00e7ant ainsi la composition de cette institution garante de l\u2019ind\u00e9pendance judiciaire. L&rsquo;audience solennelle de prestation de serment \u00e9tait plac\u00e9e sous la pr\u00e9sidence du Pr\u00e9sident de l&rsquo;institution, Me Barth\u00e9l\u00e9my K\u00e9r\u00e9.\" \/>\n<meta property=\"og:url\" content=\"https:\/\/www.latribunedufaso.net\/?p=25581\" \/>\n<meta property=\"og:site_name\" content=\"La Tribune du Faso\" \/>\n<meta property=\"article:publisher\" content=\"https:\/\/www.facebook.com\/LatribuneduFaso\/\" \/>\n<meta property=\"article:published_time\" content=\"2025-12-09T16:18:45+00:00\" \/>\n<meta property=\"article:modified_time\" content=\"2025-12-17T20:43:44+00:00\" \/>\n<meta property=\"og:image\" content=\"https:\/\/www.latribunedufaso.net\/wp-content\/uploads\/2025\/12\/IMG-20251210-WA0102.jpg\" \/>\n\t<meta property=\"og:image:width\" content=\"1280\" \/>\n\t<meta property=\"og:image:height\" content=\"824\" \/>\n\t<meta property=\"og:image:type\" content=\"image\/jpeg\" \/>\n<meta name=\"author\" content=\"Issouf Tapsoba\" \/>\n<meta name=\"twitter:label1\" content=\"\u00c9crit par\" \/>\n\t<meta name=\"twitter:data1\" content=\"Issouf Tapsoba\" \/>\n\t<meta name=\"twitter:label2\" content=\"Dur\u00e9e de lecture estim\u00e9e\" \/>\n\t<meta name=\"twitter:data2\" content=\"4 minutes\" \/>\n<script type=\"application\/ld+json\" class=\"yoast-schema-graph\">{\"@context\":\"https:\\\/\\\/schema.org\",\"@graph\":[{\"@type\":\"Article\",\"@id\":\"https:\\\/\\\/www.latribunedufaso.net\\\/?p=25581#article\",\"isPartOf\":{\"@id\":\"https:\\\/\\\/www.latribunedufaso.net\\\/?p=25581\"},\"author\":{\"name\":\"Issouf Tapsoba\",\"@id\":\"https:\\\/\\\/www.latribunedufaso.net\\\/#\\\/schema\\\/person\\\/e54e64c5778a7e72cf80a318b7a622b0\"},\"headline\":\"Conseil sup\u00e9rieur de la magistrature : 07 membres pr\u00eatent serment devant le Conseil constitutionnel\",\"datePublished\":\"2025-12-09T16:18:45+00:00\",\"dateModified\":\"2025-12-17T20:43:44+00:00\",\"mainEntityOfPage\":{\"@id\":\"https:\\\/\\\/www.latribunedufaso.net\\\/?p=25581\"},\"wordCount\":643,\"commentCount\":0,\"publisher\":{\"@id\":\"https:\\\/\\\/www.latribunedufaso.net\\\/#organization\"},\"image\":{\"@id\":\"https:\\\/\\\/www.latribunedufaso.net\\\/?p=25581#primaryimage\"},\"thumbnailUrl\":\"https:\\\/\\\/www.latribunedufaso.net\\\/wp-content\\\/uploads\\\/2025\\\/12\\\/IMG-20251210-WA0102.jpg\",\"keywords\":[\"Conseil sup\u00e9rieur de la magistrature\",\"justice\",\"latribunedufaso.net\"],\"articleSection\":[\"A la une\",\"Actualit\u00e9\",\"Soci\u00e9t\u00e9\"],\"inLanguage\":\"fr-FR\",\"potentialAction\":[{\"@type\":\"CommentAction\",\"name\":\"Comment\",\"target\":[\"https:\\\/\\\/www.latribunedufaso.net\\\/?p=25581#respond\"]}]},{\"@type\":\"WebPage\",\"@id\":\"https:\\\/\\\/www.latribunedufaso.net\\\/?p=25581\",\"url\":\"https:\\\/\\\/www.latribunedufaso.net\\\/?p=25581\",\"name\":\"Conseil sup\u00e9rieur de la magistrature : 07 membres pr\u00eatent serment devant le Conseil constitutionnel - La Tribune du Faso\",\"isPartOf\":{\"@id\":\"https:\\\/\\\/www.latribunedufaso.net\\\/#website\"},\"primaryImageOfPage\":{\"@id\":\"https:\\\/\\\/www.latribunedufaso.net\\\/?p=25581#primaryimage\"},\"image\":{\"@id\":\"https:\\\/\\\/www.latribunedufaso.net\\\/?p=25581#primaryimage\"},\"thumbnailUrl\":\"https:\\\/\\\/www.latribunedufaso.net\\\/wp-content\\\/uploads\\\/2025\\\/12\\\/IMG-20251210-WA0102.jpg\",\"datePublished\":\"2025-12-09T16:18:45+00:00\",\"dateModified\":\"2025-12-17T20:43:44+00:00\",\"breadcrumb\":{\"@id\":\"https:\\\/\\\/www.latribunedufaso.net\\\/?p=25581#breadcrumb\"},\"inLanguage\":\"fr-FR\",\"potentialAction\":[{\"@type\":\"ReadAction\",\"target\":[\"https:\\\/\\\/www.latribunedufaso.net\\\/?p=25581\"]}]},{\"@type\":\"ImageObject\",\"inLanguage\":\"fr-FR\",\"@id\":\"https:\\\/\\\/www.latribunedufaso.net\\\/?p=25581#primaryimage\",\"url\":\"https:\\\/\\\/www.latribunedufaso.net\\\/wp-content\\\/uploads\\\/2025\\\/12\\\/IMG-20251210-WA0102.jpg\",\"contentUrl\":\"https:\\\/\\\/www.latribunedufaso.net\\\/wp-content\\\/uploads\\\/2025\\\/12\\\/IMG-20251210-WA0102.jpg\",\"width\":1280,\"height\":824,\"caption\":\"Audience solennelle de prestation de serment des membres du Conseil sup\u00e9rieur de la magistrature devant le Conseil Constitutionnel, 9 d\u00e9cembre 2025\"},{\"@type\":\"BreadcrumbList\",\"@id\":\"https:\\\/\\\/www.latribunedufaso.net\\\/?p=25581#breadcrumb\",\"itemListElement\":[{\"@type\":\"ListItem\",\"position\":1,\"name\":\"Accueil\",\"item\":\"https:\\\/\\\/www.latribunedufaso.net\\\/\"},{\"@type\":\"ListItem\",\"position\":2,\"name\":\"Conseil sup\u00e9rieur de la magistrature : 07 membres pr\u00eatent serment devant le Conseil constitutionnel\"}]},{\"@type\":\"WebSite\",\"@id\":\"https:\\\/\\\/www.latribunedufaso.net\\\/#website\",\"url\":\"https:\\\/\\\/www.latribunedufaso.net\\\/\",\"name\":\"La Tribune du Faso\",\"description\":\"L&#039;information du monde rural en un clic\",\"publisher\":{\"@id\":\"https:\\\/\\\/www.latribunedufaso.net\\\/#organization\"},\"potentialAction\":[{\"@type\":\"SearchAction\",\"target\":{\"@type\":\"EntryPoint\",\"urlTemplate\":\"https:\\\/\\\/www.latribunedufaso.net\\\/?s={search_term_string}\"},\"query-input\":{\"@type\":\"PropertyValueSpecification\",\"valueRequired\":true,\"valueName\":\"search_term_string\"}}],\"inLanguage\":\"fr-FR\"},{\"@type\":\"Organization\",\"@id\":\"https:\\\/\\\/www.latribunedufaso.net\\\/#organization\",\"name\":\"La Tribune du Faso\",\"url\":\"https:\\\/\\\/www.latribunedufaso.net\\\/\",\"logo\":{\"@type\":\"ImageObject\",\"inLanguage\":\"fr-FR\",\"@id\":\"https:\\\/\\\/www.latribunedufaso.net\\\/#\\\/schema\\\/logo\\\/image\\\/\",\"url\":\"https:\\\/\\\/www.latribunedufaso.net\\\/wp-content\\\/uploads\\\/2020\\\/08\\\/Logo-Tribune-du-Faso-final-scaled.jpg\",\"contentUrl\":\"https:\\\/\\\/www.latribunedufaso.net\\\/wp-content\\\/uploads\\\/2020\\\/08\\\/Logo-Tribune-du-Faso-final-scaled.jpg\",\"width\":2560,\"height\":1856,\"caption\":\"La Tribune du Faso\"},\"image\":{\"@id\":\"https:\\\/\\\/www.latribunedufaso.net\\\/#\\\/schema\\\/logo\\\/image\\\/\"},\"sameAs\":[\"https:\\\/\\\/www.facebook.com\\\/LatribuneduFaso\\\/\"]},{\"@type\":\"Person\",\"@id\":\"https:\\\/\\\/www.latribunedufaso.net\\\/#\\\/schema\\\/person\\\/e54e64c5778a7e72cf80a318b7a622b0\",\"name\":\"Issouf Tapsoba\",\"image\":{\"@type\":\"ImageObject\",\"inLanguage\":\"fr-FR\",\"@id\":\"https:\\\/\\\/secure.gravatar.com\\\/avatar\\\/5e6c05150ce3230247d167f5b94d678eb05936197436d69b7921e3a95c9107ac?s=96&d=mm&r=g\",\"url\":\"https:\\\/\\\/secure.gravatar.com\\\/avatar\\\/5e6c05150ce3230247d167f5b94d678eb05936197436d69b7921e3a95c9107ac?s=96&d=mm&r=g\",\"contentUrl\":\"https:\\\/\\\/secure.gravatar.com\\\/avatar\\\/5e6c05150ce3230247d167f5b94d678eb05936197436d69b7921e3a95c9107ac?s=96&d=mm&r=g\",\"caption\":\"Issouf Tapsoba\"},\"url\":\"https:\\\/\\\/www.latribunedufaso.net\\\/?author=5\"}]}<\/script>\n<!-- \/ Yoast SEO plugin. -->","yoast_head_json":{"title":"Conseil sup\u00e9rieur de la magistrature : 07 membres pr\u00eatent serment devant le Conseil constitutionnel - La Tribune du Faso","robots":{"index":"index","follow":"follow","max-snippet":"max-snippet:-1","max-image-preview":"max-image-preview:large","max-video-preview":"max-video-preview:-1"},"canonical":"https:\/\/www.latribunedufaso.net\/?p=25581","og_locale":"fr_FR","og_type":"article","og_title":"Conseil sup\u00e9rieur de la magistrature : 07 membres pr\u00eatent serment devant le Conseil constitutionnel - La Tribune du Faso","og_description":"07 nouveaux membres du Conseil sup\u00e9rieur de la magistrature ont pr\u00eat\u00e9 serment devant le Conseil constitutionnel, renfor\u00e7ant ainsi la composition de cette institution garante de l\u2019ind\u00e9pendance judiciaire. L&rsquo;audience solennelle de prestation de serment \u00e9tait plac\u00e9e sous la pr\u00e9sidence du Pr\u00e9sident de l&rsquo;institution, Me Barth\u00e9l\u00e9my K\u00e9r\u00e9.","og_url":"https:\/\/www.latribunedufaso.net\/?p=25581","og_site_name":"La Tribune du Faso","article_publisher":"https:\/\/www.facebook.com\/LatribuneduFaso\/","article_published_time":"2025-12-09T16:18:45+00:00","article_modified_time":"2025-12-17T20:43:44+00:00","og_image":[{"width":1280,"height":824,"url":"https:\/\/www.latribunedufaso.net\/wp-content\/uploads\/2025\/12\/IMG-20251210-WA0102.jpg","type":"image\/jpeg"}],"author":"Issouf Tapsoba","twitter_misc":{"\u00c9crit par":"Issouf Tapsoba","Dur\u00e9e de lecture estim\u00e9e":"4 minutes"},"schema":{"@context":"https:\/\/schema.org","@graph":[{"@type":"Article","@id":"https:\/\/www.latribunedufaso.net\/?p=25581#article","isPartOf":{"@id":"https:\/\/www.latribunedufaso.net\/?p=25581"},"author":{"name":"Issouf Tapsoba","@id":"https:\/\/www.latribunedufaso.net\/#\/schema\/person\/e54e64c5778a7e72cf80a318b7a622b0"},"headline":"Conseil sup\u00e9rieur de la magistrature : 07 membres pr\u00eatent serment devant le Conseil constitutionnel","datePublished":"2025-12-09T16:18:45+00:00","dateModified":"2025-12-17T20:43:44+00:00","mainEntityOfPage":{"@id":"https:\/\/www.latribunedufaso.net\/?p=25581"},"wordCount":643,"commentCount":0,"publisher":{"@id":"https:\/\/www.latribunedufaso.net\/#organization"},"image":{"@id":"https:\/\/www.latribunedufaso.net\/?p=25581#primaryimage"},"thumbnailUrl":"https:\/\/www.latribunedufaso.net\/wp-content\/uploads\/2025\/12\/IMG-20251210-WA0102.jpg","keywords":["Conseil sup\u00e9rieur de la magistrature","justice","latribunedufaso.net"],"articleSection":["A la une","Actualit\u00e9","Soci\u00e9t\u00e9"],"inLanguage":"fr-FR","potentialAction":[{"@type":"CommentAction","name":"Comment","target":["https:\/\/www.latribunedufaso.net\/?p=25581#respond"]}]},{"@type":"WebPage","@id":"https:\/\/www.latribunedufaso.net\/?p=25581","url":"https:\/\/www.latribunedufaso.net\/?p=25581","name":"Conseil sup\u00e9rieur de la magistrature : 07 membres pr\u00eatent serment devant le Conseil constitutionnel - La Tribune du Faso","isPartOf":{"@id":"https:\/\/www.latribunedufaso.net\/#website"},"primaryImageOfPage":{"@id":"https:\/\/www.latribunedufaso.net\/?p=25581#primaryimage"},"image":{"@id":"https:\/\/www.latribunedufaso.net\/?p=25581#primaryimage"},"thumbnailUrl":"https:\/\/www.latribunedufaso.net\/wp-content\/uploads\/2025\/12\/IMG-20251210-WA0102.jpg","datePublished":"2025-12-09T16:18:45+00:00","dateModified":"2025-12-17T20:43:44+00:00","breadcrumb":{"@id":"https:\/\/www.latribunedufaso.net\/?p=25581#breadcrumb"},"inLanguage":"fr-FR","potentialAction":[{"@type":"ReadAction","target":["https:\/\/www.latribunedufaso.net\/?p=25581"]}]},{"@type":"ImageObject","inLanguage":"fr-FR","@id":"https:\/\/www.latribunedufaso.net\/?p=25581#primaryimage","url":"https:\/\/www.latribunedufaso.net\/wp-content\/uploads\/2025\/12\/IMG-20251210-WA0102.jpg","contentUrl":"https:\/\/www.latribunedufaso.net\/wp-content\/uploads\/2025\/12\/IMG-20251210-WA0102.jpg","width":1280,"height":824,"caption":"Audience solennelle de prestation de serment des membres du Conseil sup\u00e9rieur de la magistrature devant le Conseil Constitutionnel, 9 d\u00e9cembre 2025"},{"@type":"BreadcrumbList","@id":"https:\/\/www.latribunedufaso.net\/?p=25581#breadcrumb","itemListElement":[{"@type":"ListItem","position":1,"name":"Accueil","item":"https:\/\/www.latribunedufaso.net\/"},{"@type":"ListItem","position":2,"name":"Conseil sup\u00e9rieur de la magistrature : 07 membres pr\u00eatent serment devant le Conseil constitutionnel"}]},{"@type":"WebSite","@id":"https:\/\/www.latribunedufaso.net\/#website","url":"https:\/\/www.latribunedufaso.net\/","name":"La Tribune du Faso","description":"L&#039;information du monde rural en un clic","publisher":{"@id":"https:\/\/www.latribunedufaso.net\/#organization"},"potentialAction":[{"@type":"SearchAction","target":{"@type":"EntryPoint","urlTemplate":"https:\/\/www.latribunedufaso.net\/?s={search_term_string}"},"query-input":{"@type":"PropertyValueSpecification","valueRequired":true,"valueName":"search_term_string"}}],"inLanguage":"fr-FR"},{"@type":"Organization","@id":"https:\/\/www.latribunedufaso.net\/#organization","name":"La Tribune du Faso","url":"https:\/\/www.latribunedufaso.net\/","logo":{"@type":"ImageObject","inLanguage":"fr-FR","@id":"https:\/\/www.latribunedufaso.net\/#\/schema\/logo\/image\/","url":"https:\/\/www.latribunedufaso.net\/wp-content\/uploads\/2020\/08\/Logo-Tribune-du-Faso-final-scaled.jpg","contentUrl":"https:\/\/www.latribunedufaso.net\/wp-content\/uploads\/2020\/08\/Logo-Tribune-du-Faso-final-scaled.jpg","width":2560,"height":1856,"caption":"La Tribune du Faso"},"image":{"@id":"https:\/\/www.latribunedufaso.net\/#\/schema\/logo\/image\/"},"sameAs":["https:\/\/www.facebook.com\/LatribuneduFaso\/"]},{"@type":"Person","@id":"https:\/\/www.latribunedufaso.net\/#\/schema\/person\/e54e64c5778a7e72cf80a318b7a622b0","name":"Issouf Tapsoba","image":{"@type":"ImageObject","inLanguage":"fr-FR","@id":"https:\/\/secure.gravatar.com\/avatar\/5e6c05150ce3230247d167f5b94d678eb05936197436d69b7921e3a95c9107ac?s=96&d=mm&r=g","url":"https:\/\/secure.gravatar.com\/avatar\/5e6c05150ce3230247d167f5b94d678eb05936197436d69b7921e3a95c9107ac?s=96&d=mm&r=g","contentUrl":"https:\/\/secure.gravatar.com\/avatar\/5e6c05150ce3230247d167f5b94d678eb05936197436d69b7921e3a95c9107ac?s=96&d=mm&r=g","caption":"Issouf Tapsoba"},"url":"https:\/\/www.latribunedufaso.net\/?author=5"}]}},"_links":{"self":[{"href":"https:\/\/www.latribunedufaso.net\/index.php?rest_route=\/wp\/v2\/posts\/25581","targetHints":{"allow":["GET"]}}],"collection":[{"href":"https:\/\/www.latribunedufaso.net\/index.php?rest_route=\/wp\/v2\/posts"}],"about":[{"href":"https:\/\/www.latribunedufaso.net\/index.php?rest_route=\/wp\/v2\/types\/post"}],"author":[{"embeddable":true,"href":"https:\/\/www.latribunedufaso.net\/index.php?rest_route=\/wp\/v2\/users\/5"}],"replies":[{"embeddable":true,"href":"https:\/\/www.latribunedufaso.net\/index.php?rest_route=%2Fwp%2Fv2%2Fcomments&post=25581"}],"version-history":[{"count":4,"href":"https:\/\/www.latribunedufaso.net\/index.php?rest_route=\/wp\/v2\/posts\/25581\/revisions"}],"predecessor-version":[{"id":25905,"href":"https:\/\/www.latribunedufaso.net\/index.php?rest_route=\/wp\/v2\/posts\/25581\/revisions\/25905"}],"wp:featuredmedia":[{"embeddable":true,"href":"https:\/\/www.latribunedufaso.net\/index.php?rest_route=\/wp\/v2\/media\/25589"}],"wp:attachment":[{"href":"https:\/\/www.latribunedufaso.net\/index.php?rest_route=%2Fwp%2Fv2%2Fmedia&parent=25581"}],"wp:term":[{"taxonomy":"category","embeddable":true,"href":"https:\/\/www.latribunedufaso.net\/index.php?rest_route=%2Fwp%2Fv2%2Fcategories&post=25581"},{"taxonomy":"post_tag","embeddable":true,"href":"https:\/\/www.latribunedufaso.net\/index.php?rest_route=%2Fwp%2Fv2%2Ftags&post=25581"}],"curies":[{"name":"wp","href":"https:\/\/api.w.org\/{rel}","templated":true}]}}