{"id":25561,"date":"2025-12-10T12:47:23","date_gmt":"2025-12-10T12:47:23","guid":{"rendered":"https:\/\/www.latribunedufaso.net\/?p=25561"},"modified":"2025-12-10T12:47:23","modified_gmt":"2025-12-10T12:47:23","slug":"14e-session-du-comite-de-communication-de-la-mine-essakane-ccme-le-renforcement-de-la-concertation-entre-les-parties-prenantes-au-coeur-des-echanges","status":"publish","type":"post","link":"https:\/\/www.latribunedufaso.net\/?p=25561","title":{"rendered":"14e session du Comit\u00e9 de communication de la mine Essakane (CCME) : Le renforcement de la concertation entre les parties prenantes au coeur des \u00e9changes\u00a0"},"content":{"rendered":"<p><strong>A l\u2019occasion des 15 ans de production de la mine Essakane, le Gouverneur de la R\u00e9gion du Liptako, M. Abdoul Karim ZONGO a pr\u00e9sid\u00e9 le 7 d\u00e9cembre 2025 sur le site minier, une session du comit\u00e9 de communication de la mine Essakane (CCME). Cet outil du dialogue social pr\u00e9sente un aper\u00e7u des activit\u00e9s de la mine et permet de r\u00e9soudre efficacement les difficult\u00e9s de communication entre la mine et ses parties prenantes. La direction de IAMGOLD ESSAKANE SA \u00e9tait repr\u00e9sent\u00e9e \u00e0 cette session par Francis LETARTE-LAVOIE, Directeur g\u00e9n\u00e9ral adjoint et par Franck NAPON, Directeur Sant\u00e9-S\u00e9curit\u00e9 &amp; D\u00e9veloppement durable (SSDD).<\/strong><!--more--><\/p>\n<p>Le CCME se veut un cadre d\u2019\u00e9change entre des acteurs de l\u2019activit\u00e9 mini\u00e8re locale pour am\u00e9liorer la visibilit\u00e9 des actions de la mine Essakane. Les autorit\u00e9s administratives locales, les Forces de d\u00e9fense et de s\u00e9curit\u00e9 (FDS), les services techniques d\u00e9concentr\u00e9s de l\u2019Etat, les techniciens de la mine, les notabilit\u00e9s coutumi\u00e8res et religieuses, les organisations de la soci\u00e9t\u00e9 civile, les leaders communautaires, les repr\u00e9sentants des jeunes et des femmes ont \u00e9chang\u00e9 en une journ\u00e9e sur les probl\u00e9matiques, les retomb\u00e9es socio\u00e9conomiques de la mine, les acquis, les d\u00e9fis et les perspectives de l\u2019exploitation mini\u00e8re de Essakane.<\/p>\n<p>Ce cadre de concertation trimestriel qui s\u2019\u00e9tend au niveau r\u00e9gional existe depuis 2012 mais il \u00e9tait tomb\u00e9 en l\u00e9thargie compte tenu de plusieurs facteurs (pand\u00e9mie du coronavirus, contexte s\u00e9curitaire). Le CCME vient donc d\u2019\u00eatre redynamis\u00e9 dans la s\u00e9rie des activit\u00e9s concoct\u00e9es par IAMGOLD ESSAKANE SA pour ses 15 ans de production.<\/p>\n<figure id=\"attachment_25565\" aria-describedby=\"caption-attachment-25565\" style=\"width: 1080px\" class=\"wp-caption aligncenter\"><a href=\"https:\/\/www.latribunedufaso.net\/wp-content\/uploads\/2025\/12\/IMG-20251210-WA0050.jpg\"><img loading=\"lazy\" decoding=\"async\" class=\"size-full wp-image-25565\" src=\"https:\/\/www.latribunedufaso.net\/wp-content\/uploads\/2025\/12\/IMG-20251210-WA0050.jpg\" alt=\"Session du comit\u00e9 de communication de la mine Essakane (CCME), 7 d\u00e9cembre 2025\" width=\"1080\" height=\"858\" srcset=\"https:\/\/www.latribunedufaso.net\/wp-content\/uploads\/2025\/12\/IMG-20251210-WA0050.jpg 1080w, https:\/\/www.latribunedufaso.net\/wp-content\/uploads\/2025\/12\/IMG-20251210-WA0050-300x238.jpg 300w, https:\/\/www.latribunedufaso.net\/wp-content\/uploads\/2025\/12\/IMG-20251210-WA0050-1024x814.jpg 1024w, https:\/\/www.latribunedufaso.net\/wp-content\/uploads\/2025\/12\/IMG-20251210-WA0050-768x610.jpg 768w\" sizes=\"auto, (max-width: 1080px) 100vw, 1080px\" \/><\/a><figcaption id=\"caption-attachment-25565\" class=\"wp-caption-text\">Le Gouverneur de la R\u00e9gion du Liptako, M. Abdoul Karim ZONGO a pr\u00e9sid\u00e9 la session &#8211; Ph. DR<\/figcaption><\/figure>\n<p>Dans son allocution, le Gouverneur a soulign\u00e9 que <em><strong>\u00ab Le CCME s\u2019est impos\u00e9 comme un espace strat\u00e9gique de dialogue, de transparence et de redevabilit\u00e9. Il a permis de b\u00e2tir une relation de confiance entre la mine et les communaut\u00e9s, autour d\u2019enjeux cruciaux tels que l\u2019\u00e9ducation, la sant\u00e9, l\u2019environnement, l\u2019agriculture et l\u2019emploi \u00bb<\/strong><\/em>.<\/p>\n<p><em><strong>\u00ab La tenue de cette session, apr\u00e8s une interruption marque notre volont\u00e9 collective de pr\u00e9server ce cadre de concertation qui contribue \u00e0 la paix, \u00e0 la coh\u00e9sion sociale et au d\u00e9veloppement \u00bb, <\/strong><\/em>a poursuivi M. ZONGO.<\/p>\n<figure id=\"attachment_25566\" aria-describedby=\"caption-attachment-25566\" style=\"width: 2560px\" class=\"wp-caption aligncenter\"><a href=\"https:\/\/www.latribunedufaso.net\/wp-content\/uploads\/2025\/12\/IMG-20251210-WA0049.jpg\"><img loading=\"lazy\" decoding=\"async\" class=\"size-full wp-image-25566\" src=\"https:\/\/www.latribunedufaso.net\/wp-content\/uploads\/2025\/12\/IMG-20251210-WA0049.jpg\" alt=\"Session du comit\u00e9 de communication de la mine Essakane (CCME), 7 d\u00e9cembre 2025\" width=\"2560\" height=\"1154\" srcset=\"https:\/\/www.latribunedufaso.net\/wp-content\/uploads\/2025\/12\/IMG-20251210-WA0049.jpg 2560w, https:\/\/www.latribunedufaso.net\/wp-content\/uploads\/2025\/12\/IMG-20251210-WA0049-300x135.jpg 300w, https:\/\/www.latribunedufaso.net\/wp-content\/uploads\/2025\/12\/IMG-20251210-WA0049-1024x462.jpg 1024w, https:\/\/www.latribunedufaso.net\/wp-content\/uploads\/2025\/12\/IMG-20251210-WA0049-768x346.jpg 768w, https:\/\/www.latribunedufaso.net\/wp-content\/uploads\/2025\/12\/IMG-20251210-WA0049-1536x692.jpg 1536w, https:\/\/www.latribunedufaso.net\/wp-content\/uploads\/2025\/12\/IMG-20251210-WA0049-2048x923.jpg 2048w\" sizes=\"auto, (max-width: 2560px) 100vw, 2560px\" \/><\/a><figcaption id=\"caption-attachment-25566\" class=\"wp-caption-text\">Le CCME se veut un cadre d\u2019\u00e9change entre des acteurs de l\u2019activit\u00e9 mini\u00e8re locale pour am\u00e9liorer la visibilit\u00e9 des actions de la mine Essakane &#8211; Ph. DR<\/figcaption><\/figure>\n<h3>La nouvelle vision du d\u00e9veloppement durable 2026-2030<\/h3>\n<p>Apr\u00e8s 15 ann\u00e9es d\u2019exploitation, la mine Essakane, dans une phase de transition soci\u00e9tale qui doit prendre en compte des aspirations des communaut\u00e9s riveraines au cours des ann\u00e9es \u00e0 venir. M. Francis Letarte LAVOIE repr\u00e9sentant M. Tidiane BARRY, DG d\u2019IAMGOLD Esakane SA, a mentionn\u00e9 dans son discours que : <em><strong>\u00ab Essakane a contribu\u00e9 de mani\u00e8re significative au d\u00e9veloppement \u00e9conomique et social de la r\u00e9gion et du Burkina Faso tout entier. Nous sommes fiers des acquis en mati\u00e8re d\u2019emplois cr\u00e9\u00e9s, d\u2019infrastructures sociales et \u00e9conomiques, de projets dans l\u2019\u00e9ducation, la sant\u00e9, l\u2019agriculture et l\u2019autonomisation des communaut\u00e9s \u00bb<\/strong><\/em>.<\/p>\n<p><em><strong>\u00ab Ces r\u00e9alisations sont le fruit d\u2019un partenariat solide avec les autorit\u00e9s, les leaders communautaires et la soci\u00e9t\u00e9 civile \u00bb,<\/strong><\/em> a-t-il ajout\u00e9.<\/p>\n<figure id=\"attachment_25564\" aria-describedby=\"caption-attachment-25564\" style=\"width: 2560px\" class=\"wp-caption aligncenter\"><a href=\"https:\/\/www.latribunedufaso.net\/wp-content\/uploads\/2025\/12\/IMG-20251210-WA0052.jpg\"><img loading=\"lazy\" decoding=\"async\" class=\"size-full wp-image-25564\" src=\"https:\/\/www.latribunedufaso.net\/wp-content\/uploads\/2025\/12\/IMG-20251210-WA0052.jpg\" alt=\"Session du comit\u00e9 de communication de la mine Essakane (CCME), 7 d\u00e9cembre 2025\" width=\"2560\" height=\"1409\" srcset=\"https:\/\/www.latribunedufaso.net\/wp-content\/uploads\/2025\/12\/IMG-20251210-WA0052.jpg 2560w, https:\/\/www.latribunedufaso.net\/wp-content\/uploads\/2025\/12\/IMG-20251210-WA0052-300x165.jpg 300w, https:\/\/www.latribunedufaso.net\/wp-content\/uploads\/2025\/12\/IMG-20251210-WA0052-1024x564.jpg 1024w, https:\/\/www.latribunedufaso.net\/wp-content\/uploads\/2025\/12\/IMG-20251210-WA0052-768x423.jpg 768w, https:\/\/www.latribunedufaso.net\/wp-content\/uploads\/2025\/12\/IMG-20251210-WA0052-1536x845.jpg 1536w, https:\/\/www.latribunedufaso.net\/wp-content\/uploads\/2025\/12\/IMG-20251210-WA0052-2048x1127.jpg 2048w\" sizes=\"auto, (max-width: 2560px) 100vw, 2560px\" \/><\/a><figcaption id=\"caption-attachment-25564\" class=\"wp-caption-text\">Le Directeur g\u00e9n\u00e9ral adjoint de IAMGOLD ESSAKANE SA, Francis LETARTE-LAVOIE &#8211; Ph. DR<\/figcaption><\/figure>\n<p>La 14e session du CCME rev\u00eatait une importance particuli\u00e8re au regard de son ordre du jour. Elle a permis aux participants de faire le point sur 15 ann\u00e9es de mise en \u0153uvre de projets de d\u00e9veloppement communautaire; de d\u00e9couvrir la nouvelle vision du d\u00e9veloppement durable 2026-2030 de la mine ; d\u2019examiner le plan d\u2019action 2026, de valider le plan d\u2019investissement et de d\u00e9veloppement communautaire 2026, de s\u2019approprier la gestion de la biodiversit\u00e9 et la strat\u00e9gie de r\u00e9habilitation environnementale de la mine Essakane. Des discussions enrichissantes entre les acteurs ont mis en relief les enjeux qui \u00e9mergent \u00e0 l\u2019intersection des enjeux sociaux, \u00e9conomiques et environnementaux de la mine Essakane.<\/p>\n<h3><em><strong>\u00ab Le CCME est un espace d\u2019\u00e9changes d\u2019informations qui am\u00e9liore les relations entre la mine et les communaut\u00e9s riveraines \u00bb<\/strong><\/em><\/h3>\n<p>Talatou BOUKARI, pr\u00e9sident du Conseil de d\u00e9veloppement du village (CVD) d\u2019Essakane site et et pr\u00e9sident du R\u00e9seau des populations des communes mini\u00e8res du Burkina Faso (REPOCOM\/BF) a, dans une r\u00e9trospective, rappel\u00e9 le parcours de <em><strong>\u00ab cette mine qui va au-del\u00e0 des 15 ans \u00bb<\/strong><\/em>, dit-il. <em><strong>\u00ab Nous avons accueilli ce projet minier \u00e0 bras ouverts apr\u00e8s un voyage d\u2019\u00e9tude \u00e0 Poura pour comprendre l\u2019exploitation industrielle. Nous avons chemin\u00e9 ensemble avec des impacts positifs et des insuffisances. Le CCME est un espace d\u2019\u00e9changes d\u2019informations qui am\u00e9liore les relations entre la mine et les communaut\u00e9s riveraines \u00bb,<\/strong><\/em> a expliqu\u00e9 M.Talatou.<\/p>\n<figure id=\"attachment_25567\" aria-describedby=\"caption-attachment-25567\" style=\"width: 2560px\" class=\"wp-caption aligncenter\"><a href=\"https:\/\/www.latribunedufaso.net\/wp-content\/uploads\/2025\/12\/IMG-20251210-WA0047.jpg\"><img loading=\"lazy\" decoding=\"async\" class=\"size-full wp-image-25567\" src=\"https:\/\/www.latribunedufaso.net\/wp-content\/uploads\/2025\/12\/IMG-20251210-WA0047.jpg\" alt=\"Session du comit\u00e9 de communication de la mine Essakane (CCME), 7 d\u00e9cembre 2025\" width=\"2560\" height=\"1154\" srcset=\"https:\/\/www.latribunedufaso.net\/wp-content\/uploads\/2025\/12\/IMG-20251210-WA0047.jpg 2560w, https:\/\/www.latribunedufaso.net\/wp-content\/uploads\/2025\/12\/IMG-20251210-WA0047-300x135.jpg 300w, https:\/\/www.latribunedufaso.net\/wp-content\/uploads\/2025\/12\/IMG-20251210-WA0047-1024x462.jpg 1024w, https:\/\/www.latribunedufaso.net\/wp-content\/uploads\/2025\/12\/IMG-20251210-WA0047-768x346.jpg 768w, https:\/\/www.latribunedufaso.net\/wp-content\/uploads\/2025\/12\/IMG-20251210-WA0047-1536x692.jpg 1536w, https:\/\/www.latribunedufaso.net\/wp-content\/uploads\/2025\/12\/IMG-20251210-WA0047-2048x923.jpg 2048w\" sizes=\"auto, (max-width: 2560px) 100vw, 2560px\" \/><\/a><figcaption id=\"caption-attachment-25567\" class=\"wp-caption-text\">Une vue des participants \u00e0 la session &#8211; Ph. DR<\/figcaption><\/figure>\n<p>Dicko Hamidou dit Y\u00e9ro, pr\u00e9sident du site rizicole d\u2019Essakane site a t\u00e9moign\u00e9 sur l\u2019appui de la mine dans la production locale de riz : <em><strong>\u00ab Je suis un orpailleur reconverti dans la riziculture, une activit\u00e9 que j\u2019ignorais dans le pass\u00e9. Avec le soutien de la mine nous exploitons un p\u00e9rim\u00e8tre am\u00e9nag\u00e9 et notre production de cette denr\u00e9e locale contribue \u00e0 assurer notre s\u00e9curit\u00e9 alimentaire. Cette ann\u00e9e, un de nos producteurs a r\u00e9colt\u00e9 82 sacs de 100 kg de riz. Ainsi, la mine encourage les activit\u00e9s g\u00e9n\u00e9ratrices de revenus, cela nous aide \u00e0 renforcer notre pouvoir d\u2019achat tout en autonomisant les communaut\u00e9s locales \u00bb, <\/strong><\/em>a-t-il mentionn\u00e9.<\/p>\n<p>Lire aussi &gt;&gt; <a href=\"https:\/\/www.latribunedufaso.net\/?p=25508\">Partenariat minier\/Formation : IAMGOLD Essakane offre une fa\u00e7ade de 150 millions FCFA \u00e0 l\u2019ENAM<\/a><\/p>\n<p>La compagnie mini\u00e8re IAMGOLD ESSAKANE SA, est un acteur cl\u00e9 dans l\u2019industrie mini\u00e8re burkinab\u00e8. Renomm\u00e9e pour son exploitation mini\u00e8re responsable et innovante, cette mine est engag\u00e9e aupr\u00e8s de ses communaut\u00e9s h\u00f4tes avec qui elle partage ses valeurs.<\/p>\n<p><strong>Correspondance particuli\u00e8re\u00a0<\/strong><\/p>\n<p><strong>Latribunedufaso.net<\/strong><\/p>\n","protected":false},"excerpt":{"rendered":"<p>A l\u2019occasion des 15 ans de production de la mine Essakane, le Gouverneur de la R\u00e9gion du Liptako, M. Abdoul Karim ZONGO a pr\u00e9sid\u00e9 le 7 d\u00e9cembre 2025 sur le site minier, une session du comit\u00e9 de communication de la mine Essakane (CCME). Cet outil du dialogue social pr\u00e9sente un aper\u00e7u des activit\u00e9s de la mine et permet de r\u00e9soudre efficacement les difficult\u00e9s de communication entre la mine et ses parties prenantes. La direction de IAMGOLD ESSAKANE SA \u00e9tait repr\u00e9sent\u00e9e \u00e0 cette session par Francis LETARTE-LAVOIE, Directeur g\u00e9n\u00e9ral adjoint et par Franck NAPON, Directeur Sant\u00e9-S\u00e9curit\u00e9 &amp; D\u00e9veloppement durable (SSDD).<\/p>\n","protected":false},"author":5,"featured_media":25568,"comment_status":"open","ping_status":"open","sticky":false,"template":"","format":"standard","meta":{"footnotes":""},"categories":[13,1,19],"tags":[1434,981,39,52,1841],"class_list":["post-25561","post","type-post","status-publish","format-standard","has-post-thumbnail","hentry","category-une","category-actu","category-mines-et-carrieres","tag-15-ans-danniversaire-essakane","tag-iamgold-essakane-sa","tag-latribunedufaso-net","tag-mines-et-carrieres","tag-session-comite-de-communication-de-la-mine-essakane"],"yoast_head":"<!-- This site is optimized with the Yoast SEO plugin v27.4 - https:\/\/yoast.com\/product\/yoast-seo-wordpress\/ -->\n<title>14e session du Comit\u00e9 de communication de la mine Essakane (CCME) : Le renforcement de la concertation entre les parties prenantes au coeur des \u00e9changes\u00a0 - La Tribune du Faso<\/title>\n<meta name=\"robots\" content=\"index, follow, max-snippet:-1, max-image-preview:large, max-video-preview:-1\" \/>\n<link rel=\"canonical\" href=\"https:\/\/www.latribunedufaso.net\/?p=25561\" \/>\n<meta property=\"og:locale\" content=\"fr_FR\" \/>\n<meta property=\"og:type\" content=\"article\" \/>\n<meta property=\"og:title\" content=\"14e session du Comit\u00e9 de communication de la mine Essakane (CCME) : Le renforcement de la concertation entre les parties prenantes au coeur des \u00e9changes\u00a0 - La Tribune du Faso\" \/>\n<meta property=\"og:description\" content=\"A l\u2019occasion des 15 ans de production de la mine Essakane, le Gouverneur de la R\u00e9gion du Liptako, M. Abdoul Karim ZONGO a pr\u00e9sid\u00e9 le 7 d\u00e9cembre 2025 sur le site minier, une session du comit\u00e9 de communication de la mine Essakane (CCME). Cet outil du dialogue social pr\u00e9sente un aper\u00e7u des activit\u00e9s de la mine et permet de r\u00e9soudre efficacement les difficult\u00e9s de communication entre la mine et ses parties prenantes. La direction de IAMGOLD ESSAKANE SA \u00e9tait repr\u00e9sent\u00e9e \u00e0 cette session par Francis LETARTE-LAVOIE, Directeur g\u00e9n\u00e9ral adjoint et par Franck NAPON, Directeur Sant\u00e9-S\u00e9curit\u00e9 &amp; D\u00e9veloppement durable (SSDD).\" \/>\n<meta property=\"og:url\" content=\"https:\/\/www.latribunedufaso.net\/?p=25561\" \/>\n<meta property=\"og:site_name\" content=\"La Tribune du Faso\" \/>\n<meta property=\"article:publisher\" content=\"https:\/\/www.facebook.com\/LatribuneduFaso\/\" \/>\n<meta property=\"article:published_time\" content=\"2025-12-10T12:47:23+00:00\" \/>\n<meta property=\"og:image\" content=\"https:\/\/www.latribunedufaso.net\/wp-content\/uploads\/2025\/12\/IMG-20251210-WA0045.jpg\" \/>\n\t<meta property=\"og:image:width\" content=\"2560\" \/>\n\t<meta property=\"og:image:height\" content=\"1154\" \/>\n\t<meta property=\"og:image:type\" content=\"image\/jpeg\" \/>\n<meta name=\"author\" content=\"Issouf Tapsoba\" \/>\n<meta name=\"twitter:label1\" content=\"\u00c9crit par\" \/>\n\t<meta name=\"twitter:data1\" content=\"Issouf Tapsoba\" \/>\n\t<meta name=\"twitter:label2\" content=\"Dur\u00e9e de lecture estim\u00e9e\" \/>\n\t<meta name=\"twitter:data2\" content=\"6 minutes\" \/>\n<script type=\"application\/ld+json\" class=\"yoast-schema-graph\">{\"@context\":\"https:\\\/\\\/schema.org\",\"@graph\":[{\"@type\":\"Article\",\"@id\":\"https:\\\/\\\/www.latribunedufaso.net\\\/?p=25561#article\",\"isPartOf\":{\"@id\":\"https:\\\/\\\/www.latribunedufaso.net\\\/?p=25561\"},\"author\":{\"name\":\"Issouf Tapsoba\",\"@id\":\"https:\\\/\\\/www.latribunedufaso.net\\\/#\\\/schema\\\/person\\\/e54e64c5778a7e72cf80a318b7a622b0\"},\"headline\":\"14e session du Comit\u00e9 de communication de la mine Essakane (CCME) : Le renforcement de la concertation entre les parties prenantes au coeur des \u00e9changes\u00a0\",\"datePublished\":\"2025-12-10T12:47:23+00:00\",\"mainEntityOfPage\":{\"@id\":\"https:\\\/\\\/www.latribunedufaso.net\\\/?p=25561\"},\"wordCount\":1077,\"commentCount\":0,\"publisher\":{\"@id\":\"https:\\\/\\\/www.latribunedufaso.net\\\/#organization\"},\"image\":{\"@id\":\"https:\\\/\\\/www.latribunedufaso.net\\\/?p=25561#primaryimage\"},\"thumbnailUrl\":\"https:\\\/\\\/www.latribunedufaso.net\\\/wp-content\\\/uploads\\\/2025\\\/12\\\/IMG-20251210-WA0045.jpg\",\"keywords\":[\"15 ans d'anniversaire Essakane\",\"IAMGOLD Essakane SA\",\"latribunedufaso.net\",\"mines et carri\u00e8res\",\"Session comit\u00e9 de communication de la mine Essakane\"],\"articleSection\":[\"A la une\",\"Actualit\u00e9\",\"Mines et Carri\u00e8res\"],\"inLanguage\":\"fr-FR\",\"potentialAction\":[{\"@type\":\"CommentAction\",\"name\":\"Comment\",\"target\":[\"https:\\\/\\\/www.latribunedufaso.net\\\/?p=25561#respond\"]}]},{\"@type\":\"WebPage\",\"@id\":\"https:\\\/\\\/www.latribunedufaso.net\\\/?p=25561\",\"url\":\"https:\\\/\\\/www.latribunedufaso.net\\\/?p=25561\",\"name\":\"14e session du Comit\u00e9 de communication de la mine Essakane (CCME) : Le renforcement de la concertation entre les parties prenantes au coeur des \u00e9changes\u00a0 - La Tribune du Faso\",\"isPartOf\":{\"@id\":\"https:\\\/\\\/www.latribunedufaso.net\\\/#website\"},\"primaryImageOfPage\":{\"@id\":\"https:\\\/\\\/www.latribunedufaso.net\\\/?p=25561#primaryimage\"},\"image\":{\"@id\":\"https:\\\/\\\/www.latribunedufaso.net\\\/?p=25561#primaryimage\"},\"thumbnailUrl\":\"https:\\\/\\\/www.latribunedufaso.net\\\/wp-content\\\/uploads\\\/2025\\\/12\\\/IMG-20251210-WA0045.jpg\",\"datePublished\":\"2025-12-10T12:47:23+00:00\",\"breadcrumb\":{\"@id\":\"https:\\\/\\\/www.latribunedufaso.net\\\/?p=25561#breadcrumb\"},\"inLanguage\":\"fr-FR\",\"potentialAction\":[{\"@type\":\"ReadAction\",\"target\":[\"https:\\\/\\\/www.latribunedufaso.net\\\/?p=25561\"]}]},{\"@type\":\"ImageObject\",\"inLanguage\":\"fr-FR\",\"@id\":\"https:\\\/\\\/www.latribunedufaso.net\\\/?p=25561#primaryimage\",\"url\":\"https:\\\/\\\/www.latribunedufaso.net\\\/wp-content\\\/uploads\\\/2025\\\/12\\\/IMG-20251210-WA0045.jpg\",\"contentUrl\":\"https:\\\/\\\/www.latribunedufaso.net\\\/wp-content\\\/uploads\\\/2025\\\/12\\\/IMG-20251210-WA0045.jpg\",\"width\":2560,\"height\":1154,\"caption\":\"Session du comit\u00e9 de communication de la mine Essakane (CCME), 7 d\u00e9cembre 2025\"},{\"@type\":\"BreadcrumbList\",\"@id\":\"https:\\\/\\\/www.latribunedufaso.net\\\/?p=25561#breadcrumb\",\"itemListElement\":[{\"@type\":\"ListItem\",\"position\":1,\"name\":\"Accueil\",\"item\":\"https:\\\/\\\/www.latribunedufaso.net\\\/\"},{\"@type\":\"ListItem\",\"position\":2,\"name\":\"14e session du Comit\u00e9 de communication de la mine Essakane (CCME) : Le renforcement de la concertation entre les parties prenantes au coeur des \u00e9changes\u00a0\"}]},{\"@type\":\"WebSite\",\"@id\":\"https:\\\/\\\/www.latribunedufaso.net\\\/#website\",\"url\":\"https:\\\/\\\/www.latribunedufaso.net\\\/\",\"name\":\"La Tribune du Faso\",\"description\":\"L&#039;information du monde rural en un clic\",\"publisher\":{\"@id\":\"https:\\\/\\\/www.latribunedufaso.net\\\/#organization\"},\"potentialAction\":[{\"@type\":\"SearchAction\",\"target\":{\"@type\":\"EntryPoint\",\"urlTemplate\":\"https:\\\/\\\/www.latribunedufaso.net\\\/?s={search_term_string}\"},\"query-input\":{\"@type\":\"PropertyValueSpecification\",\"valueRequired\":true,\"valueName\":\"search_term_string\"}}],\"inLanguage\":\"fr-FR\"},{\"@type\":\"Organization\",\"@id\":\"https:\\\/\\\/www.latribunedufaso.net\\\/#organization\",\"name\":\"La Tribune du Faso\",\"url\":\"https:\\\/\\\/www.latribunedufaso.net\\\/\",\"logo\":{\"@type\":\"ImageObject\",\"inLanguage\":\"fr-FR\",\"@id\":\"https:\\\/\\\/www.latribunedufaso.net\\\/#\\\/schema\\\/logo\\\/image\\\/\",\"url\":\"https:\\\/\\\/www.latribunedufaso.net\\\/wp-content\\\/uploads\\\/2020\\\/08\\\/Logo-Tribune-du-Faso-final-scaled.jpg\",\"contentUrl\":\"https:\\\/\\\/www.latribunedufaso.net\\\/wp-content\\\/uploads\\\/2020\\\/08\\\/Logo-Tribune-du-Faso-final-scaled.jpg\",\"width\":2560,\"height\":1856,\"caption\":\"La Tribune du Faso\"},\"image\":{\"@id\":\"https:\\\/\\\/www.latribunedufaso.net\\\/#\\\/schema\\\/logo\\\/image\\\/\"},\"sameAs\":[\"https:\\\/\\\/www.facebook.com\\\/LatribuneduFaso\\\/\"]},{\"@type\":\"Person\",\"@id\":\"https:\\\/\\\/www.latribunedufaso.net\\\/#\\\/schema\\\/person\\\/e54e64c5778a7e72cf80a318b7a622b0\",\"name\":\"Issouf Tapsoba\",\"image\":{\"@type\":\"ImageObject\",\"inLanguage\":\"fr-FR\",\"@id\":\"https:\\\/\\\/secure.gravatar.com\\\/avatar\\\/5e6c05150ce3230247d167f5b94d678eb05936197436d69b7921e3a95c9107ac?s=96&d=mm&r=g\",\"url\":\"https:\\\/\\\/secure.gravatar.com\\\/avatar\\\/5e6c05150ce3230247d167f5b94d678eb05936197436d69b7921e3a95c9107ac?s=96&d=mm&r=g\",\"contentUrl\":\"https:\\\/\\\/secure.gravatar.com\\\/avatar\\\/5e6c05150ce3230247d167f5b94d678eb05936197436d69b7921e3a95c9107ac?s=96&d=mm&r=g\",\"caption\":\"Issouf Tapsoba\"},\"url\":\"https:\\\/\\\/www.latribunedufaso.net\\\/?author=5\"}]}<\/script>\n<!-- \/ Yoast SEO plugin. -->","yoast_head_json":{"title":"14e session du Comit\u00e9 de communication de la mine Essakane (CCME) : Le renforcement de la concertation entre les parties prenantes au coeur des \u00e9changes\u00a0 - La Tribune du Faso","robots":{"index":"index","follow":"follow","max-snippet":"max-snippet:-1","max-image-preview":"max-image-preview:large","max-video-preview":"max-video-preview:-1"},"canonical":"https:\/\/www.latribunedufaso.net\/?p=25561","og_locale":"fr_FR","og_type":"article","og_title":"14e session du Comit\u00e9 de communication de la mine Essakane (CCME) : Le renforcement de la concertation entre les parties prenantes au coeur des \u00e9changes\u00a0 - La Tribune du Faso","og_description":"A l\u2019occasion des 15 ans de production de la mine Essakane, le Gouverneur de la R\u00e9gion du Liptako, M. Abdoul Karim ZONGO a pr\u00e9sid\u00e9 le 7 d\u00e9cembre 2025 sur le site minier, une session du comit\u00e9 de communication de la mine Essakane (CCME). Cet outil du dialogue social pr\u00e9sente un aper\u00e7u des activit\u00e9s de la mine et permet de r\u00e9soudre efficacement les difficult\u00e9s de communication entre la mine et ses parties prenantes. La direction de IAMGOLD ESSAKANE SA \u00e9tait repr\u00e9sent\u00e9e \u00e0 cette session par Francis LETARTE-LAVOIE, Directeur g\u00e9n\u00e9ral adjoint et par Franck NAPON, Directeur Sant\u00e9-S\u00e9curit\u00e9 &amp; D\u00e9veloppement durable (SSDD).","og_url":"https:\/\/www.latribunedufaso.net\/?p=25561","og_site_name":"La Tribune du Faso","article_publisher":"https:\/\/www.facebook.com\/LatribuneduFaso\/","article_published_time":"2025-12-10T12:47:23+00:00","og_image":[{"width":2560,"height":1154,"url":"https:\/\/www.latribunedufaso.net\/wp-content\/uploads\/2025\/12\/IMG-20251210-WA0045.jpg","type":"image\/jpeg"}],"author":"Issouf Tapsoba","twitter_misc":{"\u00c9crit par":"Issouf Tapsoba","Dur\u00e9e de lecture estim\u00e9e":"6 minutes"},"schema":{"@context":"https:\/\/schema.org","@graph":[{"@type":"Article","@id":"https:\/\/www.latribunedufaso.net\/?p=25561#article","isPartOf":{"@id":"https:\/\/www.latribunedufaso.net\/?p=25561"},"author":{"name":"Issouf Tapsoba","@id":"https:\/\/www.latribunedufaso.net\/#\/schema\/person\/e54e64c5778a7e72cf80a318b7a622b0"},"headline":"14e session du Comit\u00e9 de communication de la mine Essakane (CCME) : Le renforcement de la concertation entre les parties prenantes au coeur des \u00e9changes\u00a0","datePublished":"2025-12-10T12:47:23+00:00","mainEntityOfPage":{"@id":"https:\/\/www.latribunedufaso.net\/?p=25561"},"wordCount":1077,"commentCount":0,"publisher":{"@id":"https:\/\/www.latribunedufaso.net\/#organization"},"image":{"@id":"https:\/\/www.latribunedufaso.net\/?p=25561#primaryimage"},"thumbnailUrl":"https:\/\/www.latribunedufaso.net\/wp-content\/uploads\/2025\/12\/IMG-20251210-WA0045.jpg","keywords":["15 ans d'anniversaire Essakane","IAMGOLD Essakane SA","latribunedufaso.net","mines et carri\u00e8res","Session comit\u00e9 de communication de la mine Essakane"],"articleSection":["A la une","Actualit\u00e9","Mines et Carri\u00e8res"],"inLanguage":"fr-FR","potentialAction":[{"@type":"CommentAction","name":"Comment","target":["https:\/\/www.latribunedufaso.net\/?p=25561#respond"]}]},{"@type":"WebPage","@id":"https:\/\/www.latribunedufaso.net\/?p=25561","url":"https:\/\/www.latribunedufaso.net\/?p=25561","name":"14e session du Comit\u00e9 de communication de la mine Essakane (CCME) : Le renforcement de la concertation entre les parties prenantes au coeur des \u00e9changes\u00a0 - La Tribune du Faso","isPartOf":{"@id":"https:\/\/www.latribunedufaso.net\/#website"},"primaryImageOfPage":{"@id":"https:\/\/www.latribunedufaso.net\/?p=25561#primaryimage"},"image":{"@id":"https:\/\/www.latribunedufaso.net\/?p=25561#primaryimage"},"thumbnailUrl":"https:\/\/www.latribunedufaso.net\/wp-content\/uploads\/2025\/12\/IMG-20251210-WA0045.jpg","datePublished":"2025-12-10T12:47:23+00:00","breadcrumb":{"@id":"https:\/\/www.latribunedufaso.net\/?p=25561#breadcrumb"},"inLanguage":"fr-FR","potentialAction":[{"@type":"ReadAction","target":["https:\/\/www.latribunedufaso.net\/?p=25561"]}]},{"@type":"ImageObject","inLanguage":"fr-FR","@id":"https:\/\/www.latribunedufaso.net\/?p=25561#primaryimage","url":"https:\/\/www.latribunedufaso.net\/wp-content\/uploads\/2025\/12\/IMG-20251210-WA0045.jpg","contentUrl":"https:\/\/www.latribunedufaso.net\/wp-content\/uploads\/2025\/12\/IMG-20251210-WA0045.jpg","width":2560,"height":1154,"caption":"Session du comit\u00e9 de communication de la mine Essakane (CCME), 7 d\u00e9cembre 2025"},{"@type":"BreadcrumbList","@id":"https:\/\/www.latribunedufaso.net\/?p=25561#breadcrumb","itemListElement":[{"@type":"ListItem","position":1,"name":"Accueil","item":"https:\/\/www.latribunedufaso.net\/"},{"@type":"ListItem","position":2,"name":"14e session du Comit\u00e9 de communication de la mine Essakane (CCME) : Le renforcement de la concertation entre les parties prenantes au coeur des \u00e9changes\u00a0"}]},{"@type":"WebSite","@id":"https:\/\/www.latribunedufaso.net\/#website","url":"https:\/\/www.latribunedufaso.net\/","name":"La Tribune du Faso","description":"L&#039;information du monde rural en un clic","publisher":{"@id":"https:\/\/www.latribunedufaso.net\/#organization"},"potentialAction":[{"@type":"SearchAction","target":{"@type":"EntryPoint","urlTemplate":"https:\/\/www.latribunedufaso.net\/?s={search_term_string}"},"query-input":{"@type":"PropertyValueSpecification","valueRequired":true,"valueName":"search_term_string"}}],"inLanguage":"fr-FR"},{"@type":"Organization","@id":"https:\/\/www.latribunedufaso.net\/#organization","name":"La Tribune du Faso","url":"https:\/\/www.latribunedufaso.net\/","logo":{"@type":"ImageObject","inLanguage":"fr-FR","@id":"https:\/\/www.latribunedufaso.net\/#\/schema\/logo\/image\/","url":"https:\/\/www.latribunedufaso.net\/wp-content\/uploads\/2020\/08\/Logo-Tribune-du-Faso-final-scaled.jpg","contentUrl":"https:\/\/www.latribunedufaso.net\/wp-content\/uploads\/2020\/08\/Logo-Tribune-du-Faso-final-scaled.jpg","width":2560,"height":1856,"caption":"La Tribune du Faso"},"image":{"@id":"https:\/\/www.latribunedufaso.net\/#\/schema\/logo\/image\/"},"sameAs":["https:\/\/www.facebook.com\/LatribuneduFaso\/"]},{"@type":"Person","@id":"https:\/\/www.latribunedufaso.net\/#\/schema\/person\/e54e64c5778a7e72cf80a318b7a622b0","name":"Issouf Tapsoba","image":{"@type":"ImageObject","inLanguage":"fr-FR","@id":"https:\/\/secure.gravatar.com\/avatar\/5e6c05150ce3230247d167f5b94d678eb05936197436d69b7921e3a95c9107ac?s=96&d=mm&r=g","url":"https:\/\/secure.gravatar.com\/avatar\/5e6c05150ce3230247d167f5b94d678eb05936197436d69b7921e3a95c9107ac?s=96&d=mm&r=g","contentUrl":"https:\/\/secure.gravatar.com\/avatar\/5e6c05150ce3230247d167f5b94d678eb05936197436d69b7921e3a95c9107ac?s=96&d=mm&r=g","caption":"Issouf Tapsoba"},"url":"https:\/\/www.latribunedufaso.net\/?author=5"}]}},"_links":{"self":[{"href":"https:\/\/www.latribunedufaso.net\/index.php?rest_route=\/wp\/v2\/posts\/25561","targetHints":{"allow":["GET"]}}],"collection":[{"href":"https:\/\/www.latribunedufaso.net\/index.php?rest_route=\/wp\/v2\/posts"}],"about":[{"href":"https:\/\/www.latribunedufaso.net\/index.php?rest_route=\/wp\/v2\/types\/post"}],"author":[{"embeddable":true,"href":"https:\/\/www.latribunedufaso.net\/index.php?rest_route=\/wp\/v2\/users\/5"}],"replies":[{"embeddable":true,"href":"https:\/\/www.latribunedufaso.net\/index.php?rest_route=%2Fwp%2Fv2%2Fcomments&post=25561"}],"version-history":[{"count":3,"href":"https:\/\/www.latribunedufaso.net\/index.php?rest_route=\/wp\/v2\/posts\/25561\/revisions"}],"predecessor-version":[{"id":25569,"href":"https:\/\/www.latribunedufaso.net\/index.php?rest_route=\/wp\/v2\/posts\/25561\/revisions\/25569"}],"wp:featuredmedia":[{"embeddable":true,"href":"https:\/\/www.latribunedufaso.net\/index.php?rest_route=\/wp\/v2\/media\/25568"}],"wp:attachment":[{"href":"https:\/\/www.latribunedufaso.net\/index.php?rest_route=%2Fwp%2Fv2%2Fmedia&parent=25561"}],"wp:term":[{"taxonomy":"category","embeddable":true,"href":"https:\/\/www.latribunedufaso.net\/index.php?rest_route=%2Fwp%2Fv2%2Fcategories&post=25561"},{"taxonomy":"post_tag","embeddable":true,"href":"https:\/\/www.latribunedufaso.net\/index.php?rest_route=%2Fwp%2Fv2%2Ftags&post=25561"}],"curies":[{"name":"wp","href":"https:\/\/api.w.org\/{rel}","templated":true}]}}