{"id":25548,"date":"2025-12-09T18:02:20","date_gmt":"2025-12-09T18:02:20","guid":{"rendered":"https:\/\/www.latribunedufaso.net\/?p=25548"},"modified":"2025-12-09T18:02:20","modified_gmt":"2025-12-09T18:02:20","slug":"gouvernance-du-secteur-extractif-litie-burkina-remet-officiellement-le-rapport-2024-au-ministre-de-leconomie-et-des-finances","status":"publish","type":"post","link":"https:\/\/www.latribunedufaso.net\/?p=25548","title":{"rendered":"Gouvernance du secteur extractif : L&rsquo;ITIE Burkina remet officiellement le Rapport 2024 au ministre de l&rsquo;Economie et des Finances"},"content":{"rendered":"<p><strong>Le ministre de l\u2019\u00c9conomie et des Finances, Dr Aboubacar Nacanabo, a re\u00e7u ce matin une d\u00e9l\u00e9gation du Comit\u00e9 de pilotage de l\u2019ITIE-BF, conduite par son pr\u00e9sident, Vieux Abdoul Rachid Soulama. La d\u00e9l\u00e9gation, compos\u00e9e des repr\u00e9sentants de la soci\u00e9t\u00e9 civile, des soci\u00e9t\u00e9s mini\u00e8res et de l\u2019administration publique, est venue lui remettre officiellement le Rapport ITIE 2024.<\/strong><!--more--><\/p>\n<p>\u00c0 cette occasion, le pr\u00e9sident du COPIL ITIE-BF,\u00a0 Vieux Abdoul Rachid Soulama, a d\u00e9clar\u00e9 que <em><strong>\u00ab le Rapport ITIE 2024, \u00e9labor\u00e9 sous la coordination du Comit\u00e9 de pilotage et gr\u00e2ce \u00e0 la collaboration des administrations publiques, des entreprises extractives et de la soci\u00e9t\u00e9 civile, constitue un instrument majeur de transparence et de recevabilit\u00e9 dans la gestion des revenus issus du secteur extractif \u00bb.<\/strong><\/em><\/p>\n<figure id=\"attachment_25554\" aria-describedby=\"caption-attachment-25554\" style=\"width: 1020px\" class=\"wp-caption aligncenter\"><a href=\"https:\/\/www.latribunedufaso.net\/wp-content\/uploads\/2025\/12\/FB_IMG_1765302940996.jpg\"><img loading=\"lazy\" decoding=\"async\" class=\"size-full wp-image-25554\" src=\"https:\/\/www.latribunedufaso.net\/wp-content\/uploads\/2025\/12\/FB_IMG_1765302940996.jpg\" alt=\"Remise du rapport ITIE 2024 au ministre de l'Economie et des Finances, 9 d\u00e9cembre 2025\" width=\"1020\" height=\"768\" srcset=\"https:\/\/www.latribunedufaso.net\/wp-content\/uploads\/2025\/12\/FB_IMG_1765302940996.jpg 1020w, https:\/\/www.latribunedufaso.net\/wp-content\/uploads\/2025\/12\/FB_IMG_1765302940996-300x226.jpg 300w, https:\/\/www.latribunedufaso.net\/wp-content\/uploads\/2025\/12\/FB_IMG_1765302940996-768x578.jpg 768w\" sizes=\"auto, (max-width: 1020px) 100vw, 1020px\" \/><\/a><figcaption id=\"caption-attachment-25554\" class=\"wp-caption-text\">Une vue du ministre de l&rsquo;Economie et des Finances, Dr Aboubacar Nacanabo feuilletant le rapport &#8211; Ph. DR<\/figcaption><\/figure>\n<p>En recevant le rapport, le ministre de l\u2019\u00c9conomie et des Finances, Dr Aboubacar Nacanabo, a salu\u00e9 la qualit\u00e9 du document et r\u00e9affirm\u00e9 l\u2019engagement du gouvernement \u00e0 renforcer la gouvernance du secteur extractif <em><strong>\u00ab afin que la rente mini\u00e8re profite \u00e0 tous les Burkinab\u00e8 \u00bb.<\/strong><\/em><\/p>\n<figure id=\"attachment_25552\" aria-describedby=\"caption-attachment-25552\" style=\"width: 558px\" class=\"wp-caption aligncenter\"><a href=\"https:\/\/www.latribunedufaso.net\/wp-content\/uploads\/2025\/12\/FB_IMG_1765302951657.jpg\"><img loading=\"lazy\" decoding=\"async\" class=\"size-full wp-image-25552\" src=\"https:\/\/www.latribunedufaso.net\/wp-content\/uploads\/2025\/12\/FB_IMG_1765302951657.jpg\" alt=\"Remise du rapport ITIE 2024 au ministre de l'Economie et des Finances, 9 d\u00e9cembre 2025\" width=\"558\" height=\"446\" srcset=\"https:\/\/www.latribunedufaso.net\/wp-content\/uploads\/2025\/12\/FB_IMG_1765302951657.jpg 558w, https:\/\/www.latribunedufaso.net\/wp-content\/uploads\/2025\/12\/FB_IMG_1765302951657-300x240.jpg 300w\" sizes=\"auto, (max-width: 558px) 100vw, 558px\" \/><\/a><figcaption id=\"caption-attachment-25552\" class=\"wp-caption-text\">Le pr\u00e9sident du Coll\u00e8ge des OSC, Jonas Hien &#8211; Ph. DR<\/figcaption><\/figure>\n<p>Le pr\u00e9sident du Coll\u00e8ge des OSC, Jonas Hien, a pour sa part plaid\u00e9 pour un accompagnement du gouvernement pour la mise en \u0153uvre <em><strong>\u00ab des recommandations issues du rapport, notamment par les structures de l&rsquo;administration publique \u00bb.<\/strong><\/em><\/p>\n<p style=\"text-align: left;\">Lire aussi &gt;&gt; <a href=\"https:\/\/www.latribunedufaso.net\/?p=25528\">Rapport ITIE 2024 : Le comit\u00e9 de pilotage adopte le plan de diss\u00e9mination\u00a0<\/a><\/p>\n<p>La remise du rapport marque le lancement de la campagne nationale de diss\u00e9mination, qui comprendra des activit\u00e9s m\u00e9diatiques, des ateliers d\u2019information et des conf\u00e9rences publiques, afin de permettre aux citoyens de jouer pleinement leur r\u00f4le de sentinelles de la transparence et de la bonne gouvernance.<\/p>\n<p><strong>Latribunedufaso.net<\/strong><\/p>\n<p><strong>Source : DICP SP-ITIE<\/strong><\/p>\n<p><a href=\"https:\/\/www.latribunedufaso.net\/wp-content\/uploads\/2025\/12\/FB_IMG_1765302945974.jpg\"><img loading=\"lazy\" decoding=\"async\" class=\"aligncenter size-full wp-image-25553\" src=\"https:\/\/www.latribunedufaso.net\/wp-content\/uploads\/2025\/12\/FB_IMG_1765302945974.jpg\" alt=\"Remise du rapport ITIE 2024 au ministre de l'Economie et des Finances, 9 d\u00e9cembre 2025\" width=\"1020\" height=\"768\" srcset=\"https:\/\/www.latribunedufaso.net\/wp-content\/uploads\/2025\/12\/FB_IMG_1765302945974.jpg 1020w, https:\/\/www.latribunedufaso.net\/wp-content\/uploads\/2025\/12\/FB_IMG_1765302945974-300x226.jpg 300w, https:\/\/www.latribunedufaso.net\/wp-content\/uploads\/2025\/12\/FB_IMG_1765302945974-768x578.jpg 768w\" sizes=\"auto, (max-width: 1020px) 100vw, 1020px\" \/><\/a><a href=\"https:\/\/www.latribunedufaso.net\/wp-content\/uploads\/2025\/12\/FB_IMG_1765302962364.jpg\"><img loading=\"lazy\" decoding=\"async\" class=\"aligncenter size-full wp-image-25550\" src=\"https:\/\/www.latribunedufaso.net\/wp-content\/uploads\/2025\/12\/FB_IMG_1765302962364.jpg\" alt=\"Remise du rapport ITIE 2024 au ministre de l'Economie et des Finances, 9 d\u00e9cembre 2025\" width=\"1020\" height=\"768\" srcset=\"https:\/\/www.latribunedufaso.net\/wp-content\/uploads\/2025\/12\/FB_IMG_1765302962364.jpg 1020w, https:\/\/www.latribunedufaso.net\/wp-content\/uploads\/2025\/12\/FB_IMG_1765302962364-300x226.jpg 300w, https:\/\/www.latribunedufaso.net\/wp-content\/uploads\/2025\/12\/FB_IMG_1765302962364-768x578.jpg 768w\" sizes=\"auto, (max-width: 1020px) 100vw, 1020px\" \/><\/a><a href=\"https:\/\/www.latribunedufaso.net\/wp-content\/uploads\/2025\/12\/FB_IMG_1765302955982.jpg\"><img loading=\"lazy\" decoding=\"async\" class=\"aligncenter size-full wp-image-25551\" src=\"https:\/\/www.latribunedufaso.net\/wp-content\/uploads\/2025\/12\/FB_IMG_1765302955982.jpg\" alt=\"Remise du rapport ITIE 2024 au ministre de l'Economie et des Finances, 9 d\u00e9cembre 2025\" width=\"1020\" height=\"768\" srcset=\"https:\/\/www.latribunedufaso.net\/wp-content\/uploads\/2025\/12\/FB_IMG_1765302955982.jpg 1020w, https:\/\/www.latribunedufaso.net\/wp-content\/uploads\/2025\/12\/FB_IMG_1765302955982-300x226.jpg 300w, https:\/\/www.latribunedufaso.net\/wp-content\/uploads\/2025\/12\/FB_IMG_1765302955982-768x578.jpg 768w\" sizes=\"auto, (max-width: 1020px) 100vw, 1020px\" \/><\/a><\/p>\n","protected":false},"excerpt":{"rendered":"<p>Le ministre de l\u2019\u00c9conomie et des Finances, Dr Aboubacar Nacanabo, a re\u00e7u ce matin une d\u00e9l\u00e9gation du Comit\u00e9 de pilotage de l\u2019ITIE-BF, conduite par son pr\u00e9sident, Vieux Abdoul Rachid Soulama. La d\u00e9l\u00e9gation, compos\u00e9e des repr\u00e9sentants de la soci\u00e9t\u00e9 civile, des soci\u00e9t\u00e9s mini\u00e8res et de l\u2019administration publique, est venue lui remettre officiellement le Rapport ITIE 2024.<\/p>\n","protected":false},"author":5,"featured_media":25555,"comment_status":"open","ping_status":"open","sticky":false,"template":"","format":"standard","meta":{"footnotes":""},"categories":[13,1,19],"tags":[1839,1838,39],"class_list":["post-25548","post","type-post","status-publish","format-standard","has-post-thumbnail","hentry","category-une","category-actu","category-mines-et-carrieres","tag-dissemination-rapport-itie-2024","tag-itie-burkina","tag-latribunedufaso-net"],"yoast_head":"<!-- This site is optimized with the Yoast SEO plugin v27.5 - https:\/\/yoast.com\/product\/yoast-seo-wordpress\/ -->\n<title>Gouvernance du secteur extractif : L&#039;ITIE Burkina remet officiellement le Rapport 2024 au ministre de l&#039;Economie et des Finances - La Tribune du Faso<\/title>\n<meta name=\"robots\" content=\"index, follow, max-snippet:-1, max-image-preview:large, max-video-preview:-1\" \/>\n<link rel=\"canonical\" href=\"https:\/\/www.latribunedufaso.net\/?p=25548\" \/>\n<meta property=\"og:locale\" content=\"fr_FR\" \/>\n<meta property=\"og:type\" content=\"article\" \/>\n<meta property=\"og:title\" content=\"Gouvernance du secteur extractif : L&#039;ITIE Burkina remet officiellement le Rapport 2024 au ministre de l&#039;Economie et des Finances - La Tribune du Faso\" \/>\n<meta property=\"og:description\" content=\"Le ministre de l\u2019\u00c9conomie et des Finances, Dr Aboubacar Nacanabo, a re\u00e7u ce matin une d\u00e9l\u00e9gation du Comit\u00e9 de pilotage de l\u2019ITIE-BF, conduite par son pr\u00e9sident, Vieux Abdoul Rachid Soulama. La d\u00e9l\u00e9gation, compos\u00e9e des repr\u00e9sentants de la soci\u00e9t\u00e9 civile, des soci\u00e9t\u00e9s mini\u00e8res et de l\u2019administration publique, est venue lui remettre officiellement le Rapport ITIE 2024.\" \/>\n<meta property=\"og:url\" content=\"https:\/\/www.latribunedufaso.net\/?p=25548\" \/>\n<meta property=\"og:site_name\" content=\"La Tribune du Faso\" \/>\n<meta property=\"article:publisher\" content=\"https:\/\/www.facebook.com\/LatribuneduFaso\/\" \/>\n<meta property=\"article:published_time\" content=\"2025-12-09T18:02:20+00:00\" \/>\n<meta property=\"og:image\" content=\"https:\/\/www.latribunedufaso.net\/wp-content\/uploads\/2025\/12\/FB_IMG_1765302936621.jpg\" \/>\n\t<meta property=\"og:image:width\" content=\"1020\" \/>\n\t<meta property=\"og:image:height\" content=\"768\" \/>\n\t<meta property=\"og:image:type\" content=\"image\/jpeg\" \/>\n<meta name=\"author\" content=\"Issouf Tapsoba\" \/>\n<meta name=\"twitter:label1\" content=\"\u00c9crit par\" \/>\n\t<meta name=\"twitter:data1\" content=\"Issouf Tapsoba\" \/>\n\t<meta name=\"twitter:label2\" content=\"Dur\u00e9e de lecture estim\u00e9e\" \/>\n\t<meta name=\"twitter:data2\" content=\"3 minutes\" \/>\n<script type=\"application\/ld+json\" class=\"yoast-schema-graph\">{\"@context\":\"https:\\\/\\\/schema.org\",\"@graph\":[{\"@type\":\"Article\",\"@id\":\"https:\\\/\\\/www.latribunedufaso.net\\\/?p=25548#article\",\"isPartOf\":{\"@id\":\"https:\\\/\\\/www.latribunedufaso.net\\\/?p=25548\"},\"author\":{\"name\":\"Issouf Tapsoba\",\"@id\":\"https:\\\/\\\/www.latribunedufaso.net\\\/#\\\/schema\\\/person\\\/e54e64c5778a7e72cf80a318b7a622b0\"},\"headline\":\"Gouvernance du secteur extractif : L&rsquo;ITIE Burkina remet officiellement le Rapport 2024 au ministre de l&rsquo;Economie et des Finances\",\"datePublished\":\"2025-12-09T18:02:20+00:00\",\"mainEntityOfPage\":{\"@id\":\"https:\\\/\\\/www.latribunedufaso.net\\\/?p=25548\"},\"wordCount\":350,\"commentCount\":0,\"publisher\":{\"@id\":\"https:\\\/\\\/www.latribunedufaso.net\\\/#organization\"},\"image\":{\"@id\":\"https:\\\/\\\/www.latribunedufaso.net\\\/?p=25548#primaryimage\"},\"thumbnailUrl\":\"https:\\\/\\\/www.latribunedufaso.net\\\/wp-content\\\/uploads\\\/2025\\\/12\\\/FB_IMG_1765302936621.jpg\",\"keywords\":[\"Diss\u00e9mination rapport ITIE 2024\",\"ITIE Burkina\",\"latribunedufaso.net\"],\"articleSection\":[\"A la une\",\"Actualit\u00e9\",\"Mines et Carri\u00e8res\"],\"inLanguage\":\"fr-FR\",\"potentialAction\":[{\"@type\":\"CommentAction\",\"name\":\"Comment\",\"target\":[\"https:\\\/\\\/www.latribunedufaso.net\\\/?p=25548#respond\"]}]},{\"@type\":\"WebPage\",\"@id\":\"https:\\\/\\\/www.latribunedufaso.net\\\/?p=25548\",\"url\":\"https:\\\/\\\/www.latribunedufaso.net\\\/?p=25548\",\"name\":\"Gouvernance du secteur extractif : L'ITIE Burkina remet officiellement le Rapport 2024 au ministre de l'Economie et des Finances - La Tribune du Faso\",\"isPartOf\":{\"@id\":\"https:\\\/\\\/www.latribunedufaso.net\\\/#website\"},\"primaryImageOfPage\":{\"@id\":\"https:\\\/\\\/www.latribunedufaso.net\\\/?p=25548#primaryimage\"},\"image\":{\"@id\":\"https:\\\/\\\/www.latribunedufaso.net\\\/?p=25548#primaryimage\"},\"thumbnailUrl\":\"https:\\\/\\\/www.latribunedufaso.net\\\/wp-content\\\/uploads\\\/2025\\\/12\\\/FB_IMG_1765302936621.jpg\",\"datePublished\":\"2025-12-09T18:02:20+00:00\",\"breadcrumb\":{\"@id\":\"https:\\\/\\\/www.latribunedufaso.net\\\/?p=25548#breadcrumb\"},\"inLanguage\":\"fr-FR\",\"potentialAction\":[{\"@type\":\"ReadAction\",\"target\":[\"https:\\\/\\\/www.latribunedufaso.net\\\/?p=25548\"]}]},{\"@type\":\"ImageObject\",\"inLanguage\":\"fr-FR\",\"@id\":\"https:\\\/\\\/www.latribunedufaso.net\\\/?p=25548#primaryimage\",\"url\":\"https:\\\/\\\/www.latribunedufaso.net\\\/wp-content\\\/uploads\\\/2025\\\/12\\\/FB_IMG_1765302936621.jpg\",\"contentUrl\":\"https:\\\/\\\/www.latribunedufaso.net\\\/wp-content\\\/uploads\\\/2025\\\/12\\\/FB_IMG_1765302936621.jpg\",\"width\":1020,\"height\":768,\"caption\":\"Remise du rapport ITIE 2024 au ministre de l'Economie et des Finances, 9 d\u00e9cembre 2025\"},{\"@type\":\"BreadcrumbList\",\"@id\":\"https:\\\/\\\/www.latribunedufaso.net\\\/?p=25548#breadcrumb\",\"itemListElement\":[{\"@type\":\"ListItem\",\"position\":1,\"name\":\"Accueil\",\"item\":\"https:\\\/\\\/www.latribunedufaso.net\\\/\"},{\"@type\":\"ListItem\",\"position\":2,\"name\":\"Gouvernance du secteur extractif : L&rsquo;ITIE Burkina remet officiellement le Rapport 2024 au ministre de l&rsquo;Economie et des Finances\"}]},{\"@type\":\"WebSite\",\"@id\":\"https:\\\/\\\/www.latribunedufaso.net\\\/#website\",\"url\":\"https:\\\/\\\/www.latribunedufaso.net\\\/\",\"name\":\"La Tribune du Faso\",\"description\":\"L&#039;information du monde rural en un clic\",\"publisher\":{\"@id\":\"https:\\\/\\\/www.latribunedufaso.net\\\/#organization\"},\"potentialAction\":[{\"@type\":\"SearchAction\",\"target\":{\"@type\":\"EntryPoint\",\"urlTemplate\":\"https:\\\/\\\/www.latribunedufaso.net\\\/?s={search_term_string}\"},\"query-input\":{\"@type\":\"PropertyValueSpecification\",\"valueRequired\":true,\"valueName\":\"search_term_string\"}}],\"inLanguage\":\"fr-FR\"},{\"@type\":\"Organization\",\"@id\":\"https:\\\/\\\/www.latribunedufaso.net\\\/#organization\",\"name\":\"La Tribune du Faso\",\"url\":\"https:\\\/\\\/www.latribunedufaso.net\\\/\",\"logo\":{\"@type\":\"ImageObject\",\"inLanguage\":\"fr-FR\",\"@id\":\"https:\\\/\\\/www.latribunedufaso.net\\\/#\\\/schema\\\/logo\\\/image\\\/\",\"url\":\"https:\\\/\\\/www.latribunedufaso.net\\\/wp-content\\\/uploads\\\/2020\\\/08\\\/Logo-Tribune-du-Faso-final-scaled.jpg\",\"contentUrl\":\"https:\\\/\\\/www.latribunedufaso.net\\\/wp-content\\\/uploads\\\/2020\\\/08\\\/Logo-Tribune-du-Faso-final-scaled.jpg\",\"width\":2560,\"height\":1856,\"caption\":\"La Tribune du Faso\"},\"image\":{\"@id\":\"https:\\\/\\\/www.latribunedufaso.net\\\/#\\\/schema\\\/logo\\\/image\\\/\"},\"sameAs\":[\"https:\\\/\\\/www.facebook.com\\\/LatribuneduFaso\\\/\"]},{\"@type\":\"Person\",\"@id\":\"https:\\\/\\\/www.latribunedufaso.net\\\/#\\\/schema\\\/person\\\/e54e64c5778a7e72cf80a318b7a622b0\",\"name\":\"Issouf Tapsoba\",\"image\":{\"@type\":\"ImageObject\",\"inLanguage\":\"fr-FR\",\"@id\":\"https:\\\/\\\/secure.gravatar.com\\\/avatar\\\/5e6c05150ce3230247d167f5b94d678eb05936197436d69b7921e3a95c9107ac?s=96&d=mm&r=g\",\"url\":\"https:\\\/\\\/secure.gravatar.com\\\/avatar\\\/5e6c05150ce3230247d167f5b94d678eb05936197436d69b7921e3a95c9107ac?s=96&d=mm&r=g\",\"contentUrl\":\"https:\\\/\\\/secure.gravatar.com\\\/avatar\\\/5e6c05150ce3230247d167f5b94d678eb05936197436d69b7921e3a95c9107ac?s=96&d=mm&r=g\",\"caption\":\"Issouf Tapsoba\"},\"url\":\"https:\\\/\\\/www.latribunedufaso.net\\\/?author=5\"}]}<\/script>\n<!-- \/ Yoast SEO plugin. -->","yoast_head_json":{"title":"Gouvernance du secteur extractif : L'ITIE Burkina remet officiellement le Rapport 2024 au ministre de l'Economie et des Finances - La Tribune du Faso","robots":{"index":"index","follow":"follow","max-snippet":"max-snippet:-1","max-image-preview":"max-image-preview:large","max-video-preview":"max-video-preview:-1"},"canonical":"https:\/\/www.latribunedufaso.net\/?p=25548","og_locale":"fr_FR","og_type":"article","og_title":"Gouvernance du secteur extractif : L'ITIE Burkina remet officiellement le Rapport 2024 au ministre de l'Economie et des Finances - La Tribune du Faso","og_description":"Le ministre de l\u2019\u00c9conomie et des Finances, Dr Aboubacar Nacanabo, a re\u00e7u ce matin une d\u00e9l\u00e9gation du Comit\u00e9 de pilotage de l\u2019ITIE-BF, conduite par son pr\u00e9sident, Vieux Abdoul Rachid Soulama. La d\u00e9l\u00e9gation, compos\u00e9e des repr\u00e9sentants de la soci\u00e9t\u00e9 civile, des soci\u00e9t\u00e9s mini\u00e8res et de l\u2019administration publique, est venue lui remettre officiellement le Rapport ITIE 2024.","og_url":"https:\/\/www.latribunedufaso.net\/?p=25548","og_site_name":"La Tribune du Faso","article_publisher":"https:\/\/www.facebook.com\/LatribuneduFaso\/","article_published_time":"2025-12-09T18:02:20+00:00","og_image":[{"width":1020,"height":768,"url":"https:\/\/www.latribunedufaso.net\/wp-content\/uploads\/2025\/12\/FB_IMG_1765302936621.jpg","type":"image\/jpeg"}],"author":"Issouf Tapsoba","twitter_misc":{"\u00c9crit par":"Issouf Tapsoba","Dur\u00e9e de lecture estim\u00e9e":"3 minutes"},"schema":{"@context":"https:\/\/schema.org","@graph":[{"@type":"Article","@id":"https:\/\/www.latribunedufaso.net\/?p=25548#article","isPartOf":{"@id":"https:\/\/www.latribunedufaso.net\/?p=25548"},"author":{"name":"Issouf Tapsoba","@id":"https:\/\/www.latribunedufaso.net\/#\/schema\/person\/e54e64c5778a7e72cf80a318b7a622b0"},"headline":"Gouvernance du secteur extractif : L&rsquo;ITIE Burkina remet officiellement le Rapport 2024 au ministre de l&rsquo;Economie et des Finances","datePublished":"2025-12-09T18:02:20+00:00","mainEntityOfPage":{"@id":"https:\/\/www.latribunedufaso.net\/?p=25548"},"wordCount":350,"commentCount":0,"publisher":{"@id":"https:\/\/www.latribunedufaso.net\/#organization"},"image":{"@id":"https:\/\/www.latribunedufaso.net\/?p=25548#primaryimage"},"thumbnailUrl":"https:\/\/www.latribunedufaso.net\/wp-content\/uploads\/2025\/12\/FB_IMG_1765302936621.jpg","keywords":["Diss\u00e9mination rapport ITIE 2024","ITIE Burkina","latribunedufaso.net"],"articleSection":["A la une","Actualit\u00e9","Mines et Carri\u00e8res"],"inLanguage":"fr-FR","potentialAction":[{"@type":"CommentAction","name":"Comment","target":["https:\/\/www.latribunedufaso.net\/?p=25548#respond"]}]},{"@type":"WebPage","@id":"https:\/\/www.latribunedufaso.net\/?p=25548","url":"https:\/\/www.latribunedufaso.net\/?p=25548","name":"Gouvernance du secteur extractif : L'ITIE Burkina remet officiellement le Rapport 2024 au ministre de l'Economie et des Finances - La Tribune du Faso","isPartOf":{"@id":"https:\/\/www.latribunedufaso.net\/#website"},"primaryImageOfPage":{"@id":"https:\/\/www.latribunedufaso.net\/?p=25548#primaryimage"},"image":{"@id":"https:\/\/www.latribunedufaso.net\/?p=25548#primaryimage"},"thumbnailUrl":"https:\/\/www.latribunedufaso.net\/wp-content\/uploads\/2025\/12\/FB_IMG_1765302936621.jpg","datePublished":"2025-12-09T18:02:20+00:00","breadcrumb":{"@id":"https:\/\/www.latribunedufaso.net\/?p=25548#breadcrumb"},"inLanguage":"fr-FR","potentialAction":[{"@type":"ReadAction","target":["https:\/\/www.latribunedufaso.net\/?p=25548"]}]},{"@type":"ImageObject","inLanguage":"fr-FR","@id":"https:\/\/www.latribunedufaso.net\/?p=25548#primaryimage","url":"https:\/\/www.latribunedufaso.net\/wp-content\/uploads\/2025\/12\/FB_IMG_1765302936621.jpg","contentUrl":"https:\/\/www.latribunedufaso.net\/wp-content\/uploads\/2025\/12\/FB_IMG_1765302936621.jpg","width":1020,"height":768,"caption":"Remise du rapport ITIE 2024 au ministre de l'Economie et des Finances, 9 d\u00e9cembre 2025"},{"@type":"BreadcrumbList","@id":"https:\/\/www.latribunedufaso.net\/?p=25548#breadcrumb","itemListElement":[{"@type":"ListItem","position":1,"name":"Accueil","item":"https:\/\/www.latribunedufaso.net\/"},{"@type":"ListItem","position":2,"name":"Gouvernance du secteur extractif : L&rsquo;ITIE Burkina remet officiellement le Rapport 2024 au ministre de l&rsquo;Economie et des Finances"}]},{"@type":"WebSite","@id":"https:\/\/www.latribunedufaso.net\/#website","url":"https:\/\/www.latribunedufaso.net\/","name":"La Tribune du Faso","description":"L&#039;information du monde rural en un clic","publisher":{"@id":"https:\/\/www.latribunedufaso.net\/#organization"},"potentialAction":[{"@type":"SearchAction","target":{"@type":"EntryPoint","urlTemplate":"https:\/\/www.latribunedufaso.net\/?s={search_term_string}"},"query-input":{"@type":"PropertyValueSpecification","valueRequired":true,"valueName":"search_term_string"}}],"inLanguage":"fr-FR"},{"@type":"Organization","@id":"https:\/\/www.latribunedufaso.net\/#organization","name":"La Tribune du Faso","url":"https:\/\/www.latribunedufaso.net\/","logo":{"@type":"ImageObject","inLanguage":"fr-FR","@id":"https:\/\/www.latribunedufaso.net\/#\/schema\/logo\/image\/","url":"https:\/\/www.latribunedufaso.net\/wp-content\/uploads\/2020\/08\/Logo-Tribune-du-Faso-final-scaled.jpg","contentUrl":"https:\/\/www.latribunedufaso.net\/wp-content\/uploads\/2020\/08\/Logo-Tribune-du-Faso-final-scaled.jpg","width":2560,"height":1856,"caption":"La Tribune du Faso"},"image":{"@id":"https:\/\/www.latribunedufaso.net\/#\/schema\/logo\/image\/"},"sameAs":["https:\/\/www.facebook.com\/LatribuneduFaso\/"]},{"@type":"Person","@id":"https:\/\/www.latribunedufaso.net\/#\/schema\/person\/e54e64c5778a7e72cf80a318b7a622b0","name":"Issouf Tapsoba","image":{"@type":"ImageObject","inLanguage":"fr-FR","@id":"https:\/\/secure.gravatar.com\/avatar\/5e6c05150ce3230247d167f5b94d678eb05936197436d69b7921e3a95c9107ac?s=96&d=mm&r=g","url":"https:\/\/secure.gravatar.com\/avatar\/5e6c05150ce3230247d167f5b94d678eb05936197436d69b7921e3a95c9107ac?s=96&d=mm&r=g","contentUrl":"https:\/\/secure.gravatar.com\/avatar\/5e6c05150ce3230247d167f5b94d678eb05936197436d69b7921e3a95c9107ac?s=96&d=mm&r=g","caption":"Issouf Tapsoba"},"url":"https:\/\/www.latribunedufaso.net\/?author=5"}]}},"_links":{"self":[{"href":"https:\/\/www.latribunedufaso.net\/index.php?rest_route=\/wp\/v2\/posts\/25548","targetHints":{"allow":["GET"]}}],"collection":[{"href":"https:\/\/www.latribunedufaso.net\/index.php?rest_route=\/wp\/v2\/posts"}],"about":[{"href":"https:\/\/www.latribunedufaso.net\/index.php?rest_route=\/wp\/v2\/types\/post"}],"author":[{"embeddable":true,"href":"https:\/\/www.latribunedufaso.net\/index.php?rest_route=\/wp\/v2\/users\/5"}],"replies":[{"embeddable":true,"href":"https:\/\/www.latribunedufaso.net\/index.php?rest_route=%2Fwp%2Fv2%2Fcomments&post=25548"}],"version-history":[{"count":2,"href":"https:\/\/www.latribunedufaso.net\/index.php?rest_route=\/wp\/v2\/posts\/25548\/revisions"}],"predecessor-version":[{"id":25556,"href":"https:\/\/www.latribunedufaso.net\/index.php?rest_route=\/wp\/v2\/posts\/25548\/revisions\/25556"}],"wp:featuredmedia":[{"embeddable":true,"href":"https:\/\/www.latribunedufaso.net\/index.php?rest_route=\/wp\/v2\/media\/25555"}],"wp:attachment":[{"href":"https:\/\/www.latribunedufaso.net\/index.php?rest_route=%2Fwp%2Fv2%2Fmedia&parent=25548"}],"wp:term":[{"taxonomy":"category","embeddable":true,"href":"https:\/\/www.latribunedufaso.net\/index.php?rest_route=%2Fwp%2Fv2%2Fcategories&post=25548"},{"taxonomy":"post_tag","embeddable":true,"href":"https:\/\/www.latribunedufaso.net\/index.php?rest_route=%2Fwp%2Fv2%2Ftags&post=25548"}],"curies":[{"name":"wp","href":"https:\/\/api.w.org\/{rel}","templated":true}]}}