{"id":25538,"date":"2025-12-09T17:36:45","date_gmt":"2025-12-09T17:36:45","guid":{"rendered":"https:\/\/www.latribunedufaso.net\/?p=25538"},"modified":"2025-12-09T17:36:45","modified_gmt":"2025-12-09T17:36:45","slug":"enam-la-promotion-souverainete-prete-a-servir","status":"publish","type":"post","link":"https:\/\/www.latribunedufaso.net\/?p=25538","title":{"rendered":"ENAM : La promotion \u00ab Souverainet\u00e9 \u00bb pr\u00eate \u00e0 servir\u00a0"},"content":{"rendered":"<p>\u200e<strong>Le Premier ministre, Jean Emmanuel Ou\u00e9draogo, a pr\u00e9sid\u00e9, ce mardi 09 d\u00e9cembre 2025 \u00e0 Ouagadougou, la c\u00e9r\u00e9monie officielle de sortie de la promotion 2023-2025 de l\u2019\u00c9cole nationale d\u2019administration et de magistrature (ENAM).<\/strong><!--more--><\/p>\n<p>\u200eBaptis\u00e9e <strong><em>\u00ab Souverainet\u00e9 \u00bb<\/em><\/strong> par le Chef du Gouvernement, cette promotion compte 1 290 nouveaux cadres de l\u2019\u00c9tat, issus des cycles P, A, B et C, r\u00e9partis dans 19 fili\u00e8res et 53 sections, au sein des 5 d\u00e9partements des instituts r\u00e9gionaux et de l\u2019\u00e9tablissement central.<\/p>\n<p>\u200eElle marque l\u2019aboutissement de 18 \u00e0 21 mois de formation pour certains, et de 24 \u00e0 36 mois pour d\u2019autres, avec un taux de r\u00e9ussite de 100 %.<\/p>\n<p>\u200eEngag\u00e9s \u00e0 servir la Nation avec discipline et loyaut\u00e9, les laur\u00e9ats ont r\u00e9affirm\u00e9 leur volont\u00e9 de contribuer \u00e0 la transformation de l\u2019administration publique.<\/p>\n<figure id=\"attachment_25544\" aria-describedby=\"caption-attachment-25544\" style=\"width: 2048px\" class=\"wp-caption aligncenter\"><a href=\"https:\/\/www.latribunedufaso.net\/wp-content\/uploads\/2025\/12\/FB_IMG_1765301232752.jpg\"><img loading=\"lazy\" decoding=\"async\" class=\"size-full wp-image-25544\" src=\"https:\/\/www.latribunedufaso.net\/wp-content\/uploads\/2025\/12\/FB_IMG_1765301232752.jpg\" alt=\"C\u00e9r\u00e9monie de sortie de promotion 2023-2025 de l'ENAM, 9 d\u00e9cembre 2025\" width=\"2048\" height=\"2013\" srcset=\"https:\/\/www.latribunedufaso.net\/wp-content\/uploads\/2025\/12\/FB_IMG_1765301232752.jpg 2048w, https:\/\/www.latribunedufaso.net\/wp-content\/uploads\/2025\/12\/FB_IMG_1765301232752-300x295.jpg 300w, https:\/\/www.latribunedufaso.net\/wp-content\/uploads\/2025\/12\/FB_IMG_1765301232752-1024x1007.jpg 1024w, https:\/\/www.latribunedufaso.net\/wp-content\/uploads\/2025\/12\/FB_IMG_1765301232752-768x755.jpg 768w, https:\/\/www.latribunedufaso.net\/wp-content\/uploads\/2025\/12\/FB_IMG_1765301232752-1536x1510.jpg 1536w\" sizes=\"auto, (max-width: 2048px) 100vw, 2048px\" \/><\/a><figcaption id=\"caption-attachment-25544\" class=\"wp-caption-text\">Le d\u00e9l\u00e9gu\u00e9 g\u00e9n\u00e9ral des \u00e9l\u00e8ves de la promotion 2023-2025 de l&rsquo;ENAM, Pascal Tiendrebeogo &#8211; Ph. DR<\/figcaption><\/figure>\n<p>\u200e<em><strong>\u00ab Nous ferons tout pour que l\u2019esprit qui sous-tend notre nom de bapt\u00eame nous guide tout au long de notre parcours. La souverainet\u00e9, c\u2019est l\u2019int\u00e9grit\u00e9, car une administration juste et responsable garantit la confiance du peuple et le d\u00e9veloppement de la Nation. Nous serons des acteurs du changement, des b\u00e2tisseurs de solutions et des garants de la coh\u00e9sion nationale \u00bb,<\/strong><\/em> a d\u00e9clar\u00e9 Pascal Tiendrebeogo, D\u00e9l\u00e9gu\u00e9 g\u00e9n\u00e9ral des \u00e9l\u00e8ves.<\/p>\n<p>\u200eDans son allocution, le ministre de la Fonction publique, du Travail et de la Protection sociale, Mathias Traor\u00e9, a rappel\u00e9 que l\u2019arriv\u00e9e de cette nouvelle cohorte r\u00e9pond \u00e0 un besoin structurel de l\u2019\u00c9tat.\u00a0<\/p>\n<figure id=\"attachment_25545\" aria-describedby=\"caption-attachment-25545\" style=\"width: 2048px\" class=\"wp-caption aligncenter\"><a href=\"https:\/\/www.latribunedufaso.net\/wp-content\/uploads\/2025\/12\/FB_IMG_1765301218537.jpg\"><img loading=\"lazy\" decoding=\"async\" class=\"size-full wp-image-25545\" src=\"https:\/\/www.latribunedufaso.net\/wp-content\/uploads\/2025\/12\/FB_IMG_1765301218537.jpg\" alt=\"C\u00e9r\u00e9monie de sortie de promotion 2023-2025 de l'ENAM, 9 d\u00e9cembre 2025\" width=\"2048\" height=\"1717\" srcset=\"https:\/\/www.latribunedufaso.net\/wp-content\/uploads\/2025\/12\/FB_IMG_1765301218537.jpg 2048w, https:\/\/www.latribunedufaso.net\/wp-content\/uploads\/2025\/12\/FB_IMG_1765301218537-300x252.jpg 300w, https:\/\/www.latribunedufaso.net\/wp-content\/uploads\/2025\/12\/FB_IMG_1765301218537-1024x859.jpg 1024w, https:\/\/www.latribunedufaso.net\/wp-content\/uploads\/2025\/12\/FB_IMG_1765301218537-768x644.jpg 768w, https:\/\/www.latribunedufaso.net\/wp-content\/uploads\/2025\/12\/FB_IMG_1765301218537-1536x1288.jpg 1536w\" sizes=\"auto, (max-width: 2048px) 100vw, 2048px\" \/><\/a><figcaption id=\"caption-attachment-25545\" class=\"wp-caption-text\">Le ministre de la Fonction publique, du Travail et de la Protection sociale, Mathias Traor\u00e9 &#8211; Ph. DR<\/figcaption><\/figure>\n<p>\u200eIl s\u2019est engag\u00e9 \u00e0 diligenter leur int\u00e9gration au sein des administrations et institutions b\u00e9n\u00e9ficiaires.<\/p>\n<p>\u200eIl a par ailleurs exhort\u00e9 les sortants \u00e0 incarner les valeurs cardinales du service public : <em><strong>\u00ab Cultivez l\u2019int\u00e9grit\u00e9, l\u2019\u00e9thique et la d\u00e9ontologie. Soyez des r\u00e9volutionnaires patriotes progressistes capables de conduire judicieusement notre pays vers un avenir meilleur, fond\u00e9 sur un d\u00e9veloppement endog\u00e8ne \u00bb.<\/strong><\/em><\/p>\n<figure id=\"attachment_25543\" aria-describedby=\"caption-attachment-25543\" style=\"width: 2048px\" class=\"wp-caption aligncenter\"><a href=\"https:\/\/www.latribunedufaso.net\/wp-content\/uploads\/2025\/12\/FB_IMG_1765301211368.jpg\"><img loading=\"lazy\" decoding=\"async\" class=\"size-full wp-image-25543\" src=\"https:\/\/www.latribunedufaso.net\/wp-content\/uploads\/2025\/12\/FB_IMG_1765301211368.jpg\" alt=\"C\u00e9r\u00e9monie de sortie de promotion 2023-2025 de l'ENAM, 9 d\u00e9cembre 2025\" width=\"2048\" height=\"1280\" srcset=\"https:\/\/www.latribunedufaso.net\/wp-content\/uploads\/2025\/12\/FB_IMG_1765301211368.jpg 2048w, https:\/\/www.latribunedufaso.net\/wp-content\/uploads\/2025\/12\/FB_IMG_1765301211368-300x188.jpg 300w, https:\/\/www.latribunedufaso.net\/wp-content\/uploads\/2025\/12\/FB_IMG_1765301211368-1024x640.jpg 1024w, https:\/\/www.latribunedufaso.net\/wp-content\/uploads\/2025\/12\/FB_IMG_1765301211368-768x480.jpg 768w, https:\/\/www.latribunedufaso.net\/wp-content\/uploads\/2025\/12\/FB_IMG_1765301211368-1536x960.jpg 1536w\" sizes=\"auto, (max-width: 2048px) 100vw, 2048px\" \/><\/a><figcaption id=\"caption-attachment-25543\" class=\"wp-caption-text\">Le Premier ministre, Jean Emmanuel Ou\u00e9draogo (centre) a pr\u00e9sid\u00e9 la c\u00e9r\u00e9monie &#8211; Ph. DR<\/figcaption><\/figure>\n<p>\u200eLa pr\u00e9sence du Premier ministre \u00e0 cette c\u00e9r\u00e9monie traduit l\u2019importance qu\u2019accorde le Gouvernement \u00e0 la formation des cadres et \u00e0 la modernisation de l\u2019administration publique.\u00a0<\/p>\n<p>\u200eEn marge de la c\u00e9r\u00e9monie, il a inaugur\u00e9 de nouvelles infrastructures acad\u00e9miques et p\u00e9dagogiques, notamment un amphith\u00e9\u00e2tre moderne, une m\u00e9diath\u00e8que num\u00e9rique, un terrain omnisports, en plus des travaux de r\u00e9habilitation d\u00e9j\u00e0 r\u00e9alis\u00e9s.<\/p>\n<figure id=\"attachment_25542\" aria-describedby=\"caption-attachment-25542\" style=\"width: 2048px\" class=\"wp-caption aligncenter\"><a href=\"https:\/\/www.latribunedufaso.net\/wp-content\/uploads\/2025\/12\/FB_IMG_1765301236669.jpg\"><img loading=\"lazy\" decoding=\"async\" class=\"size-full wp-image-25542\" src=\"https:\/\/www.latribunedufaso.net\/wp-content\/uploads\/2025\/12\/FB_IMG_1765301236669.jpg\" alt=\"C\u00e9r\u00e9monie de sortie de promotion 2023-2025 de l'ENAM, 9 d\u00e9cembre 2025\" width=\"2048\" height=\"1463\" srcset=\"https:\/\/www.latribunedufaso.net\/wp-content\/uploads\/2025\/12\/FB_IMG_1765301236669.jpg 2048w, https:\/\/www.latribunedufaso.net\/wp-content\/uploads\/2025\/12\/FB_IMG_1765301236669-300x214.jpg 300w, https:\/\/www.latribunedufaso.net\/wp-content\/uploads\/2025\/12\/FB_IMG_1765301236669-1024x732.jpg 1024w, https:\/\/www.latribunedufaso.net\/wp-content\/uploads\/2025\/12\/FB_IMG_1765301236669-768x549.jpg 768w, https:\/\/www.latribunedufaso.net\/wp-content\/uploads\/2025\/12\/FB_IMG_1765301236669-1536x1097.jpg 1536w, https:\/\/www.latribunedufaso.net\/wp-content\/uploads\/2025\/12\/FB_IMG_1765301236669-90x65.jpg 90w\" sizes=\"auto, (max-width: 2048px) 100vw, 2048px\" \/><\/a><figcaption id=\"caption-attachment-25542\" class=\"wp-caption-text\">Une vue de la remise de distinction &#8211; Ph. DR<\/figcaption><\/figure>\n<p>\u200eCes investissements t\u00e9moignent de la volont\u00e9 du Gouvernement et de ses partenaires d\u2019am\u00e9liorer les conditions d\u2019apprentissage et de renforcer l\u2019excellence administrative.<\/p>\n<p style=\"text-align: left;\">Lire aussi &gt;&gt; <a href=\"https:\/\/www.latribunedufaso.net\/?p=25508\">Partenariat minier\/Formation : IAMGOLD Essakane offre une fa\u00e7ade de 150 millions FCFA \u00e0 l\u2019ENAM<\/a><\/p>\n<p>\u200eLa c\u00e9r\u00e9monie s\u2019est close par la remise de dipl\u00f4mes et de distinctions aux majors, l\u2019attribution de certificats de reconnaissance au parrain El Hadj Moussa Kouanda, \u00e0 la personnalit\u00e9 \u00e9narque Kalifa Gnamou, \u00e0 l\u2019\u00e9cole invit\u00e9e d\u2019honneur l\u2019Acad\u00e9mie militaire Georges Namoano, suivie d\u2019une visite guid\u00e9e de la nouvelle m\u00e9diath\u00e8que.<\/p>\n<p>\u200e<strong>Latribunedufaso.net<\/strong><\/p>\n<p><strong>Source : DCRP\/Primature<\/strong><\/p>\n<figure id=\"attachment_25541\" aria-describedby=\"caption-attachment-25541\" style=\"width: 2048px\" class=\"wp-caption aligncenter\"><a href=\"https:\/\/www.latribunedufaso.net\/wp-content\/uploads\/2025\/12\/FB_IMG_1765301240420.jpg\"><img loading=\"lazy\" decoding=\"async\" class=\"size-full wp-image-25541\" src=\"https:\/\/www.latribunedufaso.net\/wp-content\/uploads\/2025\/12\/FB_IMG_1765301240420.jpg\" alt=\"C\u00e9r\u00e9monie de sortie de promotion 2023-2025 de l'ENAM, 9 d\u00e9cembre 2025\" width=\"2048\" height=\"1297\" srcset=\"https:\/\/www.latribunedufaso.net\/wp-content\/uploads\/2025\/12\/FB_IMG_1765301240420.jpg 2048w, https:\/\/www.latribunedufaso.net\/wp-content\/uploads\/2025\/12\/FB_IMG_1765301240420-300x190.jpg 300w, https:\/\/www.latribunedufaso.net\/wp-content\/uploads\/2025\/12\/FB_IMG_1765301240420-1024x649.jpg 1024w, https:\/\/www.latribunedufaso.net\/wp-content\/uploads\/2025\/12\/FB_IMG_1765301240420-768x486.jpg 768w, https:\/\/www.latribunedufaso.net\/wp-content\/uploads\/2025\/12\/FB_IMG_1765301240420-1536x973.jpg 1536w\" sizes=\"auto, (max-width: 2048px) 100vw, 2048px\" \/><\/a><figcaption id=\"caption-attachment-25541\" class=\"wp-caption-text\">Une vue des stagiaires lors de la c\u00e9r\u00e9monie &#8211; Ph. DR<\/figcaption><\/figure>\n","protected":false},"excerpt":{"rendered":"<p>\u200eLe Premier ministre, Jean Emmanuel Ou\u00e9draogo, a pr\u00e9sid\u00e9, ce mardi 09 d\u00e9cembre 2025 \u00e0 Ouagadougou, la c\u00e9r\u00e9monie officielle de sortie de la promotion 2023-2025 de l\u2019\u00c9cole nationale d\u2019administration et de magistrature (ENAM).<\/p>\n","protected":false},"author":5,"featured_media":25540,"comment_status":"open","ping_status":"open","sticky":false,"template":"","format":"standard","meta":{"footnotes":""},"categories":[13,1,8],"tags":[268,39,1840],"class_list":["post-25538","post","type-post","status-publish","format-standard","has-post-thumbnail","hentry","category-une","category-actu","category-societe","tag-enam","tag-latribunedufaso-net","tag-sortie-de-promotion-enam"],"yoast_head":"<!-- This site is optimized with the Yoast SEO plugin v27.5 - https:\/\/yoast.com\/product\/yoast-seo-wordpress\/ -->\n<title>ENAM : La promotion \u00ab Souverainet\u00e9 \u00bb pr\u00eate \u00e0 servir\u00a0 - La Tribune du Faso<\/title>\n<meta name=\"robots\" content=\"index, follow, max-snippet:-1, max-image-preview:large, max-video-preview:-1\" \/>\n<link rel=\"canonical\" href=\"https:\/\/www.latribunedufaso.net\/?p=25538\" \/>\n<meta property=\"og:locale\" content=\"fr_FR\" \/>\n<meta property=\"og:type\" content=\"article\" \/>\n<meta property=\"og:title\" content=\"ENAM : La promotion \u00ab Souverainet\u00e9 \u00bb pr\u00eate \u00e0 servir\u00a0 - La Tribune du Faso\" \/>\n<meta property=\"og:description\" content=\"\u200eLe Premier ministre, Jean Emmanuel Ou\u00e9draogo, a pr\u00e9sid\u00e9, ce mardi 09 d\u00e9cembre 2025 \u00e0 Ouagadougou, la c\u00e9r\u00e9monie officielle de sortie de la promotion 2023-2025 de l\u2019\u00c9cole nationale d\u2019administration et de magistrature (ENAM).\" \/>\n<meta property=\"og:url\" content=\"https:\/\/www.latribunedufaso.net\/?p=25538\" \/>\n<meta property=\"og:site_name\" content=\"La Tribune du Faso\" \/>\n<meta property=\"article:publisher\" content=\"https:\/\/www.facebook.com\/LatribuneduFaso\/\" \/>\n<meta property=\"article:published_time\" content=\"2025-12-09T17:36:45+00:00\" \/>\n<meta property=\"og:image\" content=\"https:\/\/www.latribunedufaso.net\/wp-content\/uploads\/2025\/12\/FB_IMG_1765301214858.jpg\" \/>\n\t<meta property=\"og:image:width\" content=\"2048\" \/>\n\t<meta property=\"og:image:height\" content=\"1346\" \/>\n\t<meta property=\"og:image:type\" content=\"image\/jpeg\" \/>\n<meta name=\"author\" content=\"Issouf Tapsoba\" \/>\n<meta name=\"twitter:label1\" content=\"\u00c9crit par\" \/>\n\t<meta name=\"twitter:data1\" content=\"Issouf Tapsoba\" \/>\n\t<meta name=\"twitter:label2\" content=\"Dur\u00e9e de lecture estim\u00e9e\" \/>\n\t<meta name=\"twitter:data2\" content=\"4 minutes\" \/>\n<script type=\"application\/ld+json\" class=\"yoast-schema-graph\">{\"@context\":\"https:\\\/\\\/schema.org\",\"@graph\":[{\"@type\":\"Article\",\"@id\":\"https:\\\/\\\/www.latribunedufaso.net\\\/?p=25538#article\",\"isPartOf\":{\"@id\":\"https:\\\/\\\/www.latribunedufaso.net\\\/?p=25538\"},\"author\":{\"name\":\"Issouf Tapsoba\",\"@id\":\"https:\\\/\\\/www.latribunedufaso.net\\\/#\\\/schema\\\/person\\\/e54e64c5778a7e72cf80a318b7a622b0\"},\"headline\":\"ENAM : La promotion \u00ab Souverainet\u00e9 \u00bb pr\u00eate \u00e0 servir\u00a0\",\"datePublished\":\"2025-12-09T17:36:45+00:00\",\"mainEntityOfPage\":{\"@id\":\"https:\\\/\\\/www.latribunedufaso.net\\\/?p=25538\"},\"wordCount\":612,\"commentCount\":0,\"publisher\":{\"@id\":\"https:\\\/\\\/www.latribunedufaso.net\\\/#organization\"},\"image\":{\"@id\":\"https:\\\/\\\/www.latribunedufaso.net\\\/?p=25538#primaryimage\"},\"thumbnailUrl\":\"https:\\\/\\\/www.latribunedufaso.net\\\/wp-content\\\/uploads\\\/2025\\\/12\\\/FB_IMG_1765301214858.jpg\",\"keywords\":[\"ENAM\",\"latribunedufaso.net\",\"Sortie de promotion ENAM\"],\"articleSection\":[\"A la une\",\"Actualit\u00e9\",\"Soci\u00e9t\u00e9\"],\"inLanguage\":\"fr-FR\",\"potentialAction\":[{\"@type\":\"CommentAction\",\"name\":\"Comment\",\"target\":[\"https:\\\/\\\/www.latribunedufaso.net\\\/?p=25538#respond\"]}]},{\"@type\":\"WebPage\",\"@id\":\"https:\\\/\\\/www.latribunedufaso.net\\\/?p=25538\",\"url\":\"https:\\\/\\\/www.latribunedufaso.net\\\/?p=25538\",\"name\":\"ENAM : La promotion \u00ab Souverainet\u00e9 \u00bb pr\u00eate \u00e0 servir\u00a0 - La Tribune du Faso\",\"isPartOf\":{\"@id\":\"https:\\\/\\\/www.latribunedufaso.net\\\/#website\"},\"primaryImageOfPage\":{\"@id\":\"https:\\\/\\\/www.latribunedufaso.net\\\/?p=25538#primaryimage\"},\"image\":{\"@id\":\"https:\\\/\\\/www.latribunedufaso.net\\\/?p=25538#primaryimage\"},\"thumbnailUrl\":\"https:\\\/\\\/www.latribunedufaso.net\\\/wp-content\\\/uploads\\\/2025\\\/12\\\/FB_IMG_1765301214858.jpg\",\"datePublished\":\"2025-12-09T17:36:45+00:00\",\"breadcrumb\":{\"@id\":\"https:\\\/\\\/www.latribunedufaso.net\\\/?p=25538#breadcrumb\"},\"inLanguage\":\"fr-FR\",\"potentialAction\":[{\"@type\":\"ReadAction\",\"target\":[\"https:\\\/\\\/www.latribunedufaso.net\\\/?p=25538\"]}]},{\"@type\":\"ImageObject\",\"inLanguage\":\"fr-FR\",\"@id\":\"https:\\\/\\\/www.latribunedufaso.net\\\/?p=25538#primaryimage\",\"url\":\"https:\\\/\\\/www.latribunedufaso.net\\\/wp-content\\\/uploads\\\/2025\\\/12\\\/FB_IMG_1765301214858.jpg\",\"contentUrl\":\"https:\\\/\\\/www.latribunedufaso.net\\\/wp-content\\\/uploads\\\/2025\\\/12\\\/FB_IMG_1765301214858.jpg\",\"width\":2048,\"height\":1346,\"caption\":\"C\u00e9r\u00e9monie de sortie de promotion 2023-2025 de l'ENAM, 9 d\u00e9cembre 2025\"},{\"@type\":\"BreadcrumbList\",\"@id\":\"https:\\\/\\\/www.latribunedufaso.net\\\/?p=25538#breadcrumb\",\"itemListElement\":[{\"@type\":\"ListItem\",\"position\":1,\"name\":\"Accueil\",\"item\":\"https:\\\/\\\/www.latribunedufaso.net\\\/\"},{\"@type\":\"ListItem\",\"position\":2,\"name\":\"ENAM : La promotion \u00ab Souverainet\u00e9 \u00bb pr\u00eate \u00e0 servir\u00a0\"}]},{\"@type\":\"WebSite\",\"@id\":\"https:\\\/\\\/www.latribunedufaso.net\\\/#website\",\"url\":\"https:\\\/\\\/www.latribunedufaso.net\\\/\",\"name\":\"La Tribune du Faso\",\"description\":\"L&#039;information du monde rural en un clic\",\"publisher\":{\"@id\":\"https:\\\/\\\/www.latribunedufaso.net\\\/#organization\"},\"potentialAction\":[{\"@type\":\"SearchAction\",\"target\":{\"@type\":\"EntryPoint\",\"urlTemplate\":\"https:\\\/\\\/www.latribunedufaso.net\\\/?s={search_term_string}\"},\"query-input\":{\"@type\":\"PropertyValueSpecification\",\"valueRequired\":true,\"valueName\":\"search_term_string\"}}],\"inLanguage\":\"fr-FR\"},{\"@type\":\"Organization\",\"@id\":\"https:\\\/\\\/www.latribunedufaso.net\\\/#organization\",\"name\":\"La Tribune du Faso\",\"url\":\"https:\\\/\\\/www.latribunedufaso.net\\\/\",\"logo\":{\"@type\":\"ImageObject\",\"inLanguage\":\"fr-FR\",\"@id\":\"https:\\\/\\\/www.latribunedufaso.net\\\/#\\\/schema\\\/logo\\\/image\\\/\",\"url\":\"https:\\\/\\\/www.latribunedufaso.net\\\/wp-content\\\/uploads\\\/2020\\\/08\\\/Logo-Tribune-du-Faso-final-scaled.jpg\",\"contentUrl\":\"https:\\\/\\\/www.latribunedufaso.net\\\/wp-content\\\/uploads\\\/2020\\\/08\\\/Logo-Tribune-du-Faso-final-scaled.jpg\",\"width\":2560,\"height\":1856,\"caption\":\"La Tribune du Faso\"},\"image\":{\"@id\":\"https:\\\/\\\/www.latribunedufaso.net\\\/#\\\/schema\\\/logo\\\/image\\\/\"},\"sameAs\":[\"https:\\\/\\\/www.facebook.com\\\/LatribuneduFaso\\\/\"]},{\"@type\":\"Person\",\"@id\":\"https:\\\/\\\/www.latribunedufaso.net\\\/#\\\/schema\\\/person\\\/e54e64c5778a7e72cf80a318b7a622b0\",\"name\":\"Issouf Tapsoba\",\"image\":{\"@type\":\"ImageObject\",\"inLanguage\":\"fr-FR\",\"@id\":\"https:\\\/\\\/secure.gravatar.com\\\/avatar\\\/5e6c05150ce3230247d167f5b94d678eb05936197436d69b7921e3a95c9107ac?s=96&d=mm&r=g\",\"url\":\"https:\\\/\\\/secure.gravatar.com\\\/avatar\\\/5e6c05150ce3230247d167f5b94d678eb05936197436d69b7921e3a95c9107ac?s=96&d=mm&r=g\",\"contentUrl\":\"https:\\\/\\\/secure.gravatar.com\\\/avatar\\\/5e6c05150ce3230247d167f5b94d678eb05936197436d69b7921e3a95c9107ac?s=96&d=mm&r=g\",\"caption\":\"Issouf Tapsoba\"},\"url\":\"https:\\\/\\\/www.latribunedufaso.net\\\/?author=5\"}]}<\/script>\n<!-- \/ Yoast SEO plugin. -->","yoast_head_json":{"title":"ENAM : La promotion \u00ab Souverainet\u00e9 \u00bb pr\u00eate \u00e0 servir\u00a0 - La Tribune du Faso","robots":{"index":"index","follow":"follow","max-snippet":"max-snippet:-1","max-image-preview":"max-image-preview:large","max-video-preview":"max-video-preview:-1"},"canonical":"https:\/\/www.latribunedufaso.net\/?p=25538","og_locale":"fr_FR","og_type":"article","og_title":"ENAM : La promotion \u00ab Souverainet\u00e9 \u00bb pr\u00eate \u00e0 servir\u00a0 - La Tribune du Faso","og_description":"\u200eLe Premier ministre, Jean Emmanuel Ou\u00e9draogo, a pr\u00e9sid\u00e9, ce mardi 09 d\u00e9cembre 2025 \u00e0 Ouagadougou, la c\u00e9r\u00e9monie officielle de sortie de la promotion 2023-2025 de l\u2019\u00c9cole nationale d\u2019administration et de magistrature (ENAM).","og_url":"https:\/\/www.latribunedufaso.net\/?p=25538","og_site_name":"La Tribune du Faso","article_publisher":"https:\/\/www.facebook.com\/LatribuneduFaso\/","article_published_time":"2025-12-09T17:36:45+00:00","og_image":[{"width":2048,"height":1346,"url":"https:\/\/www.latribunedufaso.net\/wp-content\/uploads\/2025\/12\/FB_IMG_1765301214858.jpg","type":"image\/jpeg"}],"author":"Issouf Tapsoba","twitter_misc":{"\u00c9crit par":"Issouf Tapsoba","Dur\u00e9e de lecture estim\u00e9e":"4 minutes"},"schema":{"@context":"https:\/\/schema.org","@graph":[{"@type":"Article","@id":"https:\/\/www.latribunedufaso.net\/?p=25538#article","isPartOf":{"@id":"https:\/\/www.latribunedufaso.net\/?p=25538"},"author":{"name":"Issouf Tapsoba","@id":"https:\/\/www.latribunedufaso.net\/#\/schema\/person\/e54e64c5778a7e72cf80a318b7a622b0"},"headline":"ENAM : La promotion \u00ab Souverainet\u00e9 \u00bb pr\u00eate \u00e0 servir\u00a0","datePublished":"2025-12-09T17:36:45+00:00","mainEntityOfPage":{"@id":"https:\/\/www.latribunedufaso.net\/?p=25538"},"wordCount":612,"commentCount":0,"publisher":{"@id":"https:\/\/www.latribunedufaso.net\/#organization"},"image":{"@id":"https:\/\/www.latribunedufaso.net\/?p=25538#primaryimage"},"thumbnailUrl":"https:\/\/www.latribunedufaso.net\/wp-content\/uploads\/2025\/12\/FB_IMG_1765301214858.jpg","keywords":["ENAM","latribunedufaso.net","Sortie de promotion ENAM"],"articleSection":["A la une","Actualit\u00e9","Soci\u00e9t\u00e9"],"inLanguage":"fr-FR","potentialAction":[{"@type":"CommentAction","name":"Comment","target":["https:\/\/www.latribunedufaso.net\/?p=25538#respond"]}]},{"@type":"WebPage","@id":"https:\/\/www.latribunedufaso.net\/?p=25538","url":"https:\/\/www.latribunedufaso.net\/?p=25538","name":"ENAM : La promotion \u00ab Souverainet\u00e9 \u00bb pr\u00eate \u00e0 servir\u00a0 - La Tribune du Faso","isPartOf":{"@id":"https:\/\/www.latribunedufaso.net\/#website"},"primaryImageOfPage":{"@id":"https:\/\/www.latribunedufaso.net\/?p=25538#primaryimage"},"image":{"@id":"https:\/\/www.latribunedufaso.net\/?p=25538#primaryimage"},"thumbnailUrl":"https:\/\/www.latribunedufaso.net\/wp-content\/uploads\/2025\/12\/FB_IMG_1765301214858.jpg","datePublished":"2025-12-09T17:36:45+00:00","breadcrumb":{"@id":"https:\/\/www.latribunedufaso.net\/?p=25538#breadcrumb"},"inLanguage":"fr-FR","potentialAction":[{"@type":"ReadAction","target":["https:\/\/www.latribunedufaso.net\/?p=25538"]}]},{"@type":"ImageObject","inLanguage":"fr-FR","@id":"https:\/\/www.latribunedufaso.net\/?p=25538#primaryimage","url":"https:\/\/www.latribunedufaso.net\/wp-content\/uploads\/2025\/12\/FB_IMG_1765301214858.jpg","contentUrl":"https:\/\/www.latribunedufaso.net\/wp-content\/uploads\/2025\/12\/FB_IMG_1765301214858.jpg","width":2048,"height":1346,"caption":"C\u00e9r\u00e9monie de sortie de promotion 2023-2025 de l'ENAM, 9 d\u00e9cembre 2025"},{"@type":"BreadcrumbList","@id":"https:\/\/www.latribunedufaso.net\/?p=25538#breadcrumb","itemListElement":[{"@type":"ListItem","position":1,"name":"Accueil","item":"https:\/\/www.latribunedufaso.net\/"},{"@type":"ListItem","position":2,"name":"ENAM : La promotion \u00ab Souverainet\u00e9 \u00bb pr\u00eate \u00e0 servir\u00a0"}]},{"@type":"WebSite","@id":"https:\/\/www.latribunedufaso.net\/#website","url":"https:\/\/www.latribunedufaso.net\/","name":"La Tribune du Faso","description":"L&#039;information du monde rural en un clic","publisher":{"@id":"https:\/\/www.latribunedufaso.net\/#organization"},"potentialAction":[{"@type":"SearchAction","target":{"@type":"EntryPoint","urlTemplate":"https:\/\/www.latribunedufaso.net\/?s={search_term_string}"},"query-input":{"@type":"PropertyValueSpecification","valueRequired":true,"valueName":"search_term_string"}}],"inLanguage":"fr-FR"},{"@type":"Organization","@id":"https:\/\/www.latribunedufaso.net\/#organization","name":"La Tribune du Faso","url":"https:\/\/www.latribunedufaso.net\/","logo":{"@type":"ImageObject","inLanguage":"fr-FR","@id":"https:\/\/www.latribunedufaso.net\/#\/schema\/logo\/image\/","url":"https:\/\/www.latribunedufaso.net\/wp-content\/uploads\/2020\/08\/Logo-Tribune-du-Faso-final-scaled.jpg","contentUrl":"https:\/\/www.latribunedufaso.net\/wp-content\/uploads\/2020\/08\/Logo-Tribune-du-Faso-final-scaled.jpg","width":2560,"height":1856,"caption":"La Tribune du Faso"},"image":{"@id":"https:\/\/www.latribunedufaso.net\/#\/schema\/logo\/image\/"},"sameAs":["https:\/\/www.facebook.com\/LatribuneduFaso\/"]},{"@type":"Person","@id":"https:\/\/www.latribunedufaso.net\/#\/schema\/person\/e54e64c5778a7e72cf80a318b7a622b0","name":"Issouf Tapsoba","image":{"@type":"ImageObject","inLanguage":"fr-FR","@id":"https:\/\/secure.gravatar.com\/avatar\/5e6c05150ce3230247d167f5b94d678eb05936197436d69b7921e3a95c9107ac?s=96&d=mm&r=g","url":"https:\/\/secure.gravatar.com\/avatar\/5e6c05150ce3230247d167f5b94d678eb05936197436d69b7921e3a95c9107ac?s=96&d=mm&r=g","contentUrl":"https:\/\/secure.gravatar.com\/avatar\/5e6c05150ce3230247d167f5b94d678eb05936197436d69b7921e3a95c9107ac?s=96&d=mm&r=g","caption":"Issouf Tapsoba"},"url":"https:\/\/www.latribunedufaso.net\/?author=5"}]}},"_links":{"self":[{"href":"https:\/\/www.latribunedufaso.net\/index.php?rest_route=\/wp\/v2\/posts\/25538","targetHints":{"allow":["GET"]}}],"collection":[{"href":"https:\/\/www.latribunedufaso.net\/index.php?rest_route=\/wp\/v2\/posts"}],"about":[{"href":"https:\/\/www.latribunedufaso.net\/index.php?rest_route=\/wp\/v2\/types\/post"}],"author":[{"embeddable":true,"href":"https:\/\/www.latribunedufaso.net\/index.php?rest_route=\/wp\/v2\/users\/5"}],"replies":[{"embeddable":true,"href":"https:\/\/www.latribunedufaso.net\/index.php?rest_route=%2Fwp%2Fv2%2Fcomments&post=25538"}],"version-history":[{"count":2,"href":"https:\/\/www.latribunedufaso.net\/index.php?rest_route=\/wp\/v2\/posts\/25538\/revisions"}],"predecessor-version":[{"id":25547,"href":"https:\/\/www.latribunedufaso.net\/index.php?rest_route=\/wp\/v2\/posts\/25538\/revisions\/25547"}],"wp:featuredmedia":[{"embeddable":true,"href":"https:\/\/www.latribunedufaso.net\/index.php?rest_route=\/wp\/v2\/media\/25540"}],"wp:attachment":[{"href":"https:\/\/www.latribunedufaso.net\/index.php?rest_route=%2Fwp%2Fv2%2Fmedia&parent=25538"}],"wp:term":[{"taxonomy":"category","embeddable":true,"href":"https:\/\/www.latribunedufaso.net\/index.php?rest_route=%2Fwp%2Fv2%2Fcategories&post=25538"},{"taxonomy":"post_tag","embeddable":true,"href":"https:\/\/www.latribunedufaso.net\/index.php?rest_route=%2Fwp%2Fv2%2Ftags&post=25538"}],"curies":[{"name":"wp","href":"https:\/\/api.w.org\/{rel}","templated":true}]}}