{"id":25528,"date":"2025-12-09T12:41:18","date_gmt":"2025-12-09T12:41:18","guid":{"rendered":"https:\/\/www.latribunedufaso.net\/?p=25528"},"modified":"2025-12-09T12:41:18","modified_gmt":"2025-12-09T12:41:18","slug":"rapport-itie-2024-le-comite-de-pilotage-adopte-le-plan-de-dissemination","status":"publish","type":"post","link":"https:\/\/www.latribunedufaso.net\/?p=25528","title":{"rendered":"Rapport ITIE 2024 : Le comit\u00e9 de pilotage adopte le plan de diss\u00e9mination\u00a0"},"content":{"rendered":"<p><strong>Le Comit\u00e9 de Pilotage (COPIL) de l\u2019Initiative pour la transparence dans les industries extractives (ITIE) au Burkina Faso s\u2019est r\u00e9uni, le lundi 8 d\u00e9cembre 2025 \u00e0 Ouagadougou, en session extraordinaire pour examiner et adopter le plan de diss\u00e9mination du rapport ITIE 2024. <\/strong><!--more--><\/p>\n<p>Le plan de diss\u00e9mination, pr\u00e9sent\u00e9 par Ra\u00efssa Zidouemba, cheffe du D\u00e9partement Communication Information et Partenariat, s\u2019articule autour de quatre axes compl\u00e9mentaires. Sur le plan institutionnel, il pr\u00e9voit la remise officielle du rapport au ministre de l\u2019\u00c9conomie et des Finances et l\u2019organisation de conf\u00e9rences publiques.<\/p>\n<p>Sur le plan communautaire et r\u00e9gional, il met l\u2019accent sur la tenue d\u2019ateliers de diss\u00e9mination dans les zones mini\u00e8res et la diffusion d\u2019\u00e9missions d\u2019information en fran\u00e7ais et en langues nationales, afin de garantir une appropriation plus large du rapport.\u00a0<\/p>\n<figure id=\"attachment_25534\" aria-describedby=\"caption-attachment-25534\" style=\"width: 2048px\" class=\"wp-caption aligncenter\"><a href=\"https:\/\/www.latribunedufaso.net\/wp-content\/uploads\/2025\/12\/FB_IMG_1765283172196.jpg\"><img loading=\"lazy\" decoding=\"async\" class=\"size-full wp-image-25534\" src=\"https:\/\/www.latribunedufaso.net\/wp-content\/uploads\/2025\/12\/FB_IMG_1765283172196.jpg\" alt=\"Le Comit\u00e9 de Pilotage (COPIL) de l'ITIE Burkina s'est r\u00e9uni en session extraordinaire pour examiner et adopter le plan de diss\u00e9mination du rapport ITIE 2024, 8 d\u00e9cembre 2025\" width=\"2048\" height=\"1463\" srcset=\"https:\/\/www.latribunedufaso.net\/wp-content\/uploads\/2025\/12\/FB_IMG_1765283172196.jpg 2048w, https:\/\/www.latribunedufaso.net\/wp-content\/uploads\/2025\/12\/FB_IMG_1765283172196-300x214.jpg 300w, https:\/\/www.latribunedufaso.net\/wp-content\/uploads\/2025\/12\/FB_IMG_1765283172196-1024x732.jpg 1024w, https:\/\/www.latribunedufaso.net\/wp-content\/uploads\/2025\/12\/FB_IMG_1765283172196-768x549.jpg 768w, https:\/\/www.latribunedufaso.net\/wp-content\/uploads\/2025\/12\/FB_IMG_1765283172196-1536x1097.jpg 1536w, https:\/\/www.latribunedufaso.net\/wp-content\/uploads\/2025\/12\/FB_IMG_1765283172196-90x65.jpg 90w\" sizes=\"auto, (max-width: 2048px) 100vw, 2048px\" \/><\/a><figcaption id=\"caption-attachment-25534\" class=\"wp-caption-text\">Une vue des participants \u00e0 la s\u00e9ance &#8211; Ph. DR<\/figcaption><\/figure>\n<p>Au niveau acad\u00e9mique et documentaire, des copies du rapport seront remises \u00e0 des biblioth\u00e8ques, des universit\u00e9s et des \u00e9coles de formation professionnelle. Enfin, sur le plan m\u00e9diatique et digital, il est pr\u00e9vu la r\u00e9alisation d\u2019\u00e9missions t\u00e9l\u00e9vis\u00e9es et radiophoniques, la couverture m\u00e9diatique des activit\u00e9s de diss\u00e9mination et la production de capsules vid\u00e9o et d\u2019infographies, qui seront relay\u00e9es sur les r\u00e9seaux sociaux.\u00a0\u00a0<\/p>\n<p><em><strong>\u00ab L&rsquo;enjeu de cette campagne n&rsquo;est pas seulement de diffuser le rapport, mais de le diss\u00e9miner de mani\u00e8re coh\u00e9rente et harmoniser. Il est essentiel que les populations, qu&rsquo;elles soient en milieu urbain ou rural, entendent le m\u00eame message et dispose des m\u00eames informations sur le secteur extracteur burkinab\u00e8 \u00bb,<\/strong><\/em> a soutenu le pr\u00e9sident de s\u00e9ance, Jonas Hien, par ailleurs pr\u00e9sident du Coll\u00e8ge des Organisations de la soci\u00e9t\u00e9 Civile au sein du COPIL.<\/p>\n<figure id=\"attachment_25533\" aria-describedby=\"caption-attachment-25533\" style=\"width: 2048px\" class=\"wp-caption aligncenter\"><a href=\"https:\/\/www.latribunedufaso.net\/wp-content\/uploads\/2025\/12\/FB_IMG_1765283181268.jpg\"><img loading=\"lazy\" decoding=\"async\" class=\"size-full wp-image-25533\" src=\"https:\/\/www.latribunedufaso.net\/wp-content\/uploads\/2025\/12\/FB_IMG_1765283181268.jpg\" alt=\"Le Comit\u00e9 de Pilotage (COPIL) de l'ITIE Burkina s'est r\u00e9uni en session extraordinaire pour examiner et adopter le plan de diss\u00e9mination du rapport ITIE 2024, 8 d\u00e9cembre 2025\" width=\"2048\" height=\"1638\" srcset=\"https:\/\/www.latribunedufaso.net\/wp-content\/uploads\/2025\/12\/FB_IMG_1765283181268.jpg 2048w, https:\/\/www.latribunedufaso.net\/wp-content\/uploads\/2025\/12\/FB_IMG_1765283181268-300x240.jpg 300w, https:\/\/www.latribunedufaso.net\/wp-content\/uploads\/2025\/12\/FB_IMG_1765283181268-1024x819.jpg 1024w, https:\/\/www.latribunedufaso.net\/wp-content\/uploads\/2025\/12\/FB_IMG_1765283181268-768x614.jpg 768w, https:\/\/www.latribunedufaso.net\/wp-content\/uploads\/2025\/12\/FB_IMG_1765283181268-1536x1229.jpg 1536w\" sizes=\"auto, (max-width: 2048px) 100vw, 2048px\" \/><\/a><figcaption id=\"caption-attachment-25533\" class=\"wp-caption-text\">Le pr\u00e9sident du Coll\u00e8ge des Organisations de la soci\u00e9t\u00e9 Civile au sein du COPIL, Jonas Hien a pr\u00e9sid\u00e9 la s\u00e9ance &#8211; Ph. DR<\/figcaption><\/figure>\n<p><em><strong>\u00ab C&rsquo;est ainsi que nous renfor\u00e7ons la transparence et la confiance dans la gestion de nos ressources extractives \u00bb,<\/strong><\/em> a-t-il ajout\u00e9.\u00a0<\/p>\n<p>Une fois le plan amend\u00e9 et valid\u00e9, les membres du COPIL ont examin\u00e9 les communications qui seront livr\u00e9es aux participants lors des ateliers de diss\u00e9mination. Ils ont donn\u00e9 des orientations afin que chaque communication puisse mieux r\u00e9pondre aux attentes des parties prenantes locales.\u00a0\u00a0<\/p>\n<p style=\"text-align: left;\">Lire aussi &gt;&gt; <a href=\"https:\/\/www.latribunedufaso.net\/?p=23983\">Transparence mini\u00e8re : L\u2019ITIE Burkina mobilise les acteurs de la communication pour une diffusion accrue des donn\u00e9es extractifs\u00a0<\/a><\/p>\n<p>Selon le Secr\u00e9taire permanent de l\u2019ITIE-BF, Eric Wilfrid Yirin Zour\u00e9, <em><strong>\u00ab les diff\u00e9rentes activit\u00e9s programm\u00e9es pour la campagne de diss\u00e9mination vont permettre d&rsquo;assurer une diffusion large, harmonis\u00e9e et accessible du rapport ITIE 2024 \u00bb.<\/strong><\/em><\/p>\n<p>La remise officielle du rapport ITIE 2024 au Ministre de l\u2019\u00c9conomie et des Finances est pr\u00e9vue pour ce mardi 09 d\u00e9cembre 2025. Elle constituera la premi\u00e8re \u00e9tape de cette campagne de diss\u00e9mination qui va s\u2019\u00e9taler sur plusieurs mois.<\/p>\n<p><strong>Latribunedufaso.net<\/strong><\/p>\n<p><strong>Source : DICP SP-ITIE<\/strong><\/p>\n<p><a href=\"https:\/\/www.latribunedufaso.net\/wp-content\/uploads\/2025\/12\/FB_IMG_1765283157417.jpg\"><img loading=\"lazy\" decoding=\"async\" class=\"aligncenter size-full wp-image-25535\" src=\"https:\/\/www.latribunedufaso.net\/wp-content\/uploads\/2025\/12\/FB_IMG_1765283157417.jpg\" alt=\"Le Comit\u00e9 de Pilotage (COPIL) de l'ITIE Burkina s'est r\u00e9uni en session extraordinaire pour examiner et adopter le plan de diss\u00e9mination du rapport ITIE 2024, 8 d\u00e9cembre 2025\" width=\"2048\" height=\"1638\" srcset=\"https:\/\/www.latribunedufaso.net\/wp-content\/uploads\/2025\/12\/FB_IMG_1765283157417.jpg 2048w, https:\/\/www.latribunedufaso.net\/wp-content\/uploads\/2025\/12\/FB_IMG_1765283157417-300x240.jpg 300w, https:\/\/www.latribunedufaso.net\/wp-content\/uploads\/2025\/12\/FB_IMG_1765283157417-1024x819.jpg 1024w, https:\/\/www.latribunedufaso.net\/wp-content\/uploads\/2025\/12\/FB_IMG_1765283157417-768x614.jpg 768w, https:\/\/www.latribunedufaso.net\/wp-content\/uploads\/2025\/12\/FB_IMG_1765283157417-1536x1229.jpg 1536w\" sizes=\"auto, (max-width: 2048px) 100vw, 2048px\" \/><\/a><a href=\"https:\/\/www.latribunedufaso.net\/wp-content\/uploads\/2025\/12\/FB_IMG_1765283210419.jpg\"><img loading=\"lazy\" decoding=\"async\" class=\"aligncenter size-full wp-image-25531\" src=\"https:\/\/www.latribunedufaso.net\/wp-content\/uploads\/2025\/12\/FB_IMG_1765283210419.jpg\" alt=\"Le Comit\u00e9 de Pilotage (COPIL) de l'ITIE Burkina s'est r\u00e9uni en session extraordinaire pour examiner et adopter le plan de diss\u00e9mination du rapport ITIE 2024, 8 d\u00e9cembre 2025\" width=\"2048\" height=\"1152\" srcset=\"https:\/\/www.latribunedufaso.net\/wp-content\/uploads\/2025\/12\/FB_IMG_1765283210419.jpg 2048w, https:\/\/www.latribunedufaso.net\/wp-content\/uploads\/2025\/12\/FB_IMG_1765283210419-300x169.jpg 300w, https:\/\/www.latribunedufaso.net\/wp-content\/uploads\/2025\/12\/FB_IMG_1765283210419-1024x576.jpg 1024w, https:\/\/www.latribunedufaso.net\/wp-content\/uploads\/2025\/12\/FB_IMG_1765283210419-768x432.jpg 768w, https:\/\/www.latribunedufaso.net\/wp-content\/uploads\/2025\/12\/FB_IMG_1765283210419-1536x864.jpg 1536w\" sizes=\"auto, (max-width: 2048px) 100vw, 2048px\" \/><\/a><\/p>\n","protected":false},"excerpt":{"rendered":"<p>Le Comit\u00e9 de Pilotage (COPIL) de l\u2019Initiative pour la transparence dans les industries extractives (ITIE) au Burkina Faso s\u2019est r\u00e9uni, le lundi 8 d\u00e9cembre 2025 \u00e0 Ouagadougou, en session extraordinaire pour examiner et adopter le plan de diss\u00e9mination du rapport ITIE 2024.<\/p>\n","protected":false},"author":5,"featured_media":25532,"comment_status":"open","ping_status":"open","sticky":false,"template":"","format":"standard","meta":{"footnotes":""},"categories":[13,1,19],"tags":[1839,1838,39,52,1319],"class_list":["post-25528","post","type-post","status-publish","format-standard","has-post-thumbnail","hentry","category-une","category-actu","category-mines-et-carrieres","tag-dissemination-rapport-itie-2024","tag-itie-burkina","tag-latribunedufaso-net","tag-mines-et-carrieres","tag-norme-itie"],"yoast_head":"<!-- This site is optimized with the Yoast SEO plugin v27.4 - https:\/\/yoast.com\/product\/yoast-seo-wordpress\/ -->\n<title>Rapport ITIE 2024 : Le comit\u00e9 de pilotage adopte le plan de diss\u00e9mination\u00a0 - La Tribune du Faso<\/title>\n<meta name=\"robots\" content=\"index, follow, max-snippet:-1, max-image-preview:large, max-video-preview:-1\" \/>\n<link rel=\"canonical\" href=\"https:\/\/www.latribunedufaso.net\/?p=25528\" \/>\n<meta property=\"og:locale\" content=\"fr_FR\" \/>\n<meta property=\"og:type\" content=\"article\" \/>\n<meta property=\"og:title\" content=\"Rapport ITIE 2024 : Le comit\u00e9 de pilotage adopte le plan de diss\u00e9mination\u00a0 - La Tribune du Faso\" \/>\n<meta property=\"og:description\" content=\"Le Comit\u00e9 de Pilotage (COPIL) de l\u2019Initiative pour la transparence dans les industries extractives (ITIE) au Burkina Faso s\u2019est r\u00e9uni, le lundi 8 d\u00e9cembre 2025 \u00e0 Ouagadougou, en session extraordinaire pour examiner et adopter le plan de diss\u00e9mination du rapport ITIE 2024.\" \/>\n<meta property=\"og:url\" content=\"https:\/\/www.latribunedufaso.net\/?p=25528\" \/>\n<meta property=\"og:site_name\" content=\"La Tribune du Faso\" \/>\n<meta property=\"article:publisher\" content=\"https:\/\/www.facebook.com\/LatribuneduFaso\/\" \/>\n<meta property=\"article:published_time\" content=\"2025-12-09T12:41:18+00:00\" \/>\n<meta property=\"og:image\" content=\"https:\/\/www.latribunedufaso.net\/wp-content\/uploads\/2025\/12\/FB_IMG_1765283194538.jpg\" \/>\n\t<meta property=\"og:image:width\" content=\"2048\" \/>\n\t<meta property=\"og:image:height\" content=\"1152\" \/>\n\t<meta property=\"og:image:type\" content=\"image\/jpeg\" \/>\n<meta name=\"author\" content=\"Issouf Tapsoba\" \/>\n<meta name=\"twitter:label1\" content=\"\u00c9crit par\" \/>\n\t<meta name=\"twitter:data1\" content=\"Issouf Tapsoba\" \/>\n\t<meta name=\"twitter:label2\" content=\"Dur\u00e9e de lecture estim\u00e9e\" \/>\n\t<meta name=\"twitter:data2\" content=\"4 minutes\" \/>\n<script type=\"application\/ld+json\" class=\"yoast-schema-graph\">{\"@context\":\"https:\\\/\\\/schema.org\",\"@graph\":[{\"@type\":\"Article\",\"@id\":\"https:\\\/\\\/www.latribunedufaso.net\\\/?p=25528#article\",\"isPartOf\":{\"@id\":\"https:\\\/\\\/www.latribunedufaso.net\\\/?p=25528\"},\"author\":{\"name\":\"Issouf Tapsoba\",\"@id\":\"https:\\\/\\\/www.latribunedufaso.net\\\/#\\\/schema\\\/person\\\/e54e64c5778a7e72cf80a318b7a622b0\"},\"headline\":\"Rapport ITIE 2024 : Le comit\u00e9 de pilotage adopte le plan de diss\u00e9mination\u00a0\",\"datePublished\":\"2025-12-09T12:41:18+00:00\",\"mainEntityOfPage\":{\"@id\":\"https:\\\/\\\/www.latribunedufaso.net\\\/?p=25528\"},\"wordCount\":543,\"commentCount\":0,\"publisher\":{\"@id\":\"https:\\\/\\\/www.latribunedufaso.net\\\/#organization\"},\"image\":{\"@id\":\"https:\\\/\\\/www.latribunedufaso.net\\\/?p=25528#primaryimage\"},\"thumbnailUrl\":\"https:\\\/\\\/www.latribunedufaso.net\\\/wp-content\\\/uploads\\\/2025\\\/12\\\/FB_IMG_1765283194538.jpg\",\"keywords\":[\"Diss\u00e9mination rapport ITIE 2024\",\"ITIE Burkina\",\"latribunedufaso.net\",\"mines et carri\u00e8res\",\"Norme ITIE\"],\"articleSection\":[\"A la une\",\"Actualit\u00e9\",\"Mines et Carri\u00e8res\"],\"inLanguage\":\"fr-FR\",\"potentialAction\":[{\"@type\":\"CommentAction\",\"name\":\"Comment\",\"target\":[\"https:\\\/\\\/www.latribunedufaso.net\\\/?p=25528#respond\"]}]},{\"@type\":\"WebPage\",\"@id\":\"https:\\\/\\\/www.latribunedufaso.net\\\/?p=25528\",\"url\":\"https:\\\/\\\/www.latribunedufaso.net\\\/?p=25528\",\"name\":\"Rapport ITIE 2024 : Le comit\u00e9 de pilotage adopte le plan de diss\u00e9mination\u00a0 - La Tribune du Faso\",\"isPartOf\":{\"@id\":\"https:\\\/\\\/www.latribunedufaso.net\\\/#website\"},\"primaryImageOfPage\":{\"@id\":\"https:\\\/\\\/www.latribunedufaso.net\\\/?p=25528#primaryimage\"},\"image\":{\"@id\":\"https:\\\/\\\/www.latribunedufaso.net\\\/?p=25528#primaryimage\"},\"thumbnailUrl\":\"https:\\\/\\\/www.latribunedufaso.net\\\/wp-content\\\/uploads\\\/2025\\\/12\\\/FB_IMG_1765283194538.jpg\",\"datePublished\":\"2025-12-09T12:41:18+00:00\",\"breadcrumb\":{\"@id\":\"https:\\\/\\\/www.latribunedufaso.net\\\/?p=25528#breadcrumb\"},\"inLanguage\":\"fr-FR\",\"potentialAction\":[{\"@type\":\"ReadAction\",\"target\":[\"https:\\\/\\\/www.latribunedufaso.net\\\/?p=25528\"]}]},{\"@type\":\"ImageObject\",\"inLanguage\":\"fr-FR\",\"@id\":\"https:\\\/\\\/www.latribunedufaso.net\\\/?p=25528#primaryimage\",\"url\":\"https:\\\/\\\/www.latribunedufaso.net\\\/wp-content\\\/uploads\\\/2025\\\/12\\\/FB_IMG_1765283194538.jpg\",\"contentUrl\":\"https:\\\/\\\/www.latribunedufaso.net\\\/wp-content\\\/uploads\\\/2025\\\/12\\\/FB_IMG_1765283194538.jpg\",\"width\":2048,\"height\":1152,\"caption\":\"Le Comit\u00e9 de Pilotage (COPIL) de l'ITIE Burkina s'est r\u00e9uni en session extraordinaire pour examiner et adopter le plan de diss\u00e9mination du rapport ITIE 2024, 8 d\u00e9cembre 2025\"},{\"@type\":\"BreadcrumbList\",\"@id\":\"https:\\\/\\\/www.latribunedufaso.net\\\/?p=25528#breadcrumb\",\"itemListElement\":[{\"@type\":\"ListItem\",\"position\":1,\"name\":\"Accueil\",\"item\":\"https:\\\/\\\/www.latribunedufaso.net\\\/\"},{\"@type\":\"ListItem\",\"position\":2,\"name\":\"Rapport ITIE 2024 : Le comit\u00e9 de pilotage adopte le plan de diss\u00e9mination\u00a0\"}]},{\"@type\":\"WebSite\",\"@id\":\"https:\\\/\\\/www.latribunedufaso.net\\\/#website\",\"url\":\"https:\\\/\\\/www.latribunedufaso.net\\\/\",\"name\":\"La Tribune du Faso\",\"description\":\"L&#039;information du monde rural en un clic\",\"publisher\":{\"@id\":\"https:\\\/\\\/www.latribunedufaso.net\\\/#organization\"},\"potentialAction\":[{\"@type\":\"SearchAction\",\"target\":{\"@type\":\"EntryPoint\",\"urlTemplate\":\"https:\\\/\\\/www.latribunedufaso.net\\\/?s={search_term_string}\"},\"query-input\":{\"@type\":\"PropertyValueSpecification\",\"valueRequired\":true,\"valueName\":\"search_term_string\"}}],\"inLanguage\":\"fr-FR\"},{\"@type\":\"Organization\",\"@id\":\"https:\\\/\\\/www.latribunedufaso.net\\\/#organization\",\"name\":\"La Tribune du Faso\",\"url\":\"https:\\\/\\\/www.latribunedufaso.net\\\/\",\"logo\":{\"@type\":\"ImageObject\",\"inLanguage\":\"fr-FR\",\"@id\":\"https:\\\/\\\/www.latribunedufaso.net\\\/#\\\/schema\\\/logo\\\/image\\\/\",\"url\":\"https:\\\/\\\/www.latribunedufaso.net\\\/wp-content\\\/uploads\\\/2020\\\/08\\\/Logo-Tribune-du-Faso-final-scaled.jpg\",\"contentUrl\":\"https:\\\/\\\/www.latribunedufaso.net\\\/wp-content\\\/uploads\\\/2020\\\/08\\\/Logo-Tribune-du-Faso-final-scaled.jpg\",\"width\":2560,\"height\":1856,\"caption\":\"La Tribune du Faso\"},\"image\":{\"@id\":\"https:\\\/\\\/www.latribunedufaso.net\\\/#\\\/schema\\\/logo\\\/image\\\/\"},\"sameAs\":[\"https:\\\/\\\/www.facebook.com\\\/LatribuneduFaso\\\/\"]},{\"@type\":\"Person\",\"@id\":\"https:\\\/\\\/www.latribunedufaso.net\\\/#\\\/schema\\\/person\\\/e54e64c5778a7e72cf80a318b7a622b0\",\"name\":\"Issouf Tapsoba\",\"image\":{\"@type\":\"ImageObject\",\"inLanguage\":\"fr-FR\",\"@id\":\"https:\\\/\\\/secure.gravatar.com\\\/avatar\\\/5e6c05150ce3230247d167f5b94d678eb05936197436d69b7921e3a95c9107ac?s=96&d=mm&r=g\",\"url\":\"https:\\\/\\\/secure.gravatar.com\\\/avatar\\\/5e6c05150ce3230247d167f5b94d678eb05936197436d69b7921e3a95c9107ac?s=96&d=mm&r=g\",\"contentUrl\":\"https:\\\/\\\/secure.gravatar.com\\\/avatar\\\/5e6c05150ce3230247d167f5b94d678eb05936197436d69b7921e3a95c9107ac?s=96&d=mm&r=g\",\"caption\":\"Issouf Tapsoba\"},\"url\":\"https:\\\/\\\/www.latribunedufaso.net\\\/?author=5\"}]}<\/script>\n<!-- \/ Yoast SEO plugin. -->","yoast_head_json":{"title":"Rapport ITIE 2024 : Le comit\u00e9 de pilotage adopte le plan de diss\u00e9mination\u00a0 - La Tribune du Faso","robots":{"index":"index","follow":"follow","max-snippet":"max-snippet:-1","max-image-preview":"max-image-preview:large","max-video-preview":"max-video-preview:-1"},"canonical":"https:\/\/www.latribunedufaso.net\/?p=25528","og_locale":"fr_FR","og_type":"article","og_title":"Rapport ITIE 2024 : Le comit\u00e9 de pilotage adopte le plan de diss\u00e9mination\u00a0 - La Tribune du Faso","og_description":"Le Comit\u00e9 de Pilotage (COPIL) de l\u2019Initiative pour la transparence dans les industries extractives (ITIE) au Burkina Faso s\u2019est r\u00e9uni, le lundi 8 d\u00e9cembre 2025 \u00e0 Ouagadougou, en session extraordinaire pour examiner et adopter le plan de diss\u00e9mination du rapport ITIE 2024.","og_url":"https:\/\/www.latribunedufaso.net\/?p=25528","og_site_name":"La Tribune du Faso","article_publisher":"https:\/\/www.facebook.com\/LatribuneduFaso\/","article_published_time":"2025-12-09T12:41:18+00:00","og_image":[{"width":2048,"height":1152,"url":"https:\/\/www.latribunedufaso.net\/wp-content\/uploads\/2025\/12\/FB_IMG_1765283194538.jpg","type":"image\/jpeg"}],"author":"Issouf Tapsoba","twitter_misc":{"\u00c9crit par":"Issouf Tapsoba","Dur\u00e9e de lecture estim\u00e9e":"4 minutes"},"schema":{"@context":"https:\/\/schema.org","@graph":[{"@type":"Article","@id":"https:\/\/www.latribunedufaso.net\/?p=25528#article","isPartOf":{"@id":"https:\/\/www.latribunedufaso.net\/?p=25528"},"author":{"name":"Issouf Tapsoba","@id":"https:\/\/www.latribunedufaso.net\/#\/schema\/person\/e54e64c5778a7e72cf80a318b7a622b0"},"headline":"Rapport ITIE 2024 : Le comit\u00e9 de pilotage adopte le plan de diss\u00e9mination\u00a0","datePublished":"2025-12-09T12:41:18+00:00","mainEntityOfPage":{"@id":"https:\/\/www.latribunedufaso.net\/?p=25528"},"wordCount":543,"commentCount":0,"publisher":{"@id":"https:\/\/www.latribunedufaso.net\/#organization"},"image":{"@id":"https:\/\/www.latribunedufaso.net\/?p=25528#primaryimage"},"thumbnailUrl":"https:\/\/www.latribunedufaso.net\/wp-content\/uploads\/2025\/12\/FB_IMG_1765283194538.jpg","keywords":["Diss\u00e9mination rapport ITIE 2024","ITIE Burkina","latribunedufaso.net","mines et carri\u00e8res","Norme ITIE"],"articleSection":["A la une","Actualit\u00e9","Mines et Carri\u00e8res"],"inLanguage":"fr-FR","potentialAction":[{"@type":"CommentAction","name":"Comment","target":["https:\/\/www.latribunedufaso.net\/?p=25528#respond"]}]},{"@type":"WebPage","@id":"https:\/\/www.latribunedufaso.net\/?p=25528","url":"https:\/\/www.latribunedufaso.net\/?p=25528","name":"Rapport ITIE 2024 : Le comit\u00e9 de pilotage adopte le plan de diss\u00e9mination\u00a0 - La Tribune du Faso","isPartOf":{"@id":"https:\/\/www.latribunedufaso.net\/#website"},"primaryImageOfPage":{"@id":"https:\/\/www.latribunedufaso.net\/?p=25528#primaryimage"},"image":{"@id":"https:\/\/www.latribunedufaso.net\/?p=25528#primaryimage"},"thumbnailUrl":"https:\/\/www.latribunedufaso.net\/wp-content\/uploads\/2025\/12\/FB_IMG_1765283194538.jpg","datePublished":"2025-12-09T12:41:18+00:00","breadcrumb":{"@id":"https:\/\/www.latribunedufaso.net\/?p=25528#breadcrumb"},"inLanguage":"fr-FR","potentialAction":[{"@type":"ReadAction","target":["https:\/\/www.latribunedufaso.net\/?p=25528"]}]},{"@type":"ImageObject","inLanguage":"fr-FR","@id":"https:\/\/www.latribunedufaso.net\/?p=25528#primaryimage","url":"https:\/\/www.latribunedufaso.net\/wp-content\/uploads\/2025\/12\/FB_IMG_1765283194538.jpg","contentUrl":"https:\/\/www.latribunedufaso.net\/wp-content\/uploads\/2025\/12\/FB_IMG_1765283194538.jpg","width":2048,"height":1152,"caption":"Le Comit\u00e9 de Pilotage (COPIL) de l'ITIE Burkina s'est r\u00e9uni en session extraordinaire pour examiner et adopter le plan de diss\u00e9mination du rapport ITIE 2024, 8 d\u00e9cembre 2025"},{"@type":"BreadcrumbList","@id":"https:\/\/www.latribunedufaso.net\/?p=25528#breadcrumb","itemListElement":[{"@type":"ListItem","position":1,"name":"Accueil","item":"https:\/\/www.latribunedufaso.net\/"},{"@type":"ListItem","position":2,"name":"Rapport ITIE 2024 : Le comit\u00e9 de pilotage adopte le plan de diss\u00e9mination\u00a0"}]},{"@type":"WebSite","@id":"https:\/\/www.latribunedufaso.net\/#website","url":"https:\/\/www.latribunedufaso.net\/","name":"La Tribune du Faso","description":"L&#039;information du monde rural en un clic","publisher":{"@id":"https:\/\/www.latribunedufaso.net\/#organization"},"potentialAction":[{"@type":"SearchAction","target":{"@type":"EntryPoint","urlTemplate":"https:\/\/www.latribunedufaso.net\/?s={search_term_string}"},"query-input":{"@type":"PropertyValueSpecification","valueRequired":true,"valueName":"search_term_string"}}],"inLanguage":"fr-FR"},{"@type":"Organization","@id":"https:\/\/www.latribunedufaso.net\/#organization","name":"La Tribune du Faso","url":"https:\/\/www.latribunedufaso.net\/","logo":{"@type":"ImageObject","inLanguage":"fr-FR","@id":"https:\/\/www.latribunedufaso.net\/#\/schema\/logo\/image\/","url":"https:\/\/www.latribunedufaso.net\/wp-content\/uploads\/2020\/08\/Logo-Tribune-du-Faso-final-scaled.jpg","contentUrl":"https:\/\/www.latribunedufaso.net\/wp-content\/uploads\/2020\/08\/Logo-Tribune-du-Faso-final-scaled.jpg","width":2560,"height":1856,"caption":"La Tribune du Faso"},"image":{"@id":"https:\/\/www.latribunedufaso.net\/#\/schema\/logo\/image\/"},"sameAs":["https:\/\/www.facebook.com\/LatribuneduFaso\/"]},{"@type":"Person","@id":"https:\/\/www.latribunedufaso.net\/#\/schema\/person\/e54e64c5778a7e72cf80a318b7a622b0","name":"Issouf Tapsoba","image":{"@type":"ImageObject","inLanguage":"fr-FR","@id":"https:\/\/secure.gravatar.com\/avatar\/5e6c05150ce3230247d167f5b94d678eb05936197436d69b7921e3a95c9107ac?s=96&d=mm&r=g","url":"https:\/\/secure.gravatar.com\/avatar\/5e6c05150ce3230247d167f5b94d678eb05936197436d69b7921e3a95c9107ac?s=96&d=mm&r=g","contentUrl":"https:\/\/secure.gravatar.com\/avatar\/5e6c05150ce3230247d167f5b94d678eb05936197436d69b7921e3a95c9107ac?s=96&d=mm&r=g","caption":"Issouf Tapsoba"},"url":"https:\/\/www.latribunedufaso.net\/?author=5"}]}},"_links":{"self":[{"href":"https:\/\/www.latribunedufaso.net\/index.php?rest_route=\/wp\/v2\/posts\/25528","targetHints":{"allow":["GET"]}}],"collection":[{"href":"https:\/\/www.latribunedufaso.net\/index.php?rest_route=\/wp\/v2\/posts"}],"about":[{"href":"https:\/\/www.latribunedufaso.net\/index.php?rest_route=\/wp\/v2\/types\/post"}],"author":[{"embeddable":true,"href":"https:\/\/www.latribunedufaso.net\/index.php?rest_route=\/wp\/v2\/users\/5"}],"replies":[{"embeddable":true,"href":"https:\/\/www.latribunedufaso.net\/index.php?rest_route=%2Fwp%2Fv2%2Fcomments&post=25528"}],"version-history":[{"count":3,"href":"https:\/\/www.latribunedufaso.net\/index.php?rest_route=\/wp\/v2\/posts\/25528\/revisions"}],"predecessor-version":[{"id":25536,"href":"https:\/\/www.latribunedufaso.net\/index.php?rest_route=\/wp\/v2\/posts\/25528\/revisions\/25536"}],"wp:featuredmedia":[{"embeddable":true,"href":"https:\/\/www.latribunedufaso.net\/index.php?rest_route=\/wp\/v2\/media\/25532"}],"wp:attachment":[{"href":"https:\/\/www.latribunedufaso.net\/index.php?rest_route=%2Fwp%2Fv2%2Fmedia&parent=25528"}],"wp:term":[{"taxonomy":"category","embeddable":true,"href":"https:\/\/www.latribunedufaso.net\/index.php?rest_route=%2Fwp%2Fv2%2Fcategories&post=25528"},{"taxonomy":"post_tag","embeddable":true,"href":"https:\/\/www.latribunedufaso.net\/index.php?rest_route=%2Fwp%2Fv2%2Ftags&post=25528"}],"curies":[{"name":"wp","href":"https:\/\/api.w.org\/{rel}","templated":true}]}}