{"id":25497,"date":"2025-12-08T13:25:02","date_gmt":"2025-12-08T13:25:02","guid":{"rendered":"https:\/\/www.latribunedufaso.net\/?p=25497"},"modified":"2025-12-08T13:25:39","modified_gmt":"2025-12-08T13:25:39","slug":"can-maroc-2025-voici-la-liste-des-etalons-du-burkina-faso","status":"publish","type":"post","link":"https:\/\/www.latribunedufaso.net\/?p=25497","title":{"rendered":"CAN Maroc 2025 : Voici la liste des \u00c9talons du Burkina Faso\u00a0"},"content":{"rendered":"<p><strong>Le s\u00e9lectionneur des \u00c9talons, Brama Traor\u00e9 a d\u00e9voil\u00e9, la liste des joueurs retenus pour la CAN Maroc 2025. Ils sont au nombre de 25 joueurs s\u00e9lectionn\u00e9s et 3 r\u00e9servistes. C&rsquo;\u00e9tait au cours d&rsquo;une conf\u00e9rence de presse organis\u00e9e le 8 d\u00e9cembre 2025 \u00e0 Ouagadougou.<\/strong><!--more--><\/p>\n<p>En allant \u00e0 cette comp\u00e9tition, l&rsquo;ambition est claire, selon Brama Traor\u00e9.<em><strong> \u00ab Nous allons nous battre pour avoir une \u00e9toile sur le maillot national. Nous avons d\u00e9j\u00e0 \u00e9t\u00e9 m\u00e9daill\u00e9s de bronze et d&rsquo;argent. Il nous reste a remport\u00e9 la coupe \u00bb<\/strong><\/em>, a-t-il indiqu\u00e9. Pour ce faire, il a demand\u00e9 l&rsquo;accompagnement de tout le monde.<\/p>\n<p>A \u00e9couter le coach, cette liste est le r\u00e9sultat des meilleurs choix \u00e0 la hauteur de l&rsquo;ambition du Burkina Faso : remporter la comp\u00e9tition.\u00a0<\/p>\n<figure id=\"attachment_25500\" aria-describedby=\"caption-attachment-25500\" style=\"width: 1080px\" class=\"wp-caption aligncenter\"><a href=\"https:\/\/www.latribunedufaso.net\/wp-content\/uploads\/2025\/12\/FB_IMG_1765199667626.jpg\"><img loading=\"lazy\" decoding=\"async\" class=\"size-full wp-image-25500\" src=\"https:\/\/www.latribunedufaso.net\/wp-content\/uploads\/2025\/12\/FB_IMG_1765199667626.jpg\" alt=\"Brama Traor\u00e9 a organis\u00e9 une conf\u00e9rence de presse pour annoncer la liste des \u00c9talons s\u00e9lectionn\u00e9s pour la CAN Maroc 2025, 8 d\u00e9cembre\" width=\"1080\" height=\"927\" srcset=\"https:\/\/www.latribunedufaso.net\/wp-content\/uploads\/2025\/12\/FB_IMG_1765199667626.jpg 1080w, https:\/\/www.latribunedufaso.net\/wp-content\/uploads\/2025\/12\/FB_IMG_1765199667626-300x258.jpg 300w, https:\/\/www.latribunedufaso.net\/wp-content\/uploads\/2025\/12\/FB_IMG_1765199667626-1024x879.jpg 1024w, https:\/\/www.latribunedufaso.net\/wp-content\/uploads\/2025\/12\/FB_IMG_1765199667626-768x659.jpg 768w\" sizes=\"auto, (max-width: 1080px) 100vw, 1080px\" \/><\/a><figcaption id=\"caption-attachment-25500\" class=\"wp-caption-text\">Pour le s\u00e9lectionneur, Brama Traor\u00e9, l&rsquo;objectif c&rsquo;est de remporter la CAN &#8211; Ph. DR<\/figcaption><\/figure>\n<p>Des joueurs revenant de blessure comme Issa Kabor\u00e9 et Lassina Traor\u00e9 font partie de la liste. Interrog\u00e9 sur leur incertitude \u00e0 jouer la comp\u00e9tition, le coach Brama Traor\u00e9 s&rsquo;explique : <em><strong>\u00ab Nous avons eu des \u00e9changes avec Lassina Traor\u00e9. Il s&rsquo;est r\u00e9tabli. Il a commenc\u00e9 l&rsquo;entra\u00eenement. Il se pr\u00e9pare pour la CAN. Nous pensons qu&rsquo;il peut nous \u00eatre tr\u00e8s utile car il est un fin finisseur. <\/strong><\/em><\/p>\n<p><em><strong>Concernant Issa Kabor\u00e9, nous avons \u00e9galement eu des \u00e9changes avec lui. Il faut souligner que c&rsquo;est un joueur cadre qui est important sur le terrain comme en dehors. Il peut beaucoup apport\u00e9. C&rsquo;est pourquoi il est l\u00e0 en attendant les derniers r\u00e9sultats sur son \u00e9tat de sant\u00e9 le 12 d\u00e9cembre 2025 \u00bb.<\/strong><\/em><\/p>\n<p style=\"text-align: left;\">Lire aussi &gt;&gt; <a href=\"https:\/\/www.latribunedufaso.net\/?p=25393\">Football Scolaire : Les \u00c9talons filles U15 championnes d\u2019Afrique de l\u2019UFOA-B et qualifi\u00e9es pour la CAN 2026<\/a><\/p>\n<h3>La liste des joueurs s\u00e9lectionn\u00e9s\u00a0<\/h3>\n<p><strong>Gardiens<\/strong><\/p>\n<ul>\n<li>1. KOFFI Kouakou Herv\u00e9<\/li>\n<li>2. NIKI\u00c8MA Kylian Baasba<\/li>\n<li>3. OUEDRAOGO Soufiane Farid<\/li>\n<\/ul>\n<p><strong>D\u00e9fenseurs<\/strong><\/p>\n<ul>\n<li>4. DJIGA Yacouba Nasser<\/li>\n<li>5. NAGALO Adamo<\/li>\n<li>6. DAYO Issoufou<\/li>\n<li>7. TAPSOBA Edmond Faycial<\/li>\n<li>8. KABOR\u00c9 Issa<\/li>\n<li>9. <a href=\"https:\/\/www.latribunedufaso.net\/?p=24424\">KOUASSI Kan Guy Ars\u00e8ne<\/a><\/li>\n<li>10. YAGO Steeve Farid<\/li>\n<li>11. AYIND\u00c9 Abdoul Rachid<\/li>\n<\/ul>\n<p><strong>Milieux<\/strong><\/p>\n<ul>\n<li>12. QU\u00c9DRAOGO Ismahila<\/li>\n<li>13. SIMPOR\u00c9 Saidou<\/li>\n<li>14. TOUR\u00c9 Ibrahim Blati<\/li>\n<li>15. SANGAR\u00c9 Gustavo Fabrice<\/li>\n<li>16. KI St\u00e9phane Aziz<\/li>\n<li>17. BADOLO C\u00e9dric<\/li>\n<li>18. ZOUNGRANA Mohamed<\/li>\n<\/ul>\n<p><strong>Attaquants<\/strong><\/p>\n<ul>\n<li>19. TRAOR\u00c9 Bertrand Isidore<\/li>\n<li>20. MINOUNGOU Georgi<\/li>\n<li>21. OUATTARA Dango Aboubacar<\/li>\n<li>22. IRI\u00c9 Bi Kalou Cyriaque<\/li>\n<li>23. KABOR\u00c9 Pierre Landry<\/li>\n<li>24. TRAOR\u00c9 Lassina Franck<\/li>\n<li>25. BOUDA Ouss\u00e9ni<\/li>\n<\/ul>\n<p><strong>Les r\u00e9servistes<\/strong>\u00a0<\/p>\n<ul>\n<li>1. Mohamed Konat\u00e9<\/li>\n<li>2. Josu\u00e9 Tiendrebeogo<\/li>\n<li>3. Razack Yoda<\/li>\n<\/ul>\n<p><strong>Issouf Tapsoba\u00a0<\/strong><\/p>\n<p><strong>Latribunedufaso.net<\/strong><\/p>\n","protected":false},"excerpt":{"rendered":"<p>Le s\u00e9lectionneur des \u00c9talons, Brama Traor\u00e9 a d\u00e9voil\u00e9, la liste des joueurs retenus pour la CAN Maroc 2025. Ils sont au nombre de 25 joueurs s\u00e9lectionn\u00e9s et 3 r\u00e9servistes. C&rsquo;\u00e9tait au cours d&rsquo;une conf\u00e9rence de presse organis\u00e9e le 8 d\u00e9cembre 2025 \u00e0 Ouagadougou.<\/p>\n","protected":false},"author":5,"featured_media":25499,"comment_status":"open","ping_status":"open","sticky":false,"template":"","format":"standard","meta":{"footnotes":""},"categories":[13,1,17],"tags":[1834,39,1835],"class_list":["post-25497","post","type-post","status-publish","format-standard","has-post-thumbnail","hentry","category-une","category-actu","category-sport","tag-can-maroc-2025","tag-latribunedufaso-net","tag-liste-des-etalons"],"yoast_head":"<!-- This site is optimized with the Yoast SEO plugin v27.5 - https:\/\/yoast.com\/product\/yoast-seo-wordpress\/ -->\n<title>CAN Maroc 2025 : Voici la liste des \u00c9talons du Burkina Faso\u00a0 - La Tribune du Faso<\/title>\n<meta name=\"robots\" content=\"index, follow, max-snippet:-1, max-image-preview:large, max-video-preview:-1\" \/>\n<link rel=\"canonical\" href=\"https:\/\/www.latribunedufaso.net\/?p=25497\" \/>\n<meta property=\"og:locale\" content=\"fr_FR\" \/>\n<meta property=\"og:type\" content=\"article\" \/>\n<meta property=\"og:title\" content=\"CAN Maroc 2025 : Voici la liste des \u00c9talons du Burkina Faso\u00a0 - La Tribune du Faso\" \/>\n<meta property=\"og:description\" content=\"Le s\u00e9lectionneur des \u00c9talons, Brama Traor\u00e9 a d\u00e9voil\u00e9, la liste des joueurs retenus pour la CAN Maroc 2025. Ils sont au nombre de 25 joueurs s\u00e9lectionn\u00e9s et 3 r\u00e9servistes. C&rsquo;\u00e9tait au cours d&rsquo;une conf\u00e9rence de presse organis\u00e9e le 8 d\u00e9cembre 2025 \u00e0 Ouagadougou.\" \/>\n<meta property=\"og:url\" content=\"https:\/\/www.latribunedufaso.net\/?p=25497\" \/>\n<meta property=\"og:site_name\" content=\"La Tribune du Faso\" \/>\n<meta property=\"article:publisher\" content=\"https:\/\/www.facebook.com\/LatribuneduFaso\/\" \/>\n<meta property=\"article:published_time\" content=\"2025-12-08T13:25:02+00:00\" \/>\n<meta property=\"article:modified_time\" content=\"2025-12-08T13:25:39+00:00\" \/>\n<meta property=\"og:image\" content=\"https:\/\/www.latribunedufaso.net\/wp-content\/uploads\/2025\/12\/FB_IMG_1765199671657.jpg\" \/>\n\t<meta property=\"og:image:width\" content=\"1080\" \/>\n\t<meta property=\"og:image:height\" content=\"720\" \/>\n\t<meta property=\"og:image:type\" content=\"image\/jpeg\" \/>\n<meta name=\"author\" content=\"Issouf Tapsoba\" \/>\n<meta name=\"twitter:label1\" content=\"\u00c9crit par\" \/>\n\t<meta name=\"twitter:data1\" content=\"Issouf Tapsoba\" \/>\n\t<meta name=\"twitter:label2\" content=\"Dur\u00e9e de lecture estim\u00e9e\" \/>\n\t<meta name=\"twitter:data2\" content=\"3 minutes\" \/>\n<script type=\"application\/ld+json\" class=\"yoast-schema-graph\">{\"@context\":\"https:\\\/\\\/schema.org\",\"@graph\":[{\"@type\":\"Article\",\"@id\":\"https:\\\/\\\/www.latribunedufaso.net\\\/?p=25497#article\",\"isPartOf\":{\"@id\":\"https:\\\/\\\/www.latribunedufaso.net\\\/?p=25497\"},\"author\":{\"name\":\"Issouf Tapsoba\",\"@id\":\"https:\\\/\\\/www.latribunedufaso.net\\\/#\\\/schema\\\/person\\\/e54e64c5778a7e72cf80a318b7a622b0\"},\"headline\":\"CAN Maroc 2025 : Voici la liste des \u00c9talons du Burkina Faso\u00a0\",\"datePublished\":\"2025-12-08T13:25:02+00:00\",\"dateModified\":\"2025-12-08T13:25:39+00:00\",\"mainEntityOfPage\":{\"@id\":\"https:\\\/\\\/www.latribunedufaso.net\\\/?p=25497\"},\"wordCount\":410,\"commentCount\":0,\"publisher\":{\"@id\":\"https:\\\/\\\/www.latribunedufaso.net\\\/#organization\"},\"image\":{\"@id\":\"https:\\\/\\\/www.latribunedufaso.net\\\/?p=25497#primaryimage\"},\"thumbnailUrl\":\"https:\\\/\\\/www.latribunedufaso.net\\\/wp-content\\\/uploads\\\/2025\\\/12\\\/FB_IMG_1765199671657.jpg\",\"keywords\":[\"CAN Maroc 2025\",\"latribunedufaso.net\",\"liste des \u00e9talons\"],\"articleSection\":[\"A la une\",\"Actualit\u00e9\",\"Sport\"],\"inLanguage\":\"fr-FR\",\"potentialAction\":[{\"@type\":\"CommentAction\",\"name\":\"Comment\",\"target\":[\"https:\\\/\\\/www.latribunedufaso.net\\\/?p=25497#respond\"]}]},{\"@type\":\"WebPage\",\"@id\":\"https:\\\/\\\/www.latribunedufaso.net\\\/?p=25497\",\"url\":\"https:\\\/\\\/www.latribunedufaso.net\\\/?p=25497\",\"name\":\"CAN Maroc 2025 : Voici la liste des \u00c9talons du Burkina Faso\u00a0 - La Tribune du Faso\",\"isPartOf\":{\"@id\":\"https:\\\/\\\/www.latribunedufaso.net\\\/#website\"},\"primaryImageOfPage\":{\"@id\":\"https:\\\/\\\/www.latribunedufaso.net\\\/?p=25497#primaryimage\"},\"image\":{\"@id\":\"https:\\\/\\\/www.latribunedufaso.net\\\/?p=25497#primaryimage\"},\"thumbnailUrl\":\"https:\\\/\\\/www.latribunedufaso.net\\\/wp-content\\\/uploads\\\/2025\\\/12\\\/FB_IMG_1765199671657.jpg\",\"datePublished\":\"2025-12-08T13:25:02+00:00\",\"dateModified\":\"2025-12-08T13:25:39+00:00\",\"breadcrumb\":{\"@id\":\"https:\\\/\\\/www.latribunedufaso.net\\\/?p=25497#breadcrumb\"},\"inLanguage\":\"fr-FR\",\"potentialAction\":[{\"@type\":\"ReadAction\",\"target\":[\"https:\\\/\\\/www.latribunedufaso.net\\\/?p=25497\"]}]},{\"@type\":\"ImageObject\",\"inLanguage\":\"fr-FR\",\"@id\":\"https:\\\/\\\/www.latribunedufaso.net\\\/?p=25497#primaryimage\",\"url\":\"https:\\\/\\\/www.latribunedufaso.net\\\/wp-content\\\/uploads\\\/2025\\\/12\\\/FB_IMG_1765199671657.jpg\",\"contentUrl\":\"https:\\\/\\\/www.latribunedufaso.net\\\/wp-content\\\/uploads\\\/2025\\\/12\\\/FB_IMG_1765199671657.jpg\",\"width\":1080,\"height\":720,\"caption\":\"Brama Traor\u00e9 a organis\u00e9 une conf\u00e9rence de presse pour annoncer la liste des \u00c9talons s\u00e9lectionn\u00e9s pour la CAN Maroc 2025, 8 d\u00e9cembre\"},{\"@type\":\"BreadcrumbList\",\"@id\":\"https:\\\/\\\/www.latribunedufaso.net\\\/?p=25497#breadcrumb\",\"itemListElement\":[{\"@type\":\"ListItem\",\"position\":1,\"name\":\"Accueil\",\"item\":\"https:\\\/\\\/www.latribunedufaso.net\\\/\"},{\"@type\":\"ListItem\",\"position\":2,\"name\":\"CAN Maroc 2025 : Voici la liste des \u00c9talons du Burkina Faso\u00a0\"}]},{\"@type\":\"WebSite\",\"@id\":\"https:\\\/\\\/www.latribunedufaso.net\\\/#website\",\"url\":\"https:\\\/\\\/www.latribunedufaso.net\\\/\",\"name\":\"La Tribune du Faso\",\"description\":\"L&#039;information du monde rural en un clic\",\"publisher\":{\"@id\":\"https:\\\/\\\/www.latribunedufaso.net\\\/#organization\"},\"potentialAction\":[{\"@type\":\"SearchAction\",\"target\":{\"@type\":\"EntryPoint\",\"urlTemplate\":\"https:\\\/\\\/www.latribunedufaso.net\\\/?s={search_term_string}\"},\"query-input\":{\"@type\":\"PropertyValueSpecification\",\"valueRequired\":true,\"valueName\":\"search_term_string\"}}],\"inLanguage\":\"fr-FR\"},{\"@type\":\"Organization\",\"@id\":\"https:\\\/\\\/www.latribunedufaso.net\\\/#organization\",\"name\":\"La Tribune du Faso\",\"url\":\"https:\\\/\\\/www.latribunedufaso.net\\\/\",\"logo\":{\"@type\":\"ImageObject\",\"inLanguage\":\"fr-FR\",\"@id\":\"https:\\\/\\\/www.latribunedufaso.net\\\/#\\\/schema\\\/logo\\\/image\\\/\",\"url\":\"https:\\\/\\\/www.latribunedufaso.net\\\/wp-content\\\/uploads\\\/2020\\\/08\\\/Logo-Tribune-du-Faso-final-scaled.jpg\",\"contentUrl\":\"https:\\\/\\\/www.latribunedufaso.net\\\/wp-content\\\/uploads\\\/2020\\\/08\\\/Logo-Tribune-du-Faso-final-scaled.jpg\",\"width\":2560,\"height\":1856,\"caption\":\"La Tribune du Faso\"},\"image\":{\"@id\":\"https:\\\/\\\/www.latribunedufaso.net\\\/#\\\/schema\\\/logo\\\/image\\\/\"},\"sameAs\":[\"https:\\\/\\\/www.facebook.com\\\/LatribuneduFaso\\\/\"]},{\"@type\":\"Person\",\"@id\":\"https:\\\/\\\/www.latribunedufaso.net\\\/#\\\/schema\\\/person\\\/e54e64c5778a7e72cf80a318b7a622b0\",\"name\":\"Issouf Tapsoba\",\"image\":{\"@type\":\"ImageObject\",\"inLanguage\":\"fr-FR\",\"@id\":\"https:\\\/\\\/secure.gravatar.com\\\/avatar\\\/5e6c05150ce3230247d167f5b94d678eb05936197436d69b7921e3a95c9107ac?s=96&d=mm&r=g\",\"url\":\"https:\\\/\\\/secure.gravatar.com\\\/avatar\\\/5e6c05150ce3230247d167f5b94d678eb05936197436d69b7921e3a95c9107ac?s=96&d=mm&r=g\",\"contentUrl\":\"https:\\\/\\\/secure.gravatar.com\\\/avatar\\\/5e6c05150ce3230247d167f5b94d678eb05936197436d69b7921e3a95c9107ac?s=96&d=mm&r=g\",\"caption\":\"Issouf Tapsoba\"},\"url\":\"https:\\\/\\\/www.latribunedufaso.net\\\/?author=5\"}]}<\/script>\n<!-- \/ Yoast SEO plugin. -->","yoast_head_json":{"title":"CAN Maroc 2025 : Voici la liste des \u00c9talons du Burkina Faso\u00a0 - La Tribune du Faso","robots":{"index":"index","follow":"follow","max-snippet":"max-snippet:-1","max-image-preview":"max-image-preview:large","max-video-preview":"max-video-preview:-1"},"canonical":"https:\/\/www.latribunedufaso.net\/?p=25497","og_locale":"fr_FR","og_type":"article","og_title":"CAN Maroc 2025 : Voici la liste des \u00c9talons du Burkina Faso\u00a0 - La Tribune du Faso","og_description":"Le s\u00e9lectionneur des \u00c9talons, Brama Traor\u00e9 a d\u00e9voil\u00e9, la liste des joueurs retenus pour la CAN Maroc 2025. Ils sont au nombre de 25 joueurs s\u00e9lectionn\u00e9s et 3 r\u00e9servistes. C&rsquo;\u00e9tait au cours d&rsquo;une conf\u00e9rence de presse organis\u00e9e le 8 d\u00e9cembre 2025 \u00e0 Ouagadougou.","og_url":"https:\/\/www.latribunedufaso.net\/?p=25497","og_site_name":"La Tribune du Faso","article_publisher":"https:\/\/www.facebook.com\/LatribuneduFaso\/","article_published_time":"2025-12-08T13:25:02+00:00","article_modified_time":"2025-12-08T13:25:39+00:00","og_image":[{"width":1080,"height":720,"url":"https:\/\/www.latribunedufaso.net\/wp-content\/uploads\/2025\/12\/FB_IMG_1765199671657.jpg","type":"image\/jpeg"}],"author":"Issouf Tapsoba","twitter_misc":{"\u00c9crit par":"Issouf Tapsoba","Dur\u00e9e de lecture estim\u00e9e":"3 minutes"},"schema":{"@context":"https:\/\/schema.org","@graph":[{"@type":"Article","@id":"https:\/\/www.latribunedufaso.net\/?p=25497#article","isPartOf":{"@id":"https:\/\/www.latribunedufaso.net\/?p=25497"},"author":{"name":"Issouf Tapsoba","@id":"https:\/\/www.latribunedufaso.net\/#\/schema\/person\/e54e64c5778a7e72cf80a318b7a622b0"},"headline":"CAN Maroc 2025 : Voici la liste des \u00c9talons du Burkina Faso\u00a0","datePublished":"2025-12-08T13:25:02+00:00","dateModified":"2025-12-08T13:25:39+00:00","mainEntityOfPage":{"@id":"https:\/\/www.latribunedufaso.net\/?p=25497"},"wordCount":410,"commentCount":0,"publisher":{"@id":"https:\/\/www.latribunedufaso.net\/#organization"},"image":{"@id":"https:\/\/www.latribunedufaso.net\/?p=25497#primaryimage"},"thumbnailUrl":"https:\/\/www.latribunedufaso.net\/wp-content\/uploads\/2025\/12\/FB_IMG_1765199671657.jpg","keywords":["CAN Maroc 2025","latribunedufaso.net","liste des \u00e9talons"],"articleSection":["A la une","Actualit\u00e9","Sport"],"inLanguage":"fr-FR","potentialAction":[{"@type":"CommentAction","name":"Comment","target":["https:\/\/www.latribunedufaso.net\/?p=25497#respond"]}]},{"@type":"WebPage","@id":"https:\/\/www.latribunedufaso.net\/?p=25497","url":"https:\/\/www.latribunedufaso.net\/?p=25497","name":"CAN Maroc 2025 : Voici la liste des \u00c9talons du Burkina Faso\u00a0 - La Tribune du Faso","isPartOf":{"@id":"https:\/\/www.latribunedufaso.net\/#website"},"primaryImageOfPage":{"@id":"https:\/\/www.latribunedufaso.net\/?p=25497#primaryimage"},"image":{"@id":"https:\/\/www.latribunedufaso.net\/?p=25497#primaryimage"},"thumbnailUrl":"https:\/\/www.latribunedufaso.net\/wp-content\/uploads\/2025\/12\/FB_IMG_1765199671657.jpg","datePublished":"2025-12-08T13:25:02+00:00","dateModified":"2025-12-08T13:25:39+00:00","breadcrumb":{"@id":"https:\/\/www.latribunedufaso.net\/?p=25497#breadcrumb"},"inLanguage":"fr-FR","potentialAction":[{"@type":"ReadAction","target":["https:\/\/www.latribunedufaso.net\/?p=25497"]}]},{"@type":"ImageObject","inLanguage":"fr-FR","@id":"https:\/\/www.latribunedufaso.net\/?p=25497#primaryimage","url":"https:\/\/www.latribunedufaso.net\/wp-content\/uploads\/2025\/12\/FB_IMG_1765199671657.jpg","contentUrl":"https:\/\/www.latribunedufaso.net\/wp-content\/uploads\/2025\/12\/FB_IMG_1765199671657.jpg","width":1080,"height":720,"caption":"Brama Traor\u00e9 a organis\u00e9 une conf\u00e9rence de presse pour annoncer la liste des \u00c9talons s\u00e9lectionn\u00e9s pour la CAN Maroc 2025, 8 d\u00e9cembre"},{"@type":"BreadcrumbList","@id":"https:\/\/www.latribunedufaso.net\/?p=25497#breadcrumb","itemListElement":[{"@type":"ListItem","position":1,"name":"Accueil","item":"https:\/\/www.latribunedufaso.net\/"},{"@type":"ListItem","position":2,"name":"CAN Maroc 2025 : Voici la liste des \u00c9talons du Burkina Faso\u00a0"}]},{"@type":"WebSite","@id":"https:\/\/www.latribunedufaso.net\/#website","url":"https:\/\/www.latribunedufaso.net\/","name":"La Tribune du Faso","description":"L&#039;information du monde rural en un clic","publisher":{"@id":"https:\/\/www.latribunedufaso.net\/#organization"},"potentialAction":[{"@type":"SearchAction","target":{"@type":"EntryPoint","urlTemplate":"https:\/\/www.latribunedufaso.net\/?s={search_term_string}"},"query-input":{"@type":"PropertyValueSpecification","valueRequired":true,"valueName":"search_term_string"}}],"inLanguage":"fr-FR"},{"@type":"Organization","@id":"https:\/\/www.latribunedufaso.net\/#organization","name":"La Tribune du Faso","url":"https:\/\/www.latribunedufaso.net\/","logo":{"@type":"ImageObject","inLanguage":"fr-FR","@id":"https:\/\/www.latribunedufaso.net\/#\/schema\/logo\/image\/","url":"https:\/\/www.latribunedufaso.net\/wp-content\/uploads\/2020\/08\/Logo-Tribune-du-Faso-final-scaled.jpg","contentUrl":"https:\/\/www.latribunedufaso.net\/wp-content\/uploads\/2020\/08\/Logo-Tribune-du-Faso-final-scaled.jpg","width":2560,"height":1856,"caption":"La Tribune du Faso"},"image":{"@id":"https:\/\/www.latribunedufaso.net\/#\/schema\/logo\/image\/"},"sameAs":["https:\/\/www.facebook.com\/LatribuneduFaso\/"]},{"@type":"Person","@id":"https:\/\/www.latribunedufaso.net\/#\/schema\/person\/e54e64c5778a7e72cf80a318b7a622b0","name":"Issouf Tapsoba","image":{"@type":"ImageObject","inLanguage":"fr-FR","@id":"https:\/\/secure.gravatar.com\/avatar\/5e6c05150ce3230247d167f5b94d678eb05936197436d69b7921e3a95c9107ac?s=96&d=mm&r=g","url":"https:\/\/secure.gravatar.com\/avatar\/5e6c05150ce3230247d167f5b94d678eb05936197436d69b7921e3a95c9107ac?s=96&d=mm&r=g","contentUrl":"https:\/\/secure.gravatar.com\/avatar\/5e6c05150ce3230247d167f5b94d678eb05936197436d69b7921e3a95c9107ac?s=96&d=mm&r=g","caption":"Issouf Tapsoba"},"url":"https:\/\/www.latribunedufaso.net\/?author=5"}]}},"_links":{"self":[{"href":"https:\/\/www.latribunedufaso.net\/index.php?rest_route=\/wp\/v2\/posts\/25497","targetHints":{"allow":["GET"]}}],"collection":[{"href":"https:\/\/www.latribunedufaso.net\/index.php?rest_route=\/wp\/v2\/posts"}],"about":[{"href":"https:\/\/www.latribunedufaso.net\/index.php?rest_route=\/wp\/v2\/types\/post"}],"author":[{"embeddable":true,"href":"https:\/\/www.latribunedufaso.net\/index.php?rest_route=\/wp\/v2\/users\/5"}],"replies":[{"embeddable":true,"href":"https:\/\/www.latribunedufaso.net\/index.php?rest_route=%2Fwp%2Fv2%2Fcomments&post=25497"}],"version-history":[{"count":2,"href":"https:\/\/www.latribunedufaso.net\/index.php?rest_route=\/wp\/v2\/posts\/25497\/revisions"}],"predecessor-version":[{"id":25502,"href":"https:\/\/www.latribunedufaso.net\/index.php?rest_route=\/wp\/v2\/posts\/25497\/revisions\/25502"}],"wp:featuredmedia":[{"embeddable":true,"href":"https:\/\/www.latribunedufaso.net\/index.php?rest_route=\/wp\/v2\/media\/25499"}],"wp:attachment":[{"href":"https:\/\/www.latribunedufaso.net\/index.php?rest_route=%2Fwp%2Fv2%2Fmedia&parent=25497"}],"wp:term":[{"taxonomy":"category","embeddable":true,"href":"https:\/\/www.latribunedufaso.net\/index.php?rest_route=%2Fwp%2Fv2%2Fcategories&post=25497"},{"taxonomy":"post_tag","embeddable":true,"href":"https:\/\/www.latribunedufaso.net\/index.php?rest_route=%2Fwp%2Fv2%2Ftags&post=25497"}],"curies":[{"name":"wp","href":"https:\/\/api.w.org\/{rel}","templated":true}]}}