{"id":25482,"date":"2025-12-07T12:24:49","date_gmt":"2025-12-07T12:24:49","guid":{"rendered":"https:\/\/www.latribunedufaso.net\/?p=25482"},"modified":"2025-12-07T12:24:49","modified_gmt":"2025-12-07T12:24:49","slug":"benin-tentative-de-coup-detat-dejoue-gouvernement","status":"publish","type":"post","link":"https:\/\/www.latribunedufaso.net\/?p=25482","title":{"rendered":"Benin : Tentative de coup d&rsquo;Etat d\u00e9jou\u00e9 (gouvernement)"},"content":{"rendered":"<p><strong>\u200eSituation confuse au B\u00e9nin. Alors qu&rsquo;un groupe de militaires s&rsquo;identifiant comme le Comit\u00e9 militaire de la refondation (CMR) a annonc\u00e9 ce 7 d\u00e9cembre 2025 la prise du pouvoir, le ministre de l&rsquo;Int\u00e9rieur et de la S\u00e9curit\u00e9 publique du B\u00e9nin, Alassane Seidou d\u00e9clare sur B\u00e9nin TV que <em>\u00ab la situation est\u00a0 sous contr\u00f4le \u00bb<\/em>. Voici l&rsquo;int\u00e9gralit\u00e9 de sa d\u00e9claration.<\/strong><!--more--><\/p>\n<p>\u200e\u00ab B\u00e9ninoises, B\u00e9ninois,<\/p>\n<p>\u200eChers compatriotes,<\/p>\n<p>\u200eAu petit matin de ce dimanche 7 d\u00e9cembre 2025, un groupuscule de soldats a engag\u00e9 une mutinerie dans le but de d\u00e9stabiliser l&rsquo;Etat et ses Institutions.<\/p>\n<p>\u200eFace \u00e0 cette situation, les Forces Arm\u00e9es b\u00e9ninoises et leur hi\u00e9rarchie, fid\u00e8les \u00e0 leur serment, sont rest\u00e9es r\u00e9publicaines.\u00a0<\/p>\n<p>\u200eLeur riposte a permis de garder le contr\u00f4le de la situation et de faire \u00e9chec \u00e0 la man\u0153uvre.<\/p>\n<p>\u200eAussi, le Gouvernement invite-t-il les populations \u00e0 vaquer normalement \u00e0 leurs occupations.<\/p>\n<p>\u200eJe vous remercie. \u00bb<\/p>\n<p>\u200eLe ministre de l&rsquo;Int\u00e9rieur et de la S\u00e9curit\u00e9 publique, Alassane Seidou<\/p>\n<p><strong>\u200eLatribunedufaso.net<\/strong><\/p>\n<p><strong>\u200eSource : SRTBINFO<\/strong><\/p>\n","protected":false},"excerpt":{"rendered":"<p>\u200eSituation confuse au B\u00e9nin. Alors qu&rsquo;un groupe de militaires s&rsquo;identifiant comme le Comit\u00e9 militaire de la refondation (CMR) a annonc\u00e9 ce 7 d\u00e9cembre 2025 la prise du pouvoir, le ministre de l&rsquo;Int\u00e9rieur et de la S\u00e9curit\u00e9 publique du B\u00e9nin, Alassane Seidou d\u00e9clare sur B\u00e9nin TV que \u00ab la situation est\u00a0 sous contr\u00f4le \u00bb. Voici l&rsquo;int\u00e9gralit\u00e9 de sa d\u00e9claration.<\/p>\n","protected":false},"author":5,"featured_media":25483,"comment_status":"open","ping_status":"open","sticky":false,"template":"","format":"standard","meta":{"footnotes":""},"categories":[13,1,9],"tags":[39,1832],"class_list":["post-25482","post","type-post","status-publish","format-standard","has-post-thumbnail","hentry","category-une","category-actu","category-inter","tag-latribunedufaso-net","tag-tentative-de-coup-detat-au-benin"],"yoast_head":"<!-- This site is optimized with the Yoast SEO plugin v27.5 - https:\/\/yoast.com\/product\/yoast-seo-wordpress\/ -->\n<title>Benin : Tentative de coup d&#039;Etat d\u00e9jou\u00e9 (gouvernement) - La Tribune du Faso<\/title>\n<meta name=\"robots\" content=\"index, follow, max-snippet:-1, max-image-preview:large, max-video-preview:-1\" \/>\n<link rel=\"canonical\" href=\"https:\/\/www.latribunedufaso.net\/?p=25482\" \/>\n<meta property=\"og:locale\" content=\"fr_FR\" \/>\n<meta property=\"og:type\" content=\"article\" \/>\n<meta property=\"og:title\" content=\"Benin : Tentative de coup d&#039;Etat d\u00e9jou\u00e9 (gouvernement) - La Tribune du Faso\" \/>\n<meta property=\"og:description\" content=\"\u200eSituation confuse au B\u00e9nin. Alors qu&rsquo;un groupe de militaires s&rsquo;identifiant comme le Comit\u00e9 militaire de la refondation (CMR) a annonc\u00e9 ce 7 d\u00e9cembre 2025 la prise du pouvoir, le ministre de l&rsquo;Int\u00e9rieur et de la S\u00e9curit\u00e9 publique du B\u00e9nin, Alassane Seidou d\u00e9clare sur B\u00e9nin TV que \u00ab la situation est\u00a0 sous contr\u00f4le \u00bb. Voici l&rsquo;int\u00e9gralit\u00e9 de sa d\u00e9claration.\" \/>\n<meta property=\"og:url\" content=\"https:\/\/www.latribunedufaso.net\/?p=25482\" \/>\n<meta property=\"og:site_name\" content=\"La Tribune du Faso\" \/>\n<meta property=\"article:publisher\" content=\"https:\/\/www.facebook.com\/LatribuneduFaso\/\" \/>\n<meta property=\"article:published_time\" content=\"2025-12-07T12:24:49+00:00\" \/>\n<meta property=\"og:image\" content=\"https:\/\/www.latribunedufaso.net\/wp-content\/uploads\/2025\/12\/FB_IMG_1765108919804.jpg\" \/>\n\t<meta property=\"og:image:width\" content=\"2048\" \/>\n\t<meta property=\"og:image:height\" content=\"1089\" \/>\n\t<meta property=\"og:image:type\" content=\"image\/jpeg\" \/>\n<meta name=\"author\" content=\"Issouf Tapsoba\" \/>\n<meta name=\"twitter:label1\" content=\"\u00c9crit par\" \/>\n\t<meta name=\"twitter:data1\" content=\"Issouf Tapsoba\" \/>\n\t<meta name=\"twitter:label2\" content=\"Dur\u00e9e de lecture estim\u00e9e\" \/>\n\t<meta name=\"twitter:data2\" content=\"1 minute\" \/>\n<script type=\"application\/ld+json\" class=\"yoast-schema-graph\">{\"@context\":\"https:\\\/\\\/schema.org\",\"@graph\":[{\"@type\":\"Article\",\"@id\":\"https:\\\/\\\/www.latribunedufaso.net\\\/?p=25482#article\",\"isPartOf\":{\"@id\":\"https:\\\/\\\/www.latribunedufaso.net\\\/?p=25482\"},\"author\":{\"name\":\"Issouf Tapsoba\",\"@id\":\"https:\\\/\\\/www.latribunedufaso.net\\\/#\\\/schema\\\/person\\\/e54e64c5778a7e72cf80a318b7a622b0\"},\"headline\":\"Benin : Tentative de coup d&rsquo;Etat d\u00e9jou\u00e9 (gouvernement)\",\"datePublished\":\"2025-12-07T12:24:49+00:00\",\"mainEntityOfPage\":{\"@id\":\"https:\\\/\\\/www.latribunedufaso.net\\\/?p=25482\"},\"wordCount\":182,\"commentCount\":0,\"publisher\":{\"@id\":\"https:\\\/\\\/www.latribunedufaso.net\\\/#organization\"},\"image\":{\"@id\":\"https:\\\/\\\/www.latribunedufaso.net\\\/?p=25482#primaryimage\"},\"thumbnailUrl\":\"https:\\\/\\\/www.latribunedufaso.net\\\/wp-content\\\/uploads\\\/2025\\\/12\\\/FB_IMG_1765108919804.jpg\",\"keywords\":[\"latribunedufaso.net\",\"Tentative de Coup d'Etat au B\u00e9nin\"],\"articleSection\":[\"A la une\",\"Actualit\u00e9\",\"International\"],\"inLanguage\":\"fr-FR\",\"potentialAction\":[{\"@type\":\"CommentAction\",\"name\":\"Comment\",\"target\":[\"https:\\\/\\\/www.latribunedufaso.net\\\/?p=25482#respond\"]}]},{\"@type\":\"WebPage\",\"@id\":\"https:\\\/\\\/www.latribunedufaso.net\\\/?p=25482\",\"url\":\"https:\\\/\\\/www.latribunedufaso.net\\\/?p=25482\",\"name\":\"Benin : Tentative de coup d'Etat d\u00e9jou\u00e9 (gouvernement) - La Tribune du Faso\",\"isPartOf\":{\"@id\":\"https:\\\/\\\/www.latribunedufaso.net\\\/#website\"},\"primaryImageOfPage\":{\"@id\":\"https:\\\/\\\/www.latribunedufaso.net\\\/?p=25482#primaryimage\"},\"image\":{\"@id\":\"https:\\\/\\\/www.latribunedufaso.net\\\/?p=25482#primaryimage\"},\"thumbnailUrl\":\"https:\\\/\\\/www.latribunedufaso.net\\\/wp-content\\\/uploads\\\/2025\\\/12\\\/FB_IMG_1765108919804.jpg\",\"datePublished\":\"2025-12-07T12:24:49+00:00\",\"breadcrumb\":{\"@id\":\"https:\\\/\\\/www.latribunedufaso.net\\\/?p=25482#breadcrumb\"},\"inLanguage\":\"fr-FR\",\"potentialAction\":[{\"@type\":\"ReadAction\",\"target\":[\"https:\\\/\\\/www.latribunedufaso.net\\\/?p=25482\"]}]},{\"@type\":\"ImageObject\",\"inLanguage\":\"fr-FR\",\"@id\":\"https:\\\/\\\/www.latribunedufaso.net\\\/?p=25482#primaryimage\",\"url\":\"https:\\\/\\\/www.latribunedufaso.net\\\/wp-content\\\/uploads\\\/2025\\\/12\\\/FB_IMG_1765108919804.jpg\",\"contentUrl\":\"https:\\\/\\\/www.latribunedufaso.net\\\/wp-content\\\/uploads\\\/2025\\\/12\\\/FB_IMG_1765108919804.jpg\",\"width\":2048,\"height\":1089,\"caption\":\"D\u00e9claration du ministre de l'int\u00e9rieur du Benin Alassane Seidou sur la tentative de Coup d'Etat\"},{\"@type\":\"BreadcrumbList\",\"@id\":\"https:\\\/\\\/www.latribunedufaso.net\\\/?p=25482#breadcrumb\",\"itemListElement\":[{\"@type\":\"ListItem\",\"position\":1,\"name\":\"Accueil\",\"item\":\"https:\\\/\\\/www.latribunedufaso.net\\\/\"},{\"@type\":\"ListItem\",\"position\":2,\"name\":\"Benin : Tentative de coup d&rsquo;Etat d\u00e9jou\u00e9 (gouvernement)\"}]},{\"@type\":\"WebSite\",\"@id\":\"https:\\\/\\\/www.latribunedufaso.net\\\/#website\",\"url\":\"https:\\\/\\\/www.latribunedufaso.net\\\/\",\"name\":\"La Tribune du Faso\",\"description\":\"L&#039;information du monde rural en un clic\",\"publisher\":{\"@id\":\"https:\\\/\\\/www.latribunedufaso.net\\\/#organization\"},\"potentialAction\":[{\"@type\":\"SearchAction\",\"target\":{\"@type\":\"EntryPoint\",\"urlTemplate\":\"https:\\\/\\\/www.latribunedufaso.net\\\/?s={search_term_string}\"},\"query-input\":{\"@type\":\"PropertyValueSpecification\",\"valueRequired\":true,\"valueName\":\"search_term_string\"}}],\"inLanguage\":\"fr-FR\"},{\"@type\":\"Organization\",\"@id\":\"https:\\\/\\\/www.latribunedufaso.net\\\/#organization\",\"name\":\"La Tribune du Faso\",\"url\":\"https:\\\/\\\/www.latribunedufaso.net\\\/\",\"logo\":{\"@type\":\"ImageObject\",\"inLanguage\":\"fr-FR\",\"@id\":\"https:\\\/\\\/www.latribunedufaso.net\\\/#\\\/schema\\\/logo\\\/image\\\/\",\"url\":\"https:\\\/\\\/www.latribunedufaso.net\\\/wp-content\\\/uploads\\\/2020\\\/08\\\/Logo-Tribune-du-Faso-final-scaled.jpg\",\"contentUrl\":\"https:\\\/\\\/www.latribunedufaso.net\\\/wp-content\\\/uploads\\\/2020\\\/08\\\/Logo-Tribune-du-Faso-final-scaled.jpg\",\"width\":2560,\"height\":1856,\"caption\":\"La Tribune du Faso\"},\"image\":{\"@id\":\"https:\\\/\\\/www.latribunedufaso.net\\\/#\\\/schema\\\/logo\\\/image\\\/\"},\"sameAs\":[\"https:\\\/\\\/www.facebook.com\\\/LatribuneduFaso\\\/\"]},{\"@type\":\"Person\",\"@id\":\"https:\\\/\\\/www.latribunedufaso.net\\\/#\\\/schema\\\/person\\\/e54e64c5778a7e72cf80a318b7a622b0\",\"name\":\"Issouf Tapsoba\",\"image\":{\"@type\":\"ImageObject\",\"inLanguage\":\"fr-FR\",\"@id\":\"https:\\\/\\\/secure.gravatar.com\\\/avatar\\\/5e6c05150ce3230247d167f5b94d678eb05936197436d69b7921e3a95c9107ac?s=96&d=mm&r=g\",\"url\":\"https:\\\/\\\/secure.gravatar.com\\\/avatar\\\/5e6c05150ce3230247d167f5b94d678eb05936197436d69b7921e3a95c9107ac?s=96&d=mm&r=g\",\"contentUrl\":\"https:\\\/\\\/secure.gravatar.com\\\/avatar\\\/5e6c05150ce3230247d167f5b94d678eb05936197436d69b7921e3a95c9107ac?s=96&d=mm&r=g\",\"caption\":\"Issouf Tapsoba\"},\"url\":\"https:\\\/\\\/www.latribunedufaso.net\\\/?author=5\"}]}<\/script>\n<!-- \/ Yoast SEO plugin. -->","yoast_head_json":{"title":"Benin : Tentative de coup d'Etat d\u00e9jou\u00e9 (gouvernement) - La Tribune du Faso","robots":{"index":"index","follow":"follow","max-snippet":"max-snippet:-1","max-image-preview":"max-image-preview:large","max-video-preview":"max-video-preview:-1"},"canonical":"https:\/\/www.latribunedufaso.net\/?p=25482","og_locale":"fr_FR","og_type":"article","og_title":"Benin : Tentative de coup d'Etat d\u00e9jou\u00e9 (gouvernement) - La Tribune du Faso","og_description":"\u200eSituation confuse au B\u00e9nin. Alors qu&rsquo;un groupe de militaires s&rsquo;identifiant comme le Comit\u00e9 militaire de la refondation (CMR) a annonc\u00e9 ce 7 d\u00e9cembre 2025 la prise du pouvoir, le ministre de l&rsquo;Int\u00e9rieur et de la S\u00e9curit\u00e9 publique du B\u00e9nin, Alassane Seidou d\u00e9clare sur B\u00e9nin TV que \u00ab la situation est\u00a0 sous contr\u00f4le \u00bb. Voici l&rsquo;int\u00e9gralit\u00e9 de sa d\u00e9claration.","og_url":"https:\/\/www.latribunedufaso.net\/?p=25482","og_site_name":"La Tribune du Faso","article_publisher":"https:\/\/www.facebook.com\/LatribuneduFaso\/","article_published_time":"2025-12-07T12:24:49+00:00","og_image":[{"width":2048,"height":1089,"url":"https:\/\/www.latribunedufaso.net\/wp-content\/uploads\/2025\/12\/FB_IMG_1765108919804.jpg","type":"image\/jpeg"}],"author":"Issouf Tapsoba","twitter_misc":{"\u00c9crit par":"Issouf Tapsoba","Dur\u00e9e de lecture estim\u00e9e":"1 minute"},"schema":{"@context":"https:\/\/schema.org","@graph":[{"@type":"Article","@id":"https:\/\/www.latribunedufaso.net\/?p=25482#article","isPartOf":{"@id":"https:\/\/www.latribunedufaso.net\/?p=25482"},"author":{"name":"Issouf Tapsoba","@id":"https:\/\/www.latribunedufaso.net\/#\/schema\/person\/e54e64c5778a7e72cf80a318b7a622b0"},"headline":"Benin : Tentative de coup d&rsquo;Etat d\u00e9jou\u00e9 (gouvernement)","datePublished":"2025-12-07T12:24:49+00:00","mainEntityOfPage":{"@id":"https:\/\/www.latribunedufaso.net\/?p=25482"},"wordCount":182,"commentCount":0,"publisher":{"@id":"https:\/\/www.latribunedufaso.net\/#organization"},"image":{"@id":"https:\/\/www.latribunedufaso.net\/?p=25482#primaryimage"},"thumbnailUrl":"https:\/\/www.latribunedufaso.net\/wp-content\/uploads\/2025\/12\/FB_IMG_1765108919804.jpg","keywords":["latribunedufaso.net","Tentative de Coup d'Etat au B\u00e9nin"],"articleSection":["A la une","Actualit\u00e9","International"],"inLanguage":"fr-FR","potentialAction":[{"@type":"CommentAction","name":"Comment","target":["https:\/\/www.latribunedufaso.net\/?p=25482#respond"]}]},{"@type":"WebPage","@id":"https:\/\/www.latribunedufaso.net\/?p=25482","url":"https:\/\/www.latribunedufaso.net\/?p=25482","name":"Benin : Tentative de coup d'Etat d\u00e9jou\u00e9 (gouvernement) - La Tribune du Faso","isPartOf":{"@id":"https:\/\/www.latribunedufaso.net\/#website"},"primaryImageOfPage":{"@id":"https:\/\/www.latribunedufaso.net\/?p=25482#primaryimage"},"image":{"@id":"https:\/\/www.latribunedufaso.net\/?p=25482#primaryimage"},"thumbnailUrl":"https:\/\/www.latribunedufaso.net\/wp-content\/uploads\/2025\/12\/FB_IMG_1765108919804.jpg","datePublished":"2025-12-07T12:24:49+00:00","breadcrumb":{"@id":"https:\/\/www.latribunedufaso.net\/?p=25482#breadcrumb"},"inLanguage":"fr-FR","potentialAction":[{"@type":"ReadAction","target":["https:\/\/www.latribunedufaso.net\/?p=25482"]}]},{"@type":"ImageObject","inLanguage":"fr-FR","@id":"https:\/\/www.latribunedufaso.net\/?p=25482#primaryimage","url":"https:\/\/www.latribunedufaso.net\/wp-content\/uploads\/2025\/12\/FB_IMG_1765108919804.jpg","contentUrl":"https:\/\/www.latribunedufaso.net\/wp-content\/uploads\/2025\/12\/FB_IMG_1765108919804.jpg","width":2048,"height":1089,"caption":"D\u00e9claration du ministre de l'int\u00e9rieur du Benin Alassane Seidou sur la tentative de Coup d'Etat"},{"@type":"BreadcrumbList","@id":"https:\/\/www.latribunedufaso.net\/?p=25482#breadcrumb","itemListElement":[{"@type":"ListItem","position":1,"name":"Accueil","item":"https:\/\/www.latribunedufaso.net\/"},{"@type":"ListItem","position":2,"name":"Benin : Tentative de coup d&rsquo;Etat d\u00e9jou\u00e9 (gouvernement)"}]},{"@type":"WebSite","@id":"https:\/\/www.latribunedufaso.net\/#website","url":"https:\/\/www.latribunedufaso.net\/","name":"La Tribune du Faso","description":"L&#039;information du monde rural en un clic","publisher":{"@id":"https:\/\/www.latribunedufaso.net\/#organization"},"potentialAction":[{"@type":"SearchAction","target":{"@type":"EntryPoint","urlTemplate":"https:\/\/www.latribunedufaso.net\/?s={search_term_string}"},"query-input":{"@type":"PropertyValueSpecification","valueRequired":true,"valueName":"search_term_string"}}],"inLanguage":"fr-FR"},{"@type":"Organization","@id":"https:\/\/www.latribunedufaso.net\/#organization","name":"La Tribune du Faso","url":"https:\/\/www.latribunedufaso.net\/","logo":{"@type":"ImageObject","inLanguage":"fr-FR","@id":"https:\/\/www.latribunedufaso.net\/#\/schema\/logo\/image\/","url":"https:\/\/www.latribunedufaso.net\/wp-content\/uploads\/2020\/08\/Logo-Tribune-du-Faso-final-scaled.jpg","contentUrl":"https:\/\/www.latribunedufaso.net\/wp-content\/uploads\/2020\/08\/Logo-Tribune-du-Faso-final-scaled.jpg","width":2560,"height":1856,"caption":"La Tribune du Faso"},"image":{"@id":"https:\/\/www.latribunedufaso.net\/#\/schema\/logo\/image\/"},"sameAs":["https:\/\/www.facebook.com\/LatribuneduFaso\/"]},{"@type":"Person","@id":"https:\/\/www.latribunedufaso.net\/#\/schema\/person\/e54e64c5778a7e72cf80a318b7a622b0","name":"Issouf Tapsoba","image":{"@type":"ImageObject","inLanguage":"fr-FR","@id":"https:\/\/secure.gravatar.com\/avatar\/5e6c05150ce3230247d167f5b94d678eb05936197436d69b7921e3a95c9107ac?s=96&d=mm&r=g","url":"https:\/\/secure.gravatar.com\/avatar\/5e6c05150ce3230247d167f5b94d678eb05936197436d69b7921e3a95c9107ac?s=96&d=mm&r=g","contentUrl":"https:\/\/secure.gravatar.com\/avatar\/5e6c05150ce3230247d167f5b94d678eb05936197436d69b7921e3a95c9107ac?s=96&d=mm&r=g","caption":"Issouf Tapsoba"},"url":"https:\/\/www.latribunedufaso.net\/?author=5"}]}},"_links":{"self":[{"href":"https:\/\/www.latribunedufaso.net\/index.php?rest_route=\/wp\/v2\/posts\/25482","targetHints":{"allow":["GET"]}}],"collection":[{"href":"https:\/\/www.latribunedufaso.net\/index.php?rest_route=\/wp\/v2\/posts"}],"about":[{"href":"https:\/\/www.latribunedufaso.net\/index.php?rest_route=\/wp\/v2\/types\/post"}],"author":[{"embeddable":true,"href":"https:\/\/www.latribunedufaso.net\/index.php?rest_route=\/wp\/v2\/users\/5"}],"replies":[{"embeddable":true,"href":"https:\/\/www.latribunedufaso.net\/index.php?rest_route=%2Fwp%2Fv2%2Fcomments&post=25482"}],"version-history":[{"count":1,"href":"https:\/\/www.latribunedufaso.net\/index.php?rest_route=\/wp\/v2\/posts\/25482\/revisions"}],"predecessor-version":[{"id":25484,"href":"https:\/\/www.latribunedufaso.net\/index.php?rest_route=\/wp\/v2\/posts\/25482\/revisions\/25484"}],"wp:featuredmedia":[{"embeddable":true,"href":"https:\/\/www.latribunedufaso.net\/index.php?rest_route=\/wp\/v2\/media\/25483"}],"wp:attachment":[{"href":"https:\/\/www.latribunedufaso.net\/index.php?rest_route=%2Fwp%2Fv2%2Fmedia&parent=25482"}],"wp:term":[{"taxonomy":"category","embeddable":true,"href":"https:\/\/www.latribunedufaso.net\/index.php?rest_route=%2Fwp%2Fv2%2Fcategories&post=25482"},{"taxonomy":"post_tag","embeddable":true,"href":"https:\/\/www.latribunedufaso.net\/index.php?rest_route=%2Fwp%2Fv2%2Ftags&post=25482"}],"curies":[{"name":"wp","href":"https:\/\/api.w.org\/{rel}","templated":true}]}}