{"id":25474,"date":"2025-12-06T15:13:41","date_gmt":"2025-12-06T15:13:41","guid":{"rendered":"https:\/\/www.latribunedufaso.net\/?p=25474"},"modified":"2025-12-06T15:14:06","modified_gmt":"2025-12-06T15:14:06","slug":"rechauffement-de-laxe-abidjan-ouagadougou-le-ministre-ivoirien-charge-de-lintegration-africaine-recu-par-le-chef-de-la-diplomatie-burkinabe","status":"publish","type":"post","link":"https:\/\/www.latribunedufaso.net\/?p=25474","title":{"rendered":"R\u00e9chauffement de l&rsquo;axe Abidjan-Ouagadougou : le Ministre ivoirien charg\u00e9 de l\u2019Int\u00e9gration africaine re\u00e7u par le Chef de la diplomatie burkinab\u00e8"},"content":{"rendered":"<p><strong>\u00c0 la demande des autorit\u00e9s ivoiriennes, Karamoko Jean Marie Traor\u00e9, ministre des Affaires \u00e9trang\u00e8res, de la Coop\u00e9ration r\u00e9gionale et des Burkinab\u00e8 de l&rsquo;Ext\u00e9rieur, a re\u00e7u en audience, ce samedi 6 d\u00e9cembre 2025 \u00e0 Ouagadougou, Adama Dosso, ministre D\u00e9l\u00e9gu\u00e9 charg\u00e9 de l\u2019Int\u00e9gration africaine et des Ivoiriens de l&rsquo;Ext\u00e9rieur.<\/strong><!--more--><\/p>\n<p>Cette audience traduit la disponibilit\u00e9 du Burkina Faso \u00e0 favoriser un dialogue franc, serein et constructif avec la R\u00e9publique de C\u00f4te dIvoire, dans un esprit de fraternit\u00e9 et de respect mutuel.\u00a0<\/p>\n<p>Elle illustre l&rsquo;engagement constant du Pays des Hommes int\u00e8gres \u00e0 promouvoir une coop\u00e9ration r\u00e9gionale apais\u00e9e, fid\u00e8le aux relations historiques et humaines profondes unissant les deux peuples.<\/p>\n<p>Dans un climat empreint de v\u00e9rit\u00e9, d&rsquo;ouverture et de sinc\u00e9rit\u00e9, les deux personnalit\u00e9s ont discut\u00e9, en toute franchise et sans langue de bois, de l&rsquo;\u00e9tat actuel des relations bilat\u00e9rales.\u00a0<\/p>\n<figure id=\"attachment_25479\" aria-describedby=\"caption-attachment-25479\" style=\"width: 1852px\" class=\"wp-caption aligncenter\"><a href=\"https:\/\/www.latribunedufaso.net\/wp-content\/uploads\/2025\/12\/FB_IMG_1765032390129.jpg\"><img loading=\"lazy\" decoding=\"async\" class=\"size-full wp-image-25479\" src=\"https:\/\/www.latribunedufaso.net\/wp-content\/uploads\/2025\/12\/FB_IMG_1765032390129.jpg\" alt=\"T\u00eate \u00e0 t\u00eate entre les ministres des Affaires \u00e9trang\u00e8res de la C\u00f4te d'Ivoire et du Burkina Faso, 6 d\u00e9cembre 2025\" width=\"1852\" height=\"2048\" srcset=\"https:\/\/www.latribunedufaso.net\/wp-content\/uploads\/2025\/12\/FB_IMG_1765032390129.jpg 1852w, https:\/\/www.latribunedufaso.net\/wp-content\/uploads\/2025\/12\/FB_IMG_1765032390129-271x300.jpg 271w, https:\/\/www.latribunedufaso.net\/wp-content\/uploads\/2025\/12\/FB_IMG_1765032390129-926x1024.jpg 926w, https:\/\/www.latribunedufaso.net\/wp-content\/uploads\/2025\/12\/FB_IMG_1765032390129-768x849.jpg 768w, https:\/\/www.latribunedufaso.net\/wp-content\/uploads\/2025\/12\/FB_IMG_1765032390129-1389x1536.jpg 1389w\" sizes=\"auto, (max-width: 1852px) 100vw, 1852px\" \/><\/a><figcaption id=\"caption-attachment-25479\" class=\"wp-caption-text\">Le ministre D\u00e9l\u00e9gu\u00e9 charg\u00e9 de l\u2019Int\u00e9gration africaine et des Ivoiriens de l&rsquo;Ext\u00e9rieur, Adama Dosso &#8211; Ph. DR<\/figcaption><\/figure>\n<p>L&rsquo;objectif partag\u00e9 a \u00e9t\u00e9 de travailler \u00e0 renforcer la confiance, dans l&rsquo;int\u00e9r\u00eat sup\u00e9rieur des populations des deux pays.<\/p>\n<p>Pour le ministre ivoirien, Adama Dosso <em><strong>\u00ab la C\u00f4te dIvoire et le Burkina Faso sont comme deux poumons d&rsquo;un m\u00eame corps \u00e9conomique et social, li\u00e9s par l&rsquo;histoire et la g\u00e9ographie. \u00bb\u00a0<\/strong><\/em><\/p>\n<p>Il a ajout\u00e9 : <em><strong>\u00ab Les relations entre nos deux pays sont historiques, avec des populations entrem\u00eal\u00e9es vivant de part et d&rsquo;autre. Ce socle sociologique ne peut pas \u00eatre alt\u00e9r\u00e9 ou d\u00e9natur\u00e9 par les rapports. \u00bb<\/strong><\/em> Et de conclure : <em><strong>\u00ab Nous sommes ici pour que les incompr\u00e9hensions appartiennent d\u00e9finitivement au pass\u00e9 et que nos relations, jadis un mod\u00e8le de coop\u00e9ration en Afrique de l&rsquo;Ouest, redeviennent ce quelles ont \u00e9t\u00e9. \u00bb<\/strong><\/em><\/p>\n<figure id=\"attachment_25478\" aria-describedby=\"caption-attachment-25478\" style=\"width: 1329px\" class=\"wp-caption aligncenter\"><a href=\"https:\/\/www.latribunedufaso.net\/wp-content\/uploads\/2025\/12\/FB_IMG_1765032382590.jpg\"><img loading=\"lazy\" decoding=\"async\" class=\"size-full wp-image-25478\" src=\"https:\/\/www.latribunedufaso.net\/wp-content\/uploads\/2025\/12\/FB_IMG_1765032382590.jpg\" alt=\"T\u00eate \u00e0 t\u00eate entre les ministres des Affaires \u00e9trang\u00e8res de la C\u00f4te d'Ivoire et du Burkina Faso, 6 d\u00e9cembre 2025\" width=\"1329\" height=\"946\" srcset=\"https:\/\/www.latribunedufaso.net\/wp-content\/uploads\/2025\/12\/FB_IMG_1765032382590.jpg 1329w, https:\/\/www.latribunedufaso.net\/wp-content\/uploads\/2025\/12\/FB_IMG_1765032382590-300x214.jpg 300w, https:\/\/www.latribunedufaso.net\/wp-content\/uploads\/2025\/12\/FB_IMG_1765032382590-1024x729.jpg 1024w, https:\/\/www.latribunedufaso.net\/wp-content\/uploads\/2025\/12\/FB_IMG_1765032382590-768x547.jpg 768w, https:\/\/www.latribunedufaso.net\/wp-content\/uploads\/2025\/12\/FB_IMG_1765032382590-90x65.jpg 90w\" sizes=\"auto, (max-width: 1329px) 100vw, 1329px\" \/><\/a><figcaption id=\"caption-attachment-25478\" class=\"wp-caption-text\">Le ministre des Affaires \u00e9trang\u00e8res, de la Coop\u00e9ration r\u00e9gionale et des Burkinab\u00e8 de l&rsquo;Ext\u00e9rieur, Karamako Jean Marie Traor\u00e9 &#8211; Ph. DR<\/figcaption><\/figure>\n<p>De son c\u00f4t\u00e9, le Chef de la diplomatie burkinab\u00e8, Karamoko Jean Marie Traor\u00e9, a affirm\u00e9 que les \u00e9changes se sont d\u00e9roul\u00e9s dans un esprit fraternel, guid\u00e9 par l&rsquo;int\u00e9r\u00eat des populations et en conformit\u00e9 avec la vision du Chef de l&rsquo;\u00c9tat, le Capitaine Ibrahim Traor\u00e9.<\/p>\n<p><em><strong>\u00ab Nous nous sommes parl\u00e9 en fr\u00e8res, avec ouverture et sinc\u00e9rit\u00e9. Je pense que nous avons pos\u00e9 un pas important, qui doit \u00eatre approfondi. Il y a un travail de consolidation de la confiance \u00e0 mener ; nous avons convenu que nos instances diplomatiques travailleront sur ces questions afin que nos deux pays puissent avancer ensemble. \u00bb<\/strong><\/em><\/p>\n<figure id=\"attachment_25480\" aria-describedby=\"caption-attachment-25480\" style=\"width: 2048px\" class=\"wp-caption aligncenter\"><a href=\"https:\/\/www.latribunedufaso.net\/wp-content\/uploads\/2025\/12\/FB_IMG_1765032417965.jpg\"><img loading=\"lazy\" decoding=\"async\" class=\"size-full wp-image-25480\" src=\"https:\/\/www.latribunedufaso.net\/wp-content\/uploads\/2025\/12\/FB_IMG_1765032417965.jpg\" alt=\"T\u00eate \u00e0 t\u00eate entre les ministres des Affaires \u00e9trang\u00e8res de la C\u00f4te d'Ivoire et du Burkina Faso, 6 d\u00e9cembre 2025\" width=\"2048\" height=\"1322\" srcset=\"https:\/\/www.latribunedufaso.net\/wp-content\/uploads\/2025\/12\/FB_IMG_1765032417965.jpg 2048w, https:\/\/www.latribunedufaso.net\/wp-content\/uploads\/2025\/12\/FB_IMG_1765032417965-300x194.jpg 300w, https:\/\/www.latribunedufaso.net\/wp-content\/uploads\/2025\/12\/FB_IMG_1765032417965-1024x661.jpg 1024w, https:\/\/www.latribunedufaso.net\/wp-content\/uploads\/2025\/12\/FB_IMG_1765032417965-768x496.jpg 768w, https:\/\/www.latribunedufaso.net\/wp-content\/uploads\/2025\/12\/FB_IMG_1765032417965-1536x992.jpg 1536w\" sizes=\"auto, (max-width: 2048px) 100vw, 2048px\" \/><\/a><figcaption id=\"caption-attachment-25480\" class=\"wp-caption-text\">Photo de famille des ministres avec leur \u00e9quipe &#8211; Ph. DR<\/figcaption><\/figure>\n<p>Le Gouvernement burkinab\u00e8 a r\u00e9it\u00e9r\u00e9 sa d\u00e9termination \u00e0 pr\u00e9server la paix et \u00e0 agir avec fermet\u00e9 lorsque cela est n\u00e9cessaire, tout en maintenant un esprit de fraternit\u00e9 et de dialogue envers le peuple ivoirien.\u00a0<\/p>\n<blockquote>\n<p>Lire aussi &gt;&gt; <a href=\"https:\/\/www.latribunedufaso.net\/?p=25444\">Coupes des Ambassades 2025 : La C\u00f4te d\u2019Ivoire remporte la 5\u1d49 \u00e9dition\u00a0<\/a><\/p>\n<\/blockquote>\n<p>Cette d\u00e9marche s&rsquo;inscrit pleinement dans la vision strat\u00e9gique du Chef de l&rsquo;\u00c9tat, le Capitaine Ibrahim Traor\u00e9, ax\u00e9e sur la responsabilit\u00e9, la v\u00e9rit\u00e9 et la souverainet\u00e9 constructive.<\/p>\n<p><strong>Latribunedufaso.net<\/strong><\/p>\n<p><strong>Source : DCRP \/ MAECRBE<\/strong><\/p>\n","protected":false},"excerpt":{"rendered":"<p>\u00c0 la demande des autorit\u00e9s ivoiriennes, Karamoko Jean Marie Traor\u00e9, ministre des Affaires \u00e9trang\u00e8res, de la Coop\u00e9ration r\u00e9gionale et des Burkinab\u00e8 de l&rsquo;Ext\u00e9rieur, a re\u00e7u en audience, ce samedi 6 d\u00e9cembre 2025 \u00e0 Ouagadougou, Adama Dosso, ministre D\u00e9l\u00e9gu\u00e9 charg\u00e9 de l\u2019Int\u00e9gration africaine et des Ivoiriens de l&rsquo;Ext\u00e9rieur.<\/p>\n","protected":false},"author":5,"featured_media":25477,"comment_status":"open","ping_status":"open","sticky":false,"template":"","format":"standard","meta":{"footnotes":""},"categories":[13,1,8],"tags":[1390,39],"class_list":["post-25474","post","type-post","status-publish","format-standard","has-post-thumbnail","hentry","category-une","category-actu","category-societe","tag-cooperation-burkina-cote-divoire","tag-latribunedufaso-net"],"yoast_head":"<!-- This site is optimized with the Yoast SEO plugin v27.5 - https:\/\/yoast.com\/product\/yoast-seo-wordpress\/ -->\n<title>R\u00e9chauffement de l&#039;axe Abidjan-Ouagadougou : le Ministre ivoirien charg\u00e9 de l\u2019Int\u00e9gration africaine re\u00e7u par le Chef de la diplomatie burkinab\u00e8 - La Tribune du Faso<\/title>\n<meta name=\"robots\" content=\"index, follow, max-snippet:-1, max-image-preview:large, max-video-preview:-1\" \/>\n<link rel=\"canonical\" href=\"https:\/\/www.latribunedufaso.net\/?p=25474\" \/>\n<meta property=\"og:locale\" content=\"fr_FR\" \/>\n<meta property=\"og:type\" content=\"article\" \/>\n<meta property=\"og:title\" content=\"R\u00e9chauffement de l&#039;axe Abidjan-Ouagadougou : le Ministre ivoirien charg\u00e9 de l\u2019Int\u00e9gration africaine re\u00e7u par le Chef de la diplomatie burkinab\u00e8 - La Tribune du Faso\" \/>\n<meta property=\"og:description\" content=\"\u00c0 la demande des autorit\u00e9s ivoiriennes, Karamoko Jean Marie Traor\u00e9, ministre des Affaires \u00e9trang\u00e8res, de la Coop\u00e9ration r\u00e9gionale et des Burkinab\u00e8 de l&rsquo;Ext\u00e9rieur, a re\u00e7u en audience, ce samedi 6 d\u00e9cembre 2025 \u00e0 Ouagadougou, Adama Dosso, ministre D\u00e9l\u00e9gu\u00e9 charg\u00e9 de l\u2019Int\u00e9gration africaine et des Ivoiriens de l&rsquo;Ext\u00e9rieur.\" \/>\n<meta property=\"og:url\" content=\"https:\/\/www.latribunedufaso.net\/?p=25474\" \/>\n<meta property=\"og:site_name\" content=\"La Tribune du Faso\" \/>\n<meta property=\"article:publisher\" content=\"https:\/\/www.facebook.com\/LatribuneduFaso\/\" \/>\n<meta property=\"article:published_time\" content=\"2025-12-06T15:13:41+00:00\" \/>\n<meta property=\"article:modified_time\" content=\"2025-12-06T15:14:06+00:00\" \/>\n<meta property=\"og:image\" content=\"https:\/\/www.latribunedufaso.net\/wp-content\/uploads\/2025\/12\/FB_IMG_1765032372720.jpg\" \/>\n\t<meta property=\"og:image:width\" content=\"2048\" \/>\n\t<meta property=\"og:image:height\" content=\"1415\" \/>\n\t<meta property=\"og:image:type\" content=\"image\/jpeg\" \/>\n<meta name=\"author\" content=\"Issouf Tapsoba\" \/>\n<meta name=\"twitter:label1\" content=\"\u00c9crit par\" \/>\n\t<meta name=\"twitter:data1\" content=\"Issouf Tapsoba\" \/>\n\t<meta name=\"twitter:label2\" content=\"Dur\u00e9e de lecture estim\u00e9e\" \/>\n\t<meta name=\"twitter:data2\" content=\"4 minutes\" \/>\n<script type=\"application\/ld+json\" class=\"yoast-schema-graph\">{\"@context\":\"https:\\\/\\\/schema.org\",\"@graph\":[{\"@type\":\"Article\",\"@id\":\"https:\\\/\\\/www.latribunedufaso.net\\\/?p=25474#article\",\"isPartOf\":{\"@id\":\"https:\\\/\\\/www.latribunedufaso.net\\\/?p=25474\"},\"author\":{\"name\":\"Issouf Tapsoba\",\"@id\":\"https:\\\/\\\/www.latribunedufaso.net\\\/#\\\/schema\\\/person\\\/e54e64c5778a7e72cf80a318b7a622b0\"},\"headline\":\"R\u00e9chauffement de l&rsquo;axe Abidjan-Ouagadougou : le Ministre ivoirien charg\u00e9 de l\u2019Int\u00e9gration africaine re\u00e7u par le Chef de la diplomatie burkinab\u00e8\",\"datePublished\":\"2025-12-06T15:13:41+00:00\",\"dateModified\":\"2025-12-06T15:14:06+00:00\",\"mainEntityOfPage\":{\"@id\":\"https:\\\/\\\/www.latribunedufaso.net\\\/?p=25474\"},\"wordCount\":587,\"commentCount\":0,\"publisher\":{\"@id\":\"https:\\\/\\\/www.latribunedufaso.net\\\/#organization\"},\"image\":{\"@id\":\"https:\\\/\\\/www.latribunedufaso.net\\\/?p=25474#primaryimage\"},\"thumbnailUrl\":\"https:\\\/\\\/www.latribunedufaso.net\\\/wp-content\\\/uploads\\\/2025\\\/12\\\/FB_IMG_1765032372720.jpg\",\"keywords\":[\"Coop\u00e9ration Burkina-C\u00f4te d'Ivoire\",\"latribunedufaso.net\"],\"articleSection\":[\"A la une\",\"Actualit\u00e9\",\"Soci\u00e9t\u00e9\"],\"inLanguage\":\"fr-FR\",\"potentialAction\":[{\"@type\":\"CommentAction\",\"name\":\"Comment\",\"target\":[\"https:\\\/\\\/www.latribunedufaso.net\\\/?p=25474#respond\"]}]},{\"@type\":\"WebPage\",\"@id\":\"https:\\\/\\\/www.latribunedufaso.net\\\/?p=25474\",\"url\":\"https:\\\/\\\/www.latribunedufaso.net\\\/?p=25474\",\"name\":\"R\u00e9chauffement de l'axe Abidjan-Ouagadougou : le Ministre ivoirien charg\u00e9 de l\u2019Int\u00e9gration africaine re\u00e7u par le Chef de la diplomatie burkinab\u00e8 - La Tribune du Faso\",\"isPartOf\":{\"@id\":\"https:\\\/\\\/www.latribunedufaso.net\\\/#website\"},\"primaryImageOfPage\":{\"@id\":\"https:\\\/\\\/www.latribunedufaso.net\\\/?p=25474#primaryimage\"},\"image\":{\"@id\":\"https:\\\/\\\/www.latribunedufaso.net\\\/?p=25474#primaryimage\"},\"thumbnailUrl\":\"https:\\\/\\\/www.latribunedufaso.net\\\/wp-content\\\/uploads\\\/2025\\\/12\\\/FB_IMG_1765032372720.jpg\",\"datePublished\":\"2025-12-06T15:13:41+00:00\",\"dateModified\":\"2025-12-06T15:14:06+00:00\",\"breadcrumb\":{\"@id\":\"https:\\\/\\\/www.latribunedufaso.net\\\/?p=25474#breadcrumb\"},\"inLanguage\":\"fr-FR\",\"potentialAction\":[{\"@type\":\"ReadAction\",\"target\":[\"https:\\\/\\\/www.latribunedufaso.net\\\/?p=25474\"]}]},{\"@type\":\"ImageObject\",\"inLanguage\":\"fr-FR\",\"@id\":\"https:\\\/\\\/www.latribunedufaso.net\\\/?p=25474#primaryimage\",\"url\":\"https:\\\/\\\/www.latribunedufaso.net\\\/wp-content\\\/uploads\\\/2025\\\/12\\\/FB_IMG_1765032372720.jpg\",\"contentUrl\":\"https:\\\/\\\/www.latribunedufaso.net\\\/wp-content\\\/uploads\\\/2025\\\/12\\\/FB_IMG_1765032372720.jpg\",\"width\":2048,\"height\":1415,\"caption\":\"T\u00eate \u00e0 t\u00eate entre les ministres des Affaires \u00e9trang\u00e8res de la C\u00f4te d'Ivoire et du Burkina Faso, 6 d\u00e9cembre 2025\"},{\"@type\":\"BreadcrumbList\",\"@id\":\"https:\\\/\\\/www.latribunedufaso.net\\\/?p=25474#breadcrumb\",\"itemListElement\":[{\"@type\":\"ListItem\",\"position\":1,\"name\":\"Accueil\",\"item\":\"https:\\\/\\\/www.latribunedufaso.net\\\/\"},{\"@type\":\"ListItem\",\"position\":2,\"name\":\"R\u00e9chauffement de l&rsquo;axe Abidjan-Ouagadougou : le Ministre ivoirien charg\u00e9 de l\u2019Int\u00e9gration africaine re\u00e7u par le Chef de la diplomatie burkinab\u00e8\"}]},{\"@type\":\"WebSite\",\"@id\":\"https:\\\/\\\/www.latribunedufaso.net\\\/#website\",\"url\":\"https:\\\/\\\/www.latribunedufaso.net\\\/\",\"name\":\"La Tribune du Faso\",\"description\":\"L&#039;information du monde rural en un clic\",\"publisher\":{\"@id\":\"https:\\\/\\\/www.latribunedufaso.net\\\/#organization\"},\"potentialAction\":[{\"@type\":\"SearchAction\",\"target\":{\"@type\":\"EntryPoint\",\"urlTemplate\":\"https:\\\/\\\/www.latribunedufaso.net\\\/?s={search_term_string}\"},\"query-input\":{\"@type\":\"PropertyValueSpecification\",\"valueRequired\":true,\"valueName\":\"search_term_string\"}}],\"inLanguage\":\"fr-FR\"},{\"@type\":\"Organization\",\"@id\":\"https:\\\/\\\/www.latribunedufaso.net\\\/#organization\",\"name\":\"La Tribune du Faso\",\"url\":\"https:\\\/\\\/www.latribunedufaso.net\\\/\",\"logo\":{\"@type\":\"ImageObject\",\"inLanguage\":\"fr-FR\",\"@id\":\"https:\\\/\\\/www.latribunedufaso.net\\\/#\\\/schema\\\/logo\\\/image\\\/\",\"url\":\"https:\\\/\\\/www.latribunedufaso.net\\\/wp-content\\\/uploads\\\/2020\\\/08\\\/Logo-Tribune-du-Faso-final-scaled.jpg\",\"contentUrl\":\"https:\\\/\\\/www.latribunedufaso.net\\\/wp-content\\\/uploads\\\/2020\\\/08\\\/Logo-Tribune-du-Faso-final-scaled.jpg\",\"width\":2560,\"height\":1856,\"caption\":\"La Tribune du Faso\"},\"image\":{\"@id\":\"https:\\\/\\\/www.latribunedufaso.net\\\/#\\\/schema\\\/logo\\\/image\\\/\"},\"sameAs\":[\"https:\\\/\\\/www.facebook.com\\\/LatribuneduFaso\\\/\"]},{\"@type\":\"Person\",\"@id\":\"https:\\\/\\\/www.latribunedufaso.net\\\/#\\\/schema\\\/person\\\/e54e64c5778a7e72cf80a318b7a622b0\",\"name\":\"Issouf Tapsoba\",\"image\":{\"@type\":\"ImageObject\",\"inLanguage\":\"fr-FR\",\"@id\":\"https:\\\/\\\/secure.gravatar.com\\\/avatar\\\/5e6c05150ce3230247d167f5b94d678eb05936197436d69b7921e3a95c9107ac?s=96&d=mm&r=g\",\"url\":\"https:\\\/\\\/secure.gravatar.com\\\/avatar\\\/5e6c05150ce3230247d167f5b94d678eb05936197436d69b7921e3a95c9107ac?s=96&d=mm&r=g\",\"contentUrl\":\"https:\\\/\\\/secure.gravatar.com\\\/avatar\\\/5e6c05150ce3230247d167f5b94d678eb05936197436d69b7921e3a95c9107ac?s=96&d=mm&r=g\",\"caption\":\"Issouf Tapsoba\"},\"url\":\"https:\\\/\\\/www.latribunedufaso.net\\\/?author=5\"}]}<\/script>\n<!-- \/ Yoast SEO plugin. -->","yoast_head_json":{"title":"R\u00e9chauffement de l'axe Abidjan-Ouagadougou : le Ministre ivoirien charg\u00e9 de l\u2019Int\u00e9gration africaine re\u00e7u par le Chef de la diplomatie burkinab\u00e8 - La Tribune du Faso","robots":{"index":"index","follow":"follow","max-snippet":"max-snippet:-1","max-image-preview":"max-image-preview:large","max-video-preview":"max-video-preview:-1"},"canonical":"https:\/\/www.latribunedufaso.net\/?p=25474","og_locale":"fr_FR","og_type":"article","og_title":"R\u00e9chauffement de l'axe Abidjan-Ouagadougou : le Ministre ivoirien charg\u00e9 de l\u2019Int\u00e9gration africaine re\u00e7u par le Chef de la diplomatie burkinab\u00e8 - La Tribune du Faso","og_description":"\u00c0 la demande des autorit\u00e9s ivoiriennes, Karamoko Jean Marie Traor\u00e9, ministre des Affaires \u00e9trang\u00e8res, de la Coop\u00e9ration r\u00e9gionale et des Burkinab\u00e8 de l&rsquo;Ext\u00e9rieur, a re\u00e7u en audience, ce samedi 6 d\u00e9cembre 2025 \u00e0 Ouagadougou, Adama Dosso, ministre D\u00e9l\u00e9gu\u00e9 charg\u00e9 de l\u2019Int\u00e9gration africaine et des Ivoiriens de l&rsquo;Ext\u00e9rieur.","og_url":"https:\/\/www.latribunedufaso.net\/?p=25474","og_site_name":"La Tribune du Faso","article_publisher":"https:\/\/www.facebook.com\/LatribuneduFaso\/","article_published_time":"2025-12-06T15:13:41+00:00","article_modified_time":"2025-12-06T15:14:06+00:00","og_image":[{"width":2048,"height":1415,"url":"https:\/\/www.latribunedufaso.net\/wp-content\/uploads\/2025\/12\/FB_IMG_1765032372720.jpg","type":"image\/jpeg"}],"author":"Issouf Tapsoba","twitter_misc":{"\u00c9crit par":"Issouf Tapsoba","Dur\u00e9e de lecture estim\u00e9e":"4 minutes"},"schema":{"@context":"https:\/\/schema.org","@graph":[{"@type":"Article","@id":"https:\/\/www.latribunedufaso.net\/?p=25474#article","isPartOf":{"@id":"https:\/\/www.latribunedufaso.net\/?p=25474"},"author":{"name":"Issouf Tapsoba","@id":"https:\/\/www.latribunedufaso.net\/#\/schema\/person\/e54e64c5778a7e72cf80a318b7a622b0"},"headline":"R\u00e9chauffement de l&rsquo;axe Abidjan-Ouagadougou : le Ministre ivoirien charg\u00e9 de l\u2019Int\u00e9gration africaine re\u00e7u par le Chef de la diplomatie burkinab\u00e8","datePublished":"2025-12-06T15:13:41+00:00","dateModified":"2025-12-06T15:14:06+00:00","mainEntityOfPage":{"@id":"https:\/\/www.latribunedufaso.net\/?p=25474"},"wordCount":587,"commentCount":0,"publisher":{"@id":"https:\/\/www.latribunedufaso.net\/#organization"},"image":{"@id":"https:\/\/www.latribunedufaso.net\/?p=25474#primaryimage"},"thumbnailUrl":"https:\/\/www.latribunedufaso.net\/wp-content\/uploads\/2025\/12\/FB_IMG_1765032372720.jpg","keywords":["Coop\u00e9ration Burkina-C\u00f4te d'Ivoire","latribunedufaso.net"],"articleSection":["A la une","Actualit\u00e9","Soci\u00e9t\u00e9"],"inLanguage":"fr-FR","potentialAction":[{"@type":"CommentAction","name":"Comment","target":["https:\/\/www.latribunedufaso.net\/?p=25474#respond"]}]},{"@type":"WebPage","@id":"https:\/\/www.latribunedufaso.net\/?p=25474","url":"https:\/\/www.latribunedufaso.net\/?p=25474","name":"R\u00e9chauffement de l'axe Abidjan-Ouagadougou : le Ministre ivoirien charg\u00e9 de l\u2019Int\u00e9gration africaine re\u00e7u par le Chef de la diplomatie burkinab\u00e8 - La Tribune du Faso","isPartOf":{"@id":"https:\/\/www.latribunedufaso.net\/#website"},"primaryImageOfPage":{"@id":"https:\/\/www.latribunedufaso.net\/?p=25474#primaryimage"},"image":{"@id":"https:\/\/www.latribunedufaso.net\/?p=25474#primaryimage"},"thumbnailUrl":"https:\/\/www.latribunedufaso.net\/wp-content\/uploads\/2025\/12\/FB_IMG_1765032372720.jpg","datePublished":"2025-12-06T15:13:41+00:00","dateModified":"2025-12-06T15:14:06+00:00","breadcrumb":{"@id":"https:\/\/www.latribunedufaso.net\/?p=25474#breadcrumb"},"inLanguage":"fr-FR","potentialAction":[{"@type":"ReadAction","target":["https:\/\/www.latribunedufaso.net\/?p=25474"]}]},{"@type":"ImageObject","inLanguage":"fr-FR","@id":"https:\/\/www.latribunedufaso.net\/?p=25474#primaryimage","url":"https:\/\/www.latribunedufaso.net\/wp-content\/uploads\/2025\/12\/FB_IMG_1765032372720.jpg","contentUrl":"https:\/\/www.latribunedufaso.net\/wp-content\/uploads\/2025\/12\/FB_IMG_1765032372720.jpg","width":2048,"height":1415,"caption":"T\u00eate \u00e0 t\u00eate entre les ministres des Affaires \u00e9trang\u00e8res de la C\u00f4te d'Ivoire et du Burkina Faso, 6 d\u00e9cembre 2025"},{"@type":"BreadcrumbList","@id":"https:\/\/www.latribunedufaso.net\/?p=25474#breadcrumb","itemListElement":[{"@type":"ListItem","position":1,"name":"Accueil","item":"https:\/\/www.latribunedufaso.net\/"},{"@type":"ListItem","position":2,"name":"R\u00e9chauffement de l&rsquo;axe Abidjan-Ouagadougou : le Ministre ivoirien charg\u00e9 de l\u2019Int\u00e9gration africaine re\u00e7u par le Chef de la diplomatie burkinab\u00e8"}]},{"@type":"WebSite","@id":"https:\/\/www.latribunedufaso.net\/#website","url":"https:\/\/www.latribunedufaso.net\/","name":"La Tribune du Faso","description":"L&#039;information du monde rural en un clic","publisher":{"@id":"https:\/\/www.latribunedufaso.net\/#organization"},"potentialAction":[{"@type":"SearchAction","target":{"@type":"EntryPoint","urlTemplate":"https:\/\/www.latribunedufaso.net\/?s={search_term_string}"},"query-input":{"@type":"PropertyValueSpecification","valueRequired":true,"valueName":"search_term_string"}}],"inLanguage":"fr-FR"},{"@type":"Organization","@id":"https:\/\/www.latribunedufaso.net\/#organization","name":"La Tribune du Faso","url":"https:\/\/www.latribunedufaso.net\/","logo":{"@type":"ImageObject","inLanguage":"fr-FR","@id":"https:\/\/www.latribunedufaso.net\/#\/schema\/logo\/image\/","url":"https:\/\/www.latribunedufaso.net\/wp-content\/uploads\/2020\/08\/Logo-Tribune-du-Faso-final-scaled.jpg","contentUrl":"https:\/\/www.latribunedufaso.net\/wp-content\/uploads\/2020\/08\/Logo-Tribune-du-Faso-final-scaled.jpg","width":2560,"height":1856,"caption":"La Tribune du Faso"},"image":{"@id":"https:\/\/www.latribunedufaso.net\/#\/schema\/logo\/image\/"},"sameAs":["https:\/\/www.facebook.com\/LatribuneduFaso\/"]},{"@type":"Person","@id":"https:\/\/www.latribunedufaso.net\/#\/schema\/person\/e54e64c5778a7e72cf80a318b7a622b0","name":"Issouf Tapsoba","image":{"@type":"ImageObject","inLanguage":"fr-FR","@id":"https:\/\/secure.gravatar.com\/avatar\/5e6c05150ce3230247d167f5b94d678eb05936197436d69b7921e3a95c9107ac?s=96&d=mm&r=g","url":"https:\/\/secure.gravatar.com\/avatar\/5e6c05150ce3230247d167f5b94d678eb05936197436d69b7921e3a95c9107ac?s=96&d=mm&r=g","contentUrl":"https:\/\/secure.gravatar.com\/avatar\/5e6c05150ce3230247d167f5b94d678eb05936197436d69b7921e3a95c9107ac?s=96&d=mm&r=g","caption":"Issouf Tapsoba"},"url":"https:\/\/www.latribunedufaso.net\/?author=5"}]}},"_links":{"self":[{"href":"https:\/\/www.latribunedufaso.net\/index.php?rest_route=\/wp\/v2\/posts\/25474","targetHints":{"allow":["GET"]}}],"collection":[{"href":"https:\/\/www.latribunedufaso.net\/index.php?rest_route=\/wp\/v2\/posts"}],"about":[{"href":"https:\/\/www.latribunedufaso.net\/index.php?rest_route=\/wp\/v2\/types\/post"}],"author":[{"embeddable":true,"href":"https:\/\/www.latribunedufaso.net\/index.php?rest_route=\/wp\/v2\/users\/5"}],"replies":[{"embeddable":true,"href":"https:\/\/www.latribunedufaso.net\/index.php?rest_route=%2Fwp%2Fv2%2Fcomments&post=25474"}],"version-history":[{"count":3,"href":"https:\/\/www.latribunedufaso.net\/index.php?rest_route=\/wp\/v2\/posts\/25474\/revisions"}],"predecessor-version":[{"id":25481,"href":"https:\/\/www.latribunedufaso.net\/index.php?rest_route=\/wp\/v2\/posts\/25474\/revisions\/25481"}],"wp:featuredmedia":[{"embeddable":true,"href":"https:\/\/www.latribunedufaso.net\/index.php?rest_route=\/wp\/v2\/media\/25477"}],"wp:attachment":[{"href":"https:\/\/www.latribunedufaso.net\/index.php?rest_route=%2Fwp%2Fv2%2Fmedia&parent=25474"}],"wp:term":[{"taxonomy":"category","embeddable":true,"href":"https:\/\/www.latribunedufaso.net\/index.php?rest_route=%2Fwp%2Fv2%2Fcategories&post=25474"},{"taxonomy":"post_tag","embeddable":true,"href":"https:\/\/www.latribunedufaso.net\/index.php?rest_route=%2Fwp%2Fv2%2Ftags&post=25474"}],"curies":[{"name":"wp","href":"https:\/\/api.w.org\/{rel}","templated":true}]}}