{"id":25446,"date":"2025-12-05T19:13:55","date_gmt":"2025-12-05T19:13:55","guid":{"rendered":"https:\/\/www.latribunedufaso.net\/?p=25446"},"modified":"2025-12-17T20:41:00","modified_gmt":"2025-12-17T20:41:00","slug":"25446","status":"publish","type":"post","link":"https:\/\/www.latribunedufaso.net\/?p=25446","title":{"rendered":"Journ\u00e9e mondiale de lutte contre le SIDA 2025 : Le Burkina Faso c\u00e9l\u00e8bre ses progr\u00e8s et alerte sur la baisse des financements\u00a0"},"content":{"rendered":"<p><strong>Le Burkina Faso a c\u00e9l\u00e9br\u00e9 la Journ\u00e9e mondiale de lutte contre le Sida (JMS) 2025 sous le th\u00e8me : <em>\u00ab Surmonter les perturbations, transformer la riposte au Sida \u00bb<\/em>. La c\u00e9r\u00e9monie a eu lieu ce 5 d\u00e9cembre 2025 \u00e0 Ouagadougou. Elle \u00e9tait plac\u00e9e sous le tr\u00e8s haut patronage du Pr\u00e9sident du Faso, le Capitaine Ibrahim Traor\u00e9, Pr\u00e9sident du Conseil national de lutte contre le Sida et les IST (CNLS-IST). Il \u00e9tait repr\u00e9sent\u00e9 pas le premier vice pr\u00e9sident, Dr Robert Kargougou, ministre de la Sant\u00e9.\u00a0<\/strong><!--more--><\/p>\n<p>La Journ\u00e9e mondiale de lutte contre le Sida (JMS) est c\u00e9l\u00e9br\u00e9 chaque 1er d\u00e9cembre. Cette ann\u00e9e, elle est c\u00e9l\u00e9br\u00e9e en diff\u00e9r\u00e9 le 5 d\u00e9cembre 2025 au Burkina Faso.<\/p>\n<figure id=\"attachment_25453\" aria-describedby=\"caption-attachment-25453\" style=\"width: 1015px\" class=\"wp-caption aligncenter\"><a href=\"https:\/\/www.latribunedufaso.net\/wp-content\/uploads\/2025\/12\/FB_IMG_1764960852564.jpg\"><img loading=\"lazy\" decoding=\"async\" class=\"size-full wp-image-25453\" src=\"https:\/\/www.latribunedufaso.net\/wp-content\/uploads\/2025\/12\/FB_IMG_1764960852564.jpg\" alt=\"C\u00e9l\u00e9bration de la Journ\u00e9e mondiale de lutte contre le Sida (JMS) 2025, 5 d\u00e9cembre 2025\" width=\"1015\" height=\"720\" srcset=\"https:\/\/www.latribunedufaso.net\/wp-content\/uploads\/2025\/12\/FB_IMG_1764960852564.jpg 1015w, https:\/\/www.latribunedufaso.net\/wp-content\/uploads\/2025\/12\/FB_IMG_1764960852564-300x213.jpg 300w, https:\/\/www.latribunedufaso.net\/wp-content\/uploads\/2025\/12\/FB_IMG_1764960852564-768x545.jpg 768w, https:\/\/www.latribunedufaso.net\/wp-content\/uploads\/2025\/12\/FB_IMG_1764960852564-90x65.jpg 90w\" sizes=\"auto, (max-width: 1015px) 100vw, 1015px\" \/><\/a><figcaption id=\"caption-attachment-25453\" class=\"wp-caption-text\">Le ministre de la Sant\u00e9, Dr Robert Kargougou a repr\u00e9sent\u00e9 le Pr\u00e9sident du Faso, Capitaine Ibrahim Traor\u00e9, pr\u00e9sident du CNLS-IST &#8211; Ph. DR<\/figcaption><\/figure>\n<p>Dans son discours, lu par le ministre de la Sant\u00e9, le Capitaine Ibrahim Traor\u00e9 a rappel\u00e9 les progr\u00e8s significatifs enregistr\u00e9s par le Burkina Faso dans la lutte contre la maladie.<\/p>\n<p><strong>Les principaux r\u00e9sultats de la r\u00e9ponse nationale au VIH en fin 2024 se pr\u00e9sentent comme suit :<\/strong><\/p>\n<ul>\n<li>Baisse de la pr\u00e9valence du VIH en population g\u00e9n\u00e9rale de 7,17 % en 1997 \u00e0 0,5 % en 2024.<\/li>\n<li>894 408 femmes enceintes ont \u00e9t\u00e9 d\u00e9pist\u00e9es dans le cadre de la triple \u00e9limination de la transmission de la m\u00e8re \u00e0 l&rsquo;enfant du VIH, de la Syphilis et de l&rsquo;h\u00e9patite B.<\/li>\n<\/ul>\n<p><strong>Concernant la cascade des 3X95, les donn\u00e9es montrent que :<\/strong><\/p>\n<ul>\n<li>89 % des personnes connaissent leur statut VIH (soit 84 852 personnes).<\/li>\n<li>100 % des personnes d\u00e9pist\u00e9es positives au VIH sont sous traitement ARV.<\/li>\n<li>Seulement 66 % des personnes sous traitement ARV ont une charge virale supprim\u00e9e.<\/li>\n<\/ul>\n<p><em><strong>\u00ab Ces donn\u00e9es interpellent sur la n\u00e9cessit\u00e9 de poursuivre et de renforcer les efforts pour l&rsquo;\u00e9limination du Sida d&rsquo;ici 2030 \u00bb<\/strong><\/em>, a indiqu\u00e9 le Chef de l&rsquo;\u00c9tat dans son discours.<\/p>\n<h3>Alerte sur la baisse de l&rsquo;aide internationale<\/h3>\n<p>Le Directeur pays de l&rsquo;ONUSIDA, Joy Bakory, a d\u00e9plor\u00e9 que les coupes de 30 \u00e0 40 % dans l&rsquo;aide internationale aient entra\u00een\u00e9 des ruptures de services essentiels, une baisse d&rsquo;acc\u00e8s \u00e0 la prophylaxie pr\u00e9-exposition (PrEP), et la fermeture de nombreux programmes communautaires, dont 60 % \u00e9taient dirig\u00e9s par des femmes.<\/p>\n<figure id=\"attachment_25451\" aria-describedby=\"caption-attachment-25451\" style=\"width: 901px\" class=\"wp-caption aligncenter\"><a href=\"https:\/\/www.latribunedufaso.net\/wp-content\/uploads\/2025\/12\/FB_IMG_1764960861035.jpg\"><img loading=\"lazy\" decoding=\"async\" class=\"size-full wp-image-25451\" src=\"https:\/\/www.latribunedufaso.net\/wp-content\/uploads\/2025\/12\/FB_IMG_1764960861035.jpg\" alt=\"C\u00e9l\u00e9bration de la Journ\u00e9e mondiale de lutte contre le Sida (JMS) 2025, 5 d\u00e9cembre 2025\" width=\"901\" height=\"720\" srcset=\"https:\/\/www.latribunedufaso.net\/wp-content\/uploads\/2025\/12\/FB_IMG_1764960861035.jpg 901w, https:\/\/www.latribunedufaso.net\/wp-content\/uploads\/2025\/12\/FB_IMG_1764960861035-300x240.jpg 300w, https:\/\/www.latribunedufaso.net\/wp-content\/uploads\/2025\/12\/FB_IMG_1764960861035-768x614.jpg 768w\" sizes=\"auto, (max-width: 901px) 100vw, 901px\" \/><\/a><figcaption id=\"caption-attachment-25451\" class=\"wp-caption-text\">Le Directeur pays de l&rsquo;ONUSIDA, Joy Bakory &#8211; Ph. DR<\/figcaption><\/figure>\n<p>Tirant la sonnette d&rsquo;alarme, il a exhort\u00e9 les pays \u00e0 renforcer le financement endog\u00e8ne pour une souverainet\u00e9 sanitaire r\u00e9elle. Il a par ailleurs salu\u00e9 les innovations scientifiques comme l&rsquo;introduction du lenacapavir, un injectable de pr\u00e9vention administr\u00e9 deux fois par an.<em><strong> \u00ab Son efficacit\u00e9 exceptionnelle et les partenariats mis en place pour en garantir l&rsquo;acc\u00e8s g\u00e9n\u00e9rique \u00e0 moins de 40 dollars (environ 20 000 FCFA) par personne\/an ouvrent une nouvelle \u00e8re pour la pr\u00e9vention \u00bb<\/strong><\/em>, s&rsquo;est-il r\u00e9joui.<\/p>\n<p><a href=\"https:\/\/www.latribunedufaso.net\/wp-content\/uploads\/2025\/12\/FB_IMG_1764960856830.jpg\"><img loading=\"lazy\" decoding=\"async\" class=\"aligncenter size-full wp-image-25452\" src=\"https:\/\/www.latribunedufaso.net\/wp-content\/uploads\/2025\/12\/FB_IMG_1764960856830.jpg\" alt=\"C\u00e9l\u00e9bration de la Journ\u00e9e mondiale de lutte contre le Sida (JMS) 2025, 5 d\u00e9cembre 2025\" width=\"1080\" height=\"656\" srcset=\"https:\/\/www.latribunedufaso.net\/wp-content\/uploads\/2025\/12\/FB_IMG_1764960856830.jpg 1080w, https:\/\/www.latribunedufaso.net\/wp-content\/uploads\/2025\/12\/FB_IMG_1764960856830-300x182.jpg 300w, https:\/\/www.latribunedufaso.net\/wp-content\/uploads\/2025\/12\/FB_IMG_1764960856830-1024x622.jpg 1024w, https:\/\/www.latribunedufaso.net\/wp-content\/uploads\/2025\/12\/FB_IMG_1764960856830-768x466.jpg 768w\" sizes=\"auto, (max-width: 1080px) 100vw, 1080px\" \/><\/a><\/p>\n<p>Le repr\u00e9sentant des acteurs de lutte, Akim Kabor\u00e9, a soulign\u00e9 que la r\u00e9duction des financements est <em><strong>\u00ab un couteau point\u00e9 sur le c\u0153ur de notre riposte, et surtout, sur nos vies \u00bb.<\/strong><\/em> Il a plaid\u00e9 pour le maintien et l&rsquo;accroissement des financements : <em><strong>\u00ab La r\u00e9silience des PVVIH ne doit pas servir d&rsquo;excuse pour r\u00e9duire les financements. Elle doit \u00eatre la preuve que l&rsquo;investissement fonctionne et doit \u00eatre maintenu, voire accru&#8230; \u00bb,<\/strong><\/em> a-t-il affirm\u00e9.<\/p>\n<blockquote>\n<p>Lire aussi &gt;&gt; <a href=\"https:\/\/www.latribunedufaso.net\/?p=25410\">JMS 2025 : Le SP\/CNLS-IST manifeste sa solidarit\u00e9 envers les personnes vivant avec le VIH<\/a><\/p>\n<\/blockquote>\n<p><iframe loading=\"lazy\" width=\"560\" height=\"315\" src=\"https:\/\/www.youtube.com\/embed\/LQE9muu7cHY?si=1J1ORc7VE5MKmB34\" title=\"YouTube video player\" frameborder=\"0\" allow=\"accelerometer; autoplay; clipboard-write; encrypted-media; gyroscope; picture-in-picture; web-share\" referrerpolicy=\"strict-origin-when-cross-origin\" allowfullscreen><\/iframe><\/p>\n<h3>Remise de distinctions<\/h3>\n<p>La journ\u00e9e a \u00e9t\u00e9 marqu\u00e9e par une remise de distinctions honorifiques :<\/p>\n<ul>\n<li>13 personnalit\u00e9s ont \u00e9t\u00e9 \u00e9lev\u00e9es au grade de chevalier de l&rsquo;Ordre du M\u00e9rite Burkinab\u00e8 et chevalier de l&rsquo;Ordre du M\u00e9rite de la Sant\u00e9 et de l&rsquo;Action sociale.<\/li>\n<li>18 structures ont \u00e9t\u00e9 r\u00e9compens\u00e9es pour leurs efforts dans la prise en charge des PVVIH. Elles ont re\u00e7u chacune un troph\u00e9e, une attestation et un ch\u00e8que de 300 000 FCFA.<\/li>\n<\/ul>\n<p><strong>Issouf Tapsoba\u00a0<\/strong><\/p>\n<p><strong>Latribunedufaso.net<\/strong><\/p>\n<figure id=\"attachment_25454\" aria-describedby=\"caption-attachment-25454\" style=\"width: 2560px\" class=\"wp-caption aligncenter\"><a href=\"https:\/\/www.latribunedufaso.net\/wp-content\/uploads\/2025\/12\/IMG_20251205_113915-scaled.jpg\"><img loading=\"lazy\" decoding=\"async\" class=\"size-full wp-image-25454\" src=\"https:\/\/www.latribunedufaso.net\/wp-content\/uploads\/2025\/12\/IMG_20251205_113915-scaled.jpg\" alt=\"C\u00e9l\u00e9bration de la Journ\u00e9e mondiale de lutte contre le Sida (JMS) 2025, 5 d\u00e9cembre 2025\" width=\"2560\" height=\"1928\" srcset=\"https:\/\/www.latribunedufaso.net\/wp-content\/uploads\/2025\/12\/IMG_20251205_113915-scaled.jpg 2560w, https:\/\/www.latribunedufaso.net\/wp-content\/uploads\/2025\/12\/IMG_20251205_113915-300x226.jpg 300w, https:\/\/www.latribunedufaso.net\/wp-content\/uploads\/2025\/12\/IMG_20251205_113915-1024x771.jpg 1024w, https:\/\/www.latribunedufaso.net\/wp-content\/uploads\/2025\/12\/IMG_20251205_113915-768x578.jpg 768w, https:\/\/www.latribunedufaso.net\/wp-content\/uploads\/2025\/12\/IMG_20251205_113915-1536x1157.jpg 1536w, https:\/\/www.latribunedufaso.net\/wp-content\/uploads\/2025\/12\/IMG_20251205_113915-2048x1542.jpg 2048w\" sizes=\"auto, (max-width: 2560px) 100vw, 2560px\" \/><\/a><figcaption id=\"caption-attachment-25454\" class=\"wp-caption-text\">Une vue des d\u00e9corations &#8211; Ph. I. Tapsoba<\/figcaption><\/figure>\n<p>&nbsp;<\/p>\n<figure id=\"attachment_25455\" aria-describedby=\"caption-attachment-25455\" style=\"width: 2560px\" class=\"wp-caption aligncenter\"><a href=\"https:\/\/www.latribunedufaso.net\/wp-content\/uploads\/2025\/12\/IMG_20251205_113555_1-scaled.jpg\"><img loading=\"lazy\" decoding=\"async\" class=\"size-full wp-image-25455\" src=\"https:\/\/www.latribunedufaso.net\/wp-content\/uploads\/2025\/12\/IMG_20251205_113555_1-scaled.jpg\" alt=\"C\u00e9l\u00e9bration de la Journ\u00e9e mondiale de lutte contre le Sida (JMS) 2025, 5 d\u00e9cembre 2025\" width=\"2560\" height=\"1928\" srcset=\"https:\/\/www.latribunedufaso.net\/wp-content\/uploads\/2025\/12\/IMG_20251205_113555_1-scaled.jpg 2560w, https:\/\/www.latribunedufaso.net\/wp-content\/uploads\/2025\/12\/IMG_20251205_113555_1-300x226.jpg 300w, https:\/\/www.latribunedufaso.net\/wp-content\/uploads\/2025\/12\/IMG_20251205_113555_1-1024x771.jpg 1024w, https:\/\/www.latribunedufaso.net\/wp-content\/uploads\/2025\/12\/IMG_20251205_113555_1-768x578.jpg 768w, https:\/\/www.latribunedufaso.net\/wp-content\/uploads\/2025\/12\/IMG_20251205_113555_1-1536x1157.jpg 1536w, https:\/\/www.latribunedufaso.net\/wp-content\/uploads\/2025\/12\/IMG_20251205_113555_1-2048x1542.jpg 2048w\" sizes=\"auto, (max-width: 2560px) 100vw, 2560px\" \/><\/a><figcaption id=\"caption-attachment-25455\" class=\"wp-caption-text\">Une vue de la remise des distinctions &#8211; Ph. DR<\/figcaption><\/figure>\n","protected":false},"excerpt":{"rendered":"<p>Le Burkina Faso a c\u00e9l\u00e9br\u00e9 la Journ\u00e9e mondiale de lutte contre le Sida (JMS) 2025 sous le th\u00e8me : \u00ab Surmonter les perturbations, transformer la riposte au Sida \u00bb. La c\u00e9r\u00e9monie a eu lieu ce 5 d\u00e9cembre 2025 \u00e0 Ouagadougou. Elle \u00e9tait plac\u00e9e sous le tr\u00e8s haut patronage du Pr\u00e9sident du Faso, le Capitaine Ibrahim Traor\u00e9, Pr\u00e9sident du Conseil national de lutte contre le Sida et les IST (CNLS-IST). Il \u00e9tait repr\u00e9sent\u00e9 pas le premier vice pr\u00e9sident, Dr Robert Kargougou, ministre de la Sant\u00e9.\u00a0<\/p>\n","protected":false},"author":5,"featured_media":25456,"comment_status":"open","ping_status":"open","sticky":false,"template":"","format":"standard","meta":{"footnotes":""},"categories":[13,1,7],"tags":[1830,39,188],"class_list":["post-25446","post","type-post","status-publish","format-standard","has-post-thumbnail","hentry","category-une","category-actu","category-sante","tag-journees-mondiales-de-lutte-contre-le-sida-jms","tag-latribunedufaso-net","tag-lutte-contre-le-vih-sida"],"yoast_head":"<!-- This site is optimized with the Yoast SEO plugin v27.4 - https:\/\/yoast.com\/product\/yoast-seo-wordpress\/ -->\n<title>Journ\u00e9e mondiale de lutte contre le SIDA 2025 : Le Burkina Faso c\u00e9l\u00e8bre ses progr\u00e8s et alerte sur la baisse des financements\u00a0 - La Tribune du Faso<\/title>\n<meta name=\"robots\" content=\"index, follow, max-snippet:-1, max-image-preview:large, max-video-preview:-1\" \/>\n<link rel=\"canonical\" href=\"https:\/\/www.latribunedufaso.net\/?p=25446\" \/>\n<meta property=\"og:locale\" content=\"fr_FR\" \/>\n<meta property=\"og:type\" content=\"article\" \/>\n<meta property=\"og:title\" content=\"Journ\u00e9e mondiale de lutte contre le SIDA 2025 : Le Burkina Faso c\u00e9l\u00e8bre ses progr\u00e8s et alerte sur la baisse des financements\u00a0 - La Tribune du Faso\" \/>\n<meta property=\"og:description\" content=\"Le Burkina Faso a c\u00e9l\u00e9br\u00e9 la Journ\u00e9e mondiale de lutte contre le Sida (JMS) 2025 sous le th\u00e8me : \u00ab Surmonter les perturbations, transformer la riposte au Sida \u00bb. La c\u00e9r\u00e9monie a eu lieu ce 5 d\u00e9cembre 2025 \u00e0 Ouagadougou. Elle \u00e9tait plac\u00e9e sous le tr\u00e8s haut patronage du Pr\u00e9sident du Faso, le Capitaine Ibrahim Traor\u00e9, Pr\u00e9sident du Conseil national de lutte contre le Sida et les IST (CNLS-IST). Il \u00e9tait repr\u00e9sent\u00e9 pas le premier vice pr\u00e9sident, Dr Robert Kargougou, ministre de la Sant\u00e9.\u00a0\" \/>\n<meta property=\"og:url\" content=\"https:\/\/www.latribunedufaso.net\/?p=25446\" \/>\n<meta property=\"og:site_name\" content=\"La Tribune du Faso\" \/>\n<meta property=\"article:publisher\" content=\"https:\/\/www.facebook.com\/LatribuneduFaso\/\" \/>\n<meta property=\"article:published_time\" content=\"2025-12-05T19:13:55+00:00\" \/>\n<meta property=\"article:modified_time\" content=\"2025-12-17T20:41:00+00:00\" \/>\n<meta property=\"og:image\" content=\"https:\/\/www.latribunedufaso.net\/wp-content\/uploads\/2025\/12\/FB_IMG_1764960882073.jpg\" \/>\n\t<meta property=\"og:image:width\" content=\"1080\" \/>\n\t<meta property=\"og:image:height\" content=\"640\" \/>\n\t<meta property=\"og:image:type\" content=\"image\/jpeg\" \/>\n<meta name=\"author\" content=\"Issouf Tapsoba\" \/>\n<meta name=\"twitter:label1\" content=\"\u00c9crit par\" \/>\n\t<meta name=\"twitter:data1\" content=\"Issouf Tapsoba\" \/>\n\t<meta name=\"twitter:label2\" content=\"Dur\u00e9e de lecture estim\u00e9e\" \/>\n\t<meta name=\"twitter:data2\" content=\"5 minutes\" \/>\n<script type=\"application\/ld+json\" class=\"yoast-schema-graph\">{\"@context\":\"https:\\\/\\\/schema.org\",\"@graph\":[{\"@type\":\"Article\",\"@id\":\"https:\\\/\\\/www.latribunedufaso.net\\\/?p=25446#article\",\"isPartOf\":{\"@id\":\"https:\\\/\\\/www.latribunedufaso.net\\\/?p=25446\"},\"author\":{\"name\":\"Issouf Tapsoba\",\"@id\":\"https:\\\/\\\/www.latribunedufaso.net\\\/#\\\/schema\\\/person\\\/e54e64c5778a7e72cf80a318b7a622b0\"},\"headline\":\"Journ\u00e9e mondiale de lutte contre le SIDA 2025 : Le Burkina Faso c\u00e9l\u00e8bre ses progr\u00e8s et alerte sur la baisse des financements\u00a0\",\"datePublished\":\"2025-12-05T19:13:55+00:00\",\"dateModified\":\"2025-12-17T20:41:00+00:00\",\"mainEntityOfPage\":{\"@id\":\"https:\\\/\\\/www.latribunedufaso.net\\\/?p=25446\"},\"wordCount\":729,\"commentCount\":0,\"publisher\":{\"@id\":\"https:\\\/\\\/www.latribunedufaso.net\\\/#organization\"},\"image\":{\"@id\":\"https:\\\/\\\/www.latribunedufaso.net\\\/?p=25446#primaryimage\"},\"thumbnailUrl\":\"https:\\\/\\\/www.latribunedufaso.net\\\/wp-content\\\/uploads\\\/2025\\\/12\\\/FB_IMG_1764960882073.jpg\",\"keywords\":[\"Journ\u00e9es mondiales de lutte contre le Sida (JMS)\",\"latribunedufaso.net\",\"lutte contre le VIH\\\/SIDA\"],\"articleSection\":[\"A la une\",\"Actualit\u00e9\",\"Sant\u00e9\"],\"inLanguage\":\"fr-FR\",\"potentialAction\":[{\"@type\":\"CommentAction\",\"name\":\"Comment\",\"target\":[\"https:\\\/\\\/www.latribunedufaso.net\\\/?p=25446#respond\"]}]},{\"@type\":\"WebPage\",\"@id\":\"https:\\\/\\\/www.latribunedufaso.net\\\/?p=25446\",\"url\":\"https:\\\/\\\/www.latribunedufaso.net\\\/?p=25446\",\"name\":\"Journ\u00e9e mondiale de lutte contre le SIDA 2025 : Le Burkina Faso c\u00e9l\u00e8bre ses progr\u00e8s et alerte sur la baisse des financements\u00a0 - La Tribune du Faso\",\"isPartOf\":{\"@id\":\"https:\\\/\\\/www.latribunedufaso.net\\\/#website\"},\"primaryImageOfPage\":{\"@id\":\"https:\\\/\\\/www.latribunedufaso.net\\\/?p=25446#primaryimage\"},\"image\":{\"@id\":\"https:\\\/\\\/www.latribunedufaso.net\\\/?p=25446#primaryimage\"},\"thumbnailUrl\":\"https:\\\/\\\/www.latribunedufaso.net\\\/wp-content\\\/uploads\\\/2025\\\/12\\\/FB_IMG_1764960882073.jpg\",\"datePublished\":\"2025-12-05T19:13:55+00:00\",\"dateModified\":\"2025-12-17T20:41:00+00:00\",\"breadcrumb\":{\"@id\":\"https:\\\/\\\/www.latribunedufaso.net\\\/?p=25446#breadcrumb\"},\"inLanguage\":\"fr-FR\",\"potentialAction\":[{\"@type\":\"ReadAction\",\"target\":[\"https:\\\/\\\/www.latribunedufaso.net\\\/?p=25446\"]}]},{\"@type\":\"ImageObject\",\"inLanguage\":\"fr-FR\",\"@id\":\"https:\\\/\\\/www.latribunedufaso.net\\\/?p=25446#primaryimage\",\"url\":\"https:\\\/\\\/www.latribunedufaso.net\\\/wp-content\\\/uploads\\\/2025\\\/12\\\/FB_IMG_1764960882073.jpg\",\"contentUrl\":\"https:\\\/\\\/www.latribunedufaso.net\\\/wp-content\\\/uploads\\\/2025\\\/12\\\/FB_IMG_1764960882073.jpg\",\"width\":1080,\"height\":640,\"caption\":\"C\u00e9l\u00e9bration de la Journ\u00e9e mondiale de lutte contre le Sida (JMS) 2025, 5 d\u00e9cembre 2025\"},{\"@type\":\"BreadcrumbList\",\"@id\":\"https:\\\/\\\/www.latribunedufaso.net\\\/?p=25446#breadcrumb\",\"itemListElement\":[{\"@type\":\"ListItem\",\"position\":1,\"name\":\"Accueil\",\"item\":\"https:\\\/\\\/www.latribunedufaso.net\\\/\"},{\"@type\":\"ListItem\",\"position\":2,\"name\":\"Journ\u00e9e mondiale de lutte contre le SIDA 2025 : Le Burkina Faso c\u00e9l\u00e8bre ses progr\u00e8s et alerte sur la baisse des financements\u00a0\"}]},{\"@type\":\"WebSite\",\"@id\":\"https:\\\/\\\/www.latribunedufaso.net\\\/#website\",\"url\":\"https:\\\/\\\/www.latribunedufaso.net\\\/\",\"name\":\"La Tribune du Faso\",\"description\":\"L&#039;information du monde rural en un clic\",\"publisher\":{\"@id\":\"https:\\\/\\\/www.latribunedufaso.net\\\/#organization\"},\"potentialAction\":[{\"@type\":\"SearchAction\",\"target\":{\"@type\":\"EntryPoint\",\"urlTemplate\":\"https:\\\/\\\/www.latribunedufaso.net\\\/?s={search_term_string}\"},\"query-input\":{\"@type\":\"PropertyValueSpecification\",\"valueRequired\":true,\"valueName\":\"search_term_string\"}}],\"inLanguage\":\"fr-FR\"},{\"@type\":\"Organization\",\"@id\":\"https:\\\/\\\/www.latribunedufaso.net\\\/#organization\",\"name\":\"La Tribune du Faso\",\"url\":\"https:\\\/\\\/www.latribunedufaso.net\\\/\",\"logo\":{\"@type\":\"ImageObject\",\"inLanguage\":\"fr-FR\",\"@id\":\"https:\\\/\\\/www.latribunedufaso.net\\\/#\\\/schema\\\/logo\\\/image\\\/\",\"url\":\"https:\\\/\\\/www.latribunedufaso.net\\\/wp-content\\\/uploads\\\/2020\\\/08\\\/Logo-Tribune-du-Faso-final-scaled.jpg\",\"contentUrl\":\"https:\\\/\\\/www.latribunedufaso.net\\\/wp-content\\\/uploads\\\/2020\\\/08\\\/Logo-Tribune-du-Faso-final-scaled.jpg\",\"width\":2560,\"height\":1856,\"caption\":\"La Tribune du Faso\"},\"image\":{\"@id\":\"https:\\\/\\\/www.latribunedufaso.net\\\/#\\\/schema\\\/logo\\\/image\\\/\"},\"sameAs\":[\"https:\\\/\\\/www.facebook.com\\\/LatribuneduFaso\\\/\"]},{\"@type\":\"Person\",\"@id\":\"https:\\\/\\\/www.latribunedufaso.net\\\/#\\\/schema\\\/person\\\/e54e64c5778a7e72cf80a318b7a622b0\",\"name\":\"Issouf Tapsoba\",\"image\":{\"@type\":\"ImageObject\",\"inLanguage\":\"fr-FR\",\"@id\":\"https:\\\/\\\/secure.gravatar.com\\\/avatar\\\/5e6c05150ce3230247d167f5b94d678eb05936197436d69b7921e3a95c9107ac?s=96&d=mm&r=g\",\"url\":\"https:\\\/\\\/secure.gravatar.com\\\/avatar\\\/5e6c05150ce3230247d167f5b94d678eb05936197436d69b7921e3a95c9107ac?s=96&d=mm&r=g\",\"contentUrl\":\"https:\\\/\\\/secure.gravatar.com\\\/avatar\\\/5e6c05150ce3230247d167f5b94d678eb05936197436d69b7921e3a95c9107ac?s=96&d=mm&r=g\",\"caption\":\"Issouf Tapsoba\"},\"url\":\"https:\\\/\\\/www.latribunedufaso.net\\\/?author=5\"}]}<\/script>\n<!-- \/ Yoast SEO plugin. -->","yoast_head_json":{"title":"Journ\u00e9e mondiale de lutte contre le SIDA 2025 : Le Burkina Faso c\u00e9l\u00e8bre ses progr\u00e8s et alerte sur la baisse des financements\u00a0 - La Tribune du Faso","robots":{"index":"index","follow":"follow","max-snippet":"max-snippet:-1","max-image-preview":"max-image-preview:large","max-video-preview":"max-video-preview:-1"},"canonical":"https:\/\/www.latribunedufaso.net\/?p=25446","og_locale":"fr_FR","og_type":"article","og_title":"Journ\u00e9e mondiale de lutte contre le SIDA 2025 : Le Burkina Faso c\u00e9l\u00e8bre ses progr\u00e8s et alerte sur la baisse des financements\u00a0 - La Tribune du Faso","og_description":"Le Burkina Faso a c\u00e9l\u00e9br\u00e9 la Journ\u00e9e mondiale de lutte contre le Sida (JMS) 2025 sous le th\u00e8me : \u00ab Surmonter les perturbations, transformer la riposte au Sida \u00bb. La c\u00e9r\u00e9monie a eu lieu ce 5 d\u00e9cembre 2025 \u00e0 Ouagadougou. Elle \u00e9tait plac\u00e9e sous le tr\u00e8s haut patronage du Pr\u00e9sident du Faso, le Capitaine Ibrahim Traor\u00e9, Pr\u00e9sident du Conseil national de lutte contre le Sida et les IST (CNLS-IST). Il \u00e9tait repr\u00e9sent\u00e9 pas le premier vice pr\u00e9sident, Dr Robert Kargougou, ministre de la Sant\u00e9.\u00a0","og_url":"https:\/\/www.latribunedufaso.net\/?p=25446","og_site_name":"La Tribune du Faso","article_publisher":"https:\/\/www.facebook.com\/LatribuneduFaso\/","article_published_time":"2025-12-05T19:13:55+00:00","article_modified_time":"2025-12-17T20:41:00+00:00","og_image":[{"width":1080,"height":640,"url":"https:\/\/www.latribunedufaso.net\/wp-content\/uploads\/2025\/12\/FB_IMG_1764960882073.jpg","type":"image\/jpeg"}],"author":"Issouf Tapsoba","twitter_misc":{"\u00c9crit par":"Issouf Tapsoba","Dur\u00e9e de lecture estim\u00e9e":"5 minutes"},"schema":{"@context":"https:\/\/schema.org","@graph":[{"@type":"Article","@id":"https:\/\/www.latribunedufaso.net\/?p=25446#article","isPartOf":{"@id":"https:\/\/www.latribunedufaso.net\/?p=25446"},"author":{"name":"Issouf Tapsoba","@id":"https:\/\/www.latribunedufaso.net\/#\/schema\/person\/e54e64c5778a7e72cf80a318b7a622b0"},"headline":"Journ\u00e9e mondiale de lutte contre le SIDA 2025 : Le Burkina Faso c\u00e9l\u00e8bre ses progr\u00e8s et alerte sur la baisse des financements\u00a0","datePublished":"2025-12-05T19:13:55+00:00","dateModified":"2025-12-17T20:41:00+00:00","mainEntityOfPage":{"@id":"https:\/\/www.latribunedufaso.net\/?p=25446"},"wordCount":729,"commentCount":0,"publisher":{"@id":"https:\/\/www.latribunedufaso.net\/#organization"},"image":{"@id":"https:\/\/www.latribunedufaso.net\/?p=25446#primaryimage"},"thumbnailUrl":"https:\/\/www.latribunedufaso.net\/wp-content\/uploads\/2025\/12\/FB_IMG_1764960882073.jpg","keywords":["Journ\u00e9es mondiales de lutte contre le Sida (JMS)","latribunedufaso.net","lutte contre le VIH\/SIDA"],"articleSection":["A la une","Actualit\u00e9","Sant\u00e9"],"inLanguage":"fr-FR","potentialAction":[{"@type":"CommentAction","name":"Comment","target":["https:\/\/www.latribunedufaso.net\/?p=25446#respond"]}]},{"@type":"WebPage","@id":"https:\/\/www.latribunedufaso.net\/?p=25446","url":"https:\/\/www.latribunedufaso.net\/?p=25446","name":"Journ\u00e9e mondiale de lutte contre le SIDA 2025 : Le Burkina Faso c\u00e9l\u00e8bre ses progr\u00e8s et alerte sur la baisse des financements\u00a0 - La Tribune du Faso","isPartOf":{"@id":"https:\/\/www.latribunedufaso.net\/#website"},"primaryImageOfPage":{"@id":"https:\/\/www.latribunedufaso.net\/?p=25446#primaryimage"},"image":{"@id":"https:\/\/www.latribunedufaso.net\/?p=25446#primaryimage"},"thumbnailUrl":"https:\/\/www.latribunedufaso.net\/wp-content\/uploads\/2025\/12\/FB_IMG_1764960882073.jpg","datePublished":"2025-12-05T19:13:55+00:00","dateModified":"2025-12-17T20:41:00+00:00","breadcrumb":{"@id":"https:\/\/www.latribunedufaso.net\/?p=25446#breadcrumb"},"inLanguage":"fr-FR","potentialAction":[{"@type":"ReadAction","target":["https:\/\/www.latribunedufaso.net\/?p=25446"]}]},{"@type":"ImageObject","inLanguage":"fr-FR","@id":"https:\/\/www.latribunedufaso.net\/?p=25446#primaryimage","url":"https:\/\/www.latribunedufaso.net\/wp-content\/uploads\/2025\/12\/FB_IMG_1764960882073.jpg","contentUrl":"https:\/\/www.latribunedufaso.net\/wp-content\/uploads\/2025\/12\/FB_IMG_1764960882073.jpg","width":1080,"height":640,"caption":"C\u00e9l\u00e9bration de la Journ\u00e9e mondiale de lutte contre le Sida (JMS) 2025, 5 d\u00e9cembre 2025"},{"@type":"BreadcrumbList","@id":"https:\/\/www.latribunedufaso.net\/?p=25446#breadcrumb","itemListElement":[{"@type":"ListItem","position":1,"name":"Accueil","item":"https:\/\/www.latribunedufaso.net\/"},{"@type":"ListItem","position":2,"name":"Journ\u00e9e mondiale de lutte contre le SIDA 2025 : Le Burkina Faso c\u00e9l\u00e8bre ses progr\u00e8s et alerte sur la baisse des financements\u00a0"}]},{"@type":"WebSite","@id":"https:\/\/www.latribunedufaso.net\/#website","url":"https:\/\/www.latribunedufaso.net\/","name":"La Tribune du Faso","description":"L&#039;information du monde rural en un clic","publisher":{"@id":"https:\/\/www.latribunedufaso.net\/#organization"},"potentialAction":[{"@type":"SearchAction","target":{"@type":"EntryPoint","urlTemplate":"https:\/\/www.latribunedufaso.net\/?s={search_term_string}"},"query-input":{"@type":"PropertyValueSpecification","valueRequired":true,"valueName":"search_term_string"}}],"inLanguage":"fr-FR"},{"@type":"Organization","@id":"https:\/\/www.latribunedufaso.net\/#organization","name":"La Tribune du Faso","url":"https:\/\/www.latribunedufaso.net\/","logo":{"@type":"ImageObject","inLanguage":"fr-FR","@id":"https:\/\/www.latribunedufaso.net\/#\/schema\/logo\/image\/","url":"https:\/\/www.latribunedufaso.net\/wp-content\/uploads\/2020\/08\/Logo-Tribune-du-Faso-final-scaled.jpg","contentUrl":"https:\/\/www.latribunedufaso.net\/wp-content\/uploads\/2020\/08\/Logo-Tribune-du-Faso-final-scaled.jpg","width":2560,"height":1856,"caption":"La Tribune du Faso"},"image":{"@id":"https:\/\/www.latribunedufaso.net\/#\/schema\/logo\/image\/"},"sameAs":["https:\/\/www.facebook.com\/LatribuneduFaso\/"]},{"@type":"Person","@id":"https:\/\/www.latribunedufaso.net\/#\/schema\/person\/e54e64c5778a7e72cf80a318b7a622b0","name":"Issouf Tapsoba","image":{"@type":"ImageObject","inLanguage":"fr-FR","@id":"https:\/\/secure.gravatar.com\/avatar\/5e6c05150ce3230247d167f5b94d678eb05936197436d69b7921e3a95c9107ac?s=96&d=mm&r=g","url":"https:\/\/secure.gravatar.com\/avatar\/5e6c05150ce3230247d167f5b94d678eb05936197436d69b7921e3a95c9107ac?s=96&d=mm&r=g","contentUrl":"https:\/\/secure.gravatar.com\/avatar\/5e6c05150ce3230247d167f5b94d678eb05936197436d69b7921e3a95c9107ac?s=96&d=mm&r=g","caption":"Issouf Tapsoba"},"url":"https:\/\/www.latribunedufaso.net\/?author=5"}]}},"_links":{"self":[{"href":"https:\/\/www.latribunedufaso.net\/index.php?rest_route=\/wp\/v2\/posts\/25446","targetHints":{"allow":["GET"]}}],"collection":[{"href":"https:\/\/www.latribunedufaso.net\/index.php?rest_route=\/wp\/v2\/posts"}],"about":[{"href":"https:\/\/www.latribunedufaso.net\/index.php?rest_route=\/wp\/v2\/types\/post"}],"author":[{"embeddable":true,"href":"https:\/\/www.latribunedufaso.net\/index.php?rest_route=\/wp\/v2\/users\/5"}],"replies":[{"embeddable":true,"href":"https:\/\/www.latribunedufaso.net\/index.php?rest_route=%2Fwp%2Fv2%2Fcomments&post=25446"}],"version-history":[{"count":5,"href":"https:\/\/www.latribunedufaso.net\/index.php?rest_route=\/wp\/v2\/posts\/25446\/revisions"}],"predecessor-version":[{"id":25903,"href":"https:\/\/www.latribunedufaso.net\/index.php?rest_route=\/wp\/v2\/posts\/25446\/revisions\/25903"}],"wp:featuredmedia":[{"embeddable":true,"href":"https:\/\/www.latribunedufaso.net\/index.php?rest_route=\/wp\/v2\/media\/25456"}],"wp:attachment":[{"href":"https:\/\/www.latribunedufaso.net\/index.php?rest_route=%2Fwp%2Fv2%2Fmedia&parent=25446"}],"wp:term":[{"taxonomy":"category","embeddable":true,"href":"https:\/\/www.latribunedufaso.net\/index.php?rest_route=%2Fwp%2Fv2%2Fcategories&post=25446"},{"taxonomy":"post_tag","embeddable":true,"href":"https:\/\/www.latribunedufaso.net\/index.php?rest_route=%2Fwp%2Fv2%2Ftags&post=25446"}],"curies":[{"name":"wp","href":"https:\/\/api.w.org\/{rel}","templated":true}]}}