{"id":25421,"date":"2025-12-04T23:51:04","date_gmt":"2025-12-04T23:51:04","guid":{"rendered":"https:\/\/www.latribunedufaso.net\/?p=25421"},"modified":"2025-12-17T20:37:35","modified_gmt":"2025-12-17T20:37:35","slug":"premier-jeudi-du-mois-le-memorial-thomas-sankara-accueille-le-deuxieme-ceremonial-mensuel-dhommage-au-pere-de-la-revolution-1983","status":"publish","type":"post","link":"https:\/\/www.latribunedufaso.net\/?p=25421","title":{"rendered":"Premier jeudi du mois : Le m\u00e9morial Thomas Sankara accueille le deuxi\u00e8me c\u00e9r\u00e9monial mensuel d\u2019hommage au p\u00e8re de la r\u00e9volution 1983"},"content":{"rendered":"<p><strong>Le deuxi\u00e8me c\u00e9r\u00e9monial d\u2019hommage militaire mensuel au Capitaine Thomas Sankara s\u2019est tenu le jeudi 4 d\u00e9cembre 2025 \u00e0 Ouagadougou. La c\u00e9r\u00e9monie, pr\u00e9sid\u00e9e par le pr\u00e9sident du CSC, Louis Modeste Ou\u00e9draogo, a r\u00e9uni des membres du gouvernement et partenaires pour rappeler la m\u00e9moire du p\u00e8re de la R\u00e9volution d\u2019ao\u00fbt 1983.<\/strong><!--more--><\/p>\n<p>Le c\u00e9r\u00e9monial d\u2019hommage militaire mensuel au Capitaine Thomas Sankara s\u2019est tenu ce jeudi 4 d\u00e9cembre 2025 sur le site du m\u00e9morial qui porte son nom, \u00e0 Ouagadougou.<\/p>\n<p>Pr\u00e9sid\u00e9 par le pr\u00e9sident du Conseil sup\u00e9rieur de la communication (CSC), Louis Modeste Ou\u00e9draogo, ce deuxi\u00e8me c\u00e9r\u00e9monial a enregistr\u00e9 la pr\u00e9sence du ministre de la Communication, de la Culture, des Arts et du Tourisme, Gilbert Ou\u00e9draogo, du ministre d\u00e9l\u00e9gu\u00e9 en charge des Ressources animales, Amadou Dicko, ainsi que du ministre malien de l\u2019\u00c9nergie et de l\u2019Eau, Boubacar Dian\u00e9.<\/p>\n<figure id=\"attachment_25430\" aria-describedby=\"caption-attachment-25430\" style=\"width: 1600px\" class=\"wp-caption aligncenter\"><a href=\"https:\/\/www.latribunedufaso.net\/wp-content\/uploads\/2025\/12\/FB_IMG_1764891780797.jpg\"><img loading=\"lazy\" decoding=\"async\" class=\"size-full wp-image-25430\" src=\"https:\/\/www.latribunedufaso.net\/wp-content\/uploads\/2025\/12\/FB_IMG_1764891780797.jpg\" alt=\"Le deuxi\u00e8me c\u00e9r\u00e9monial d\u2019hommage militaire mensuel au Capitaine Thomas Sankara s\u2019est tenu le jeudi 4 d\u00e9cembre 2025\" width=\"1600\" height=\"895\" srcset=\"https:\/\/www.latribunedufaso.net\/wp-content\/uploads\/2025\/12\/FB_IMG_1764891780797.jpg 1600w, https:\/\/www.latribunedufaso.net\/wp-content\/uploads\/2025\/12\/FB_IMG_1764891780797-300x168.jpg 300w, https:\/\/www.latribunedufaso.net\/wp-content\/uploads\/2025\/12\/FB_IMG_1764891780797-1024x573.jpg 1024w, https:\/\/www.latribunedufaso.net\/wp-content\/uploads\/2025\/12\/FB_IMG_1764891780797-768x430.jpg 768w, https:\/\/www.latribunedufaso.net\/wp-content\/uploads\/2025\/12\/FB_IMG_1764891780797-1536x859.jpg 1536w\" sizes=\"auto, (max-width: 1600px) 100vw, 1600px\" \/><\/a><figcaption id=\"caption-attachment-25430\" class=\"wp-caption-text\">Une vue des officiels \u00e0 la c\u00e9r\u00e9monie &#8211; Ph. DR<\/figcaption><\/figure>\n<p>Dans son allocution, Louis Modeste Ou\u00e9draogo a salu\u00e9 l\u2019initiative du pr\u00e9sident du Faso, le Capitaine Ibrahim Traor\u00e9, qui a institu\u00e9 ces c\u00e9r\u00e9moniaux mensuels d\u2019hommage \u00e0 Thomas Sankara. Pour lui, cette d\u00e9cision constitue <em><strong>\u00ab un signal fort \u00bb<\/strong><\/em> et une invitation adress\u00e9e au peuple burkinab\u00e8 mais aussi aux peuples africains \u00e0 s\u2019approprier les valeurs d\u00e9fendues par le p\u00e8re de la R\u00e9volution d\u2019ao\u00fbt 1983.<\/p>\n<figure id=\"attachment_25429\" aria-describedby=\"caption-attachment-25429\" style=\"width: 1600px\" class=\"wp-caption aligncenter\"><a href=\"https:\/\/www.latribunedufaso.net\/wp-content\/uploads\/2025\/12\/FB_IMG_1764891761348.jpg\"><img loading=\"lazy\" decoding=\"async\" class=\"size-full wp-image-25429\" src=\"https:\/\/www.latribunedufaso.net\/wp-content\/uploads\/2025\/12\/FB_IMG_1764891761348.jpg\" alt=\"Le deuxi\u00e8me c\u00e9r\u00e9monial d\u2019hommage militaire mensuel au Capitaine Thomas Sankara s\u2019est tenu le jeudi 4 d\u00e9cembre 2025\" width=\"1600\" height=\"979\" srcset=\"https:\/\/www.latribunedufaso.net\/wp-content\/uploads\/2025\/12\/FB_IMG_1764891761348.jpg 1600w, https:\/\/www.latribunedufaso.net\/wp-content\/uploads\/2025\/12\/FB_IMG_1764891761348-300x184.jpg 300w, https:\/\/www.latribunedufaso.net\/wp-content\/uploads\/2025\/12\/FB_IMG_1764891761348-1024x627.jpg 1024w, https:\/\/www.latribunedufaso.net\/wp-content\/uploads\/2025\/12\/FB_IMG_1764891761348-768x470.jpg 768w, https:\/\/www.latribunedufaso.net\/wp-content\/uploads\/2025\/12\/FB_IMG_1764891761348-1536x940.jpg 1536w\" sizes=\"auto, (max-width: 1600px) 100vw, 1600px\" \/><\/a><figcaption id=\"caption-attachment-25429\" class=\"wp-caption-text\">Le Pr\u00e9sident du CSC, Louis Modeste Ou\u00e9draogo a pr\u00e9sid\u00e9 la c\u00e9r\u00e9monie &#8211; Ph. DR<\/figcaption><\/figure>\n<p><em><strong>\u00ab Le p\u00e8re de la R\u00e9volution d\u2019ao\u00fbt 1983 n\u2019est pas mort, il vit en chacun de nous, nous qui sommes aujourd\u2019hui mobilis\u00e9s pour lui rendre hommage, mais \u00e9galement en tous les Burkinab\u00e8 engag\u00e9s autour de la R\u00e9volution progressiste et populaire \u00bb<\/strong><\/em>, a-t-il d\u00e9clar\u00e9.<\/p>\n<p>Il a, par ailleurs, exhort\u00e9 les populations \u00e0 <em><strong>\u00ab vivre burkinab\u00e8, AES et africain \u00bb<\/strong><\/em>, estimant que c\u2019est <em><strong>\u00ab la seule fa\u00e7on de vivre libre et digne \u00bb<\/strong><\/em>. Il a conclu par la c\u00e9l\u00e8bre devise r\u00e9volutionnaire, <em><strong>\u00ab La Patrie ou la Mort, nous vaincrons ! \u00bb<\/strong><\/em><\/p>\n<p>Prenant la parole \u00e0 son tour, le ministre en charge de la Communication a rappel\u00e9 que la c\u00e9r\u00e9monie s\u2019inscrit dans la vision du chef de l\u2019\u00c9tat, le Capitaine Ibrahim Traor\u00e9, d\u00e9sireux de perp\u00e9tuer la m\u00e9moire de Thomas Sankara en s\u2019inspirant de ses id\u00e9aux et en l\u2019\u00e9rigeant en h\u00e9ros intemporel.<\/p>\n<figure id=\"attachment_25426\" aria-describedby=\"caption-attachment-25426\" style=\"width: 1073px\" class=\"wp-caption aligncenter\"><a href=\"https:\/\/www.latribunedufaso.net\/wp-content\/uploads\/2025\/12\/IMG-20251204-WA0100.jpg\"><img loading=\"lazy\" decoding=\"async\" class=\"size-full wp-image-25426\" src=\"https:\/\/www.latribunedufaso.net\/wp-content\/uploads\/2025\/12\/IMG-20251204-WA0100.jpg\" alt=\"Le deuxi\u00e8me c\u00e9r\u00e9monial d\u2019hommage militaire mensuel au Capitaine Thomas Sankara s\u2019est tenu le jeudi 4 d\u00e9cembre 2025\" width=\"1073\" height=\"616\" srcset=\"https:\/\/www.latribunedufaso.net\/wp-content\/uploads\/2025\/12\/IMG-20251204-WA0100.jpg 1073w, https:\/\/www.latribunedufaso.net\/wp-content\/uploads\/2025\/12\/IMG-20251204-WA0100-300x172.jpg 300w, https:\/\/www.latribunedufaso.net\/wp-content\/uploads\/2025\/12\/IMG-20251204-WA0100-1024x588.jpg 1024w, https:\/\/www.latribunedufaso.net\/wp-content\/uploads\/2025\/12\/IMG-20251204-WA0100-768x441.jpg 768w\" sizes=\"auto, (max-width: 1073px) 100vw, 1073px\" \/><\/a><figcaption id=\"caption-attachment-25426\" class=\"wp-caption-text\">Une vue de l&rsquo;ex\u00e9cution du c\u00e9r\u00e9monial &#8211; Ph. A. Kiendrebeogo<\/figcaption><\/figure>\n<p>Gilbert Ou\u00e9draogo a \u00e9galement fait le point sur l\u2019avancement du m\u00e9morial Thomas Sankara, indiquant que les infrastructures visibles \u00e0 ce jour ne repr\u00e9sentent qu\u2019environ 10 % du projet global.<\/p>\n<p><em><strong>\u00ab Nous avons l\u2019ambition et l\u2019esp\u00e9rance de voir, dans des d\u00e9lais tr\u00e8s courts, les infrastructures r\u00e9alis\u00e9es dans leur enti\u00e8ret\u00e9. Pour y parvenir, nous avons besoin de la contribution de tous. C\u2019est pourquoi nous avons lanc\u00e9 la campagne Ma brique pour Sankara. Les contributions peuvent se faire de diverses mani\u00e8res, en nature ou en esp\u00e8ces, sans montant minimum. Le projet global repr\u00e9sente plusieurs centaines de milliards, et nous comptons sur chacun de vous \u00bb<\/strong><\/em>, a-t-il expliqu\u00e9.<\/p>\n<blockquote>\n<p>Lire aussi &gt;&gt; \u200e<a href=\"https:\/\/www.latribunedufaso.net\/?p=24754\">\u00ab Sankara vit toujours \u00bb : Lancement d\u2019un ceremonial militaire mensuel en hommage \u00e0 Thomas Sankara et ses compagnons<\/a><\/p>\n<\/blockquote>\n<p><iframe loading=\"lazy\" width=\"560\" height=\"315\" src=\"https:\/\/www.youtube.com\/embed\/ciZLrIEtFqw?si=U0uUtwCUHlqyFwU2\" title=\"YouTube video player\" frameborder=\"0\" allow=\"accelerometer; autoplay; clipboard-write; encrypted-media; gyroscope; picture-in-picture; web-share\" referrerpolicy=\"strict-origin-when-cross-origin\" allowfullscreen><\/iframe><\/p>\n<p>Un appel soutenu par le pr\u00e9sident du CSC, qui voit dans ce m\u00e9morial un lieu qui doit retracer <em><strong>\u00ab non seulement l\u2019histoire politique de notre pays, mais aussi servir de cadre de recueillement et de m\u00e9moire pour tous les peuples africains et pour tous les peuples \u00e9pris de paix, de souverainet\u00e9 et de justice \u00bb.<\/strong><\/em><\/p>\n<p><strong>Rosana Astride KIENDREBEOGO\u00a0<\/strong><\/p>\n<p><strong>Latribunedufaso.net<\/strong><\/p>\n<p><a href=\"https:\/\/www.latribunedufaso.net\/wp-content\/uploads\/2025\/12\/IMG-20251204-WA0107.jpg\"><img loading=\"lazy\" decoding=\"async\" class=\"aligncenter size-full wp-image-25423\" src=\"https:\/\/www.latribunedufaso.net\/wp-content\/uploads\/2025\/12\/IMG-20251204-WA0107.jpg\" alt=\"Le deuxi\u00e8me c\u00e9r\u00e9monial d\u2019hommage militaire mensuel au Capitaine Thomas Sankara s\u2019est tenu le jeudi 4 d\u00e9cembre 2025\" width=\"2560\" height=\"1443\" srcset=\"https:\/\/www.latribunedufaso.net\/wp-content\/uploads\/2025\/12\/IMG-20251204-WA0107.jpg 2560w, https:\/\/www.latribunedufaso.net\/wp-content\/uploads\/2025\/12\/IMG-20251204-WA0107-300x169.jpg 300w, https:\/\/www.latribunedufaso.net\/wp-content\/uploads\/2025\/12\/IMG-20251204-WA0107-1024x577.jpg 1024w, https:\/\/www.latribunedufaso.net\/wp-content\/uploads\/2025\/12\/IMG-20251204-WA0107-768x433.jpg 768w, https:\/\/www.latribunedufaso.net\/wp-content\/uploads\/2025\/12\/IMG-20251204-WA0107-1536x866.jpg 1536w, https:\/\/www.latribunedufaso.net\/wp-content\/uploads\/2025\/12\/IMG-20251204-WA0107-2048x1154.jpg 2048w\" sizes=\"auto, (max-width: 2560px) 100vw, 2560px\" \/><\/a><a href=\"https:\/\/www.latribunedufaso.net\/wp-content\/uploads\/2025\/12\/IMG-20251204-WA0103.jpg\"><img loading=\"lazy\" decoding=\"async\" class=\"aligncenter size-full wp-image-25425\" src=\"https:\/\/www.latribunedufaso.net\/wp-content\/uploads\/2025\/12\/IMG-20251204-WA0103.jpg\" alt=\"Le deuxi\u00e8me c\u00e9r\u00e9monial d\u2019hommage militaire mensuel au Capitaine Thomas Sankara s\u2019est tenu le jeudi 4 d\u00e9cembre 2025\" width=\"2560\" height=\"1616\" srcset=\"https:\/\/www.latribunedufaso.net\/wp-content\/uploads\/2025\/12\/IMG-20251204-WA0103.jpg 2560w, https:\/\/www.latribunedufaso.net\/wp-content\/uploads\/2025\/12\/IMG-20251204-WA0103-300x189.jpg 300w, https:\/\/www.latribunedufaso.net\/wp-content\/uploads\/2025\/12\/IMG-20251204-WA0103-1024x646.jpg 1024w, https:\/\/www.latribunedufaso.net\/wp-content\/uploads\/2025\/12\/IMG-20251204-WA0103-768x485.jpg 768w, https:\/\/www.latribunedufaso.net\/wp-content\/uploads\/2025\/12\/IMG-20251204-WA0103-1536x970.jpg 1536w, https:\/\/www.latribunedufaso.net\/wp-content\/uploads\/2025\/12\/IMG-20251204-WA0103-2048x1293.jpg 2048w\" sizes=\"auto, (max-width: 2560px) 100vw, 2560px\" \/><\/a><a href=\"https:\/\/www.latribunedufaso.net\/wp-content\/uploads\/2025\/12\/IMG-20251204-WA0107.jpg\"><\/a><a href=\"https:\/\/www.latribunedufaso.net\/wp-content\/uploads\/2025\/12\/FB_IMG_1764891772119.jpg\"><img loading=\"lazy\" decoding=\"async\" class=\"aligncenter size-full wp-image-25431\" src=\"https:\/\/www.latribunedufaso.net\/wp-content\/uploads\/2025\/12\/FB_IMG_1764891772119.jpg\" alt=\"Le deuxi\u00e8me c\u00e9r\u00e9monial d\u2019hommage militaire mensuel au Capitaine Thomas Sankara s\u2019est tenu le jeudi 4 d\u00e9cembre 2025\" width=\"1600\" height=\"1122\" srcset=\"https:\/\/www.latribunedufaso.net\/wp-content\/uploads\/2025\/12\/FB_IMG_1764891772119.jpg 1600w, https:\/\/www.latribunedufaso.net\/wp-content\/uploads\/2025\/12\/FB_IMG_1764891772119-300x210.jpg 300w, https:\/\/www.latribunedufaso.net\/wp-content\/uploads\/2025\/12\/FB_IMG_1764891772119-1024x718.jpg 1024w, https:\/\/www.latribunedufaso.net\/wp-content\/uploads\/2025\/12\/FB_IMG_1764891772119-768x539.jpg 768w, https:\/\/www.latribunedufaso.net\/wp-content\/uploads\/2025\/12\/FB_IMG_1764891772119-1536x1077.jpg 1536w\" sizes=\"auto, (max-width: 1600px) 100vw, 1600px\" \/><\/a><a href=\"https:\/\/www.latribunedufaso.net\/wp-content\/uploads\/2025\/12\/IMG-20251204-WA0107.jpg\"><\/a><\/p>\n","protected":false},"excerpt":{"rendered":"<p>Le deuxi\u00e8me c\u00e9r\u00e9monial d\u2019hommage militaire mensuel au Capitaine Thomas Sankara s\u2019est tenu le jeudi 4 d\u00e9cembre 2025 \u00e0 Ouagadougou. La c\u00e9r\u00e9monie, pr\u00e9sid\u00e9e par le pr\u00e9sident du CSC, Louis Modeste Ou\u00e9draogo, a r\u00e9uni des membres du gouvernement et partenaires pour rappeler la m\u00e9moire du p\u00e8re de la R\u00e9volution d\u2019ao\u00fbt 1983.<\/p>\n","protected":false},"author":5,"featured_media":25431,"comment_status":"open","ping_status":"open","sticky":false,"template":"","format":"standard","meta":{"footnotes":""},"categories":[13,1,30],"tags":[1751,1752,39,506],"class_list":["post-25421","post","type-post","status-publish","format-standard","has-post-thumbnail","hentry","category-une","category-actu","category-art-et-culture","tag-ceremonial-dhommage-militaire-thomas-sankara","tag-compagne-collective-ma-brique-pour-sankara","tag-latribunedufaso-net","tag-memorial-thomas-sankara"],"yoast_head":"<!-- This site is optimized with the Yoast SEO plugin v27.4 - https:\/\/yoast.com\/product\/yoast-seo-wordpress\/ -->\n<title>Premier jeudi du mois : Le m\u00e9morial Thomas Sankara accueille le deuxi\u00e8me c\u00e9r\u00e9monial mensuel d\u2019hommage au p\u00e8re de la r\u00e9volution 1983 - La Tribune du Faso<\/title>\n<meta name=\"robots\" content=\"index, follow, max-snippet:-1, max-image-preview:large, max-video-preview:-1\" \/>\n<link rel=\"canonical\" href=\"https:\/\/www.latribunedufaso.net\/?p=25421\" \/>\n<meta property=\"og:locale\" content=\"fr_FR\" \/>\n<meta property=\"og:type\" content=\"article\" \/>\n<meta property=\"og:title\" content=\"Premier jeudi du mois : Le m\u00e9morial Thomas Sankara accueille le deuxi\u00e8me c\u00e9r\u00e9monial mensuel d\u2019hommage au p\u00e8re de la r\u00e9volution 1983 - La Tribune du Faso\" \/>\n<meta property=\"og:description\" content=\"Le deuxi\u00e8me c\u00e9r\u00e9monial d\u2019hommage militaire mensuel au Capitaine Thomas Sankara s\u2019est tenu le jeudi 4 d\u00e9cembre 2025 \u00e0 Ouagadougou. La c\u00e9r\u00e9monie, pr\u00e9sid\u00e9e par le pr\u00e9sident du CSC, Louis Modeste Ou\u00e9draogo, a r\u00e9uni des membres du gouvernement et partenaires pour rappeler la m\u00e9moire du p\u00e8re de la R\u00e9volution d\u2019ao\u00fbt 1983.\" \/>\n<meta property=\"og:url\" content=\"https:\/\/www.latribunedufaso.net\/?p=25421\" \/>\n<meta property=\"og:site_name\" content=\"La Tribune du Faso\" \/>\n<meta property=\"article:publisher\" content=\"https:\/\/www.facebook.com\/LatribuneduFaso\/\" \/>\n<meta property=\"article:published_time\" content=\"2025-12-04T23:51:04+00:00\" \/>\n<meta property=\"article:modified_time\" content=\"2025-12-17T20:37:35+00:00\" \/>\n<meta property=\"og:image\" content=\"https:\/\/www.latribunedufaso.net\/wp-content\/uploads\/2025\/12\/FB_IMG_1764891772119.jpg\" \/>\n\t<meta property=\"og:image:width\" content=\"1600\" \/>\n\t<meta property=\"og:image:height\" content=\"1122\" \/>\n\t<meta property=\"og:image:type\" content=\"image\/jpeg\" \/>\n<meta name=\"author\" content=\"Issouf Tapsoba\" \/>\n<meta name=\"twitter:label1\" content=\"\u00c9crit par\" \/>\n\t<meta name=\"twitter:data1\" content=\"Issouf Tapsoba\" \/>\n\t<meta name=\"twitter:label2\" content=\"Dur\u00e9e de lecture estim\u00e9e\" \/>\n\t<meta name=\"twitter:data2\" content=\"5 minutes\" \/>\n<script type=\"application\/ld+json\" class=\"yoast-schema-graph\">{\"@context\":\"https:\\\/\\\/schema.org\",\"@graph\":[{\"@type\":\"Article\",\"@id\":\"https:\\\/\\\/www.latribunedufaso.net\\\/?p=25421#article\",\"isPartOf\":{\"@id\":\"https:\\\/\\\/www.latribunedufaso.net\\\/?p=25421\"},\"author\":{\"name\":\"Issouf Tapsoba\",\"@id\":\"https:\\\/\\\/www.latribunedufaso.net\\\/#\\\/schema\\\/person\\\/e54e64c5778a7e72cf80a318b7a622b0\"},\"headline\":\"Premier jeudi du mois : Le m\u00e9morial Thomas Sankara accueille le deuxi\u00e8me c\u00e9r\u00e9monial mensuel d\u2019hommage au p\u00e8re de la r\u00e9volution 1983\",\"datePublished\":\"2025-12-04T23:51:04+00:00\",\"dateModified\":\"2025-12-17T20:37:35+00:00\",\"mainEntityOfPage\":{\"@id\":\"https:\\\/\\\/www.latribunedufaso.net\\\/?p=25421\"},\"wordCount\":676,\"commentCount\":0,\"publisher\":{\"@id\":\"https:\\\/\\\/www.latribunedufaso.net\\\/#organization\"},\"image\":{\"@id\":\"https:\\\/\\\/www.latribunedufaso.net\\\/?p=25421#primaryimage\"},\"thumbnailUrl\":\"https:\\\/\\\/www.latribunedufaso.net\\\/wp-content\\\/uploads\\\/2025\\\/12\\\/FB_IMG_1764891772119.jpg\",\"keywords\":[\"Ceremonial d'hommage militaire Thomas Sankara\",\"Compagne collective Ma brique pour Sankara\",\"latribunedufaso.net\",\"M\u00e9morial Thomas Sankara\"],\"articleSection\":[\"A la une\",\"Actualit\u00e9\",\"Art et Culture\"],\"inLanguage\":\"fr-FR\",\"potentialAction\":[{\"@type\":\"CommentAction\",\"name\":\"Comment\",\"target\":[\"https:\\\/\\\/www.latribunedufaso.net\\\/?p=25421#respond\"]}]},{\"@type\":\"WebPage\",\"@id\":\"https:\\\/\\\/www.latribunedufaso.net\\\/?p=25421\",\"url\":\"https:\\\/\\\/www.latribunedufaso.net\\\/?p=25421\",\"name\":\"Premier jeudi du mois : Le m\u00e9morial Thomas Sankara accueille le deuxi\u00e8me c\u00e9r\u00e9monial mensuel d\u2019hommage au p\u00e8re de la r\u00e9volution 1983 - La Tribune du Faso\",\"isPartOf\":{\"@id\":\"https:\\\/\\\/www.latribunedufaso.net\\\/#website\"},\"primaryImageOfPage\":{\"@id\":\"https:\\\/\\\/www.latribunedufaso.net\\\/?p=25421#primaryimage\"},\"image\":{\"@id\":\"https:\\\/\\\/www.latribunedufaso.net\\\/?p=25421#primaryimage\"},\"thumbnailUrl\":\"https:\\\/\\\/www.latribunedufaso.net\\\/wp-content\\\/uploads\\\/2025\\\/12\\\/FB_IMG_1764891772119.jpg\",\"datePublished\":\"2025-12-04T23:51:04+00:00\",\"dateModified\":\"2025-12-17T20:37:35+00:00\",\"breadcrumb\":{\"@id\":\"https:\\\/\\\/www.latribunedufaso.net\\\/?p=25421#breadcrumb\"},\"inLanguage\":\"fr-FR\",\"potentialAction\":[{\"@type\":\"ReadAction\",\"target\":[\"https:\\\/\\\/www.latribunedufaso.net\\\/?p=25421\"]}]},{\"@type\":\"ImageObject\",\"inLanguage\":\"fr-FR\",\"@id\":\"https:\\\/\\\/www.latribunedufaso.net\\\/?p=25421#primaryimage\",\"url\":\"https:\\\/\\\/www.latribunedufaso.net\\\/wp-content\\\/uploads\\\/2025\\\/12\\\/FB_IMG_1764891772119.jpg\",\"contentUrl\":\"https:\\\/\\\/www.latribunedufaso.net\\\/wp-content\\\/uploads\\\/2025\\\/12\\\/FB_IMG_1764891772119.jpg\",\"width\":1600,\"height\":1122,\"caption\":\"Le deuxi\u00e8me c\u00e9r\u00e9monial d\u2019hommage militaire mensuel au Capitaine Thomas Sankara s\u2019est tenu le jeudi 4 d\u00e9cembre 2025\"},{\"@type\":\"BreadcrumbList\",\"@id\":\"https:\\\/\\\/www.latribunedufaso.net\\\/?p=25421#breadcrumb\",\"itemListElement\":[{\"@type\":\"ListItem\",\"position\":1,\"name\":\"Accueil\",\"item\":\"https:\\\/\\\/www.latribunedufaso.net\\\/\"},{\"@type\":\"ListItem\",\"position\":2,\"name\":\"Premier jeudi du mois : Le m\u00e9morial Thomas Sankara accueille le deuxi\u00e8me c\u00e9r\u00e9monial mensuel d\u2019hommage au p\u00e8re de la r\u00e9volution 1983\"}]},{\"@type\":\"WebSite\",\"@id\":\"https:\\\/\\\/www.latribunedufaso.net\\\/#website\",\"url\":\"https:\\\/\\\/www.latribunedufaso.net\\\/\",\"name\":\"La Tribune du Faso\",\"description\":\"L&#039;information du monde rural en un clic\",\"publisher\":{\"@id\":\"https:\\\/\\\/www.latribunedufaso.net\\\/#organization\"},\"potentialAction\":[{\"@type\":\"SearchAction\",\"target\":{\"@type\":\"EntryPoint\",\"urlTemplate\":\"https:\\\/\\\/www.latribunedufaso.net\\\/?s={search_term_string}\"},\"query-input\":{\"@type\":\"PropertyValueSpecification\",\"valueRequired\":true,\"valueName\":\"search_term_string\"}}],\"inLanguage\":\"fr-FR\"},{\"@type\":\"Organization\",\"@id\":\"https:\\\/\\\/www.latribunedufaso.net\\\/#organization\",\"name\":\"La Tribune du Faso\",\"url\":\"https:\\\/\\\/www.latribunedufaso.net\\\/\",\"logo\":{\"@type\":\"ImageObject\",\"inLanguage\":\"fr-FR\",\"@id\":\"https:\\\/\\\/www.latribunedufaso.net\\\/#\\\/schema\\\/logo\\\/image\\\/\",\"url\":\"https:\\\/\\\/www.latribunedufaso.net\\\/wp-content\\\/uploads\\\/2020\\\/08\\\/Logo-Tribune-du-Faso-final-scaled.jpg\",\"contentUrl\":\"https:\\\/\\\/www.latribunedufaso.net\\\/wp-content\\\/uploads\\\/2020\\\/08\\\/Logo-Tribune-du-Faso-final-scaled.jpg\",\"width\":2560,\"height\":1856,\"caption\":\"La Tribune du Faso\"},\"image\":{\"@id\":\"https:\\\/\\\/www.latribunedufaso.net\\\/#\\\/schema\\\/logo\\\/image\\\/\"},\"sameAs\":[\"https:\\\/\\\/www.facebook.com\\\/LatribuneduFaso\\\/\"]},{\"@type\":\"Person\",\"@id\":\"https:\\\/\\\/www.latribunedufaso.net\\\/#\\\/schema\\\/person\\\/e54e64c5778a7e72cf80a318b7a622b0\",\"name\":\"Issouf Tapsoba\",\"image\":{\"@type\":\"ImageObject\",\"inLanguage\":\"fr-FR\",\"@id\":\"https:\\\/\\\/secure.gravatar.com\\\/avatar\\\/5e6c05150ce3230247d167f5b94d678eb05936197436d69b7921e3a95c9107ac?s=96&d=mm&r=g\",\"url\":\"https:\\\/\\\/secure.gravatar.com\\\/avatar\\\/5e6c05150ce3230247d167f5b94d678eb05936197436d69b7921e3a95c9107ac?s=96&d=mm&r=g\",\"contentUrl\":\"https:\\\/\\\/secure.gravatar.com\\\/avatar\\\/5e6c05150ce3230247d167f5b94d678eb05936197436d69b7921e3a95c9107ac?s=96&d=mm&r=g\",\"caption\":\"Issouf Tapsoba\"},\"url\":\"https:\\\/\\\/www.latribunedufaso.net\\\/?author=5\"}]}<\/script>\n<!-- \/ Yoast SEO plugin. -->","yoast_head_json":{"title":"Premier jeudi du mois : Le m\u00e9morial Thomas Sankara accueille le deuxi\u00e8me c\u00e9r\u00e9monial mensuel d\u2019hommage au p\u00e8re de la r\u00e9volution 1983 - La Tribune du Faso","robots":{"index":"index","follow":"follow","max-snippet":"max-snippet:-1","max-image-preview":"max-image-preview:large","max-video-preview":"max-video-preview:-1"},"canonical":"https:\/\/www.latribunedufaso.net\/?p=25421","og_locale":"fr_FR","og_type":"article","og_title":"Premier jeudi du mois : Le m\u00e9morial Thomas Sankara accueille le deuxi\u00e8me c\u00e9r\u00e9monial mensuel d\u2019hommage au p\u00e8re de la r\u00e9volution 1983 - La Tribune du Faso","og_description":"Le deuxi\u00e8me c\u00e9r\u00e9monial d\u2019hommage militaire mensuel au Capitaine Thomas Sankara s\u2019est tenu le jeudi 4 d\u00e9cembre 2025 \u00e0 Ouagadougou. La c\u00e9r\u00e9monie, pr\u00e9sid\u00e9e par le pr\u00e9sident du CSC, Louis Modeste Ou\u00e9draogo, a r\u00e9uni des membres du gouvernement et partenaires pour rappeler la m\u00e9moire du p\u00e8re de la R\u00e9volution d\u2019ao\u00fbt 1983.","og_url":"https:\/\/www.latribunedufaso.net\/?p=25421","og_site_name":"La Tribune du Faso","article_publisher":"https:\/\/www.facebook.com\/LatribuneduFaso\/","article_published_time":"2025-12-04T23:51:04+00:00","article_modified_time":"2025-12-17T20:37:35+00:00","og_image":[{"width":1600,"height":1122,"url":"https:\/\/www.latribunedufaso.net\/wp-content\/uploads\/2025\/12\/FB_IMG_1764891772119.jpg","type":"image\/jpeg"}],"author":"Issouf Tapsoba","twitter_misc":{"\u00c9crit par":"Issouf Tapsoba","Dur\u00e9e de lecture estim\u00e9e":"5 minutes"},"schema":{"@context":"https:\/\/schema.org","@graph":[{"@type":"Article","@id":"https:\/\/www.latribunedufaso.net\/?p=25421#article","isPartOf":{"@id":"https:\/\/www.latribunedufaso.net\/?p=25421"},"author":{"name":"Issouf Tapsoba","@id":"https:\/\/www.latribunedufaso.net\/#\/schema\/person\/e54e64c5778a7e72cf80a318b7a622b0"},"headline":"Premier jeudi du mois : Le m\u00e9morial Thomas Sankara accueille le deuxi\u00e8me c\u00e9r\u00e9monial mensuel d\u2019hommage au p\u00e8re de la r\u00e9volution 1983","datePublished":"2025-12-04T23:51:04+00:00","dateModified":"2025-12-17T20:37:35+00:00","mainEntityOfPage":{"@id":"https:\/\/www.latribunedufaso.net\/?p=25421"},"wordCount":676,"commentCount":0,"publisher":{"@id":"https:\/\/www.latribunedufaso.net\/#organization"},"image":{"@id":"https:\/\/www.latribunedufaso.net\/?p=25421#primaryimage"},"thumbnailUrl":"https:\/\/www.latribunedufaso.net\/wp-content\/uploads\/2025\/12\/FB_IMG_1764891772119.jpg","keywords":["Ceremonial d'hommage militaire Thomas Sankara","Compagne collective Ma brique pour Sankara","latribunedufaso.net","M\u00e9morial Thomas Sankara"],"articleSection":["A la une","Actualit\u00e9","Art et Culture"],"inLanguage":"fr-FR","potentialAction":[{"@type":"CommentAction","name":"Comment","target":["https:\/\/www.latribunedufaso.net\/?p=25421#respond"]}]},{"@type":"WebPage","@id":"https:\/\/www.latribunedufaso.net\/?p=25421","url":"https:\/\/www.latribunedufaso.net\/?p=25421","name":"Premier jeudi du mois : Le m\u00e9morial Thomas Sankara accueille le deuxi\u00e8me c\u00e9r\u00e9monial mensuel d\u2019hommage au p\u00e8re de la r\u00e9volution 1983 - La Tribune du Faso","isPartOf":{"@id":"https:\/\/www.latribunedufaso.net\/#website"},"primaryImageOfPage":{"@id":"https:\/\/www.latribunedufaso.net\/?p=25421#primaryimage"},"image":{"@id":"https:\/\/www.latribunedufaso.net\/?p=25421#primaryimage"},"thumbnailUrl":"https:\/\/www.latribunedufaso.net\/wp-content\/uploads\/2025\/12\/FB_IMG_1764891772119.jpg","datePublished":"2025-12-04T23:51:04+00:00","dateModified":"2025-12-17T20:37:35+00:00","breadcrumb":{"@id":"https:\/\/www.latribunedufaso.net\/?p=25421#breadcrumb"},"inLanguage":"fr-FR","potentialAction":[{"@type":"ReadAction","target":["https:\/\/www.latribunedufaso.net\/?p=25421"]}]},{"@type":"ImageObject","inLanguage":"fr-FR","@id":"https:\/\/www.latribunedufaso.net\/?p=25421#primaryimage","url":"https:\/\/www.latribunedufaso.net\/wp-content\/uploads\/2025\/12\/FB_IMG_1764891772119.jpg","contentUrl":"https:\/\/www.latribunedufaso.net\/wp-content\/uploads\/2025\/12\/FB_IMG_1764891772119.jpg","width":1600,"height":1122,"caption":"Le deuxi\u00e8me c\u00e9r\u00e9monial d\u2019hommage militaire mensuel au Capitaine Thomas Sankara s\u2019est tenu le jeudi 4 d\u00e9cembre 2025"},{"@type":"BreadcrumbList","@id":"https:\/\/www.latribunedufaso.net\/?p=25421#breadcrumb","itemListElement":[{"@type":"ListItem","position":1,"name":"Accueil","item":"https:\/\/www.latribunedufaso.net\/"},{"@type":"ListItem","position":2,"name":"Premier jeudi du mois : Le m\u00e9morial Thomas Sankara accueille le deuxi\u00e8me c\u00e9r\u00e9monial mensuel d\u2019hommage au p\u00e8re de la r\u00e9volution 1983"}]},{"@type":"WebSite","@id":"https:\/\/www.latribunedufaso.net\/#website","url":"https:\/\/www.latribunedufaso.net\/","name":"La Tribune du Faso","description":"L&#039;information du monde rural en un clic","publisher":{"@id":"https:\/\/www.latribunedufaso.net\/#organization"},"potentialAction":[{"@type":"SearchAction","target":{"@type":"EntryPoint","urlTemplate":"https:\/\/www.latribunedufaso.net\/?s={search_term_string}"},"query-input":{"@type":"PropertyValueSpecification","valueRequired":true,"valueName":"search_term_string"}}],"inLanguage":"fr-FR"},{"@type":"Organization","@id":"https:\/\/www.latribunedufaso.net\/#organization","name":"La Tribune du Faso","url":"https:\/\/www.latribunedufaso.net\/","logo":{"@type":"ImageObject","inLanguage":"fr-FR","@id":"https:\/\/www.latribunedufaso.net\/#\/schema\/logo\/image\/","url":"https:\/\/www.latribunedufaso.net\/wp-content\/uploads\/2020\/08\/Logo-Tribune-du-Faso-final-scaled.jpg","contentUrl":"https:\/\/www.latribunedufaso.net\/wp-content\/uploads\/2020\/08\/Logo-Tribune-du-Faso-final-scaled.jpg","width":2560,"height":1856,"caption":"La Tribune du Faso"},"image":{"@id":"https:\/\/www.latribunedufaso.net\/#\/schema\/logo\/image\/"},"sameAs":["https:\/\/www.facebook.com\/LatribuneduFaso\/"]},{"@type":"Person","@id":"https:\/\/www.latribunedufaso.net\/#\/schema\/person\/e54e64c5778a7e72cf80a318b7a622b0","name":"Issouf Tapsoba","image":{"@type":"ImageObject","inLanguage":"fr-FR","@id":"https:\/\/secure.gravatar.com\/avatar\/5e6c05150ce3230247d167f5b94d678eb05936197436d69b7921e3a95c9107ac?s=96&d=mm&r=g","url":"https:\/\/secure.gravatar.com\/avatar\/5e6c05150ce3230247d167f5b94d678eb05936197436d69b7921e3a95c9107ac?s=96&d=mm&r=g","contentUrl":"https:\/\/secure.gravatar.com\/avatar\/5e6c05150ce3230247d167f5b94d678eb05936197436d69b7921e3a95c9107ac?s=96&d=mm&r=g","caption":"Issouf Tapsoba"},"url":"https:\/\/www.latribunedufaso.net\/?author=5"}]}},"_links":{"self":[{"href":"https:\/\/www.latribunedufaso.net\/index.php?rest_route=\/wp\/v2\/posts\/25421","targetHints":{"allow":["GET"]}}],"collection":[{"href":"https:\/\/www.latribunedufaso.net\/index.php?rest_route=\/wp\/v2\/posts"}],"about":[{"href":"https:\/\/www.latribunedufaso.net\/index.php?rest_route=\/wp\/v2\/types\/post"}],"author":[{"embeddable":true,"href":"https:\/\/www.latribunedufaso.net\/index.php?rest_route=\/wp\/v2\/users\/5"}],"replies":[{"embeddable":true,"href":"https:\/\/www.latribunedufaso.net\/index.php?rest_route=%2Fwp%2Fv2%2Fcomments&post=25421"}],"version-history":[{"count":5,"href":"https:\/\/www.latribunedufaso.net\/index.php?rest_route=\/wp\/v2\/posts\/25421\/revisions"}],"predecessor-version":[{"id":25901,"href":"https:\/\/www.latribunedufaso.net\/index.php?rest_route=\/wp\/v2\/posts\/25421\/revisions\/25901"}],"wp:featuredmedia":[{"embeddable":true,"href":"https:\/\/www.latribunedufaso.net\/index.php?rest_route=\/wp\/v2\/media\/25431"}],"wp:attachment":[{"href":"https:\/\/www.latribunedufaso.net\/index.php?rest_route=%2Fwp%2Fv2%2Fmedia&parent=25421"}],"wp:term":[{"taxonomy":"category","embeddable":true,"href":"https:\/\/www.latribunedufaso.net\/index.php?rest_route=%2Fwp%2Fv2%2Fcategories&post=25421"},{"taxonomy":"post_tag","embeddable":true,"href":"https:\/\/www.latribunedufaso.net\/index.php?rest_route=%2Fwp%2Fv2%2Ftags&post=25421"}],"curies":[{"name":"wp","href":"https:\/\/api.w.org\/{rel}","templated":true}]}}