{"id":25353,"date":"2025-12-03T11:51:00","date_gmt":"2025-12-03T11:51:00","guid":{"rendered":"https:\/\/www.latribunedufaso.net\/?p=25353"},"modified":"2025-12-03T11:51:00","modified_gmt":"2025-12-03T11:51:00","slug":"conseil-burkinabe-des-chargeurs-denise-bado-bouda-prend-officiellement-les-renes-de-linstitution","status":"publish","type":"post","link":"https:\/\/www.latribunedufaso.net\/?p=25353","title":{"rendered":"Conseil burkinab\u00e8 des Chargeurs : Denise Bado\/Bouda prend officiellement les r\u00eanes de l&rsquo;institution"},"content":{"rendered":"<p><strong>La passation de charges \u00e0 la t\u00eate du Conseil burkinab\u00e8 des Chargeurs (CBC) est d\u00e9sormais effective. Le mardi 2 d\u00e9cembre 2025, \u00e0 Ouagadougou, Denise Bado\/Bouda a \u00e9t\u00e9 install\u00e9e officiellement dans ses fonctions de Directrice G\u00e9n\u00e9rale par le Secr\u00e9taire G\u00e9n\u00e9ral du minist\u00e8re de l\u2019Administration territoriale et de la Mobilit\u00e9 (MATM), Sa\u00efdou Sankara. Nomm\u00e9e lors du Conseil des ministres du 20 novembre 2025, elle devient la premi\u00e8re femme \u00e0 diriger cette institution depuis sa cr\u00e9ation en 1978.<\/strong><!--more--><\/p>\n<p>Dans son discours, la nouvelle directrice g\u00e9n\u00e9rale a exprim\u00e9 sa gratitude aux plus hautes autorit\u00e9s du Burkina Faso, en particulier au Pr\u00e9sident du Faso, le Capitaine Ibrahim Traor\u00e9, pour la confiance plac\u00e9e en elle. Elle a \u00e9galement r\u00e9affirm\u00e9 son engagement \u00e0 diriger le CBC avec rigueur, int\u00e9grit\u00e9 et une forte culture du r\u00e9sultat.<\/p>\n<figure id=\"attachment_25356\" aria-describedby=\"caption-attachment-25356\" style=\"width: 2048px\" class=\"wp-caption aligncenter\"><a href=\"https:\/\/www.latribunedufaso.net\/wp-content\/uploads\/2025\/12\/FB_IMG_1764762096801.jpg\"><img loading=\"lazy\" decoding=\"async\" class=\"size-full wp-image-25356\" src=\"https:\/\/www.latribunedufaso.net\/wp-content\/uploads\/2025\/12\/FB_IMG_1764762096801.jpg\" alt=\"La nouvelle DG du CBC Denise Bado\/Bouda, officiellement install\u00e9e, 2 d\u00e9cembre 2025\" width=\"2048\" height=\"1659\" srcset=\"https:\/\/www.latribunedufaso.net\/wp-content\/uploads\/2025\/12\/FB_IMG_1764762096801.jpg 2048w, https:\/\/www.latribunedufaso.net\/wp-content\/uploads\/2025\/12\/FB_IMG_1764762096801-300x243.jpg 300w, https:\/\/www.latribunedufaso.net\/wp-content\/uploads\/2025\/12\/FB_IMG_1764762096801-1024x830.jpg 1024w, https:\/\/www.latribunedufaso.net\/wp-content\/uploads\/2025\/12\/FB_IMG_1764762096801-768x622.jpg 768w, https:\/\/www.latribunedufaso.net\/wp-content\/uploads\/2025\/12\/FB_IMG_1764762096801-1536x1244.jpg 1536w\" sizes=\"auto, (max-width: 2048px) 100vw, 2048px\" \/><\/a><figcaption id=\"caption-attachment-25356\" class=\"wp-caption-text\">La nouvelle DG du CBC, Denise Bado\/Bouda &#8211; Ph. DR<\/figcaption><\/figure>\n<p>D\u00e9voilant les grandes lignes de sa feuille de route, Mme Bado\/Bouda a annonc\u00e9 la consolidation des acquis du CBC, mais \u00e9galement l\u2019exploration de nouvelles perspectives. Ses priorit\u00e9s incluent notamment la digitalisation des services, l\u2019am\u00e9lioration de la comp\u00e9titivit\u00e9 internationale du CBC, de la qualit\u00e9 des prestations aux chargeurs, le renforcement des capacit\u00e9s des op\u00e9rateurs, et la lutte contre les frais portuaires excessifs, qui ont un impact direct sur le pouvoir d\u2019achat des Burkinab\u00e8.<\/p>\n<figure id=\"attachment_25358\" aria-describedby=\"caption-attachment-25358\" style=\"width: 2048px\" class=\"wp-caption aligncenter\"><a href=\"https:\/\/www.latribunedufaso.net\/wp-content\/uploads\/2025\/12\/FB_IMG_1764762121850.jpg\"><img loading=\"lazy\" decoding=\"async\" class=\"size-full wp-image-25358\" src=\"https:\/\/www.latribunedufaso.net\/wp-content\/uploads\/2025\/12\/FB_IMG_1764762121850.jpg\" alt=\"La nouvelle DG du CBC Denise Bado\/Bouda, officiellement install\u00e9e, 2 d\u00e9cembre 2025\" width=\"2048\" height=\"1414\" srcset=\"https:\/\/www.latribunedufaso.net\/wp-content\/uploads\/2025\/12\/FB_IMG_1764762121850.jpg 2048w, https:\/\/www.latribunedufaso.net\/wp-content\/uploads\/2025\/12\/FB_IMG_1764762121850-300x207.jpg 300w, https:\/\/www.latribunedufaso.net\/wp-content\/uploads\/2025\/12\/FB_IMG_1764762121850-1024x707.jpg 1024w, https:\/\/www.latribunedufaso.net\/wp-content\/uploads\/2025\/12\/FB_IMG_1764762121850-768x530.jpg 768w, https:\/\/www.latribunedufaso.net\/wp-content\/uploads\/2025\/12\/FB_IMG_1764762121850-1536x1061.jpg 1536w\" sizes=\"auto, (max-width: 2048px) 100vw, 2048px\" \/><\/a><figcaption id=\"caption-attachment-25358\" class=\"wp-caption-text\">Une vue des participants \u00e0 la c\u00e9r\u00e9monie &#8211; Ph. DR<\/figcaption><\/figure>\n<p>Son pr\u00e9d\u00e9cesseur, Dr Kassoum Traor\u00e9, a quant \u00e0 lui exprim\u00e9 sa reconnaissance au ministre d\u2019\u00c9tat, ministre de l\u2019Administration territoriale et de la Mobilit\u00e9, pour son soutien tout au long de ses trois ann\u00e9es et cinq mois de mandat. <em><strong>\u00ab Je pars avec le sentiment du devoir accompli \u00bb<\/strong><\/em>, a-t-il d\u00e9clar\u00e9, tout en formulant des v\u0153ux de succ\u00e8s \u00e0 la nouvelle \u00e9quipe.<\/p>\n<blockquote>\n<p>Lire aussi &gt;&gt; <a href=\"https:\/\/www.latribunedufaso.net\/?p=20840\">Journ\u00e9es du Chargeur Tchadien : Le CBC pr\u00e9sent \u00e0 la 2e \u00e9dition\u00a0<\/a><\/p>\n<\/blockquote>\n<p>Le SG du MATM, Sa\u00efdou Sankara, a salu\u00e9 les efforts du DG sortant et f\u00e9licit\u00e9 Mme Bado\/Bouda pour sa nomination. Il a rappel\u00e9 l\u2019importance strat\u00e9gique du CBC dans la cha\u00eene logistique nationale et l\u2019a encourag\u00e9e \u00e0 promouvoir une gouvernance fond\u00e9e sur la transparence, l\u2019\u00e9coute et l\u2019inclusion. Il a \u00e9galement r\u00e9affirm\u00e9 l\u2019accompagnement du minist\u00e8re pour la r\u00e9ussite de cette nouvelle dynamique.<\/p>\n<p><strong>Latribunedufaso.net<\/strong><\/p>\n<p><strong>Source : DCRP\/MATM<\/strong><\/p>\n<p><a href=\"https:\/\/www.latribunedufaso.net\/wp-content\/uploads\/2025\/12\/FB_IMG_1764762137019.jpg\"><img loading=\"lazy\" decoding=\"async\" class=\"aligncenter size-full wp-image-25359\" src=\"https:\/\/www.latribunedufaso.net\/wp-content\/uploads\/2025\/12\/FB_IMG_1764762137019.jpg\" alt=\"La nouvelle DG du CBC Denise Bado\/Bouda, officiellement install\u00e9e, 2 d\u00e9cembre 2025\" width=\"2048\" height=\"1469\" srcset=\"https:\/\/www.latribunedufaso.net\/wp-content\/uploads\/2025\/12\/FB_IMG_1764762137019.jpg 2048w, https:\/\/www.latribunedufaso.net\/wp-content\/uploads\/2025\/12\/FB_IMG_1764762137019-300x215.jpg 300w, https:\/\/www.latribunedufaso.net\/wp-content\/uploads\/2025\/12\/FB_IMG_1764762137019-1024x735.jpg 1024w, https:\/\/www.latribunedufaso.net\/wp-content\/uploads\/2025\/12\/FB_IMG_1764762137019-768x551.jpg 768w, https:\/\/www.latribunedufaso.net\/wp-content\/uploads\/2025\/12\/FB_IMG_1764762137019-1536x1102.jpg 1536w, https:\/\/www.latribunedufaso.net\/wp-content\/uploads\/2025\/12\/FB_IMG_1764762137019-90x65.jpg 90w\" sizes=\"auto, (max-width: 2048px) 100vw, 2048px\" \/><\/a><a href=\"https:\/\/www.latribunedufaso.net\/wp-content\/uploads\/2025\/12\/FB_IMG_1764762108071.jpg\"><img loading=\"lazy\" decoding=\"async\" class=\"aligncenter size-full wp-image-25357\" src=\"https:\/\/www.latribunedufaso.net\/wp-content\/uploads\/2025\/12\/FB_IMG_1764762108071.jpg\" alt=\"La nouvelle DG du CBC Denise Bado\/Bouda, officiellement install\u00e9e, 2 d\u00e9cembre 2025\" width=\"2048\" height=\"1341\" srcset=\"https:\/\/www.latribunedufaso.net\/wp-content\/uploads\/2025\/12\/FB_IMG_1764762108071.jpg 2048w, https:\/\/www.latribunedufaso.net\/wp-content\/uploads\/2025\/12\/FB_IMG_1764762108071-300x196.jpg 300w, https:\/\/www.latribunedufaso.net\/wp-content\/uploads\/2025\/12\/FB_IMG_1764762108071-1024x671.jpg 1024w, https:\/\/www.latribunedufaso.net\/wp-content\/uploads\/2025\/12\/FB_IMG_1764762108071-768x503.jpg 768w, https:\/\/www.latribunedufaso.net\/wp-content\/uploads\/2025\/12\/FB_IMG_1764762108071-1536x1006.jpg 1536w, https:\/\/www.latribunedufaso.net\/wp-content\/uploads\/2025\/12\/FB_IMG_1764762108071-120x80.jpg 120w\" sizes=\"auto, (max-width: 2048px) 100vw, 2048px\" \/><\/a><\/p>\n","protected":false},"excerpt":{"rendered":"<p>La passation de charges \u00e0 la t\u00eate du Conseil burkinab\u00e8 des Chargeurs (CBC) est d\u00e9sormais effective. Le mardi 2 d\u00e9cembre 2025, \u00e0 Ouagadougou, Denise Bado\/Bouda a \u00e9t\u00e9 install\u00e9e officiellement dans ses fonctions de Directrice G\u00e9n\u00e9rale par le Secr\u00e9taire G\u00e9n\u00e9ral du minist\u00e8re de l\u2019Administration territoriale et de la Mobilit\u00e9 (MATM), Sa\u00efdou Sankara. Nomm\u00e9e lors du Conseil des ministres du 20 novembre 2025, elle devient la premi\u00e8re femme \u00e0 diriger cette institution depuis sa cr\u00e9ation en 1978.<\/p>\n","protected":false},"author":5,"featured_media":25355,"comment_status":"open","ping_status":"open","sticky":false,"template":"","format":"standard","meta":{"footnotes":""},"categories":[13,1,8],"tags":[1091,39,537],"class_list":["post-25353","post","type-post","status-publish","format-standard","has-post-thumbnail","hentry","category-une","category-actu","category-societe","tag-cbc","tag-latribunedufaso-net","tag-passation-charges"],"yoast_head":"<!-- This site is optimized with the Yoast SEO plugin v27.5 - https:\/\/yoast.com\/product\/yoast-seo-wordpress\/ -->\n<title>Conseil burkinab\u00e8 des Chargeurs : Denise Bado\/Bouda prend officiellement les r\u00eanes de l&#039;institution - La Tribune du Faso<\/title>\n<meta name=\"robots\" content=\"index, follow, max-snippet:-1, max-image-preview:large, max-video-preview:-1\" \/>\n<link rel=\"canonical\" href=\"https:\/\/www.latribunedufaso.net\/?p=25353\" \/>\n<meta property=\"og:locale\" content=\"fr_FR\" \/>\n<meta property=\"og:type\" content=\"article\" \/>\n<meta property=\"og:title\" content=\"Conseil burkinab\u00e8 des Chargeurs : Denise Bado\/Bouda prend officiellement les r\u00eanes de l&#039;institution - La Tribune du Faso\" \/>\n<meta property=\"og:description\" content=\"La passation de charges \u00e0 la t\u00eate du Conseil burkinab\u00e8 des Chargeurs (CBC) est d\u00e9sormais effective. Le mardi 2 d\u00e9cembre 2025, \u00e0 Ouagadougou, Denise Bado\/Bouda a \u00e9t\u00e9 install\u00e9e officiellement dans ses fonctions de Directrice G\u00e9n\u00e9rale par le Secr\u00e9taire G\u00e9n\u00e9ral du minist\u00e8re de l\u2019Administration territoriale et de la Mobilit\u00e9 (MATM), Sa\u00efdou Sankara. Nomm\u00e9e lors du Conseil des ministres du 20 novembre 2025, elle devient la premi\u00e8re femme \u00e0 diriger cette institution depuis sa cr\u00e9ation en 1978.\" \/>\n<meta property=\"og:url\" content=\"https:\/\/www.latribunedufaso.net\/?p=25353\" \/>\n<meta property=\"og:site_name\" content=\"La Tribune du Faso\" \/>\n<meta property=\"article:publisher\" content=\"https:\/\/www.facebook.com\/LatribuneduFaso\/\" \/>\n<meta property=\"article:published_time\" content=\"2025-12-03T11:51:00+00:00\" \/>\n<meta property=\"og:image\" content=\"https:\/\/www.latribunedufaso.net\/wp-content\/uploads\/2025\/12\/FB_IMG_1764762090330.jpg\" \/>\n\t<meta property=\"og:image:width\" content=\"2048\" \/>\n\t<meta property=\"og:image:height\" content=\"1779\" \/>\n\t<meta property=\"og:image:type\" content=\"image\/jpeg\" \/>\n<meta name=\"author\" content=\"Issouf Tapsoba\" \/>\n<meta name=\"twitter:label1\" content=\"\u00c9crit par\" \/>\n\t<meta name=\"twitter:data1\" content=\"Issouf Tapsoba\" \/>\n\t<meta name=\"twitter:label2\" content=\"Dur\u00e9e de lecture estim\u00e9e\" \/>\n\t<meta name=\"twitter:data2\" content=\"3 minutes\" \/>\n<script type=\"application\/ld+json\" class=\"yoast-schema-graph\">{\"@context\":\"https:\\\/\\\/schema.org\",\"@graph\":[{\"@type\":\"Article\",\"@id\":\"https:\\\/\\\/www.latribunedufaso.net\\\/?p=25353#article\",\"isPartOf\":{\"@id\":\"https:\\\/\\\/www.latribunedufaso.net\\\/?p=25353\"},\"author\":{\"name\":\"Issouf Tapsoba\",\"@id\":\"https:\\\/\\\/www.latribunedufaso.net\\\/#\\\/schema\\\/person\\\/e54e64c5778a7e72cf80a318b7a622b0\"},\"headline\":\"Conseil burkinab\u00e8 des Chargeurs : Denise Bado\\\/Bouda prend officiellement les r\u00eanes de l&rsquo;institution\",\"datePublished\":\"2025-12-03T11:51:00+00:00\",\"mainEntityOfPage\":{\"@id\":\"https:\\\/\\\/www.latribunedufaso.net\\\/?p=25353\"},\"wordCount\":436,\"commentCount\":0,\"publisher\":{\"@id\":\"https:\\\/\\\/www.latribunedufaso.net\\\/#organization\"},\"image\":{\"@id\":\"https:\\\/\\\/www.latribunedufaso.net\\\/?p=25353#primaryimage\"},\"thumbnailUrl\":\"https:\\\/\\\/www.latribunedufaso.net\\\/wp-content\\\/uploads\\\/2025\\\/12\\\/FB_IMG_1764762090330.jpg\",\"keywords\":[\"CBC\",\"latribunedufaso.net\",\"Passation charges\"],\"articleSection\":[\"A la une\",\"Actualit\u00e9\",\"Soci\u00e9t\u00e9\"],\"inLanguage\":\"fr-FR\",\"potentialAction\":[{\"@type\":\"CommentAction\",\"name\":\"Comment\",\"target\":[\"https:\\\/\\\/www.latribunedufaso.net\\\/?p=25353#respond\"]}]},{\"@type\":\"WebPage\",\"@id\":\"https:\\\/\\\/www.latribunedufaso.net\\\/?p=25353\",\"url\":\"https:\\\/\\\/www.latribunedufaso.net\\\/?p=25353\",\"name\":\"Conseil burkinab\u00e8 des Chargeurs : Denise Bado\\\/Bouda prend officiellement les r\u00eanes de l'institution - La Tribune du Faso\",\"isPartOf\":{\"@id\":\"https:\\\/\\\/www.latribunedufaso.net\\\/#website\"},\"primaryImageOfPage\":{\"@id\":\"https:\\\/\\\/www.latribunedufaso.net\\\/?p=25353#primaryimage\"},\"image\":{\"@id\":\"https:\\\/\\\/www.latribunedufaso.net\\\/?p=25353#primaryimage\"},\"thumbnailUrl\":\"https:\\\/\\\/www.latribunedufaso.net\\\/wp-content\\\/uploads\\\/2025\\\/12\\\/FB_IMG_1764762090330.jpg\",\"datePublished\":\"2025-12-03T11:51:00+00:00\",\"breadcrumb\":{\"@id\":\"https:\\\/\\\/www.latribunedufaso.net\\\/?p=25353#breadcrumb\"},\"inLanguage\":\"fr-FR\",\"potentialAction\":[{\"@type\":\"ReadAction\",\"target\":[\"https:\\\/\\\/www.latribunedufaso.net\\\/?p=25353\"]}]},{\"@type\":\"ImageObject\",\"inLanguage\":\"fr-FR\",\"@id\":\"https:\\\/\\\/www.latribunedufaso.net\\\/?p=25353#primaryimage\",\"url\":\"https:\\\/\\\/www.latribunedufaso.net\\\/wp-content\\\/uploads\\\/2025\\\/12\\\/FB_IMG_1764762090330.jpg\",\"contentUrl\":\"https:\\\/\\\/www.latribunedufaso.net\\\/wp-content\\\/uploads\\\/2025\\\/12\\\/FB_IMG_1764762090330.jpg\",\"width\":2048,\"height\":1779,\"caption\":\"La nouvelle DG du CBC Denise Bado\\\/Bouda, officiellement install\u00e9e, 2 d\u00e9cembre 2025\"},{\"@type\":\"BreadcrumbList\",\"@id\":\"https:\\\/\\\/www.latribunedufaso.net\\\/?p=25353#breadcrumb\",\"itemListElement\":[{\"@type\":\"ListItem\",\"position\":1,\"name\":\"Accueil\",\"item\":\"https:\\\/\\\/www.latribunedufaso.net\\\/\"},{\"@type\":\"ListItem\",\"position\":2,\"name\":\"Conseil burkinab\u00e8 des Chargeurs : Denise Bado\\\/Bouda prend officiellement les r\u00eanes de l&rsquo;institution\"}]},{\"@type\":\"WebSite\",\"@id\":\"https:\\\/\\\/www.latribunedufaso.net\\\/#website\",\"url\":\"https:\\\/\\\/www.latribunedufaso.net\\\/\",\"name\":\"La Tribune du Faso\",\"description\":\"L&#039;information du monde rural en un clic\",\"publisher\":{\"@id\":\"https:\\\/\\\/www.latribunedufaso.net\\\/#organization\"},\"potentialAction\":[{\"@type\":\"SearchAction\",\"target\":{\"@type\":\"EntryPoint\",\"urlTemplate\":\"https:\\\/\\\/www.latribunedufaso.net\\\/?s={search_term_string}\"},\"query-input\":{\"@type\":\"PropertyValueSpecification\",\"valueRequired\":true,\"valueName\":\"search_term_string\"}}],\"inLanguage\":\"fr-FR\"},{\"@type\":\"Organization\",\"@id\":\"https:\\\/\\\/www.latribunedufaso.net\\\/#organization\",\"name\":\"La Tribune du Faso\",\"url\":\"https:\\\/\\\/www.latribunedufaso.net\\\/\",\"logo\":{\"@type\":\"ImageObject\",\"inLanguage\":\"fr-FR\",\"@id\":\"https:\\\/\\\/www.latribunedufaso.net\\\/#\\\/schema\\\/logo\\\/image\\\/\",\"url\":\"https:\\\/\\\/www.latribunedufaso.net\\\/wp-content\\\/uploads\\\/2020\\\/08\\\/Logo-Tribune-du-Faso-final-scaled.jpg\",\"contentUrl\":\"https:\\\/\\\/www.latribunedufaso.net\\\/wp-content\\\/uploads\\\/2020\\\/08\\\/Logo-Tribune-du-Faso-final-scaled.jpg\",\"width\":2560,\"height\":1856,\"caption\":\"La Tribune du Faso\"},\"image\":{\"@id\":\"https:\\\/\\\/www.latribunedufaso.net\\\/#\\\/schema\\\/logo\\\/image\\\/\"},\"sameAs\":[\"https:\\\/\\\/www.facebook.com\\\/LatribuneduFaso\\\/\"]},{\"@type\":\"Person\",\"@id\":\"https:\\\/\\\/www.latribunedufaso.net\\\/#\\\/schema\\\/person\\\/e54e64c5778a7e72cf80a318b7a622b0\",\"name\":\"Issouf Tapsoba\",\"image\":{\"@type\":\"ImageObject\",\"inLanguage\":\"fr-FR\",\"@id\":\"https:\\\/\\\/secure.gravatar.com\\\/avatar\\\/5e6c05150ce3230247d167f5b94d678eb05936197436d69b7921e3a95c9107ac?s=96&d=mm&r=g\",\"url\":\"https:\\\/\\\/secure.gravatar.com\\\/avatar\\\/5e6c05150ce3230247d167f5b94d678eb05936197436d69b7921e3a95c9107ac?s=96&d=mm&r=g\",\"contentUrl\":\"https:\\\/\\\/secure.gravatar.com\\\/avatar\\\/5e6c05150ce3230247d167f5b94d678eb05936197436d69b7921e3a95c9107ac?s=96&d=mm&r=g\",\"caption\":\"Issouf Tapsoba\"},\"url\":\"https:\\\/\\\/www.latribunedufaso.net\\\/?author=5\"}]}<\/script>\n<!-- \/ Yoast SEO plugin. -->","yoast_head_json":{"title":"Conseil burkinab\u00e8 des Chargeurs : Denise Bado\/Bouda prend officiellement les r\u00eanes de l'institution - La Tribune du Faso","robots":{"index":"index","follow":"follow","max-snippet":"max-snippet:-1","max-image-preview":"max-image-preview:large","max-video-preview":"max-video-preview:-1"},"canonical":"https:\/\/www.latribunedufaso.net\/?p=25353","og_locale":"fr_FR","og_type":"article","og_title":"Conseil burkinab\u00e8 des Chargeurs : Denise Bado\/Bouda prend officiellement les r\u00eanes de l'institution - La Tribune du Faso","og_description":"La passation de charges \u00e0 la t\u00eate du Conseil burkinab\u00e8 des Chargeurs (CBC) est d\u00e9sormais effective. Le mardi 2 d\u00e9cembre 2025, \u00e0 Ouagadougou, Denise Bado\/Bouda a \u00e9t\u00e9 install\u00e9e officiellement dans ses fonctions de Directrice G\u00e9n\u00e9rale par le Secr\u00e9taire G\u00e9n\u00e9ral du minist\u00e8re de l\u2019Administration territoriale et de la Mobilit\u00e9 (MATM), Sa\u00efdou Sankara. Nomm\u00e9e lors du Conseil des ministres du 20 novembre 2025, elle devient la premi\u00e8re femme \u00e0 diriger cette institution depuis sa cr\u00e9ation en 1978.","og_url":"https:\/\/www.latribunedufaso.net\/?p=25353","og_site_name":"La Tribune du Faso","article_publisher":"https:\/\/www.facebook.com\/LatribuneduFaso\/","article_published_time":"2025-12-03T11:51:00+00:00","og_image":[{"width":2048,"height":1779,"url":"https:\/\/www.latribunedufaso.net\/wp-content\/uploads\/2025\/12\/FB_IMG_1764762090330.jpg","type":"image\/jpeg"}],"author":"Issouf Tapsoba","twitter_misc":{"\u00c9crit par":"Issouf Tapsoba","Dur\u00e9e de lecture estim\u00e9e":"3 minutes"},"schema":{"@context":"https:\/\/schema.org","@graph":[{"@type":"Article","@id":"https:\/\/www.latribunedufaso.net\/?p=25353#article","isPartOf":{"@id":"https:\/\/www.latribunedufaso.net\/?p=25353"},"author":{"name":"Issouf Tapsoba","@id":"https:\/\/www.latribunedufaso.net\/#\/schema\/person\/e54e64c5778a7e72cf80a318b7a622b0"},"headline":"Conseil burkinab\u00e8 des Chargeurs : Denise Bado\/Bouda prend officiellement les r\u00eanes de l&rsquo;institution","datePublished":"2025-12-03T11:51:00+00:00","mainEntityOfPage":{"@id":"https:\/\/www.latribunedufaso.net\/?p=25353"},"wordCount":436,"commentCount":0,"publisher":{"@id":"https:\/\/www.latribunedufaso.net\/#organization"},"image":{"@id":"https:\/\/www.latribunedufaso.net\/?p=25353#primaryimage"},"thumbnailUrl":"https:\/\/www.latribunedufaso.net\/wp-content\/uploads\/2025\/12\/FB_IMG_1764762090330.jpg","keywords":["CBC","latribunedufaso.net","Passation charges"],"articleSection":["A la une","Actualit\u00e9","Soci\u00e9t\u00e9"],"inLanguage":"fr-FR","potentialAction":[{"@type":"CommentAction","name":"Comment","target":["https:\/\/www.latribunedufaso.net\/?p=25353#respond"]}]},{"@type":"WebPage","@id":"https:\/\/www.latribunedufaso.net\/?p=25353","url":"https:\/\/www.latribunedufaso.net\/?p=25353","name":"Conseil burkinab\u00e8 des Chargeurs : Denise Bado\/Bouda prend officiellement les r\u00eanes de l'institution - La Tribune du Faso","isPartOf":{"@id":"https:\/\/www.latribunedufaso.net\/#website"},"primaryImageOfPage":{"@id":"https:\/\/www.latribunedufaso.net\/?p=25353#primaryimage"},"image":{"@id":"https:\/\/www.latribunedufaso.net\/?p=25353#primaryimage"},"thumbnailUrl":"https:\/\/www.latribunedufaso.net\/wp-content\/uploads\/2025\/12\/FB_IMG_1764762090330.jpg","datePublished":"2025-12-03T11:51:00+00:00","breadcrumb":{"@id":"https:\/\/www.latribunedufaso.net\/?p=25353#breadcrumb"},"inLanguage":"fr-FR","potentialAction":[{"@type":"ReadAction","target":["https:\/\/www.latribunedufaso.net\/?p=25353"]}]},{"@type":"ImageObject","inLanguage":"fr-FR","@id":"https:\/\/www.latribunedufaso.net\/?p=25353#primaryimage","url":"https:\/\/www.latribunedufaso.net\/wp-content\/uploads\/2025\/12\/FB_IMG_1764762090330.jpg","contentUrl":"https:\/\/www.latribunedufaso.net\/wp-content\/uploads\/2025\/12\/FB_IMG_1764762090330.jpg","width":2048,"height":1779,"caption":"La nouvelle DG du CBC Denise Bado\/Bouda, officiellement install\u00e9e, 2 d\u00e9cembre 2025"},{"@type":"BreadcrumbList","@id":"https:\/\/www.latribunedufaso.net\/?p=25353#breadcrumb","itemListElement":[{"@type":"ListItem","position":1,"name":"Accueil","item":"https:\/\/www.latribunedufaso.net\/"},{"@type":"ListItem","position":2,"name":"Conseil burkinab\u00e8 des Chargeurs : Denise Bado\/Bouda prend officiellement les r\u00eanes de l&rsquo;institution"}]},{"@type":"WebSite","@id":"https:\/\/www.latribunedufaso.net\/#website","url":"https:\/\/www.latribunedufaso.net\/","name":"La Tribune du Faso","description":"L&#039;information du monde rural en un clic","publisher":{"@id":"https:\/\/www.latribunedufaso.net\/#organization"},"potentialAction":[{"@type":"SearchAction","target":{"@type":"EntryPoint","urlTemplate":"https:\/\/www.latribunedufaso.net\/?s={search_term_string}"},"query-input":{"@type":"PropertyValueSpecification","valueRequired":true,"valueName":"search_term_string"}}],"inLanguage":"fr-FR"},{"@type":"Organization","@id":"https:\/\/www.latribunedufaso.net\/#organization","name":"La Tribune du Faso","url":"https:\/\/www.latribunedufaso.net\/","logo":{"@type":"ImageObject","inLanguage":"fr-FR","@id":"https:\/\/www.latribunedufaso.net\/#\/schema\/logo\/image\/","url":"https:\/\/www.latribunedufaso.net\/wp-content\/uploads\/2020\/08\/Logo-Tribune-du-Faso-final-scaled.jpg","contentUrl":"https:\/\/www.latribunedufaso.net\/wp-content\/uploads\/2020\/08\/Logo-Tribune-du-Faso-final-scaled.jpg","width":2560,"height":1856,"caption":"La Tribune du Faso"},"image":{"@id":"https:\/\/www.latribunedufaso.net\/#\/schema\/logo\/image\/"},"sameAs":["https:\/\/www.facebook.com\/LatribuneduFaso\/"]},{"@type":"Person","@id":"https:\/\/www.latribunedufaso.net\/#\/schema\/person\/e54e64c5778a7e72cf80a318b7a622b0","name":"Issouf Tapsoba","image":{"@type":"ImageObject","inLanguage":"fr-FR","@id":"https:\/\/secure.gravatar.com\/avatar\/5e6c05150ce3230247d167f5b94d678eb05936197436d69b7921e3a95c9107ac?s=96&d=mm&r=g","url":"https:\/\/secure.gravatar.com\/avatar\/5e6c05150ce3230247d167f5b94d678eb05936197436d69b7921e3a95c9107ac?s=96&d=mm&r=g","contentUrl":"https:\/\/secure.gravatar.com\/avatar\/5e6c05150ce3230247d167f5b94d678eb05936197436d69b7921e3a95c9107ac?s=96&d=mm&r=g","caption":"Issouf Tapsoba"},"url":"https:\/\/www.latribunedufaso.net\/?author=5"}]}},"_links":{"self":[{"href":"https:\/\/www.latribunedufaso.net\/index.php?rest_route=\/wp\/v2\/posts\/25353","targetHints":{"allow":["GET"]}}],"collection":[{"href":"https:\/\/www.latribunedufaso.net\/index.php?rest_route=\/wp\/v2\/posts"}],"about":[{"href":"https:\/\/www.latribunedufaso.net\/index.php?rest_route=\/wp\/v2\/types\/post"}],"author":[{"embeddable":true,"href":"https:\/\/www.latribunedufaso.net\/index.php?rest_route=\/wp\/v2\/users\/5"}],"replies":[{"embeddable":true,"href":"https:\/\/www.latribunedufaso.net\/index.php?rest_route=%2Fwp%2Fv2%2Fcomments&post=25353"}],"version-history":[{"count":2,"href":"https:\/\/www.latribunedufaso.net\/index.php?rest_route=\/wp\/v2\/posts\/25353\/revisions"}],"predecessor-version":[{"id":25360,"href":"https:\/\/www.latribunedufaso.net\/index.php?rest_route=\/wp\/v2\/posts\/25353\/revisions\/25360"}],"wp:featuredmedia":[{"embeddable":true,"href":"https:\/\/www.latribunedufaso.net\/index.php?rest_route=\/wp\/v2\/media\/25355"}],"wp:attachment":[{"href":"https:\/\/www.latribunedufaso.net\/index.php?rest_route=%2Fwp%2Fv2%2Fmedia&parent=25353"}],"wp:term":[{"taxonomy":"category","embeddable":true,"href":"https:\/\/www.latribunedufaso.net\/index.php?rest_route=%2Fwp%2Fv2%2Fcategories&post=25353"},{"taxonomy":"post_tag","embeddable":true,"href":"https:\/\/www.latribunedufaso.net\/index.php?rest_route=%2Fwp%2Fv2%2Ftags&post=25353"}],"curies":[{"name":"wp","href":"https:\/\/api.w.org\/{rel}","templated":true}]}}