{"id":25280,"date":"2025-12-01T16:16:26","date_gmt":"2025-12-01T16:16:26","guid":{"rendered":"https:\/\/www.latribunedufaso.net\/?p=25280"},"modified":"2025-12-01T16:16:26","modified_gmt":"2025-12-01T16:16:26","slug":"culture-le-ministre-yacouba-zabre-gouba-lance-la-2e-edition-du-festival-du-nakambe-festina","status":"publish","type":"post","link":"https:\/\/www.latribunedufaso.net\/?p=25280","title":{"rendered":"Culture : Le ministre Yacouba Zabr\u00e9 Gouba lance la 2e \u00e9dition du Festival du Nakamb\u00e9 (FESTINA)"},"content":{"rendered":"<p><strong>Le ministre de l&rsquo;\u00c9nergie, des Mines et des Carri\u00e8res, Yacouba Zabr\u00e9 Gouba, parrain de l&rsquo;\u00e9v\u00e9nement, a proc\u00e9d\u00e9 au lancement de la deuxi\u00e8me \u00e9dition du Festival du Nakamb\u00e9 (FESTINA). Il \u00e9tait en compagnie du ministre charg\u00e9 des Infrastructures, Adama Luc Sorgho, et du Gouverneur de la r\u00e9gion du Nakamb\u00e9, Aboudou Karim Lamizana. La c\u00e9r\u00e9monie a eu lieu le 29 novembre 2025 \u00e0 Niagho, un village situ\u00e9 dans la province du Boulgou, r\u00e9gion du Nakamb\u00e9.<\/strong><!--more--><\/p>\n<p>\u00c9v\u00e9nement majeur de la r\u00e9gion, le FESTINA constitue un cadre privil\u00e9gi\u00e9 de promotion du patrimoine culturel, de valorisation des traditions locales et de renforcement de la coh\u00e9sion sociale. Cette \u00e9dition s&rsquo;est tenue du 28 au 30 novembre 2025 sous le th\u00e8me : <em><strong>\u00ab Valorisation de nos cultures et coh\u00e9sion sociale \u00bb.<\/strong><\/em><\/p>\n<figure id=\"attachment_25293\" aria-describedby=\"caption-attachment-25293\" style=\"width: 2560px\" class=\"wp-caption aligncenter\"><a href=\"https:\/\/www.latribunedufaso.net\/wp-content\/uploads\/2025\/12\/IMG_20251129_152848_494-scaled.jpg\"><img loading=\"lazy\" decoding=\"async\" class=\"size-full wp-image-25293\" src=\"https:\/\/www.latribunedufaso.net\/wp-content\/uploads\/2025\/12\/IMG_20251129_152848_494-scaled.jpg\" alt=\"Festival du Nakamb\u00e9 (FESTINA), 28 au 30 novembre 2025 \u00e0 Niagho\" width=\"2560\" height=\"1920\" srcset=\"https:\/\/www.latribunedufaso.net\/wp-content\/uploads\/2025\/12\/IMG_20251129_152848_494-scaled.jpg 2560w, https:\/\/www.latribunedufaso.net\/wp-content\/uploads\/2025\/12\/IMG_20251129_152848_494-300x225.jpg 300w, https:\/\/www.latribunedufaso.net\/wp-content\/uploads\/2025\/12\/IMG_20251129_152848_494-1024x768.jpg 1024w, https:\/\/www.latribunedufaso.net\/wp-content\/uploads\/2025\/12\/IMG_20251129_152848_494-768x576.jpg 768w, https:\/\/www.latribunedufaso.net\/wp-content\/uploads\/2025\/12\/IMG_20251129_152848_494-1536x1152.jpg 1536w, https:\/\/www.latribunedufaso.net\/wp-content\/uploads\/2025\/12\/IMG_20251129_152848_494-2048x1536.jpg 2048w\" sizes=\"auto, (max-width: 2560px) 100vw, 2560px\" \/><\/a><figcaption id=\"caption-attachment-25293\" class=\"wp-caption-text\">Une vue des officiels lors de la visite des expositions &#8211; Ph. I. Tapsoba<\/figcaption><\/figure>\n<h3>Inauguration du Mus\u00e9e \u00ab Doleema \u00bb et fiert\u00e9 culturelle<\/h3>\n<p>La c\u00e9r\u00e9monie officielle de lancement des activit\u00e9s a \u00e9t\u00e9 marqu\u00e9e par l&rsquo;inauguration du Mus\u00e9e <em><strong>\u00ab Doleema \u00bb<\/strong> <\/em>de Niagho. Selon le promoteur de l&rsquo;\u00e9v\u00e9nement, Issouf Gu\u00e9br\u00e9, l&rsquo;objectif est de renforcer la promotion de la culture locale.<\/p>\n<p>L&rsquo;inauguration a \u00e9t\u00e9 suivie par une exposition d&rsquo;objets culturels Bissa. Les officiels ont pu d\u00e9couvrir la richesse culturelle de cette communaut\u00e9 du Burkina Faso, notamment l&rsquo;histoire de la commune, les us et coutumes et les activit\u00e9s des habitants du village de Niagho.<\/p>\n<figure id=\"attachment_25286\" aria-describedby=\"caption-attachment-25286\" style=\"width: 2048px\" class=\"wp-caption aligncenter\"><a href=\"https:\/\/www.latribunedufaso.net\/wp-content\/uploads\/2025\/12\/FB_IMG_1764604616826.jpg\"><img loading=\"lazy\" decoding=\"async\" class=\"size-full wp-image-25286\" src=\"https:\/\/www.latribunedufaso.net\/wp-content\/uploads\/2025\/12\/FB_IMG_1764604616826.jpg\" alt=\"Festival du Nakamb\u00e9 (FESTINA), 28 au 30 novembre 2025 \u00e0 Niagho\" width=\"2048\" height=\"1693\" srcset=\"https:\/\/www.latribunedufaso.net\/wp-content\/uploads\/2025\/12\/FB_IMG_1764604616826.jpg 2048w, https:\/\/www.latribunedufaso.net\/wp-content\/uploads\/2025\/12\/FB_IMG_1764604616826-300x248.jpg 300w, https:\/\/www.latribunedufaso.net\/wp-content\/uploads\/2025\/12\/FB_IMG_1764604616826-1024x847.jpg 1024w, https:\/\/www.latribunedufaso.net\/wp-content\/uploads\/2025\/12\/FB_IMG_1764604616826-768x635.jpg 768w, https:\/\/www.latribunedufaso.net\/wp-content\/uploads\/2025\/12\/FB_IMG_1764604616826-1536x1270.jpg 1536w\" sizes=\"auto, (max-width: 2048px) 100vw, 2048px\" \/><\/a><figcaption id=\"caption-attachment-25286\" class=\"wp-caption-text\">Le ministre de l&rsquo;Energie, des Mines et des Carri\u00e8res, Yacouba Zabr\u00e9 Gouba (au micro) a salu\u00e9 l&rsquo;initiative &#8211; Ph. DR<\/figcaption><\/figure>\n<p>Le ministre Yacouba Zabr\u00e9 Gouba, parrain, a salu\u00e9 l&rsquo;initiative qui permet de promouvoir la culture burkinab\u00e8.<\/p>\n<p><em><strong>\u00ab C&rsquo;est une grande fiert\u00e9 d&rsquo;\u00eatre l\u00e0 avec vous pour comm\u00e9morer ensemble cette grande activit\u00e9. Cet \u00e9v\u00e9nement consacre un lieu rempli d&rsquo;histoire, un lieu qui traduit ce qui est cher aujourd&rsquo;hui pour le gouvernement, c&rsquo;est-\u00e0-dire, l&rsquo;affirmation de notre identit\u00e9 culturelle \u00bb<\/strong><\/em>, a-t-il affirm\u00e9.<\/p>\n<blockquote>\n<p>Lire aussi &gt;&gt; <a href=\"https:\/\/www.latribunedufaso.net\/?p=24605\">2e \u00e9dition des RENCARTs : \u00ab Cr\u00e9er, dire et partager nos r\u00eaves \u00bb ,Quand patrimoine, diversit\u00e9 et inspiration fa\u00e7onnent la culture<\/a><\/p>\n<\/blockquote>\n<p>Durant trois jours, Niagho a vibr\u00e9 au rythme des prestations artistiques, d&rsquo;expositions, de rencontres culturelles et d&rsquo;animations populaires. L&rsquo;un des temps forts de l&rsquo;\u00e9v\u00e9nement \u00e9tait la p\u00eache et la course de pirogue sur le fleuve Nakamb\u00e9.<\/p>\n<p><strong>Issouf TAPSOBA\u00a0<\/strong><\/p>\n<p><strong>Latribunedufaso.net<\/strong><\/p>\n<p><a href=\"https:\/\/www.latribunedufaso.net\/wp-content\/uploads\/2025\/12\/FB_IMG_1764604655817.jpg\"><img loading=\"lazy\" decoding=\"async\" class=\"aligncenter size-full wp-image-25287\" src=\"https:\/\/www.latribunedufaso.net\/wp-content\/uploads\/2025\/12\/FB_IMG_1764604655817.jpg\" alt=\"Festival du Nakamb\u00e9 (FESTINA), 28 au 30 novembre 2025 \u00e0 Niagho\" width=\"2048\" height=\"1250\" srcset=\"https:\/\/www.latribunedufaso.net\/wp-content\/uploads\/2025\/12\/FB_IMG_1764604655817.jpg 2048w, https:\/\/www.latribunedufaso.net\/wp-content\/uploads\/2025\/12\/FB_IMG_1764604655817-300x183.jpg 300w, https:\/\/www.latribunedufaso.net\/wp-content\/uploads\/2025\/12\/FB_IMG_1764604655817-1024x625.jpg 1024w, https:\/\/www.latribunedufaso.net\/wp-content\/uploads\/2025\/12\/FB_IMG_1764604655817-768x469.jpg 768w, https:\/\/www.latribunedufaso.net\/wp-content\/uploads\/2025\/12\/FB_IMG_1764604655817-1536x938.jpg 1536w\" sizes=\"auto, (max-width: 2048px) 100vw, 2048px\" \/><\/a><a href=\"https:\/\/www.latribunedufaso.net\/wp-content\/uploads\/2025\/12\/IMG_20251129_154012_613-scaled.jpg\"><img loading=\"lazy\" decoding=\"async\" class=\"aligncenter size-full wp-image-25292\" src=\"https:\/\/www.latribunedufaso.net\/wp-content\/uploads\/2025\/12\/IMG_20251129_154012_613-scaled.jpg\" alt=\"\" width=\"2560\" height=\"1920\" srcset=\"https:\/\/www.latribunedufaso.net\/wp-content\/uploads\/2025\/12\/IMG_20251129_154012_613-scaled.jpg 2560w, https:\/\/www.latribunedufaso.net\/wp-content\/uploads\/2025\/12\/IMG_20251129_154012_613-300x225.jpg 300w, https:\/\/www.latribunedufaso.net\/wp-content\/uploads\/2025\/12\/IMG_20251129_154012_613-1024x768.jpg 1024w, https:\/\/www.latribunedufaso.net\/wp-content\/uploads\/2025\/12\/IMG_20251129_154012_613-768x576.jpg 768w, https:\/\/www.latribunedufaso.net\/wp-content\/uploads\/2025\/12\/IMG_20251129_154012_613-1536x1152.jpg 1536w, https:\/\/www.latribunedufaso.net\/wp-content\/uploads\/2025\/12\/IMG_20251129_154012_613-2048x1536.jpg 2048w\" sizes=\"auto, (max-width: 2560px) 100vw, 2560px\" \/><\/a><a href=\"https:\/\/www.latribunedufaso.net\/wp-content\/uploads\/2025\/12\/FB_IMG_1764604644759.jpg\"><img loading=\"lazy\" decoding=\"async\" class=\"aligncenter size-full wp-image-25291\" src=\"https:\/\/www.latribunedufaso.net\/wp-content\/uploads\/2025\/12\/FB_IMG_1764604644759.jpg\" alt=\"Festival du Nakamb\u00e9 (FESTINA), 28 au 30 novembre 2025 \u00e0 Niagho\" width=\"2048\" height=\"1664\" srcset=\"https:\/\/www.latribunedufaso.net\/wp-content\/uploads\/2025\/12\/FB_IMG_1764604644759.jpg 2048w, https:\/\/www.latribunedufaso.net\/wp-content\/uploads\/2025\/12\/FB_IMG_1764604644759-300x244.jpg 300w, https:\/\/www.latribunedufaso.net\/wp-content\/uploads\/2025\/12\/FB_IMG_1764604644759-1024x832.jpg 1024w, https:\/\/www.latribunedufaso.net\/wp-content\/uploads\/2025\/12\/FB_IMG_1764604644759-768x624.jpg 768w, https:\/\/www.latribunedufaso.net\/wp-content\/uploads\/2025\/12\/FB_IMG_1764604644759-1536x1248.jpg 1536w\" sizes=\"auto, (max-width: 2048px) 100vw, 2048px\" \/><\/a><a href=\"https:\/\/www.latribunedufaso.net\/wp-content\/uploads\/2025\/12\/FB_IMG_1764604661001.jpg\"><img loading=\"lazy\" decoding=\"async\" class=\"aligncenter size-full wp-image-25290\" src=\"https:\/\/www.latribunedufaso.net\/wp-content\/uploads\/2025\/12\/FB_IMG_1764604661001.jpg\" alt=\"Festival du Nakamb\u00e9 (FESTINA), 28 au 30 novembre 2025 \u00e0 Niagho\" width=\"2048\" height=\"1482\" srcset=\"https:\/\/www.latribunedufaso.net\/wp-content\/uploads\/2025\/12\/FB_IMG_1764604661001.jpg 2048w, https:\/\/www.latribunedufaso.net\/wp-content\/uploads\/2025\/12\/FB_IMG_1764604661001-300x217.jpg 300w, https:\/\/www.latribunedufaso.net\/wp-content\/uploads\/2025\/12\/FB_IMG_1764604661001-1024x741.jpg 1024w, https:\/\/www.latribunedufaso.net\/wp-content\/uploads\/2025\/12\/FB_IMG_1764604661001-768x556.jpg 768w, https:\/\/www.latribunedufaso.net\/wp-content\/uploads\/2025\/12\/FB_IMG_1764604661001-1536x1112.jpg 1536w, https:\/\/www.latribunedufaso.net\/wp-content\/uploads\/2025\/12\/FB_IMG_1764604661001-90x65.jpg 90w\" sizes=\"auto, (max-width: 2048px) 100vw, 2048px\" \/><\/a><a href=\"https:\/\/www.latribunedufaso.net\/wp-content\/uploads\/2025\/12\/FB_IMG_1764604635688.jpg\"><img loading=\"lazy\" decoding=\"async\" class=\"aligncenter size-full wp-image-25289\" src=\"https:\/\/www.latribunedufaso.net\/wp-content\/uploads\/2025\/12\/FB_IMG_1764604635688.jpg\" alt=\"Festival du Nakamb\u00e9 (FESTINA), 28 au 30 novembre 2025 \u00e0 Niagho\" width=\"2048\" height=\"1664\" srcset=\"https:\/\/www.latribunedufaso.net\/wp-content\/uploads\/2025\/12\/FB_IMG_1764604635688.jpg 2048w, https:\/\/www.latribunedufaso.net\/wp-content\/uploads\/2025\/12\/FB_IMG_1764604635688-300x244.jpg 300w, https:\/\/www.latribunedufaso.net\/wp-content\/uploads\/2025\/12\/FB_IMG_1764604635688-1024x832.jpg 1024w, https:\/\/www.latribunedufaso.net\/wp-content\/uploads\/2025\/12\/FB_IMG_1764604635688-768x624.jpg 768w, https:\/\/www.latribunedufaso.net\/wp-content\/uploads\/2025\/12\/FB_IMG_1764604635688-1536x1248.jpg 1536w\" sizes=\"auto, (max-width: 2048px) 100vw, 2048px\" \/><\/a><a href=\"https:\/\/www.latribunedufaso.net\/wp-content\/uploads\/2025\/12\/FB_IMG_1764604598861.jpg\"><img loading=\"lazy\" decoding=\"async\" class=\"aligncenter size-full wp-image-25288\" src=\"https:\/\/www.latribunedufaso.net\/wp-content\/uploads\/2025\/12\/FB_IMG_1764604598861.jpg\" alt=\"Festival du Nakamb\u00e9 (FESTINA), 28 au 30 novembre 2025 \u00e0 Niagho\" width=\"960\" height=\"720\" srcset=\"https:\/\/www.latribunedufaso.net\/wp-content\/uploads\/2025\/12\/FB_IMG_1764604598861.jpg 960w, https:\/\/www.latribunedufaso.net\/wp-content\/uploads\/2025\/12\/FB_IMG_1764604598861-300x225.jpg 300w, https:\/\/www.latribunedufaso.net\/wp-content\/uploads\/2025\/12\/FB_IMG_1764604598861-768x576.jpg 768w\" sizes=\"auto, (max-width: 960px) 100vw, 960px\" \/><\/a><\/p>\n","protected":false},"excerpt":{"rendered":"<p>Le ministre de l&rsquo;\u00c9nergie, des Mines et des Carri\u00e8res, Yacouba Zabr\u00e9 Gouba, parrain de l&rsquo;\u00e9v\u00e9nement, a proc\u00e9d\u00e9 au lancement de la deuxi\u00e8me \u00e9dition du Festival du Nakamb\u00e9 (FESTINA). Il \u00e9tait en compagnie du ministre charg\u00e9 des Infrastructures, Adama Luc Sorgho, et du Gouverneur de la r\u00e9gion du Nakamb\u00e9, Aboudou Karim Lamizana. La c\u00e9r\u00e9monie a eu lieu le 29 novembre 2025 \u00e0 Niagho, un village situ\u00e9 dans la province du Boulgou, r\u00e9gion du Nakamb\u00e9.<\/p>\n","protected":false},"author":5,"featured_media":25285,"comment_status":"open","ping_status":"open","sticky":false,"template":"","format":"standard","meta":{"footnotes":""},"categories":[13,1,30],"tags":[1822,39,1823],"class_list":["post-25280","post","type-post","status-publish","format-standard","has-post-thumbnail","hentry","category-une","category-actu","category-art-et-culture","tag-festival-du-nakambe-festina","tag-latribunedufaso-net","tag-niagho"],"yoast_head":"<!-- This site is optimized with the Yoast SEO plugin v27.4 - https:\/\/yoast.com\/product\/yoast-seo-wordpress\/ -->\n<title>Culture : Le ministre Yacouba Zabr\u00e9 Gouba lance la 2e \u00e9dition du Festival du Nakamb\u00e9 (FESTINA) - La Tribune du Faso<\/title>\n<meta name=\"robots\" content=\"index, follow, max-snippet:-1, max-image-preview:large, max-video-preview:-1\" \/>\n<link rel=\"canonical\" href=\"https:\/\/www.latribunedufaso.net\/?p=25280\" \/>\n<meta property=\"og:locale\" content=\"fr_FR\" \/>\n<meta property=\"og:type\" content=\"article\" \/>\n<meta property=\"og:title\" content=\"Culture : Le ministre Yacouba Zabr\u00e9 Gouba lance la 2e \u00e9dition du Festival du Nakamb\u00e9 (FESTINA) - La Tribune du Faso\" \/>\n<meta property=\"og:description\" content=\"Le ministre de l&rsquo;\u00c9nergie, des Mines et des Carri\u00e8res, Yacouba Zabr\u00e9 Gouba, parrain de l&rsquo;\u00e9v\u00e9nement, a proc\u00e9d\u00e9 au lancement de la deuxi\u00e8me \u00e9dition du Festival du Nakamb\u00e9 (FESTINA). Il \u00e9tait en compagnie du ministre charg\u00e9 des Infrastructures, Adama Luc Sorgho, et du Gouverneur de la r\u00e9gion du Nakamb\u00e9, Aboudou Karim Lamizana. La c\u00e9r\u00e9monie a eu lieu le 29 novembre 2025 \u00e0 Niagho, un village situ\u00e9 dans la province du Boulgou, r\u00e9gion du Nakamb\u00e9.\" \/>\n<meta property=\"og:url\" content=\"https:\/\/www.latribunedufaso.net\/?p=25280\" \/>\n<meta property=\"og:site_name\" content=\"La Tribune du Faso\" \/>\n<meta property=\"article:publisher\" content=\"https:\/\/www.facebook.com\/LatribuneduFaso\/\" \/>\n<meta property=\"article:published_time\" content=\"2025-12-01T16:16:26+00:00\" \/>\n<meta property=\"og:image\" content=\"https:\/\/www.latribunedufaso.net\/wp-content\/uploads\/2025\/12\/FB_IMG_1764604771189.jpg\" \/>\n\t<meta property=\"og:image:width\" content=\"2048\" \/>\n\t<meta property=\"og:image:height\" content=\"1394\" \/>\n\t<meta property=\"og:image:type\" content=\"image\/jpeg\" \/>\n<meta name=\"author\" content=\"Issouf Tapsoba\" \/>\n<meta name=\"twitter:label1\" content=\"\u00c9crit par\" \/>\n\t<meta name=\"twitter:data1\" content=\"Issouf Tapsoba\" \/>\n\t<meta name=\"twitter:label2\" content=\"Dur\u00e9e de lecture estim\u00e9e\" \/>\n\t<meta name=\"twitter:data2\" content=\"4 minutes\" \/>\n<script type=\"application\/ld+json\" class=\"yoast-schema-graph\">{\"@context\":\"https:\\\/\\\/schema.org\",\"@graph\":[{\"@type\":\"Article\",\"@id\":\"https:\\\/\\\/www.latribunedufaso.net\\\/?p=25280#article\",\"isPartOf\":{\"@id\":\"https:\\\/\\\/www.latribunedufaso.net\\\/?p=25280\"},\"author\":{\"name\":\"Issouf Tapsoba\",\"@id\":\"https:\\\/\\\/www.latribunedufaso.net\\\/#\\\/schema\\\/person\\\/e54e64c5778a7e72cf80a318b7a622b0\"},\"headline\":\"Culture : Le ministre Yacouba Zabr\u00e9 Gouba lance la 2e \u00e9dition du Festival du Nakamb\u00e9 (FESTINA)\",\"datePublished\":\"2025-12-01T16:16:26+00:00\",\"mainEntityOfPage\":{\"@id\":\"https:\\\/\\\/www.latribunedufaso.net\\\/?p=25280\"},\"wordCount\":435,\"commentCount\":0,\"publisher\":{\"@id\":\"https:\\\/\\\/www.latribunedufaso.net\\\/#organization\"},\"image\":{\"@id\":\"https:\\\/\\\/www.latribunedufaso.net\\\/?p=25280#primaryimage\"},\"thumbnailUrl\":\"https:\\\/\\\/www.latribunedufaso.net\\\/wp-content\\\/uploads\\\/2025\\\/12\\\/FB_IMG_1764604771189.jpg\",\"keywords\":[\"Festival du Nakamb\u00e9 (FESTINA)\",\"latribunedufaso.net\",\"Niagho\"],\"articleSection\":[\"A la une\",\"Actualit\u00e9\",\"Art et Culture\"],\"inLanguage\":\"fr-FR\",\"potentialAction\":[{\"@type\":\"CommentAction\",\"name\":\"Comment\",\"target\":[\"https:\\\/\\\/www.latribunedufaso.net\\\/?p=25280#respond\"]}]},{\"@type\":\"WebPage\",\"@id\":\"https:\\\/\\\/www.latribunedufaso.net\\\/?p=25280\",\"url\":\"https:\\\/\\\/www.latribunedufaso.net\\\/?p=25280\",\"name\":\"Culture : Le ministre Yacouba Zabr\u00e9 Gouba lance la 2e \u00e9dition du Festival du Nakamb\u00e9 (FESTINA) - La Tribune du Faso\",\"isPartOf\":{\"@id\":\"https:\\\/\\\/www.latribunedufaso.net\\\/#website\"},\"primaryImageOfPage\":{\"@id\":\"https:\\\/\\\/www.latribunedufaso.net\\\/?p=25280#primaryimage\"},\"image\":{\"@id\":\"https:\\\/\\\/www.latribunedufaso.net\\\/?p=25280#primaryimage\"},\"thumbnailUrl\":\"https:\\\/\\\/www.latribunedufaso.net\\\/wp-content\\\/uploads\\\/2025\\\/12\\\/FB_IMG_1764604771189.jpg\",\"datePublished\":\"2025-12-01T16:16:26+00:00\",\"breadcrumb\":{\"@id\":\"https:\\\/\\\/www.latribunedufaso.net\\\/?p=25280#breadcrumb\"},\"inLanguage\":\"fr-FR\",\"potentialAction\":[{\"@type\":\"ReadAction\",\"target\":[\"https:\\\/\\\/www.latribunedufaso.net\\\/?p=25280\"]}]},{\"@type\":\"ImageObject\",\"inLanguage\":\"fr-FR\",\"@id\":\"https:\\\/\\\/www.latribunedufaso.net\\\/?p=25280#primaryimage\",\"url\":\"https:\\\/\\\/www.latribunedufaso.net\\\/wp-content\\\/uploads\\\/2025\\\/12\\\/FB_IMG_1764604771189.jpg\",\"contentUrl\":\"https:\\\/\\\/www.latribunedufaso.net\\\/wp-content\\\/uploads\\\/2025\\\/12\\\/FB_IMG_1764604771189.jpg\",\"width\":2048,\"height\":1394,\"caption\":\"Festival du Nakamb\u00e9 (FESTINA), 28 au 30 novembre 2025 \u00e0 Niagho\"},{\"@type\":\"BreadcrumbList\",\"@id\":\"https:\\\/\\\/www.latribunedufaso.net\\\/?p=25280#breadcrumb\",\"itemListElement\":[{\"@type\":\"ListItem\",\"position\":1,\"name\":\"Accueil\",\"item\":\"https:\\\/\\\/www.latribunedufaso.net\\\/\"},{\"@type\":\"ListItem\",\"position\":2,\"name\":\"Culture : Le ministre Yacouba Zabr\u00e9 Gouba lance la 2e \u00e9dition du Festival du Nakamb\u00e9 (FESTINA)\"}]},{\"@type\":\"WebSite\",\"@id\":\"https:\\\/\\\/www.latribunedufaso.net\\\/#website\",\"url\":\"https:\\\/\\\/www.latribunedufaso.net\\\/\",\"name\":\"La Tribune du Faso\",\"description\":\"L&#039;information du monde rural en un clic\",\"publisher\":{\"@id\":\"https:\\\/\\\/www.latribunedufaso.net\\\/#organization\"},\"potentialAction\":[{\"@type\":\"SearchAction\",\"target\":{\"@type\":\"EntryPoint\",\"urlTemplate\":\"https:\\\/\\\/www.latribunedufaso.net\\\/?s={search_term_string}\"},\"query-input\":{\"@type\":\"PropertyValueSpecification\",\"valueRequired\":true,\"valueName\":\"search_term_string\"}}],\"inLanguage\":\"fr-FR\"},{\"@type\":\"Organization\",\"@id\":\"https:\\\/\\\/www.latribunedufaso.net\\\/#organization\",\"name\":\"La Tribune du Faso\",\"url\":\"https:\\\/\\\/www.latribunedufaso.net\\\/\",\"logo\":{\"@type\":\"ImageObject\",\"inLanguage\":\"fr-FR\",\"@id\":\"https:\\\/\\\/www.latribunedufaso.net\\\/#\\\/schema\\\/logo\\\/image\\\/\",\"url\":\"https:\\\/\\\/www.latribunedufaso.net\\\/wp-content\\\/uploads\\\/2020\\\/08\\\/Logo-Tribune-du-Faso-final-scaled.jpg\",\"contentUrl\":\"https:\\\/\\\/www.latribunedufaso.net\\\/wp-content\\\/uploads\\\/2020\\\/08\\\/Logo-Tribune-du-Faso-final-scaled.jpg\",\"width\":2560,\"height\":1856,\"caption\":\"La Tribune du Faso\"},\"image\":{\"@id\":\"https:\\\/\\\/www.latribunedufaso.net\\\/#\\\/schema\\\/logo\\\/image\\\/\"},\"sameAs\":[\"https:\\\/\\\/www.facebook.com\\\/LatribuneduFaso\\\/\"]},{\"@type\":\"Person\",\"@id\":\"https:\\\/\\\/www.latribunedufaso.net\\\/#\\\/schema\\\/person\\\/e54e64c5778a7e72cf80a318b7a622b0\",\"name\":\"Issouf Tapsoba\",\"image\":{\"@type\":\"ImageObject\",\"inLanguage\":\"fr-FR\",\"@id\":\"https:\\\/\\\/secure.gravatar.com\\\/avatar\\\/5e6c05150ce3230247d167f5b94d678eb05936197436d69b7921e3a95c9107ac?s=96&d=mm&r=g\",\"url\":\"https:\\\/\\\/secure.gravatar.com\\\/avatar\\\/5e6c05150ce3230247d167f5b94d678eb05936197436d69b7921e3a95c9107ac?s=96&d=mm&r=g\",\"contentUrl\":\"https:\\\/\\\/secure.gravatar.com\\\/avatar\\\/5e6c05150ce3230247d167f5b94d678eb05936197436d69b7921e3a95c9107ac?s=96&d=mm&r=g\",\"caption\":\"Issouf Tapsoba\"},\"url\":\"https:\\\/\\\/www.latribunedufaso.net\\\/?author=5\"}]}<\/script>\n<!-- \/ Yoast SEO plugin. -->","yoast_head_json":{"title":"Culture : Le ministre Yacouba Zabr\u00e9 Gouba lance la 2e \u00e9dition du Festival du Nakamb\u00e9 (FESTINA) - La Tribune du Faso","robots":{"index":"index","follow":"follow","max-snippet":"max-snippet:-1","max-image-preview":"max-image-preview:large","max-video-preview":"max-video-preview:-1"},"canonical":"https:\/\/www.latribunedufaso.net\/?p=25280","og_locale":"fr_FR","og_type":"article","og_title":"Culture : Le ministre Yacouba Zabr\u00e9 Gouba lance la 2e \u00e9dition du Festival du Nakamb\u00e9 (FESTINA) - La Tribune du Faso","og_description":"Le ministre de l&rsquo;\u00c9nergie, des Mines et des Carri\u00e8res, Yacouba Zabr\u00e9 Gouba, parrain de l&rsquo;\u00e9v\u00e9nement, a proc\u00e9d\u00e9 au lancement de la deuxi\u00e8me \u00e9dition du Festival du Nakamb\u00e9 (FESTINA). Il \u00e9tait en compagnie du ministre charg\u00e9 des Infrastructures, Adama Luc Sorgho, et du Gouverneur de la r\u00e9gion du Nakamb\u00e9, Aboudou Karim Lamizana. La c\u00e9r\u00e9monie a eu lieu le 29 novembre 2025 \u00e0 Niagho, un village situ\u00e9 dans la province du Boulgou, r\u00e9gion du Nakamb\u00e9.","og_url":"https:\/\/www.latribunedufaso.net\/?p=25280","og_site_name":"La Tribune du Faso","article_publisher":"https:\/\/www.facebook.com\/LatribuneduFaso\/","article_published_time":"2025-12-01T16:16:26+00:00","og_image":[{"width":2048,"height":1394,"url":"https:\/\/www.latribunedufaso.net\/wp-content\/uploads\/2025\/12\/FB_IMG_1764604771189.jpg","type":"image\/jpeg"}],"author":"Issouf Tapsoba","twitter_misc":{"\u00c9crit par":"Issouf Tapsoba","Dur\u00e9e de lecture estim\u00e9e":"4 minutes"},"schema":{"@context":"https:\/\/schema.org","@graph":[{"@type":"Article","@id":"https:\/\/www.latribunedufaso.net\/?p=25280#article","isPartOf":{"@id":"https:\/\/www.latribunedufaso.net\/?p=25280"},"author":{"name":"Issouf Tapsoba","@id":"https:\/\/www.latribunedufaso.net\/#\/schema\/person\/e54e64c5778a7e72cf80a318b7a622b0"},"headline":"Culture : Le ministre Yacouba Zabr\u00e9 Gouba lance la 2e \u00e9dition du Festival du Nakamb\u00e9 (FESTINA)","datePublished":"2025-12-01T16:16:26+00:00","mainEntityOfPage":{"@id":"https:\/\/www.latribunedufaso.net\/?p=25280"},"wordCount":435,"commentCount":0,"publisher":{"@id":"https:\/\/www.latribunedufaso.net\/#organization"},"image":{"@id":"https:\/\/www.latribunedufaso.net\/?p=25280#primaryimage"},"thumbnailUrl":"https:\/\/www.latribunedufaso.net\/wp-content\/uploads\/2025\/12\/FB_IMG_1764604771189.jpg","keywords":["Festival du Nakamb\u00e9 (FESTINA)","latribunedufaso.net","Niagho"],"articleSection":["A la une","Actualit\u00e9","Art et Culture"],"inLanguage":"fr-FR","potentialAction":[{"@type":"CommentAction","name":"Comment","target":["https:\/\/www.latribunedufaso.net\/?p=25280#respond"]}]},{"@type":"WebPage","@id":"https:\/\/www.latribunedufaso.net\/?p=25280","url":"https:\/\/www.latribunedufaso.net\/?p=25280","name":"Culture : Le ministre Yacouba Zabr\u00e9 Gouba lance la 2e \u00e9dition du Festival du Nakamb\u00e9 (FESTINA) - La Tribune du Faso","isPartOf":{"@id":"https:\/\/www.latribunedufaso.net\/#website"},"primaryImageOfPage":{"@id":"https:\/\/www.latribunedufaso.net\/?p=25280#primaryimage"},"image":{"@id":"https:\/\/www.latribunedufaso.net\/?p=25280#primaryimage"},"thumbnailUrl":"https:\/\/www.latribunedufaso.net\/wp-content\/uploads\/2025\/12\/FB_IMG_1764604771189.jpg","datePublished":"2025-12-01T16:16:26+00:00","breadcrumb":{"@id":"https:\/\/www.latribunedufaso.net\/?p=25280#breadcrumb"},"inLanguage":"fr-FR","potentialAction":[{"@type":"ReadAction","target":["https:\/\/www.latribunedufaso.net\/?p=25280"]}]},{"@type":"ImageObject","inLanguage":"fr-FR","@id":"https:\/\/www.latribunedufaso.net\/?p=25280#primaryimage","url":"https:\/\/www.latribunedufaso.net\/wp-content\/uploads\/2025\/12\/FB_IMG_1764604771189.jpg","contentUrl":"https:\/\/www.latribunedufaso.net\/wp-content\/uploads\/2025\/12\/FB_IMG_1764604771189.jpg","width":2048,"height":1394,"caption":"Festival du Nakamb\u00e9 (FESTINA), 28 au 30 novembre 2025 \u00e0 Niagho"},{"@type":"BreadcrumbList","@id":"https:\/\/www.latribunedufaso.net\/?p=25280#breadcrumb","itemListElement":[{"@type":"ListItem","position":1,"name":"Accueil","item":"https:\/\/www.latribunedufaso.net\/"},{"@type":"ListItem","position":2,"name":"Culture : Le ministre Yacouba Zabr\u00e9 Gouba lance la 2e \u00e9dition du Festival du Nakamb\u00e9 (FESTINA)"}]},{"@type":"WebSite","@id":"https:\/\/www.latribunedufaso.net\/#website","url":"https:\/\/www.latribunedufaso.net\/","name":"La Tribune du Faso","description":"L&#039;information du monde rural en un clic","publisher":{"@id":"https:\/\/www.latribunedufaso.net\/#organization"},"potentialAction":[{"@type":"SearchAction","target":{"@type":"EntryPoint","urlTemplate":"https:\/\/www.latribunedufaso.net\/?s={search_term_string}"},"query-input":{"@type":"PropertyValueSpecification","valueRequired":true,"valueName":"search_term_string"}}],"inLanguage":"fr-FR"},{"@type":"Organization","@id":"https:\/\/www.latribunedufaso.net\/#organization","name":"La Tribune du Faso","url":"https:\/\/www.latribunedufaso.net\/","logo":{"@type":"ImageObject","inLanguage":"fr-FR","@id":"https:\/\/www.latribunedufaso.net\/#\/schema\/logo\/image\/","url":"https:\/\/www.latribunedufaso.net\/wp-content\/uploads\/2020\/08\/Logo-Tribune-du-Faso-final-scaled.jpg","contentUrl":"https:\/\/www.latribunedufaso.net\/wp-content\/uploads\/2020\/08\/Logo-Tribune-du-Faso-final-scaled.jpg","width":2560,"height":1856,"caption":"La Tribune du Faso"},"image":{"@id":"https:\/\/www.latribunedufaso.net\/#\/schema\/logo\/image\/"},"sameAs":["https:\/\/www.facebook.com\/LatribuneduFaso\/"]},{"@type":"Person","@id":"https:\/\/www.latribunedufaso.net\/#\/schema\/person\/e54e64c5778a7e72cf80a318b7a622b0","name":"Issouf Tapsoba","image":{"@type":"ImageObject","inLanguage":"fr-FR","@id":"https:\/\/secure.gravatar.com\/avatar\/5e6c05150ce3230247d167f5b94d678eb05936197436d69b7921e3a95c9107ac?s=96&d=mm&r=g","url":"https:\/\/secure.gravatar.com\/avatar\/5e6c05150ce3230247d167f5b94d678eb05936197436d69b7921e3a95c9107ac?s=96&d=mm&r=g","contentUrl":"https:\/\/secure.gravatar.com\/avatar\/5e6c05150ce3230247d167f5b94d678eb05936197436d69b7921e3a95c9107ac?s=96&d=mm&r=g","caption":"Issouf Tapsoba"},"url":"https:\/\/www.latribunedufaso.net\/?author=5"}]}},"_links":{"self":[{"href":"https:\/\/www.latribunedufaso.net\/index.php?rest_route=\/wp\/v2\/posts\/25280","targetHints":{"allow":["GET"]}}],"collection":[{"href":"https:\/\/www.latribunedufaso.net\/index.php?rest_route=\/wp\/v2\/posts"}],"about":[{"href":"https:\/\/www.latribunedufaso.net\/index.php?rest_route=\/wp\/v2\/types\/post"}],"author":[{"embeddable":true,"href":"https:\/\/www.latribunedufaso.net\/index.php?rest_route=\/wp\/v2\/users\/5"}],"replies":[{"embeddable":true,"href":"https:\/\/www.latribunedufaso.net\/index.php?rest_route=%2Fwp%2Fv2%2Fcomments&post=25280"}],"version-history":[{"count":3,"href":"https:\/\/www.latribunedufaso.net\/index.php?rest_route=\/wp\/v2\/posts\/25280\/revisions"}],"predecessor-version":[{"id":25294,"href":"https:\/\/www.latribunedufaso.net\/index.php?rest_route=\/wp\/v2\/posts\/25280\/revisions\/25294"}],"wp:featuredmedia":[{"embeddable":true,"href":"https:\/\/www.latribunedufaso.net\/index.php?rest_route=\/wp\/v2\/media\/25285"}],"wp:attachment":[{"href":"https:\/\/www.latribunedufaso.net\/index.php?rest_route=%2Fwp%2Fv2%2Fmedia&parent=25280"}],"wp:term":[{"taxonomy":"category","embeddable":true,"href":"https:\/\/www.latribunedufaso.net\/index.php?rest_route=%2Fwp%2Fv2%2Fcategories&post=25280"},{"taxonomy":"post_tag","embeddable":true,"href":"https:\/\/www.latribunedufaso.net\/index.php?rest_route=%2Fwp%2Fv2%2Ftags&post=25280"}],"curies":[{"name":"wp","href":"https:\/\/api.w.org\/{rel}","templated":true}]}}