{"id":25267,"date":"2025-12-01T14:08:14","date_gmt":"2025-12-01T14:08:14","guid":{"rendered":"https:\/\/www.latribunedufaso.net\/?p=25267"},"modified":"2025-12-17T20:32:02","modified_gmt":"2025-12-17T20:32:02","slug":"etats-generaux-des-transports-cap-sur-des-reformes-strategiques","status":"publish","type":"post","link":"https:\/\/www.latribunedufaso.net\/?p=25267","title":{"rendered":"\u00c9tats g\u00e9n\u00e9raux des Transports : Cap sur des r\u00e9formes strat\u00e9giques"},"content":{"rendered":"<p><strong>Les \u00c9tats g\u00e9n\u00e9raux des transports terrestres et maritimes se tiennent du 1er au 3 d\u00e9cembre 2025 \u00e0 la salle de conf\u00e9rences de Ouaga 2000. La c\u00e9r\u00e9monie d\u2019ouverture \u00e0 eu lieu ce 1er d\u00e9cembre 2025 sous la pr\u00e9sidence du Premier ministre, Jean Emmanuel Ou\u00e9draogo.<\/strong><!--more--><\/p>\n<p>Plac\u00e9e sous le th\u00e8me, <em><strong>\u00ab Transports terrestres et maritimes et r\u00e9silience dans un contexte de crise s\u00e9curitaire au Burkina Faso : \u00e9tat des lieux et perspectives \u00bb,<\/strong><\/em> cette rencontre vise une r\u00e9flexion approfondie sur les d\u00e9fis et opportunit\u00e9s du secteur.<\/p>\n<figure id=\"attachment_25269\" aria-describedby=\"caption-attachment-25269\" style=\"width: 1080px\" class=\"wp-caption aligncenter\"><a href=\"https:\/\/www.latribunedufaso.net\/wp-content\/uploads\/2025\/12\/IMG-20251201-WA0013.jpg\"><img loading=\"lazy\" decoding=\"async\" class=\"size-full wp-image-25269\" src=\"https:\/\/www.latribunedufaso.net\/wp-content\/uploads\/2025\/12\/IMG-20251201-WA0013.jpg\" alt=\"C\u00e9r\u00e9monie d'ouverture des Etats g\u00e9n\u00e9raux des transports terrestres et maritimes, 1er d\u00e9cembre 2025\" width=\"1080\" height=\"810\" srcset=\"https:\/\/www.latribunedufaso.net\/wp-content\/uploads\/2025\/12\/IMG-20251201-WA0013.jpg 1080w, https:\/\/www.latribunedufaso.net\/wp-content\/uploads\/2025\/12\/IMG-20251201-WA0013-300x225.jpg 300w, https:\/\/www.latribunedufaso.net\/wp-content\/uploads\/2025\/12\/IMG-20251201-WA0013-1024x768.jpg 1024w, https:\/\/www.latribunedufaso.net\/wp-content\/uploads\/2025\/12\/IMG-20251201-WA0013-768x576.jpg 768w\" sizes=\"auto, (max-width: 1080px) 100vw, 1080px\" \/><\/a><figcaption id=\"caption-attachment-25269\" class=\"wp-caption-text\">Le Premier ministre, Jean Emmanuel Ou\u00e9draogo a pr\u00e9sid\u00e9 la c\u00e9r\u00e9monie de lancement &#8211; Ph. I. Tougma<\/figcaption><\/figure>\n<p>L\u2019objectif principal est d\u2019op\u00e9rer une analyse holistique du secteur afin d\u2019identifier les blocages et de proposer des r\u00e9formes strat\u00e9giques.\u00a0<\/p>\n<p><em><strong>\u00ab Notre syst\u00e8me de transport a atteint aujourd\u2019hui ses limites \u00bb<\/strong><\/em>, a reconnu le Premier ministre, Jean Emmanuel Ou\u00e9draogo, \u00e0 l\u2019ouverture. Il a cit\u00e9, entre autres, un parc automobile vieillissant, des infrastructures inadapt\u00e9es, une s\u00e9curit\u00e9 routi\u00e8re d\u00e9ficiente et des co\u00fbts encore \u00e9lev\u00e9s. Par cons\u00e9quent, il a appel\u00e9 \u00e0 <em><strong>\u00ab construire une politique du transport moderne, s\u00e9curis\u00e9e, inclusive et comp\u00e9titive au service du d\u00e9veloppement \u00bb.<\/strong><\/em><\/p>\n<figure id=\"attachment_25272\" aria-describedby=\"caption-attachment-25272\" style=\"width: 1280px\" class=\"wp-caption aligncenter\"><a href=\"https:\/\/www.latribunedufaso.net\/wp-content\/uploads\/2025\/12\/IMG-20251201-WA0015.jpg\"><img loading=\"lazy\" decoding=\"async\" class=\"size-full wp-image-25272\" src=\"https:\/\/www.latribunedufaso.net\/wp-content\/uploads\/2025\/12\/IMG-20251201-WA0015.jpg\" alt=\"C\u00e9r\u00e9monie d'ouverture des Etats g\u00e9n\u00e9raux des transports terrestres et maritimes, 1er d\u00e9cembre 2025\" width=\"1280\" height=\"960\" srcset=\"https:\/\/www.latribunedufaso.net\/wp-content\/uploads\/2025\/12\/IMG-20251201-WA0015.jpg 1280w, https:\/\/www.latribunedufaso.net\/wp-content\/uploads\/2025\/12\/IMG-20251201-WA0015-300x225.jpg 300w, https:\/\/www.latribunedufaso.net\/wp-content\/uploads\/2025\/12\/IMG-20251201-WA0015-1024x768.jpg 1024w, https:\/\/www.latribunedufaso.net\/wp-content\/uploads\/2025\/12\/IMG-20251201-WA0015-768x576.jpg 768w\" sizes=\"auto, (max-width: 1280px) 100vw, 1280px\" \/><\/a><figcaption id=\"caption-attachment-25272\" class=\"wp-caption-text\">Une vue des participants \u00e0 la c\u00e9r\u00e9monie &#8211; Ph. I. Tougma<\/figcaption><\/figure>\n<p>Le ministre en charge de la Mobilit\u00e9, \u00c9mile Zerbo, a soulign\u00e9 \u00e9galement l\u2019urgence de r\u00e9organiser ce secteur vital : <em><strong>\u00ab Les \u00e9tats g\u00e9n\u00e9raux c\u2019est pour se parler, mettre le patriotisme et l\u2019int\u00e9r\u00eat g\u00e9n\u00e9ral au-devant afin de trouver des solutions pour des transports modernes et efficaces \u00bb.<\/strong><\/em><\/p>\n<blockquote>\n<p>Lire aussi &gt;&gt; <a href=\"https:\/\/www.latribunedufaso.net\/?p=24939\">Journ\u00e9es nationales du transport par rail : Les rideaux se referment sur une note de satisfaction<\/a><\/p>\n<\/blockquote>\n<p><iframe loading=\"lazy\" width=\"560\" height=\"315\" src=\"https:\/\/www.youtube.com\/embed\/78SUs1d7yzk?si=YpVQCw5T_90RNxqk\" title=\"YouTube video player\" frameborder=\"0\" allow=\"accelerometer; autoplay; clipboard-write; encrypted-media; gyroscope; picture-in-picture; web-share\" referrerpolicy=\"strict-origin-when-cross-origin\" allowfullscreen><\/iframe><\/p>\n<p>Durant ces trois jours, les acteurs du secteur vont diagnostiquer les dysfonctionnements, proposer des solutions innovantes et \u00e9laborer une feuille de route concr\u00e8te pour un syst\u00e8me de transport r\u00e9silient et performant.\u00a0<\/p>\n<p><strong>In\u00e8s TOUGMA\u00a0<\/strong><\/p>\n<p><strong>Lateibunedufaso.net<\/strong><\/p>\n<figure id=\"attachment_25271\" aria-describedby=\"caption-attachment-25271\" style=\"width: 1080px\" class=\"wp-caption aligncenter\"><a href=\"https:\/\/www.latribunedufaso.net\/wp-content\/uploads\/2025\/12\/IMG-20251201-WA0016.jpg\"><img loading=\"lazy\" decoding=\"async\" class=\"size-full wp-image-25271\" src=\"https:\/\/www.latribunedufaso.net\/wp-content\/uploads\/2025\/12\/IMG-20251201-WA0016.jpg\" alt=\"C\u00e9r\u00e9monie d'ouverture des Etats g\u00e9n\u00e9raux des transports terrestres et maritimes, 1er d\u00e9cembre 2025\" width=\"1080\" height=\"810\" srcset=\"https:\/\/www.latribunedufaso.net\/wp-content\/uploads\/2025\/12\/IMG-20251201-WA0016.jpg 1080w, https:\/\/www.latribunedufaso.net\/wp-content\/uploads\/2025\/12\/IMG-20251201-WA0016-300x225.jpg 300w, https:\/\/www.latribunedufaso.net\/wp-content\/uploads\/2025\/12\/IMG-20251201-WA0016-1024x768.jpg 1024w, https:\/\/www.latribunedufaso.net\/wp-content\/uploads\/2025\/12\/IMG-20251201-WA0016-768x576.jpg 768w\" sizes=\"auto, (max-width: 1080px) 100vw, 1080px\" \/><\/a><figcaption id=\"caption-attachment-25271\" class=\"wp-caption-text\">Photo de famille des officiels &#8211; Ph. I. Tougma<\/figcaption><\/figure>\n","protected":false},"excerpt":{"rendered":"<p>Les \u00c9tats g\u00e9n\u00e9raux des transports terrestres et maritimes se tiennent du 1er au 3 d\u00e9cembre 2025 \u00e0 la salle de conf\u00e9rences de Ouaga 2000. La c\u00e9r\u00e9monie d\u2019ouverture \u00e0 eu lieu ce 1er d\u00e9cembre 2025 sous la pr\u00e9sidence du Premier ministre, Jean Emmanuel Ou\u00e9draogo.<\/p>\n","protected":false},"author":5,"featured_media":25270,"comment_status":"open","ping_status":"open","sticky":false,"template":"","format":"standard","meta":{"footnotes":""},"categories":[13,1,8],"tags":[1821,39],"class_list":["post-25267","post","type-post","status-publish","format-standard","has-post-thumbnail","hentry","category-une","category-actu","category-societe","tag-etats-generaux-des-transports-terrestres-et-maritimes","tag-latribunedufaso-net"],"yoast_head":"<!-- This site is optimized with the Yoast SEO plugin v27.4 - https:\/\/yoast.com\/product\/yoast-seo-wordpress\/ -->\n<title>\u00c9tats g\u00e9n\u00e9raux des Transports : Cap sur des r\u00e9formes strat\u00e9giques - La Tribune du Faso<\/title>\n<meta name=\"robots\" content=\"index, follow, max-snippet:-1, max-image-preview:large, max-video-preview:-1\" \/>\n<link rel=\"canonical\" href=\"https:\/\/www.latribunedufaso.net\/?p=25267\" \/>\n<meta property=\"og:locale\" content=\"fr_FR\" \/>\n<meta property=\"og:type\" content=\"article\" \/>\n<meta property=\"og:title\" content=\"\u00c9tats g\u00e9n\u00e9raux des Transports : Cap sur des r\u00e9formes strat\u00e9giques - La Tribune du Faso\" \/>\n<meta property=\"og:description\" content=\"Les \u00c9tats g\u00e9n\u00e9raux des transports terrestres et maritimes se tiennent du 1er au 3 d\u00e9cembre 2025 \u00e0 la salle de conf\u00e9rences de Ouaga 2000. La c\u00e9r\u00e9monie d\u2019ouverture \u00e0 eu lieu ce 1er d\u00e9cembre 2025 sous la pr\u00e9sidence du Premier ministre, Jean Emmanuel Ou\u00e9draogo.\" \/>\n<meta property=\"og:url\" content=\"https:\/\/www.latribunedufaso.net\/?p=25267\" \/>\n<meta property=\"og:site_name\" content=\"La Tribune du Faso\" \/>\n<meta property=\"article:publisher\" content=\"https:\/\/www.facebook.com\/LatribuneduFaso\/\" \/>\n<meta property=\"article:published_time\" content=\"2025-12-01T14:08:14+00:00\" \/>\n<meta property=\"article:modified_time\" content=\"2025-12-17T20:32:02+00:00\" \/>\n<meta property=\"og:image\" content=\"https:\/\/www.latribunedufaso.net\/wp-content\/uploads\/2025\/12\/IMG-20251201-WA0014.jpg\" \/>\n\t<meta property=\"og:image:width\" content=\"1080\" \/>\n\t<meta property=\"og:image:height\" content=\"810\" \/>\n\t<meta property=\"og:image:type\" content=\"image\/jpeg\" \/>\n<meta name=\"author\" content=\"Issouf Tapsoba\" \/>\n<meta name=\"twitter:label1\" content=\"\u00c9crit par\" \/>\n\t<meta name=\"twitter:data1\" content=\"Issouf Tapsoba\" \/>\n\t<meta name=\"twitter:label2\" content=\"Dur\u00e9e de lecture estim\u00e9e\" \/>\n\t<meta name=\"twitter:data2\" content=\"3 minutes\" \/>\n<script type=\"application\/ld+json\" class=\"yoast-schema-graph\">{\"@context\":\"https:\\\/\\\/schema.org\",\"@graph\":[{\"@type\":\"Article\",\"@id\":\"https:\\\/\\\/www.latribunedufaso.net\\\/?p=25267#article\",\"isPartOf\":{\"@id\":\"https:\\\/\\\/www.latribunedufaso.net\\\/?p=25267\"},\"author\":{\"name\":\"Issouf Tapsoba\",\"@id\":\"https:\\\/\\\/www.latribunedufaso.net\\\/#\\\/schema\\\/person\\\/e54e64c5778a7e72cf80a318b7a622b0\"},\"headline\":\"\u00c9tats g\u00e9n\u00e9raux des Transports : Cap sur des r\u00e9formes strat\u00e9giques\",\"datePublished\":\"2025-12-01T14:08:14+00:00\",\"dateModified\":\"2025-12-17T20:32:02+00:00\",\"mainEntityOfPage\":{\"@id\":\"https:\\\/\\\/www.latribunedufaso.net\\\/?p=25267\"},\"wordCount\":376,\"commentCount\":0,\"publisher\":{\"@id\":\"https:\\\/\\\/www.latribunedufaso.net\\\/#organization\"},\"image\":{\"@id\":\"https:\\\/\\\/www.latribunedufaso.net\\\/?p=25267#primaryimage\"},\"thumbnailUrl\":\"https:\\\/\\\/www.latribunedufaso.net\\\/wp-content\\\/uploads\\\/2025\\\/12\\\/IMG-20251201-WA0014.jpg\",\"keywords\":[\"\u00c9tats g\u00e9n\u00e9raux des transports terrestres et maritimes\",\"latribunedufaso.net\"],\"articleSection\":[\"A la une\",\"Actualit\u00e9\",\"Soci\u00e9t\u00e9\"],\"inLanguage\":\"fr-FR\",\"potentialAction\":[{\"@type\":\"CommentAction\",\"name\":\"Comment\",\"target\":[\"https:\\\/\\\/www.latribunedufaso.net\\\/?p=25267#respond\"]}]},{\"@type\":\"WebPage\",\"@id\":\"https:\\\/\\\/www.latribunedufaso.net\\\/?p=25267\",\"url\":\"https:\\\/\\\/www.latribunedufaso.net\\\/?p=25267\",\"name\":\"\u00c9tats g\u00e9n\u00e9raux des Transports : Cap sur des r\u00e9formes strat\u00e9giques - La Tribune du Faso\",\"isPartOf\":{\"@id\":\"https:\\\/\\\/www.latribunedufaso.net\\\/#website\"},\"primaryImageOfPage\":{\"@id\":\"https:\\\/\\\/www.latribunedufaso.net\\\/?p=25267#primaryimage\"},\"image\":{\"@id\":\"https:\\\/\\\/www.latribunedufaso.net\\\/?p=25267#primaryimage\"},\"thumbnailUrl\":\"https:\\\/\\\/www.latribunedufaso.net\\\/wp-content\\\/uploads\\\/2025\\\/12\\\/IMG-20251201-WA0014.jpg\",\"datePublished\":\"2025-12-01T14:08:14+00:00\",\"dateModified\":\"2025-12-17T20:32:02+00:00\",\"breadcrumb\":{\"@id\":\"https:\\\/\\\/www.latribunedufaso.net\\\/?p=25267#breadcrumb\"},\"inLanguage\":\"fr-FR\",\"potentialAction\":[{\"@type\":\"ReadAction\",\"target\":[\"https:\\\/\\\/www.latribunedufaso.net\\\/?p=25267\"]}]},{\"@type\":\"ImageObject\",\"inLanguage\":\"fr-FR\",\"@id\":\"https:\\\/\\\/www.latribunedufaso.net\\\/?p=25267#primaryimage\",\"url\":\"https:\\\/\\\/www.latribunedufaso.net\\\/wp-content\\\/uploads\\\/2025\\\/12\\\/IMG-20251201-WA0014.jpg\",\"contentUrl\":\"https:\\\/\\\/www.latribunedufaso.net\\\/wp-content\\\/uploads\\\/2025\\\/12\\\/IMG-20251201-WA0014.jpg\",\"width\":1080,\"height\":810,\"caption\":\"C\u00e9r\u00e9monie d'ouverture des Etats g\u00e9n\u00e9raux des transports terrestres et maritimes, 1er d\u00e9cembre 2025\"},{\"@type\":\"BreadcrumbList\",\"@id\":\"https:\\\/\\\/www.latribunedufaso.net\\\/?p=25267#breadcrumb\",\"itemListElement\":[{\"@type\":\"ListItem\",\"position\":1,\"name\":\"Accueil\",\"item\":\"https:\\\/\\\/www.latribunedufaso.net\\\/\"},{\"@type\":\"ListItem\",\"position\":2,\"name\":\"\u00c9tats g\u00e9n\u00e9raux des Transports : Cap sur des r\u00e9formes strat\u00e9giques\"}]},{\"@type\":\"WebSite\",\"@id\":\"https:\\\/\\\/www.latribunedufaso.net\\\/#website\",\"url\":\"https:\\\/\\\/www.latribunedufaso.net\\\/\",\"name\":\"La Tribune du Faso\",\"description\":\"L&#039;information du monde rural en un clic\",\"publisher\":{\"@id\":\"https:\\\/\\\/www.latribunedufaso.net\\\/#organization\"},\"potentialAction\":[{\"@type\":\"SearchAction\",\"target\":{\"@type\":\"EntryPoint\",\"urlTemplate\":\"https:\\\/\\\/www.latribunedufaso.net\\\/?s={search_term_string}\"},\"query-input\":{\"@type\":\"PropertyValueSpecification\",\"valueRequired\":true,\"valueName\":\"search_term_string\"}}],\"inLanguage\":\"fr-FR\"},{\"@type\":\"Organization\",\"@id\":\"https:\\\/\\\/www.latribunedufaso.net\\\/#organization\",\"name\":\"La Tribune du Faso\",\"url\":\"https:\\\/\\\/www.latribunedufaso.net\\\/\",\"logo\":{\"@type\":\"ImageObject\",\"inLanguage\":\"fr-FR\",\"@id\":\"https:\\\/\\\/www.latribunedufaso.net\\\/#\\\/schema\\\/logo\\\/image\\\/\",\"url\":\"https:\\\/\\\/www.latribunedufaso.net\\\/wp-content\\\/uploads\\\/2020\\\/08\\\/Logo-Tribune-du-Faso-final-scaled.jpg\",\"contentUrl\":\"https:\\\/\\\/www.latribunedufaso.net\\\/wp-content\\\/uploads\\\/2020\\\/08\\\/Logo-Tribune-du-Faso-final-scaled.jpg\",\"width\":2560,\"height\":1856,\"caption\":\"La Tribune du Faso\"},\"image\":{\"@id\":\"https:\\\/\\\/www.latribunedufaso.net\\\/#\\\/schema\\\/logo\\\/image\\\/\"},\"sameAs\":[\"https:\\\/\\\/www.facebook.com\\\/LatribuneduFaso\\\/\"]},{\"@type\":\"Person\",\"@id\":\"https:\\\/\\\/www.latribunedufaso.net\\\/#\\\/schema\\\/person\\\/e54e64c5778a7e72cf80a318b7a622b0\",\"name\":\"Issouf Tapsoba\",\"image\":{\"@type\":\"ImageObject\",\"inLanguage\":\"fr-FR\",\"@id\":\"https:\\\/\\\/secure.gravatar.com\\\/avatar\\\/5e6c05150ce3230247d167f5b94d678eb05936197436d69b7921e3a95c9107ac?s=96&d=mm&r=g\",\"url\":\"https:\\\/\\\/secure.gravatar.com\\\/avatar\\\/5e6c05150ce3230247d167f5b94d678eb05936197436d69b7921e3a95c9107ac?s=96&d=mm&r=g\",\"contentUrl\":\"https:\\\/\\\/secure.gravatar.com\\\/avatar\\\/5e6c05150ce3230247d167f5b94d678eb05936197436d69b7921e3a95c9107ac?s=96&d=mm&r=g\",\"caption\":\"Issouf Tapsoba\"},\"url\":\"https:\\\/\\\/www.latribunedufaso.net\\\/?author=5\"}]}<\/script>\n<!-- \/ Yoast SEO plugin. -->","yoast_head_json":{"title":"\u00c9tats g\u00e9n\u00e9raux des Transports : Cap sur des r\u00e9formes strat\u00e9giques - La Tribune du Faso","robots":{"index":"index","follow":"follow","max-snippet":"max-snippet:-1","max-image-preview":"max-image-preview:large","max-video-preview":"max-video-preview:-1"},"canonical":"https:\/\/www.latribunedufaso.net\/?p=25267","og_locale":"fr_FR","og_type":"article","og_title":"\u00c9tats g\u00e9n\u00e9raux des Transports : Cap sur des r\u00e9formes strat\u00e9giques - La Tribune du Faso","og_description":"Les \u00c9tats g\u00e9n\u00e9raux des transports terrestres et maritimes se tiennent du 1er au 3 d\u00e9cembre 2025 \u00e0 la salle de conf\u00e9rences de Ouaga 2000. La c\u00e9r\u00e9monie d\u2019ouverture \u00e0 eu lieu ce 1er d\u00e9cembre 2025 sous la pr\u00e9sidence du Premier ministre, Jean Emmanuel Ou\u00e9draogo.","og_url":"https:\/\/www.latribunedufaso.net\/?p=25267","og_site_name":"La Tribune du Faso","article_publisher":"https:\/\/www.facebook.com\/LatribuneduFaso\/","article_published_time":"2025-12-01T14:08:14+00:00","article_modified_time":"2025-12-17T20:32:02+00:00","og_image":[{"width":1080,"height":810,"url":"https:\/\/www.latribunedufaso.net\/wp-content\/uploads\/2025\/12\/IMG-20251201-WA0014.jpg","type":"image\/jpeg"}],"author":"Issouf Tapsoba","twitter_misc":{"\u00c9crit par":"Issouf Tapsoba","Dur\u00e9e de lecture estim\u00e9e":"3 minutes"},"schema":{"@context":"https:\/\/schema.org","@graph":[{"@type":"Article","@id":"https:\/\/www.latribunedufaso.net\/?p=25267#article","isPartOf":{"@id":"https:\/\/www.latribunedufaso.net\/?p=25267"},"author":{"name":"Issouf Tapsoba","@id":"https:\/\/www.latribunedufaso.net\/#\/schema\/person\/e54e64c5778a7e72cf80a318b7a622b0"},"headline":"\u00c9tats g\u00e9n\u00e9raux des Transports : Cap sur des r\u00e9formes strat\u00e9giques","datePublished":"2025-12-01T14:08:14+00:00","dateModified":"2025-12-17T20:32:02+00:00","mainEntityOfPage":{"@id":"https:\/\/www.latribunedufaso.net\/?p=25267"},"wordCount":376,"commentCount":0,"publisher":{"@id":"https:\/\/www.latribunedufaso.net\/#organization"},"image":{"@id":"https:\/\/www.latribunedufaso.net\/?p=25267#primaryimage"},"thumbnailUrl":"https:\/\/www.latribunedufaso.net\/wp-content\/uploads\/2025\/12\/IMG-20251201-WA0014.jpg","keywords":["\u00c9tats g\u00e9n\u00e9raux des transports terrestres et maritimes","latribunedufaso.net"],"articleSection":["A la une","Actualit\u00e9","Soci\u00e9t\u00e9"],"inLanguage":"fr-FR","potentialAction":[{"@type":"CommentAction","name":"Comment","target":["https:\/\/www.latribunedufaso.net\/?p=25267#respond"]}]},{"@type":"WebPage","@id":"https:\/\/www.latribunedufaso.net\/?p=25267","url":"https:\/\/www.latribunedufaso.net\/?p=25267","name":"\u00c9tats g\u00e9n\u00e9raux des Transports : Cap sur des r\u00e9formes strat\u00e9giques - La Tribune du Faso","isPartOf":{"@id":"https:\/\/www.latribunedufaso.net\/#website"},"primaryImageOfPage":{"@id":"https:\/\/www.latribunedufaso.net\/?p=25267#primaryimage"},"image":{"@id":"https:\/\/www.latribunedufaso.net\/?p=25267#primaryimage"},"thumbnailUrl":"https:\/\/www.latribunedufaso.net\/wp-content\/uploads\/2025\/12\/IMG-20251201-WA0014.jpg","datePublished":"2025-12-01T14:08:14+00:00","dateModified":"2025-12-17T20:32:02+00:00","breadcrumb":{"@id":"https:\/\/www.latribunedufaso.net\/?p=25267#breadcrumb"},"inLanguage":"fr-FR","potentialAction":[{"@type":"ReadAction","target":["https:\/\/www.latribunedufaso.net\/?p=25267"]}]},{"@type":"ImageObject","inLanguage":"fr-FR","@id":"https:\/\/www.latribunedufaso.net\/?p=25267#primaryimage","url":"https:\/\/www.latribunedufaso.net\/wp-content\/uploads\/2025\/12\/IMG-20251201-WA0014.jpg","contentUrl":"https:\/\/www.latribunedufaso.net\/wp-content\/uploads\/2025\/12\/IMG-20251201-WA0014.jpg","width":1080,"height":810,"caption":"C\u00e9r\u00e9monie d'ouverture des Etats g\u00e9n\u00e9raux des transports terrestres et maritimes, 1er d\u00e9cembre 2025"},{"@type":"BreadcrumbList","@id":"https:\/\/www.latribunedufaso.net\/?p=25267#breadcrumb","itemListElement":[{"@type":"ListItem","position":1,"name":"Accueil","item":"https:\/\/www.latribunedufaso.net\/"},{"@type":"ListItem","position":2,"name":"\u00c9tats g\u00e9n\u00e9raux des Transports : Cap sur des r\u00e9formes strat\u00e9giques"}]},{"@type":"WebSite","@id":"https:\/\/www.latribunedufaso.net\/#website","url":"https:\/\/www.latribunedufaso.net\/","name":"La Tribune du Faso","description":"L&#039;information du monde rural en un clic","publisher":{"@id":"https:\/\/www.latribunedufaso.net\/#organization"},"potentialAction":[{"@type":"SearchAction","target":{"@type":"EntryPoint","urlTemplate":"https:\/\/www.latribunedufaso.net\/?s={search_term_string}"},"query-input":{"@type":"PropertyValueSpecification","valueRequired":true,"valueName":"search_term_string"}}],"inLanguage":"fr-FR"},{"@type":"Organization","@id":"https:\/\/www.latribunedufaso.net\/#organization","name":"La Tribune du Faso","url":"https:\/\/www.latribunedufaso.net\/","logo":{"@type":"ImageObject","inLanguage":"fr-FR","@id":"https:\/\/www.latribunedufaso.net\/#\/schema\/logo\/image\/","url":"https:\/\/www.latribunedufaso.net\/wp-content\/uploads\/2020\/08\/Logo-Tribune-du-Faso-final-scaled.jpg","contentUrl":"https:\/\/www.latribunedufaso.net\/wp-content\/uploads\/2020\/08\/Logo-Tribune-du-Faso-final-scaled.jpg","width":2560,"height":1856,"caption":"La Tribune du Faso"},"image":{"@id":"https:\/\/www.latribunedufaso.net\/#\/schema\/logo\/image\/"},"sameAs":["https:\/\/www.facebook.com\/LatribuneduFaso\/"]},{"@type":"Person","@id":"https:\/\/www.latribunedufaso.net\/#\/schema\/person\/e54e64c5778a7e72cf80a318b7a622b0","name":"Issouf Tapsoba","image":{"@type":"ImageObject","inLanguage":"fr-FR","@id":"https:\/\/secure.gravatar.com\/avatar\/5e6c05150ce3230247d167f5b94d678eb05936197436d69b7921e3a95c9107ac?s=96&d=mm&r=g","url":"https:\/\/secure.gravatar.com\/avatar\/5e6c05150ce3230247d167f5b94d678eb05936197436d69b7921e3a95c9107ac?s=96&d=mm&r=g","contentUrl":"https:\/\/secure.gravatar.com\/avatar\/5e6c05150ce3230247d167f5b94d678eb05936197436d69b7921e3a95c9107ac?s=96&d=mm&r=g","caption":"Issouf Tapsoba"},"url":"https:\/\/www.latribunedufaso.net\/?author=5"}]}},"_links":{"self":[{"href":"https:\/\/www.latribunedufaso.net\/index.php?rest_route=\/wp\/v2\/posts\/25267","targetHints":{"allow":["GET"]}}],"collection":[{"href":"https:\/\/www.latribunedufaso.net\/index.php?rest_route=\/wp\/v2\/posts"}],"about":[{"href":"https:\/\/www.latribunedufaso.net\/index.php?rest_route=\/wp\/v2\/types\/post"}],"author":[{"embeddable":true,"href":"https:\/\/www.latribunedufaso.net\/index.php?rest_route=\/wp\/v2\/users\/5"}],"replies":[{"embeddable":true,"href":"https:\/\/www.latribunedufaso.net\/index.php?rest_route=%2Fwp%2Fv2%2Fcomments&post=25267"}],"version-history":[{"count":3,"href":"https:\/\/www.latribunedufaso.net\/index.php?rest_route=\/wp\/v2\/posts\/25267\/revisions"}],"predecessor-version":[{"id":25898,"href":"https:\/\/www.latribunedufaso.net\/index.php?rest_route=\/wp\/v2\/posts\/25267\/revisions\/25898"}],"wp:featuredmedia":[{"embeddable":true,"href":"https:\/\/www.latribunedufaso.net\/index.php?rest_route=\/wp\/v2\/media\/25270"}],"wp:attachment":[{"href":"https:\/\/www.latribunedufaso.net\/index.php?rest_route=%2Fwp%2Fv2%2Fmedia&parent=25267"}],"wp:term":[{"taxonomy":"category","embeddable":true,"href":"https:\/\/www.latribunedufaso.net\/index.php?rest_route=%2Fwp%2Fv2%2Fcategories&post=25267"},{"taxonomy":"post_tag","embeddable":true,"href":"https:\/\/www.latribunedufaso.net\/index.php?rest_route=%2Fwp%2Fv2%2Ftags&post=25267"}],"curies":[{"name":"wp","href":"https:\/\/api.w.org\/{rel}","templated":true}]}}