{"id":25241,"date":"2025-11-28T21:46:23","date_gmt":"2025-11-28T21:46:23","guid":{"rendered":"https:\/\/www.latribunedufaso.net\/?p=25241"},"modified":"2025-12-17T20:33:18","modified_gmt":"2025-12-17T20:33:18","slug":"region-du-kadiogo-un-salon-pour-booster-lemploi-et-lentrepreneuriat-des-jeunes","status":"publish","type":"post","link":"https:\/\/www.latribunedufaso.net\/?p=25241","title":{"rendered":"R\u00e9gion du Kadiogo : Un salon pour booster l\u2019emploi et l\u2019entrepreneuriat des jeunes"},"content":{"rendered":"<p><strong>Pour dynamiser l\u2019insertion professionnelle et l\u2019entrepreneuriat des jeunes, la r\u00e9gion du Kadiogo organise les 28 et 29 novembre 2025 \u00e0 Ouagadougou, son premier Salon r\u00e9gional de l\u2019emploi. Une initiative qui s\u2019accompagne du lancement du projet <em>\u00ab TUUM-BAOOBO \u00bb<\/em>, destin\u00e9 \u00e0 renforcer les comp\u00e9tences et \u00e0 soutenir la cr\u00e9ation d\u2019activit\u00e9s g\u00e9n\u00e9ratrices de revenus.<\/strong><!--more--><\/p>\n<p>La Direction r\u00e9gionale en charge de la jeunesse et de l\u2019emploi du Kadiogo a lanc\u00e9, ce 28 novembre 2025 \u00e0 Ouagadougou, la premi\u00e8re \u00e9dition du Salon r\u00e9gional de l\u2019emploi. La c\u00e9r\u00e9monie d\u2019ouverture a \u00e9t\u00e9 plac\u00e9e sous la pr\u00e9sidence du gouverneur de la r\u00e9gion du Kadiogo, repr\u00e9sent\u00e9 par sa Secr\u00e9taire g\u00e9n\u00e9rale, Angelina A\u00efssata Traor\u00e9.<\/p>\n<figure id=\"attachment_25248\" aria-describedby=\"caption-attachment-25248\" style=\"width: 979px\" class=\"wp-caption aligncenter\"><a href=\"https:\/\/www.latribunedufaso.net\/wp-content\/uploads\/2025\/11\/IMG-20251129-WA0036.jpg\"><img loading=\"lazy\" decoding=\"async\" class=\"size-full wp-image-25248\" src=\"https:\/\/www.latribunedufaso.net\/wp-content\/uploads\/2025\/11\/IMG-20251129-WA0036.jpg\" alt=\"Lancement de la premi\u00e8re \u00e9dition du Salon r\u00e9gional de l\u2019emploi du Kadiogo, 28 novembre 2025\" width=\"979\" height=\"604\" srcset=\"https:\/\/www.latribunedufaso.net\/wp-content\/uploads\/2025\/11\/IMG-20251129-WA0036.jpg 979w, https:\/\/www.latribunedufaso.net\/wp-content\/uploads\/2025\/11\/IMG-20251129-WA0036-300x185.jpg 300w, https:\/\/www.latribunedufaso.net\/wp-content\/uploads\/2025\/11\/IMG-20251129-WA0036-768x474.jpg 768w\" sizes=\"auto, (max-width: 979px) 100vw, 979px\" \/><\/a><figcaption id=\"caption-attachment-25248\" class=\"wp-caption-text\">La Secr\u00e9taire g\u00e9n\u00e9rale du gouvernorat du Kadiogo, Angelina A\u00efssata Traor\u00e9\u00a0&#8211; Ph. A. Kiendrebeogo<\/figcaption><\/figure>\n<p>Plac\u00e9e sous le th\u00e8me : <em><strong>\u00ab Accro\u00eetre l\u2019employabilit\u00e9 et le potentiel entrepreneurial des jeunes de la r\u00e9gion du Kadiogo pour un d\u00e9veloppement endog\u00e8ne du Burkina Faso \u00bb,<\/strong><\/em> cette rencontre vise \u00e0 proposer des solutions <em><strong>\u00ab\u00a0concr\u00e8tes\u00a0\u00bb<\/strong><\/em> aux d\u00e9fis d\u2019insertion professionnelle des jeunes et \u00e0 renforcer leurs comp\u00e9tences.<\/p>\n<p>Durant deux jours, les participants prendront part \u00e0 des communications, panels, s\u00e9ances de sensibilisation ainsi qu\u2019\u00e0 des expositions de stands pr\u00e9sentant plusieurs m\u00e9tiers. Toutes ces activit\u00e9s visent \u00e0 <em><strong>\u00ab renforcer l\u2019employabilit\u00e9 des jeunes du Kadiogo \u00bb,<\/strong> <\/em>a indiqu\u00e9 le Directeur r\u00e9gional de la jeunesse et de l\u2019emploi, B\u00eab\u00ea Arnaud Nouf\u00e8.<\/p>\n<figure id=\"attachment_25247\" aria-describedby=\"caption-attachment-25247\" style=\"width: 1000px\" class=\"wp-caption aligncenter\"><a href=\"https:\/\/www.latribunedufaso.net\/wp-content\/uploads\/2025\/11\/IMG-20251129-WA0035.jpg\"><img loading=\"lazy\" decoding=\"async\" class=\"size-full wp-image-25247\" src=\"https:\/\/www.latribunedufaso.net\/wp-content\/uploads\/2025\/11\/IMG-20251129-WA0035.jpg\" alt=\"Lancement de la premi\u00e8re \u00e9dition du Salon r\u00e9gional de l\u2019emploi du Kadiogo, 28 novembre 2025\" width=\"1000\" height=\"607\" srcset=\"https:\/\/www.latribunedufaso.net\/wp-content\/uploads\/2025\/11\/IMG-20251129-WA0035.jpg 1000w, https:\/\/www.latribunedufaso.net\/wp-content\/uploads\/2025\/11\/IMG-20251129-WA0035-300x182.jpg 300w, https:\/\/www.latribunedufaso.net\/wp-content\/uploads\/2025\/11\/IMG-20251129-WA0035-768x466.jpg 768w\" sizes=\"auto, (max-width: 1000px) 100vw, 1000px\" \/><\/a><figcaption id=\"caption-attachment-25247\" class=\"wp-caption-text\">Le Directeur r\u00e9gionale de le jeunesse et de l\u2019emploi, B\u00eab\u00ea Arnaud Nouf\u00e8 &#8211; Ph. A. Kiendrebeogo<\/figcaption><\/figure>\n<p>La c\u00e9r\u00e9monie d\u2019ouverture a \u00e9galement \u00e9t\u00e9 marqu\u00e9e par le lancement officiel du projet <em><strong>\u00ab TUUM-BAOOBO \u00bb.<\/strong><\/em> D\u00e9di\u00e9 aux jeunes et aux femmes d\u00e9munis, d\u00e9scolaris\u00e9s ou en qu\u00eate d\u2019emploi, ce projet ambitionne de faciliter l\u2019acc\u00e8s au march\u00e9 du travail et de soutenir la cr\u00e9ation de micro-entreprises dans les fili\u00e8res zootechniques durables, notamment dans les r\u00e9gions du Kadiogo et de l\u2019Oubri.<\/p>\n<figure id=\"attachment_25245\" aria-describedby=\"caption-attachment-25245\" style=\"width: 2560px\" class=\"wp-caption aligncenter\"><a href=\"https:\/\/www.latribunedufaso.net\/wp-content\/uploads\/2025\/11\/IMG-20251129-WA0026.jpg\"><img loading=\"lazy\" decoding=\"async\" class=\"size-full wp-image-25245\" src=\"https:\/\/www.latribunedufaso.net\/wp-content\/uploads\/2025\/11\/IMG-20251129-WA0026.jpg\" alt=\"Lancement de la premi\u00e8re \u00e9dition du Salon r\u00e9gional de l\u2019emploi du Kadiogo, 28 novembre 2025\" width=\"2560\" height=\"1671\" srcset=\"https:\/\/www.latribunedufaso.net\/wp-content\/uploads\/2025\/11\/IMG-20251129-WA0026.jpg 2560w, https:\/\/www.latribunedufaso.net\/wp-content\/uploads\/2025\/11\/IMG-20251129-WA0026-300x196.jpg 300w, https:\/\/www.latribunedufaso.net\/wp-content\/uploads\/2025\/11\/IMG-20251129-WA0026-1024x668.jpg 1024w, https:\/\/www.latribunedufaso.net\/wp-content\/uploads\/2025\/11\/IMG-20251129-WA0026-768x501.jpg 768w, https:\/\/www.latribunedufaso.net\/wp-content\/uploads\/2025\/11\/IMG-20251129-WA0026-1536x1003.jpg 1536w, https:\/\/www.latribunedufaso.net\/wp-content\/uploads\/2025\/11\/IMG-20251129-WA0026-2048x1337.jpg 2048w\" sizes=\"auto, (max-width: 2560px) 100vw, 2560px\" \/><\/a><figcaption id=\"caption-attachment-25245\" class=\"wp-caption-text\">Une vue des participants \u00e0 la c\u00e9r\u00e9monie &#8211; Ph. A. Kiendrebeogo<\/figcaption><\/figure>\n<p>S\u2019inscrivant dans le cadre de la formation professionnelle, il pr\u00e9voit, selon B\u00eab\u00ea Arnaud Nouf\u00e8, la formation de 360 jeunes, dont une soixantaine sera retenue au terme du processus pour b\u00e9n\u00e9ficier de kits d\u2019installation adapt\u00e9s aux fili\u00e8res apprises. Les formations concernent principalement l\u2019agro-sylvo-pastoral, mais aussi la coupe-couture, la coiffure, la teinture et d\u2019autres m\u00e9tiers connexes. Le projet s\u2019\u00e9tend sur trois ans.\u00a0<\/p>\n<p>Tout en saluant l\u2019initiative, la Secr\u00e9taire g\u00e9n\u00e9rale du gouvernorat a exhort\u00e9 les b\u00e9n\u00e9ficiaires \u00e0 s\u2019investir pleinement afin d\u2019acqu\u00e9rir toutes les comp\u00e9tences et contacts n\u00e9cessaires pour lancer leurs activit\u00e9s \u00e0 la fin de la formation.<\/p>\n<blockquote>\n<p>Lire aussi &gt;&gt; <a href=\"https:\/\/www.latribunedufaso.net\/?p=25058\">R\u00e9gion du Kadiogo : Une journ\u00e9e pour pr\u00e9venir les cancers f\u00e9minins<\/a><\/p>\n<\/blockquote>\n<p><iframe loading=\"lazy\" width=\"560\" height=\"315\" src=\"https:\/\/www.youtube.com\/embed\/tVswT3q2qOg?si=kD_UOKNy70Ab8pg6\" title=\"YouTube video player\" frameborder=\"0\" allow=\"accelerometer; autoplay; clipboard-write; encrypted-media; gyroscope; picture-in-picture; web-share\" referrerpolicy=\"strict-origin-when-cross-origin\" allowfullscreen><\/iframe><\/p>\n<p>Elle a rappel\u00e9 que, <em><strong>\u00ab c\u2019est cela que le camarade Pr\u00e9sident du Faso, le capitaine Ibrahim Traor\u00e9, voudrait pour tout le monde. Chacun doit se d\u00e9ployer pour apporter sa contribution \u00e0 la construction de ce Burkina nouveau et souverain que nous souhaitons tous. \u00bb<\/strong><\/em><\/p>\n<figure id=\"attachment_25249\" aria-describedby=\"caption-attachment-25249\" style=\"width: 2560px\" class=\"wp-caption aligncenter\"><a href=\"https:\/\/www.latribunedufaso.net\/wp-content\/uploads\/2025\/11\/IMG-20251129-WA0034.jpg\"><img loading=\"lazy\" decoding=\"async\" class=\"size-full wp-image-25249\" src=\"https:\/\/www.latribunedufaso.net\/wp-content\/uploads\/2025\/11\/IMG-20251129-WA0034.jpg\" alt=\"Lancement de la premi\u00e8re \u00e9dition du Salon r\u00e9gional de l\u2019emploi du Kadiogo, 28 novembre 2025\" width=\"2560\" height=\"1927\" srcset=\"https:\/\/www.latribunedufaso.net\/wp-content\/uploads\/2025\/11\/IMG-20251129-WA0034.jpg 2560w, https:\/\/www.latribunedufaso.net\/wp-content\/uploads\/2025\/11\/IMG-20251129-WA0034-300x226.jpg 300w, https:\/\/www.latribunedufaso.net\/wp-content\/uploads\/2025\/11\/IMG-20251129-WA0034-1024x771.jpg 1024w, https:\/\/www.latribunedufaso.net\/wp-content\/uploads\/2025\/11\/IMG-20251129-WA0034-768x578.jpg 768w, https:\/\/www.latribunedufaso.net\/wp-content\/uploads\/2025\/11\/IMG-20251129-WA0034-1536x1156.jpg 1536w, https:\/\/www.latribunedufaso.net\/wp-content\/uploads\/2025\/11\/IMG-20251129-WA0034-2048x1542.jpg 2048w\" sizes=\"auto, (max-width: 2560px) 100vw, 2560px\" \/><\/a><figcaption id=\"caption-attachment-25249\" class=\"wp-caption-text\">Andr\u00e9a Combat, repr\u00e9sentant la directrice g\u00e9n\u00e9rale de l\u2019AICS &#8211; Ph. A. Kiendrebeogo<\/figcaption><\/figure>\n<h3>Un projet cofinanc\u00e9 par la Coop\u00e9ration italienne (AICS)<\/h3>\n<p>Selon Andr\u00e9a Combat, repr\u00e9sentant la directrice g\u00e9n\u00e9rale de l\u2019AICS, <em><strong>\u00ab \u00e0 travers le cofinancement de ce projet, la Coop\u00e9ration italienne r\u00e9affirme sa volont\u00e9 de s\u2019engager aux c\u00f4t\u00e9s du peuple burkinab\u00e8 afin de contribuer \u00e0 l\u2019\u00e9dification d\u2019un d\u00e9veloppement \u00e9conomique solide, \u00e9quitable et profond\u00e9ment ancr\u00e9 dans les besoins <\/strong><strong>r\u00e9els<\/strong><strong> du march\u00e9 du travail. \u00bb<\/strong><\/em><\/p>\n<p><strong>Rosana Astride KIENDREBEOGO\u00a0<\/strong><\/p>\n<p><strong>Latribunedufaso.net<\/strong><\/p>\n<p><a href=\"https:\/\/www.latribunedufaso.net\/wp-content\/uploads\/2025\/11\/IMG-20251129-WA0028.jpg\"><img loading=\"lazy\" decoding=\"async\" class=\"aligncenter size-full wp-image-25246\" src=\"https:\/\/www.latribunedufaso.net\/wp-content\/uploads\/2025\/11\/IMG-20251129-WA0028.jpg\" alt=\"Lancement de la premi\u00e8re \u00e9dition du Salon r\u00e9gional de l\u2019emploi du Kadiogo, 28 novembre 2025\" width=\"2560\" height=\"1796\" srcset=\"https:\/\/www.latribunedufaso.net\/wp-content\/uploads\/2025\/11\/IMG-20251129-WA0028.jpg 2560w, https:\/\/www.latribunedufaso.net\/wp-content\/uploads\/2025\/11\/IMG-20251129-WA0028-300x210.jpg 300w, https:\/\/www.latribunedufaso.net\/wp-content\/uploads\/2025\/11\/IMG-20251129-WA0028-1024x718.jpg 1024w, https:\/\/www.latribunedufaso.net\/wp-content\/uploads\/2025\/11\/IMG-20251129-WA0028-768x539.jpg 768w, https:\/\/www.latribunedufaso.net\/wp-content\/uploads\/2025\/11\/IMG-20251129-WA0028-1536x1078.jpg 1536w, https:\/\/www.latribunedufaso.net\/wp-content\/uploads\/2025\/11\/IMG-20251129-WA0028-2048x1437.jpg 2048w\" sizes=\"auto, (max-width: 2560px) 100vw, 2560px\" \/><\/a><\/p>\n","protected":false},"excerpt":{"rendered":"<p>Pour dynamiser l\u2019insertion professionnelle et l\u2019entrepreneuriat des jeunes, la r\u00e9gion du Kadiogo organise les 28 et 29 novembre 2025 \u00e0 Ouagadougou, son premier Salon r\u00e9gional de l\u2019emploi. Une initiative qui s\u2019accompagne du lancement du projet \u00ab TUUM-BAOOBO \u00bb, destin\u00e9 \u00e0 renforcer les comp\u00e9tences et \u00e0 soutenir la cr\u00e9ation d\u2019activit\u00e9s g\u00e9n\u00e9ratrices de revenus.<\/p>\n","protected":false},"author":5,"featured_media":25244,"comment_status":"open","ping_status":"open","sticky":false,"template":"","format":"standard","meta":{"footnotes":""},"categories":[13,1,8],"tags":[1558,39,1818],"class_list":["post-25241","post","type-post","status-publish","format-standard","has-post-thumbnail","hentry","category-une","category-actu","category-societe","tag-insertion-professionnelle","tag-latribunedufaso-net","tag-projet-tuum-baoobo"],"yoast_head":"<!-- This site is optimized with the Yoast SEO plugin v27.4 - https:\/\/yoast.com\/product\/yoast-seo-wordpress\/ -->\n<title>R\u00e9gion du Kadiogo : Un salon pour booster l\u2019emploi et l\u2019entrepreneuriat des jeunes - La Tribune du Faso<\/title>\n<meta name=\"robots\" content=\"index, follow, max-snippet:-1, max-image-preview:large, max-video-preview:-1\" \/>\n<link rel=\"canonical\" href=\"https:\/\/www.latribunedufaso.net\/?p=25241\" \/>\n<meta property=\"og:locale\" content=\"fr_FR\" \/>\n<meta property=\"og:type\" content=\"article\" \/>\n<meta property=\"og:title\" content=\"R\u00e9gion du Kadiogo : Un salon pour booster l\u2019emploi et l\u2019entrepreneuriat des jeunes - La Tribune du Faso\" \/>\n<meta property=\"og:description\" content=\"Pour dynamiser l\u2019insertion professionnelle et l\u2019entrepreneuriat des jeunes, la r\u00e9gion du Kadiogo organise les 28 et 29 novembre 2025 \u00e0 Ouagadougou, son premier Salon r\u00e9gional de l\u2019emploi. Une initiative qui s\u2019accompagne du lancement du projet \u00ab TUUM-BAOOBO \u00bb, destin\u00e9 \u00e0 renforcer les comp\u00e9tences et \u00e0 soutenir la cr\u00e9ation d\u2019activit\u00e9s g\u00e9n\u00e9ratrices de revenus.\" \/>\n<meta property=\"og:url\" content=\"https:\/\/www.latribunedufaso.net\/?p=25241\" \/>\n<meta property=\"og:site_name\" content=\"La Tribune du Faso\" \/>\n<meta property=\"article:publisher\" content=\"https:\/\/www.facebook.com\/LatribuneduFaso\/\" \/>\n<meta property=\"article:published_time\" content=\"2025-11-28T21:46:23+00:00\" \/>\n<meta property=\"article:modified_time\" content=\"2025-12-17T20:33:18+00:00\" \/>\n<meta property=\"og:image\" content=\"https:\/\/www.latribunedufaso.net\/wp-content\/uploads\/2025\/11\/IMG-20251129-WA0024.jpg\" \/>\n\t<meta property=\"og:image:width\" content=\"2560\" \/>\n\t<meta property=\"og:image:height\" content=\"1583\" \/>\n\t<meta property=\"og:image:type\" content=\"image\/jpeg\" \/>\n<meta name=\"author\" content=\"Issouf Tapsoba\" \/>\n<meta name=\"twitter:label1\" content=\"\u00c9crit par\" \/>\n\t<meta name=\"twitter:data1\" content=\"Issouf Tapsoba\" \/>\n\t<meta name=\"twitter:label2\" content=\"Dur\u00e9e de lecture estim\u00e9e\" \/>\n\t<meta name=\"twitter:data2\" content=\"4 minutes\" \/>\n<script type=\"application\/ld+json\" class=\"yoast-schema-graph\">{\"@context\":\"https:\\\/\\\/schema.org\",\"@graph\":[{\"@type\":\"Article\",\"@id\":\"https:\\\/\\\/www.latribunedufaso.net\\\/?p=25241#article\",\"isPartOf\":{\"@id\":\"https:\\\/\\\/www.latribunedufaso.net\\\/?p=25241\"},\"author\":{\"name\":\"Issouf Tapsoba\",\"@id\":\"https:\\\/\\\/www.latribunedufaso.net\\\/#\\\/schema\\\/person\\\/e54e64c5778a7e72cf80a318b7a622b0\"},\"headline\":\"R\u00e9gion du Kadiogo : Un salon pour booster l\u2019emploi et l\u2019entrepreneuriat des jeunes\",\"datePublished\":\"2025-11-28T21:46:23+00:00\",\"dateModified\":\"2025-12-17T20:33:18+00:00\",\"mainEntityOfPage\":{\"@id\":\"https:\\\/\\\/www.latribunedufaso.net\\\/?p=25241\"},\"wordCount\":664,\"commentCount\":0,\"publisher\":{\"@id\":\"https:\\\/\\\/www.latribunedufaso.net\\\/#organization\"},\"image\":{\"@id\":\"https:\\\/\\\/www.latribunedufaso.net\\\/?p=25241#primaryimage\"},\"thumbnailUrl\":\"https:\\\/\\\/www.latribunedufaso.net\\\/wp-content\\\/uploads\\\/2025\\\/11\\\/IMG-20251129-WA0024.jpg\",\"keywords\":[\"Insertion professionnelle\",\"latribunedufaso.net\",\"projet \u00ab TUUM-BAOOBO \u00bb\"],\"articleSection\":[\"A la une\",\"Actualit\u00e9\",\"Soci\u00e9t\u00e9\"],\"inLanguage\":\"fr-FR\",\"potentialAction\":[{\"@type\":\"CommentAction\",\"name\":\"Comment\",\"target\":[\"https:\\\/\\\/www.latribunedufaso.net\\\/?p=25241#respond\"]}]},{\"@type\":\"WebPage\",\"@id\":\"https:\\\/\\\/www.latribunedufaso.net\\\/?p=25241\",\"url\":\"https:\\\/\\\/www.latribunedufaso.net\\\/?p=25241\",\"name\":\"R\u00e9gion du Kadiogo : Un salon pour booster l\u2019emploi et l\u2019entrepreneuriat des jeunes - La Tribune du Faso\",\"isPartOf\":{\"@id\":\"https:\\\/\\\/www.latribunedufaso.net\\\/#website\"},\"primaryImageOfPage\":{\"@id\":\"https:\\\/\\\/www.latribunedufaso.net\\\/?p=25241#primaryimage\"},\"image\":{\"@id\":\"https:\\\/\\\/www.latribunedufaso.net\\\/?p=25241#primaryimage\"},\"thumbnailUrl\":\"https:\\\/\\\/www.latribunedufaso.net\\\/wp-content\\\/uploads\\\/2025\\\/11\\\/IMG-20251129-WA0024.jpg\",\"datePublished\":\"2025-11-28T21:46:23+00:00\",\"dateModified\":\"2025-12-17T20:33:18+00:00\",\"breadcrumb\":{\"@id\":\"https:\\\/\\\/www.latribunedufaso.net\\\/?p=25241#breadcrumb\"},\"inLanguage\":\"fr-FR\",\"potentialAction\":[{\"@type\":\"ReadAction\",\"target\":[\"https:\\\/\\\/www.latribunedufaso.net\\\/?p=25241\"]}]},{\"@type\":\"ImageObject\",\"inLanguage\":\"fr-FR\",\"@id\":\"https:\\\/\\\/www.latribunedufaso.net\\\/?p=25241#primaryimage\",\"url\":\"https:\\\/\\\/www.latribunedufaso.net\\\/wp-content\\\/uploads\\\/2025\\\/11\\\/IMG-20251129-WA0024.jpg\",\"contentUrl\":\"https:\\\/\\\/www.latribunedufaso.net\\\/wp-content\\\/uploads\\\/2025\\\/11\\\/IMG-20251129-WA0024.jpg\",\"width\":2560,\"height\":1583,\"caption\":\"Lancement de la premi\u00e8re \u00e9dition du Salon r\u00e9gional de l\u2019emploi du Kadiogo, 28 novembre 2025\"},{\"@type\":\"BreadcrumbList\",\"@id\":\"https:\\\/\\\/www.latribunedufaso.net\\\/?p=25241#breadcrumb\",\"itemListElement\":[{\"@type\":\"ListItem\",\"position\":1,\"name\":\"Accueil\",\"item\":\"https:\\\/\\\/www.latribunedufaso.net\\\/\"},{\"@type\":\"ListItem\",\"position\":2,\"name\":\"R\u00e9gion du Kadiogo : Un salon pour booster l\u2019emploi et l\u2019entrepreneuriat des jeunes\"}]},{\"@type\":\"WebSite\",\"@id\":\"https:\\\/\\\/www.latribunedufaso.net\\\/#website\",\"url\":\"https:\\\/\\\/www.latribunedufaso.net\\\/\",\"name\":\"La Tribune du Faso\",\"description\":\"L&#039;information du monde rural en un clic\",\"publisher\":{\"@id\":\"https:\\\/\\\/www.latribunedufaso.net\\\/#organization\"},\"potentialAction\":[{\"@type\":\"SearchAction\",\"target\":{\"@type\":\"EntryPoint\",\"urlTemplate\":\"https:\\\/\\\/www.latribunedufaso.net\\\/?s={search_term_string}\"},\"query-input\":{\"@type\":\"PropertyValueSpecification\",\"valueRequired\":true,\"valueName\":\"search_term_string\"}}],\"inLanguage\":\"fr-FR\"},{\"@type\":\"Organization\",\"@id\":\"https:\\\/\\\/www.latribunedufaso.net\\\/#organization\",\"name\":\"La Tribune du Faso\",\"url\":\"https:\\\/\\\/www.latribunedufaso.net\\\/\",\"logo\":{\"@type\":\"ImageObject\",\"inLanguage\":\"fr-FR\",\"@id\":\"https:\\\/\\\/www.latribunedufaso.net\\\/#\\\/schema\\\/logo\\\/image\\\/\",\"url\":\"https:\\\/\\\/www.latribunedufaso.net\\\/wp-content\\\/uploads\\\/2020\\\/08\\\/Logo-Tribune-du-Faso-final-scaled.jpg\",\"contentUrl\":\"https:\\\/\\\/www.latribunedufaso.net\\\/wp-content\\\/uploads\\\/2020\\\/08\\\/Logo-Tribune-du-Faso-final-scaled.jpg\",\"width\":2560,\"height\":1856,\"caption\":\"La Tribune du Faso\"},\"image\":{\"@id\":\"https:\\\/\\\/www.latribunedufaso.net\\\/#\\\/schema\\\/logo\\\/image\\\/\"},\"sameAs\":[\"https:\\\/\\\/www.facebook.com\\\/LatribuneduFaso\\\/\"]},{\"@type\":\"Person\",\"@id\":\"https:\\\/\\\/www.latribunedufaso.net\\\/#\\\/schema\\\/person\\\/e54e64c5778a7e72cf80a318b7a622b0\",\"name\":\"Issouf Tapsoba\",\"image\":{\"@type\":\"ImageObject\",\"inLanguage\":\"fr-FR\",\"@id\":\"https:\\\/\\\/secure.gravatar.com\\\/avatar\\\/5e6c05150ce3230247d167f5b94d678eb05936197436d69b7921e3a95c9107ac?s=96&d=mm&r=g\",\"url\":\"https:\\\/\\\/secure.gravatar.com\\\/avatar\\\/5e6c05150ce3230247d167f5b94d678eb05936197436d69b7921e3a95c9107ac?s=96&d=mm&r=g\",\"contentUrl\":\"https:\\\/\\\/secure.gravatar.com\\\/avatar\\\/5e6c05150ce3230247d167f5b94d678eb05936197436d69b7921e3a95c9107ac?s=96&d=mm&r=g\",\"caption\":\"Issouf Tapsoba\"},\"url\":\"https:\\\/\\\/www.latribunedufaso.net\\\/?author=5\"}]}<\/script>\n<!-- \/ Yoast SEO plugin. -->","yoast_head_json":{"title":"R\u00e9gion du Kadiogo : Un salon pour booster l\u2019emploi et l\u2019entrepreneuriat des jeunes - La Tribune du Faso","robots":{"index":"index","follow":"follow","max-snippet":"max-snippet:-1","max-image-preview":"max-image-preview:large","max-video-preview":"max-video-preview:-1"},"canonical":"https:\/\/www.latribunedufaso.net\/?p=25241","og_locale":"fr_FR","og_type":"article","og_title":"R\u00e9gion du Kadiogo : Un salon pour booster l\u2019emploi et l\u2019entrepreneuriat des jeunes - La Tribune du Faso","og_description":"Pour dynamiser l\u2019insertion professionnelle et l\u2019entrepreneuriat des jeunes, la r\u00e9gion du Kadiogo organise les 28 et 29 novembre 2025 \u00e0 Ouagadougou, son premier Salon r\u00e9gional de l\u2019emploi. Une initiative qui s\u2019accompagne du lancement du projet \u00ab TUUM-BAOOBO \u00bb, destin\u00e9 \u00e0 renforcer les comp\u00e9tences et \u00e0 soutenir la cr\u00e9ation d\u2019activit\u00e9s g\u00e9n\u00e9ratrices de revenus.","og_url":"https:\/\/www.latribunedufaso.net\/?p=25241","og_site_name":"La Tribune du Faso","article_publisher":"https:\/\/www.facebook.com\/LatribuneduFaso\/","article_published_time":"2025-11-28T21:46:23+00:00","article_modified_time":"2025-12-17T20:33:18+00:00","og_image":[{"width":2560,"height":1583,"url":"https:\/\/www.latribunedufaso.net\/wp-content\/uploads\/2025\/11\/IMG-20251129-WA0024.jpg","type":"image\/jpeg"}],"author":"Issouf Tapsoba","twitter_misc":{"\u00c9crit par":"Issouf Tapsoba","Dur\u00e9e de lecture estim\u00e9e":"4 minutes"},"schema":{"@context":"https:\/\/schema.org","@graph":[{"@type":"Article","@id":"https:\/\/www.latribunedufaso.net\/?p=25241#article","isPartOf":{"@id":"https:\/\/www.latribunedufaso.net\/?p=25241"},"author":{"name":"Issouf Tapsoba","@id":"https:\/\/www.latribunedufaso.net\/#\/schema\/person\/e54e64c5778a7e72cf80a318b7a622b0"},"headline":"R\u00e9gion du Kadiogo : Un salon pour booster l\u2019emploi et l\u2019entrepreneuriat des jeunes","datePublished":"2025-11-28T21:46:23+00:00","dateModified":"2025-12-17T20:33:18+00:00","mainEntityOfPage":{"@id":"https:\/\/www.latribunedufaso.net\/?p=25241"},"wordCount":664,"commentCount":0,"publisher":{"@id":"https:\/\/www.latribunedufaso.net\/#organization"},"image":{"@id":"https:\/\/www.latribunedufaso.net\/?p=25241#primaryimage"},"thumbnailUrl":"https:\/\/www.latribunedufaso.net\/wp-content\/uploads\/2025\/11\/IMG-20251129-WA0024.jpg","keywords":["Insertion professionnelle","latribunedufaso.net","projet \u00ab TUUM-BAOOBO \u00bb"],"articleSection":["A la une","Actualit\u00e9","Soci\u00e9t\u00e9"],"inLanguage":"fr-FR","potentialAction":[{"@type":"CommentAction","name":"Comment","target":["https:\/\/www.latribunedufaso.net\/?p=25241#respond"]}]},{"@type":"WebPage","@id":"https:\/\/www.latribunedufaso.net\/?p=25241","url":"https:\/\/www.latribunedufaso.net\/?p=25241","name":"R\u00e9gion du Kadiogo : Un salon pour booster l\u2019emploi et l\u2019entrepreneuriat des jeunes - La Tribune du Faso","isPartOf":{"@id":"https:\/\/www.latribunedufaso.net\/#website"},"primaryImageOfPage":{"@id":"https:\/\/www.latribunedufaso.net\/?p=25241#primaryimage"},"image":{"@id":"https:\/\/www.latribunedufaso.net\/?p=25241#primaryimage"},"thumbnailUrl":"https:\/\/www.latribunedufaso.net\/wp-content\/uploads\/2025\/11\/IMG-20251129-WA0024.jpg","datePublished":"2025-11-28T21:46:23+00:00","dateModified":"2025-12-17T20:33:18+00:00","breadcrumb":{"@id":"https:\/\/www.latribunedufaso.net\/?p=25241#breadcrumb"},"inLanguage":"fr-FR","potentialAction":[{"@type":"ReadAction","target":["https:\/\/www.latribunedufaso.net\/?p=25241"]}]},{"@type":"ImageObject","inLanguage":"fr-FR","@id":"https:\/\/www.latribunedufaso.net\/?p=25241#primaryimage","url":"https:\/\/www.latribunedufaso.net\/wp-content\/uploads\/2025\/11\/IMG-20251129-WA0024.jpg","contentUrl":"https:\/\/www.latribunedufaso.net\/wp-content\/uploads\/2025\/11\/IMG-20251129-WA0024.jpg","width":2560,"height":1583,"caption":"Lancement de la premi\u00e8re \u00e9dition du Salon r\u00e9gional de l\u2019emploi du Kadiogo, 28 novembre 2025"},{"@type":"BreadcrumbList","@id":"https:\/\/www.latribunedufaso.net\/?p=25241#breadcrumb","itemListElement":[{"@type":"ListItem","position":1,"name":"Accueil","item":"https:\/\/www.latribunedufaso.net\/"},{"@type":"ListItem","position":2,"name":"R\u00e9gion du Kadiogo : Un salon pour booster l\u2019emploi et l\u2019entrepreneuriat des jeunes"}]},{"@type":"WebSite","@id":"https:\/\/www.latribunedufaso.net\/#website","url":"https:\/\/www.latribunedufaso.net\/","name":"La Tribune du Faso","description":"L&#039;information du monde rural en un clic","publisher":{"@id":"https:\/\/www.latribunedufaso.net\/#organization"},"potentialAction":[{"@type":"SearchAction","target":{"@type":"EntryPoint","urlTemplate":"https:\/\/www.latribunedufaso.net\/?s={search_term_string}"},"query-input":{"@type":"PropertyValueSpecification","valueRequired":true,"valueName":"search_term_string"}}],"inLanguage":"fr-FR"},{"@type":"Organization","@id":"https:\/\/www.latribunedufaso.net\/#organization","name":"La Tribune du Faso","url":"https:\/\/www.latribunedufaso.net\/","logo":{"@type":"ImageObject","inLanguage":"fr-FR","@id":"https:\/\/www.latribunedufaso.net\/#\/schema\/logo\/image\/","url":"https:\/\/www.latribunedufaso.net\/wp-content\/uploads\/2020\/08\/Logo-Tribune-du-Faso-final-scaled.jpg","contentUrl":"https:\/\/www.latribunedufaso.net\/wp-content\/uploads\/2020\/08\/Logo-Tribune-du-Faso-final-scaled.jpg","width":2560,"height":1856,"caption":"La Tribune du Faso"},"image":{"@id":"https:\/\/www.latribunedufaso.net\/#\/schema\/logo\/image\/"},"sameAs":["https:\/\/www.facebook.com\/LatribuneduFaso\/"]},{"@type":"Person","@id":"https:\/\/www.latribunedufaso.net\/#\/schema\/person\/e54e64c5778a7e72cf80a318b7a622b0","name":"Issouf Tapsoba","image":{"@type":"ImageObject","inLanguage":"fr-FR","@id":"https:\/\/secure.gravatar.com\/avatar\/5e6c05150ce3230247d167f5b94d678eb05936197436d69b7921e3a95c9107ac?s=96&d=mm&r=g","url":"https:\/\/secure.gravatar.com\/avatar\/5e6c05150ce3230247d167f5b94d678eb05936197436d69b7921e3a95c9107ac?s=96&d=mm&r=g","contentUrl":"https:\/\/secure.gravatar.com\/avatar\/5e6c05150ce3230247d167f5b94d678eb05936197436d69b7921e3a95c9107ac?s=96&d=mm&r=g","caption":"Issouf Tapsoba"},"url":"https:\/\/www.latribunedufaso.net\/?author=5"}]}},"_links":{"self":[{"href":"https:\/\/www.latribunedufaso.net\/index.php?rest_route=\/wp\/v2\/posts\/25241","targetHints":{"allow":["GET"]}}],"collection":[{"href":"https:\/\/www.latribunedufaso.net\/index.php?rest_route=\/wp\/v2\/posts"}],"about":[{"href":"https:\/\/www.latribunedufaso.net\/index.php?rest_route=\/wp\/v2\/types\/post"}],"author":[{"embeddable":true,"href":"https:\/\/www.latribunedufaso.net\/index.php?rest_route=\/wp\/v2\/users\/5"}],"replies":[{"embeddable":true,"href":"https:\/\/www.latribunedufaso.net\/index.php?rest_route=%2Fwp%2Fv2%2Fcomments&post=25241"}],"version-history":[{"count":4,"href":"https:\/\/www.latribunedufaso.net\/index.php?rest_route=\/wp\/v2\/posts\/25241\/revisions"}],"predecessor-version":[{"id":25899,"href":"https:\/\/www.latribunedufaso.net\/index.php?rest_route=\/wp\/v2\/posts\/25241\/revisions\/25899"}],"wp:featuredmedia":[{"embeddable":true,"href":"https:\/\/www.latribunedufaso.net\/index.php?rest_route=\/wp\/v2\/media\/25244"}],"wp:attachment":[{"href":"https:\/\/www.latribunedufaso.net\/index.php?rest_route=%2Fwp%2Fv2%2Fmedia&parent=25241"}],"wp:term":[{"taxonomy":"category","embeddable":true,"href":"https:\/\/www.latribunedufaso.net\/index.php?rest_route=%2Fwp%2Fv2%2Fcategories&post=25241"},{"taxonomy":"post_tag","embeddable":true,"href":"https:\/\/www.latribunedufaso.net\/index.php?rest_route=%2Fwp%2Fv2%2Ftags&post=25241"}],"curies":[{"name":"wp","href":"https:\/\/api.w.org\/{rel}","templated":true}]}}