{"id":25229,"date":"2025-11-28T15:44:00","date_gmt":"2025-11-28T15:44:00","guid":{"rendered":"https:\/\/www.latribunedufaso.net\/?p=25229"},"modified":"2025-11-29T07:48:21","modified_gmt":"2025-11-29T07:48:21","slug":"jeux-miniers-sportifs-les-acteurs-misent-sur-le-sport-pour-renforcer-la-cohesion-sociale","status":"publish","type":"post","link":"https:\/\/www.latribunedufaso.net\/?p=25229","title":{"rendered":"Jeux miniers sportifs : Les acteurs misent sur le sport pour renforcer la coh\u00e9sion sociale\u00a0"},"content":{"rendered":"<p><strong>La deuxi\u00e8me \u00e9dition des Jeux miniers sportifs (JMS2) se tient du 27 au 29 novembre 2025 au Centre a\u00e9r\u00e9 de la BCEAO \u00e0 Ouagadougou. La c\u00e9r\u00e9monie d\u2019ouverture a eu lieu ce 28 novembre 2025 sous le patronage du ministre en charge des mines, Yacouba Zabr\u00e9\/Gouba repr\u00e9sent\u00e9 par son Directeur de cabinet, Salif Boussim.\u00a0<\/strong><!--more--><\/p>\n<p>Plac\u00e9 sous le th\u00e8me, <em><strong>\u00ab Promouvoir la coh\u00e9sion, le bien-\u00eatre, l&rsquo;esprit d&rsquo;\u00e9quipe et les valeurs humaines \u00bb,<\/strong><\/em> l&rsquo;\u00e9v\u00e9nement entend renforcer les liens entre les acteurs du secteur minier \u00e0 travers le sport et la convivialit\u00e9.<\/p>\n<figure id=\"attachment_25233\" aria-describedby=\"caption-attachment-25233\" style=\"width: 1080px\" class=\"wp-caption aligncenter\"><a href=\"https:\/\/www.latribunedufaso.net\/wp-content\/uploads\/2025\/11\/IMG-20251129-WA0007.jpg\"><img loading=\"lazy\" decoding=\"async\" class=\"size-full wp-image-25233\" src=\"https:\/\/www.latribunedufaso.net\/wp-content\/uploads\/2025\/11\/IMG-20251129-WA0007.jpg\" alt=\"C\u00e9r\u00e9monie de lancement de la 2e \u00e9dition des Jeux miniers sportifs, 28 novembre 2025\" width=\"1080\" height=\"624\" srcset=\"https:\/\/www.latribunedufaso.net\/wp-content\/uploads\/2025\/11\/IMG-20251129-WA0007.jpg 1080w, https:\/\/www.latribunedufaso.net\/wp-content\/uploads\/2025\/11\/IMG-20251129-WA0007-300x173.jpg 300w, https:\/\/www.latribunedufaso.net\/wp-content\/uploads\/2025\/11\/IMG-20251129-WA0007-1024x592.jpg 1024w, https:\/\/www.latribunedufaso.net\/wp-content\/uploads\/2025\/11\/IMG-20251129-WA0007-768x444.jpg 768w\" sizes=\"auto, (max-width: 1080px) 100vw, 1080px\" \/><\/a><figcaption id=\"caption-attachment-25233\" class=\"wp-caption-text\">Le pr\u00e9sident du comit\u00e9 d\u2019organisation Amad\u00e9 Tobga &#8211; Ph. I. Tougma<\/figcaption><\/figure>\n<p>Selon le pr\u00e9sident du comit\u00e9 d\u2019organisation Amad\u00e9 Tobga, l\u2019objectif des JMS est de rassembler les acteurs du secteur minier autour de valeurs de solidarit\u00e9 et de vivre ensemble.<\/p>\n<p>Initi\u00e9s par la Chambre des mines, ces jeux connaissent un engouement croissant. Pour Ousseni Derra, pr\u00e9sident de l&rsquo;institution, <em><strong>\u00ab la premi\u00e8re \u00e9dition a montr\u00e9 l\u2019importance de ce type de rencontre pour cr\u00e9er un espace d\u2019\u00e9change moins stressant, plus fraternel entre coll\u00e8gues de diff\u00e9rentes mines \u00bb.<\/strong><\/em><\/p>\n<figure id=\"attachment_25231\" aria-describedby=\"caption-attachment-25231\" style=\"width: 1080px\" class=\"wp-caption aligncenter\"><a href=\"https:\/\/www.latribunedufaso.net\/wp-content\/uploads\/2025\/11\/IMG-20251129-WA0009.jpg\"><img loading=\"lazy\" decoding=\"async\" class=\"size-full wp-image-25231\" src=\"https:\/\/www.latribunedufaso.net\/wp-content\/uploads\/2025\/11\/IMG-20251129-WA0009.jpg\" alt=\"C\u00e9r\u00e9monie de lancement de la 2e \u00e9dition des Jeux miniers sportifs, 28 novembre 2025\" width=\"1080\" height=\"609\" srcset=\"https:\/\/www.latribunedufaso.net\/wp-content\/uploads\/2025\/11\/IMG-20251129-WA0009.jpg 1080w, https:\/\/www.latribunedufaso.net\/wp-content\/uploads\/2025\/11\/IMG-20251129-WA0009-300x169.jpg 300w, https:\/\/www.latribunedufaso.net\/wp-content\/uploads\/2025\/11\/IMG-20251129-WA0009-1024x577.jpg 1024w, https:\/\/www.latribunedufaso.net\/wp-content\/uploads\/2025\/11\/IMG-20251129-WA0009-768x433.jpg 768w\" sizes=\"auto, (max-width: 1080px) 100vw, 1080px\" \/><\/a><figcaption id=\"caption-attachment-25231\" class=\"wp-caption-text\">Le Pr\u00e9sident de la Chambre des mines du Burkina, Ousseni Derra &#8211; Ph. I. Tougma<\/figcaption><\/figure>\n<p>Notons que plusieurs disciplines sont au programme, notamment le football, le volleyball, le basketball, le marathon (dames), la p\u00e9tanque, le scrabble, les cartes, le billard, le baby-foot, le fakir, sans oublier une touche de d\u00e9tente avec le karaok\u00e9.\u00a0<\/p>\n<p>Plus d\u2019une trentaine d\u2019\u00e9quipes mini\u00e8res participent \u00e0 cette \u00e9dition, parmi lesquelles IAMGOLD Essakane SA, Endeavour Mining, West African Resources, SOPAMIB, etc.<\/p>\n<figure id=\"attachment_25232\" aria-describedby=\"caption-attachment-25232\" style=\"width: 1080px\" class=\"wp-caption aligncenter\"><a href=\"https:\/\/www.latribunedufaso.net\/wp-content\/uploads\/2025\/11\/IMG-20251129-WA0008.jpg\"><img loading=\"lazy\" decoding=\"async\" class=\"size-full wp-image-25232\" src=\"https:\/\/www.latribunedufaso.net\/wp-content\/uploads\/2025\/11\/IMG-20251129-WA0008.jpg\" alt=\"C\u00e9r\u00e9monie de lancement de la 2e \u00e9dition des Jeux miniers sportifs, 28 novembre 2025\" width=\"1080\" height=\"611\" srcset=\"https:\/\/www.latribunedufaso.net\/wp-content\/uploads\/2025\/11\/IMG-20251129-WA0008.jpg 1080w, https:\/\/www.latribunedufaso.net\/wp-content\/uploads\/2025\/11\/IMG-20251129-WA0008-300x170.jpg 300w, https:\/\/www.latribunedufaso.net\/wp-content\/uploads\/2025\/11\/IMG-20251129-WA0008-1024x579.jpg 1024w, https:\/\/www.latribunedufaso.net\/wp-content\/uploads\/2025\/11\/IMG-20251129-WA0008-768x434.jpg 768w\" sizes=\"auto, (max-width: 1080px) 100vw, 1080px\" \/><\/a><figcaption id=\"caption-attachment-25232\" class=\"wp-caption-text\">Le Directeur de cabinet, Salif Boussim, repr\u00e9sentant le ministre charg\u00e9 des Mines &#8211; Ph. I. Tougma<\/figcaption><\/figure>\n<p>Pour le Directeur de cabinet du ministre en charge des Mines, Salif Boussim, le sport est un facteur de coh\u00e9sion sociale et de fraternit\u00e9. <em><strong>\u00ab Ces jeux permettront ainsi aux travailleurs de se retrouver hors des sites miniers pour partager des moments de solidarit\u00e9 \u00bb,<\/strong><\/em> a-t-il expliqu\u00e9.<\/p>\n<blockquote>\n<p>Lire aussi &gt;&gt; <a href=\"https:\/\/www.latribunedufaso.net\/?p=24887\">Exploitation mini\u00e8re au Burkina : Le ministre en charge des mines en visite \u00e0 Hound\u00e9\u00a0<\/a><\/p>\n<\/blockquote>\n<p>Cette initiative vise \u00e0 favoriser l&rsquo;esprit d&rsquo;\u00e9quipe, la solidarit\u00e9 et le mieux-\u00eatre des travailleurs du secteur minier dans une ambiance ludique et fraternelle.<\/p>\n<p><strong>In\u00e8s TOUGMA\u00a0<\/strong><\/p>\n<p><strong>Latribunedufaso.net<\/strong><\/p>\n<p><a href=\"https:\/\/www.latribunedufaso.net\/wp-content\/uploads\/2025\/11\/IMG-20251129-WA0011.jpg\"><img loading=\"lazy\" decoding=\"async\" class=\"aligncenter size-full wp-image-25237\" src=\"https:\/\/www.latribunedufaso.net\/wp-content\/uploads\/2025\/11\/IMG-20251129-WA0011.jpg\" alt=\"C\u00e9r\u00e9monie de lancement de la 2e \u00e9dition des Jeux miniers sportifs, 28 novembre 2025\" width=\"1280\" height=\"960\" srcset=\"https:\/\/www.latribunedufaso.net\/wp-content\/uploads\/2025\/11\/IMG-20251129-WA0011.jpg 1280w, https:\/\/www.latribunedufaso.net\/wp-content\/uploads\/2025\/11\/IMG-20251129-WA0011-300x225.jpg 300w, https:\/\/www.latribunedufaso.net\/wp-content\/uploads\/2025\/11\/IMG-20251129-WA0011-1024x768.jpg 1024w, https:\/\/www.latribunedufaso.net\/wp-content\/uploads\/2025\/11\/IMG-20251129-WA0011-768x576.jpg 768w\" sizes=\"auto, (max-width: 1280px) 100vw, 1280px\" \/><\/a><a href=\"https:\/\/www.latribunedufaso.net\/wp-content\/uploads\/2025\/11\/IMG-20251129-WA0012.jpg\"><img loading=\"lazy\" decoding=\"async\" class=\"aligncenter size-full wp-image-25236\" src=\"https:\/\/www.latribunedufaso.net\/wp-content\/uploads\/2025\/11\/IMG-20251129-WA0012.jpg\" alt=\"C\u00e9r\u00e9monie de lancement de la 2e \u00e9dition des Jeux miniers sportifs, 28 novembre 2025\" width=\"1280\" height=\"960\" srcset=\"https:\/\/www.latribunedufaso.net\/wp-content\/uploads\/2025\/11\/IMG-20251129-WA0012.jpg 1280w, https:\/\/www.latribunedufaso.net\/wp-content\/uploads\/2025\/11\/IMG-20251129-WA0012-300x225.jpg 300w, https:\/\/www.latribunedufaso.net\/wp-content\/uploads\/2025\/11\/IMG-20251129-WA0012-1024x768.jpg 1024w, https:\/\/www.latribunedufaso.net\/wp-content\/uploads\/2025\/11\/IMG-20251129-WA0012-768x576.jpg 768w\" sizes=\"auto, (max-width: 1280px) 100vw, 1280px\" \/><\/a><a href=\"https:\/\/www.latribunedufaso.net\/wp-content\/uploads\/2025\/11\/IMG-20251129-WA0015.jpg\"><img loading=\"lazy\" decoding=\"async\" class=\"aligncenter size-full wp-image-25235\" src=\"https:\/\/www.latribunedufaso.net\/wp-content\/uploads\/2025\/11\/IMG-20251129-WA0015.jpg\" alt=\"C\u00e9r\u00e9monie de lancement de la 2e \u00e9dition des Jeux miniers sportifs, 28 novembre 2025\" width=\"1280\" height=\"960\" srcset=\"https:\/\/www.latribunedufaso.net\/wp-content\/uploads\/2025\/11\/IMG-20251129-WA0015.jpg 1280w, https:\/\/www.latribunedufaso.net\/wp-content\/uploads\/2025\/11\/IMG-20251129-WA0015-300x225.jpg 300w, https:\/\/www.latribunedufaso.net\/wp-content\/uploads\/2025\/11\/IMG-20251129-WA0015-1024x768.jpg 1024w, https:\/\/www.latribunedufaso.net\/wp-content\/uploads\/2025\/11\/IMG-20251129-WA0015-768x576.jpg 768w\" sizes=\"auto, (max-width: 1280px) 100vw, 1280px\" \/><\/a><a href=\"https:\/\/www.latribunedufaso.net\/wp-content\/uploads\/2025\/11\/IMG-20251129-WA0016.jpg\"><img loading=\"lazy\" decoding=\"async\" class=\"aligncenter size-full wp-image-25234\" src=\"https:\/\/www.latribunedufaso.net\/wp-content\/uploads\/2025\/11\/IMG-20251129-WA0016.jpg\" alt=\"C\u00e9r\u00e9monie de lancement de la 2e \u00e9dition des Jeux miniers sportifs, 28 novembre 2025\" width=\"1280\" height=\"960\" srcset=\"https:\/\/www.latribunedufaso.net\/wp-content\/uploads\/2025\/11\/IMG-20251129-WA0016.jpg 1280w, https:\/\/www.latribunedufaso.net\/wp-content\/uploads\/2025\/11\/IMG-20251129-WA0016-300x225.jpg 300w, https:\/\/www.latribunedufaso.net\/wp-content\/uploads\/2025\/11\/IMG-20251129-WA0016-1024x768.jpg 1024w, https:\/\/www.latribunedufaso.net\/wp-content\/uploads\/2025\/11\/IMG-20251129-WA0016-768x576.jpg 768w\" sizes=\"auto, (max-width: 1280px) 100vw, 1280px\" \/><\/a><\/p>\n","protected":false},"excerpt":{"rendered":"<p>La deuxi\u00e8me \u00e9dition des Jeux miniers sportifs (JMS2) se tient du 27 au 29 novembre 2025 au Centre a\u00e9r\u00e9 de la BCEAO \u00e0 Ouagadougou. La c\u00e9r\u00e9monie d\u2019ouverture a eu lieu ce 28 novembre 2025 sous le patronage du ministre en charge des mines, Yacouba Zabr\u00e9\/Gouba repr\u00e9sent\u00e9 par son Directeur de cabinet, Salif Boussim.\u00a0<\/p>\n","protected":false},"author":5,"featured_media":25238,"comment_status":"open","ping_status":"open","sticky":false,"template":"","format":"standard","meta":{"footnotes":""},"categories":[13,1,19],"tags":[1817,39],"class_list":["post-25229","post","type-post","status-publish","format-standard","has-post-thumbnail","hentry","category-une","category-actu","category-mines-et-carrieres","tag-jeux-miniers-sportifs","tag-latribunedufaso-net"],"yoast_head":"<!-- This site is optimized with the Yoast SEO plugin v27.4 - https:\/\/yoast.com\/product\/yoast-seo-wordpress\/ -->\n<title>Jeux miniers sportifs : Les acteurs misent sur le sport pour renforcer la coh\u00e9sion sociale\u00a0 - La Tribune du Faso<\/title>\n<meta name=\"robots\" content=\"index, follow, max-snippet:-1, max-image-preview:large, max-video-preview:-1\" \/>\n<link rel=\"canonical\" href=\"https:\/\/www.latribunedufaso.net\/?p=25229\" \/>\n<meta property=\"og:locale\" content=\"fr_FR\" \/>\n<meta property=\"og:type\" content=\"article\" \/>\n<meta property=\"og:title\" content=\"Jeux miniers sportifs : Les acteurs misent sur le sport pour renforcer la coh\u00e9sion sociale\u00a0 - La Tribune du Faso\" \/>\n<meta property=\"og:description\" content=\"La deuxi\u00e8me \u00e9dition des Jeux miniers sportifs (JMS2) se tient du 27 au 29 novembre 2025 au Centre a\u00e9r\u00e9 de la BCEAO \u00e0 Ouagadougou. La c\u00e9r\u00e9monie d\u2019ouverture a eu lieu ce 28 novembre 2025 sous le patronage du ministre en charge des mines, Yacouba Zabr\u00e9\/Gouba repr\u00e9sent\u00e9 par son Directeur de cabinet, Salif Boussim.\u00a0\" \/>\n<meta property=\"og:url\" content=\"https:\/\/www.latribunedufaso.net\/?p=25229\" \/>\n<meta property=\"og:site_name\" content=\"La Tribune du Faso\" \/>\n<meta property=\"article:publisher\" content=\"https:\/\/www.facebook.com\/LatribuneduFaso\/\" \/>\n<meta property=\"article:published_time\" content=\"2025-11-28T15:44:00+00:00\" \/>\n<meta property=\"article:modified_time\" content=\"2025-11-29T07:48:21+00:00\" \/>\n<meta property=\"og:image\" content=\"https:\/\/www.latribunedufaso.net\/wp-content\/uploads\/2025\/11\/IMG-20251129-WA0010.jpg\" \/>\n\t<meta property=\"og:image:width\" content=\"1280\" \/>\n\t<meta property=\"og:image:height\" content=\"960\" \/>\n\t<meta property=\"og:image:type\" content=\"image\/jpeg\" \/>\n<meta name=\"author\" content=\"Issouf Tapsoba\" \/>\n<meta name=\"twitter:label1\" content=\"\u00c9crit par\" \/>\n\t<meta name=\"twitter:data1\" content=\"Issouf Tapsoba\" \/>\n\t<meta name=\"twitter:label2\" content=\"Dur\u00e9e de lecture estim\u00e9e\" \/>\n\t<meta name=\"twitter:data2\" content=\"4 minutes\" \/>\n<script type=\"application\/ld+json\" class=\"yoast-schema-graph\">{\"@context\":\"https:\\\/\\\/schema.org\",\"@graph\":[{\"@type\":\"Article\",\"@id\":\"https:\\\/\\\/www.latribunedufaso.net\\\/?p=25229#article\",\"isPartOf\":{\"@id\":\"https:\\\/\\\/www.latribunedufaso.net\\\/?p=25229\"},\"author\":{\"name\":\"Issouf Tapsoba\",\"@id\":\"https:\\\/\\\/www.latribunedufaso.net\\\/#\\\/schema\\\/person\\\/e54e64c5778a7e72cf80a318b7a622b0\"},\"headline\":\"Jeux miniers sportifs : Les acteurs misent sur le sport pour renforcer la coh\u00e9sion sociale\u00a0\",\"datePublished\":\"2025-11-28T15:44:00+00:00\",\"dateModified\":\"2025-11-29T07:48:21+00:00\",\"mainEntityOfPage\":{\"@id\":\"https:\\\/\\\/www.latribunedufaso.net\\\/?p=25229\"},\"wordCount\":415,\"commentCount\":0,\"publisher\":{\"@id\":\"https:\\\/\\\/www.latribunedufaso.net\\\/#organization\"},\"image\":{\"@id\":\"https:\\\/\\\/www.latribunedufaso.net\\\/?p=25229#primaryimage\"},\"thumbnailUrl\":\"https:\\\/\\\/www.latribunedufaso.net\\\/wp-content\\\/uploads\\\/2025\\\/11\\\/IMG-20251129-WA0010.jpg\",\"keywords\":[\"Jeux miniers sportifs\",\"latribunedufaso.net\"],\"articleSection\":[\"A la une\",\"Actualit\u00e9\",\"Mines et Carri\u00e8res\"],\"inLanguage\":\"fr-FR\",\"potentialAction\":[{\"@type\":\"CommentAction\",\"name\":\"Comment\",\"target\":[\"https:\\\/\\\/www.latribunedufaso.net\\\/?p=25229#respond\"]}]},{\"@type\":\"WebPage\",\"@id\":\"https:\\\/\\\/www.latribunedufaso.net\\\/?p=25229\",\"url\":\"https:\\\/\\\/www.latribunedufaso.net\\\/?p=25229\",\"name\":\"Jeux miniers sportifs : Les acteurs misent sur le sport pour renforcer la coh\u00e9sion sociale\u00a0 - La Tribune du Faso\",\"isPartOf\":{\"@id\":\"https:\\\/\\\/www.latribunedufaso.net\\\/#website\"},\"primaryImageOfPage\":{\"@id\":\"https:\\\/\\\/www.latribunedufaso.net\\\/?p=25229#primaryimage\"},\"image\":{\"@id\":\"https:\\\/\\\/www.latribunedufaso.net\\\/?p=25229#primaryimage\"},\"thumbnailUrl\":\"https:\\\/\\\/www.latribunedufaso.net\\\/wp-content\\\/uploads\\\/2025\\\/11\\\/IMG-20251129-WA0010.jpg\",\"datePublished\":\"2025-11-28T15:44:00+00:00\",\"dateModified\":\"2025-11-29T07:48:21+00:00\",\"breadcrumb\":{\"@id\":\"https:\\\/\\\/www.latribunedufaso.net\\\/?p=25229#breadcrumb\"},\"inLanguage\":\"fr-FR\",\"potentialAction\":[{\"@type\":\"ReadAction\",\"target\":[\"https:\\\/\\\/www.latribunedufaso.net\\\/?p=25229\"]}]},{\"@type\":\"ImageObject\",\"inLanguage\":\"fr-FR\",\"@id\":\"https:\\\/\\\/www.latribunedufaso.net\\\/?p=25229#primaryimage\",\"url\":\"https:\\\/\\\/www.latribunedufaso.net\\\/wp-content\\\/uploads\\\/2025\\\/11\\\/IMG-20251129-WA0010.jpg\",\"contentUrl\":\"https:\\\/\\\/www.latribunedufaso.net\\\/wp-content\\\/uploads\\\/2025\\\/11\\\/IMG-20251129-WA0010.jpg\",\"width\":1280,\"height\":960,\"caption\":\"C\u00e9r\u00e9monie de lancement de la 2e \u00e9dition des Jeux miniers sportifs, 28 novembre 2025\"},{\"@type\":\"BreadcrumbList\",\"@id\":\"https:\\\/\\\/www.latribunedufaso.net\\\/?p=25229#breadcrumb\",\"itemListElement\":[{\"@type\":\"ListItem\",\"position\":1,\"name\":\"Accueil\",\"item\":\"https:\\\/\\\/www.latribunedufaso.net\\\/\"},{\"@type\":\"ListItem\",\"position\":2,\"name\":\"Jeux miniers sportifs : Les acteurs misent sur le sport pour renforcer la coh\u00e9sion sociale\u00a0\"}]},{\"@type\":\"WebSite\",\"@id\":\"https:\\\/\\\/www.latribunedufaso.net\\\/#website\",\"url\":\"https:\\\/\\\/www.latribunedufaso.net\\\/\",\"name\":\"La Tribune du Faso\",\"description\":\"L&#039;information du monde rural en un clic\",\"publisher\":{\"@id\":\"https:\\\/\\\/www.latribunedufaso.net\\\/#organization\"},\"potentialAction\":[{\"@type\":\"SearchAction\",\"target\":{\"@type\":\"EntryPoint\",\"urlTemplate\":\"https:\\\/\\\/www.latribunedufaso.net\\\/?s={search_term_string}\"},\"query-input\":{\"@type\":\"PropertyValueSpecification\",\"valueRequired\":true,\"valueName\":\"search_term_string\"}}],\"inLanguage\":\"fr-FR\"},{\"@type\":\"Organization\",\"@id\":\"https:\\\/\\\/www.latribunedufaso.net\\\/#organization\",\"name\":\"La Tribune du Faso\",\"url\":\"https:\\\/\\\/www.latribunedufaso.net\\\/\",\"logo\":{\"@type\":\"ImageObject\",\"inLanguage\":\"fr-FR\",\"@id\":\"https:\\\/\\\/www.latribunedufaso.net\\\/#\\\/schema\\\/logo\\\/image\\\/\",\"url\":\"https:\\\/\\\/www.latribunedufaso.net\\\/wp-content\\\/uploads\\\/2020\\\/08\\\/Logo-Tribune-du-Faso-final-scaled.jpg\",\"contentUrl\":\"https:\\\/\\\/www.latribunedufaso.net\\\/wp-content\\\/uploads\\\/2020\\\/08\\\/Logo-Tribune-du-Faso-final-scaled.jpg\",\"width\":2560,\"height\":1856,\"caption\":\"La Tribune du Faso\"},\"image\":{\"@id\":\"https:\\\/\\\/www.latribunedufaso.net\\\/#\\\/schema\\\/logo\\\/image\\\/\"},\"sameAs\":[\"https:\\\/\\\/www.facebook.com\\\/LatribuneduFaso\\\/\"]},{\"@type\":\"Person\",\"@id\":\"https:\\\/\\\/www.latribunedufaso.net\\\/#\\\/schema\\\/person\\\/e54e64c5778a7e72cf80a318b7a622b0\",\"name\":\"Issouf Tapsoba\",\"image\":{\"@type\":\"ImageObject\",\"inLanguage\":\"fr-FR\",\"@id\":\"https:\\\/\\\/secure.gravatar.com\\\/avatar\\\/5e6c05150ce3230247d167f5b94d678eb05936197436d69b7921e3a95c9107ac?s=96&d=mm&r=g\",\"url\":\"https:\\\/\\\/secure.gravatar.com\\\/avatar\\\/5e6c05150ce3230247d167f5b94d678eb05936197436d69b7921e3a95c9107ac?s=96&d=mm&r=g\",\"contentUrl\":\"https:\\\/\\\/secure.gravatar.com\\\/avatar\\\/5e6c05150ce3230247d167f5b94d678eb05936197436d69b7921e3a95c9107ac?s=96&d=mm&r=g\",\"caption\":\"Issouf Tapsoba\"},\"url\":\"https:\\\/\\\/www.latribunedufaso.net\\\/?author=5\"}]}<\/script>\n<!-- \/ Yoast SEO plugin. -->","yoast_head_json":{"title":"Jeux miniers sportifs : Les acteurs misent sur le sport pour renforcer la coh\u00e9sion sociale\u00a0 - La Tribune du Faso","robots":{"index":"index","follow":"follow","max-snippet":"max-snippet:-1","max-image-preview":"max-image-preview:large","max-video-preview":"max-video-preview:-1"},"canonical":"https:\/\/www.latribunedufaso.net\/?p=25229","og_locale":"fr_FR","og_type":"article","og_title":"Jeux miniers sportifs : Les acteurs misent sur le sport pour renforcer la coh\u00e9sion sociale\u00a0 - La Tribune du Faso","og_description":"La deuxi\u00e8me \u00e9dition des Jeux miniers sportifs (JMS2) se tient du 27 au 29 novembre 2025 au Centre a\u00e9r\u00e9 de la BCEAO \u00e0 Ouagadougou. La c\u00e9r\u00e9monie d\u2019ouverture a eu lieu ce 28 novembre 2025 sous le patronage du ministre en charge des mines, Yacouba Zabr\u00e9\/Gouba repr\u00e9sent\u00e9 par son Directeur de cabinet, Salif Boussim.\u00a0","og_url":"https:\/\/www.latribunedufaso.net\/?p=25229","og_site_name":"La Tribune du Faso","article_publisher":"https:\/\/www.facebook.com\/LatribuneduFaso\/","article_published_time":"2025-11-28T15:44:00+00:00","article_modified_time":"2025-11-29T07:48:21+00:00","og_image":[{"width":1280,"height":960,"url":"https:\/\/www.latribunedufaso.net\/wp-content\/uploads\/2025\/11\/IMG-20251129-WA0010.jpg","type":"image\/jpeg"}],"author":"Issouf Tapsoba","twitter_misc":{"\u00c9crit par":"Issouf Tapsoba","Dur\u00e9e de lecture estim\u00e9e":"4 minutes"},"schema":{"@context":"https:\/\/schema.org","@graph":[{"@type":"Article","@id":"https:\/\/www.latribunedufaso.net\/?p=25229#article","isPartOf":{"@id":"https:\/\/www.latribunedufaso.net\/?p=25229"},"author":{"name":"Issouf Tapsoba","@id":"https:\/\/www.latribunedufaso.net\/#\/schema\/person\/e54e64c5778a7e72cf80a318b7a622b0"},"headline":"Jeux miniers sportifs : Les acteurs misent sur le sport pour renforcer la coh\u00e9sion sociale\u00a0","datePublished":"2025-11-28T15:44:00+00:00","dateModified":"2025-11-29T07:48:21+00:00","mainEntityOfPage":{"@id":"https:\/\/www.latribunedufaso.net\/?p=25229"},"wordCount":415,"commentCount":0,"publisher":{"@id":"https:\/\/www.latribunedufaso.net\/#organization"},"image":{"@id":"https:\/\/www.latribunedufaso.net\/?p=25229#primaryimage"},"thumbnailUrl":"https:\/\/www.latribunedufaso.net\/wp-content\/uploads\/2025\/11\/IMG-20251129-WA0010.jpg","keywords":["Jeux miniers sportifs","latribunedufaso.net"],"articleSection":["A la une","Actualit\u00e9","Mines et Carri\u00e8res"],"inLanguage":"fr-FR","potentialAction":[{"@type":"CommentAction","name":"Comment","target":["https:\/\/www.latribunedufaso.net\/?p=25229#respond"]}]},{"@type":"WebPage","@id":"https:\/\/www.latribunedufaso.net\/?p=25229","url":"https:\/\/www.latribunedufaso.net\/?p=25229","name":"Jeux miniers sportifs : Les acteurs misent sur le sport pour renforcer la coh\u00e9sion sociale\u00a0 - La Tribune du Faso","isPartOf":{"@id":"https:\/\/www.latribunedufaso.net\/#website"},"primaryImageOfPage":{"@id":"https:\/\/www.latribunedufaso.net\/?p=25229#primaryimage"},"image":{"@id":"https:\/\/www.latribunedufaso.net\/?p=25229#primaryimage"},"thumbnailUrl":"https:\/\/www.latribunedufaso.net\/wp-content\/uploads\/2025\/11\/IMG-20251129-WA0010.jpg","datePublished":"2025-11-28T15:44:00+00:00","dateModified":"2025-11-29T07:48:21+00:00","breadcrumb":{"@id":"https:\/\/www.latribunedufaso.net\/?p=25229#breadcrumb"},"inLanguage":"fr-FR","potentialAction":[{"@type":"ReadAction","target":["https:\/\/www.latribunedufaso.net\/?p=25229"]}]},{"@type":"ImageObject","inLanguage":"fr-FR","@id":"https:\/\/www.latribunedufaso.net\/?p=25229#primaryimage","url":"https:\/\/www.latribunedufaso.net\/wp-content\/uploads\/2025\/11\/IMG-20251129-WA0010.jpg","contentUrl":"https:\/\/www.latribunedufaso.net\/wp-content\/uploads\/2025\/11\/IMG-20251129-WA0010.jpg","width":1280,"height":960,"caption":"C\u00e9r\u00e9monie de lancement de la 2e \u00e9dition des Jeux miniers sportifs, 28 novembre 2025"},{"@type":"BreadcrumbList","@id":"https:\/\/www.latribunedufaso.net\/?p=25229#breadcrumb","itemListElement":[{"@type":"ListItem","position":1,"name":"Accueil","item":"https:\/\/www.latribunedufaso.net\/"},{"@type":"ListItem","position":2,"name":"Jeux miniers sportifs : Les acteurs misent sur le sport pour renforcer la coh\u00e9sion sociale\u00a0"}]},{"@type":"WebSite","@id":"https:\/\/www.latribunedufaso.net\/#website","url":"https:\/\/www.latribunedufaso.net\/","name":"La Tribune du Faso","description":"L&#039;information du monde rural en un clic","publisher":{"@id":"https:\/\/www.latribunedufaso.net\/#organization"},"potentialAction":[{"@type":"SearchAction","target":{"@type":"EntryPoint","urlTemplate":"https:\/\/www.latribunedufaso.net\/?s={search_term_string}"},"query-input":{"@type":"PropertyValueSpecification","valueRequired":true,"valueName":"search_term_string"}}],"inLanguage":"fr-FR"},{"@type":"Organization","@id":"https:\/\/www.latribunedufaso.net\/#organization","name":"La Tribune du Faso","url":"https:\/\/www.latribunedufaso.net\/","logo":{"@type":"ImageObject","inLanguage":"fr-FR","@id":"https:\/\/www.latribunedufaso.net\/#\/schema\/logo\/image\/","url":"https:\/\/www.latribunedufaso.net\/wp-content\/uploads\/2020\/08\/Logo-Tribune-du-Faso-final-scaled.jpg","contentUrl":"https:\/\/www.latribunedufaso.net\/wp-content\/uploads\/2020\/08\/Logo-Tribune-du-Faso-final-scaled.jpg","width":2560,"height":1856,"caption":"La Tribune du Faso"},"image":{"@id":"https:\/\/www.latribunedufaso.net\/#\/schema\/logo\/image\/"},"sameAs":["https:\/\/www.facebook.com\/LatribuneduFaso\/"]},{"@type":"Person","@id":"https:\/\/www.latribunedufaso.net\/#\/schema\/person\/e54e64c5778a7e72cf80a318b7a622b0","name":"Issouf Tapsoba","image":{"@type":"ImageObject","inLanguage":"fr-FR","@id":"https:\/\/secure.gravatar.com\/avatar\/5e6c05150ce3230247d167f5b94d678eb05936197436d69b7921e3a95c9107ac?s=96&d=mm&r=g","url":"https:\/\/secure.gravatar.com\/avatar\/5e6c05150ce3230247d167f5b94d678eb05936197436d69b7921e3a95c9107ac?s=96&d=mm&r=g","contentUrl":"https:\/\/secure.gravatar.com\/avatar\/5e6c05150ce3230247d167f5b94d678eb05936197436d69b7921e3a95c9107ac?s=96&d=mm&r=g","caption":"Issouf Tapsoba"},"url":"https:\/\/www.latribunedufaso.net\/?author=5"}]}},"_links":{"self":[{"href":"https:\/\/www.latribunedufaso.net\/index.php?rest_route=\/wp\/v2\/posts\/25229","targetHints":{"allow":["GET"]}}],"collection":[{"href":"https:\/\/www.latribunedufaso.net\/index.php?rest_route=\/wp\/v2\/posts"}],"about":[{"href":"https:\/\/www.latribunedufaso.net\/index.php?rest_route=\/wp\/v2\/types\/post"}],"author":[{"embeddable":true,"href":"https:\/\/www.latribunedufaso.net\/index.php?rest_route=\/wp\/v2\/users\/5"}],"replies":[{"embeddable":true,"href":"https:\/\/www.latribunedufaso.net\/index.php?rest_route=%2Fwp%2Fv2%2Fcomments&post=25229"}],"version-history":[{"count":3,"href":"https:\/\/www.latribunedufaso.net\/index.php?rest_route=\/wp\/v2\/posts\/25229\/revisions"}],"predecessor-version":[{"id":25240,"href":"https:\/\/www.latribunedufaso.net\/index.php?rest_route=\/wp\/v2\/posts\/25229\/revisions\/25240"}],"wp:featuredmedia":[{"embeddable":true,"href":"https:\/\/www.latribunedufaso.net\/index.php?rest_route=\/wp\/v2\/media\/25238"}],"wp:attachment":[{"href":"https:\/\/www.latribunedufaso.net\/index.php?rest_route=%2Fwp%2Fv2%2Fmedia&parent=25229"}],"wp:term":[{"taxonomy":"category","embeddable":true,"href":"https:\/\/www.latribunedufaso.net\/index.php?rest_route=%2Fwp%2Fv2%2Fcategories&post=25229"},{"taxonomy":"post_tag","embeddable":true,"href":"https:\/\/www.latribunedufaso.net\/index.php?rest_route=%2Fwp%2Fv2%2Ftags&post=25229"}],"curies":[{"name":"wp","href":"https:\/\/api.w.org\/{rel}","templated":true}]}}